{"id":99856,"date":"2020-11-12T18:40:23","date_gmt":"2020-11-12T21:40:23","guid":{"rendered":"https:\/\/www.suno.com.br\/noticias\/?p=99856"},"modified":"2020-11-12T20:04:33","modified_gmt":"2020-11-12T23:04:33","slug":"ibovespa-encerra-em-queda-de-220-a-102-507-pontos-com-avanco-da-covid","status":"publish","type":"post","link":"https:\/\/www.suno.com.br\/noticias\/ibovespa-encerra-em-queda-de-220-a-102-507-pontos-com-avanco-da-covid\/","title":{"rendered":"Ibovespa encerra em queda de 2,20% a 102.507 pontos, com avan\u00e7o da covid"},"content":{"rendered":"<p>O\u00a0<span style=\"font-weight: 700 !important;\"><a href=\"https:\/\/www.suno.com.br\/artigos\/ibovespa\/\">Ibovespa<\/a>\u00a0<\/span>encerrou o preg\u00e3o desta quinta-feira (12) em queda de 2,20%, a 102.507,008 pontos, de maneira semelhante \u00e0s bolsas no exterior, que revelam a preocupa\u00e7\u00e3o dos investidores com a nova onda da covid-19.<\/p>\t<div class=\"wrapper-featured-image\">\n\t\t<figure class=\"spotlightImg\">\n\n\t\t\t<picture>\n\t\t\t\t<source media=\"(max-width: 768px)\" srcset=\"https:\/\/files.sunoresearch.com.br\/n\/uploads\/2020\/11\/191b2a55-bolsa-800x450-3-400x200.webp\">\n\t\t\t\t<img loading=\"lazy\" decoding=\"async\" class=\"newsContent__article__imgCapa lazyloadDisabled \" src=\"https:\/\/files.sunoresearch.com.br\/n\/uploads\/2020\/11\/191b2a55-bolsa-800x450-3-jpg.webp\" width=\"800\" height=\"450\" alt=\"Ibovespa encerra em queda de 2,20% a 102.507 pontos, com avan\u00e7o da covid\" fetchpriority=high \/>\n\t\t\t<\/picture>\n\n\t\t\t<figcaption class=\"wp-caption-text wp-caption-text--show\">Do S&amp;P 500 ao FTSE 100, bolsas internacionais mostram os dois lados do cen\u00e1rio atual<\/figcaption>\n\t\t<\/figure>\n\t<\/div>\n\n\n\t<p>\n\t\t<a href=\"\" target=\"_blank\" data-element=\"shortcode-suno-banner\" title=\"Banner SUNO, clique e saiba mais\">\n\t\t\t<picture>\n\t\t\t\t<source media=\"(max-width: 500px)\" srcset=\"\">\n\t\t\t\t<img class=\"newsContent__article__imgCapa newsContent__article__imgCapa--banner\"\n\t\t\t\t\tsrc=\"\"\n\t\t\t\t\tdata-promo-id=\"97204\"\t\t\t\t\t\t\t\t\t\t\t\t\t\t\talt=\"\"\n\t\t\t\t>\n\t\t\t<\/picture>\n\t\t<\/a>\n\t<\/p>\n\n\n<p>Nesta manh\u00e3, o Ibovespa abriu de forma est\u00e1vel, em corre\u00e7\u00e3o ap\u00f3s o forte rali do in\u00edcio desta semana. As bolsas mundiais tamb\u00e9m operam em queda nesta manh\u00e3, atentas ao avan\u00e7o da pandemia do <a href=\"https:\/\/www.suno.com.br\/noticias\/?s=coronav%C3%ADrus\">novo coronav\u00edrus (Covid-19)<\/a>, sobretudo nos Estados Unidos, o que pode trazer novas implica\u00e7\u00f5es \u00e0 economia.<\/p>\n<p>A <strong>cota\u00e7\u00e3o do Ibovespa<\/strong>, por volta das 10h30, recuava 0,08%, para 104.762 pontos. Os investidores est\u00e3o cada vez mais preocupadas com os poss\u00edveis novos impactos da pandemia na economia. Na \u00faltima quarta-feira (11), o governador de Nova York, Andrew Cuomo, disse que bares, restaurantes e academia fecham \u00e0s 22h, e ressaltou que um novo aumento nos n\u00edveis de infec\u00e7\u00e3o podem levar a mais restri\u00e7\u00f5es.<\/p>\n<p><a href=\"https:\/\/lp.suno.com.br\/suno-one\/\">Conhe\u00e7a o Suno One, a central gratuita de informa\u00e7\u00f5es da Suno para quem quer aprender a investir. Acesse clicando aqui.<\/a><\/p>\n<p>Os casos do coronav\u00edrus nos <strong>Estados Unidos<\/strong> atingiram um novo recorde na \u00faltima quarta-feira, de 144 mil casos, com pelo menos nove estados registrando recordes em n\u00famero de casos. O n\u00famero de pacientes com Covid-19 em UTIs totalizaram 12.518 at\u00e9 a \u00faltima noite, maior patamar desde 5 de maio.<\/p>\n<p>Al\u00e9m disso, confira as principais not\u00edcias que movimentaram o mercado nessa quinta-feira:<\/p>\n<ul>\n<li>JBS (JBSS3) v\u00ea lucro saltar 778% para R$ 3,12 bilh\u00f5es no 3T20<\/li>\n<li>Arezzo (ARZZ3): Conselho aprova incorpora\u00e7\u00e3o da VQV e aumento de capital<\/li>\n<li>Eletrobras (ELET3) tem lucro l\u00edquido de R$ 96 milh\u00f5es no 3T20; queda de 87%<\/li>\n<\/ul>\n<h2>JBS<\/h2>\n<p>A<strong> JBS<\/strong> (<a href=\"https:\/\/www.suno.com.br\/acoes\/jbss3\/\" target=\"_blank\" rel=\"noopener noreferrer\">JBSS3<\/a>) viu seu <a href=\"https:\/\/www.suno.com.br\/artigos\/lucro-liquido\/\" target=\"_blank\" rel=\"noopener noreferrer\">lucro l\u00edquido<\/a> crescer quase 9 vezes no terceiro trimestre em rela\u00e7\u00e3o ao mesmo per\u00edodo do ano anterior, passando de R$ 356,7 milh\u00f5es para R$ 3,123 bilh\u00f5es. Foi uma alta de 778,2% na compara\u00e7\u00e3o anual.<br \/>\n\t<p>\n\t\t<a href=\"\" target=\"_blank\" data-element=\"shortcode-suno-banner\" title=\"Banner SUNO, clique e saiba mais\">\n\t\t\t<picture>\n\t\t\t\t<source media=\"(max-width: 500px)\" srcset=\"\">\n\t\t\t\t<img class=\"newsContent__article__imgCapa newsContent__article__imgCapa--banner\"\n\t\t\t\t\tsrc=\"\"\n\t\t\t\t\tdata-promo-id=\"92668\"\t\t\t\t\t\t\t\t\t\t\t\t\t\t\talt=\"\"\n\t\t\t\t>\n\t\t\t<\/picture>\n\t\t<\/a>\n\t<\/p>\n\n<br \/>\nO<a href=\"https:\/\/www.suno.com.br\/artigos\/ebitda\/\" target=\"_blank\" rel=\"noopener noreferrer\"> Ebitda<\/a> (lucro antes de juros, impostos, amortiza\u00e7\u00e3o e deprecia\u00e7\u00e3o) ajustado foi de R$ 7,9 bilh\u00f5es, alta de 35%. As unidades que mais impulsioram o Ebitda foram a JSB USA Pork, a Seara e a Pilgrim&#8217;s Pride Corporation (PPC).<\/p>\n\t<div data-element=\"shortcode-read-more\" class=\"knowMore\">\n\t\t\t\t<span class=\"knowMore__title\">Saiba mais<\/span>\n\t\t\t\t<a class=\"knowMore__link\" href=\"https:\/\/www.suno.com.br\/noticias\/jbs-jbss3-lucro-saltar\/\">\n\t\t\tJBS (JBSS3) v\u00ea lucro saltar 778% para R$ 3,12 bilh\u00f5es no 3T20\t\t<\/a>\n\t<\/div>\n\n\n<p>J\u00e1 a <a href=\"https:\/\/www.suno.com.br\/artigos\/o-que-receita-liquida\/\" target=\"_blank\" rel=\"noopener noreferrer\">receita l\u00edquida<\/a> cresceu 34,3% para R$ 70,1 bilh\u00f5es. No <strong>trimestre<\/strong>, cerca de 74% das vendas globais da empresa foram realizadas nos mercados dom\u00e9sticos onde atua, e 26% por meio de exporta\u00e7\u00f5es.<\/p>\n<p>A JBS terminou o terceiro trimestre com R$ 22,3 bilh\u00f5es em caixa. Al\u00e9m disso, informou que a JBS USA tem IS$ 1,6 bilh\u00e3o dispon\u00edvel em linhas de <strong>cr\u00e9dito<\/strong> rotativas e garantidas. Isso resulta em disponibilidade total de R$ 31,2 bilh\u00f5es.<\/p>\n<h2>Arezzo<\/h2>\n<p>A <a href=\"https:\/\/www.suno.com.br\/acoes\/arzz3\/\"><strong>Arezzo<\/strong> (ARZZ3)<\/a> comunicou ao mercado que seu conselho de administra\u00e7\u00e3o aprovou a compra da VamoqueVamo (VQV), controladora da empresa de moda Reserva. A opera\u00e7\u00e3o acontecer\u00e1 por meio de incorpora\u00e7\u00e3o de <a href=\"https:\/\/www.suno.com.br\/artigos\/tipos-de-acoes\/\">a\u00e7\u00f5es<\/a> de emiss\u00e3o da VQV pela companhia.<\/p>\n<p>O conselho da Arezzo tamb\u00e9m aprovou o aumento de capital decorrente da i<strong>ncorpora\u00e7\u00e3o dos pap\u00e9is<\/strong> da VQV. Dessa forma, o <a href=\"https:\/\/www.suno.com.br\/artigos\/capital-social\/\">capital social<\/a> da companhia ser\u00e1 aumentado no montante de R$ 456 milh\u00f5es, mediante a emiss\u00e3o de 8,6 milh\u00f5es de novas <strong>a\u00e7\u00f5es ordin\u00e1rias<\/strong> pelo pre\u00e7o de emiss\u00e3o de R$ 52,55 por a\u00e7\u00e3o.<\/p>\n\t<div data-element=\"shortcode-read-more\" class=\"knowMore\">\n\t\t\t\t<span class=\"knowMore__title\">Saiba mais<\/span>\n\t\t\t\t<a class=\"knowMore__link\" href=\"https:\/\/www.suno.com.br\/noticias\/arezzo-arzz3-reserva-vamoquevamo-aumento-capital\/\">\n\t\t\tArezzo (ARZZ3): Conselho aprova incorpora\u00e7\u00e3o da VQV e aumento de capital\t\t<\/a>\n\t<\/div>\n\n\n<p>&#8220;Caso seja aprovada a incorpora\u00e7\u00e3o das <strong>a\u00e7\u00f5es<\/strong>, ser\u00e1 assegurado aos acionistas da companhia que n\u00e3o aprovarem a incorpora\u00e7\u00e3o, com a consequente convers\u00e3o da VQV em subsidi\u00e1ria integral da companhia, seja por dissen\u00e7\u00e3o, absten\u00e7\u00e3o ou n\u00e3o comparecimento, o direito de retirarem-se da companhia&#8221;.<\/p>\n<h2>Eletrobras<\/h2>\n<p>A <a href=\"https:\/\/www.suno.com.br\/acoes\/elet3\/\"><strong>Eletrobras<\/strong> (ELET3)<\/a> apresentou, na noite da \u00faltima quarta-feira (11), seus resultados do terceiro trimestre. A companhia obteve um <a href=\"https:\/\/www.suno.com.br\/artigos\/lucro-liquido\/\">lucro l\u00edquido<\/a> de R$ 96 milh\u00f5es no per\u00edodo entre julho e setembro, uma queda de 87% sobre o registrado no mesmo per\u00edodo do ano passado, R$ 716 milh\u00f5es.<\/p>\n<p>A <a href=\"https:\/\/www.suno.com.br\/artigos\/receita-liquida-operacional\/\">receita operacional l\u00edquida<\/a> da Eletrobras passou de R$ 7,32 bilh\u00f5es no terceiro trimestre do ano passado para R$ 7,43 bilh\u00f5es no mesmo per\u00edodo deste ano, equivalente a um crescimento de 1,5%. Segundo a empresa, o resultado foi beneficiado pelo efeito positivo da <strong>receita de transmiss\u00e3o<\/strong>, sobretudo de RBNI, no montante de R$ 819 milh\u00f5es, em decorr\u00eancia da Revis\u00e3o Tarif\u00e1rio Peri\u00f3dica.<\/p>\n\t<div data-element=\"shortcode-read-more\" class=\"knowMore\">\n\t\t\t\t<span class=\"knowMore__title\">Saiba mais<\/span>\n\t\t\t\t<a class=\"knowMore__link\" href=\"https:\/\/www.suno.com.br\/noticias\/eletrobras-elet3-lucro-liquido-3t20\/\">\n\t\t\tEletrobras (ELET3) tem lucro l\u00edquido de R$ 96 milh\u00f5es no 3T20; queda de 87%\t\t<\/a>\n\t<\/div>\n\n\n<p>O <a href=\"https:\/\/www.suno.com.br\/artigos\/ebitda\/\"><strong>Ebitda<\/strong> (lucro antes de juros, impostos, deprecia\u00e7\u00e3o e amortiza\u00e7\u00e3o)<\/a> ficou em R$ 1,95 bilh\u00e3o no terceiro trimestre deste ano, enquanto entre julho e setembro do ano passado foi de R$ 2,76 bilh\u00f5es, perfazendo uma baixa de 29%. Com isso, a margem Ebitda ficou em 26%, enquanto na compara\u00e7\u00e3o anualizada era de 38%.<\/p>\n<h2>Al\u00e9m do Ibovespa: Bolsas no exterior<\/h2>\n<p>Al\u00e9m da <strong>cota\u00e7\u00e3o<\/strong> <strong>do<\/strong> <strong>Ibovespa<\/strong>, confira o desempenho dos principais \u00edndices acion\u00e1rios no exterior:<\/p>\n<ul>\n<li>Londres (<a href=\"https:\/\/www.suno.com.br\/artigos\/ftse-100\/\">FTSE 100<\/a>): -0,68% a 6.338,94 pontos<\/li>\n<li>Frankfurt (<a href=\"https:\/\/www.suno.com.br\/artigos\/dax-30\/\">DAX 30)<\/a>: -1,24% a 13.052,95 pontos<\/li>\n<li>Paris (<a href=\"https:\/\/www.suno.com.br\/artigos\/cac-40\/\">CAC 40<\/a>): -1,52% a 5.362,57 pontos<\/li>\n<li>Mil\u00e3o (FTSE\/MIB): -0,83% a 20.817,73 pontos<\/li>\n<li>Nova York (<a href=\"https:\/\/www.suno.com.br\/artigos\/sp-500\/\">S&amp;P 500<\/a>):\u00a0 -1,00% a 3.537,01 pontos<\/li>\n<\/ul>\n<h2>\u00daltima cota\u00e7\u00e3o do Ibovespa<\/h2>\n<p>O <strong>Ibovespa <\/strong>encerrou as negocia\u00e7\u00f5es na \u00faltima\u00a0quarta-feira com uma leve baixa de 0,25%, a 104.808,83 pontos.<\/p>\n\t<p>\n\t\t<a href=\"https:\/\/lp.suno.com.br\/planilha-de-controle-de-investimentos\/\" target=\"_blank\" data-element=\"shortcode-suno-banner\" title=\"Banner SUNO, clique e saiba mais\">\n\t\t\t<picture>\n\t\t\t\t<source media=\"(max-width: 500px)\" srcset=\"https:\/\/files.sunoresearch.com.br\/n\/uploads\/2023\/03\/400x300-Controle-de-Investimentos.png\">\n\t\t\t\t<img class=\"newsContent__article__imgCapa newsContent__article__imgCapa--banner\"\n\t\t\t\t\tsrc=\"https:\/\/files.sunoresearch.com.br\/n\/uploads\/2023\/03\/1420x240-Controle-de-Investimentos.png\"\n\t\t\t\t\tdata-promo-id=\"75934\"\t\t\t\t\t\t\t\t\t\twidth='1420' height='240'\t\t\t\t\talt=\"https:\/\/files.sunoresearch.com.br\/n\/uploads\/2023\/03\/1420x240-Controle-de-Investimentos.png\"\n\t\t\t\t>\n\t\t\t<\/picture>\n\t\t<\/a>\n\t<\/p>\n\n\n","protected":false},"excerpt":{"rendered":"<p>O\u00a0Ibovespa\u00a0encerrou o preg\u00e3o desta quinta-feira (12) em queda de 2,20%, a 102.507,008 pontos, de maneira semelhante \u00e0s bolsas no exterior, que revelam a preocupa\u00e7\u00e3o dos investidores com a nova onda da covid-19. Do S&amp;P 500 ao FTSE 100, bolsas internacionais mostram os dois lados do cen\u00e1rio atual Nesta manh\u00e3, o Ibovespa abriu de forma est\u00e1vel, [&hellip;]<\/p>\n","protected":false},"author":56,"featured_media":99891,"comment_status":"closed","ping_status":"closed","sticky":false,"template":"","format":"standard","meta":[],"categories":[60],"tags":[362,721,521],"suno_strategy":[],"class_list":["post-99856","post","type-post","status-publish","format-standard","has-post-thumbnail","hentry","category-mercado","tag-arezzo-arzz3","tag-ibovespa","tag-jbs-jbss3"],"yoast_head":"<!-- This site is optimized with the Yoast SEO plugin v24.4 - https:\/\/yoast.com\/wordpress\/plugins\/seo\/ -->\n<title>Ibovespa encerra em queda de 2,20% a 102.507 pontos, com covid<\/title>\n<meta name=\"description\" content=\"Nesta manh\u00e3, o Ibovespa abriu de forma est\u00e1vel, em corre\u00e7\u00e3o ap\u00f3s o forte rali do in\u00edcio desta semana. Clique aqui para saber mais.\" \/>\n<meta name=\"robots\" content=\"index, follow, max-snippet:-1, max-image-preview:large, max-video-preview:-1\" \/>\n<link rel=\"canonical\" href=\"https:\/\/www.suno.com.br\/noticias\/ibovespa-encerra-em-queda-de-220-a-102-507-pontos-com-avanco-da-covid\/\" \/>\n<meta property=\"og:locale\" content=\"pt_BR\" \/>\n<meta property=\"og:type\" content=\"article\" \/>\n<meta property=\"og:title\" content=\"Ibovespa encerra em queda de 2,20% a 102.507 pontos, com covid\" \/>\n<meta property=\"og:description\" content=\"Nesta manh\u00e3, o Ibovespa abriu de forma est\u00e1vel, em corre\u00e7\u00e3o ap\u00f3s o forte rali do in\u00edcio desta semana. Clique aqui para saber mais.\" \/>\n<meta property=\"og:url\" content=\"https:\/\/www.suno.com.br\/noticias\/ibovespa-encerra-em-queda-de-220-a-102-507-pontos-com-avanco-da-covid\/\" \/>\n<meta property=\"og:site_name\" content=\"Suno Not\u00edcias\" \/>\n<meta property=\"article:publisher\" content=\"https:\/\/facebook.com\/sunoresearch\" \/>\n<meta property=\"og:image\" content=\"https:\/\/files.sunoresearch.com.br\/n\/uploads\/2020\/11\/191b2a55-bolsa-800x450-3.jpg\" \/>\n\t<meta property=\"og:image:width\" content=\"800\" \/>\n\t<meta property=\"og:image:height\" content=\"450\" \/>\n\t<meta property=\"og:image:type\" content=\"image\/jpeg\" \/>\n<meta name=\"author\" content=\"Rafaela La Regina\" \/>\n<meta name=\"twitter:card\" content=\"summary_large_image\" \/>\n<meta name=\"twitter:creator\" content=\"@sunoresearch\" \/>\n<meta name=\"twitter:site\" content=\"@sunoresearch\" \/>\n<meta name=\"twitter:label1\" content=\"Escrito por\" \/>\n\t<meta name=\"twitter:data1\" content=\"Rafaela La Regina\" \/>\n\t<meta name=\"twitter:label2\" content=\"Est. tempo de leitura\" \/>\n\t<meta name=\"twitter:data2\" content=\"4 minutos\" \/>\n<script type=\"application\/ld+json\" class=\"yoast-schema-graph\">{\"@context\":\"https:\/\/schema.org\",\"@graph\":[{\"@type\":\"NewsArticle\",\"@id\":\"https:\/\/www.suno.com.br\/noticias\/ibovespa-encerra-em-queda-de-220-a-102-507-pontos-com-avanco-da-covid\/#article\",\"isPartOf\":{\"@id\":\"https:\/\/www.suno.com.br\/noticias\/ibovespa-encerra-em-queda-de-220-a-102-507-pontos-com-avanco-da-covid\/\"},\"author\":{\"name\":\"Rafaela La Regina\",\"@id\":\"https:\/\/www.suno.com.br\/noticias\/#\/schema\/person\/e672ca8cea627fe715fa29bca7da95e0\"},\"headline\":\"Ibovespa encerra em queda de 2,20% a 102.507 pontos, com avan\u00e7o da covid\",\"datePublished\":\"2020-11-12T21:40:23+00:00\",\"dateModified\":\"2020-11-12T23:04:33+00:00\",\"mainEntityOfPage\":{\"@id\":\"https:\/\/www.suno.com.br\/noticias\/ibovespa-encerra-em-queda-de-220-a-102-507-pontos-com-avanco-da-covid\/\"},\"wordCount\":876,\"publisher\":{\"@id\":\"https:\/\/www.suno.com.br\/noticias\/#organization\"},\"image\":{\"@id\":\"https:\/\/www.suno.com.br\/noticias\/ibovespa-encerra-em-queda-de-220-a-102-507-pontos-com-avanco-da-covid\/#primaryimage\"},\"thumbnailUrl\":\"https:\/\/files.sunoresearch.com.br\/n\/uploads\/2020\/11\/191b2a55-bolsa-800x450-3-jpg.webp\",\"keywords\":[\"Arezzo (ARZZ3)\",\"Ibovespa\",\"JBS (JBSS3)\"],\"articleSection\":[\"Mercado\"],\"inLanguage\":\"pt-BR\"},{\"@type\":\"WebPage\",\"@id\":\"https:\/\/www.suno.com.br\/noticias\/ibovespa-encerra-em-queda-de-220-a-102-507-pontos-com-avanco-da-covid\/\",\"url\":\"https:\/\/www.suno.com.br\/noticias\/ibovespa-encerra-em-queda-de-220-a-102-507-pontos-com-avanco-da-covid\/\",\"name\":\"Ibovespa encerra em queda de 2,20% a 102.507 pontos, com covid\",\"isPartOf\":{\"@id\":\"https:\/\/www.suno.com.br\/noticias\/#website\"},\"primaryImageOfPage\":{\"@id\":\"https:\/\/www.suno.com.br\/noticias\/ibovespa-encerra-em-queda-de-220-a-102-507-pontos-com-avanco-da-covid\/#primaryimage\"},\"image\":{\"@id\":\"https:\/\/www.suno.com.br\/noticias\/ibovespa-encerra-em-queda-de-220-a-102-507-pontos-com-avanco-da-covid\/#primaryimage\"},\"thumbnailUrl\":\"https:\/\/files.sunoresearch.com.br\/n\/uploads\/2020\/11\/191b2a55-bolsa-800x450-3-jpg.webp\",\"datePublished\":\"2020-11-12T21:40:23+00:00\",\"dateModified\":\"2020-11-12T23:04:33+00:00\",\"description\":\"Nesta manh\u00e3, o Ibovespa abriu de forma est\u00e1vel, em corre\u00e7\u00e3o ap\u00f3s o forte rali do in\u00edcio desta semana. Clique aqui para saber mais.\",\"breadcrumb\":{\"@id\":\"https:\/\/www.suno.com.br\/noticias\/ibovespa-encerra-em-queda-de-220-a-102-507-pontos-com-avanco-da-covid\/#breadcrumb\"},\"inLanguage\":\"pt-BR\",\"potentialAction\":[{\"@type\":\"ReadAction\",\"target\":[\"https:\/\/www.suno.com.br\/noticias\/ibovespa-encerra-em-queda-de-220-a-102-507-pontos-com-avanco-da-covid\/\"]}]},{\"@type\":\"ImageObject\",\"inLanguage\":\"pt-BR\",\"@id\":\"https:\/\/www.suno.com.br\/noticias\/ibovespa-encerra-em-queda-de-220-a-102-507-pontos-com-avanco-da-covid\/#primaryimage\",\"url\":\"https:\/\/files.sunoresearch.com.br\/n\/uploads\/2020\/11\/191b2a55-bolsa-800x450-3-jpg.webp\",\"contentUrl\":\"https:\/\/files.sunoresearch.com.br\/n\/uploads\/2020\/11\/191b2a55-bolsa-800x450-3-jpg.webp\",\"width\":800,\"height\":450,\"caption\":\"Do S&P 500 ao FTSE 100, bolsas internacionais mostram os dois lados do cen\u00e1rio atual\"},{\"@type\":\"BreadcrumbList\",\"@id\":\"https:\/\/www.suno.com.br\/noticias\/ibovespa-encerra-em-queda-de-220-a-102-507-pontos-com-avanco-da-covid\/#breadcrumb\",\"itemListElement\":[{\"@type\":\"ListItem\",\"position\":1,\"name\":\"Not\u00edcias\",\"item\":\"https:\/\/www.suno.com.br\/noticias\/\"},{\"@type\":\"ListItem\",\"position\":2,\"name\":\"Mercado\",\"item\":\"https:\/\/www.suno.com.br\/noticias\/mercado\/\"},{\"@type\":\"ListItem\",\"position\":3,\"name\":\"Ibovespa encerra em queda de 2,20% a 102.507 pontos, com avan\u00e7o da covid\"}]},{\"@type\":\"WebSite\",\"@id\":\"https:\/\/www.suno.com.br\/noticias\/#website\",\"url\":\"https:\/\/www.suno.com.br\/noticias\/\",\"name\":\"Suno Not\u00edcias\",\"description\":\"Seu portal de informa\u00e7\u00e3o sobre o mundo dos investimentos\",\"publisher\":{\"@id\":\"https:\/\/www.suno.com.br\/noticias\/#organization\"},\"potentialAction\":[{\"@type\":\"SearchAction\",\"target\":{\"@type\":\"EntryPoint\",\"urlTemplate\":\"https:\/\/www.suno.com.br\/noticias\/?s={search_term_string}\"},\"query-input\":{\"@type\":\"PropertyValueSpecification\",\"valueRequired\":true,\"valueName\":\"search_term_string\"}}],\"inLanguage\":\"pt-BR\"},{\"@type\":\"Organization\",\"@id\":\"https:\/\/www.suno.com.br\/noticias\/#organization\",\"name\":\"Suno Not\u00edcias\",\"url\":\"https:\/\/www.suno.com.br\/noticias\/\",\"logo\":{\"@type\":\"ImageObject\",\"inLanguage\":\"pt-BR\",\"@id\":\"https:\/\/www.suno.com.br\/noticias\/#\/schema\/logo\/image\/\",\"url\":\"https:\/\/files.sunoresearch.com.br\/n\/uploads\/2021\/09\/suno-logo.png\",\"contentUrl\":\"https:\/\/files.sunoresearch.com.br\/n\/uploads\/2021\/09\/suno-logo.png\",\"width\":180,\"height\":180,\"caption\":\"Suno Not\u00edcias\"},\"image\":{\"@id\":\"https:\/\/www.suno.com.br\/noticias\/#\/schema\/logo\/image\/\"},\"sameAs\":[\"https:\/\/facebook.com\/sunoresearch\",\"https:\/\/x.com\/sunoresearch\",\"https:\/\/www.instagram.com\/suno\",\"https:\/\/www.linkedin.com\/company\/suno-research\/\",\"https:\/\/www.youtube.com\/c\/sunoresearch\"]},{\"@type\":\"Person\",\"@id\":\"https:\/\/www.suno.com.br\/noticias\/#\/schema\/person\/e672ca8cea627fe715fa29bca7da95e0\",\"name\":\"Rafaela La Regina\",\"image\":{\"@type\":\"ImageObject\",\"inLanguage\":\"pt-BR\",\"@id\":\"https:\/\/www.suno.com.br\/noticias\/#\/schema\/person\/image\/\",\"url\":\"https:\/\/secure.gravatar.com\/avatar\/d2c75a52d243deb93d0465fdcb21bd37?s=96&r=g\",\"contentUrl\":\"https:\/\/secure.gravatar.com\/avatar\/d2c75a52d243deb93d0465fdcb21bd37?s=96&r=g\",\"caption\":\"Rafaela La Regina\"},\"description\":\"Estagi\u00e1ria no Suno Not\u00edcias. Escreve sobre economia, pol\u00edtica e neg\u00f3cios. Estuda Rela\u00e7\u00f5es Internacionais no IBMEC-SP.\",\"url\":\"https:\/\/www.suno.com.br\/noticias\/author\/rafaela-la-regina\/\"}]}<\/script>\n<!-- \/ Yoast SEO plugin. -->","yoast_head_json":{"title":"Ibovespa encerra em queda de 2,20% a 102.507 pontos, com covid","description":"Nesta manh\u00e3, o Ibovespa abriu de forma est\u00e1vel, em corre\u00e7\u00e3o ap\u00f3s o forte rali do in\u00edcio desta semana. Clique aqui para saber mais.","robots":{"index":"index","follow":"follow","max-snippet":"max-snippet:-1","max-image-preview":"max-image-preview:large","max-video-preview":"max-video-preview:-1"},"canonical":"https:\/\/www.suno.com.br\/noticias\/ibovespa-encerra-em-queda-de-220-a-102-507-pontos-com-avanco-da-covid\/","og_locale":"pt_BR","og_type":"article","og_title":"Ibovespa encerra em queda de 2,20% a 102.507 pontos, com covid","og_description":"Nesta manh\u00e3, o Ibovespa abriu de forma est\u00e1vel, em corre\u00e7\u00e3o ap\u00f3s o forte rali do in\u00edcio desta semana. Clique aqui para saber mais.","og_url":"https:\/\/www.suno.com.br\/noticias\/ibovespa-encerra-em-queda-de-220-a-102-507-pontos-com-avanco-da-covid\/","og_site_name":"Suno Not\u00edcias","article_publisher":"https:\/\/facebook.com\/sunoresearch","og_image":[{"width":800,"height":450,"url":"https:\/\/files.sunoresearch.com.br\/n\/uploads\/2020\/11\/191b2a55-bolsa-800x450-3.jpg","type":"image\/jpeg"}],"author":"Rafaela La Regina","twitter_card":"summary_large_image","twitter_creator":"@sunoresearch","twitter_site":"@sunoresearch","twitter_misc":{"Escrito por":"Rafaela La Regina","Est. tempo de leitura":"4 minutos"},"schema":{"@context":"https:\/\/schema.org","@graph":[{"@type":"NewsArticle","@id":"https:\/\/www.suno.com.br\/noticias\/ibovespa-encerra-em-queda-de-220-a-102-507-pontos-com-avanco-da-covid\/#article","isPartOf":{"@id":"https:\/\/www.suno.com.br\/noticias\/ibovespa-encerra-em-queda-de-220-a-102-507-pontos-com-avanco-da-covid\/"},"author":{"name":"Rafaela La Regina","@id":"https:\/\/www.suno.com.br\/noticias\/#\/schema\/person\/e672ca8cea627fe715fa29bca7da95e0"},"headline":"Ibovespa encerra em queda de 2,20% a 102.507 pontos, com avan\u00e7o da covid","datePublished":"2020-11-12T21:40:23+00:00","dateModified":"2020-11-12T23:04:33+00:00","mainEntityOfPage":{"@id":"https:\/\/www.suno.com.br\/noticias\/ibovespa-encerra-em-queda-de-220-a-102-507-pontos-com-avanco-da-covid\/"},"wordCount":876,"publisher":{"@id":"https:\/\/www.suno.com.br\/noticias\/#organization"},"image":{"@id":"https:\/\/www.suno.com.br\/noticias\/ibovespa-encerra-em-queda-de-220-a-102-507-pontos-com-avanco-da-covid\/#primaryimage"},"thumbnailUrl":"https:\/\/files.sunoresearch.com.br\/n\/uploads\/2020\/11\/191b2a55-bolsa-800x450-3-jpg.webp","keywords":["Arezzo (ARZZ3)","Ibovespa","JBS (JBSS3)"],"articleSection":["Mercado"],"inLanguage":"pt-BR"},{"@type":"WebPage","@id":"https:\/\/www.suno.com.br\/noticias\/ibovespa-encerra-em-queda-de-220-a-102-507-pontos-com-avanco-da-covid\/","url":"https:\/\/www.suno.com.br\/noticias\/ibovespa-encerra-em-queda-de-220-a-102-507-pontos-com-avanco-da-covid\/","name":"Ibovespa encerra em queda de 2,20% a 102.507 pontos, com covid","isPartOf":{"@id":"https:\/\/www.suno.com.br\/noticias\/#website"},"primaryImageOfPage":{"@id":"https:\/\/www.suno.com.br\/noticias\/ibovespa-encerra-em-queda-de-220-a-102-507-pontos-com-avanco-da-covid\/#primaryimage"},"image":{"@id":"https:\/\/www.suno.com.br\/noticias\/ibovespa-encerra-em-queda-de-220-a-102-507-pontos-com-avanco-da-covid\/#primaryimage"},"thumbnailUrl":"https:\/\/files.sunoresearch.com.br\/n\/uploads\/2020\/11\/191b2a55-bolsa-800x450-3-jpg.webp","datePublished":"2020-11-12T21:40:23+00:00","dateModified":"2020-11-12T23:04:33+00:00","description":"Nesta manh\u00e3, o Ibovespa abriu de forma est\u00e1vel, em corre\u00e7\u00e3o ap\u00f3s o forte rali do in\u00edcio desta semana. Clique aqui para saber mais.","breadcrumb":{"@id":"https:\/\/www.suno.com.br\/noticias\/ibovespa-encerra-em-queda-de-220-a-102-507-pontos-com-avanco-da-covid\/#breadcrumb"},"inLanguage":"pt-BR","potentialAction":[{"@type":"ReadAction","target":["https:\/\/www.suno.com.br\/noticias\/ibovespa-encerra-em-queda-de-220-a-102-507-pontos-com-avanco-da-covid\/"]}]},{"@type":"ImageObject","inLanguage":"pt-BR","@id":"https:\/\/www.suno.com.br\/noticias\/ibovespa-encerra-em-queda-de-220-a-102-507-pontos-com-avanco-da-covid\/#primaryimage","url":"https:\/\/files.sunoresearch.com.br\/n\/uploads\/2020\/11\/191b2a55-bolsa-800x450-3-jpg.webp","contentUrl":"https:\/\/files.sunoresearch.com.br\/n\/uploads\/2020\/11\/191b2a55-bolsa-800x450-3-jpg.webp","width":800,"height":450,"caption":"Do S&P 500 ao FTSE 100, bolsas internacionais mostram os dois lados do cen\u00e1rio atual"},{"@type":"BreadcrumbList","@id":"https:\/\/www.suno.com.br\/noticias\/ibovespa-encerra-em-queda-de-220-a-102-507-pontos-com-avanco-da-covid\/#breadcrumb","itemListElement":[{"@type":"ListItem","position":1,"name":"Not\u00edcias","item":"https:\/\/www.suno.com.br\/noticias\/"},{"@type":"ListItem","position":2,"name":"Mercado","item":"https:\/\/www.suno.com.br\/noticias\/mercado\/"},{"@type":"ListItem","position":3,"name":"Ibovespa encerra em queda de 2,20% a 102.507 pontos, com avan\u00e7o da covid"}]},{"@type":"WebSite","@id":"https:\/\/www.suno.com.br\/noticias\/#website","url":"https:\/\/www.suno.com.br\/noticias\/","name":"Suno Not\u00edcias","description":"Seu portal de informa\u00e7\u00e3o sobre o mundo dos investimentos","publisher":{"@id":"https:\/\/www.suno.com.br\/noticias\/#organization"},"potentialAction":[{"@type":"SearchAction","target":{"@type":"EntryPoint","urlTemplate":"https:\/\/www.suno.com.br\/noticias\/?s={search_term_string}"},"query-input":{"@type":"PropertyValueSpecification","valueRequired":true,"valueName":"search_term_string"}}],"inLanguage":"pt-BR"},{"@type":"Organization","@id":"https:\/\/www.suno.com.br\/noticias\/#organization","name":"Suno Not\u00edcias","url":"https:\/\/www.suno.com.br\/noticias\/","logo":{"@type":"ImageObject","inLanguage":"pt-BR","@id":"https:\/\/www.suno.com.br\/noticias\/#\/schema\/logo\/image\/","url":"https:\/\/files.sunoresearch.com.br\/n\/uploads\/2021\/09\/suno-logo.png","contentUrl":"https:\/\/files.sunoresearch.com.br\/n\/uploads\/2021\/09\/suno-logo.png","width":180,"height":180,"caption":"Suno Not\u00edcias"},"image":{"@id":"https:\/\/www.suno.com.br\/noticias\/#\/schema\/logo\/image\/"},"sameAs":["https:\/\/facebook.com\/sunoresearch","https:\/\/x.com\/sunoresearch","https:\/\/www.instagram.com\/suno","https:\/\/www.linkedin.com\/company\/suno-research\/","https:\/\/www.youtube.com\/c\/sunoresearch"]},{"@type":"Person","@id":"https:\/\/www.suno.com.br\/noticias\/#\/schema\/person\/e672ca8cea627fe715fa29bca7da95e0","name":"Rafaela La Regina","image":{"@type":"ImageObject","inLanguage":"pt-BR","@id":"https:\/\/www.suno.com.br\/noticias\/#\/schema\/person\/image\/","url":"https:\/\/secure.gravatar.com\/avatar\/d2c75a52d243deb93d0465fdcb21bd37?s=96&r=g","contentUrl":"https:\/\/secure.gravatar.com\/avatar\/d2c75a52d243deb93d0465fdcb21bd37?s=96&r=g","caption":"Rafaela La Regina"},"description":"Estagi\u00e1ria no Suno Not\u00edcias. Escreve sobre economia, pol\u00edtica e neg\u00f3cios. Estuda Rela\u00e7\u00f5es Internacionais no IBMEC-SP.","url":"https:\/\/www.suno.com.br\/noticias\/author\/rafaela-la-regina\/"}]}},"default_loop_html":"<div class=\"cardsPage__listCard__boxs\"><div class=\"cardsPage__listCard__boxs__img\"><a href=\"https:\/\/www.suno.com.br\/noticias\/ibovespa-encerra-em-queda-de-220-a-102-507-pontos-com-avanco-da-covid\/\"><img class=\"mask\" src=\"https:\/\/www.suno.com.br\/noticias\/wp-content\/themes\/suno\/resources\/images\/spotlight\/spotlight1img\/bg-mask.png\" alt=\"Image Mask\"\/><img src=\"https:\/\/files.sunoresearch.com.br\/n\/uploads\/2020\/11\/191b2a55-bolsa-800x450-3-400x200.webp\" alt=\"Ibovespa encerra em queda de 2,20% a 102.507 pontos, com avan\u00e7o da covid\"\/><\/a><span class=\"spotlightCategory\"><a href=\"https:\/\/www.suno.com.br\/noticias\/mercado\/\">Mercado<\/a><\/span><\/div><div class=\"cardsPage__listCard__boxs__content\"><a href=\"https:\/\/www.suno.com.br\/noticias\/ibovespa-encerra-em-queda-de-220-a-102-507-pontos-com-avanco-da-covid\/\"><h2 class=\"content__title\">Ibovespa encerra em queda de 2,20% a 102.507 pontos, com avan\u00e7o da covid<\/h2><\/a><div class=\"newsContent__article__meta\"><div class=\"newsContent__article__meta__authorBox\"><a href=\"https:\/\/www.suno.com.br\/noticias\/author\/rafaela-la-regina\/\" class=\"authorBox__avatar noMobi\"><img src=\"https:\/\/secure.gravatar.com\/avatar\/d2c75a52d243deb93d0465fdcb21bd37?s=96&#038;r=g\" alt=\"Rafaela La Regina\"><\/a><div class=\"authorBox__name\"><span>por\n\t\t\t<a href=\"https:\/\/www.suno.com.br\/noticias\/author\/rafaela-la-regina\/\"><span itemprop=\"author\">Rafaela La Regina<\/span><\/a><\/span><time datetime=\"2020-11-12T18:40:23-03:00\" itemprop=\"datePublished\">12\/11\/2020 18:40<\/time><\/div><\/div><\/div><\/div><\/div>","single_layout":"posts","amp_enabled":true,"_links":{"self":[{"href":"https:\/\/www.suno.com.br\/noticias\/wp-json\/wp\/v2\/posts\/99856"}],"collection":[{"href":"https:\/\/www.suno.com.br\/noticias\/wp-json\/wp\/v2\/posts"}],"about":[{"href":"https:\/\/www.suno.com.br\/noticias\/wp-json\/wp\/v2\/types\/post"}],"author":[{"embeddable":true,"href":"https:\/\/www.suno.com.br\/noticias\/wp-json\/wp\/v2\/users\/56"}],"replies":[{"embeddable":true,"href":"https:\/\/www.suno.com.br\/noticias\/wp-json\/wp\/v2\/comments?post=99856"}],"version-history":[{"count":0,"href":"https:\/\/www.suno.com.br\/noticias\/wp-json\/wp\/v2\/posts\/99856\/revisions"}],"wp:featuredmedia":[{"embeddable":true,"href":"https:\/\/www.suno.com.br\/noticias\/wp-json\/wp\/v2\/media\/99891"}],"wp:attachment":[{"href":"https:\/\/www.suno.com.br\/noticias\/wp-json\/wp\/v2\/media?parent=99856"}],"wp:term":[{"taxonomy":"category","embeddable":true,"href":"https:\/\/www.suno.com.br\/noticias\/wp-json\/wp\/v2\/categories?post=99856"},{"taxonomy":"post_tag","embeddable":true,"href":"https:\/\/www.suno.com.br\/noticias\/wp-json\/wp\/v2\/tags?post=99856"},{"taxonomy":"suno_strategy","embeddable":true,"href":"https:\/\/www.suno.com.br\/noticias\/wp-json\/wp\/v2\/suno_strategy?post=99856"}],"curies":[{"name":"wp","href":"https:\/\/api.w.org\/{rel}","templated":true}]}}