{"id":99848,"date":"2020-11-12T17:34:45","date_gmt":"2020-11-12T20:34:45","guid":{"rendered":"https:\/\/www.suno.com.br\/noticias\/?p=99848"},"modified":"2021-05-29T20:31:35","modified_gmt":"2021-05-29T23:31:35","slug":"dolar-fecha-alta-exterior-fiscal-12112020","status":"publish","type":"post","link":"https:\/\/www.suno.com.br\/noticias\/dolar-fecha-alta-exterior-fiscal-12112020\/","title":{"rendered":"D\u00f3lar emenda alta e sobe 1,14%, a R$ 5,478, com fiscal e exterior arisco"},"content":{"rendered":"<p>O <a href=\"https:\/\/www.suno.com.br\/artigos\/dolar\/\"><strong>d\u00f3lar hoje<\/strong><\/a> encerrou a sess\u00e3o desta quinta-feira (12) em alta de 1,14%, cotado a R$ 5,478 na venda, em rea\u00e7\u00e3o \u00e0 piora dos mercados externos e \u00e0 d\u00favida quanto cen\u00e1rio fiscal brasileiro.<\/p>\t<div class=\"wrapper-featured-image\">\n\t\t<figure class=\"spotlightImg\">\n\n\t\t\t<picture>\n\t\t\t\t<source media=\"(max-width: 768px)\" srcset=\"https:\/\/files.sunoresearch.com.br\/n\/uploads\/2019\/01\/7e88c6e8-d\u00f3lar-400x200.webp\">\n\t\t\t\t<img loading=\"lazy\" decoding=\"async\" class=\"newsContent__article__imgCapa lazyloadDisabled \" src=\"https:\/\/files.sunoresearch.com.br\/n\/uploads\/2019\/01\/7e88c6e8-d\u00f3lar-800x450.webp\" width=\"800\" height=\"450\" alt=\"D\u00f3lar emenda alta e sobe 1,14%, a R$ 5,478, com fiscal e exterior arisco\" fetchpriority=high \/>\n\t\t\t<\/picture>\n\n\t\t\t<figcaption class=\"wp-caption-text wp-caption-text--show\">O d\u00f3lar hoje ampliou os ganhos ap\u00f3s avan\u00e7ar 0,43% no dia anterior<\/figcaption>\n\t\t<\/figure>\n\t<\/div>\n\n\n\t<p>\n\t\t<a href=\"\" target=\"_blank\" data-element=\"shortcode-suno-banner\" title=\"Banner SUNO, clique e saiba mais\">\n\t\t\t<picture>\n\t\t\t\t<source media=\"(max-width: 500px)\" srcset=\"\">\n\t\t\t\t<img class=\"newsContent__article__imgCapa newsContent__article__imgCapa--banner\"\n\t\t\t\t\tsrc=\"\"\n\t\t\t\t\tdata-promo-id=\"97204\"\t\t\t\t\t\t\t\t\t\t\t\t\t\t\talt=\"\"\n\t\t\t\t>\n\t\t\t<\/picture>\n\t\t<\/a>\n\t<\/p>\n\n\n<p>A moeda norte-americana emendou a terceira alta consecutiva depois de entrar em queda livre com as not\u00edcias da vacina da Pfizer na semana passada. O d\u00f3lar hoje repercutiu os impactos da segunda onda de covid-19 nos Estados Unidos e na Europa, com os governando continuando a impor novas medidas para conter o avan\u00e7o do coronav\u00edrus.<\/p>\n<p>Mais cedo nesta quinta-feira (12), o ministro da Economia <a href=\"https:\/\/www.suno.com.br\/tudo-sobre\/paulo-guedes\/#:~:text=Paulo%20Roberto%20Nunes%20Guedes%2C%20mais,fundos%20de%20investimentos%20e%20empresas.\"><strong>Paulo Guedes<\/strong><\/a> salientou que a prorroga\u00e7\u00e3o dos pagamentos do aux\u00edlio emergencial ser\u00e1 &#8220;uma certeza&#8221; na hip\u00f3tese de uma segunda onda de covid-19 no Pa\u00eds. O economista ponderou que n\u00e3o \u00e9 o &#8220;plano A&#8221; do governo, mas a medida pode ser tomada como forma de &#8220;reagir&#8221;.<\/p>\n<p><a href=\"https:\/\/lp.suno.com.br\/suno-one\/\">Suno One: acesse gratuitamente eBooks, Minicursos, Artigos e Video Aulas sobre investimentos com um \u00fanico cadastro. Clique para saber mais!<\/a><\/p>\n<p>Al\u00e9m disso, veja as not\u00edcias que movimentaram a cota\u00e7\u00e3o do d\u00f3lar hoje:<\/p>\n<ul>\n<li>Guedes diz que PIB pode crescer at\u00e9 4% em 2021<\/li>\n<li>Riscos no curto prazo permanecem, apesar de not\u00edcias sobre vacina, diz Powell<\/li>\n<li>Moody&#8217;s prev\u00ea queda de 3,8% para o PIB do G-20<\/li>\n<\/ul>\n<h2>Guedes sobre PIB do Brasil<\/h2>\n<p>O ministro da Economia tamb\u00e9m afirmou nesta quinta-feira (12) que o<a href=\"https:\/\/www.suno.com.br\/noticias\/pib-segundo-trimestre-2020-ibge\/#:~:text=O%20Produto%20Interno%20Bruto%20(PIB,junho%20caiu%2011%2C4%25.\"> Produto Interno Bruto (PIB)<\/a> brasileiro poder\u00e1 ter um avan\u00e7o de &#8220;3%, 3,5%, at\u00e9 4% no ano que vem&#8221;.<\/p>\n\t<div data-element=\"shortcode-read-more\" class=\"knowMore\">\n\t\t\t\t<span class=\"knowMore__title\">Saiba mais<\/span>\n\t\t\t\t<a class=\"knowMore__link\" href=\"https:\/\/www.suno.com.br\/noticias\/paulo-guedes-pib-2021\/\">\n\t\t\tPaulo Guedes diz que PIB do Brasil poder\u00e1 crescer at\u00e9 4% em 2021\t\t<\/a>\n\t<\/div>\n\n\n<p>Guedes afirmou disse que &#8220;o Brasil j\u00e1 est\u00e1 programado para fazer forte recupera\u00e7\u00e3o c\u00edclica no ano que vem&#8221;. Al\u00e9m disso, o ministro falou sobre o marco regulat\u00f3rio e indicou que este est\u00e1 sendo reparado para que a atual onda de consumo seja transformada em uma onda de investimentos.<\/p>\n<h2>Riscos permanecem apesar de poss\u00edvel vacina, diz Fed<\/h2>\n<p>O presidente do <a href=\"https:\/\/www.suno.com.br\/artigos\/fed\/\">Federal Reserve (<strong>Fed<\/strong>)<\/a>, <a href=\"https:\/\/www.suno.com.br\/tudo-sobre\/jerome-powell\/\">Jerome Powell<\/a>, pontuou que a possibilidade crescente de uma vacina eficiente contra a covid-19 \u00e9 uma boa not\u00edcia para economia nos pr\u00f3ximos meses, no entanto os riscos de curto prazo permanecem.<br \/>\n\t<p>\n\t\t<a href=\"\" target=\"_blank\" data-element=\"shortcode-suno-banner\" title=\"Banner SUNO, clique e saiba mais\">\n\t\t\t<picture>\n\t\t\t\t<source media=\"(max-width: 500px)\" srcset=\"\">\n\t\t\t\t<img class=\"newsContent__article__imgCapa newsContent__article__imgCapa--banner\"\n\t\t\t\t\tsrc=\"\"\n\t\t\t\t\tdata-promo-id=\"92668\"\t\t\t\t\t\t\t\t\t\t\t\t\t\t\talt=\"\"\n\t\t\t\t>\n\t\t\t<\/picture>\n\t\t<\/a>\n\t<\/p>\n\n<br \/>\n\t<div data-element=\"shortcode-read-more\" class=\"knowMore\">\n\t\t\t\t<span class=\"knowMore__title\">Confira<\/span>\n\t\t\t\t<a class=\"knowMore__link\" href=\"https:\/\/www.suno.com.br\/noticias\/fed-powell-riscos-curto-prazo-permanecem\/\">\n\t\t\tFed: Riscos no curto prazo permanecem, apesar de not\u00edcias sobre vacina, diz Powell\t\t<\/a>\n\t<\/div>\n\n<\/p>\n<p>\u201cEssas s\u00e3o certamente boas e bem-vindas not\u00edcias a m\u00e9dio prazo\u201d, afirmou o <em>chairman <\/em>do Fed. &#8220;Do nosso ponto de vista, \u00e9 muito cedo para avaliar com confian\u00e7a as implica\u00e7\u00f5es das not\u00edcias para o caminho da economia, especialmente para o curto prazo&#8221;.<\/p>\n<h2>Moody&#8217;s v\u00ea queda de 3,8% para PIB do G-20<\/h2>\n<p>A <a href=\"https:\/\/www.suno.com.br\/artigos\/agencias-de-rating\/\">ag\u00eancia de classifica\u00e7\u00e3o de rating Moody&#8217;s<\/a> informou nesta quinta-feira (12) que o PIB do <a href=\"https:\/\/www.suno.com.br\/artigos\/g20\/\">G-20, o grupo que re\u00fane os 19 pa\u00edses mais ricos do mundo e a Uni\u00e3o Europeia<\/a>, deve ter contra\u00e7\u00e3o de 3,80% em 2020.<\/p>\n<p>A ag\u00eancia prev\u00ea uma queda de 5,10% do PIB das economias avan\u00e7adas desse conjunto e recuo menos intenso, de 1,60%, das <a href=\"https:\/\/www.suno.com.br\/artigos\/paises-emergentes\/\">economias emergentes<\/a>. A expectativa \u00e9 de recupera\u00e7\u00e3o da economia para 2021, com crescimento de 4,90% do Produto Interno Bruto do G20, seguida por expans\u00e3o de 3,80% da atividade em 2022.<\/p>\n\t<div data-element=\"shortcode-read-more\" class=\"knowMore\">\n\t\t\t\t<span class=\"knowMore__title\">Veja mais<\/span>\n\t\t\t\t<a class=\"knowMore__link\" href=\"https:\/\/www.suno.com.br\/noticias\/moodys-preve-queda-de-38-para-o-pib-do-conjunto-de-economias-do-g-20\/\">\n\t\t\tMoody&#039;s prev\u00ea queda de 3,8% para o PIB do conjunto de economias do G-20\t\t<\/a>\n\t<\/div>\n\n\n<p>&#8220;Esperamos que bancos centrais de economias avan\u00e7adas ativamente segurem os rendimentos baixos em todos os vencimentos e expandem as compras de ativos para incluir uma gama mais amplas de ativos se o cen\u00e1rio econ\u00f4mico continuar dif\u00edcil&#8221;, salientou a Moody&#8217;s.<\/p>\n<h2>\u00daltima cota\u00e7\u00e3o do d\u00f3lar<\/h2>\n<p>O <strong>d\u00f3lar<\/strong> hoje estendeu a valoriza\u00e7\u00e3o da moeda norte-americana na sess\u00e3o passada, quarta-feira (11), que j\u00e1 havia avan\u00e7ado 0,43%, negociada a R$ 5,41.<\/p>\n\t<p>\n\t\t<a href=\"https:\/\/lp.suno.com.br\/planilha-de-controle-de-investimentos\/\" target=\"_blank\" data-element=\"shortcode-suno-banner\" title=\"Banner SUNO, clique e saiba mais\">\n\t\t\t<picture>\n\t\t\t\t<source media=\"(max-width: 500px)\" srcset=\"https:\/\/files.sunoresearch.com.br\/n\/uploads\/2023\/03\/400x300-Controle-de-Investimentos.png\">\n\t\t\t\t<img class=\"newsContent__article__imgCapa newsContent__article__imgCapa--banner\"\n\t\t\t\t\tsrc=\"https:\/\/files.sunoresearch.com.br\/n\/uploads\/2023\/03\/1420x240-Controle-de-Investimentos.png\"\n\t\t\t\t\tdata-promo-id=\"75934\"\t\t\t\t\t\t\t\t\t\twidth='1420' height='240'\t\t\t\t\talt=\"https:\/\/files.sunoresearch.com.br\/n\/uploads\/2023\/03\/1420x240-Controle-de-Investimentos.png\"\n\t\t\t\t>\n\t\t\t<\/picture>\n\t\t<\/a>\n\t<\/p>\n\n\n","protected":false},"excerpt":{"rendered":"<p>O d\u00f3lar hoje encerrou a sess\u00e3o desta quinta-feira (12) em alta de 1,14%, cotado a R$ 5,478 na venda, em rea\u00e7\u00e3o \u00e0 piora dos mercados externos e \u00e0 d\u00favida quanto cen\u00e1rio fiscal brasileiro. O d\u00f3lar hoje ampliou os ganhos ap\u00f3s avan\u00e7ar 0,43% no dia anterior A moeda norte-americana emendou a terceira alta consecutiva depois de [&hellip;]<\/p>\n","protected":false},"author":35,"featured_media":12223,"comment_status":"closed","ping_status":"closed","sticky":false,"template":"","format":"standard","meta":[],"categories":[60],"tags":[326,776,963,796,807],"suno_strategy":[],"class_list":["post-99848","post","type-post","status-publish","format-standard","has-post-thumbnail","hentry","category-mercado","tag-dolar","tag-federal-reseve-fed","tag-moodys","tag-paulo-guedes","tag-produto-interno-bruto-pib"],"yoast_head":"<!-- This site is optimized with the Yoast SEO plugin v24.4 - https:\/\/yoast.com\/wordpress\/plugins\/seo\/ -->\n<title>D\u00f3lar emenda alta e sobe 1,14%, a R$ 5,478, com fiscal e exterior arisco<\/title>\n<meta name=\"description\" content=\"O d\u00f3lar hoje fechou em alta de 1,14%, cotado a R$ 5,478, com piora a dos mercados externos e d\u00favidas fiscais. Clique para saber mais\" \/>\n<meta name=\"robots\" content=\"index, follow, max-snippet:-1, max-image-preview:large, max-video-preview:-1\" \/>\n<link rel=\"canonical\" href=\"https:\/\/www.suno.com.br\/noticias\/dolar-fecha-alta-exterior-fiscal-12112020\/\" \/>\n<meta property=\"og:locale\" content=\"pt_BR\" \/>\n<meta property=\"og:type\" content=\"article\" \/>\n<meta property=\"og:title\" content=\"D\u00f3lar emenda alta e sobe 1,14%, a R$ 5,478, com fiscal e exterior arisco\" \/>\n<meta property=\"og:description\" content=\"O d\u00f3lar hoje fechou em alta de 1,14%, cotado a R$ 5,478, com piora a dos mercados externos e d\u00favidas fiscais. Clique para saber mais\" \/>\n<meta property=\"og:url\" content=\"https:\/\/www.suno.com.br\/noticias\/dolar-fecha-alta-exterior-fiscal-12112020\/\" \/>\n<meta property=\"og:site_name\" content=\"Suno Not\u00edcias\" \/>\n<meta property=\"article:publisher\" content=\"https:\/\/facebook.com\/sunoresearch\" \/>\n<meta property=\"og:image\" content=\"https:\/\/files.sunoresearch.com.br\/n\/uploads\/2019\/01\/7e88c6e8-d\u00f3lar.jpg\" \/>\n\t<meta property=\"og:image:width\" content=\"1024\" \/>\n\t<meta property=\"og:image:height\" content=\"658\" \/>\n\t<meta property=\"og:image:type\" content=\"image\/jpeg\" \/>\n<meta name=\"author\" content=\"Arthur Guimar\u00e3es\" \/>\n<meta name=\"twitter:card\" content=\"summary_large_image\" \/>\n<meta name=\"twitter:creator\" content=\"@sunoresearch\" \/>\n<meta name=\"twitter:site\" content=\"@sunoresearch\" \/>\n<meta name=\"twitter:label1\" content=\"Escrito por\" \/>\n\t<meta name=\"twitter:data1\" content=\"Arthur Guimar\u00e3es\" \/>\n\t<meta name=\"twitter:label2\" content=\"Est. tempo de leitura\" \/>\n\t<meta name=\"twitter:data2\" content=\"3 minutos\" \/>\n<script type=\"application\/ld+json\" class=\"yoast-schema-graph\">{\"@context\":\"https:\/\/schema.org\",\"@graph\":[{\"@type\":\"NewsArticle\",\"@id\":\"https:\/\/www.suno.com.br\/noticias\/dolar-fecha-alta-exterior-fiscal-12112020\/#article\",\"isPartOf\":{\"@id\":\"https:\/\/www.suno.com.br\/noticias\/dolar-fecha-alta-exterior-fiscal-12112020\/\"},\"author\":{\"name\":\"Arthur Guimar\u00e3es\",\"@id\":\"https:\/\/www.suno.com.br\/noticias\/#\/schema\/person\/053a750a709a263919a20f976caae91c\"},\"headline\":\"D\u00f3lar emenda alta e sobe 1,14%, a R$ 5,478, com fiscal e exterior arisco\",\"datePublished\":\"2020-11-12T20:34:45+00:00\",\"dateModified\":\"2021-05-29T23:31:35+00:00\",\"mainEntityOfPage\":{\"@id\":\"https:\/\/www.suno.com.br\/noticias\/dolar-fecha-alta-exterior-fiscal-12112020\/\"},\"wordCount\":607,\"publisher\":{\"@id\":\"https:\/\/www.suno.com.br\/noticias\/#organization\"},\"image\":{\"@id\":\"https:\/\/www.suno.com.br\/noticias\/dolar-fecha-alta-exterior-fiscal-12112020\/#primaryimage\"},\"thumbnailUrl\":\"https:\/\/files.sunoresearch.com.br\/n\/uploads\/2019\/01\/7e88c6e8-d\u00f3lar-jpg.webp\",\"keywords\":[\"d\u00f3lar\",\"Federal Reserve (FED)\",\"Moody's\",\"Paulo Guedes\",\"Produto Interno Bruto (PIB)\"],\"articleSection\":[\"Mercado\"],\"inLanguage\":\"pt-BR\"},{\"@type\":\"WebPage\",\"@id\":\"https:\/\/www.suno.com.br\/noticias\/dolar-fecha-alta-exterior-fiscal-12112020\/\",\"url\":\"https:\/\/www.suno.com.br\/noticias\/dolar-fecha-alta-exterior-fiscal-12112020\/\",\"name\":\"D\u00f3lar emenda alta e sobe 1,14%, a R$ 5,478, com fiscal e exterior arisco\",\"isPartOf\":{\"@id\":\"https:\/\/www.suno.com.br\/noticias\/#website\"},\"primaryImageOfPage\":{\"@id\":\"https:\/\/www.suno.com.br\/noticias\/dolar-fecha-alta-exterior-fiscal-12112020\/#primaryimage\"},\"image\":{\"@id\":\"https:\/\/www.suno.com.br\/noticias\/dolar-fecha-alta-exterior-fiscal-12112020\/#primaryimage\"},\"thumbnailUrl\":\"https:\/\/files.sunoresearch.com.br\/n\/uploads\/2019\/01\/7e88c6e8-d\u00f3lar-jpg.webp\",\"datePublished\":\"2020-11-12T20:34:45+00:00\",\"dateModified\":\"2021-05-29T23:31:35+00:00\",\"description\":\"O d\u00f3lar hoje fechou em alta de 1,14%, cotado a R$ 5,478, com piora a dos mercados externos e d\u00favidas fiscais. Clique para saber mais\",\"breadcrumb\":{\"@id\":\"https:\/\/www.suno.com.br\/noticias\/dolar-fecha-alta-exterior-fiscal-12112020\/#breadcrumb\"},\"inLanguage\":\"pt-BR\",\"potentialAction\":[{\"@type\":\"ReadAction\",\"target\":[\"https:\/\/www.suno.com.br\/noticias\/dolar-fecha-alta-exterior-fiscal-12112020\/\"]}]},{\"@type\":\"ImageObject\",\"inLanguage\":\"pt-BR\",\"@id\":\"https:\/\/www.suno.com.br\/noticias\/dolar-fecha-alta-exterior-fiscal-12112020\/#primaryimage\",\"url\":\"https:\/\/files.sunoresearch.com.br\/n\/uploads\/2019\/01\/7e88c6e8-d\u00f3lar-jpg.webp\",\"contentUrl\":\"https:\/\/files.sunoresearch.com.br\/n\/uploads\/2019\/01\/7e88c6e8-d\u00f3lar-jpg.webp\",\"width\":1024,\"height\":658,\"caption\":\"O d\u00f3lar hoje ampliou os ganhos ap\u00f3s avan\u00e7ar 0,43% no dia anterior\"},{\"@type\":\"BreadcrumbList\",\"@id\":\"https:\/\/www.suno.com.br\/noticias\/dolar-fecha-alta-exterior-fiscal-12112020\/#breadcrumb\",\"itemListElement\":[{\"@type\":\"ListItem\",\"position\":1,\"name\":\"Not\u00edcias\",\"item\":\"https:\/\/www.suno.com.br\/noticias\/\"},{\"@type\":\"ListItem\",\"position\":2,\"name\":\"Mercado\",\"item\":\"https:\/\/www.suno.com.br\/noticias\/mercado\/\"},{\"@type\":\"ListItem\",\"position\":3,\"name\":\"D\u00f3lar emenda alta e sobe 1,14%, a R$ 5,478, com fiscal e exterior arisco\"}]},{\"@type\":\"WebSite\",\"@id\":\"https:\/\/www.suno.com.br\/noticias\/#website\",\"url\":\"https:\/\/www.suno.com.br\/noticias\/\",\"name\":\"Suno Not\u00edcias\",\"description\":\"Seu portal de informa\u00e7\u00e3o sobre o mundo dos investimentos\",\"publisher\":{\"@id\":\"https:\/\/www.suno.com.br\/noticias\/#organization\"},\"potentialAction\":[{\"@type\":\"SearchAction\",\"target\":{\"@type\":\"EntryPoint\",\"urlTemplate\":\"https:\/\/www.suno.com.br\/noticias\/?s={search_term_string}\"},\"query-input\":{\"@type\":\"PropertyValueSpecification\",\"valueRequired\":true,\"valueName\":\"search_term_string\"}}],\"inLanguage\":\"pt-BR\"},{\"@type\":\"Organization\",\"@id\":\"https:\/\/www.suno.com.br\/noticias\/#organization\",\"name\":\"Suno Not\u00edcias\",\"url\":\"https:\/\/www.suno.com.br\/noticias\/\",\"logo\":{\"@type\":\"ImageObject\",\"inLanguage\":\"pt-BR\",\"@id\":\"https:\/\/www.suno.com.br\/noticias\/#\/schema\/logo\/image\/\",\"url\":\"https:\/\/files.sunoresearch.com.br\/n\/uploads\/2021\/09\/suno-logo.png\",\"contentUrl\":\"https:\/\/files.sunoresearch.com.br\/n\/uploads\/2021\/09\/suno-logo.png\",\"width\":180,\"height\":180,\"caption\":\"Suno Not\u00edcias\"},\"image\":{\"@id\":\"https:\/\/www.suno.com.br\/noticias\/#\/schema\/logo\/image\/\"},\"sameAs\":[\"https:\/\/facebook.com\/sunoresearch\",\"https:\/\/x.com\/sunoresearch\",\"https:\/\/www.instagram.com\/suno\",\"https:\/\/www.linkedin.com\/company\/suno-research\/\",\"https:\/\/www.youtube.com\/c\/sunoresearch\"]},{\"@type\":\"Person\",\"@id\":\"https:\/\/www.suno.com.br\/noticias\/#\/schema\/person\/053a750a709a263919a20f976caae91c\",\"name\":\"Arthur Guimar\u00e3es\",\"image\":{\"@type\":\"ImageObject\",\"inLanguage\":\"pt-BR\",\"@id\":\"https:\/\/www.suno.com.br\/noticias\/#\/schema\/person\/image\/\",\"url\":\"https:\/\/secure.gravatar.com\/avatar\/1affd86a11209ae09eb6dd3bcad3e96c?s=96&r=g\",\"contentUrl\":\"https:\/\/secure.gravatar.com\/avatar\/1affd86a11209ae09eb6dd3bcad3e96c?s=96&r=g\",\"caption\":\"Arthur Guimar\u00e3es\"},\"description\":\"Arthur Guimar\u00e3es escreve sobre pol\u00edtica, economia e neg\u00f3cios para o portal de not\u00edcias da Suno Research. Atualmente, \u00e9 estudante de jornalismo pela Faculdade C\u00e1sper L\u00edbero.\",\"url\":\"https:\/\/www.suno.com.br\/noticias\/author\/arthur-guimaraes\/\"}]}<\/script>\n<!-- \/ Yoast SEO plugin. -->","yoast_head_json":{"title":"D\u00f3lar emenda alta e sobe 1,14%, a R$ 5,478, com fiscal e exterior arisco","description":"O d\u00f3lar hoje fechou em alta de 1,14%, cotado a R$ 5,478, com piora a dos mercados externos e d\u00favidas fiscais. Clique para saber mais","robots":{"index":"index","follow":"follow","max-snippet":"max-snippet:-1","max-image-preview":"max-image-preview:large","max-video-preview":"max-video-preview:-1"},"canonical":"https:\/\/www.suno.com.br\/noticias\/dolar-fecha-alta-exterior-fiscal-12112020\/","og_locale":"pt_BR","og_type":"article","og_title":"D\u00f3lar emenda alta e sobe 1,14%, a R$ 5,478, com fiscal e exterior arisco","og_description":"O d\u00f3lar hoje fechou em alta de 1,14%, cotado a R$ 5,478, com piora a dos mercados externos e d\u00favidas fiscais. Clique para saber mais","og_url":"https:\/\/www.suno.com.br\/noticias\/dolar-fecha-alta-exterior-fiscal-12112020\/","og_site_name":"Suno Not\u00edcias","article_publisher":"https:\/\/facebook.com\/sunoresearch","og_image":[{"width":1024,"height":658,"url":"https:\/\/files.sunoresearch.com.br\/n\/uploads\/2019\/01\/7e88c6e8-d\u00f3lar.jpg","type":"image\/jpeg"}],"author":"Arthur Guimar\u00e3es","twitter_card":"summary_large_image","twitter_creator":"@sunoresearch","twitter_site":"@sunoresearch","twitter_misc":{"Escrito por":"Arthur Guimar\u00e3es","Est. tempo de leitura":"3 minutos"},"schema":{"@context":"https:\/\/schema.org","@graph":[{"@type":"NewsArticle","@id":"https:\/\/www.suno.com.br\/noticias\/dolar-fecha-alta-exterior-fiscal-12112020\/#article","isPartOf":{"@id":"https:\/\/www.suno.com.br\/noticias\/dolar-fecha-alta-exterior-fiscal-12112020\/"},"author":{"name":"Arthur Guimar\u00e3es","@id":"https:\/\/www.suno.com.br\/noticias\/#\/schema\/person\/053a750a709a263919a20f976caae91c"},"headline":"D\u00f3lar emenda alta e sobe 1,14%, a R$ 5,478, com fiscal e exterior arisco","datePublished":"2020-11-12T20:34:45+00:00","dateModified":"2021-05-29T23:31:35+00:00","mainEntityOfPage":{"@id":"https:\/\/www.suno.com.br\/noticias\/dolar-fecha-alta-exterior-fiscal-12112020\/"},"wordCount":607,"publisher":{"@id":"https:\/\/www.suno.com.br\/noticias\/#organization"},"image":{"@id":"https:\/\/www.suno.com.br\/noticias\/dolar-fecha-alta-exterior-fiscal-12112020\/#primaryimage"},"thumbnailUrl":"https:\/\/files.sunoresearch.com.br\/n\/uploads\/2019\/01\/7e88c6e8-d\u00f3lar-jpg.webp","keywords":["d\u00f3lar","Federal Reserve (FED)","Moody's","Paulo Guedes","Produto Interno Bruto (PIB)"],"articleSection":["Mercado"],"inLanguage":"pt-BR"},{"@type":"WebPage","@id":"https:\/\/www.suno.com.br\/noticias\/dolar-fecha-alta-exterior-fiscal-12112020\/","url":"https:\/\/www.suno.com.br\/noticias\/dolar-fecha-alta-exterior-fiscal-12112020\/","name":"D\u00f3lar emenda alta e sobe 1,14%, a R$ 5,478, com fiscal e exterior arisco","isPartOf":{"@id":"https:\/\/www.suno.com.br\/noticias\/#website"},"primaryImageOfPage":{"@id":"https:\/\/www.suno.com.br\/noticias\/dolar-fecha-alta-exterior-fiscal-12112020\/#primaryimage"},"image":{"@id":"https:\/\/www.suno.com.br\/noticias\/dolar-fecha-alta-exterior-fiscal-12112020\/#primaryimage"},"thumbnailUrl":"https:\/\/files.sunoresearch.com.br\/n\/uploads\/2019\/01\/7e88c6e8-d\u00f3lar-jpg.webp","datePublished":"2020-11-12T20:34:45+00:00","dateModified":"2021-05-29T23:31:35+00:00","description":"O d\u00f3lar hoje fechou em alta de 1,14%, cotado a R$ 5,478, com piora a dos mercados externos e d\u00favidas fiscais. Clique para saber mais","breadcrumb":{"@id":"https:\/\/www.suno.com.br\/noticias\/dolar-fecha-alta-exterior-fiscal-12112020\/#breadcrumb"},"inLanguage":"pt-BR","potentialAction":[{"@type":"ReadAction","target":["https:\/\/www.suno.com.br\/noticias\/dolar-fecha-alta-exterior-fiscal-12112020\/"]}]},{"@type":"ImageObject","inLanguage":"pt-BR","@id":"https:\/\/www.suno.com.br\/noticias\/dolar-fecha-alta-exterior-fiscal-12112020\/#primaryimage","url":"https:\/\/files.sunoresearch.com.br\/n\/uploads\/2019\/01\/7e88c6e8-d\u00f3lar-jpg.webp","contentUrl":"https:\/\/files.sunoresearch.com.br\/n\/uploads\/2019\/01\/7e88c6e8-d\u00f3lar-jpg.webp","width":1024,"height":658,"caption":"O d\u00f3lar hoje ampliou os ganhos ap\u00f3s avan\u00e7ar 0,43% no dia anterior"},{"@type":"BreadcrumbList","@id":"https:\/\/www.suno.com.br\/noticias\/dolar-fecha-alta-exterior-fiscal-12112020\/#breadcrumb","itemListElement":[{"@type":"ListItem","position":1,"name":"Not\u00edcias","item":"https:\/\/www.suno.com.br\/noticias\/"},{"@type":"ListItem","position":2,"name":"Mercado","item":"https:\/\/www.suno.com.br\/noticias\/mercado\/"},{"@type":"ListItem","position":3,"name":"D\u00f3lar emenda alta e sobe 1,14%, a R$ 5,478, com fiscal e exterior arisco"}]},{"@type":"WebSite","@id":"https:\/\/www.suno.com.br\/noticias\/#website","url":"https:\/\/www.suno.com.br\/noticias\/","name":"Suno Not\u00edcias","description":"Seu portal de informa\u00e7\u00e3o sobre o mundo dos investimentos","publisher":{"@id":"https:\/\/www.suno.com.br\/noticias\/#organization"},"potentialAction":[{"@type":"SearchAction","target":{"@type":"EntryPoint","urlTemplate":"https:\/\/www.suno.com.br\/noticias\/?s={search_term_string}"},"query-input":{"@type":"PropertyValueSpecification","valueRequired":true,"valueName":"search_term_string"}}],"inLanguage":"pt-BR"},{"@type":"Organization","@id":"https:\/\/www.suno.com.br\/noticias\/#organization","name":"Suno Not\u00edcias","url":"https:\/\/www.suno.com.br\/noticias\/","logo":{"@type":"ImageObject","inLanguage":"pt-BR","@id":"https:\/\/www.suno.com.br\/noticias\/#\/schema\/logo\/image\/","url":"https:\/\/files.sunoresearch.com.br\/n\/uploads\/2021\/09\/suno-logo.png","contentUrl":"https:\/\/files.sunoresearch.com.br\/n\/uploads\/2021\/09\/suno-logo.png","width":180,"height":180,"caption":"Suno Not\u00edcias"},"image":{"@id":"https:\/\/www.suno.com.br\/noticias\/#\/schema\/logo\/image\/"},"sameAs":["https:\/\/facebook.com\/sunoresearch","https:\/\/x.com\/sunoresearch","https:\/\/www.instagram.com\/suno","https:\/\/www.linkedin.com\/company\/suno-research\/","https:\/\/www.youtube.com\/c\/sunoresearch"]},{"@type":"Person","@id":"https:\/\/www.suno.com.br\/noticias\/#\/schema\/person\/053a750a709a263919a20f976caae91c","name":"Arthur Guimar\u00e3es","image":{"@type":"ImageObject","inLanguage":"pt-BR","@id":"https:\/\/www.suno.com.br\/noticias\/#\/schema\/person\/image\/","url":"https:\/\/secure.gravatar.com\/avatar\/1affd86a11209ae09eb6dd3bcad3e96c?s=96&r=g","contentUrl":"https:\/\/secure.gravatar.com\/avatar\/1affd86a11209ae09eb6dd3bcad3e96c?s=96&r=g","caption":"Arthur Guimar\u00e3es"},"description":"Arthur Guimar\u00e3es escreve sobre pol\u00edtica, economia e neg\u00f3cios para o portal de not\u00edcias da Suno Research. Atualmente, \u00e9 estudante de jornalismo pela Faculdade C\u00e1sper L\u00edbero.","url":"https:\/\/www.suno.com.br\/noticias\/author\/arthur-guimaraes\/"}]}},"default_loop_html":"<div class=\"cardsPage__listCard__boxs\"><div class=\"cardsPage__listCard__boxs__img\"><a href=\"https:\/\/www.suno.com.br\/noticias\/dolar-fecha-alta-exterior-fiscal-12112020\/\"><img class=\"mask\" src=\"https:\/\/www.suno.com.br\/noticias\/wp-content\/themes\/suno\/resources\/images\/spotlight\/spotlight1img\/bg-mask.png\" alt=\"Image Mask\"\/><img src=\"https:\/\/files.sunoresearch.com.br\/n\/uploads\/2019\/01\/7e88c6e8-d\u00f3lar-400x200.webp\" alt=\"D\u00f3lar emenda alta e sobe 1,14%, a R$ 5,478, com fiscal e exterior arisco\"\/><\/a><span class=\"spotlightCategory\"><a href=\"https:\/\/www.suno.com.br\/noticias\/mercado\/\">Mercado<\/a><\/span><\/div><div class=\"cardsPage__listCard__boxs__content\"><a href=\"https:\/\/www.suno.com.br\/noticias\/dolar-fecha-alta-exterior-fiscal-12112020\/\"><h2 class=\"content__title\">D\u00f3lar emenda alta e sobe 1,14%, a R$ 5,478, com fiscal e exterior arisco<\/h2><\/a><div class=\"newsContent__article__meta\"><div class=\"newsContent__article__meta__authorBox\"><a href=\"https:\/\/www.suno.com.br\/noticias\/author\/arthur-guimaraes\/\" class=\"authorBox__avatar noMobi\"><img src=\"https:\/\/files.sunoresearch.com.br\/n\/uploads\/2020\/02\/dfb40897-eu-150x150.webp\" alt=\"Arthur Guimar\u00e3es\"><\/a><div class=\"authorBox__name\"><span>por\n\t\t\t<a href=\"https:\/\/www.suno.com.br\/noticias\/author\/arthur-guimaraes\/\"><span itemprop=\"author\">Arthur Guimar\u00e3es<\/span><\/a><\/span><time datetime=\"2020-11-12T17:34:45-03:00\" itemprop=\"datePublished\">12\/11\/2020 17:34<\/time><\/div><\/div><\/div><\/div><\/div>","single_layout":"posts","amp_enabled":true,"_links":{"self":[{"href":"https:\/\/www.suno.com.br\/noticias\/wp-json\/wp\/v2\/posts\/99848"}],"collection":[{"href":"https:\/\/www.suno.com.br\/noticias\/wp-json\/wp\/v2\/posts"}],"about":[{"href":"https:\/\/www.suno.com.br\/noticias\/wp-json\/wp\/v2\/types\/post"}],"author":[{"embeddable":true,"href":"https:\/\/www.suno.com.br\/noticias\/wp-json\/wp\/v2\/users\/35"}],"replies":[{"embeddable":true,"href":"https:\/\/www.suno.com.br\/noticias\/wp-json\/wp\/v2\/comments?post=99848"}],"version-history":[{"count":1,"href":"https:\/\/www.suno.com.br\/noticias\/wp-json\/wp\/v2\/posts\/99848\/revisions"}],"predecessor-version":[{"id":152106,"href":"https:\/\/www.suno.com.br\/noticias\/wp-json\/wp\/v2\/posts\/99848\/revisions\/152106"}],"wp:featuredmedia":[{"embeddable":true,"href":"https:\/\/www.suno.com.br\/noticias\/wp-json\/wp\/v2\/media\/12223"}],"wp:attachment":[{"href":"https:\/\/www.suno.com.br\/noticias\/wp-json\/wp\/v2\/media?parent=99848"}],"wp:term":[{"taxonomy":"category","embeddable":true,"href":"https:\/\/www.suno.com.br\/noticias\/wp-json\/wp\/v2\/categories?post=99848"},{"taxonomy":"post_tag","embeddable":true,"href":"https:\/\/www.suno.com.br\/noticias\/wp-json\/wp\/v2\/tags?post=99848"},{"taxonomy":"suno_strategy","embeddable":true,"href":"https:\/\/www.suno.com.br\/noticias\/wp-json\/wp\/v2\/suno_strategy?post=99848"}],"curies":[{"name":"wp","href":"https:\/\/api.w.org\/{rel}","templated":true}]}}