{"id":99740,"date":"2020-11-12T13:18:54","date_gmt":"2020-11-12T16:18:54","guid":{"rendered":"https:\/\/www.suno.com.br\/noticias\/?p=99740"},"modified":"2021-05-30T16:39:59","modified_gmt":"2021-05-30T19:39:59","slug":"br-distribuidora-e-lojas-americanas-lojas-de-conveniencia","status":"publish","type":"post","link":"https:\/\/www.suno.com.br\/noticias\/br-distribuidora-e-lojas-americanas-lojas-de-conveniencia\/","title":{"rendered":"BR Distribuidora e Americanas far\u00e3o acordo comercial, diz jornal"},"content":{"rendered":"<p>A<a href=\"https:\/\/www.suno.com.br\/acoes\/brdt3\/\"><strong> BR Distribuidora<\/strong> (BRDT3)<\/a>, companhia que conta com quase 8 mil postos de gasolina e mais de 1,250 lojas de conveni\u00eancia, e a<a href=\"https:\/\/www.suno.com.br\/acoes\/lame4\/\"> Lojas Americanas (LAME4)<\/a> est\u00e3o avan\u00e7ando na discuss\u00e3o sobre uma parceria no setor de lojas de conveni\u00eancia. Segundo o jornal &#8221; Valor Econ\u00f4mico&#8221;, o an\u00fancio das conclus\u00f5es das conversas, que come\u00e7aram em agosto, deve acontecer em breve.<\/p>\t<div class=\"wrapper-featured-image\">\n\t\t<figure class=\"spotlightImg\">\n\n\t\t\t<picture>\n\t\t\t\t<source media=\"(max-width: 768px)\" srcset=\"https:\/\/files.sunoresearch.com.br\/n\/uploads\/2019\/11\/9261ecfd-br-distribuidora-400x200.webp\">\n\t\t\t\t<img loading=\"lazy\" decoding=\"async\" class=\"newsContent__article__imgCapa lazyloadDisabled \" src=\"https:\/\/files.sunoresearch.com.br\/n\/uploads\/2019\/11\/9261ecfd-br-distribuidora-800x450.webp\" width=\"800\" height=\"450\" alt=\"BR Distribuidora e Americanas far\u00e3o acordo comercial, diz jornal\" fetchpriority=high \/>\n\t\t\t<\/picture>\n\n\t\t\t<figcaption class=\"wp-caption-text wp-caption-text--show\"> Vibra (VBBR3)<\/figcaption>\n\t\t<\/figure>\n\t<\/div>\n\n\n\t<p>\n\t\t<a href=\"\" target=\"_blank\" data-element=\"shortcode-suno-banner\" title=\"Banner SUNO, clique e saiba mais\">\n\t\t\t<picture>\n\t\t\t\t<source media=\"(max-width: 500px)\" srcset=\"\">\n\t\t\t\t<img class=\"newsContent__article__imgCapa newsContent__article__imgCapa--banner\"\n\t\t\t\t\tsrc=\"\"\n\t\t\t\t\tdata-promo-id=\"97204\"\t\t\t\t\t\t\t\t\t\t\t\t\t\t\talt=\"\"\n\t\t\t\t>\n\t\t\t<\/picture>\n\t\t<\/a>\n\t<\/p>\n\n\n<p>Na teleconfer\u00eancia de apresenta\u00e7\u00e3o dos resultados trimestrais, o presidente da BR Distribuidora afirmou que as duas companhias \u201cest\u00e3o mais pr\u00f3ximas do que est\u00e1vamos no segundo trimestre de mostrar ao mercado as conclus\u00f5es para uma potencial parceria\u201d. Al\u00e9m de fechar o acordo nas <strong>lojas de conveni\u00eancia<\/strong>, a distribuidora pretende tamb\u00e9m entrar no mercado de comercializa\u00e7\u00e3o de energia e atuar no mercado de <strong>g\u00e1s natural<\/strong>.<\/p>\n<p>Para a <strong>Americanas<\/strong>, a iniciativa vem em meio a uma desvaloriza\u00e7\u00e3o da varejista aos olhos do mercado. Recentemente, o <strong>JP Morgan<\/strong>, em relat\u00f3rio em que avaliou a companhias do varejo, diminuiu o<a href=\"https:\/\/www.suno.com.br\/artigos\/preco-alvo\/\"><strong> pre\u00e7o-alvo<\/strong><\/a> da Lojas Americanas enquanto elevou o das concorrentes <a href=\"https:\/\/www.suno.com.br\/acoes\/mglu3\/\">Magazine Luiza (MGLU3)<\/a> e <a href=\"https:\/\/www.suno.com.br\/acoes\/vvar3\/\">Via Varejo (VVAR3)<\/a>. Em outubro, <a href=\"https:\/\/www.suno.com.br\/acoes\/bpac11\/\">BTG Pactual (BPAC11)<\/a> e XP Investimentos retiraram o papel de suas carteiras.<\/p>\n<p><a href=\"https:\/\/lp.suno.com.br\/suno-one\/\">Suno One: acesse gratuitamente eBooks, Minicursos, Artigos e Video Aulas sobre investimentos com um \u00fanico cadastro. Clique para saber mais!<\/a><\/p>\n<p>Enquanto concorrentes como a <strong>Via Varejo<\/strong> e a<strong> Magazine Luiza<\/strong> se recuperaram da queda da pandemia e atingiram novas m\u00e1ximas ap\u00f3s julho, a Lojas Americanas tem seu pre\u00e7o cerca de 10% descontado em rela\u00e7\u00e3o ao pr\u00e9-pandemia: no dia 4 de mar\u00e7o, os pap\u00e9is preferenciais da varejista valiam R$ 27,70.<\/p>\n<p>No preg\u00e3o de ontem, elas fecharam sendo negociadas a R$ 24,42. Nesta semana, a<a href=\"https:\/\/www.suno.com.br\/acoes\/btow3\/\"> B2W (BTOW3)<\/a>, e-commerce da Lojas Americanas, perdeu o segundo lugar no ranking dos maiores volumes de vendas digitais para a Magazine Luiza e a a\u00e7\u00e3o caiu mais de 10%.<\/p>\n<p>O processo competitivo para defini\u00e7\u00e3o da parceria \u00e9 conduzido pela BR Partners. A BR Mania, loja de conveni\u00eancia da <strong>BR Distribuidora<\/strong>, est\u00e1 presente apenas em 16% dos postos, mas a meta \u00e9 dobrar esse n\u00famero em tr\u00eas anos.<\/p>\n\t<p>\n\t\t<a href=\"https:\/\/lp.suno.com.br\/planilha-de-controle-de-investimentos\/\" target=\"_blank\" data-element=\"shortcode-suno-banner\" title=\"Banner SUNO, clique e saiba mais\">\n\t\t\t<picture>\n\t\t\t\t<source media=\"(max-width: 500px)\" srcset=\"https:\/\/files.sunoresearch.com.br\/n\/uploads\/2023\/03\/400x300-Controle-de-Investimentos.png\">\n\t\t\t\t<img class=\"newsContent__article__imgCapa newsContent__article__imgCapa--banner\"\n\t\t\t\t\tsrc=\"https:\/\/files.sunoresearch.com.br\/n\/uploads\/2023\/03\/1420x240-Controle-de-Investimentos.png\"\n\t\t\t\t\tdata-promo-id=\"75934\"\t\t\t\t\t\t\t\t\t\twidth='1420' height='240'\t\t\t\t\talt=\"https:\/\/files.sunoresearch.com.br\/n\/uploads\/2023\/03\/1420x240-Controle-de-Investimentos.png\"\n\t\t\t\t>\n\t\t\t<\/picture>\n\t\t<\/a>\n\t<\/p>\n\n\n","protected":false},"excerpt":{"rendered":"<p>A BR Distribuidora (BRDT3), companhia que conta com quase 8 mil postos de gasolina e mais de 1,250 lojas de conveni\u00eancia, e a Lojas Americanas (LAME4) est\u00e3o avan\u00e7ando na discuss\u00e3o sobre uma parceria no setor de lojas de conveni\u00eancia. Segundo o jornal &#8221; Valor Econ\u00f4mico&#8221;, o an\u00fancio das conclus\u00f5es das conversas, que come\u00e7aram em agosto, [&hellip;]<\/p>\n","protected":false},"author":15,"featured_media":44170,"comment_status":"closed","ping_status":"closed","sticky":false,"template":"","format":"standard","meta":[],"categories":[64],"tags":[1831,539,548,106935,596],"suno_strategy":[],"class_list":["post-99740","post","type-post","status-publish","format-standard","has-post-thumbnail","hentry","category-negocios","tag-b2w-digital-btow3","tag-lojas-americanas-lame3-lame4","tag-magazine-luiza-mglu3","tag-via-viia3","tag-vibra-energia-vbbr3"],"yoast_head":"<!-- This site is optimized with the Yoast SEO plugin v24.4 - https:\/\/yoast.com\/wordpress\/plugins\/seo\/ -->\n<title>BR Distribuidora e Americanas far\u00e3o acordo comercial, diz jornal<\/title>\n<meta name=\"description\" content=\"A BR Distribuidora (BRDT3), e a Lojas Americanas (LAME4) est\u00e3o avan\u00e7ando na discuss\u00e3o sobre lojas de conveni\u00eancia. Clique aqui e saiba mais\" \/>\n<meta name=\"robots\" content=\"index, follow, max-snippet:-1, max-image-preview:large, max-video-preview:-1\" \/>\n<link rel=\"canonical\" href=\"https:\/\/www.suno.com.br\/noticias\/br-distribuidora-e-lojas-americanas-lojas-de-conveniencia\/\" \/>\n<meta property=\"og:locale\" content=\"pt_BR\" \/>\n<meta property=\"og:type\" content=\"article\" \/>\n<meta property=\"og:title\" content=\"BR Distribuidora e Americanas far\u00e3o acordo comercial, diz jornal\" \/>\n<meta property=\"og:description\" content=\"A BR Distribuidora (BRDT3), e a Lojas Americanas (LAME4) est\u00e3o avan\u00e7ando na discuss\u00e3o sobre lojas de conveni\u00eancia. Clique aqui e saiba mais\" \/>\n<meta property=\"og:url\" content=\"https:\/\/www.suno.com.br\/noticias\/br-distribuidora-e-lojas-americanas-lojas-de-conveniencia\/\" \/>\n<meta property=\"og:site_name\" content=\"Suno Not\u00edcias\" \/>\n<meta property=\"article:publisher\" content=\"https:\/\/facebook.com\/sunoresearch\" \/>\n<meta property=\"og:image\" content=\"https:\/\/files.sunoresearch.com.br\/n\/uploads\/2019\/11\/9261ecfd-br-distribuidora-1024x683.jpg\" \/>\n\t<meta property=\"og:image:width\" content=\"1024\" \/>\n\t<meta property=\"og:image:height\" content=\"683\" \/>\n\t<meta property=\"og:image:type\" content=\"image\/jpeg\" \/>\n<meta name=\"author\" content=\"Poliana Santos\" \/>\n<meta name=\"twitter:card\" content=\"summary_large_image\" \/>\n<meta name=\"twitter:creator\" content=\"@sunoresearch\" \/>\n<meta name=\"twitter:site\" content=\"@sunoresearch\" \/>\n<meta name=\"twitter:label1\" content=\"Escrito por\" \/>\n\t<meta name=\"twitter:data1\" content=\"Poliana Santos\" \/>\n\t<meta name=\"twitter:label2\" content=\"Est. tempo de leitura\" \/>\n\t<meta name=\"twitter:data2\" content=\"2 minutos\" \/>\n<script type=\"application\/ld+json\" class=\"yoast-schema-graph\">{\"@context\":\"https:\/\/schema.org\",\"@graph\":[{\"@type\":\"NewsArticle\",\"@id\":\"https:\/\/www.suno.com.br\/noticias\/br-distribuidora-e-lojas-americanas-lojas-de-conveniencia\/#article\",\"isPartOf\":{\"@id\":\"https:\/\/www.suno.com.br\/noticias\/br-distribuidora-e-lojas-americanas-lojas-de-conveniencia\/\"},\"author\":{\"name\":\"Poliana Santos\",\"@id\":\"https:\/\/www.suno.com.br\/noticias\/#\/schema\/person\/02ec1f752758247878a2bf4abee1aeda\"},\"headline\":\"BR Distribuidora e Americanas far\u00e3o acordo comercial, diz jornal\",\"datePublished\":\"2020-11-12T16:18:54+00:00\",\"dateModified\":\"2021-05-30T19:39:59+00:00\",\"mainEntityOfPage\":{\"@id\":\"https:\/\/www.suno.com.br\/noticias\/br-distribuidora-e-lojas-americanas-lojas-de-conveniencia\/\"},\"wordCount\":376,\"publisher\":{\"@id\":\"https:\/\/www.suno.com.br\/noticias\/#organization\"},\"image\":{\"@id\":\"https:\/\/www.suno.com.br\/noticias\/br-distribuidora-e-lojas-americanas-lojas-de-conveniencia\/#primaryimage\"},\"thumbnailUrl\":\"https:\/\/files.sunoresearch.com.br\/n\/uploads\/2019\/11\/9261ecfd-br-distribuidora-scaled.webp\",\"keywords\":[\"B2W Digital (BTOW3)\",\"Lojas Americanas (LAME3\/LAME4)\",\"Magazine Luiza (MGLU3)\",\"Via (VIIA3)\",\"Vibra Energia (VBBR3)\"],\"articleSection\":[\"Neg\u00f3cios\"],\"inLanguage\":\"pt-BR\"},{\"@type\":\"WebPage\",\"@id\":\"https:\/\/www.suno.com.br\/noticias\/br-distribuidora-e-lojas-americanas-lojas-de-conveniencia\/\",\"url\":\"https:\/\/www.suno.com.br\/noticias\/br-distribuidora-e-lojas-americanas-lojas-de-conveniencia\/\",\"name\":\"BR Distribuidora e Americanas far\u00e3o acordo comercial, diz jornal\",\"isPartOf\":{\"@id\":\"https:\/\/www.suno.com.br\/noticias\/#website\"},\"primaryImageOfPage\":{\"@id\":\"https:\/\/www.suno.com.br\/noticias\/br-distribuidora-e-lojas-americanas-lojas-de-conveniencia\/#primaryimage\"},\"image\":{\"@id\":\"https:\/\/www.suno.com.br\/noticias\/br-distribuidora-e-lojas-americanas-lojas-de-conveniencia\/#primaryimage\"},\"thumbnailUrl\":\"https:\/\/files.sunoresearch.com.br\/n\/uploads\/2019\/11\/9261ecfd-br-distribuidora-scaled.webp\",\"datePublished\":\"2020-11-12T16:18:54+00:00\",\"dateModified\":\"2021-05-30T19:39:59+00:00\",\"description\":\"A BR Distribuidora (BRDT3), e a Lojas Americanas (LAME4) est\u00e3o avan\u00e7ando na discuss\u00e3o sobre lojas de conveni\u00eancia. Clique aqui e saiba mais\",\"breadcrumb\":{\"@id\":\"https:\/\/www.suno.com.br\/noticias\/br-distribuidora-e-lojas-americanas-lojas-de-conveniencia\/#breadcrumb\"},\"inLanguage\":\"pt-BR\",\"potentialAction\":[{\"@type\":\"ReadAction\",\"target\":[\"https:\/\/www.suno.com.br\/noticias\/br-distribuidora-e-lojas-americanas-lojas-de-conveniencia\/\"]}]},{\"@type\":\"ImageObject\",\"inLanguage\":\"pt-BR\",\"@id\":\"https:\/\/www.suno.com.br\/noticias\/br-distribuidora-e-lojas-americanas-lojas-de-conveniencia\/#primaryimage\",\"url\":\"https:\/\/files.sunoresearch.com.br\/n\/uploads\/2019\/11\/9261ecfd-br-distribuidora-scaled.webp\",\"contentUrl\":\"https:\/\/files.sunoresearch.com.br\/n\/uploads\/2019\/11\/9261ecfd-br-distribuidora-scaled.webp\",\"width\":2560,\"height\":1707,\"caption\":\"Vibra (VBBR3)\"},{\"@type\":\"BreadcrumbList\",\"@id\":\"https:\/\/www.suno.com.br\/noticias\/br-distribuidora-e-lojas-americanas-lojas-de-conveniencia\/#breadcrumb\",\"itemListElement\":[{\"@type\":\"ListItem\",\"position\":1,\"name\":\"Not\u00edcias\",\"item\":\"https:\/\/www.suno.com.br\/noticias\/\"},{\"@type\":\"ListItem\",\"position\":2,\"name\":\"Neg\u00f3cios\",\"item\":\"https:\/\/www.suno.com.br\/noticias\/negocios\/\"},{\"@type\":\"ListItem\",\"position\":3,\"name\":\"BR Distribuidora e Americanas far\u00e3o acordo comercial, diz jornal\"}]},{\"@type\":\"WebSite\",\"@id\":\"https:\/\/www.suno.com.br\/noticias\/#website\",\"url\":\"https:\/\/www.suno.com.br\/noticias\/\",\"name\":\"Suno Not\u00edcias\",\"description\":\"Seu portal de informa\u00e7\u00e3o sobre o mundo dos investimentos\",\"publisher\":{\"@id\":\"https:\/\/www.suno.com.br\/noticias\/#organization\"},\"potentialAction\":[{\"@type\":\"SearchAction\",\"target\":{\"@type\":\"EntryPoint\",\"urlTemplate\":\"https:\/\/www.suno.com.br\/noticias\/?s={search_term_string}\"},\"query-input\":{\"@type\":\"PropertyValueSpecification\",\"valueRequired\":true,\"valueName\":\"search_term_string\"}}],\"inLanguage\":\"pt-BR\"},{\"@type\":\"Organization\",\"@id\":\"https:\/\/www.suno.com.br\/noticias\/#organization\",\"name\":\"Suno Not\u00edcias\",\"url\":\"https:\/\/www.suno.com.br\/noticias\/\",\"logo\":{\"@type\":\"ImageObject\",\"inLanguage\":\"pt-BR\",\"@id\":\"https:\/\/www.suno.com.br\/noticias\/#\/schema\/logo\/image\/\",\"url\":\"https:\/\/files.sunoresearch.com.br\/n\/uploads\/2021\/09\/suno-logo.png\",\"contentUrl\":\"https:\/\/files.sunoresearch.com.br\/n\/uploads\/2021\/09\/suno-logo.png\",\"width\":180,\"height\":180,\"caption\":\"Suno Not\u00edcias\"},\"image\":{\"@id\":\"https:\/\/www.suno.com.br\/noticias\/#\/schema\/logo\/image\/\"},\"sameAs\":[\"https:\/\/facebook.com\/sunoresearch\",\"https:\/\/x.com\/sunoresearch\",\"https:\/\/www.instagram.com\/suno\",\"https:\/\/www.linkedin.com\/company\/suno-research\/\",\"https:\/\/www.youtube.com\/c\/sunoresearch\"]},{\"@type\":\"Person\",\"@id\":\"https:\/\/www.suno.com.br\/noticias\/#\/schema\/person\/02ec1f752758247878a2bf4abee1aeda\",\"name\":\"Poliana Santos\",\"image\":{\"@type\":\"ImageObject\",\"inLanguage\":\"pt-BR\",\"@id\":\"https:\/\/www.suno.com.br\/noticias\/#\/schema\/person\/image\/\",\"url\":\"https:\/\/secure.gravatar.com\/avatar\/0645bd32f23d87b2130f2b2dff1d3f8d?s=96&r=g\",\"contentUrl\":\"https:\/\/secure.gravatar.com\/avatar\/0645bd32f23d87b2130f2b2dff1d3f8d?s=96&r=g\",\"caption\":\"Poliana Santos\"},\"description\":\"Rep\u00f3rter no Suno Not\u00edcias, com cobertura em mercado financeiro, economia, finan\u00e7as pessoais, renda fixa e varejo. Jornalista formada pela Faculdade C\u00e1sper L\u00edbero e possui passagem na R\u00e1dio Gazeta AM com a produ\u00e7\u00e3o de conte\u00fado sobre economia, pol\u00edtica, sa\u00fade, moda e m\u00fasica. Possui certificado de conclus\u00e3o do curso de An\u00e1lise de Balan\u00e7os pela Funda\u00e7\u00e3o Bradesco, Agenda Brasil pela FAAP, Educa\u00e7\u00e3o Pol\u00edtica por Alexandre Garcia e do Tesouro Direto e Mercado de A\u00e7\u00f5es pela B3.\",\"url\":\"https:\/\/www.suno.com.br\/noticias\/author\/poliana-santos\/\"}]}<\/script>\n<!-- \/ Yoast SEO plugin. -->","yoast_head_json":{"title":"BR Distribuidora e Americanas far\u00e3o acordo comercial, diz jornal","description":"A BR Distribuidora (BRDT3), e a Lojas Americanas (LAME4) est\u00e3o avan\u00e7ando na discuss\u00e3o sobre lojas de conveni\u00eancia. Clique aqui e saiba mais","robots":{"index":"index","follow":"follow","max-snippet":"max-snippet:-1","max-image-preview":"max-image-preview:large","max-video-preview":"max-video-preview:-1"},"canonical":"https:\/\/www.suno.com.br\/noticias\/br-distribuidora-e-lojas-americanas-lojas-de-conveniencia\/","og_locale":"pt_BR","og_type":"article","og_title":"BR Distribuidora e Americanas far\u00e3o acordo comercial, diz jornal","og_description":"A BR Distribuidora (BRDT3), e a Lojas Americanas (LAME4) est\u00e3o avan\u00e7ando na discuss\u00e3o sobre lojas de conveni\u00eancia. Clique aqui e saiba mais","og_url":"https:\/\/www.suno.com.br\/noticias\/br-distribuidora-e-lojas-americanas-lojas-de-conveniencia\/","og_site_name":"Suno Not\u00edcias","article_publisher":"https:\/\/facebook.com\/sunoresearch","og_image":[{"width":1024,"height":683,"url":"https:\/\/files.sunoresearch.com.br\/n\/uploads\/2019\/11\/9261ecfd-br-distribuidora-1024x683.jpg","type":"image\/jpeg"}],"author":"Poliana Santos","twitter_card":"summary_large_image","twitter_creator":"@sunoresearch","twitter_site":"@sunoresearch","twitter_misc":{"Escrito por":"Poliana Santos","Est. tempo de leitura":"2 minutos"},"schema":{"@context":"https:\/\/schema.org","@graph":[{"@type":"NewsArticle","@id":"https:\/\/www.suno.com.br\/noticias\/br-distribuidora-e-lojas-americanas-lojas-de-conveniencia\/#article","isPartOf":{"@id":"https:\/\/www.suno.com.br\/noticias\/br-distribuidora-e-lojas-americanas-lojas-de-conveniencia\/"},"author":{"name":"Poliana Santos","@id":"https:\/\/www.suno.com.br\/noticias\/#\/schema\/person\/02ec1f752758247878a2bf4abee1aeda"},"headline":"BR Distribuidora e Americanas far\u00e3o acordo comercial, diz jornal","datePublished":"2020-11-12T16:18:54+00:00","dateModified":"2021-05-30T19:39:59+00:00","mainEntityOfPage":{"@id":"https:\/\/www.suno.com.br\/noticias\/br-distribuidora-e-lojas-americanas-lojas-de-conveniencia\/"},"wordCount":376,"publisher":{"@id":"https:\/\/www.suno.com.br\/noticias\/#organization"},"image":{"@id":"https:\/\/www.suno.com.br\/noticias\/br-distribuidora-e-lojas-americanas-lojas-de-conveniencia\/#primaryimage"},"thumbnailUrl":"https:\/\/files.sunoresearch.com.br\/n\/uploads\/2019\/11\/9261ecfd-br-distribuidora-scaled.webp","keywords":["B2W Digital (BTOW3)","Lojas Americanas (LAME3\/LAME4)","Magazine Luiza (MGLU3)","Via (VIIA3)","Vibra Energia (VBBR3)"],"articleSection":["Neg\u00f3cios"],"inLanguage":"pt-BR"},{"@type":"WebPage","@id":"https:\/\/www.suno.com.br\/noticias\/br-distribuidora-e-lojas-americanas-lojas-de-conveniencia\/","url":"https:\/\/www.suno.com.br\/noticias\/br-distribuidora-e-lojas-americanas-lojas-de-conveniencia\/","name":"BR Distribuidora e Americanas far\u00e3o acordo comercial, diz jornal","isPartOf":{"@id":"https:\/\/www.suno.com.br\/noticias\/#website"},"primaryImageOfPage":{"@id":"https:\/\/www.suno.com.br\/noticias\/br-distribuidora-e-lojas-americanas-lojas-de-conveniencia\/#primaryimage"},"image":{"@id":"https:\/\/www.suno.com.br\/noticias\/br-distribuidora-e-lojas-americanas-lojas-de-conveniencia\/#primaryimage"},"thumbnailUrl":"https:\/\/files.sunoresearch.com.br\/n\/uploads\/2019\/11\/9261ecfd-br-distribuidora-scaled.webp","datePublished":"2020-11-12T16:18:54+00:00","dateModified":"2021-05-30T19:39:59+00:00","description":"A BR Distribuidora (BRDT3), e a Lojas Americanas (LAME4) est\u00e3o avan\u00e7ando na discuss\u00e3o sobre lojas de conveni\u00eancia. Clique aqui e saiba mais","breadcrumb":{"@id":"https:\/\/www.suno.com.br\/noticias\/br-distribuidora-e-lojas-americanas-lojas-de-conveniencia\/#breadcrumb"},"inLanguage":"pt-BR","potentialAction":[{"@type":"ReadAction","target":["https:\/\/www.suno.com.br\/noticias\/br-distribuidora-e-lojas-americanas-lojas-de-conveniencia\/"]}]},{"@type":"ImageObject","inLanguage":"pt-BR","@id":"https:\/\/www.suno.com.br\/noticias\/br-distribuidora-e-lojas-americanas-lojas-de-conveniencia\/#primaryimage","url":"https:\/\/files.sunoresearch.com.br\/n\/uploads\/2019\/11\/9261ecfd-br-distribuidora-scaled.webp","contentUrl":"https:\/\/files.sunoresearch.com.br\/n\/uploads\/2019\/11\/9261ecfd-br-distribuidora-scaled.webp","width":2560,"height":1707,"caption":"Vibra (VBBR3)"},{"@type":"BreadcrumbList","@id":"https:\/\/www.suno.com.br\/noticias\/br-distribuidora-e-lojas-americanas-lojas-de-conveniencia\/#breadcrumb","itemListElement":[{"@type":"ListItem","position":1,"name":"Not\u00edcias","item":"https:\/\/www.suno.com.br\/noticias\/"},{"@type":"ListItem","position":2,"name":"Neg\u00f3cios","item":"https:\/\/www.suno.com.br\/noticias\/negocios\/"},{"@type":"ListItem","position":3,"name":"BR Distribuidora e Americanas far\u00e3o acordo comercial, diz jornal"}]},{"@type":"WebSite","@id":"https:\/\/www.suno.com.br\/noticias\/#website","url":"https:\/\/www.suno.com.br\/noticias\/","name":"Suno Not\u00edcias","description":"Seu portal de informa\u00e7\u00e3o sobre o mundo dos investimentos","publisher":{"@id":"https:\/\/www.suno.com.br\/noticias\/#organization"},"potentialAction":[{"@type":"SearchAction","target":{"@type":"EntryPoint","urlTemplate":"https:\/\/www.suno.com.br\/noticias\/?s={search_term_string}"},"query-input":{"@type":"PropertyValueSpecification","valueRequired":true,"valueName":"search_term_string"}}],"inLanguage":"pt-BR"},{"@type":"Organization","@id":"https:\/\/www.suno.com.br\/noticias\/#organization","name":"Suno Not\u00edcias","url":"https:\/\/www.suno.com.br\/noticias\/","logo":{"@type":"ImageObject","inLanguage":"pt-BR","@id":"https:\/\/www.suno.com.br\/noticias\/#\/schema\/logo\/image\/","url":"https:\/\/files.sunoresearch.com.br\/n\/uploads\/2021\/09\/suno-logo.png","contentUrl":"https:\/\/files.sunoresearch.com.br\/n\/uploads\/2021\/09\/suno-logo.png","width":180,"height":180,"caption":"Suno Not\u00edcias"},"image":{"@id":"https:\/\/www.suno.com.br\/noticias\/#\/schema\/logo\/image\/"},"sameAs":["https:\/\/facebook.com\/sunoresearch","https:\/\/x.com\/sunoresearch","https:\/\/www.instagram.com\/suno","https:\/\/www.linkedin.com\/company\/suno-research\/","https:\/\/www.youtube.com\/c\/sunoresearch"]},{"@type":"Person","@id":"https:\/\/www.suno.com.br\/noticias\/#\/schema\/person\/02ec1f752758247878a2bf4abee1aeda","name":"Poliana Santos","image":{"@type":"ImageObject","inLanguage":"pt-BR","@id":"https:\/\/www.suno.com.br\/noticias\/#\/schema\/person\/image\/","url":"https:\/\/secure.gravatar.com\/avatar\/0645bd32f23d87b2130f2b2dff1d3f8d?s=96&r=g","contentUrl":"https:\/\/secure.gravatar.com\/avatar\/0645bd32f23d87b2130f2b2dff1d3f8d?s=96&r=g","caption":"Poliana Santos"},"description":"Rep\u00f3rter no Suno Not\u00edcias, com cobertura em mercado financeiro, economia, finan\u00e7as pessoais, renda fixa e varejo. Jornalista formada pela Faculdade C\u00e1sper L\u00edbero e possui passagem na R\u00e1dio Gazeta AM com a produ\u00e7\u00e3o de conte\u00fado sobre economia, pol\u00edtica, sa\u00fade, moda e m\u00fasica. Possui certificado de conclus\u00e3o do curso de An\u00e1lise de Balan\u00e7os pela Funda\u00e7\u00e3o Bradesco, Agenda Brasil pela FAAP, Educa\u00e7\u00e3o Pol\u00edtica por Alexandre Garcia e do Tesouro Direto e Mercado de A\u00e7\u00f5es pela B3.","url":"https:\/\/www.suno.com.br\/noticias\/author\/poliana-santos\/"}]}},"default_loop_html":"<div class=\"cardsPage__listCard__boxs\"><div class=\"cardsPage__listCard__boxs__img\"><a href=\"https:\/\/www.suno.com.br\/noticias\/br-distribuidora-e-lojas-americanas-lojas-de-conveniencia\/\"><img class=\"mask\" src=\"https:\/\/www.suno.com.br\/noticias\/wp-content\/themes\/suno\/resources\/images\/spotlight\/spotlight1img\/bg-mask.png\" alt=\"Image Mask\"\/><img src=\"https:\/\/files.sunoresearch.com.br\/n\/uploads\/2019\/11\/9261ecfd-br-distribuidora-400x200.webp\" alt=\"BR Distribuidora e Americanas far\u00e3o acordo comercial, diz jornal\"\/><\/a><span class=\"spotlightCategory\"><a href=\"https:\/\/www.suno.com.br\/noticias\/negocios\/\">Neg\u00f3cios<\/a><\/span><\/div><div class=\"cardsPage__listCard__boxs__content\"><a href=\"https:\/\/www.suno.com.br\/noticias\/br-distribuidora-e-lojas-americanas-lojas-de-conveniencia\/\"><h2 class=\"content__title\">BR Distribuidora e Americanas far\u00e3o acordo comercial, diz jornal<\/h2><\/a><div class=\"newsContent__article__meta\"><div class=\"newsContent__article__meta__authorBox\"><a href=\"https:\/\/www.suno.com.br\/noticias\/author\/poliana-santos\/\" class=\"authorBox__avatar noMobi\"><img src=\"https:\/\/files.sunoresearch.com.br\/n\/uploads\/2020\/08\/7ef34026-whatsapp-image-2020-08-03-at-12.37.57-150x150.webp\" alt=\"Poliana Santos\"><\/a><div class=\"authorBox__name\"><span>por\n\t\t\t<a href=\"https:\/\/www.suno.com.br\/noticias\/author\/poliana-santos\/\"><span itemprop=\"author\">Poliana Santos<\/span><\/a><\/span><time datetime=\"2020-11-12T13:18:54-03:00\" itemprop=\"datePublished\">12\/11\/2020 13:18<\/time><\/div><\/div><\/div><\/div><\/div>","single_layout":"posts","amp_enabled":true,"_links":{"self":[{"href":"https:\/\/www.suno.com.br\/noticias\/wp-json\/wp\/v2\/posts\/99740"}],"collection":[{"href":"https:\/\/www.suno.com.br\/noticias\/wp-json\/wp\/v2\/posts"}],"about":[{"href":"https:\/\/www.suno.com.br\/noticias\/wp-json\/wp\/v2\/types\/post"}],"author":[{"embeddable":true,"href":"https:\/\/www.suno.com.br\/noticias\/wp-json\/wp\/v2\/users\/15"}],"replies":[{"embeddable":true,"href":"https:\/\/www.suno.com.br\/noticias\/wp-json\/wp\/v2\/comments?post=99740"}],"version-history":[{"count":1,"href":"https:\/\/www.suno.com.br\/noticias\/wp-json\/wp\/v2\/posts\/99740\/revisions"}],"predecessor-version":[{"id":152381,"href":"https:\/\/www.suno.com.br\/noticias\/wp-json\/wp\/v2\/posts\/99740\/revisions\/152381"}],"wp:featuredmedia":[{"embeddable":true,"href":"https:\/\/www.suno.com.br\/noticias\/wp-json\/wp\/v2\/media\/44170"}],"wp:attachment":[{"href":"https:\/\/www.suno.com.br\/noticias\/wp-json\/wp\/v2\/media?parent=99740"}],"wp:term":[{"taxonomy":"category","embeddable":true,"href":"https:\/\/www.suno.com.br\/noticias\/wp-json\/wp\/v2\/categories?post=99740"},{"taxonomy":"post_tag","embeddable":true,"href":"https:\/\/www.suno.com.br\/noticias\/wp-json\/wp\/v2\/tags?post=99740"},{"taxonomy":"suno_strategy","embeddable":true,"href":"https:\/\/www.suno.com.br\/noticias\/wp-json\/wp\/v2\/suno_strategy?post=99740"}],"curies":[{"name":"wp","href":"https:\/\/api.w.org\/{rel}","templated":true}]}}