{"id":99621,"date":"2020-11-12T09:31:44","date_gmt":"2020-11-12T12:31:44","guid":{"rendered":"https:\/\/www.suno.com.br\/noticias\/?p=99621"},"modified":"2020-11-12T09:31:44","modified_gmt":"2020-11-12T12:31:44","slug":"arezzo-arzz3-reserva-vamoquevamo-aumento-capital","status":"publish","type":"post","link":"https:\/\/www.suno.com.br\/noticias\/arezzo-arzz3-reserva-vamoquevamo-aumento-capital\/","title":{"rendered":"Arezzo (ARZZ3): Conselho aprova incorpora\u00e7\u00e3o da VQV e aumento de capital"},"content":{"rendered":"<p>A <a href=\"https:\/\/www.suno.com.br\/acoes\/arzz3\/\"><strong>Arezzo<\/strong> (ARZZ3)<\/a> comunicou ao mercado que seu conselho de administra\u00e7\u00e3o aprovou a compra da VamoqueVamo (VQV), controladora da empresa de moda Reserva. A opera\u00e7\u00e3o acontecer\u00e1 por meio de incorpora\u00e7\u00e3o de <a href=\"https:\/\/www.suno.com.br\/artigos\/tipos-de-acoes\/\">a\u00e7\u00f5es<\/a> de emiss\u00e3o da VQV pela companhia.<\/p>\t<div class=\"wrapper-featured-image\">\n\t\t<figure class=\"spotlightImg\">\n\n\t\t\t<picture>\n\t\t\t\t<source media=\"(max-width: 768px)\" srcset=\"https:\/\/files.sunoresearch.com.br\/n\/uploads\/2019\/10\/5b2399ba-arezzo--400x200.webp\">\n\t\t\t\t<img loading=\"lazy\" decoding=\"async\" class=\"newsContent__article__imgCapa lazyloadDisabled \" src=\"https:\/\/files.sunoresearch.com.br\/n\/uploads\/2019\/10\/5b2399ba-arezzo--jpg.webp\" width=\"800\" height=\"450\" alt=\"Arezzo (ARZZ3): Conselho aprova incorpora\u00e7\u00e3o da VQV e aumento de capital\" fetchpriority=high \/>\n\t\t\t<\/picture>\n\n\t\t\t<figcaption class=\"wp-caption-text wp-caption-text--show\">Arezzo (ARZZ3): Conselho aprova incorpora\u00e7\u00e3o da VQV e aumento de capital <\/figcaption>\n\t\t<\/figure>\n\t<\/div>\n\n\n\t<p>\n\t\t<a href=\"\" target=\"_blank\" data-element=\"shortcode-suno-banner\" title=\"Banner SUNO, clique e saiba mais\">\n\t\t\t<picture>\n\t\t\t\t<source media=\"(max-width: 500px)\" srcset=\"\">\n\t\t\t\t<img class=\"newsContent__article__imgCapa newsContent__article__imgCapa--banner\"\n\t\t\t\t\tsrc=\"\"\n\t\t\t\t\tdata-promo-id=\"97204\"\t\t\t\t\t\t\t\t\t\t\t\t\t\t\talt=\"\"\n\t\t\t\t>\n\t\t\t<\/picture>\n\t\t<\/a>\n\t<\/p>\n\n\n<p>O conselho da Arezzo tamb\u00e9m aprovou o aumento de capital decorrente da i<strong>ncorpora\u00e7\u00e3o dos pap\u00e9is<\/strong> da VQV. Dessa forma, o <a href=\"https:\/\/www.suno.com.br\/artigos\/capital-social\/\">capital social<\/a> da companhia ser\u00e1 aumentado no montante de R$ 456 milh\u00f5es, mediante a emiss\u00e3o de 8,6 milh\u00f5es de novas <strong>a\u00e7\u00f5es ordin\u00e1rias<\/strong> pelo pre\u00e7o de emiss\u00e3o de R$ 52,55 por a\u00e7\u00e3o.<\/p>\n<p>&#8220;Caso seja aprovada a incorpora\u00e7\u00e3o das <strong>a\u00e7\u00f5es<\/strong>, ser\u00e1 assegurado aos acionistas da companhia que n\u00e3o aprovarem a incorpora\u00e7\u00e3o, com a consequente convers\u00e3o da VQV em subsidi\u00e1ria integral da companhia, seja por dissen\u00e7\u00e3o, absten\u00e7\u00e3o ou n\u00e3o comparecimento, o direito de retirarem-se da companhia&#8221;.<\/p>\n<p><a href=\"https:\/\/lp.suno.com.br\/suno-one\/\">Suno One: acesse gratuitamente eBooks, Minicursos, Artigos e Video Aulas sobre investimentos com um \u00fanico cadastro. Clique para saber mais!<\/a><\/p>\n<p>Nesse caso, observada a possibilidade de revis\u00e3o do valor de <strong>reembolso<\/strong>, os acionistas que exercerem o direito da retirada da Arezzo receber\u00e3o, a t\u00edtulo de reembolso, o montante de R$ 8,20 por a\u00e7\u00e3o, a ser pago no prazo de at\u00e9 30 dias contados da efetiva\u00e7\u00e3o da incorpora\u00e7\u00e3o.<\/p>\n<p>A opera\u00e7\u00e3o est\u00e1 sujeita \u00e0 verifica\u00e7\u00e3o de determinadas condi\u00e7\u00f5es suspensivas incluindo a aprova\u00e7\u00e3o definitiva do <a href=\"https:\/\/www.suno.com.br\/artigos\/cade\/\">Conselho Administrativo de Defesa Econ\u00f4mica (Cade)<\/a>.<\/p>\n<h2>Arezzo anuncia compra da Reserva, avaliada em R$ 715 milh\u00f5es<\/h2>\n<p>A <strong>Arezzo<\/strong> comunicou ao mercado no m\u00eas passado que comprou a empresa de moda Reserva, avaliada em R$ 715 milh\u00f5es. Segundo o documento, a transa\u00e7\u00e3o abrange as marcas Reserva Mini, Oficina Reserva, Reserva Go, INK e EVA.<\/p>\n<p>Com a opera\u00e7\u00e3o, a Arezzo al\u00e9m de vender <strong>cal\u00e7ados<\/strong> e <strong>bolsas<\/strong> passar\u00e1 a comercializar itens de <strong>moda masculina<\/strong>, feminina e infantil. De acordo com a companhia, a opera\u00e7\u00e3o possibilitar\u00e1 uma amplia\u00e7\u00e3o de 3,5 vezes o mercado da empresa.<\/p>\n\t<div data-element=\"shortcode-read-more\" class=\"knowMore\">\n\t\t\t\t<span class=\"knowMore__title\">Saiba Mais<\/span>\n\t\t\t\t<a class=\"knowMore__link\" href=\"https:\/\/www.suno.com.br\/noticias\/arezzo-arzz3-reserva-751-milhoes\/\">\n\t\t\tArezzo (ARZZ3) compra a Reserva, avaliada em R$ 715 milh\u00f5es\t\t<\/a>\n\t<\/div>\n\n\n<p>A Arezzo passa a ser detentora direta da totalidade das a\u00e7\u00f5es de emiss\u00e3o da VamoqueVamo Empreendimentos e Participa\u00e7\u00f5es (VQV), controladora da Reserva, e os <strong>acionistas<\/strong> da Reserva passar\u00e3o a ter 8,7% do capital social da compradora.<\/p>\n<p>Na an\u00e1lise da Arezzo, a combina\u00e7\u00e3o de neg\u00f3cios por meio da opera\u00e7\u00e3o poder\u00e1 gerar &#8220;efeitos positivos consistentes no aumento da capacidade de atra\u00e7\u00e3o de investimentos por meio do mercado financeiro e de capitais, e a melhoria da aprecia\u00e7\u00e3o dos seus ativos, propiciando a cria\u00e7\u00e3o de valor aos acionistas&#8221;.<\/p>\n<p>A Arrezo&amp;Co \u00e9 detentora da <strong>Arezzo<\/strong>, <strong>Schutz<\/strong>, <strong>Birman<\/strong>, <strong>Anacapri<\/strong>, <strong>Fiever<\/strong>, <strong>Alme<\/strong> e \u00e9 distribuidora da <strong>Vans<\/strong> no Brasil.<\/p>\n\t<p>\n\t\t<a href=\"https:\/\/lp.suno.com.br\/planilha-de-controle-de-investimentos\/\" target=\"_blank\" data-element=\"shortcode-suno-banner\" title=\"Banner SUNO, clique e saiba mais\">\n\t\t\t<picture>\n\t\t\t\t<source media=\"(max-width: 500px)\" srcset=\"https:\/\/files.sunoresearch.com.br\/n\/uploads\/2023\/03\/400x300-Controle-de-Investimentos.png\">\n\t\t\t\t<img class=\"newsContent__article__imgCapa newsContent__article__imgCapa--banner\"\n\t\t\t\t\tsrc=\"https:\/\/files.sunoresearch.com.br\/n\/uploads\/2023\/03\/1420x240-Controle-de-Investimentos.png\"\n\t\t\t\t\tdata-promo-id=\"75934\"\t\t\t\t\t\t\t\t\t\twidth='1420' height='240'\t\t\t\t\talt=\"https:\/\/files.sunoresearch.com.br\/n\/uploads\/2023\/03\/1420x240-Controle-de-Investimentos.png\"\n\t\t\t\t>\n\t\t\t<\/picture>\n\t\t<\/a>\n\t<\/p>\n\n\n","protected":false},"excerpt":{"rendered":"<p>A Arezzo (ARZZ3) comunicou ao mercado que seu conselho de administra\u00e7\u00e3o aprovou a compra da VamoqueVamo (VQV), controladora da empresa de moda Reserva. A opera\u00e7\u00e3o acontecer\u00e1 por meio de incorpora\u00e7\u00e3o de a\u00e7\u00f5es de emiss\u00e3o da VQV pela companhia. Arezzo (ARZZ3): Conselho aprova incorpora\u00e7\u00e3o da VQV e aumento de capital O conselho da Arezzo tamb\u00e9m aprovou [&hellip;]<\/p>\n","protected":false},"author":15,"featured_media":39635,"comment_status":"closed","ping_status":"closed","sticky":false,"template":"","format":"standard","meta":[],"categories":[64],"tags":[286,362,104753],"suno_strategy":[],"class_list":["post-99621","post","type-post","status-publish","format-standard","has-post-thumbnail","hentry","category-negocios","tag-acoes","tag-arezzo-arzz3","tag-reserva"],"yoast_head":"<!-- This site is optimized with the Yoast SEO plugin v24.4 - https:\/\/yoast.com\/wordpress\/plugins\/seo\/ -->\n<title>Arezzo (ARZZ3) aprova incorpora\u00e7\u00e3o da VQV e aumento de capital<\/title>\n<meta name=\"description\" content=\"A Arezzo (ARZZ3) aprovou a compra da VamoqueVamo (VQV), controladora da empresa de moda Reserva. Clique aqui e saiba mais\" \/>\n<meta name=\"robots\" content=\"index, follow, max-snippet:-1, max-image-preview:large, max-video-preview:-1\" \/>\n<link rel=\"canonical\" href=\"https:\/\/www.suno.com.br\/noticias\/arezzo-arzz3-reserva-vamoquevamo-aumento-capital\/\" \/>\n<meta property=\"og:locale\" content=\"pt_BR\" \/>\n<meta property=\"og:type\" content=\"article\" \/>\n<meta property=\"og:title\" content=\"Arezzo (ARZZ3) aprova incorpora\u00e7\u00e3o da VQV e aumento de capital\" \/>\n<meta property=\"og:description\" content=\"A Arezzo (ARZZ3) aprovou a compra da VamoqueVamo (VQV), controladora da empresa de moda Reserva. Clique aqui e saiba mais\" \/>\n<meta property=\"og:url\" content=\"https:\/\/www.suno.com.br\/noticias\/arezzo-arzz3-reserva-vamoquevamo-aumento-capital\/\" \/>\n<meta property=\"og:site_name\" content=\"Suno Not\u00edcias\" \/>\n<meta property=\"article:publisher\" content=\"https:\/\/facebook.com\/sunoresearch\" \/>\n<meta property=\"og:image\" content=\"https:\/\/files.sunoresearch.com.br\/n\/uploads\/2019\/10\/5b2399ba-arezzo-.jpg\" \/>\n\t<meta property=\"og:image:width\" content=\"498\" \/>\n\t<meta property=\"og:image:height\" content=\"312\" \/>\n\t<meta property=\"og:image:type\" content=\"image\/jpeg\" \/>\n<meta name=\"author\" content=\"Poliana Santos\" \/>\n<meta name=\"twitter:card\" content=\"summary_large_image\" \/>\n<meta name=\"twitter:creator\" content=\"@sunoresearch\" \/>\n<meta name=\"twitter:site\" content=\"@sunoresearch\" \/>\n<meta name=\"twitter:label1\" content=\"Escrito por\" \/>\n\t<meta name=\"twitter:data1\" content=\"Poliana Santos\" \/>\n\t<meta name=\"twitter:label2\" content=\"Est. tempo de leitura\" \/>\n\t<meta name=\"twitter:data2\" content=\"2 minutos\" \/>\n<script type=\"application\/ld+json\" class=\"yoast-schema-graph\">{\"@context\":\"https:\/\/schema.org\",\"@graph\":[{\"@type\":\"NewsArticle\",\"@id\":\"https:\/\/www.suno.com.br\/noticias\/arezzo-arzz3-reserva-vamoquevamo-aumento-capital\/#article\",\"isPartOf\":{\"@id\":\"https:\/\/www.suno.com.br\/noticias\/arezzo-arzz3-reserva-vamoquevamo-aumento-capital\/\"},\"author\":{\"name\":\"Poliana Santos\",\"@id\":\"https:\/\/www.suno.com.br\/noticias\/#\/schema\/person\/02ec1f752758247878a2bf4abee1aeda\"},\"headline\":\"Arezzo (ARZZ3): Conselho aprova incorpora\u00e7\u00e3o da VQV e aumento de capital\",\"datePublished\":\"2020-11-12T12:31:44+00:00\",\"mainEntityOfPage\":{\"@id\":\"https:\/\/www.suno.com.br\/noticias\/arezzo-arzz3-reserva-vamoquevamo-aumento-capital\/\"},\"wordCount\":477,\"publisher\":{\"@id\":\"https:\/\/www.suno.com.br\/noticias\/#organization\"},\"image\":{\"@id\":\"https:\/\/www.suno.com.br\/noticias\/arezzo-arzz3-reserva-vamoquevamo-aumento-capital\/#primaryimage\"},\"thumbnailUrl\":\"https:\/\/files.sunoresearch.com.br\/n\/uploads\/2019\/10\/5b2399ba-arezzo--jpg.webp\",\"keywords\":[\"A\u00e7\u00f5es\",\"Arezzo (ARZZ3)\",\"Reserva\"],\"articleSection\":[\"Neg\u00f3cios\"],\"inLanguage\":\"pt-BR\"},{\"@type\":\"WebPage\",\"@id\":\"https:\/\/www.suno.com.br\/noticias\/arezzo-arzz3-reserva-vamoquevamo-aumento-capital\/\",\"url\":\"https:\/\/www.suno.com.br\/noticias\/arezzo-arzz3-reserva-vamoquevamo-aumento-capital\/\",\"name\":\"Arezzo (ARZZ3) aprova incorpora\u00e7\u00e3o da VQV e aumento de capital\",\"isPartOf\":{\"@id\":\"https:\/\/www.suno.com.br\/noticias\/#website\"},\"primaryImageOfPage\":{\"@id\":\"https:\/\/www.suno.com.br\/noticias\/arezzo-arzz3-reserva-vamoquevamo-aumento-capital\/#primaryimage\"},\"image\":{\"@id\":\"https:\/\/www.suno.com.br\/noticias\/arezzo-arzz3-reserva-vamoquevamo-aumento-capital\/#primaryimage\"},\"thumbnailUrl\":\"https:\/\/files.sunoresearch.com.br\/n\/uploads\/2019\/10\/5b2399ba-arezzo--jpg.webp\",\"datePublished\":\"2020-11-12T12:31:44+00:00\",\"description\":\"A Arezzo (ARZZ3) aprovou a compra da VamoqueVamo (VQV), controladora da empresa de moda Reserva. Clique aqui e saiba mais\",\"breadcrumb\":{\"@id\":\"https:\/\/www.suno.com.br\/noticias\/arezzo-arzz3-reserva-vamoquevamo-aumento-capital\/#breadcrumb\"},\"inLanguage\":\"pt-BR\",\"potentialAction\":[{\"@type\":\"ReadAction\",\"target\":[\"https:\/\/www.suno.com.br\/noticias\/arezzo-arzz3-reserva-vamoquevamo-aumento-capital\/\"]}]},{\"@type\":\"ImageObject\",\"inLanguage\":\"pt-BR\",\"@id\":\"https:\/\/www.suno.com.br\/noticias\/arezzo-arzz3-reserva-vamoquevamo-aumento-capital\/#primaryimage\",\"url\":\"https:\/\/files.sunoresearch.com.br\/n\/uploads\/2019\/10\/5b2399ba-arezzo--jpg.webp\",\"contentUrl\":\"https:\/\/files.sunoresearch.com.br\/n\/uploads\/2019\/10\/5b2399ba-arezzo--jpg.webp\",\"width\":498,\"height\":312,\"caption\":\"Arezzo (ARZZ3): Conselho aprova incorpora\u00e7\u00e3o da VQV e aumento de capital\"},{\"@type\":\"BreadcrumbList\",\"@id\":\"https:\/\/www.suno.com.br\/noticias\/arezzo-arzz3-reserva-vamoquevamo-aumento-capital\/#breadcrumb\",\"itemListElement\":[{\"@type\":\"ListItem\",\"position\":1,\"name\":\"Not\u00edcias\",\"item\":\"https:\/\/www.suno.com.br\/noticias\/\"},{\"@type\":\"ListItem\",\"position\":2,\"name\":\"Neg\u00f3cios\",\"item\":\"https:\/\/www.suno.com.br\/noticias\/negocios\/\"},{\"@type\":\"ListItem\",\"position\":3,\"name\":\"Arezzo (ARZZ3): Conselho aprova incorpora\u00e7\u00e3o da VQV e aumento de capital\"}]},{\"@type\":\"WebSite\",\"@id\":\"https:\/\/www.suno.com.br\/noticias\/#website\",\"url\":\"https:\/\/www.suno.com.br\/noticias\/\",\"name\":\"Suno Not\u00edcias\",\"description\":\"Seu portal de informa\u00e7\u00e3o sobre o mundo dos investimentos\",\"publisher\":{\"@id\":\"https:\/\/www.suno.com.br\/noticias\/#organization\"},\"potentialAction\":[{\"@type\":\"SearchAction\",\"target\":{\"@type\":\"EntryPoint\",\"urlTemplate\":\"https:\/\/www.suno.com.br\/noticias\/?s={search_term_string}\"},\"query-input\":{\"@type\":\"PropertyValueSpecification\",\"valueRequired\":true,\"valueName\":\"search_term_string\"}}],\"inLanguage\":\"pt-BR\"},{\"@type\":\"Organization\",\"@id\":\"https:\/\/www.suno.com.br\/noticias\/#organization\",\"name\":\"Suno Not\u00edcias\",\"url\":\"https:\/\/www.suno.com.br\/noticias\/\",\"logo\":{\"@type\":\"ImageObject\",\"inLanguage\":\"pt-BR\",\"@id\":\"https:\/\/www.suno.com.br\/noticias\/#\/schema\/logo\/image\/\",\"url\":\"https:\/\/files.sunoresearch.com.br\/n\/uploads\/2021\/09\/suno-logo.png\",\"contentUrl\":\"https:\/\/files.sunoresearch.com.br\/n\/uploads\/2021\/09\/suno-logo.png\",\"width\":180,\"height\":180,\"caption\":\"Suno Not\u00edcias\"},\"image\":{\"@id\":\"https:\/\/www.suno.com.br\/noticias\/#\/schema\/logo\/image\/\"},\"sameAs\":[\"https:\/\/facebook.com\/sunoresearch\",\"https:\/\/x.com\/sunoresearch\",\"https:\/\/www.instagram.com\/suno\",\"https:\/\/www.linkedin.com\/company\/suno-research\/\",\"https:\/\/www.youtube.com\/c\/sunoresearch\"]},{\"@type\":\"Person\",\"@id\":\"https:\/\/www.suno.com.br\/noticias\/#\/schema\/person\/02ec1f752758247878a2bf4abee1aeda\",\"name\":\"Poliana Santos\",\"image\":{\"@type\":\"ImageObject\",\"inLanguage\":\"pt-BR\",\"@id\":\"https:\/\/www.suno.com.br\/noticias\/#\/schema\/person\/image\/\",\"url\":\"https:\/\/secure.gravatar.com\/avatar\/0645bd32f23d87b2130f2b2dff1d3f8d?s=96&r=g\",\"contentUrl\":\"https:\/\/secure.gravatar.com\/avatar\/0645bd32f23d87b2130f2b2dff1d3f8d?s=96&r=g\",\"caption\":\"Poliana Santos\"},\"description\":\"Rep\u00f3rter no Suno Not\u00edcias, com cobertura em mercado financeiro, economia, finan\u00e7as pessoais, renda fixa e varejo. Jornalista formada pela Faculdade C\u00e1sper L\u00edbero e possui passagem na R\u00e1dio Gazeta AM com a produ\u00e7\u00e3o de conte\u00fado sobre economia, pol\u00edtica, sa\u00fade, moda e m\u00fasica. Possui certificado de conclus\u00e3o do curso de An\u00e1lise de Balan\u00e7os pela Funda\u00e7\u00e3o Bradesco, Agenda Brasil pela FAAP, Educa\u00e7\u00e3o Pol\u00edtica por Alexandre Garcia e do Tesouro Direto e Mercado de A\u00e7\u00f5es pela B3.\",\"url\":\"https:\/\/www.suno.com.br\/noticias\/author\/poliana-santos\/\"}]}<\/script>\n<!-- \/ Yoast SEO plugin. -->","yoast_head_json":{"title":"Arezzo (ARZZ3) aprova incorpora\u00e7\u00e3o da VQV e aumento de capital","description":"A Arezzo (ARZZ3) aprovou a compra da VamoqueVamo (VQV), controladora da empresa de moda Reserva. Clique aqui e saiba mais","robots":{"index":"index","follow":"follow","max-snippet":"max-snippet:-1","max-image-preview":"max-image-preview:large","max-video-preview":"max-video-preview:-1"},"canonical":"https:\/\/www.suno.com.br\/noticias\/arezzo-arzz3-reserva-vamoquevamo-aumento-capital\/","og_locale":"pt_BR","og_type":"article","og_title":"Arezzo (ARZZ3) aprova incorpora\u00e7\u00e3o da VQV e aumento de capital","og_description":"A Arezzo (ARZZ3) aprovou a compra da VamoqueVamo (VQV), controladora da empresa de moda Reserva. Clique aqui e saiba mais","og_url":"https:\/\/www.suno.com.br\/noticias\/arezzo-arzz3-reserva-vamoquevamo-aumento-capital\/","og_site_name":"Suno Not\u00edcias","article_publisher":"https:\/\/facebook.com\/sunoresearch","og_image":[{"width":498,"height":312,"url":"https:\/\/files.sunoresearch.com.br\/n\/uploads\/2019\/10\/5b2399ba-arezzo-.jpg","type":"image\/jpeg"}],"author":"Poliana Santos","twitter_card":"summary_large_image","twitter_creator":"@sunoresearch","twitter_site":"@sunoresearch","twitter_misc":{"Escrito por":"Poliana Santos","Est. tempo de leitura":"2 minutos"},"schema":{"@context":"https:\/\/schema.org","@graph":[{"@type":"NewsArticle","@id":"https:\/\/www.suno.com.br\/noticias\/arezzo-arzz3-reserva-vamoquevamo-aumento-capital\/#article","isPartOf":{"@id":"https:\/\/www.suno.com.br\/noticias\/arezzo-arzz3-reserva-vamoquevamo-aumento-capital\/"},"author":{"name":"Poliana Santos","@id":"https:\/\/www.suno.com.br\/noticias\/#\/schema\/person\/02ec1f752758247878a2bf4abee1aeda"},"headline":"Arezzo (ARZZ3): Conselho aprova incorpora\u00e7\u00e3o da VQV e aumento de capital","datePublished":"2020-11-12T12:31:44+00:00","mainEntityOfPage":{"@id":"https:\/\/www.suno.com.br\/noticias\/arezzo-arzz3-reserva-vamoquevamo-aumento-capital\/"},"wordCount":477,"publisher":{"@id":"https:\/\/www.suno.com.br\/noticias\/#organization"},"image":{"@id":"https:\/\/www.suno.com.br\/noticias\/arezzo-arzz3-reserva-vamoquevamo-aumento-capital\/#primaryimage"},"thumbnailUrl":"https:\/\/files.sunoresearch.com.br\/n\/uploads\/2019\/10\/5b2399ba-arezzo--jpg.webp","keywords":["A\u00e7\u00f5es","Arezzo (ARZZ3)","Reserva"],"articleSection":["Neg\u00f3cios"],"inLanguage":"pt-BR"},{"@type":"WebPage","@id":"https:\/\/www.suno.com.br\/noticias\/arezzo-arzz3-reserva-vamoquevamo-aumento-capital\/","url":"https:\/\/www.suno.com.br\/noticias\/arezzo-arzz3-reserva-vamoquevamo-aumento-capital\/","name":"Arezzo (ARZZ3) aprova incorpora\u00e7\u00e3o da VQV e aumento de capital","isPartOf":{"@id":"https:\/\/www.suno.com.br\/noticias\/#website"},"primaryImageOfPage":{"@id":"https:\/\/www.suno.com.br\/noticias\/arezzo-arzz3-reserva-vamoquevamo-aumento-capital\/#primaryimage"},"image":{"@id":"https:\/\/www.suno.com.br\/noticias\/arezzo-arzz3-reserva-vamoquevamo-aumento-capital\/#primaryimage"},"thumbnailUrl":"https:\/\/files.sunoresearch.com.br\/n\/uploads\/2019\/10\/5b2399ba-arezzo--jpg.webp","datePublished":"2020-11-12T12:31:44+00:00","description":"A Arezzo (ARZZ3) aprovou a compra da VamoqueVamo (VQV), controladora da empresa de moda Reserva. Clique aqui e saiba mais","breadcrumb":{"@id":"https:\/\/www.suno.com.br\/noticias\/arezzo-arzz3-reserva-vamoquevamo-aumento-capital\/#breadcrumb"},"inLanguage":"pt-BR","potentialAction":[{"@type":"ReadAction","target":["https:\/\/www.suno.com.br\/noticias\/arezzo-arzz3-reserva-vamoquevamo-aumento-capital\/"]}]},{"@type":"ImageObject","inLanguage":"pt-BR","@id":"https:\/\/www.suno.com.br\/noticias\/arezzo-arzz3-reserva-vamoquevamo-aumento-capital\/#primaryimage","url":"https:\/\/files.sunoresearch.com.br\/n\/uploads\/2019\/10\/5b2399ba-arezzo--jpg.webp","contentUrl":"https:\/\/files.sunoresearch.com.br\/n\/uploads\/2019\/10\/5b2399ba-arezzo--jpg.webp","width":498,"height":312,"caption":"Arezzo (ARZZ3): Conselho aprova incorpora\u00e7\u00e3o da VQV e aumento de capital"},{"@type":"BreadcrumbList","@id":"https:\/\/www.suno.com.br\/noticias\/arezzo-arzz3-reserva-vamoquevamo-aumento-capital\/#breadcrumb","itemListElement":[{"@type":"ListItem","position":1,"name":"Not\u00edcias","item":"https:\/\/www.suno.com.br\/noticias\/"},{"@type":"ListItem","position":2,"name":"Neg\u00f3cios","item":"https:\/\/www.suno.com.br\/noticias\/negocios\/"},{"@type":"ListItem","position":3,"name":"Arezzo (ARZZ3): Conselho aprova incorpora\u00e7\u00e3o da VQV e aumento de capital"}]},{"@type":"WebSite","@id":"https:\/\/www.suno.com.br\/noticias\/#website","url":"https:\/\/www.suno.com.br\/noticias\/","name":"Suno Not\u00edcias","description":"Seu portal de informa\u00e7\u00e3o sobre o mundo dos investimentos","publisher":{"@id":"https:\/\/www.suno.com.br\/noticias\/#organization"},"potentialAction":[{"@type":"SearchAction","target":{"@type":"EntryPoint","urlTemplate":"https:\/\/www.suno.com.br\/noticias\/?s={search_term_string}"},"query-input":{"@type":"PropertyValueSpecification","valueRequired":true,"valueName":"search_term_string"}}],"inLanguage":"pt-BR"},{"@type":"Organization","@id":"https:\/\/www.suno.com.br\/noticias\/#organization","name":"Suno Not\u00edcias","url":"https:\/\/www.suno.com.br\/noticias\/","logo":{"@type":"ImageObject","inLanguage":"pt-BR","@id":"https:\/\/www.suno.com.br\/noticias\/#\/schema\/logo\/image\/","url":"https:\/\/files.sunoresearch.com.br\/n\/uploads\/2021\/09\/suno-logo.png","contentUrl":"https:\/\/files.sunoresearch.com.br\/n\/uploads\/2021\/09\/suno-logo.png","width":180,"height":180,"caption":"Suno Not\u00edcias"},"image":{"@id":"https:\/\/www.suno.com.br\/noticias\/#\/schema\/logo\/image\/"},"sameAs":["https:\/\/facebook.com\/sunoresearch","https:\/\/x.com\/sunoresearch","https:\/\/www.instagram.com\/suno","https:\/\/www.linkedin.com\/company\/suno-research\/","https:\/\/www.youtube.com\/c\/sunoresearch"]},{"@type":"Person","@id":"https:\/\/www.suno.com.br\/noticias\/#\/schema\/person\/02ec1f752758247878a2bf4abee1aeda","name":"Poliana Santos","image":{"@type":"ImageObject","inLanguage":"pt-BR","@id":"https:\/\/www.suno.com.br\/noticias\/#\/schema\/person\/image\/","url":"https:\/\/secure.gravatar.com\/avatar\/0645bd32f23d87b2130f2b2dff1d3f8d?s=96&r=g","contentUrl":"https:\/\/secure.gravatar.com\/avatar\/0645bd32f23d87b2130f2b2dff1d3f8d?s=96&r=g","caption":"Poliana Santos"},"description":"Rep\u00f3rter no Suno Not\u00edcias, com cobertura em mercado financeiro, economia, finan\u00e7as pessoais, renda fixa e varejo. Jornalista formada pela Faculdade C\u00e1sper L\u00edbero e possui passagem na R\u00e1dio Gazeta AM com a produ\u00e7\u00e3o de conte\u00fado sobre economia, pol\u00edtica, sa\u00fade, moda e m\u00fasica. Possui certificado de conclus\u00e3o do curso de An\u00e1lise de Balan\u00e7os pela Funda\u00e7\u00e3o Bradesco, Agenda Brasil pela FAAP, Educa\u00e7\u00e3o Pol\u00edtica por Alexandre Garcia e do Tesouro Direto e Mercado de A\u00e7\u00f5es pela B3.","url":"https:\/\/www.suno.com.br\/noticias\/author\/poliana-santos\/"}]}},"default_loop_html":"<div class=\"cardsPage__listCard__boxs\"><div class=\"cardsPage__listCard__boxs__img\"><a href=\"https:\/\/www.suno.com.br\/noticias\/arezzo-arzz3-reserva-vamoquevamo-aumento-capital\/\"><img class=\"mask\" src=\"https:\/\/www.suno.com.br\/noticias\/wp-content\/themes\/suno\/resources\/images\/spotlight\/spotlight1img\/bg-mask.png\" alt=\"Image Mask\"\/><img src=\"https:\/\/files.sunoresearch.com.br\/n\/uploads\/2019\/10\/5b2399ba-arezzo--400x200.webp\" alt=\"Arezzo (ARZZ3): Conselho aprova incorpora\u00e7\u00e3o da VQV e aumento de capital\"\/><\/a><span class=\"spotlightCategory\"><a href=\"https:\/\/www.suno.com.br\/noticias\/negocios\/\">Neg\u00f3cios<\/a><\/span><\/div><div class=\"cardsPage__listCard__boxs__content\"><a href=\"https:\/\/www.suno.com.br\/noticias\/arezzo-arzz3-reserva-vamoquevamo-aumento-capital\/\"><h2 class=\"content__title\">Arezzo (ARZZ3): Conselho aprova incorpora\u00e7\u00e3o da VQV e aumento de capital<\/h2><\/a><div class=\"newsContent__article__meta\"><div class=\"newsContent__article__meta__authorBox\"><a href=\"https:\/\/www.suno.com.br\/noticias\/author\/poliana-santos\/\" class=\"authorBox__avatar noMobi\"><img src=\"https:\/\/files.sunoresearch.com.br\/n\/uploads\/2020\/08\/7ef34026-whatsapp-image-2020-08-03-at-12.37.57-150x150.webp\" alt=\"Poliana Santos\"><\/a><div class=\"authorBox__name\"><span>por\n\t\t\t<a href=\"https:\/\/www.suno.com.br\/noticias\/author\/poliana-santos\/\"><span itemprop=\"author\">Poliana Santos<\/span><\/a><\/span><time datetime=\"2020-11-12T09:31:44-03:00\" itemprop=\"datePublished\">12\/11\/2020 09:31<\/time><\/div><\/div><\/div><\/div><\/div>","single_layout":"posts","amp_enabled":true,"_links":{"self":[{"href":"https:\/\/www.suno.com.br\/noticias\/wp-json\/wp\/v2\/posts\/99621"}],"collection":[{"href":"https:\/\/www.suno.com.br\/noticias\/wp-json\/wp\/v2\/posts"}],"about":[{"href":"https:\/\/www.suno.com.br\/noticias\/wp-json\/wp\/v2\/types\/post"}],"author":[{"embeddable":true,"href":"https:\/\/www.suno.com.br\/noticias\/wp-json\/wp\/v2\/users\/15"}],"replies":[{"embeddable":true,"href":"https:\/\/www.suno.com.br\/noticias\/wp-json\/wp\/v2\/comments?post=99621"}],"version-history":[{"count":0,"href":"https:\/\/www.suno.com.br\/noticias\/wp-json\/wp\/v2\/posts\/99621\/revisions"}],"wp:featuredmedia":[{"embeddable":true,"href":"https:\/\/www.suno.com.br\/noticias\/wp-json\/wp\/v2\/media\/39635"}],"wp:attachment":[{"href":"https:\/\/www.suno.com.br\/noticias\/wp-json\/wp\/v2\/media?parent=99621"}],"wp:term":[{"taxonomy":"category","embeddable":true,"href":"https:\/\/www.suno.com.br\/noticias\/wp-json\/wp\/v2\/categories?post=99621"},{"taxonomy":"post_tag","embeddable":true,"href":"https:\/\/www.suno.com.br\/noticias\/wp-json\/wp\/v2\/tags?post=99621"},{"taxonomy":"suno_strategy","embeddable":true,"href":"https:\/\/www.suno.com.br\/noticias\/wp-json\/wp\/v2\/suno_strategy?post=99621"}],"curies":[{"name":"wp","href":"https:\/\/api.w.org\/{rel}","templated":true}]}}