{"id":9962,"date":"2018-12-28T10:14:58","date_gmt":"2018-12-28T12:14:58","guid":{"rendered":"https:\/\/www.suno.com.br\/noticias\/?p=9962"},"modified":"2018-12-28T14:41:52","modified_gmt":"2018-12-28T16:41:52","slug":"ibovespa-abre-em-alta-nesta-sexta-feira","status":"publish","type":"post","link":"https:\/\/www.suno.com.br\/noticias\/ibovespa-abre-em-alta-nesta-sexta-feira\/","title":{"rendered":"Ibovespa abre em alta nesta sexta-feira"},"content":{"rendered":"<p>O Ibovespa apresenta alta na abertura desta sexta-feira (28).<\/p>\t<div class=\"wrapper-featured-image\">\n\t\t<figure class=\"spotlightImg\">\n\n\t\t\t<picture>\n\t\t\t\t<source media=\"(max-width: 768px)\" srcset=\"https:\/\/files.sunoresearch.com.br\/n\/uploads\/2018\/09\/960b312f-ibovespa-dolar-400x200.webp\">\n\t\t\t\t<img loading=\"lazy\" decoding=\"async\" class=\"newsContent__article__imgCapa lazyloadDisabled newsContent__article__imgCapa--noCaption\" src=\"https:\/\/files.sunoresearch.com.br\/n\/uploads\/2018\/09\/960b312f-ibovespa-dolar-800x450.webp\" width=\"800\" height=\"450\" alt=\"Ibovespa abre em alta nesta sexta-feira\" fetchpriority=high \/>\n\t\t\t<\/picture>\n\n\t\t\t<figcaption class=\"wp-caption-text wp-caption-text--hide\">Na manh\u00e3 de hoje, por volta das 10h05, o Ibovespa apresentava leve queda de 0,02%, alcan\u00e7ando 101.334,55 pontos<\/figcaption>\n\t\t<\/figure>\n\t<\/div>\n\n\n<p>\u00c0s 10h08, a alta era de 0,79% a 86.138,27\u00a0 pontos.<\/p>\n<p>Entre os destaques, Gol e Eletrobras apresentam alta de mais de 1%.<\/p>\n<p>O Ibovespa registrou queda de 0,65% na \u00faltima quinta-feira (27), totalizando 84.914,11.<\/p>\n<p><a href=\"https:\/\/www.suno.com.br\/noticias\/dolar-opera-em-queda-nesta-sexta-feira\/\">Saiba mais:\u00a0D\u00f3lar opera em queda nesta sexta-feira<\/a><\/p>\n<h2>Cen\u00e1rio Interno<\/h2>\n<ul>\n<li><strong>D\u00e9ficit prim\u00e1rio:<\/strong>\u00a0O m\u00eas de novembro registrou um d\u00e9ficit prim\u00e1rio de R$ 16,206 bilh\u00f5es. No mesmo per\u00edodo de 2017, o rombo foi de R$ 1,261 bilh\u00e3o. O d\u00e9ficit prim\u00e1rio \u00e9 quando h\u00e1 mais despesas do que receitas, sem contar os juros da d\u00edvida. De acordo com secret\u00e1rio-substituto do Tesouro Nacional, Otavio Ladeira, a piora no resultado se deu por conta de recursos extraordin\u00e1rios registrados em novembro de 2017.<\/li>\n<li><strong>Taxa de desemprego:\u00a0<\/strong>O Instituto Brasileiro de Geografia e Estat\u00edsticas (IBGE) divulgou nesta sexta-feira (28) a taxa de desemprego. Ela ficou em 11,6%. Com isso,\u00a0 o resultado confirma a tend\u00eancia de queda verificada nos \u00faltimos meses.<\/li>\n<\/ul>\n<p><a href=\"https:\/\/www.suno.com.br\/noticias\/taxa-desemprego-cai-116-ibge\/\">Saiba mais: Taxa de desemprego cai para 11,6%, diz IBGE<\/a><\/p>\n<h2>Cen\u00e1rio Externo<\/h2>\n<ul>\n<li><strong>China:<\/strong> O lucro industrial da China registrou queda de 1,8% ap\u00f3s tr\u00eas anos de crescimento. No m\u00eas de outubro, houve crescimento de 3,6%. Os dados s\u00e3o do Escrit\u00f3rio Nacional de Estat\u00edsticas. Parte das quedas se deve \u00e0 desacelera\u00e7\u00e3o nas vendas. Al\u00e9m disso, a guerra comercial travada contra os Estados Unidos tem afetado a ind\u00fastria do pa\u00eds asi\u00e1tico.<\/li>\n<li><strong>Banco Central Europeu:<\/strong> O Banco Central Europeu (BCE) informou por meio de boletim divulgado nesta quinta-feira (27) que a economia mundial deve passar por um processo de desacelera\u00e7\u00e3o. De acordo com o Banco, \u201colhando para o futuro, a atividade econ\u00f4mica global deve desacelerar em 2019 e permanecer est\u00e1vel depois disso\u201d. As principais causas levantadas pelo BCE s\u00e3o os juros maiores para devedores e as tens\u00f5es comerciais envolvendo China e Estados Unidos.<\/li>\n<\/ul>\n<p><a href=\"https:\/\/www.suno.com.br\/noticias\/economia-deve-desacelerar-2019-bc-europa\/\">Saiba mais: Economia global deve desacelerar em 2019, diz BC da Europa<\/a><\/p>\n<p>O d\u00f3lar abriu em alta na Bolsa de Valores (BM&amp;F Bovespa) nesta sexta-feira(28). \u00c0s 9h09, a moeda ca\u00eda 0,406% a R$ 3,894.<\/p>\n","protected":false},"excerpt":{"rendered":"<p>O Ibovespa apresenta alta na abertura desta sexta-feira (28). Na manh\u00e3 de hoje, por volta das 10h05, o Ibovespa apresentava leve queda de 0,02%, alcan\u00e7ando 101.334,55 pontos \u00c0s 10h08, a alta era de 0,79% a 86.138,27\u00a0 pontos. Entre os destaques, Gol e Eletrobras apresentam alta de mais de 1%. O Ibovespa registrou queda de 0,65% [&hellip;]<\/p>\n","protected":false},"author":14,"featured_media":3506,"comment_status":"closed","ping_status":"closed","sticky":false,"template":"","format":"standard","meta":[],"categories":[60],"tags":[711,326,710,721],"suno_strategy":[],"class_list":["post-9962","post","type-post","status-publish","format-standard","has-post-thumbnail","hentry","category-mercado","tag-china","tag-dolar","tag-europa","tag-ibovespa"],"yoast_head":"<!-- This site is optimized with the Yoast SEO plugin v24.4 - https:\/\/yoast.com\/wordpress\/plugins\/seo\/ -->\n<title>Ibovespa abre em alta nesta sexta-feira<\/title>\n<meta name=\"description\" content=\"No cen\u00e1rio interno, foi divulgado um d\u00e9ficit prim\u00e1rio em novembro. No cen\u00e1rio externo, a China teve queda no lucro industrial. Leia mais.\" \/>\n<meta name=\"robots\" content=\"index, follow, max-snippet:-1, max-image-preview:large, max-video-preview:-1\" \/>\n<link rel=\"canonical\" href=\"https:\/\/www.suno.com.br\/noticias\/ibovespa-abre-em-alta-nesta-sexta-feira\/\" \/>\n<meta property=\"og:locale\" content=\"pt_BR\" \/>\n<meta property=\"og:type\" content=\"article\" \/>\n<meta property=\"og:title\" content=\"Ibovespa abre em alta nesta sexta-feira\" \/>\n<meta property=\"og:description\" content=\"No cen\u00e1rio interno, foi divulgado um d\u00e9ficit prim\u00e1rio em novembro. No cen\u00e1rio externo, a China teve queda no lucro industrial. Leia mais.\" \/>\n<meta property=\"og:url\" content=\"https:\/\/www.suno.com.br\/noticias\/ibovespa-abre-em-alta-nesta-sexta-feira\/\" \/>\n<meta property=\"og:site_name\" content=\"Suno Not\u00edcias\" \/>\n<meta property=\"article:publisher\" content=\"https:\/\/facebook.com\/sunoresearch\" \/>\n<meta property=\"og:image\" content=\"https:\/\/files.sunoresearch.com.br\/n\/uploads\/2018\/09\/960b312f-ibovespa-dolar.jpg\" \/>\n\t<meta property=\"og:image:width\" content=\"1920\" \/>\n\t<meta property=\"og:image:height\" content=\"1280\" \/>\n\t<meta property=\"og:image:type\" content=\"image\/jpeg\" \/>\n<meta name=\"author\" content=\"Renan Dantas\" \/>\n<meta name=\"twitter:card\" content=\"summary_large_image\" \/>\n<meta name=\"twitter:creator\" content=\"@sunoresearch\" \/>\n<meta name=\"twitter:site\" content=\"@sunoresearch\" \/>\n<meta name=\"twitter:label1\" content=\"Escrito por\" \/>\n\t<meta name=\"twitter:data1\" content=\"Renan Dantas\" \/>\n\t<meta name=\"twitter:label2\" content=\"Est. tempo de leitura\" \/>\n\t<meta name=\"twitter:data2\" content=\"2 minutos\" \/>\n<script type=\"application\/ld+json\" class=\"yoast-schema-graph\">{\"@context\":\"https:\/\/schema.org\",\"@graph\":[{\"@type\":\"NewsArticle\",\"@id\":\"https:\/\/www.suno.com.br\/noticias\/ibovespa-abre-em-alta-nesta-sexta-feira\/#article\",\"isPartOf\":{\"@id\":\"https:\/\/www.suno.com.br\/noticias\/ibovespa-abre-em-alta-nesta-sexta-feira\/\"},\"author\":{\"name\":\"Renan Dantas\",\"@id\":\"https:\/\/www.suno.com.br\/noticias\/#\/schema\/person\/3f7693d5795a3f6d5ce15309ee785699\"},\"headline\":\"Ibovespa abre em alta nesta sexta-feira\",\"datePublished\":\"2018-12-28T12:14:58+00:00\",\"dateModified\":\"2018-12-28T16:41:52+00:00\",\"mainEntityOfPage\":{\"@id\":\"https:\/\/www.suno.com.br\/noticias\/ibovespa-abre-em-alta-nesta-sexta-feira\/\"},\"wordCount\":352,\"publisher\":{\"@id\":\"https:\/\/www.suno.com.br\/noticias\/#organization\"},\"image\":{\"@id\":\"https:\/\/www.suno.com.br\/noticias\/ibovespa-abre-em-alta-nesta-sexta-feira\/#primaryimage\"},\"thumbnailUrl\":\"https:\/\/files.sunoresearch.com.br\/n\/uploads\/2018\/09\/960b312f-ibovespa-dolar-jpg.webp\",\"keywords\":[\"China\",\"d\u00f3lar\",\"Europa\",\"Ibovespa\"],\"articleSection\":[\"Mercado\"],\"inLanguage\":\"pt-BR\"},{\"@type\":\"WebPage\",\"@id\":\"https:\/\/www.suno.com.br\/noticias\/ibovespa-abre-em-alta-nesta-sexta-feira\/\",\"url\":\"https:\/\/www.suno.com.br\/noticias\/ibovespa-abre-em-alta-nesta-sexta-feira\/\",\"name\":\"Ibovespa abre em alta nesta sexta-feira\",\"isPartOf\":{\"@id\":\"https:\/\/www.suno.com.br\/noticias\/#website\"},\"primaryImageOfPage\":{\"@id\":\"https:\/\/www.suno.com.br\/noticias\/ibovespa-abre-em-alta-nesta-sexta-feira\/#primaryimage\"},\"image\":{\"@id\":\"https:\/\/www.suno.com.br\/noticias\/ibovespa-abre-em-alta-nesta-sexta-feira\/#primaryimage\"},\"thumbnailUrl\":\"https:\/\/files.sunoresearch.com.br\/n\/uploads\/2018\/09\/960b312f-ibovespa-dolar-jpg.webp\",\"datePublished\":\"2018-12-28T12:14:58+00:00\",\"dateModified\":\"2018-12-28T16:41:52+00:00\",\"description\":\"No cen\u00e1rio interno, foi divulgado um d\u00e9ficit prim\u00e1rio em novembro. No cen\u00e1rio externo, a China teve queda no lucro industrial. Leia mais.\",\"breadcrumb\":{\"@id\":\"https:\/\/www.suno.com.br\/noticias\/ibovespa-abre-em-alta-nesta-sexta-feira\/#breadcrumb\"},\"inLanguage\":\"pt-BR\",\"potentialAction\":[{\"@type\":\"ReadAction\",\"target\":[\"https:\/\/www.suno.com.br\/noticias\/ibovespa-abre-em-alta-nesta-sexta-feira\/\"]}]},{\"@type\":\"ImageObject\",\"inLanguage\":\"pt-BR\",\"@id\":\"https:\/\/www.suno.com.br\/noticias\/ibovespa-abre-em-alta-nesta-sexta-feira\/#primaryimage\",\"url\":\"https:\/\/files.sunoresearch.com.br\/n\/uploads\/2018\/09\/960b312f-ibovespa-dolar-jpg.webp\",\"contentUrl\":\"https:\/\/files.sunoresearch.com.br\/n\/uploads\/2018\/09\/960b312f-ibovespa-dolar-jpg.webp\",\"width\":1920,\"height\":1280,\"caption\":\"Na manh\u00e3 de hoje, por volta das 10h05, o Ibovespa apresentava leve queda de 0,02%, alcan\u00e7ando 101.334,55 pontos\"},{\"@type\":\"BreadcrumbList\",\"@id\":\"https:\/\/www.suno.com.br\/noticias\/ibovespa-abre-em-alta-nesta-sexta-feira\/#breadcrumb\",\"itemListElement\":[{\"@type\":\"ListItem\",\"position\":1,\"name\":\"Not\u00edcias\",\"item\":\"https:\/\/www.suno.com.br\/noticias\/\"},{\"@type\":\"ListItem\",\"position\":2,\"name\":\"Mercado\",\"item\":\"https:\/\/www.suno.com.br\/noticias\/mercado\/\"},{\"@type\":\"ListItem\",\"position\":3,\"name\":\"Ibovespa abre em alta nesta sexta-feira\"}]},{\"@type\":\"WebSite\",\"@id\":\"https:\/\/www.suno.com.br\/noticias\/#website\",\"url\":\"https:\/\/www.suno.com.br\/noticias\/\",\"name\":\"Suno Not\u00edcias\",\"description\":\"Seu portal de informa\u00e7\u00e3o sobre o mundo dos investimentos\",\"publisher\":{\"@id\":\"https:\/\/www.suno.com.br\/noticias\/#organization\"},\"potentialAction\":[{\"@type\":\"SearchAction\",\"target\":{\"@type\":\"EntryPoint\",\"urlTemplate\":\"https:\/\/www.suno.com.br\/noticias\/?s={search_term_string}\"},\"query-input\":{\"@type\":\"PropertyValueSpecification\",\"valueRequired\":true,\"valueName\":\"search_term_string\"}}],\"inLanguage\":\"pt-BR\"},{\"@type\":\"Organization\",\"@id\":\"https:\/\/www.suno.com.br\/noticias\/#organization\",\"name\":\"Suno Not\u00edcias\",\"url\":\"https:\/\/www.suno.com.br\/noticias\/\",\"logo\":{\"@type\":\"ImageObject\",\"inLanguage\":\"pt-BR\",\"@id\":\"https:\/\/www.suno.com.br\/noticias\/#\/schema\/logo\/image\/\",\"url\":\"https:\/\/files.sunoresearch.com.br\/n\/uploads\/2021\/09\/suno-logo.png\",\"contentUrl\":\"https:\/\/files.sunoresearch.com.br\/n\/uploads\/2021\/09\/suno-logo.png\",\"width\":180,\"height\":180,\"caption\":\"Suno Not\u00edcias\"},\"image\":{\"@id\":\"https:\/\/www.suno.com.br\/noticias\/#\/schema\/logo\/image\/\"},\"sameAs\":[\"https:\/\/facebook.com\/sunoresearch\",\"https:\/\/x.com\/sunoresearch\",\"https:\/\/www.instagram.com\/suno\",\"https:\/\/www.linkedin.com\/company\/suno-research\/\",\"https:\/\/www.youtube.com\/c\/sunoresearch\"]},{\"@type\":\"Person\",\"@id\":\"https:\/\/www.suno.com.br\/noticias\/#\/schema\/person\/3f7693d5795a3f6d5ce15309ee785699\",\"name\":\"Renan Dantas\",\"image\":{\"@type\":\"ImageObject\",\"inLanguage\":\"pt-BR\",\"@id\":\"https:\/\/www.suno.com.br\/noticias\/#\/schema\/person\/image\/\",\"url\":\"https:\/\/secure.gravatar.com\/avatar\/1787b83e7484a08e51d62ac8b41c8396?s=96&r=g\",\"contentUrl\":\"https:\/\/secure.gravatar.com\/avatar\/1787b83e7484a08e51d62ac8b41c8396?s=96&r=g\",\"caption\":\"Renan Dantas\"},\"description\":\"Escreve sobre pol\u00edtica e mercado financeiro para o portal Suno Not\u00edcias. Antes, atuou na assessoria de comunica\u00e7\u00e3o do Minist\u00e9rio P\u00fablico do Trabalho e na R\u00e1dio Mackenzie, onde apresentava e produzia um programa sobre artistas da m\u00fasica brasileira. \u00c9 estudante na Universidade Presbiteriana Mackenzie.\",\"url\":\"https:\/\/www.suno.com.br\/noticias\/author\/renan-dantas\/\"}]}<\/script>\n<!-- \/ Yoast SEO plugin. -->","yoast_head_json":{"title":"Ibovespa abre em alta nesta sexta-feira","description":"No cen\u00e1rio interno, foi divulgado um d\u00e9ficit prim\u00e1rio em novembro. No cen\u00e1rio externo, a China teve queda no lucro industrial. Leia mais.","robots":{"index":"index","follow":"follow","max-snippet":"max-snippet:-1","max-image-preview":"max-image-preview:large","max-video-preview":"max-video-preview:-1"},"canonical":"https:\/\/www.suno.com.br\/noticias\/ibovespa-abre-em-alta-nesta-sexta-feira\/","og_locale":"pt_BR","og_type":"article","og_title":"Ibovespa abre em alta nesta sexta-feira","og_description":"No cen\u00e1rio interno, foi divulgado um d\u00e9ficit prim\u00e1rio em novembro. No cen\u00e1rio externo, a China teve queda no lucro industrial. Leia mais.","og_url":"https:\/\/www.suno.com.br\/noticias\/ibovespa-abre-em-alta-nesta-sexta-feira\/","og_site_name":"Suno Not\u00edcias","article_publisher":"https:\/\/facebook.com\/sunoresearch","og_image":[{"width":1920,"height":1280,"url":"https:\/\/files.sunoresearch.com.br\/n\/uploads\/2018\/09\/960b312f-ibovespa-dolar.jpg","type":"image\/jpeg"}],"author":"Renan Dantas","twitter_card":"summary_large_image","twitter_creator":"@sunoresearch","twitter_site":"@sunoresearch","twitter_misc":{"Escrito por":"Renan Dantas","Est. tempo de leitura":"2 minutos"},"schema":{"@context":"https:\/\/schema.org","@graph":[{"@type":"NewsArticle","@id":"https:\/\/www.suno.com.br\/noticias\/ibovespa-abre-em-alta-nesta-sexta-feira\/#article","isPartOf":{"@id":"https:\/\/www.suno.com.br\/noticias\/ibovespa-abre-em-alta-nesta-sexta-feira\/"},"author":{"name":"Renan Dantas","@id":"https:\/\/www.suno.com.br\/noticias\/#\/schema\/person\/3f7693d5795a3f6d5ce15309ee785699"},"headline":"Ibovespa abre em alta nesta sexta-feira","datePublished":"2018-12-28T12:14:58+00:00","dateModified":"2018-12-28T16:41:52+00:00","mainEntityOfPage":{"@id":"https:\/\/www.suno.com.br\/noticias\/ibovespa-abre-em-alta-nesta-sexta-feira\/"},"wordCount":352,"publisher":{"@id":"https:\/\/www.suno.com.br\/noticias\/#organization"},"image":{"@id":"https:\/\/www.suno.com.br\/noticias\/ibovespa-abre-em-alta-nesta-sexta-feira\/#primaryimage"},"thumbnailUrl":"https:\/\/files.sunoresearch.com.br\/n\/uploads\/2018\/09\/960b312f-ibovespa-dolar-jpg.webp","keywords":["China","d\u00f3lar","Europa","Ibovespa"],"articleSection":["Mercado"],"inLanguage":"pt-BR"},{"@type":"WebPage","@id":"https:\/\/www.suno.com.br\/noticias\/ibovespa-abre-em-alta-nesta-sexta-feira\/","url":"https:\/\/www.suno.com.br\/noticias\/ibovespa-abre-em-alta-nesta-sexta-feira\/","name":"Ibovespa abre em alta nesta sexta-feira","isPartOf":{"@id":"https:\/\/www.suno.com.br\/noticias\/#website"},"primaryImageOfPage":{"@id":"https:\/\/www.suno.com.br\/noticias\/ibovespa-abre-em-alta-nesta-sexta-feira\/#primaryimage"},"image":{"@id":"https:\/\/www.suno.com.br\/noticias\/ibovespa-abre-em-alta-nesta-sexta-feira\/#primaryimage"},"thumbnailUrl":"https:\/\/files.sunoresearch.com.br\/n\/uploads\/2018\/09\/960b312f-ibovespa-dolar-jpg.webp","datePublished":"2018-12-28T12:14:58+00:00","dateModified":"2018-12-28T16:41:52+00:00","description":"No cen\u00e1rio interno, foi divulgado um d\u00e9ficit prim\u00e1rio em novembro. No cen\u00e1rio externo, a China teve queda no lucro industrial. Leia mais.","breadcrumb":{"@id":"https:\/\/www.suno.com.br\/noticias\/ibovespa-abre-em-alta-nesta-sexta-feira\/#breadcrumb"},"inLanguage":"pt-BR","potentialAction":[{"@type":"ReadAction","target":["https:\/\/www.suno.com.br\/noticias\/ibovespa-abre-em-alta-nesta-sexta-feira\/"]}]},{"@type":"ImageObject","inLanguage":"pt-BR","@id":"https:\/\/www.suno.com.br\/noticias\/ibovespa-abre-em-alta-nesta-sexta-feira\/#primaryimage","url":"https:\/\/files.sunoresearch.com.br\/n\/uploads\/2018\/09\/960b312f-ibovespa-dolar-jpg.webp","contentUrl":"https:\/\/files.sunoresearch.com.br\/n\/uploads\/2018\/09\/960b312f-ibovespa-dolar-jpg.webp","width":1920,"height":1280,"caption":"Na manh\u00e3 de hoje, por volta das 10h05, o Ibovespa apresentava leve queda de 0,02%, alcan\u00e7ando 101.334,55 pontos"},{"@type":"BreadcrumbList","@id":"https:\/\/www.suno.com.br\/noticias\/ibovespa-abre-em-alta-nesta-sexta-feira\/#breadcrumb","itemListElement":[{"@type":"ListItem","position":1,"name":"Not\u00edcias","item":"https:\/\/www.suno.com.br\/noticias\/"},{"@type":"ListItem","position":2,"name":"Mercado","item":"https:\/\/www.suno.com.br\/noticias\/mercado\/"},{"@type":"ListItem","position":3,"name":"Ibovespa abre em alta nesta sexta-feira"}]},{"@type":"WebSite","@id":"https:\/\/www.suno.com.br\/noticias\/#website","url":"https:\/\/www.suno.com.br\/noticias\/","name":"Suno Not\u00edcias","description":"Seu portal de informa\u00e7\u00e3o sobre o mundo dos investimentos","publisher":{"@id":"https:\/\/www.suno.com.br\/noticias\/#organization"},"potentialAction":[{"@type":"SearchAction","target":{"@type":"EntryPoint","urlTemplate":"https:\/\/www.suno.com.br\/noticias\/?s={search_term_string}"},"query-input":{"@type":"PropertyValueSpecification","valueRequired":true,"valueName":"search_term_string"}}],"inLanguage":"pt-BR"},{"@type":"Organization","@id":"https:\/\/www.suno.com.br\/noticias\/#organization","name":"Suno Not\u00edcias","url":"https:\/\/www.suno.com.br\/noticias\/","logo":{"@type":"ImageObject","inLanguage":"pt-BR","@id":"https:\/\/www.suno.com.br\/noticias\/#\/schema\/logo\/image\/","url":"https:\/\/files.sunoresearch.com.br\/n\/uploads\/2021\/09\/suno-logo.png","contentUrl":"https:\/\/files.sunoresearch.com.br\/n\/uploads\/2021\/09\/suno-logo.png","width":180,"height":180,"caption":"Suno Not\u00edcias"},"image":{"@id":"https:\/\/www.suno.com.br\/noticias\/#\/schema\/logo\/image\/"},"sameAs":["https:\/\/facebook.com\/sunoresearch","https:\/\/x.com\/sunoresearch","https:\/\/www.instagram.com\/suno","https:\/\/www.linkedin.com\/company\/suno-research\/","https:\/\/www.youtube.com\/c\/sunoresearch"]},{"@type":"Person","@id":"https:\/\/www.suno.com.br\/noticias\/#\/schema\/person\/3f7693d5795a3f6d5ce15309ee785699","name":"Renan Dantas","image":{"@type":"ImageObject","inLanguage":"pt-BR","@id":"https:\/\/www.suno.com.br\/noticias\/#\/schema\/person\/image\/","url":"https:\/\/secure.gravatar.com\/avatar\/1787b83e7484a08e51d62ac8b41c8396?s=96&r=g","contentUrl":"https:\/\/secure.gravatar.com\/avatar\/1787b83e7484a08e51d62ac8b41c8396?s=96&r=g","caption":"Renan Dantas"},"description":"Escreve sobre pol\u00edtica e mercado financeiro para o portal Suno Not\u00edcias. Antes, atuou na assessoria de comunica\u00e7\u00e3o do Minist\u00e9rio P\u00fablico do Trabalho e na R\u00e1dio Mackenzie, onde apresentava e produzia um programa sobre artistas da m\u00fasica brasileira. \u00c9 estudante na Universidade Presbiteriana Mackenzie.","url":"https:\/\/www.suno.com.br\/noticias\/author\/renan-dantas\/"}]}},"default_loop_html":"<div class=\"cardsPage__listCard__boxs\"><div class=\"cardsPage__listCard__boxs__img\"><a href=\"https:\/\/www.suno.com.br\/noticias\/ibovespa-abre-em-alta-nesta-sexta-feira\/\"><img class=\"mask\" src=\"https:\/\/www.suno.com.br\/noticias\/wp-content\/themes\/suno\/resources\/images\/spotlight\/spotlight1img\/bg-mask.png\" alt=\"Image Mask\"\/><img src=\"https:\/\/files.sunoresearch.com.br\/n\/uploads\/2018\/09\/960b312f-ibovespa-dolar-400x200.webp\" alt=\"Ibovespa abre em alta nesta sexta-feira\"\/><\/a><span class=\"spotlightCategory\"><a href=\"https:\/\/www.suno.com.br\/noticias\/mercado\/\">Mercado<\/a><\/span><\/div><div class=\"cardsPage__listCard__boxs__content\"><a href=\"https:\/\/www.suno.com.br\/noticias\/ibovespa-abre-em-alta-nesta-sexta-feira\/\"><h2 class=\"content__title\">Ibovespa abre em alta nesta sexta-feira<\/h2><\/a><div class=\"newsContent__article__meta\"><div class=\"newsContent__article__meta__authorBox\"><a href=\"https:\/\/www.suno.com.br\/noticias\/author\/renan-dantas\/\" class=\"authorBox__avatar noMobi\"><img src=\"https:\/\/secure.gravatar.com\/avatar\/1787b83e7484a08e51d62ac8b41c8396?s=96&#038;r=g\" alt=\"Renan Dantas\"><\/a><div class=\"authorBox__name\"><span>por\n\t\t\t<a href=\"https:\/\/www.suno.com.br\/noticias\/author\/renan-dantas\/\"><span itemprop=\"author\">Renan Dantas<\/span><\/a><\/span><time datetime=\"2018-12-28T10:14:58-02:00\" itemprop=\"datePublished\">28\/12\/2018 10:14<\/time><\/div><\/div><\/div><\/div><\/div>","single_layout":"posts","amp_enabled":true,"_links":{"self":[{"href":"https:\/\/www.suno.com.br\/noticias\/wp-json\/wp\/v2\/posts\/9962"}],"collection":[{"href":"https:\/\/www.suno.com.br\/noticias\/wp-json\/wp\/v2\/posts"}],"about":[{"href":"https:\/\/www.suno.com.br\/noticias\/wp-json\/wp\/v2\/types\/post"}],"author":[{"embeddable":true,"href":"https:\/\/www.suno.com.br\/noticias\/wp-json\/wp\/v2\/users\/14"}],"replies":[{"embeddable":true,"href":"https:\/\/www.suno.com.br\/noticias\/wp-json\/wp\/v2\/comments?post=9962"}],"version-history":[{"count":0,"href":"https:\/\/www.suno.com.br\/noticias\/wp-json\/wp\/v2\/posts\/9962\/revisions"}],"wp:featuredmedia":[{"embeddable":true,"href":"https:\/\/www.suno.com.br\/noticias\/wp-json\/wp\/v2\/media\/3506"}],"wp:attachment":[{"href":"https:\/\/www.suno.com.br\/noticias\/wp-json\/wp\/v2\/media?parent=9962"}],"wp:term":[{"taxonomy":"category","embeddable":true,"href":"https:\/\/www.suno.com.br\/noticias\/wp-json\/wp\/v2\/categories?post=9962"},{"taxonomy":"post_tag","embeddable":true,"href":"https:\/\/www.suno.com.br\/noticias\/wp-json\/wp\/v2\/tags?post=9962"},{"taxonomy":"suno_strategy","embeddable":true,"href":"https:\/\/www.suno.com.br\/noticias\/wp-json\/wp\/v2\/suno_strategy?post=9962"}],"curies":[{"name":"wp","href":"https:\/\/api.w.org\/{rel}","templated":true}]}}