{"id":9960,"date":"2018-12-28T09:17:53","date_gmt":"2018-12-28T11:17:53","guid":{"rendered":"https:\/\/www.suno.com.br\/noticias\/?p=9960"},"modified":"2018-12-28T14:24:45","modified_gmt":"2018-12-28T16:24:45","slug":"dolar-opera-em-queda-nesta-sexta-feira","status":"publish","type":"post","link":"https:\/\/www.suno.com.br\/noticias\/dolar-opera-em-queda-nesta-sexta-feira\/","title":{"rendered":"D\u00f3lar opera em queda nesta sexta-feira"},"content":{"rendered":"<p>O d\u00f3lar abriu em baixa na Bolsa de Valores (BM&amp;F Bovespa) nesta sexta-feira (28). \u00c0s 9h10, a moeda ca\u00eda 0,406%, a R$ 3,8784 na venda.<\/p>\t<div class=\"wrapper-featured-image\">\n\t\t<figure class=\"spotlightImg\">\n\n\t\t\t<picture>\n\t\t\t\t<source media=\"(max-width: 768px)\" srcset=\"https:\/\/files.sunoresearch.com.br\/n\/uploads\/2018\/08\/9be94646-money-series-12-1238046-1919x1284-400x200.webp\">\n\t\t\t\t<img loading=\"lazy\" decoding=\"async\" class=\"newsContent__article__imgCapa lazyloadDisabled newsContent__article__imgCapa--noCaption\" src=\"https:\/\/files.sunoresearch.com.br\/n\/uploads\/2018\/08\/9be94646-money-series-12-1238046-1919x1284-800x450.webp\" width=\"800\" height=\"450\" alt=\"D\u00f3lar opera em queda nesta sexta-feira\" fetchpriority=high \/>\n\t\t\t<\/picture>\n\n\t\t\t<figcaption class=\"wp-caption-text wp-caption-text--hide\">O d\u00f3lar hoje fechou em forte queda \u00e0 espera de uma defini\u00e7\u00e3o nos Estados Unidos<\/figcaption>\n\t\t<\/figure>\n\t<\/div>\n\n\n<p>O <strong>d\u00f3lar<\/strong> fechou a sess\u00e3o de quinta-feira (27) com queda de 0,770 %, sendo cotado a R$ 3,894 na venda.<\/p>\n<h2>Cen\u00e1rio Interno<\/h2>\n<ul>\n<li><strong>D\u00e9ficit prim\u00e1rio:<\/strong> A Secret\u00e1ria do Tesouro Nacional divulgou na \u00faltima quinta-feira (27) um d\u00e9ficit prim\u00e1rio de R$ 16,206 bilh\u00f5es em novembro. No mesmo per\u00edodo de 2017, o rombo foi de R$ 1,261 bilh\u00e3o. De acordo com secret\u00e1rio-substituto do Tesouro Nacional, Otavio Ladeira, a piora no resultado se deu por conta de recursos extraordin\u00e1rios registrados em novembro de 2017. O d\u00e9ficit prim\u00e1rio \u00e9 quando h\u00e1 mais despesas do que receitas, sem contar os juros da d\u00edvida.<\/li>\n<\/ul>\n<p><a href=\"https:\/\/www.suno.com.br\/noticias\/contas-governo-deficit-primario-novembro\/\">Saiba mais: Contas do governo t\u00eam d\u00e9ficit prim\u00e1rio de R$ 16,1 bi em novembro<\/a><\/p>\n<h2>Cen\u00e1rio Externo<\/h2>\n<ul>\n<li><strong>China:<\/strong> O lucro da ind\u00fastria chinesa registrou queda ap\u00f3s tr\u00eas anos de alta. Os dados s\u00e3o do Escrit\u00f3rio Nacional de Estat\u00edsticas. De acordo com o instituto, houve redu\u00e7\u00e3o de 1,8% no lucro em compara\u00e7\u00e3o com o mesmo per\u00edodo de 2017. Em outubro a alta foi de 3,6%. Parte das quedas se deve \u00e0 desacelera\u00e7\u00e3o nas vendas. Al\u00e9m disso, a guerra comercial travada contra os Estados Unidos tem afetado a ind\u00fastria do pa\u00eds asi\u00e1tico.<\/li>\n<\/ul>\n<p><a href=\"https:\/\/www.suno.com.br\/noticias\/lucro-industrial-china-queda-anos-crescimento\/\">Saiba mais: Lucro industrial da China tem queda ap\u00f3s tr\u00eas anos de crescimento<\/a><\/p>\n<ul>\n<li><strong>Banco Central Europeu:<\/strong>\u00a0a institui\u00e7\u00e3o divulgou na quinta-feira (27) um relat\u00f3rio econ\u00f4mico alertando para a desacelera\u00e7\u00e3o da economia mundial em 2018. De acordo com o Banco, \u201ca atividade econ\u00f4mica global deve desacelerar em 2019 e permanecer est\u00e1vel depois disso\u201d.<\/li>\n<\/ul>\n","protected":false},"excerpt":{"rendered":"<p>O d\u00f3lar abriu em baixa na Bolsa de Valores (BM&amp;F Bovespa) nesta sexta-feira (28). \u00c0s 9h10, a moeda ca\u00eda 0,406%, a R$ 3,8784 na venda. O d\u00f3lar hoje fechou em forte queda \u00e0 espera de uma defini\u00e7\u00e3o nos Estados Unidos O d\u00f3lar fechou a sess\u00e3o de quinta-feira (27) com queda de 0,770 %, sendo cotado [&hellip;]<\/p>\n","protected":false},"author":14,"featured_media":3046,"comment_status":"closed","ping_status":"closed","sticky":false,"template":"","format":"standard","meta":[],"categories":[60],"tags":[711,326],"suno_strategy":[],"class_list":["post-9960","post","type-post","status-publish","format-standard","has-post-thumbnail","hentry","category-mercado","tag-china","tag-dolar"],"yoast_head":"<!-- This site is optimized with the Yoast SEO plugin v24.4 - https:\/\/yoast.com\/wordpress\/plugins\/seo\/ -->\n<title>D\u00f3lar opera em queda nesta sexta-feira<\/title>\n<meta name=\"description\" content=\"No cen\u00e1rio externo, a China apresentou queda no lucro industrial do m\u00eas de outubro. J\u00e1 o Brasil teve um d\u00e9fict prim\u00e1rio. Clique para ler mais\" \/>\n<meta name=\"robots\" content=\"index, follow, max-snippet:-1, max-image-preview:large, max-video-preview:-1\" \/>\n<link rel=\"canonical\" href=\"https:\/\/www.suno.com.br\/noticias\/dolar-opera-em-queda-nesta-sexta-feira\/\" \/>\n<meta property=\"og:locale\" content=\"pt_BR\" \/>\n<meta property=\"og:type\" content=\"article\" \/>\n<meta property=\"og:title\" content=\"D\u00f3lar opera em queda nesta sexta-feira\" \/>\n<meta property=\"og:description\" content=\"No cen\u00e1rio externo, a China apresentou queda no lucro industrial do m\u00eas de outubro. J\u00e1 o Brasil teve um d\u00e9fict prim\u00e1rio. Clique para ler mais\" \/>\n<meta property=\"og:url\" content=\"https:\/\/www.suno.com.br\/noticias\/dolar-opera-em-queda-nesta-sexta-feira\/\" \/>\n<meta property=\"og:site_name\" content=\"Suno Not\u00edcias\" \/>\n<meta property=\"article:publisher\" content=\"https:\/\/facebook.com\/sunoresearch\" \/>\n<meta property=\"og:image\" content=\"https:\/\/files.sunoresearch.com.br\/n\/uploads\/2018\/08\/9be94646-money-series-12-1238046-1919x1284.jpg\" \/>\n\t<meta property=\"og:image:width\" content=\"1919\" \/>\n\t<meta property=\"og:image:height\" content=\"1285\" \/>\n\t<meta property=\"og:image:type\" content=\"image\/jpeg\" \/>\n<meta name=\"author\" content=\"Renan Dantas\" \/>\n<meta name=\"twitter:card\" content=\"summary_large_image\" \/>\n<meta name=\"twitter:creator\" content=\"@sunoresearch\" \/>\n<meta name=\"twitter:site\" content=\"@sunoresearch\" \/>\n<meta name=\"twitter:label1\" content=\"Escrito por\" \/>\n\t<meta name=\"twitter:data1\" content=\"Renan Dantas\" \/>\n\t<meta name=\"twitter:label2\" content=\"Est. tempo de leitura\" \/>\n\t<meta name=\"twitter:data2\" content=\"1 minuto\" \/>\n<script type=\"application\/ld+json\" class=\"yoast-schema-graph\">{\"@context\":\"https:\/\/schema.org\",\"@graph\":[{\"@type\":\"NewsArticle\",\"@id\":\"https:\/\/www.suno.com.br\/noticias\/dolar-opera-em-queda-nesta-sexta-feira\/#article\",\"isPartOf\":{\"@id\":\"https:\/\/www.suno.com.br\/noticias\/dolar-opera-em-queda-nesta-sexta-feira\/\"},\"author\":{\"name\":\"Renan Dantas\",\"@id\":\"https:\/\/www.suno.com.br\/noticias\/#\/schema\/person\/3f7693d5795a3f6d5ce15309ee785699\"},\"headline\":\"D\u00f3lar opera em queda nesta sexta-feira\",\"datePublished\":\"2018-12-28T11:17:53+00:00\",\"dateModified\":\"2018-12-28T16:24:45+00:00\",\"mainEntityOfPage\":{\"@id\":\"https:\/\/www.suno.com.br\/noticias\/dolar-opera-em-queda-nesta-sexta-feira\/\"},\"wordCount\":295,\"publisher\":{\"@id\":\"https:\/\/www.suno.com.br\/noticias\/#organization\"},\"image\":{\"@id\":\"https:\/\/www.suno.com.br\/noticias\/dolar-opera-em-queda-nesta-sexta-feira\/#primaryimage\"},\"thumbnailUrl\":\"https:\/\/files.sunoresearch.com.br\/n\/uploads\/2018\/08\/9be94646-money-series-12-1238046-1919x1284-jpg.webp\",\"keywords\":[\"China\",\"d\u00f3lar\"],\"articleSection\":[\"Mercado\"],\"inLanguage\":\"pt-BR\"},{\"@type\":\"WebPage\",\"@id\":\"https:\/\/www.suno.com.br\/noticias\/dolar-opera-em-queda-nesta-sexta-feira\/\",\"url\":\"https:\/\/www.suno.com.br\/noticias\/dolar-opera-em-queda-nesta-sexta-feira\/\",\"name\":\"D\u00f3lar opera em queda nesta sexta-feira\",\"isPartOf\":{\"@id\":\"https:\/\/www.suno.com.br\/noticias\/#website\"},\"primaryImageOfPage\":{\"@id\":\"https:\/\/www.suno.com.br\/noticias\/dolar-opera-em-queda-nesta-sexta-feira\/#primaryimage\"},\"image\":{\"@id\":\"https:\/\/www.suno.com.br\/noticias\/dolar-opera-em-queda-nesta-sexta-feira\/#primaryimage\"},\"thumbnailUrl\":\"https:\/\/files.sunoresearch.com.br\/n\/uploads\/2018\/08\/9be94646-money-series-12-1238046-1919x1284-jpg.webp\",\"datePublished\":\"2018-12-28T11:17:53+00:00\",\"dateModified\":\"2018-12-28T16:24:45+00:00\",\"description\":\"No cen\u00e1rio externo, a China apresentou queda no lucro industrial do m\u00eas de outubro. J\u00e1 o Brasil teve um d\u00e9fict prim\u00e1rio. Clique para ler mais\",\"breadcrumb\":{\"@id\":\"https:\/\/www.suno.com.br\/noticias\/dolar-opera-em-queda-nesta-sexta-feira\/#breadcrumb\"},\"inLanguage\":\"pt-BR\",\"potentialAction\":[{\"@type\":\"ReadAction\",\"target\":[\"https:\/\/www.suno.com.br\/noticias\/dolar-opera-em-queda-nesta-sexta-feira\/\"]}]},{\"@type\":\"ImageObject\",\"inLanguage\":\"pt-BR\",\"@id\":\"https:\/\/www.suno.com.br\/noticias\/dolar-opera-em-queda-nesta-sexta-feira\/#primaryimage\",\"url\":\"https:\/\/files.sunoresearch.com.br\/n\/uploads\/2018\/08\/9be94646-money-series-12-1238046-1919x1284-jpg.webp\",\"contentUrl\":\"https:\/\/files.sunoresearch.com.br\/n\/uploads\/2018\/08\/9be94646-money-series-12-1238046-1919x1284-jpg.webp\",\"width\":1919,\"height\":1285,\"caption\":\"O d\u00f3lar hoje fechou em forte queda \u00e0 espera de uma defini\u00e7\u00e3o nos Estados Unidos\"},{\"@type\":\"BreadcrumbList\",\"@id\":\"https:\/\/www.suno.com.br\/noticias\/dolar-opera-em-queda-nesta-sexta-feira\/#breadcrumb\",\"itemListElement\":[{\"@type\":\"ListItem\",\"position\":1,\"name\":\"Not\u00edcias\",\"item\":\"https:\/\/www.suno.com.br\/noticias\/\"},{\"@type\":\"ListItem\",\"position\":2,\"name\":\"Mercado\",\"item\":\"https:\/\/www.suno.com.br\/noticias\/mercado\/\"},{\"@type\":\"ListItem\",\"position\":3,\"name\":\"D\u00f3lar opera em queda nesta sexta-feira\"}]},{\"@type\":\"WebSite\",\"@id\":\"https:\/\/www.suno.com.br\/noticias\/#website\",\"url\":\"https:\/\/www.suno.com.br\/noticias\/\",\"name\":\"Suno Not\u00edcias\",\"description\":\"Seu portal de informa\u00e7\u00e3o sobre o mundo dos investimentos\",\"publisher\":{\"@id\":\"https:\/\/www.suno.com.br\/noticias\/#organization\"},\"potentialAction\":[{\"@type\":\"SearchAction\",\"target\":{\"@type\":\"EntryPoint\",\"urlTemplate\":\"https:\/\/www.suno.com.br\/noticias\/?s={search_term_string}\"},\"query-input\":{\"@type\":\"PropertyValueSpecification\",\"valueRequired\":true,\"valueName\":\"search_term_string\"}}],\"inLanguage\":\"pt-BR\"},{\"@type\":\"Organization\",\"@id\":\"https:\/\/www.suno.com.br\/noticias\/#organization\",\"name\":\"Suno Not\u00edcias\",\"url\":\"https:\/\/www.suno.com.br\/noticias\/\",\"logo\":{\"@type\":\"ImageObject\",\"inLanguage\":\"pt-BR\",\"@id\":\"https:\/\/www.suno.com.br\/noticias\/#\/schema\/logo\/image\/\",\"url\":\"https:\/\/files.sunoresearch.com.br\/n\/uploads\/2021\/09\/suno-logo.png\",\"contentUrl\":\"https:\/\/files.sunoresearch.com.br\/n\/uploads\/2021\/09\/suno-logo.png\",\"width\":180,\"height\":180,\"caption\":\"Suno Not\u00edcias\"},\"image\":{\"@id\":\"https:\/\/www.suno.com.br\/noticias\/#\/schema\/logo\/image\/\"},\"sameAs\":[\"https:\/\/facebook.com\/sunoresearch\",\"https:\/\/x.com\/sunoresearch\",\"https:\/\/www.instagram.com\/suno\",\"https:\/\/www.linkedin.com\/company\/suno-research\/\",\"https:\/\/www.youtube.com\/c\/sunoresearch\"]},{\"@type\":\"Person\",\"@id\":\"https:\/\/www.suno.com.br\/noticias\/#\/schema\/person\/3f7693d5795a3f6d5ce15309ee785699\",\"name\":\"Renan Dantas\",\"image\":{\"@type\":\"ImageObject\",\"inLanguage\":\"pt-BR\",\"@id\":\"https:\/\/www.suno.com.br\/noticias\/#\/schema\/person\/image\/\",\"url\":\"https:\/\/secure.gravatar.com\/avatar\/1787b83e7484a08e51d62ac8b41c8396?s=96&r=g\",\"contentUrl\":\"https:\/\/secure.gravatar.com\/avatar\/1787b83e7484a08e51d62ac8b41c8396?s=96&r=g\",\"caption\":\"Renan Dantas\"},\"description\":\"Escreve sobre pol\u00edtica e mercado financeiro para o portal Suno Not\u00edcias. Antes, atuou na assessoria de comunica\u00e7\u00e3o do Minist\u00e9rio P\u00fablico do Trabalho e na R\u00e1dio Mackenzie, onde apresentava e produzia um programa sobre artistas da m\u00fasica brasileira. \u00c9 estudante na Universidade Presbiteriana Mackenzie.\",\"url\":\"https:\/\/www.suno.com.br\/noticias\/author\/renan-dantas\/\"}]}<\/script>\n<!-- \/ Yoast SEO plugin. -->","yoast_head_json":{"title":"D\u00f3lar opera em queda nesta sexta-feira","description":"No cen\u00e1rio externo, a China apresentou queda no lucro industrial do m\u00eas de outubro. J\u00e1 o Brasil teve um d\u00e9fict prim\u00e1rio. Clique para ler mais","robots":{"index":"index","follow":"follow","max-snippet":"max-snippet:-1","max-image-preview":"max-image-preview:large","max-video-preview":"max-video-preview:-1"},"canonical":"https:\/\/www.suno.com.br\/noticias\/dolar-opera-em-queda-nesta-sexta-feira\/","og_locale":"pt_BR","og_type":"article","og_title":"D\u00f3lar opera em queda nesta sexta-feira","og_description":"No cen\u00e1rio externo, a China apresentou queda no lucro industrial do m\u00eas de outubro. J\u00e1 o Brasil teve um d\u00e9fict prim\u00e1rio. Clique para ler mais","og_url":"https:\/\/www.suno.com.br\/noticias\/dolar-opera-em-queda-nesta-sexta-feira\/","og_site_name":"Suno Not\u00edcias","article_publisher":"https:\/\/facebook.com\/sunoresearch","og_image":[{"width":1919,"height":1285,"url":"https:\/\/files.sunoresearch.com.br\/n\/uploads\/2018\/08\/9be94646-money-series-12-1238046-1919x1284.jpg","type":"image\/jpeg"}],"author":"Renan Dantas","twitter_card":"summary_large_image","twitter_creator":"@sunoresearch","twitter_site":"@sunoresearch","twitter_misc":{"Escrito por":"Renan Dantas","Est. tempo de leitura":"1 minuto"},"schema":{"@context":"https:\/\/schema.org","@graph":[{"@type":"NewsArticle","@id":"https:\/\/www.suno.com.br\/noticias\/dolar-opera-em-queda-nesta-sexta-feira\/#article","isPartOf":{"@id":"https:\/\/www.suno.com.br\/noticias\/dolar-opera-em-queda-nesta-sexta-feira\/"},"author":{"name":"Renan Dantas","@id":"https:\/\/www.suno.com.br\/noticias\/#\/schema\/person\/3f7693d5795a3f6d5ce15309ee785699"},"headline":"D\u00f3lar opera em queda nesta sexta-feira","datePublished":"2018-12-28T11:17:53+00:00","dateModified":"2018-12-28T16:24:45+00:00","mainEntityOfPage":{"@id":"https:\/\/www.suno.com.br\/noticias\/dolar-opera-em-queda-nesta-sexta-feira\/"},"wordCount":295,"publisher":{"@id":"https:\/\/www.suno.com.br\/noticias\/#organization"},"image":{"@id":"https:\/\/www.suno.com.br\/noticias\/dolar-opera-em-queda-nesta-sexta-feira\/#primaryimage"},"thumbnailUrl":"https:\/\/files.sunoresearch.com.br\/n\/uploads\/2018\/08\/9be94646-money-series-12-1238046-1919x1284-jpg.webp","keywords":["China","d\u00f3lar"],"articleSection":["Mercado"],"inLanguage":"pt-BR"},{"@type":"WebPage","@id":"https:\/\/www.suno.com.br\/noticias\/dolar-opera-em-queda-nesta-sexta-feira\/","url":"https:\/\/www.suno.com.br\/noticias\/dolar-opera-em-queda-nesta-sexta-feira\/","name":"D\u00f3lar opera em queda nesta sexta-feira","isPartOf":{"@id":"https:\/\/www.suno.com.br\/noticias\/#website"},"primaryImageOfPage":{"@id":"https:\/\/www.suno.com.br\/noticias\/dolar-opera-em-queda-nesta-sexta-feira\/#primaryimage"},"image":{"@id":"https:\/\/www.suno.com.br\/noticias\/dolar-opera-em-queda-nesta-sexta-feira\/#primaryimage"},"thumbnailUrl":"https:\/\/files.sunoresearch.com.br\/n\/uploads\/2018\/08\/9be94646-money-series-12-1238046-1919x1284-jpg.webp","datePublished":"2018-12-28T11:17:53+00:00","dateModified":"2018-12-28T16:24:45+00:00","description":"No cen\u00e1rio externo, a China apresentou queda no lucro industrial do m\u00eas de outubro. J\u00e1 o Brasil teve um d\u00e9fict prim\u00e1rio. Clique para ler mais","breadcrumb":{"@id":"https:\/\/www.suno.com.br\/noticias\/dolar-opera-em-queda-nesta-sexta-feira\/#breadcrumb"},"inLanguage":"pt-BR","potentialAction":[{"@type":"ReadAction","target":["https:\/\/www.suno.com.br\/noticias\/dolar-opera-em-queda-nesta-sexta-feira\/"]}]},{"@type":"ImageObject","inLanguage":"pt-BR","@id":"https:\/\/www.suno.com.br\/noticias\/dolar-opera-em-queda-nesta-sexta-feira\/#primaryimage","url":"https:\/\/files.sunoresearch.com.br\/n\/uploads\/2018\/08\/9be94646-money-series-12-1238046-1919x1284-jpg.webp","contentUrl":"https:\/\/files.sunoresearch.com.br\/n\/uploads\/2018\/08\/9be94646-money-series-12-1238046-1919x1284-jpg.webp","width":1919,"height":1285,"caption":"O d\u00f3lar hoje fechou em forte queda \u00e0 espera de uma defini\u00e7\u00e3o nos Estados Unidos"},{"@type":"BreadcrumbList","@id":"https:\/\/www.suno.com.br\/noticias\/dolar-opera-em-queda-nesta-sexta-feira\/#breadcrumb","itemListElement":[{"@type":"ListItem","position":1,"name":"Not\u00edcias","item":"https:\/\/www.suno.com.br\/noticias\/"},{"@type":"ListItem","position":2,"name":"Mercado","item":"https:\/\/www.suno.com.br\/noticias\/mercado\/"},{"@type":"ListItem","position":3,"name":"D\u00f3lar opera em queda nesta sexta-feira"}]},{"@type":"WebSite","@id":"https:\/\/www.suno.com.br\/noticias\/#website","url":"https:\/\/www.suno.com.br\/noticias\/","name":"Suno Not\u00edcias","description":"Seu portal de informa\u00e7\u00e3o sobre o mundo dos investimentos","publisher":{"@id":"https:\/\/www.suno.com.br\/noticias\/#organization"},"potentialAction":[{"@type":"SearchAction","target":{"@type":"EntryPoint","urlTemplate":"https:\/\/www.suno.com.br\/noticias\/?s={search_term_string}"},"query-input":{"@type":"PropertyValueSpecification","valueRequired":true,"valueName":"search_term_string"}}],"inLanguage":"pt-BR"},{"@type":"Organization","@id":"https:\/\/www.suno.com.br\/noticias\/#organization","name":"Suno Not\u00edcias","url":"https:\/\/www.suno.com.br\/noticias\/","logo":{"@type":"ImageObject","inLanguage":"pt-BR","@id":"https:\/\/www.suno.com.br\/noticias\/#\/schema\/logo\/image\/","url":"https:\/\/files.sunoresearch.com.br\/n\/uploads\/2021\/09\/suno-logo.png","contentUrl":"https:\/\/files.sunoresearch.com.br\/n\/uploads\/2021\/09\/suno-logo.png","width":180,"height":180,"caption":"Suno Not\u00edcias"},"image":{"@id":"https:\/\/www.suno.com.br\/noticias\/#\/schema\/logo\/image\/"},"sameAs":["https:\/\/facebook.com\/sunoresearch","https:\/\/x.com\/sunoresearch","https:\/\/www.instagram.com\/suno","https:\/\/www.linkedin.com\/company\/suno-research\/","https:\/\/www.youtube.com\/c\/sunoresearch"]},{"@type":"Person","@id":"https:\/\/www.suno.com.br\/noticias\/#\/schema\/person\/3f7693d5795a3f6d5ce15309ee785699","name":"Renan Dantas","image":{"@type":"ImageObject","inLanguage":"pt-BR","@id":"https:\/\/www.suno.com.br\/noticias\/#\/schema\/person\/image\/","url":"https:\/\/secure.gravatar.com\/avatar\/1787b83e7484a08e51d62ac8b41c8396?s=96&r=g","contentUrl":"https:\/\/secure.gravatar.com\/avatar\/1787b83e7484a08e51d62ac8b41c8396?s=96&r=g","caption":"Renan Dantas"},"description":"Escreve sobre pol\u00edtica e mercado financeiro para o portal Suno Not\u00edcias. Antes, atuou na assessoria de comunica\u00e7\u00e3o do Minist\u00e9rio P\u00fablico do Trabalho e na R\u00e1dio Mackenzie, onde apresentava e produzia um programa sobre artistas da m\u00fasica brasileira. \u00c9 estudante na Universidade Presbiteriana Mackenzie.","url":"https:\/\/www.suno.com.br\/noticias\/author\/renan-dantas\/"}]}},"default_loop_html":"<div class=\"cardsPage__listCard__boxs\"><div class=\"cardsPage__listCard__boxs__img\"><a href=\"https:\/\/www.suno.com.br\/noticias\/dolar-opera-em-queda-nesta-sexta-feira\/\"><img class=\"mask\" src=\"https:\/\/www.suno.com.br\/noticias\/wp-content\/themes\/suno\/resources\/images\/spotlight\/spotlight1img\/bg-mask.png\" alt=\"Image Mask\"\/><img src=\"https:\/\/files.sunoresearch.com.br\/n\/uploads\/2018\/08\/9be94646-money-series-12-1238046-1919x1284-400x200.webp\" alt=\"D\u00f3lar opera em queda nesta sexta-feira\"\/><\/a><span class=\"spotlightCategory\"><a href=\"https:\/\/www.suno.com.br\/noticias\/mercado\/\">Mercado<\/a><\/span><\/div><div class=\"cardsPage__listCard__boxs__content\"><a href=\"https:\/\/www.suno.com.br\/noticias\/dolar-opera-em-queda-nesta-sexta-feira\/\"><h2 class=\"content__title\">D\u00f3lar opera em queda nesta sexta-feira<\/h2><\/a><div class=\"newsContent__article__meta\"><div class=\"newsContent__article__meta__authorBox\"><a href=\"https:\/\/www.suno.com.br\/noticias\/author\/renan-dantas\/\" class=\"authorBox__avatar noMobi\"><img src=\"https:\/\/secure.gravatar.com\/avatar\/1787b83e7484a08e51d62ac8b41c8396?s=96&#038;r=g\" alt=\"Renan Dantas\"><\/a><div class=\"authorBox__name\"><span>por\n\t\t\t<a href=\"https:\/\/www.suno.com.br\/noticias\/author\/renan-dantas\/\"><span itemprop=\"author\">Renan Dantas<\/span><\/a><\/span><time datetime=\"2018-12-28T09:17:53-02:00\" itemprop=\"datePublished\">28\/12\/2018 09:17<\/time><\/div><\/div><\/div><\/div><\/div>","single_layout":"posts","amp_enabled":true,"_links":{"self":[{"href":"https:\/\/www.suno.com.br\/noticias\/wp-json\/wp\/v2\/posts\/9960"}],"collection":[{"href":"https:\/\/www.suno.com.br\/noticias\/wp-json\/wp\/v2\/posts"}],"about":[{"href":"https:\/\/www.suno.com.br\/noticias\/wp-json\/wp\/v2\/types\/post"}],"author":[{"embeddable":true,"href":"https:\/\/www.suno.com.br\/noticias\/wp-json\/wp\/v2\/users\/14"}],"replies":[{"embeddable":true,"href":"https:\/\/www.suno.com.br\/noticias\/wp-json\/wp\/v2\/comments?post=9960"}],"version-history":[{"count":0,"href":"https:\/\/www.suno.com.br\/noticias\/wp-json\/wp\/v2\/posts\/9960\/revisions"}],"wp:featuredmedia":[{"embeddable":true,"href":"https:\/\/www.suno.com.br\/noticias\/wp-json\/wp\/v2\/media\/3046"}],"wp:attachment":[{"href":"https:\/\/www.suno.com.br\/noticias\/wp-json\/wp\/v2\/media?parent=9960"}],"wp:term":[{"taxonomy":"category","embeddable":true,"href":"https:\/\/www.suno.com.br\/noticias\/wp-json\/wp\/v2\/categories?post=9960"},{"taxonomy":"post_tag","embeddable":true,"href":"https:\/\/www.suno.com.br\/noticias\/wp-json\/wp\/v2\/tags?post=9960"},{"taxonomy":"suno_strategy","embeddable":true,"href":"https:\/\/www.suno.com.br\/noticias\/wp-json\/wp\/v2\/suno_strategy?post=9960"}],"curies":[{"name":"wp","href":"https:\/\/api.w.org\/{rel}","templated":true}]}}