{"id":99592,"date":"2020-11-12T08:19:03","date_gmt":"2020-11-12T11:19:03","guid":{"rendered":"https:\/\/www.suno.com.br\/noticias\/?p=99592"},"modified":"2021-06-14T00:29:20","modified_gmt":"2021-06-14T03:29:20","slug":"agenda-do-dia-resultados-alphaville-servicos-brasil-12112020","status":"publish","type":"post","link":"https:\/\/www.suno.com.br\/noticias\/agenda-do-dia-resultados-alphaville-servicos-brasil-12112020\/","title":{"rendered":"Agenda do Dia: resultados trimestrais, desist\u00eancia de IPO e setor de servi\u00e7os"},"content":{"rendered":"<p>A <strong>Agenda do Dia<\/strong> desta quinta-feira (12) destaca os resultados trimestrais que ser\u00e3o divulgados ap\u00f3s o fechamento do preg\u00e3o de hoje, al\u00e9m dos balan\u00e7os que repercutir\u00e3o no mercado nesta manh\u00e3.<\/p>\t<div class=\"wrapper-featured-image\">\n\t\t<figure class=\"spotlightImg\">\n\n\t\t\t<picture>\n\t\t\t\t<source media=\"(max-width: 768px)\" srcset=\"https:\/\/files.sunoresearch.com.br\/n\/uploads\/2020\/09\/e839eb06-banco-inter-400x200.webp\">\n\t\t\t\t<img loading=\"lazy\" decoding=\"async\" class=\"newsContent__article__imgCapa lazyloadDisabled \" src=\"https:\/\/files.sunoresearch.com.br\/n\/uploads\/2020\/09\/e839eb06-banco-inter-800x450.webp\" width=\"800\" height=\"450\" alt=\"Agenda do Dia: resultados trimestrais, desist\u00eancia de IPO e setor de servi\u00e7os\" fetchpriority=high \/>\n\t\t\t<\/picture>\n\n\t\t\t<figcaption class=\"wp-caption-text wp-caption-text--show\">A Agenda do Dia desta quinta-feira destaca os resultados trimestrais que ser\u00e3o divulgados ap\u00f3s o fechamento do preg\u00e3o de hoje.<\/figcaption>\n\t\t<\/figure>\n\t<\/div>\n\n\n<p><span style=\"font-weight: 400;\">\t<p>\n\t\t<a href=\"\" target=\"_blank\" data-element=\"shortcode-suno-banner\" title=\"Banner SUNO, clique e saiba mais\">\n\t\t\t<picture>\n\t\t\t\t<source media=\"(max-width: 500px)\" srcset=\"\">\n\t\t\t\t<img class=\"newsContent__article__imgCapa newsContent__article__imgCapa--banner\"\n\t\t\t\t\tsrc=\"\"\n\t\t\t\t\tdata-promo-id=\"97204\"\t\t\t\t\t\t\t\t\t\t\t\t\t\t\talt=\"\"\n\t\t\t\t>\n\t\t\t<\/picture>\n\t\t<\/a>\n\t<\/p>\n\n<\/span><\/p>\n<p>Al\u00e9m disso, tamb\u00e9m segue no radar dos investidores mais uma suspens\u00e3o de IPO: Alphaville, pela segunda vez. Confira os destaques da Agenda do Dia:<\/p>\n<h2>Resultados trimestrais da Agenda do Dia<\/h2>\n<p>Hoje, o dia \u00e9 cheio de<strong> balan\u00e7os trimestrais<\/strong>. Cerca de 40 publica\u00e7\u00f5es est\u00e3o programadas, a maior parte para depois do fechamento do mercado. Confira as principais empresas que apresentar\u00e3o seus n\u00fameros:<\/p>\n<table width=\"397\">\n<tbody>\n<tr>\n<td width=\"225\"><strong>Empresa\u00a0<\/strong><\/td>\n<td width=\"172\"><strong>Ticker<\/strong><\/td>\n<\/tr>\n<tr>\n<td>Arezzo<\/td>\n<td><a href=\"https:\/\/www.suno.com.br\/acoes\/arzz3\/\">ARZZ3<\/a><\/td>\n<\/tr>\n<tr>\n<td>Natura<\/td>\n<td><a href=\"https:\/\/www.suno.com.br\/acoes\/ntco3\/\">NTCO3<\/a><\/td>\n<\/tr>\n<tr>\n<td>Centauro<\/td>\n<td><a href=\"https:\/\/www.suno.com.br\/acoes\/cnto3\/\">CNTO3<\/a><\/td>\n<\/tr>\n<tr>\n<td>Oi<\/td>\n<td><a href=\"https:\/\/www.suno.com.br\/acoes\/oibr3\/\">OIBR3<\/a><\/td>\n<\/tr>\n<tr>\n<td>B3<\/td>\n<td><a href=\"https:\/\/www.suno.com.br\/acoes\/b3sa3\/\">B3SA3<\/a><\/td>\n<\/tr>\n<tr>\n<td>Banco Inter<\/td>\n<td><a href=\"https:\/\/www.suno.com.br\/acoes\/bidi11\/\">BIDI11<\/a><\/td>\n<\/tr>\n<tr>\n<td>Trisul<\/td>\n<td><a href=\"https:\/\/www.suno.com.br\/acoes\/tris3\/\">TRIS3<\/a><\/td>\n<\/tr>\n<tr>\n<td>Bradespar<\/td>\n<td><a href=\"https:\/\/www.suno.com.br\/acoes\/brap4\/\">BRAP4<\/a><\/td>\n<\/tr>\n<tr>\n<td>Eztec<\/td>\n<td><a href=\"https:\/\/www.suno.com.br\/acoes\/eztc3\/\">EZTC3<\/a><\/td>\n<\/tr>\n<tr>\n<td>BR Malls<\/td>\n<td><a href=\"https:\/\/www.suno.com.br\/acoes\/brml3\/\">BRML3<\/a><\/td>\n<\/tr>\n<tr>\n<td>Simpar<\/td>\n<td>SIMH3<\/td>\n<\/tr>\n<\/tbody>\n<\/table>\n<h2>Via Varejo reverte preju\u00edzo<\/h2>\n<p>O <a href=\"https:\/\/www.suno.com.br\/artigos\/lucro-liquido\/\"><strong>lucro l\u00edquido<\/strong><\/a> da <strong>Via Varejo<\/strong> entre julho e setembro foi de R$ 590 milh\u00f5es, um resultado muito superior ao consenso, que era de R$ 88 milh\u00f5es, e revertendo o preju\u00edzo registrado no mesmo per\u00edodo do ano passado, de R$ 346 milh\u00f5es.<\/p>\n<p><a href=\"https:\/\/lp.suno.com.br\/suno-one\/\">Suno One: acesse gratuitamente eBooks, Minicursos, Artigos e Video Aulas sobre investimentos com um \u00fanico cadastro. Clique para saber mais!<\/a><\/p>\n<p>O <a href=\"https:\/\/www.suno.com.br\/artigos\/ebitda\/\"><strong>Ebitda<\/strong> (lucro antes de juros, impostos, deprecia\u00e7\u00e3o e amortiza\u00e7\u00e3o)<\/a> ajustado foi de R$ 1,196 bilh\u00e3o, em alta de 443,6% em rela\u00e7\u00e3o aos R$ 220 milh\u00f5es registados no mesmo per\u00edodo do ano passado. Os n\u00fameros foram divulgados na noite da \u00faltima quarta-feira (11).<\/p>\n<h2>Taesa lucra R$ 631,9 milh\u00f5es no terceiro trimestre<\/h2>\n<p>A <strong>Taesa<\/strong> registrou um aumento de 76,6% do\u00a0<a href=\"https:\/\/www.suno.com.br\/artigos\/lucro-liquido\/\"><strong>lucro l\u00edquido<\/strong><\/a>\u00a0entre julho e setembro em rela\u00e7\u00e3o ao mesmo per\u00edodo do ano passado, chegando a R$ 631,9 milh\u00f5es contra R$ 357,8 milh\u00f5es.<\/p>\n<p>A receita liquida calculada nos par\u00e2metros cont\u00e1beis IFRS registrou uma varia\u00e7\u00e3o positiva de 57,5%, alcan\u00e7ando R$ 941,2 milh\u00f5es, contra os R$ 597,7 milh\u00f5es do mesmo per\u00edodo do ano passado.<\/p>\n<p><span style=\"font-weight: 400;\">\u00a0<div class=\"hubspot-form-wrapper\">\n\t<div id=\"single-form-target\"><\/div>\n<\/div>\n<\/span><\/p>\n<h2>JBS multiplica lucro por quase 9 vezes<\/h2>\n<p>A<strong> JBS <\/strong>viu seu <a href=\"https:\/\/www.suno.com.br\/artigos\/lucro-liquido\/\" target=\"_blank\" rel=\"noopener noreferrer\">lucro l\u00edquido<\/a> crescer quase 9 vezes no terceiro trimestre em rela\u00e7\u00e3o ao mesmo per\u00edodo do ano anterior, passando de R$ 356,7 milh\u00f5es para R$ 3,123 bilh\u00f5es. Foi uma alta de 778,2% na compara\u00e7\u00e3o anual. O balan\u00e7o foi divulgado nesta manh\u00e3.<\/p>\n<p>A companhia disse que terminou o terceiro trimestre com R$ 22,3 bilh\u00f5es em caixa. Al\u00e9m disso, informou que a JBS USA tem IS$ 1,6 bilh\u00e3o dispon\u00edvel em linhas de <strong>cr\u00e9dito<\/strong> rotativas e garantidas. Isso resulta em disponibilidade total de R$ 31,2 bilh\u00f5es.<\/p>\n<h2>Desist\u00eancia da Alphaville \u00e9 destaque na Agenda do Dia<\/h2>\n<p>A <strong>Alphaville<\/strong>, empresa de loteamentos residenciais, interrompeu na noite da v\u00e9spera sua <a href=\"https:\/\/www.suno.com.br\/artigos\/ipo\/\">oferta inicial de a\u00e7\u00f5es (<strong>IPO<\/strong><\/a>, na sigla em ingl\u00eas). A companhia alegou uma \u201cconjuntura de mercado desfavor\u00e1vel\u201d.<\/p>\n\t<div data-element=\"shortcode-read-more\" class=\"knowMore\">\n\t\t\t\t<span class=\"knowMore__title\">Veja tamb\u00e9m<\/span>\n\t\t\t\t<a class=\"knowMore__link\" href=\"https:\/\/www.suno.com.br\/noticias\/alibaba-recorde-de-vendas-online-mas-a-acao-desaba-no-mercado\/\">\n\t\t\tAlibaba: recorde de vendas online, mas a a\u00e7\u00e3o desaba no mercado\t\t<\/a>\n\t<\/div>\n\n\n<p>A opera\u00e7\u00e3o, que seria precificada na \u00faltima ter\u00e7a-feira (10), j\u00e1 havia sido interrompida uma vez, sob o nome de sua controlada Alphaville Urbanismo, antes de ser retomada em agosto. A companhia informou em que \u201cpermanece monitorando as condi\u00e7\u00f5es de mercado e avaliando a possibilidade de dar continuidade \u00e0 oferta\u201d.<\/p>\n<p>Tamb\u00e9m segue no radar do mercado o notici\u00e1rio pol\u00edtico econ\u00f4mico do Brasil e do mundo. Nesta quinta-feira, ser\u00e1 divulgado o crescimento do setor de servi\u00e7os (anual e mensal) brasileiro, al\u00e9m do resultado <a href=\"https:\/\/www.suno.com.br\/artigos\/pib-produto-interno-bruto\/\">Produto Interno Bruto (PIB)<\/a> do Reino Unido do terceiro trimestre.<\/p>\n<p>A <strong>Agenda do Dia<\/strong> tamb\u00e9m destaca o <em>Central Banks in a Shifting World<\/em>\u00a0(<a href=\"https:\/\/www.suno.com.br\/artigos\/bacen\/\">Bancos Centrais<\/a> em um mundo em mudan\u00e7a), organizado pelo\u00a0<a href=\"https:\/\/www.suno.com.br\/artigos\/bce\/\">Banco Central Europeu (<strong>BCE<\/strong>)<\/a>.<\/p>\n\t<p>\n\t\t<a href=\"https:\/\/lp.suno.com.br\/planilha-de-controle-de-investimentos\/\" target=\"_blank\" data-element=\"shortcode-suno-banner\" title=\"Banner SUNO, clique e saiba mais\">\n\t\t\t<picture>\n\t\t\t\t<source media=\"(max-width: 500px)\" srcset=\"https:\/\/files.sunoresearch.com.br\/n\/uploads\/2023\/03\/400x300-Controle-de-Investimentos.png\">\n\t\t\t\t<img class=\"newsContent__article__imgCapa newsContent__article__imgCapa--banner\"\n\t\t\t\t\tsrc=\"https:\/\/files.sunoresearch.com.br\/n\/uploads\/2023\/03\/1420x240-Controle-de-Investimentos.png\"\n\t\t\t\t\tdata-promo-id=\"75934\"\t\t\t\t\t\t\t\t\t\twidth='1420' height='240'\t\t\t\t\talt=\"https:\/\/files.sunoresearch.com.br\/n\/uploads\/2023\/03\/1420x240-Controle-de-Investimentos.png\"\n\t\t\t\t>\n\t\t\t<\/picture>\n\t\t<\/a>\n\t<\/p>\n\n\n","protected":false},"excerpt":{"rendered":"<p>A Agenda do Dia desta quinta-feira (12) destaca os resultados trimestrais que ser\u00e3o divulgados ap\u00f3s o fechamento do preg\u00e3o de hoje, al\u00e9m dos balan\u00e7os que repercutir\u00e3o no mercado nesta manh\u00e3. A Agenda do Dia desta quinta-feira destaca os resultados trimestrais que ser\u00e3o divulgados ap\u00f3s o fechamento do preg\u00e3o de hoje. Al\u00e9m disso, tamb\u00e9m segue no [&hellip;]<\/p>\n","protected":false},"author":24,"featured_media":85843,"comment_status":"closed","ping_status":"closed","sticky":false,"template":"","format":"standard","meta":[],"categories":[60],"tags":[1980,1029,319,807,1245],"suno_strategy":[],"class_list":["post-99592","post","type-post","status-publish","format-standard","has-post-thumbnail","hentry","category-mercado","tag-agenda-do-dia","tag-balancos-trimestrais","tag-ipo-oferta-inicial-de-acoes","tag-produto-interno-bruto-pib","tag-setor-de-servicos"],"yoast_head":"<!-- This site is optimized with the Yoast SEO plugin v24.4 - https:\/\/yoast.com\/wordpress\/plugins\/seo\/ -->\n<title>Agenda do Dia: balan\u00e7os, desist\u00eancia de IPO e setor de servi\u00e7os<\/title>\n<meta name=\"description\" content=\"A Agenda do Dia desta quinta-feira destaca os resultados trimestrais que ser\u00e3o divulgados ap\u00f3s o fechamento do preg\u00e3o de hoje. Saiba mais.\" \/>\n<meta name=\"robots\" content=\"index, follow, max-snippet:-1, max-image-preview:large, max-video-preview:-1\" \/>\n<link rel=\"canonical\" href=\"https:\/\/www.suno.com.br\/noticias\/agenda-do-dia-resultados-alphaville-servicos-brasil-12112020\/\" \/>\n<meta property=\"og:locale\" content=\"pt_BR\" \/>\n<meta property=\"og:type\" content=\"article\" \/>\n<meta property=\"og:title\" content=\"Agenda do Dia: balan\u00e7os, desist\u00eancia de IPO e setor de servi\u00e7os\" \/>\n<meta property=\"og:description\" content=\"A Agenda do Dia desta quinta-feira destaca os resultados trimestrais que ser\u00e3o divulgados ap\u00f3s o fechamento do preg\u00e3o de hoje. Saiba mais.\" \/>\n<meta property=\"og:url\" content=\"https:\/\/www.suno.com.br\/noticias\/agenda-do-dia-resultados-alphaville-servicos-brasil-12112020\/\" \/>\n<meta property=\"og:site_name\" content=\"Suno Not\u00edcias\" \/>\n<meta property=\"article:publisher\" content=\"https:\/\/facebook.com\/sunoresearch\" \/>\n<meta property=\"og:image\" content=\"https:\/\/files.sunoresearch.com.br\/n\/uploads\/2020\/09\/e839eb06-banco-inter.jpg\" \/>\n\t<meta property=\"og:image:width\" content=\"1280\" \/>\n\t<meta property=\"og:image:height\" content=\"720\" \/>\n\t<meta property=\"og:image:type\" content=\"image\/jpeg\" \/>\n<meta name=\"author\" content=\"Jader Lazarini\" \/>\n<meta name=\"twitter:card\" content=\"summary_large_image\" \/>\n<meta name=\"twitter:creator\" content=\"@sunoresearch\" \/>\n<meta name=\"twitter:site\" content=\"@sunoresearch\" \/>\n<meta name=\"twitter:label1\" content=\"Escrito por\" \/>\n\t<meta name=\"twitter:data1\" content=\"Jader Lazarini\" \/>\n\t<meta name=\"twitter:label2\" content=\"Est. tempo de leitura\" \/>\n\t<meta name=\"twitter:data2\" content=\"3 minutos\" \/>\n<script type=\"application\/ld+json\" class=\"yoast-schema-graph\">{\"@context\":\"https:\/\/schema.org\",\"@graph\":[{\"@type\":\"NewsArticle\",\"@id\":\"https:\/\/www.suno.com.br\/noticias\/agenda-do-dia-resultados-alphaville-servicos-brasil-12112020\/#article\",\"isPartOf\":{\"@id\":\"https:\/\/www.suno.com.br\/noticias\/agenda-do-dia-resultados-alphaville-servicos-brasil-12112020\/\"},\"author\":{\"name\":\"Jader Lazarini\",\"@id\":\"https:\/\/www.suno.com.br\/noticias\/#\/schema\/person\/918d79de1f0281f01599b93f9ea6e23f\"},\"headline\":\"Agenda do Dia: resultados trimestrais, desist\u00eancia de IPO e setor de servi\u00e7os\",\"datePublished\":\"2020-11-12T11:19:03+00:00\",\"dateModified\":\"2021-06-14T03:29:20+00:00\",\"mainEntityOfPage\":{\"@id\":\"https:\/\/www.suno.com.br\/noticias\/agenda-do-dia-resultados-alphaville-servicos-brasil-12112020\/\"},\"wordCount\":626,\"publisher\":{\"@id\":\"https:\/\/www.suno.com.br\/noticias\/#organization\"},\"image\":{\"@id\":\"https:\/\/www.suno.com.br\/noticias\/agenda-do-dia-resultados-alphaville-servicos-brasil-12112020\/#primaryimage\"},\"thumbnailUrl\":\"https:\/\/files.sunoresearch.com.br\/n\/uploads\/2020\/09\/e839eb06-banco-inter-jpg.webp\",\"keywords\":[\"agenda do dia\",\"balan\u00e7os trimestrais\",\"IPO (Oferta Inicial de A\u00e7\u00f5es)\",\"Produto Interno Bruto (PIB)\",\"setor de servi\u00e7os\"],\"articleSection\":[\"Mercado\"],\"inLanguage\":\"pt-BR\"},{\"@type\":\"WebPage\",\"@id\":\"https:\/\/www.suno.com.br\/noticias\/agenda-do-dia-resultados-alphaville-servicos-brasil-12112020\/\",\"url\":\"https:\/\/www.suno.com.br\/noticias\/agenda-do-dia-resultados-alphaville-servicos-brasil-12112020\/\",\"name\":\"Agenda do Dia: balan\u00e7os, desist\u00eancia de IPO e setor de servi\u00e7os\",\"isPartOf\":{\"@id\":\"https:\/\/www.suno.com.br\/noticias\/#website\"},\"primaryImageOfPage\":{\"@id\":\"https:\/\/www.suno.com.br\/noticias\/agenda-do-dia-resultados-alphaville-servicos-brasil-12112020\/#primaryimage\"},\"image\":{\"@id\":\"https:\/\/www.suno.com.br\/noticias\/agenda-do-dia-resultados-alphaville-servicos-brasil-12112020\/#primaryimage\"},\"thumbnailUrl\":\"https:\/\/files.sunoresearch.com.br\/n\/uploads\/2020\/09\/e839eb06-banco-inter-jpg.webp\",\"datePublished\":\"2020-11-12T11:19:03+00:00\",\"dateModified\":\"2021-06-14T03:29:20+00:00\",\"description\":\"A Agenda do Dia desta quinta-feira destaca os resultados trimestrais que ser\u00e3o divulgados ap\u00f3s o fechamento do preg\u00e3o de hoje. Saiba mais.\",\"breadcrumb\":{\"@id\":\"https:\/\/www.suno.com.br\/noticias\/agenda-do-dia-resultados-alphaville-servicos-brasil-12112020\/#breadcrumb\"},\"inLanguage\":\"pt-BR\",\"potentialAction\":[{\"@type\":\"ReadAction\",\"target\":[\"https:\/\/www.suno.com.br\/noticias\/agenda-do-dia-resultados-alphaville-servicos-brasil-12112020\/\"]}]},{\"@type\":\"ImageObject\",\"inLanguage\":\"pt-BR\",\"@id\":\"https:\/\/www.suno.com.br\/noticias\/agenda-do-dia-resultados-alphaville-servicos-brasil-12112020\/#primaryimage\",\"url\":\"https:\/\/files.sunoresearch.com.br\/n\/uploads\/2020\/09\/e839eb06-banco-inter-jpg.webp\",\"contentUrl\":\"https:\/\/files.sunoresearch.com.br\/n\/uploads\/2020\/09\/e839eb06-banco-inter-jpg.webp\",\"width\":1280,\"height\":720,\"caption\":\"A Agenda do Dia desta quinta-feira destaca os resultados trimestrais que ser\u00e3o divulgados ap\u00f3s o fechamento do preg\u00e3o de hoje.\"},{\"@type\":\"BreadcrumbList\",\"@id\":\"https:\/\/www.suno.com.br\/noticias\/agenda-do-dia-resultados-alphaville-servicos-brasil-12112020\/#breadcrumb\",\"itemListElement\":[{\"@type\":\"ListItem\",\"position\":1,\"name\":\"Not\u00edcias\",\"item\":\"https:\/\/www.suno.com.br\/noticias\/\"},{\"@type\":\"ListItem\",\"position\":2,\"name\":\"Mercado\",\"item\":\"https:\/\/www.suno.com.br\/noticias\/mercado\/\"},{\"@type\":\"ListItem\",\"position\":3,\"name\":\"Agenda do Dia: resultados trimestrais, desist\u00eancia de IPO e setor de servi\u00e7os\"}]},{\"@type\":\"WebSite\",\"@id\":\"https:\/\/www.suno.com.br\/noticias\/#website\",\"url\":\"https:\/\/www.suno.com.br\/noticias\/\",\"name\":\"Suno Not\u00edcias\",\"description\":\"Seu portal de informa\u00e7\u00e3o sobre o mundo dos investimentos\",\"publisher\":{\"@id\":\"https:\/\/www.suno.com.br\/noticias\/#organization\"},\"potentialAction\":[{\"@type\":\"SearchAction\",\"target\":{\"@type\":\"EntryPoint\",\"urlTemplate\":\"https:\/\/www.suno.com.br\/noticias\/?s={search_term_string}\"},\"query-input\":{\"@type\":\"PropertyValueSpecification\",\"valueRequired\":true,\"valueName\":\"search_term_string\"}}],\"inLanguage\":\"pt-BR\"},{\"@type\":\"Organization\",\"@id\":\"https:\/\/www.suno.com.br\/noticias\/#organization\",\"name\":\"Suno Not\u00edcias\",\"url\":\"https:\/\/www.suno.com.br\/noticias\/\",\"logo\":{\"@type\":\"ImageObject\",\"inLanguage\":\"pt-BR\",\"@id\":\"https:\/\/www.suno.com.br\/noticias\/#\/schema\/logo\/image\/\",\"url\":\"https:\/\/files.sunoresearch.com.br\/n\/uploads\/2021\/09\/suno-logo.png\",\"contentUrl\":\"https:\/\/files.sunoresearch.com.br\/n\/uploads\/2021\/09\/suno-logo.png\",\"width\":180,\"height\":180,\"caption\":\"Suno Not\u00edcias\"},\"image\":{\"@id\":\"https:\/\/www.suno.com.br\/noticias\/#\/schema\/logo\/image\/\"},\"sameAs\":[\"https:\/\/facebook.com\/sunoresearch\",\"https:\/\/x.com\/sunoresearch\",\"https:\/\/www.instagram.com\/suno\",\"https:\/\/www.linkedin.com\/company\/suno-research\/\",\"https:\/\/www.youtube.com\/c\/sunoresearch\"]},{\"@type\":\"Person\",\"@id\":\"https:\/\/www.suno.com.br\/noticias\/#\/schema\/person\/918d79de1f0281f01599b93f9ea6e23f\",\"name\":\"Jader Lazarini\",\"image\":{\"@type\":\"ImageObject\",\"inLanguage\":\"pt-BR\",\"@id\":\"https:\/\/www.suno.com.br\/noticias\/#\/schema\/person\/image\/\",\"url\":\"https:\/\/secure.gravatar.com\/avatar\/3c1ad8caa51589841baeb923fcddea97?s=96&r=g\",\"contentUrl\":\"https:\/\/secure.gravatar.com\/avatar\/3c1ad8caa51589841baeb923fcddea97?s=96&r=g\",\"caption\":\"Jader Lazarini\"},\"description\":\"Jader Lazarini escreve sobre investimentos, finan\u00e7as, economia e neg\u00f3cios. \u00c9 bacharel em Rela\u00e7\u00f5es Internacionais e analista CNPI (2619).\",\"url\":\"https:\/\/www.suno.com.br\/noticias\/author\/jader-lazarini\/\"}]}<\/script>\n<!-- \/ Yoast SEO plugin. -->","yoast_head_json":{"title":"Agenda do Dia: balan\u00e7os, desist\u00eancia de IPO e setor de servi\u00e7os","description":"A Agenda do Dia desta quinta-feira destaca os resultados trimestrais que ser\u00e3o divulgados ap\u00f3s o fechamento do preg\u00e3o de hoje. Saiba mais.","robots":{"index":"index","follow":"follow","max-snippet":"max-snippet:-1","max-image-preview":"max-image-preview:large","max-video-preview":"max-video-preview:-1"},"canonical":"https:\/\/www.suno.com.br\/noticias\/agenda-do-dia-resultados-alphaville-servicos-brasil-12112020\/","og_locale":"pt_BR","og_type":"article","og_title":"Agenda do Dia: balan\u00e7os, desist\u00eancia de IPO e setor de servi\u00e7os","og_description":"A Agenda do Dia desta quinta-feira destaca os resultados trimestrais que ser\u00e3o divulgados ap\u00f3s o fechamento do preg\u00e3o de hoje. Saiba mais.","og_url":"https:\/\/www.suno.com.br\/noticias\/agenda-do-dia-resultados-alphaville-servicos-brasil-12112020\/","og_site_name":"Suno Not\u00edcias","article_publisher":"https:\/\/facebook.com\/sunoresearch","og_image":[{"width":1280,"height":720,"url":"https:\/\/files.sunoresearch.com.br\/n\/uploads\/2020\/09\/e839eb06-banco-inter.jpg","type":"image\/jpeg"}],"author":"Jader Lazarini","twitter_card":"summary_large_image","twitter_creator":"@sunoresearch","twitter_site":"@sunoresearch","twitter_misc":{"Escrito por":"Jader Lazarini","Est. tempo de leitura":"3 minutos"},"schema":{"@context":"https:\/\/schema.org","@graph":[{"@type":"NewsArticle","@id":"https:\/\/www.suno.com.br\/noticias\/agenda-do-dia-resultados-alphaville-servicos-brasil-12112020\/#article","isPartOf":{"@id":"https:\/\/www.suno.com.br\/noticias\/agenda-do-dia-resultados-alphaville-servicos-brasil-12112020\/"},"author":{"name":"Jader Lazarini","@id":"https:\/\/www.suno.com.br\/noticias\/#\/schema\/person\/918d79de1f0281f01599b93f9ea6e23f"},"headline":"Agenda do Dia: resultados trimestrais, desist\u00eancia de IPO e setor de servi\u00e7os","datePublished":"2020-11-12T11:19:03+00:00","dateModified":"2021-06-14T03:29:20+00:00","mainEntityOfPage":{"@id":"https:\/\/www.suno.com.br\/noticias\/agenda-do-dia-resultados-alphaville-servicos-brasil-12112020\/"},"wordCount":626,"publisher":{"@id":"https:\/\/www.suno.com.br\/noticias\/#organization"},"image":{"@id":"https:\/\/www.suno.com.br\/noticias\/agenda-do-dia-resultados-alphaville-servicos-brasil-12112020\/#primaryimage"},"thumbnailUrl":"https:\/\/files.sunoresearch.com.br\/n\/uploads\/2020\/09\/e839eb06-banco-inter-jpg.webp","keywords":["agenda do dia","balan\u00e7os trimestrais","IPO (Oferta Inicial de A\u00e7\u00f5es)","Produto Interno Bruto (PIB)","setor de servi\u00e7os"],"articleSection":["Mercado"],"inLanguage":"pt-BR"},{"@type":"WebPage","@id":"https:\/\/www.suno.com.br\/noticias\/agenda-do-dia-resultados-alphaville-servicos-brasil-12112020\/","url":"https:\/\/www.suno.com.br\/noticias\/agenda-do-dia-resultados-alphaville-servicos-brasil-12112020\/","name":"Agenda do Dia: balan\u00e7os, desist\u00eancia de IPO e setor de servi\u00e7os","isPartOf":{"@id":"https:\/\/www.suno.com.br\/noticias\/#website"},"primaryImageOfPage":{"@id":"https:\/\/www.suno.com.br\/noticias\/agenda-do-dia-resultados-alphaville-servicos-brasil-12112020\/#primaryimage"},"image":{"@id":"https:\/\/www.suno.com.br\/noticias\/agenda-do-dia-resultados-alphaville-servicos-brasil-12112020\/#primaryimage"},"thumbnailUrl":"https:\/\/files.sunoresearch.com.br\/n\/uploads\/2020\/09\/e839eb06-banco-inter-jpg.webp","datePublished":"2020-11-12T11:19:03+00:00","dateModified":"2021-06-14T03:29:20+00:00","description":"A Agenda do Dia desta quinta-feira destaca os resultados trimestrais que ser\u00e3o divulgados ap\u00f3s o fechamento do preg\u00e3o de hoje. Saiba mais.","breadcrumb":{"@id":"https:\/\/www.suno.com.br\/noticias\/agenda-do-dia-resultados-alphaville-servicos-brasil-12112020\/#breadcrumb"},"inLanguage":"pt-BR","potentialAction":[{"@type":"ReadAction","target":["https:\/\/www.suno.com.br\/noticias\/agenda-do-dia-resultados-alphaville-servicos-brasil-12112020\/"]}]},{"@type":"ImageObject","inLanguage":"pt-BR","@id":"https:\/\/www.suno.com.br\/noticias\/agenda-do-dia-resultados-alphaville-servicos-brasil-12112020\/#primaryimage","url":"https:\/\/files.sunoresearch.com.br\/n\/uploads\/2020\/09\/e839eb06-banco-inter-jpg.webp","contentUrl":"https:\/\/files.sunoresearch.com.br\/n\/uploads\/2020\/09\/e839eb06-banco-inter-jpg.webp","width":1280,"height":720,"caption":"A Agenda do Dia desta quinta-feira destaca os resultados trimestrais que ser\u00e3o divulgados ap\u00f3s o fechamento do preg\u00e3o de hoje."},{"@type":"BreadcrumbList","@id":"https:\/\/www.suno.com.br\/noticias\/agenda-do-dia-resultados-alphaville-servicos-brasil-12112020\/#breadcrumb","itemListElement":[{"@type":"ListItem","position":1,"name":"Not\u00edcias","item":"https:\/\/www.suno.com.br\/noticias\/"},{"@type":"ListItem","position":2,"name":"Mercado","item":"https:\/\/www.suno.com.br\/noticias\/mercado\/"},{"@type":"ListItem","position":3,"name":"Agenda do Dia: resultados trimestrais, desist\u00eancia de IPO e setor de servi\u00e7os"}]},{"@type":"WebSite","@id":"https:\/\/www.suno.com.br\/noticias\/#website","url":"https:\/\/www.suno.com.br\/noticias\/","name":"Suno Not\u00edcias","description":"Seu portal de informa\u00e7\u00e3o sobre o mundo dos investimentos","publisher":{"@id":"https:\/\/www.suno.com.br\/noticias\/#organization"},"potentialAction":[{"@type":"SearchAction","target":{"@type":"EntryPoint","urlTemplate":"https:\/\/www.suno.com.br\/noticias\/?s={search_term_string}"},"query-input":{"@type":"PropertyValueSpecification","valueRequired":true,"valueName":"search_term_string"}}],"inLanguage":"pt-BR"},{"@type":"Organization","@id":"https:\/\/www.suno.com.br\/noticias\/#organization","name":"Suno Not\u00edcias","url":"https:\/\/www.suno.com.br\/noticias\/","logo":{"@type":"ImageObject","inLanguage":"pt-BR","@id":"https:\/\/www.suno.com.br\/noticias\/#\/schema\/logo\/image\/","url":"https:\/\/files.sunoresearch.com.br\/n\/uploads\/2021\/09\/suno-logo.png","contentUrl":"https:\/\/files.sunoresearch.com.br\/n\/uploads\/2021\/09\/suno-logo.png","width":180,"height":180,"caption":"Suno Not\u00edcias"},"image":{"@id":"https:\/\/www.suno.com.br\/noticias\/#\/schema\/logo\/image\/"},"sameAs":["https:\/\/facebook.com\/sunoresearch","https:\/\/x.com\/sunoresearch","https:\/\/www.instagram.com\/suno","https:\/\/www.linkedin.com\/company\/suno-research\/","https:\/\/www.youtube.com\/c\/sunoresearch"]},{"@type":"Person","@id":"https:\/\/www.suno.com.br\/noticias\/#\/schema\/person\/918d79de1f0281f01599b93f9ea6e23f","name":"Jader Lazarini","image":{"@type":"ImageObject","inLanguage":"pt-BR","@id":"https:\/\/www.suno.com.br\/noticias\/#\/schema\/person\/image\/","url":"https:\/\/secure.gravatar.com\/avatar\/3c1ad8caa51589841baeb923fcddea97?s=96&r=g","contentUrl":"https:\/\/secure.gravatar.com\/avatar\/3c1ad8caa51589841baeb923fcddea97?s=96&r=g","caption":"Jader Lazarini"},"description":"Jader Lazarini escreve sobre investimentos, finan\u00e7as, economia e neg\u00f3cios. \u00c9 bacharel em Rela\u00e7\u00f5es Internacionais e analista CNPI (2619).","url":"https:\/\/www.suno.com.br\/noticias\/author\/jader-lazarini\/"}]}},"default_loop_html":"<div class=\"cardsPage__listCard__boxs\"><div class=\"cardsPage__listCard__boxs__img\"><a href=\"https:\/\/www.suno.com.br\/noticias\/agenda-do-dia-resultados-alphaville-servicos-brasil-12112020\/\"><img class=\"mask\" src=\"https:\/\/www.suno.com.br\/noticias\/wp-content\/themes\/suno\/resources\/images\/spotlight\/spotlight1img\/bg-mask.png\" alt=\"Image Mask\"\/><img src=\"https:\/\/files.sunoresearch.com.br\/n\/uploads\/2020\/09\/e839eb06-banco-inter-400x200.webp\" alt=\"Agenda do Dia: resultados trimestrais, desist\u00eancia de IPO e setor de servi\u00e7os\"\/><\/a><span class=\"spotlightCategory\"><a href=\"https:\/\/www.suno.com.br\/noticias\/mercado\/\">Mercado<\/a><\/span><\/div><div class=\"cardsPage__listCard__boxs__content\"><a href=\"https:\/\/www.suno.com.br\/noticias\/agenda-do-dia-resultados-alphaville-servicos-brasil-12112020\/\"><h2 class=\"content__title\">Agenda do Dia: resultados trimestrais, desist\u00eancia de IPO e setor de servi\u00e7os<\/h2><\/a><div class=\"newsContent__article__meta\"><div class=\"newsContent__article__meta__authorBox\"><a href=\"https:\/\/www.suno.com.br\/noticias\/author\/jader-lazarini\/\" class=\"authorBox__avatar noMobi\"><img src=\"https:\/\/files.sunoresearch.com.br\/n\/uploads\/2021\/01\/178e6598-foto-perfil-2-150x150.jpg\" alt=\"Jader Lazarini\"><\/a><div class=\"authorBox__name\"><span>por\n\t\t\t<a href=\"https:\/\/www.suno.com.br\/noticias\/author\/jader-lazarini\/\"><span itemprop=\"author\">Jader Lazarini<\/span><\/a><\/span><time datetime=\"2020-11-12T08:19:03-03:00\" itemprop=\"datePublished\">12\/11\/2020 08:19<\/time><\/div><\/div><\/div><\/div><\/div>","single_layout":"posts","amp_enabled":true,"_links":{"self":[{"href":"https:\/\/www.suno.com.br\/noticias\/wp-json\/wp\/v2\/posts\/99592"}],"collection":[{"href":"https:\/\/www.suno.com.br\/noticias\/wp-json\/wp\/v2\/posts"}],"about":[{"href":"https:\/\/www.suno.com.br\/noticias\/wp-json\/wp\/v2\/types\/post"}],"author":[{"embeddable":true,"href":"https:\/\/www.suno.com.br\/noticias\/wp-json\/wp\/v2\/users\/24"}],"replies":[{"embeddable":true,"href":"https:\/\/www.suno.com.br\/noticias\/wp-json\/wp\/v2\/comments?post=99592"}],"version-history":[{"count":1,"href":"https:\/\/www.suno.com.br\/noticias\/wp-json\/wp\/v2\/posts\/99592\/revisions"}],"predecessor-version":[{"id":157743,"href":"https:\/\/www.suno.com.br\/noticias\/wp-json\/wp\/v2\/posts\/99592\/revisions\/157743"}],"wp:featuredmedia":[{"embeddable":true,"href":"https:\/\/www.suno.com.br\/noticias\/wp-json\/wp\/v2\/media\/85843"}],"wp:attachment":[{"href":"https:\/\/www.suno.com.br\/noticias\/wp-json\/wp\/v2\/media?parent=99592"}],"wp:term":[{"taxonomy":"category","embeddable":true,"href":"https:\/\/www.suno.com.br\/noticias\/wp-json\/wp\/v2\/categories?post=99592"},{"taxonomy":"post_tag","embeddable":true,"href":"https:\/\/www.suno.com.br\/noticias\/wp-json\/wp\/v2\/tags?post=99592"},{"taxonomy":"suno_strategy","embeddable":true,"href":"https:\/\/www.suno.com.br\/noticias\/wp-json\/wp\/v2\/suno_strategy?post=99592"}],"curies":[{"name":"wp","href":"https:\/\/api.w.org\/{rel}","templated":true}]}}