{"id":99461,"date":"2020-11-11T18:31:19","date_gmt":"2020-11-11T21:31:19","guid":{"rendered":"https:\/\/www.suno.com.br\/noticias\/?p=99461"},"modified":"2021-05-29T20:30:22","modified_gmt":"2021-05-29T23:30:22","slug":"ibovespa-fecha-em-queda-de-025-a-104-80883-pontos","status":"publish","type":"post","link":"https:\/\/www.suno.com.br\/noticias\/ibovespa-fecha-em-queda-de-025-a-104-80883-pontos\/","title":{"rendered":"Ibovespa fecha em queda de 0,25%, a 104.808,83 pontos"},"content":{"rendered":"<p>O\u00a0<span style=\"font-weight: 700 !important;\"><a href=\"https:\/\/www.suno.com.br\/artigos\/ibovespa\/\">Ibovespa<\/a>\u00a0<\/span>encerrou o preg\u00e3o desta quarta-feira (11) em queda de 0,25%, a 104.808,83 pontos.<\/p>\t<div class=\"wrapper-featured-image\">\n\t\t<figure class=\"spotlightImg\">\n\n\t\t\t<picture>\n\t\t\t\t<source media=\"(max-width: 768px)\" srcset=\"https:\/\/files.sunoresearch.com.br\/n\/uploads\/2020\/10\/8b3c2ea1-ibovespa-300x300-1-jpg.webp\">\n\t\t\t\t<img loading=\"lazy\" decoding=\"async\" class=\"newsContent__article__imgCapa lazyloadDisabled \" src=\"https:\/\/files.sunoresearch.com.br\/n\/uploads\/2020\/10\/8b3c2ea1-ibovespa-300x300-1-jpg.webp\" width=\"800\" height=\"450\" alt=\"Ibovespa fecha em queda de 0,25%, a 104.808,83 pontos\" fetchpriority=high \/>\n\t\t\t<\/picture>\n\n\t\t\t<figcaption class=\"wp-caption-text wp-caption-text--show\">A\u00e7\u00f5es da Petrobras (PETR4) devem apresentar alta no preg\u00e3o, ap\u00f3s companhia ressaltar que decis\u00e3o do STF deve benefici\u00e1-la. Foto: Divulga\u00e7\u00e3o<\/figcaption>\n\t\t<\/figure>\n\t<\/div>\n\n\n\t<p>\n\t\t<a href=\"\" target=\"_blank\" data-element=\"shortcode-suno-banner\" title=\"Banner SUNO, clique e saiba mais\">\n\t\t\t<picture>\n\t\t\t\t<source media=\"(max-width: 500px)\" srcset=\"\">\n\t\t\t\t<img class=\"newsContent__article__imgCapa newsContent__article__imgCapa--banner\"\n\t\t\t\t\tsrc=\"\"\n\t\t\t\t\tdata-promo-id=\"97204\"\t\t\t\t\t\t\t\t\t\t\t\t\t\t\talt=\"\"\n\t\t\t\t>\n\t\t\t<\/picture>\n\t\t<\/a>\n\t<\/p>\n\n\n<p>O <strong>Ibovespa hoje<\/strong> abriu em leve queda enquanto os investidores estavam atentos \u00e0s tens\u00f5es pol\u00edticas internas. Na tarde da \u00faltima ter\u00e7a-feira (10), em um evento sobre a retomada do turismo, o presidente <strong>Jair Bolsonaro<\/strong> &#8212; um dos poucos representantes do Ocidente que ainda n\u00e3o parabenizaram <strong>Joe Biden<\/strong> pela <a href=\"https:\/\/www.suno.com.br\/noticias\/joe-biden-e-o-novo-presidente-dos-eua\/\">vit\u00f3ria nas elei\u00e7\u00f5es presidenciais nos Estados Unidos<\/a> &#8212; fez uma declara\u00e7\u00e3o em refer\u00eancia ao futuro mandat\u00e1rio norte-americano.<\/p>\n<p>&#8220;Precisamos tomar cuidado com a nossa riqueza, porque t\u00e1 cheio de malandro de olho nela. Assistimos h\u00e1 pouco um grande candidato \u00e0 chefia de Estado, dizer que se eu n\u00e3o apagar o fogo da <strong>Amaz\u00f4nia<\/strong> levanta barreiras comerciais contra o Brasil&#8221;, disse Bolsonaro se referindo a Biden.<\/p>\n<p><a href=\"https:\/\/lp.suno.com.br\/suno-one\/\">Conhe\u00e7a o Suno One, a central gratuita de informa\u00e7\u00f5es da Suno para quem quer aprender a investir. Acesse clicando aqui.<\/a><\/p>\n<p>&#8220;E como \u00e9 que podemos fazer frente a tudo isso? Apenas a diplomacia n\u00e3o d\u00e1. N\u00e3o \u00e9, Ernesto [Ministro das Rela\u00e7\u00f5es Exteriores]? Quando acaba a saliva, tem que ter p\u00f3lvora, se n\u00e3o, n\u00e3o funciona&#8221;, comentou.<\/p>\n<p>Al\u00e9m disso, confira as principais not\u00edcias que movimentaram o mercado nessa quarta-feira:<\/p>\n<ul>\n<li><strong>Braskem (BRKM5)<\/strong> tem preju\u00edzo de R$ 1,4 bi com provis\u00e3o em Alagoas<\/li>\n<li><strong>Sinqia (SQIA3)<\/strong> tem queda de 25,8% no lucro l\u00edquido do 3T20<\/li>\n<li><strong>Movida (MOVI3)<\/strong> tem lucro l\u00edquido de R$ 37 milh\u00f5es no 3T20; queda de 38%<\/li>\n<li><strong>B3 (B3SA3):<\/strong> Investidores estrangeiros ingressam com maior aporte di\u00e1rio desde 2007<\/li>\n<li>Bolsas no exterior<\/li>\n<li>\u00daltima\u00a0<strong>cota\u00e7\u00e3o do Ibovespa\u00a0<\/strong><\/li>\n<\/ul>\n<h2>Braskem (BRKM5)<\/h2>\n<p>A<a href=\"https:\/\/www.suno.com.br\/acoes\/brkm5\/\"><strong> Braskem<\/strong> (BRKM5)<\/a> registou preju\u00edzo de R$ 1,413 bilh\u00e3o no terceiro trimestre de 2020, agravando as perdas de R$ 888 milh\u00f5es vistas um ano antes. O resultado \u00e9 explicado principalmente pela provis\u00e3o adicional referente ao desastre ambiental de Alagoas, no montante de R$ 3,562 bilh\u00f5es, e do impacto da varia\u00e7\u00e3o cambial no resultado financeiro sobre a exposi\u00e7\u00e3o l\u00edquida de US$ 2,679 bilh\u00f5es.<\/p>\n\t<div data-element=\"shortcode-read-more\" class=\"knowMore\">\n\t\t\t\t<span class=\"knowMore__title\">Veja tamb\u00e9m<\/span>\n\t\t\t\t<a class=\"knowMore__link\" href=\"https:\/\/www.suno.com.br\/noticias\/braskem-cre-que-85bi-de-reais-deve-resolver-problema-em-alagoas\/\">\n\t\t\tBraskem (BRKM5) cr\u00ea que R$ 8,5 bi devem resolver problema em Alagoas\t\t<\/a>\n\t<\/div>\n\n\n<p>A <a href=\"https:\/\/www.suno.com.br\/artigos\/o-que-receita-liquida\/\" target=\"_blank\" rel=\"noopener noreferrer\">receita l\u00edquida<\/a> de vendas da empresa foi de R$ 15,9 bilh\u00f5es, alta de 20% na compara\u00e7\u00e3o anual. J\u00e1 o <a href=\"https:\/\/www.suno.com.br\/artigos\/ebitda\/\" target=\"_blank\" rel=\"noopener noreferrer\">Ebitda<\/a> (lucro antes de juros, impostos, amortiza\u00e7\u00e3o e deprecia\u00e7\u00e3o) recorrente foi de R$ 3,76 bilh\u00f5es, alta de 129%. Segundo a empresa, o Ebitda foi beneficiado por maiores volumes de vendas de resinas e qu\u00edmicos no mercado brasileiro e pelos melhores spreads de PE.<\/p>\n<p>A <strong><a href=\"https:\/\/www.suno.com.br\/artigos\/melhores-metricas-para-se-analisar-uma-empresa-parte-ii\/\" target=\"_blank\" rel=\"noopener noreferrer\">alavancagem<\/a><\/strong> corporativa da Braskem, medida pela rela\u00e7\u00e3o d\u00edvida l\u00edquida\/Ebitda em d\u00f3lares, foi de 4,98 vezes no terceiro trimestre. No trimestre anterior, era de 7,11 vezes. Um ano antes, a alavancagem era de 4,05 vezes.<\/p>\n<h2>Sinqia (SQIA3)<\/h2>\n<p>A <a href=\"https:\/\/www.suno.com.br\/acoes\/sqia3\/\"><strong>Sinqia<\/strong> (SQIA3)<\/a> registrou um <a href=\"https:\/\/www.suno.com.br\/artigos\/lucro-liquido\/\">lucro l\u00edquido<\/a> de R$ 851 mil no terceiro trimestre deste ano. Esse valor \u00e9 equivalente a queda de 25,8%, em compara\u00e7\u00e3o com o mesmo per\u00edodo no ano passado, quando havia registrado lucro de R$ 1,1 milh\u00e3o.<\/p>\n<p>A <strong><a href=\"https:\/\/www.suno.com.br\/artigos\/receita-liquida-operacional\/#:~:text=O%20que%20%C3%A9%20Receita%20Operacional,empresa%20recebe%20em%20determinado%20per%C3%ADodo.\">receita l\u00edquida<\/a> <\/strong>registrou recorde de R$ 52,8 milh\u00f5es, crescimento de 13,8%.Por sua vez, o<a href=\"https:\/\/www.suno.com.br\/artigos\/lucro-bruto\/#:~:text=Lucro%20bruto%20(tamb%C3%A9m%20chamado%20de,comiss%C3%B5es%20e%20demais%20insumos%20produtivos.\"> lucro bruto<\/a> da Sinqia cresceu 11%, na compara\u00e7\u00e3o com o mesmo per\u00edodo em 2019, atingindo R$ 17,5 milh\u00f5es. Segundo a companhia, essa alta \u00e9 devido ao avan\u00e7o nos neg\u00f3cios de software e servi\u00e7os.<\/p>\n\t<div data-element=\"shortcode-read-more\" class=\"knowMore\">\n\t\t\t\t<span class=\"knowMore__title\">Saiba mais<\/span>\n\t\t\t\t<a class=\"knowMore__link\" href=\"https:\/\/www.suno.com.br\/noticias\/sinqia-sqia3-lucro-queda-3t20\/\">\n\t\t\tSinqia (SQIA3) tem queda de 25,8% no lucro l\u00edquido do 3T20\t\t<\/a>\n\t<\/div>\n\n\n<p>As <a href=\"https:\/\/www.suno.com.br\/artigos\/despesas-administrativas\/\">despesas gerais e administrativas<\/a> alcan\u00e7aram R$ 8,6 milh\u00f5es, queda de 12,5% em rela\u00e7\u00e3o entre julho e setembro do ano passado. Esse valor representa 16,1% da receita l\u00edquida total, o percentual mais baixo da s\u00e9rie.<\/p>\n<h2>Movida (MOVI3)<\/h2>\n<p>A <a href=\"https:\/\/www.suno.com.br\/acoes\/movi3\/\"><strong>Movida<\/strong> (MOVI3)<\/a> apresentou, na noite da \u00faltima ter\u00e7a-feira, seu resultado do terceiro trimestre deste ano. A companhia teve um <a href=\"https:\/\/www.suno.com.br\/artigos\/lucro-liquido\/\">lucro l\u00edquido<\/a> ajustado de R$ 37,2 milh\u00f5es, uma baixa de 38,2% em compara\u00e7\u00e3o ao mesmo per\u00edodo do ano passado, quando lucrou R$ 60,2 milh\u00f5es.<\/p>\n<p>De acordo com a Movida, a <a href=\"https:\/\/www.suno.com.br\/artigos\/o-que-receita-liquida\/\">receita l\u00edquida<\/a>, por sua vez, atingiu R$ 1,03 bilh\u00e3o, um crescimento de 3,6% sobre o terceiro trimestre de 2019. O <a href=\"https:\/\/www.suno.com.br\/artigos\/ebitda\/\"><strong>Ebitda<\/strong> (lucro antes de juros, impostos, deprecia\u00e7\u00e3o e amortiza\u00e7\u00e3o)<\/a> ajustado avan\u00e7ou 13,6%, para R$ 213,2 milh\u00f5es. Assim, a margem l\u00edquida ficou em 3,6%, enquanto a margem Ebitda ajustada foi de 20,6%.<\/p>\n\t<div data-element=\"shortcode-read-more\" class=\"knowMore\">\n\t\t\t\t<span class=\"knowMore__title\">Saiba mais<\/span>\n\t\t\t\t<a class=\"knowMore__link\" href=\"https:\/\/www.suno.com.br\/noticias\/movida-movi3-lucro-liquido-3t20\/\">\n\t\t\tMovida (MOVI3) tem lucro l\u00edquido de R$ 37 milh\u00f5es no 3T20; queda de 38%\t\t<\/a>\n\t<\/div>\n\n\n<p>Nos destaques por segmento, o <em>Rent a Car<\/em> (<strong>RAC<\/strong>) registrou um recorde na taxa de ocupa\u00e7\u00e3o, de 82,7% no terceiro trimestre, um crescimento de 6,6 pontos percentuais na compara\u00e7\u00e3o anualiazada. O resultado adv\u00e9m de uma frota total de 67.978 carros, com um ticket m\u00e9dio de R$ 70.<\/p>\n<h2>B3 (B3SA3)<\/h2>\n<p>A <a href=\"https:\/\/www.suno.com.br\/acoes\/b3sa3\/\"><strong>B3<\/strong> (B3SA3)<\/a> informou nesta quarta-feira que os <a href=\"https:\/\/www.suno.com.br\/artigos\/investidor-estrangeiro\/\">investidores estrangeiros<\/a> ingressaram com R$ 4,502 bilh\u00f5es na <a href=\"https:\/\/www.suno.com.br\/artigos\/c\/bolsa-de-valores\/\">Bolsa de Valores Brasileira<\/a>, na \u00faltima segunda-feira (9). O aporte foi o maior em um \u00fanico dia em termos nominais, desde 2007, ano em que se inicia a s\u00e9rie de dados di\u00e1rios compilados pelo Broadcast, sistema de not\u00edcias em tempo real do Grupo Estado.<\/p>\n<div class=\"hubspot-form-wrapper\">\n\t<div id=\"single-form-target\"><\/div>\n<\/div>\n\n<p>No preg\u00e3o, o Ibovespa encerrou em alta de 2,57%, aos 103.515,16 pontos, com um forte giro financeiro de R$ 49,1 bilh\u00f5es. A B3 acompanhou a onda de otimismo no exterior em fun\u00e7\u00e3o das elei\u00e7\u00f5es norte-americanas, com a vit\u00f3ria do democrata Joe Biden e al\u00e9m disso, com o an\u00fancio da <strong>vacina da Pfizer<\/strong> e da BioNTech contra o novo coronav\u00edrus (Covid-19), a qual apresentou efic\u00e1cia de mais de 90% em testes da fase 3.<\/p>\n<p>Diante do resultado favor\u00e1vel, as carteiras em todo o mundo tiveram um movimento de giro de setores, com <a href=\"https:\/\/www.suno.com.br\/artigos\/tipos-de-acoes\/\">a\u00e7\u00f5es<\/a> consideradas \u201cde valor\u201d, como as dos grandes bancos, ap\u00f3s fortes perdas que registraram desde o in\u00edcio da crise gerada pela <strong>pandemia da Covid-19.<\/strong><\/p>\n<h2>Al\u00e9m do Ibovespa: Bolsas no exterior<\/h2>\n<p>Al\u00e9m da <strong>cota\u00e7\u00e3o<\/strong> <strong>do<\/strong> <strong>Ibovespa<\/strong>, confira o desempenho dos principais \u00edndices acion\u00e1rios no exterior:<\/p>\n<ul>\n<li>Londres (<a href=\"https:\/\/www.suno.com.br\/artigos\/ftse-100\/\">FTSE 100<\/a>): +1,35%<\/li>\n<li>Frankfurt (<a href=\"https:\/\/www.suno.com.br\/artigos\/dax-30\/\">DAX 30)<\/a>: +0,40%<\/li>\n<li>Paris (<a href=\"https:\/\/www.suno.com.br\/artigos\/cac-40\/\">CAC 40<\/a>): +0,48%<\/li>\n<li>Mil\u00e3o (FTSE\/MIB): +0,68%<\/li>\n<li>Nova York (<a href=\"https:\/\/www.suno.com.br\/artigos\/sp-500\/\">S&amp;P 500<\/a>):\u00a0 +0,77%<\/li>\n<\/ul>\n<h2>\u00daltima cota\u00e7\u00e3o do Ibovespa<\/h2>\n<p>O <strong>Ibovespa <\/strong>encerrou as negocia\u00e7\u00f5es na \u00faltima ter\u00e7a-feira com uma alta de 1,50%, a 105.066,96 pontos.<\/p>\n\t<p>\n\t\t<a href=\"https:\/\/lp.suno.com.br\/planilha-de-controle-de-investimentos\/\" target=\"_blank\" data-element=\"shortcode-suno-banner\" title=\"Banner SUNO, clique e saiba mais\">\n\t\t\t<picture>\n\t\t\t\t<source media=\"(max-width: 500px)\" srcset=\"https:\/\/files.sunoresearch.com.br\/n\/uploads\/2023\/03\/400x300-Controle-de-Investimentos.png\">\n\t\t\t\t<img class=\"newsContent__article__imgCapa newsContent__article__imgCapa--banner\"\n\t\t\t\t\tsrc=\"https:\/\/files.sunoresearch.com.br\/n\/uploads\/2023\/03\/1420x240-Controle-de-Investimentos.png\"\n\t\t\t\t\tdata-promo-id=\"75934\"\t\t\t\t\t\t\t\t\t\twidth='1420' height='240'\t\t\t\t\talt=\"https:\/\/files.sunoresearch.com.br\/n\/uploads\/2023\/03\/1420x240-Controle-de-Investimentos.png\"\n\t\t\t\t>\n\t\t\t<\/picture>\n\t\t<\/a>\n\t<\/p>\n\n\n","protected":false},"excerpt":{"rendered":"<p>O\u00a0Ibovespa\u00a0encerrou o preg\u00e3o desta quarta-feira (11) em queda de 0,25%, a 104.808,83 pontos. A\u00e7\u00f5es da Petrobras (PETR4) devem apresentar alta no preg\u00e3o, ap\u00f3s companhia ressaltar que decis\u00e3o do STF deve benefici\u00e1-la. Foto: Divulga\u00e7\u00e3o O Ibovespa hoje abriu em leve queda enquanto os investidores estavam atentos \u00e0s tens\u00f5es pol\u00edticas internas. Na tarde da \u00faltima ter\u00e7a-feira (10), [&hellip;]<\/p>\n","protected":false},"author":39,"featured_media":94280,"comment_status":"closed","ping_status":"closed","sticky":false,"template":"","format":"standard","meta":[],"categories":[60],"tags":[367,395,721,2080,567,1954],"suno_strategy":[],"class_list":["post-99461","post","type-post","status-publish","format-standard","has-post-thumbnail","hentry","category-mercado","tag-b3-b3sa3","tag-braskem-brkm3-brkm5-brkm6","tag-ibovespa","tag-investidores-estrangeiros","tag-movida-movi3","tag-sinqia-sqia3"],"yoast_head":"<!-- This site is optimized with the Yoast SEO plugin v24.4 - https:\/\/yoast.com\/wordpress\/plugins\/seo\/ -->\n<title>Ibovespa fecha em queda de 0,25%, a 104.808,83 pontos<\/title>\n<meta name=\"description\" content=\"O\u00a0Ibovespa\u00a0encerrou o preg\u00e3o desta quarta-feira (11) em queda de 0,25%, a 104.808,83 pontos. Clique aqui para saber mais.\" \/>\n<meta name=\"robots\" content=\"index, follow, max-snippet:-1, max-image-preview:large, max-video-preview:-1\" \/>\n<link rel=\"canonical\" href=\"https:\/\/www.suno.com.br\/noticias\/ibovespa-fecha-em-queda-de-025-a-104-80883-pontos\/\" \/>\n<meta property=\"og:locale\" content=\"pt_BR\" \/>\n<meta property=\"og:type\" content=\"article\" \/>\n<meta property=\"og:title\" content=\"Ibovespa fecha em queda de 0,25%, a 104.808,83 pontos\" \/>\n<meta property=\"og:description\" content=\"O\u00a0Ibovespa\u00a0encerrou o preg\u00e3o desta quarta-feira (11) em queda de 0,25%, a 104.808,83 pontos. Clique aqui para saber mais.\" \/>\n<meta property=\"og:url\" content=\"https:\/\/www.suno.com.br\/noticias\/ibovespa-fecha-em-queda-de-025-a-104-80883-pontos\/\" \/>\n<meta property=\"og:site_name\" content=\"Suno Not\u00edcias\" \/>\n<meta property=\"article:publisher\" content=\"https:\/\/facebook.com\/sunoresearch\" \/>\n<meta property=\"og:image\" content=\"https:\/\/files.sunoresearch.com.br\/n\/uploads\/2020\/10\/8b3c2ea1-ibovespa-300x300-1.jpg\" \/>\n\t<meta property=\"og:image:width\" content=\"300\" \/>\n\t<meta property=\"og:image:height\" content=\"300\" \/>\n\t<meta property=\"og:image:type\" content=\"image\/jpeg\" \/>\n<meta name=\"author\" content=\"Laura Moutinho\" \/>\n<meta name=\"twitter:card\" content=\"summary_large_image\" \/>\n<meta name=\"twitter:creator\" content=\"@sunoresearch\" \/>\n<meta name=\"twitter:site\" content=\"@sunoresearch\" \/>\n<meta name=\"twitter:label1\" content=\"Escrito por\" \/>\n\t<meta name=\"twitter:data1\" content=\"Laura Moutinho\" \/>\n\t<meta name=\"twitter:label2\" content=\"Est. tempo de leitura\" \/>\n\t<meta name=\"twitter:data2\" content=\"5 minutos\" \/>\n<script type=\"application\/ld+json\" class=\"yoast-schema-graph\">{\"@context\":\"https:\/\/schema.org\",\"@graph\":[{\"@type\":\"NewsArticle\",\"@id\":\"https:\/\/www.suno.com.br\/noticias\/ibovespa-fecha-em-queda-de-025-a-104-80883-pontos\/#article\",\"isPartOf\":{\"@id\":\"https:\/\/www.suno.com.br\/noticias\/ibovespa-fecha-em-queda-de-025-a-104-80883-pontos\/\"},\"author\":{\"name\":\"Laura Moutinho\",\"@id\":\"https:\/\/www.suno.com.br\/noticias\/#\/schema\/person\/3df0d2808748b74496efe5dbeaef2c72\"},\"headline\":\"Ibovespa fecha em queda de 0,25%, a 104.808,83 pontos\",\"datePublished\":\"2020-11-11T21:31:19+00:00\",\"dateModified\":\"2021-05-29T23:30:22+00:00\",\"mainEntityOfPage\":{\"@id\":\"https:\/\/www.suno.com.br\/noticias\/ibovespa-fecha-em-queda-de-025-a-104-80883-pontos\/\"},\"wordCount\":1017,\"publisher\":{\"@id\":\"https:\/\/www.suno.com.br\/noticias\/#organization\"},\"image\":{\"@id\":\"https:\/\/www.suno.com.br\/noticias\/ibovespa-fecha-em-queda-de-025-a-104-80883-pontos\/#primaryimage\"},\"thumbnailUrl\":\"https:\/\/files.sunoresearch.com.br\/n\/uploads\/2020\/10\/8b3c2ea1-ibovespa-300x300-1-jpg.webp\",\"keywords\":[\"B3 (B3SA3)\",\"Braskem (BRKM3\/BRKM5\/BRKM6)\",\"Ibovespa\",\"Investidores estrangeiros\",\"Movida (MOVI3)\",\"Sinqia (SQIA3)\"],\"articleSection\":[\"Mercado\"],\"inLanguage\":\"pt-BR\"},{\"@type\":\"WebPage\",\"@id\":\"https:\/\/www.suno.com.br\/noticias\/ibovespa-fecha-em-queda-de-025-a-104-80883-pontos\/\",\"url\":\"https:\/\/www.suno.com.br\/noticias\/ibovespa-fecha-em-queda-de-025-a-104-80883-pontos\/\",\"name\":\"Ibovespa fecha em queda de 0,25%, a 104.808,83 pontos\",\"isPartOf\":{\"@id\":\"https:\/\/www.suno.com.br\/noticias\/#website\"},\"primaryImageOfPage\":{\"@id\":\"https:\/\/www.suno.com.br\/noticias\/ibovespa-fecha-em-queda-de-025-a-104-80883-pontos\/#primaryimage\"},\"image\":{\"@id\":\"https:\/\/www.suno.com.br\/noticias\/ibovespa-fecha-em-queda-de-025-a-104-80883-pontos\/#primaryimage\"},\"thumbnailUrl\":\"https:\/\/files.sunoresearch.com.br\/n\/uploads\/2020\/10\/8b3c2ea1-ibovespa-300x300-1-jpg.webp\",\"datePublished\":\"2020-11-11T21:31:19+00:00\",\"dateModified\":\"2021-05-29T23:30:22+00:00\",\"description\":\"O\u00a0Ibovespa\u00a0encerrou o preg\u00e3o desta quarta-feira (11) em queda de 0,25%, a 104.808,83 pontos. Clique aqui para saber mais.\",\"breadcrumb\":{\"@id\":\"https:\/\/www.suno.com.br\/noticias\/ibovespa-fecha-em-queda-de-025-a-104-80883-pontos\/#breadcrumb\"},\"inLanguage\":\"pt-BR\",\"potentialAction\":[{\"@type\":\"ReadAction\",\"target\":[\"https:\/\/www.suno.com.br\/noticias\/ibovespa-fecha-em-queda-de-025-a-104-80883-pontos\/\"]}]},{\"@type\":\"ImageObject\",\"inLanguage\":\"pt-BR\",\"@id\":\"https:\/\/www.suno.com.br\/noticias\/ibovespa-fecha-em-queda-de-025-a-104-80883-pontos\/#primaryimage\",\"url\":\"https:\/\/files.sunoresearch.com.br\/n\/uploads\/2020\/10\/8b3c2ea1-ibovespa-300x300-1-jpg.webp\",\"contentUrl\":\"https:\/\/files.sunoresearch.com.br\/n\/uploads\/2020\/10\/8b3c2ea1-ibovespa-300x300-1-jpg.webp\",\"width\":300,\"height\":300,\"caption\":\"A\u00e7\u00f5es da Petrobras (PETR4) devem apresentar alta no preg\u00e3o, ap\u00f3s companhia ressaltar que decis\u00e3o do STF deve benefici\u00e1-la. Foto: Divulga\u00e7\u00e3o\"},{\"@type\":\"BreadcrumbList\",\"@id\":\"https:\/\/www.suno.com.br\/noticias\/ibovespa-fecha-em-queda-de-025-a-104-80883-pontos\/#breadcrumb\",\"itemListElement\":[{\"@type\":\"ListItem\",\"position\":1,\"name\":\"Not\u00edcias\",\"item\":\"https:\/\/www.suno.com.br\/noticias\/\"},{\"@type\":\"ListItem\",\"position\":2,\"name\":\"Mercado\",\"item\":\"https:\/\/www.suno.com.br\/noticias\/mercado\/\"},{\"@type\":\"ListItem\",\"position\":3,\"name\":\"Ibovespa fecha em queda de 0,25%, a 104.808,83 pontos\"}]},{\"@type\":\"WebSite\",\"@id\":\"https:\/\/www.suno.com.br\/noticias\/#website\",\"url\":\"https:\/\/www.suno.com.br\/noticias\/\",\"name\":\"Suno Not\u00edcias\",\"description\":\"Seu portal de informa\u00e7\u00e3o sobre o mundo dos investimentos\",\"publisher\":{\"@id\":\"https:\/\/www.suno.com.br\/noticias\/#organization\"},\"potentialAction\":[{\"@type\":\"SearchAction\",\"target\":{\"@type\":\"EntryPoint\",\"urlTemplate\":\"https:\/\/www.suno.com.br\/noticias\/?s={search_term_string}\"},\"query-input\":{\"@type\":\"PropertyValueSpecification\",\"valueRequired\":true,\"valueName\":\"search_term_string\"}}],\"inLanguage\":\"pt-BR\"},{\"@type\":\"Organization\",\"@id\":\"https:\/\/www.suno.com.br\/noticias\/#organization\",\"name\":\"Suno Not\u00edcias\",\"url\":\"https:\/\/www.suno.com.br\/noticias\/\",\"logo\":{\"@type\":\"ImageObject\",\"inLanguage\":\"pt-BR\",\"@id\":\"https:\/\/www.suno.com.br\/noticias\/#\/schema\/logo\/image\/\",\"url\":\"https:\/\/files.sunoresearch.com.br\/n\/uploads\/2021\/09\/suno-logo.png\",\"contentUrl\":\"https:\/\/files.sunoresearch.com.br\/n\/uploads\/2021\/09\/suno-logo.png\",\"width\":180,\"height\":180,\"caption\":\"Suno Not\u00edcias\"},\"image\":{\"@id\":\"https:\/\/www.suno.com.br\/noticias\/#\/schema\/logo\/image\/\"},\"sameAs\":[\"https:\/\/facebook.com\/sunoresearch\",\"https:\/\/x.com\/sunoresearch\",\"https:\/\/www.instagram.com\/suno\",\"https:\/\/www.linkedin.com\/company\/suno-research\/\",\"https:\/\/www.youtube.com\/c\/sunoresearch\"]},{\"@type\":\"Person\",\"@id\":\"https:\/\/www.suno.com.br\/noticias\/#\/schema\/person\/3df0d2808748b74496efe5dbeaef2c72\",\"name\":\"Laura Moutinho\",\"image\":{\"@type\":\"ImageObject\",\"inLanguage\":\"pt-BR\",\"@id\":\"https:\/\/www.suno.com.br\/noticias\/#\/schema\/person\/image\/\",\"url\":\"https:\/\/secure.gravatar.com\/avatar\/7571c7c8ca3a6fca5e41384ece5557ff?s=96&r=g\",\"contentUrl\":\"https:\/\/secure.gravatar.com\/avatar\/7571c7c8ca3a6fca5e41384ece5557ff?s=96&r=g\",\"caption\":\"Laura Moutinho\"},\"description\":\"Estagi\u00e1ria na Suno Not\u00edcias, escreve not\u00edcias que afetam o mercado financeiro. Estuda administra\u00e7\u00e3o na Universidade Presbiteriana Mackenzie.\",\"url\":\"https:\/\/www.suno.com.br\/noticias\/author\/laura-moutinho\/\"}]}<\/script>\n<!-- \/ Yoast SEO plugin. -->","yoast_head_json":{"title":"Ibovespa fecha em queda de 0,25%, a 104.808,83 pontos","description":"O\u00a0Ibovespa\u00a0encerrou o preg\u00e3o desta quarta-feira (11) em queda de 0,25%, a 104.808,83 pontos. Clique aqui para saber mais.","robots":{"index":"index","follow":"follow","max-snippet":"max-snippet:-1","max-image-preview":"max-image-preview:large","max-video-preview":"max-video-preview:-1"},"canonical":"https:\/\/www.suno.com.br\/noticias\/ibovespa-fecha-em-queda-de-025-a-104-80883-pontos\/","og_locale":"pt_BR","og_type":"article","og_title":"Ibovespa fecha em queda de 0,25%, a 104.808,83 pontos","og_description":"O\u00a0Ibovespa\u00a0encerrou o preg\u00e3o desta quarta-feira (11) em queda de 0,25%, a 104.808,83 pontos. Clique aqui para saber mais.","og_url":"https:\/\/www.suno.com.br\/noticias\/ibovespa-fecha-em-queda-de-025-a-104-80883-pontos\/","og_site_name":"Suno Not\u00edcias","article_publisher":"https:\/\/facebook.com\/sunoresearch","og_image":[{"width":300,"height":300,"url":"https:\/\/files.sunoresearch.com.br\/n\/uploads\/2020\/10\/8b3c2ea1-ibovespa-300x300-1.jpg","type":"image\/jpeg"}],"author":"Laura Moutinho","twitter_card":"summary_large_image","twitter_creator":"@sunoresearch","twitter_site":"@sunoresearch","twitter_misc":{"Escrito por":"Laura Moutinho","Est. tempo de leitura":"5 minutos"},"schema":{"@context":"https:\/\/schema.org","@graph":[{"@type":"NewsArticle","@id":"https:\/\/www.suno.com.br\/noticias\/ibovespa-fecha-em-queda-de-025-a-104-80883-pontos\/#article","isPartOf":{"@id":"https:\/\/www.suno.com.br\/noticias\/ibovespa-fecha-em-queda-de-025-a-104-80883-pontos\/"},"author":{"name":"Laura Moutinho","@id":"https:\/\/www.suno.com.br\/noticias\/#\/schema\/person\/3df0d2808748b74496efe5dbeaef2c72"},"headline":"Ibovespa fecha em queda de 0,25%, a 104.808,83 pontos","datePublished":"2020-11-11T21:31:19+00:00","dateModified":"2021-05-29T23:30:22+00:00","mainEntityOfPage":{"@id":"https:\/\/www.suno.com.br\/noticias\/ibovespa-fecha-em-queda-de-025-a-104-80883-pontos\/"},"wordCount":1017,"publisher":{"@id":"https:\/\/www.suno.com.br\/noticias\/#organization"},"image":{"@id":"https:\/\/www.suno.com.br\/noticias\/ibovespa-fecha-em-queda-de-025-a-104-80883-pontos\/#primaryimage"},"thumbnailUrl":"https:\/\/files.sunoresearch.com.br\/n\/uploads\/2020\/10\/8b3c2ea1-ibovespa-300x300-1-jpg.webp","keywords":["B3 (B3SA3)","Braskem (BRKM3\/BRKM5\/BRKM6)","Ibovespa","Investidores estrangeiros","Movida (MOVI3)","Sinqia (SQIA3)"],"articleSection":["Mercado"],"inLanguage":"pt-BR"},{"@type":"WebPage","@id":"https:\/\/www.suno.com.br\/noticias\/ibovespa-fecha-em-queda-de-025-a-104-80883-pontos\/","url":"https:\/\/www.suno.com.br\/noticias\/ibovespa-fecha-em-queda-de-025-a-104-80883-pontos\/","name":"Ibovespa fecha em queda de 0,25%, a 104.808,83 pontos","isPartOf":{"@id":"https:\/\/www.suno.com.br\/noticias\/#website"},"primaryImageOfPage":{"@id":"https:\/\/www.suno.com.br\/noticias\/ibovespa-fecha-em-queda-de-025-a-104-80883-pontos\/#primaryimage"},"image":{"@id":"https:\/\/www.suno.com.br\/noticias\/ibovespa-fecha-em-queda-de-025-a-104-80883-pontos\/#primaryimage"},"thumbnailUrl":"https:\/\/files.sunoresearch.com.br\/n\/uploads\/2020\/10\/8b3c2ea1-ibovespa-300x300-1-jpg.webp","datePublished":"2020-11-11T21:31:19+00:00","dateModified":"2021-05-29T23:30:22+00:00","description":"O\u00a0Ibovespa\u00a0encerrou o preg\u00e3o desta quarta-feira (11) em queda de 0,25%, a 104.808,83 pontos. Clique aqui para saber mais.","breadcrumb":{"@id":"https:\/\/www.suno.com.br\/noticias\/ibovespa-fecha-em-queda-de-025-a-104-80883-pontos\/#breadcrumb"},"inLanguage":"pt-BR","potentialAction":[{"@type":"ReadAction","target":["https:\/\/www.suno.com.br\/noticias\/ibovespa-fecha-em-queda-de-025-a-104-80883-pontos\/"]}]},{"@type":"ImageObject","inLanguage":"pt-BR","@id":"https:\/\/www.suno.com.br\/noticias\/ibovespa-fecha-em-queda-de-025-a-104-80883-pontos\/#primaryimage","url":"https:\/\/files.sunoresearch.com.br\/n\/uploads\/2020\/10\/8b3c2ea1-ibovespa-300x300-1-jpg.webp","contentUrl":"https:\/\/files.sunoresearch.com.br\/n\/uploads\/2020\/10\/8b3c2ea1-ibovespa-300x300-1-jpg.webp","width":300,"height":300,"caption":"A\u00e7\u00f5es da Petrobras (PETR4) devem apresentar alta no preg\u00e3o, ap\u00f3s companhia ressaltar que decis\u00e3o do STF deve benefici\u00e1-la. Foto: Divulga\u00e7\u00e3o"},{"@type":"BreadcrumbList","@id":"https:\/\/www.suno.com.br\/noticias\/ibovespa-fecha-em-queda-de-025-a-104-80883-pontos\/#breadcrumb","itemListElement":[{"@type":"ListItem","position":1,"name":"Not\u00edcias","item":"https:\/\/www.suno.com.br\/noticias\/"},{"@type":"ListItem","position":2,"name":"Mercado","item":"https:\/\/www.suno.com.br\/noticias\/mercado\/"},{"@type":"ListItem","position":3,"name":"Ibovespa fecha em queda de 0,25%, a 104.808,83 pontos"}]},{"@type":"WebSite","@id":"https:\/\/www.suno.com.br\/noticias\/#website","url":"https:\/\/www.suno.com.br\/noticias\/","name":"Suno Not\u00edcias","description":"Seu portal de informa\u00e7\u00e3o sobre o mundo dos investimentos","publisher":{"@id":"https:\/\/www.suno.com.br\/noticias\/#organization"},"potentialAction":[{"@type":"SearchAction","target":{"@type":"EntryPoint","urlTemplate":"https:\/\/www.suno.com.br\/noticias\/?s={search_term_string}"},"query-input":{"@type":"PropertyValueSpecification","valueRequired":true,"valueName":"search_term_string"}}],"inLanguage":"pt-BR"},{"@type":"Organization","@id":"https:\/\/www.suno.com.br\/noticias\/#organization","name":"Suno Not\u00edcias","url":"https:\/\/www.suno.com.br\/noticias\/","logo":{"@type":"ImageObject","inLanguage":"pt-BR","@id":"https:\/\/www.suno.com.br\/noticias\/#\/schema\/logo\/image\/","url":"https:\/\/files.sunoresearch.com.br\/n\/uploads\/2021\/09\/suno-logo.png","contentUrl":"https:\/\/files.sunoresearch.com.br\/n\/uploads\/2021\/09\/suno-logo.png","width":180,"height":180,"caption":"Suno Not\u00edcias"},"image":{"@id":"https:\/\/www.suno.com.br\/noticias\/#\/schema\/logo\/image\/"},"sameAs":["https:\/\/facebook.com\/sunoresearch","https:\/\/x.com\/sunoresearch","https:\/\/www.instagram.com\/suno","https:\/\/www.linkedin.com\/company\/suno-research\/","https:\/\/www.youtube.com\/c\/sunoresearch"]},{"@type":"Person","@id":"https:\/\/www.suno.com.br\/noticias\/#\/schema\/person\/3df0d2808748b74496efe5dbeaef2c72","name":"Laura Moutinho","image":{"@type":"ImageObject","inLanguage":"pt-BR","@id":"https:\/\/www.suno.com.br\/noticias\/#\/schema\/person\/image\/","url":"https:\/\/secure.gravatar.com\/avatar\/7571c7c8ca3a6fca5e41384ece5557ff?s=96&r=g","contentUrl":"https:\/\/secure.gravatar.com\/avatar\/7571c7c8ca3a6fca5e41384ece5557ff?s=96&r=g","caption":"Laura Moutinho"},"description":"Estagi\u00e1ria na Suno Not\u00edcias, escreve not\u00edcias que afetam o mercado financeiro. Estuda administra\u00e7\u00e3o na Universidade Presbiteriana Mackenzie.","url":"https:\/\/www.suno.com.br\/noticias\/author\/laura-moutinho\/"}]}},"default_loop_html":"<div class=\"cardsPage__listCard__boxs\"><div class=\"cardsPage__listCard__boxs__img\"><a href=\"https:\/\/www.suno.com.br\/noticias\/ibovespa-fecha-em-queda-de-025-a-104-80883-pontos\/\"><img class=\"mask\" src=\"https:\/\/www.suno.com.br\/noticias\/wp-content\/themes\/suno\/resources\/images\/spotlight\/spotlight1img\/bg-mask.png\" alt=\"Image Mask\"\/><img src=\"https:\/\/files.sunoresearch.com.br\/n\/uploads\/2020\/10\/8b3c2ea1-ibovespa-300x300-1-jpg.webp\" alt=\"Ibovespa fecha em queda de 0,25%, a 104.808,83 pontos\"\/><\/a><span class=\"spotlightCategory\"><a href=\"https:\/\/www.suno.com.br\/noticias\/mercado\/\">Mercado<\/a><\/span><\/div><div class=\"cardsPage__listCard__boxs__content\"><a href=\"https:\/\/www.suno.com.br\/noticias\/ibovespa-fecha-em-queda-de-025-a-104-80883-pontos\/\"><h2 class=\"content__title\">Ibovespa fecha em queda de 0,25%, a 104.808,83 pontos<\/h2><\/a><div class=\"newsContent__article__meta\"><div class=\"newsContent__article__meta__authorBox\"><a href=\"https:\/\/www.suno.com.br\/noticias\/author\/laura-moutinho\/\" class=\"authorBox__avatar noMobi\"><img src=\"https:\/\/files.sunoresearch.com.br\/n\/uploads\/2020\/08\/531ff69d-whatsapp-image-2020-08-03-at-14.54.38-150x150.webp\" alt=\"Laura Moutinho\"><\/a><div class=\"authorBox__name\"><span>por\n\t\t\t<a href=\"https:\/\/www.suno.com.br\/noticias\/author\/laura-moutinho\/\"><span itemprop=\"author\">Laura Moutinho<\/span><\/a><\/span><time datetime=\"2020-11-11T18:31:19-03:00\" itemprop=\"datePublished\">11\/11\/2020 18:31<\/time><\/div><\/div><\/div><\/div><\/div>","single_layout":"posts","amp_enabled":true,"_links":{"self":[{"href":"https:\/\/www.suno.com.br\/noticias\/wp-json\/wp\/v2\/posts\/99461"}],"collection":[{"href":"https:\/\/www.suno.com.br\/noticias\/wp-json\/wp\/v2\/posts"}],"about":[{"href":"https:\/\/www.suno.com.br\/noticias\/wp-json\/wp\/v2\/types\/post"}],"author":[{"embeddable":true,"href":"https:\/\/www.suno.com.br\/noticias\/wp-json\/wp\/v2\/users\/39"}],"replies":[{"embeddable":true,"href":"https:\/\/www.suno.com.br\/noticias\/wp-json\/wp\/v2\/comments?post=99461"}],"version-history":[{"count":1,"href":"https:\/\/www.suno.com.br\/noticias\/wp-json\/wp\/v2\/posts\/99461\/revisions"}],"predecessor-version":[{"id":151990,"href":"https:\/\/www.suno.com.br\/noticias\/wp-json\/wp\/v2\/posts\/99461\/revisions\/151990"}],"wp:featuredmedia":[{"embeddable":true,"href":"https:\/\/www.suno.com.br\/noticias\/wp-json\/wp\/v2\/media\/94280"}],"wp:attachment":[{"href":"https:\/\/www.suno.com.br\/noticias\/wp-json\/wp\/v2\/media?parent=99461"}],"wp:term":[{"taxonomy":"category","embeddable":true,"href":"https:\/\/www.suno.com.br\/noticias\/wp-json\/wp\/v2\/categories?post=99461"},{"taxonomy":"post_tag","embeddable":true,"href":"https:\/\/www.suno.com.br\/noticias\/wp-json\/wp\/v2\/tags?post=99461"},{"taxonomy":"suno_strategy","embeddable":true,"href":"https:\/\/www.suno.com.br\/noticias\/wp-json\/wp\/v2\/suno_strategy?post=99461"}],"curies":[{"name":"wp","href":"https:\/\/api.w.org\/{rel}","templated":true}]}}