{"id":99392,"date":"2020-11-11T14:41:54","date_gmt":"2020-11-11T17:41:54","guid":{"rendered":"https:\/\/www.suno.com.br\/noticias\/?p=99392"},"modified":"2021-02-17T22:43:16","modified_gmt":"2021-02-18T01:43:16","slug":"bce-nao-descarta-nenhuma-medida-na-proxima-decisao-de-politica-monetaria-diz-integrante","status":"publish","type":"post","link":"https:\/\/www.suno.com.br\/noticias\/bce-nao-descarta-nenhuma-medida-na-proxima-decisao-de-politica-monetaria-diz-integrante\/","title":{"rendered":"BCE n\u00e3o descarta nenhuma medida na pr\u00f3xima decis\u00e3o de pol\u00edtica monet\u00e1ria, diz integrante"},"content":{"rendered":"<p>Integrante do comit\u00ea de pol\u00edtica monet\u00e1ria do <a href=\"https:\/\/www.suno.com.br\/artigos\/bce\/\"><strong>Banco Central Europeu (BCE)<\/strong><\/a>, Klaas Knot declarou nesta quarta-feira (1), em entrevista \u00e0 CNBC, n\u00e3o ter descartado nenhuma medida para a pr\u00f3xima decis\u00e3o de <a href=\"https:\/\/www.suno.com.br\/artigos\/politica-monetaria\/\">pol\u00edtica monet\u00e1ria<\/a> do banco, que ser\u00e1 realizada em dezembro.<\/p>\t<div class=\"wrapper-featured-image\">\n\t\t<figure class=\"spotlightImg\">\n\n\t\t\t<picture>\n\t\t\t\t<source media=\"(max-width: 768px)\" srcset=\"https:\/\/files.sunoresearch.com.br\/n\/uploads\/2020\/11\/451554cf-bce-400x200.webp\">\n\t\t\t\t<img loading=\"lazy\" decoding=\"async\" class=\"newsContent__article__imgCapa lazyloadDisabled \" src=\"https:\/\/files.sunoresearch.com.br\/n\/uploads\/2020\/11\/451554cf-bce-jpg.webp\" width=\"800\" height=\"450\" alt=\"BCE n\u00e3o descarta nenhuma medida na pr\u00f3xima decis\u00e3o de pol\u00edtica monet\u00e1ria, diz integrante\" fetchpriority=high \/>\n\t\t\t<\/picture>\n\n\t\t\t<figcaption class=\"wp-caption-text wp-caption-text--show\">BCE n\u00e3o descarta nenhuma medida na pr\u00f3xima decis\u00e3o de pol\u00edtica monet\u00e1ria, diz integrante<\/figcaption>\n\t\t<\/figure>\n\t<\/div>\n\n\n\t<p>\n\t\t<a href=\"\" target=\"_blank\" data-element=\"shortcode-suno-banner\" title=\"Banner SUNO, clique e saiba mais\">\n\t\t\t<picture>\n\t\t\t\t<source media=\"(max-width: 500px)\" srcset=\"\">\n\t\t\t\t<img class=\"newsContent__article__imgCapa newsContent__article__imgCapa--banner\"\n\t\t\t\t\tsrc=\"\"\n\t\t\t\t\tdata-promo-id=\"97204\"\t\t\t\t\t\t\t\t\t\t\t\t\t\t\talt=\"\"\n\t\t\t\t>\n\t\t\t<\/picture>\n\t\t<\/a>\n\t<\/p>\n\n\n<p>Ao comentar sobre os juros negativos, o dirigente do BCE revelou que pondera a possibilidade, dizendo que seus efeitos &#8220;devem ser observados&#8221;.<\/p>\n<p>&#8220;Teremos novas proje\u00e7\u00f5es em dezembro, n\u00e3o sabemos os impactos de uma segunda onda, e outros fatores&#8221;, informou Knost, ressaltando ainda que pode &#8220;recalibrar&#8221; a pol\u00edtica monet\u00e1ria de acordo com o cen\u00e1rio econ\u00f4mico europeu.<\/p>\n<p><a href=\"https:\/\/lp.suno.com.br\/suno-one\/\">Suno One: acesse gratuitamente eBooks, Minicursos, Artigos e Video Aulas sobre investimentos com um \u00fanico cadastro. Clique para saber mais!<\/a><\/p>\n<p>Al\u00e9m disso, o integrante do Banco Central Europeu afirmou que uma vacina contra o novo <a href=\"https:\/\/www.suno.com.br\/noticias\/tags\/coronavirus\/\">coronav\u00edrus (Covid-19)<\/a> \u00e9 &#8220;absolutamente uma boa not\u00edcia&#8221;, entretanto, ponderou que pode levar algum tempo at\u00e9 o imunizante materializar uma recupera\u00e7\u00e3o na economia, que n\u00e3o deve ocorrer &#8220;do dia para a noite&#8221;.<\/p>\n<h2>Pol\u00edtica monet\u00e1ria dar\u00e1 mais apoio ante segunda onda da covid-19, diz BCE<\/h2>\n<p>Integrante do conselho do Banco Central Europeu, Isabel Schnabel, declarou na \u00faltima quarta-feira (4) que a segunda onda de casos do coronav\u00edrus (Covid-19) prejudica a atividade econ\u00f4mica dos pa\u00edses da zona do euro, desta forma, &#8220;mais apoio da pol\u00edtica monet\u00e1ria \u00e9 necess\u00e1rio&#8221;, informou. A declara\u00e7\u00e3o foi feita durante evento virtual, a confer\u00eancia &#8220;Europe and the Covid-19 Crisis &#8211; Looking back and looking forward&#8221;.<\/p>\n<p>A integrante do conselho do BCE ressaltou ainda que ser\u00e1 poss\u00edvel apoiar as condi\u00e7\u00f5es financeiras e tamb\u00e9m a atividade econ\u00f4mica, &#8220;diante de uma deteriora\u00e7\u00e3o da perspectiva de crescimento&#8221;.<\/p>\n<p><a href=\"https:\/\/www.suno.com.br\/noticias\/politica-monetaria-dara-mais-apoio-ante-segunda-onda-da-covid-19-diz-bce\/\">Saiba Mais: Pol\u00edtica monet\u00e1ria dar\u00e1 mais apoio ante segunda onda da covid-19, diz BCE<\/a><\/p>\n<p>Segundo Schnabel, nas pr\u00f3ximas semanas o conselho do Banco Central Europeu avaliar\u00e1 como poder\u00e1 apoiar melhor a economia ao longo do pr\u00f3ximo ano e para al\u00e9m disso, baseando-se na perspectiva para a infla\u00e7\u00e3o no m\u00e9dio prazo.<\/p>\n<p>Al\u00e9m disso, a dirigente do <strong>BCE<\/strong> revelou que as condi\u00e7\u00f5es t\u00eam mudado, entretanto, deve haver uma resposta proporcional aos riscos enfrentados, dando &#8220;apoio vital \u00e0 economia&#8221; e para que a infla\u00e7\u00e3o caminhe rumo \u00e0 meta do banco, informou.<\/p>\n<p>Com informa\u00e7\u00f5es do Estad\u00e3o Conte\u00fado<\/p>\n\t<p>\n\t\t<a href=\"https:\/\/lp.suno.com.br\/planilha-de-controle-de-investimentos\/\" target=\"_blank\" data-element=\"shortcode-suno-banner\" title=\"Banner SUNO, clique e saiba mais\">\n\t\t\t<picture>\n\t\t\t\t<source media=\"(max-width: 500px)\" srcset=\"https:\/\/files.sunoresearch.com.br\/n\/uploads\/2023\/03\/400x300-Controle-de-Investimentos.png\">\n\t\t\t\t<img class=\"newsContent__article__imgCapa newsContent__article__imgCapa--banner\"\n\t\t\t\t\tsrc=\"https:\/\/files.sunoresearch.com.br\/n\/uploads\/2023\/03\/1420x240-Controle-de-Investimentos.png\"\n\t\t\t\t\tdata-promo-id=\"75934\"\t\t\t\t\t\t\t\t\t\twidth='1420' height='240'\t\t\t\t\talt=\"https:\/\/files.sunoresearch.com.br\/n\/uploads\/2023\/03\/1420x240-Controle-de-Investimentos.png\"\n\t\t\t\t>\n\t\t\t<\/picture>\n\t\t<\/a>\n\t<\/p>\n\n\n","protected":false},"excerpt":{"rendered":"<p>Integrante do comit\u00ea de pol\u00edtica monet\u00e1ria do Banco Central Europeu (BCE), Klaas Knot declarou nesta quarta-feira (1), em entrevista \u00e0 CNBC, n\u00e3o ter descartado nenhuma medida para a pr\u00f3xima decis\u00e3o de pol\u00edtica monet\u00e1ria do banco, que ser\u00e1 realizada em dezembro. BCE n\u00e3o descarta nenhuma medida na pr\u00f3xima decis\u00e3o de pol\u00edtica monet\u00e1ria, diz integrante Ao comentar [&hellip;]<\/p>\n","protected":false},"author":56,"featured_media":99402,"comment_status":"closed","ping_status":"closed","sticky":false,"template":"","format":"standard","meta":[],"categories":[63],"tags":[863,710,2448],"suno_strategy":[],"class_list":["post-99392","post","type-post","status-publish","format-standard","has-post-thumbnail","hentry","category-internacional","tag-banco-central-europeu-bce","tag-europa","tag-politica-monetaria"],"yoast_head":"<!-- This site is optimized with the Yoast SEO plugin v24.4 - https:\/\/yoast.com\/wordpress\/plugins\/seo\/ -->\n<title>BCE n\u00e3o descarta nenhuma medida na decis\u00e3o de pol\u00edtica monet\u00e1ria<\/title>\n<meta name=\"description\" content=\"Ao comentar sobre os juros negativos, o dirigente do BCE revelou que seus efeitos &quot;devem ser observados&quot;. Clique aqui para saber mais.\" \/>\n<meta name=\"robots\" content=\"index, follow, max-snippet:-1, max-image-preview:large, max-video-preview:-1\" \/>\n<link rel=\"canonical\" href=\"https:\/\/www.suno.com.br\/noticias\/bce-nao-descarta-nenhuma-medida-na-proxima-decisao-de-politica-monetaria-diz-integrante\/\" \/>\n<meta property=\"og:locale\" content=\"pt_BR\" \/>\n<meta property=\"og:type\" content=\"article\" \/>\n<meta property=\"og:title\" content=\"BCE n\u00e3o descarta nenhuma medida na decis\u00e3o de pol\u00edtica monet\u00e1ria\" \/>\n<meta property=\"og:description\" content=\"Ao comentar sobre os juros negativos, o dirigente do BCE revelou que seus efeitos &quot;devem ser observados&quot;. Clique aqui para saber mais.\" \/>\n<meta property=\"og:url\" content=\"https:\/\/www.suno.com.br\/noticias\/bce-nao-descarta-nenhuma-medida-na-proxima-decisao-de-politica-monetaria-diz-integrante\/\" \/>\n<meta property=\"og:site_name\" content=\"Suno Not\u00edcias\" \/>\n<meta property=\"article:publisher\" content=\"https:\/\/facebook.com\/sunoresearch\" \/>\n<meta property=\"og:image\" content=\"https:\/\/files.sunoresearch.com.br\/n\/uploads\/2020\/11\/451554cf-bce.jpg\" \/>\n\t<meta property=\"og:image:width\" content=\"770\" \/>\n\t<meta property=\"og:image:height\" content=\"433\" \/>\n\t<meta property=\"og:image:type\" content=\"image\/jpeg\" \/>\n<meta name=\"author\" content=\"Rafaela La Regina\" \/>\n<meta name=\"twitter:card\" content=\"summary_large_image\" \/>\n<meta name=\"twitter:creator\" content=\"@sunoresearch\" \/>\n<meta name=\"twitter:site\" content=\"@sunoresearch\" \/>\n<meta name=\"twitter:label1\" content=\"Escrito por\" \/>\n\t<meta name=\"twitter:data1\" content=\"Rafaela La Regina\" \/>\n\t<meta name=\"twitter:label2\" content=\"Est. tempo de leitura\" \/>\n\t<meta name=\"twitter:data2\" content=\"2 minutos\" \/>\n<script type=\"application\/ld+json\" class=\"yoast-schema-graph\">{\"@context\":\"https:\/\/schema.org\",\"@graph\":[{\"@type\":\"NewsArticle\",\"@id\":\"https:\/\/www.suno.com.br\/noticias\/bce-nao-descarta-nenhuma-medida-na-proxima-decisao-de-politica-monetaria-diz-integrante\/#article\",\"isPartOf\":{\"@id\":\"https:\/\/www.suno.com.br\/noticias\/bce-nao-descarta-nenhuma-medida-na-proxima-decisao-de-politica-monetaria-diz-integrante\/\"},\"author\":{\"name\":\"Rafaela La Regina\",\"@id\":\"https:\/\/www.suno.com.br\/noticias\/#\/schema\/person\/e672ca8cea627fe715fa29bca7da95e0\"},\"headline\":\"BCE n\u00e3o descarta nenhuma medida na pr\u00f3xima decis\u00e3o de pol\u00edtica monet\u00e1ria, diz integrante\",\"datePublished\":\"2020-11-11T17:41:54+00:00\",\"dateModified\":\"2021-02-18T01:43:16+00:00\",\"mainEntityOfPage\":{\"@id\":\"https:\/\/www.suno.com.br\/noticias\/bce-nao-descarta-nenhuma-medida-na-proxima-decisao-de-politica-monetaria-diz-integrante\/\"},\"wordCount\":421,\"publisher\":{\"@id\":\"https:\/\/www.suno.com.br\/noticias\/#organization\"},\"image\":{\"@id\":\"https:\/\/www.suno.com.br\/noticias\/bce-nao-descarta-nenhuma-medida-na-proxima-decisao-de-politica-monetaria-diz-integrante\/#primaryimage\"},\"thumbnailUrl\":\"https:\/\/files.sunoresearch.com.br\/n\/uploads\/2020\/11\/451554cf-bce-jpg.webp\",\"keywords\":[\"Banco Central Europeu (BCE)\",\"Europa\",\"pol\u00edtica monet\u00e1ria\"],\"articleSection\":[\"Internacional\"],\"inLanguage\":\"pt-BR\"},{\"@type\":\"WebPage\",\"@id\":\"https:\/\/www.suno.com.br\/noticias\/bce-nao-descarta-nenhuma-medida-na-proxima-decisao-de-politica-monetaria-diz-integrante\/\",\"url\":\"https:\/\/www.suno.com.br\/noticias\/bce-nao-descarta-nenhuma-medida-na-proxima-decisao-de-politica-monetaria-diz-integrante\/\",\"name\":\"BCE n\u00e3o descarta nenhuma medida na decis\u00e3o de pol\u00edtica monet\u00e1ria\",\"isPartOf\":{\"@id\":\"https:\/\/www.suno.com.br\/noticias\/#website\"},\"primaryImageOfPage\":{\"@id\":\"https:\/\/www.suno.com.br\/noticias\/bce-nao-descarta-nenhuma-medida-na-proxima-decisao-de-politica-monetaria-diz-integrante\/#primaryimage\"},\"image\":{\"@id\":\"https:\/\/www.suno.com.br\/noticias\/bce-nao-descarta-nenhuma-medida-na-proxima-decisao-de-politica-monetaria-diz-integrante\/#primaryimage\"},\"thumbnailUrl\":\"https:\/\/files.sunoresearch.com.br\/n\/uploads\/2020\/11\/451554cf-bce-jpg.webp\",\"datePublished\":\"2020-11-11T17:41:54+00:00\",\"dateModified\":\"2021-02-18T01:43:16+00:00\",\"description\":\"Ao comentar sobre os juros negativos, o dirigente do BCE revelou que seus efeitos \\\"devem ser observados\\\". Clique aqui para saber mais.\",\"breadcrumb\":{\"@id\":\"https:\/\/www.suno.com.br\/noticias\/bce-nao-descarta-nenhuma-medida-na-proxima-decisao-de-politica-monetaria-diz-integrante\/#breadcrumb\"},\"inLanguage\":\"pt-BR\",\"potentialAction\":[{\"@type\":\"ReadAction\",\"target\":[\"https:\/\/www.suno.com.br\/noticias\/bce-nao-descarta-nenhuma-medida-na-proxima-decisao-de-politica-monetaria-diz-integrante\/\"]}]},{\"@type\":\"ImageObject\",\"inLanguage\":\"pt-BR\",\"@id\":\"https:\/\/www.suno.com.br\/noticias\/bce-nao-descarta-nenhuma-medida-na-proxima-decisao-de-politica-monetaria-diz-integrante\/#primaryimage\",\"url\":\"https:\/\/files.sunoresearch.com.br\/n\/uploads\/2020\/11\/451554cf-bce-jpg.webp\",\"contentUrl\":\"https:\/\/files.sunoresearch.com.br\/n\/uploads\/2020\/11\/451554cf-bce-jpg.webp\",\"width\":770,\"height\":433,\"caption\":\"BCE n\u00e3o descarta nenhuma medida na pr\u00f3xima decis\u00e3o de pol\u00edtica monet\u00e1ria, diz integrante\"},{\"@type\":\"BreadcrumbList\",\"@id\":\"https:\/\/www.suno.com.br\/noticias\/bce-nao-descarta-nenhuma-medida-na-proxima-decisao-de-politica-monetaria-diz-integrante\/#breadcrumb\",\"itemListElement\":[{\"@type\":\"ListItem\",\"position\":1,\"name\":\"Not\u00edcias\",\"item\":\"https:\/\/www.suno.com.br\/noticias\/\"},{\"@type\":\"ListItem\",\"position\":2,\"name\":\"Internacional\",\"item\":\"https:\/\/www.suno.com.br\/noticias\/internacional\/\"},{\"@type\":\"ListItem\",\"position\":3,\"name\":\"BCE n\u00e3o descarta nenhuma medida na pr\u00f3xima decis\u00e3o de pol\u00edtica monet\u00e1ria, diz integrante\"}]},{\"@type\":\"WebSite\",\"@id\":\"https:\/\/www.suno.com.br\/noticias\/#website\",\"url\":\"https:\/\/www.suno.com.br\/noticias\/\",\"name\":\"Suno Not\u00edcias\",\"description\":\"Seu portal de informa\u00e7\u00e3o sobre o mundo dos investimentos\",\"publisher\":{\"@id\":\"https:\/\/www.suno.com.br\/noticias\/#organization\"},\"potentialAction\":[{\"@type\":\"SearchAction\",\"target\":{\"@type\":\"EntryPoint\",\"urlTemplate\":\"https:\/\/www.suno.com.br\/noticias\/?s={search_term_string}\"},\"query-input\":{\"@type\":\"PropertyValueSpecification\",\"valueRequired\":true,\"valueName\":\"search_term_string\"}}],\"inLanguage\":\"pt-BR\"},{\"@type\":\"Organization\",\"@id\":\"https:\/\/www.suno.com.br\/noticias\/#organization\",\"name\":\"Suno Not\u00edcias\",\"url\":\"https:\/\/www.suno.com.br\/noticias\/\",\"logo\":{\"@type\":\"ImageObject\",\"inLanguage\":\"pt-BR\",\"@id\":\"https:\/\/www.suno.com.br\/noticias\/#\/schema\/logo\/image\/\",\"url\":\"https:\/\/files.sunoresearch.com.br\/n\/uploads\/2021\/09\/suno-logo.png\",\"contentUrl\":\"https:\/\/files.sunoresearch.com.br\/n\/uploads\/2021\/09\/suno-logo.png\",\"width\":180,\"height\":180,\"caption\":\"Suno Not\u00edcias\"},\"image\":{\"@id\":\"https:\/\/www.suno.com.br\/noticias\/#\/schema\/logo\/image\/\"},\"sameAs\":[\"https:\/\/facebook.com\/sunoresearch\",\"https:\/\/x.com\/sunoresearch\",\"https:\/\/www.instagram.com\/suno\",\"https:\/\/www.linkedin.com\/company\/suno-research\/\",\"https:\/\/www.youtube.com\/c\/sunoresearch\"]},{\"@type\":\"Person\",\"@id\":\"https:\/\/www.suno.com.br\/noticias\/#\/schema\/person\/e672ca8cea627fe715fa29bca7da95e0\",\"name\":\"Rafaela La Regina\",\"image\":{\"@type\":\"ImageObject\",\"inLanguage\":\"pt-BR\",\"@id\":\"https:\/\/www.suno.com.br\/noticias\/#\/schema\/person\/image\/\",\"url\":\"https:\/\/secure.gravatar.com\/avatar\/d2c75a52d243deb93d0465fdcb21bd37?s=96&r=g\",\"contentUrl\":\"https:\/\/secure.gravatar.com\/avatar\/d2c75a52d243deb93d0465fdcb21bd37?s=96&r=g\",\"caption\":\"Rafaela La Regina\"},\"description\":\"Estagi\u00e1ria no Suno Not\u00edcias. Escreve sobre economia, pol\u00edtica e neg\u00f3cios. Estuda Rela\u00e7\u00f5es Internacionais no IBMEC-SP.\",\"url\":\"https:\/\/www.suno.com.br\/noticias\/author\/rafaela-la-regina\/\"}]}<\/script>\n<!-- \/ Yoast SEO plugin. -->","yoast_head_json":{"title":"BCE n\u00e3o descarta nenhuma medida na decis\u00e3o de pol\u00edtica monet\u00e1ria","description":"Ao comentar sobre os juros negativos, o dirigente do BCE revelou que seus efeitos \"devem ser observados\". Clique aqui para saber mais.","robots":{"index":"index","follow":"follow","max-snippet":"max-snippet:-1","max-image-preview":"max-image-preview:large","max-video-preview":"max-video-preview:-1"},"canonical":"https:\/\/www.suno.com.br\/noticias\/bce-nao-descarta-nenhuma-medida-na-proxima-decisao-de-politica-monetaria-diz-integrante\/","og_locale":"pt_BR","og_type":"article","og_title":"BCE n\u00e3o descarta nenhuma medida na decis\u00e3o de pol\u00edtica monet\u00e1ria","og_description":"Ao comentar sobre os juros negativos, o dirigente do BCE revelou que seus efeitos \"devem ser observados\". Clique aqui para saber mais.","og_url":"https:\/\/www.suno.com.br\/noticias\/bce-nao-descarta-nenhuma-medida-na-proxima-decisao-de-politica-monetaria-diz-integrante\/","og_site_name":"Suno Not\u00edcias","article_publisher":"https:\/\/facebook.com\/sunoresearch","og_image":[{"width":770,"height":433,"url":"https:\/\/files.sunoresearch.com.br\/n\/uploads\/2020\/11\/451554cf-bce.jpg","type":"image\/jpeg"}],"author":"Rafaela La Regina","twitter_card":"summary_large_image","twitter_creator":"@sunoresearch","twitter_site":"@sunoresearch","twitter_misc":{"Escrito por":"Rafaela La Regina","Est. tempo de leitura":"2 minutos"},"schema":{"@context":"https:\/\/schema.org","@graph":[{"@type":"NewsArticle","@id":"https:\/\/www.suno.com.br\/noticias\/bce-nao-descarta-nenhuma-medida-na-proxima-decisao-de-politica-monetaria-diz-integrante\/#article","isPartOf":{"@id":"https:\/\/www.suno.com.br\/noticias\/bce-nao-descarta-nenhuma-medida-na-proxima-decisao-de-politica-monetaria-diz-integrante\/"},"author":{"name":"Rafaela La Regina","@id":"https:\/\/www.suno.com.br\/noticias\/#\/schema\/person\/e672ca8cea627fe715fa29bca7da95e0"},"headline":"BCE n\u00e3o descarta nenhuma medida na pr\u00f3xima decis\u00e3o de pol\u00edtica monet\u00e1ria, diz integrante","datePublished":"2020-11-11T17:41:54+00:00","dateModified":"2021-02-18T01:43:16+00:00","mainEntityOfPage":{"@id":"https:\/\/www.suno.com.br\/noticias\/bce-nao-descarta-nenhuma-medida-na-proxima-decisao-de-politica-monetaria-diz-integrante\/"},"wordCount":421,"publisher":{"@id":"https:\/\/www.suno.com.br\/noticias\/#organization"},"image":{"@id":"https:\/\/www.suno.com.br\/noticias\/bce-nao-descarta-nenhuma-medida-na-proxima-decisao-de-politica-monetaria-diz-integrante\/#primaryimage"},"thumbnailUrl":"https:\/\/files.sunoresearch.com.br\/n\/uploads\/2020\/11\/451554cf-bce-jpg.webp","keywords":["Banco Central Europeu (BCE)","Europa","pol\u00edtica monet\u00e1ria"],"articleSection":["Internacional"],"inLanguage":"pt-BR"},{"@type":"WebPage","@id":"https:\/\/www.suno.com.br\/noticias\/bce-nao-descarta-nenhuma-medida-na-proxima-decisao-de-politica-monetaria-diz-integrante\/","url":"https:\/\/www.suno.com.br\/noticias\/bce-nao-descarta-nenhuma-medida-na-proxima-decisao-de-politica-monetaria-diz-integrante\/","name":"BCE n\u00e3o descarta nenhuma medida na decis\u00e3o de pol\u00edtica monet\u00e1ria","isPartOf":{"@id":"https:\/\/www.suno.com.br\/noticias\/#website"},"primaryImageOfPage":{"@id":"https:\/\/www.suno.com.br\/noticias\/bce-nao-descarta-nenhuma-medida-na-proxima-decisao-de-politica-monetaria-diz-integrante\/#primaryimage"},"image":{"@id":"https:\/\/www.suno.com.br\/noticias\/bce-nao-descarta-nenhuma-medida-na-proxima-decisao-de-politica-monetaria-diz-integrante\/#primaryimage"},"thumbnailUrl":"https:\/\/files.sunoresearch.com.br\/n\/uploads\/2020\/11\/451554cf-bce-jpg.webp","datePublished":"2020-11-11T17:41:54+00:00","dateModified":"2021-02-18T01:43:16+00:00","description":"Ao comentar sobre os juros negativos, o dirigente do BCE revelou que seus efeitos \"devem ser observados\". Clique aqui para saber mais.","breadcrumb":{"@id":"https:\/\/www.suno.com.br\/noticias\/bce-nao-descarta-nenhuma-medida-na-proxima-decisao-de-politica-monetaria-diz-integrante\/#breadcrumb"},"inLanguage":"pt-BR","potentialAction":[{"@type":"ReadAction","target":["https:\/\/www.suno.com.br\/noticias\/bce-nao-descarta-nenhuma-medida-na-proxima-decisao-de-politica-monetaria-diz-integrante\/"]}]},{"@type":"ImageObject","inLanguage":"pt-BR","@id":"https:\/\/www.suno.com.br\/noticias\/bce-nao-descarta-nenhuma-medida-na-proxima-decisao-de-politica-monetaria-diz-integrante\/#primaryimage","url":"https:\/\/files.sunoresearch.com.br\/n\/uploads\/2020\/11\/451554cf-bce-jpg.webp","contentUrl":"https:\/\/files.sunoresearch.com.br\/n\/uploads\/2020\/11\/451554cf-bce-jpg.webp","width":770,"height":433,"caption":"BCE n\u00e3o descarta nenhuma medida na pr\u00f3xima decis\u00e3o de pol\u00edtica monet\u00e1ria, diz integrante"},{"@type":"BreadcrumbList","@id":"https:\/\/www.suno.com.br\/noticias\/bce-nao-descarta-nenhuma-medida-na-proxima-decisao-de-politica-monetaria-diz-integrante\/#breadcrumb","itemListElement":[{"@type":"ListItem","position":1,"name":"Not\u00edcias","item":"https:\/\/www.suno.com.br\/noticias\/"},{"@type":"ListItem","position":2,"name":"Internacional","item":"https:\/\/www.suno.com.br\/noticias\/internacional\/"},{"@type":"ListItem","position":3,"name":"BCE n\u00e3o descarta nenhuma medida na pr\u00f3xima decis\u00e3o de pol\u00edtica monet\u00e1ria, diz integrante"}]},{"@type":"WebSite","@id":"https:\/\/www.suno.com.br\/noticias\/#website","url":"https:\/\/www.suno.com.br\/noticias\/","name":"Suno Not\u00edcias","description":"Seu portal de informa\u00e7\u00e3o sobre o mundo dos investimentos","publisher":{"@id":"https:\/\/www.suno.com.br\/noticias\/#organization"},"potentialAction":[{"@type":"SearchAction","target":{"@type":"EntryPoint","urlTemplate":"https:\/\/www.suno.com.br\/noticias\/?s={search_term_string}"},"query-input":{"@type":"PropertyValueSpecification","valueRequired":true,"valueName":"search_term_string"}}],"inLanguage":"pt-BR"},{"@type":"Organization","@id":"https:\/\/www.suno.com.br\/noticias\/#organization","name":"Suno Not\u00edcias","url":"https:\/\/www.suno.com.br\/noticias\/","logo":{"@type":"ImageObject","inLanguage":"pt-BR","@id":"https:\/\/www.suno.com.br\/noticias\/#\/schema\/logo\/image\/","url":"https:\/\/files.sunoresearch.com.br\/n\/uploads\/2021\/09\/suno-logo.png","contentUrl":"https:\/\/files.sunoresearch.com.br\/n\/uploads\/2021\/09\/suno-logo.png","width":180,"height":180,"caption":"Suno Not\u00edcias"},"image":{"@id":"https:\/\/www.suno.com.br\/noticias\/#\/schema\/logo\/image\/"},"sameAs":["https:\/\/facebook.com\/sunoresearch","https:\/\/x.com\/sunoresearch","https:\/\/www.instagram.com\/suno","https:\/\/www.linkedin.com\/company\/suno-research\/","https:\/\/www.youtube.com\/c\/sunoresearch"]},{"@type":"Person","@id":"https:\/\/www.suno.com.br\/noticias\/#\/schema\/person\/e672ca8cea627fe715fa29bca7da95e0","name":"Rafaela La Regina","image":{"@type":"ImageObject","inLanguage":"pt-BR","@id":"https:\/\/www.suno.com.br\/noticias\/#\/schema\/person\/image\/","url":"https:\/\/secure.gravatar.com\/avatar\/d2c75a52d243deb93d0465fdcb21bd37?s=96&r=g","contentUrl":"https:\/\/secure.gravatar.com\/avatar\/d2c75a52d243deb93d0465fdcb21bd37?s=96&r=g","caption":"Rafaela La Regina"},"description":"Estagi\u00e1ria no Suno Not\u00edcias. Escreve sobre economia, pol\u00edtica e neg\u00f3cios. Estuda Rela\u00e7\u00f5es Internacionais no IBMEC-SP.","url":"https:\/\/www.suno.com.br\/noticias\/author\/rafaela-la-regina\/"}]}},"default_loop_html":"<div class=\"cardsPage__listCard__boxs\"><div class=\"cardsPage__listCard__boxs__img\"><a href=\"https:\/\/www.suno.com.br\/noticias\/bce-nao-descarta-nenhuma-medida-na-proxima-decisao-de-politica-monetaria-diz-integrante\/\"><img class=\"mask\" src=\"https:\/\/www.suno.com.br\/noticias\/wp-content\/themes\/suno\/resources\/images\/spotlight\/spotlight1img\/bg-mask.png\" alt=\"Image Mask\"\/><img src=\"https:\/\/files.sunoresearch.com.br\/n\/uploads\/2020\/11\/451554cf-bce-400x200.webp\" alt=\"BCE n\u00e3o descarta nenhuma medida na pr\u00f3xima decis\u00e3o de pol\u00edtica monet\u00e1ria, diz integrante\"\/><\/a><span class=\"spotlightCategory\"><a href=\"https:\/\/www.suno.com.br\/noticias\/internacional\/\">Internacional<\/a><\/span><\/div><div class=\"cardsPage__listCard__boxs__content\"><a href=\"https:\/\/www.suno.com.br\/noticias\/bce-nao-descarta-nenhuma-medida-na-proxima-decisao-de-politica-monetaria-diz-integrante\/\"><h2 class=\"content__title\">BCE n\u00e3o descarta nenhuma medida na pr\u00f3xima decis\u00e3o de pol\u00edtica monet\u00e1ria, diz integrante<\/h2><\/a><div class=\"newsContent__article__meta\"><div class=\"newsContent__article__meta__authorBox\"><a href=\"https:\/\/www.suno.com.br\/noticias\/author\/rafaela-la-regina\/\" class=\"authorBox__avatar noMobi\"><img src=\"https:\/\/secure.gravatar.com\/avatar\/d2c75a52d243deb93d0465fdcb21bd37?s=96&#038;r=g\" alt=\"Rafaela La Regina\"><\/a><div class=\"authorBox__name\"><span>por\n\t\t\t<a href=\"https:\/\/www.suno.com.br\/noticias\/author\/rafaela-la-regina\/\"><span itemprop=\"author\">Rafaela La Regina<\/span><\/a><\/span><time datetime=\"2020-11-11T14:41:54-03:00\" itemprop=\"datePublished\">11\/11\/2020 14:41<\/time><\/div><\/div><\/div><\/div><\/div>","single_layout":"posts","amp_enabled":true,"_links":{"self":[{"href":"https:\/\/www.suno.com.br\/noticias\/wp-json\/wp\/v2\/posts\/99392"}],"collection":[{"href":"https:\/\/www.suno.com.br\/noticias\/wp-json\/wp\/v2\/posts"}],"about":[{"href":"https:\/\/www.suno.com.br\/noticias\/wp-json\/wp\/v2\/types\/post"}],"author":[{"embeddable":true,"href":"https:\/\/www.suno.com.br\/noticias\/wp-json\/wp\/v2\/users\/56"}],"replies":[{"embeddable":true,"href":"https:\/\/www.suno.com.br\/noticias\/wp-json\/wp\/v2\/comments?post=99392"}],"version-history":[{"count":0,"href":"https:\/\/www.suno.com.br\/noticias\/wp-json\/wp\/v2\/posts\/99392\/revisions"}],"wp:featuredmedia":[{"embeddable":true,"href":"https:\/\/www.suno.com.br\/noticias\/wp-json\/wp\/v2\/media\/99402"}],"wp:attachment":[{"href":"https:\/\/www.suno.com.br\/noticias\/wp-json\/wp\/v2\/media?parent=99392"}],"wp:term":[{"taxonomy":"category","embeddable":true,"href":"https:\/\/www.suno.com.br\/noticias\/wp-json\/wp\/v2\/categories?post=99392"},{"taxonomy":"post_tag","embeddable":true,"href":"https:\/\/www.suno.com.br\/noticias\/wp-json\/wp\/v2\/tags?post=99392"},{"taxonomy":"suno_strategy","embeddable":true,"href":"https:\/\/www.suno.com.br\/noticias\/wp-json\/wp\/v2\/suno_strategy?post=99392"}],"curies":[{"name":"wp","href":"https:\/\/api.w.org\/{rel}","templated":true}]}}