{"id":99339,"date":"2020-11-11T12:27:23","date_gmt":"2020-11-11T15:27:23","guid":{"rendered":"https:\/\/www.suno.com.br\/noticias\/?p=99339"},"modified":"2020-11-11T12:27:23","modified_gmt":"2020-11-11T15:27:23","slug":"ceo-pfizer-vende-acoes-comunicado-vacina","status":"publish","type":"post","link":"https:\/\/www.suno.com.br\/noticias\/ceo-pfizer-vende-acoes-comunicado-vacina\/","title":{"rendered":"CEO da Pfizer vende US$ 5,6 milh\u00f5es em a\u00e7\u00f5es ap\u00f3s comunicado sobre vacina"},"content":{"rendered":"<p>O CEO da <strong>Pfizer<\/strong> (<a href=\"https:\/\/www.suno.com.br\/artigos\/nyse\/\">NYSE<\/a>: PFE), Albert Bourla, vendeu cerca de US$ 5,6 milh\u00f5es (R$ 30,21 milh\u00f5es) em a\u00e7\u00f5es da farmac\u00eautica no mesmo dia em que foram anunciados testes bem sucedidos da vacina contra o <a href=\"https:\/\/www.suno.com.br\/noticias\/russia-registra-primeira-vacina-coronavirus\/\">novo coronav\u00edrus (Covid-19)<\/a>. O executivo se desfez de 62% de sua posi\u00e7\u00e3o acion\u00e1ria na empresa.<\/p>\t<div class=\"wrapper-featured-image\">\n\t\t<figure class=\"spotlightImg\">\n\n\t\t\t<picture>\n\t\t\t\t<source media=\"(max-width: 768px)\" srcset=\"https:\/\/files.sunoresearch.com.br\/n\/uploads\/2020\/11\/18e96798-im-214208-400x200.webp\">\n\t\t\t\t<img loading=\"lazy\" decoding=\"async\" class=\"newsContent__article__imgCapa lazyloadDisabled \" src=\"https:\/\/files.sunoresearch.com.br\/n\/uploads\/2020\/11\/18e96798-im-214208-800x450.webp\" width=\"800\" height=\"450\" alt=\"CEO da Pfizer vende US$ 5,6 milh\u00f5es em a\u00e7\u00f5es ap\u00f3s comunicado sobre vacina\" fetchpriority=high \/>\n\t\t\t<\/picture>\n\n\t\t\t<figcaption class=\"wp-caption-text wp-caption-text--show\">O CEO da Pfizer vendeu cerca de US$ 5,6 milh\u00f5es em a\u00e7\u00f5es da farmac\u00eautica ap\u00f3s o an\u00fancio da vacina da empresa. <\/figcaption>\n\t\t<\/figure>\n\t<\/div>\n\n\n\t<p>\n\t\t<a href=\"\" target=\"_blank\" data-element=\"shortcode-suno-banner\" title=\"Banner SUNO, clique e saiba mais\">\n\t\t\t<picture>\n\t\t\t\t<source media=\"(max-width: 500px)\" srcset=\"\">\n\t\t\t\t<img class=\"newsContent__article__imgCapa newsContent__article__imgCapa--banner\"\n\t\t\t\t\tsrc=\"\"\n\t\t\t\t\tdata-promo-id=\"97204\"\t\t\t\t\t\t\t\t\t\t\t\t\t\t\talt=\"\"\n\t\t\t\t>\n\t\t\t<\/picture>\n\t\t<\/a>\n\t<\/p>\n\n\n<p><strong>Bourla<\/strong> vendeu os pap\u00e9is ap\u00f3s as a\u00e7\u00f5es da Pfizer dispararem 15% na \u00faltima segunda-feira (9). Antes da abertura do preg\u00e3o daquele dia, a empresa, em comunicado realizado junto \u00e0 BioNTech, informou que a <strong>vacina<\/strong> em desenvolvimento \u00e9 capaz de prevenir a doen\u00e7a em mais de 90% dos pacientes sem evid\u00eancia de infec\u00e7\u00e3o pr\u00e9via.<\/p>\n<p>O executivo se desfez de 132.508 a\u00e7\u00f5es da empresa, com um pre\u00e7o m\u00e9dio de US$ 41,94, de acordo com documentos registrados na <a href=\"https:\/\/www.suno.com.br\/artigos\/sec\/\">U.S. Securities and Exchange Comission (<strong>SEC<\/strong>)<\/a>, \u00f3rg\u00e3o regulador do mercado de capitais nos Estados Unidos. O pre\u00e7o de venda ficou pr\u00f3ximo da m\u00e1xima das \u00faltimas 52 semanas, registrado em 22 de janeiro deste ano, ainda antes da chegada da <strong>pandemia<\/strong>.<\/p>\n<p><a href=\"https:\/\/lp.suno.com.br\/suno-one\/\">Suno One: acesse gratuitamente eBooks, Minicursos, Artigos e Video Aulas sobre investimentos com um \u00fanico cadastro. Clique para saber mais!<\/a><\/p>\n<p>Vale ressaltar, no entanto, que a venda da participa\u00e7\u00e3o do <a href=\"https:\/\/www.suno.com.br\/artigos\/ceo\/\">CEO<\/a> na farmac\u00eautica j\u00e1 fazia parte de um plano de op\u00e7\u00e3o de a\u00e7\u00f5es pr\u00e9-estabelecido em agosto deste ano. O processo foi realizado por meio da regra 10b5-1, que permite aos funcion\u00e1rios com informa\u00e7\u00f5es privilegiadas vender as a\u00e7\u00f5es da empresa em que atua de acordo com as leis vigentes.<\/p>\n<p>A farmac\u00eautica confirmou que a venda das a\u00e7\u00f5es do executivo faziam parte de um plano que permite aos principais acionistas de companhias listadas em <strong>Bolsa<\/strong> negociar certo n\u00famero de a\u00e7\u00f5es em determinado momento. Bourla continua com 81.812 <a href=\"https:\/\/www.suno.com.br\/artigos\/o-que-sao-acoes-ordinarias-preferenciais-e-units\/\"><strong>a\u00e7\u00f5es<\/strong> <\/a>da Pfizer, o equivalente a US$ 3,13 milh\u00f5es, pela cota\u00e7\u00e3o atual.<\/p>\n<p>&#8220;Por meio de nosso plano de a\u00e7\u00f5es, o Dr. Bourla autorizou a venda dessas a\u00e7\u00f5es em 19 de agosto de 2020, desde que as a\u00e7\u00f5es estivessem pelo menos a um determinado pre\u00e7o&#8221;, disse um porta-voz da Pfizer ao site <em>Business Insider<\/em>, primeiro a noticiar sobre a movimenta\u00e7\u00e3o de Bourla.<\/p>\n<p><span style=\"font-weight: 400;\"><div class=\"hubspot-form-wrapper\">\n\t<div id=\"single-form-target\"><\/div>\n<\/div>\n <\/span><\/p>\n<h2>Vacina promissora da Pfizer anima mercados<\/h2>\n<p>A Pfizer e a <strong>BioNTech<\/strong>, ap\u00f3s anunciarem a efic\u00e1cia de 90% nos pacientes sem evid\u00eancia de infec\u00e7\u00e3o pelo coronav\u00edrus, disseram que foi um &#8220;grande dia para a ci\u00eancia e para a humanidade&#8221;.<\/p>\n<p>De acordo com a BBC, a vacina foi testada em 43,5 mil pessoas de seis pa\u00edses. Em setembro, a Ag\u00eancia Nacional de Vigil\u00e2ncia Sanit\u00e1ria (<strong>Anvisa<\/strong>) autorizou que seus testes cl\u00ednicos fossem ampliados no Brasil, de mil para dois mil testes em volunt\u00e1rios.<\/p>\n<p>Na \u00faltima segunda-feira, ap\u00f3s o an\u00fancio do avan\u00e7o dos testes, um porta-voz da Pfizer no Brasil e o<strong> Minist\u00e9rio da Sa\u00fade<\/strong> disseram que o governo brasileiro avalia a compra de doses do medicamento. A pasta ressaltou, entretanto, que acompanha cerca de 254 pesquisas de imunizantes, incluindo a da empresa estadunidense.<\/p>\n\t<div data-element=\"shortcode-read-more\" class=\"knowMore\">\n\t\t\t\t<span class=\"knowMore__title\">Saiba mais<\/span>\n\t\t\t\t<a class=\"knowMore__link\" href=\"https:\/\/www.suno.com.br\/noticias\/vacina-pfizer-biontech-imigrantes-turcos\/\">\n\t\t\tVacina Pfizer-BioNTech: conhe\u00e7a a empresa alem\u00e3 fundada por imigrantes turcos\t\t<\/a>\n\t<\/div>\n\n\n<p>Segundo as fabricantes, nenhum problema de seguran\u00e7a no medicamento foi detectado at\u00e9 o momento. Com base em proje\u00e7\u00f5es, as empresas disseram que pretendem fornecer 50 milh\u00f5es de doses no mundo ainda neste ano, e at\u00e9 1,3 bilh\u00e3o em 2021.<\/p>\n<p>As novas informa\u00e7\u00f5es sobre a vacina da <strong>Pfizer<\/strong> animaram os mercados internacionais. Na segunda-feira, o <a href=\"https:\/\/www.suno.com.br\/artigos\/sp-500\/\">S&amp;P 500<\/a> e o Dow Jones fecharam em suas m\u00e1ximas hist\u00f3ricas. A expectativa por uma vacina sustenta o otimismo dos investidores, que aguardam por uma normaliza\u00e7\u00e3o da atividade econ\u00f4mica em todo o mundo.<\/p>\n<p><span style=\"font-weight: 400;\">\t<p>\n\t\t<a href=\"https:\/\/lp.suno.com.br\/planilha-de-controle-de-investimentos\/\" target=\"_blank\" data-element=\"shortcode-suno-banner\" title=\"Banner SUNO, clique e saiba mais\">\n\t\t\t<picture>\n\t\t\t\t<source media=\"(max-width: 500px)\" srcset=\"https:\/\/files.sunoresearch.com.br\/n\/uploads\/2023\/03\/400x300-Controle-de-Investimentos.png\">\n\t\t\t\t<img class=\"newsContent__article__imgCapa newsContent__article__imgCapa--banner\"\n\t\t\t\t\tsrc=\"https:\/\/files.sunoresearch.com.br\/n\/uploads\/2023\/03\/1420x240-Controle-de-Investimentos.png\"\n\t\t\t\t\tdata-promo-id=\"75934\"\t\t\t\t\t\t\t\t\t\twidth='1420' height='240'\t\t\t\t\talt=\"https:\/\/files.sunoresearch.com.br\/n\/uploads\/2023\/03\/1420x240-Controle-de-Investimentos.png\"\n\t\t\t\t>\n\t\t\t<\/picture>\n\t\t<\/a>\n\t<\/p>\n\n<\/span><\/p>\n","protected":false},"excerpt":{"rendered":"<p>O CEO da Pfizer (NYSE: PFE), Albert Bourla, vendeu cerca de US$ 5,6 milh\u00f5es (R$ 30,21 milh\u00f5es) em a\u00e7\u00f5es da farmac\u00eautica no mesmo dia em que foram anunciados testes bem sucedidos da vacina contra o novo coronav\u00edrus (Covid-19). O executivo se desfez de 62% de sua posi\u00e7\u00e3o acion\u00e1ria na empresa. O CEO da Pfizer vendeu [&hellip;]<\/p>\n","protected":false},"author":24,"featured_media":99354,"comment_status":"closed","ping_status":"closed","sticky":false,"template":"","format":"standard","meta":[],"categories":[63],"tags":[286,80505,1271,2487,884,25002],"suno_strategy":[],"class_list":["post-99339","post","type-post","status-publish","format-standard","has-post-thumbnail","hentry","category-internacional","tag-acoes","tag-biontech","tag-bolsa-de-nova-york-nyse","tag-coronavirus","tag-pfizer-pfiz34","tag-vacina"],"yoast_head":"<!-- This site is optimized with the Yoast SEO plugin v24.4 - https:\/\/yoast.com\/wordpress\/plugins\/seo\/ -->\n<title>CEO da Pfizer vende US$ 5,6 mi em a\u00e7\u00f5es ap\u00f3s comunicado sobre vacina<\/title>\n<meta name=\"description\" content=\"O CEO da Pfizer vendeu cerca de US$ 5,6 milh\u00f5es em a\u00e7\u00f5es da farmac\u00eautica ap\u00f3s o an\u00fancio da vacina da empresa. Clique e entenda.\" \/>\n<meta name=\"robots\" content=\"index, follow, max-snippet:-1, max-image-preview:large, max-video-preview:-1\" \/>\n<link rel=\"canonical\" href=\"https:\/\/www.suno.com.br\/noticias\/ceo-pfizer-vende-acoes-comunicado-vacina\/\" \/>\n<meta property=\"og:locale\" content=\"pt_BR\" \/>\n<meta property=\"og:type\" content=\"article\" \/>\n<meta property=\"og:title\" content=\"CEO da Pfizer vende US$ 5,6 mi em a\u00e7\u00f5es ap\u00f3s comunicado sobre vacina\" \/>\n<meta property=\"og:description\" content=\"O CEO da Pfizer vendeu cerca de US$ 5,6 milh\u00f5es em a\u00e7\u00f5es da farmac\u00eautica ap\u00f3s o an\u00fancio da vacina da empresa. Clique e entenda.\" \/>\n<meta property=\"og:url\" content=\"https:\/\/www.suno.com.br\/noticias\/ceo-pfizer-vende-acoes-comunicado-vacina\/\" \/>\n<meta property=\"og:site_name\" content=\"Suno Not\u00edcias\" \/>\n<meta property=\"article:publisher\" content=\"https:\/\/facebook.com\/sunoresearch\" \/>\n<meta property=\"og:image\" content=\"https:\/\/files.sunoresearch.com.br\/n\/uploads\/2020\/11\/18e96798-im-214208.jpg\" \/>\n\t<meta property=\"og:image:width\" content=\"1280\" \/>\n\t<meta property=\"og:image:height\" content=\"960\" \/>\n\t<meta property=\"og:image:type\" content=\"image\/jpeg\" \/>\n<meta name=\"author\" content=\"Jader Lazarini\" \/>\n<meta name=\"twitter:card\" content=\"summary_large_image\" \/>\n<meta name=\"twitter:creator\" content=\"@sunoresearch\" \/>\n<meta name=\"twitter:site\" content=\"@sunoresearch\" \/>\n<meta name=\"twitter:label1\" content=\"Escrito por\" \/>\n\t<meta name=\"twitter:data1\" content=\"Jader Lazarini\" \/>\n\t<meta name=\"twitter:label2\" content=\"Est. tempo de leitura\" \/>\n\t<meta name=\"twitter:data2\" content=\"3 minutos\" \/>\n<script type=\"application\/ld+json\" class=\"yoast-schema-graph\">{\"@context\":\"https:\/\/schema.org\",\"@graph\":[{\"@type\":\"NewsArticle\",\"@id\":\"https:\/\/www.suno.com.br\/noticias\/ceo-pfizer-vende-acoes-comunicado-vacina\/#article\",\"isPartOf\":{\"@id\":\"https:\/\/www.suno.com.br\/noticias\/ceo-pfizer-vende-acoes-comunicado-vacina\/\"},\"author\":{\"name\":\"Jader Lazarini\",\"@id\":\"https:\/\/www.suno.com.br\/noticias\/#\/schema\/person\/918d79de1f0281f01599b93f9ea6e23f\"},\"headline\":\"CEO da Pfizer vende US$ 5,6 milh\u00f5es em a\u00e7\u00f5es ap\u00f3s comunicado sobre vacina\",\"datePublished\":\"2020-11-11T15:27:23+00:00\",\"mainEntityOfPage\":{\"@id\":\"https:\/\/www.suno.com.br\/noticias\/ceo-pfizer-vende-acoes-comunicado-vacina\/\"},\"wordCount\":648,\"publisher\":{\"@id\":\"https:\/\/www.suno.com.br\/noticias\/#organization\"},\"image\":{\"@id\":\"https:\/\/www.suno.com.br\/noticias\/ceo-pfizer-vende-acoes-comunicado-vacina\/#primaryimage\"},\"thumbnailUrl\":\"https:\/\/files.sunoresearch.com.br\/n\/uploads\/2020\/11\/18e96798-im-214208-jpg.webp\",\"keywords\":[\"A\u00e7\u00f5es\",\"BioNTech\",\"Bolsa de Nova York (NYSE)\",\"coronav\u00edrus\",\"Pfizer (PFIZ34)\",\"vacina\"],\"articleSection\":[\"Internacional\"],\"inLanguage\":\"pt-BR\"},{\"@type\":\"WebPage\",\"@id\":\"https:\/\/www.suno.com.br\/noticias\/ceo-pfizer-vende-acoes-comunicado-vacina\/\",\"url\":\"https:\/\/www.suno.com.br\/noticias\/ceo-pfizer-vende-acoes-comunicado-vacina\/\",\"name\":\"CEO da Pfizer vende US$ 5,6 mi em a\u00e7\u00f5es ap\u00f3s comunicado sobre vacina\",\"isPartOf\":{\"@id\":\"https:\/\/www.suno.com.br\/noticias\/#website\"},\"primaryImageOfPage\":{\"@id\":\"https:\/\/www.suno.com.br\/noticias\/ceo-pfizer-vende-acoes-comunicado-vacina\/#primaryimage\"},\"image\":{\"@id\":\"https:\/\/www.suno.com.br\/noticias\/ceo-pfizer-vende-acoes-comunicado-vacina\/#primaryimage\"},\"thumbnailUrl\":\"https:\/\/files.sunoresearch.com.br\/n\/uploads\/2020\/11\/18e96798-im-214208-jpg.webp\",\"datePublished\":\"2020-11-11T15:27:23+00:00\",\"description\":\"O CEO da Pfizer vendeu cerca de US$ 5,6 milh\u00f5es em a\u00e7\u00f5es da farmac\u00eautica ap\u00f3s o an\u00fancio da vacina da empresa. Clique e entenda.\",\"breadcrumb\":{\"@id\":\"https:\/\/www.suno.com.br\/noticias\/ceo-pfizer-vende-acoes-comunicado-vacina\/#breadcrumb\"},\"inLanguage\":\"pt-BR\",\"potentialAction\":[{\"@type\":\"ReadAction\",\"target\":[\"https:\/\/www.suno.com.br\/noticias\/ceo-pfizer-vende-acoes-comunicado-vacina\/\"]}]},{\"@type\":\"ImageObject\",\"inLanguage\":\"pt-BR\",\"@id\":\"https:\/\/www.suno.com.br\/noticias\/ceo-pfizer-vende-acoes-comunicado-vacina\/#primaryimage\",\"url\":\"https:\/\/files.sunoresearch.com.br\/n\/uploads\/2020\/11\/18e96798-im-214208-jpg.webp\",\"contentUrl\":\"https:\/\/files.sunoresearch.com.br\/n\/uploads\/2020\/11\/18e96798-im-214208-jpg.webp\",\"width\":1280,\"height\":960,\"caption\":\"O CEO da Pfizer vendeu cerca de US$ 5,6 milh\u00f5es em a\u00e7\u00f5es da farmac\u00eautica ap\u00f3s o an\u00fancio da vacina da empresa.\"},{\"@type\":\"BreadcrumbList\",\"@id\":\"https:\/\/www.suno.com.br\/noticias\/ceo-pfizer-vende-acoes-comunicado-vacina\/#breadcrumb\",\"itemListElement\":[{\"@type\":\"ListItem\",\"position\":1,\"name\":\"Not\u00edcias\",\"item\":\"https:\/\/www.suno.com.br\/noticias\/\"},{\"@type\":\"ListItem\",\"position\":2,\"name\":\"Internacional\",\"item\":\"https:\/\/www.suno.com.br\/noticias\/internacional\/\"},{\"@type\":\"ListItem\",\"position\":3,\"name\":\"CEO da Pfizer vende US$ 5,6 milh\u00f5es em a\u00e7\u00f5es ap\u00f3s comunicado sobre vacina\"}]},{\"@type\":\"WebSite\",\"@id\":\"https:\/\/www.suno.com.br\/noticias\/#website\",\"url\":\"https:\/\/www.suno.com.br\/noticias\/\",\"name\":\"Suno Not\u00edcias\",\"description\":\"Seu portal de informa\u00e7\u00e3o sobre o mundo dos investimentos\",\"publisher\":{\"@id\":\"https:\/\/www.suno.com.br\/noticias\/#organization\"},\"potentialAction\":[{\"@type\":\"SearchAction\",\"target\":{\"@type\":\"EntryPoint\",\"urlTemplate\":\"https:\/\/www.suno.com.br\/noticias\/?s={search_term_string}\"},\"query-input\":{\"@type\":\"PropertyValueSpecification\",\"valueRequired\":true,\"valueName\":\"search_term_string\"}}],\"inLanguage\":\"pt-BR\"},{\"@type\":\"Organization\",\"@id\":\"https:\/\/www.suno.com.br\/noticias\/#organization\",\"name\":\"Suno Not\u00edcias\",\"url\":\"https:\/\/www.suno.com.br\/noticias\/\",\"logo\":{\"@type\":\"ImageObject\",\"inLanguage\":\"pt-BR\",\"@id\":\"https:\/\/www.suno.com.br\/noticias\/#\/schema\/logo\/image\/\",\"url\":\"https:\/\/files.sunoresearch.com.br\/n\/uploads\/2021\/09\/suno-logo.png\",\"contentUrl\":\"https:\/\/files.sunoresearch.com.br\/n\/uploads\/2021\/09\/suno-logo.png\",\"width\":180,\"height\":180,\"caption\":\"Suno Not\u00edcias\"},\"image\":{\"@id\":\"https:\/\/www.suno.com.br\/noticias\/#\/schema\/logo\/image\/\"},\"sameAs\":[\"https:\/\/facebook.com\/sunoresearch\",\"https:\/\/x.com\/sunoresearch\",\"https:\/\/www.instagram.com\/suno\",\"https:\/\/www.linkedin.com\/company\/suno-research\/\",\"https:\/\/www.youtube.com\/c\/sunoresearch\"]},{\"@type\":\"Person\",\"@id\":\"https:\/\/www.suno.com.br\/noticias\/#\/schema\/person\/918d79de1f0281f01599b93f9ea6e23f\",\"name\":\"Jader Lazarini\",\"image\":{\"@type\":\"ImageObject\",\"inLanguage\":\"pt-BR\",\"@id\":\"https:\/\/www.suno.com.br\/noticias\/#\/schema\/person\/image\/\",\"url\":\"https:\/\/secure.gravatar.com\/avatar\/3c1ad8caa51589841baeb923fcddea97?s=96&r=g\",\"contentUrl\":\"https:\/\/secure.gravatar.com\/avatar\/3c1ad8caa51589841baeb923fcddea97?s=96&r=g\",\"caption\":\"Jader Lazarini\"},\"description\":\"Jader Lazarini escreve sobre investimentos, finan\u00e7as, economia e neg\u00f3cios. \u00c9 bacharel em Rela\u00e7\u00f5es Internacionais e analista CNPI (2619).\",\"url\":\"https:\/\/www.suno.com.br\/noticias\/author\/jader-lazarini\/\"}]}<\/script>\n<!-- \/ Yoast SEO plugin. -->","yoast_head_json":{"title":"CEO da Pfizer vende US$ 5,6 mi em a\u00e7\u00f5es ap\u00f3s comunicado sobre vacina","description":"O CEO da Pfizer vendeu cerca de US$ 5,6 milh\u00f5es em a\u00e7\u00f5es da farmac\u00eautica ap\u00f3s o an\u00fancio da vacina da empresa. Clique e entenda.","robots":{"index":"index","follow":"follow","max-snippet":"max-snippet:-1","max-image-preview":"max-image-preview:large","max-video-preview":"max-video-preview:-1"},"canonical":"https:\/\/www.suno.com.br\/noticias\/ceo-pfizer-vende-acoes-comunicado-vacina\/","og_locale":"pt_BR","og_type":"article","og_title":"CEO da Pfizer vende US$ 5,6 mi em a\u00e7\u00f5es ap\u00f3s comunicado sobre vacina","og_description":"O CEO da Pfizer vendeu cerca de US$ 5,6 milh\u00f5es em a\u00e7\u00f5es da farmac\u00eautica ap\u00f3s o an\u00fancio da vacina da empresa. Clique e entenda.","og_url":"https:\/\/www.suno.com.br\/noticias\/ceo-pfizer-vende-acoes-comunicado-vacina\/","og_site_name":"Suno Not\u00edcias","article_publisher":"https:\/\/facebook.com\/sunoresearch","og_image":[{"width":1280,"height":960,"url":"https:\/\/files.sunoresearch.com.br\/n\/uploads\/2020\/11\/18e96798-im-214208.jpg","type":"image\/jpeg"}],"author":"Jader Lazarini","twitter_card":"summary_large_image","twitter_creator":"@sunoresearch","twitter_site":"@sunoresearch","twitter_misc":{"Escrito por":"Jader Lazarini","Est. tempo de leitura":"3 minutos"},"schema":{"@context":"https:\/\/schema.org","@graph":[{"@type":"NewsArticle","@id":"https:\/\/www.suno.com.br\/noticias\/ceo-pfizer-vende-acoes-comunicado-vacina\/#article","isPartOf":{"@id":"https:\/\/www.suno.com.br\/noticias\/ceo-pfizer-vende-acoes-comunicado-vacina\/"},"author":{"name":"Jader Lazarini","@id":"https:\/\/www.suno.com.br\/noticias\/#\/schema\/person\/918d79de1f0281f01599b93f9ea6e23f"},"headline":"CEO da Pfizer vende US$ 5,6 milh\u00f5es em a\u00e7\u00f5es ap\u00f3s comunicado sobre vacina","datePublished":"2020-11-11T15:27:23+00:00","mainEntityOfPage":{"@id":"https:\/\/www.suno.com.br\/noticias\/ceo-pfizer-vende-acoes-comunicado-vacina\/"},"wordCount":648,"publisher":{"@id":"https:\/\/www.suno.com.br\/noticias\/#organization"},"image":{"@id":"https:\/\/www.suno.com.br\/noticias\/ceo-pfizer-vende-acoes-comunicado-vacina\/#primaryimage"},"thumbnailUrl":"https:\/\/files.sunoresearch.com.br\/n\/uploads\/2020\/11\/18e96798-im-214208-jpg.webp","keywords":["A\u00e7\u00f5es","BioNTech","Bolsa de Nova York (NYSE)","coronav\u00edrus","Pfizer (PFIZ34)","vacina"],"articleSection":["Internacional"],"inLanguage":"pt-BR"},{"@type":"WebPage","@id":"https:\/\/www.suno.com.br\/noticias\/ceo-pfizer-vende-acoes-comunicado-vacina\/","url":"https:\/\/www.suno.com.br\/noticias\/ceo-pfizer-vende-acoes-comunicado-vacina\/","name":"CEO da Pfizer vende US$ 5,6 mi em a\u00e7\u00f5es ap\u00f3s comunicado sobre vacina","isPartOf":{"@id":"https:\/\/www.suno.com.br\/noticias\/#website"},"primaryImageOfPage":{"@id":"https:\/\/www.suno.com.br\/noticias\/ceo-pfizer-vende-acoes-comunicado-vacina\/#primaryimage"},"image":{"@id":"https:\/\/www.suno.com.br\/noticias\/ceo-pfizer-vende-acoes-comunicado-vacina\/#primaryimage"},"thumbnailUrl":"https:\/\/files.sunoresearch.com.br\/n\/uploads\/2020\/11\/18e96798-im-214208-jpg.webp","datePublished":"2020-11-11T15:27:23+00:00","description":"O CEO da Pfizer vendeu cerca de US$ 5,6 milh\u00f5es em a\u00e7\u00f5es da farmac\u00eautica ap\u00f3s o an\u00fancio da vacina da empresa. Clique e entenda.","breadcrumb":{"@id":"https:\/\/www.suno.com.br\/noticias\/ceo-pfizer-vende-acoes-comunicado-vacina\/#breadcrumb"},"inLanguage":"pt-BR","potentialAction":[{"@type":"ReadAction","target":["https:\/\/www.suno.com.br\/noticias\/ceo-pfizer-vende-acoes-comunicado-vacina\/"]}]},{"@type":"ImageObject","inLanguage":"pt-BR","@id":"https:\/\/www.suno.com.br\/noticias\/ceo-pfizer-vende-acoes-comunicado-vacina\/#primaryimage","url":"https:\/\/files.sunoresearch.com.br\/n\/uploads\/2020\/11\/18e96798-im-214208-jpg.webp","contentUrl":"https:\/\/files.sunoresearch.com.br\/n\/uploads\/2020\/11\/18e96798-im-214208-jpg.webp","width":1280,"height":960,"caption":"O CEO da Pfizer vendeu cerca de US$ 5,6 milh\u00f5es em a\u00e7\u00f5es da farmac\u00eautica ap\u00f3s o an\u00fancio da vacina da empresa."},{"@type":"BreadcrumbList","@id":"https:\/\/www.suno.com.br\/noticias\/ceo-pfizer-vende-acoes-comunicado-vacina\/#breadcrumb","itemListElement":[{"@type":"ListItem","position":1,"name":"Not\u00edcias","item":"https:\/\/www.suno.com.br\/noticias\/"},{"@type":"ListItem","position":2,"name":"Internacional","item":"https:\/\/www.suno.com.br\/noticias\/internacional\/"},{"@type":"ListItem","position":3,"name":"CEO da Pfizer vende US$ 5,6 milh\u00f5es em a\u00e7\u00f5es ap\u00f3s comunicado sobre vacina"}]},{"@type":"WebSite","@id":"https:\/\/www.suno.com.br\/noticias\/#website","url":"https:\/\/www.suno.com.br\/noticias\/","name":"Suno Not\u00edcias","description":"Seu portal de informa\u00e7\u00e3o sobre o mundo dos investimentos","publisher":{"@id":"https:\/\/www.suno.com.br\/noticias\/#organization"},"potentialAction":[{"@type":"SearchAction","target":{"@type":"EntryPoint","urlTemplate":"https:\/\/www.suno.com.br\/noticias\/?s={search_term_string}"},"query-input":{"@type":"PropertyValueSpecification","valueRequired":true,"valueName":"search_term_string"}}],"inLanguage":"pt-BR"},{"@type":"Organization","@id":"https:\/\/www.suno.com.br\/noticias\/#organization","name":"Suno Not\u00edcias","url":"https:\/\/www.suno.com.br\/noticias\/","logo":{"@type":"ImageObject","inLanguage":"pt-BR","@id":"https:\/\/www.suno.com.br\/noticias\/#\/schema\/logo\/image\/","url":"https:\/\/files.sunoresearch.com.br\/n\/uploads\/2021\/09\/suno-logo.png","contentUrl":"https:\/\/files.sunoresearch.com.br\/n\/uploads\/2021\/09\/suno-logo.png","width":180,"height":180,"caption":"Suno Not\u00edcias"},"image":{"@id":"https:\/\/www.suno.com.br\/noticias\/#\/schema\/logo\/image\/"},"sameAs":["https:\/\/facebook.com\/sunoresearch","https:\/\/x.com\/sunoresearch","https:\/\/www.instagram.com\/suno","https:\/\/www.linkedin.com\/company\/suno-research\/","https:\/\/www.youtube.com\/c\/sunoresearch"]},{"@type":"Person","@id":"https:\/\/www.suno.com.br\/noticias\/#\/schema\/person\/918d79de1f0281f01599b93f9ea6e23f","name":"Jader Lazarini","image":{"@type":"ImageObject","inLanguage":"pt-BR","@id":"https:\/\/www.suno.com.br\/noticias\/#\/schema\/person\/image\/","url":"https:\/\/secure.gravatar.com\/avatar\/3c1ad8caa51589841baeb923fcddea97?s=96&r=g","contentUrl":"https:\/\/secure.gravatar.com\/avatar\/3c1ad8caa51589841baeb923fcddea97?s=96&r=g","caption":"Jader Lazarini"},"description":"Jader Lazarini escreve sobre investimentos, finan\u00e7as, economia e neg\u00f3cios. \u00c9 bacharel em Rela\u00e7\u00f5es Internacionais e analista CNPI (2619).","url":"https:\/\/www.suno.com.br\/noticias\/author\/jader-lazarini\/"}]}},"default_loop_html":"<div class=\"cardsPage__listCard__boxs\"><div class=\"cardsPage__listCard__boxs__img\"><a href=\"https:\/\/www.suno.com.br\/noticias\/ceo-pfizer-vende-acoes-comunicado-vacina\/\"><img class=\"mask\" src=\"https:\/\/www.suno.com.br\/noticias\/wp-content\/themes\/suno\/resources\/images\/spotlight\/spotlight1img\/bg-mask.png\" alt=\"Image Mask\"\/><img src=\"https:\/\/files.sunoresearch.com.br\/n\/uploads\/2020\/11\/18e96798-im-214208-400x200.webp\" alt=\"CEO da Pfizer vende US$ 5,6 milh\u00f5es em a\u00e7\u00f5es ap\u00f3s comunicado sobre vacina\"\/><\/a><span class=\"spotlightCategory\"><a href=\"https:\/\/www.suno.com.br\/noticias\/internacional\/\">Internacional<\/a><\/span><\/div><div class=\"cardsPage__listCard__boxs__content\"><a href=\"https:\/\/www.suno.com.br\/noticias\/ceo-pfizer-vende-acoes-comunicado-vacina\/\"><h2 class=\"content__title\">CEO da Pfizer vende US$ 5,6 milh\u00f5es em a\u00e7\u00f5es ap\u00f3s comunicado sobre vacina<\/h2><\/a><div class=\"newsContent__article__meta\"><div class=\"newsContent__article__meta__authorBox\"><a href=\"https:\/\/www.suno.com.br\/noticias\/author\/jader-lazarini\/\" class=\"authorBox__avatar noMobi\"><img src=\"https:\/\/files.sunoresearch.com.br\/n\/uploads\/2021\/01\/178e6598-foto-perfil-2-150x150.jpg\" alt=\"Jader Lazarini\"><\/a><div class=\"authorBox__name\"><span>por\n\t\t\t<a href=\"https:\/\/www.suno.com.br\/noticias\/author\/jader-lazarini\/\"><span itemprop=\"author\">Jader Lazarini<\/span><\/a><\/span><time datetime=\"2020-11-11T12:27:23-03:00\" itemprop=\"datePublished\">11\/11\/2020 12:27<\/time><\/div><\/div><\/div><\/div><\/div>","single_layout":"posts","amp_enabled":true,"_links":{"self":[{"href":"https:\/\/www.suno.com.br\/noticias\/wp-json\/wp\/v2\/posts\/99339"}],"collection":[{"href":"https:\/\/www.suno.com.br\/noticias\/wp-json\/wp\/v2\/posts"}],"about":[{"href":"https:\/\/www.suno.com.br\/noticias\/wp-json\/wp\/v2\/types\/post"}],"author":[{"embeddable":true,"href":"https:\/\/www.suno.com.br\/noticias\/wp-json\/wp\/v2\/users\/24"}],"replies":[{"embeddable":true,"href":"https:\/\/www.suno.com.br\/noticias\/wp-json\/wp\/v2\/comments?post=99339"}],"version-history":[{"count":0,"href":"https:\/\/www.suno.com.br\/noticias\/wp-json\/wp\/v2\/posts\/99339\/revisions"}],"wp:featuredmedia":[{"embeddable":true,"href":"https:\/\/www.suno.com.br\/noticias\/wp-json\/wp\/v2\/media\/99354"}],"wp:attachment":[{"href":"https:\/\/www.suno.com.br\/noticias\/wp-json\/wp\/v2\/media?parent=99339"}],"wp:term":[{"taxonomy":"category","embeddable":true,"href":"https:\/\/www.suno.com.br\/noticias\/wp-json\/wp\/v2\/categories?post=99339"},{"taxonomy":"post_tag","embeddable":true,"href":"https:\/\/www.suno.com.br\/noticias\/wp-json\/wp\/v2\/tags?post=99339"},{"taxonomy":"suno_strategy","embeddable":true,"href":"https:\/\/www.suno.com.br\/noticias\/wp-json\/wp\/v2\/suno_strategy?post=99339"}],"curies":[{"name":"wp","href":"https:\/\/api.w.org\/{rel}","templated":true}]}}