{"id":99254,"date":"2020-11-11T09:25:07","date_gmt":"2020-11-11T12:25:07","guid":{"rendered":"https:\/\/www.suno.com.br\/noticias\/?p=99254"},"modified":"2020-11-11T09:25:07","modified_gmt":"2020-11-11T12:25:07","slug":"bolsas-mundiais-ny-europa-asia-11112020","status":"publish","type":"post","link":"https:\/\/www.suno.com.br\/noticias\/bolsas-mundiais-ny-europa-asia-11112020\/","title":{"rendered":"Bolsas mundiais sobem com recupera\u00e7\u00e3o de empresas de tecnologia; vacina no radar"},"content":{"rendered":"<p>As <strong>bolsas mundiais<\/strong> operam no azul nesta quarta-feira (11), registrando uma recupera\u00e7\u00e3o das empresas de tecnologia. Os mercados ainda s\u00e3o impulsionados pelo avan\u00e7o da vacina contra o <a href=\"https:\/\/www.suno.com.br\/noticias\/?s=coronav%C3%ADrus\">novo coronav\u00edrus (Covid-19)<\/a> da Pfizer e da BioNTech.<\/p>\t<div class=\"wrapper-featured-image\">\n\t\t<figure class=\"spotlightImg\">\n\n\t\t\t<picture>\n\t\t\t\t<source media=\"(max-width: 768px)\" srcset=\"https:\/\/files.sunoresearch.com.br\/n\/uploads\/2020\/06\/8b3c2ea1-ibovespa-400x200.webp\">\n\t\t\t\t<img loading=\"lazy\" decoding=\"async\" class=\"newsContent__article__imgCapa lazyloadDisabled \" src=\"https:\/\/files.sunoresearch.com.br\/n\/uploads\/2020\/06\/8b3c2ea1-ibovespa-800x450.webp\" width=\"800\" height=\"450\" alt=\"Bolsas mundiais sobem com recupera\u00e7\u00e3o de empresas de tecnologia; vacina no radar\" fetchpriority=high \/>\n\t\t\t<\/picture>\n\n\t\t\t<figcaption class=\"wp-caption-text wp-caption-text--show\">O Ibovespa fechou em queda<\/figcaption>\n\t\t<\/figure>\n\t<\/div>\n\n\n\t<p>\n\t\t<a href=\"\" target=\"_blank\" data-element=\"shortcode-suno-banner\" title=\"Banner SUNO, clique e saiba mais\">\n\t\t\t<picture>\n\t\t\t\t<source media=\"(max-width: 500px)\" srcset=\"\">\n\t\t\t\t<img class=\"newsContent__article__imgCapa newsContent__article__imgCapa--banner\"\n\t\t\t\t\tsrc=\"\"\n\t\t\t\t\tdata-promo-id=\"97204\"\t\t\t\t\t\t\t\t\t\t\t\t\t\t\talt=\"\"\n\t\t\t\t>\n\t\t\t<\/picture>\n\t\t<\/a>\n\t<\/p>\n\n\n<p>Por volta das 9h, a <strong>Nasdaq<\/strong>, bolsa de tecnologia de Nova York, subia 0,88%, para 11.719,38 pontos. As bolsas mundiais est\u00e3o de olho no presidente eleito nos Estados Unidos, Joe Biden, que prop\u00f4s aumentar os impostos sobre grandes empresas, sobretudo as <strong>big techs<\/strong>. A chance da maioria dos democratas na C\u00e2mara norte-americana diminuir alivia as tens\u00f5es, ao passo que o Senado \u00e9 majoritariamente republicano &#8212; novas leis dessa magnitude, dessa forma, seriam barradas no Congresso.<\/p>\n<p>No mesmo hor\u00e1rio, o\u00a0<a href=\"https:\/\/www.suno.com.br\/artigos\/sp-500\/\"><strong>S&amp;P 500<\/strong><\/a> avan\u00e7ava 0,74%, para 3.567,25 pontos, enquanto os futuros de Dow Jones subiam 0,64%, para 29.508,0 pontos.<\/p>\n<p><a href=\"https:\/\/lp.suno.com.br\/suno-one\/\">Suno One: acesse gratuitamente eBooks, Minicursos, Artigos e Video Aulas sobre investimentos com um \u00fanico cadastro. Clique para saber mais!<\/a><\/p>\n<p>O avan\u00e7o da vacina da <strong>Pfizer<\/strong> e <strong>BioNTech<\/strong> tamb\u00e9m influenciou o movimento dos pap\u00e9is das companhias do setor tecnol\u00f3gico. Neste ano, o segmento foi principal vetor de recupera\u00e7\u00e3o dos mercados, uma vez que medidas de restri\u00e7\u00e3o \u00e0 circula\u00e7\u00e3o de pessoas em fun\u00e7\u00e3o da <strong>pandemia<\/strong> fez com que as atividades on-line aumentassem.<\/p>\n<p>No entanto, as bolsas mundiais est\u00e3o de olho nos entraves para uma disponibiliza\u00e7\u00e3o ampla da vacina nos Estados Unidos, al\u00e9m do receio quanto ao tamanho do novo pacote de <strong>est\u00edmulo fiscal<\/strong>. As hospitaliza\u00e7\u00f5es por <strong>coronav\u00edrus<\/strong> bateram um recorde no territ\u00f3rio norte-americano na \u00faltima ter\u00e7a-feira (10), demonstrando que a pandemia, na realidade, est\u00e1 longe de acabar.<\/p>\n<p><span style=\"font-weight: 400;\">\u00a0<div class=\"hubspot-form-wrapper\">\n\t<div id=\"single-form-target\"><\/div>\n<\/div>\n<\/span><\/p>\n<p>Na pr\u00f3xima quinta-feira (12), a presidente do <a href=\"https:\/\/www.suno.com.br\/artigos\/bce\/\">Banco Central Europeu (<strong>BCE<\/strong>)<\/a>, Christine Lagarde, e o presidente do <a href=\"https:\/\/www.suno.com.br\/artigos\/fed\/\">Federal Reserve (<strong>Fed<\/strong>)<\/a>, Jerome Powell, est\u00e3o entre os palestrantes do f\u00f3rum on-line <em>Central Banks in a Shifting World<\/em> (<a href=\"https:\/\/www.suno.com.br\/artigos\/bacen\/\">Bancos Centrais<\/a> em um mundo em mudan\u00e7a) da autoridade monet\u00e1ria europeia, onde devem passar suas perspectivas para a economia global.<\/p>\n<p>Al\u00e9m das bolsas mundiais, no mercado de commodities o <strong>ouro<\/strong> opera em queda de 0,25%, a US$ 1.872 on\u00e7as troy. O barril de <strong>petr\u00f3leo Brent<\/strong>, por sua vez, avan\u00e7a 2,59%, para US$ 44,74.\u00a0 O \u00edndice do <strong>d\u00f3lar<\/strong> (DXY) permanece est\u00e1vel, com um avan\u00e7o de 0,33%, para US$ 93,06.<\/p>\n\n\t<div data-element=\"shortcode-read-more\" class=\"readToo\">\n\t\t\t\t<span class=\"readToo__title\">Leia tamb\u00e9m<\/span>\n\t\t\t\t<ul class=\"readToo__list\">\n\t\t\t<li><a href=\"https:\/\/www.suno.com.br\/noticias\/governo-contra-5g-chines\/\">Brasil se aproxima de proposta dos EUA contra 5G chin\u00eas<\/a><\/li><li><a href=\"https:\/\/www.suno.com.br\/noticias\/agenda-do-dia-resultados-trimestrais-ipo-da-aeris-e-vacina\/\">Agenda do Dia: resultados trimestrais, IPO da Aeris e vacina<\/a><\/li>\t\t<\/ul>\n\t<\/div>\n\n\n<p>Confira o desempenho das principais bolsas mundiais por volta das 9h20:<\/p>\n<ul>\n<li>S&amp;P 500 futuro: +0,83%<\/li>\n<li>Nasdaq futuro: +1,09%<\/li>\n<li>DAX 30: +0,53%<\/li>\n<li>FTSE 100: +0,97%<\/li>\n<li>Euro Stoxx 50: +0,50%<\/li>\n<li>SSE Composite: -0,53%<\/li>\n<li>Nikkei 225: +1,78%<\/li>\n<\/ul>\n<p>Os mercados futuros e <strong>bolsas mundiais<\/strong>, mesmo de olho no avan\u00e7o da pandemia do <a href=\"https:\/\/www.suno.com.br\/noticias\/?s=coronav%C3%ADrus\">novo coronav\u00edrus (Covid-19)<\/a>, continuam com a tend\u00eancia de alta ap\u00f3s a defini\u00e7\u00e3o das elei\u00e7\u00f5es nos Estados Unidos. A expectativa por uma vacina sustenta o otimismo dos investidores, que aguardam por uma normaliza\u00e7\u00e3o da atividade econ\u00f4mica em todo o mundo.<\/p>\n\t<p>\n\t\t<a href=\"https:\/\/lp.suno.com.br\/planilha-de-controle-de-investimentos\/\" target=\"_blank\" data-element=\"shortcode-suno-banner\" title=\"Banner SUNO, clique e saiba mais\">\n\t\t\t<picture>\n\t\t\t\t<source media=\"(max-width: 500px)\" srcset=\"https:\/\/files.sunoresearch.com.br\/n\/uploads\/2023\/03\/400x300-Controle-de-Investimentos.png\">\n\t\t\t\t<img class=\"newsContent__article__imgCapa newsContent__article__imgCapa--banner\"\n\t\t\t\t\tsrc=\"https:\/\/files.sunoresearch.com.br\/n\/uploads\/2023\/03\/1420x240-Controle-de-Investimentos.png\"\n\t\t\t\t\tdata-promo-id=\"75934\"\t\t\t\t\t\t\t\t\t\twidth='1420' height='240'\t\t\t\t\talt=\"https:\/\/files.sunoresearch.com.br\/n\/uploads\/2023\/03\/1420x240-Controle-de-Investimentos.png\"\n\t\t\t\t>\n\t\t\t<\/picture>\n\t\t<\/a>\n\t<\/p>\n\n\n","protected":false},"excerpt":{"rendered":"<p>As bolsas mundiais operam no azul nesta quarta-feira (11), registrando uma recupera\u00e7\u00e3o das empresas de tecnologia. Os mercados ainda s\u00e3o impulsionados pelo avan\u00e7o da vacina contra o novo coronav\u00edrus (Covid-19) da Pfizer e da BioNTech. A Agenda do Dia desta quarta-feira (11) destaca os resultados trimestrais desta semana, al\u00e9m do IPO da Aeris. Por volta [&hellip;]<\/p>\n","protected":false},"author":24,"featured_media":70486,"comment_status":"closed","ping_status":"closed","sticky":false,"template":"","format":"standard","meta":[],"categories":[60],"tags":[104703,2487,104868,2667,1134,25002],"suno_strategy":[],"class_list":["post-99254","post","type-post","status-publish","format-standard","has-post-thumbnail","hentry","category-mercado","tag-bolsas-mundiais","tag-coronavirus","tag-eleicoes-americanas","tag-sp-500","tag-tecnologia","tag-vacina"],"yoast_head":"<!-- This site is optimized with the Yoast SEO plugin v24.4 - https:\/\/yoast.com\/wordpress\/plugins\/seo\/ -->\n<title>Bolsas mundiais sobem com recupera\u00e7\u00e3o de empresas de tecnologia<\/title>\n<meta name=\"description\" content=\"As bolsas mundiais operam no azul nesta quarta-feira (11), registrando uma recupera\u00e7\u00e3o das empresas de tecnologia. Saiba mais.\" \/>\n<meta name=\"robots\" content=\"index, follow, max-snippet:-1, max-image-preview:large, max-video-preview:-1\" \/>\n<link rel=\"canonical\" href=\"https:\/\/www.suno.com.br\/noticias\/bolsas-mundiais-ny-europa-asia-11112020\/\" \/>\n<meta property=\"og:locale\" content=\"pt_BR\" \/>\n<meta property=\"og:type\" content=\"article\" \/>\n<meta property=\"og:title\" content=\"Bolsas mundiais sobem com recupera\u00e7\u00e3o de empresas de tecnologia\" \/>\n<meta property=\"og:description\" content=\"As bolsas mundiais operam no azul nesta quarta-feira (11), registrando uma recupera\u00e7\u00e3o das empresas de tecnologia. Saiba mais.\" \/>\n<meta property=\"og:url\" content=\"https:\/\/www.suno.com.br\/noticias\/bolsas-mundiais-ny-europa-asia-11112020\/\" \/>\n<meta property=\"og:site_name\" content=\"Suno Not\u00edcias\" \/>\n<meta property=\"article:publisher\" content=\"https:\/\/facebook.com\/sunoresearch\" \/>\n<meta property=\"og:image\" content=\"https:\/\/files.sunoresearch.com.br\/n\/uploads\/2020\/06\/8b3c2ea1-ibovespa.jpg\" \/>\n\t<meta property=\"og:image:width\" content=\"1500\" \/>\n\t<meta property=\"og:image:height\" content=\"1000\" \/>\n\t<meta property=\"og:image:type\" content=\"image\/jpeg\" \/>\n<meta name=\"author\" content=\"Jader Lazarini\" \/>\n<meta name=\"twitter:card\" content=\"summary_large_image\" \/>\n<meta name=\"twitter:creator\" content=\"@sunoresearch\" \/>\n<meta name=\"twitter:site\" content=\"@sunoresearch\" \/>\n<meta name=\"twitter:label1\" content=\"Escrito por\" \/>\n\t<meta name=\"twitter:data1\" content=\"Jader Lazarini\" \/>\n\t<meta name=\"twitter:label2\" content=\"Est. tempo de leitura\" \/>\n\t<meta name=\"twitter:data2\" content=\"2 minutos\" \/>\n<script type=\"application\/ld+json\" class=\"yoast-schema-graph\">{\"@context\":\"https:\/\/schema.org\",\"@graph\":[{\"@type\":\"NewsArticle\",\"@id\":\"https:\/\/www.suno.com.br\/noticias\/bolsas-mundiais-ny-europa-asia-11112020\/#article\",\"isPartOf\":{\"@id\":\"https:\/\/www.suno.com.br\/noticias\/bolsas-mundiais-ny-europa-asia-11112020\/\"},\"author\":{\"name\":\"Jader Lazarini\",\"@id\":\"https:\/\/www.suno.com.br\/noticias\/#\/schema\/person\/918d79de1f0281f01599b93f9ea6e23f\"},\"headline\":\"Bolsas mundiais sobem com recupera\u00e7\u00e3o de empresas de tecnologia; vacina no radar\",\"datePublished\":\"2020-11-11T12:25:07+00:00\",\"mainEntityOfPage\":{\"@id\":\"https:\/\/www.suno.com.br\/noticias\/bolsas-mundiais-ny-europa-asia-11112020\/\"},\"wordCount\":509,\"publisher\":{\"@id\":\"https:\/\/www.suno.com.br\/noticias\/#organization\"},\"image\":{\"@id\":\"https:\/\/www.suno.com.br\/noticias\/bolsas-mundiais-ny-europa-asia-11112020\/#primaryimage\"},\"thumbnailUrl\":\"https:\/\/files.sunoresearch.com.br\/n\/uploads\/2020\/06\/8b3c2ea1-ibovespa-jpg.webp\",\"keywords\":[\"Bolsas mundiais\",\"coronav\u00edrus\",\"Elei\u00e7\u00f5es americanas\",\"S&amp;P 500\",\"Tecnologia\",\"vacina\"],\"articleSection\":[\"Mercado\"],\"inLanguage\":\"pt-BR\"},{\"@type\":\"WebPage\",\"@id\":\"https:\/\/www.suno.com.br\/noticias\/bolsas-mundiais-ny-europa-asia-11112020\/\",\"url\":\"https:\/\/www.suno.com.br\/noticias\/bolsas-mundiais-ny-europa-asia-11112020\/\",\"name\":\"Bolsas mundiais sobem com recupera\u00e7\u00e3o de empresas de tecnologia\",\"isPartOf\":{\"@id\":\"https:\/\/www.suno.com.br\/noticias\/#website\"},\"primaryImageOfPage\":{\"@id\":\"https:\/\/www.suno.com.br\/noticias\/bolsas-mundiais-ny-europa-asia-11112020\/#primaryimage\"},\"image\":{\"@id\":\"https:\/\/www.suno.com.br\/noticias\/bolsas-mundiais-ny-europa-asia-11112020\/#primaryimage\"},\"thumbnailUrl\":\"https:\/\/files.sunoresearch.com.br\/n\/uploads\/2020\/06\/8b3c2ea1-ibovespa-jpg.webp\",\"datePublished\":\"2020-11-11T12:25:07+00:00\",\"description\":\"As bolsas mundiais operam no azul nesta quarta-feira (11), registrando uma recupera\u00e7\u00e3o das empresas de tecnologia. Saiba mais.\",\"breadcrumb\":{\"@id\":\"https:\/\/www.suno.com.br\/noticias\/bolsas-mundiais-ny-europa-asia-11112020\/#breadcrumb\"},\"inLanguage\":\"pt-BR\",\"potentialAction\":[{\"@type\":\"ReadAction\",\"target\":[\"https:\/\/www.suno.com.br\/noticias\/bolsas-mundiais-ny-europa-asia-11112020\/\"]}]},{\"@type\":\"ImageObject\",\"inLanguage\":\"pt-BR\",\"@id\":\"https:\/\/www.suno.com.br\/noticias\/bolsas-mundiais-ny-europa-asia-11112020\/#primaryimage\",\"url\":\"https:\/\/files.sunoresearch.com.br\/n\/uploads\/2020\/06\/8b3c2ea1-ibovespa-jpg.webp\",\"contentUrl\":\"https:\/\/files.sunoresearch.com.br\/n\/uploads\/2020\/06\/8b3c2ea1-ibovespa-jpg.webp\",\"width\":1500,\"height\":1000,\"caption\":\"O Ibovespa fechou em queda\"},{\"@type\":\"BreadcrumbList\",\"@id\":\"https:\/\/www.suno.com.br\/noticias\/bolsas-mundiais-ny-europa-asia-11112020\/#breadcrumb\",\"itemListElement\":[{\"@type\":\"ListItem\",\"position\":1,\"name\":\"Not\u00edcias\",\"item\":\"https:\/\/www.suno.com.br\/noticias\/\"},{\"@type\":\"ListItem\",\"position\":2,\"name\":\"Mercado\",\"item\":\"https:\/\/www.suno.com.br\/noticias\/mercado\/\"},{\"@type\":\"ListItem\",\"position\":3,\"name\":\"Bolsas mundiais sobem com recupera\u00e7\u00e3o de empresas de tecnologia; vacina no radar\"}]},{\"@type\":\"WebSite\",\"@id\":\"https:\/\/www.suno.com.br\/noticias\/#website\",\"url\":\"https:\/\/www.suno.com.br\/noticias\/\",\"name\":\"Suno Not\u00edcias\",\"description\":\"Seu portal de informa\u00e7\u00e3o sobre o mundo dos investimentos\",\"publisher\":{\"@id\":\"https:\/\/www.suno.com.br\/noticias\/#organization\"},\"potentialAction\":[{\"@type\":\"SearchAction\",\"target\":{\"@type\":\"EntryPoint\",\"urlTemplate\":\"https:\/\/www.suno.com.br\/noticias\/?s={search_term_string}\"},\"query-input\":{\"@type\":\"PropertyValueSpecification\",\"valueRequired\":true,\"valueName\":\"search_term_string\"}}],\"inLanguage\":\"pt-BR\"},{\"@type\":\"Organization\",\"@id\":\"https:\/\/www.suno.com.br\/noticias\/#organization\",\"name\":\"Suno Not\u00edcias\",\"url\":\"https:\/\/www.suno.com.br\/noticias\/\",\"logo\":{\"@type\":\"ImageObject\",\"inLanguage\":\"pt-BR\",\"@id\":\"https:\/\/www.suno.com.br\/noticias\/#\/schema\/logo\/image\/\",\"url\":\"https:\/\/files.sunoresearch.com.br\/n\/uploads\/2021\/09\/suno-logo.png\",\"contentUrl\":\"https:\/\/files.sunoresearch.com.br\/n\/uploads\/2021\/09\/suno-logo.png\",\"width\":180,\"height\":180,\"caption\":\"Suno Not\u00edcias\"},\"image\":{\"@id\":\"https:\/\/www.suno.com.br\/noticias\/#\/schema\/logo\/image\/\"},\"sameAs\":[\"https:\/\/facebook.com\/sunoresearch\",\"https:\/\/x.com\/sunoresearch\",\"https:\/\/www.instagram.com\/suno\",\"https:\/\/www.linkedin.com\/company\/suno-research\/\",\"https:\/\/www.youtube.com\/c\/sunoresearch\"]},{\"@type\":\"Person\",\"@id\":\"https:\/\/www.suno.com.br\/noticias\/#\/schema\/person\/918d79de1f0281f01599b93f9ea6e23f\",\"name\":\"Jader Lazarini\",\"image\":{\"@type\":\"ImageObject\",\"inLanguage\":\"pt-BR\",\"@id\":\"https:\/\/www.suno.com.br\/noticias\/#\/schema\/person\/image\/\",\"url\":\"https:\/\/secure.gravatar.com\/avatar\/3c1ad8caa51589841baeb923fcddea97?s=96&r=g\",\"contentUrl\":\"https:\/\/secure.gravatar.com\/avatar\/3c1ad8caa51589841baeb923fcddea97?s=96&r=g\",\"caption\":\"Jader Lazarini\"},\"description\":\"Jader Lazarini escreve sobre investimentos, finan\u00e7as, economia e neg\u00f3cios. \u00c9 bacharel em Rela\u00e7\u00f5es Internacionais e analista CNPI (2619).\",\"url\":\"https:\/\/www.suno.com.br\/noticias\/author\/jader-lazarini\/\"}]}<\/script>\n<!-- \/ Yoast SEO plugin. -->","yoast_head_json":{"title":"Bolsas mundiais sobem com recupera\u00e7\u00e3o de empresas de tecnologia","description":"As bolsas mundiais operam no azul nesta quarta-feira (11), registrando uma recupera\u00e7\u00e3o das empresas de tecnologia. Saiba mais.","robots":{"index":"index","follow":"follow","max-snippet":"max-snippet:-1","max-image-preview":"max-image-preview:large","max-video-preview":"max-video-preview:-1"},"canonical":"https:\/\/www.suno.com.br\/noticias\/bolsas-mundiais-ny-europa-asia-11112020\/","og_locale":"pt_BR","og_type":"article","og_title":"Bolsas mundiais sobem com recupera\u00e7\u00e3o de empresas de tecnologia","og_description":"As bolsas mundiais operam no azul nesta quarta-feira (11), registrando uma recupera\u00e7\u00e3o das empresas de tecnologia. Saiba mais.","og_url":"https:\/\/www.suno.com.br\/noticias\/bolsas-mundiais-ny-europa-asia-11112020\/","og_site_name":"Suno Not\u00edcias","article_publisher":"https:\/\/facebook.com\/sunoresearch","og_image":[{"width":1500,"height":1000,"url":"https:\/\/files.sunoresearch.com.br\/n\/uploads\/2020\/06\/8b3c2ea1-ibovespa.jpg","type":"image\/jpeg"}],"author":"Jader Lazarini","twitter_card":"summary_large_image","twitter_creator":"@sunoresearch","twitter_site":"@sunoresearch","twitter_misc":{"Escrito por":"Jader Lazarini","Est. tempo de leitura":"2 minutos"},"schema":{"@context":"https:\/\/schema.org","@graph":[{"@type":"NewsArticle","@id":"https:\/\/www.suno.com.br\/noticias\/bolsas-mundiais-ny-europa-asia-11112020\/#article","isPartOf":{"@id":"https:\/\/www.suno.com.br\/noticias\/bolsas-mundiais-ny-europa-asia-11112020\/"},"author":{"name":"Jader Lazarini","@id":"https:\/\/www.suno.com.br\/noticias\/#\/schema\/person\/918d79de1f0281f01599b93f9ea6e23f"},"headline":"Bolsas mundiais sobem com recupera\u00e7\u00e3o de empresas de tecnologia; vacina no radar","datePublished":"2020-11-11T12:25:07+00:00","mainEntityOfPage":{"@id":"https:\/\/www.suno.com.br\/noticias\/bolsas-mundiais-ny-europa-asia-11112020\/"},"wordCount":509,"publisher":{"@id":"https:\/\/www.suno.com.br\/noticias\/#organization"},"image":{"@id":"https:\/\/www.suno.com.br\/noticias\/bolsas-mundiais-ny-europa-asia-11112020\/#primaryimage"},"thumbnailUrl":"https:\/\/files.sunoresearch.com.br\/n\/uploads\/2020\/06\/8b3c2ea1-ibovespa-jpg.webp","keywords":["Bolsas mundiais","coronav\u00edrus","Elei\u00e7\u00f5es americanas","S&amp;P 500","Tecnologia","vacina"],"articleSection":["Mercado"],"inLanguage":"pt-BR"},{"@type":"WebPage","@id":"https:\/\/www.suno.com.br\/noticias\/bolsas-mundiais-ny-europa-asia-11112020\/","url":"https:\/\/www.suno.com.br\/noticias\/bolsas-mundiais-ny-europa-asia-11112020\/","name":"Bolsas mundiais sobem com recupera\u00e7\u00e3o de empresas de tecnologia","isPartOf":{"@id":"https:\/\/www.suno.com.br\/noticias\/#website"},"primaryImageOfPage":{"@id":"https:\/\/www.suno.com.br\/noticias\/bolsas-mundiais-ny-europa-asia-11112020\/#primaryimage"},"image":{"@id":"https:\/\/www.suno.com.br\/noticias\/bolsas-mundiais-ny-europa-asia-11112020\/#primaryimage"},"thumbnailUrl":"https:\/\/files.sunoresearch.com.br\/n\/uploads\/2020\/06\/8b3c2ea1-ibovespa-jpg.webp","datePublished":"2020-11-11T12:25:07+00:00","description":"As bolsas mundiais operam no azul nesta quarta-feira (11), registrando uma recupera\u00e7\u00e3o das empresas de tecnologia. Saiba mais.","breadcrumb":{"@id":"https:\/\/www.suno.com.br\/noticias\/bolsas-mundiais-ny-europa-asia-11112020\/#breadcrumb"},"inLanguage":"pt-BR","potentialAction":[{"@type":"ReadAction","target":["https:\/\/www.suno.com.br\/noticias\/bolsas-mundiais-ny-europa-asia-11112020\/"]}]},{"@type":"ImageObject","inLanguage":"pt-BR","@id":"https:\/\/www.suno.com.br\/noticias\/bolsas-mundiais-ny-europa-asia-11112020\/#primaryimage","url":"https:\/\/files.sunoresearch.com.br\/n\/uploads\/2020\/06\/8b3c2ea1-ibovespa-jpg.webp","contentUrl":"https:\/\/files.sunoresearch.com.br\/n\/uploads\/2020\/06\/8b3c2ea1-ibovespa-jpg.webp","width":1500,"height":1000,"caption":"O Ibovespa fechou em queda"},{"@type":"BreadcrumbList","@id":"https:\/\/www.suno.com.br\/noticias\/bolsas-mundiais-ny-europa-asia-11112020\/#breadcrumb","itemListElement":[{"@type":"ListItem","position":1,"name":"Not\u00edcias","item":"https:\/\/www.suno.com.br\/noticias\/"},{"@type":"ListItem","position":2,"name":"Mercado","item":"https:\/\/www.suno.com.br\/noticias\/mercado\/"},{"@type":"ListItem","position":3,"name":"Bolsas mundiais sobem com recupera\u00e7\u00e3o de empresas de tecnologia; vacina no radar"}]},{"@type":"WebSite","@id":"https:\/\/www.suno.com.br\/noticias\/#website","url":"https:\/\/www.suno.com.br\/noticias\/","name":"Suno Not\u00edcias","description":"Seu portal de informa\u00e7\u00e3o sobre o mundo dos investimentos","publisher":{"@id":"https:\/\/www.suno.com.br\/noticias\/#organization"},"potentialAction":[{"@type":"SearchAction","target":{"@type":"EntryPoint","urlTemplate":"https:\/\/www.suno.com.br\/noticias\/?s={search_term_string}"},"query-input":{"@type":"PropertyValueSpecification","valueRequired":true,"valueName":"search_term_string"}}],"inLanguage":"pt-BR"},{"@type":"Organization","@id":"https:\/\/www.suno.com.br\/noticias\/#organization","name":"Suno Not\u00edcias","url":"https:\/\/www.suno.com.br\/noticias\/","logo":{"@type":"ImageObject","inLanguage":"pt-BR","@id":"https:\/\/www.suno.com.br\/noticias\/#\/schema\/logo\/image\/","url":"https:\/\/files.sunoresearch.com.br\/n\/uploads\/2021\/09\/suno-logo.png","contentUrl":"https:\/\/files.sunoresearch.com.br\/n\/uploads\/2021\/09\/suno-logo.png","width":180,"height":180,"caption":"Suno Not\u00edcias"},"image":{"@id":"https:\/\/www.suno.com.br\/noticias\/#\/schema\/logo\/image\/"},"sameAs":["https:\/\/facebook.com\/sunoresearch","https:\/\/x.com\/sunoresearch","https:\/\/www.instagram.com\/suno","https:\/\/www.linkedin.com\/company\/suno-research\/","https:\/\/www.youtube.com\/c\/sunoresearch"]},{"@type":"Person","@id":"https:\/\/www.suno.com.br\/noticias\/#\/schema\/person\/918d79de1f0281f01599b93f9ea6e23f","name":"Jader Lazarini","image":{"@type":"ImageObject","inLanguage":"pt-BR","@id":"https:\/\/www.suno.com.br\/noticias\/#\/schema\/person\/image\/","url":"https:\/\/secure.gravatar.com\/avatar\/3c1ad8caa51589841baeb923fcddea97?s=96&r=g","contentUrl":"https:\/\/secure.gravatar.com\/avatar\/3c1ad8caa51589841baeb923fcddea97?s=96&r=g","caption":"Jader Lazarini"},"description":"Jader Lazarini escreve sobre investimentos, finan\u00e7as, economia e neg\u00f3cios. \u00c9 bacharel em Rela\u00e7\u00f5es Internacionais e analista CNPI (2619).","url":"https:\/\/www.suno.com.br\/noticias\/author\/jader-lazarini\/"}]}},"default_loop_html":"<div class=\"cardsPage__listCard__boxs\"><div class=\"cardsPage__listCard__boxs__img\"><a href=\"https:\/\/www.suno.com.br\/noticias\/agenda-do-dia-resultados-trimestrais-ipo-da-aeris-e-vacina\/\"><img class=\"mask\" src=\"https:\/\/www.suno.com.br\/noticias\/wp-content\/themes\/suno\/resources\/images\/spotlight\/spotlight1img\/bg-mask.png\" alt=\"Image Mask\"\/><img src=\"https:\/\/files.sunoresearch.com.br\/n\/uploads\/2020\/05\/3ff9e10e-via-var-400x200.webp\" alt=\"Agenda do Dia: resultados trimestrais, IPO da Aeris e vacina\"\/><\/a><span class=\"spotlightCategory\"><a href=\"https:\/\/www.suno.com.br\/noticias\/mercado\/\">Mercado<\/a><\/span><\/div><div class=\"cardsPage__listCard__boxs__content\"><a href=\"https:\/\/www.suno.com.br\/noticias\/agenda-do-dia-resultados-trimestrais-ipo-da-aeris-e-vacina\/\"><h2 class=\"content__title\">Agenda do Dia: resultados trimestrais, IPO da Aeris e vacina<\/h2><\/a><div class=\"newsContent__article__meta\"><div class=\"newsContent__article__meta__authorBox\"><a href=\"https:\/\/www.suno.com.br\/noticias\/author\/jader-lazarini\/\" class=\"authorBox__avatar noMobi\"><img src=\"https:\/\/files.sunoresearch.com.br\/n\/uploads\/2021\/01\/178e6598-foto-perfil-2-150x150.jpg\" alt=\"Jader Lazarini\"><\/a><div class=\"authorBox__name\"><span>por\n\t\t\t<a href=\"https:\/\/www.suno.com.br\/noticias\/author\/jader-lazarini\/\"><span itemprop=\"author\">Jader Lazarini<\/span><\/a><\/span><time datetime=\"2020-11-11T08:45:30-03:00\" itemprop=\"datePublished\">11\/11\/2020 08:45<\/time><\/div><\/div><\/div><\/div><\/div>","single_layout":"posts","amp_enabled":true,"_links":{"self":[{"href":"https:\/\/www.suno.com.br\/noticias\/wp-json\/wp\/v2\/posts\/99254"}],"collection":[{"href":"https:\/\/www.suno.com.br\/noticias\/wp-json\/wp\/v2\/posts"}],"about":[{"href":"https:\/\/www.suno.com.br\/noticias\/wp-json\/wp\/v2\/types\/post"}],"author":[{"embeddable":true,"href":"https:\/\/www.suno.com.br\/noticias\/wp-json\/wp\/v2\/users\/24"}],"replies":[{"embeddable":true,"href":"https:\/\/www.suno.com.br\/noticias\/wp-json\/wp\/v2\/comments?post=99254"}],"version-history":[{"count":0,"href":"https:\/\/www.suno.com.br\/noticias\/wp-json\/wp\/v2\/posts\/99254\/revisions"}],"wp:featuredmedia":[{"embeddable":true,"href":"https:\/\/www.suno.com.br\/noticias\/wp-json\/wp\/v2\/media\/70486"}],"wp:attachment":[{"href":"https:\/\/www.suno.com.br\/noticias\/wp-json\/wp\/v2\/media?parent=99254"}],"wp:term":[{"taxonomy":"category","embeddable":true,"href":"https:\/\/www.suno.com.br\/noticias\/wp-json\/wp\/v2\/categories?post=99254"},{"taxonomy":"post_tag","embeddable":true,"href":"https:\/\/www.suno.com.br\/noticias\/wp-json\/wp\/v2\/tags?post=99254"},{"taxonomy":"suno_strategy","embeddable":true,"href":"https:\/\/www.suno.com.br\/noticias\/wp-json\/wp\/v2\/suno_strategy?post=99254"}],"curies":[{"name":"wp","href":"https:\/\/api.w.org\/{rel}","templated":true}]}}