{"id":99223,"date":"2020-11-11T08:45:30","date_gmt":"2020-11-11T11:45:30","guid":{"rendered":"https:\/\/www.suno.com.br\/noticias\/?p=99223"},"modified":"2021-06-14T00:29:22","modified_gmt":"2021-06-14T03:29:22","slug":"agenda-do-dia-resultados-trimestrais-ipo-da-aeris-e-vacina","status":"publish","type":"post","link":"https:\/\/www.suno.com.br\/noticias\/agenda-do-dia-resultados-trimestrais-ipo-da-aeris-e-vacina\/","title":{"rendered":"Agenda do Dia: resultados trimestrais, IPO da Aeris e vacina"},"content":{"rendered":"<p>A <strong>Agenda do Dia<\/strong> desta quarta-feira (11) destaca os resultados trimestrais desta semana, al\u00e9m da <a href=\"https:\/\/www.suno.com.br\/artigos\/ipo\/\">oferta p\u00fablica inicial de a\u00e7\u00f5es (IPO<\/a>, na sigla em ingl\u00eas) da Aeris na <a href=\"https:\/\/www.suno.com.br\/artigos\/b3\/\">Bolsa de Valores de S\u00e3o Paulo (B3)<\/a>.<\/p>\t<div class=\"wrapper-featured-image\">\n\t\t<figure class=\"spotlightImg\">\n\n\t\t\t<picture>\n\t\t\t\t<source media=\"(max-width: 768px)\" srcset=\"https:\/\/files.sunoresearch.com.br\/n\/uploads\/2020\/05\/3ff9e10e-via-var-400x200.webp\">\n\t\t\t\t<img loading=\"lazy\" decoding=\"async\" class=\"newsContent__article__imgCapa lazyloadDisabled \" src=\"https:\/\/files.sunoresearch.com.br\/n\/uploads\/2020\/05\/3ff9e10e-via-var-800x450.webp\" width=\"800\" height=\"450\" alt=\"Agenda do Dia: resultados trimestrais, IPO da Aeris e vacina\" fetchpriority=high \/>\n\t\t\t<\/picture>\n\n\t\t\t<figcaption class=\"wp-caption-text wp-caption-text--show\">A Agenda do Dia desta quarta-feira (11) destaca os resultados trimestrais desta semana, al\u00e9m do IPO da Aeris. <\/figcaption>\n\t\t<\/figure>\n\t<\/div>\n\n\n<p><span style=\"font-weight: 400;\">\t<p>\n\t\t<a href=\"\" target=\"_blank\" data-element=\"shortcode-suno-banner\" title=\"Banner SUNO, clique e saiba mais\">\n\t\t\t<picture>\n\t\t\t\t<source media=\"(max-width: 500px)\" srcset=\"\">\n\t\t\t\t<img class=\"newsContent__article__imgCapa newsContent__article__imgCapa--banner\"\n\t\t\t\t\tsrc=\"\"\n\t\t\t\t\tdata-promo-id=\"97204\"\t\t\t\t\t\t\t\t\t\t\t\t\t\t\talt=\"\"\n\t\t\t\t>\n\t\t\t<\/picture>\n\t\t<\/a>\n\t<\/p>\n\n<\/span><\/p>\n<p>Os investidores tamb\u00e9m permanecem de olho no desdobramentos de uma <strong>vacina<\/strong> que combata a pandemia do <a href=\"https:\/\/www.suno.com.br\/noticias\/?s=coronav%C3%ADrus\">novo <strong>coronav\u00edrus<\/strong> (Covid-19)<\/a>. Confira os destaques da Agenda do Dia:<\/p>\n<h2>Resultados trimestrais da Agenda do Dia<\/h2>\n<ul>\n<li>Taesa (<a href=\"https:\/\/www.suno.com.br\/acoes\/taee11\/\">TAEE11<\/a>) &#8211; ap\u00f3s o fechamento do mercado<\/li>\n<li>Aliansce Sonae (<a href=\"https:\/\/www.suno.com.br\/acoes\/also3\/\">ALSO3<\/a>) &#8211; ap\u00f3s o fechamento do mercado<\/li>\n<li>Alupar (<a href=\"https:\/\/www.suno.com.br\/acoes\/alup11\/\">ALUP11<\/a>) &#8211; ap\u00f3s o fechamento do mercado<\/li>\n<li>Mahle (<a href=\"https:\/\/www.suno.com.br\/acoes\/leve3\/\">LEVE3<\/a>) &#8211; ap\u00f3s o fechamento do mercado<\/li>\n<li>Unipar (<a href=\"https:\/\/www.suno.com.br\/acoes\/unip6\/\">UNIP6<\/a>) &#8211; ap\u00f3s o fechamento do mercado<\/li>\n<li>Via Varejo (<a href=\"https:\/\/www.suno.com.br\/acoes\/vvar3\/\">VVAR3<\/a>) &#8211; ap\u00f3s o fechamento do mercado<\/li>\n<li>JBS (<a href=\"https:\/\/www.suno.com.br\/acoes\/jbss3\/\">JBSS3<\/a>) &#8211; ap\u00f3s o fechamento do mercado<\/li>\n<li>Eletrobras (<a href=\"https:\/\/www.suno.com.br\/acoes\/elet3\/\">ELET3<\/a>) &#8211; ap\u00f3s o fechamento do mercado<\/li>\n<li>Enauta (<a href=\"https:\/\/www.suno.com.br\/acoes\/enat3\/\">ENAT3<\/a>) &#8211; ap\u00f3s o fechamento do mercado<\/li>\n<li>Locaweb (<a href=\"https:\/\/www.suno.com.br\/acoes\/lwsa3\/\">LWSA3<\/a>) &#8211; ap\u00f3s o fechamento do mercado<\/li>\n<li>CCR (<a href=\"https:\/\/www.suno.com.br\/acoes\/ccro3\/\">CCRO3<\/a>) &#8211; ap\u00f3s o fechamento do mercado<\/li>\n<li>MRV (<a href=\"https:\/\/www.suno.com.br\/acoes\/mrve3\/\">MRVE3<\/a>) &#8211; ap\u00f3s o fechamento do mercado<\/li>\n<li>Rumo (<a href=\"https:\/\/www.suno.com.br\/acoes\/rail3\/\">RAIL3<\/a>) &#8211; ap\u00f3s o fechamento do mercado<\/li>\n<li>Tecnisa (<a href=\"https:\/\/www.suno.com.br\/acoes\/tcsa3\/\">TCSA3<\/a>) &#8211; ap\u00f3s o fechamento do mercado<\/li>\n<li>Totvs (<a href=\"https:\/\/www.suno.com.br\/acoes\/tots3\/\">TOTS3<\/a>) &#8211; ap\u00f3s o fechamento do mercado<\/li>\n<li>Ambipar (<a href=\"https:\/\/www.suno.com.br\/acoes\/ambp3\/\">AMBP3<\/a>) &#8211; ap\u00f3s o fechamento do mercado<\/li>\n<li>Banco Pine (<a href=\"https:\/\/www.suno.com.br\/acoes\/pine4\/\">PINE4<\/a>) &#8211; ap\u00f3s o fechamento do mercado<\/li>\n<li>Lojas Quero Quero (<a href=\"https:\/\/www.suno.com.br\/acoes\/ljqq3\/\">LJQQ3<\/a>) &#8211; ap\u00f3s o fechamento do mercado<\/li>\n<li>Times For Fun (<a href=\"https:\/\/www.suno.com.br\/acoes\/show3\/\">SHOW3<\/a>) &#8211; ap\u00f3s o fechamento do mercado<\/li>\n<li>Eucatex (<a href=\"https:\/\/www.suno.com.br\/acoes\/euca4\/\">EUCA4<\/a>) &#8211; ap\u00f3s o fechamento do mercado<\/li>\n<li>Rossi Residencial (<a href=\"https:\/\/www.suno.com.br\/acoes\/rsid3\/\">RSID3<\/a>) &#8211; ap\u00f3s o fechamento do mercado<\/li>\n<\/ul>\n<h2>IPO da Aeris<\/h2>\n<p>A <strong>Aeris<\/strong> far\u00e1 seu <strong>IPO<\/strong> na B3 nesta quarta-feira. A empresa \u00e9 uma das maiores fabricantes de p\u00e1s para aerogeradores de <strong>energia e\u00f3lica<\/strong> do mundo, possuindo uma capacidade instalada de produ\u00e7\u00e3o anual de mais de quatro mil p\u00e1s em 2020.<\/p>\n<p><a href=\"https:\/\/lp.suno.com.br\/suno-one\/\">Suno One: acesse gratuitamente eBooks, Minicursos, Artigos e Video Aulas sobre investimentos com um \u00fanico cadastro. Clique para saber mais!<\/a><\/p>\n<p>A companhia precificou, na \u00faltima segunda-feira (9), suas a\u00e7\u00f5es a R$ 5,50. Dessa forma, a oferta movimentar\u00e1 R$ 958,22 milh\u00f5es com a oferta base, sendo que R$ 719,23 milh\u00f5es ser\u00e3o direcionados ao caixa da empresa oriundos da oferta prim\u00e1ria.<\/p>\n<h2>Brasil poder\u00e1 comprar vacina da Pfizer<\/h2>\n<p>Ao passo em que <strong>Pfizer<\/strong> e <strong>BioNTech<\/strong> informaram os resultados preliminares sobre sua vacina contra o coronav\u00edrus, tanto um porta-voz da Pfizer no Brasil quanto o<strong> Minist\u00e9rio da Sa\u00fade<\/strong> disseram que o governo brasileiro avalia a compra de doses do medicamento. O minist\u00e9rio ressaltou, todavia, que acompanha cerca de 254 pesquisas de imunizantes, incluindo a da empresa estadunidense.<\/p>\n<p>No Pa\u00eds, a vacina passa por teste cl\u00ednico em est\u00e1gio avan\u00e7ado, com 3,1 mil volunt\u00e1rios nos estados de S\u00e3o Paulo e Bahia. Em caso de decis\u00e3o pela compra, o produto seria importado de f\u00e1bricas dos <strong>Estados Unidos<\/strong> e da <strong>Europa<\/strong>, segundo o porta-voz da Pfizer.<\/p>\n<p><span style=\"font-weight: 400;\">\u00a0<div class=\"hubspot-form-wrapper\">\n\t<div id=\"single-form-target\"><\/div>\n<\/div>\n<\/span><\/p>\n<h2>Agenda de Paulo Guedes<\/h2>\n<ul>\n<li>8h15 &#8211; Reuni\u00e3o do Conselho de Governo com o presidente Jair Bolsonaro<\/li>\n<li>15h &#8211; Reuni\u00e3o com o embaixador da \u00cdndia, Suresh K. Reddy<\/li>\n<li>16h &#8211; Reuni\u00e3o com o senador Marcio Bittar<\/li>\n<li>17h &#8211; Reuni\u00e3o o diretor-presidente da Embratur, Gilson Machado Neto<\/li>\n<li>18h &#8211; Reuni\u00e3o com o secret\u00e1rio de Desestatiza\u00e7\u00e3o, Diogo Mac Cord<\/li>\n<li>19h &#8211; Workshop F-39 GRIPEN (aberto \u00e0 imprensa)<\/li>\n<\/ul>\n\t<div data-element=\"shortcode-read-more\" class=\"knowMore\">\n\t\t\t\t<span class=\"knowMore__title\">Veja tamb\u00e9m<\/span>\n\t\t\t\t<a class=\"knowMore__link\" href=\"https:\/\/www.suno.com.br\/noticias\/braskem-brkm5-prejuizo\/\">\n\t\t\tBraskem (BRKM5) tem preju\u00edzo de R$ 1,4 bi com provis\u00e3o em Alagoas\t\t<\/a>\n\t<\/div>\n\n\n<p>A <strong>Agenda do Dia<\/strong> tamb\u00e9m destaca que ser\u00e3o divulgadas as vendas no varejo, al\u00e9m do fluxo cambial semanal, \u00e0s 9h e 14h30, respectivamente.<\/p>\n\t<p>\n\t\t<a href=\"https:\/\/lp.suno.com.br\/planilha-de-controle-de-investimentos\/\" target=\"_blank\" data-element=\"shortcode-suno-banner\" title=\"Banner SUNO, clique e saiba mais\">\n\t\t\t<picture>\n\t\t\t\t<source media=\"(max-width: 500px)\" srcset=\"https:\/\/files.sunoresearch.com.br\/n\/uploads\/2023\/03\/400x300-Controle-de-Investimentos.png\">\n\t\t\t\t<img class=\"newsContent__article__imgCapa newsContent__article__imgCapa--banner\"\n\t\t\t\t\tsrc=\"https:\/\/files.sunoresearch.com.br\/n\/uploads\/2023\/03\/1420x240-Controle-de-Investimentos.png\"\n\t\t\t\t\tdata-promo-id=\"75934\"\t\t\t\t\t\t\t\t\t\twidth='1420' height='240'\t\t\t\t\talt=\"https:\/\/files.sunoresearch.com.br\/n\/uploads\/2023\/03\/1420x240-Controle-de-Investimentos.png\"\n\t\t\t\t>\n\t\t\t<\/picture>\n\t\t<\/a>\n\t<\/p>\n\n\n","protected":false},"excerpt":{"rendered":"<p>A Agenda do Dia desta quarta-feira (11) destaca os resultados trimestrais desta semana, al\u00e9m da oferta p\u00fablica inicial de a\u00e7\u00f5es (IPO, na sigla em ingl\u00eas) da Aeris na Bolsa de Valores de S\u00e3o Paulo (B3). A Agenda do Dia desta quarta-feira (11) destaca os resultados trimestrais desta semana, al\u00e9m do IPO da Aeris. Os investidores [&hellip;]<\/p>\n","protected":false},"author":24,"featured_media":64060,"comment_status":"closed","ping_status":"closed","sticky":false,"template":"","format":"standard","meta":[],"categories":[60],"tags":[101018,1980,1029,2487,319,796,25002],"suno_strategy":[],"class_list":["post-99223","post","type-post","status-publish","format-standard","has-post-thumbnail","hentry","category-mercado","tag-aeris-aeri3","tag-agenda-do-dia","tag-balancos-trimestrais","tag-coronavirus","tag-ipo-oferta-inicial-de-acoes","tag-paulo-guedes","tag-vacina"],"yoast_head":"<!-- This site is optimized with the Yoast SEO plugin v24.4 - https:\/\/yoast.com\/wordpress\/plugins\/seo\/ -->\n<title>Agenda do Dia: resultados trimestrais, IPO da Aeris e vacina<\/title>\n<meta name=\"description\" content=\"A Agenda do Dia desta quarta-feira (11) destaca os resultados trimestrais desta semana, al\u00e9m do IPO da Aeris. Clique e saiba mais.\" \/>\n<meta name=\"robots\" content=\"index, follow, max-snippet:-1, max-image-preview:large, max-video-preview:-1\" \/>\n<link rel=\"canonical\" href=\"https:\/\/www.suno.com.br\/noticias\/agenda-do-dia-resultados-trimestrais-ipo-da-aeris-e-vacina\/\" \/>\n<meta property=\"og:locale\" content=\"pt_BR\" \/>\n<meta property=\"og:type\" content=\"article\" \/>\n<meta property=\"og:title\" content=\"Agenda do Dia: resultados trimestrais, IPO da Aeris e vacina\" \/>\n<meta property=\"og:description\" content=\"A Agenda do Dia desta quarta-feira (11) destaca os resultados trimestrais desta semana, al\u00e9m do IPO da Aeris. Clique e saiba mais.\" \/>\n<meta property=\"og:url\" content=\"https:\/\/www.suno.com.br\/noticias\/agenda-do-dia-resultados-trimestrais-ipo-da-aeris-e-vacina\/\" \/>\n<meta property=\"og:site_name\" content=\"Suno Not\u00edcias\" \/>\n<meta property=\"article:publisher\" content=\"https:\/\/facebook.com\/sunoresearch\" \/>\n<meta property=\"og:image\" content=\"https:\/\/files.sunoresearch.com.br\/n\/uploads\/2020\/05\/3ff9e10e-via-var.jpg\" \/>\n\t<meta property=\"og:image:width\" content=\"1498\" \/>\n\t<meta property=\"og:image:height\" content=\"1000\" \/>\n\t<meta property=\"og:image:type\" content=\"image\/jpeg\" \/>\n<meta name=\"author\" content=\"Jader Lazarini\" \/>\n<meta name=\"twitter:card\" content=\"summary_large_image\" \/>\n<meta name=\"twitter:creator\" content=\"@sunoresearch\" \/>\n<meta name=\"twitter:site\" content=\"@sunoresearch\" \/>\n<meta name=\"twitter:label1\" content=\"Escrito por\" \/>\n\t<meta name=\"twitter:data1\" content=\"Jader Lazarini\" \/>\n\t<meta name=\"twitter:label2\" content=\"Est. tempo de leitura\" \/>\n\t<meta name=\"twitter:data2\" content=\"3 minutos\" \/>\n<script type=\"application\/ld+json\" class=\"yoast-schema-graph\">{\"@context\":\"https:\/\/schema.org\",\"@graph\":[{\"@type\":\"NewsArticle\",\"@id\":\"https:\/\/www.suno.com.br\/noticias\/agenda-do-dia-resultados-trimestrais-ipo-da-aeris-e-vacina\/#article\",\"isPartOf\":{\"@id\":\"https:\/\/www.suno.com.br\/noticias\/agenda-do-dia-resultados-trimestrais-ipo-da-aeris-e-vacina\/\"},\"author\":{\"name\":\"Jader Lazarini\",\"@id\":\"https:\/\/www.suno.com.br\/noticias\/#\/schema\/person\/918d79de1f0281f01599b93f9ea6e23f\"},\"headline\":\"Agenda do Dia: resultados trimestrais, IPO da Aeris e vacina\",\"datePublished\":\"2020-11-11T11:45:30+00:00\",\"dateModified\":\"2021-06-14T03:29:22+00:00\",\"mainEntityOfPage\":{\"@id\":\"https:\/\/www.suno.com.br\/noticias\/agenda-do-dia-resultados-trimestrais-ipo-da-aeris-e-vacina\/\"},\"wordCount\":627,\"publisher\":{\"@id\":\"https:\/\/www.suno.com.br\/noticias\/#organization\"},\"image\":{\"@id\":\"https:\/\/www.suno.com.br\/noticias\/agenda-do-dia-resultados-trimestrais-ipo-da-aeris-e-vacina\/#primaryimage\"},\"thumbnailUrl\":\"https:\/\/files.sunoresearch.com.br\/n\/uploads\/2020\/05\/3ff9e10e-via-var-jpg.webp\",\"keywords\":[\"Aeris (AERI3)\",\"agenda do dia\",\"balan\u00e7os trimestrais\",\"coronav\u00edrus\",\"IPO (Oferta Inicial de A\u00e7\u00f5es)\",\"Paulo Guedes\",\"vacina\"],\"articleSection\":[\"Mercado\"],\"inLanguage\":\"pt-BR\"},{\"@type\":\"WebPage\",\"@id\":\"https:\/\/www.suno.com.br\/noticias\/agenda-do-dia-resultados-trimestrais-ipo-da-aeris-e-vacina\/\",\"url\":\"https:\/\/www.suno.com.br\/noticias\/agenda-do-dia-resultados-trimestrais-ipo-da-aeris-e-vacina\/\",\"name\":\"Agenda do Dia: resultados trimestrais, IPO da Aeris e vacina\",\"isPartOf\":{\"@id\":\"https:\/\/www.suno.com.br\/noticias\/#website\"},\"primaryImageOfPage\":{\"@id\":\"https:\/\/www.suno.com.br\/noticias\/agenda-do-dia-resultados-trimestrais-ipo-da-aeris-e-vacina\/#primaryimage\"},\"image\":{\"@id\":\"https:\/\/www.suno.com.br\/noticias\/agenda-do-dia-resultados-trimestrais-ipo-da-aeris-e-vacina\/#primaryimage\"},\"thumbnailUrl\":\"https:\/\/files.sunoresearch.com.br\/n\/uploads\/2020\/05\/3ff9e10e-via-var-jpg.webp\",\"datePublished\":\"2020-11-11T11:45:30+00:00\",\"dateModified\":\"2021-06-14T03:29:22+00:00\",\"description\":\"A Agenda do Dia desta quarta-feira (11) destaca os resultados trimestrais desta semana, al\u00e9m do IPO da Aeris. Clique e saiba mais.\",\"breadcrumb\":{\"@id\":\"https:\/\/www.suno.com.br\/noticias\/agenda-do-dia-resultados-trimestrais-ipo-da-aeris-e-vacina\/#breadcrumb\"},\"inLanguage\":\"pt-BR\",\"potentialAction\":[{\"@type\":\"ReadAction\",\"target\":[\"https:\/\/www.suno.com.br\/noticias\/agenda-do-dia-resultados-trimestrais-ipo-da-aeris-e-vacina\/\"]}]},{\"@type\":\"ImageObject\",\"inLanguage\":\"pt-BR\",\"@id\":\"https:\/\/www.suno.com.br\/noticias\/agenda-do-dia-resultados-trimestrais-ipo-da-aeris-e-vacina\/#primaryimage\",\"url\":\"https:\/\/files.sunoresearch.com.br\/n\/uploads\/2020\/05\/3ff9e10e-via-var-jpg.webp\",\"contentUrl\":\"https:\/\/files.sunoresearch.com.br\/n\/uploads\/2020\/05\/3ff9e10e-via-var-jpg.webp\",\"width\":1498,\"height\":1000,\"caption\":\"A Agenda do Dia desta quarta-feira (11) destaca os resultados trimestrais desta semana, al\u00e9m do IPO da Aeris.\"},{\"@type\":\"BreadcrumbList\",\"@id\":\"https:\/\/www.suno.com.br\/noticias\/agenda-do-dia-resultados-trimestrais-ipo-da-aeris-e-vacina\/#breadcrumb\",\"itemListElement\":[{\"@type\":\"ListItem\",\"position\":1,\"name\":\"Not\u00edcias\",\"item\":\"https:\/\/www.suno.com.br\/noticias\/\"},{\"@type\":\"ListItem\",\"position\":2,\"name\":\"Mercado\",\"item\":\"https:\/\/www.suno.com.br\/noticias\/mercado\/\"},{\"@type\":\"ListItem\",\"position\":3,\"name\":\"Agenda do Dia: resultados trimestrais, IPO da Aeris e vacina\"}]},{\"@type\":\"WebSite\",\"@id\":\"https:\/\/www.suno.com.br\/noticias\/#website\",\"url\":\"https:\/\/www.suno.com.br\/noticias\/\",\"name\":\"Suno Not\u00edcias\",\"description\":\"Seu portal de informa\u00e7\u00e3o sobre o mundo dos investimentos\",\"publisher\":{\"@id\":\"https:\/\/www.suno.com.br\/noticias\/#organization\"},\"potentialAction\":[{\"@type\":\"SearchAction\",\"target\":{\"@type\":\"EntryPoint\",\"urlTemplate\":\"https:\/\/www.suno.com.br\/noticias\/?s={search_term_string}\"},\"query-input\":{\"@type\":\"PropertyValueSpecification\",\"valueRequired\":true,\"valueName\":\"search_term_string\"}}],\"inLanguage\":\"pt-BR\"},{\"@type\":\"Organization\",\"@id\":\"https:\/\/www.suno.com.br\/noticias\/#organization\",\"name\":\"Suno Not\u00edcias\",\"url\":\"https:\/\/www.suno.com.br\/noticias\/\",\"logo\":{\"@type\":\"ImageObject\",\"inLanguage\":\"pt-BR\",\"@id\":\"https:\/\/www.suno.com.br\/noticias\/#\/schema\/logo\/image\/\",\"url\":\"https:\/\/files.sunoresearch.com.br\/n\/uploads\/2021\/09\/suno-logo.png\",\"contentUrl\":\"https:\/\/files.sunoresearch.com.br\/n\/uploads\/2021\/09\/suno-logo.png\",\"width\":180,\"height\":180,\"caption\":\"Suno Not\u00edcias\"},\"image\":{\"@id\":\"https:\/\/www.suno.com.br\/noticias\/#\/schema\/logo\/image\/\"},\"sameAs\":[\"https:\/\/facebook.com\/sunoresearch\",\"https:\/\/x.com\/sunoresearch\",\"https:\/\/www.instagram.com\/suno\",\"https:\/\/www.linkedin.com\/company\/suno-research\/\",\"https:\/\/www.youtube.com\/c\/sunoresearch\"]},{\"@type\":\"Person\",\"@id\":\"https:\/\/www.suno.com.br\/noticias\/#\/schema\/person\/918d79de1f0281f01599b93f9ea6e23f\",\"name\":\"Jader Lazarini\",\"image\":{\"@type\":\"ImageObject\",\"inLanguage\":\"pt-BR\",\"@id\":\"https:\/\/www.suno.com.br\/noticias\/#\/schema\/person\/image\/\",\"url\":\"https:\/\/secure.gravatar.com\/avatar\/3c1ad8caa51589841baeb923fcddea97?s=96&r=g\",\"contentUrl\":\"https:\/\/secure.gravatar.com\/avatar\/3c1ad8caa51589841baeb923fcddea97?s=96&r=g\",\"caption\":\"Jader Lazarini\"},\"description\":\"Jader Lazarini escreve sobre investimentos, finan\u00e7as, economia e neg\u00f3cios. \u00c9 bacharel em Rela\u00e7\u00f5es Internacionais e analista CNPI (2619).\",\"url\":\"https:\/\/www.suno.com.br\/noticias\/author\/jader-lazarini\/\"}]}<\/script>\n<!-- \/ Yoast SEO plugin. -->","yoast_head_json":{"title":"Agenda do Dia: resultados trimestrais, IPO da Aeris e vacina","description":"A Agenda do Dia desta quarta-feira (11) destaca os resultados trimestrais desta semana, al\u00e9m do IPO da Aeris. Clique e saiba mais.","robots":{"index":"index","follow":"follow","max-snippet":"max-snippet:-1","max-image-preview":"max-image-preview:large","max-video-preview":"max-video-preview:-1"},"canonical":"https:\/\/www.suno.com.br\/noticias\/agenda-do-dia-resultados-trimestrais-ipo-da-aeris-e-vacina\/","og_locale":"pt_BR","og_type":"article","og_title":"Agenda do Dia: resultados trimestrais, IPO da Aeris e vacina","og_description":"A Agenda do Dia desta quarta-feira (11) destaca os resultados trimestrais desta semana, al\u00e9m do IPO da Aeris. Clique e saiba mais.","og_url":"https:\/\/www.suno.com.br\/noticias\/agenda-do-dia-resultados-trimestrais-ipo-da-aeris-e-vacina\/","og_site_name":"Suno Not\u00edcias","article_publisher":"https:\/\/facebook.com\/sunoresearch","og_image":[{"width":1498,"height":1000,"url":"https:\/\/files.sunoresearch.com.br\/n\/uploads\/2020\/05\/3ff9e10e-via-var.jpg","type":"image\/jpeg"}],"author":"Jader Lazarini","twitter_card":"summary_large_image","twitter_creator":"@sunoresearch","twitter_site":"@sunoresearch","twitter_misc":{"Escrito por":"Jader Lazarini","Est. tempo de leitura":"3 minutos"},"schema":{"@context":"https:\/\/schema.org","@graph":[{"@type":"NewsArticle","@id":"https:\/\/www.suno.com.br\/noticias\/agenda-do-dia-resultados-trimestrais-ipo-da-aeris-e-vacina\/#article","isPartOf":{"@id":"https:\/\/www.suno.com.br\/noticias\/agenda-do-dia-resultados-trimestrais-ipo-da-aeris-e-vacina\/"},"author":{"name":"Jader Lazarini","@id":"https:\/\/www.suno.com.br\/noticias\/#\/schema\/person\/918d79de1f0281f01599b93f9ea6e23f"},"headline":"Agenda do Dia: resultados trimestrais, IPO da Aeris e vacina","datePublished":"2020-11-11T11:45:30+00:00","dateModified":"2021-06-14T03:29:22+00:00","mainEntityOfPage":{"@id":"https:\/\/www.suno.com.br\/noticias\/agenda-do-dia-resultados-trimestrais-ipo-da-aeris-e-vacina\/"},"wordCount":627,"publisher":{"@id":"https:\/\/www.suno.com.br\/noticias\/#organization"},"image":{"@id":"https:\/\/www.suno.com.br\/noticias\/agenda-do-dia-resultados-trimestrais-ipo-da-aeris-e-vacina\/#primaryimage"},"thumbnailUrl":"https:\/\/files.sunoresearch.com.br\/n\/uploads\/2020\/05\/3ff9e10e-via-var-jpg.webp","keywords":["Aeris (AERI3)","agenda do dia","balan\u00e7os trimestrais","coronav\u00edrus","IPO (Oferta Inicial de A\u00e7\u00f5es)","Paulo Guedes","vacina"],"articleSection":["Mercado"],"inLanguage":"pt-BR"},{"@type":"WebPage","@id":"https:\/\/www.suno.com.br\/noticias\/agenda-do-dia-resultados-trimestrais-ipo-da-aeris-e-vacina\/","url":"https:\/\/www.suno.com.br\/noticias\/agenda-do-dia-resultados-trimestrais-ipo-da-aeris-e-vacina\/","name":"Agenda do Dia: resultados trimestrais, IPO da Aeris e vacina","isPartOf":{"@id":"https:\/\/www.suno.com.br\/noticias\/#website"},"primaryImageOfPage":{"@id":"https:\/\/www.suno.com.br\/noticias\/agenda-do-dia-resultados-trimestrais-ipo-da-aeris-e-vacina\/#primaryimage"},"image":{"@id":"https:\/\/www.suno.com.br\/noticias\/agenda-do-dia-resultados-trimestrais-ipo-da-aeris-e-vacina\/#primaryimage"},"thumbnailUrl":"https:\/\/files.sunoresearch.com.br\/n\/uploads\/2020\/05\/3ff9e10e-via-var-jpg.webp","datePublished":"2020-11-11T11:45:30+00:00","dateModified":"2021-06-14T03:29:22+00:00","description":"A Agenda do Dia desta quarta-feira (11) destaca os resultados trimestrais desta semana, al\u00e9m do IPO da Aeris. Clique e saiba mais.","breadcrumb":{"@id":"https:\/\/www.suno.com.br\/noticias\/agenda-do-dia-resultados-trimestrais-ipo-da-aeris-e-vacina\/#breadcrumb"},"inLanguage":"pt-BR","potentialAction":[{"@type":"ReadAction","target":["https:\/\/www.suno.com.br\/noticias\/agenda-do-dia-resultados-trimestrais-ipo-da-aeris-e-vacina\/"]}]},{"@type":"ImageObject","inLanguage":"pt-BR","@id":"https:\/\/www.suno.com.br\/noticias\/agenda-do-dia-resultados-trimestrais-ipo-da-aeris-e-vacina\/#primaryimage","url":"https:\/\/files.sunoresearch.com.br\/n\/uploads\/2020\/05\/3ff9e10e-via-var-jpg.webp","contentUrl":"https:\/\/files.sunoresearch.com.br\/n\/uploads\/2020\/05\/3ff9e10e-via-var-jpg.webp","width":1498,"height":1000,"caption":"A Agenda do Dia desta quarta-feira (11) destaca os resultados trimestrais desta semana, al\u00e9m do IPO da Aeris."},{"@type":"BreadcrumbList","@id":"https:\/\/www.suno.com.br\/noticias\/agenda-do-dia-resultados-trimestrais-ipo-da-aeris-e-vacina\/#breadcrumb","itemListElement":[{"@type":"ListItem","position":1,"name":"Not\u00edcias","item":"https:\/\/www.suno.com.br\/noticias\/"},{"@type":"ListItem","position":2,"name":"Mercado","item":"https:\/\/www.suno.com.br\/noticias\/mercado\/"},{"@type":"ListItem","position":3,"name":"Agenda do Dia: resultados trimestrais, IPO da Aeris e vacina"}]},{"@type":"WebSite","@id":"https:\/\/www.suno.com.br\/noticias\/#website","url":"https:\/\/www.suno.com.br\/noticias\/","name":"Suno Not\u00edcias","description":"Seu portal de informa\u00e7\u00e3o sobre o mundo dos investimentos","publisher":{"@id":"https:\/\/www.suno.com.br\/noticias\/#organization"},"potentialAction":[{"@type":"SearchAction","target":{"@type":"EntryPoint","urlTemplate":"https:\/\/www.suno.com.br\/noticias\/?s={search_term_string}"},"query-input":{"@type":"PropertyValueSpecification","valueRequired":true,"valueName":"search_term_string"}}],"inLanguage":"pt-BR"},{"@type":"Organization","@id":"https:\/\/www.suno.com.br\/noticias\/#organization","name":"Suno Not\u00edcias","url":"https:\/\/www.suno.com.br\/noticias\/","logo":{"@type":"ImageObject","inLanguage":"pt-BR","@id":"https:\/\/www.suno.com.br\/noticias\/#\/schema\/logo\/image\/","url":"https:\/\/files.sunoresearch.com.br\/n\/uploads\/2021\/09\/suno-logo.png","contentUrl":"https:\/\/files.sunoresearch.com.br\/n\/uploads\/2021\/09\/suno-logo.png","width":180,"height":180,"caption":"Suno Not\u00edcias"},"image":{"@id":"https:\/\/www.suno.com.br\/noticias\/#\/schema\/logo\/image\/"},"sameAs":["https:\/\/facebook.com\/sunoresearch","https:\/\/x.com\/sunoresearch","https:\/\/www.instagram.com\/suno","https:\/\/www.linkedin.com\/company\/suno-research\/","https:\/\/www.youtube.com\/c\/sunoresearch"]},{"@type":"Person","@id":"https:\/\/www.suno.com.br\/noticias\/#\/schema\/person\/918d79de1f0281f01599b93f9ea6e23f","name":"Jader Lazarini","image":{"@type":"ImageObject","inLanguage":"pt-BR","@id":"https:\/\/www.suno.com.br\/noticias\/#\/schema\/person\/image\/","url":"https:\/\/secure.gravatar.com\/avatar\/3c1ad8caa51589841baeb923fcddea97?s=96&r=g","contentUrl":"https:\/\/secure.gravatar.com\/avatar\/3c1ad8caa51589841baeb923fcddea97?s=96&r=g","caption":"Jader Lazarini"},"description":"Jader Lazarini escreve sobre investimentos, finan\u00e7as, economia e neg\u00f3cios. \u00c9 bacharel em Rela\u00e7\u00f5es Internacionais e analista CNPI (2619).","url":"https:\/\/www.suno.com.br\/noticias\/author\/jader-lazarini\/"}]}},"default_loop_html":"<div class=\"cardsPage__listCard__boxs\"><div class=\"cardsPage__listCard__boxs__img\"><a href=\"https:\/\/www.suno.com.br\/noticias\/agenda-do-dia-resultados-trimestrais-ipo-da-aeris-e-vacina\/\"><img class=\"mask\" src=\"https:\/\/www.suno.com.br\/noticias\/wp-content\/themes\/suno\/resources\/images\/spotlight\/spotlight1img\/bg-mask.png\" alt=\"Image Mask\"\/><img src=\"https:\/\/files.sunoresearch.com.br\/n\/uploads\/2020\/05\/3ff9e10e-via-var-400x200.webp\" alt=\"Agenda do Dia: resultados trimestrais, IPO da Aeris e vacina\"\/><\/a><span class=\"spotlightCategory\"><a href=\"https:\/\/www.suno.com.br\/noticias\/mercado\/\">Mercado<\/a><\/span><\/div><div class=\"cardsPage__listCard__boxs__content\"><a href=\"https:\/\/www.suno.com.br\/noticias\/agenda-do-dia-resultados-trimestrais-ipo-da-aeris-e-vacina\/\"><h2 class=\"content__title\">Agenda do Dia: resultados trimestrais, IPO da Aeris e vacina<\/h2><\/a><div class=\"newsContent__article__meta\"><div class=\"newsContent__article__meta__authorBox\"><a href=\"https:\/\/www.suno.com.br\/noticias\/author\/jader-lazarini\/\" class=\"authorBox__avatar noMobi\"><img src=\"https:\/\/files.sunoresearch.com.br\/n\/uploads\/2021\/01\/178e6598-foto-perfil-2-150x150.jpg\" alt=\"Jader Lazarini\"><\/a><div class=\"authorBox__name\"><span>por\n\t\t\t<a href=\"https:\/\/www.suno.com.br\/noticias\/author\/jader-lazarini\/\"><span itemprop=\"author\">Jader Lazarini<\/span><\/a><\/span><time datetime=\"2020-11-11T08:45:30-03:00\" itemprop=\"datePublished\">11\/11\/2020 08:45<\/time><\/div><\/div><\/div><\/div><\/div>","single_layout":"posts","amp_enabled":true,"_links":{"self":[{"href":"https:\/\/www.suno.com.br\/noticias\/wp-json\/wp\/v2\/posts\/99223"}],"collection":[{"href":"https:\/\/www.suno.com.br\/noticias\/wp-json\/wp\/v2\/posts"}],"about":[{"href":"https:\/\/www.suno.com.br\/noticias\/wp-json\/wp\/v2\/types\/post"}],"author":[{"embeddable":true,"href":"https:\/\/www.suno.com.br\/noticias\/wp-json\/wp\/v2\/users\/24"}],"replies":[{"embeddable":true,"href":"https:\/\/www.suno.com.br\/noticias\/wp-json\/wp\/v2\/comments?post=99223"}],"version-history":[{"count":1,"href":"https:\/\/www.suno.com.br\/noticias\/wp-json\/wp\/v2\/posts\/99223\/revisions"}],"predecessor-version":[{"id":157744,"href":"https:\/\/www.suno.com.br\/noticias\/wp-json\/wp\/v2\/posts\/99223\/revisions\/157744"}],"wp:featuredmedia":[{"embeddable":true,"href":"https:\/\/www.suno.com.br\/noticias\/wp-json\/wp\/v2\/media\/64060"}],"wp:attachment":[{"href":"https:\/\/www.suno.com.br\/noticias\/wp-json\/wp\/v2\/media?parent=99223"}],"wp:term":[{"taxonomy":"category","embeddable":true,"href":"https:\/\/www.suno.com.br\/noticias\/wp-json\/wp\/v2\/categories?post=99223"},{"taxonomy":"post_tag","embeddable":true,"href":"https:\/\/www.suno.com.br\/noticias\/wp-json\/wp\/v2\/tags?post=99223"},{"taxonomy":"suno_strategy","embeddable":true,"href":"https:\/\/www.suno.com.br\/noticias\/wp-json\/wp\/v2\/suno_strategy?post=99223"}],"curies":[{"name":"wp","href":"https:\/\/api.w.org\/{rel}","templated":true}]}}