{"id":99209,"date":"2020-11-11T06:54:05","date_gmt":"2020-11-11T09:54:05","guid":{"rendered":"https:\/\/www.suno.com.br\/noticias\/?p=99209"},"modified":"2021-02-18T14:27:20","modified_gmt":"2021-02-18T17:27:20","slug":"braskem-brkm5-prejuizo","status":"publish","type":"post","link":"https:\/\/www.suno.com.br\/noticias\/braskem-brkm5-prejuizo\/","title":{"rendered":"Braskem (BRKM5) tem preju\u00edzo de R$ 1,4 bi com provis\u00e3o em Alagoas"},"content":{"rendered":"<p>A<strong> Braskem<\/strong> (<a href=\"https:\/\/www.suno.com.br\/acoes\/brkm5\/\" target=\"_blank\" rel=\"noopener noreferrer\">BRKM5<\/a>) registou preju\u00edzo de R$ 1,413 bilh\u00e3o no terceiro trimestre de 2020, agravando as perdas de R$ 888 milh\u00f5es vistas um ano antes. O resultado \u00e9 explicado principalmente pela provis\u00e3o adicional referente ao desastre ambiental de Alagoas, no montante de R$ 3,562 bilh\u00f5es, e do impacto da varia\u00e7\u00e3o cambial no resultado financeiro sobre a exposi\u00e7\u00e3o l\u00edquida de US$ 2,679 bilh\u00f5es.<\/p>\t<div class=\"wrapper-featured-image\">\n\t\t<figure class=\"spotlightImg\">\n\n\t\t\t<picture>\n\t\t\t\t<source media=\"(max-width: 768px)\" srcset=\"https:\/\/files.sunoresearch.com.br\/n\/uploads\/2019\/11\/d129f3d4-braskem-400x200.webp\">\n\t\t\t\t<img loading=\"lazy\" decoding=\"async\" class=\"newsContent__article__imgCapa lazyloadDisabled \" src=\"https:\/\/files.sunoresearch.com.br\/n\/uploads\/2019\/11\/d129f3d4-braskem-800x450.webp\" width=\"800\" height=\"450\" alt=\"Braskem (BRKM5) tem preju\u00edzo de R$ 1,4 bi com provis\u00e3o em Alagoas\" fetchpriority=high \/>\n\t\t\t<\/picture>\n\n\t\t\t<figcaption class=\"wp-caption-text wp-caption-text--show\">Braskem (BRKM5). Foto: Divulga\u00e7\u00e3o.<\/figcaption>\n\t\t<\/figure>\n\t<\/div>\n\n\n<p><span style=\"font-weight: 400;\">\t<p>\n\t\t<a href=\"\" target=\"_blank\" data-element=\"shortcode-suno-banner\" title=\"Banner SUNO, clique e saiba mais\">\n\t\t\t<picture>\n\t\t\t\t<source media=\"(max-width: 500px)\" srcset=\"\">\n\t\t\t\t<img class=\"newsContent__article__imgCapa newsContent__article__imgCapa--banner\"\n\t\t\t\t\tsrc=\"\"\n\t\t\t\t\tdata-promo-id=\"97204\"\t\t\t\t\t\t\t\t\t\t\t\t\t\t\talt=\"\"\n\t\t\t\t>\n\t\t\t<\/picture>\n\t\t<\/a>\n\t<\/p>\n\n<\/span><\/p>\n<p>A <a href=\"https:\/\/www.suno.com.br\/artigos\/o-que-receita-liquida\/\" target=\"_blank\" rel=\"noopener noreferrer\">receita l\u00edquida<\/a> de vendas da empresa foi de R$ 15,9 bilh\u00f5es, alta de 20% na compara\u00e7\u00e3o anual. J\u00e1 o <a href=\"https:\/\/www.suno.com.br\/artigos\/ebitda\/\" target=\"_blank\" rel=\"noopener noreferrer\">Ebitda<\/a> (lucro antes de juros, impostos, amortiza\u00e7\u00e3o e deprecia\u00e7\u00e3o) recorrente foi de R$ 3,76 bilh\u00f5es, alta de 129%. Segundo a empresa, o Ebitda foi beneficiado por maiores volumes de vendas de resinas e qu\u00edmicos no mercado brasileiro e pelos melhores spreads de PE.<\/p>\n<p>A <strong><a href=\"https:\/\/www.suno.com.br\/artigos\/melhores-metricas-para-se-analisar-uma-empresa-parte-ii\/\" target=\"_blank\" rel=\"noopener noreferrer\">alavancagem<\/a><\/strong> corporativa da Braskem, medida pela rela\u00e7\u00e3o d\u00edvida l\u00edquida\/Ebitda em d\u00f3lares, foi de 4,98 vezes no terceiro trimestre. No trimestre anterior, era de 7,11 vezes. Um ano antes, a alavancagem era de 4,05 vezes.<\/p>\n<p><a href=\"https:\/\/lp.suno.com.br\/suno-one\/\"><span style=\"font-weight: 400;\">Suno One: acesse gratuitamente eBooks, Minicursos, Artigos e Video Aulas sobre investimentos com um \u00fanico cadastro. Clique para saber mais!<\/span><\/a><\/p>\n<h2>Opera\u00e7\u00e3o da Braskem por regi\u00e3o<\/h2>\n<p>O Ebitda da opera\u00e7\u00e3o brasileira foi de R$ 2,85 bilh\u00f5es, alta de 94% ante o ano anterior.\u00a0Segundo a empresa, a taxa de utiliza\u00e7\u00e3o das centrais petroqu\u00edmicas no Brasil voltou \u00e0 normalidade devido \u00e0 recupera\u00e7\u00e3o da demanda por resinas. A taxa de utiliza\u00e7\u00e3o foi de 87%, aumento de 17 pontos porcentuais ante o trimestre anterior e de 2 pontos ante o terceiro trimestre de 2019.<\/p>\n<p>No terceiro trimestre, a <strong>Braskem<\/strong> adotou a estrat\u00e9gia de priorizar o atendimento do mercado brasileiro. Com isso, superou 1,05 milh\u00e3o de toneladas de resinas vendidas no mercado dom\u00e9stico, recorde hist\u00f3rico trimestral.<\/p>\n<p>Nos Estados Unidos e na Europa, o Ebitda foi de R$ 720 milh\u00f5es, 47% superior ao mesmo per\u00edodo de 2019. Segundo a empersa, as vendas aumentaram nos Estados Unidos devido \u00e0 retomada da atividade industrial local. A taxa de opera\u00e7\u00e3o nas unidades dos EUA no terceiro trimestre foi de 99%, aumento de de 9 pontos porcentuais em rela\u00e7\u00e3o ao trimestre anterior e de 8 pontos em rela\u00e7\u00e3o ao mesmo trimestre de 2019. No M\u00e9xico, o Ebitda ficou em R$ 524 milh\u00f5es, em linha com o ano anterior.<\/p>\n<p><span style=\"font-weight: 400;\"><div class=\"hubspot-form-wrapper\">\n\t<div id=\"single-form-target\"><\/div>\n<\/div>\n <\/span><\/p>\n<h2>Provis\u00f5es em Alagoas<\/h2>\n<p>No release de resultados, a Braskem detalhou a situa\u00e7\u00e3o referente ao acidente geol\u00f3gico de Alagoas. Segundo a empresa, foi feita uma provis\u00e3o de R$ 3,383 bilh\u00f5es em 31 de dezembro de 2019. Em 30 de setembro, no entanto, a provis\u00e3o foi aumentada para R$ 7,911 bilh\u00f5es.<\/p>\n<p>A Braskem afirma que os valores podem sofrer novas atualiza\u00e7\u00f5es no futuro. &#8220;No presente momento, ainda n\u00e3o \u00e9 poss\u00edvel prever o desfecho desses estudos ou sua potencial implica\u00e7\u00e3o em desembolsos adicionais aos gastos j\u00e1 provisionados pela companhia&#8221;, afirma.<\/p>\n<p>A empresa est\u00e1 em discuss\u00f5es com as autoridades para firmar um acordo que d\u00ea &#8220;maior seguran\u00e7a jur\u00eddica&#8221; ao seu plano de a\u00e7\u00f5es em estudo, com a suspens\u00e3o ou extin\u00e7\u00e3o dos processos existentes. No entanto, a <strong>Braskem<\/strong> alerta que &#8220;um acordo potencial ainda \u00e9 muito incerto&#8221;.<\/p>\n<p>Os valores provisionados pela Braskem s\u00e3o divididos nas seguintes iniciativas:<\/p>\n<ul>\n<li>R$ 5,190 bilh\u00f5es para o apoio na realoca\u00e7\u00e3o e compensa\u00e7\u00e3o de moradores e propriet\u00e1rios dos im\u00f3veis localizados nas \u00e1reas de risco. Os valores incluem gastos com a desocupa\u00e7\u00e3o, aux\u00edlio aluguel, transporte de mudan\u00e7as, guarda volume de mobili\u00e1rios e negocia\u00e7\u00e3o de acordos individuais de compensa\u00e7\u00e3o.<\/li>\n<li>R$ 1,213 bilh\u00e3o para a\u00e7\u00f5es de fechamento e monitoramento dos po\u00e7os de sal. A empresa definiu a\u00e7\u00f5es de estabiliza\u00e7\u00e3o para 35 po\u00e7os, sendo que 31 deles ser\u00e3o fechados. Outros quatro passar\u00e3o pelo enchimento com s\u00f3lidos, processo que deve durar tr\u00eas anos.<\/li>\n<li>R$ 633 milh\u00f5es com medidas adicionais, como contrata\u00e7\u00e3o de assessores externos, a\u00e7\u00f5es referentes \u00e0 coopera\u00e7\u00e3o t\u00e9cnica com a Defesa Civil, gastos com comunica\u00e7\u00e3o e \u00e1rea jur\u00eddica.<\/li>\n<\/ul>\n<p>A <strong>Braskem<\/strong> informou ainda que est\u00e1 negociando com suas seguradoras a cobertura de suas ap\u00f3lices de seguro. Segundo a empresa, as conversas est\u00e3o em est\u00e1gio inicial. &#8220;Portanto, o pagamento de indeniza\u00e7\u00f5es depender\u00e1 da avalia\u00e7\u00e3o de cobertura dos seguros dessas ap\u00f3lices.&#8221;<\/p>\n<p><span style=\"font-weight: 400;\">\t<p>\n\t\t<a href=\"https:\/\/lp.suno.com.br\/planilha-de-controle-de-investimentos\/\" target=\"_blank\" data-element=\"shortcode-suno-banner\" title=\"Banner SUNO, clique e saiba mais\">\n\t\t\t<picture>\n\t\t\t\t<source media=\"(max-width: 500px)\" srcset=\"https:\/\/files.sunoresearch.com.br\/n\/uploads\/2023\/03\/400x300-Controle-de-Investimentos.png\">\n\t\t\t\t<img class=\"newsContent__article__imgCapa newsContent__article__imgCapa--banner\"\n\t\t\t\t\tsrc=\"https:\/\/files.sunoresearch.com.br\/n\/uploads\/2023\/03\/1420x240-Controle-de-Investimentos.png\"\n\t\t\t\t\tdata-promo-id=\"75934\"\t\t\t\t\t\t\t\t\t\twidth='1420' height='240'\t\t\t\t\talt=\"https:\/\/files.sunoresearch.com.br\/n\/uploads\/2023\/03\/1420x240-Controle-de-Investimentos.png\"\n\t\t\t\t>\n\t\t\t<\/picture>\n\t\t<\/a>\n\t<\/p>\n\n<\/span><\/p>\n","protected":false},"excerpt":{"rendered":"<p>A Braskem (BRKM5) registou preju\u00edzo de R$ 1,413 bilh\u00e3o no terceiro trimestre de 2020, agravando as perdas de R$ 888 milh\u00f5es vistas um ano antes. O resultado \u00e9 explicado principalmente pela provis\u00e3o adicional referente ao desastre ambiental de Alagoas, no montante de R$ 3,562 bilh\u00f5es, e do impacto da varia\u00e7\u00e3o cambial no resultado financeiro sobre [&hellip;]<\/p>\n","protected":false},"author":60,"featured_media":45010,"comment_status":"closed","ping_status":"closed","sticky":false,"template":"","format":"standard","meta":[],"categories":[64],"tags":[395,1607],"suno_strategy":[],"class_list":["post-99209","post","type-post","status-publish","format-standard","has-post-thumbnail","hentry","category-negocios","tag-braskem-brkm3-brkm5-brkm6","tag-resultado-das-empresas"],"yoast_head":"<!-- This site is optimized with the Yoast SEO plugin v24.4 - https:\/\/yoast.com\/wordpress\/plugins\/seo\/ -->\n<title>Braskem (BRKM5) tem preju\u00edzo de R$ 1,4 bi com provis\u00e3o em Alagoas<\/title>\n<meta name=\"description\" content=\"A Braskem (BRKM5) registou preju\u00edzo de R$ 1,413 bilh\u00e3o no terceiro trimestre de 2020, agravando as perdas de R$ 888 milh\u00f5es de um ano antes.\" \/>\n<meta name=\"robots\" content=\"index, follow, max-snippet:-1, max-image-preview:large, max-video-preview:-1\" \/>\n<link rel=\"canonical\" href=\"https:\/\/www.suno.com.br\/noticias\/braskem-brkm5-prejuizo\/\" \/>\n<meta property=\"og:locale\" content=\"pt_BR\" \/>\n<meta property=\"og:type\" content=\"article\" \/>\n<meta property=\"og:title\" content=\"Braskem (BRKM5) tem preju\u00edzo de R$ 1,4 bi com provis\u00e3o em Alagoas\" \/>\n<meta property=\"og:description\" content=\"A Braskem (BRKM5) registou preju\u00edzo de R$ 1,413 bilh\u00e3o no terceiro trimestre de 2020, agravando as perdas de R$ 888 milh\u00f5es de um ano antes.\" \/>\n<meta property=\"og:url\" content=\"https:\/\/www.suno.com.br\/noticias\/braskem-brkm5-prejuizo\/\" \/>\n<meta property=\"og:site_name\" content=\"Suno Not\u00edcias\" \/>\n<meta property=\"article:publisher\" content=\"https:\/\/facebook.com\/sunoresearch\" \/>\n<meta property=\"og:image\" content=\"https:\/\/files.sunoresearch.com.br\/n\/uploads\/2019\/11\/d129f3d4-braskem.jpg\" \/>\n\t<meta property=\"og:image:width\" content=\"1086\" \/>\n\t<meta property=\"og:image:height\" content=\"652\" \/>\n\t<meta property=\"og:image:type\" content=\"image\/jpeg\" \/>\n<meta name=\"author\" content=\"Natalia G\u00f3mez\" \/>\n<meta name=\"twitter:card\" content=\"summary_large_image\" \/>\n<meta name=\"twitter:creator\" content=\"@sunoresearch\" \/>\n<meta name=\"twitter:site\" content=\"@sunoresearch\" \/>\n<meta name=\"twitter:label1\" content=\"Escrito por\" \/>\n\t<meta name=\"twitter:data1\" content=\"Natalia G\u00f3mez\" \/>\n\t<meta name=\"twitter:label2\" content=\"Est. tempo de leitura\" \/>\n\t<meta name=\"twitter:data2\" content=\"4 minutos\" \/>\n<script type=\"application\/ld+json\" class=\"yoast-schema-graph\">{\"@context\":\"https:\/\/schema.org\",\"@graph\":[{\"@type\":\"NewsArticle\",\"@id\":\"https:\/\/www.suno.com.br\/noticias\/braskem-brkm5-prejuizo\/#article\",\"isPartOf\":{\"@id\":\"https:\/\/www.suno.com.br\/noticias\/braskem-brkm5-prejuizo\/\"},\"author\":{\"name\":\"Natalia G\u00f3mez\",\"@id\":\"https:\/\/www.suno.com.br\/noticias\/#\/schema\/person\/1b24d67c140a42e864ef414497edb164\"},\"headline\":\"Braskem (BRKM5) tem preju\u00edzo de R$ 1,4 bi com provis\u00e3o em Alagoas\",\"datePublished\":\"2020-11-11T09:54:05+00:00\",\"dateModified\":\"2021-02-18T17:27:20+00:00\",\"mainEntityOfPage\":{\"@id\":\"https:\/\/www.suno.com.br\/noticias\/braskem-brkm5-prejuizo\/\"},\"wordCount\":741,\"publisher\":{\"@id\":\"https:\/\/www.suno.com.br\/noticias\/#organization\"},\"image\":{\"@id\":\"https:\/\/www.suno.com.br\/noticias\/braskem-brkm5-prejuizo\/#primaryimage\"},\"thumbnailUrl\":\"https:\/\/files.sunoresearch.com.br\/n\/uploads\/2019\/11\/d129f3d4-braskem-jpg.webp\",\"keywords\":[\"Braskem (BRKM3\/BRKM5\/BRKM6)\",\"Resultado das empresas\"],\"articleSection\":[\"Neg\u00f3cios\"],\"inLanguage\":\"pt-BR\"},{\"@type\":\"WebPage\",\"@id\":\"https:\/\/www.suno.com.br\/noticias\/braskem-brkm5-prejuizo\/\",\"url\":\"https:\/\/www.suno.com.br\/noticias\/braskem-brkm5-prejuizo\/\",\"name\":\"Braskem (BRKM5) tem preju\u00edzo de R$ 1,4 bi com provis\u00e3o em Alagoas\",\"isPartOf\":{\"@id\":\"https:\/\/www.suno.com.br\/noticias\/#website\"},\"primaryImageOfPage\":{\"@id\":\"https:\/\/www.suno.com.br\/noticias\/braskem-brkm5-prejuizo\/#primaryimage\"},\"image\":{\"@id\":\"https:\/\/www.suno.com.br\/noticias\/braskem-brkm5-prejuizo\/#primaryimage\"},\"thumbnailUrl\":\"https:\/\/files.sunoresearch.com.br\/n\/uploads\/2019\/11\/d129f3d4-braskem-jpg.webp\",\"datePublished\":\"2020-11-11T09:54:05+00:00\",\"dateModified\":\"2021-02-18T17:27:20+00:00\",\"description\":\"A Braskem (BRKM5) registou preju\u00edzo de R$ 1,413 bilh\u00e3o no terceiro trimestre de 2020, agravando as perdas de R$ 888 milh\u00f5es de um ano antes.\",\"breadcrumb\":{\"@id\":\"https:\/\/www.suno.com.br\/noticias\/braskem-brkm5-prejuizo\/#breadcrumb\"},\"inLanguage\":\"pt-BR\",\"potentialAction\":[{\"@type\":\"ReadAction\",\"target\":[\"https:\/\/www.suno.com.br\/noticias\/braskem-brkm5-prejuizo\/\"]}]},{\"@type\":\"ImageObject\",\"inLanguage\":\"pt-BR\",\"@id\":\"https:\/\/www.suno.com.br\/noticias\/braskem-brkm5-prejuizo\/#primaryimage\",\"url\":\"https:\/\/files.sunoresearch.com.br\/n\/uploads\/2019\/11\/d129f3d4-braskem-jpg.webp\",\"contentUrl\":\"https:\/\/files.sunoresearch.com.br\/n\/uploads\/2019\/11\/d129f3d4-braskem-jpg.webp\",\"width\":1086,\"height\":652,\"caption\":\"Braskem (BRKM5). Foto: Divulga\u00e7\u00e3o.\"},{\"@type\":\"BreadcrumbList\",\"@id\":\"https:\/\/www.suno.com.br\/noticias\/braskem-brkm5-prejuizo\/#breadcrumb\",\"itemListElement\":[{\"@type\":\"ListItem\",\"position\":1,\"name\":\"Not\u00edcias\",\"item\":\"https:\/\/www.suno.com.br\/noticias\/\"},{\"@type\":\"ListItem\",\"position\":2,\"name\":\"Neg\u00f3cios\",\"item\":\"https:\/\/www.suno.com.br\/noticias\/negocios\/\"},{\"@type\":\"ListItem\",\"position\":3,\"name\":\"Braskem (BRKM5) tem preju\u00edzo de R$ 1,4 bi com provis\u00e3o em Alagoas\"}]},{\"@type\":\"WebSite\",\"@id\":\"https:\/\/www.suno.com.br\/noticias\/#website\",\"url\":\"https:\/\/www.suno.com.br\/noticias\/\",\"name\":\"Suno Not\u00edcias\",\"description\":\"Seu portal de informa\u00e7\u00e3o sobre o mundo dos investimentos\",\"publisher\":{\"@id\":\"https:\/\/www.suno.com.br\/noticias\/#organization\"},\"potentialAction\":[{\"@type\":\"SearchAction\",\"target\":{\"@type\":\"EntryPoint\",\"urlTemplate\":\"https:\/\/www.suno.com.br\/noticias\/?s={search_term_string}\"},\"query-input\":{\"@type\":\"PropertyValueSpecification\",\"valueRequired\":true,\"valueName\":\"search_term_string\"}}],\"inLanguage\":\"pt-BR\"},{\"@type\":\"Organization\",\"@id\":\"https:\/\/www.suno.com.br\/noticias\/#organization\",\"name\":\"Suno Not\u00edcias\",\"url\":\"https:\/\/www.suno.com.br\/noticias\/\",\"logo\":{\"@type\":\"ImageObject\",\"inLanguage\":\"pt-BR\",\"@id\":\"https:\/\/www.suno.com.br\/noticias\/#\/schema\/logo\/image\/\",\"url\":\"https:\/\/files.sunoresearch.com.br\/n\/uploads\/2021\/09\/suno-logo.png\",\"contentUrl\":\"https:\/\/files.sunoresearch.com.br\/n\/uploads\/2021\/09\/suno-logo.png\",\"width\":180,\"height\":180,\"caption\":\"Suno Not\u00edcias\"},\"image\":{\"@id\":\"https:\/\/www.suno.com.br\/noticias\/#\/schema\/logo\/image\/\"},\"sameAs\":[\"https:\/\/facebook.com\/sunoresearch\",\"https:\/\/x.com\/sunoresearch\",\"https:\/\/www.instagram.com\/suno\",\"https:\/\/www.linkedin.com\/company\/suno-research\/\",\"https:\/\/www.youtube.com\/c\/sunoresearch\"]},{\"@type\":\"Person\",\"@id\":\"https:\/\/www.suno.com.br\/noticias\/#\/schema\/person\/1b24d67c140a42e864ef414497edb164\",\"name\":\"Natalia G\u00f3mez\",\"image\":{\"@type\":\"ImageObject\",\"inLanguage\":\"pt-BR\",\"@id\":\"https:\/\/www.suno.com.br\/noticias\/#\/schema\/person\/image\/\",\"url\":\"https:\/\/secure.gravatar.com\/avatar\/9e957e0b2b485c2d42c3f4145c16d940?s=96&r=g\",\"contentUrl\":\"https:\/\/secure.gravatar.com\/avatar\/9e957e0b2b485c2d42c3f4145c16d940?s=96&r=g\",\"caption\":\"Natalia G\u00f3mez\"},\"description\":\"Editora do Suno Not\u00edcias desde outubro de 2020, \u00e9 jornalista formada pela PUC-SP, com p\u00f3s-gradua\u00e7\u00e3o em jornalismo liter\u00e1rio. Atua no mercado financeiro desde 2003, quando iniciou a carreira no jornal econ\u00f4mico DCI, cobrindo o setor de alimentos no caderno de Ind\u00fastria. Foi trainee do jornal Valor Econ\u00f4mico, onde atuou no Caderno de Empresas por quase tr\u00eas anos. L\u00e1, cobriu o setor de ind\u00fastria, com foco em siderurgia, embalagens e aeroespacial. Fez coberturas setoriais em viagens para S\u00e3o Jos\u00e9 dos Campos e Franca (SP), al\u00e9m de coberturas internacionais na Alemanha e na Su\u00e9cia. Trabalhou por cinco anos na Ag\u00eancia Estado\/Broadcast, do Grupo Estado, onde foi rep\u00f3rter dos setores de minera\u00e7\u00e3o e siderurgia, alimentos e bebidas e finan\u00e7as. Foi premiada como o pr\u00eamio Destaque de Reportagem da AE em 2007 e 2008. Al\u00e9m de atuar no servi\u00e7o de not\u00edcias em tempo real, fez participa\u00e7\u00f5es no caderno de Economia do jornal Estado de S.Paulo e na R\u00e1dio Eldorado. Ainda no Grupo Estado, foi editora assistente da editoria Empresas e Setores, atuando com edi\u00e7\u00e3o e pauta, al\u00e9m de cobrir mercados diariamente com o cen\u00e1rio de bolsa e fazer reportagens especiais com foco em governan\u00e7a corporativa. Trabalhou tamb\u00e9m como correspondente de finan\u00e7as no servi\u00e7o da Thomson Reuters em portugu\u00eas por quase um ano. Atuou por cerca de oito anos como jornalista independente, contribuindo para ve\u00edculos como UOL Economia, Infomoney e Revista Voc\u00ea SA, al\u00e9m de ter trabalhado em projetos na \u00e1rea de conte\u00fado e comunica\u00e7\u00e3o de institui\u00e7\u00f5es financeiras como Anbima, Banco BS2, Banco Pine, Ita\u00fa BBA e EQI.\",\"url\":\"https:\/\/www.suno.com.br\/noticias\/author\/natalia-gomez\/\"}]}<\/script>\n<!-- \/ Yoast SEO plugin. -->","yoast_head_json":{"title":"Braskem (BRKM5) tem preju\u00edzo de R$ 1,4 bi com provis\u00e3o em Alagoas","description":"A Braskem (BRKM5) registou preju\u00edzo de R$ 1,413 bilh\u00e3o no terceiro trimestre de 2020, agravando as perdas de R$ 888 milh\u00f5es de um ano antes.","robots":{"index":"index","follow":"follow","max-snippet":"max-snippet:-1","max-image-preview":"max-image-preview:large","max-video-preview":"max-video-preview:-1"},"canonical":"https:\/\/www.suno.com.br\/noticias\/braskem-brkm5-prejuizo\/","og_locale":"pt_BR","og_type":"article","og_title":"Braskem (BRKM5) tem preju\u00edzo de R$ 1,4 bi com provis\u00e3o em Alagoas","og_description":"A Braskem (BRKM5) registou preju\u00edzo de R$ 1,413 bilh\u00e3o no terceiro trimestre de 2020, agravando as perdas de R$ 888 milh\u00f5es de um ano antes.","og_url":"https:\/\/www.suno.com.br\/noticias\/braskem-brkm5-prejuizo\/","og_site_name":"Suno Not\u00edcias","article_publisher":"https:\/\/facebook.com\/sunoresearch","og_image":[{"width":1086,"height":652,"url":"https:\/\/files.sunoresearch.com.br\/n\/uploads\/2019\/11\/d129f3d4-braskem.jpg","type":"image\/jpeg"}],"author":"Natalia G\u00f3mez","twitter_card":"summary_large_image","twitter_creator":"@sunoresearch","twitter_site":"@sunoresearch","twitter_misc":{"Escrito por":"Natalia G\u00f3mez","Est. tempo de leitura":"4 minutos"},"schema":{"@context":"https:\/\/schema.org","@graph":[{"@type":"NewsArticle","@id":"https:\/\/www.suno.com.br\/noticias\/braskem-brkm5-prejuizo\/#article","isPartOf":{"@id":"https:\/\/www.suno.com.br\/noticias\/braskem-brkm5-prejuizo\/"},"author":{"name":"Natalia G\u00f3mez","@id":"https:\/\/www.suno.com.br\/noticias\/#\/schema\/person\/1b24d67c140a42e864ef414497edb164"},"headline":"Braskem (BRKM5) tem preju\u00edzo de R$ 1,4 bi com provis\u00e3o em Alagoas","datePublished":"2020-11-11T09:54:05+00:00","dateModified":"2021-02-18T17:27:20+00:00","mainEntityOfPage":{"@id":"https:\/\/www.suno.com.br\/noticias\/braskem-brkm5-prejuizo\/"},"wordCount":741,"publisher":{"@id":"https:\/\/www.suno.com.br\/noticias\/#organization"},"image":{"@id":"https:\/\/www.suno.com.br\/noticias\/braskem-brkm5-prejuizo\/#primaryimage"},"thumbnailUrl":"https:\/\/files.sunoresearch.com.br\/n\/uploads\/2019\/11\/d129f3d4-braskem-jpg.webp","keywords":["Braskem (BRKM3\/BRKM5\/BRKM6)","Resultado das empresas"],"articleSection":["Neg\u00f3cios"],"inLanguage":"pt-BR"},{"@type":"WebPage","@id":"https:\/\/www.suno.com.br\/noticias\/braskem-brkm5-prejuizo\/","url":"https:\/\/www.suno.com.br\/noticias\/braskem-brkm5-prejuizo\/","name":"Braskem (BRKM5) tem preju\u00edzo de R$ 1,4 bi com provis\u00e3o em Alagoas","isPartOf":{"@id":"https:\/\/www.suno.com.br\/noticias\/#website"},"primaryImageOfPage":{"@id":"https:\/\/www.suno.com.br\/noticias\/braskem-brkm5-prejuizo\/#primaryimage"},"image":{"@id":"https:\/\/www.suno.com.br\/noticias\/braskem-brkm5-prejuizo\/#primaryimage"},"thumbnailUrl":"https:\/\/files.sunoresearch.com.br\/n\/uploads\/2019\/11\/d129f3d4-braskem-jpg.webp","datePublished":"2020-11-11T09:54:05+00:00","dateModified":"2021-02-18T17:27:20+00:00","description":"A Braskem (BRKM5) registou preju\u00edzo de R$ 1,413 bilh\u00e3o no terceiro trimestre de 2020, agravando as perdas de R$ 888 milh\u00f5es de um ano antes.","breadcrumb":{"@id":"https:\/\/www.suno.com.br\/noticias\/braskem-brkm5-prejuizo\/#breadcrumb"},"inLanguage":"pt-BR","potentialAction":[{"@type":"ReadAction","target":["https:\/\/www.suno.com.br\/noticias\/braskem-brkm5-prejuizo\/"]}]},{"@type":"ImageObject","inLanguage":"pt-BR","@id":"https:\/\/www.suno.com.br\/noticias\/braskem-brkm5-prejuizo\/#primaryimage","url":"https:\/\/files.sunoresearch.com.br\/n\/uploads\/2019\/11\/d129f3d4-braskem-jpg.webp","contentUrl":"https:\/\/files.sunoresearch.com.br\/n\/uploads\/2019\/11\/d129f3d4-braskem-jpg.webp","width":1086,"height":652,"caption":"Braskem (BRKM5). Foto: Divulga\u00e7\u00e3o."},{"@type":"BreadcrumbList","@id":"https:\/\/www.suno.com.br\/noticias\/braskem-brkm5-prejuizo\/#breadcrumb","itemListElement":[{"@type":"ListItem","position":1,"name":"Not\u00edcias","item":"https:\/\/www.suno.com.br\/noticias\/"},{"@type":"ListItem","position":2,"name":"Neg\u00f3cios","item":"https:\/\/www.suno.com.br\/noticias\/negocios\/"},{"@type":"ListItem","position":3,"name":"Braskem (BRKM5) tem preju\u00edzo de R$ 1,4 bi com provis\u00e3o em Alagoas"}]},{"@type":"WebSite","@id":"https:\/\/www.suno.com.br\/noticias\/#website","url":"https:\/\/www.suno.com.br\/noticias\/","name":"Suno Not\u00edcias","description":"Seu portal de informa\u00e7\u00e3o sobre o mundo dos investimentos","publisher":{"@id":"https:\/\/www.suno.com.br\/noticias\/#organization"},"potentialAction":[{"@type":"SearchAction","target":{"@type":"EntryPoint","urlTemplate":"https:\/\/www.suno.com.br\/noticias\/?s={search_term_string}"},"query-input":{"@type":"PropertyValueSpecification","valueRequired":true,"valueName":"search_term_string"}}],"inLanguage":"pt-BR"},{"@type":"Organization","@id":"https:\/\/www.suno.com.br\/noticias\/#organization","name":"Suno Not\u00edcias","url":"https:\/\/www.suno.com.br\/noticias\/","logo":{"@type":"ImageObject","inLanguage":"pt-BR","@id":"https:\/\/www.suno.com.br\/noticias\/#\/schema\/logo\/image\/","url":"https:\/\/files.sunoresearch.com.br\/n\/uploads\/2021\/09\/suno-logo.png","contentUrl":"https:\/\/files.sunoresearch.com.br\/n\/uploads\/2021\/09\/suno-logo.png","width":180,"height":180,"caption":"Suno Not\u00edcias"},"image":{"@id":"https:\/\/www.suno.com.br\/noticias\/#\/schema\/logo\/image\/"},"sameAs":["https:\/\/facebook.com\/sunoresearch","https:\/\/x.com\/sunoresearch","https:\/\/www.instagram.com\/suno","https:\/\/www.linkedin.com\/company\/suno-research\/","https:\/\/www.youtube.com\/c\/sunoresearch"]},{"@type":"Person","@id":"https:\/\/www.suno.com.br\/noticias\/#\/schema\/person\/1b24d67c140a42e864ef414497edb164","name":"Natalia G\u00f3mez","image":{"@type":"ImageObject","inLanguage":"pt-BR","@id":"https:\/\/www.suno.com.br\/noticias\/#\/schema\/person\/image\/","url":"https:\/\/secure.gravatar.com\/avatar\/9e957e0b2b485c2d42c3f4145c16d940?s=96&r=g","contentUrl":"https:\/\/secure.gravatar.com\/avatar\/9e957e0b2b485c2d42c3f4145c16d940?s=96&r=g","caption":"Natalia G\u00f3mez"},"description":"Editora do Suno Not\u00edcias desde outubro de 2020, \u00e9 jornalista formada pela PUC-SP, com p\u00f3s-gradua\u00e7\u00e3o em jornalismo liter\u00e1rio. Atua no mercado financeiro desde 2003, quando iniciou a carreira no jornal econ\u00f4mico DCI, cobrindo o setor de alimentos no caderno de Ind\u00fastria. Foi trainee do jornal Valor Econ\u00f4mico, onde atuou no Caderno de Empresas por quase tr\u00eas anos. L\u00e1, cobriu o setor de ind\u00fastria, com foco em siderurgia, embalagens e aeroespacial. Fez coberturas setoriais em viagens para S\u00e3o Jos\u00e9 dos Campos e Franca (SP), al\u00e9m de coberturas internacionais na Alemanha e na Su\u00e9cia. Trabalhou por cinco anos na Ag\u00eancia Estado\/Broadcast, do Grupo Estado, onde foi rep\u00f3rter dos setores de minera\u00e7\u00e3o e siderurgia, alimentos e bebidas e finan\u00e7as. Foi premiada como o pr\u00eamio Destaque de Reportagem da AE em 2007 e 2008. Al\u00e9m de atuar no servi\u00e7o de not\u00edcias em tempo real, fez participa\u00e7\u00f5es no caderno de Economia do jornal Estado de S.Paulo e na R\u00e1dio Eldorado. Ainda no Grupo Estado, foi editora assistente da editoria Empresas e Setores, atuando com edi\u00e7\u00e3o e pauta, al\u00e9m de cobrir mercados diariamente com o cen\u00e1rio de bolsa e fazer reportagens especiais com foco em governan\u00e7a corporativa. Trabalhou tamb\u00e9m como correspondente de finan\u00e7as no servi\u00e7o da Thomson Reuters em portugu\u00eas por quase um ano. Atuou por cerca de oito anos como jornalista independente, contribuindo para ve\u00edculos como UOL Economia, Infomoney e Revista Voc\u00ea SA, al\u00e9m de ter trabalhado em projetos na \u00e1rea de conte\u00fado e comunica\u00e7\u00e3o de institui\u00e7\u00f5es financeiras como Anbima, Banco BS2, Banco Pine, Ita\u00fa BBA e EQI.","url":"https:\/\/www.suno.com.br\/noticias\/author\/natalia-gomez\/"}]}},"default_loop_html":"<div class=\"cardsPage__listCard__boxs\"><div class=\"cardsPage__listCard__boxs__img\"><a href=\"https:\/\/www.suno.com.br\/noticias\/braskem-brkm5-prejuizo\/\"><img class=\"mask\" src=\"https:\/\/www.suno.com.br\/noticias\/wp-content\/themes\/suno\/resources\/images\/spotlight\/spotlight1img\/bg-mask.png\" alt=\"Image Mask\"\/><img src=\"https:\/\/files.sunoresearch.com.br\/n\/uploads\/2019\/11\/d129f3d4-braskem-400x200.webp\" alt=\"Braskem (BRKM5) tem preju\u00edzo de R$ 1,4 bi com provis\u00e3o em Alagoas\"\/><\/a><span class=\"spotlightCategory\"><a href=\"https:\/\/www.suno.com.br\/noticias\/negocios\/\">Neg\u00f3cios<\/a><\/span><\/div><div class=\"cardsPage__listCard__boxs__content\"><a href=\"https:\/\/www.suno.com.br\/noticias\/braskem-brkm5-prejuizo\/\"><h2 class=\"content__title\">Braskem (BRKM5) tem preju\u00edzo de R$ 1,4 bi com provis\u00e3o em Alagoas<\/h2><\/a><div class=\"newsContent__article__meta\"><div class=\"newsContent__article__meta__authorBox\"><a href=\"https:\/\/www.suno.com.br\/noticias\/author\/natalia-gomez\/\" class=\"authorBox__avatar noMobi\"><img src=\"https:\/\/secure.gravatar.com\/avatar\/9e957e0b2b485c2d42c3f4145c16d940?s=96&#038;r=g\" alt=\"Natalia G\u00f3mez\"><\/a><div class=\"authorBox__name\"><span>por\n\t\t\t<a href=\"https:\/\/www.suno.com.br\/noticias\/author\/natalia-gomez\/\"><span itemprop=\"author\">Natalia G\u00f3mez<\/span><\/a><\/span><time datetime=\"2020-11-11T06:54:05-03:00\" itemprop=\"datePublished\">11\/11\/2020 06:54<\/time><\/div><\/div><\/div><\/div><\/div>","single_layout":"posts","amp_enabled":true,"_links":{"self":[{"href":"https:\/\/www.suno.com.br\/noticias\/wp-json\/wp\/v2\/posts\/99209"}],"collection":[{"href":"https:\/\/www.suno.com.br\/noticias\/wp-json\/wp\/v2\/posts"}],"about":[{"href":"https:\/\/www.suno.com.br\/noticias\/wp-json\/wp\/v2\/types\/post"}],"author":[{"embeddable":true,"href":"https:\/\/www.suno.com.br\/noticias\/wp-json\/wp\/v2\/users\/60"}],"replies":[{"embeddable":true,"href":"https:\/\/www.suno.com.br\/noticias\/wp-json\/wp\/v2\/comments?post=99209"}],"version-history":[{"count":0,"href":"https:\/\/www.suno.com.br\/noticias\/wp-json\/wp\/v2\/posts\/99209\/revisions"}],"wp:featuredmedia":[{"embeddable":true,"href":"https:\/\/www.suno.com.br\/noticias\/wp-json\/wp\/v2\/media\/45010"}],"wp:attachment":[{"href":"https:\/\/www.suno.com.br\/noticias\/wp-json\/wp\/v2\/media?parent=99209"}],"wp:term":[{"taxonomy":"category","embeddable":true,"href":"https:\/\/www.suno.com.br\/noticias\/wp-json\/wp\/v2\/categories?post=99209"},{"taxonomy":"post_tag","embeddable":true,"href":"https:\/\/www.suno.com.br\/noticias\/wp-json\/wp\/v2\/tags?post=99209"},{"taxonomy":"suno_strategy","embeddable":true,"href":"https:\/\/www.suno.com.br\/noticias\/wp-json\/wp\/v2\/suno_strategy?post=99209"}],"curies":[{"name":"wp","href":"https:\/\/api.w.org\/{rel}","templated":true}]}}