{"id":9913,"date":"2018-12-27T12:41:40","date_gmt":"2018-12-27T14:41:40","guid":{"rendered":"https:\/\/www.suno.com.br\/noticias\/?p=9913"},"modified":"2018-12-27T16:43:43","modified_gmt":"2018-12-27T18:43:43","slug":"economia-deve-desacelerar-2019-bc-europa","status":"publish","type":"post","link":"https:\/\/www.suno.com.br\/noticias\/economia-deve-desacelerar-2019-bc-europa\/","title":{"rendered":"Economia global deve desacelerar em 2019, diz BC da Europa"},"content":{"rendered":"<p>O Banco Central Europeu (BCE) informou nesta quinta-feira (27) que a economia global deve sofrer um desaquecimento.<\/p>\t<div class=\"wrapper-featured-image\">\n\t\t<figure class=\"spotlightImg\">\n\n\t\t\t<picture>\n\t\t\t\t<source media=\"(max-width: 768px)\" srcset=\"https:\/\/files.sunoresearch.com.br\/n\/uploads\/2018\/10\/11415e9b-maiores-economias-400x200.webp\">\n\t\t\t\t<img loading=\"lazy\" decoding=\"async\" class=\"newsContent__article__imgCapa lazyloadDisabled newsContent__article__imgCapa--noCaption\" src=\"https:\/\/files.sunoresearch.com.br\/n\/uploads\/2018\/10\/11415e9b-maiores-economias-800x450.webp\" width=\"800\" height=\"450\" alt=\"Economia global deve desacelerar em 2019, diz BC da Europa\" fetchpriority=high \/>\n\t\t\t<\/picture>\n\n\t\t\t<figcaption class=\"wp-caption-text wp-caption-text--hide\">A\u00a0economia global\u00a0est\u00e1 caminhando para a pior crise desde a Grande Depress\u00e3o, impulsionada pelo coronav\u00edrus. Clique aqui para saber mais <\/figcaption>\n\t\t<\/figure>\n\t<\/div>\n\n\n<p>Para o <strong>Banco Central Europeu<\/strong>, a <strong>economia<\/strong> de 2019 dever\u00e1 ser de desacelera\u00e7\u00e3o e, posteriormente, de estabiliza\u00e7\u00e3o.<\/p>\n<p><a href=\"https:\/\/www.suno.com.br\/noticias\/lucro-industrial-china-queda-anos-crescimento\/\">Saiba mais: Lucro industrial da China tem queda ap\u00f3s tr\u00eas anos de crescimento<\/a><\/p>\n<p>Segundo a institui\u00e7\u00e3o, os investidores est\u00e3o se preparando para uma diminui\u00e7\u00e3o no ritmo do crescimento econ\u00f4mico mundial.<\/p>\n<p>As principais causas seriam os juros maiores para devedores e as tens\u00f5es comerciais envolvendo <strong>China<\/strong> e <strong>Estados Unidos<\/strong>.<\/p>\n<p>Em seu boletim econ\u00f4mico regular, o BCE informou que &#8220;olhando para o futuro, a atividade econ\u00f4mica global deve desacelerar em 2019 e permanecer est\u00e1vel depois disso&#8221;. &#8220;As press\u00f5es inflacion\u00e1rias globais dever\u00e3o aumentar lentamente \u00e0 medida que a capacidade ociosa diminuir.&#8221;<\/p>\n<p>O boletim vai ao encontro da decis\u00e3o da institui\u00e7\u00e3o de encerrar o programa de est\u00edmulo \u00e0 economia. Por\u00e9m, algumas alas criticaram a medida, classificando-a de inoportuna, visto que houve um enfraquecimento da economia.<\/p>\n<p>Apesar disso, o BCE, cujo principal objetivo \u00e9 atingir a sua meta de infla\u00e7\u00e3o, reafirmou a confian\u00e7a de que os pre\u00e7os centrais continuar\u00e3o subindo na zona do euro.<\/p>\n<p><a href=\"https:\/\/www.suno.com.br\/noticias\/fabricio-queiroz-movimentacao-atipica-carros\/\">Saiba mais: Fabr\u00edcio Queiroz diz que movimenta\u00e7\u00e3o at\u00edpica vem de com\u00e9rcio de carros<\/a><\/p>\n<p>&#8220;A expectativa \u00e9 que a infla\u00e7\u00e3o aumente gradualmente no m\u00e9dio prazo, apoiada pelas medidas de pol\u00edtica monet\u00e1ria do BCE, a expans\u00e3o econ\u00f4mica cont\u00ednua e o crescimento salarial crescente&#8221;, informou o Banco.<\/p>\n<p>&nbsp;<\/p>\n","protected":false},"excerpt":{"rendered":"<p>O Banco Central Europeu (BCE) informou nesta quinta-feira (27) que a economia global deve sofrer um desaquecimento. A\u00a0economia global\u00a0est\u00e1 caminhando para a pior crise desde a Grande Depress\u00e3o, impulsionada pelo coronav\u00edrus. Clique aqui para saber mais Para o Banco Central Europeu, a economia de 2019 dever\u00e1 ser de desacelera\u00e7\u00e3o e, posteriormente, de estabiliza\u00e7\u00e3o. Saiba mais: [&hellip;]<\/p>\n","protected":false},"author":14,"featured_media":5246,"comment_status":"closed","ping_status":"closed","sticky":false,"template":"","format":"standard","meta":[],"categories":[62],"tags":[740,710],"suno_strategy":[],"class_list":["post-9913","post","type-post","status-publish","format-standard","has-post-thumbnail","hentry","category-economia","tag-economia","tag-europa"],"yoast_head":"<!-- This site is optimized with the Yoast SEO plugin v24.4 - https:\/\/yoast.com\/wordpress\/plugins\/seo\/ -->\n<title>Economia global deve desacelerar em 2019, diz BC da Europa<\/title>\n<meta name=\"description\" content=\"A tens\u00e3o entre os Estados Unidos e a China e o juros maiores entre os investidores foram as principais causas para a previs\u00e3o. Leia mais.\" \/>\n<meta name=\"robots\" content=\"index, follow, max-snippet:-1, max-image-preview:large, max-video-preview:-1\" \/>\n<link rel=\"canonical\" href=\"https:\/\/www.suno.com.br\/noticias\/economia-deve-desacelerar-2019-bc-europa\/\" \/>\n<meta property=\"og:locale\" content=\"pt_BR\" \/>\n<meta property=\"og:type\" content=\"article\" \/>\n<meta property=\"og:title\" content=\"Economia global deve desacelerar em 2019, diz BC da Europa\" \/>\n<meta property=\"og:description\" content=\"A tens\u00e3o entre os Estados Unidos e a China e o juros maiores entre os investidores foram as principais causas para a previs\u00e3o. Leia mais.\" \/>\n<meta property=\"og:url\" content=\"https:\/\/www.suno.com.br\/noticias\/economia-deve-desacelerar-2019-bc-europa\/\" \/>\n<meta property=\"og:site_name\" content=\"Suno Not\u00edcias\" \/>\n<meta property=\"article:publisher\" content=\"https:\/\/facebook.com\/sunoresearch\" \/>\n<meta property=\"og:image\" content=\"https:\/\/files.sunoresearch.com.br\/n\/uploads\/2018\/10\/11415e9b-maiores-economias.jpg\" \/>\n\t<meta property=\"og:image:width\" content=\"1920\" \/>\n\t<meta property=\"og:image:height\" content=\"1277\" \/>\n\t<meta property=\"og:image:type\" content=\"image\/jpeg\" \/>\n<meta name=\"author\" content=\"Renan Dantas\" \/>\n<meta name=\"twitter:card\" content=\"summary_large_image\" \/>\n<meta name=\"twitter:creator\" content=\"@sunoresearch\" \/>\n<meta name=\"twitter:site\" content=\"@sunoresearch\" \/>\n<meta name=\"twitter:label1\" content=\"Escrito por\" \/>\n\t<meta name=\"twitter:data1\" content=\"Renan Dantas\" \/>\n\t<meta name=\"twitter:label2\" content=\"Est. tempo de leitura\" \/>\n\t<meta name=\"twitter:data2\" content=\"1 minuto\" \/>\n<script type=\"application\/ld+json\" class=\"yoast-schema-graph\">{\"@context\":\"https:\/\/schema.org\",\"@graph\":[{\"@type\":\"NewsArticle\",\"@id\":\"https:\/\/www.suno.com.br\/noticias\/economia-deve-desacelerar-2019-bc-europa\/#article\",\"isPartOf\":{\"@id\":\"https:\/\/www.suno.com.br\/noticias\/economia-deve-desacelerar-2019-bc-europa\/\"},\"author\":{\"name\":\"Renan Dantas\",\"@id\":\"https:\/\/www.suno.com.br\/noticias\/#\/schema\/person\/3f7693d5795a3f6d5ce15309ee785699\"},\"headline\":\"Economia global deve desacelerar em 2019, diz BC da Europa\",\"datePublished\":\"2018-12-27T14:41:40+00:00\",\"dateModified\":\"2018-12-27T18:43:43+00:00\",\"mainEntityOfPage\":{\"@id\":\"https:\/\/www.suno.com.br\/noticias\/economia-deve-desacelerar-2019-bc-europa\/\"},\"wordCount\":264,\"publisher\":{\"@id\":\"https:\/\/www.suno.com.br\/noticias\/#organization\"},\"image\":{\"@id\":\"https:\/\/www.suno.com.br\/noticias\/economia-deve-desacelerar-2019-bc-europa\/#primaryimage\"},\"thumbnailUrl\":\"https:\/\/files.sunoresearch.com.br\/n\/uploads\/2018\/10\/11415e9b-maiores-economias-jpg.webp\",\"keywords\":[\"Economia\",\"Europa\"],\"articleSection\":[\"Economia\"],\"inLanguage\":\"pt-BR\"},{\"@type\":\"WebPage\",\"@id\":\"https:\/\/www.suno.com.br\/noticias\/economia-deve-desacelerar-2019-bc-europa\/\",\"url\":\"https:\/\/www.suno.com.br\/noticias\/economia-deve-desacelerar-2019-bc-europa\/\",\"name\":\"Economia global deve desacelerar em 2019, diz BC da Europa\",\"isPartOf\":{\"@id\":\"https:\/\/www.suno.com.br\/noticias\/#website\"},\"primaryImageOfPage\":{\"@id\":\"https:\/\/www.suno.com.br\/noticias\/economia-deve-desacelerar-2019-bc-europa\/#primaryimage\"},\"image\":{\"@id\":\"https:\/\/www.suno.com.br\/noticias\/economia-deve-desacelerar-2019-bc-europa\/#primaryimage\"},\"thumbnailUrl\":\"https:\/\/files.sunoresearch.com.br\/n\/uploads\/2018\/10\/11415e9b-maiores-economias-jpg.webp\",\"datePublished\":\"2018-12-27T14:41:40+00:00\",\"dateModified\":\"2018-12-27T18:43:43+00:00\",\"description\":\"A tens\u00e3o entre os Estados Unidos e a China e o juros maiores entre os investidores foram as principais causas para a previs\u00e3o. Leia mais.\",\"breadcrumb\":{\"@id\":\"https:\/\/www.suno.com.br\/noticias\/economia-deve-desacelerar-2019-bc-europa\/#breadcrumb\"},\"inLanguage\":\"pt-BR\",\"potentialAction\":[{\"@type\":\"ReadAction\",\"target\":[\"https:\/\/www.suno.com.br\/noticias\/economia-deve-desacelerar-2019-bc-europa\/\"]}]},{\"@type\":\"ImageObject\",\"inLanguage\":\"pt-BR\",\"@id\":\"https:\/\/www.suno.com.br\/noticias\/economia-deve-desacelerar-2019-bc-europa\/#primaryimage\",\"url\":\"https:\/\/files.sunoresearch.com.br\/n\/uploads\/2018\/10\/11415e9b-maiores-economias-jpg.webp\",\"contentUrl\":\"https:\/\/files.sunoresearch.com.br\/n\/uploads\/2018\/10\/11415e9b-maiores-economias-jpg.webp\",\"width\":1920,\"height\":1277,\"caption\":\"A\u00a0economia global\u00a0est\u00e1 caminhando para a pior crise desde a Grande Depress\u00e3o, impulsionada pelo coronav\u00edrus. Clique aqui para saber mais\"},{\"@type\":\"BreadcrumbList\",\"@id\":\"https:\/\/www.suno.com.br\/noticias\/economia-deve-desacelerar-2019-bc-europa\/#breadcrumb\",\"itemListElement\":[{\"@type\":\"ListItem\",\"position\":1,\"name\":\"Not\u00edcias\",\"item\":\"https:\/\/www.suno.com.br\/noticias\/\"},{\"@type\":\"ListItem\",\"position\":2,\"name\":\"Economia\",\"item\":\"https:\/\/www.suno.com.br\/noticias\/economia\/\"},{\"@type\":\"ListItem\",\"position\":3,\"name\":\"Economia global deve desacelerar em 2019, diz BC da Europa\"}]},{\"@type\":\"WebSite\",\"@id\":\"https:\/\/www.suno.com.br\/noticias\/#website\",\"url\":\"https:\/\/www.suno.com.br\/noticias\/\",\"name\":\"Suno Not\u00edcias\",\"description\":\"Seu portal de informa\u00e7\u00e3o sobre o mundo dos investimentos\",\"publisher\":{\"@id\":\"https:\/\/www.suno.com.br\/noticias\/#organization\"},\"potentialAction\":[{\"@type\":\"SearchAction\",\"target\":{\"@type\":\"EntryPoint\",\"urlTemplate\":\"https:\/\/www.suno.com.br\/noticias\/?s={search_term_string}\"},\"query-input\":{\"@type\":\"PropertyValueSpecification\",\"valueRequired\":true,\"valueName\":\"search_term_string\"}}],\"inLanguage\":\"pt-BR\"},{\"@type\":\"Organization\",\"@id\":\"https:\/\/www.suno.com.br\/noticias\/#organization\",\"name\":\"Suno Not\u00edcias\",\"url\":\"https:\/\/www.suno.com.br\/noticias\/\",\"logo\":{\"@type\":\"ImageObject\",\"inLanguage\":\"pt-BR\",\"@id\":\"https:\/\/www.suno.com.br\/noticias\/#\/schema\/logo\/image\/\",\"url\":\"https:\/\/files.sunoresearch.com.br\/n\/uploads\/2021\/09\/suno-logo.png\",\"contentUrl\":\"https:\/\/files.sunoresearch.com.br\/n\/uploads\/2021\/09\/suno-logo.png\",\"width\":180,\"height\":180,\"caption\":\"Suno Not\u00edcias\"},\"image\":{\"@id\":\"https:\/\/www.suno.com.br\/noticias\/#\/schema\/logo\/image\/\"},\"sameAs\":[\"https:\/\/facebook.com\/sunoresearch\",\"https:\/\/x.com\/sunoresearch\",\"https:\/\/www.instagram.com\/suno\",\"https:\/\/www.linkedin.com\/company\/suno-research\/\",\"https:\/\/www.youtube.com\/c\/sunoresearch\"]},{\"@type\":\"Person\",\"@id\":\"https:\/\/www.suno.com.br\/noticias\/#\/schema\/person\/3f7693d5795a3f6d5ce15309ee785699\",\"name\":\"Renan Dantas\",\"image\":{\"@type\":\"ImageObject\",\"inLanguage\":\"pt-BR\",\"@id\":\"https:\/\/www.suno.com.br\/noticias\/#\/schema\/person\/image\/\",\"url\":\"https:\/\/secure.gravatar.com\/avatar\/1787b83e7484a08e51d62ac8b41c8396?s=96&r=g\",\"contentUrl\":\"https:\/\/secure.gravatar.com\/avatar\/1787b83e7484a08e51d62ac8b41c8396?s=96&r=g\",\"caption\":\"Renan Dantas\"},\"description\":\"Escreve sobre pol\u00edtica e mercado financeiro para o portal Suno Not\u00edcias. Antes, atuou na assessoria de comunica\u00e7\u00e3o do Minist\u00e9rio P\u00fablico do Trabalho e na R\u00e1dio Mackenzie, onde apresentava e produzia um programa sobre artistas da m\u00fasica brasileira. \u00c9 estudante na Universidade Presbiteriana Mackenzie.\",\"url\":\"https:\/\/www.suno.com.br\/noticias\/author\/renan-dantas\/\"}]}<\/script>\n<!-- \/ Yoast SEO plugin. -->","yoast_head_json":{"title":"Economia global deve desacelerar em 2019, diz BC da Europa","description":"A tens\u00e3o entre os Estados Unidos e a China e o juros maiores entre os investidores foram as principais causas para a previs\u00e3o. Leia mais.","robots":{"index":"index","follow":"follow","max-snippet":"max-snippet:-1","max-image-preview":"max-image-preview:large","max-video-preview":"max-video-preview:-1"},"canonical":"https:\/\/www.suno.com.br\/noticias\/economia-deve-desacelerar-2019-bc-europa\/","og_locale":"pt_BR","og_type":"article","og_title":"Economia global deve desacelerar em 2019, diz BC da Europa","og_description":"A tens\u00e3o entre os Estados Unidos e a China e o juros maiores entre os investidores foram as principais causas para a previs\u00e3o. Leia mais.","og_url":"https:\/\/www.suno.com.br\/noticias\/economia-deve-desacelerar-2019-bc-europa\/","og_site_name":"Suno Not\u00edcias","article_publisher":"https:\/\/facebook.com\/sunoresearch","og_image":[{"width":1920,"height":1277,"url":"https:\/\/files.sunoresearch.com.br\/n\/uploads\/2018\/10\/11415e9b-maiores-economias.jpg","type":"image\/jpeg"}],"author":"Renan Dantas","twitter_card":"summary_large_image","twitter_creator":"@sunoresearch","twitter_site":"@sunoresearch","twitter_misc":{"Escrito por":"Renan Dantas","Est. tempo de leitura":"1 minuto"},"schema":{"@context":"https:\/\/schema.org","@graph":[{"@type":"NewsArticle","@id":"https:\/\/www.suno.com.br\/noticias\/economia-deve-desacelerar-2019-bc-europa\/#article","isPartOf":{"@id":"https:\/\/www.suno.com.br\/noticias\/economia-deve-desacelerar-2019-bc-europa\/"},"author":{"name":"Renan Dantas","@id":"https:\/\/www.suno.com.br\/noticias\/#\/schema\/person\/3f7693d5795a3f6d5ce15309ee785699"},"headline":"Economia global deve desacelerar em 2019, diz BC da Europa","datePublished":"2018-12-27T14:41:40+00:00","dateModified":"2018-12-27T18:43:43+00:00","mainEntityOfPage":{"@id":"https:\/\/www.suno.com.br\/noticias\/economia-deve-desacelerar-2019-bc-europa\/"},"wordCount":264,"publisher":{"@id":"https:\/\/www.suno.com.br\/noticias\/#organization"},"image":{"@id":"https:\/\/www.suno.com.br\/noticias\/economia-deve-desacelerar-2019-bc-europa\/#primaryimage"},"thumbnailUrl":"https:\/\/files.sunoresearch.com.br\/n\/uploads\/2018\/10\/11415e9b-maiores-economias-jpg.webp","keywords":["Economia","Europa"],"articleSection":["Economia"],"inLanguage":"pt-BR"},{"@type":"WebPage","@id":"https:\/\/www.suno.com.br\/noticias\/economia-deve-desacelerar-2019-bc-europa\/","url":"https:\/\/www.suno.com.br\/noticias\/economia-deve-desacelerar-2019-bc-europa\/","name":"Economia global deve desacelerar em 2019, diz BC da Europa","isPartOf":{"@id":"https:\/\/www.suno.com.br\/noticias\/#website"},"primaryImageOfPage":{"@id":"https:\/\/www.suno.com.br\/noticias\/economia-deve-desacelerar-2019-bc-europa\/#primaryimage"},"image":{"@id":"https:\/\/www.suno.com.br\/noticias\/economia-deve-desacelerar-2019-bc-europa\/#primaryimage"},"thumbnailUrl":"https:\/\/files.sunoresearch.com.br\/n\/uploads\/2018\/10\/11415e9b-maiores-economias-jpg.webp","datePublished":"2018-12-27T14:41:40+00:00","dateModified":"2018-12-27T18:43:43+00:00","description":"A tens\u00e3o entre os Estados Unidos e a China e o juros maiores entre os investidores foram as principais causas para a previs\u00e3o. Leia mais.","breadcrumb":{"@id":"https:\/\/www.suno.com.br\/noticias\/economia-deve-desacelerar-2019-bc-europa\/#breadcrumb"},"inLanguage":"pt-BR","potentialAction":[{"@type":"ReadAction","target":["https:\/\/www.suno.com.br\/noticias\/economia-deve-desacelerar-2019-bc-europa\/"]}]},{"@type":"ImageObject","inLanguage":"pt-BR","@id":"https:\/\/www.suno.com.br\/noticias\/economia-deve-desacelerar-2019-bc-europa\/#primaryimage","url":"https:\/\/files.sunoresearch.com.br\/n\/uploads\/2018\/10\/11415e9b-maiores-economias-jpg.webp","contentUrl":"https:\/\/files.sunoresearch.com.br\/n\/uploads\/2018\/10\/11415e9b-maiores-economias-jpg.webp","width":1920,"height":1277,"caption":"A\u00a0economia global\u00a0est\u00e1 caminhando para a pior crise desde a Grande Depress\u00e3o, impulsionada pelo coronav\u00edrus. Clique aqui para saber mais"},{"@type":"BreadcrumbList","@id":"https:\/\/www.suno.com.br\/noticias\/economia-deve-desacelerar-2019-bc-europa\/#breadcrumb","itemListElement":[{"@type":"ListItem","position":1,"name":"Not\u00edcias","item":"https:\/\/www.suno.com.br\/noticias\/"},{"@type":"ListItem","position":2,"name":"Economia","item":"https:\/\/www.suno.com.br\/noticias\/economia\/"},{"@type":"ListItem","position":3,"name":"Economia global deve desacelerar em 2019, diz BC da Europa"}]},{"@type":"WebSite","@id":"https:\/\/www.suno.com.br\/noticias\/#website","url":"https:\/\/www.suno.com.br\/noticias\/","name":"Suno Not\u00edcias","description":"Seu portal de informa\u00e7\u00e3o sobre o mundo dos investimentos","publisher":{"@id":"https:\/\/www.suno.com.br\/noticias\/#organization"},"potentialAction":[{"@type":"SearchAction","target":{"@type":"EntryPoint","urlTemplate":"https:\/\/www.suno.com.br\/noticias\/?s={search_term_string}"},"query-input":{"@type":"PropertyValueSpecification","valueRequired":true,"valueName":"search_term_string"}}],"inLanguage":"pt-BR"},{"@type":"Organization","@id":"https:\/\/www.suno.com.br\/noticias\/#organization","name":"Suno Not\u00edcias","url":"https:\/\/www.suno.com.br\/noticias\/","logo":{"@type":"ImageObject","inLanguage":"pt-BR","@id":"https:\/\/www.suno.com.br\/noticias\/#\/schema\/logo\/image\/","url":"https:\/\/files.sunoresearch.com.br\/n\/uploads\/2021\/09\/suno-logo.png","contentUrl":"https:\/\/files.sunoresearch.com.br\/n\/uploads\/2021\/09\/suno-logo.png","width":180,"height":180,"caption":"Suno Not\u00edcias"},"image":{"@id":"https:\/\/www.suno.com.br\/noticias\/#\/schema\/logo\/image\/"},"sameAs":["https:\/\/facebook.com\/sunoresearch","https:\/\/x.com\/sunoresearch","https:\/\/www.instagram.com\/suno","https:\/\/www.linkedin.com\/company\/suno-research\/","https:\/\/www.youtube.com\/c\/sunoresearch"]},{"@type":"Person","@id":"https:\/\/www.suno.com.br\/noticias\/#\/schema\/person\/3f7693d5795a3f6d5ce15309ee785699","name":"Renan Dantas","image":{"@type":"ImageObject","inLanguage":"pt-BR","@id":"https:\/\/www.suno.com.br\/noticias\/#\/schema\/person\/image\/","url":"https:\/\/secure.gravatar.com\/avatar\/1787b83e7484a08e51d62ac8b41c8396?s=96&r=g","contentUrl":"https:\/\/secure.gravatar.com\/avatar\/1787b83e7484a08e51d62ac8b41c8396?s=96&r=g","caption":"Renan Dantas"},"description":"Escreve sobre pol\u00edtica e mercado financeiro para o portal Suno Not\u00edcias. Antes, atuou na assessoria de comunica\u00e7\u00e3o do Minist\u00e9rio P\u00fablico do Trabalho e na R\u00e1dio Mackenzie, onde apresentava e produzia um programa sobre artistas da m\u00fasica brasileira. \u00c9 estudante na Universidade Presbiteriana Mackenzie.","url":"https:\/\/www.suno.com.br\/noticias\/author\/renan-dantas\/"}]}},"default_loop_html":"<div class=\"cardsPage__listCard__boxs\"><div class=\"cardsPage__listCard__boxs__img\"><a href=\"https:\/\/www.suno.com.br\/noticias\/economia-deve-desacelerar-2019-bc-europa\/\"><img class=\"mask\" src=\"https:\/\/www.suno.com.br\/noticias\/wp-content\/themes\/suno\/resources\/images\/spotlight\/spotlight1img\/bg-mask.png\" alt=\"Image Mask\"\/><img src=\"https:\/\/files.sunoresearch.com.br\/n\/uploads\/2018\/10\/11415e9b-maiores-economias-400x200.webp\" alt=\"Economia global deve desacelerar em 2019, diz BC da Europa\"\/><\/a><span class=\"spotlightCategory\"><a href=\"https:\/\/www.suno.com.br\/noticias\/economia\/\">Economia<\/a><\/span><\/div><div class=\"cardsPage__listCard__boxs__content\"><a href=\"https:\/\/www.suno.com.br\/noticias\/economia-deve-desacelerar-2019-bc-europa\/\"><h2 class=\"content__title\">Economia global deve desacelerar em 2019, diz BC da Europa<\/h2><\/a><div class=\"newsContent__article__meta\"><div class=\"newsContent__article__meta__authorBox\"><a href=\"https:\/\/www.suno.com.br\/noticias\/author\/renan-dantas\/\" class=\"authorBox__avatar noMobi\"><img src=\"https:\/\/secure.gravatar.com\/avatar\/1787b83e7484a08e51d62ac8b41c8396?s=96&#038;r=g\" alt=\"Renan Dantas\"><\/a><div class=\"authorBox__name\"><span>por\n\t\t\t<a href=\"https:\/\/www.suno.com.br\/noticias\/author\/renan-dantas\/\"><span itemprop=\"author\">Renan Dantas<\/span><\/a><\/span><time datetime=\"2018-12-27T12:41:40-02:00\" itemprop=\"datePublished\">27\/12\/2018 12:41<\/time><\/div><\/div><\/div><\/div><\/div>","single_layout":"posts","amp_enabled":true,"_links":{"self":[{"href":"https:\/\/www.suno.com.br\/noticias\/wp-json\/wp\/v2\/posts\/9913"}],"collection":[{"href":"https:\/\/www.suno.com.br\/noticias\/wp-json\/wp\/v2\/posts"}],"about":[{"href":"https:\/\/www.suno.com.br\/noticias\/wp-json\/wp\/v2\/types\/post"}],"author":[{"embeddable":true,"href":"https:\/\/www.suno.com.br\/noticias\/wp-json\/wp\/v2\/users\/14"}],"replies":[{"embeddable":true,"href":"https:\/\/www.suno.com.br\/noticias\/wp-json\/wp\/v2\/comments?post=9913"}],"version-history":[{"count":0,"href":"https:\/\/www.suno.com.br\/noticias\/wp-json\/wp\/v2\/posts\/9913\/revisions"}],"wp:featuredmedia":[{"embeddable":true,"href":"https:\/\/www.suno.com.br\/noticias\/wp-json\/wp\/v2\/media\/5246"}],"wp:attachment":[{"href":"https:\/\/www.suno.com.br\/noticias\/wp-json\/wp\/v2\/media?parent=9913"}],"wp:term":[{"taxonomy":"category","embeddable":true,"href":"https:\/\/www.suno.com.br\/noticias\/wp-json\/wp\/v2\/categories?post=9913"},{"taxonomy":"post_tag","embeddable":true,"href":"https:\/\/www.suno.com.br\/noticias\/wp-json\/wp\/v2\/tags?post=9913"},{"taxonomy":"suno_strategy","embeddable":true,"href":"https:\/\/www.suno.com.br\/noticias\/wp-json\/wp\/v2\/suno_strategy?post=9913"}],"curies":[{"name":"wp","href":"https:\/\/api.w.org\/{rel}","templated":true}]}}