{"id":9907,"date":"2018-12-27T11:26:41","date_gmt":"2018-12-27T13:26:41","guid":{"rendered":"https:\/\/www.suno.com.br\/noticias\/?p=9907"},"modified":"2020-12-03T17:05:09","modified_gmt":"2020-12-03T20:05:09","slug":"lucro-industrial-china-queda-anos-crescimento","status":"publish","type":"post","link":"https:\/\/www.suno.com.br\/noticias\/lucro-industrial-china-queda-anos-crescimento\/","title":{"rendered":"Lucro industrial da China tem queda ap\u00f3s tr\u00eas anos de crescimento"},"content":{"rendered":"<p>O lucro industrial da China apresentou uma queda de 1,8% em rela\u00e7\u00e3o a novembro de 2017.<\/p>\t<div class=\"wrapper-featured-image\">\n\t\t<figure class=\"spotlightImg\">\n\n\t\t\t<picture>\n\t\t\t\t<source media=\"(max-width: 768px)\" srcset=\"https:\/\/files.sunoresearch.com.br\/n\/uploads\/2018\/12\/ac839a2a-produ\u00e7\u00e3o-industrial-na-china-400x200.webp\">\n\t\t\t\t<img loading=\"lazy\" decoding=\"async\" class=\"newsContent__article__imgCapa lazyloadDisabled newsContent__article__imgCapa--noCaption\" src=\"https:\/\/files.sunoresearch.com.br\/n\/uploads\/2018\/12\/ac839a2a-produ\u00e7\u00e3o-industrial-na-china-800x450.webp\" width=\"800\" height=\"450\" alt=\"Lucro industrial da China tem queda ap\u00f3s tr\u00eas anos de crescimento\" fetchpriority=high \/>\n\t\t\t<\/picture>\n\n\t\t\t<figcaption class=\"wp-caption-text wp-caption-text--hide\">Produ\u00e7\u00e3o industrial <\/figcaption>\n\t\t<\/figure>\n\t<\/div>\n\n\n<p>Em outubro, o lucro da industria da <strong>China<\/strong>\u00a0havia crescido 3,6%. Os dados s\u00e3o do Escrit\u00f3rio Nacional de Estat\u00edsticas (NBS).<\/p>\n<p>Parte das quedas se deve a desacelera\u00e7\u00e3o nas vendas. Al\u00e9m disso, a guerra comercial travada contra os <strong>Estados Unidos<\/strong> tem afetado o lucro do pa\u00eds asi\u00e1tico.<\/p>\n<p>A \u00faltima vez que o setor apresentou queda foi em dezembro de 2015, quando caiu 4,7%.<\/p>\n<p>No acumulado do ano, entre janeiro e novembro, houve acr\u00e9scimo de 11,8% no lucro da ind\u00fastria chinesa. No entanto, nos dez primeiros meses do ano, os ganhos haviam sido de 16,3%.<\/p>\n<p>A compila\u00e7\u00e3o do indicador s\u00f3 leva em considera\u00e7\u00e3o ind\u00fastrias com receita anual superior a 20 milh\u00f5es de iuanes (US$ 2,9 milh\u00f5es).<\/p>\n<p><a href=\"https:\/\/www.suno.com.br\/noticias\/secretario-guedes-reduzir-aliquota-sistema-s\/\">Saiba mais: Futuro secret\u00e1rio de Paulo Guedes quer reduzir al\u00edquota do Sistema S<\/a><\/p>\n<p>Em dezembro desde ano, o presidente <strong>Donald Trump<\/strong> e o presidente da <strong>China<\/strong>, Xi Jinping, fizeram um acordo durante a c\u00fapula do G20 ocorrida na Argentina com o objetivo de acabar com a guerra comercial entre os dois pa\u00edses<\/p>\n","protected":false},"excerpt":{"rendered":"<p>O lucro industrial da China apresentou uma queda de 1,8% em rela\u00e7\u00e3o a novembro de 2017. Produ\u00e7\u00e3o industrial Em outubro, o lucro da industria da China\u00a0havia crescido 3,6%. Os dados s\u00e3o do Escrit\u00f3rio Nacional de Estat\u00edsticas (NBS). Parte das quedas se deve a desacelera\u00e7\u00e3o nas vendas. Al\u00e9m disso, a guerra comercial travada contra os Estados [&hellip;]<\/p>\n","protected":false},"author":14,"featured_media":8890,"comment_status":"closed","ping_status":"closed","sticky":false,"template":"","format":"standard","meta":[],"categories":[62,63],"tags":[711,724],"suno_strategy":[],"class_list":["post-9907","post","type-post","status-publish","format-standard","has-post-thumbnail","hentry","category-economia","category-internacional","tag-china","tag-donald-trump"],"yoast_head":"<!-- This site is optimized with the Yoast SEO plugin v24.4 - https:\/\/yoast.com\/wordpress\/plugins\/seo\/ -->\n<title>Lucro industrial da China tem queda ap\u00f3s tr\u00eas anos de crescimento<\/title>\n<meta name=\"description\" content=\"Um dos fatores que motivou a queda foi a guerra comercial envolvendo os Estados Unidos e a China. Clique para saber mais.\" \/>\n<meta name=\"robots\" content=\"index, follow, max-snippet:-1, max-image-preview:large, max-video-preview:-1\" \/>\n<link rel=\"canonical\" href=\"https:\/\/www.suno.com.br\/noticias\/lucro-industrial-china-queda-anos-crescimento\/\" \/>\n<meta property=\"og:locale\" content=\"pt_BR\" \/>\n<meta property=\"og:type\" content=\"article\" \/>\n<meta property=\"og:title\" content=\"Lucro industrial da China tem queda ap\u00f3s tr\u00eas anos de crescimento\" \/>\n<meta property=\"og:description\" content=\"Um dos fatores que motivou a queda foi a guerra comercial envolvendo os Estados Unidos e a China. Clique para saber mais.\" \/>\n<meta property=\"og:url\" content=\"https:\/\/www.suno.com.br\/noticias\/lucro-industrial-china-queda-anos-crescimento\/\" \/>\n<meta property=\"og:site_name\" content=\"Suno Not\u00edcias\" \/>\n<meta property=\"article:publisher\" content=\"https:\/\/facebook.com\/sunoresearch\" \/>\n<meta property=\"og:image\" content=\"https:\/\/files.sunoresearch.com.br\/n\/uploads\/2018\/12\/ac839a2a-produ\u00e7\u00e3o-industrial-na-china.jpg\" \/>\n\t<meta property=\"og:image:width\" content=\"900\" \/>\n\t<meta property=\"og:image:height\" content=\"600\" \/>\n\t<meta property=\"og:image:type\" content=\"image\/jpeg\" \/>\n<meta name=\"author\" content=\"Renan Dantas\" \/>\n<meta name=\"twitter:card\" content=\"summary_large_image\" \/>\n<meta name=\"twitter:creator\" content=\"@sunoresearch\" \/>\n<meta name=\"twitter:site\" content=\"@sunoresearch\" \/>\n<meta name=\"twitter:label1\" content=\"Escrito por\" \/>\n\t<meta name=\"twitter:data1\" content=\"Renan Dantas\" \/>\n\t<meta name=\"twitter:label2\" content=\"Est. tempo de leitura\" \/>\n\t<meta name=\"twitter:data2\" content=\"1 minuto\" \/>\n<script type=\"application\/ld+json\" class=\"yoast-schema-graph\">{\"@context\":\"https:\/\/schema.org\",\"@graph\":[{\"@type\":\"NewsArticle\",\"@id\":\"https:\/\/www.suno.com.br\/noticias\/lucro-industrial-china-queda-anos-crescimento\/#article\",\"isPartOf\":{\"@id\":\"https:\/\/www.suno.com.br\/noticias\/lucro-industrial-china-queda-anos-crescimento\/\"},\"author\":{\"name\":\"Renan Dantas\",\"@id\":\"https:\/\/www.suno.com.br\/noticias\/#\/schema\/person\/3f7693d5795a3f6d5ce15309ee785699\"},\"headline\":\"Lucro industrial da China tem queda ap\u00f3s tr\u00eas anos de crescimento\",\"datePublished\":\"2018-12-27T13:26:41+00:00\",\"dateModified\":\"2020-12-03T20:05:09+00:00\",\"mainEntityOfPage\":{\"@id\":\"https:\/\/www.suno.com.br\/noticias\/lucro-industrial-china-queda-anos-crescimento\/\"},\"wordCount\":205,\"publisher\":{\"@id\":\"https:\/\/www.suno.com.br\/noticias\/#organization\"},\"image\":{\"@id\":\"https:\/\/www.suno.com.br\/noticias\/lucro-industrial-china-queda-anos-crescimento\/#primaryimage\"},\"thumbnailUrl\":\"https:\/\/files.sunoresearch.com.br\/n\/uploads\/2018\/12\/ac839a2a-produ\u00e7\u00e3o-industrial-na-china-jpg.webp\",\"keywords\":[\"China\",\"Donald Trump\"],\"articleSection\":[\"Economia\",\"Internacional\"],\"inLanguage\":\"pt-BR\"},{\"@type\":\"WebPage\",\"@id\":\"https:\/\/www.suno.com.br\/noticias\/lucro-industrial-china-queda-anos-crescimento\/\",\"url\":\"https:\/\/www.suno.com.br\/noticias\/lucro-industrial-china-queda-anos-crescimento\/\",\"name\":\"Lucro industrial da China tem queda ap\u00f3s tr\u00eas anos de crescimento\",\"isPartOf\":{\"@id\":\"https:\/\/www.suno.com.br\/noticias\/#website\"},\"primaryImageOfPage\":{\"@id\":\"https:\/\/www.suno.com.br\/noticias\/lucro-industrial-china-queda-anos-crescimento\/#primaryimage\"},\"image\":{\"@id\":\"https:\/\/www.suno.com.br\/noticias\/lucro-industrial-china-queda-anos-crescimento\/#primaryimage\"},\"thumbnailUrl\":\"https:\/\/files.sunoresearch.com.br\/n\/uploads\/2018\/12\/ac839a2a-produ\u00e7\u00e3o-industrial-na-china-jpg.webp\",\"datePublished\":\"2018-12-27T13:26:41+00:00\",\"dateModified\":\"2020-12-03T20:05:09+00:00\",\"description\":\"Um dos fatores que motivou a queda foi a guerra comercial envolvendo os Estados Unidos e a China. Clique para saber mais.\",\"breadcrumb\":{\"@id\":\"https:\/\/www.suno.com.br\/noticias\/lucro-industrial-china-queda-anos-crescimento\/#breadcrumb\"},\"inLanguage\":\"pt-BR\",\"potentialAction\":[{\"@type\":\"ReadAction\",\"target\":[\"https:\/\/www.suno.com.br\/noticias\/lucro-industrial-china-queda-anos-crescimento\/\"]}]},{\"@type\":\"ImageObject\",\"inLanguage\":\"pt-BR\",\"@id\":\"https:\/\/www.suno.com.br\/noticias\/lucro-industrial-china-queda-anos-crescimento\/#primaryimage\",\"url\":\"https:\/\/files.sunoresearch.com.br\/n\/uploads\/2018\/12\/ac839a2a-produ\u00e7\u00e3o-industrial-na-china-jpg.webp\",\"contentUrl\":\"https:\/\/files.sunoresearch.com.br\/n\/uploads\/2018\/12\/ac839a2a-produ\u00e7\u00e3o-industrial-na-china-jpg.webp\",\"width\":900,\"height\":600,\"caption\":\"Produ\u00e7\u00e3o industrial\"},{\"@type\":\"BreadcrumbList\",\"@id\":\"https:\/\/www.suno.com.br\/noticias\/lucro-industrial-china-queda-anos-crescimento\/#breadcrumb\",\"itemListElement\":[{\"@type\":\"ListItem\",\"position\":1,\"name\":\"Not\u00edcias\",\"item\":\"https:\/\/www.suno.com.br\/noticias\/\"},{\"@type\":\"ListItem\",\"position\":2,\"name\":\"Internacional\",\"item\":\"https:\/\/www.suno.com.br\/noticias\/internacional\/\"},{\"@type\":\"ListItem\",\"position\":3,\"name\":\"Lucro industrial da China tem queda ap\u00f3s tr\u00eas anos de crescimento\"}]},{\"@type\":\"WebSite\",\"@id\":\"https:\/\/www.suno.com.br\/noticias\/#website\",\"url\":\"https:\/\/www.suno.com.br\/noticias\/\",\"name\":\"Suno Not\u00edcias\",\"description\":\"Seu portal de informa\u00e7\u00e3o sobre o mundo dos investimentos\",\"publisher\":{\"@id\":\"https:\/\/www.suno.com.br\/noticias\/#organization\"},\"potentialAction\":[{\"@type\":\"SearchAction\",\"target\":{\"@type\":\"EntryPoint\",\"urlTemplate\":\"https:\/\/www.suno.com.br\/noticias\/?s={search_term_string}\"},\"query-input\":{\"@type\":\"PropertyValueSpecification\",\"valueRequired\":true,\"valueName\":\"search_term_string\"}}],\"inLanguage\":\"pt-BR\"},{\"@type\":\"Organization\",\"@id\":\"https:\/\/www.suno.com.br\/noticias\/#organization\",\"name\":\"Suno Not\u00edcias\",\"url\":\"https:\/\/www.suno.com.br\/noticias\/\",\"logo\":{\"@type\":\"ImageObject\",\"inLanguage\":\"pt-BR\",\"@id\":\"https:\/\/www.suno.com.br\/noticias\/#\/schema\/logo\/image\/\",\"url\":\"https:\/\/files.sunoresearch.com.br\/n\/uploads\/2021\/09\/suno-logo.png\",\"contentUrl\":\"https:\/\/files.sunoresearch.com.br\/n\/uploads\/2021\/09\/suno-logo.png\",\"width\":180,\"height\":180,\"caption\":\"Suno Not\u00edcias\"},\"image\":{\"@id\":\"https:\/\/www.suno.com.br\/noticias\/#\/schema\/logo\/image\/\"},\"sameAs\":[\"https:\/\/facebook.com\/sunoresearch\",\"https:\/\/x.com\/sunoresearch\",\"https:\/\/www.instagram.com\/suno\",\"https:\/\/www.linkedin.com\/company\/suno-research\/\",\"https:\/\/www.youtube.com\/c\/sunoresearch\"]},{\"@type\":\"Person\",\"@id\":\"https:\/\/www.suno.com.br\/noticias\/#\/schema\/person\/3f7693d5795a3f6d5ce15309ee785699\",\"name\":\"Renan Dantas\",\"image\":{\"@type\":\"ImageObject\",\"inLanguage\":\"pt-BR\",\"@id\":\"https:\/\/www.suno.com.br\/noticias\/#\/schema\/person\/image\/\",\"url\":\"https:\/\/secure.gravatar.com\/avatar\/1787b83e7484a08e51d62ac8b41c8396?s=96&r=g\",\"contentUrl\":\"https:\/\/secure.gravatar.com\/avatar\/1787b83e7484a08e51d62ac8b41c8396?s=96&r=g\",\"caption\":\"Renan Dantas\"},\"description\":\"Escreve sobre pol\u00edtica e mercado financeiro para o portal Suno Not\u00edcias. Antes, atuou na assessoria de comunica\u00e7\u00e3o do Minist\u00e9rio P\u00fablico do Trabalho e na R\u00e1dio Mackenzie, onde apresentava e produzia um programa sobre artistas da m\u00fasica brasileira. \u00c9 estudante na Universidade Presbiteriana Mackenzie.\",\"url\":\"https:\/\/www.suno.com.br\/noticias\/author\/renan-dantas\/\"}]}<\/script>\n<!-- \/ Yoast SEO plugin. -->","yoast_head_json":{"title":"Lucro industrial da China tem queda ap\u00f3s tr\u00eas anos de crescimento","description":"Um dos fatores que motivou a queda foi a guerra comercial envolvendo os Estados Unidos e a China. Clique para saber mais.","robots":{"index":"index","follow":"follow","max-snippet":"max-snippet:-1","max-image-preview":"max-image-preview:large","max-video-preview":"max-video-preview:-1"},"canonical":"https:\/\/www.suno.com.br\/noticias\/lucro-industrial-china-queda-anos-crescimento\/","og_locale":"pt_BR","og_type":"article","og_title":"Lucro industrial da China tem queda ap\u00f3s tr\u00eas anos de crescimento","og_description":"Um dos fatores que motivou a queda foi a guerra comercial envolvendo os Estados Unidos e a China. Clique para saber mais.","og_url":"https:\/\/www.suno.com.br\/noticias\/lucro-industrial-china-queda-anos-crescimento\/","og_site_name":"Suno Not\u00edcias","article_publisher":"https:\/\/facebook.com\/sunoresearch","og_image":[{"width":900,"height":600,"url":"https:\/\/files.sunoresearch.com.br\/n\/uploads\/2018\/12\/ac839a2a-produ\u00e7\u00e3o-industrial-na-china.jpg","type":"image\/jpeg"}],"author":"Renan Dantas","twitter_card":"summary_large_image","twitter_creator":"@sunoresearch","twitter_site":"@sunoresearch","twitter_misc":{"Escrito por":"Renan Dantas","Est. tempo de leitura":"1 minuto"},"schema":{"@context":"https:\/\/schema.org","@graph":[{"@type":"NewsArticle","@id":"https:\/\/www.suno.com.br\/noticias\/lucro-industrial-china-queda-anos-crescimento\/#article","isPartOf":{"@id":"https:\/\/www.suno.com.br\/noticias\/lucro-industrial-china-queda-anos-crescimento\/"},"author":{"name":"Renan Dantas","@id":"https:\/\/www.suno.com.br\/noticias\/#\/schema\/person\/3f7693d5795a3f6d5ce15309ee785699"},"headline":"Lucro industrial da China tem queda ap\u00f3s tr\u00eas anos de crescimento","datePublished":"2018-12-27T13:26:41+00:00","dateModified":"2020-12-03T20:05:09+00:00","mainEntityOfPage":{"@id":"https:\/\/www.suno.com.br\/noticias\/lucro-industrial-china-queda-anos-crescimento\/"},"wordCount":205,"publisher":{"@id":"https:\/\/www.suno.com.br\/noticias\/#organization"},"image":{"@id":"https:\/\/www.suno.com.br\/noticias\/lucro-industrial-china-queda-anos-crescimento\/#primaryimage"},"thumbnailUrl":"https:\/\/files.sunoresearch.com.br\/n\/uploads\/2018\/12\/ac839a2a-produ\u00e7\u00e3o-industrial-na-china-jpg.webp","keywords":["China","Donald Trump"],"articleSection":["Economia","Internacional"],"inLanguage":"pt-BR"},{"@type":"WebPage","@id":"https:\/\/www.suno.com.br\/noticias\/lucro-industrial-china-queda-anos-crescimento\/","url":"https:\/\/www.suno.com.br\/noticias\/lucro-industrial-china-queda-anos-crescimento\/","name":"Lucro industrial da China tem queda ap\u00f3s tr\u00eas anos de crescimento","isPartOf":{"@id":"https:\/\/www.suno.com.br\/noticias\/#website"},"primaryImageOfPage":{"@id":"https:\/\/www.suno.com.br\/noticias\/lucro-industrial-china-queda-anos-crescimento\/#primaryimage"},"image":{"@id":"https:\/\/www.suno.com.br\/noticias\/lucro-industrial-china-queda-anos-crescimento\/#primaryimage"},"thumbnailUrl":"https:\/\/files.sunoresearch.com.br\/n\/uploads\/2018\/12\/ac839a2a-produ\u00e7\u00e3o-industrial-na-china-jpg.webp","datePublished":"2018-12-27T13:26:41+00:00","dateModified":"2020-12-03T20:05:09+00:00","description":"Um dos fatores que motivou a queda foi a guerra comercial envolvendo os Estados Unidos e a China. Clique para saber mais.","breadcrumb":{"@id":"https:\/\/www.suno.com.br\/noticias\/lucro-industrial-china-queda-anos-crescimento\/#breadcrumb"},"inLanguage":"pt-BR","potentialAction":[{"@type":"ReadAction","target":["https:\/\/www.suno.com.br\/noticias\/lucro-industrial-china-queda-anos-crescimento\/"]}]},{"@type":"ImageObject","inLanguage":"pt-BR","@id":"https:\/\/www.suno.com.br\/noticias\/lucro-industrial-china-queda-anos-crescimento\/#primaryimage","url":"https:\/\/files.sunoresearch.com.br\/n\/uploads\/2018\/12\/ac839a2a-produ\u00e7\u00e3o-industrial-na-china-jpg.webp","contentUrl":"https:\/\/files.sunoresearch.com.br\/n\/uploads\/2018\/12\/ac839a2a-produ\u00e7\u00e3o-industrial-na-china-jpg.webp","width":900,"height":600,"caption":"Produ\u00e7\u00e3o industrial"},{"@type":"BreadcrumbList","@id":"https:\/\/www.suno.com.br\/noticias\/lucro-industrial-china-queda-anos-crescimento\/#breadcrumb","itemListElement":[{"@type":"ListItem","position":1,"name":"Not\u00edcias","item":"https:\/\/www.suno.com.br\/noticias\/"},{"@type":"ListItem","position":2,"name":"Internacional","item":"https:\/\/www.suno.com.br\/noticias\/internacional\/"},{"@type":"ListItem","position":3,"name":"Lucro industrial da China tem queda ap\u00f3s tr\u00eas anos de crescimento"}]},{"@type":"WebSite","@id":"https:\/\/www.suno.com.br\/noticias\/#website","url":"https:\/\/www.suno.com.br\/noticias\/","name":"Suno Not\u00edcias","description":"Seu portal de informa\u00e7\u00e3o sobre o mundo dos investimentos","publisher":{"@id":"https:\/\/www.suno.com.br\/noticias\/#organization"},"potentialAction":[{"@type":"SearchAction","target":{"@type":"EntryPoint","urlTemplate":"https:\/\/www.suno.com.br\/noticias\/?s={search_term_string}"},"query-input":{"@type":"PropertyValueSpecification","valueRequired":true,"valueName":"search_term_string"}}],"inLanguage":"pt-BR"},{"@type":"Organization","@id":"https:\/\/www.suno.com.br\/noticias\/#organization","name":"Suno Not\u00edcias","url":"https:\/\/www.suno.com.br\/noticias\/","logo":{"@type":"ImageObject","inLanguage":"pt-BR","@id":"https:\/\/www.suno.com.br\/noticias\/#\/schema\/logo\/image\/","url":"https:\/\/files.sunoresearch.com.br\/n\/uploads\/2021\/09\/suno-logo.png","contentUrl":"https:\/\/files.sunoresearch.com.br\/n\/uploads\/2021\/09\/suno-logo.png","width":180,"height":180,"caption":"Suno Not\u00edcias"},"image":{"@id":"https:\/\/www.suno.com.br\/noticias\/#\/schema\/logo\/image\/"},"sameAs":["https:\/\/facebook.com\/sunoresearch","https:\/\/x.com\/sunoresearch","https:\/\/www.instagram.com\/suno","https:\/\/www.linkedin.com\/company\/suno-research\/","https:\/\/www.youtube.com\/c\/sunoresearch"]},{"@type":"Person","@id":"https:\/\/www.suno.com.br\/noticias\/#\/schema\/person\/3f7693d5795a3f6d5ce15309ee785699","name":"Renan Dantas","image":{"@type":"ImageObject","inLanguage":"pt-BR","@id":"https:\/\/www.suno.com.br\/noticias\/#\/schema\/person\/image\/","url":"https:\/\/secure.gravatar.com\/avatar\/1787b83e7484a08e51d62ac8b41c8396?s=96&r=g","contentUrl":"https:\/\/secure.gravatar.com\/avatar\/1787b83e7484a08e51d62ac8b41c8396?s=96&r=g","caption":"Renan Dantas"},"description":"Escreve sobre pol\u00edtica e mercado financeiro para o portal Suno Not\u00edcias. Antes, atuou na assessoria de comunica\u00e7\u00e3o do Minist\u00e9rio P\u00fablico do Trabalho e na R\u00e1dio Mackenzie, onde apresentava e produzia um programa sobre artistas da m\u00fasica brasileira. \u00c9 estudante na Universidade Presbiteriana Mackenzie.","url":"https:\/\/www.suno.com.br\/noticias\/author\/renan-dantas\/"}]}},"default_loop_html":"<div class=\"cardsPage__listCard__boxs\"><div class=\"cardsPage__listCard__boxs__img\"><a href=\"https:\/\/www.suno.com.br\/noticias\/lucro-industrial-china-queda-anos-crescimento\/\"><img class=\"mask\" src=\"https:\/\/www.suno.com.br\/noticias\/wp-content\/themes\/suno\/resources\/images\/spotlight\/spotlight1img\/bg-mask.png\" alt=\"Image Mask\"\/><img src=\"https:\/\/files.sunoresearch.com.br\/n\/uploads\/2018\/12\/ac839a2a-produ\u00e7\u00e3o-industrial-na-china-400x200.webp\" alt=\"Lucro industrial da China tem queda ap\u00f3s tr\u00eas anos de crescimento\"\/><\/a><span class=\"spotlightCategory\"><a href=\"https:\/\/www.suno.com.br\/noticias\/economia\/\">Economia<\/a><\/span><\/div><div class=\"cardsPage__listCard__boxs__content\"><a href=\"https:\/\/www.suno.com.br\/noticias\/lucro-industrial-china-queda-anos-crescimento\/\"><h2 class=\"content__title\">Lucro industrial da China tem queda ap\u00f3s tr\u00eas anos de crescimento<\/h2><\/a><div class=\"newsContent__article__meta\"><div class=\"newsContent__article__meta__authorBox\"><a href=\"https:\/\/www.suno.com.br\/noticias\/author\/renan-dantas\/\" class=\"authorBox__avatar noMobi\"><img src=\"https:\/\/secure.gravatar.com\/avatar\/1787b83e7484a08e51d62ac8b41c8396?s=96&#038;r=g\" alt=\"Renan Dantas\"><\/a><div class=\"authorBox__name\"><span>por\n\t\t\t<a href=\"https:\/\/www.suno.com.br\/noticias\/author\/renan-dantas\/\"><span itemprop=\"author\">Renan Dantas<\/span><\/a><\/span><time datetime=\"2018-12-27T11:26:41-02:00\" itemprop=\"datePublished\">27\/12\/2018 11:26<\/time><\/div><\/div><\/div><\/div><\/div>","single_layout":"posts","amp_enabled":true,"_links":{"self":[{"href":"https:\/\/www.suno.com.br\/noticias\/wp-json\/wp\/v2\/posts\/9907"}],"collection":[{"href":"https:\/\/www.suno.com.br\/noticias\/wp-json\/wp\/v2\/posts"}],"about":[{"href":"https:\/\/www.suno.com.br\/noticias\/wp-json\/wp\/v2\/types\/post"}],"author":[{"embeddable":true,"href":"https:\/\/www.suno.com.br\/noticias\/wp-json\/wp\/v2\/users\/14"}],"replies":[{"embeddable":true,"href":"https:\/\/www.suno.com.br\/noticias\/wp-json\/wp\/v2\/comments?post=9907"}],"version-history":[{"count":0,"href":"https:\/\/www.suno.com.br\/noticias\/wp-json\/wp\/v2\/posts\/9907\/revisions"}],"wp:featuredmedia":[{"embeddable":true,"href":"https:\/\/www.suno.com.br\/noticias\/wp-json\/wp\/v2\/media\/8890"}],"wp:attachment":[{"href":"https:\/\/www.suno.com.br\/noticias\/wp-json\/wp\/v2\/media?parent=9907"}],"wp:term":[{"taxonomy":"category","embeddable":true,"href":"https:\/\/www.suno.com.br\/noticias\/wp-json\/wp\/v2\/categories?post=9907"},{"taxonomy":"post_tag","embeddable":true,"href":"https:\/\/www.suno.com.br\/noticias\/wp-json\/wp\/v2\/tags?post=9907"},{"taxonomy":"suno_strategy","embeddable":true,"href":"https:\/\/www.suno.com.br\/noticias\/wp-json\/wp\/v2\/suno_strategy?post=9907"}],"curies":[{"name":"wp","href":"https:\/\/api.w.org\/{rel}","templated":true}]}}