{"id":99054,"date":"2020-11-10T16:49:21","date_gmt":"2020-11-10T19:49:21","guid":{"rendered":"https:\/\/www.suno.com.br\/noticias\/?p=99054"},"modified":"2020-11-10T16:50:12","modified_gmt":"2020-11-10T19:50:12","slug":"coronavirus-europa-tera-invasao-das-praias-apos-vacina","status":"publish","type":"post","link":"https:\/\/www.suno.com.br\/noticias\/coronavirus-europa-tera-invasao-das-praias-apos-vacina\/","title":{"rendered":"Coronav\u00edrus: Europa ter\u00e1 \u201cinvas\u00e3o das praias\u201d ap\u00f3s vacina, diz CEO da Ryanair"},"content":{"rendered":"<p>O <a href=\"https:\/\/www.suno.com.br\/artigos\/ceo\/\">CEO<\/a> da Ryanair, Michael O\u2019Leary, declarou nesta ter\u00e7a-feira (10) estar \u201crazoavelmente otimista\u201c em rela\u00e7\u00e3o \u00e0 vacina do <a href=\"https:\/\/www.suno.com.br\/noticias\/?s=coronav%C3%ADrus\">novo <strong>coronav\u00edrus<\/strong> (Covid-19)<\/a> em desenvolvimento da Pfizer e de outras empresas, que ajudar\u00e3o a eliminar restri\u00e7\u00f5es de viagem, permitindo que o tr\u00e1fego volte aos n\u00edveis quase normais no ver\u00e3o da Europa, e possivelmente, na P\u00e1scoa.<\/p>\t<div class=\"wrapper-featured-image\">\n\t\t<figure class=\"spotlightImg\">\n\n\t\t\t<picture>\n\t\t\t\t<source media=\"(max-width: 768px)\" srcset=\"https:\/\/files.sunoresearch.com.br\/n\/uploads\/2020\/11\/d977ee5d-italy-2269693_1280-400x200.webp\">\n\t\t\t\t<img loading=\"lazy\" decoding=\"async\" class=\"newsContent__article__imgCapa lazyloadDisabled \" src=\"https:\/\/files.sunoresearch.com.br\/n\/uploads\/2020\/11\/d977ee5d-italy-2269693_1280-800x450.webp\" width=\"800\" height=\"450\" alt=\"Coronav\u00edrus: Europa ter\u00e1 \u201cinvas\u00e3o das praias\u201d ap\u00f3s vacina, diz CEO da Ryanair\" fetchpriority=high \/>\n\t\t\t<\/picture>\n\n\t\t\t<figcaption class=\"wp-caption-text wp-caption-text--show\">Coronav\u00edrus: Europa ter\u00e1 \u201cinvas\u00e3o das praias\u201d ap\u00f3s vacina, diz CEO da Ryanair<\/figcaption>\n\t\t<\/figure>\n\t<\/div>\n\n\n\t<p>\n\t\t<a href=\"\" target=\"_blank\" data-element=\"shortcode-suno-banner\" title=\"Banner SUNO, clique e saiba mais\">\n\t\t\t<picture>\n\t\t\t\t<source media=\"(max-width: 500px)\" srcset=\"\">\n\t\t\t\t<img class=\"newsContent__article__imgCapa newsContent__article__imgCapa--banner\"\n\t\t\t\t\tsrc=\"\"\n\t\t\t\t\tdata-promo-id=\"97204\"\t\t\t\t\t\t\t\t\t\t\t\t\t\t\talt=\"\"\n\t\t\t\t>\n\t\t\t<\/picture>\n\t\t<\/a>\n\t<\/p>\n\n\n<p>Desta forma, com a vacina do coronav\u00edrus, um dil\u00favio de viagens \u00e0s praias europeias seriam prov\u00e1veis para o pr\u00f3ximo ano, afirmou o executivo da companhia a\u00e9rea.<\/p>\n<p>Segundo O\u2019Leary,\u00a0 \u201cAcho que vai haver uma invas\u00e3o das praias de Espanha, Algarve, Can\u00e1rias, Baleares, Gr\u00e9cia e It\u00e1lia\u201d, informou durante confer\u00eancia anual World Travel Market. \u201cRealmente veremos um aumento no <strong>turismo europeu<\/strong> no pr\u00f3ximo ano.\u201d<\/p>\n<p><a href=\"https:\/\/lp.suno.com.br\/suno-one\/\">Suno One: acesse gratuitamente eBooks, Minicursos, Artigos e Video Aulas sobre investimentos com um \u00fanico cadastro. Clique para saber mais!<\/a><\/p>\n<p>A <strong>Ryanair<\/strong> planeja aumentar o volume de passageiros atrav\u00e9s de cortes de pre\u00e7os para que as tarifas n\u00e3o voltem a n\u00edveis mais altos por quatro anos, disse o CEO. Al\u00e9m disso, as negocia\u00e7\u00f5es est\u00e3o em andamento com v\u00e1rios aeroportos sobre a adi\u00e7\u00e3o de voos, com o de Stansted, pr\u00f3ximo a Londres.<\/p>\n<p>Apesar disso, este inverno ser\u00e1 de \u201cbaixa\u201d, embora possa haver algum retorno para as viagens no Natal, ressaltou o executivo.<\/p>\n<p><span style=\"font-weight: 400;\">\u00a0<div class=\"hubspot-form-wrapper\">\n\t<div id=\"single-form-target\"><\/div>\n<\/div>\n<\/span><\/p>\n<p>O\u2019Leary revelou ainda que a empresa prev\u00ea receber 30 jatos Boeing 737 Max 200 at\u00e9 o pr\u00f3ximo ver\u00e3o, al\u00e9m de mais 60 avi\u00f5es para a alta temporada em 2022. Ao passo que as discuss\u00f5es est\u00e3o em andamento para a compra de mais do\u00a0 mesmo modelo, que deve voltar a voar depois de voos interrompidos ap\u00f3s dois acidentes fatais.<\/p>\n<p><a href=\"https:\/\/www.suno.com.br\/noticias\/coronavirus-vacina-vai-mudar-o-jogo-diz-presidente-do-bc\/\">Veja Tamb\u00e9m: Coronav\u00edrus: Vacina vai mudar o jogo, diz presidente do BC<\/a><\/p>\n<p>A Ryanair tamb\u00e9m est\u00e1 interessada na variante maior do Max 10, embora um neg\u00f3cio possa demorar mais devido aos atrasos no programa, disse o CEO.<\/p>\n<p>Al\u00e9m disso, h\u00e1 perspectiva de encomendas do Airbus A320neo para o bra\u00e7o austr\u00edaco do grupo, que j\u00e1 \u00e9 cliente da Airbus. Todavia, a compra s\u00f3 acontecer\u00e1 se o fabricante europeu aceitar cortar pre\u00e7os para competir com o 737, algo que tem relutado em fazer devido \u00e0s vendas mais saud\u00e1veis, finalizou o executivo ap\u00f3s falar sobre suas perspectivas p\u00f3s-pandemia do <strong>coronav\u00edrus<\/strong>.<\/p>\n\t<p>\n\t\t<a href=\"https:\/\/lp.suno.com.br\/planilha-de-controle-de-investimentos\/\" target=\"_blank\" data-element=\"shortcode-suno-banner\" title=\"Banner SUNO, clique e saiba mais\">\n\t\t\t<picture>\n\t\t\t\t<source media=\"(max-width: 500px)\" srcset=\"https:\/\/files.sunoresearch.com.br\/n\/uploads\/2023\/03\/400x300-Controle-de-Investimentos.png\">\n\t\t\t\t<img class=\"newsContent__article__imgCapa newsContent__article__imgCapa--banner\"\n\t\t\t\t\tsrc=\"https:\/\/files.sunoresearch.com.br\/n\/uploads\/2023\/03\/1420x240-Controle-de-Investimentos.png\"\n\t\t\t\t\tdata-promo-id=\"75934\"\t\t\t\t\t\t\t\t\t\twidth='1420' height='240'\t\t\t\t\talt=\"https:\/\/files.sunoresearch.com.br\/n\/uploads\/2023\/03\/1420x240-Controle-de-Investimentos.png\"\n\t\t\t\t>\n\t\t\t<\/picture>\n\t\t<\/a>\n\t<\/p>\n\n\n","protected":false},"excerpt":{"rendered":"<p>O CEO da Ryanair, Michael O\u2019Leary, declarou nesta ter\u00e7a-feira (10) estar \u201crazoavelmente otimista\u201c em rela\u00e7\u00e3o \u00e0 vacina do novo coronav\u00edrus (Covid-19) em desenvolvimento da Pfizer e de outras empresas, que ajudar\u00e3o a eliminar restri\u00e7\u00f5es de viagem, permitindo que o tr\u00e1fego volte aos n\u00edveis quase normais no ver\u00e3o da Europa, e possivelmente, na P\u00e1scoa. Coronav\u00edrus: Europa [&hellip;]<\/p>\n","protected":false},"author":56,"featured_media":99062,"comment_status":"closed","ping_status":"closed","sticky":false,"template":"","format":"standard","meta":[],"categories":[63],"tags":[2487,710,25002],"suno_strategy":[],"class_list":["post-99054","post","type-post","status-publish","format-standard","has-post-thumbnail","hentry","category-internacional","tag-coronavirus","tag-europa","tag-vacina"],"yoast_head":"<!-- This site is optimized with the Yoast SEO plugin v24.4 - https:\/\/yoast.com\/wordpress\/plugins\/seo\/ -->\n<title>Coronav\u00edrus: Europa ter\u00e1 \u201cinvas\u00e3o das praias\u201d ap\u00f3s vacina, diz CEO<\/title>\n<meta name=\"description\" content=\"Com a vacina do coronav\u00edrus, um dil\u00favio de viagens \u00e0s praias europeias seriam prov\u00e1veis para 2021, disse o CEO. Clique aqui para sabaer mais.\" \/>\n<meta name=\"robots\" content=\"index, follow, max-snippet:-1, max-image-preview:large, max-video-preview:-1\" \/>\n<link rel=\"canonical\" href=\"https:\/\/www.suno.com.br\/noticias\/coronavirus-europa-tera-invasao-das-praias-apos-vacina\/\" \/>\n<meta property=\"og:locale\" content=\"pt_BR\" \/>\n<meta property=\"og:type\" content=\"article\" \/>\n<meta property=\"og:title\" content=\"Coronav\u00edrus: Europa ter\u00e1 \u201cinvas\u00e3o das praias\u201d ap\u00f3s vacina, diz CEO\" \/>\n<meta property=\"og:description\" content=\"Com a vacina do coronav\u00edrus, um dil\u00favio de viagens \u00e0s praias europeias seriam prov\u00e1veis para 2021, disse o CEO. Clique aqui para sabaer mais.\" \/>\n<meta property=\"og:url\" content=\"https:\/\/www.suno.com.br\/noticias\/coronavirus-europa-tera-invasao-das-praias-apos-vacina\/\" \/>\n<meta property=\"og:site_name\" content=\"Suno Not\u00edcias\" \/>\n<meta property=\"article:publisher\" content=\"https:\/\/facebook.com\/sunoresearch\" \/>\n<meta property=\"og:image\" content=\"https:\/\/files.sunoresearch.com.br\/n\/uploads\/2020\/11\/d977ee5d-italy-2269693_1280.jpg\" \/>\n\t<meta property=\"og:image:width\" content=\"1280\" \/>\n\t<meta property=\"og:image:height\" content=\"960\" \/>\n\t<meta property=\"og:image:type\" content=\"image\/jpeg\" \/>\n<meta name=\"author\" content=\"Rafaela La Regina\" \/>\n<meta name=\"twitter:card\" content=\"summary_large_image\" \/>\n<meta name=\"twitter:creator\" content=\"@sunoresearch\" \/>\n<meta name=\"twitter:site\" content=\"@sunoresearch\" \/>\n<meta name=\"twitter:label1\" content=\"Escrito por\" \/>\n\t<meta name=\"twitter:data1\" content=\"Rafaela La Regina\" \/>\n\t<meta name=\"twitter:label2\" content=\"Est. tempo de leitura\" \/>\n\t<meta name=\"twitter:data2\" content=\"2 minutos\" \/>\n<script type=\"application\/ld+json\" class=\"yoast-schema-graph\">{\"@context\":\"https:\/\/schema.org\",\"@graph\":[{\"@type\":\"NewsArticle\",\"@id\":\"https:\/\/www.suno.com.br\/noticias\/coronavirus-europa-tera-invasao-das-praias-apos-vacina\/#article\",\"isPartOf\":{\"@id\":\"https:\/\/www.suno.com.br\/noticias\/coronavirus-europa-tera-invasao-das-praias-apos-vacina\/\"},\"author\":{\"name\":\"Rafaela La Regina\",\"@id\":\"https:\/\/www.suno.com.br\/noticias\/#\/schema\/person\/e672ca8cea627fe715fa29bca7da95e0\"},\"headline\":\"Coronav\u00edrus: Europa ter\u00e1 \u201cinvas\u00e3o das praias\u201d ap\u00f3s vacina, diz CEO da Ryanair\",\"datePublished\":\"2020-11-10T19:49:21+00:00\",\"dateModified\":\"2020-11-10T19:50:12+00:00\",\"mainEntityOfPage\":{\"@id\":\"https:\/\/www.suno.com.br\/noticias\/coronavirus-europa-tera-invasao-das-praias-apos-vacina\/\"},\"wordCount\":437,\"publisher\":{\"@id\":\"https:\/\/www.suno.com.br\/noticias\/#organization\"},\"image\":{\"@id\":\"https:\/\/www.suno.com.br\/noticias\/coronavirus-europa-tera-invasao-das-praias-apos-vacina\/#primaryimage\"},\"thumbnailUrl\":\"https:\/\/files.sunoresearch.com.br\/n\/uploads\/2020\/11\/d977ee5d-italy-2269693_1280-jpg.webp\",\"keywords\":[\"coronav\u00edrus\",\"Europa\",\"vacina\"],\"articleSection\":[\"Internacional\"],\"inLanguage\":\"pt-BR\"},{\"@type\":\"WebPage\",\"@id\":\"https:\/\/www.suno.com.br\/noticias\/coronavirus-europa-tera-invasao-das-praias-apos-vacina\/\",\"url\":\"https:\/\/www.suno.com.br\/noticias\/coronavirus-europa-tera-invasao-das-praias-apos-vacina\/\",\"name\":\"Coronav\u00edrus: Europa ter\u00e1 \u201cinvas\u00e3o das praias\u201d ap\u00f3s vacina, diz CEO\",\"isPartOf\":{\"@id\":\"https:\/\/www.suno.com.br\/noticias\/#website\"},\"primaryImageOfPage\":{\"@id\":\"https:\/\/www.suno.com.br\/noticias\/coronavirus-europa-tera-invasao-das-praias-apos-vacina\/#primaryimage\"},\"image\":{\"@id\":\"https:\/\/www.suno.com.br\/noticias\/coronavirus-europa-tera-invasao-das-praias-apos-vacina\/#primaryimage\"},\"thumbnailUrl\":\"https:\/\/files.sunoresearch.com.br\/n\/uploads\/2020\/11\/d977ee5d-italy-2269693_1280-jpg.webp\",\"datePublished\":\"2020-11-10T19:49:21+00:00\",\"dateModified\":\"2020-11-10T19:50:12+00:00\",\"description\":\"Com a vacina do coronav\u00edrus, um dil\u00favio de viagens \u00e0s praias europeias seriam prov\u00e1veis para 2021, disse o CEO. Clique aqui para sabaer mais.\",\"breadcrumb\":{\"@id\":\"https:\/\/www.suno.com.br\/noticias\/coronavirus-europa-tera-invasao-das-praias-apos-vacina\/#breadcrumb\"},\"inLanguage\":\"pt-BR\",\"potentialAction\":[{\"@type\":\"ReadAction\",\"target\":[\"https:\/\/www.suno.com.br\/noticias\/coronavirus-europa-tera-invasao-das-praias-apos-vacina\/\"]}]},{\"@type\":\"ImageObject\",\"inLanguage\":\"pt-BR\",\"@id\":\"https:\/\/www.suno.com.br\/noticias\/coronavirus-europa-tera-invasao-das-praias-apos-vacina\/#primaryimage\",\"url\":\"https:\/\/files.sunoresearch.com.br\/n\/uploads\/2020\/11\/d977ee5d-italy-2269693_1280-jpg.webp\",\"contentUrl\":\"https:\/\/files.sunoresearch.com.br\/n\/uploads\/2020\/11\/d977ee5d-italy-2269693_1280-jpg.webp\",\"width\":1280,\"height\":960,\"caption\":\"Coronav\u00edrus: Europa ter\u00e1 \u201cinvas\u00e3o das praias\u201d ap\u00f3s vacina, diz CEO da Ryanair\"},{\"@type\":\"BreadcrumbList\",\"@id\":\"https:\/\/www.suno.com.br\/noticias\/coronavirus-europa-tera-invasao-das-praias-apos-vacina\/#breadcrumb\",\"itemListElement\":[{\"@type\":\"ListItem\",\"position\":1,\"name\":\"Not\u00edcias\",\"item\":\"https:\/\/www.suno.com.br\/noticias\/\"},{\"@type\":\"ListItem\",\"position\":2,\"name\":\"Internacional\",\"item\":\"https:\/\/www.suno.com.br\/noticias\/internacional\/\"},{\"@type\":\"ListItem\",\"position\":3,\"name\":\"Coronav\u00edrus: Europa ter\u00e1 \u201cinvas\u00e3o das praias\u201d ap\u00f3s vacina, diz CEO da Ryanair\"}]},{\"@type\":\"WebSite\",\"@id\":\"https:\/\/www.suno.com.br\/noticias\/#website\",\"url\":\"https:\/\/www.suno.com.br\/noticias\/\",\"name\":\"Suno Not\u00edcias\",\"description\":\"Seu portal de informa\u00e7\u00e3o sobre o mundo dos investimentos\",\"publisher\":{\"@id\":\"https:\/\/www.suno.com.br\/noticias\/#organization\"},\"potentialAction\":[{\"@type\":\"SearchAction\",\"target\":{\"@type\":\"EntryPoint\",\"urlTemplate\":\"https:\/\/www.suno.com.br\/noticias\/?s={search_term_string}\"},\"query-input\":{\"@type\":\"PropertyValueSpecification\",\"valueRequired\":true,\"valueName\":\"search_term_string\"}}],\"inLanguage\":\"pt-BR\"},{\"@type\":\"Organization\",\"@id\":\"https:\/\/www.suno.com.br\/noticias\/#organization\",\"name\":\"Suno Not\u00edcias\",\"url\":\"https:\/\/www.suno.com.br\/noticias\/\",\"logo\":{\"@type\":\"ImageObject\",\"inLanguage\":\"pt-BR\",\"@id\":\"https:\/\/www.suno.com.br\/noticias\/#\/schema\/logo\/image\/\",\"url\":\"https:\/\/files.sunoresearch.com.br\/n\/uploads\/2021\/09\/suno-logo.png\",\"contentUrl\":\"https:\/\/files.sunoresearch.com.br\/n\/uploads\/2021\/09\/suno-logo.png\",\"width\":180,\"height\":180,\"caption\":\"Suno Not\u00edcias\"},\"image\":{\"@id\":\"https:\/\/www.suno.com.br\/noticias\/#\/schema\/logo\/image\/\"},\"sameAs\":[\"https:\/\/facebook.com\/sunoresearch\",\"https:\/\/x.com\/sunoresearch\",\"https:\/\/www.instagram.com\/suno\",\"https:\/\/www.linkedin.com\/company\/suno-research\/\",\"https:\/\/www.youtube.com\/c\/sunoresearch\"]},{\"@type\":\"Person\",\"@id\":\"https:\/\/www.suno.com.br\/noticias\/#\/schema\/person\/e672ca8cea627fe715fa29bca7da95e0\",\"name\":\"Rafaela La Regina\",\"image\":{\"@type\":\"ImageObject\",\"inLanguage\":\"pt-BR\",\"@id\":\"https:\/\/www.suno.com.br\/noticias\/#\/schema\/person\/image\/\",\"url\":\"https:\/\/secure.gravatar.com\/avatar\/d2c75a52d243deb93d0465fdcb21bd37?s=96&r=g\",\"contentUrl\":\"https:\/\/secure.gravatar.com\/avatar\/d2c75a52d243deb93d0465fdcb21bd37?s=96&r=g\",\"caption\":\"Rafaela La Regina\"},\"description\":\"Estagi\u00e1ria no Suno Not\u00edcias. Escreve sobre economia, pol\u00edtica e neg\u00f3cios. Estuda Rela\u00e7\u00f5es Internacionais no IBMEC-SP.\",\"url\":\"https:\/\/www.suno.com.br\/noticias\/author\/rafaela-la-regina\/\"}]}<\/script>\n<!-- \/ Yoast SEO plugin. -->","yoast_head_json":{"title":"Coronav\u00edrus: Europa ter\u00e1 \u201cinvas\u00e3o das praias\u201d ap\u00f3s vacina, diz CEO","description":"Com a vacina do coronav\u00edrus, um dil\u00favio de viagens \u00e0s praias europeias seriam prov\u00e1veis para 2021, disse o CEO. Clique aqui para sabaer mais.","robots":{"index":"index","follow":"follow","max-snippet":"max-snippet:-1","max-image-preview":"max-image-preview:large","max-video-preview":"max-video-preview:-1"},"canonical":"https:\/\/www.suno.com.br\/noticias\/coronavirus-europa-tera-invasao-das-praias-apos-vacina\/","og_locale":"pt_BR","og_type":"article","og_title":"Coronav\u00edrus: Europa ter\u00e1 \u201cinvas\u00e3o das praias\u201d ap\u00f3s vacina, diz CEO","og_description":"Com a vacina do coronav\u00edrus, um dil\u00favio de viagens \u00e0s praias europeias seriam prov\u00e1veis para 2021, disse o CEO. Clique aqui para sabaer mais.","og_url":"https:\/\/www.suno.com.br\/noticias\/coronavirus-europa-tera-invasao-das-praias-apos-vacina\/","og_site_name":"Suno Not\u00edcias","article_publisher":"https:\/\/facebook.com\/sunoresearch","og_image":[{"width":1280,"height":960,"url":"https:\/\/files.sunoresearch.com.br\/n\/uploads\/2020\/11\/d977ee5d-italy-2269693_1280.jpg","type":"image\/jpeg"}],"author":"Rafaela La Regina","twitter_card":"summary_large_image","twitter_creator":"@sunoresearch","twitter_site":"@sunoresearch","twitter_misc":{"Escrito por":"Rafaela La Regina","Est. tempo de leitura":"2 minutos"},"schema":{"@context":"https:\/\/schema.org","@graph":[{"@type":"NewsArticle","@id":"https:\/\/www.suno.com.br\/noticias\/coronavirus-europa-tera-invasao-das-praias-apos-vacina\/#article","isPartOf":{"@id":"https:\/\/www.suno.com.br\/noticias\/coronavirus-europa-tera-invasao-das-praias-apos-vacina\/"},"author":{"name":"Rafaela La Regina","@id":"https:\/\/www.suno.com.br\/noticias\/#\/schema\/person\/e672ca8cea627fe715fa29bca7da95e0"},"headline":"Coronav\u00edrus: Europa ter\u00e1 \u201cinvas\u00e3o das praias\u201d ap\u00f3s vacina, diz CEO da Ryanair","datePublished":"2020-11-10T19:49:21+00:00","dateModified":"2020-11-10T19:50:12+00:00","mainEntityOfPage":{"@id":"https:\/\/www.suno.com.br\/noticias\/coronavirus-europa-tera-invasao-das-praias-apos-vacina\/"},"wordCount":437,"publisher":{"@id":"https:\/\/www.suno.com.br\/noticias\/#organization"},"image":{"@id":"https:\/\/www.suno.com.br\/noticias\/coronavirus-europa-tera-invasao-das-praias-apos-vacina\/#primaryimage"},"thumbnailUrl":"https:\/\/files.sunoresearch.com.br\/n\/uploads\/2020\/11\/d977ee5d-italy-2269693_1280-jpg.webp","keywords":["coronav\u00edrus","Europa","vacina"],"articleSection":["Internacional"],"inLanguage":"pt-BR"},{"@type":"WebPage","@id":"https:\/\/www.suno.com.br\/noticias\/coronavirus-europa-tera-invasao-das-praias-apos-vacina\/","url":"https:\/\/www.suno.com.br\/noticias\/coronavirus-europa-tera-invasao-das-praias-apos-vacina\/","name":"Coronav\u00edrus: Europa ter\u00e1 \u201cinvas\u00e3o das praias\u201d ap\u00f3s vacina, diz CEO","isPartOf":{"@id":"https:\/\/www.suno.com.br\/noticias\/#website"},"primaryImageOfPage":{"@id":"https:\/\/www.suno.com.br\/noticias\/coronavirus-europa-tera-invasao-das-praias-apos-vacina\/#primaryimage"},"image":{"@id":"https:\/\/www.suno.com.br\/noticias\/coronavirus-europa-tera-invasao-das-praias-apos-vacina\/#primaryimage"},"thumbnailUrl":"https:\/\/files.sunoresearch.com.br\/n\/uploads\/2020\/11\/d977ee5d-italy-2269693_1280-jpg.webp","datePublished":"2020-11-10T19:49:21+00:00","dateModified":"2020-11-10T19:50:12+00:00","description":"Com a vacina do coronav\u00edrus, um dil\u00favio de viagens \u00e0s praias europeias seriam prov\u00e1veis para 2021, disse o CEO. Clique aqui para sabaer mais.","breadcrumb":{"@id":"https:\/\/www.suno.com.br\/noticias\/coronavirus-europa-tera-invasao-das-praias-apos-vacina\/#breadcrumb"},"inLanguage":"pt-BR","potentialAction":[{"@type":"ReadAction","target":["https:\/\/www.suno.com.br\/noticias\/coronavirus-europa-tera-invasao-das-praias-apos-vacina\/"]}]},{"@type":"ImageObject","inLanguage":"pt-BR","@id":"https:\/\/www.suno.com.br\/noticias\/coronavirus-europa-tera-invasao-das-praias-apos-vacina\/#primaryimage","url":"https:\/\/files.sunoresearch.com.br\/n\/uploads\/2020\/11\/d977ee5d-italy-2269693_1280-jpg.webp","contentUrl":"https:\/\/files.sunoresearch.com.br\/n\/uploads\/2020\/11\/d977ee5d-italy-2269693_1280-jpg.webp","width":1280,"height":960,"caption":"Coronav\u00edrus: Europa ter\u00e1 \u201cinvas\u00e3o das praias\u201d ap\u00f3s vacina, diz CEO da Ryanair"},{"@type":"BreadcrumbList","@id":"https:\/\/www.suno.com.br\/noticias\/coronavirus-europa-tera-invasao-das-praias-apos-vacina\/#breadcrumb","itemListElement":[{"@type":"ListItem","position":1,"name":"Not\u00edcias","item":"https:\/\/www.suno.com.br\/noticias\/"},{"@type":"ListItem","position":2,"name":"Internacional","item":"https:\/\/www.suno.com.br\/noticias\/internacional\/"},{"@type":"ListItem","position":3,"name":"Coronav\u00edrus: Europa ter\u00e1 \u201cinvas\u00e3o das praias\u201d ap\u00f3s vacina, diz CEO da Ryanair"}]},{"@type":"WebSite","@id":"https:\/\/www.suno.com.br\/noticias\/#website","url":"https:\/\/www.suno.com.br\/noticias\/","name":"Suno Not\u00edcias","description":"Seu portal de informa\u00e7\u00e3o sobre o mundo dos investimentos","publisher":{"@id":"https:\/\/www.suno.com.br\/noticias\/#organization"},"potentialAction":[{"@type":"SearchAction","target":{"@type":"EntryPoint","urlTemplate":"https:\/\/www.suno.com.br\/noticias\/?s={search_term_string}"},"query-input":{"@type":"PropertyValueSpecification","valueRequired":true,"valueName":"search_term_string"}}],"inLanguage":"pt-BR"},{"@type":"Organization","@id":"https:\/\/www.suno.com.br\/noticias\/#organization","name":"Suno Not\u00edcias","url":"https:\/\/www.suno.com.br\/noticias\/","logo":{"@type":"ImageObject","inLanguage":"pt-BR","@id":"https:\/\/www.suno.com.br\/noticias\/#\/schema\/logo\/image\/","url":"https:\/\/files.sunoresearch.com.br\/n\/uploads\/2021\/09\/suno-logo.png","contentUrl":"https:\/\/files.sunoresearch.com.br\/n\/uploads\/2021\/09\/suno-logo.png","width":180,"height":180,"caption":"Suno Not\u00edcias"},"image":{"@id":"https:\/\/www.suno.com.br\/noticias\/#\/schema\/logo\/image\/"},"sameAs":["https:\/\/facebook.com\/sunoresearch","https:\/\/x.com\/sunoresearch","https:\/\/www.instagram.com\/suno","https:\/\/www.linkedin.com\/company\/suno-research\/","https:\/\/www.youtube.com\/c\/sunoresearch"]},{"@type":"Person","@id":"https:\/\/www.suno.com.br\/noticias\/#\/schema\/person\/e672ca8cea627fe715fa29bca7da95e0","name":"Rafaela La Regina","image":{"@type":"ImageObject","inLanguage":"pt-BR","@id":"https:\/\/www.suno.com.br\/noticias\/#\/schema\/person\/image\/","url":"https:\/\/secure.gravatar.com\/avatar\/d2c75a52d243deb93d0465fdcb21bd37?s=96&r=g","contentUrl":"https:\/\/secure.gravatar.com\/avatar\/d2c75a52d243deb93d0465fdcb21bd37?s=96&r=g","caption":"Rafaela La Regina"},"description":"Estagi\u00e1ria no Suno Not\u00edcias. Escreve sobre economia, pol\u00edtica e neg\u00f3cios. Estuda Rela\u00e7\u00f5es Internacionais no IBMEC-SP.","url":"https:\/\/www.suno.com.br\/noticias\/author\/rafaela-la-regina\/"}]}},"default_loop_html":"<div class=\"cardsPage__listCard__boxs\"><div class=\"cardsPage__listCard__boxs__img\"><a href=\"https:\/\/www.suno.com.br\/noticias\/coronavirus-europa-tera-invasao-das-praias-apos-vacina\/\"><img class=\"mask\" src=\"https:\/\/www.suno.com.br\/noticias\/wp-content\/themes\/suno\/resources\/images\/spotlight\/spotlight1img\/bg-mask.png\" alt=\"Image Mask\"\/><img src=\"https:\/\/files.sunoresearch.com.br\/n\/uploads\/2020\/11\/d977ee5d-italy-2269693_1280-400x200.webp\" alt=\"Coronav\u00edrus: Europa ter\u00e1 \u201cinvas\u00e3o das praias\u201d ap\u00f3s vacina, diz CEO da Ryanair\"\/><\/a><span class=\"spotlightCategory\"><a href=\"https:\/\/www.suno.com.br\/noticias\/internacional\/\">Internacional<\/a><\/span><\/div><div class=\"cardsPage__listCard__boxs__content\"><a href=\"https:\/\/www.suno.com.br\/noticias\/coronavirus-europa-tera-invasao-das-praias-apos-vacina\/\"><h2 class=\"content__title\">Coronav\u00edrus: Europa ter\u00e1 \u201cinvas\u00e3o das praias\u201d ap\u00f3s vacina, diz CEO da Ryanair<\/h2><\/a><div class=\"newsContent__article__meta\"><div class=\"newsContent__article__meta__authorBox\"><a href=\"https:\/\/www.suno.com.br\/noticias\/author\/rafaela-la-regina\/\" class=\"authorBox__avatar noMobi\"><img src=\"https:\/\/secure.gravatar.com\/avatar\/d2c75a52d243deb93d0465fdcb21bd37?s=96&#038;r=g\" alt=\"Rafaela La Regina\"><\/a><div class=\"authorBox__name\"><span>por\n\t\t\t<a href=\"https:\/\/www.suno.com.br\/noticias\/author\/rafaela-la-regina\/\"><span itemprop=\"author\">Rafaela La Regina<\/span><\/a><\/span><time datetime=\"2020-11-10T16:49:21-03:00\" itemprop=\"datePublished\">10\/11\/2020 16:49<\/time><\/div><\/div><\/div><\/div><\/div>","single_layout":"posts","amp_enabled":true,"_links":{"self":[{"href":"https:\/\/www.suno.com.br\/noticias\/wp-json\/wp\/v2\/posts\/99054"}],"collection":[{"href":"https:\/\/www.suno.com.br\/noticias\/wp-json\/wp\/v2\/posts"}],"about":[{"href":"https:\/\/www.suno.com.br\/noticias\/wp-json\/wp\/v2\/types\/post"}],"author":[{"embeddable":true,"href":"https:\/\/www.suno.com.br\/noticias\/wp-json\/wp\/v2\/users\/56"}],"replies":[{"embeddable":true,"href":"https:\/\/www.suno.com.br\/noticias\/wp-json\/wp\/v2\/comments?post=99054"}],"version-history":[{"count":0,"href":"https:\/\/www.suno.com.br\/noticias\/wp-json\/wp\/v2\/posts\/99054\/revisions"}],"wp:featuredmedia":[{"embeddable":true,"href":"https:\/\/www.suno.com.br\/noticias\/wp-json\/wp\/v2\/media\/99062"}],"wp:attachment":[{"href":"https:\/\/www.suno.com.br\/noticias\/wp-json\/wp\/v2\/media?parent=99054"}],"wp:term":[{"taxonomy":"category","embeddable":true,"href":"https:\/\/www.suno.com.br\/noticias\/wp-json\/wp\/v2\/categories?post=99054"},{"taxonomy":"post_tag","embeddable":true,"href":"https:\/\/www.suno.com.br\/noticias\/wp-json\/wp\/v2\/tags?post=99054"},{"taxonomy":"suno_strategy","embeddable":true,"href":"https:\/\/www.suno.com.br\/noticias\/wp-json\/wp\/v2\/suno_strategy?post=99054"}],"curies":[{"name":"wp","href":"https:\/\/api.w.org\/{rel}","templated":true}]}}