{"id":98976,"date":"2020-11-10T14:40:49","date_gmt":"2020-11-10T17:40:49","guid":{"rendered":"https:\/\/www.suno.com.br\/noticias\/?p=98976"},"modified":"2020-11-10T14:40:49","modified_gmt":"2020-11-10T17:40:49","slug":"duratex-dtex3-agudos-foi-atingida-por-incendio","status":"publish","type":"post","link":"https:\/\/www.suno.com.br\/noticias\/duratex-dtex3-agudos-foi-atingida-por-incendio\/","title":{"rendered":"Duratex (DTEX3) diz que unidade de Agudos foi atingida por inc\u00eandio"},"content":{"rendered":"<p>A <a href=\"https:\/\/www.suno.com.br\/acoes\/dtex3\/\">Duratex (DTEX3)<\/a> informou ao mercado nesta ter\u00e7a-feira (10) que ontem houve um inc\u00eandio no silo de cavacos de sua unidade de pain\u00e9is de madeira de Agudos (SP). Segundo a companhia, o inc\u00eandio foi combatido pela equipe de seguran\u00e7a da f\u00e1brica com o apoio de outras empresas locais e dos bombeiros de Agudos e de Bauru. N\u00e3o houve feridos.<\/p>\t<div class=\"wrapper-featured-image\">\n\t\t<figure class=\"spotlightImg\">\n\n\t\t\t<picture>\n\t\t\t\t<source media=\"(max-width: 768px)\" srcset=\"https:\/\/files.sunoresearch.com.br\/n\/uploads\/2019\/10\/0c8a840b-duratex-400x200.webp\">\n\t\t\t\t<img loading=\"lazy\" decoding=\"async\" class=\"newsContent__article__imgCapa lazyloadDisabled \" src=\"https:\/\/files.sunoresearch.com.br\/n\/uploads\/2019\/10\/0c8a840b-duratex-800x450.webp\" width=\"800\" height=\"450\" alt=\"Duratex (DTEX3) diz que unidade de Agudos foi atingida por inc\u00eandio\" fetchpriority=high \/>\n\t\t\t<\/picture>\n\n\t\t\t<figcaption class=\"wp-caption-text wp-caption-text--show\">Dexco (DXCO3) vai pagar R$ 249 milh\u00f5es em JCP; Veja o valor por a\u00e7\u00e3o e a data de pagamento. Foto: Divulga\u00e7\u00e3o<\/figcaption>\n\t\t<\/figure>\n\t<\/div>\n\n\n\t<p>\n\t\t<a href=\"\" target=\"_blank\" data-element=\"shortcode-suno-banner\" title=\"Banner SUNO, clique e saiba mais\">\n\t\t\t<picture>\n\t\t\t\t<source media=\"(max-width: 500px)\" srcset=\"\">\n\t\t\t\t<img class=\"newsContent__article__imgCapa newsContent__article__imgCapa--banner\"\n\t\t\t\t\tsrc=\"\"\n\t\t\t\t\tdata-promo-id=\"97204\"\t\t\t\t\t\t\t\t\t\t\t\t\t\t\talt=\"\"\n\t\t\t\t>\n\t\t\t<\/picture>\n\t\t<\/a>\n\t<\/p>\n\n\n<p>As causas do<strong> incidente<\/strong> est\u00e3o sendo avaliadas, e a Duratex estima que ser\u00e3o necess\u00e1rios at\u00e9 quatro dias para que as opera\u00e7\u00f5es sejam retomadas. Boa parte dos impactos ser\u00e1 compensada com a reprograma\u00e7\u00e3o de paradas t\u00e9cnicas que j\u00e1 estavam agendadas para os pr\u00f3ximos 45 dias, &#8220;mitigando os efeitos do incidente ainda no 4\u00ba trimestre&#8221;, de acordo com a companhia.<\/p>\n<p>Diante disso, a fabricante de materiais de acabamento n\u00e3o espera <strong>impactos<\/strong> <strong>significativos<\/strong> nos prazos de atendimento aos clientes. &#8220;Vale ressaltar, entretanto, que a Duratex possui cobertura por ap\u00f3lice de seguro contra inc\u00eandio que ser\u00e1 acionada em caso de necessidade&#8221;, afirma a companhia.<\/p>\n<p><a href=\"https:\/\/lp.suno.com.br\/suno-one\/\">Suno One: acesse gratuitamente eBooks, Minicursos, Artigos e Video Aulas sobre investimentos com um \u00fanico cadastro. Clique para saber mais!<\/a><\/p>\n<p>&#8220;A Duratex refor\u00e7a que todos os cuidados com a seguran\u00e7a de seus colaboradores est\u00e3o sendo tomados e agradece a prontid\u00e3o e o \u00e1rduo trabalho de todos os evolvidos no combate e controle do inc\u00eandio&#8221;, concluiu a empresa em seu comunicado.<\/p>\n<p>Ap\u00f3s a not\u00edcia, por volta das 14h30, as <strong>a\u00e7\u00f5es<\/strong> da Duratex, operavam em alta de 0,30%, negociadas a R$ 20,21. Por sua vez, o Ibovespa variava a\u00a0 +2,03%, a 105.563,12 pontos.<\/p>\n<h2>Duratex tem Ebitda recorde com aumento de reformas residenciais<\/h2>\n<p>A\u00a0mudan\u00e7a da h\u00e1bitos trazida pela pandemia beneficiou o resultado da <strong>Duratex<\/strong> no terceiro trimestre. O <a href=\"https:\/\/www.suno.com.br\/artigos\/lucro-liquido\/\" target=\"_blank\" rel=\"noopener noreferrer\">lucro l\u00edquido<\/a> da companhia \u00a0foi de R$ 123,9 milh\u00f5es, alta de 347,2% ante o resultado de R$ 27,7 milh\u00f5es obtido um ano antes. O <a href=\"https:\/\/www.suno.com.br\/artigos\/ebitda\/\" target=\"_blank\" rel=\"noopener noreferrer\">Ebitda<\/a> (lucro antes de juros, amortiza\u00e7\u00e3o, deprecia\u00e7\u00e3o e impostos) cresceu 58,5% para R$ 391 milh\u00f5es, melhor da hist\u00f3ria da empresa, ajudado por melhores volumes de vendas em todas as divis\u00f5es da companhia.<\/p>\n<p>De acordo com a Duratex, a melhora se explica pela recente mudan\u00e7a no dia a dia dos brasileiros. &#8220;A forma com que as pessoas se relacionam com as suas <strong>casas<\/strong> mudou, impulsionando o setor da <strong>constru\u00e7\u00e3o civil<\/strong>&#8220;, afirmou a diretoria no resultado trimestral. A empresa citou ainda <strong>novos h\u00e1bitos de consumo<\/strong> e a redu\u00e7\u00e3o da taxa de juros como fatores que impulsionaram seus resultados.<\/p>\n\t<div data-element=\"shortcode-read-more\" class=\"knowMore\">\n\t\t\t\t<span class=\"knowMore__title\">Saiba Mais<\/span>\n\t\t\t\t<a class=\"knowMore__link\" href=\"https:\/\/www.suno.com.br\/noticias\/duratex-lucro-liquido-cresce-347-para-r-1239-milhoes-no-terceiro-trimestre\/\">\n\t\t\tDuratex (DTEX3) tem Ebitda recorde com aumento de reformas residenciais\t\t<\/a>\n\t<\/div>\n\n\n<p>As vendas de <strong>pain\u00e9is de madeira<\/strong> cresceram 38,5% no trimestre, enquanto os volumes da divis\u00e3o<strong> Deca<\/strong> cresceram 25,3% na compara\u00e7\u00e3o anual. O segmento de <strong>revestimentos cer\u00e2micos<\/strong> teve alta de 46,7% nos volumes.<\/p>\n<p>A <a href=\"https:\/\/www.suno.com.br\/artigos\/o-que-receita-liquida\/\" target=\"_blank\" rel=\"noopener noreferrer\"><strong>receita l\u00edquida<\/strong><\/a> consolidada da Duratex avan\u00e7ou 35,9% para R$ 1,77 bilh\u00e3o. A receita l\u00edquida obtida no mercado externo cresceu 59,4% e somou R$ 329 milh\u00f5es, ajudada pela<strong> desvaloriza\u00e7\u00e3o cambial<\/strong> e pelo\u00a0aumento dos volumes exportados.\u00a0Assim, a participa\u00e7\u00e3o do mercado\u00a0externo na receita total representou 18,5%.<\/p>\n<p><em>Com informa\u00e7\u00f5es do Estad\u00e3o Conte\u00fado.<\/em><\/p>\n\t<p>\n\t\t<a href=\"https:\/\/lp.suno.com.br\/planilha-de-controle-de-investimentos\/\" target=\"_blank\" data-element=\"shortcode-suno-banner\" title=\"Banner SUNO, clique e saiba mais\">\n\t\t\t<picture>\n\t\t\t\t<source media=\"(max-width: 500px)\" srcset=\"https:\/\/files.sunoresearch.com.br\/n\/uploads\/2023\/03\/400x300-Controle-de-Investimentos.png\">\n\t\t\t\t<img class=\"newsContent__article__imgCapa newsContent__article__imgCapa--banner\"\n\t\t\t\t\tsrc=\"https:\/\/files.sunoresearch.com.br\/n\/uploads\/2023\/03\/1420x240-Controle-de-Investimentos.png\"\n\t\t\t\t\tdata-promo-id=\"75934\"\t\t\t\t\t\t\t\t\t\twidth='1420' height='240'\t\t\t\t\talt=\"https:\/\/files.sunoresearch.com.br\/n\/uploads\/2023\/03\/1420x240-Controle-de-Investimentos.png\"\n\t\t\t\t>\n\t\t\t<\/picture>\n\t\t<\/a>\n\t<\/p>\n\n\n","protected":false},"excerpt":{"rendered":"<p>A Duratex (DTEX3) informou ao mercado nesta ter\u00e7a-feira (10) que ontem houve um inc\u00eandio no silo de cavacos de sua unidade de pain\u00e9is de madeira de Agudos (SP). Segundo a companhia, o inc\u00eandio foi combatido pela equipe de seguran\u00e7a da f\u00e1brica com o apoio de outras empresas locais e dos bombeiros de Agudos e de [&hellip;]<\/p>\n","protected":false},"author":15,"featured_media":42910,"comment_status":"closed","ping_status":"closed","sticky":false,"template":"","format":"standard","meta":[],"categories":[64],"tags":[451],"suno_strategy":[],"class_list":["post-98976","post","type-post","status-publish","format-standard","has-post-thumbnail","hentry","category-negocios","tag-duratex-dtex3"],"yoast_head":"<!-- This site is optimized with the Yoast SEO plugin v24.4 - https:\/\/yoast.com\/wordpress\/plugins\/seo\/ -->\n<title>Duratex (DTEX3) diz que unidade de Agudos foi atingida por inc\u00eandio<\/title>\n<meta name=\"description\" content=\"A Duratex (DTEX3) informou ao mercado nesta ter\u00e7a-feira (10) que ontem houve um inc\u00eandio em Agudos (SP). Clique aqui e saiba mais\" \/>\n<meta name=\"robots\" content=\"index, follow, max-snippet:-1, max-image-preview:large, max-video-preview:-1\" \/>\n<link rel=\"canonical\" href=\"https:\/\/www.suno.com.br\/noticias\/duratex-dtex3-agudos-foi-atingida-por-incendio\/\" \/>\n<meta property=\"og:locale\" content=\"pt_BR\" \/>\n<meta property=\"og:type\" content=\"article\" \/>\n<meta property=\"og:title\" content=\"Duratex (DTEX3) diz que unidade de Agudos foi atingida por inc\u00eandio\" \/>\n<meta property=\"og:description\" content=\"A Duratex (DTEX3) informou ao mercado nesta ter\u00e7a-feira (10) que ontem houve um inc\u00eandio em Agudos (SP). Clique aqui e saiba mais\" \/>\n<meta property=\"og:url\" content=\"https:\/\/www.suno.com.br\/noticias\/duratex-dtex3-agudos-foi-atingida-por-incendio\/\" \/>\n<meta property=\"og:site_name\" content=\"Suno Not\u00edcias\" \/>\n<meta property=\"article:publisher\" content=\"https:\/\/facebook.com\/sunoresearch\" \/>\n<meta property=\"og:image\" content=\"https:\/\/files.sunoresearch.com.br\/n\/uploads\/2019\/10\/0c8a840b-duratex.jpg\" \/>\n\t<meta property=\"og:image:width\" content=\"2000\" \/>\n\t<meta property=\"og:image:height\" content=\"1345\" \/>\n\t<meta property=\"og:image:type\" content=\"image\/jpeg\" \/>\n<meta name=\"author\" content=\"Poliana Santos\" \/>\n<meta name=\"twitter:card\" content=\"summary_large_image\" \/>\n<meta name=\"twitter:creator\" content=\"@sunoresearch\" \/>\n<meta name=\"twitter:site\" content=\"@sunoresearch\" \/>\n<meta name=\"twitter:label1\" content=\"Escrito por\" \/>\n\t<meta name=\"twitter:data1\" content=\"Poliana Santos\" \/>\n\t<meta name=\"twitter:label2\" content=\"Est. tempo de leitura\" \/>\n\t<meta name=\"twitter:data2\" content=\"3 minutos\" \/>\n<script type=\"application\/ld+json\" class=\"yoast-schema-graph\">{\"@context\":\"https:\/\/schema.org\",\"@graph\":[{\"@type\":\"NewsArticle\",\"@id\":\"https:\/\/www.suno.com.br\/noticias\/duratex-dtex3-agudos-foi-atingida-por-incendio\/#article\",\"isPartOf\":{\"@id\":\"https:\/\/www.suno.com.br\/noticias\/duratex-dtex3-agudos-foi-atingida-por-incendio\/\"},\"author\":{\"name\":\"Poliana Santos\",\"@id\":\"https:\/\/www.suno.com.br\/noticias\/#\/schema\/person\/02ec1f752758247878a2bf4abee1aeda\"},\"headline\":\"Duratex (DTEX3) diz que unidade de Agudos foi atingida por inc\u00eandio\",\"datePublished\":\"2020-11-10T17:40:49+00:00\",\"mainEntityOfPage\":{\"@id\":\"https:\/\/www.suno.com.br\/noticias\/duratex-dtex3-agudos-foi-atingida-por-incendio\/\"},\"wordCount\":537,\"publisher\":{\"@id\":\"https:\/\/www.suno.com.br\/noticias\/#organization\"},\"image\":{\"@id\":\"https:\/\/www.suno.com.br\/noticias\/duratex-dtex3-agudos-foi-atingida-por-incendio\/#primaryimage\"},\"thumbnailUrl\":\"https:\/\/files.sunoresearch.com.br\/n\/uploads\/2019\/10\/0c8a840b-duratex-jpg.webp\",\"keywords\":[\"Duratex (DTEX3)\"],\"articleSection\":[\"Neg\u00f3cios\"],\"inLanguage\":\"pt-BR\"},{\"@type\":\"WebPage\",\"@id\":\"https:\/\/www.suno.com.br\/noticias\/duratex-dtex3-agudos-foi-atingida-por-incendio\/\",\"url\":\"https:\/\/www.suno.com.br\/noticias\/duratex-dtex3-agudos-foi-atingida-por-incendio\/\",\"name\":\"Duratex (DTEX3) diz que unidade de Agudos foi atingida por inc\u00eandio\",\"isPartOf\":{\"@id\":\"https:\/\/www.suno.com.br\/noticias\/#website\"},\"primaryImageOfPage\":{\"@id\":\"https:\/\/www.suno.com.br\/noticias\/duratex-dtex3-agudos-foi-atingida-por-incendio\/#primaryimage\"},\"image\":{\"@id\":\"https:\/\/www.suno.com.br\/noticias\/duratex-dtex3-agudos-foi-atingida-por-incendio\/#primaryimage\"},\"thumbnailUrl\":\"https:\/\/files.sunoresearch.com.br\/n\/uploads\/2019\/10\/0c8a840b-duratex-jpg.webp\",\"datePublished\":\"2020-11-10T17:40:49+00:00\",\"description\":\"A Duratex (DTEX3) informou ao mercado nesta ter\u00e7a-feira (10) que ontem houve um inc\u00eandio em Agudos (SP). Clique aqui e saiba mais\",\"breadcrumb\":{\"@id\":\"https:\/\/www.suno.com.br\/noticias\/duratex-dtex3-agudos-foi-atingida-por-incendio\/#breadcrumb\"},\"inLanguage\":\"pt-BR\",\"potentialAction\":[{\"@type\":\"ReadAction\",\"target\":[\"https:\/\/www.suno.com.br\/noticias\/duratex-dtex3-agudos-foi-atingida-por-incendio\/\"]}]},{\"@type\":\"ImageObject\",\"inLanguage\":\"pt-BR\",\"@id\":\"https:\/\/www.suno.com.br\/noticias\/duratex-dtex3-agudos-foi-atingida-por-incendio\/#primaryimage\",\"url\":\"https:\/\/files.sunoresearch.com.br\/n\/uploads\/2019\/10\/0c8a840b-duratex-jpg.webp\",\"contentUrl\":\"https:\/\/files.sunoresearch.com.br\/n\/uploads\/2019\/10\/0c8a840b-duratex-jpg.webp\",\"width\":2000,\"height\":1345,\"caption\":\"Dexco (DXCO3) vai pagar R$ 249 milh\u00f5es em JCP; Veja o valor por a\u00e7\u00e3o e a data de pagamento. Foto: Divulga\u00e7\u00e3o\"},{\"@type\":\"BreadcrumbList\",\"@id\":\"https:\/\/www.suno.com.br\/noticias\/duratex-dtex3-agudos-foi-atingida-por-incendio\/#breadcrumb\",\"itemListElement\":[{\"@type\":\"ListItem\",\"position\":1,\"name\":\"Not\u00edcias\",\"item\":\"https:\/\/www.suno.com.br\/noticias\/\"},{\"@type\":\"ListItem\",\"position\":2,\"name\":\"Neg\u00f3cios\",\"item\":\"https:\/\/www.suno.com.br\/noticias\/negocios\/\"},{\"@type\":\"ListItem\",\"position\":3,\"name\":\"Duratex (DTEX3) diz que unidade de Agudos foi atingida por inc\u00eandio\"}]},{\"@type\":\"WebSite\",\"@id\":\"https:\/\/www.suno.com.br\/noticias\/#website\",\"url\":\"https:\/\/www.suno.com.br\/noticias\/\",\"name\":\"Suno Not\u00edcias\",\"description\":\"Seu portal de informa\u00e7\u00e3o sobre o mundo dos investimentos\",\"publisher\":{\"@id\":\"https:\/\/www.suno.com.br\/noticias\/#organization\"},\"potentialAction\":[{\"@type\":\"SearchAction\",\"target\":{\"@type\":\"EntryPoint\",\"urlTemplate\":\"https:\/\/www.suno.com.br\/noticias\/?s={search_term_string}\"},\"query-input\":{\"@type\":\"PropertyValueSpecification\",\"valueRequired\":true,\"valueName\":\"search_term_string\"}}],\"inLanguage\":\"pt-BR\"},{\"@type\":\"Organization\",\"@id\":\"https:\/\/www.suno.com.br\/noticias\/#organization\",\"name\":\"Suno Not\u00edcias\",\"url\":\"https:\/\/www.suno.com.br\/noticias\/\",\"logo\":{\"@type\":\"ImageObject\",\"inLanguage\":\"pt-BR\",\"@id\":\"https:\/\/www.suno.com.br\/noticias\/#\/schema\/logo\/image\/\",\"url\":\"https:\/\/files.sunoresearch.com.br\/n\/uploads\/2021\/09\/suno-logo.png\",\"contentUrl\":\"https:\/\/files.sunoresearch.com.br\/n\/uploads\/2021\/09\/suno-logo.png\",\"width\":180,\"height\":180,\"caption\":\"Suno Not\u00edcias\"},\"image\":{\"@id\":\"https:\/\/www.suno.com.br\/noticias\/#\/schema\/logo\/image\/\"},\"sameAs\":[\"https:\/\/facebook.com\/sunoresearch\",\"https:\/\/x.com\/sunoresearch\",\"https:\/\/www.instagram.com\/suno\",\"https:\/\/www.linkedin.com\/company\/suno-research\/\",\"https:\/\/www.youtube.com\/c\/sunoresearch\"]},{\"@type\":\"Person\",\"@id\":\"https:\/\/www.suno.com.br\/noticias\/#\/schema\/person\/02ec1f752758247878a2bf4abee1aeda\",\"name\":\"Poliana Santos\",\"image\":{\"@type\":\"ImageObject\",\"inLanguage\":\"pt-BR\",\"@id\":\"https:\/\/www.suno.com.br\/noticias\/#\/schema\/person\/image\/\",\"url\":\"https:\/\/secure.gravatar.com\/avatar\/0645bd32f23d87b2130f2b2dff1d3f8d?s=96&r=g\",\"contentUrl\":\"https:\/\/secure.gravatar.com\/avatar\/0645bd32f23d87b2130f2b2dff1d3f8d?s=96&r=g\",\"caption\":\"Poliana Santos\"},\"description\":\"Rep\u00f3rter no Suno Not\u00edcias, com cobertura em mercado financeiro, economia, finan\u00e7as pessoais, renda fixa e varejo. Jornalista formada pela Faculdade C\u00e1sper L\u00edbero e possui passagem na R\u00e1dio Gazeta AM com a produ\u00e7\u00e3o de conte\u00fado sobre economia, pol\u00edtica, sa\u00fade, moda e m\u00fasica. Possui certificado de conclus\u00e3o do curso de An\u00e1lise de Balan\u00e7os pela Funda\u00e7\u00e3o Bradesco, Agenda Brasil pela FAAP, Educa\u00e7\u00e3o Pol\u00edtica por Alexandre Garcia e do Tesouro Direto e Mercado de A\u00e7\u00f5es pela B3.\",\"url\":\"https:\/\/www.suno.com.br\/noticias\/author\/poliana-santos\/\"}]}<\/script>\n<!-- \/ Yoast SEO plugin. -->","yoast_head_json":{"title":"Duratex (DTEX3) diz que unidade de Agudos foi atingida por inc\u00eandio","description":"A Duratex (DTEX3) informou ao mercado nesta ter\u00e7a-feira (10) que ontem houve um inc\u00eandio em Agudos (SP). Clique aqui e saiba mais","robots":{"index":"index","follow":"follow","max-snippet":"max-snippet:-1","max-image-preview":"max-image-preview:large","max-video-preview":"max-video-preview:-1"},"canonical":"https:\/\/www.suno.com.br\/noticias\/duratex-dtex3-agudos-foi-atingida-por-incendio\/","og_locale":"pt_BR","og_type":"article","og_title":"Duratex (DTEX3) diz que unidade de Agudos foi atingida por inc\u00eandio","og_description":"A Duratex (DTEX3) informou ao mercado nesta ter\u00e7a-feira (10) que ontem houve um inc\u00eandio em Agudos (SP). Clique aqui e saiba mais","og_url":"https:\/\/www.suno.com.br\/noticias\/duratex-dtex3-agudos-foi-atingida-por-incendio\/","og_site_name":"Suno Not\u00edcias","article_publisher":"https:\/\/facebook.com\/sunoresearch","og_image":[{"width":2000,"height":1345,"url":"https:\/\/files.sunoresearch.com.br\/n\/uploads\/2019\/10\/0c8a840b-duratex.jpg","type":"image\/jpeg"}],"author":"Poliana Santos","twitter_card":"summary_large_image","twitter_creator":"@sunoresearch","twitter_site":"@sunoresearch","twitter_misc":{"Escrito por":"Poliana Santos","Est. tempo de leitura":"3 minutos"},"schema":{"@context":"https:\/\/schema.org","@graph":[{"@type":"NewsArticle","@id":"https:\/\/www.suno.com.br\/noticias\/duratex-dtex3-agudos-foi-atingida-por-incendio\/#article","isPartOf":{"@id":"https:\/\/www.suno.com.br\/noticias\/duratex-dtex3-agudos-foi-atingida-por-incendio\/"},"author":{"name":"Poliana Santos","@id":"https:\/\/www.suno.com.br\/noticias\/#\/schema\/person\/02ec1f752758247878a2bf4abee1aeda"},"headline":"Duratex (DTEX3) diz que unidade de Agudos foi atingida por inc\u00eandio","datePublished":"2020-11-10T17:40:49+00:00","mainEntityOfPage":{"@id":"https:\/\/www.suno.com.br\/noticias\/duratex-dtex3-agudos-foi-atingida-por-incendio\/"},"wordCount":537,"publisher":{"@id":"https:\/\/www.suno.com.br\/noticias\/#organization"},"image":{"@id":"https:\/\/www.suno.com.br\/noticias\/duratex-dtex3-agudos-foi-atingida-por-incendio\/#primaryimage"},"thumbnailUrl":"https:\/\/files.sunoresearch.com.br\/n\/uploads\/2019\/10\/0c8a840b-duratex-jpg.webp","keywords":["Duratex (DTEX3)"],"articleSection":["Neg\u00f3cios"],"inLanguage":"pt-BR"},{"@type":"WebPage","@id":"https:\/\/www.suno.com.br\/noticias\/duratex-dtex3-agudos-foi-atingida-por-incendio\/","url":"https:\/\/www.suno.com.br\/noticias\/duratex-dtex3-agudos-foi-atingida-por-incendio\/","name":"Duratex (DTEX3) diz que unidade de Agudos foi atingida por inc\u00eandio","isPartOf":{"@id":"https:\/\/www.suno.com.br\/noticias\/#website"},"primaryImageOfPage":{"@id":"https:\/\/www.suno.com.br\/noticias\/duratex-dtex3-agudos-foi-atingida-por-incendio\/#primaryimage"},"image":{"@id":"https:\/\/www.suno.com.br\/noticias\/duratex-dtex3-agudos-foi-atingida-por-incendio\/#primaryimage"},"thumbnailUrl":"https:\/\/files.sunoresearch.com.br\/n\/uploads\/2019\/10\/0c8a840b-duratex-jpg.webp","datePublished":"2020-11-10T17:40:49+00:00","description":"A Duratex (DTEX3) informou ao mercado nesta ter\u00e7a-feira (10) que ontem houve um inc\u00eandio em Agudos (SP). Clique aqui e saiba mais","breadcrumb":{"@id":"https:\/\/www.suno.com.br\/noticias\/duratex-dtex3-agudos-foi-atingida-por-incendio\/#breadcrumb"},"inLanguage":"pt-BR","potentialAction":[{"@type":"ReadAction","target":["https:\/\/www.suno.com.br\/noticias\/duratex-dtex3-agudos-foi-atingida-por-incendio\/"]}]},{"@type":"ImageObject","inLanguage":"pt-BR","@id":"https:\/\/www.suno.com.br\/noticias\/duratex-dtex3-agudos-foi-atingida-por-incendio\/#primaryimage","url":"https:\/\/files.sunoresearch.com.br\/n\/uploads\/2019\/10\/0c8a840b-duratex-jpg.webp","contentUrl":"https:\/\/files.sunoresearch.com.br\/n\/uploads\/2019\/10\/0c8a840b-duratex-jpg.webp","width":2000,"height":1345,"caption":"Dexco (DXCO3) vai pagar R$ 249 milh\u00f5es em JCP; Veja o valor por a\u00e7\u00e3o e a data de pagamento. Foto: Divulga\u00e7\u00e3o"},{"@type":"BreadcrumbList","@id":"https:\/\/www.suno.com.br\/noticias\/duratex-dtex3-agudos-foi-atingida-por-incendio\/#breadcrumb","itemListElement":[{"@type":"ListItem","position":1,"name":"Not\u00edcias","item":"https:\/\/www.suno.com.br\/noticias\/"},{"@type":"ListItem","position":2,"name":"Neg\u00f3cios","item":"https:\/\/www.suno.com.br\/noticias\/negocios\/"},{"@type":"ListItem","position":3,"name":"Duratex (DTEX3) diz que unidade de Agudos foi atingida por inc\u00eandio"}]},{"@type":"WebSite","@id":"https:\/\/www.suno.com.br\/noticias\/#website","url":"https:\/\/www.suno.com.br\/noticias\/","name":"Suno Not\u00edcias","description":"Seu portal de informa\u00e7\u00e3o sobre o mundo dos investimentos","publisher":{"@id":"https:\/\/www.suno.com.br\/noticias\/#organization"},"potentialAction":[{"@type":"SearchAction","target":{"@type":"EntryPoint","urlTemplate":"https:\/\/www.suno.com.br\/noticias\/?s={search_term_string}"},"query-input":{"@type":"PropertyValueSpecification","valueRequired":true,"valueName":"search_term_string"}}],"inLanguage":"pt-BR"},{"@type":"Organization","@id":"https:\/\/www.suno.com.br\/noticias\/#organization","name":"Suno Not\u00edcias","url":"https:\/\/www.suno.com.br\/noticias\/","logo":{"@type":"ImageObject","inLanguage":"pt-BR","@id":"https:\/\/www.suno.com.br\/noticias\/#\/schema\/logo\/image\/","url":"https:\/\/files.sunoresearch.com.br\/n\/uploads\/2021\/09\/suno-logo.png","contentUrl":"https:\/\/files.sunoresearch.com.br\/n\/uploads\/2021\/09\/suno-logo.png","width":180,"height":180,"caption":"Suno Not\u00edcias"},"image":{"@id":"https:\/\/www.suno.com.br\/noticias\/#\/schema\/logo\/image\/"},"sameAs":["https:\/\/facebook.com\/sunoresearch","https:\/\/x.com\/sunoresearch","https:\/\/www.instagram.com\/suno","https:\/\/www.linkedin.com\/company\/suno-research\/","https:\/\/www.youtube.com\/c\/sunoresearch"]},{"@type":"Person","@id":"https:\/\/www.suno.com.br\/noticias\/#\/schema\/person\/02ec1f752758247878a2bf4abee1aeda","name":"Poliana Santos","image":{"@type":"ImageObject","inLanguage":"pt-BR","@id":"https:\/\/www.suno.com.br\/noticias\/#\/schema\/person\/image\/","url":"https:\/\/secure.gravatar.com\/avatar\/0645bd32f23d87b2130f2b2dff1d3f8d?s=96&r=g","contentUrl":"https:\/\/secure.gravatar.com\/avatar\/0645bd32f23d87b2130f2b2dff1d3f8d?s=96&r=g","caption":"Poliana Santos"},"description":"Rep\u00f3rter no Suno Not\u00edcias, com cobertura em mercado financeiro, economia, finan\u00e7as pessoais, renda fixa e varejo. Jornalista formada pela Faculdade C\u00e1sper L\u00edbero e possui passagem na R\u00e1dio Gazeta AM com a produ\u00e7\u00e3o de conte\u00fado sobre economia, pol\u00edtica, sa\u00fade, moda e m\u00fasica. Possui certificado de conclus\u00e3o do curso de An\u00e1lise de Balan\u00e7os pela Funda\u00e7\u00e3o Bradesco, Agenda Brasil pela FAAP, Educa\u00e7\u00e3o Pol\u00edtica por Alexandre Garcia e do Tesouro Direto e Mercado de A\u00e7\u00f5es pela B3.","url":"https:\/\/www.suno.com.br\/noticias\/author\/poliana-santos\/"}]}},"default_loop_html":"<div class=\"cardsPage__listCard__boxs\"><div class=\"cardsPage__listCard__boxs__img\"><a href=\"https:\/\/www.suno.com.br\/noticias\/duratex-dtex3-agudos-foi-atingida-por-incendio\/\"><img class=\"mask\" src=\"https:\/\/www.suno.com.br\/noticias\/wp-content\/themes\/suno\/resources\/images\/spotlight\/spotlight1img\/bg-mask.png\" alt=\"Image Mask\"\/><img src=\"https:\/\/files.sunoresearch.com.br\/n\/uploads\/2019\/10\/0c8a840b-duratex-400x200.webp\" alt=\"Duratex (DTEX3) diz que unidade de Agudos foi atingida por inc\u00eandio\"\/><\/a><span class=\"spotlightCategory\"><a href=\"https:\/\/www.suno.com.br\/noticias\/negocios\/\">Neg\u00f3cios<\/a><\/span><\/div><div class=\"cardsPage__listCard__boxs__content\"><a href=\"https:\/\/www.suno.com.br\/noticias\/duratex-dtex3-agudos-foi-atingida-por-incendio\/\"><h2 class=\"content__title\">Duratex (DTEX3) diz que unidade de Agudos foi atingida por inc\u00eandio<\/h2><\/a><div class=\"newsContent__article__meta\"><div class=\"newsContent__article__meta__authorBox\"><a href=\"https:\/\/www.suno.com.br\/noticias\/author\/poliana-santos\/\" class=\"authorBox__avatar noMobi\"><img src=\"https:\/\/files.sunoresearch.com.br\/n\/uploads\/2020\/08\/7ef34026-whatsapp-image-2020-08-03-at-12.37.57-150x150.webp\" alt=\"Poliana Santos\"><\/a><div class=\"authorBox__name\"><span>por\n\t\t\t<a href=\"https:\/\/www.suno.com.br\/noticias\/author\/poliana-santos\/\"><span itemprop=\"author\">Poliana Santos<\/span><\/a><\/span><time datetime=\"2020-11-10T14:40:49-03:00\" itemprop=\"datePublished\">10\/11\/2020 14:40<\/time><\/div><\/div><\/div><\/div><\/div>","single_layout":"posts","amp_enabled":true,"_links":{"self":[{"href":"https:\/\/www.suno.com.br\/noticias\/wp-json\/wp\/v2\/posts\/98976"}],"collection":[{"href":"https:\/\/www.suno.com.br\/noticias\/wp-json\/wp\/v2\/posts"}],"about":[{"href":"https:\/\/www.suno.com.br\/noticias\/wp-json\/wp\/v2\/types\/post"}],"author":[{"embeddable":true,"href":"https:\/\/www.suno.com.br\/noticias\/wp-json\/wp\/v2\/users\/15"}],"replies":[{"embeddable":true,"href":"https:\/\/www.suno.com.br\/noticias\/wp-json\/wp\/v2\/comments?post=98976"}],"version-history":[{"count":0,"href":"https:\/\/www.suno.com.br\/noticias\/wp-json\/wp\/v2\/posts\/98976\/revisions"}],"wp:featuredmedia":[{"embeddable":true,"href":"https:\/\/www.suno.com.br\/noticias\/wp-json\/wp\/v2\/media\/42910"}],"wp:attachment":[{"href":"https:\/\/www.suno.com.br\/noticias\/wp-json\/wp\/v2\/media?parent=98976"}],"wp:term":[{"taxonomy":"category","embeddable":true,"href":"https:\/\/www.suno.com.br\/noticias\/wp-json\/wp\/v2\/categories?post=98976"},{"taxonomy":"post_tag","embeddable":true,"href":"https:\/\/www.suno.com.br\/noticias\/wp-json\/wp\/v2\/tags?post=98976"},{"taxonomy":"suno_strategy","embeddable":true,"href":"https:\/\/www.suno.com.br\/noticias\/wp-json\/wp\/v2\/suno_strategy?post=98976"}],"curies":[{"name":"wp","href":"https:\/\/api.w.org\/{rel}","templated":true}]}}