{"id":98972,"date":"2020-11-10T13:16:52","date_gmt":"2020-11-10T16:16:52","guid":{"rendered":"https:\/\/www.suno.com.br\/noticias\/?p=98972"},"modified":"2021-02-18T17:27:47","modified_gmt":"2021-02-18T20:27:47","slug":"terceiro-trimestre-multicanalidade-magazine-luiza-mglu3","status":"publish","type":"post","link":"https:\/\/www.suno.com.br\/noticias\/terceiro-trimestre-multicanalidade-magazine-luiza-mglu3\/","title":{"rendered":"Magazine Luiza (MGLU3) consolidou estrat\u00e9gia multicanal, diz Trajano"},"content":{"rendered":"<p>O presidente do <a href=\"https:\/\/www.suno.com.br\/acoes\/mglu3\/\"><strong>Magazine Luiza<\/strong> (MGLU3)<\/a>, <a href=\"https:\/\/www.suno.com.br\/tudo-sobre\/frederico-trajano\/#:~:text=Frederico%20Trajano%20%C3%A9%20o%20CEO,25%25%20do%20faturamento%20da%20varejista.\">Frederico Trajano<\/a>, disse que o terceiro trimestre deste ano consagrou o modelo de neg\u00f3cios focado em multicanalidade da varejista. A declara\u00e7\u00e3o foi dada em teleconfer\u00eancia nesta manh\u00e3, sobre o balan\u00e7o divulgado na \u00faltima segunda-feira (9).<\/p>\t<div class=\"wrapper-featured-image\">\n\t\t<figure class=\"spotlightImg\">\n\n\t\t\t<picture>\n\t\t\t\t<source media=\"(max-width: 768px)\" srcset=\"https:\/\/files.sunoresearch.com.br\/n\/uploads\/2019\/08\/11036ee4-magazine-luiza-400x200.webp\">\n\t\t\t\t<img loading=\"lazy\" decoding=\"async\" class=\"newsContent__article__imgCapa lazyloadDisabled \" src=\"https:\/\/files.sunoresearch.com.br\/n\/uploads\/2019\/08\/11036ee4-magazine-luiza-800x450.webp\" width=\"800\" height=\"450\" alt=\"Magazine Luiza (MGLU3) consolidou estrat\u00e9gia multicanal, diz Trajano\" fetchpriority=high \/>\n\t\t\t<\/picture>\n\n\t\t\t<figcaption class=\"wp-caption-text wp-caption-text--show\">O presidente do Magazine Luiza (MGLU3), Frederico Trajano, disse que o terceiro trimestre consagrou a multicanalidade da empresa. <\/figcaption>\n\t\t<\/figure>\n\t<\/div>\n\n\n\t<p>\n\t\t<a href=\"\" target=\"_blank\" data-element=\"shortcode-suno-banner\" title=\"Banner SUNO, clique e saiba mais\">\n\t\t\t<picture>\n\t\t\t\t<source media=\"(max-width: 500px)\" srcset=\"\">\n\t\t\t\t<img class=\"newsContent__article__imgCapa newsContent__article__imgCapa--banner\"\n\t\t\t\t\tsrc=\"\"\n\t\t\t\t\tdata-promo-id=\"97204\"\t\t\t\t\t\t\t\t\t\t\t\t\t\t\talt=\"\"\n\t\t\t\t>\n\t\t\t<\/picture>\n\t\t<\/a>\n\t<\/p>\n\n\n<p>Ap\u00f3s o fechamento do \u00faltimo preg\u00e3o, o Mazine Luiza apresentou o <strong>lucro l\u00edquido<\/strong> R$ 216 milh\u00f5es auferido durante o per\u00edodo de julho e setembro. O resultado equivale a um crescimento de 70% sobre registrado no mesmo intervalo do ano passado.<\/p>\n<p>A companhia registrou o <a href=\"https:\/\/www.suno.com.br\/noticias\/bradesco-bbi-preco-alvo-magazine-luiza-mglu3\/\">maior crescimento trimestral da hist\u00f3ria<\/a>. Entre julho e setembro, as vendas totais atingiram R$ 12,4 bilh\u00f5es, um avan\u00e7o de 81,2% na compara\u00e7\u00e3o anualizada. O resultado adv\u00e9m de um crescimento de 148,5% no <strong>e-commerce<\/strong> total e de 18,3% nas lojas f\u00edsicas.<\/p>\n<p><a href=\"https:\/\/lp.suno.com.br\/suno-one\/\">No Suno One voc\u00ea aprende a fazer seu dinheiro para trabalhar para voc\u00ea. Cadastre-se gratuitamente agora!<\/a><\/p>\n<p>&#8220;O Magalu conseguiu, nesse trimestre, mostrar o poder do seu modelo, esse modelo que vem sendo refinado e desenvolvido ao longo de duas d\u00e9cadas. Acredito que esse trimestre consagra esse modelo superior multicanal&#8221;, disse <strong>Trajano<\/strong>, ao comparar o <strong>Magalu<\/strong> a uma empresa digital com forte crescimento e rentabilidade.<\/p>\n<p>Embora o com\u00e9rcio eletr\u00f4nico tenha apresentado forte avan\u00e7o no trimestre, o <a href=\"https:\/\/www.suno.com.br\/artigos\/ceo\/\">CEO<\/a> ressaltou que o foco da empresa est\u00e1 tanto na parte on-line como f\u00edsico. &#8220;Somos agn\u00f3sticos em rela\u00e7\u00e3o a canal. Obviamente temos sido muito bem sucedidos no e-commerce, mas nunca deixamos nossas lojas f\u00edsicas de lojas. O importante \u00e9 crescer o todo&#8221;.<\/p>\n<h2>Magazine Luiza ganhou market share<\/h2>\n<p>De acordo com dados da consultoria GFK, a participa\u00e7\u00e3o de mercado do Magazine Luiza cresceu 5,4% durante o terceiro trimestre, em compara\u00e7\u00e3o com o mesmo per\u00edodo do ano passado.<br \/>\n\t<p>\n\t\t<a href=\"\" target=\"_blank\" data-element=\"shortcode-suno-banner\" title=\"Banner SUNO, clique e saiba mais\">\n\t\t\t<picture>\n\t\t\t\t<source media=\"(max-width: 500px)\" srcset=\"\">\n\t\t\t\t<img class=\"newsContent__article__imgCapa newsContent__article__imgCapa--banner\"\n\t\t\t\t\tsrc=\"\"\n\t\t\t\t\tdata-promo-id=\"91641\"\t\t\t\t\t\t\t\t\t\t\t\t\t\t\talt=\"\"\n\t\t\t\t>\n\t\t\t<\/picture>\n\t\t<\/a>\n\t<\/p>\n\n<br \/>\nTrajano fez quest\u00e3o de ressaltar que o ganho de <strong>market share<\/strong> n\u00e3o ocorreu somente devido ao <strong>coronavoucher<\/strong>, como ficou conhecido o aux\u00edlio emergencial em meio \u00e0 pandemia do <a href=\"https:\/\/www.suno.com.br\/noticias\/?s=coronav%C3%ADrus\">novo <strong>coronav\u00edrus<\/strong> (Covid-19)<\/a>.<\/p>\n<p>&#8220;N\u00e3o podemos atribuir todo o nosso desempenho ao coronavoucher. Ele, sim, est\u00e1 ajudando como um todo, assim como todas as varejistas, mas ele ajuda todo mundo igual&#8221;, pontuou o executivo. &#8220;Historicamente, sempre ganhamos <a href=\"https:\/\/www.suno.com.br\/artigos\/market-share\/#:~:text=O%20Market%20Share%20representa%20a,de%20sua%20ind%C3%BAstria%20de%20atua%C3%A7%C3%A3o.&amp;text=Esse%20indicador%20de%20mercado%20costuma,em%20seu%20setor%20de%20atua%C3%A7%C3%A3o.\">share<\/a> em \u00e9pocas de crise. O Magalu \u00e9 antifr\u00e1gil&#8221;.<\/p>\n<p>Trajano relembrou que o terceiro trimestre foi ainda melhor que o quarto trimestre de 2019 e o primeiro trimestre deste ano, per\u00edodos em que a pandemia ainda n\u00e3o havia chegado no Brasil. &#8220;Essa empresa sempre se revigora e cria novas compet\u00eancias nos momentos de crise&#8221;, diz.<\/p>\n<h2>Programa de trainees<\/h2>\n<p>O presidente do Magalu finalizou sua apresenta\u00e7\u00e3o comentando sobre o programa da empresa para <strong>trainees<\/strong> de 2021. <a href=\"https:\/\/www.suno.com.br\/noticias\/magazine-luiza-reage-a-acusacao-de-racismo-por-deputado\/\">O tema foi alvo de pol\u00eamica nas redes sociais<\/a> por conta de ser um programa voltado somente a negros.<\/p>\n<p>A <strong>Defensoria P\u00fablica da Uni\u00e3o<\/strong> (DPU) chegou a entrar com uma <a href=\"https:\/\/www.suno.com.br\/noticias\/defensoria-da-uniao-entra-com-acao-contra-magalu-por-plano-de-trainee-para-negros\/\">a\u00e7\u00e3o civil p\u00fablica na Justi\u00e7a do Trabalho<\/a> contra o que chamou de \u201cmarketing de lacra\u00e7\u00e3o\u201d da empresa.<\/p>\n<p>O processo, encabe\u00e7ado pelo advogado Jovino Bento J\u00fanior, cobrava R$ 10 milh\u00f5es da varejista como uma indeniza\u00e7\u00e3o por danos morais coletivos pela \u201cviola\u00e7\u00e3o de direitos de milh\u00f5es de trabalhadores (discrimina\u00e7\u00e3o por motivos de ra\u00e7a ou cor, inviabilizando o acesso ao mercado de trabalho)\u201d.<br \/>\n<div class=\"hubspot-form-wrapper\">\n\t<div id=\"single-form-target\"><\/div>\n<\/div>\n<\/p>\n<p>Semanas depois, o <strong>Minist\u00e9rio P\u00fablico do Trabalho<\/strong> (MPT) emitiu um parecer em que requeria a extin\u00e7\u00e3o ou declara\u00e7\u00e3o de total improced\u00eancia da a\u00e7\u00e3o civil p\u00fablica ajuizada pela DPU. De acordo com o \u00f3rg\u00e3o, n\u00e3o h\u00e1 &#8220;direito ou risco de viola\u00e7\u00e3o de interesse protegido pelo ordenamento constitucional&#8221;.<\/p>\n\t<div data-element=\"shortcode-read-more\" class=\"knowMore\">\n\t\t\t\t<span class=\"knowMore__title\">Veja tamb\u00e9m<\/span>\n\t\t\t\t<a class=\"knowMore__link\" href=\"https:\/\/www.suno.com.br\/noticias\/bradesco-bbi-preco-alvo-magazine-luiza-mglu3\/\">\n\t\t\tAp\u00f3s balan\u00e7o, Bradesco BBI eleva pre\u00e7o-alvo de Magazine Luiza (MGLU3)\t\t<\/a>\n\t<\/div>\n\n\n<p>&#8220;O foco do programa de trainees \u00e9 corrigir um problema nosso. Hoje, 54% dos funcion\u00e1rios do Magalu s\u00e3o <strong>negros, pretos e pardos<\/strong>, enquanto somente 16% das nossas lideran\u00e7as s\u00e3o negras&#8221;, disse Trajano.<\/p>\n<p>&#8220;Eu considero isso um problema interno, que precisa ter mais representatividade em cargos de lideran\u00e7a, e o caminho mais r\u00e1pido \u00e9 atrav\u00e9s do programa de trainees&#8221;.<\/p>\n<p>&#8220;Estou bastante animado com a qualidade dos profissionais que vamos contrair. Com certeza v\u00e3o abrilhantar e agregar bastante ao nosso time&#8221;, disse o executivo, salientando que a safra de profissionais ser\u00e1 &#8220;fant\u00e1stica e altamente qualificada&#8221;.<\/p>\n<h2>\u00daltima cota\u00e7\u00e3o<\/h2>\n<p>Por volta das 13h10 desta ter\u00e7a-feira, as a\u00e7\u00f5es do <strong>Magazine Luiza<\/strong> operavam com uma queda de 1,74% na B3, enquanto o <a href=\"https:\/\/www.suno.com.br\/noticias\/ibovespa-coronavirus-vacina-eleicoes-reformas-10112020\/\">Ibovespa subia 1,29%<\/a>. Nos \u00faltimos 12 meses, entretanto, a varejista apresenta uma alta de 139%, enquanto o \u00edndice da Bolsa brasileira cai 3%.<\/p>\n\t<p>\n\t\t<a href=\"https:\/\/lp.suno.com.br\/planilha-de-controle-de-investimentos\/\" target=\"_blank\" data-element=\"shortcode-suno-banner\" title=\"Banner SUNO, clique e saiba mais\">\n\t\t\t<picture>\n\t\t\t\t<source media=\"(max-width: 500px)\" srcset=\"https:\/\/files.sunoresearch.com.br\/n\/uploads\/2023\/03\/400x300-Controle-de-Investimentos.png\">\n\t\t\t\t<img class=\"newsContent__article__imgCapa newsContent__article__imgCapa--banner\"\n\t\t\t\t\tsrc=\"https:\/\/files.sunoresearch.com.br\/n\/uploads\/2023\/03\/1420x240-Controle-de-Investimentos.png\"\n\t\t\t\t\tdata-promo-id=\"75934\"\t\t\t\t\t\t\t\t\t\twidth='1420' height='240'\t\t\t\t\talt=\"https:\/\/files.sunoresearch.com.br\/n\/uploads\/2023\/03\/1420x240-Controle-de-Investimentos.png\"\n\t\t\t\t>\n\t\t\t<\/picture>\n\t\t<\/a>\n\t<\/p>\n\n\n","protected":false},"excerpt":{"rendered":"<p>O presidente do Magazine Luiza (MGLU3), Frederico Trajano, disse que o terceiro trimestre deste ano consagrou o modelo de neg\u00f3cios focado em multicanalidade da varejista. A declara\u00e7\u00e3o foi dada em teleconfer\u00eancia nesta manh\u00e3, sobre o balan\u00e7o divulgado na \u00faltima segunda-feira (9). O presidente do Magazine Luiza (MGLU3), Frederico Trajano, disse que o terceiro trimestre consagrou [&hellip;]<\/p>\n","protected":false},"author":24,"featured_media":35306,"comment_status":"closed","ping_status":"closed","sticky":false,"template":"","format":"standard","meta":[],"categories":[64],"tags":[1029,2073,1521,548],"suno_strategy":[],"class_list":["post-98972","post","type-post","status-publish","format-standard","has-post-thumbnail","hentry","category-negocios","tag-balancos-trimestrais","tag-e-commerce","tag-frederico-trajano","tag-magazine-luiza-mglu3"],"yoast_head":"<!-- This site is optimized with the Yoast SEO plugin v24.4 - https:\/\/yoast.com\/wordpress\/plugins\/seo\/ -->\n<title>Trimestre consagrou multicanalidade do Magazine Luiza (MGLU3)<\/title>\n<meta name=\"description\" content=\"O presidente do Magazine Luiza (MGLU3), Frederico Trajano, disse que o terceiro trimestre consagrou a multicanalidade da empresa. Saiba mais.\" \/>\n<meta name=\"robots\" content=\"index, follow, max-snippet:-1, max-image-preview:large, max-video-preview:-1\" \/>\n<link rel=\"canonical\" href=\"https:\/\/www.suno.com.br\/noticias\/terceiro-trimestre-multicanalidade-magazine-luiza-mglu3\/\" \/>\n<meta property=\"og:locale\" content=\"pt_BR\" \/>\n<meta property=\"og:type\" content=\"article\" \/>\n<meta property=\"og:title\" content=\"Trimestre consagrou multicanalidade do Magazine Luiza (MGLU3)\" \/>\n<meta property=\"og:description\" content=\"O presidente do Magazine Luiza (MGLU3), Frederico Trajano, disse que o terceiro trimestre consagrou a multicanalidade da empresa. Saiba mais.\" \/>\n<meta property=\"og:url\" content=\"https:\/\/www.suno.com.br\/noticias\/terceiro-trimestre-multicanalidade-magazine-luiza-mglu3\/\" \/>\n<meta property=\"og:site_name\" content=\"Suno Not\u00edcias\" \/>\n<meta property=\"article:publisher\" content=\"https:\/\/facebook.com\/sunoresearch\" \/>\n<meta property=\"og:image\" content=\"https:\/\/files.sunoresearch.com.br\/n\/uploads\/2019\/08\/11036ee4-magazine-luiza.jpg\" \/>\n\t<meta property=\"og:image:width\" content=\"1024\" \/>\n\t<meta property=\"og:image:height\" content=\"768\" \/>\n\t<meta property=\"og:image:type\" content=\"image\/jpeg\" \/>\n<meta name=\"author\" content=\"Jader Lazarini\" \/>\n<meta name=\"twitter:card\" content=\"summary_large_image\" \/>\n<meta name=\"twitter:creator\" content=\"@sunoresearch\" \/>\n<meta name=\"twitter:site\" content=\"@sunoresearch\" \/>\n<meta name=\"twitter:label1\" content=\"Escrito por\" \/>\n\t<meta name=\"twitter:data1\" content=\"Jader Lazarini\" \/>\n\t<meta name=\"twitter:label2\" content=\"Est. tempo de leitura\" \/>\n\t<meta name=\"twitter:data2\" content=\"4 minutos\" \/>\n<script type=\"application\/ld+json\" class=\"yoast-schema-graph\">{\"@context\":\"https:\/\/schema.org\",\"@graph\":[{\"@type\":\"NewsArticle\",\"@id\":\"https:\/\/www.suno.com.br\/noticias\/terceiro-trimestre-multicanalidade-magazine-luiza-mglu3\/#article\",\"isPartOf\":{\"@id\":\"https:\/\/www.suno.com.br\/noticias\/terceiro-trimestre-multicanalidade-magazine-luiza-mglu3\/\"},\"author\":{\"name\":\"Jader Lazarini\",\"@id\":\"https:\/\/www.suno.com.br\/noticias\/#\/schema\/person\/918d79de1f0281f01599b93f9ea6e23f\"},\"headline\":\"Magazine Luiza (MGLU3) consolidou estrat\u00e9gia multicanal, diz Trajano\",\"datePublished\":\"2020-11-10T16:16:52+00:00\",\"dateModified\":\"2021-02-18T20:27:47+00:00\",\"mainEntityOfPage\":{\"@id\":\"https:\/\/www.suno.com.br\/noticias\/terceiro-trimestre-multicanalidade-magazine-luiza-mglu3\/\"},\"wordCount\":779,\"publisher\":{\"@id\":\"https:\/\/www.suno.com.br\/noticias\/#organization\"},\"image\":{\"@id\":\"https:\/\/www.suno.com.br\/noticias\/terceiro-trimestre-multicanalidade-magazine-luiza-mglu3\/#primaryimage\"},\"thumbnailUrl\":\"https:\/\/files.sunoresearch.com.br\/n\/uploads\/2019\/08\/11036ee4-magazine-luiza.jpg\",\"keywords\":[\"balan\u00e7os trimestrais\",\"e-commerce\",\"Frederico Trajano\",\"Magazine Luiza (MGLU3)\"],\"articleSection\":[\"Neg\u00f3cios\"],\"inLanguage\":\"pt-BR\"},{\"@type\":\"WebPage\",\"@id\":\"https:\/\/www.suno.com.br\/noticias\/terceiro-trimestre-multicanalidade-magazine-luiza-mglu3\/\",\"url\":\"https:\/\/www.suno.com.br\/noticias\/terceiro-trimestre-multicanalidade-magazine-luiza-mglu3\/\",\"name\":\"Trimestre consagrou multicanalidade do Magazine Luiza (MGLU3)\",\"isPartOf\":{\"@id\":\"https:\/\/www.suno.com.br\/noticias\/#website\"},\"primaryImageOfPage\":{\"@id\":\"https:\/\/www.suno.com.br\/noticias\/terceiro-trimestre-multicanalidade-magazine-luiza-mglu3\/#primaryimage\"},\"image\":{\"@id\":\"https:\/\/www.suno.com.br\/noticias\/terceiro-trimestre-multicanalidade-magazine-luiza-mglu3\/#primaryimage\"},\"thumbnailUrl\":\"https:\/\/files.sunoresearch.com.br\/n\/uploads\/2019\/08\/11036ee4-magazine-luiza.jpg\",\"datePublished\":\"2020-11-10T16:16:52+00:00\",\"dateModified\":\"2021-02-18T20:27:47+00:00\",\"description\":\"O presidente do Magazine Luiza (MGLU3), Frederico Trajano, disse que o terceiro trimestre consagrou a multicanalidade da empresa. Saiba mais.\",\"breadcrumb\":{\"@id\":\"https:\/\/www.suno.com.br\/noticias\/terceiro-trimestre-multicanalidade-magazine-luiza-mglu3\/#breadcrumb\"},\"inLanguage\":\"pt-BR\",\"potentialAction\":[{\"@type\":\"ReadAction\",\"target\":[\"https:\/\/www.suno.com.br\/noticias\/terceiro-trimestre-multicanalidade-magazine-luiza-mglu3\/\"]}]},{\"@type\":\"ImageObject\",\"inLanguage\":\"pt-BR\",\"@id\":\"https:\/\/www.suno.com.br\/noticias\/terceiro-trimestre-multicanalidade-magazine-luiza-mglu3\/#primaryimage\",\"url\":\"https:\/\/files.sunoresearch.com.br\/n\/uploads\/2019\/08\/11036ee4-magazine-luiza.jpg\",\"contentUrl\":\"https:\/\/files.sunoresearch.com.br\/n\/uploads\/2019\/08\/11036ee4-magazine-luiza.jpg\",\"width\":1024,\"height\":768,\"caption\":\"O presidente do Magazine Luiza (MGLU3), Frederico Trajano, disse que o terceiro trimestre consagrou a multicanalidade da empresa.\"},{\"@type\":\"BreadcrumbList\",\"@id\":\"https:\/\/www.suno.com.br\/noticias\/terceiro-trimestre-multicanalidade-magazine-luiza-mglu3\/#breadcrumb\",\"itemListElement\":[{\"@type\":\"ListItem\",\"position\":1,\"name\":\"Not\u00edcias\",\"item\":\"https:\/\/www.suno.com.br\/noticias\/\"},{\"@type\":\"ListItem\",\"position\":2,\"name\":\"Neg\u00f3cios\",\"item\":\"https:\/\/www.suno.com.br\/noticias\/negocios\/\"},{\"@type\":\"ListItem\",\"position\":3,\"name\":\"Magazine Luiza (MGLU3) consolidou estrat\u00e9gia multicanal, diz Trajano\"}]},{\"@type\":\"WebSite\",\"@id\":\"https:\/\/www.suno.com.br\/noticias\/#website\",\"url\":\"https:\/\/www.suno.com.br\/noticias\/\",\"name\":\"Suno Not\u00edcias\",\"description\":\"Seu portal de informa\u00e7\u00e3o sobre o mundo dos investimentos\",\"publisher\":{\"@id\":\"https:\/\/www.suno.com.br\/noticias\/#organization\"},\"potentialAction\":[{\"@type\":\"SearchAction\",\"target\":{\"@type\":\"EntryPoint\",\"urlTemplate\":\"https:\/\/www.suno.com.br\/noticias\/?s={search_term_string}\"},\"query-input\":{\"@type\":\"PropertyValueSpecification\",\"valueRequired\":true,\"valueName\":\"search_term_string\"}}],\"inLanguage\":\"pt-BR\"},{\"@type\":\"Organization\",\"@id\":\"https:\/\/www.suno.com.br\/noticias\/#organization\",\"name\":\"Suno Not\u00edcias\",\"url\":\"https:\/\/www.suno.com.br\/noticias\/\",\"logo\":{\"@type\":\"ImageObject\",\"inLanguage\":\"pt-BR\",\"@id\":\"https:\/\/www.suno.com.br\/noticias\/#\/schema\/logo\/image\/\",\"url\":\"https:\/\/files.sunoresearch.com.br\/n\/uploads\/2021\/09\/suno-logo.png\",\"contentUrl\":\"https:\/\/files.sunoresearch.com.br\/n\/uploads\/2021\/09\/suno-logo.png\",\"width\":180,\"height\":180,\"caption\":\"Suno Not\u00edcias\"},\"image\":{\"@id\":\"https:\/\/www.suno.com.br\/noticias\/#\/schema\/logo\/image\/\"},\"sameAs\":[\"https:\/\/facebook.com\/sunoresearch\",\"https:\/\/x.com\/sunoresearch\",\"https:\/\/www.instagram.com\/suno\",\"https:\/\/www.linkedin.com\/company\/suno-research\/\",\"https:\/\/www.youtube.com\/c\/sunoresearch\"]},{\"@type\":\"Person\",\"@id\":\"https:\/\/www.suno.com.br\/noticias\/#\/schema\/person\/918d79de1f0281f01599b93f9ea6e23f\",\"name\":\"Jader Lazarini\",\"image\":{\"@type\":\"ImageObject\",\"inLanguage\":\"pt-BR\",\"@id\":\"https:\/\/www.suno.com.br\/noticias\/#\/schema\/person\/image\/\",\"url\":\"https:\/\/secure.gravatar.com\/avatar\/3c1ad8caa51589841baeb923fcddea97?s=96&r=g\",\"contentUrl\":\"https:\/\/secure.gravatar.com\/avatar\/3c1ad8caa51589841baeb923fcddea97?s=96&r=g\",\"caption\":\"Jader Lazarini\"},\"description\":\"Jader Lazarini escreve sobre investimentos, finan\u00e7as, economia e neg\u00f3cios. \u00c9 bacharel em Rela\u00e7\u00f5es Internacionais e analista CNPI (2619).\",\"url\":\"https:\/\/www.suno.com.br\/noticias\/author\/jader-lazarini\/\"}]}<\/script>\n<!-- \/ Yoast SEO plugin. -->","yoast_head_json":{"title":"Trimestre consagrou multicanalidade do Magazine Luiza (MGLU3)","description":"O presidente do Magazine Luiza (MGLU3), Frederico Trajano, disse que o terceiro trimestre consagrou a multicanalidade da empresa. Saiba mais.","robots":{"index":"index","follow":"follow","max-snippet":"max-snippet:-1","max-image-preview":"max-image-preview:large","max-video-preview":"max-video-preview:-1"},"canonical":"https:\/\/www.suno.com.br\/noticias\/terceiro-trimestre-multicanalidade-magazine-luiza-mglu3\/","og_locale":"pt_BR","og_type":"article","og_title":"Trimestre consagrou multicanalidade do Magazine Luiza (MGLU3)","og_description":"O presidente do Magazine Luiza (MGLU3), Frederico Trajano, disse que o terceiro trimestre consagrou a multicanalidade da empresa. Saiba mais.","og_url":"https:\/\/www.suno.com.br\/noticias\/terceiro-trimestre-multicanalidade-magazine-luiza-mglu3\/","og_site_name":"Suno Not\u00edcias","article_publisher":"https:\/\/facebook.com\/sunoresearch","og_image":[{"width":1024,"height":768,"url":"https:\/\/files.sunoresearch.com.br\/n\/uploads\/2019\/08\/11036ee4-magazine-luiza.jpg","type":"image\/jpeg"}],"author":"Jader Lazarini","twitter_card":"summary_large_image","twitter_creator":"@sunoresearch","twitter_site":"@sunoresearch","twitter_misc":{"Escrito por":"Jader Lazarini","Est. tempo de leitura":"4 minutos"},"schema":{"@context":"https:\/\/schema.org","@graph":[{"@type":"NewsArticle","@id":"https:\/\/www.suno.com.br\/noticias\/terceiro-trimestre-multicanalidade-magazine-luiza-mglu3\/#article","isPartOf":{"@id":"https:\/\/www.suno.com.br\/noticias\/terceiro-trimestre-multicanalidade-magazine-luiza-mglu3\/"},"author":{"name":"Jader Lazarini","@id":"https:\/\/www.suno.com.br\/noticias\/#\/schema\/person\/918d79de1f0281f01599b93f9ea6e23f"},"headline":"Magazine Luiza (MGLU3) consolidou estrat\u00e9gia multicanal, diz Trajano","datePublished":"2020-11-10T16:16:52+00:00","dateModified":"2021-02-18T20:27:47+00:00","mainEntityOfPage":{"@id":"https:\/\/www.suno.com.br\/noticias\/terceiro-trimestre-multicanalidade-magazine-luiza-mglu3\/"},"wordCount":779,"publisher":{"@id":"https:\/\/www.suno.com.br\/noticias\/#organization"},"image":{"@id":"https:\/\/www.suno.com.br\/noticias\/terceiro-trimestre-multicanalidade-magazine-luiza-mglu3\/#primaryimage"},"thumbnailUrl":"https:\/\/files.sunoresearch.com.br\/n\/uploads\/2019\/08\/11036ee4-magazine-luiza.jpg","keywords":["balan\u00e7os trimestrais","e-commerce","Frederico Trajano","Magazine Luiza (MGLU3)"],"articleSection":["Neg\u00f3cios"],"inLanguage":"pt-BR"},{"@type":"WebPage","@id":"https:\/\/www.suno.com.br\/noticias\/terceiro-trimestre-multicanalidade-magazine-luiza-mglu3\/","url":"https:\/\/www.suno.com.br\/noticias\/terceiro-trimestre-multicanalidade-magazine-luiza-mglu3\/","name":"Trimestre consagrou multicanalidade do Magazine Luiza (MGLU3)","isPartOf":{"@id":"https:\/\/www.suno.com.br\/noticias\/#website"},"primaryImageOfPage":{"@id":"https:\/\/www.suno.com.br\/noticias\/terceiro-trimestre-multicanalidade-magazine-luiza-mglu3\/#primaryimage"},"image":{"@id":"https:\/\/www.suno.com.br\/noticias\/terceiro-trimestre-multicanalidade-magazine-luiza-mglu3\/#primaryimage"},"thumbnailUrl":"https:\/\/files.sunoresearch.com.br\/n\/uploads\/2019\/08\/11036ee4-magazine-luiza.jpg","datePublished":"2020-11-10T16:16:52+00:00","dateModified":"2021-02-18T20:27:47+00:00","description":"O presidente do Magazine Luiza (MGLU3), Frederico Trajano, disse que o terceiro trimestre consagrou a multicanalidade da empresa. Saiba mais.","breadcrumb":{"@id":"https:\/\/www.suno.com.br\/noticias\/terceiro-trimestre-multicanalidade-magazine-luiza-mglu3\/#breadcrumb"},"inLanguage":"pt-BR","potentialAction":[{"@type":"ReadAction","target":["https:\/\/www.suno.com.br\/noticias\/terceiro-trimestre-multicanalidade-magazine-luiza-mglu3\/"]}]},{"@type":"ImageObject","inLanguage":"pt-BR","@id":"https:\/\/www.suno.com.br\/noticias\/terceiro-trimestre-multicanalidade-magazine-luiza-mglu3\/#primaryimage","url":"https:\/\/files.sunoresearch.com.br\/n\/uploads\/2019\/08\/11036ee4-magazine-luiza.jpg","contentUrl":"https:\/\/files.sunoresearch.com.br\/n\/uploads\/2019\/08\/11036ee4-magazine-luiza.jpg","width":1024,"height":768,"caption":"O presidente do Magazine Luiza (MGLU3), Frederico Trajano, disse que o terceiro trimestre consagrou a multicanalidade da empresa."},{"@type":"BreadcrumbList","@id":"https:\/\/www.suno.com.br\/noticias\/terceiro-trimestre-multicanalidade-magazine-luiza-mglu3\/#breadcrumb","itemListElement":[{"@type":"ListItem","position":1,"name":"Not\u00edcias","item":"https:\/\/www.suno.com.br\/noticias\/"},{"@type":"ListItem","position":2,"name":"Neg\u00f3cios","item":"https:\/\/www.suno.com.br\/noticias\/negocios\/"},{"@type":"ListItem","position":3,"name":"Magazine Luiza (MGLU3) consolidou estrat\u00e9gia multicanal, diz Trajano"}]},{"@type":"WebSite","@id":"https:\/\/www.suno.com.br\/noticias\/#website","url":"https:\/\/www.suno.com.br\/noticias\/","name":"Suno Not\u00edcias","description":"Seu portal de informa\u00e7\u00e3o sobre o mundo dos investimentos","publisher":{"@id":"https:\/\/www.suno.com.br\/noticias\/#organization"},"potentialAction":[{"@type":"SearchAction","target":{"@type":"EntryPoint","urlTemplate":"https:\/\/www.suno.com.br\/noticias\/?s={search_term_string}"},"query-input":{"@type":"PropertyValueSpecification","valueRequired":true,"valueName":"search_term_string"}}],"inLanguage":"pt-BR"},{"@type":"Organization","@id":"https:\/\/www.suno.com.br\/noticias\/#organization","name":"Suno Not\u00edcias","url":"https:\/\/www.suno.com.br\/noticias\/","logo":{"@type":"ImageObject","inLanguage":"pt-BR","@id":"https:\/\/www.suno.com.br\/noticias\/#\/schema\/logo\/image\/","url":"https:\/\/files.sunoresearch.com.br\/n\/uploads\/2021\/09\/suno-logo.png","contentUrl":"https:\/\/files.sunoresearch.com.br\/n\/uploads\/2021\/09\/suno-logo.png","width":180,"height":180,"caption":"Suno Not\u00edcias"},"image":{"@id":"https:\/\/www.suno.com.br\/noticias\/#\/schema\/logo\/image\/"},"sameAs":["https:\/\/facebook.com\/sunoresearch","https:\/\/x.com\/sunoresearch","https:\/\/www.instagram.com\/suno","https:\/\/www.linkedin.com\/company\/suno-research\/","https:\/\/www.youtube.com\/c\/sunoresearch"]},{"@type":"Person","@id":"https:\/\/www.suno.com.br\/noticias\/#\/schema\/person\/918d79de1f0281f01599b93f9ea6e23f","name":"Jader Lazarini","image":{"@type":"ImageObject","inLanguage":"pt-BR","@id":"https:\/\/www.suno.com.br\/noticias\/#\/schema\/person\/image\/","url":"https:\/\/secure.gravatar.com\/avatar\/3c1ad8caa51589841baeb923fcddea97?s=96&r=g","contentUrl":"https:\/\/secure.gravatar.com\/avatar\/3c1ad8caa51589841baeb923fcddea97?s=96&r=g","caption":"Jader Lazarini"},"description":"Jader Lazarini escreve sobre investimentos, finan\u00e7as, economia e neg\u00f3cios. \u00c9 bacharel em Rela\u00e7\u00f5es Internacionais e analista CNPI (2619).","url":"https:\/\/www.suno.com.br\/noticias\/author\/jader-lazarini\/"}]}},"default_loop_html":"<div class=\"cardsPage__listCard__boxs\"><div class=\"cardsPage__listCard__boxs__img\"><a href=\"https:\/\/www.suno.com.br\/noticias\/terceiro-trimestre-multicanalidade-magazine-luiza-mglu3\/\"><img class=\"mask\" src=\"https:\/\/www.suno.com.br\/noticias\/wp-content\/themes\/suno\/resources\/images\/spotlight\/spotlight1img\/bg-mask.png\" alt=\"Image Mask\"\/><img src=\"https:\/\/files.sunoresearch.com.br\/n\/uploads\/2019\/08\/11036ee4-magazine-luiza-400x200.webp\" alt=\"Magazine Luiza (MGLU3) consolidou estrat\u00e9gia multicanal, diz Trajano\"\/><\/a><span class=\"spotlightCategory\"><a href=\"https:\/\/www.suno.com.br\/noticias\/negocios\/\">Neg\u00f3cios<\/a><\/span><\/div><div class=\"cardsPage__listCard__boxs__content\"><a href=\"https:\/\/www.suno.com.br\/noticias\/terceiro-trimestre-multicanalidade-magazine-luiza-mglu3\/\"><h2 class=\"content__title\">Magazine Luiza (MGLU3) consolidou estrat\u00e9gia multicanal, diz Trajano<\/h2><\/a><div class=\"newsContent__article__meta\"><div class=\"newsContent__article__meta__authorBox\"><a href=\"https:\/\/www.suno.com.br\/noticias\/author\/jader-lazarini\/\" class=\"authorBox__avatar noMobi\"><img src=\"https:\/\/files.sunoresearch.com.br\/n\/uploads\/2021\/01\/178e6598-foto-perfil-2-150x150.jpg\" alt=\"Jader Lazarini\"><\/a><div class=\"authorBox__name\"><span>por\n\t\t\t<a href=\"https:\/\/www.suno.com.br\/noticias\/author\/jader-lazarini\/\"><span itemprop=\"author\">Jader Lazarini<\/span><\/a><\/span><time datetime=\"2020-11-10T13:16:52-03:00\" itemprop=\"datePublished\">10\/11\/2020 13:16<\/time><\/div><\/div><\/div><\/div><\/div>","single_layout":"posts","amp_enabled":true,"_links":{"self":[{"href":"https:\/\/www.suno.com.br\/noticias\/wp-json\/wp\/v2\/posts\/98972"}],"collection":[{"href":"https:\/\/www.suno.com.br\/noticias\/wp-json\/wp\/v2\/posts"}],"about":[{"href":"https:\/\/www.suno.com.br\/noticias\/wp-json\/wp\/v2\/types\/post"}],"author":[{"embeddable":true,"href":"https:\/\/www.suno.com.br\/noticias\/wp-json\/wp\/v2\/users\/24"}],"replies":[{"embeddable":true,"href":"https:\/\/www.suno.com.br\/noticias\/wp-json\/wp\/v2\/comments?post=98972"}],"version-history":[{"count":0,"href":"https:\/\/www.suno.com.br\/noticias\/wp-json\/wp\/v2\/posts\/98972\/revisions"}],"wp:featuredmedia":[{"embeddable":true,"href":"https:\/\/www.suno.com.br\/noticias\/wp-json\/wp\/v2\/media\/35306"}],"wp:attachment":[{"href":"https:\/\/www.suno.com.br\/noticias\/wp-json\/wp\/v2\/media?parent=98972"}],"wp:term":[{"taxonomy":"category","embeddable":true,"href":"https:\/\/www.suno.com.br\/noticias\/wp-json\/wp\/v2\/categories?post=98972"},{"taxonomy":"post_tag","embeddable":true,"href":"https:\/\/www.suno.com.br\/noticias\/wp-json\/wp\/v2\/tags?post=98972"},{"taxonomy":"suno_strategy","embeddable":true,"href":"https:\/\/www.suno.com.br\/noticias\/wp-json\/wp\/v2\/suno_strategy?post=98972"}],"curies":[{"name":"wp","href":"https:\/\/api.w.org\/{rel}","templated":true}]}}