{"id":9897,"date":"2018-12-26T19:58:25","date_gmt":"2018-12-26T21:58:25","guid":{"rendered":"https:\/\/www.suno.com.br\/noticias\/?p=9897"},"modified":"2019-01-17T14:19:43","modified_gmt":"2019-01-17T16:19:43","slug":"fabricio-queiroz-movimentacao-atipica-carros","status":"publish","type":"post","link":"https:\/\/www.suno.com.br\/noticias\/fabricio-queiroz-movimentacao-atipica-carros\/","title":{"rendered":"Fabr\u00edcio Queiroz diz que movimenta\u00e7\u00e3o at\u00edpica vem de com\u00e9rcio de carros"},"content":{"rendered":"<p>Fabr\u00edcio Queiroz, policial militar e ex-assessor do senador eleito Fl\u00e1vio Bolsonaro (PSL-RJ), afirmou que parte da movimenta\u00e7\u00e3o at\u00edpica de R$ 1,2 milh\u00e3o feita por ele vem da compra e venda de carros.<\/p>\t<div class=\"wrapper-featured-image\">\n\t\t<figure class=\"spotlightImg\">\n\n\t\t\t<picture>\n\t\t\t\t<source media=\"(max-width: 768px)\" srcset=\"https:\/\/files.sunoresearch.com.br\/n\/uploads\/2018\/12\/23852f20-bolsonaro-400x200.webp\">\n\t\t\t\t<img loading=\"lazy\" decoding=\"async\" class=\"newsContent__article__imgCapa lazyloadDisabled newsContent__article__imgCapa--noCaption\" src=\"https:\/\/files.sunoresearch.com.br\/n\/uploads\/2018\/12\/23852f20-bolsonaro-800x450.webp\" width=\"800\" height=\"450\" alt=\"Fabr\u00edcio Queiroz diz que movimenta\u00e7\u00e3o at\u00edpica vem de com\u00e9rcio de carros\" fetchpriority=high \/>\n\t\t\t<\/picture>\n\n\t\t\t<figcaption class=\"wp-caption-text wp-caption-text--hide\"><\/figcaption>\n\t\t<\/figure>\n\t<\/div>\n\n\n<p>A declara\u00e7\u00e3o de <strong>Fabr\u00edcio Queiroz<\/strong> foi feita em uma entrevista para o jornal SBT Brasil nesta quarta (26).<\/p>\n<p>&#8220;Eu sou um cara de neg\u00f3cios, eu fa\u00e7o dinheiro, compro, revendo, compro, revendo, compro carro, revendo carro. Sempre fui assim. Gosto muito de comprar carro de seguradora. Na minha \u00e9poca l\u00e1 atr\u00e1s, compra um carrinho, mandava arrumar, revendia, tenho uma seguran\u00e7a&#8221;, afirmou<strong> Queiroz<\/strong>.<\/p>\n<p>Trata-se da primeira declara\u00e7\u00e3o p\u00fablica do ex-assessor de <strong>Bolsonaro<\/strong> sobre o caso. Na entrevista, <strong>Queiroz<\/strong> n\u00e3o quis detalhar a origem do dinheiro que movimentava. &#8220;Esse m\u00e9rito eu queria explicar para o MP (Minist\u00e9rio P\u00fablico)&#8221;, disse.<\/p>\n<p><a href=\"https:\/\/www.suno.com.br\/noticias\/assessor-flavio-bolsonaro-queiroz-depoimento\/\">Saiba mais: Ex-assessor de Fl\u00e1vio Bolsonaro falta a novo depoimento<\/a><\/p>\n<p>O ex-assessor, entretanto, faltou a dois depoimentos marcados no Minist\u00e9rio P\u00fablico do Rio de Janeiro para que explicasse a movimenta\u00e7\u00e3o suspeita em sua conta. A Promotoria afirmou que a defesa de <strong>Queiroz<\/strong> disse que ele &#8220;precisou ser internado&#8221; devido a complica\u00e7\u00f5es de sa\u00fade.<\/p>\n<h2>Fabr\u00edcio Queiroz, Fl\u00e1vio Bolsonaro e o Coaf: entenda o caso<\/h2>\n<p>O <strong>Coaf<\/strong> (Conselho de Controle de Atividades Financeiras, \u00f3rg\u00e3o administrativo do Minist\u00e9rio da Fazenda que examina ocorr\u00eancias suspeitas de lavagem de dinheiro) apurou movimenta\u00e7\u00e3o de R$ 1.236.838 entre 1\u00ba de janeiro de 2016 e 31 de janeiro de 2017 na conta de <strong>Queiroz<\/strong>, que na \u00e9poca recebia R$ 23 mil. <strong>Michelle Bolsonaro<\/strong>, mulher do presidente eleito <strong>Jair Bolsonaro<\/strong>, foi mencionada como favorecida do ex-assessor no relat\u00f3rio.<\/p>\n<p>Michelle, que no per\u00edodo era secret\u00e1ria parlamentar de <strong>Jair Bolsonaro<\/strong>, recebeu de <strong>Queiroz<\/strong> um cheque de R$ 24 mil. O presidente eleito justificou no \u00faltimo s\u00e1bado (08) que o cheque era pagamento de um empr\u00e9stimo antigo feito ao ex-motorista do filho.<\/p>\n<p>O dep\u00f3sito feito na conta de sua esposa devia-se ao fato de Jair n\u00e3o possuir o h\u00e1bito de ir ao banco.<\/p>\n<p>O relat\u00f3rio do <strong>Coaf<\/strong> apontou opera\u00e7\u00f5es at\u00edpicas nas contas de 74 servidores e ex-servidores. 10 deputados foram presos no in\u00edcio de dezembro no Rio de Janeiro, na Opera\u00e7\u00e3o Furna da On\u00e7a, desdobramento da Lava Jato.<\/p>\n<h2>Movimenta\u00e7\u00f5es do ex-assessor de Fl\u00e1vio Bolsonaro<\/h2>\n<p>Confira abaixo as suspeitas levantadas pelo <strong>Coaf<\/strong>:<\/p>\n<ul>\n<li>R$ 324.774 em saques em esp\u00e9cie<\/li>\n<li>R$ 41.930 em cheques compensados<\/li>\n<\/ul>\n<p>Em apura\u00e7\u00e3o do RJ2 foram reveladas movimenta\u00e7\u00f5es milion\u00e1rias de pessoas que trabalham ou trabalharam em 22 gabinetes de deputados que passaram pela Assembleia Legislativa do Estado do Rio de Janeiro (Alerj).<\/p>\n<p>Alguns dos deputados n\u00e3o foram alvo da opera\u00e7\u00e3o Furna da On\u00e7a.<\/p>\n<p>Tais transa\u00e7\u00f5es ocorreram no mesmo per\u00edodo da movimenta\u00e7\u00e3o at\u00edpica de <strong>Fabr\u00edcio Queiroz<\/strong>. O total dessas opera\u00e7\u00f5es chega a cerca de R$ 207 milh\u00f5es.<\/p>\n<p>Assim, mais suspeitas envolvem o ex-assessor: saques em dinheiro que somam R$ 324 mil no intervalo de um ano. E, deste valor, R$ 159 mil foram sacados numa ag\u00eancia banc\u00e1ria no pr\u00e9dio da Alerj.<\/p>\n<p>De acordo com o jornalista Lauro Jardim, dentre os familiares de <strong>Queiroz<\/strong> que tamb\u00e9m trabalharam com <strong>Fl\u00e1vio Bolsonaro<\/strong> e receberam men\u00e7\u00e3o no relat\u00f3rio do <strong>Coaf<\/strong> est\u00e3o:<\/p>\n<ul>\n<li>Nathalia Melo de <strong>Queiroz<\/strong>, a mulher de Fabr\u00edcio. Trabalhou com o filho do presidente eleito entre 2007 e 2016. Ap\u00f3s ser exonerada, tornou-se secret\u00e1ria parlamentar de <strong>Jair Bolsonaro<\/strong> na C\u00e2mara dos Deputados<\/li>\n<li>M\u00e1rcia Oliveira de Aguiar, filha do ex-motorista<\/li>\n<li>Evelyn Mello de <strong>Queiroz<\/strong>, outra filha do ex-assessor<\/li>\n<\/ul>\n<p>Ainda de acordo com os dados levantados pelo <strong>Coaf<\/strong>, grande parte dos dep\u00f3sitos em esp\u00e9cia na conta de <strong>Queiroz<\/strong> \u00e9 paralela \u00e0s datas de pagamento na Alerj.<\/p>\n<p>Foram identificadas transfer\u00eancias de nove ex-assessores para a conta do ex-motorista do presidente eleito.<\/p>\n","protected":false},"excerpt":{"rendered":"<p>Fabr\u00edcio Queiroz, policial militar e ex-assessor do senador eleito Fl\u00e1vio Bolsonaro (PSL-RJ), afirmou que parte da movimenta\u00e7\u00e3o at\u00edpica de R$ 1,2 milh\u00e3o feita por ele vem da compra e venda de carros. A declara\u00e7\u00e3o de Fabr\u00edcio Queiroz foi feita em uma entrevista para o jornal SBT Brasil nesta quarta (26). &#8220;Eu sou um cara de [&hellip;]<\/p>\n","protected":false},"author":13,"featured_media":8687,"comment_status":"closed","ping_status":"closed","sticky":false,"template":"","format":"standard","meta":[],"categories":[61],"tags":[836,719],"suno_strategy":[],"class_list":["post-9897","post","type-post","status-publish","format-standard","has-post-thumbnail","hentry","category-politica","tag-coaf","tag-jair-bolsonaro"],"yoast_head":"<!-- This site is optimized with the Yoast SEO plugin v24.4 - https:\/\/yoast.com\/wordpress\/plugins\/seo\/ -->\n<title>Fabr\u00edcio Queiroz diz que movimenta\u00e7\u00e3o at\u00edpica vem de com\u00e9rcio de carros<\/title>\n<meta name=\"description\" content=\"Fabr\u00edcio Queiroz, ex-assessor de Fl\u00e1vio Bolsonaro, deu uma entrevista para SBT nesta quarta (26). Clique para saber mais.\" \/>\n<meta name=\"robots\" content=\"index, follow, max-snippet:-1, max-image-preview:large, max-video-preview:-1\" \/>\n<link rel=\"canonical\" href=\"https:\/\/www.suno.com.br\/noticias\/fabricio-queiroz-movimentacao-atipica-carros\/\" \/>\n<meta property=\"og:locale\" content=\"pt_BR\" \/>\n<meta property=\"og:type\" content=\"article\" \/>\n<meta property=\"og:title\" content=\"Fabr\u00edcio Queiroz diz que movimenta\u00e7\u00e3o at\u00edpica vem de com\u00e9rcio de carros\" \/>\n<meta property=\"og:description\" content=\"Fabr\u00edcio Queiroz, ex-assessor de Fl\u00e1vio Bolsonaro, deu uma entrevista para SBT nesta quarta (26). Clique para saber mais.\" \/>\n<meta property=\"og:url\" content=\"https:\/\/www.suno.com.br\/noticias\/fabricio-queiroz-movimentacao-atipica-carros\/\" \/>\n<meta property=\"og:site_name\" content=\"Suno Not\u00edcias\" \/>\n<meta property=\"article:publisher\" content=\"https:\/\/facebook.com\/sunoresearch\" \/>\n<meta property=\"og:image\" content=\"https:\/\/files.sunoresearch.com.br\/n\/uploads\/2018\/12\/23852f20-bolsonaro.jpg\" \/>\n\t<meta property=\"og:image:width\" content=\"1140\" \/>\n\t<meta property=\"og:image:height\" content=\"760\" \/>\n\t<meta property=\"og:image:type\" content=\"image\/jpeg\" \/>\n<meta name=\"author\" content=\"Guilherme Caetano\" \/>\n<meta name=\"twitter:card\" content=\"summary_large_image\" \/>\n<meta name=\"twitter:creator\" content=\"@sunoresearch\" \/>\n<meta name=\"twitter:site\" content=\"@sunoresearch\" \/>\n<meta name=\"twitter:label1\" content=\"Escrito por\" \/>\n\t<meta name=\"twitter:data1\" content=\"Guilherme Caetano\" \/>\n\t<meta name=\"twitter:label2\" content=\"Est. tempo de leitura\" \/>\n\t<meta name=\"twitter:data2\" content=\"3 minutos\" \/>\n<script type=\"application\/ld+json\" class=\"yoast-schema-graph\">{\"@context\":\"https:\/\/schema.org\",\"@graph\":[{\"@type\":\"NewsArticle\",\"@id\":\"https:\/\/www.suno.com.br\/noticias\/fabricio-queiroz-movimentacao-atipica-carros\/#article\",\"isPartOf\":{\"@id\":\"https:\/\/www.suno.com.br\/noticias\/fabricio-queiroz-movimentacao-atipica-carros\/\"},\"author\":{\"name\":\"Guilherme Caetano\",\"@id\":\"https:\/\/www.suno.com.br\/noticias\/#\/schema\/person\/0d0c9687cd2f600c564f25980c140de9\"},\"headline\":\"Fabr\u00edcio Queiroz diz que movimenta\u00e7\u00e3o at\u00edpica vem de com\u00e9rcio de carros\",\"datePublished\":\"2018-12-26T21:58:25+00:00\",\"dateModified\":\"2019-01-17T16:19:43+00:00\",\"mainEntityOfPage\":{\"@id\":\"https:\/\/www.suno.com.br\/noticias\/fabricio-queiroz-movimentacao-atipica-carros\/\"},\"wordCount\":660,\"publisher\":{\"@id\":\"https:\/\/www.suno.com.br\/noticias\/#organization\"},\"image\":{\"@id\":\"https:\/\/www.suno.com.br\/noticias\/fabricio-queiroz-movimentacao-atipica-carros\/#primaryimage\"},\"thumbnailUrl\":\"https:\/\/files.sunoresearch.com.br\/n\/uploads\/2018\/12\/23852f20-bolsonaro-jpg.webp\",\"keywords\":[\"COAF\",\"Jair Bolsonaro\"],\"articleSection\":[\"Pol\u00edtica\"],\"inLanguage\":\"pt-BR\"},{\"@type\":\"WebPage\",\"@id\":\"https:\/\/www.suno.com.br\/noticias\/fabricio-queiroz-movimentacao-atipica-carros\/\",\"url\":\"https:\/\/www.suno.com.br\/noticias\/fabricio-queiroz-movimentacao-atipica-carros\/\",\"name\":\"Fabr\u00edcio Queiroz diz que movimenta\u00e7\u00e3o at\u00edpica vem de com\u00e9rcio de carros\",\"isPartOf\":{\"@id\":\"https:\/\/www.suno.com.br\/noticias\/#website\"},\"primaryImageOfPage\":{\"@id\":\"https:\/\/www.suno.com.br\/noticias\/fabricio-queiroz-movimentacao-atipica-carros\/#primaryimage\"},\"image\":{\"@id\":\"https:\/\/www.suno.com.br\/noticias\/fabricio-queiroz-movimentacao-atipica-carros\/#primaryimage\"},\"thumbnailUrl\":\"https:\/\/files.sunoresearch.com.br\/n\/uploads\/2018\/12\/23852f20-bolsonaro-jpg.webp\",\"datePublished\":\"2018-12-26T21:58:25+00:00\",\"dateModified\":\"2019-01-17T16:19:43+00:00\",\"description\":\"Fabr\u00edcio Queiroz, ex-assessor de Fl\u00e1vio Bolsonaro, deu uma entrevista para SBT nesta quarta (26). Clique para saber mais.\",\"breadcrumb\":{\"@id\":\"https:\/\/www.suno.com.br\/noticias\/fabricio-queiroz-movimentacao-atipica-carros\/#breadcrumb\"},\"inLanguage\":\"pt-BR\",\"potentialAction\":[{\"@type\":\"ReadAction\",\"target\":[\"https:\/\/www.suno.com.br\/noticias\/fabricio-queiroz-movimentacao-atipica-carros\/\"]}]},{\"@type\":\"ImageObject\",\"inLanguage\":\"pt-BR\",\"@id\":\"https:\/\/www.suno.com.br\/noticias\/fabricio-queiroz-movimentacao-atipica-carros\/#primaryimage\",\"url\":\"https:\/\/files.sunoresearch.com.br\/n\/uploads\/2018\/12\/23852f20-bolsonaro-jpg.webp\",\"contentUrl\":\"https:\/\/files.sunoresearch.com.br\/n\/uploads\/2018\/12\/23852f20-bolsonaro-jpg.webp\",\"width\":1140,\"height\":760,\"caption\":\"FGTS\"},{\"@type\":\"BreadcrumbList\",\"@id\":\"https:\/\/www.suno.com.br\/noticias\/fabricio-queiroz-movimentacao-atipica-carros\/#breadcrumb\",\"itemListElement\":[{\"@type\":\"ListItem\",\"position\":1,\"name\":\"Not\u00edcias\",\"item\":\"https:\/\/www.suno.com.br\/noticias\/\"},{\"@type\":\"ListItem\",\"position\":2,\"name\":\"Pol\u00edtica\",\"item\":\"https:\/\/www.suno.com.br\/noticias\/politica\/\"},{\"@type\":\"ListItem\",\"position\":3,\"name\":\"Fabr\u00edcio Queiroz diz que movimenta\u00e7\u00e3o at\u00edpica vem de com\u00e9rcio de carros\"}]},{\"@type\":\"WebSite\",\"@id\":\"https:\/\/www.suno.com.br\/noticias\/#website\",\"url\":\"https:\/\/www.suno.com.br\/noticias\/\",\"name\":\"Suno Not\u00edcias\",\"description\":\"Seu portal de informa\u00e7\u00e3o sobre o mundo dos investimentos\",\"publisher\":{\"@id\":\"https:\/\/www.suno.com.br\/noticias\/#organization\"},\"potentialAction\":[{\"@type\":\"SearchAction\",\"target\":{\"@type\":\"EntryPoint\",\"urlTemplate\":\"https:\/\/www.suno.com.br\/noticias\/?s={search_term_string}\"},\"query-input\":{\"@type\":\"PropertyValueSpecification\",\"valueRequired\":true,\"valueName\":\"search_term_string\"}}],\"inLanguage\":\"pt-BR\"},{\"@type\":\"Organization\",\"@id\":\"https:\/\/www.suno.com.br\/noticias\/#organization\",\"name\":\"Suno Not\u00edcias\",\"url\":\"https:\/\/www.suno.com.br\/noticias\/\",\"logo\":{\"@type\":\"ImageObject\",\"inLanguage\":\"pt-BR\",\"@id\":\"https:\/\/www.suno.com.br\/noticias\/#\/schema\/logo\/image\/\",\"url\":\"https:\/\/files.sunoresearch.com.br\/n\/uploads\/2021\/09\/suno-logo.png\",\"contentUrl\":\"https:\/\/files.sunoresearch.com.br\/n\/uploads\/2021\/09\/suno-logo.png\",\"width\":180,\"height\":180,\"caption\":\"Suno Not\u00edcias\"},\"image\":{\"@id\":\"https:\/\/www.suno.com.br\/noticias\/#\/schema\/logo\/image\/\"},\"sameAs\":[\"https:\/\/facebook.com\/sunoresearch\",\"https:\/\/x.com\/sunoresearch\",\"https:\/\/www.instagram.com\/suno\",\"https:\/\/www.linkedin.com\/company\/suno-research\/\",\"https:\/\/www.youtube.com\/c\/sunoresearch\"]},{\"@type\":\"Person\",\"@id\":\"https:\/\/www.suno.com.br\/noticias\/#\/schema\/person\/0d0c9687cd2f600c564f25980c140de9\",\"name\":\"Guilherme Caetano\",\"image\":{\"@type\":\"ImageObject\",\"inLanguage\":\"pt-BR\",\"@id\":\"https:\/\/www.suno.com.br\/noticias\/#\/schema\/person\/image\/\",\"url\":\"https:\/\/secure.gravatar.com\/avatar\/e48357351a01702a0d19307070e081bf?s=96&r=g\",\"contentUrl\":\"https:\/\/secure.gravatar.com\/avatar\/e48357351a01702a0d19307070e081bf?s=96&r=g\",\"caption\":\"Guilherme Caetano\"},\"description\":\"Formado em jornalismo pela Escola de Comunica\u00e7\u00f5es e Artes da USP, Guilherme Caetano escreve para o portal de not\u00edcias da Suno Research. Passou pelas reda\u00e7\u00f5es da Folha de S.Paulo e da revista \u00c9poca.\",\"url\":\"https:\/\/www.suno.com.br\/noticias\/author\/guilherme-caetano\/\"}]}<\/script>\n<!-- \/ Yoast SEO plugin. -->","yoast_head_json":{"title":"Fabr\u00edcio Queiroz diz que movimenta\u00e7\u00e3o at\u00edpica vem de com\u00e9rcio de carros","description":"Fabr\u00edcio Queiroz, ex-assessor de Fl\u00e1vio Bolsonaro, deu uma entrevista para SBT nesta quarta (26). Clique para saber mais.","robots":{"index":"index","follow":"follow","max-snippet":"max-snippet:-1","max-image-preview":"max-image-preview:large","max-video-preview":"max-video-preview:-1"},"canonical":"https:\/\/www.suno.com.br\/noticias\/fabricio-queiroz-movimentacao-atipica-carros\/","og_locale":"pt_BR","og_type":"article","og_title":"Fabr\u00edcio Queiroz diz que movimenta\u00e7\u00e3o at\u00edpica vem de com\u00e9rcio de carros","og_description":"Fabr\u00edcio Queiroz, ex-assessor de Fl\u00e1vio Bolsonaro, deu uma entrevista para SBT nesta quarta (26). Clique para saber mais.","og_url":"https:\/\/www.suno.com.br\/noticias\/fabricio-queiroz-movimentacao-atipica-carros\/","og_site_name":"Suno Not\u00edcias","article_publisher":"https:\/\/facebook.com\/sunoresearch","og_image":[{"width":1140,"height":760,"url":"https:\/\/files.sunoresearch.com.br\/n\/uploads\/2018\/12\/23852f20-bolsonaro.jpg","type":"image\/jpeg"}],"author":"Guilherme Caetano","twitter_card":"summary_large_image","twitter_creator":"@sunoresearch","twitter_site":"@sunoresearch","twitter_misc":{"Escrito por":"Guilherme Caetano","Est. tempo de leitura":"3 minutos"},"schema":{"@context":"https:\/\/schema.org","@graph":[{"@type":"NewsArticle","@id":"https:\/\/www.suno.com.br\/noticias\/fabricio-queiroz-movimentacao-atipica-carros\/#article","isPartOf":{"@id":"https:\/\/www.suno.com.br\/noticias\/fabricio-queiroz-movimentacao-atipica-carros\/"},"author":{"name":"Guilherme Caetano","@id":"https:\/\/www.suno.com.br\/noticias\/#\/schema\/person\/0d0c9687cd2f600c564f25980c140de9"},"headline":"Fabr\u00edcio Queiroz diz que movimenta\u00e7\u00e3o at\u00edpica vem de com\u00e9rcio de carros","datePublished":"2018-12-26T21:58:25+00:00","dateModified":"2019-01-17T16:19:43+00:00","mainEntityOfPage":{"@id":"https:\/\/www.suno.com.br\/noticias\/fabricio-queiroz-movimentacao-atipica-carros\/"},"wordCount":660,"publisher":{"@id":"https:\/\/www.suno.com.br\/noticias\/#organization"},"image":{"@id":"https:\/\/www.suno.com.br\/noticias\/fabricio-queiroz-movimentacao-atipica-carros\/#primaryimage"},"thumbnailUrl":"https:\/\/files.sunoresearch.com.br\/n\/uploads\/2018\/12\/23852f20-bolsonaro-jpg.webp","keywords":["COAF","Jair Bolsonaro"],"articleSection":["Pol\u00edtica"],"inLanguage":"pt-BR"},{"@type":"WebPage","@id":"https:\/\/www.suno.com.br\/noticias\/fabricio-queiroz-movimentacao-atipica-carros\/","url":"https:\/\/www.suno.com.br\/noticias\/fabricio-queiroz-movimentacao-atipica-carros\/","name":"Fabr\u00edcio Queiroz diz que movimenta\u00e7\u00e3o at\u00edpica vem de com\u00e9rcio de carros","isPartOf":{"@id":"https:\/\/www.suno.com.br\/noticias\/#website"},"primaryImageOfPage":{"@id":"https:\/\/www.suno.com.br\/noticias\/fabricio-queiroz-movimentacao-atipica-carros\/#primaryimage"},"image":{"@id":"https:\/\/www.suno.com.br\/noticias\/fabricio-queiroz-movimentacao-atipica-carros\/#primaryimage"},"thumbnailUrl":"https:\/\/files.sunoresearch.com.br\/n\/uploads\/2018\/12\/23852f20-bolsonaro-jpg.webp","datePublished":"2018-12-26T21:58:25+00:00","dateModified":"2019-01-17T16:19:43+00:00","description":"Fabr\u00edcio Queiroz, ex-assessor de Fl\u00e1vio Bolsonaro, deu uma entrevista para SBT nesta quarta (26). Clique para saber mais.","breadcrumb":{"@id":"https:\/\/www.suno.com.br\/noticias\/fabricio-queiroz-movimentacao-atipica-carros\/#breadcrumb"},"inLanguage":"pt-BR","potentialAction":[{"@type":"ReadAction","target":["https:\/\/www.suno.com.br\/noticias\/fabricio-queiroz-movimentacao-atipica-carros\/"]}]},{"@type":"ImageObject","inLanguage":"pt-BR","@id":"https:\/\/www.suno.com.br\/noticias\/fabricio-queiroz-movimentacao-atipica-carros\/#primaryimage","url":"https:\/\/files.sunoresearch.com.br\/n\/uploads\/2018\/12\/23852f20-bolsonaro-jpg.webp","contentUrl":"https:\/\/files.sunoresearch.com.br\/n\/uploads\/2018\/12\/23852f20-bolsonaro-jpg.webp","width":1140,"height":760,"caption":"FGTS"},{"@type":"BreadcrumbList","@id":"https:\/\/www.suno.com.br\/noticias\/fabricio-queiroz-movimentacao-atipica-carros\/#breadcrumb","itemListElement":[{"@type":"ListItem","position":1,"name":"Not\u00edcias","item":"https:\/\/www.suno.com.br\/noticias\/"},{"@type":"ListItem","position":2,"name":"Pol\u00edtica","item":"https:\/\/www.suno.com.br\/noticias\/politica\/"},{"@type":"ListItem","position":3,"name":"Fabr\u00edcio Queiroz diz que movimenta\u00e7\u00e3o at\u00edpica vem de com\u00e9rcio de carros"}]},{"@type":"WebSite","@id":"https:\/\/www.suno.com.br\/noticias\/#website","url":"https:\/\/www.suno.com.br\/noticias\/","name":"Suno Not\u00edcias","description":"Seu portal de informa\u00e7\u00e3o sobre o mundo dos investimentos","publisher":{"@id":"https:\/\/www.suno.com.br\/noticias\/#organization"},"potentialAction":[{"@type":"SearchAction","target":{"@type":"EntryPoint","urlTemplate":"https:\/\/www.suno.com.br\/noticias\/?s={search_term_string}"},"query-input":{"@type":"PropertyValueSpecification","valueRequired":true,"valueName":"search_term_string"}}],"inLanguage":"pt-BR"},{"@type":"Organization","@id":"https:\/\/www.suno.com.br\/noticias\/#organization","name":"Suno Not\u00edcias","url":"https:\/\/www.suno.com.br\/noticias\/","logo":{"@type":"ImageObject","inLanguage":"pt-BR","@id":"https:\/\/www.suno.com.br\/noticias\/#\/schema\/logo\/image\/","url":"https:\/\/files.sunoresearch.com.br\/n\/uploads\/2021\/09\/suno-logo.png","contentUrl":"https:\/\/files.sunoresearch.com.br\/n\/uploads\/2021\/09\/suno-logo.png","width":180,"height":180,"caption":"Suno Not\u00edcias"},"image":{"@id":"https:\/\/www.suno.com.br\/noticias\/#\/schema\/logo\/image\/"},"sameAs":["https:\/\/facebook.com\/sunoresearch","https:\/\/x.com\/sunoresearch","https:\/\/www.instagram.com\/suno","https:\/\/www.linkedin.com\/company\/suno-research\/","https:\/\/www.youtube.com\/c\/sunoresearch"]},{"@type":"Person","@id":"https:\/\/www.suno.com.br\/noticias\/#\/schema\/person\/0d0c9687cd2f600c564f25980c140de9","name":"Guilherme Caetano","image":{"@type":"ImageObject","inLanguage":"pt-BR","@id":"https:\/\/www.suno.com.br\/noticias\/#\/schema\/person\/image\/","url":"https:\/\/secure.gravatar.com\/avatar\/e48357351a01702a0d19307070e081bf?s=96&r=g","contentUrl":"https:\/\/secure.gravatar.com\/avatar\/e48357351a01702a0d19307070e081bf?s=96&r=g","caption":"Guilherme Caetano"},"description":"Formado em jornalismo pela Escola de Comunica\u00e7\u00f5es e Artes da USP, Guilherme Caetano escreve para o portal de not\u00edcias da Suno Research. Passou pelas reda\u00e7\u00f5es da Folha de S.Paulo e da revista \u00c9poca.","url":"https:\/\/www.suno.com.br\/noticias\/author\/guilherme-caetano\/"}]}},"default_loop_html":"<div class=\"cardsPage__listCard__boxs\"><div class=\"cardsPage__listCard__boxs__img\"><a href=\"https:\/\/www.suno.com.br\/noticias\/fabricio-queiroz-movimentacao-atipica-carros\/\"><img class=\"mask\" src=\"https:\/\/www.suno.com.br\/noticias\/wp-content\/themes\/suno\/resources\/images\/spotlight\/spotlight1img\/bg-mask.png\" alt=\"Image Mask\"\/><img src=\"https:\/\/files.sunoresearch.com.br\/n\/uploads\/2018\/12\/23852f20-bolsonaro-400x200.webp\" alt=\"Fabr\u00edcio Queiroz diz que movimenta\u00e7\u00e3o at\u00edpica vem de com\u00e9rcio de carros\"\/><\/a><span class=\"spotlightCategory\"><a href=\"https:\/\/www.suno.com.br\/noticias\/politica\/\">Pol\u00edtica<\/a><\/span><\/div><div class=\"cardsPage__listCard__boxs__content\"><a href=\"https:\/\/www.suno.com.br\/noticias\/fabricio-queiroz-movimentacao-atipica-carros\/\"><h2 class=\"content__title\">Fabr\u00edcio Queiroz diz que movimenta\u00e7\u00e3o at\u00edpica vem de com\u00e9rcio de carros<\/h2><\/a><div class=\"newsContent__article__meta\"><div class=\"newsContent__article__meta__authorBox\"><a href=\"https:\/\/www.suno.com.br\/noticias\/author\/guilherme-caetano\/\" class=\"authorBox__avatar noMobi\"><img src=\"https:\/\/secure.gravatar.com\/avatar\/e48357351a01702a0d19307070e081bf?s=96&#038;r=g\" alt=\"Guilherme Caetano\"><\/a><div class=\"authorBox__name\"><span>por\n\t\t\t<a href=\"https:\/\/www.suno.com.br\/noticias\/author\/guilherme-caetano\/\"><span itemprop=\"author\">Guilherme Caetano<\/span><\/a><\/span><time datetime=\"2018-12-26T19:58:25-02:00\" itemprop=\"datePublished\">26\/12\/2018 19:58<\/time><\/div><\/div><\/div><\/div><\/div>","single_layout":"posts","amp_enabled":true,"_links":{"self":[{"href":"https:\/\/www.suno.com.br\/noticias\/wp-json\/wp\/v2\/posts\/9897"}],"collection":[{"href":"https:\/\/www.suno.com.br\/noticias\/wp-json\/wp\/v2\/posts"}],"about":[{"href":"https:\/\/www.suno.com.br\/noticias\/wp-json\/wp\/v2\/types\/post"}],"author":[{"embeddable":true,"href":"https:\/\/www.suno.com.br\/noticias\/wp-json\/wp\/v2\/users\/13"}],"replies":[{"embeddable":true,"href":"https:\/\/www.suno.com.br\/noticias\/wp-json\/wp\/v2\/comments?post=9897"}],"version-history":[{"count":0,"href":"https:\/\/www.suno.com.br\/noticias\/wp-json\/wp\/v2\/posts\/9897\/revisions"}],"wp:featuredmedia":[{"embeddable":true,"href":"https:\/\/www.suno.com.br\/noticias\/wp-json\/wp\/v2\/media\/8687"}],"wp:attachment":[{"href":"https:\/\/www.suno.com.br\/noticias\/wp-json\/wp\/v2\/media?parent=9897"}],"wp:term":[{"taxonomy":"category","embeddable":true,"href":"https:\/\/www.suno.com.br\/noticias\/wp-json\/wp\/v2\/categories?post=9897"},{"taxonomy":"post_tag","embeddable":true,"href":"https:\/\/www.suno.com.br\/noticias\/wp-json\/wp\/v2\/tags?post=9897"},{"taxonomy":"suno_strategy","embeddable":true,"href":"https:\/\/www.suno.com.br\/noticias\/wp-json\/wp\/v2\/suno_strategy?post=9897"}],"curies":[{"name":"wp","href":"https:\/\/api.w.org\/{rel}","templated":true}]}}