{"id":98909,"date":"2020-11-10T09:57:57","date_gmt":"2020-11-10T12:57:57","guid":{"rendered":"https:\/\/www.suno.com.br\/noticias\/?p=98909"},"modified":"2020-11-10T09:58:41","modified_gmt":"2020-11-10T12:58:41","slug":"ibovespa-futuro-vacina-coronavirus-eleicoes-10112020","status":"publish","type":"post","link":"https:\/\/www.suno.com.br\/noticias\/ibovespa-futuro-vacina-coronavirus-eleicoes-10112020\/","title":{"rendered":"Ibovespa futuro opera em leve alta, sustentado por otimismo com vacina"},"content":{"rendered":"<p>O <strong>Ibovespa futuro<\/strong> opera em leve alta nesta ter\u00e7a-feira (10), <a href=\"https:\/\/www.suno.com.br\/noticias\/bolsas-mundiais-ny-europa-asia-10112020\/\">seguindo as bolsas mundiais<\/a> que operam em campo misto nesta manh\u00e3. O mercado futuro do maior \u00edndice acion\u00e1rio da <a href=\"https:\/\/www.suno.com.br\/artigos\/b3\/\">Bolsa de Valores de S\u00e3o Paulo (B3)<\/a>, por volta das 9h35, subia 0,30%.<\/p>\t<div class=\"wrapper-featured-image\">\n\t\t<figure class=\"spotlightImg\">\n\n\t\t\t<picture>\n\t\t\t\t<source media=\"(max-width: 768px)\" srcset=\"https:\/\/files.sunoresearch.com.br\/n\/uploads\/2019\/09\/70f2d4db-ibovespa-400x200.webp\">\n\t\t\t\t<img loading=\"lazy\" decoding=\"async\" class=\"newsContent__article__imgCapa lazyloadDisabled \" src=\"https:\/\/files.sunoresearch.com.br\/n\/uploads\/2019\/09\/70f2d4db-ibovespa-800x450.webp\" width=\"800\" height=\"450\" alt=\"Ibovespa futuro opera em leve alta, sustentado por otimismo com vacina\" fetchpriority=high \/>\n\t\t\t<\/picture>\n\n\t\t\t<figcaption class=\"wp-caption-text wp-caption-text--show\">Ibovespa opera em alta com vacina\u00e7\u00e3o no Reino Unido e infla\u00e7\u00e3o no radar<\/figcaption>\n\t\t<\/figure>\n\t<\/div>\n\n\n\t<p>\n\t\t<a href=\"\" target=\"_blank\" data-element=\"shortcode-suno-banner\" title=\"Banner SUNO, clique e saiba mais\">\n\t\t\t<picture>\n\t\t\t\t<source media=\"(max-width: 500px)\" srcset=\"\">\n\t\t\t\t<img class=\"newsContent__article__imgCapa newsContent__article__imgCapa--banner\"\n\t\t\t\t\tsrc=\"\"\n\t\t\t\t\tdata-promo-id=\"97204\"\t\t\t\t\t\t\t\t\t\t\t\t\t\t\talt=\"\"\n\t\t\t\t>\n\t\t\t<\/picture>\n\t\t<\/a>\n\t<\/p>\n\n\n<p>O Ibovespa futuro ainda reflete o otimismo global com as not\u00edcias sobre a <strong>vacina<\/strong> da <strong>Pfizer<\/strong> e da <strong>BioNTech<\/strong>. Segundo as farmac\u00eauticas, o medicamento em desenvolvimento \u00e9 capaz de prevenir a doen\u00e7a em mais de 90% dos pacientes sem evid\u00eancia de infec\u00e7\u00e3o pr\u00e9via.<\/p>\n<p>A not\u00edcia foi divulgada pelas empresas como um \u201cgrande dia para a ci\u00eancia e para a humanidade\u201d. De acordo com o comunicado, nenhum problema de seguran\u00e7a na vacina havia sinalizado at\u00e9 ent\u00e3o. Com base em proje\u00e7\u00f5es, as farmac\u00eauticas declararam que pretendem fornecer 50 milh\u00f5es de doses no mundo em 2020 e at\u00e9 1,3 bilh\u00e3o em 2021.<\/p>\n<p><a href=\"https:\/\/lp.suno.com.br\/suno-one\/\">Suno One: acesse gratuitamente eBooks, Minicursos, Artigos e Video Aulas sobre investimentos com um \u00fanico cadastro. Clique para saber mais!<\/a><\/p>\n<p>Tamb\u00e9m na \u00faltima segunda-feira (9), o governador de S\u00e3o Paulo, <a href=\"https:\/\/www.suno.com.br\/tudo-sobre\/joao-doria\/\">Jo\u00e3o Doria<\/a>, disse que as primeiras doses do <strong>Coronavac<\/strong>, vacina que est\u00e1 sendo desenvolvida junto ao laborat\u00f3rio chin\u00eas Sinovac, chegar\u00e3o ao Brasil em 20 de novembro. Segundo ele, seis milh\u00f5es de doses do medicamento estar\u00e3o dispon\u00edveis no estado at\u00e9 dezembro.<\/p>\n<p>No entanto, mais tarde, a Ag\u00eancia Nacional de Vigil\u00e2ncia Sanit\u00e1ria (<strong>Anvisa<\/strong>) determinou a pausa nos testes da vacina chinesa, em fun\u00e7\u00e3o do registro de um &#8220;evento adverso grave&#8221;, em especificar o ocorrido. O governo de S\u00e3o Paulo disse que foi comunicado da decis\u00e3o pela imprensa.<\/p>\n<p>Ainda no \u00e2mbito das elei\u00e7\u00f5es nos <strong>Estados Unidos<\/strong>, a divis\u00e3o entre democratas e republicanos deve ser mantida no Congresso. O Senado deve parmanecer sob controle republicano, enquanto a C\u00e2mara \u00e9 liderada pelos democratas, por uma pequena diferen\u00e7a.<\/p>\n<p>Essa situa\u00e7\u00e3o \u00e9 bem vista pelos investidores das <a href=\"https:\/\/www.suno.com.br\/noticias\/big-techs-bolha-nao-para-buffett\/\"><strong>big techs<\/strong><\/a>, uma vez que o partido de <strong>Joe Biden<\/strong> n\u00e3o poder\u00e1 aprovar de forma isolada leis como aumento de impostos sobre grandes empresas ou regulamenta\u00e7\u00e3o e divis\u00e3o das companhias do setor.<\/p>\n\n\t<div data-element=\"shortcode-read-more\" class=\"readToo\">\n\t\t\t\t<span class=\"readToo__title\">Confira<\/span>\n\t\t\t\t<ul class=\"readToo__list\">\n\t\t\t<li><a href=\"https:\/\/www.suno.com.br\/noticias\/petroleo-brent-ouro-minerio-de-ferro-avancam\/\">Petr\u00f3leo Brent, min\u00e9rio de ferro e ouro avan\u00e7am com a vacina da Pfizer<\/a><\/li><li><a href=\"https:\/\/www.suno.com.br\/noticias\/igp-m-inflacao-de-aluguel-novembro-previa-2-67\/\">IGP-M avan\u00e7a 2,67% na 1\u00aa pr\u00e9via de novembro, aponta FGV<\/a><\/li>\t\t<\/ul>\n\t<\/div>\n\n\n<p>As <strong>taxas de juros<\/strong> futuras, no entanto, operam com uma leve alta. Por volta das 9h50, os contratos de <strong>juros futuros<\/strong> baseados no <a href=\"https:\/\/www.suno.com.br\/artigos\/taxa-di\/\">Dep\u00f3sito Interfinanceiro (DI)<\/a> negociados na <strong>B3<\/strong> para janeiro de 2022 apresentavam uma alta de 0,92%, para 3,,30%. Os pap\u00e9is para janeiro de 2023 subiam 0,42%, para 4,84%; para janeiro de 2025 tem avan\u00e7o de 0,47%, para 6,47%; para janeiro de 2027, operam com uma alta de 0,70%, para 7,20%.<\/p>\n<p>Por volta do mesmo hor\u00e1rio, o <strong>d\u00f3lar<\/strong> norte-americano era negociado na venda a R$ 5,37, com uma queda de 0,33%.<\/p>\n<p>O <strong>Ibovespa futuro<\/strong> \u00e9 um contrato derivativo do mercado financeiro negociado sobre a expectativa do valor, em pontos, que o mercado \u00e0 vista ter\u00e1 em uma data posterior. Al\u00e9m de indicar o poss\u00edvel destino do \u00edndice quando o sino de abertura do mercado tocar, os negociadores podem comprar ou vender esse contrato em determinada pontua\u00e7\u00e3o para o \u00edndice em uma data futura.<\/p>\n\t<p>\n\t\t<a href=\"https:\/\/lp.suno.com.br\/planilha-de-controle-de-investimentos\/\" target=\"_blank\" data-element=\"shortcode-suno-banner\" title=\"Banner SUNO, clique e saiba mais\">\n\t\t\t<picture>\n\t\t\t\t<source media=\"(max-width: 500px)\" srcset=\"https:\/\/files.sunoresearch.com.br\/n\/uploads\/2023\/03\/400x300-Controle-de-Investimentos.png\">\n\t\t\t\t<img class=\"newsContent__article__imgCapa newsContent__article__imgCapa--banner\"\n\t\t\t\t\tsrc=\"https:\/\/files.sunoresearch.com.br\/n\/uploads\/2023\/03\/1420x240-Controle-de-Investimentos.png\"\n\t\t\t\t\tdata-promo-id=\"75934\"\t\t\t\t\t\t\t\t\t\twidth='1420' height='240'\t\t\t\t\talt=\"https:\/\/files.sunoresearch.com.br\/n\/uploads\/2023\/03\/1420x240-Controle-de-Investimentos.png\"\n\t\t\t\t>\n\t\t\t<\/picture>\n\t\t<\/a>\n\t<\/p>\n\n\n","protected":false},"excerpt":{"rendered":"<p>O Ibovespa futuro opera em leve alta nesta ter\u00e7a-feira (10), seguindo as bolsas mundiais que operam em campo misto nesta manh\u00e3. O mercado futuro do maior \u00edndice acion\u00e1rio da Bolsa de Valores de S\u00e3o Paulo (B3), por volta das 9h35, subia 0,30%. IGP-M acelera a 2,58% em janeiro, ap\u00f3s 0,96% em dezembro, aponta FGV O [&hellip;]<\/p>\n","protected":false},"author":24,"featured_media":36476,"comment_status":"closed","ping_status":"closed","sticky":false,"template":"","format":"standard","meta":[],"categories":[60],"tags":[104567,2487,104868,104690,2197,25002],"suno_strategy":[],"class_list":["post-98909","post","type-post","status-publish","format-standard","has-post-thumbnail","hentry","category-mercado","tag-coronavac","tag-coronavirus","tag-eleicoes-americanas","tag-ibovespa-futuro","tag-juros-futuros","tag-vacina"],"yoast_head":"<!-- This site is optimized with the Yoast SEO plugin v24.4 - https:\/\/yoast.com\/wordpress\/plugins\/seo\/ -->\n<title>Ibovespa futuro opera em leve alta, sustentado por otimismo com vacina<\/title>\n<meta name=\"description\" content=\"O Ibovespa futuro opera em leve alta nesta ter\u00e7a-feira (10), seguindo as bolsas mundiais que operam em campo misto. Saiba mais.\" \/>\n<meta name=\"robots\" content=\"index, follow, max-snippet:-1, max-image-preview:large, max-video-preview:-1\" \/>\n<link rel=\"canonical\" href=\"https:\/\/www.suno.com.br\/noticias\/ibovespa-futuro-vacina-coronavirus-eleicoes-10112020\/\" \/>\n<meta property=\"og:locale\" content=\"pt_BR\" \/>\n<meta property=\"og:type\" content=\"article\" \/>\n<meta property=\"og:title\" content=\"Ibovespa futuro opera em leve alta, sustentado por otimismo com vacina\" \/>\n<meta property=\"og:description\" content=\"O Ibovespa futuro opera em leve alta nesta ter\u00e7a-feira (10), seguindo as bolsas mundiais que operam em campo misto. Saiba mais.\" \/>\n<meta property=\"og:url\" content=\"https:\/\/www.suno.com.br\/noticias\/ibovespa-futuro-vacina-coronavirus-eleicoes-10112020\/\" \/>\n<meta property=\"og:site_name\" content=\"Suno Not\u00edcias\" \/>\n<meta property=\"article:publisher\" content=\"https:\/\/facebook.com\/sunoresearch\" \/>\n<meta property=\"og:image\" content=\"https:\/\/files.sunoresearch.com.br\/n\/uploads\/2019\/09\/70f2d4db-ibovespa.jpg\" \/>\n\t<meta property=\"og:image:width\" content=\"1424\" \/>\n\t<meta property=\"og:image:height\" content=\"950\" \/>\n\t<meta property=\"og:image:type\" content=\"image\/jpeg\" \/>\n<meta name=\"author\" content=\"Jader Lazarini\" \/>\n<meta name=\"twitter:card\" content=\"summary_large_image\" \/>\n<meta name=\"twitter:creator\" content=\"@sunoresearch\" \/>\n<meta name=\"twitter:site\" content=\"@sunoresearch\" \/>\n<meta name=\"twitter:label1\" content=\"Escrito por\" \/>\n\t<meta name=\"twitter:data1\" content=\"Jader Lazarini\" \/>\n\t<meta name=\"twitter:label2\" content=\"Est. tempo de leitura\" \/>\n\t<meta name=\"twitter:data2\" content=\"3 minutos\" \/>\n<script type=\"application\/ld+json\" class=\"yoast-schema-graph\">{\"@context\":\"https:\/\/schema.org\",\"@graph\":[{\"@type\":\"NewsArticle\",\"@id\":\"https:\/\/www.suno.com.br\/noticias\/ibovespa-futuro-vacina-coronavirus-eleicoes-10112020\/#article\",\"isPartOf\":{\"@id\":\"https:\/\/www.suno.com.br\/noticias\/ibovespa-futuro-vacina-coronavirus-eleicoes-10112020\/\"},\"author\":{\"name\":\"Jader Lazarini\",\"@id\":\"https:\/\/www.suno.com.br\/noticias\/#\/schema\/person\/918d79de1f0281f01599b93f9ea6e23f\"},\"headline\":\"Ibovespa futuro opera em leve alta, sustentado por otimismo com vacina\",\"datePublished\":\"2020-11-10T12:57:57+00:00\",\"dateModified\":\"2020-11-10T12:58:41+00:00\",\"mainEntityOfPage\":{\"@id\":\"https:\/\/www.suno.com.br\/noticias\/ibovespa-futuro-vacina-coronavirus-eleicoes-10112020\/\"},\"wordCount\":530,\"publisher\":{\"@id\":\"https:\/\/www.suno.com.br\/noticias\/#organization\"},\"image\":{\"@id\":\"https:\/\/www.suno.com.br\/noticias\/ibovespa-futuro-vacina-coronavirus-eleicoes-10112020\/#primaryimage\"},\"thumbnailUrl\":\"https:\/\/files.sunoresearch.com.br\/n\/uploads\/2019\/09\/70f2d4db-ibovespa.jpg\",\"keywords\":[\"coronavac\",\"coronav\u00edrus\",\"Elei\u00e7\u00f5es americanas\",\"Ibovespa futuro\",\"juros futuros\",\"vacina\"],\"articleSection\":[\"Mercado\"],\"inLanguage\":\"pt-BR\"},{\"@type\":\"WebPage\",\"@id\":\"https:\/\/www.suno.com.br\/noticias\/ibovespa-futuro-vacina-coronavirus-eleicoes-10112020\/\",\"url\":\"https:\/\/www.suno.com.br\/noticias\/ibovespa-futuro-vacina-coronavirus-eleicoes-10112020\/\",\"name\":\"Ibovespa futuro opera em leve alta, sustentado por otimismo com vacina\",\"isPartOf\":{\"@id\":\"https:\/\/www.suno.com.br\/noticias\/#website\"},\"primaryImageOfPage\":{\"@id\":\"https:\/\/www.suno.com.br\/noticias\/ibovespa-futuro-vacina-coronavirus-eleicoes-10112020\/#primaryimage\"},\"image\":{\"@id\":\"https:\/\/www.suno.com.br\/noticias\/ibovespa-futuro-vacina-coronavirus-eleicoes-10112020\/#primaryimage\"},\"thumbnailUrl\":\"https:\/\/files.sunoresearch.com.br\/n\/uploads\/2019\/09\/70f2d4db-ibovespa.jpg\",\"datePublished\":\"2020-11-10T12:57:57+00:00\",\"dateModified\":\"2020-11-10T12:58:41+00:00\",\"description\":\"O Ibovespa futuro opera em leve alta nesta ter\u00e7a-feira (10), seguindo as bolsas mundiais que operam em campo misto. Saiba mais.\",\"breadcrumb\":{\"@id\":\"https:\/\/www.suno.com.br\/noticias\/ibovespa-futuro-vacina-coronavirus-eleicoes-10112020\/#breadcrumb\"},\"inLanguage\":\"pt-BR\",\"potentialAction\":[{\"@type\":\"ReadAction\",\"target\":[\"https:\/\/www.suno.com.br\/noticias\/ibovespa-futuro-vacina-coronavirus-eleicoes-10112020\/\"]}]},{\"@type\":\"ImageObject\",\"inLanguage\":\"pt-BR\",\"@id\":\"https:\/\/www.suno.com.br\/noticias\/ibovespa-futuro-vacina-coronavirus-eleicoes-10112020\/#primaryimage\",\"url\":\"https:\/\/files.sunoresearch.com.br\/n\/uploads\/2019\/09\/70f2d4db-ibovespa.jpg\",\"contentUrl\":\"https:\/\/files.sunoresearch.com.br\/n\/uploads\/2019\/09\/70f2d4db-ibovespa.jpg\",\"width\":1424,\"height\":950,\"caption\":\"Ibovespa opera em alta com vacina\u00e7\u00e3o no Reino Unido e infla\u00e7\u00e3o no radar\"},{\"@type\":\"BreadcrumbList\",\"@id\":\"https:\/\/www.suno.com.br\/noticias\/ibovespa-futuro-vacina-coronavirus-eleicoes-10112020\/#breadcrumb\",\"itemListElement\":[{\"@type\":\"ListItem\",\"position\":1,\"name\":\"Not\u00edcias\",\"item\":\"https:\/\/www.suno.com.br\/noticias\/\"},{\"@type\":\"ListItem\",\"position\":2,\"name\":\"Mercado\",\"item\":\"https:\/\/www.suno.com.br\/noticias\/mercado\/\"},{\"@type\":\"ListItem\",\"position\":3,\"name\":\"Ibovespa futuro opera em leve alta, sustentado por otimismo com vacina\"}]},{\"@type\":\"WebSite\",\"@id\":\"https:\/\/www.suno.com.br\/noticias\/#website\",\"url\":\"https:\/\/www.suno.com.br\/noticias\/\",\"name\":\"Suno Not\u00edcias\",\"description\":\"Seu portal de informa\u00e7\u00e3o sobre o mundo dos investimentos\",\"publisher\":{\"@id\":\"https:\/\/www.suno.com.br\/noticias\/#organization\"},\"potentialAction\":[{\"@type\":\"SearchAction\",\"target\":{\"@type\":\"EntryPoint\",\"urlTemplate\":\"https:\/\/www.suno.com.br\/noticias\/?s={search_term_string}\"},\"query-input\":{\"@type\":\"PropertyValueSpecification\",\"valueRequired\":true,\"valueName\":\"search_term_string\"}}],\"inLanguage\":\"pt-BR\"},{\"@type\":\"Organization\",\"@id\":\"https:\/\/www.suno.com.br\/noticias\/#organization\",\"name\":\"Suno Not\u00edcias\",\"url\":\"https:\/\/www.suno.com.br\/noticias\/\",\"logo\":{\"@type\":\"ImageObject\",\"inLanguage\":\"pt-BR\",\"@id\":\"https:\/\/www.suno.com.br\/noticias\/#\/schema\/logo\/image\/\",\"url\":\"https:\/\/files.sunoresearch.com.br\/n\/uploads\/2021\/09\/suno-logo.png\",\"contentUrl\":\"https:\/\/files.sunoresearch.com.br\/n\/uploads\/2021\/09\/suno-logo.png\",\"width\":180,\"height\":180,\"caption\":\"Suno Not\u00edcias\"},\"image\":{\"@id\":\"https:\/\/www.suno.com.br\/noticias\/#\/schema\/logo\/image\/\"},\"sameAs\":[\"https:\/\/facebook.com\/sunoresearch\",\"https:\/\/x.com\/sunoresearch\",\"https:\/\/www.instagram.com\/suno\",\"https:\/\/www.linkedin.com\/company\/suno-research\/\",\"https:\/\/www.youtube.com\/c\/sunoresearch\"]},{\"@type\":\"Person\",\"@id\":\"https:\/\/www.suno.com.br\/noticias\/#\/schema\/person\/918d79de1f0281f01599b93f9ea6e23f\",\"name\":\"Jader Lazarini\",\"image\":{\"@type\":\"ImageObject\",\"inLanguage\":\"pt-BR\",\"@id\":\"https:\/\/www.suno.com.br\/noticias\/#\/schema\/person\/image\/\",\"url\":\"https:\/\/secure.gravatar.com\/avatar\/3c1ad8caa51589841baeb923fcddea97?s=96&r=g\",\"contentUrl\":\"https:\/\/secure.gravatar.com\/avatar\/3c1ad8caa51589841baeb923fcddea97?s=96&r=g\",\"caption\":\"Jader Lazarini\"},\"description\":\"Jader Lazarini escreve sobre investimentos, finan\u00e7as, economia e neg\u00f3cios. \u00c9 bacharel em Rela\u00e7\u00f5es Internacionais e analista CNPI (2619).\",\"url\":\"https:\/\/www.suno.com.br\/noticias\/author\/jader-lazarini\/\"}]}<\/script>\n<!-- \/ Yoast SEO plugin. -->","yoast_head_json":{"title":"Ibovespa futuro opera em leve alta, sustentado por otimismo com vacina","description":"O Ibovespa futuro opera em leve alta nesta ter\u00e7a-feira (10), seguindo as bolsas mundiais que operam em campo misto. Saiba mais.","robots":{"index":"index","follow":"follow","max-snippet":"max-snippet:-1","max-image-preview":"max-image-preview:large","max-video-preview":"max-video-preview:-1"},"canonical":"https:\/\/www.suno.com.br\/noticias\/ibovespa-futuro-vacina-coronavirus-eleicoes-10112020\/","og_locale":"pt_BR","og_type":"article","og_title":"Ibovespa futuro opera em leve alta, sustentado por otimismo com vacina","og_description":"O Ibovespa futuro opera em leve alta nesta ter\u00e7a-feira (10), seguindo as bolsas mundiais que operam em campo misto. Saiba mais.","og_url":"https:\/\/www.suno.com.br\/noticias\/ibovespa-futuro-vacina-coronavirus-eleicoes-10112020\/","og_site_name":"Suno Not\u00edcias","article_publisher":"https:\/\/facebook.com\/sunoresearch","og_image":[{"width":1424,"height":950,"url":"https:\/\/files.sunoresearch.com.br\/n\/uploads\/2019\/09\/70f2d4db-ibovespa.jpg","type":"image\/jpeg"}],"author":"Jader Lazarini","twitter_card":"summary_large_image","twitter_creator":"@sunoresearch","twitter_site":"@sunoresearch","twitter_misc":{"Escrito por":"Jader Lazarini","Est. tempo de leitura":"3 minutos"},"schema":{"@context":"https:\/\/schema.org","@graph":[{"@type":"NewsArticle","@id":"https:\/\/www.suno.com.br\/noticias\/ibovespa-futuro-vacina-coronavirus-eleicoes-10112020\/#article","isPartOf":{"@id":"https:\/\/www.suno.com.br\/noticias\/ibovespa-futuro-vacina-coronavirus-eleicoes-10112020\/"},"author":{"name":"Jader Lazarini","@id":"https:\/\/www.suno.com.br\/noticias\/#\/schema\/person\/918d79de1f0281f01599b93f9ea6e23f"},"headline":"Ibovespa futuro opera em leve alta, sustentado por otimismo com vacina","datePublished":"2020-11-10T12:57:57+00:00","dateModified":"2020-11-10T12:58:41+00:00","mainEntityOfPage":{"@id":"https:\/\/www.suno.com.br\/noticias\/ibovespa-futuro-vacina-coronavirus-eleicoes-10112020\/"},"wordCount":530,"publisher":{"@id":"https:\/\/www.suno.com.br\/noticias\/#organization"},"image":{"@id":"https:\/\/www.suno.com.br\/noticias\/ibovespa-futuro-vacina-coronavirus-eleicoes-10112020\/#primaryimage"},"thumbnailUrl":"https:\/\/files.sunoresearch.com.br\/n\/uploads\/2019\/09\/70f2d4db-ibovespa.jpg","keywords":["coronavac","coronav\u00edrus","Elei\u00e7\u00f5es americanas","Ibovespa futuro","juros futuros","vacina"],"articleSection":["Mercado"],"inLanguage":"pt-BR"},{"@type":"WebPage","@id":"https:\/\/www.suno.com.br\/noticias\/ibovespa-futuro-vacina-coronavirus-eleicoes-10112020\/","url":"https:\/\/www.suno.com.br\/noticias\/ibovespa-futuro-vacina-coronavirus-eleicoes-10112020\/","name":"Ibovespa futuro opera em leve alta, sustentado por otimismo com vacina","isPartOf":{"@id":"https:\/\/www.suno.com.br\/noticias\/#website"},"primaryImageOfPage":{"@id":"https:\/\/www.suno.com.br\/noticias\/ibovespa-futuro-vacina-coronavirus-eleicoes-10112020\/#primaryimage"},"image":{"@id":"https:\/\/www.suno.com.br\/noticias\/ibovespa-futuro-vacina-coronavirus-eleicoes-10112020\/#primaryimage"},"thumbnailUrl":"https:\/\/files.sunoresearch.com.br\/n\/uploads\/2019\/09\/70f2d4db-ibovespa.jpg","datePublished":"2020-11-10T12:57:57+00:00","dateModified":"2020-11-10T12:58:41+00:00","description":"O Ibovespa futuro opera em leve alta nesta ter\u00e7a-feira (10), seguindo as bolsas mundiais que operam em campo misto. Saiba mais.","breadcrumb":{"@id":"https:\/\/www.suno.com.br\/noticias\/ibovespa-futuro-vacina-coronavirus-eleicoes-10112020\/#breadcrumb"},"inLanguage":"pt-BR","potentialAction":[{"@type":"ReadAction","target":["https:\/\/www.suno.com.br\/noticias\/ibovespa-futuro-vacina-coronavirus-eleicoes-10112020\/"]}]},{"@type":"ImageObject","inLanguage":"pt-BR","@id":"https:\/\/www.suno.com.br\/noticias\/ibovespa-futuro-vacina-coronavirus-eleicoes-10112020\/#primaryimage","url":"https:\/\/files.sunoresearch.com.br\/n\/uploads\/2019\/09\/70f2d4db-ibovespa.jpg","contentUrl":"https:\/\/files.sunoresearch.com.br\/n\/uploads\/2019\/09\/70f2d4db-ibovespa.jpg","width":1424,"height":950,"caption":"Ibovespa opera em alta com vacina\u00e7\u00e3o no Reino Unido e infla\u00e7\u00e3o no radar"},{"@type":"BreadcrumbList","@id":"https:\/\/www.suno.com.br\/noticias\/ibovespa-futuro-vacina-coronavirus-eleicoes-10112020\/#breadcrumb","itemListElement":[{"@type":"ListItem","position":1,"name":"Not\u00edcias","item":"https:\/\/www.suno.com.br\/noticias\/"},{"@type":"ListItem","position":2,"name":"Mercado","item":"https:\/\/www.suno.com.br\/noticias\/mercado\/"},{"@type":"ListItem","position":3,"name":"Ibovespa futuro opera em leve alta, sustentado por otimismo com vacina"}]},{"@type":"WebSite","@id":"https:\/\/www.suno.com.br\/noticias\/#website","url":"https:\/\/www.suno.com.br\/noticias\/","name":"Suno Not\u00edcias","description":"Seu portal de informa\u00e7\u00e3o sobre o mundo dos investimentos","publisher":{"@id":"https:\/\/www.suno.com.br\/noticias\/#organization"},"potentialAction":[{"@type":"SearchAction","target":{"@type":"EntryPoint","urlTemplate":"https:\/\/www.suno.com.br\/noticias\/?s={search_term_string}"},"query-input":{"@type":"PropertyValueSpecification","valueRequired":true,"valueName":"search_term_string"}}],"inLanguage":"pt-BR"},{"@type":"Organization","@id":"https:\/\/www.suno.com.br\/noticias\/#organization","name":"Suno Not\u00edcias","url":"https:\/\/www.suno.com.br\/noticias\/","logo":{"@type":"ImageObject","inLanguage":"pt-BR","@id":"https:\/\/www.suno.com.br\/noticias\/#\/schema\/logo\/image\/","url":"https:\/\/files.sunoresearch.com.br\/n\/uploads\/2021\/09\/suno-logo.png","contentUrl":"https:\/\/files.sunoresearch.com.br\/n\/uploads\/2021\/09\/suno-logo.png","width":180,"height":180,"caption":"Suno Not\u00edcias"},"image":{"@id":"https:\/\/www.suno.com.br\/noticias\/#\/schema\/logo\/image\/"},"sameAs":["https:\/\/facebook.com\/sunoresearch","https:\/\/x.com\/sunoresearch","https:\/\/www.instagram.com\/suno","https:\/\/www.linkedin.com\/company\/suno-research\/","https:\/\/www.youtube.com\/c\/sunoresearch"]},{"@type":"Person","@id":"https:\/\/www.suno.com.br\/noticias\/#\/schema\/person\/918d79de1f0281f01599b93f9ea6e23f","name":"Jader Lazarini","image":{"@type":"ImageObject","inLanguage":"pt-BR","@id":"https:\/\/www.suno.com.br\/noticias\/#\/schema\/person\/image\/","url":"https:\/\/secure.gravatar.com\/avatar\/3c1ad8caa51589841baeb923fcddea97?s=96&r=g","contentUrl":"https:\/\/secure.gravatar.com\/avatar\/3c1ad8caa51589841baeb923fcddea97?s=96&r=g","caption":"Jader Lazarini"},"description":"Jader Lazarini escreve sobre investimentos, finan\u00e7as, economia e neg\u00f3cios. \u00c9 bacharel em Rela\u00e7\u00f5es Internacionais e analista CNPI (2619).","url":"https:\/\/www.suno.com.br\/noticias\/author\/jader-lazarini\/"}]}},"default_loop_html":"<div class=\"cardsPage__listCard__boxs\"><div class=\"cardsPage__listCard__boxs__img\"><a href=\"https:\/\/www.suno.com.br\/noticias\/igp-m-inflacao-de-aluguel-novembro-previa-2-67\/\"><img class=\"mask\" src=\"https:\/\/www.suno.com.br\/noticias\/wp-content\/themes\/suno\/resources\/images\/spotlight\/spotlight1img\/bg-mask.png\" alt=\"Image Mask\"\/><img src=\"https:\/\/files.sunoresearch.com.br\/n\/uploads\/2019\/04\/c134504a-igp-m-400x200.webp\" alt=\"IGP-M avan\u00e7a 2,67% na 1\u00aa pr\u00e9via de novembro, aponta FGV\"\/><\/a><span class=\"spotlightCategory\"><a href=\"https:\/\/www.suno.com.br\/noticias\/mercado\/\">Mercado<\/a><\/span><\/div><div class=\"cardsPage__listCard__boxs__content\"><a href=\"https:\/\/www.suno.com.br\/noticias\/igp-m-inflacao-de-aluguel-novembro-previa-2-67\/\"><h2 class=\"content__title\">IGP-M avan\u00e7a 2,67% na 1\u00aa pr\u00e9via de novembro, aponta FGV<\/h2><\/a><div class=\"newsContent__article__meta\"><div class=\"newsContent__article__meta__authorBox\"><a href=\"https:\/\/www.suno.com.br\/noticias\/author\/poliana-santos\/\" class=\"authorBox__avatar noMobi\"><img src=\"https:\/\/files.sunoresearch.com.br\/n\/uploads\/2020\/08\/7ef34026-whatsapp-image-2020-08-03-at-12.37.57-150x150.webp\" alt=\"Poliana Santos\"><\/a><div class=\"authorBox__name\"><span>por\n\t\t\t<a href=\"https:\/\/www.suno.com.br\/noticias\/author\/poliana-santos\/\"><span itemprop=\"author\">Poliana Santos<\/span><\/a><\/span><time datetime=\"2020-11-10T08:11:59-03:00\" itemprop=\"datePublished\">10\/11\/2020 08:11<\/time><\/div><\/div><\/div><\/div><\/div>","single_layout":"posts","amp_enabled":true,"_links":{"self":[{"href":"https:\/\/www.suno.com.br\/noticias\/wp-json\/wp\/v2\/posts\/98909"}],"collection":[{"href":"https:\/\/www.suno.com.br\/noticias\/wp-json\/wp\/v2\/posts"}],"about":[{"href":"https:\/\/www.suno.com.br\/noticias\/wp-json\/wp\/v2\/types\/post"}],"author":[{"embeddable":true,"href":"https:\/\/www.suno.com.br\/noticias\/wp-json\/wp\/v2\/users\/24"}],"replies":[{"embeddable":true,"href":"https:\/\/www.suno.com.br\/noticias\/wp-json\/wp\/v2\/comments?post=98909"}],"version-history":[{"count":0,"href":"https:\/\/www.suno.com.br\/noticias\/wp-json\/wp\/v2\/posts\/98909\/revisions"}],"wp:featuredmedia":[{"embeddable":true,"href":"https:\/\/www.suno.com.br\/noticias\/wp-json\/wp\/v2\/media\/36476"}],"wp:attachment":[{"href":"https:\/\/www.suno.com.br\/noticias\/wp-json\/wp\/v2\/media?parent=98909"}],"wp:term":[{"taxonomy":"category","embeddable":true,"href":"https:\/\/www.suno.com.br\/noticias\/wp-json\/wp\/v2\/categories?post=98909"},{"taxonomy":"post_tag","embeddable":true,"href":"https:\/\/www.suno.com.br\/noticias\/wp-json\/wp\/v2\/tags?post=98909"},{"taxonomy":"suno_strategy","embeddable":true,"href":"https:\/\/www.suno.com.br\/noticias\/wp-json\/wp\/v2\/suno_strategy?post=98909"}],"curies":[{"name":"wp","href":"https:\/\/api.w.org\/{rel}","templated":true}]}}