{"id":9889,"date":"2018-12-26T18:17:16","date_gmt":"2018-12-26T20:17:16","guid":{"rendered":"https:\/\/www.suno.com.br\/noticias\/?p=9889"},"modified":"2018-12-26T18:17:16","modified_gmt":"2018-12-26T20:17:16","slug":"secretario-guedes-reduzir-aliquota-sistema-s","status":"publish","type":"post","link":"https:\/\/www.suno.com.br\/noticias\/secretario-guedes-reduzir-aliquota-sistema-s\/","title":{"rendered":"Futuro secret\u00e1rio de Paulo Guedes quer reduzir al\u00edquota do Sistema S"},"content":{"rendered":"<p>O futuro secret\u00e1rio de Pol\u00edtica Econ\u00f4mica do Minist\u00e9rio da Economia de Jair Bolsonaro, Adolfo Saschida, disse que quer reduzir al\u00edquota do Sistema S para gerar mais empregos. A declara\u00e7\u00e3o foi dada em entrevista ao jornal Valor Econ\u00f4mico nesta quarta.<\/p>\t<div class=\"wrapper-featured-image\">\n\t\t<figure class=\"spotlightImg\">\n\n\t\t\t<picture>\n\t\t\t\t<source media=\"(max-width: 768px)\" srcset=\"https:\/\/files.sunoresearch.com.br\/n\/uploads\/2018\/10\/55d654c2-paulo-guedes-400x200.webp\">\n\t\t\t\t<img loading=\"lazy\" decoding=\"async\" class=\"newsContent__article__imgCapa lazyloadDisabled newsContent__article__imgCapa--noCaption\" src=\"https:\/\/files.sunoresearch.com.br\/n\/uploads\/2018\/10\/55d654c2-paulo-guedes-800x450.webp\" width=\"800\" height=\"450\" alt=\"Futuro secret\u00e1rio de Paulo Guedes quer reduzir al\u00edquota do Sistema S\" fetchpriority=high \/>\n\t\t\t<\/picture>\n\n\t\t\t<figcaption class=\"wp-caption-text wp-caption-text--hide\"><\/figcaption>\n\t\t<\/figure>\n\t<\/div>\n\n\n<p>&#8220;N\u00f3s precisamos endere\u00e7ar essa quest\u00e3o do <strong>Sistema S<\/strong>. Hoje, temos 25 milh\u00f5es de pessoas entre desempregados e subempregados, fam\u00edlias que est\u00e3o precisando. Ser\u00e1 que n\u00e3o seria justo diminuir o custo da contrata\u00e7\u00e3o do trabalhador? E um dos caminhos \u00e9 diminuir os tributos. E o Sistema S precisa dar a sua contribui\u00e7\u00e3o&#8221;, disse Saschida. &#8220;A linha mestra da nossa atua\u00e7\u00e3o \u00e9 que todos que podem ter\u00e3o que contribuir para esse processo. Precisamos reduzir as al\u00edquotas do Sistema S para dinamizar o emprego.&#8221;<\/p>\n<p>Sashida disse que a vantagem de se reduzir as al\u00edquotas do Sistema S \u00e9 que isso n\u00e3o onera as contas p\u00fablicas. Ao mesmo tempo, reduz o custo trabalhista. Ele disse que a medida \u00e9 distinta da desonera\u00e7\u00e3o da folha de pagamento realizada nos governos do PT porque ser\u00e1 feita em car\u00e1ter permanente e generalizada.<\/p>\n<p><a href=\"https:\/\/www.suno.com.br\/noticias\/reforma-previdencia-confira-cenarios-2019\/\">Saiba mais: Reforma da Previd\u00eancia: confira quais s\u00e3o os cen\u00e1rios para 2019<\/a><\/p>\n<p>O futuro secret\u00e1rio afirma existir uma &#8220;gordura&#8221; na arrecada\u00e7\u00e3o do Sistema S. Segundo ele, esses recursos (em torno de R$ 19 bilh\u00f5es ao ano) t\u00eam levado a pagamentos de sal\u00e1rios exagerados e a sedes &#8220;suntuosas&#8221;, desproporcionais \u00e0 realidade no Pa\u00eds. &#8220;Essa mudan\u00e7a n\u00e3o ser\u00e1 feita sem prepara\u00e7\u00e3o. N\u00f3s vamos manter a parte nobre do Sistema S, que define para onde ir\u00e1 o dinheiro arrecadado. Mas se voc\u00ea olha os sal\u00e1rios e as sedes suntuosas, est\u00e1 claro que est\u00e1 sobrando um pouco. Precisamos pegar parte desses recursos e devolver para a sociedade&#8221;, disse Saschida.<\/p>\n<h2>Paulo Guedes e a &#8220;faca&#8221; no Sistema S<\/h2>\n<p>O futuro ministro da Economia, <strong>Paulo Guedes<\/strong>, j\u00e1 havia declarado querer &#8220;<a href=\"https:\/\/www.suno.com.br\/noticias\/paulo-guedes-meter-faca-sistema\/\">meter a faca<\/a>&#8221; no <strong>Sistema S<\/strong>. &#8220;Est\u00e3o achando que a CUT perde o sindicato, mas aqui fica tudo igual? Como vamos pedir sacrif\u00edcio para os outros e n\u00e3o contribuir com o nosso?&#8221;, disse num evento na Firjan, a Federa\u00e7\u00e3o das Ind\u00fastrias do Estado do Rio de Janeiro. As <a href=\"https:\/\/www.suno.com.br\/noticias\/entidades-sistema-s-paulo-guedes\/\">entidades do Sistema S reagiram<\/a> \u00e0 proposta de corte de Guedes.<\/p>\n","protected":false},"excerpt":{"rendered":"<p>O futuro secret\u00e1rio de Pol\u00edtica Econ\u00f4mica do Minist\u00e9rio da Economia de Jair Bolsonaro, Adolfo Saschida, disse que quer reduzir al\u00edquota do Sistema S para gerar mais empregos. A declara\u00e7\u00e3o foi dada em entrevista ao jornal Valor Econ\u00f4mico nesta quarta. &#8220;N\u00f3s precisamos endere\u00e7ar essa quest\u00e3o do Sistema S. Hoje, temos 25 milh\u00f5es de pessoas entre desempregados [&hellip;]<\/p>\n","protected":false},"author":13,"featured_media":5830,"comment_status":"closed","ping_status":"closed","sticky":false,"template":"","format":"standard","meta":[],"categories":[62],"tags":[704,719,909,796,908],"suno_strategy":[],"class_list":["post-9889","post","type-post","status-publish","format-standard","has-post-thumbnail","hentry","category-economia","tag-impostos","tag-jair-bolsonaro","tag-ministerio-da-economia","tag-paulo-guedes","tag-sistema-s"],"yoast_head":"<!-- This site is optimized with the Yoast SEO plugin v24.4 - https:\/\/yoast.com\/wordpress\/plugins\/seo\/ -->\n<title>Futuro secret\u00e1rio de Paulo Guedes quer reduzir al\u00edquota do Sistema S<\/title>\n<meta name=\"description\" content=\"O futuro secret\u00e1rio de Paulo Guedes, Adolfo Saschida, disse querer reduzir al\u00edquota do Sistema S para gerar mais empregos. Clique e saiba +\" \/>\n<meta name=\"robots\" content=\"index, follow, max-snippet:-1, max-image-preview:large, max-video-preview:-1\" \/>\n<link rel=\"canonical\" href=\"https:\/\/www.suno.com.br\/noticias\/secretario-guedes-reduzir-aliquota-sistema-s\/\" \/>\n<meta property=\"og:locale\" content=\"pt_BR\" \/>\n<meta property=\"og:type\" content=\"article\" \/>\n<meta property=\"og:title\" content=\"Futuro secret\u00e1rio de Paulo Guedes quer reduzir al\u00edquota do Sistema S\" \/>\n<meta property=\"og:description\" content=\"O futuro secret\u00e1rio de Paulo Guedes, Adolfo Saschida, disse querer reduzir al\u00edquota do Sistema S para gerar mais empregos. Clique e saiba +\" \/>\n<meta property=\"og:url\" content=\"https:\/\/www.suno.com.br\/noticias\/secretario-guedes-reduzir-aliquota-sistema-s\/\" \/>\n<meta property=\"og:site_name\" content=\"Suno Not\u00edcias\" \/>\n<meta property=\"article:publisher\" content=\"https:\/\/facebook.com\/sunoresearch\" \/>\n<meta property=\"og:image\" content=\"https:\/\/files.sunoresearch.com.br\/n\/uploads\/2018\/10\/55d654c2-paulo-guedes.jpg\" \/>\n\t<meta property=\"og:image:width\" content=\"1000\" \/>\n\t<meta property=\"og:image:height\" content=\"563\" \/>\n\t<meta property=\"og:image:type\" content=\"image\/jpeg\" \/>\n<meta name=\"author\" content=\"Guilherme Caetano\" \/>\n<meta name=\"twitter:card\" content=\"summary_large_image\" \/>\n<meta name=\"twitter:creator\" content=\"@sunoresearch\" \/>\n<meta name=\"twitter:site\" content=\"@sunoresearch\" \/>\n<meta name=\"twitter:label1\" content=\"Escrito por\" \/>\n\t<meta name=\"twitter:data1\" content=\"Guilherme Caetano\" \/>\n\t<meta name=\"twitter:label2\" content=\"Est. tempo de leitura\" \/>\n\t<meta name=\"twitter:data2\" content=\"2 minutos\" \/>\n<script type=\"application\/ld+json\" class=\"yoast-schema-graph\">{\"@context\":\"https:\/\/schema.org\",\"@graph\":[{\"@type\":\"NewsArticle\",\"@id\":\"https:\/\/www.suno.com.br\/noticias\/secretario-guedes-reduzir-aliquota-sistema-s\/#article\",\"isPartOf\":{\"@id\":\"https:\/\/www.suno.com.br\/noticias\/secretario-guedes-reduzir-aliquota-sistema-s\/\"},\"author\":{\"name\":\"Guilherme Caetano\",\"@id\":\"https:\/\/www.suno.com.br\/noticias\/#\/schema\/person\/0d0c9687cd2f600c564f25980c140de9\"},\"headline\":\"Futuro secret\u00e1rio de Paulo Guedes quer reduzir al\u00edquota do Sistema S\",\"datePublished\":\"2018-12-26T20:17:16+00:00\",\"mainEntityOfPage\":{\"@id\":\"https:\/\/www.suno.com.br\/noticias\/secretario-guedes-reduzir-aliquota-sistema-s\/\"},\"wordCount\":404,\"publisher\":{\"@id\":\"https:\/\/www.suno.com.br\/noticias\/#organization\"},\"image\":{\"@id\":\"https:\/\/www.suno.com.br\/noticias\/secretario-guedes-reduzir-aliquota-sistema-s\/#primaryimage\"},\"thumbnailUrl\":\"https:\/\/files.sunoresearch.com.br\/n\/uploads\/2018\/10\/55d654c2-paulo-guedes-jpg.webp\",\"keywords\":[\"impostos\",\"Jair Bolsonaro\",\"Minist\u00e9rio da Economia\",\"Paulo Guedes\",\"Sistema S\"],\"articleSection\":[\"Economia\"],\"inLanguage\":\"pt-BR\"},{\"@type\":\"WebPage\",\"@id\":\"https:\/\/www.suno.com.br\/noticias\/secretario-guedes-reduzir-aliquota-sistema-s\/\",\"url\":\"https:\/\/www.suno.com.br\/noticias\/secretario-guedes-reduzir-aliquota-sistema-s\/\",\"name\":\"Futuro secret\u00e1rio de Paulo Guedes quer reduzir al\u00edquota do Sistema S\",\"isPartOf\":{\"@id\":\"https:\/\/www.suno.com.br\/noticias\/#website\"},\"primaryImageOfPage\":{\"@id\":\"https:\/\/www.suno.com.br\/noticias\/secretario-guedes-reduzir-aliquota-sistema-s\/#primaryimage\"},\"image\":{\"@id\":\"https:\/\/www.suno.com.br\/noticias\/secretario-guedes-reduzir-aliquota-sistema-s\/#primaryimage\"},\"thumbnailUrl\":\"https:\/\/files.sunoresearch.com.br\/n\/uploads\/2018\/10\/55d654c2-paulo-guedes-jpg.webp\",\"datePublished\":\"2018-12-26T20:17:16+00:00\",\"description\":\"O futuro secret\u00e1rio de Paulo Guedes, Adolfo Saschida, disse querer reduzir al\u00edquota do Sistema S para gerar mais empregos. Clique e saiba +\",\"breadcrumb\":{\"@id\":\"https:\/\/www.suno.com.br\/noticias\/secretario-guedes-reduzir-aliquota-sistema-s\/#breadcrumb\"},\"inLanguage\":\"pt-BR\",\"potentialAction\":[{\"@type\":\"ReadAction\",\"target\":[\"https:\/\/www.suno.com.br\/noticias\/secretario-guedes-reduzir-aliquota-sistema-s\/\"]}]},{\"@type\":\"ImageObject\",\"inLanguage\":\"pt-BR\",\"@id\":\"https:\/\/www.suno.com.br\/noticias\/secretario-guedes-reduzir-aliquota-sistema-s\/#primaryimage\",\"url\":\"https:\/\/files.sunoresearch.com.br\/n\/uploads\/2018\/10\/55d654c2-paulo-guedes-jpg.webp\",\"contentUrl\":\"https:\/\/files.sunoresearch.com.br\/n\/uploads\/2018\/10\/55d654c2-paulo-guedes-jpg.webp\",\"width\":1000,\"height\":563,\"caption\":\"Paulo Guedes\"},{\"@type\":\"BreadcrumbList\",\"@id\":\"https:\/\/www.suno.com.br\/noticias\/secretario-guedes-reduzir-aliquota-sistema-s\/#breadcrumb\",\"itemListElement\":[{\"@type\":\"ListItem\",\"position\":1,\"name\":\"Not\u00edcias\",\"item\":\"https:\/\/www.suno.com.br\/noticias\/\"},{\"@type\":\"ListItem\",\"position\":2,\"name\":\"Economia\",\"item\":\"https:\/\/www.suno.com.br\/noticias\/economia\/\"},{\"@type\":\"ListItem\",\"position\":3,\"name\":\"Futuro secret\u00e1rio de Paulo Guedes quer reduzir al\u00edquota do Sistema S\"}]},{\"@type\":\"WebSite\",\"@id\":\"https:\/\/www.suno.com.br\/noticias\/#website\",\"url\":\"https:\/\/www.suno.com.br\/noticias\/\",\"name\":\"Suno Not\u00edcias\",\"description\":\"Seu portal de informa\u00e7\u00e3o sobre o mundo dos investimentos\",\"publisher\":{\"@id\":\"https:\/\/www.suno.com.br\/noticias\/#organization\"},\"potentialAction\":[{\"@type\":\"SearchAction\",\"target\":{\"@type\":\"EntryPoint\",\"urlTemplate\":\"https:\/\/www.suno.com.br\/noticias\/?s={search_term_string}\"},\"query-input\":{\"@type\":\"PropertyValueSpecification\",\"valueRequired\":true,\"valueName\":\"search_term_string\"}}],\"inLanguage\":\"pt-BR\"},{\"@type\":\"Organization\",\"@id\":\"https:\/\/www.suno.com.br\/noticias\/#organization\",\"name\":\"Suno Not\u00edcias\",\"url\":\"https:\/\/www.suno.com.br\/noticias\/\",\"logo\":{\"@type\":\"ImageObject\",\"inLanguage\":\"pt-BR\",\"@id\":\"https:\/\/www.suno.com.br\/noticias\/#\/schema\/logo\/image\/\",\"url\":\"https:\/\/files.sunoresearch.com.br\/n\/uploads\/2021\/09\/suno-logo.png\",\"contentUrl\":\"https:\/\/files.sunoresearch.com.br\/n\/uploads\/2021\/09\/suno-logo.png\",\"width\":180,\"height\":180,\"caption\":\"Suno Not\u00edcias\"},\"image\":{\"@id\":\"https:\/\/www.suno.com.br\/noticias\/#\/schema\/logo\/image\/\"},\"sameAs\":[\"https:\/\/facebook.com\/sunoresearch\",\"https:\/\/x.com\/sunoresearch\",\"https:\/\/www.instagram.com\/suno\",\"https:\/\/www.linkedin.com\/company\/suno-research\/\",\"https:\/\/www.youtube.com\/c\/sunoresearch\"]},{\"@type\":\"Person\",\"@id\":\"https:\/\/www.suno.com.br\/noticias\/#\/schema\/person\/0d0c9687cd2f600c564f25980c140de9\",\"name\":\"Guilherme Caetano\",\"image\":{\"@type\":\"ImageObject\",\"inLanguage\":\"pt-BR\",\"@id\":\"https:\/\/www.suno.com.br\/noticias\/#\/schema\/person\/image\/\",\"url\":\"https:\/\/secure.gravatar.com\/avatar\/e48357351a01702a0d19307070e081bf?s=96&r=g\",\"contentUrl\":\"https:\/\/secure.gravatar.com\/avatar\/e48357351a01702a0d19307070e081bf?s=96&r=g\",\"caption\":\"Guilherme Caetano\"},\"description\":\"Formado em jornalismo pela Escola de Comunica\u00e7\u00f5es e Artes da USP, Guilherme Caetano escreve para o portal de not\u00edcias da Suno Research. Passou pelas reda\u00e7\u00f5es da Folha de S.Paulo e da revista \u00c9poca.\",\"url\":\"https:\/\/www.suno.com.br\/noticias\/author\/guilherme-caetano\/\"}]}<\/script>\n<!-- \/ Yoast SEO plugin. -->","yoast_head_json":{"title":"Futuro secret\u00e1rio de Paulo Guedes quer reduzir al\u00edquota do Sistema S","description":"O futuro secret\u00e1rio de Paulo Guedes, Adolfo Saschida, disse querer reduzir al\u00edquota do Sistema S para gerar mais empregos. Clique e saiba +","robots":{"index":"index","follow":"follow","max-snippet":"max-snippet:-1","max-image-preview":"max-image-preview:large","max-video-preview":"max-video-preview:-1"},"canonical":"https:\/\/www.suno.com.br\/noticias\/secretario-guedes-reduzir-aliquota-sistema-s\/","og_locale":"pt_BR","og_type":"article","og_title":"Futuro secret\u00e1rio de Paulo Guedes quer reduzir al\u00edquota do Sistema S","og_description":"O futuro secret\u00e1rio de Paulo Guedes, Adolfo Saschida, disse querer reduzir al\u00edquota do Sistema S para gerar mais empregos. Clique e saiba +","og_url":"https:\/\/www.suno.com.br\/noticias\/secretario-guedes-reduzir-aliquota-sistema-s\/","og_site_name":"Suno Not\u00edcias","article_publisher":"https:\/\/facebook.com\/sunoresearch","og_image":[{"width":1000,"height":563,"url":"https:\/\/files.sunoresearch.com.br\/n\/uploads\/2018\/10\/55d654c2-paulo-guedes.jpg","type":"image\/jpeg"}],"author":"Guilherme Caetano","twitter_card":"summary_large_image","twitter_creator":"@sunoresearch","twitter_site":"@sunoresearch","twitter_misc":{"Escrito por":"Guilherme Caetano","Est. tempo de leitura":"2 minutos"},"schema":{"@context":"https:\/\/schema.org","@graph":[{"@type":"NewsArticle","@id":"https:\/\/www.suno.com.br\/noticias\/secretario-guedes-reduzir-aliquota-sistema-s\/#article","isPartOf":{"@id":"https:\/\/www.suno.com.br\/noticias\/secretario-guedes-reduzir-aliquota-sistema-s\/"},"author":{"name":"Guilherme Caetano","@id":"https:\/\/www.suno.com.br\/noticias\/#\/schema\/person\/0d0c9687cd2f600c564f25980c140de9"},"headline":"Futuro secret\u00e1rio de Paulo Guedes quer reduzir al\u00edquota do Sistema S","datePublished":"2018-12-26T20:17:16+00:00","mainEntityOfPage":{"@id":"https:\/\/www.suno.com.br\/noticias\/secretario-guedes-reduzir-aliquota-sistema-s\/"},"wordCount":404,"publisher":{"@id":"https:\/\/www.suno.com.br\/noticias\/#organization"},"image":{"@id":"https:\/\/www.suno.com.br\/noticias\/secretario-guedes-reduzir-aliquota-sistema-s\/#primaryimage"},"thumbnailUrl":"https:\/\/files.sunoresearch.com.br\/n\/uploads\/2018\/10\/55d654c2-paulo-guedes-jpg.webp","keywords":["impostos","Jair Bolsonaro","Minist\u00e9rio da Economia","Paulo Guedes","Sistema S"],"articleSection":["Economia"],"inLanguage":"pt-BR"},{"@type":"WebPage","@id":"https:\/\/www.suno.com.br\/noticias\/secretario-guedes-reduzir-aliquota-sistema-s\/","url":"https:\/\/www.suno.com.br\/noticias\/secretario-guedes-reduzir-aliquota-sistema-s\/","name":"Futuro secret\u00e1rio de Paulo Guedes quer reduzir al\u00edquota do Sistema S","isPartOf":{"@id":"https:\/\/www.suno.com.br\/noticias\/#website"},"primaryImageOfPage":{"@id":"https:\/\/www.suno.com.br\/noticias\/secretario-guedes-reduzir-aliquota-sistema-s\/#primaryimage"},"image":{"@id":"https:\/\/www.suno.com.br\/noticias\/secretario-guedes-reduzir-aliquota-sistema-s\/#primaryimage"},"thumbnailUrl":"https:\/\/files.sunoresearch.com.br\/n\/uploads\/2018\/10\/55d654c2-paulo-guedes-jpg.webp","datePublished":"2018-12-26T20:17:16+00:00","description":"O futuro secret\u00e1rio de Paulo Guedes, Adolfo Saschida, disse querer reduzir al\u00edquota do Sistema S para gerar mais empregos. Clique e saiba +","breadcrumb":{"@id":"https:\/\/www.suno.com.br\/noticias\/secretario-guedes-reduzir-aliquota-sistema-s\/#breadcrumb"},"inLanguage":"pt-BR","potentialAction":[{"@type":"ReadAction","target":["https:\/\/www.suno.com.br\/noticias\/secretario-guedes-reduzir-aliquota-sistema-s\/"]}]},{"@type":"ImageObject","inLanguage":"pt-BR","@id":"https:\/\/www.suno.com.br\/noticias\/secretario-guedes-reduzir-aliquota-sistema-s\/#primaryimage","url":"https:\/\/files.sunoresearch.com.br\/n\/uploads\/2018\/10\/55d654c2-paulo-guedes-jpg.webp","contentUrl":"https:\/\/files.sunoresearch.com.br\/n\/uploads\/2018\/10\/55d654c2-paulo-guedes-jpg.webp","width":1000,"height":563,"caption":"Paulo Guedes"},{"@type":"BreadcrumbList","@id":"https:\/\/www.suno.com.br\/noticias\/secretario-guedes-reduzir-aliquota-sistema-s\/#breadcrumb","itemListElement":[{"@type":"ListItem","position":1,"name":"Not\u00edcias","item":"https:\/\/www.suno.com.br\/noticias\/"},{"@type":"ListItem","position":2,"name":"Economia","item":"https:\/\/www.suno.com.br\/noticias\/economia\/"},{"@type":"ListItem","position":3,"name":"Futuro secret\u00e1rio de Paulo Guedes quer reduzir al\u00edquota do Sistema S"}]},{"@type":"WebSite","@id":"https:\/\/www.suno.com.br\/noticias\/#website","url":"https:\/\/www.suno.com.br\/noticias\/","name":"Suno Not\u00edcias","description":"Seu portal de informa\u00e7\u00e3o sobre o mundo dos investimentos","publisher":{"@id":"https:\/\/www.suno.com.br\/noticias\/#organization"},"potentialAction":[{"@type":"SearchAction","target":{"@type":"EntryPoint","urlTemplate":"https:\/\/www.suno.com.br\/noticias\/?s={search_term_string}"},"query-input":{"@type":"PropertyValueSpecification","valueRequired":true,"valueName":"search_term_string"}}],"inLanguage":"pt-BR"},{"@type":"Organization","@id":"https:\/\/www.suno.com.br\/noticias\/#organization","name":"Suno Not\u00edcias","url":"https:\/\/www.suno.com.br\/noticias\/","logo":{"@type":"ImageObject","inLanguage":"pt-BR","@id":"https:\/\/www.suno.com.br\/noticias\/#\/schema\/logo\/image\/","url":"https:\/\/files.sunoresearch.com.br\/n\/uploads\/2021\/09\/suno-logo.png","contentUrl":"https:\/\/files.sunoresearch.com.br\/n\/uploads\/2021\/09\/suno-logo.png","width":180,"height":180,"caption":"Suno Not\u00edcias"},"image":{"@id":"https:\/\/www.suno.com.br\/noticias\/#\/schema\/logo\/image\/"},"sameAs":["https:\/\/facebook.com\/sunoresearch","https:\/\/x.com\/sunoresearch","https:\/\/www.instagram.com\/suno","https:\/\/www.linkedin.com\/company\/suno-research\/","https:\/\/www.youtube.com\/c\/sunoresearch"]},{"@type":"Person","@id":"https:\/\/www.suno.com.br\/noticias\/#\/schema\/person\/0d0c9687cd2f600c564f25980c140de9","name":"Guilherme Caetano","image":{"@type":"ImageObject","inLanguage":"pt-BR","@id":"https:\/\/www.suno.com.br\/noticias\/#\/schema\/person\/image\/","url":"https:\/\/secure.gravatar.com\/avatar\/e48357351a01702a0d19307070e081bf?s=96&r=g","contentUrl":"https:\/\/secure.gravatar.com\/avatar\/e48357351a01702a0d19307070e081bf?s=96&r=g","caption":"Guilherme Caetano"},"description":"Formado em jornalismo pela Escola de Comunica\u00e7\u00f5es e Artes da USP, Guilherme Caetano escreve para o portal de not\u00edcias da Suno Research. Passou pelas reda\u00e7\u00f5es da Folha de S.Paulo e da revista \u00c9poca.","url":"https:\/\/www.suno.com.br\/noticias\/author\/guilherme-caetano\/"}]}},"default_loop_html":"<div class=\"cardsPage__listCard__boxs\"><div class=\"cardsPage__listCard__boxs__img\"><a href=\"https:\/\/www.suno.com.br\/noticias\/secretario-guedes-reduzir-aliquota-sistema-s\/\"><img class=\"mask\" src=\"https:\/\/www.suno.com.br\/noticias\/wp-content\/themes\/suno\/resources\/images\/spotlight\/spotlight1img\/bg-mask.png\" alt=\"Image Mask\"\/><img src=\"https:\/\/files.sunoresearch.com.br\/n\/uploads\/2018\/10\/55d654c2-paulo-guedes-400x200.webp\" alt=\"Futuro secret\u00e1rio de Paulo Guedes quer reduzir al\u00edquota do Sistema S\"\/><\/a><span class=\"spotlightCategory\"><a href=\"https:\/\/www.suno.com.br\/noticias\/economia\/\">Economia<\/a><\/span><\/div><div class=\"cardsPage__listCard__boxs__content\"><a href=\"https:\/\/www.suno.com.br\/noticias\/secretario-guedes-reduzir-aliquota-sistema-s\/\"><h2 class=\"content__title\">Futuro secret\u00e1rio de Paulo Guedes quer reduzir al\u00edquota do Sistema S<\/h2><\/a><div class=\"newsContent__article__meta\"><div class=\"newsContent__article__meta__authorBox\"><a href=\"https:\/\/www.suno.com.br\/noticias\/author\/guilherme-caetano\/\" class=\"authorBox__avatar noMobi\"><img src=\"https:\/\/secure.gravatar.com\/avatar\/e48357351a01702a0d19307070e081bf?s=96&#038;r=g\" alt=\"Guilherme Caetano\"><\/a><div class=\"authorBox__name\"><span>por\n\t\t\t<a href=\"https:\/\/www.suno.com.br\/noticias\/author\/guilherme-caetano\/\"><span itemprop=\"author\">Guilherme Caetano<\/span><\/a><\/span><time datetime=\"2018-12-26T18:17:16-02:00\" itemprop=\"datePublished\">26\/12\/2018 18:17<\/time><\/div><\/div><\/div><\/div><\/div>","single_layout":"posts","amp_enabled":true,"_links":{"self":[{"href":"https:\/\/www.suno.com.br\/noticias\/wp-json\/wp\/v2\/posts\/9889"}],"collection":[{"href":"https:\/\/www.suno.com.br\/noticias\/wp-json\/wp\/v2\/posts"}],"about":[{"href":"https:\/\/www.suno.com.br\/noticias\/wp-json\/wp\/v2\/types\/post"}],"author":[{"embeddable":true,"href":"https:\/\/www.suno.com.br\/noticias\/wp-json\/wp\/v2\/users\/13"}],"replies":[{"embeddable":true,"href":"https:\/\/www.suno.com.br\/noticias\/wp-json\/wp\/v2\/comments?post=9889"}],"version-history":[{"count":0,"href":"https:\/\/www.suno.com.br\/noticias\/wp-json\/wp\/v2\/posts\/9889\/revisions"}],"wp:featuredmedia":[{"embeddable":true,"href":"https:\/\/www.suno.com.br\/noticias\/wp-json\/wp\/v2\/media\/5830"}],"wp:attachment":[{"href":"https:\/\/www.suno.com.br\/noticias\/wp-json\/wp\/v2\/media?parent=9889"}],"wp:term":[{"taxonomy":"category","embeddable":true,"href":"https:\/\/www.suno.com.br\/noticias\/wp-json\/wp\/v2\/categories?post=9889"},{"taxonomy":"post_tag","embeddable":true,"href":"https:\/\/www.suno.com.br\/noticias\/wp-json\/wp\/v2\/tags?post=9889"},{"taxonomy":"suno_strategy","embeddable":true,"href":"https:\/\/www.suno.com.br\/noticias\/wp-json\/wp\/v2\/suno_strategy?post=9889"}],"curies":[{"name":"wp","href":"https:\/\/api.w.org\/{rel}","templated":true}]}}