{"id":98840,"date":"2020-11-10T07:00:05","date_gmt":"2020-11-10T10:00:05","guid":{"rendered":"https:\/\/www.suno.com.br\/noticias\/?p=98840"},"modified":"2020-11-10T18:19:14","modified_gmt":"2020-11-10T21:19:14","slug":"vacina-pfizer-biontech-imigrantes-turcos","status":"publish","type":"post","link":"https:\/\/www.suno.com.br\/noticias\/vacina-pfizer-biontech-imigrantes-turcos\/","title":{"rendered":"Vacina Pfizer-BioNTech: conhe\u00e7a a empresa alem\u00e3 fundada por imigrantes turcos"},"content":{"rendered":"<p>Nesta segunda-feira (9) o mundo vivenciou um dia de esperan\u00e7a, ap\u00f3s o an\u00fancio que a vacina contra o novo coronav\u00edrus (covid-19) \u00e9 &#8220;90% eficaz&#8221;. A pesquisa, realizada pelas empresas americana Pfizer e alem\u00e3 <strong>BioNTech<\/strong> gerou at\u00e9 euforia nas Bolsas de Valores do mundo inteiro, que fecharam com fortes altas.<\/p>\t<div class=\"wrapper-featured-image\">\n\t\t<figure class=\"spotlightImg\">\n\n\t\t\t<picture>\n\t\t\t\t<source media=\"(max-width: 768px)\" srcset=\"https:\/\/files.sunoresearch.com.br\/n\/uploads\/2020\/11\/a7bc8e9d-biontech-400x200.webp\">\n\t\t\t\t<img loading=\"lazy\" decoding=\"async\" class=\"newsContent__article__imgCapa lazyloadDisabled \" src=\"https:\/\/files.sunoresearch.com.br\/n\/uploads\/2020\/11\/a7bc8e9d-biontech-jpg.webp\" width=\"800\" height=\"450\" alt=\"Vacina Pfizer-BioNTech: conhe\u00e7a a empresa alem\u00e3 fundada por imigrantes turcos\" fetchpriority=high \/>\n\t\t\t<\/picture>\n\n\t\t\t<figcaption class=\"wp-caption-text wp-caption-text--show\">Vacina Pfizer-BioNTech: conhe\u00e7a a empresa alem\u00e3 fundada por imigrantes turcos<\/figcaption>\n\t\t<\/figure>\n\t<\/div>\n\n\n\t<p>\n\t\t<a href=\"\" target=\"_blank\" data-element=\"shortcode-suno-banner\" title=\"Banner SUNO, clique e saiba mais\">\n\t\t\t<picture>\n\t\t\t\t<source media=\"(max-width: 500px)\" srcset=\"\">\n\t\t\t\t<img class=\"newsContent__article__imgCapa newsContent__article__imgCapa--banner\"\n\t\t\t\t\tsrc=\"\"\n\t\t\t\t\tdata-promo-id=\"97204\"\t\t\t\t\t\t\t\t\t\t\t\t\t\t\talt=\"\"\n\t\t\t\t>\n\t\t\t<\/picture>\n\t\t<\/a>\n\t<\/p>\n\n\n<p>A gigante farmac\u00eautica americana uniu for\u00e7as na batalha contra a <strong>covid<\/strong> com essa pequena e jovem empresa alem\u00e3 de biotecnologia. Pouco conhecida do grande p\u00fablico at\u00e9 agora, a BioNtech foi fundada em 2008 na cidade de Mainz por dois m\u00e9dicos, Ugur Sahin, e sua esposa, \u00d6zlem T\u00fcreci.<\/p>\n<p>Ambos s\u00e3o de origem turca, e como milh\u00f5es de outros cidad\u00e3os daquele pa\u00eds, chegaram na Alemanha na metade do s\u00e9culo passado em busca de uma vida melhor. Os dois se conheceram trabalhando junto em uma pesquisa para a cura do c\u00e2ncer.<\/p>\n<p><a href=\"https:\/\/lp.suno.com.br\/suno-one\/\">Suno One: acesse gratuitamente eBooks, Minicursos, Artigos e Video Aulas sobre investimentos com um \u00fanico cadastro. Clique para saber mais!<\/a><\/p>\n<p>Sahin nasceu em Tarso, na <strong>Turquia<\/strong> em 1965. Com quatro anos de idade chegou na Alemanha com a m\u00e3e para se juntar ao pai, que trabalhava na f\u00e1brica da Ford em Col\u00f4nia.<\/p>\n<p>Com o sonho de se tornar m\u00e9dico, estuda medicina em Col\u00f4nia e depois na Universidade da Saarland, onde conhece sua futura esposa, T\u00fcreci, nascida na Baixa Sax\u00f4nia, filha de dois m\u00e9dicos turcos de Istambul, que emigraram para a Alemanha para trabalhar em um pequeno hospital.<\/p>\n<p>No dia do casamento, os dois sa\u00edram rapidamente do laborat\u00f3rio para chegar na prefeitura, se casar civilmente e voltaram imediatamente ao trabalho.<\/p>\n<p>A uni\u00e3o entre os dois logo se tornou uma parceria comercial. Em 2000, Sahin e T\u00fcreci mudaram-se juntos para a Universidade de Mainz, onde lecionaram, e um ano depois fundaram a <strong>Ganymed Pharmaceuticals,<\/strong> empresa que desenvolve anticorpos monoclonais contra o c\u00e2ncer, adquirida em 2016 pela Astellas por US$ 1,30 bilh\u00e3o (cerca de R$ 7,15 bilh\u00f5es). Em outubro de 2019 fundam a <strong>BioNTech<\/strong> e entraram na lista dos 100 alem\u00e3es mais ricos, com patrim\u00f4nio de 2,4 bilh\u00f5es de euros, segundo o jornal &#8220;Welt am Sonntag&#8221;.<\/p>\n<p>Hoje Sahin \u00e9 presidente e <strong>CEO<\/strong> da empresa, enquanto T\u00fcreci \u00e9 a diretora da \u00e1rea m\u00e9dica. Outros diretores de alto escal\u00e3o s\u00e3o oriundos de gigantes farmac\u00eauticas como <strong>Novartis<\/strong> (diretor financeiro), <strong>GlaxoSmithKline<\/strong> (diretor de neg\u00f3cios e operacional), ou financeiras, como <strong>JP Morgan<\/strong> (diretor de estrat\u00e9gia).<\/p>\n<h2>BioNtech l\u00edder mundial em biotecnologia<\/h2>\n<p>Atualmente a BioNTech \u00e9 a empresa l\u00edder mundial em biotecnologia em medicina personalizada contra o c\u00e2ncer. E al\u00e9m disso, a BioNTech se dedica ao desenvolvimento e produ\u00e7\u00e3o de imunoterapias ativas para o tratamento de muitas doen\u00e7as graves. incluindo HIV e tuberculose, para os quais assinou recentemente acordos de financiamento com a Funda\u00e7\u00e3o Bill e Melinda Gates.<\/p>\n<p>Listada na Nasdaq desde 2019, a BioNtech teve um faturamento de cerca de US$ 800 milh\u00f5es no ano passado. Mas mesmo tendo um resultado operacional negativo de quase US$ 60 milh\u00f5es, o se t\u00edtulo valorizou mais de 440% em um ano. No dia de sua estreia no \u00edndice tecnol\u00f3gico dos EUA, a a\u00e7\u00e3o fechava a US$ 13,82. Na segunda fechou a mais de US$ 105.<\/p>\n\t<div data-element=\"shortcode-read-more\" class=\"knowMore\">\n\t\t\t\t<span class=\"knowMore__title\">Veja tamb\u00e9m<\/span>\n\t\t\t\t<a class=\"knowMore__link\" href=\"https:\/\/www.suno.com.br\/noticias\/acao-da-zoom-cai-mais-de-16-nos-eua-com-perspectiva-de-vacina\/\">\n\t\t\tA\u00e7\u00e3o da Zoom cai mais de 16% nos EUA com perspectiva de vacina\t\t<\/a>\n\t<\/div>\n\n\n<p>A empresa tem seis plantas na Alemanha, uma em San Diego, nos Estados Unidos e, a partir de 2020, em Cambridge, no Reino Unido. No total, emprega mais de 1.300 pessoas de 61 nacionalidades, 25% dos quais com doutorado, e com idade m\u00e9dia de 34 anos: 44% homens e 56% mulheres, que tamb\u00e9m ocupam 45% dos cargos de chefia.<\/p>\n<p>A <strong>BioNTech<\/strong> j\u00e1 lan\u00e7ou em janeiro o projeto \u201cLightspeed\u201d, para desenvolver um medicamento contra a Covid \u201c\u00e0 velocidade da luz\u201d por meio da inovadora t\u00e9cnica de mRna, que usa material gen\u00e9tico para instruir as c\u00e9lulas a produzirem prote\u00ednas que combatem doen\u00e7as em vez de pat\u00f3geno. E seus resultados voltaram a dar esperan\u00e7a para o mundo.<\/p>\n\t<p>\n\t\t<a href=\"https:\/\/lp.suno.com.br\/planilha-de-controle-de-investimentos\/\" target=\"_blank\" data-element=\"shortcode-suno-banner\" title=\"Banner SUNO, clique e saiba mais\">\n\t\t\t<picture>\n\t\t\t\t<source media=\"(max-width: 500px)\" srcset=\"https:\/\/files.sunoresearch.com.br\/n\/uploads\/2023\/03\/400x300-Controle-de-Investimentos.png\">\n\t\t\t\t<img class=\"newsContent__article__imgCapa newsContent__article__imgCapa--banner\"\n\t\t\t\t\tsrc=\"https:\/\/files.sunoresearch.com.br\/n\/uploads\/2023\/03\/1420x240-Controle-de-Investimentos.png\"\n\t\t\t\t\tdata-promo-id=\"75934\"\t\t\t\t\t\t\t\t\t\twidth='1420' height='240'\t\t\t\t\talt=\"https:\/\/files.sunoresearch.com.br\/n\/uploads\/2023\/03\/1420x240-Controle-de-Investimentos.png\"\n\t\t\t\t>\n\t\t\t<\/picture>\n\t\t<\/a>\n\t<\/p>\n\n\n","protected":false},"excerpt":{"rendered":"<p>Nesta segunda-feira (9) o mundo vivenciou um dia de esperan\u00e7a, ap\u00f3s o an\u00fancio que a vacina contra o novo coronav\u00edrus (covid-19) \u00e9 &#8220;90% eficaz&#8221;. A pesquisa, realizada pelas empresas americana Pfizer e alem\u00e3 BioNTech gerou at\u00e9 euforia nas Bolsas de Valores do mundo inteiro, que fecharam com fortes altas. Vacina Pfizer-BioNTech: conhe\u00e7a a empresa alem\u00e3 [&hellip;]<\/p>\n","protected":false},"author":9,"featured_media":98841,"comment_status":"closed","ping_status":"closed","sticky":false,"template":"","format":"standard","meta":[],"categories":[64],"tags":[80505,884],"suno_strategy":[],"class_list":["post-98840","post","type-post","status-publish","format-standard","has-post-thumbnail","hentry","category-negocios","tag-biontech","tag-pfizer-pfiz34"],"yoast_head":"<!-- This site is optimized with the Yoast SEO plugin v24.4 - https:\/\/yoast.com\/wordpress\/plugins\/seo\/ -->\n<title>Vacina Pfizer-BioNTech: a empresa alem\u00e3 fundada por imigrantes turcos<\/title>\n<meta name=\"description\" content=\"Conhe\u00e7a a BioNTech, a empresa alem\u00e3 fundada por imigrantes turcos que est\u00e1 desenvolvendo a vacina contra o coronav\u00edrus. Clique e saiba mais.\" \/>\n<meta name=\"robots\" content=\"index, follow, max-snippet:-1, max-image-preview:large, max-video-preview:-1\" \/>\n<link rel=\"canonical\" href=\"https:\/\/www.suno.com.br\/noticias\/vacina-pfizer-biontech-imigrantes-turcos\/\" \/>\n<meta property=\"og:locale\" content=\"pt_BR\" \/>\n<meta property=\"og:type\" content=\"article\" \/>\n<meta property=\"og:title\" content=\"Vacina Pfizer-BioNTech: a empresa alem\u00e3 fundada por imigrantes turcos\" \/>\n<meta property=\"og:description\" content=\"Conhe\u00e7a a BioNTech, a empresa alem\u00e3 fundada por imigrantes turcos que est\u00e1 desenvolvendo a vacina contra o coronav\u00edrus. Clique e saiba mais.\" \/>\n<meta property=\"og:url\" content=\"https:\/\/www.suno.com.br\/noticias\/vacina-pfizer-biontech-imigrantes-turcos\/\" \/>\n<meta property=\"og:site_name\" content=\"Suno Not\u00edcias\" \/>\n<meta property=\"article:publisher\" content=\"https:\/\/facebook.com\/sunoresearch\" \/>\n<meta property=\"og:image\" content=\"https:\/\/files.sunoresearch.com.br\/n\/uploads\/2020\/11\/a7bc8e9d-biontech.jpg\" \/>\n\t<meta property=\"og:image:width\" content=\"735\" \/>\n\t<meta property=\"og:image:height\" content=\"416\" \/>\n\t<meta property=\"og:image:type\" content=\"image\/jpeg\" \/>\n<meta name=\"author\" content=\"Carlo Cauti\" \/>\n<meta name=\"twitter:card\" content=\"summary_large_image\" \/>\n<meta name=\"twitter:creator\" content=\"@sunoresearch\" \/>\n<meta name=\"twitter:site\" content=\"@sunoresearch\" \/>\n<meta name=\"twitter:label1\" content=\"Escrito por\" \/>\n\t<meta name=\"twitter:data1\" content=\"Carlo Cauti\" \/>\n\t<meta name=\"twitter:label2\" content=\"Est. tempo de leitura\" \/>\n\t<meta name=\"twitter:data2\" content=\"3 minutos\" \/>\n<script type=\"application\/ld+json\" class=\"yoast-schema-graph\">{\"@context\":\"https:\/\/schema.org\",\"@graph\":[{\"@type\":\"NewsArticle\",\"@id\":\"https:\/\/www.suno.com.br\/noticias\/vacina-pfizer-biontech-imigrantes-turcos\/#article\",\"isPartOf\":{\"@id\":\"https:\/\/www.suno.com.br\/noticias\/vacina-pfizer-biontech-imigrantes-turcos\/\"},\"author\":{\"name\":\"Carlo Cauti\",\"@id\":\"https:\/\/www.suno.com.br\/noticias\/#\/schema\/person\/e6e0f723cc177805027f4566c1d5e0c8\"},\"headline\":\"Vacina Pfizer-BioNTech: conhe\u00e7a a empresa alem\u00e3 fundada por imigrantes turcos\",\"datePublished\":\"2020-11-10T10:00:05+00:00\",\"dateModified\":\"2020-11-10T21:19:14+00:00\",\"mainEntityOfPage\":{\"@id\":\"https:\/\/www.suno.com.br\/noticias\/vacina-pfizer-biontech-imigrantes-turcos\/\"},\"wordCount\":681,\"publisher\":{\"@id\":\"https:\/\/www.suno.com.br\/noticias\/#organization\"},\"image\":{\"@id\":\"https:\/\/www.suno.com.br\/noticias\/vacina-pfizer-biontech-imigrantes-turcos\/#primaryimage\"},\"thumbnailUrl\":\"https:\/\/files.sunoresearch.com.br\/n\/uploads\/2020\/11\/a7bc8e9d-biontech-jpg.webp\",\"keywords\":[\"BioNTech\",\"Pfizer (PFIZ34)\"],\"articleSection\":[\"Neg\u00f3cios\"],\"inLanguage\":\"pt-BR\"},{\"@type\":\"WebPage\",\"@id\":\"https:\/\/www.suno.com.br\/noticias\/vacina-pfizer-biontech-imigrantes-turcos\/\",\"url\":\"https:\/\/www.suno.com.br\/noticias\/vacina-pfizer-biontech-imigrantes-turcos\/\",\"name\":\"Vacina Pfizer-BioNTech: a empresa alem\u00e3 fundada por imigrantes turcos\",\"isPartOf\":{\"@id\":\"https:\/\/www.suno.com.br\/noticias\/#website\"},\"primaryImageOfPage\":{\"@id\":\"https:\/\/www.suno.com.br\/noticias\/vacina-pfizer-biontech-imigrantes-turcos\/#primaryimage\"},\"image\":{\"@id\":\"https:\/\/www.suno.com.br\/noticias\/vacina-pfizer-biontech-imigrantes-turcos\/#primaryimage\"},\"thumbnailUrl\":\"https:\/\/files.sunoresearch.com.br\/n\/uploads\/2020\/11\/a7bc8e9d-biontech-jpg.webp\",\"datePublished\":\"2020-11-10T10:00:05+00:00\",\"dateModified\":\"2020-11-10T21:19:14+00:00\",\"description\":\"Conhe\u00e7a a BioNTech, a empresa alem\u00e3 fundada por imigrantes turcos que est\u00e1 desenvolvendo a vacina contra o coronav\u00edrus. Clique e saiba mais.\",\"breadcrumb\":{\"@id\":\"https:\/\/www.suno.com.br\/noticias\/vacina-pfizer-biontech-imigrantes-turcos\/#breadcrumb\"},\"inLanguage\":\"pt-BR\",\"potentialAction\":[{\"@type\":\"ReadAction\",\"target\":[\"https:\/\/www.suno.com.br\/noticias\/vacina-pfizer-biontech-imigrantes-turcos\/\"]}]},{\"@type\":\"ImageObject\",\"inLanguage\":\"pt-BR\",\"@id\":\"https:\/\/www.suno.com.br\/noticias\/vacina-pfizer-biontech-imigrantes-turcos\/#primaryimage\",\"url\":\"https:\/\/files.sunoresearch.com.br\/n\/uploads\/2020\/11\/a7bc8e9d-biontech-jpg.webp\",\"contentUrl\":\"https:\/\/files.sunoresearch.com.br\/n\/uploads\/2020\/11\/a7bc8e9d-biontech-jpg.webp\",\"width\":735,\"height\":416,\"caption\":\"Vacina Pfizer-BioNTech: conhe\u00e7a a empresa alem\u00e3 fundada por imigrantes turcos\"},{\"@type\":\"BreadcrumbList\",\"@id\":\"https:\/\/www.suno.com.br\/noticias\/vacina-pfizer-biontech-imigrantes-turcos\/#breadcrumb\",\"itemListElement\":[{\"@type\":\"ListItem\",\"position\":1,\"name\":\"Not\u00edcias\",\"item\":\"https:\/\/www.suno.com.br\/noticias\/\"},{\"@type\":\"ListItem\",\"position\":2,\"name\":\"Neg\u00f3cios\",\"item\":\"https:\/\/www.suno.com.br\/noticias\/negocios\/\"},{\"@type\":\"ListItem\",\"position\":3,\"name\":\"Vacina Pfizer-BioNTech: conhe\u00e7a a empresa alem\u00e3 fundada por imigrantes turcos\"}]},{\"@type\":\"WebSite\",\"@id\":\"https:\/\/www.suno.com.br\/noticias\/#website\",\"url\":\"https:\/\/www.suno.com.br\/noticias\/\",\"name\":\"Suno Not\u00edcias\",\"description\":\"Seu portal de informa\u00e7\u00e3o sobre o mundo dos investimentos\",\"publisher\":{\"@id\":\"https:\/\/www.suno.com.br\/noticias\/#organization\"},\"potentialAction\":[{\"@type\":\"SearchAction\",\"target\":{\"@type\":\"EntryPoint\",\"urlTemplate\":\"https:\/\/www.suno.com.br\/noticias\/?s={search_term_string}\"},\"query-input\":{\"@type\":\"PropertyValueSpecification\",\"valueRequired\":true,\"valueName\":\"search_term_string\"}}],\"inLanguage\":\"pt-BR\"},{\"@type\":\"Organization\",\"@id\":\"https:\/\/www.suno.com.br\/noticias\/#organization\",\"name\":\"Suno Not\u00edcias\",\"url\":\"https:\/\/www.suno.com.br\/noticias\/\",\"logo\":{\"@type\":\"ImageObject\",\"inLanguage\":\"pt-BR\",\"@id\":\"https:\/\/www.suno.com.br\/noticias\/#\/schema\/logo\/image\/\",\"url\":\"https:\/\/files.sunoresearch.com.br\/n\/uploads\/2021\/09\/suno-logo.png\",\"contentUrl\":\"https:\/\/files.sunoresearch.com.br\/n\/uploads\/2021\/09\/suno-logo.png\",\"width\":180,\"height\":180,\"caption\":\"Suno Not\u00edcias\"},\"image\":{\"@id\":\"https:\/\/www.suno.com.br\/noticias\/#\/schema\/logo\/image\/\"},\"sameAs\":[\"https:\/\/facebook.com\/sunoresearch\",\"https:\/\/x.com\/sunoresearch\",\"https:\/\/www.instagram.com\/suno\",\"https:\/\/www.linkedin.com\/company\/suno-research\/\",\"https:\/\/www.youtube.com\/c\/sunoresearch\"]},{\"@type\":\"Person\",\"@id\":\"https:\/\/www.suno.com.br\/noticias\/#\/schema\/person\/e6e0f723cc177805027f4566c1d5e0c8\",\"name\":\"Carlo Cauti\",\"image\":{\"@type\":\"ImageObject\",\"inLanguage\":\"pt-BR\",\"@id\":\"https:\/\/www.suno.com.br\/noticias\/#\/schema\/person\/image\/\",\"url\":\"https:\/\/secure.gravatar.com\/avatar\/3ada9e0bd164c23abd4792a9606d583c?s=96&r=g\",\"contentUrl\":\"https:\/\/secure.gravatar.com\/avatar\/3ada9e0bd164c23abd4792a9606d583c?s=96&r=g\",\"caption\":\"Carlo Cauti\"},\"description\":\"Editor multim\u00eddia do SUNO Not\u00edcias. Italiano, formado em Ci\u00eancias Pol\u00edticas pela universidade LUISS G. Carli de Roma e mestre cum laude em Rela\u00e7\u00f5es Internacionais, Jornalismo Internacional e de Guerra e em Economia Internacional. Concluiu tamb\u00e9m um MBA em Finan\u00e7as na B3. No Brasil, teve passagem por ve\u00edculos como Estad\u00e3o, Globo, Veja e EXAME. e nas ag\u00eancias de not\u00edcias italianas ANSA e NOVA.\",\"url\":\"https:\/\/www.suno.com.br\/noticias\/author\/carlo-cauti\/\"}]}<\/script>\n<!-- \/ Yoast SEO plugin. -->","yoast_head_json":{"title":"Vacina Pfizer-BioNTech: a empresa alem\u00e3 fundada por imigrantes turcos","description":"Conhe\u00e7a a BioNTech, a empresa alem\u00e3 fundada por imigrantes turcos que est\u00e1 desenvolvendo a vacina contra o coronav\u00edrus. Clique e saiba mais.","robots":{"index":"index","follow":"follow","max-snippet":"max-snippet:-1","max-image-preview":"max-image-preview:large","max-video-preview":"max-video-preview:-1"},"canonical":"https:\/\/www.suno.com.br\/noticias\/vacina-pfizer-biontech-imigrantes-turcos\/","og_locale":"pt_BR","og_type":"article","og_title":"Vacina Pfizer-BioNTech: a empresa alem\u00e3 fundada por imigrantes turcos","og_description":"Conhe\u00e7a a BioNTech, a empresa alem\u00e3 fundada por imigrantes turcos que est\u00e1 desenvolvendo a vacina contra o coronav\u00edrus. Clique e saiba mais.","og_url":"https:\/\/www.suno.com.br\/noticias\/vacina-pfizer-biontech-imigrantes-turcos\/","og_site_name":"Suno Not\u00edcias","article_publisher":"https:\/\/facebook.com\/sunoresearch","og_image":[{"width":735,"height":416,"url":"https:\/\/files.sunoresearch.com.br\/n\/uploads\/2020\/11\/a7bc8e9d-biontech.jpg","type":"image\/jpeg"}],"author":"Carlo Cauti","twitter_card":"summary_large_image","twitter_creator":"@sunoresearch","twitter_site":"@sunoresearch","twitter_misc":{"Escrito por":"Carlo Cauti","Est. tempo de leitura":"3 minutos"},"schema":{"@context":"https:\/\/schema.org","@graph":[{"@type":"NewsArticle","@id":"https:\/\/www.suno.com.br\/noticias\/vacina-pfizer-biontech-imigrantes-turcos\/#article","isPartOf":{"@id":"https:\/\/www.suno.com.br\/noticias\/vacina-pfizer-biontech-imigrantes-turcos\/"},"author":{"name":"Carlo Cauti","@id":"https:\/\/www.suno.com.br\/noticias\/#\/schema\/person\/e6e0f723cc177805027f4566c1d5e0c8"},"headline":"Vacina Pfizer-BioNTech: conhe\u00e7a a empresa alem\u00e3 fundada por imigrantes turcos","datePublished":"2020-11-10T10:00:05+00:00","dateModified":"2020-11-10T21:19:14+00:00","mainEntityOfPage":{"@id":"https:\/\/www.suno.com.br\/noticias\/vacina-pfizer-biontech-imigrantes-turcos\/"},"wordCount":681,"publisher":{"@id":"https:\/\/www.suno.com.br\/noticias\/#organization"},"image":{"@id":"https:\/\/www.suno.com.br\/noticias\/vacina-pfizer-biontech-imigrantes-turcos\/#primaryimage"},"thumbnailUrl":"https:\/\/files.sunoresearch.com.br\/n\/uploads\/2020\/11\/a7bc8e9d-biontech-jpg.webp","keywords":["BioNTech","Pfizer (PFIZ34)"],"articleSection":["Neg\u00f3cios"],"inLanguage":"pt-BR"},{"@type":"WebPage","@id":"https:\/\/www.suno.com.br\/noticias\/vacina-pfizer-biontech-imigrantes-turcos\/","url":"https:\/\/www.suno.com.br\/noticias\/vacina-pfizer-biontech-imigrantes-turcos\/","name":"Vacina Pfizer-BioNTech: a empresa alem\u00e3 fundada por imigrantes turcos","isPartOf":{"@id":"https:\/\/www.suno.com.br\/noticias\/#website"},"primaryImageOfPage":{"@id":"https:\/\/www.suno.com.br\/noticias\/vacina-pfizer-biontech-imigrantes-turcos\/#primaryimage"},"image":{"@id":"https:\/\/www.suno.com.br\/noticias\/vacina-pfizer-biontech-imigrantes-turcos\/#primaryimage"},"thumbnailUrl":"https:\/\/files.sunoresearch.com.br\/n\/uploads\/2020\/11\/a7bc8e9d-biontech-jpg.webp","datePublished":"2020-11-10T10:00:05+00:00","dateModified":"2020-11-10T21:19:14+00:00","description":"Conhe\u00e7a a BioNTech, a empresa alem\u00e3 fundada por imigrantes turcos que est\u00e1 desenvolvendo a vacina contra o coronav\u00edrus. Clique e saiba mais.","breadcrumb":{"@id":"https:\/\/www.suno.com.br\/noticias\/vacina-pfizer-biontech-imigrantes-turcos\/#breadcrumb"},"inLanguage":"pt-BR","potentialAction":[{"@type":"ReadAction","target":["https:\/\/www.suno.com.br\/noticias\/vacina-pfizer-biontech-imigrantes-turcos\/"]}]},{"@type":"ImageObject","inLanguage":"pt-BR","@id":"https:\/\/www.suno.com.br\/noticias\/vacina-pfizer-biontech-imigrantes-turcos\/#primaryimage","url":"https:\/\/files.sunoresearch.com.br\/n\/uploads\/2020\/11\/a7bc8e9d-biontech-jpg.webp","contentUrl":"https:\/\/files.sunoresearch.com.br\/n\/uploads\/2020\/11\/a7bc8e9d-biontech-jpg.webp","width":735,"height":416,"caption":"Vacina Pfizer-BioNTech: conhe\u00e7a a empresa alem\u00e3 fundada por imigrantes turcos"},{"@type":"BreadcrumbList","@id":"https:\/\/www.suno.com.br\/noticias\/vacina-pfizer-biontech-imigrantes-turcos\/#breadcrumb","itemListElement":[{"@type":"ListItem","position":1,"name":"Not\u00edcias","item":"https:\/\/www.suno.com.br\/noticias\/"},{"@type":"ListItem","position":2,"name":"Neg\u00f3cios","item":"https:\/\/www.suno.com.br\/noticias\/negocios\/"},{"@type":"ListItem","position":3,"name":"Vacina Pfizer-BioNTech: conhe\u00e7a a empresa alem\u00e3 fundada por imigrantes turcos"}]},{"@type":"WebSite","@id":"https:\/\/www.suno.com.br\/noticias\/#website","url":"https:\/\/www.suno.com.br\/noticias\/","name":"Suno Not\u00edcias","description":"Seu portal de informa\u00e7\u00e3o sobre o mundo dos investimentos","publisher":{"@id":"https:\/\/www.suno.com.br\/noticias\/#organization"},"potentialAction":[{"@type":"SearchAction","target":{"@type":"EntryPoint","urlTemplate":"https:\/\/www.suno.com.br\/noticias\/?s={search_term_string}"},"query-input":{"@type":"PropertyValueSpecification","valueRequired":true,"valueName":"search_term_string"}}],"inLanguage":"pt-BR"},{"@type":"Organization","@id":"https:\/\/www.suno.com.br\/noticias\/#organization","name":"Suno Not\u00edcias","url":"https:\/\/www.suno.com.br\/noticias\/","logo":{"@type":"ImageObject","inLanguage":"pt-BR","@id":"https:\/\/www.suno.com.br\/noticias\/#\/schema\/logo\/image\/","url":"https:\/\/files.sunoresearch.com.br\/n\/uploads\/2021\/09\/suno-logo.png","contentUrl":"https:\/\/files.sunoresearch.com.br\/n\/uploads\/2021\/09\/suno-logo.png","width":180,"height":180,"caption":"Suno Not\u00edcias"},"image":{"@id":"https:\/\/www.suno.com.br\/noticias\/#\/schema\/logo\/image\/"},"sameAs":["https:\/\/facebook.com\/sunoresearch","https:\/\/x.com\/sunoresearch","https:\/\/www.instagram.com\/suno","https:\/\/www.linkedin.com\/company\/suno-research\/","https:\/\/www.youtube.com\/c\/sunoresearch"]},{"@type":"Person","@id":"https:\/\/www.suno.com.br\/noticias\/#\/schema\/person\/e6e0f723cc177805027f4566c1d5e0c8","name":"Carlo Cauti","image":{"@type":"ImageObject","inLanguage":"pt-BR","@id":"https:\/\/www.suno.com.br\/noticias\/#\/schema\/person\/image\/","url":"https:\/\/secure.gravatar.com\/avatar\/3ada9e0bd164c23abd4792a9606d583c?s=96&r=g","contentUrl":"https:\/\/secure.gravatar.com\/avatar\/3ada9e0bd164c23abd4792a9606d583c?s=96&r=g","caption":"Carlo Cauti"},"description":"Editor multim\u00eddia do SUNO Not\u00edcias. Italiano, formado em Ci\u00eancias Pol\u00edticas pela universidade LUISS G. Carli de Roma e mestre cum laude em Rela\u00e7\u00f5es Internacionais, Jornalismo Internacional e de Guerra e em Economia Internacional. Concluiu tamb\u00e9m um MBA em Finan\u00e7as na B3. No Brasil, teve passagem por ve\u00edculos como Estad\u00e3o, Globo, Veja e EXAME. e nas ag\u00eancias de not\u00edcias italianas ANSA e NOVA.","url":"https:\/\/www.suno.com.br\/noticias\/author\/carlo-cauti\/"}]}},"default_loop_html":"<div class=\"cardsPage__listCard__boxs\"><div class=\"cardsPage__listCard__boxs__img\"><a href=\"https:\/\/www.suno.com.br\/noticias\/vacina-pfizer-biontech-imigrantes-turcos\/\"><img class=\"mask\" src=\"https:\/\/www.suno.com.br\/noticias\/wp-content\/themes\/suno\/resources\/images\/spotlight\/spotlight1img\/bg-mask.png\" alt=\"Image Mask\"\/><img src=\"https:\/\/files.sunoresearch.com.br\/n\/uploads\/2020\/11\/a7bc8e9d-biontech-400x200.webp\" alt=\"Vacina Pfizer-BioNTech: conhe\u00e7a a empresa alem\u00e3 fundada por imigrantes turcos\"\/><\/a><span class=\"spotlightCategory\"><a href=\"https:\/\/www.suno.com.br\/noticias\/negocios\/\">Neg\u00f3cios<\/a><\/span><\/div><div class=\"cardsPage__listCard__boxs__content\"><a href=\"https:\/\/www.suno.com.br\/noticias\/vacina-pfizer-biontech-imigrantes-turcos\/\"><h2 class=\"content__title\">Vacina Pfizer-BioNTech: conhe\u00e7a a empresa alem\u00e3 fundada por imigrantes turcos<\/h2><\/a><div class=\"newsContent__article__meta\"><div class=\"newsContent__article__meta__authorBox\"><a href=\"https:\/\/www.suno.com.br\/noticias\/author\/carlo-cauti\/\" class=\"authorBox__avatar noMobi\"><img src=\"https:\/\/files.sunoresearch.com.br\/n\/uploads\/2020\/08\/e3745f9a-perfil-carlo-cauti-150x150.webp\" alt=\"Carlo Cauti\"><\/a><div class=\"authorBox__name\"><span>por\n\t\t\t<a href=\"https:\/\/www.suno.com.br\/noticias\/author\/carlo-cauti\/\"><span itemprop=\"author\">Carlo Cauti<\/span><\/a><\/span><time datetime=\"2020-11-10T07:00:05-03:00\" itemprop=\"datePublished\">10\/11\/2020 07:00<\/time><\/div><\/div><\/div><\/div><\/div>","single_layout":"posts","amp_enabled":true,"_links":{"self":[{"href":"https:\/\/www.suno.com.br\/noticias\/wp-json\/wp\/v2\/posts\/98840"}],"collection":[{"href":"https:\/\/www.suno.com.br\/noticias\/wp-json\/wp\/v2\/posts"}],"about":[{"href":"https:\/\/www.suno.com.br\/noticias\/wp-json\/wp\/v2\/types\/post"}],"author":[{"embeddable":true,"href":"https:\/\/www.suno.com.br\/noticias\/wp-json\/wp\/v2\/users\/9"}],"replies":[{"embeddable":true,"href":"https:\/\/www.suno.com.br\/noticias\/wp-json\/wp\/v2\/comments?post=98840"}],"version-history":[{"count":0,"href":"https:\/\/www.suno.com.br\/noticias\/wp-json\/wp\/v2\/posts\/98840\/revisions"}],"wp:featuredmedia":[{"embeddable":true,"href":"https:\/\/www.suno.com.br\/noticias\/wp-json\/wp\/v2\/media\/98841"}],"wp:attachment":[{"href":"https:\/\/www.suno.com.br\/noticias\/wp-json\/wp\/v2\/media?parent=98840"}],"wp:term":[{"taxonomy":"category","embeddable":true,"href":"https:\/\/www.suno.com.br\/noticias\/wp-json\/wp\/v2\/categories?post=98840"},{"taxonomy":"post_tag","embeddable":true,"href":"https:\/\/www.suno.com.br\/noticias\/wp-json\/wp\/v2\/tags?post=98840"},{"taxonomy":"suno_strategy","embeddable":true,"href":"https:\/\/www.suno.com.br\/noticias\/wp-json\/wp\/v2\/suno_strategy?post=98840"}],"curies":[{"name":"wp","href":"https:\/\/api.w.org\/{rel}","templated":true}]}}