{"id":98749,"date":"2020-11-09T20:39:34","date_gmt":"2020-11-09T23:39:34","guid":{"rendered":"https:\/\/www.suno.com.br\/noticias\/?p=98749"},"modified":"2020-11-09T20:39:34","modified_gmt":"2020-11-09T23:39:34","slug":"economia-do-brasil-deve-deixar-dez-maiores-mundo","status":"publish","type":"post","link":"https:\/\/www.suno.com.br\/noticias\/economia-do-brasil-deve-deixar-dez-maiores-mundo\/","title":{"rendered":"Economia do Brasil deve deixar de figurar entre as 10 maiores do mundo em 2020"},"content":{"rendered":"<p>A <strong>economia do Brasil<\/strong> deve deixar de figurar entre as 10 maiores do mundo em 2020 devido aos impactos da pandemia do novo coronav\u00edrus, segundo dados de um levantamento dos pesquisadores do Instituto Brasileiro de Economia, da Funda\u00e7\u00e3o Getulio Vargas (Ibre\/FGV) Marcel Balassiano e Claudio Considera, com base nas proje\u00e7\u00f5es feitas em outubro pelo <a href=\"https:\/\/www.suno.com.br\/artigos\/fmi\/\">Fundo Monet\u00e1rio Internacional (FMI)<\/a>.<\/p>\t<div class=\"wrapper-featured-image\">\n\t\t<figure class=\"spotlightImg\">\n\n\t\t\t<picture>\n\t\t\t\t<source media=\"(max-width: 768px)\" srcset=\"https:\/\/files.sunoresearch.com.br\/n\/uploads\/2020\/11\/467ebb3b-1200px-cidade_maravilhosa-400x200.webp\">\n\t\t\t\t<img loading=\"lazy\" decoding=\"async\" class=\"newsContent__article__imgCapa lazyloadDisabled \" src=\"https:\/\/files.sunoresearch.com.br\/n\/uploads\/2020\/11\/467ebb3b-1200px-cidade_maravilhosa-jpg.webp\" width=\"800\" height=\"450\" alt=\"Economia do Brasil deve deixar de figurar entre as 10 maiores do mundo em 2020\" fetchpriority=high \/>\n\t\t\t<\/picture>\n\n\t\t\t<figcaption class=\"wp-caption-text wp-caption-text--show\">Rio de Janeiro (Foto: Divulga\u00e7\u00e3o)<\/figcaption>\n\t\t<\/figure>\n\t<\/div>\n\n\n\t<p>\n\t\t<a href=\"\" target=\"_blank\" data-element=\"shortcode-suno-banner\" title=\"Banner SUNO, clique e saiba mais\">\n\t\t\t<picture>\n\t\t\t\t<source media=\"(max-width: 500px)\" srcset=\"\">\n\t\t\t\t<img class=\"newsContent__article__imgCapa newsContent__article__imgCapa--banner\"\n\t\t\t\t\tsrc=\"\"\n\t\t\t\t\tdata-promo-id=\"97204\"\t\t\t\t\t\t\t\t\t\t\t\t\t\t\talt=\"\"\n\t\t\t\t>\n\t\t\t<\/picture>\n\t\t<\/a>\n\t<\/p>\n\n\n<p>A <a href=\"https:\/\/www.suno.com.br\/artigos\/crise-economica-oportunidade-ou-ameaca\/\">crise econ\u00f4mica<\/a> provocada pela pandemia deve levar a maior parte do mundo a uma forte retra\u00e7\u00e3o da atividade econ\u00f4mica este ano. Mas para a economia brasileira isso pode significar ser ultrapassada pela do Canad\u00e1, da Coreia do Sul e da R\u00fassia na lista de maiores do mundo.<\/p>\n<p>As proje\u00e7\u00f5es realizadas pelo em outubro pelo FMI indicam que, com a crise da covid-19 e seus impactos na economia mundial, o <a href=\"https:\/\/www.suno.com.br\/artigos\/pib-produto-interno-bruto\/\">Produto Interno Bruto (PIB)<\/a> do Pa\u00eds deve cair de US$ 1,8 trilh\u00e3o, apurado no ano passado, para US$ 1,4 trilh\u00e3o at\u00e9 o fim deste ano.<\/p>\n<p><a href=\"https:\/\/lp.suno.com.br\/suno-one\/\">Conhe\u00e7a o Suno One, a central gratuita de informa\u00e7\u00f5es da Suno para quem quer aprender a investir. Acesse clicando aqui.<\/a><\/p>\n<p>Por aqui, os efeitos da covid-19 se somam ao desempenho do real, que foi uma das moedas que mais se <a href=\"https:\/\/www.suno.com.br\/artigos\/dolar\/\">desvalorizaram ante ao d\u00f3lar<\/a> em 2020. Do come\u00e7o do ano at\u00e9 o fim do m\u00eas passado, o <a href=\"https:\/\/www.suno.com.br\/artigos\/cambio\/\">c\u00e2mbio<\/a> se desvalorizou 40% em rela\u00e7\u00e3o ao patamar em que a moeda americana estava no fim de 2019.<\/p>\n<p>Nos \u00faltimos anos, o Brasil passou da s\u00e9tima maior economia do mundo, em 2014, para o o oitavo lugar em 2017 e para o nono, nos dois \u00faltimos anos.<\/p>\n<h2>Economia do Brasil sofre com aumento do risco<\/h2>\n<p>A mudan\u00e7a de posi\u00e7\u00e3o, do nono para o 12.\u00ba lugar no ranking se deve especialmente pela <a href=\"https:\/\/www.suno.com.br\/artigos\/cambio\/\">varia\u00e7\u00e3o cambial<\/a>, que por sua vez tem \u00e9 um reflexo do aumento do <a href=\"https:\/\/www.suno.com.br\/artigos\/risco-brasil\/\">risco Brasil<\/a>, sobretudo por conta dos problemas fiscais que o Pa\u00eds enfrenta, explicou Balassiano.<\/p>\n<div class=\"hubspot-form-wrapper\">\n\t<div id=\"single-form-target\"><\/div>\n<\/div>\n\n<p>&#8220;Isso deve acontecer, quando se considera o d\u00f3lar corrente, muito mais pela forte desvaloriza\u00e7\u00e3o do real frente ao d\u00f3lar do que pela queda da atividade econ\u00f4mica. Tanto que pela via do d\u00f3lar por poder de compra, a mudan\u00e7a n\u00e3o \u00e9 t\u00e3o brusca&#8221;, destacou.<\/p>\n<p>Balassiano salientou que o FMI estima uma queda de 5,8% no PIB brasileiro em 2020, o que poderia ser ainda maior se medidas de est\u00edmulo, como o aux\u00edlio emergencial dado aos brasileiros mais vulner\u00e1veis, n\u00e3o tivessem sido adotadas. &#8220;A queda do ranking das maiores economias, portanto, reflete os riscos locais do Brasil.&#8221;<\/p>\n\t<div data-element=\"shortcode-read-more\" class=\"knowMore\">\n\t\t\t\t<span class=\"knowMore__title\">Saiba mais<\/span>\n\t\t\t\t<a class=\"knowMore__link\" href=\"https:\/\/www.suno.com.br\/noticias\/jpmorgan-melhora-projecao-de-pib-do-brasil-em-2020-mas-eleva-ipca\/\">\n\t\t\tJPMorgan melhora proje\u00e7\u00e3o de PIB do Brasil em 2020, mas eleva IPCA\t\t<\/a>\n\t<\/div>\n\n\n<p>Quando se considera o d\u00f3lar em paridade por poder de compra (PPC), a <strong>economia brasileira<\/strong> ocupava a s\u00e9tima posi\u00e7\u00e3o no come\u00e7o da d\u00e9cada e assim permaneceu, at\u00e9 2016, at\u00e9 chegar ao d\u00e9cimo lugar em 2019. Pelas proje\u00e7\u00f5es do FMI, o Pa\u00eds voltaria para a oitava posi\u00e7\u00e3o este ano.<\/p>\n<p><em>Com informa\u00e7\u00f5es do Estad\u00e3o Conte\u00fado<\/em><\/p>\n\t<p>\n\t\t<a href=\"https:\/\/lp.suno.com.br\/planilha-de-controle-de-investimentos\/\" target=\"_blank\" data-element=\"shortcode-suno-banner\" title=\"Banner SUNO, clique e saiba mais\">\n\t\t\t<picture>\n\t\t\t\t<source media=\"(max-width: 500px)\" srcset=\"https:\/\/files.sunoresearch.com.br\/n\/uploads\/2023\/03\/400x300-Controle-de-Investimentos.png\">\n\t\t\t\t<img class=\"newsContent__article__imgCapa newsContent__article__imgCapa--banner\"\n\t\t\t\t\tsrc=\"https:\/\/files.sunoresearch.com.br\/n\/uploads\/2023\/03\/1420x240-Controle-de-Investimentos.png\"\n\t\t\t\t\tdata-promo-id=\"75934\"\t\t\t\t\t\t\t\t\t\twidth='1420' height='240'\t\t\t\t\talt=\"https:\/\/files.sunoresearch.com.br\/n\/uploads\/2023\/03\/1420x240-Controle-de-Investimentos.png\"\n\t\t\t\t>\n\t\t\t<\/picture>\n\t\t<\/a>\n\t<\/p>\n\n\n","protected":false},"excerpt":{"rendered":"<p>A economia do Brasil deve deixar de figurar entre as 10 maiores do mundo em 2020 devido aos impactos da pandemia do novo coronav\u00edrus, segundo dados de um levantamento dos pesquisadores do Instituto Brasileiro de Economia, da Funda\u00e7\u00e3o Getulio Vargas (Ibre\/FGV) Marcel Balassiano e Claudio Considera, com base nas proje\u00e7\u00f5es feitas em outubro pelo Fundo [&hellip;]<\/p>\n","protected":false},"author":35,"featured_media":98825,"comment_status":"closed","ping_status":"closed","sticky":false,"template":"","format":"standard","meta":[],"categories":[62],"tags":[728,1020,797,806,866],"suno_strategy":[],"class_list":["post-98749","post","type-post","status-publish","format-standard","has-post-thumbnail","hentry","category-economia","tag-canada","tag-coreia-do-sul","tag-fgv","tag-fundo-monetario-internacional-fmi","tag-russia"],"yoast_head":"<!-- This site is optimized with the Yoast SEO plugin v24.4 - https:\/\/yoast.com\/wordpress\/plugins\/seo\/ -->\n<title>Economia do Brasil deve deixar de figurar entre as 10 maiores do mundo<\/title>\n<meta name=\"description\" content=\"A economia do Brasil deve deixar as 10 maiores do mundo devido aos impactos da pandemia, segundo dados do Ibre\/FGV. Clique para saber mais\" \/>\n<meta name=\"robots\" content=\"index, follow, max-snippet:-1, max-image-preview:large, max-video-preview:-1\" \/>\n<link rel=\"canonical\" href=\"https:\/\/www.suno.com.br\/noticias\/economia-do-brasil-deve-deixar-dez-maiores-mundo\/\" \/>\n<meta property=\"og:locale\" content=\"pt_BR\" \/>\n<meta property=\"og:type\" content=\"article\" \/>\n<meta property=\"og:title\" content=\"Economia do Brasil deve deixar de figurar entre as 10 maiores do mundo\" \/>\n<meta property=\"og:description\" content=\"A economia do Brasil deve deixar as 10 maiores do mundo devido aos impactos da pandemia, segundo dados do Ibre\/FGV. Clique para saber mais\" \/>\n<meta property=\"og:url\" content=\"https:\/\/www.suno.com.br\/noticias\/economia-do-brasil-deve-deixar-dez-maiores-mundo\/\" \/>\n<meta property=\"og:site_name\" content=\"Suno Not\u00edcias\" \/>\n<meta property=\"article:publisher\" content=\"https:\/\/facebook.com\/sunoresearch\" \/>\n<meta property=\"og:image\" content=\"https:\/\/files.sunoresearch.com.br\/n\/uploads\/2020\/11\/467ebb3b-1200px-cidade_maravilhosa.jpg\" \/>\n\t<meta property=\"og:image:width\" content=\"700\" \/>\n\t<meta property=\"og:image:height\" content=\"374\" \/>\n\t<meta property=\"og:image:type\" content=\"image\/jpeg\" \/>\n<meta name=\"author\" content=\"Arthur Guimar\u00e3es\" \/>\n<meta name=\"twitter:card\" content=\"summary_large_image\" \/>\n<meta name=\"twitter:creator\" content=\"@sunoresearch\" \/>\n<meta name=\"twitter:site\" content=\"@sunoresearch\" \/>\n<meta name=\"twitter:label1\" content=\"Escrito por\" \/>\n\t<meta name=\"twitter:data1\" content=\"Arthur Guimar\u00e3es\" \/>\n\t<meta name=\"twitter:label2\" content=\"Est. tempo de leitura\" \/>\n\t<meta name=\"twitter:data2\" content=\"3 minutos\" \/>\n<script type=\"application\/ld+json\" class=\"yoast-schema-graph\">{\"@context\":\"https:\/\/schema.org\",\"@graph\":[{\"@type\":\"NewsArticle\",\"@id\":\"https:\/\/www.suno.com.br\/noticias\/economia-do-brasil-deve-deixar-dez-maiores-mundo\/#article\",\"isPartOf\":{\"@id\":\"https:\/\/www.suno.com.br\/noticias\/economia-do-brasil-deve-deixar-dez-maiores-mundo\/\"},\"author\":{\"name\":\"Arthur Guimar\u00e3es\",\"@id\":\"https:\/\/www.suno.com.br\/noticias\/#\/schema\/person\/053a750a709a263919a20f976caae91c\"},\"headline\":\"Economia do Brasil deve deixar de figurar entre as 10 maiores do mundo em 2020\",\"datePublished\":\"2020-11-09T23:39:34+00:00\",\"mainEntityOfPage\":{\"@id\":\"https:\/\/www.suno.com.br\/noticias\/economia-do-brasil-deve-deixar-dez-maiores-mundo\/\"},\"wordCount\":528,\"publisher\":{\"@id\":\"https:\/\/www.suno.com.br\/noticias\/#organization\"},\"image\":{\"@id\":\"https:\/\/www.suno.com.br\/noticias\/economia-do-brasil-deve-deixar-dez-maiores-mundo\/#primaryimage\"},\"thumbnailUrl\":\"https:\/\/files.sunoresearch.com.br\/n\/uploads\/2020\/11\/467ebb3b-1200px-cidade_maravilhosa-jpg.webp\",\"keywords\":[\"Canad\u00e1\",\"Coreia do Sul\",\"FGV\",\"Fundo Monet\u00e1rio Internacional (FMI)\",\"R\u00fassia\"],\"articleSection\":[\"Economia\"],\"inLanguage\":\"pt-BR\"},{\"@type\":\"WebPage\",\"@id\":\"https:\/\/www.suno.com.br\/noticias\/economia-do-brasil-deve-deixar-dez-maiores-mundo\/\",\"url\":\"https:\/\/www.suno.com.br\/noticias\/economia-do-brasil-deve-deixar-dez-maiores-mundo\/\",\"name\":\"Economia do Brasil deve deixar de figurar entre as 10 maiores do mundo\",\"isPartOf\":{\"@id\":\"https:\/\/www.suno.com.br\/noticias\/#website\"},\"primaryImageOfPage\":{\"@id\":\"https:\/\/www.suno.com.br\/noticias\/economia-do-brasil-deve-deixar-dez-maiores-mundo\/#primaryimage\"},\"image\":{\"@id\":\"https:\/\/www.suno.com.br\/noticias\/economia-do-brasil-deve-deixar-dez-maiores-mundo\/#primaryimage\"},\"thumbnailUrl\":\"https:\/\/files.sunoresearch.com.br\/n\/uploads\/2020\/11\/467ebb3b-1200px-cidade_maravilhosa-jpg.webp\",\"datePublished\":\"2020-11-09T23:39:34+00:00\",\"description\":\"A economia do Brasil deve deixar as 10 maiores do mundo devido aos impactos da pandemia, segundo dados do Ibre\/FGV. Clique para saber mais\",\"breadcrumb\":{\"@id\":\"https:\/\/www.suno.com.br\/noticias\/economia-do-brasil-deve-deixar-dez-maiores-mundo\/#breadcrumb\"},\"inLanguage\":\"pt-BR\",\"potentialAction\":[{\"@type\":\"ReadAction\",\"target\":[\"https:\/\/www.suno.com.br\/noticias\/economia-do-brasil-deve-deixar-dez-maiores-mundo\/\"]}]},{\"@type\":\"ImageObject\",\"inLanguage\":\"pt-BR\",\"@id\":\"https:\/\/www.suno.com.br\/noticias\/economia-do-brasil-deve-deixar-dez-maiores-mundo\/#primaryimage\",\"url\":\"https:\/\/files.sunoresearch.com.br\/n\/uploads\/2020\/11\/467ebb3b-1200px-cidade_maravilhosa-jpg.webp\",\"contentUrl\":\"https:\/\/files.sunoresearch.com.br\/n\/uploads\/2020\/11\/467ebb3b-1200px-cidade_maravilhosa-jpg.webp\",\"width\":700,\"height\":374,\"caption\":\"Rio de Janeiro (Foto: Divulga\u00e7\u00e3o)\"},{\"@type\":\"BreadcrumbList\",\"@id\":\"https:\/\/www.suno.com.br\/noticias\/economia-do-brasil-deve-deixar-dez-maiores-mundo\/#breadcrumb\",\"itemListElement\":[{\"@type\":\"ListItem\",\"position\":1,\"name\":\"Not\u00edcias\",\"item\":\"https:\/\/www.suno.com.br\/noticias\/\"},{\"@type\":\"ListItem\",\"position\":2,\"name\":\"Economia\",\"item\":\"https:\/\/www.suno.com.br\/noticias\/economia\/\"},{\"@type\":\"ListItem\",\"position\":3,\"name\":\"Economia do Brasil deve deixar de figurar entre as 10 maiores do mundo em 2020\"}]},{\"@type\":\"WebSite\",\"@id\":\"https:\/\/www.suno.com.br\/noticias\/#website\",\"url\":\"https:\/\/www.suno.com.br\/noticias\/\",\"name\":\"Suno Not\u00edcias\",\"description\":\"Seu portal de informa\u00e7\u00e3o sobre o mundo dos investimentos\",\"publisher\":{\"@id\":\"https:\/\/www.suno.com.br\/noticias\/#organization\"},\"potentialAction\":[{\"@type\":\"SearchAction\",\"target\":{\"@type\":\"EntryPoint\",\"urlTemplate\":\"https:\/\/www.suno.com.br\/noticias\/?s={search_term_string}\"},\"query-input\":{\"@type\":\"PropertyValueSpecification\",\"valueRequired\":true,\"valueName\":\"search_term_string\"}}],\"inLanguage\":\"pt-BR\"},{\"@type\":\"Organization\",\"@id\":\"https:\/\/www.suno.com.br\/noticias\/#organization\",\"name\":\"Suno Not\u00edcias\",\"url\":\"https:\/\/www.suno.com.br\/noticias\/\",\"logo\":{\"@type\":\"ImageObject\",\"inLanguage\":\"pt-BR\",\"@id\":\"https:\/\/www.suno.com.br\/noticias\/#\/schema\/logo\/image\/\",\"url\":\"https:\/\/files.sunoresearch.com.br\/n\/uploads\/2021\/09\/suno-logo.png\",\"contentUrl\":\"https:\/\/files.sunoresearch.com.br\/n\/uploads\/2021\/09\/suno-logo.png\",\"width\":180,\"height\":180,\"caption\":\"Suno Not\u00edcias\"},\"image\":{\"@id\":\"https:\/\/www.suno.com.br\/noticias\/#\/schema\/logo\/image\/\"},\"sameAs\":[\"https:\/\/facebook.com\/sunoresearch\",\"https:\/\/x.com\/sunoresearch\",\"https:\/\/www.instagram.com\/suno\",\"https:\/\/www.linkedin.com\/company\/suno-research\/\",\"https:\/\/www.youtube.com\/c\/sunoresearch\"]},{\"@type\":\"Person\",\"@id\":\"https:\/\/www.suno.com.br\/noticias\/#\/schema\/person\/053a750a709a263919a20f976caae91c\",\"name\":\"Arthur Guimar\u00e3es\",\"image\":{\"@type\":\"ImageObject\",\"inLanguage\":\"pt-BR\",\"@id\":\"https:\/\/www.suno.com.br\/noticias\/#\/schema\/person\/image\/\",\"url\":\"https:\/\/secure.gravatar.com\/avatar\/1affd86a11209ae09eb6dd3bcad3e96c?s=96&r=g\",\"contentUrl\":\"https:\/\/secure.gravatar.com\/avatar\/1affd86a11209ae09eb6dd3bcad3e96c?s=96&r=g\",\"caption\":\"Arthur Guimar\u00e3es\"},\"description\":\"Arthur Guimar\u00e3es escreve sobre pol\u00edtica, economia e neg\u00f3cios para o portal de not\u00edcias da Suno Research. Atualmente, \u00e9 estudante de jornalismo pela Faculdade C\u00e1sper L\u00edbero.\",\"url\":\"https:\/\/www.suno.com.br\/noticias\/author\/arthur-guimaraes\/\"}]}<\/script>\n<!-- \/ Yoast SEO plugin. -->","yoast_head_json":{"title":"Economia do Brasil deve deixar de figurar entre as 10 maiores do mundo","description":"A economia do Brasil deve deixar as 10 maiores do mundo devido aos impactos da pandemia, segundo dados do Ibre\/FGV. Clique para saber mais","robots":{"index":"index","follow":"follow","max-snippet":"max-snippet:-1","max-image-preview":"max-image-preview:large","max-video-preview":"max-video-preview:-1"},"canonical":"https:\/\/www.suno.com.br\/noticias\/economia-do-brasil-deve-deixar-dez-maiores-mundo\/","og_locale":"pt_BR","og_type":"article","og_title":"Economia do Brasil deve deixar de figurar entre as 10 maiores do mundo","og_description":"A economia do Brasil deve deixar as 10 maiores do mundo devido aos impactos da pandemia, segundo dados do Ibre\/FGV. Clique para saber mais","og_url":"https:\/\/www.suno.com.br\/noticias\/economia-do-brasil-deve-deixar-dez-maiores-mundo\/","og_site_name":"Suno Not\u00edcias","article_publisher":"https:\/\/facebook.com\/sunoresearch","og_image":[{"width":700,"height":374,"url":"https:\/\/files.sunoresearch.com.br\/n\/uploads\/2020\/11\/467ebb3b-1200px-cidade_maravilhosa.jpg","type":"image\/jpeg"}],"author":"Arthur Guimar\u00e3es","twitter_card":"summary_large_image","twitter_creator":"@sunoresearch","twitter_site":"@sunoresearch","twitter_misc":{"Escrito por":"Arthur Guimar\u00e3es","Est. tempo de leitura":"3 minutos"},"schema":{"@context":"https:\/\/schema.org","@graph":[{"@type":"NewsArticle","@id":"https:\/\/www.suno.com.br\/noticias\/economia-do-brasil-deve-deixar-dez-maiores-mundo\/#article","isPartOf":{"@id":"https:\/\/www.suno.com.br\/noticias\/economia-do-brasil-deve-deixar-dez-maiores-mundo\/"},"author":{"name":"Arthur Guimar\u00e3es","@id":"https:\/\/www.suno.com.br\/noticias\/#\/schema\/person\/053a750a709a263919a20f976caae91c"},"headline":"Economia do Brasil deve deixar de figurar entre as 10 maiores do mundo em 2020","datePublished":"2020-11-09T23:39:34+00:00","mainEntityOfPage":{"@id":"https:\/\/www.suno.com.br\/noticias\/economia-do-brasil-deve-deixar-dez-maiores-mundo\/"},"wordCount":528,"publisher":{"@id":"https:\/\/www.suno.com.br\/noticias\/#organization"},"image":{"@id":"https:\/\/www.suno.com.br\/noticias\/economia-do-brasil-deve-deixar-dez-maiores-mundo\/#primaryimage"},"thumbnailUrl":"https:\/\/files.sunoresearch.com.br\/n\/uploads\/2020\/11\/467ebb3b-1200px-cidade_maravilhosa-jpg.webp","keywords":["Canad\u00e1","Coreia do Sul","FGV","Fundo Monet\u00e1rio Internacional (FMI)","R\u00fassia"],"articleSection":["Economia"],"inLanguage":"pt-BR"},{"@type":"WebPage","@id":"https:\/\/www.suno.com.br\/noticias\/economia-do-brasil-deve-deixar-dez-maiores-mundo\/","url":"https:\/\/www.suno.com.br\/noticias\/economia-do-brasil-deve-deixar-dez-maiores-mundo\/","name":"Economia do Brasil deve deixar de figurar entre as 10 maiores do mundo","isPartOf":{"@id":"https:\/\/www.suno.com.br\/noticias\/#website"},"primaryImageOfPage":{"@id":"https:\/\/www.suno.com.br\/noticias\/economia-do-brasil-deve-deixar-dez-maiores-mundo\/#primaryimage"},"image":{"@id":"https:\/\/www.suno.com.br\/noticias\/economia-do-brasil-deve-deixar-dez-maiores-mundo\/#primaryimage"},"thumbnailUrl":"https:\/\/files.sunoresearch.com.br\/n\/uploads\/2020\/11\/467ebb3b-1200px-cidade_maravilhosa-jpg.webp","datePublished":"2020-11-09T23:39:34+00:00","description":"A economia do Brasil deve deixar as 10 maiores do mundo devido aos impactos da pandemia, segundo dados do Ibre\/FGV. Clique para saber mais","breadcrumb":{"@id":"https:\/\/www.suno.com.br\/noticias\/economia-do-brasil-deve-deixar-dez-maiores-mundo\/#breadcrumb"},"inLanguage":"pt-BR","potentialAction":[{"@type":"ReadAction","target":["https:\/\/www.suno.com.br\/noticias\/economia-do-brasil-deve-deixar-dez-maiores-mundo\/"]}]},{"@type":"ImageObject","inLanguage":"pt-BR","@id":"https:\/\/www.suno.com.br\/noticias\/economia-do-brasil-deve-deixar-dez-maiores-mundo\/#primaryimage","url":"https:\/\/files.sunoresearch.com.br\/n\/uploads\/2020\/11\/467ebb3b-1200px-cidade_maravilhosa-jpg.webp","contentUrl":"https:\/\/files.sunoresearch.com.br\/n\/uploads\/2020\/11\/467ebb3b-1200px-cidade_maravilhosa-jpg.webp","width":700,"height":374,"caption":"Rio de Janeiro (Foto: Divulga\u00e7\u00e3o)"},{"@type":"BreadcrumbList","@id":"https:\/\/www.suno.com.br\/noticias\/economia-do-brasil-deve-deixar-dez-maiores-mundo\/#breadcrumb","itemListElement":[{"@type":"ListItem","position":1,"name":"Not\u00edcias","item":"https:\/\/www.suno.com.br\/noticias\/"},{"@type":"ListItem","position":2,"name":"Economia","item":"https:\/\/www.suno.com.br\/noticias\/economia\/"},{"@type":"ListItem","position":3,"name":"Economia do Brasil deve deixar de figurar entre as 10 maiores do mundo em 2020"}]},{"@type":"WebSite","@id":"https:\/\/www.suno.com.br\/noticias\/#website","url":"https:\/\/www.suno.com.br\/noticias\/","name":"Suno Not\u00edcias","description":"Seu portal de informa\u00e7\u00e3o sobre o mundo dos investimentos","publisher":{"@id":"https:\/\/www.suno.com.br\/noticias\/#organization"},"potentialAction":[{"@type":"SearchAction","target":{"@type":"EntryPoint","urlTemplate":"https:\/\/www.suno.com.br\/noticias\/?s={search_term_string}"},"query-input":{"@type":"PropertyValueSpecification","valueRequired":true,"valueName":"search_term_string"}}],"inLanguage":"pt-BR"},{"@type":"Organization","@id":"https:\/\/www.suno.com.br\/noticias\/#organization","name":"Suno Not\u00edcias","url":"https:\/\/www.suno.com.br\/noticias\/","logo":{"@type":"ImageObject","inLanguage":"pt-BR","@id":"https:\/\/www.suno.com.br\/noticias\/#\/schema\/logo\/image\/","url":"https:\/\/files.sunoresearch.com.br\/n\/uploads\/2021\/09\/suno-logo.png","contentUrl":"https:\/\/files.sunoresearch.com.br\/n\/uploads\/2021\/09\/suno-logo.png","width":180,"height":180,"caption":"Suno Not\u00edcias"},"image":{"@id":"https:\/\/www.suno.com.br\/noticias\/#\/schema\/logo\/image\/"},"sameAs":["https:\/\/facebook.com\/sunoresearch","https:\/\/x.com\/sunoresearch","https:\/\/www.instagram.com\/suno","https:\/\/www.linkedin.com\/company\/suno-research\/","https:\/\/www.youtube.com\/c\/sunoresearch"]},{"@type":"Person","@id":"https:\/\/www.suno.com.br\/noticias\/#\/schema\/person\/053a750a709a263919a20f976caae91c","name":"Arthur Guimar\u00e3es","image":{"@type":"ImageObject","inLanguage":"pt-BR","@id":"https:\/\/www.suno.com.br\/noticias\/#\/schema\/person\/image\/","url":"https:\/\/secure.gravatar.com\/avatar\/1affd86a11209ae09eb6dd3bcad3e96c?s=96&r=g","contentUrl":"https:\/\/secure.gravatar.com\/avatar\/1affd86a11209ae09eb6dd3bcad3e96c?s=96&r=g","caption":"Arthur Guimar\u00e3es"},"description":"Arthur Guimar\u00e3es escreve sobre pol\u00edtica, economia e neg\u00f3cios para o portal de not\u00edcias da Suno Research. Atualmente, \u00e9 estudante de jornalismo pela Faculdade C\u00e1sper L\u00edbero.","url":"https:\/\/www.suno.com.br\/noticias\/author\/arthur-guimaraes\/"}]}},"default_loop_html":"<div class=\"cardsPage__listCard__boxs\"><div class=\"cardsPage__listCard__boxs__img\"><a href=\"https:\/\/www.suno.com.br\/noticias\/economia-do-brasil-deve-deixar-dez-maiores-mundo\/\"><img class=\"mask\" src=\"https:\/\/www.suno.com.br\/noticias\/wp-content\/themes\/suno\/resources\/images\/spotlight\/spotlight1img\/bg-mask.png\" alt=\"Image Mask\"\/><img src=\"https:\/\/files.sunoresearch.com.br\/n\/uploads\/2020\/11\/467ebb3b-1200px-cidade_maravilhosa-400x200.webp\" alt=\"Economia do Brasil deve deixar de figurar entre as 10 maiores do mundo em 2020\"\/><\/a><span class=\"spotlightCategory\"><a href=\"https:\/\/www.suno.com.br\/noticias\/economia\/\">Economia<\/a><\/span><\/div><div class=\"cardsPage__listCard__boxs__content\"><a href=\"https:\/\/www.suno.com.br\/noticias\/economia-do-brasil-deve-deixar-dez-maiores-mundo\/\"><h2 class=\"content__title\">Economia do Brasil deve deixar de figurar entre as 10 maiores do mundo em 2020<\/h2><\/a><div class=\"newsContent__article__meta\"><div class=\"newsContent__article__meta__authorBox\"><a href=\"https:\/\/www.suno.com.br\/noticias\/author\/arthur-guimaraes\/\" class=\"authorBox__avatar noMobi\"><img src=\"https:\/\/files.sunoresearch.com.br\/n\/uploads\/2020\/02\/dfb40897-eu-150x150.webp\" alt=\"Arthur Guimar\u00e3es\"><\/a><div class=\"authorBox__name\"><span>por\n\t\t\t<a href=\"https:\/\/www.suno.com.br\/noticias\/author\/arthur-guimaraes\/\"><span itemprop=\"author\">Arthur Guimar\u00e3es<\/span><\/a><\/span><time datetime=\"2020-11-09T20:39:34-03:00\" itemprop=\"datePublished\">09\/11\/2020 20:39<\/time><\/div><\/div><\/div><\/div><\/div>","single_layout":"posts","amp_enabled":true,"_links":{"self":[{"href":"https:\/\/www.suno.com.br\/noticias\/wp-json\/wp\/v2\/posts\/98749"}],"collection":[{"href":"https:\/\/www.suno.com.br\/noticias\/wp-json\/wp\/v2\/posts"}],"about":[{"href":"https:\/\/www.suno.com.br\/noticias\/wp-json\/wp\/v2\/types\/post"}],"author":[{"embeddable":true,"href":"https:\/\/www.suno.com.br\/noticias\/wp-json\/wp\/v2\/users\/35"}],"replies":[{"embeddable":true,"href":"https:\/\/www.suno.com.br\/noticias\/wp-json\/wp\/v2\/comments?post=98749"}],"version-history":[{"count":0,"href":"https:\/\/www.suno.com.br\/noticias\/wp-json\/wp\/v2\/posts\/98749\/revisions"}],"wp:featuredmedia":[{"embeddable":true,"href":"https:\/\/www.suno.com.br\/noticias\/wp-json\/wp\/v2\/media\/98825"}],"wp:attachment":[{"href":"https:\/\/www.suno.com.br\/noticias\/wp-json\/wp\/v2\/media?parent=98749"}],"wp:term":[{"taxonomy":"category","embeddable":true,"href":"https:\/\/www.suno.com.br\/noticias\/wp-json\/wp\/v2\/categories?post=98749"},{"taxonomy":"post_tag","embeddable":true,"href":"https:\/\/www.suno.com.br\/noticias\/wp-json\/wp\/v2\/tags?post=98749"},{"taxonomy":"suno_strategy","embeddable":true,"href":"https:\/\/www.suno.com.br\/noticias\/wp-json\/wp\/v2\/suno_strategy?post=98749"}],"curies":[{"name":"wp","href":"https:\/\/api.w.org\/{rel}","templated":true}]}}