{"id":98601,"date":"2020-11-09T12:02:35","date_gmt":"2020-11-09T15:02:35","guid":{"rendered":"https:\/\/www.suno.com.br\/noticias\/?p=98601"},"modified":"2020-11-09T20:57:20","modified_gmt":"2020-11-09T23:57:20","slug":"vacina-eleicoes-animam-mercados-dolar-cai","status":"publish","type":"post","link":"https:\/\/www.suno.com.br\/noticias\/vacina-eleicoes-animam-mercados-dolar-cai\/","title":{"rendered":"Vacina da Pfizer e elei\u00e7\u00f5es nos EUA animam mercados; d\u00f3lar cai 2,5%"},"content":{"rendered":"<p>Os mercados financeiros abriram a semana em otimismo generalizado. <a href=\"https:\/\/www.suno.com.br\/noticias\/bolsas-mundiais-ny-europa-asia-09112020\/\">As bolsas mundiais operam no azul<\/a> ap\u00f3s a vit\u00f3ria de Joe Biden nas elei\u00e7\u00f5es presidenciais dos Estados Unidos. O \u00e2nimo dos investidores foi ampliado ap\u00f3s informa\u00e7\u00f5es da <strong>vacina<\/strong> das farmac\u00eauticas Pfizer e BioNTech.<\/p>\t<div class=\"wrapper-featured-image\">\n\t\t<figure class=\"spotlightImg\">\n\n\t\t\t<picture>\n\t\t\t\t<source media=\"(max-width: 768px)\" srcset=\"https:\/\/files.sunoresearch.com.br\/n\/uploads\/2020\/11\/2ad8a18c-nota-de-cem-dolares-com-grafico-do-mercado-de-acoes-1536937489484_v2_1920x1440-400x200.webp\">\n\t\t\t\t<img loading=\"lazy\" decoding=\"async\" class=\"newsContent__article__imgCapa lazyloadDisabled \" src=\"https:\/\/files.sunoresearch.com.br\/n\/uploads\/2020\/11\/2ad8a18c-nota-de-cem-dolares-com-grafico-do-mercado-de-acoes-1536937489484_v2_1920x1440-800x450.webp\" width=\"800\" height=\"450\" alt=\"Vacina da Pfizer e elei\u00e7\u00f5es nos EUA animam mercados; d\u00f3lar cai 2,5%\" fetchpriority=high \/>\n\t\t\t<\/picture>\n\n\t\t\t<figcaption class=\"wp-caption-text wp-caption-text--show\">D\u00f3lar<\/figcaption>\n\t\t<\/figure>\n\t<\/div>\n\n\n\t<p>\n\t\t<a href=\"\" target=\"_blank\" data-element=\"shortcode-suno-banner\" title=\"Banner SUNO, clique e saiba mais\">\n\t\t\t<picture>\n\t\t\t\t<source media=\"(max-width: 500px)\" srcset=\"\">\n\t\t\t\t<img class=\"newsContent__article__imgCapa newsContent__article__imgCapa--banner\"\n\t\t\t\t\tsrc=\"\"\n\t\t\t\t\tdata-promo-id=\"97204\"\t\t\t\t\t\t\t\t\t\t\t\t\t\t\talt=\"\"\n\t\t\t\t>\n\t\t\t<\/picture>\n\t\t<\/a>\n\t<\/p>\n\n\n<p>As empresas informaram que uma vacina contra o <a href=\"https:\/\/www.suno.com.br\/noticias\/?s=coronav%C3%ADrus\">novo <strong>coronav\u00edrus<\/strong> (Covid-19)<\/a> dentre as que est\u00e3o sendo testadas \u00e9 capaz de prevenir a doen\u00e7a em mais de 90% dos pacientes sem evid\u00eancia de infec\u00e7\u00e3o pr\u00e9via. A not\u00edcia foi divulgada pelas <strong>farmac\u00eauticas<\/strong> como um &#8220;grande dia para a ci\u00eancia e para a humanidade&#8221;.<\/p>\n<p>De acordo com a <em>BBC<\/em>, a vacina foi testada em 43,5 mil pessoas de seis pa\u00edses. Em setembro, a Ag\u00eancia Nacional de Vigil\u00e2ncia Sanit\u00e1ria (<strong>Anvisa<\/strong>) <a href=\"https:\/\/www.suno.com.br\/noticias\/coronavirus-brasil-vacina-2021-anvisa\/\">autorizou que seus testes cl\u00ednicos fossem ampliados no Brasil<\/a>, de mil para dois mil testes em volunt\u00e1rios.<\/p>\n<p><a href=\"https:\/\/lp.suno.com.br\/suno-one\/\">Suno One: acesse gratuitamente eBooks, Minicursos, Artigos e Video Aulas sobre investimentos com um \u00fanico cadastro. Clique para saber mais!<\/a><\/p>\n<p>Segundo as fabricantes, nenhum problema de seguran\u00e7a na vacina foi levantado at\u00e9 o momento. Com base em proje\u00e7\u00f5es, as empresas declararam, em comunicado, que pretendem fornecer 50 milh\u00f5es de doses no mundo em 2020 e at\u00e9 1,3 bilh\u00e3o em 2021.<\/p>\n<p><iframe loading=\"lazy\" src=\"https:\/\/www.youtube.com\/embed\/gadWu00zvmc\" width=\"560\" height=\"315\" frameborder=\"0\" allowfullscreen=\"allowfullscreen\"><\/iframe><br \/>\nA <strong>Pfizer<\/strong> e <strong>BioNTech<\/strong> planejam solicitar, at\u00e9 o final deste m\u00eas, uma aprova\u00e7\u00e3o emergencial para uso da vacina. A expectativa \u00e9 que a vacina ajude os pa\u00edses a reduzir as medidas de restri\u00e7\u00e3o de circula\u00e7\u00e3o em vigor.<\/p>\n<h2>Vacina faz a\u00e7\u00f5es de shoppings e ligadas ao turismo dispararem<\/h2>\n<p>As novidades positivas quanto \u00e0 vacina que est\u00e1 sendo desenvolvida fez com que a\u00e7\u00f5es de empresas ligadas a shopping centers e turismo, como operadoras e companhias a\u00e9reas, abrissem a semana com uma expressiva alta.<\/p>\n<p>Por volta das 11h35 no Brasil, as administradoras de shopping centers <a href=\"https:\/\/www.suno.com.br\/acoes\/brml3\/\"><strong>BR Malls<\/strong> (BRML3)<\/a>, <a href=\"https:\/\/www.suno.com.br\/acoes\/also3\/\"><strong>Aliansce Sonae<\/strong> (ALSO3)<\/a> e <a href=\"https:\/\/www.suno.com.br\/acoes\/igta3\/\"><strong>Iguatemi<\/strong> (IGTA3)<\/a> avan\u00e7am 11,82%, 8,13% e 8,86%, respectivamente.<\/p>\n<p>Os pap\u00e9is da <a href=\"https:\/\/www.suno.com.br\/acoes\/cvcb3\/\"><strong>CVC<\/strong> (CVCB3)<\/a> subiam 11,27%, para R$ 15,12. As a\u00e7\u00f5es da empresa t\u00eam sido fortemente penalizadas pelo mercado em fun\u00e7\u00e3o do tombo do turismo neste ano &#8212; nos \u00faltimos 12 meses, os pap\u00e9is da maior operadora de turismo do Pa\u00eds recuam 60,80%. Os investidores tamb\u00e9m permanecem atentos aos <a href=\"https:\/\/www.suno.com.br\/noticias\/cvc-cvcb3-auditoria-incerteza-continuidade-operacional\/\">problemas cont\u00e1beis da empresa<\/a>.<\/p>\n<p><span style=\"font-weight: 400;\">\u00a0<div class=\"hubspot-form-wrapper\">\n\t<div id=\"single-form-target\"><\/div>\n<\/div>\n<\/span><\/p>\n<p>As a\u00e9reas <a href=\"https:\/\/www.suno.com.br\/acoes\/goll4\/\"><strong>Gol<\/strong> (GOLL4)<\/a> e <a href=\"https:\/\/www.suno.com.br\/acoes\/azul4\/\"><strong>Azul<\/strong> (AZUL4)<\/a> tamb\u00e9m operam em forte alta, de 15,21% e 12,80% respectivamente. Nesta segunda-feira, a Azul informou que concluiu o processo de <a href=\"https:\/\/www.suno.com.br\/artigos\/bookbuilding\/\"><em>bookbuilding<\/em> <\/a>de sua oferta de deb\u00eantures.<\/p>\n<p>Ser\u00e1 realizada a emiss\u00e3o de 1.745.900 <strong>deb\u00eantures<\/strong> (j\u00e1 considerando 145.900 deb\u00eantures adicionais), totalizando R$ 1,745 bilh\u00e3o (cada uma com valor nominal de R$ 1.000,00). O valor \u00e9 maior do que o estimado anteriormente, de R$ 1,6 bilh\u00e3o.<\/p>\n<h2>Elei\u00e7\u00f5es nos EUA e tombo do d\u00f3lar<\/h2>\n<p>O mercado internacional estende o otimismo com a vit\u00f3ria de <strong>Joe Biden<\/strong> sobre <a href=\"https:\/\/www.suno.com.br\/tudo-sobre\/donald-trump\/\"><strong>Donald Trump<\/strong><\/a>, que buscava se reeleger na presid\u00eancia norte-americana. A vit\u00f3ria do democrata foi confirmada, na tarde do \u00faltimo s\u00e1bado (7), ap\u00f3s ag\u00eancias e ve\u00edculos de imprensa declararem que ele conquistou os 20 votos eleitorais da <strong>Pensilv\u00e2nia<\/strong>.<\/p>\n<p>Trump, no entanto, salientou que n\u00e3o aceita a vit\u00f3ria de Biden. Em comunicado oficial divulgado por sua campanha, o mandat\u00e1rio disse que o processo eleitoral deste ano &#8220;est\u00e1 longe de acabar&#8221;. No \u00faltimo domingo (8), o mandat\u00e1rio <a href=\"https:\/\/www.suno.com.br\/noticias\/sem-provas-trump-fala-em-fraude-vitoria-biden\/\">voltou a dizer que a elei\u00e7\u00e3o &#8220;foi roubada&#8221; pelos democratas<\/a> &#8212; ainda n\u00e3o apresentando provas.<\/p>\n\t<div data-element=\"shortcode-read-more\" class=\"knowMore\">\n\t\t\t\t<span class=\"knowMore__title\">Veja tamb\u00e9m<\/span>\n\t\t\t\t<a class=\"knowMore__link\" href=\"https:\/\/www.suno.com.br\/noticias\/vacina-astrazeneca-revisao-reino-unidos\/\">\n\t\t\tVacina da AstraZeneca tem revis\u00e3o acelerada no Reino Unido\t\t<\/a>\n\t<\/div>\n\n\n<p>Os investidores imaginam que um governo liderado pelo democrata possa exercer uma pol\u00edtica externa mais previs\u00edvel e menos protecionista, al\u00e9m de investir menos esfor\u00e7os na aplica\u00e7\u00e3o de tarifas e nas tens\u00f5es comerciais contra a China na <strong>guerra comercial<\/strong>.<\/p>\n<p>Esse entendimento tamb\u00e9m faz o <strong>d\u00f3lar<\/strong> tombar 2,45% nesta segunda-feira, sendo negociado a R$ 5,26 na venda. Desde a \u00faltima segunda-feira (2), a divisa norte-americana cai 7% frente ao real &#8212; a valoriza\u00e7\u00e3o da moeda dos Estados Unidos na mesma compara\u00e7\u00e3o em 2020, todavia, ainda permanece acima de 30%.<\/p>\n<p>A ascens\u00e3o de Biden e o avan\u00e7o da <strong>vacina<\/strong> fez com que o <a href=\"https:\/\/www.suno.com.br\/artigos\/sp-500\/\">S&amp;P 500<\/a> atingisse a m\u00e1xima hist\u00f3rica. Por volta das 11h52, o \u00edndice das 500 maiores empresas norte-americanas subia 3,21%, para 3.621,92 pontos, j\u00e1 recuperando as perdas da pandemia e somando 11% no ano. O \u00edndice Dow Jones tamb\u00e9m voltou a superar seu patamar mais alto, de fevereiro deste ano.<\/p>\n\t<p>\n\t\t<a href=\"https:\/\/lp.suno.com.br\/planilha-de-controle-de-investimentos\/\" target=\"_blank\" data-element=\"shortcode-suno-banner\" title=\"Banner SUNO, clique e saiba mais\">\n\t\t\t<picture>\n\t\t\t\t<source media=\"(max-width: 500px)\" srcset=\"https:\/\/files.sunoresearch.com.br\/n\/uploads\/2023\/03\/400x300-Controle-de-Investimentos.png\">\n\t\t\t\t<img class=\"newsContent__article__imgCapa newsContent__article__imgCapa--banner\"\n\t\t\t\t\tsrc=\"https:\/\/files.sunoresearch.com.br\/n\/uploads\/2023\/03\/1420x240-Controle-de-Investimentos.png\"\n\t\t\t\t\tdata-promo-id=\"75934\"\t\t\t\t\t\t\t\t\t\twidth='1420' height='240'\t\t\t\t\talt=\"https:\/\/files.sunoresearch.com.br\/n\/uploads\/2023\/03\/1420x240-Controle-de-Investimentos.png\"\n\t\t\t\t>\n\t\t\t<\/picture>\n\t\t<\/a>\n\t<\/p>\n\n\n","protected":false},"excerpt":{"rendered":"<p>Os mercados financeiros abriram a semana em otimismo generalizado. As bolsas mundiais operam no azul ap\u00f3s a vit\u00f3ria de Joe Biden nas elei\u00e7\u00f5es presidenciais dos Estados Unidos. O \u00e2nimo dos investidores foi ampliado ap\u00f3s informa\u00e7\u00f5es da vacina das farmac\u00eauticas Pfizer e BioNTech. D\u00f3lar As empresas informaram que uma vacina contra o novo coronav\u00edrus (Covid-19) dentre [&hellip;]<\/p>\n","protected":false},"author":24,"featured_media":98602,"comment_status":"closed","ping_status":"closed","sticky":false,"template":"","format":"standard","meta":[],"categories":[60],"tags":[2487,326,724,104868,721,73481,25002],"suno_strategy":[],"class_list":["post-98601","post","type-post","status-publish","format-standard","has-post-thumbnail","hentry","category-mercado","tag-coronavirus","tag-dolar","tag-donald-trump","tag-eleicoes-americanas","tag-ibovespa","tag-joe-biden","tag-vacina"],"yoast_head":"<!-- This site is optimized with the Yoast SEO plugin v24.4 - https:\/\/yoast.com\/wordpress\/plugins\/seo\/ -->\n<title>Vacina da Pfizer e elei\u00e7\u00f5es nos EUA animam mercados; d\u00f3lar cai 2,5%<\/title>\n<meta name=\"description\" content=\"Os mercados financeiros abriram a semana em otimismo generalizado, impulsionado pela vacina da Pfizer e BioNTech. Clique e saiba mais.\" \/>\n<meta name=\"robots\" content=\"index, follow, max-snippet:-1, max-image-preview:large, max-video-preview:-1\" \/>\n<link rel=\"canonical\" href=\"https:\/\/www.suno.com.br\/noticias\/vacina-eleicoes-animam-mercados-dolar-cai\/\" \/>\n<meta property=\"og:locale\" content=\"pt_BR\" \/>\n<meta property=\"og:type\" content=\"article\" \/>\n<meta property=\"og:title\" content=\"Vacina da Pfizer e elei\u00e7\u00f5es nos EUA animam mercados; d\u00f3lar cai 2,5%\" \/>\n<meta property=\"og:description\" content=\"Os mercados financeiros abriram a semana em otimismo generalizado, impulsionado pela vacina da Pfizer e BioNTech. Clique e saiba mais.\" \/>\n<meta property=\"og:url\" content=\"https:\/\/www.suno.com.br\/noticias\/vacina-eleicoes-animam-mercados-dolar-cai\/\" \/>\n<meta property=\"og:site_name\" content=\"Suno Not\u00edcias\" \/>\n<meta property=\"article:publisher\" content=\"https:\/\/facebook.com\/sunoresearch\" \/>\n<meta property=\"og:image\" content=\"https:\/\/files.sunoresearch.com.br\/n\/uploads\/2020\/11\/2ad8a18c-nota-de-cem-dolares-com-grafico-do-mercado-de-acoes-1536937489484_v2_1920x1440.jpg\" \/>\n\t<meta property=\"og:image:width\" content=\"1920\" \/>\n\t<meta property=\"og:image:height\" content=\"1440\" \/>\n\t<meta property=\"og:image:type\" content=\"image\/jpeg\" \/>\n<meta name=\"author\" content=\"Jader Lazarini\" \/>\n<meta name=\"twitter:card\" content=\"summary_large_image\" \/>\n<meta name=\"twitter:creator\" content=\"@sunoresearch\" \/>\n<meta name=\"twitter:site\" content=\"@sunoresearch\" \/>\n<meta name=\"twitter:label1\" content=\"Escrito por\" \/>\n\t<meta name=\"twitter:data1\" content=\"Jader Lazarini\" \/>\n\t<meta name=\"twitter:label2\" content=\"Est. tempo de leitura\" \/>\n\t<meta name=\"twitter:data2\" content=\"4 minutos\" \/>\n<script type=\"application\/ld+json\" class=\"yoast-schema-graph\">{\"@context\":\"https:\/\/schema.org\",\"@graph\":[{\"@type\":\"NewsArticle\",\"@id\":\"https:\/\/www.suno.com.br\/noticias\/vacina-eleicoes-animam-mercados-dolar-cai\/#article\",\"isPartOf\":{\"@id\":\"https:\/\/www.suno.com.br\/noticias\/vacina-eleicoes-animam-mercados-dolar-cai\/\"},\"author\":{\"name\":\"Jader Lazarini\",\"@id\":\"https:\/\/www.suno.com.br\/noticias\/#\/schema\/person\/918d79de1f0281f01599b93f9ea6e23f\"},\"headline\":\"Vacina da Pfizer e elei\u00e7\u00f5es nos EUA animam mercados; d\u00f3lar cai 2,5%\",\"datePublished\":\"2020-11-09T15:02:35+00:00\",\"dateModified\":\"2020-11-09T23:57:20+00:00\",\"mainEntityOfPage\":{\"@id\":\"https:\/\/www.suno.com.br\/noticias\/vacina-eleicoes-animam-mercados-dolar-cai\/\"},\"wordCount\":769,\"publisher\":{\"@id\":\"https:\/\/www.suno.com.br\/noticias\/#organization\"},\"image\":{\"@id\":\"https:\/\/www.suno.com.br\/noticias\/vacina-eleicoes-animam-mercados-dolar-cai\/#primaryimage\"},\"thumbnailUrl\":\"https:\/\/files.sunoresearch.com.br\/n\/uploads\/2020\/11\/2ad8a18c-nota-de-cem-dolares-com-grafico-do-mercado-de-acoes-1536937489484_v2_1920x1440-jpg.webp\",\"keywords\":[\"coronav\u00edrus\",\"d\u00f3lar\",\"Donald Trump\",\"Elei\u00e7\u00f5es americanas\",\"Ibovespa\",\"Joe Biden\",\"vacina\"],\"articleSection\":[\"Mercado\"],\"inLanguage\":\"pt-BR\"},{\"@type\":\"WebPage\",\"@id\":\"https:\/\/www.suno.com.br\/noticias\/vacina-eleicoes-animam-mercados-dolar-cai\/\",\"url\":\"https:\/\/www.suno.com.br\/noticias\/vacina-eleicoes-animam-mercados-dolar-cai\/\",\"name\":\"Vacina da Pfizer e elei\u00e7\u00f5es nos EUA animam mercados; d\u00f3lar cai 2,5%\",\"isPartOf\":{\"@id\":\"https:\/\/www.suno.com.br\/noticias\/#website\"},\"primaryImageOfPage\":{\"@id\":\"https:\/\/www.suno.com.br\/noticias\/vacina-eleicoes-animam-mercados-dolar-cai\/#primaryimage\"},\"image\":{\"@id\":\"https:\/\/www.suno.com.br\/noticias\/vacina-eleicoes-animam-mercados-dolar-cai\/#primaryimage\"},\"thumbnailUrl\":\"https:\/\/files.sunoresearch.com.br\/n\/uploads\/2020\/11\/2ad8a18c-nota-de-cem-dolares-com-grafico-do-mercado-de-acoes-1536937489484_v2_1920x1440-jpg.webp\",\"datePublished\":\"2020-11-09T15:02:35+00:00\",\"dateModified\":\"2020-11-09T23:57:20+00:00\",\"description\":\"Os mercados financeiros abriram a semana em otimismo generalizado, impulsionado pela vacina da Pfizer e BioNTech. Clique e saiba mais.\",\"breadcrumb\":{\"@id\":\"https:\/\/www.suno.com.br\/noticias\/vacina-eleicoes-animam-mercados-dolar-cai\/#breadcrumb\"},\"inLanguage\":\"pt-BR\",\"potentialAction\":[{\"@type\":\"ReadAction\",\"target\":[\"https:\/\/www.suno.com.br\/noticias\/vacina-eleicoes-animam-mercados-dolar-cai\/\"]}]},{\"@type\":\"ImageObject\",\"inLanguage\":\"pt-BR\",\"@id\":\"https:\/\/www.suno.com.br\/noticias\/vacina-eleicoes-animam-mercados-dolar-cai\/#primaryimage\",\"url\":\"https:\/\/files.sunoresearch.com.br\/n\/uploads\/2020\/11\/2ad8a18c-nota-de-cem-dolares-com-grafico-do-mercado-de-acoes-1536937489484_v2_1920x1440-jpg.webp\",\"contentUrl\":\"https:\/\/files.sunoresearch.com.br\/n\/uploads\/2020\/11\/2ad8a18c-nota-de-cem-dolares-com-grafico-do-mercado-de-acoes-1536937489484_v2_1920x1440-jpg.webp\",\"width\":1920,\"height\":1440,\"caption\":\"D\u00f3lar\"},{\"@type\":\"BreadcrumbList\",\"@id\":\"https:\/\/www.suno.com.br\/noticias\/vacina-eleicoes-animam-mercados-dolar-cai\/#breadcrumb\",\"itemListElement\":[{\"@type\":\"ListItem\",\"position\":1,\"name\":\"Not\u00edcias\",\"item\":\"https:\/\/www.suno.com.br\/noticias\/\"},{\"@type\":\"ListItem\",\"position\":2,\"name\":\"Mercado\",\"item\":\"https:\/\/www.suno.com.br\/noticias\/mercado\/\"},{\"@type\":\"ListItem\",\"position\":3,\"name\":\"Vacina da Pfizer e elei\u00e7\u00f5es nos EUA animam mercados; d\u00f3lar cai 2,5%\"}]},{\"@type\":\"WebSite\",\"@id\":\"https:\/\/www.suno.com.br\/noticias\/#website\",\"url\":\"https:\/\/www.suno.com.br\/noticias\/\",\"name\":\"Suno Not\u00edcias\",\"description\":\"Seu portal de informa\u00e7\u00e3o sobre o mundo dos investimentos\",\"publisher\":{\"@id\":\"https:\/\/www.suno.com.br\/noticias\/#organization\"},\"potentialAction\":[{\"@type\":\"SearchAction\",\"target\":{\"@type\":\"EntryPoint\",\"urlTemplate\":\"https:\/\/www.suno.com.br\/noticias\/?s={search_term_string}\"},\"query-input\":{\"@type\":\"PropertyValueSpecification\",\"valueRequired\":true,\"valueName\":\"search_term_string\"}}],\"inLanguage\":\"pt-BR\"},{\"@type\":\"Organization\",\"@id\":\"https:\/\/www.suno.com.br\/noticias\/#organization\",\"name\":\"Suno Not\u00edcias\",\"url\":\"https:\/\/www.suno.com.br\/noticias\/\",\"logo\":{\"@type\":\"ImageObject\",\"inLanguage\":\"pt-BR\",\"@id\":\"https:\/\/www.suno.com.br\/noticias\/#\/schema\/logo\/image\/\",\"url\":\"https:\/\/files.sunoresearch.com.br\/n\/uploads\/2021\/09\/suno-logo.png\",\"contentUrl\":\"https:\/\/files.sunoresearch.com.br\/n\/uploads\/2021\/09\/suno-logo.png\",\"width\":180,\"height\":180,\"caption\":\"Suno Not\u00edcias\"},\"image\":{\"@id\":\"https:\/\/www.suno.com.br\/noticias\/#\/schema\/logo\/image\/\"},\"sameAs\":[\"https:\/\/facebook.com\/sunoresearch\",\"https:\/\/x.com\/sunoresearch\",\"https:\/\/www.instagram.com\/suno\",\"https:\/\/www.linkedin.com\/company\/suno-research\/\",\"https:\/\/www.youtube.com\/c\/sunoresearch\"]},{\"@type\":\"Person\",\"@id\":\"https:\/\/www.suno.com.br\/noticias\/#\/schema\/person\/918d79de1f0281f01599b93f9ea6e23f\",\"name\":\"Jader Lazarini\",\"image\":{\"@type\":\"ImageObject\",\"inLanguage\":\"pt-BR\",\"@id\":\"https:\/\/www.suno.com.br\/noticias\/#\/schema\/person\/image\/\",\"url\":\"https:\/\/secure.gravatar.com\/avatar\/3c1ad8caa51589841baeb923fcddea97?s=96&r=g\",\"contentUrl\":\"https:\/\/secure.gravatar.com\/avatar\/3c1ad8caa51589841baeb923fcddea97?s=96&r=g\",\"caption\":\"Jader Lazarini\"},\"description\":\"Jader Lazarini escreve sobre investimentos, finan\u00e7as, economia e neg\u00f3cios. \u00c9 bacharel em Rela\u00e7\u00f5es Internacionais e analista CNPI (2619).\",\"url\":\"https:\/\/www.suno.com.br\/noticias\/author\/jader-lazarini\/\"}]}<\/script>\n<!-- \/ Yoast SEO plugin. -->","yoast_head_json":{"title":"Vacina da Pfizer e elei\u00e7\u00f5es nos EUA animam mercados; d\u00f3lar cai 2,5%","description":"Os mercados financeiros abriram a semana em otimismo generalizado, impulsionado pela vacina da Pfizer e BioNTech. Clique e saiba mais.","robots":{"index":"index","follow":"follow","max-snippet":"max-snippet:-1","max-image-preview":"max-image-preview:large","max-video-preview":"max-video-preview:-1"},"canonical":"https:\/\/www.suno.com.br\/noticias\/vacina-eleicoes-animam-mercados-dolar-cai\/","og_locale":"pt_BR","og_type":"article","og_title":"Vacina da Pfizer e elei\u00e7\u00f5es nos EUA animam mercados; d\u00f3lar cai 2,5%","og_description":"Os mercados financeiros abriram a semana em otimismo generalizado, impulsionado pela vacina da Pfizer e BioNTech. Clique e saiba mais.","og_url":"https:\/\/www.suno.com.br\/noticias\/vacina-eleicoes-animam-mercados-dolar-cai\/","og_site_name":"Suno Not\u00edcias","article_publisher":"https:\/\/facebook.com\/sunoresearch","og_image":[{"width":1920,"height":1440,"url":"https:\/\/files.sunoresearch.com.br\/n\/uploads\/2020\/11\/2ad8a18c-nota-de-cem-dolares-com-grafico-do-mercado-de-acoes-1536937489484_v2_1920x1440.jpg","type":"image\/jpeg"}],"author":"Jader Lazarini","twitter_card":"summary_large_image","twitter_creator":"@sunoresearch","twitter_site":"@sunoresearch","twitter_misc":{"Escrito por":"Jader Lazarini","Est. tempo de leitura":"4 minutos"},"schema":{"@context":"https:\/\/schema.org","@graph":[{"@type":"NewsArticle","@id":"https:\/\/www.suno.com.br\/noticias\/vacina-eleicoes-animam-mercados-dolar-cai\/#article","isPartOf":{"@id":"https:\/\/www.suno.com.br\/noticias\/vacina-eleicoes-animam-mercados-dolar-cai\/"},"author":{"name":"Jader Lazarini","@id":"https:\/\/www.suno.com.br\/noticias\/#\/schema\/person\/918d79de1f0281f01599b93f9ea6e23f"},"headline":"Vacina da Pfizer e elei\u00e7\u00f5es nos EUA animam mercados; d\u00f3lar cai 2,5%","datePublished":"2020-11-09T15:02:35+00:00","dateModified":"2020-11-09T23:57:20+00:00","mainEntityOfPage":{"@id":"https:\/\/www.suno.com.br\/noticias\/vacina-eleicoes-animam-mercados-dolar-cai\/"},"wordCount":769,"publisher":{"@id":"https:\/\/www.suno.com.br\/noticias\/#organization"},"image":{"@id":"https:\/\/www.suno.com.br\/noticias\/vacina-eleicoes-animam-mercados-dolar-cai\/#primaryimage"},"thumbnailUrl":"https:\/\/files.sunoresearch.com.br\/n\/uploads\/2020\/11\/2ad8a18c-nota-de-cem-dolares-com-grafico-do-mercado-de-acoes-1536937489484_v2_1920x1440-jpg.webp","keywords":["coronav\u00edrus","d\u00f3lar","Donald Trump","Elei\u00e7\u00f5es americanas","Ibovespa","Joe Biden","vacina"],"articleSection":["Mercado"],"inLanguage":"pt-BR"},{"@type":"WebPage","@id":"https:\/\/www.suno.com.br\/noticias\/vacina-eleicoes-animam-mercados-dolar-cai\/","url":"https:\/\/www.suno.com.br\/noticias\/vacina-eleicoes-animam-mercados-dolar-cai\/","name":"Vacina da Pfizer e elei\u00e7\u00f5es nos EUA animam mercados; d\u00f3lar cai 2,5%","isPartOf":{"@id":"https:\/\/www.suno.com.br\/noticias\/#website"},"primaryImageOfPage":{"@id":"https:\/\/www.suno.com.br\/noticias\/vacina-eleicoes-animam-mercados-dolar-cai\/#primaryimage"},"image":{"@id":"https:\/\/www.suno.com.br\/noticias\/vacina-eleicoes-animam-mercados-dolar-cai\/#primaryimage"},"thumbnailUrl":"https:\/\/files.sunoresearch.com.br\/n\/uploads\/2020\/11\/2ad8a18c-nota-de-cem-dolares-com-grafico-do-mercado-de-acoes-1536937489484_v2_1920x1440-jpg.webp","datePublished":"2020-11-09T15:02:35+00:00","dateModified":"2020-11-09T23:57:20+00:00","description":"Os mercados financeiros abriram a semana em otimismo generalizado, impulsionado pela vacina da Pfizer e BioNTech. Clique e saiba mais.","breadcrumb":{"@id":"https:\/\/www.suno.com.br\/noticias\/vacina-eleicoes-animam-mercados-dolar-cai\/#breadcrumb"},"inLanguage":"pt-BR","potentialAction":[{"@type":"ReadAction","target":["https:\/\/www.suno.com.br\/noticias\/vacina-eleicoes-animam-mercados-dolar-cai\/"]}]},{"@type":"ImageObject","inLanguage":"pt-BR","@id":"https:\/\/www.suno.com.br\/noticias\/vacina-eleicoes-animam-mercados-dolar-cai\/#primaryimage","url":"https:\/\/files.sunoresearch.com.br\/n\/uploads\/2020\/11\/2ad8a18c-nota-de-cem-dolares-com-grafico-do-mercado-de-acoes-1536937489484_v2_1920x1440-jpg.webp","contentUrl":"https:\/\/files.sunoresearch.com.br\/n\/uploads\/2020\/11\/2ad8a18c-nota-de-cem-dolares-com-grafico-do-mercado-de-acoes-1536937489484_v2_1920x1440-jpg.webp","width":1920,"height":1440,"caption":"D\u00f3lar"},{"@type":"BreadcrumbList","@id":"https:\/\/www.suno.com.br\/noticias\/vacina-eleicoes-animam-mercados-dolar-cai\/#breadcrumb","itemListElement":[{"@type":"ListItem","position":1,"name":"Not\u00edcias","item":"https:\/\/www.suno.com.br\/noticias\/"},{"@type":"ListItem","position":2,"name":"Mercado","item":"https:\/\/www.suno.com.br\/noticias\/mercado\/"},{"@type":"ListItem","position":3,"name":"Vacina da Pfizer e elei\u00e7\u00f5es nos EUA animam mercados; d\u00f3lar cai 2,5%"}]},{"@type":"WebSite","@id":"https:\/\/www.suno.com.br\/noticias\/#website","url":"https:\/\/www.suno.com.br\/noticias\/","name":"Suno Not\u00edcias","description":"Seu portal de informa\u00e7\u00e3o sobre o mundo dos investimentos","publisher":{"@id":"https:\/\/www.suno.com.br\/noticias\/#organization"},"potentialAction":[{"@type":"SearchAction","target":{"@type":"EntryPoint","urlTemplate":"https:\/\/www.suno.com.br\/noticias\/?s={search_term_string}"},"query-input":{"@type":"PropertyValueSpecification","valueRequired":true,"valueName":"search_term_string"}}],"inLanguage":"pt-BR"},{"@type":"Organization","@id":"https:\/\/www.suno.com.br\/noticias\/#organization","name":"Suno Not\u00edcias","url":"https:\/\/www.suno.com.br\/noticias\/","logo":{"@type":"ImageObject","inLanguage":"pt-BR","@id":"https:\/\/www.suno.com.br\/noticias\/#\/schema\/logo\/image\/","url":"https:\/\/files.sunoresearch.com.br\/n\/uploads\/2021\/09\/suno-logo.png","contentUrl":"https:\/\/files.sunoresearch.com.br\/n\/uploads\/2021\/09\/suno-logo.png","width":180,"height":180,"caption":"Suno Not\u00edcias"},"image":{"@id":"https:\/\/www.suno.com.br\/noticias\/#\/schema\/logo\/image\/"},"sameAs":["https:\/\/facebook.com\/sunoresearch","https:\/\/x.com\/sunoresearch","https:\/\/www.instagram.com\/suno","https:\/\/www.linkedin.com\/company\/suno-research\/","https:\/\/www.youtube.com\/c\/sunoresearch"]},{"@type":"Person","@id":"https:\/\/www.suno.com.br\/noticias\/#\/schema\/person\/918d79de1f0281f01599b93f9ea6e23f","name":"Jader Lazarini","image":{"@type":"ImageObject","inLanguage":"pt-BR","@id":"https:\/\/www.suno.com.br\/noticias\/#\/schema\/person\/image\/","url":"https:\/\/secure.gravatar.com\/avatar\/3c1ad8caa51589841baeb923fcddea97?s=96&r=g","contentUrl":"https:\/\/secure.gravatar.com\/avatar\/3c1ad8caa51589841baeb923fcddea97?s=96&r=g","caption":"Jader Lazarini"},"description":"Jader Lazarini escreve sobre investimentos, finan\u00e7as, economia e neg\u00f3cios. \u00c9 bacharel em Rela\u00e7\u00f5es Internacionais e analista CNPI (2619).","url":"https:\/\/www.suno.com.br\/noticias\/author\/jader-lazarini\/"}]}},"default_loop_html":"<div class=\"cardsPage__listCard__boxs\"><div class=\"cardsPage__listCard__boxs__img\"><a href=\"https:\/\/www.suno.com.br\/noticias\/vacina-eleicoes-animam-mercados-dolar-cai\/\"><img class=\"mask\" src=\"https:\/\/www.suno.com.br\/noticias\/wp-content\/themes\/suno\/resources\/images\/spotlight\/spotlight1img\/bg-mask.png\" alt=\"Image Mask\"\/><img src=\"https:\/\/files.sunoresearch.com.br\/n\/uploads\/2020\/11\/2ad8a18c-nota-de-cem-dolares-com-grafico-do-mercado-de-acoes-1536937489484_v2_1920x1440-400x200.webp\" alt=\"Vacina da Pfizer e elei\u00e7\u00f5es nos EUA animam mercados; d\u00f3lar cai 2,5%\"\/><\/a><span class=\"spotlightCategory\"><a href=\"https:\/\/www.suno.com.br\/noticias\/mercado\/\">Mercado<\/a><\/span><\/div><div class=\"cardsPage__listCard__boxs__content\"><a href=\"https:\/\/www.suno.com.br\/noticias\/vacina-eleicoes-animam-mercados-dolar-cai\/\"><h2 class=\"content__title\">Vacina da Pfizer e elei\u00e7\u00f5es nos EUA animam mercados; d\u00f3lar cai 2,5%<\/h2><\/a><div class=\"newsContent__article__meta\"><div class=\"newsContent__article__meta__authorBox\"><a href=\"https:\/\/www.suno.com.br\/noticias\/author\/jader-lazarini\/\" class=\"authorBox__avatar noMobi\"><img src=\"https:\/\/files.sunoresearch.com.br\/n\/uploads\/2021\/01\/178e6598-foto-perfil-2-150x150.jpg\" alt=\"Jader Lazarini\"><\/a><div class=\"authorBox__name\"><span>por\n\t\t\t<a href=\"https:\/\/www.suno.com.br\/noticias\/author\/jader-lazarini\/\"><span itemprop=\"author\">Jader Lazarini<\/span><\/a><\/span><time datetime=\"2020-11-09T12:02:35-03:00\" itemprop=\"datePublished\">09\/11\/2020 12:02<\/time><\/div><\/div><\/div><\/div><\/div>","single_layout":"posts","amp_enabled":true,"_links":{"self":[{"href":"https:\/\/www.suno.com.br\/noticias\/wp-json\/wp\/v2\/posts\/98601"}],"collection":[{"href":"https:\/\/www.suno.com.br\/noticias\/wp-json\/wp\/v2\/posts"}],"about":[{"href":"https:\/\/www.suno.com.br\/noticias\/wp-json\/wp\/v2\/types\/post"}],"author":[{"embeddable":true,"href":"https:\/\/www.suno.com.br\/noticias\/wp-json\/wp\/v2\/users\/24"}],"replies":[{"embeddable":true,"href":"https:\/\/www.suno.com.br\/noticias\/wp-json\/wp\/v2\/comments?post=98601"}],"version-history":[{"count":0,"href":"https:\/\/www.suno.com.br\/noticias\/wp-json\/wp\/v2\/posts\/98601\/revisions"}],"wp:featuredmedia":[{"embeddable":true,"href":"https:\/\/www.suno.com.br\/noticias\/wp-json\/wp\/v2\/media\/98602"}],"wp:attachment":[{"href":"https:\/\/www.suno.com.br\/noticias\/wp-json\/wp\/v2\/media?parent=98601"}],"wp:term":[{"taxonomy":"category","embeddable":true,"href":"https:\/\/www.suno.com.br\/noticias\/wp-json\/wp\/v2\/categories?post=98601"},{"taxonomy":"post_tag","embeddable":true,"href":"https:\/\/www.suno.com.br\/noticias\/wp-json\/wp\/v2\/tags?post=98601"},{"taxonomy":"suno_strategy","embeddable":true,"href":"https:\/\/www.suno.com.br\/noticias\/wp-json\/wp\/v2\/suno_strategy?post=98601"}],"curies":[{"name":"wp","href":"https:\/\/api.w.org\/{rel}","templated":true}]}}