{"id":98525,"date":"2020-11-09T09:19:23","date_gmt":"2020-11-09T12:19:23","guid":{"rendered":"https:\/\/www.suno.com.br\/noticias\/?p=98525"},"modified":"2021-05-11T20:36:46","modified_gmt":"2021-05-11T23:36:46","slug":"via-varejo-vvar3-compra-dona-distrito","status":"publish","type":"post","link":"https:\/\/www.suno.com.br\/noticias\/via-varejo-vvar3-compra-dona-distrito\/","title":{"rendered":"Via Varejo (VVAR3) compra 16,67% da dona de startup Distrito"},"content":{"rendered":"<div class=\"page\" data-page-number=\"1\" data-loaded=\"true\">\n<div class=\"textLayer\">\n<p>A <strong>Via Varejo<\/strong> (<a href=\"https:\/\/www.suno.com.br\/acoes\/vvar3\/\" target=\"_blank\" rel=\"noopener noreferrer\">VVAR3<\/a>) informou a compra de participa\u00e7\u00e3o acion\u00e1ria de 16,67% do capital da Growth Partners Investimentos e Participa\u00e7\u00f5es, sociedade que det\u00e9m o controle da startup Distrito. Segundo fato relevante enviado \u00e0 Comiss\u00e3o de Valores Mobili\u00e1rios (CVM), o Distrito foi fundado em 2014 e \u00e9 um &#8220;hub de inova\u00e7\u00e3o&#8221; que conta com uma plataforma para apoiar empresas em sua transforma\u00e7\u00e3o por meio da tecnologia.<\/p>\t<div class=\"wrapper-featured-image\">\n\t\t<figure class=\"spotlightImg\">\n\n\t\t\t<picture>\n\t\t\t\t<source media=\"(max-width: 768px)\" srcset=\"https:\/\/files.sunoresearch.com.br\/n\/uploads\/2019\/08\/7e325646-viavarejo-400x200.webp\">\n\t\t\t\t<img loading=\"lazy\" decoding=\"async\" class=\"newsContent__article__imgCapa lazyloadDisabled \" src=\"https:\/\/files.sunoresearch.com.br\/n\/uploads\/2019\/08\/7e325646-viavarejo-800x450.webp\" width=\"800\" height=\"450\" alt=\"Via Varejo (VVAR3) compra 16,67% da dona de startup Distrito\" fetchpriority=high \/>\n\t\t\t<\/picture>\n\n\t\t\t<figcaption class=\"wp-caption-text wp-caption-text--show\">Via Varejo (VVAR3) <\/figcaption>\n\t\t<\/figure>\n\t<\/div>\n\n<div class=\"page\" data-page-number=\"1\" data-loaded=\"true\">\n<div class=\"textLayer\">\n\n<p><span style=\"font-weight: 400;\">\t<p>\n\t\t<a href=\"\" target=\"_blank\" data-element=\"shortcode-suno-banner\" title=\"Banner SUNO, clique e saiba mais\">\n\t\t\t<picture>\n\t\t\t\t<source media=\"(max-width: 500px)\" srcset=\"\">\n\t\t\t\t<img class=\"newsContent__article__imgCapa newsContent__article__imgCapa--banner\"\n\t\t\t\t\tsrc=\"\"\n\t\t\t\t\tdata-promo-id=\"97204\"\t\t\t\t\t\t\t\t\t\t\t\t\t\t\talt=\"\"\n\t\t\t\t>\n\t\t\t<\/picture>\n\t\t<\/a>\n\t<\/p>\n\n<\/span><\/p>\n<p>&#8220;Com o seu ecossistema de inova\u00e7\u00e3o aberta, sustentado por dados e intelig\u00eancia artificial, o <strong>Distrito<\/strong> conecta grandes empresas, <strong>startups<\/strong>, investidores e acad\u00eamicos, para gerar novos modelos de neg\u00f3cios vencedores, mais colaborativos, eficientes, transparentes e sustent\u00e1veis&#8221;, informou a Via Varejo no documento assinado pelo Presidente Financeiro e Diretor de Rela\u00e7\u00e3o com Investidores, Orivaldo Padilha.<\/p>\n<p>Atualmente, mais de 300 startups est\u00e3o conectadas a sua plataforma. A empresa possui 11 laborat\u00f3rios corporativos de<strong> inova\u00e7\u00e3o<\/strong>, um mapeamento das principais startups atuantes no pa\u00eds. Segundo a empresa isso gera &#8220;insights e intelig\u00eancia de inova\u00e7\u00e3o para publica\u00e7\u00e3o de relat\u00f3rios setoriais&#8221;.<\/p>\n<\/div>\n<p><a href=\"https:\/\/lp.suno.com.br\/suno-one\/\"><span style=\"font-weight: 400;\">Suno One: acesse gratuitamente eBooks, Minicursos, Artigos e Video Aulas sobre investimentos com um \u00fanico cadastro. Clique para saber mais!<\/span><\/a><\/p>\n<div class=\"textLayer\">\n<p>A companhia afirmou que a<a href=\"https:\/\/www.suno.com.br\/artigos\/fusoes-aquisicoes\/\" target=\"_blank\" rel=\"noopener noreferrer\"> opera\u00e7\u00e3o<\/a> representa um salto na sua estrat\u00e9gia de acelera\u00e7\u00e3o da<strong> transforma\u00e7\u00e3o digital<\/strong>, e permitir\u00e1 \u00e0 companhia estar conectada a um dos principais hubs digitais do pa\u00eds, possibilitando acessar o universo de startups e viabilizando os projetos de transforma\u00e7\u00e3o e acelera\u00e7\u00e3o digital.<br \/>\n\t<p>\n\t\t<a href=\"\" target=\"_blank\" data-element=\"shortcode-suno-banner\" title=\"Banner SUNO, clique e saiba mais\">\n\t\t\t<picture>\n\t\t\t\t<source media=\"(max-width: 500px)\" srcset=\"\">\n\t\t\t\t<img class=\"newsContent__article__imgCapa newsContent__article__imgCapa--banner\"\n\t\t\t\t\tsrc=\"\"\n\t\t\t\t\tdata-promo-id=\"95802\"\t\t\t\t\t\t\t\t\t\t\t\t\t\t\talt=\"\"\n\t\t\t\t>\n\t\t\t<\/picture>\n\t\t<\/a>\n\t<\/p>\n\n\n<\/div>\n<\/div>\n<div class=\"page\" data-page-number=\"2\" data-loaded=\"true\">\n<div class=\"textLayer\">\n<div><span style=\"font-weight: 400;\">suno_lead_capture form_name=&#8221;cadastro-noticias_organico&#8221; lead_magnet=&#8221;cadastro-noticias&#8221; tags=&#8221;3197 &#8211; Enviar&#8221;]\u00a0<\/span><\/div>\n<\/div>\n<\/div>\n<h2>Via Varejo comprou outra empresa em outubro<\/h2>\n<div>No final de outubro, a Via Varejo\u00a0celebrou um acordo para comprar a totalidade das a\u00e7\u00f5es de emiss\u00e3o da I9XP Tecnologia e Participa\u00e7\u00f5es (I9XP).<\/div>\n<div><\/div>\n<div>A\u00a0<strong>I9XP<\/strong>\u00a0\u00e9 uma companhia de tecnologia, com sede em S\u00e3o Paulo. A empresa conta com 155 funcion\u00e1rios, sendo 120 desenvolvedores. Al\u00e9m disso, a empresa \u00e9 especializada em desenvolvimento de\u00a0<strong>solu\u00e7\u00f5es para e-commerce<\/strong>.<\/div>\n<div>\n<p><span style=\"font-weight: 400;\"><\/span><\/p>\n<\/div>\n<div>\u201cEssa mais nova aquisi\u00e7\u00e3o faz parte da estrat\u00e9gia de acelera\u00e7\u00e3o da transforma\u00e7\u00e3o digital da companhia, desta vez focando na evolu\u00e7\u00e3o de projetos especiais como\u00a0marketplace\u00a0e\u00a0log\u00edstica&#8221;, informou a <strong>Via Varejo<\/strong>.<\/div>\n<div><\/div>\n<div><span style=\"font-weight: 400;\">\t<p>\n\t\t<a href=\"https:\/\/lp.suno.com.br\/planilha-de-controle-de-investimentos\/\" target=\"_blank\" data-element=\"shortcode-suno-banner\" title=\"Banner SUNO, clique e saiba mais\">\n\t\t\t<picture>\n\t\t\t\t<source media=\"(max-width: 500px)\" srcset=\"https:\/\/files.sunoresearch.com.br\/n\/uploads\/2023\/03\/400x300-Controle-de-Investimentos.png\">\n\t\t\t\t<img class=\"newsContent__article__imgCapa newsContent__article__imgCapa--banner\"\n\t\t\t\t\tsrc=\"https:\/\/files.sunoresearch.com.br\/n\/uploads\/2023\/03\/1420x240-Controle-de-Investimentos.png\"\n\t\t\t\t\tdata-promo-id=\"75934\"\t\t\t\t\t\t\t\t\t\twidth='1420' height='240'\t\t\t\t\talt=\"https:\/\/files.sunoresearch.com.br\/n\/uploads\/2023\/03\/1420x240-Controle-de-Investimentos.png\"\n\t\t\t\t>\n\t\t\t<\/picture>\n\t\t<\/a>\n\t<\/p>\n\n<\/span><\/div>\n<div class=\"page\" data-page-number=\"3\" data-loaded=\"true\">\n<div class=\"textLayer\"><\/div>\n<\/div>\n","protected":false},"excerpt":{"rendered":"<p>A Via Varejo (VVAR3) informou a compra de participa\u00e7\u00e3o acion\u00e1ria de 16,67% do capital da Growth Partners Investimentos e Participa\u00e7\u00f5es, sociedade que det\u00e9m o controle da startup Distrito. Segundo fato relevante enviado \u00e0 Comiss\u00e3o de Valores Mobili\u00e1rios (CVM), o Distrito foi fundado em 2014 e \u00e9 um &#8220;hub de inova\u00e7\u00e3o&#8221; que conta com uma plataforma [&hellip;]<\/p>\n","protected":false},"author":60,"featured_media":35417,"comment_status":"closed","ping_status":"closed","sticky":false,"template":"","format":"standard","meta":[],"categories":[64],"tags":[708,106935],"suno_strategy":[],"class_list":["post-98525","post","type-post","status-publish","format-standard","has-post-thumbnail","hentry","category-negocios","tag-startups","tag-via-viia3"],"yoast_head":"<!-- This site is optimized with the Yoast SEO plugin v24.4 - https:\/\/yoast.com\/wordpress\/plugins\/seo\/ -->\n<title>Via Varejo (VVAR3) compra 16,67% da dona de startup Distrito<\/title>\n<meta name=\"description\" content=\"A Via Varejo (VVAR3) informou a compra de participa\u00e7\u00e3o de 16,67% do capital da sociedade que det\u00e9m o controle da startup Distrito. Leia aqui.\" \/>\n<meta name=\"robots\" content=\"index, follow, max-snippet:-1, max-image-preview:large, max-video-preview:-1\" \/>\n<link rel=\"canonical\" href=\"https:\/\/www.suno.com.br\/noticias\/via-varejo-vvar3-compra-dona-distrito\/\" \/>\n<meta property=\"og:locale\" content=\"pt_BR\" \/>\n<meta property=\"og:type\" content=\"article\" \/>\n<meta property=\"og:title\" content=\"Via Varejo (VVAR3) compra 16,67% da dona de startup Distrito\" \/>\n<meta property=\"og:description\" content=\"A Via Varejo (VVAR3) informou a compra de participa\u00e7\u00e3o de 16,67% do capital da sociedade que det\u00e9m o controle da startup Distrito. Leia aqui.\" \/>\n<meta property=\"og:url\" content=\"https:\/\/www.suno.com.br\/noticias\/via-varejo-vvar3-compra-dona-distrito\/\" \/>\n<meta property=\"og:site_name\" content=\"Suno Not\u00edcias\" \/>\n<meta property=\"article:publisher\" content=\"https:\/\/facebook.com\/sunoresearch\" \/>\n<meta property=\"og:image\" content=\"https:\/\/files.sunoresearch.com.br\/n\/uploads\/2019\/08\/7e325646-viavarejo.jpg\" \/>\n\t<meta property=\"og:image:width\" content=\"1280\" \/>\n\t<meta property=\"og:image:height\" content=\"720\" \/>\n\t<meta property=\"og:image:type\" content=\"image\/jpeg\" \/>\n<meta name=\"author\" content=\"Natalia G\u00f3mez\" \/>\n<meta name=\"twitter:card\" content=\"summary_large_image\" \/>\n<meta name=\"twitter:creator\" content=\"@sunoresearch\" \/>\n<meta name=\"twitter:site\" content=\"@sunoresearch\" \/>\n<meta name=\"twitter:label1\" content=\"Escrito por\" \/>\n\t<meta name=\"twitter:data1\" content=\"Natalia G\u00f3mez\" \/>\n\t<meta name=\"twitter:label2\" content=\"Est. tempo de leitura\" \/>\n\t<meta name=\"twitter:data2\" content=\"2 minutos\" \/>\n<script type=\"application\/ld+json\" class=\"yoast-schema-graph\">{\"@context\":\"https:\/\/schema.org\",\"@graph\":[{\"@type\":\"NewsArticle\",\"@id\":\"https:\/\/www.suno.com.br\/noticias\/via-varejo-vvar3-compra-dona-distrito\/#article\",\"isPartOf\":{\"@id\":\"https:\/\/www.suno.com.br\/noticias\/via-varejo-vvar3-compra-dona-distrito\/\"},\"author\":{\"name\":\"Natalia G\u00f3mez\",\"@id\":\"https:\/\/www.suno.com.br\/noticias\/#\/schema\/person\/1b24d67c140a42e864ef414497edb164\"},\"headline\":\"Via Varejo (VVAR3) compra 16,67% da dona de startup Distrito\",\"datePublished\":\"2020-11-09T12:19:23+00:00\",\"dateModified\":\"2021-05-11T23:36:46+00:00\",\"mainEntityOfPage\":{\"@id\":\"https:\/\/www.suno.com.br\/noticias\/via-varejo-vvar3-compra-dona-distrito\/\"},\"wordCount\":392,\"publisher\":{\"@id\":\"https:\/\/www.suno.com.br\/noticias\/#organization\"},\"image\":{\"@id\":\"https:\/\/www.suno.com.br\/noticias\/via-varejo-vvar3-compra-dona-distrito\/#primaryimage\"},\"thumbnailUrl\":\"https:\/\/files.sunoresearch.com.br\/n\/uploads\/2019\/08\/7e325646-viavarejo-jpg.webp\",\"keywords\":[\"startups\",\"Via (VIIA3)\"],\"articleSection\":[\"Neg\u00f3cios\"],\"inLanguage\":\"pt-BR\"},{\"@type\":\"WebPage\",\"@id\":\"https:\/\/www.suno.com.br\/noticias\/via-varejo-vvar3-compra-dona-distrito\/\",\"url\":\"https:\/\/www.suno.com.br\/noticias\/via-varejo-vvar3-compra-dona-distrito\/\",\"name\":\"Via Varejo (VVAR3) compra 16,67% da dona de startup Distrito\",\"isPartOf\":{\"@id\":\"https:\/\/www.suno.com.br\/noticias\/#website\"},\"primaryImageOfPage\":{\"@id\":\"https:\/\/www.suno.com.br\/noticias\/via-varejo-vvar3-compra-dona-distrito\/#primaryimage\"},\"image\":{\"@id\":\"https:\/\/www.suno.com.br\/noticias\/via-varejo-vvar3-compra-dona-distrito\/#primaryimage\"},\"thumbnailUrl\":\"https:\/\/files.sunoresearch.com.br\/n\/uploads\/2019\/08\/7e325646-viavarejo-jpg.webp\",\"datePublished\":\"2020-11-09T12:19:23+00:00\",\"dateModified\":\"2021-05-11T23:36:46+00:00\",\"description\":\"A Via Varejo (VVAR3) informou a compra de participa\u00e7\u00e3o de 16,67% do capital da sociedade que det\u00e9m o controle da startup Distrito. Leia aqui.\",\"breadcrumb\":{\"@id\":\"https:\/\/www.suno.com.br\/noticias\/via-varejo-vvar3-compra-dona-distrito\/#breadcrumb\"},\"inLanguage\":\"pt-BR\",\"potentialAction\":[{\"@type\":\"ReadAction\",\"target\":[\"https:\/\/www.suno.com.br\/noticias\/via-varejo-vvar3-compra-dona-distrito\/\"]}]},{\"@type\":\"ImageObject\",\"inLanguage\":\"pt-BR\",\"@id\":\"https:\/\/www.suno.com.br\/noticias\/via-varejo-vvar3-compra-dona-distrito\/#primaryimage\",\"url\":\"https:\/\/files.sunoresearch.com.br\/n\/uploads\/2019\/08\/7e325646-viavarejo-jpg.webp\",\"contentUrl\":\"https:\/\/files.sunoresearch.com.br\/n\/uploads\/2019\/08\/7e325646-viavarejo-jpg.webp\",\"width\":1280,\"height\":720,\"caption\":\"Via Varejo (VVAR3)\"},{\"@type\":\"BreadcrumbList\",\"@id\":\"https:\/\/www.suno.com.br\/noticias\/via-varejo-vvar3-compra-dona-distrito\/#breadcrumb\",\"itemListElement\":[{\"@type\":\"ListItem\",\"position\":1,\"name\":\"Not\u00edcias\",\"item\":\"https:\/\/www.suno.com.br\/noticias\/\"},{\"@type\":\"ListItem\",\"position\":2,\"name\":\"Neg\u00f3cios\",\"item\":\"https:\/\/www.suno.com.br\/noticias\/negocios\/\"},{\"@type\":\"ListItem\",\"position\":3,\"name\":\"Via Varejo (VVAR3) compra 16,67% da dona de startup Distrito\"}]},{\"@type\":\"WebSite\",\"@id\":\"https:\/\/www.suno.com.br\/noticias\/#website\",\"url\":\"https:\/\/www.suno.com.br\/noticias\/\",\"name\":\"Suno Not\u00edcias\",\"description\":\"Seu portal de informa\u00e7\u00e3o sobre o mundo dos investimentos\",\"publisher\":{\"@id\":\"https:\/\/www.suno.com.br\/noticias\/#organization\"},\"potentialAction\":[{\"@type\":\"SearchAction\",\"target\":{\"@type\":\"EntryPoint\",\"urlTemplate\":\"https:\/\/www.suno.com.br\/noticias\/?s={search_term_string}\"},\"query-input\":{\"@type\":\"PropertyValueSpecification\",\"valueRequired\":true,\"valueName\":\"search_term_string\"}}],\"inLanguage\":\"pt-BR\"},{\"@type\":\"Organization\",\"@id\":\"https:\/\/www.suno.com.br\/noticias\/#organization\",\"name\":\"Suno Not\u00edcias\",\"url\":\"https:\/\/www.suno.com.br\/noticias\/\",\"logo\":{\"@type\":\"ImageObject\",\"inLanguage\":\"pt-BR\",\"@id\":\"https:\/\/www.suno.com.br\/noticias\/#\/schema\/logo\/image\/\",\"url\":\"https:\/\/files.sunoresearch.com.br\/n\/uploads\/2021\/09\/suno-logo.png\",\"contentUrl\":\"https:\/\/files.sunoresearch.com.br\/n\/uploads\/2021\/09\/suno-logo.png\",\"width\":180,\"height\":180,\"caption\":\"Suno Not\u00edcias\"},\"image\":{\"@id\":\"https:\/\/www.suno.com.br\/noticias\/#\/schema\/logo\/image\/\"},\"sameAs\":[\"https:\/\/facebook.com\/sunoresearch\",\"https:\/\/x.com\/sunoresearch\",\"https:\/\/www.instagram.com\/suno\",\"https:\/\/www.linkedin.com\/company\/suno-research\/\",\"https:\/\/www.youtube.com\/c\/sunoresearch\"]},{\"@type\":\"Person\",\"@id\":\"https:\/\/www.suno.com.br\/noticias\/#\/schema\/person\/1b24d67c140a42e864ef414497edb164\",\"name\":\"Natalia G\u00f3mez\",\"image\":{\"@type\":\"ImageObject\",\"inLanguage\":\"pt-BR\",\"@id\":\"https:\/\/www.suno.com.br\/noticias\/#\/schema\/person\/image\/\",\"url\":\"https:\/\/secure.gravatar.com\/avatar\/9e957e0b2b485c2d42c3f4145c16d940?s=96&r=g\",\"contentUrl\":\"https:\/\/secure.gravatar.com\/avatar\/9e957e0b2b485c2d42c3f4145c16d940?s=96&r=g\",\"caption\":\"Natalia G\u00f3mez\"},\"description\":\"Editora do Suno Not\u00edcias desde outubro de 2020, \u00e9 jornalista formada pela PUC-SP, com p\u00f3s-gradua\u00e7\u00e3o em jornalismo liter\u00e1rio. Atua no mercado financeiro desde 2003, quando iniciou a carreira no jornal econ\u00f4mico DCI, cobrindo o setor de alimentos no caderno de Ind\u00fastria. Foi trainee do jornal Valor Econ\u00f4mico, onde atuou no Caderno de Empresas por quase tr\u00eas anos. L\u00e1, cobriu o setor de ind\u00fastria, com foco em siderurgia, embalagens e aeroespacial. Fez coberturas setoriais em viagens para S\u00e3o Jos\u00e9 dos Campos e Franca (SP), al\u00e9m de coberturas internacionais na Alemanha e na Su\u00e9cia. Trabalhou por cinco anos na Ag\u00eancia Estado\/Broadcast, do Grupo Estado, onde foi rep\u00f3rter dos setores de minera\u00e7\u00e3o e siderurgia, alimentos e bebidas e finan\u00e7as. Foi premiada como o pr\u00eamio Destaque de Reportagem da AE em 2007 e 2008. Al\u00e9m de atuar no servi\u00e7o de not\u00edcias em tempo real, fez participa\u00e7\u00f5es no caderno de Economia do jornal Estado de S.Paulo e na R\u00e1dio Eldorado. Ainda no Grupo Estado, foi editora assistente da editoria Empresas e Setores, atuando com edi\u00e7\u00e3o e pauta, al\u00e9m de cobrir mercados diariamente com o cen\u00e1rio de bolsa e fazer reportagens especiais com foco em governan\u00e7a corporativa. Trabalhou tamb\u00e9m como correspondente de finan\u00e7as no servi\u00e7o da Thomson Reuters em portugu\u00eas por quase um ano. Atuou por cerca de oito anos como jornalista independente, contribuindo para ve\u00edculos como UOL Economia, Infomoney e Revista Voc\u00ea SA, al\u00e9m de ter trabalhado em projetos na \u00e1rea de conte\u00fado e comunica\u00e7\u00e3o de institui\u00e7\u00f5es financeiras como Anbima, Banco BS2, Banco Pine, Ita\u00fa BBA e EQI.\",\"url\":\"https:\/\/www.suno.com.br\/noticias\/author\/natalia-gomez\/\"}]}<\/script>\n<!-- \/ Yoast SEO plugin. -->","yoast_head_json":{"title":"Via Varejo (VVAR3) compra 16,67% da dona de startup Distrito","description":"A Via Varejo (VVAR3) informou a compra de participa\u00e7\u00e3o de 16,67% do capital da sociedade que det\u00e9m o controle da startup Distrito. Leia aqui.","robots":{"index":"index","follow":"follow","max-snippet":"max-snippet:-1","max-image-preview":"max-image-preview:large","max-video-preview":"max-video-preview:-1"},"canonical":"https:\/\/www.suno.com.br\/noticias\/via-varejo-vvar3-compra-dona-distrito\/","og_locale":"pt_BR","og_type":"article","og_title":"Via Varejo (VVAR3) compra 16,67% da dona de startup Distrito","og_description":"A Via Varejo (VVAR3) informou a compra de participa\u00e7\u00e3o de 16,67% do capital da sociedade que det\u00e9m o controle da startup Distrito. Leia aqui.","og_url":"https:\/\/www.suno.com.br\/noticias\/via-varejo-vvar3-compra-dona-distrito\/","og_site_name":"Suno Not\u00edcias","article_publisher":"https:\/\/facebook.com\/sunoresearch","og_image":[{"width":1280,"height":720,"url":"https:\/\/files.sunoresearch.com.br\/n\/uploads\/2019\/08\/7e325646-viavarejo.jpg","type":"image\/jpeg"}],"author":"Natalia G\u00f3mez","twitter_card":"summary_large_image","twitter_creator":"@sunoresearch","twitter_site":"@sunoresearch","twitter_misc":{"Escrito por":"Natalia G\u00f3mez","Est. tempo de leitura":"2 minutos"},"schema":{"@context":"https:\/\/schema.org","@graph":[{"@type":"NewsArticle","@id":"https:\/\/www.suno.com.br\/noticias\/via-varejo-vvar3-compra-dona-distrito\/#article","isPartOf":{"@id":"https:\/\/www.suno.com.br\/noticias\/via-varejo-vvar3-compra-dona-distrito\/"},"author":{"name":"Natalia G\u00f3mez","@id":"https:\/\/www.suno.com.br\/noticias\/#\/schema\/person\/1b24d67c140a42e864ef414497edb164"},"headline":"Via Varejo (VVAR3) compra 16,67% da dona de startup Distrito","datePublished":"2020-11-09T12:19:23+00:00","dateModified":"2021-05-11T23:36:46+00:00","mainEntityOfPage":{"@id":"https:\/\/www.suno.com.br\/noticias\/via-varejo-vvar3-compra-dona-distrito\/"},"wordCount":392,"publisher":{"@id":"https:\/\/www.suno.com.br\/noticias\/#organization"},"image":{"@id":"https:\/\/www.suno.com.br\/noticias\/via-varejo-vvar3-compra-dona-distrito\/#primaryimage"},"thumbnailUrl":"https:\/\/files.sunoresearch.com.br\/n\/uploads\/2019\/08\/7e325646-viavarejo-jpg.webp","keywords":["startups","Via (VIIA3)"],"articleSection":["Neg\u00f3cios"],"inLanguage":"pt-BR"},{"@type":"WebPage","@id":"https:\/\/www.suno.com.br\/noticias\/via-varejo-vvar3-compra-dona-distrito\/","url":"https:\/\/www.suno.com.br\/noticias\/via-varejo-vvar3-compra-dona-distrito\/","name":"Via Varejo (VVAR3) compra 16,67% da dona de startup Distrito","isPartOf":{"@id":"https:\/\/www.suno.com.br\/noticias\/#website"},"primaryImageOfPage":{"@id":"https:\/\/www.suno.com.br\/noticias\/via-varejo-vvar3-compra-dona-distrito\/#primaryimage"},"image":{"@id":"https:\/\/www.suno.com.br\/noticias\/via-varejo-vvar3-compra-dona-distrito\/#primaryimage"},"thumbnailUrl":"https:\/\/files.sunoresearch.com.br\/n\/uploads\/2019\/08\/7e325646-viavarejo-jpg.webp","datePublished":"2020-11-09T12:19:23+00:00","dateModified":"2021-05-11T23:36:46+00:00","description":"A Via Varejo (VVAR3) informou a compra de participa\u00e7\u00e3o de 16,67% do capital da sociedade que det\u00e9m o controle da startup Distrito. Leia aqui.","breadcrumb":{"@id":"https:\/\/www.suno.com.br\/noticias\/via-varejo-vvar3-compra-dona-distrito\/#breadcrumb"},"inLanguage":"pt-BR","potentialAction":[{"@type":"ReadAction","target":["https:\/\/www.suno.com.br\/noticias\/via-varejo-vvar3-compra-dona-distrito\/"]}]},{"@type":"ImageObject","inLanguage":"pt-BR","@id":"https:\/\/www.suno.com.br\/noticias\/via-varejo-vvar3-compra-dona-distrito\/#primaryimage","url":"https:\/\/files.sunoresearch.com.br\/n\/uploads\/2019\/08\/7e325646-viavarejo-jpg.webp","contentUrl":"https:\/\/files.sunoresearch.com.br\/n\/uploads\/2019\/08\/7e325646-viavarejo-jpg.webp","width":1280,"height":720,"caption":"Via Varejo (VVAR3)"},{"@type":"BreadcrumbList","@id":"https:\/\/www.suno.com.br\/noticias\/via-varejo-vvar3-compra-dona-distrito\/#breadcrumb","itemListElement":[{"@type":"ListItem","position":1,"name":"Not\u00edcias","item":"https:\/\/www.suno.com.br\/noticias\/"},{"@type":"ListItem","position":2,"name":"Neg\u00f3cios","item":"https:\/\/www.suno.com.br\/noticias\/negocios\/"},{"@type":"ListItem","position":3,"name":"Via Varejo (VVAR3) compra 16,67% da dona de startup Distrito"}]},{"@type":"WebSite","@id":"https:\/\/www.suno.com.br\/noticias\/#website","url":"https:\/\/www.suno.com.br\/noticias\/","name":"Suno Not\u00edcias","description":"Seu portal de informa\u00e7\u00e3o sobre o mundo dos investimentos","publisher":{"@id":"https:\/\/www.suno.com.br\/noticias\/#organization"},"potentialAction":[{"@type":"SearchAction","target":{"@type":"EntryPoint","urlTemplate":"https:\/\/www.suno.com.br\/noticias\/?s={search_term_string}"},"query-input":{"@type":"PropertyValueSpecification","valueRequired":true,"valueName":"search_term_string"}}],"inLanguage":"pt-BR"},{"@type":"Organization","@id":"https:\/\/www.suno.com.br\/noticias\/#organization","name":"Suno Not\u00edcias","url":"https:\/\/www.suno.com.br\/noticias\/","logo":{"@type":"ImageObject","inLanguage":"pt-BR","@id":"https:\/\/www.suno.com.br\/noticias\/#\/schema\/logo\/image\/","url":"https:\/\/files.sunoresearch.com.br\/n\/uploads\/2021\/09\/suno-logo.png","contentUrl":"https:\/\/files.sunoresearch.com.br\/n\/uploads\/2021\/09\/suno-logo.png","width":180,"height":180,"caption":"Suno Not\u00edcias"},"image":{"@id":"https:\/\/www.suno.com.br\/noticias\/#\/schema\/logo\/image\/"},"sameAs":["https:\/\/facebook.com\/sunoresearch","https:\/\/x.com\/sunoresearch","https:\/\/www.instagram.com\/suno","https:\/\/www.linkedin.com\/company\/suno-research\/","https:\/\/www.youtube.com\/c\/sunoresearch"]},{"@type":"Person","@id":"https:\/\/www.suno.com.br\/noticias\/#\/schema\/person\/1b24d67c140a42e864ef414497edb164","name":"Natalia G\u00f3mez","image":{"@type":"ImageObject","inLanguage":"pt-BR","@id":"https:\/\/www.suno.com.br\/noticias\/#\/schema\/person\/image\/","url":"https:\/\/secure.gravatar.com\/avatar\/9e957e0b2b485c2d42c3f4145c16d940?s=96&r=g","contentUrl":"https:\/\/secure.gravatar.com\/avatar\/9e957e0b2b485c2d42c3f4145c16d940?s=96&r=g","caption":"Natalia G\u00f3mez"},"description":"Editora do Suno Not\u00edcias desde outubro de 2020, \u00e9 jornalista formada pela PUC-SP, com p\u00f3s-gradua\u00e7\u00e3o em jornalismo liter\u00e1rio. Atua no mercado financeiro desde 2003, quando iniciou a carreira no jornal econ\u00f4mico DCI, cobrindo o setor de alimentos no caderno de Ind\u00fastria. Foi trainee do jornal Valor Econ\u00f4mico, onde atuou no Caderno de Empresas por quase tr\u00eas anos. L\u00e1, cobriu o setor de ind\u00fastria, com foco em siderurgia, embalagens e aeroespacial. Fez coberturas setoriais em viagens para S\u00e3o Jos\u00e9 dos Campos e Franca (SP), al\u00e9m de coberturas internacionais na Alemanha e na Su\u00e9cia. Trabalhou por cinco anos na Ag\u00eancia Estado\/Broadcast, do Grupo Estado, onde foi rep\u00f3rter dos setores de minera\u00e7\u00e3o e siderurgia, alimentos e bebidas e finan\u00e7as. Foi premiada como o pr\u00eamio Destaque de Reportagem da AE em 2007 e 2008. Al\u00e9m de atuar no servi\u00e7o de not\u00edcias em tempo real, fez participa\u00e7\u00f5es no caderno de Economia do jornal Estado de S.Paulo e na R\u00e1dio Eldorado. Ainda no Grupo Estado, foi editora assistente da editoria Empresas e Setores, atuando com edi\u00e7\u00e3o e pauta, al\u00e9m de cobrir mercados diariamente com o cen\u00e1rio de bolsa e fazer reportagens especiais com foco em governan\u00e7a corporativa. Trabalhou tamb\u00e9m como correspondente de finan\u00e7as no servi\u00e7o da Thomson Reuters em portugu\u00eas por quase um ano. Atuou por cerca de oito anos como jornalista independente, contribuindo para ve\u00edculos como UOL Economia, Infomoney e Revista Voc\u00ea SA, al\u00e9m de ter trabalhado em projetos na \u00e1rea de conte\u00fado e comunica\u00e7\u00e3o de institui\u00e7\u00f5es financeiras como Anbima, Banco BS2, Banco Pine, Ita\u00fa BBA e EQI.","url":"https:\/\/www.suno.com.br\/noticias\/author\/natalia-gomez\/"}]}},"default_loop_html":"<div class=\"cardsPage__listCard__boxs\"><div class=\"cardsPage__listCard__boxs__img\"><a href=\"https:\/\/www.suno.com.br\/noticias\/via-varejo-vvar3-compra-dona-distrito\/\"><img class=\"mask\" src=\"https:\/\/www.suno.com.br\/noticias\/wp-content\/themes\/suno\/resources\/images\/spotlight\/spotlight1img\/bg-mask.png\" alt=\"Image Mask\"\/><img src=\"https:\/\/files.sunoresearch.com.br\/n\/uploads\/2019\/08\/7e325646-viavarejo-400x200.webp\" alt=\"Via Varejo (VVAR3) compra 16,67% da dona de startup Distrito\"\/><\/a><span class=\"spotlightCategory\"><a href=\"https:\/\/www.suno.com.br\/noticias\/negocios\/\">Neg\u00f3cios<\/a><\/span><\/div><div class=\"cardsPage__listCard__boxs__content\"><a href=\"https:\/\/www.suno.com.br\/noticias\/via-varejo-vvar3-compra-dona-distrito\/\"><h2 class=\"content__title\">Via Varejo (VVAR3) compra 16,67% da dona de startup Distrito<\/h2><\/a><div class=\"newsContent__article__meta\"><div class=\"newsContent__article__meta__authorBox\"><a href=\"https:\/\/www.suno.com.br\/noticias\/author\/natalia-gomez\/\" class=\"authorBox__avatar noMobi\"><img src=\"https:\/\/secure.gravatar.com\/avatar\/9e957e0b2b485c2d42c3f4145c16d940?s=96&#038;r=g\" alt=\"Natalia G\u00f3mez\"><\/a><div class=\"authorBox__name\"><span>por\n\t\t\t<a href=\"https:\/\/www.suno.com.br\/noticias\/author\/natalia-gomez\/\"><span itemprop=\"author\">Natalia G\u00f3mez<\/span><\/a><\/span><time datetime=\"2020-11-09T09:19:23-03:00\" itemprop=\"datePublished\">09\/11\/2020 09:19<\/time><\/div><\/div><\/div><\/div><\/div>","single_layout":"posts","amp_enabled":true,"_links":{"self":[{"href":"https:\/\/www.suno.com.br\/noticias\/wp-json\/wp\/v2\/posts\/98525"}],"collection":[{"href":"https:\/\/www.suno.com.br\/noticias\/wp-json\/wp\/v2\/posts"}],"about":[{"href":"https:\/\/www.suno.com.br\/noticias\/wp-json\/wp\/v2\/types\/post"}],"author":[{"embeddable":true,"href":"https:\/\/www.suno.com.br\/noticias\/wp-json\/wp\/v2\/users\/60"}],"replies":[{"embeddable":true,"href":"https:\/\/www.suno.com.br\/noticias\/wp-json\/wp\/v2\/comments?post=98525"}],"version-history":[{"count":1,"href":"https:\/\/www.suno.com.br\/noticias\/wp-json\/wp\/v2\/posts\/98525\/revisions"}],"predecessor-version":[{"id":147255,"href":"https:\/\/www.suno.com.br\/noticias\/wp-json\/wp\/v2\/posts\/98525\/revisions\/147255"}],"wp:featuredmedia":[{"embeddable":true,"href":"https:\/\/www.suno.com.br\/noticias\/wp-json\/wp\/v2\/media\/35417"}],"wp:attachment":[{"href":"https:\/\/www.suno.com.br\/noticias\/wp-json\/wp\/v2\/media?parent=98525"}],"wp:term":[{"taxonomy":"category","embeddable":true,"href":"https:\/\/www.suno.com.br\/noticias\/wp-json\/wp\/v2\/categories?post=98525"},{"taxonomy":"post_tag","embeddable":true,"href":"https:\/\/www.suno.com.br\/noticias\/wp-json\/wp\/v2\/tags?post=98525"},{"taxonomy":"suno_strategy","embeddable":true,"href":"https:\/\/www.suno.com.br\/noticias\/wp-json\/wp\/v2\/suno_strategy?post=98525"}],"curies":[{"name":"wp","href":"https:\/\/api.w.org\/{rel}","templated":true}]}}