{"id":98514,"date":"2020-11-09T09:19:07","date_gmt":"2020-11-09T12:19:07","guid":{"rendered":"https:\/\/www.suno.com.br\/noticias\/?p=98514"},"modified":"2021-06-13T23:29:55","modified_gmt":"2021-06-14T02:29:55","slug":"bolsas-mundiais-ny-europa-asia-09112020","status":"publish","type":"post","link":"https:\/\/www.suno.com.br\/noticias\/bolsas-mundiais-ny-europa-asia-09112020\/","title":{"rendered":"Bolsas mundiais disparam em primeiro preg\u00e3o ap\u00f3s vit\u00f3ria de Biden; S&#038;P sobe 3,7%"},"content":{"rendered":"<p>As <strong>bolsas mundiais<\/strong> operam em forte alta nesta segunda-feira (9), no primeiro dia de negocia\u00e7\u00f5es ap\u00f3s a vit\u00f3ria de Joe Biden nas elei\u00e7\u00f5es presidenciais nos Estados Unidos. Os mercados de todo o mundo j\u00e1 haviam acenado \u00e0 vit\u00f3ria do democrata na \u00faltima semana, a mais positiva desde abril.<\/p>\t<div class=\"wrapper-featured-image\">\n\t\t<figure class=\"spotlightImg\">\n\n\t\t\t<picture>\n\t\t\t\t<source media=\"(max-width: 768px)\" srcset=\"https:\/\/files.sunoresearch.com.br\/n\/uploads\/2018\/08\/cdb0797a-ibovespa-dolar-400x200.webp\">\n\t\t\t\t<img loading=\"lazy\" decoding=\"async\" class=\"newsContent__article__imgCapa lazyloadDisabled \" src=\"https:\/\/files.sunoresearch.com.br\/n\/uploads\/2018\/08\/cdb0797a-ibovespa-dolar-800x450.webp\" width=\"800\" height=\"450\" alt=\"Bolsas mundiais disparam em primeiro preg\u00e3o ap\u00f3s vit\u00f3ria de Biden; S&#038;P sobe 3,7%\" fetchpriority=high \/>\n\t\t\t<\/picture>\n\n\t\t\t<figcaption class=\"wp-caption-text wp-caption-text--show\">As bolsas mundiais operam em forte alta nesta segunda-feira (9), no primeiro dia de negocia\u00e7\u00f5es ap\u00f3s a vit\u00f3ria de Joe Biden.<\/figcaption>\n\t\t<\/figure>\n\t<\/div>\n\n\n\t<p>\n\t\t<a href=\"\" target=\"_blank\" data-element=\"shortcode-suno-banner\" title=\"Banner SUNO, clique e saiba mais\">\n\t\t\t<picture>\n\t\t\t\t<source media=\"(max-width: 500px)\" srcset=\"\">\n\t\t\t\t<img class=\"newsContent__article__imgCapa newsContent__article__imgCapa--banner\"\n\t\t\t\t\tsrc=\"\"\n\t\t\t\t\tdata-promo-id=\"97204\"\t\t\t\t\t\t\t\t\t\t\t\t\t\t\talt=\"\"\n\t\t\t\t>\n\t\t\t<\/picture>\n\t\t<\/a>\n\t<\/p>\n\n\n<p>Os mercados futuros de Nova York, assim como a maior parte das bolsas mundiais, operam no azul. Por volta das 9h, o <a href=\"https:\/\/www.suno.com.br\/artigos\/sp-500\/\"><strong>S&amp;P 500<\/strong><\/a> futuro avan\u00e7ava 3,77%, para 3.629,25 pontos, enquanto os futuros de Dow Jones subiam 4,63%, para 29.515,0 pontos. O \u00edndice da <a href=\"https:\/\/www.suno.com.br\/artigos\/nasdaq\/\"><strong>Nasdaq<\/strong><\/a>, por sua vez, apresentavam uma alta de 1,50%, a 12.282,62 pontos.<\/p>\n<p>O \u00edndice das 500 maiores empresas dos Estados Unidos encerrou o mercado \u00e0 vista, na \u00faltima sexta-feira (6), a 3.509,44 pontos &#8212; os futuros mostram que a m\u00e1xima hist\u00f3rica pode ser rompida neste preg\u00e3o, assim como a Nasdaq.<\/p>\n<p><a href=\"https:\/\/lp.suno.com.br\/suno-one\/\">Suno One: acesse gratuitamente eBooks, Minicursos, Artigos e Video Aulas sobre investimentos com um \u00fanico cadastro. Clique para saber mais!<\/a><\/p>\n<p>O mercado estende o otimismo com a vit\u00f3ria de Biden sobre o presidente <strong>Donald Trump<\/strong>, que buscava se reeleger na presid\u00eancia norte-americana. A vit\u00f3ria do democrata foi confirmada, na tarde do \u00faltimo s\u00e1bado (7), ap\u00f3s ag\u00eancias e ve\u00edculos de imprensa declararem que ele conquistou os 20 votos eleitorais da <strong>Pensilv\u00e2nia<\/strong>.<\/p>\n<p>Pela caracter\u00edstica dos votos que ainda precisam ser contabilizados &#8212; de \u00e1reas controladas pelos democratas e enviados pelo correio &#8212; o ex-vice-presidente n\u00e3o pode mais ser alcan\u00e7ado por Trump, de acordo com as proje\u00e7\u00f5es. \u00c9 matematicamente imposs\u00edvel que Trump seja reeleito sem vencer na Pensilv\u00e2nia, necess\u00e1ria para que o mandat\u00e1rio atinja o m\u00ednimo de 270 votos no <strong>col\u00e9gio eleitoral<\/strong>.<\/p>\n<p>Trump, no entanto, salientou que n\u00e3o aceita a vit\u00f3ria de Biden. Em comunicado oficial divulgado por sua campanha, o mandat\u00e1rio disse que o processo eleitoral deste ano &#8220;est\u00e1 longe de acabar&#8221;. No \u00faltimo domingo (8), o mandat\u00e1rio <a href=\"https:\/\/www.suno.com.br\/noticias\/sem-provas-trump-fala-em-fraude-vitoria-biden\/\">voltou a dizer que a elei\u00e7\u00e3o &#8220;foi roubada&#8221; pelos democratas<\/a> &#8212; ainda n\u00e3o apresentando provas.<\/p>\n<p>A <strong>Europa<\/strong> tamb\u00e9m se mostra satisfeita com a vit\u00f3ria de Biden, com os mercados operando em forte alta. Os investidores imaginam que um governo liderado pelo democrata possa exercer uma pol\u00edtica externa mais previs\u00edvel e menos protecionista, al\u00e9m de investir menos esfor\u00e7os na aplica\u00e7\u00e3o de tarifas e nas tens\u00f5es comerciais contra a China na <strong>guerra comercial<\/strong>.<\/p>\n<p><span style=\"font-weight: 400;\">\u00a0<div class=\"hubspot-form-wrapper\">\n\t<div id=\"single-form-target\"><\/div>\n<\/div>\n<\/span><\/p>\n<p>Por volta das 9h10, o <a href=\"https:\/\/www.suno.com.br\/artigos\/dax-30\/\">DAX 30<\/a>, \u00edndice alem\u00e3o, operava com uma alta de 5,09%, a 13.115,45 pontos. O \u00edndice franc\u00eas, CAC 40, subia 6,09%, enquanto o brit\u00e2nico FTSE 100 avan\u00e7ava 4,38%.<\/p>\n<p>O FTSE MIB, \u00edndice italiano, operava com uma alta de 5,33%, a 20.731,50 pontos, ao passo que a Espanha apresentava um ganho de 8,12%. O <strong><a href=\"https:\/\/www.suno.com.br\/artigos\/euro-stoxx-50\/\">Euro Stoxx 50<\/a><\/strong>, maior \u00edndice acion\u00e1rio da zona do euro, subia 5,91%, para 3.209,55 pontos.<\/p>\n\n\t<div data-element=\"shortcode-read-more\" class=\"readToo\">\n\t\t\t\t<span class=\"readToo__title\">Veja tamb\u00e9m<\/span>\n\t\t\t\t<ul class=\"readToo__list\">\n\t\t\t<li><a href=\"https:\/\/www.suno.com.br\/noticias\/agenda-do-dia-resultados-enjoei-biden-09112020\/\">Agenda do Dia: resultados trimestrais, estreia da Enjoei e vit\u00f3ria de Biden<\/a><\/li><li><a href=\"https:\/\/www.suno.com.br\/noticias\/coronavirus-infeccoes-ultrapassam-50-milhoes\/\">Coronav\u00edrus: infec\u00e7\u00f5es ultrapassam 50 milh\u00f5es no mundo<\/a><\/li>\t\t<\/ul>\n\t<\/div>\n\n\n<p>No mercado de commodities, o <strong>ouro<\/strong> opera em queda de 2%, a US$ 1.913,40 on\u00e7as troy. O barril de <strong>petr\u00f3leo Brent<\/strong>, por sua vez, dispara 7,73%, para US$ 42,45.\u00a0 O \u00edndice do d\u00f3lar (DXY) permanece est\u00e1vel, com um avan\u00e7o de 0,07%, para US$ 92,30.<\/p>\n<p>Confira o desempenho das principais bolsas mundiais por volta das 9h12:<\/p>\n<ul>\n<li>S&amp;P 500 futuro: +3,61%<\/li>\n<li>Nasdaq futuro: +0,85%<\/li>\n<li>DAX 30: +5,74%<\/li>\n<li>FTSE 100: +5,19%<\/li>\n<li>Euro Stoxx 50: +6,52%<\/li>\n<li>SSE Composite: +1,86%<\/li>\n<li>Nikkei 225: +2,12%<\/li>\n<\/ul>\n<p>Os mercados futuros e <strong>bolsas mundiais<\/strong>, mesmo de olho no avan\u00e7o da pandemia do <a href=\"https:\/\/www.suno.com.br\/noticias\/?s=coronav%C3%ADrus\">novo coronav\u00edrus (Covid-19)<\/a>, continuam com a tend\u00eancia de alta ap\u00f3s a defini\u00e7\u00e3o das elei\u00e7\u00f5es nos Estados Unidos, evento que tradicionalmente traz forte volatilidade aos mercados.<\/p>\n\t<p>\n\t\t<a href=\"https:\/\/lp.suno.com.br\/planilha-de-controle-de-investimentos\/\" target=\"_blank\" data-element=\"shortcode-suno-banner\" title=\"Banner SUNO, clique e saiba mais\">\n\t\t\t<picture>\n\t\t\t\t<source media=\"(max-width: 500px)\" srcset=\"https:\/\/files.sunoresearch.com.br\/n\/uploads\/2023\/03\/400x300-Controle-de-Investimentos.png\">\n\t\t\t\t<img class=\"newsContent__article__imgCapa newsContent__article__imgCapa--banner\"\n\t\t\t\t\tsrc=\"https:\/\/files.sunoresearch.com.br\/n\/uploads\/2023\/03\/1420x240-Controle-de-Investimentos.png\"\n\t\t\t\t\tdata-promo-id=\"75934\"\t\t\t\t\t\t\t\t\t\twidth='1420' height='240'\t\t\t\t\talt=\"https:\/\/files.sunoresearch.com.br\/n\/uploads\/2023\/03\/1420x240-Controle-de-Investimentos.png\"\n\t\t\t\t>\n\t\t\t<\/picture>\n\t\t<\/a>\n\t<\/p>\n\n\n","protected":false},"excerpt":{"rendered":"<p>As bolsas mundiais operam em forte alta nesta segunda-feira (9), no primeiro dia de negocia\u00e7\u00f5es ap\u00f3s a vit\u00f3ria de Joe Biden nas elei\u00e7\u00f5es presidenciais nos Estados Unidos. Os mercados de todo o mundo j\u00e1 haviam acenado \u00e0 vit\u00f3ria do democrata na \u00faltima semana, a mais positiva desde abril. Covid-19. Foto: Unsplash Os mercados futuros de [&hellip;]<\/p>\n","protected":false},"author":24,"featured_media":2927,"comment_status":"closed","ping_status":"closed","sticky":false,"template":"","format":"standard","meta":[],"categories":[60],"tags":[104703,2487,724,104868,793,710,73481],"suno_strategy":[],"class_list":["post-98514","post","type-post","status-publish","format-standard","has-post-thumbnail","hentry","category-mercado","tag-bolsas-mundiais","tag-coronavirus","tag-donald-trump","tag-eleicoes-americanas","tag-estados-unidos-eua","tag-europa","tag-joe-biden"],"yoast_head":"<!-- This site is optimized with the Yoast SEO plugin v24.4 - https:\/\/yoast.com\/wordpress\/plugins\/seo\/ -->\n<title>Bolsas mundiais disparam em primeiro preg\u00e3o ap\u00f3s vit\u00f3ria de Biden<\/title>\n<meta name=\"description\" content=\"As bolsas mundiais operam em forte alta nesta segunda-feira (9), no primeiro dia de negocia\u00e7\u00f5es ap\u00f3s a vit\u00f3ria de Joe Biden. Saiba mais.\" \/>\n<meta name=\"robots\" content=\"index, follow, max-snippet:-1, max-image-preview:large, max-video-preview:-1\" \/>\n<link rel=\"canonical\" href=\"https:\/\/www.suno.com.br\/noticias\/bolsas-mundiais-ny-europa-asia-09112020\/\" \/>\n<meta property=\"og:locale\" content=\"pt_BR\" \/>\n<meta property=\"og:type\" content=\"article\" \/>\n<meta property=\"og:title\" content=\"Bolsas mundiais disparam em primeiro preg\u00e3o ap\u00f3s vit\u00f3ria de Biden\" \/>\n<meta property=\"og:description\" content=\"As bolsas mundiais operam em forte alta nesta segunda-feira (9), no primeiro dia de negocia\u00e7\u00f5es ap\u00f3s a vit\u00f3ria de Joe Biden. Saiba mais.\" \/>\n<meta property=\"og:url\" content=\"https:\/\/www.suno.com.br\/noticias\/bolsas-mundiais-ny-europa-asia-09112020\/\" \/>\n<meta property=\"og:site_name\" content=\"Suno Not\u00edcias\" \/>\n<meta property=\"article:publisher\" content=\"https:\/\/facebook.com\/sunoresearch\" \/>\n<meta property=\"og:image\" content=\"https:\/\/files.sunoresearch.com.br\/n\/uploads\/2018\/08\/cdb0797a-ibovespa-dolar.jpg\" \/>\n\t<meta property=\"og:image:width\" content=\"1920\" \/>\n\t<meta property=\"og:image:height\" content=\"1280\" \/>\n\t<meta property=\"og:image:type\" content=\"image\/jpeg\" \/>\n<meta name=\"author\" content=\"Jader Lazarini\" \/>\n<meta name=\"twitter:card\" content=\"summary_large_image\" \/>\n<meta name=\"twitter:creator\" content=\"@sunoresearch\" \/>\n<meta name=\"twitter:site\" content=\"@sunoresearch\" \/>\n<meta name=\"twitter:label1\" content=\"Escrito por\" \/>\n\t<meta name=\"twitter:data1\" content=\"Jader Lazarini\" \/>\n\t<meta name=\"twitter:label2\" content=\"Est. tempo de leitura\" \/>\n\t<meta name=\"twitter:data2\" content=\"3 minutos\" \/>\n<script type=\"application\/ld+json\" class=\"yoast-schema-graph\">{\"@context\":\"https:\/\/schema.org\",\"@graph\":[{\"@type\":\"NewsArticle\",\"@id\":\"https:\/\/www.suno.com.br\/noticias\/bolsas-mundiais-ny-europa-asia-09112020\/#article\",\"isPartOf\":{\"@id\":\"https:\/\/www.suno.com.br\/noticias\/bolsas-mundiais-ny-europa-asia-09112020\/\"},\"author\":{\"name\":\"Jader Lazarini\",\"@id\":\"https:\/\/www.suno.com.br\/noticias\/#\/schema\/person\/918d79de1f0281f01599b93f9ea6e23f\"},\"headline\":\"Bolsas mundiais disparam em primeiro preg\u00e3o ap\u00f3s vit\u00f3ria de Biden; S&#038;P sobe 3,7%\",\"datePublished\":\"2020-11-09T12:19:07+00:00\",\"dateModified\":\"2021-06-14T02:29:55+00:00\",\"mainEntityOfPage\":{\"@id\":\"https:\/\/www.suno.com.br\/noticias\/bolsas-mundiais-ny-europa-asia-09112020\/\"},\"wordCount\":623,\"publisher\":{\"@id\":\"https:\/\/www.suno.com.br\/noticias\/#organization\"},\"image\":{\"@id\":\"https:\/\/www.suno.com.br\/noticias\/bolsas-mundiais-ny-europa-asia-09112020\/#primaryimage\"},\"thumbnailUrl\":\"https:\/\/files.sunoresearch.com.br\/n\/uploads\/2018\/08\/cdb0797a-ibovespa-dolar-jpg.webp\",\"keywords\":[\"Bolsas mundiais\",\"coronav\u00edrus\",\"Donald Trump\",\"Elei\u00e7\u00f5es americanas\",\"Estados Unidos (EUA)\",\"Europa\",\"Joe Biden\"],\"articleSection\":[\"Mercado\"],\"inLanguage\":\"pt-BR\"},{\"@type\":\"WebPage\",\"@id\":\"https:\/\/www.suno.com.br\/noticias\/bolsas-mundiais-ny-europa-asia-09112020\/\",\"url\":\"https:\/\/www.suno.com.br\/noticias\/bolsas-mundiais-ny-europa-asia-09112020\/\",\"name\":\"Bolsas mundiais disparam em primeiro preg\u00e3o ap\u00f3s vit\u00f3ria de Biden\",\"isPartOf\":{\"@id\":\"https:\/\/www.suno.com.br\/noticias\/#website\"},\"primaryImageOfPage\":{\"@id\":\"https:\/\/www.suno.com.br\/noticias\/bolsas-mundiais-ny-europa-asia-09112020\/#primaryimage\"},\"image\":{\"@id\":\"https:\/\/www.suno.com.br\/noticias\/bolsas-mundiais-ny-europa-asia-09112020\/#primaryimage\"},\"thumbnailUrl\":\"https:\/\/files.sunoresearch.com.br\/n\/uploads\/2018\/08\/cdb0797a-ibovespa-dolar-jpg.webp\",\"datePublished\":\"2020-11-09T12:19:07+00:00\",\"dateModified\":\"2021-06-14T02:29:55+00:00\",\"description\":\"As bolsas mundiais operam em forte alta nesta segunda-feira (9), no primeiro dia de negocia\u00e7\u00f5es ap\u00f3s a vit\u00f3ria de Joe Biden. Saiba mais.\",\"breadcrumb\":{\"@id\":\"https:\/\/www.suno.com.br\/noticias\/bolsas-mundiais-ny-europa-asia-09112020\/#breadcrumb\"},\"inLanguage\":\"pt-BR\",\"potentialAction\":[{\"@type\":\"ReadAction\",\"target\":[\"https:\/\/www.suno.com.br\/noticias\/bolsas-mundiais-ny-europa-asia-09112020\/\"]}]},{\"@type\":\"ImageObject\",\"inLanguage\":\"pt-BR\",\"@id\":\"https:\/\/www.suno.com.br\/noticias\/bolsas-mundiais-ny-europa-asia-09112020\/#primaryimage\",\"url\":\"https:\/\/files.sunoresearch.com.br\/n\/uploads\/2018\/08\/cdb0797a-ibovespa-dolar-jpg.webp\",\"contentUrl\":\"https:\/\/files.sunoresearch.com.br\/n\/uploads\/2018\/08\/cdb0797a-ibovespa-dolar-jpg.webp\",\"width\":1920,\"height\":1280,\"caption\":\"As bolsas mundiais operam em forte alta nesta segunda-feira (9), no primeiro dia de negocia\u00e7\u00f5es ap\u00f3s a vit\u00f3ria de Joe Biden.\"},{\"@type\":\"BreadcrumbList\",\"@id\":\"https:\/\/www.suno.com.br\/noticias\/bolsas-mundiais-ny-europa-asia-09112020\/#breadcrumb\",\"itemListElement\":[{\"@type\":\"ListItem\",\"position\":1,\"name\":\"Not\u00edcias\",\"item\":\"https:\/\/www.suno.com.br\/noticias\/\"},{\"@type\":\"ListItem\",\"position\":2,\"name\":\"Mercado\",\"item\":\"https:\/\/www.suno.com.br\/noticias\/mercado\/\"},{\"@type\":\"ListItem\",\"position\":3,\"name\":\"Bolsas mundiais disparam em primeiro preg\u00e3o ap\u00f3s vit\u00f3ria de Biden; S&#038;P sobe 3,7%\"}]},{\"@type\":\"WebSite\",\"@id\":\"https:\/\/www.suno.com.br\/noticias\/#website\",\"url\":\"https:\/\/www.suno.com.br\/noticias\/\",\"name\":\"Suno Not\u00edcias\",\"description\":\"Seu portal de informa\u00e7\u00e3o sobre o mundo dos investimentos\",\"publisher\":{\"@id\":\"https:\/\/www.suno.com.br\/noticias\/#organization\"},\"potentialAction\":[{\"@type\":\"SearchAction\",\"target\":{\"@type\":\"EntryPoint\",\"urlTemplate\":\"https:\/\/www.suno.com.br\/noticias\/?s={search_term_string}\"},\"query-input\":{\"@type\":\"PropertyValueSpecification\",\"valueRequired\":true,\"valueName\":\"search_term_string\"}}],\"inLanguage\":\"pt-BR\"},{\"@type\":\"Organization\",\"@id\":\"https:\/\/www.suno.com.br\/noticias\/#organization\",\"name\":\"Suno Not\u00edcias\",\"url\":\"https:\/\/www.suno.com.br\/noticias\/\",\"logo\":{\"@type\":\"ImageObject\",\"inLanguage\":\"pt-BR\",\"@id\":\"https:\/\/www.suno.com.br\/noticias\/#\/schema\/logo\/image\/\",\"url\":\"https:\/\/files.sunoresearch.com.br\/n\/uploads\/2021\/09\/suno-logo.png\",\"contentUrl\":\"https:\/\/files.sunoresearch.com.br\/n\/uploads\/2021\/09\/suno-logo.png\",\"width\":180,\"height\":180,\"caption\":\"Suno Not\u00edcias\"},\"image\":{\"@id\":\"https:\/\/www.suno.com.br\/noticias\/#\/schema\/logo\/image\/\"},\"sameAs\":[\"https:\/\/facebook.com\/sunoresearch\",\"https:\/\/x.com\/sunoresearch\",\"https:\/\/www.instagram.com\/suno\",\"https:\/\/www.linkedin.com\/company\/suno-research\/\",\"https:\/\/www.youtube.com\/c\/sunoresearch\"]},{\"@type\":\"Person\",\"@id\":\"https:\/\/www.suno.com.br\/noticias\/#\/schema\/person\/918d79de1f0281f01599b93f9ea6e23f\",\"name\":\"Jader Lazarini\",\"image\":{\"@type\":\"ImageObject\",\"inLanguage\":\"pt-BR\",\"@id\":\"https:\/\/www.suno.com.br\/noticias\/#\/schema\/person\/image\/\",\"url\":\"https:\/\/secure.gravatar.com\/avatar\/3c1ad8caa51589841baeb923fcddea97?s=96&r=g\",\"contentUrl\":\"https:\/\/secure.gravatar.com\/avatar\/3c1ad8caa51589841baeb923fcddea97?s=96&r=g\",\"caption\":\"Jader Lazarini\"},\"description\":\"Jader Lazarini escreve sobre investimentos, finan\u00e7as, economia e neg\u00f3cios. \u00c9 bacharel em Rela\u00e7\u00f5es Internacionais e analista CNPI (2619).\",\"url\":\"https:\/\/www.suno.com.br\/noticias\/author\/jader-lazarini\/\"}]}<\/script>\n<!-- \/ Yoast SEO plugin. -->","yoast_head_json":{"title":"Bolsas mundiais disparam em primeiro preg\u00e3o ap\u00f3s vit\u00f3ria de Biden","description":"As bolsas mundiais operam em forte alta nesta segunda-feira (9), no primeiro dia de negocia\u00e7\u00f5es ap\u00f3s a vit\u00f3ria de Joe Biden. Saiba mais.","robots":{"index":"index","follow":"follow","max-snippet":"max-snippet:-1","max-image-preview":"max-image-preview:large","max-video-preview":"max-video-preview:-1"},"canonical":"https:\/\/www.suno.com.br\/noticias\/bolsas-mundiais-ny-europa-asia-09112020\/","og_locale":"pt_BR","og_type":"article","og_title":"Bolsas mundiais disparam em primeiro preg\u00e3o ap\u00f3s vit\u00f3ria de Biden","og_description":"As bolsas mundiais operam em forte alta nesta segunda-feira (9), no primeiro dia de negocia\u00e7\u00f5es ap\u00f3s a vit\u00f3ria de Joe Biden. Saiba mais.","og_url":"https:\/\/www.suno.com.br\/noticias\/bolsas-mundiais-ny-europa-asia-09112020\/","og_site_name":"Suno Not\u00edcias","article_publisher":"https:\/\/facebook.com\/sunoresearch","og_image":[{"width":1920,"height":1280,"url":"https:\/\/files.sunoresearch.com.br\/n\/uploads\/2018\/08\/cdb0797a-ibovespa-dolar.jpg","type":"image\/jpeg"}],"author":"Jader Lazarini","twitter_card":"summary_large_image","twitter_creator":"@sunoresearch","twitter_site":"@sunoresearch","twitter_misc":{"Escrito por":"Jader Lazarini","Est. tempo de leitura":"3 minutos"},"schema":{"@context":"https:\/\/schema.org","@graph":[{"@type":"NewsArticle","@id":"https:\/\/www.suno.com.br\/noticias\/bolsas-mundiais-ny-europa-asia-09112020\/#article","isPartOf":{"@id":"https:\/\/www.suno.com.br\/noticias\/bolsas-mundiais-ny-europa-asia-09112020\/"},"author":{"name":"Jader Lazarini","@id":"https:\/\/www.suno.com.br\/noticias\/#\/schema\/person\/918d79de1f0281f01599b93f9ea6e23f"},"headline":"Bolsas mundiais disparam em primeiro preg\u00e3o ap\u00f3s vit\u00f3ria de Biden; S&#038;P sobe 3,7%","datePublished":"2020-11-09T12:19:07+00:00","dateModified":"2021-06-14T02:29:55+00:00","mainEntityOfPage":{"@id":"https:\/\/www.suno.com.br\/noticias\/bolsas-mundiais-ny-europa-asia-09112020\/"},"wordCount":623,"publisher":{"@id":"https:\/\/www.suno.com.br\/noticias\/#organization"},"image":{"@id":"https:\/\/www.suno.com.br\/noticias\/bolsas-mundiais-ny-europa-asia-09112020\/#primaryimage"},"thumbnailUrl":"https:\/\/files.sunoresearch.com.br\/n\/uploads\/2018\/08\/cdb0797a-ibovespa-dolar-jpg.webp","keywords":["Bolsas mundiais","coronav\u00edrus","Donald Trump","Elei\u00e7\u00f5es americanas","Estados Unidos (EUA)","Europa","Joe Biden"],"articleSection":["Mercado"],"inLanguage":"pt-BR"},{"@type":"WebPage","@id":"https:\/\/www.suno.com.br\/noticias\/bolsas-mundiais-ny-europa-asia-09112020\/","url":"https:\/\/www.suno.com.br\/noticias\/bolsas-mundiais-ny-europa-asia-09112020\/","name":"Bolsas mundiais disparam em primeiro preg\u00e3o ap\u00f3s vit\u00f3ria de Biden","isPartOf":{"@id":"https:\/\/www.suno.com.br\/noticias\/#website"},"primaryImageOfPage":{"@id":"https:\/\/www.suno.com.br\/noticias\/bolsas-mundiais-ny-europa-asia-09112020\/#primaryimage"},"image":{"@id":"https:\/\/www.suno.com.br\/noticias\/bolsas-mundiais-ny-europa-asia-09112020\/#primaryimage"},"thumbnailUrl":"https:\/\/files.sunoresearch.com.br\/n\/uploads\/2018\/08\/cdb0797a-ibovespa-dolar-jpg.webp","datePublished":"2020-11-09T12:19:07+00:00","dateModified":"2021-06-14T02:29:55+00:00","description":"As bolsas mundiais operam em forte alta nesta segunda-feira (9), no primeiro dia de negocia\u00e7\u00f5es ap\u00f3s a vit\u00f3ria de Joe Biden. Saiba mais.","breadcrumb":{"@id":"https:\/\/www.suno.com.br\/noticias\/bolsas-mundiais-ny-europa-asia-09112020\/#breadcrumb"},"inLanguage":"pt-BR","potentialAction":[{"@type":"ReadAction","target":["https:\/\/www.suno.com.br\/noticias\/bolsas-mundiais-ny-europa-asia-09112020\/"]}]},{"@type":"ImageObject","inLanguage":"pt-BR","@id":"https:\/\/www.suno.com.br\/noticias\/bolsas-mundiais-ny-europa-asia-09112020\/#primaryimage","url":"https:\/\/files.sunoresearch.com.br\/n\/uploads\/2018\/08\/cdb0797a-ibovespa-dolar-jpg.webp","contentUrl":"https:\/\/files.sunoresearch.com.br\/n\/uploads\/2018\/08\/cdb0797a-ibovespa-dolar-jpg.webp","width":1920,"height":1280,"caption":"As bolsas mundiais operam em forte alta nesta segunda-feira (9), no primeiro dia de negocia\u00e7\u00f5es ap\u00f3s a vit\u00f3ria de Joe Biden."},{"@type":"BreadcrumbList","@id":"https:\/\/www.suno.com.br\/noticias\/bolsas-mundiais-ny-europa-asia-09112020\/#breadcrumb","itemListElement":[{"@type":"ListItem","position":1,"name":"Not\u00edcias","item":"https:\/\/www.suno.com.br\/noticias\/"},{"@type":"ListItem","position":2,"name":"Mercado","item":"https:\/\/www.suno.com.br\/noticias\/mercado\/"},{"@type":"ListItem","position":3,"name":"Bolsas mundiais disparam em primeiro preg\u00e3o ap\u00f3s vit\u00f3ria de Biden; S&#038;P sobe 3,7%"}]},{"@type":"WebSite","@id":"https:\/\/www.suno.com.br\/noticias\/#website","url":"https:\/\/www.suno.com.br\/noticias\/","name":"Suno Not\u00edcias","description":"Seu portal de informa\u00e7\u00e3o sobre o mundo dos investimentos","publisher":{"@id":"https:\/\/www.suno.com.br\/noticias\/#organization"},"potentialAction":[{"@type":"SearchAction","target":{"@type":"EntryPoint","urlTemplate":"https:\/\/www.suno.com.br\/noticias\/?s={search_term_string}"},"query-input":{"@type":"PropertyValueSpecification","valueRequired":true,"valueName":"search_term_string"}}],"inLanguage":"pt-BR"},{"@type":"Organization","@id":"https:\/\/www.suno.com.br\/noticias\/#organization","name":"Suno Not\u00edcias","url":"https:\/\/www.suno.com.br\/noticias\/","logo":{"@type":"ImageObject","inLanguage":"pt-BR","@id":"https:\/\/www.suno.com.br\/noticias\/#\/schema\/logo\/image\/","url":"https:\/\/files.sunoresearch.com.br\/n\/uploads\/2021\/09\/suno-logo.png","contentUrl":"https:\/\/files.sunoresearch.com.br\/n\/uploads\/2021\/09\/suno-logo.png","width":180,"height":180,"caption":"Suno Not\u00edcias"},"image":{"@id":"https:\/\/www.suno.com.br\/noticias\/#\/schema\/logo\/image\/"},"sameAs":["https:\/\/facebook.com\/sunoresearch","https:\/\/x.com\/sunoresearch","https:\/\/www.instagram.com\/suno","https:\/\/www.linkedin.com\/company\/suno-research\/","https:\/\/www.youtube.com\/c\/sunoresearch"]},{"@type":"Person","@id":"https:\/\/www.suno.com.br\/noticias\/#\/schema\/person\/918d79de1f0281f01599b93f9ea6e23f","name":"Jader Lazarini","image":{"@type":"ImageObject","inLanguage":"pt-BR","@id":"https:\/\/www.suno.com.br\/noticias\/#\/schema\/person\/image\/","url":"https:\/\/secure.gravatar.com\/avatar\/3c1ad8caa51589841baeb923fcddea97?s=96&r=g","contentUrl":"https:\/\/secure.gravatar.com\/avatar\/3c1ad8caa51589841baeb923fcddea97?s=96&r=g","caption":"Jader Lazarini"},"description":"Jader Lazarini escreve sobre investimentos, finan\u00e7as, economia e neg\u00f3cios. \u00c9 bacharel em Rela\u00e7\u00f5es Internacionais e analista CNPI (2619).","url":"https:\/\/www.suno.com.br\/noticias\/author\/jader-lazarini\/"}]}},"default_loop_html":"<div class=\"cardsPage__listCard__boxs\"><div class=\"cardsPage__listCard__boxs__img\"><a href=\"https:\/\/www.suno.com.br\/noticias\/coronavirus-infeccoes-ultrapassam-50-milhoes\/\"><img class=\"mask\" src=\"https:\/\/www.suno.com.br\/noticias\/wp-content\/themes\/suno\/resources\/images\/spotlight\/spotlight1img\/bg-mask.png\" alt=\"Image Mask\"\/><img src=\"https:\/\/files.sunoresearch.com.br\/n\/uploads\/2020\/11\/389da440-shutterstock_ofh2ufq-400x200.webp\" alt=\"Coronav\u00edrus: infec\u00e7\u00f5es ultrapassam 50 milh\u00f5es no mundo\"\/><\/a><span class=\"spotlightCategory\"><a href=\"https:\/\/www.suno.com.br\/noticias\/internacional\/\">Internacional<\/a><\/span><\/div><div class=\"cardsPage__listCard__boxs__content\"><a href=\"https:\/\/www.suno.com.br\/noticias\/coronavirus-infeccoes-ultrapassam-50-milhoes\/\"><h2 class=\"content__title\">Coronav\u00edrus: infec\u00e7\u00f5es ultrapassam 50 milh\u00f5es no mundo<\/h2><\/a><div class=\"newsContent__article__meta\"><div class=\"newsContent__article__meta__authorBox\"><a href=\"https:\/\/www.suno.com.br\/noticias\/author\/jader-lazarini\/\" class=\"authorBox__avatar noMobi\"><img src=\"https:\/\/files.sunoresearch.com.br\/n\/uploads\/2021\/01\/178e6598-foto-perfil-2-150x150.jpg\" alt=\"Jader Lazarini\"><\/a><div class=\"authorBox__name\"><span>por\n\t\t\t<a href=\"https:\/\/www.suno.com.br\/noticias\/author\/jader-lazarini\/\"><span itemprop=\"author\">Jader Lazarini<\/span><\/a><\/span><time datetime=\"2020-11-08T16:26:18-03:00\" itemprop=\"datePublished\">08\/11\/2020 16:26<\/time><\/div><\/div><\/div><\/div><\/div>","single_layout":"posts","amp_enabled":true,"_links":{"self":[{"href":"https:\/\/www.suno.com.br\/noticias\/wp-json\/wp\/v2\/posts\/98514"}],"collection":[{"href":"https:\/\/www.suno.com.br\/noticias\/wp-json\/wp\/v2\/posts"}],"about":[{"href":"https:\/\/www.suno.com.br\/noticias\/wp-json\/wp\/v2\/types\/post"}],"author":[{"embeddable":true,"href":"https:\/\/www.suno.com.br\/noticias\/wp-json\/wp\/v2\/users\/24"}],"replies":[{"embeddable":true,"href":"https:\/\/www.suno.com.br\/noticias\/wp-json\/wp\/v2\/comments?post=98514"}],"version-history":[{"count":1,"href":"https:\/\/www.suno.com.br\/noticias\/wp-json\/wp\/v2\/posts\/98514\/revisions"}],"predecessor-version":[{"id":156810,"href":"https:\/\/www.suno.com.br\/noticias\/wp-json\/wp\/v2\/posts\/98514\/revisions\/156810"}],"wp:featuredmedia":[{"embeddable":true,"href":"https:\/\/www.suno.com.br\/noticias\/wp-json\/wp\/v2\/media\/2927"}],"wp:attachment":[{"href":"https:\/\/www.suno.com.br\/noticias\/wp-json\/wp\/v2\/media?parent=98514"}],"wp:term":[{"taxonomy":"category","embeddable":true,"href":"https:\/\/www.suno.com.br\/noticias\/wp-json\/wp\/v2\/categories?post=98514"},{"taxonomy":"post_tag","embeddable":true,"href":"https:\/\/www.suno.com.br\/noticias\/wp-json\/wp\/v2\/tags?post=98514"},{"taxonomy":"suno_strategy","embeddable":true,"href":"https:\/\/www.suno.com.br\/noticias\/wp-json\/wp\/v2\/suno_strategy?post=98514"}],"curies":[{"name":"wp","href":"https:\/\/api.w.org\/{rel}","templated":true}]}}