{"id":98508,"date":"2020-11-09T08:51:26","date_gmt":"2020-11-09T11:51:26","guid":{"rendered":"https:\/\/www.suno.com.br\/noticias\/?p=98508"},"modified":"2021-02-18T17:22:54","modified_gmt":"2021-02-18T20:22:54","slug":"boletim-focus-pib-queda-projecao-melhora","status":"publish","type":"post","link":"https:\/\/www.suno.com.br\/noticias\/boletim-focus-pib-queda-projecao-melhora\/","title":{"rendered":"Boletim Focus: Proje\u00e7\u00e3o para PIB passa de queda de 4,81% para 4,80%"},"content":{"rendered":"<p>O <a href=\"https:\/\/www.suno.com.br\/artigos\/boletim-focus\/\"><strong>Boletim Focus<\/strong><\/a>, divulgado nesta segunda-feira (9), voltou a elevar a expectativa de melhora para o <a href=\"https:\/\/www.suno.com.br\/artigos\/pib-produto-interno-bruto\/\">Produto Interno Bruto (<strong>PIB<\/strong>)<\/a> deste ano. De acordo com a publica\u00e7\u00e3o do <a href=\"https:\/\/www.suno.com.br\/artigos\/bacen\/\">Banco Central (BC)<\/a>, os especialistas do mercado esperam que o PIB de 2020 seja de -4,80%. Na semana passada a previs\u00e3o era de -4,81% e nas \u00faltimas quatro semanas, os especialistas do mercado esperavam uma queda de 5,03%.<\/p>\t<div class=\"wrapper-featured-image\">\n\t\t<figure class=\"spotlightImg\">\n\n\t\t\t<picture>\n\t\t\t\t<source media=\"(max-width: 768px)\" srcset=\"https:\/\/files.sunoresearch.com.br\/n\/uploads\/2020\/03\/4841b894-economia-400x200.webp\">\n\t\t\t\t<img loading=\"lazy\" decoding=\"async\" class=\"newsContent__article__imgCapa lazyloadDisabled \" src=\"https:\/\/files.sunoresearch.com.br\/n\/uploads\/2020\/03\/4841b894-economia-800x450.webp\" width=\"800\" height=\"450\" alt=\"Boletim Focus: Proje\u00e7\u00e3o para PIB passa de queda de 4,81% para 4,80%\" fetchpriority=high \/>\n\t\t\t<\/picture>\n\n\t\t\t<figcaption class=\"wp-caption-text wp-caption-text--show\">d\u00f3lar IPCA Boletim Focus. Foto: Pixabay. <\/figcaption>\n\t\t<\/figure>\n\t<\/div>\n\n\n\t<p>\n\t\t<a href=\"\" target=\"_blank\" data-element=\"shortcode-suno-banner\" title=\"Banner SUNO, clique e saiba mais\">\n\t\t\t<picture>\n\t\t\t\t<source media=\"(max-width: 500px)\" srcset=\"\">\n\t\t\t\t<img class=\"newsContent__article__imgCapa newsContent__article__imgCapa--banner\"\n\t\t\t\t\tsrc=\"\"\n\t\t\t\t\tdata-promo-id=\"94862\"\t\t\t\t\t\t\t\t\t\t\t\t\t\t\talt=\"\"\n\t\t\t\t>\n\t\t\t<\/picture>\n\t\t<\/a>\n\t<\/p>\n\n\n<p>Vale lembrar que, em fun\u00e7\u00e3o dos impactos da pandemia do <a href=\"https:\/\/www.suno.com.br\/noticias\/?s=coronav%C3%ADrus\">novo <strong>coronav\u00edrus<\/strong> (Covid-19)<\/a>, em junho, os especialistas esperavam por uma contra\u00e7\u00e3o de 6,28% na economia brasileira, algo sem precedentes na hist\u00f3ria.<\/p>\n<p><a href=\"https:\/\/www.suno.com.br\/noticias\/pib-segundo-trimestre-2020-ibge\/\">No segundo trimestre<\/a> deste ano, a economia foi contra\u00edda 9,7%, segundo o Instituto Brasileiro de Geografia e Estat\u00edstica (<strong>IBGE<\/strong>). A divulga\u00e7\u00e3o do resultado auferido entre julho e setembro ocorrer\u00e1 no dia 3 de dezembro. Para o ano que vem, a previs\u00e3o do BC \u00e9 de um crescimento de 3,34%. Por mais de cinco meses consecutivos, essa estimativa foi de um avan\u00e7o de 3,50%.<\/p>\n<p><a href=\"https:\/\/lp.suno.com.br\/suno-one\/\">Suno One: acesse gratuitamente eBooks, Minicursos, Artigos e Video Aulas sobre investimentos com um \u00fanico cadastro. Clique para saber mais!<\/a><\/p>\n<p>Para 2021, o \u00f3rg\u00e3o normativo monet\u00e1rio do Pa\u00eds estimou um crescimento de 3,31% na economia brasileira. Na semana passada, a expectativa era de 3,34%.<\/p>\n<h2>Boletim Focus eleva previs\u00e3o da infla\u00e7\u00e3o pela 13\u00aa semana<\/h2>\n<p>O Boletim Focus, no relat\u00f3rio divulgado nesta segunda-feira, elevou pela d\u00e9cima terceira semana a infla\u00e7\u00e3o deste ano, medida pelo <a href=\"https:\/\/www.suno.com.br\/artigos\/ipca\/\">\u00cdndice de Pre\u00e7os ao Consumidor Amplo (IPCA)<\/a>, para 3,20%.<\/p>\n<p>Quatro semanas atr\u00e1s, a proje\u00e7\u00e3o dos analistas ouvidos pelo <strong>Banco Central<\/strong> era de um aumento nos pre\u00e7os na ordem de 2,47%, enquanto na semana passada, a estimativa estava em 3,02%. O Boletim <strong>Focus<\/strong> desta segunda-feira tamb\u00e9m marca a 17\u00aa semana consecutiva de aumento na proje\u00e7\u00e3o para o <a href=\"https:\/\/www.suno.com.br\/artigos\/igp-m\/\">\u00cdndice Geral de Pre\u00e7os de Mercado (<strong>IGP-M<\/strong>)<\/a>, para 20,47%.<\/p>\n<p>Na hip\u00f3tese de que as estimativas se confirmem, a infla\u00e7\u00e3o deste ano ficar\u00e1 abaixo da meta estabelecida pelo <a href=\"https:\/\/www.suno.com.br\/artigos\/cmn-conselho-monetario-nacional\/\">Conselho Monet\u00e1rio Nacional (<strong>CMN<\/strong>)<\/a>. O alvo definido pela autoridade monet\u00e1ria \u00e9 de uma infla\u00e7\u00e3o de 4%, com 1,5 ponto percentual de toler\u00e2ncia, ficando entre 2,5% e 5,5%. Essa meta, no entanto, j\u00e1 foi consideravelmente mais distante ao longo do ano.<\/p>\n<p><a href=\"https:\/\/lp.suno.com.br\/suno-one\/\">No Suno One voc\u00ea aprende a fazer seu dinheiro trabalhar para voc\u00ea. Cadastre-se gratuitamente agora!<\/a><\/p>\n<p>De acordo com a ata da \u00faltima reuni\u00e3o do <a href=\"https:\/\/www.suno.com.br\/artigos\/copom\/\">Comit\u00ea de Pol\u00edtica Monet\u00e1ria (<strong>Copom<\/strong>)<\/a>, diversas medidas de infla\u00e7\u00e3o subjacente apresentam-se em n\u00edveis compat\u00edveis com o cumprimento da meta para infla\u00e7\u00e3o no horizonte relevante\u00a0 para a pol\u00edtica monet\u00e1ria.<\/p>\n<p>Para 2021, o \u00f3rg\u00e3o normativo monet\u00e1rio do Pa\u00eds estipulou a meta de 3,75%, com varia\u00e7\u00e3o entre 5,25% e 2,25%. O <strong>BC<\/strong> estima um aumento dos pre\u00e7os na ordem de 3,17% em 2021.<\/p>\n<p>No que se refere \u00e0 <a href=\"https:\/\/www.suno.com.br\/artigos\/taxa-selic\/\">taxa b\u00e1sica de juros da economia (<strong>Selic<\/strong>)<\/a>, os especialistas do mercado esperam a perman\u00eancia de 2% at\u00e9 o fim deste ano, patamar mais baixo da s\u00e9rie hist\u00f3rica. Para o ano que vem, no entanto, a Selic deve subir para 2,75%, ap\u00f3s consecutivas semanas com a estimativa de 2,50%.<\/p>\n\n<p>Confira, em detalhes, as proje\u00e7\u00f5es mais importantes para 2020 e 2021:<\/p>\n<h2>2020<\/h2>\n<ul>\n<li><strong>PIB:<\/strong> a proje\u00e7\u00e3o \u00e9 de uma retra\u00e7\u00e3o da economia em 4,80%;<\/li>\n<li><strong>IPCA: <\/strong>a proje\u00e7\u00e3o subiu para 3,20%, com uma meta central de 4%;<\/li>\n<li><strong>Taxa Selic:<\/strong> a previs\u00e3o fica em 2%;<\/li>\n<li><strong>D\u00f3lar:<\/strong> a previs\u00e3o subiu para R$ 5,45;<\/li>\n<li><strong>Balan\u00e7a Comercial:<\/strong> a expectativa para o super\u00e1vit passou de US$ 58,70 bilh\u00f5es para US$ 57,90 bilh\u00f5es;<\/li>\n<li><strong>Investimento Estrangeiro Direto: <\/strong>os economistas indicaram que ser\u00e1 de US$ 50 bilh\u00f5es;<\/li>\n<li><strong><a href=\"https:\/\/www.suno.com.br\/artigos\/deficit-primario\/\">D\u00e9ficit Prim\u00e1rio<\/a>: <\/strong>a previs\u00e3o ficou em -11,90%;<\/li>\n<li><strong>Resultado Nominal: <\/strong>a expectativa do d\u00e9ficit ficou em -15,70%.<\/li>\n<\/ul>\n<div class=\"hubspot-form-wrapper\">\n\t<div id=\"single-form-target\"><\/div>\n<\/div>\n\n<h2>2021<\/h2>\n<ul>\n<li><strong>PIB:<\/strong> a proje\u00e7\u00e3o do crescimento da economia passou de 3,34% para 3,31%;<\/li>\n<li><strong>IPCA: <\/strong>a proje\u00e7\u00e3o subiu para 3,17%;<\/li>\n<li><strong>Taxa Selic:<\/strong> a estimativa foi para 2,75%;<\/li>\n<li><strong>D\u00f3lar:<\/strong> os especialistas mantiveram a proje\u00e7\u00e3o para R$ 5,20;<\/li>\n<li><strong>Balan\u00e7a Comercial:<\/strong> a expectativa para o super\u00e1vit subiu para US$ 55 bilh\u00f5es;<\/li>\n<li><strong>Investimento Estrangeiro Direto: <\/strong>a previs\u00e3o ficou em R$ 65 bilh\u00f5es;<\/li>\n<li><strong>D\u00e9ficit Prim\u00e1rio: <\/strong>a previs\u00e3o ficou em -3,00%;<\/li>\n<li><strong>Resultado Nominal: <\/strong>a expectativa do <a href=\"https:\/\/www.suno.com.br\/artigos\/deficit-publico\/\">d\u00e9ficit<\/a> caiu para -6,75%.<\/li>\n<\/ul>\n<p>O <strong>Boletim Focus<\/strong> \u00e9 elaborado semanalmente pelo Banco Central. S\u00e3o utilizadas as proje\u00e7\u00f5es dos especialistas das 100 principais institui\u00e7\u00f5es ligadas ao mercado financeiro do Brasil.<\/p>\n\t<p>\n\t\t<a href=\"https:\/\/lp.suno.com.br\/planilha-de-controle-de-investimentos\/\" target=\"_blank\" data-element=\"shortcode-suno-banner\" title=\"Banner SUNO, clique e saiba mais\">\n\t\t\t<picture>\n\t\t\t\t<source media=\"(max-width: 500px)\" srcset=\"https:\/\/files.sunoresearch.com.br\/n\/uploads\/2023\/03\/400x300-Controle-de-Investimentos.png\">\n\t\t\t\t<img class=\"newsContent__article__imgCapa newsContent__article__imgCapa--banner\"\n\t\t\t\t\tsrc=\"https:\/\/files.sunoresearch.com.br\/n\/uploads\/2023\/03\/1420x240-Controle-de-Investimentos.png\"\n\t\t\t\t\tdata-promo-id=\"75934\"\t\t\t\t\t\t\t\t\t\twidth='1420' height='240'\t\t\t\t\talt=\"https:\/\/files.sunoresearch.com.br\/n\/uploads\/2023\/03\/1420x240-Controle-de-Investimentos.png\"\n\t\t\t\t>\n\t\t\t<\/picture>\n\t\t<\/a>\n\t<\/p>\n\n\n","protected":false},"excerpt":{"rendered":"<p>O Boletim Focus, divulgado nesta segunda-feira (9), voltou a elevar a expectativa de melhora para o Produto Interno Bruto (PIB) deste ano. De acordo com a publica\u00e7\u00e3o do Banco Central (BC), os especialistas do mercado esperam que o PIB de 2020 seja de -4,80%. Na semana passada a previs\u00e3o era de -4,81% e nas \u00faltimas [&hellip;]<\/p>\n","protected":false},"author":15,"featured_media":54595,"comment_status":"closed","ping_status":"closed","sticky":false,"template":"","format":"standard","meta":[],"categories":[62],"tags":[1842,834,850,807,290],"suno_strategy":[],"class_list":["post-98508","post","type-post","status-publish","format-standard","has-post-thumbnail","hentry","category-economia","tag-banco-central-bc","tag-boletim-focus","tag-inflacao","tag-produto-interno-bruto-pib","tag-taxa-selic"],"yoast_head":"<!-- This site is optimized with the Yoast SEO plugin v24.4 - https:\/\/yoast.com\/wordpress\/plugins\/seo\/ -->\n<title>Boletim Focus: Proje\u00e7\u00e3o para PIB passa de queda de 4,81% para 4,80%<\/title>\n<meta name=\"description\" content=\"O Boletim Focus, divulgado nesta segunda (3), voltou a elevar a expectativa de melhora para o PIB deste ano. Clique aqui\" \/>\n<meta name=\"robots\" content=\"index, follow, max-snippet:-1, max-image-preview:large, max-video-preview:-1\" \/>\n<link rel=\"canonical\" href=\"https:\/\/www.suno.com.br\/noticias\/boletim-focus-pib-queda-projecao-melhora\/\" \/>\n<meta property=\"og:locale\" content=\"pt_BR\" \/>\n<meta property=\"og:type\" content=\"article\" \/>\n<meta property=\"og:title\" content=\"Boletim Focus: Proje\u00e7\u00e3o para PIB passa de queda de 4,81% para 4,80%\" \/>\n<meta property=\"og:description\" content=\"O Boletim Focus, divulgado nesta segunda (3), voltou a elevar a expectativa de melhora para o PIB deste ano. Clique aqui\" \/>\n<meta property=\"og:url\" content=\"https:\/\/www.suno.com.br\/noticias\/boletim-focus-pib-queda-projecao-melhora\/\" \/>\n<meta property=\"og:site_name\" content=\"Suno Not\u00edcias\" \/>\n<meta property=\"article:publisher\" content=\"https:\/\/facebook.com\/sunoresearch\" \/>\n<meta property=\"og:image\" content=\"https:\/\/files.sunoresearch.com.br\/n\/uploads\/2020\/03\/4841b894-economia.jpg\" \/>\n\t<meta property=\"og:image:width\" content=\"1540\" \/>\n\t<meta property=\"og:image:height\" content=\"800\" \/>\n\t<meta property=\"og:image:type\" content=\"image\/jpeg\" \/>\n<meta name=\"author\" content=\"Poliana Santos\" \/>\n<meta name=\"twitter:card\" content=\"summary_large_image\" \/>\n<meta name=\"twitter:creator\" content=\"@sunoresearch\" \/>\n<meta name=\"twitter:site\" content=\"@sunoresearch\" \/>\n<meta name=\"twitter:label1\" content=\"Escrito por\" \/>\n\t<meta name=\"twitter:data1\" content=\"Poliana Santos\" \/>\n\t<meta name=\"twitter:label2\" content=\"Est. tempo de leitura\" \/>\n\t<meta name=\"twitter:data2\" content=\"4 minutos\" \/>\n<script type=\"application\/ld+json\" class=\"yoast-schema-graph\">{\"@context\":\"https:\/\/schema.org\",\"@graph\":[{\"@type\":\"NewsArticle\",\"@id\":\"https:\/\/www.suno.com.br\/noticias\/boletim-focus-pib-queda-projecao-melhora\/#article\",\"isPartOf\":{\"@id\":\"https:\/\/www.suno.com.br\/noticias\/boletim-focus-pib-queda-projecao-melhora\/\"},\"author\":{\"name\":\"Poliana Santos\",\"@id\":\"https:\/\/www.suno.com.br\/noticias\/#\/schema\/person\/02ec1f752758247878a2bf4abee1aeda\"},\"headline\":\"Boletim Focus: Proje\u00e7\u00e3o para PIB passa de queda de 4,81% para 4,80%\",\"datePublished\":\"2020-11-09T11:51:26+00:00\",\"dateModified\":\"2021-02-18T20:22:54+00:00\",\"mainEntityOfPage\":{\"@id\":\"https:\/\/www.suno.com.br\/noticias\/boletim-focus-pib-queda-projecao-melhora\/\"},\"wordCount\":749,\"publisher\":{\"@id\":\"https:\/\/www.suno.com.br\/noticias\/#organization\"},\"image\":{\"@id\":\"https:\/\/www.suno.com.br\/noticias\/boletim-focus-pib-queda-projecao-melhora\/#primaryimage\"},\"thumbnailUrl\":\"https:\/\/files.sunoresearch.com.br\/n\/uploads\/2020\/03\/4841b894-economia-jpg.webp\",\"keywords\":[\"Banco Central (BC)\",\"Boletim Focus\",\"infla\u00e7\u00e3o\",\"Produto Interno Bruto (PIB)\",\"Taxa Selic\"],\"articleSection\":[\"Economia\"],\"inLanguage\":\"pt-BR\"},{\"@type\":\"WebPage\",\"@id\":\"https:\/\/www.suno.com.br\/noticias\/boletim-focus-pib-queda-projecao-melhora\/\",\"url\":\"https:\/\/www.suno.com.br\/noticias\/boletim-focus-pib-queda-projecao-melhora\/\",\"name\":\"Boletim Focus: Proje\u00e7\u00e3o para PIB passa de queda de 4,81% para 4,80%\",\"isPartOf\":{\"@id\":\"https:\/\/www.suno.com.br\/noticias\/#website\"},\"primaryImageOfPage\":{\"@id\":\"https:\/\/www.suno.com.br\/noticias\/boletim-focus-pib-queda-projecao-melhora\/#primaryimage\"},\"image\":{\"@id\":\"https:\/\/www.suno.com.br\/noticias\/boletim-focus-pib-queda-projecao-melhora\/#primaryimage\"},\"thumbnailUrl\":\"https:\/\/files.sunoresearch.com.br\/n\/uploads\/2020\/03\/4841b894-economia-jpg.webp\",\"datePublished\":\"2020-11-09T11:51:26+00:00\",\"dateModified\":\"2021-02-18T20:22:54+00:00\",\"description\":\"O Boletim Focus, divulgado nesta segunda (3), voltou a elevar a expectativa de melhora para o PIB deste ano. Clique aqui\",\"breadcrumb\":{\"@id\":\"https:\/\/www.suno.com.br\/noticias\/boletim-focus-pib-queda-projecao-melhora\/#breadcrumb\"},\"inLanguage\":\"pt-BR\",\"potentialAction\":[{\"@type\":\"ReadAction\",\"target\":[\"https:\/\/www.suno.com.br\/noticias\/boletim-focus-pib-queda-projecao-melhora\/\"]}]},{\"@type\":\"ImageObject\",\"inLanguage\":\"pt-BR\",\"@id\":\"https:\/\/www.suno.com.br\/noticias\/boletim-focus-pib-queda-projecao-melhora\/#primaryimage\",\"url\":\"https:\/\/files.sunoresearch.com.br\/n\/uploads\/2020\/03\/4841b894-economia-jpg.webp\",\"contentUrl\":\"https:\/\/files.sunoresearch.com.br\/n\/uploads\/2020\/03\/4841b894-economia-jpg.webp\",\"width\":1540,\"height\":800,\"caption\":\"d\u00f3lar IPCA Boletim Focus. Foto: Pixabay.\"},{\"@type\":\"BreadcrumbList\",\"@id\":\"https:\/\/www.suno.com.br\/noticias\/boletim-focus-pib-queda-projecao-melhora\/#breadcrumb\",\"itemListElement\":[{\"@type\":\"ListItem\",\"position\":1,\"name\":\"Not\u00edcias\",\"item\":\"https:\/\/www.suno.com.br\/noticias\/\"},{\"@type\":\"ListItem\",\"position\":2,\"name\":\"Economia\",\"item\":\"https:\/\/www.suno.com.br\/noticias\/economia\/\"},{\"@type\":\"ListItem\",\"position\":3,\"name\":\"Boletim Focus: Proje\u00e7\u00e3o para PIB passa de queda de 4,81% para 4,80%\"}]},{\"@type\":\"WebSite\",\"@id\":\"https:\/\/www.suno.com.br\/noticias\/#website\",\"url\":\"https:\/\/www.suno.com.br\/noticias\/\",\"name\":\"Suno Not\u00edcias\",\"description\":\"Seu portal de informa\u00e7\u00e3o sobre o mundo dos investimentos\",\"publisher\":{\"@id\":\"https:\/\/www.suno.com.br\/noticias\/#organization\"},\"potentialAction\":[{\"@type\":\"SearchAction\",\"target\":{\"@type\":\"EntryPoint\",\"urlTemplate\":\"https:\/\/www.suno.com.br\/noticias\/?s={search_term_string}\"},\"query-input\":{\"@type\":\"PropertyValueSpecification\",\"valueRequired\":true,\"valueName\":\"search_term_string\"}}],\"inLanguage\":\"pt-BR\"},{\"@type\":\"Organization\",\"@id\":\"https:\/\/www.suno.com.br\/noticias\/#organization\",\"name\":\"Suno Not\u00edcias\",\"url\":\"https:\/\/www.suno.com.br\/noticias\/\",\"logo\":{\"@type\":\"ImageObject\",\"inLanguage\":\"pt-BR\",\"@id\":\"https:\/\/www.suno.com.br\/noticias\/#\/schema\/logo\/image\/\",\"url\":\"https:\/\/files.sunoresearch.com.br\/n\/uploads\/2021\/09\/suno-logo.png\",\"contentUrl\":\"https:\/\/files.sunoresearch.com.br\/n\/uploads\/2021\/09\/suno-logo.png\",\"width\":180,\"height\":180,\"caption\":\"Suno Not\u00edcias\"},\"image\":{\"@id\":\"https:\/\/www.suno.com.br\/noticias\/#\/schema\/logo\/image\/\"},\"sameAs\":[\"https:\/\/facebook.com\/sunoresearch\",\"https:\/\/x.com\/sunoresearch\",\"https:\/\/www.instagram.com\/suno\",\"https:\/\/www.linkedin.com\/company\/suno-research\/\",\"https:\/\/www.youtube.com\/c\/sunoresearch\"]},{\"@type\":\"Person\",\"@id\":\"https:\/\/www.suno.com.br\/noticias\/#\/schema\/person\/02ec1f752758247878a2bf4abee1aeda\",\"name\":\"Poliana Santos\",\"image\":{\"@type\":\"ImageObject\",\"inLanguage\":\"pt-BR\",\"@id\":\"https:\/\/www.suno.com.br\/noticias\/#\/schema\/person\/image\/\",\"url\":\"https:\/\/secure.gravatar.com\/avatar\/0645bd32f23d87b2130f2b2dff1d3f8d?s=96&r=g\",\"contentUrl\":\"https:\/\/secure.gravatar.com\/avatar\/0645bd32f23d87b2130f2b2dff1d3f8d?s=96&r=g\",\"caption\":\"Poliana Santos\"},\"description\":\"Rep\u00f3rter no Suno Not\u00edcias, com cobertura em mercado financeiro, economia, finan\u00e7as pessoais, renda fixa e varejo. Jornalista formada pela Faculdade C\u00e1sper L\u00edbero e possui passagem na R\u00e1dio Gazeta AM com a produ\u00e7\u00e3o de conte\u00fado sobre economia, pol\u00edtica, sa\u00fade, moda e m\u00fasica. Possui certificado de conclus\u00e3o do curso de An\u00e1lise de Balan\u00e7os pela Funda\u00e7\u00e3o Bradesco, Agenda Brasil pela FAAP, Educa\u00e7\u00e3o Pol\u00edtica por Alexandre Garcia e do Tesouro Direto e Mercado de A\u00e7\u00f5es pela B3.\",\"url\":\"https:\/\/www.suno.com.br\/noticias\/author\/poliana-santos\/\"}]}<\/script>\n<!-- \/ Yoast SEO plugin. -->","yoast_head_json":{"title":"Boletim Focus: Proje\u00e7\u00e3o para PIB passa de queda de 4,81% para 4,80%","description":"O Boletim Focus, divulgado nesta segunda (3), voltou a elevar a expectativa de melhora para o PIB deste ano. Clique aqui","robots":{"index":"index","follow":"follow","max-snippet":"max-snippet:-1","max-image-preview":"max-image-preview:large","max-video-preview":"max-video-preview:-1"},"canonical":"https:\/\/www.suno.com.br\/noticias\/boletim-focus-pib-queda-projecao-melhora\/","og_locale":"pt_BR","og_type":"article","og_title":"Boletim Focus: Proje\u00e7\u00e3o para PIB passa de queda de 4,81% para 4,80%","og_description":"O Boletim Focus, divulgado nesta segunda (3), voltou a elevar a expectativa de melhora para o PIB deste ano. Clique aqui","og_url":"https:\/\/www.suno.com.br\/noticias\/boletim-focus-pib-queda-projecao-melhora\/","og_site_name":"Suno Not\u00edcias","article_publisher":"https:\/\/facebook.com\/sunoresearch","og_image":[{"width":1540,"height":800,"url":"https:\/\/files.sunoresearch.com.br\/n\/uploads\/2020\/03\/4841b894-economia.jpg","type":"image\/jpeg"}],"author":"Poliana Santos","twitter_card":"summary_large_image","twitter_creator":"@sunoresearch","twitter_site":"@sunoresearch","twitter_misc":{"Escrito por":"Poliana Santos","Est. tempo de leitura":"4 minutos"},"schema":{"@context":"https:\/\/schema.org","@graph":[{"@type":"NewsArticle","@id":"https:\/\/www.suno.com.br\/noticias\/boletim-focus-pib-queda-projecao-melhora\/#article","isPartOf":{"@id":"https:\/\/www.suno.com.br\/noticias\/boletim-focus-pib-queda-projecao-melhora\/"},"author":{"name":"Poliana Santos","@id":"https:\/\/www.suno.com.br\/noticias\/#\/schema\/person\/02ec1f752758247878a2bf4abee1aeda"},"headline":"Boletim Focus: Proje\u00e7\u00e3o para PIB passa de queda de 4,81% para 4,80%","datePublished":"2020-11-09T11:51:26+00:00","dateModified":"2021-02-18T20:22:54+00:00","mainEntityOfPage":{"@id":"https:\/\/www.suno.com.br\/noticias\/boletim-focus-pib-queda-projecao-melhora\/"},"wordCount":749,"publisher":{"@id":"https:\/\/www.suno.com.br\/noticias\/#organization"},"image":{"@id":"https:\/\/www.suno.com.br\/noticias\/boletim-focus-pib-queda-projecao-melhora\/#primaryimage"},"thumbnailUrl":"https:\/\/files.sunoresearch.com.br\/n\/uploads\/2020\/03\/4841b894-economia-jpg.webp","keywords":["Banco Central (BC)","Boletim Focus","infla\u00e7\u00e3o","Produto Interno Bruto (PIB)","Taxa Selic"],"articleSection":["Economia"],"inLanguage":"pt-BR"},{"@type":"WebPage","@id":"https:\/\/www.suno.com.br\/noticias\/boletim-focus-pib-queda-projecao-melhora\/","url":"https:\/\/www.suno.com.br\/noticias\/boletim-focus-pib-queda-projecao-melhora\/","name":"Boletim Focus: Proje\u00e7\u00e3o para PIB passa de queda de 4,81% para 4,80%","isPartOf":{"@id":"https:\/\/www.suno.com.br\/noticias\/#website"},"primaryImageOfPage":{"@id":"https:\/\/www.suno.com.br\/noticias\/boletim-focus-pib-queda-projecao-melhora\/#primaryimage"},"image":{"@id":"https:\/\/www.suno.com.br\/noticias\/boletim-focus-pib-queda-projecao-melhora\/#primaryimage"},"thumbnailUrl":"https:\/\/files.sunoresearch.com.br\/n\/uploads\/2020\/03\/4841b894-economia-jpg.webp","datePublished":"2020-11-09T11:51:26+00:00","dateModified":"2021-02-18T20:22:54+00:00","description":"O Boletim Focus, divulgado nesta segunda (3), voltou a elevar a expectativa de melhora para o PIB deste ano. Clique aqui","breadcrumb":{"@id":"https:\/\/www.suno.com.br\/noticias\/boletim-focus-pib-queda-projecao-melhora\/#breadcrumb"},"inLanguage":"pt-BR","potentialAction":[{"@type":"ReadAction","target":["https:\/\/www.suno.com.br\/noticias\/boletim-focus-pib-queda-projecao-melhora\/"]}]},{"@type":"ImageObject","inLanguage":"pt-BR","@id":"https:\/\/www.suno.com.br\/noticias\/boletim-focus-pib-queda-projecao-melhora\/#primaryimage","url":"https:\/\/files.sunoresearch.com.br\/n\/uploads\/2020\/03\/4841b894-economia-jpg.webp","contentUrl":"https:\/\/files.sunoresearch.com.br\/n\/uploads\/2020\/03\/4841b894-economia-jpg.webp","width":1540,"height":800,"caption":"d\u00f3lar IPCA Boletim Focus. Foto: Pixabay."},{"@type":"BreadcrumbList","@id":"https:\/\/www.suno.com.br\/noticias\/boletim-focus-pib-queda-projecao-melhora\/#breadcrumb","itemListElement":[{"@type":"ListItem","position":1,"name":"Not\u00edcias","item":"https:\/\/www.suno.com.br\/noticias\/"},{"@type":"ListItem","position":2,"name":"Economia","item":"https:\/\/www.suno.com.br\/noticias\/economia\/"},{"@type":"ListItem","position":3,"name":"Boletim Focus: Proje\u00e7\u00e3o para PIB passa de queda de 4,81% para 4,80%"}]},{"@type":"WebSite","@id":"https:\/\/www.suno.com.br\/noticias\/#website","url":"https:\/\/www.suno.com.br\/noticias\/","name":"Suno Not\u00edcias","description":"Seu portal de informa\u00e7\u00e3o sobre o mundo dos investimentos","publisher":{"@id":"https:\/\/www.suno.com.br\/noticias\/#organization"},"potentialAction":[{"@type":"SearchAction","target":{"@type":"EntryPoint","urlTemplate":"https:\/\/www.suno.com.br\/noticias\/?s={search_term_string}"},"query-input":{"@type":"PropertyValueSpecification","valueRequired":true,"valueName":"search_term_string"}}],"inLanguage":"pt-BR"},{"@type":"Organization","@id":"https:\/\/www.suno.com.br\/noticias\/#organization","name":"Suno Not\u00edcias","url":"https:\/\/www.suno.com.br\/noticias\/","logo":{"@type":"ImageObject","inLanguage":"pt-BR","@id":"https:\/\/www.suno.com.br\/noticias\/#\/schema\/logo\/image\/","url":"https:\/\/files.sunoresearch.com.br\/n\/uploads\/2021\/09\/suno-logo.png","contentUrl":"https:\/\/files.sunoresearch.com.br\/n\/uploads\/2021\/09\/suno-logo.png","width":180,"height":180,"caption":"Suno Not\u00edcias"},"image":{"@id":"https:\/\/www.suno.com.br\/noticias\/#\/schema\/logo\/image\/"},"sameAs":["https:\/\/facebook.com\/sunoresearch","https:\/\/x.com\/sunoresearch","https:\/\/www.instagram.com\/suno","https:\/\/www.linkedin.com\/company\/suno-research\/","https:\/\/www.youtube.com\/c\/sunoresearch"]},{"@type":"Person","@id":"https:\/\/www.suno.com.br\/noticias\/#\/schema\/person\/02ec1f752758247878a2bf4abee1aeda","name":"Poliana Santos","image":{"@type":"ImageObject","inLanguage":"pt-BR","@id":"https:\/\/www.suno.com.br\/noticias\/#\/schema\/person\/image\/","url":"https:\/\/secure.gravatar.com\/avatar\/0645bd32f23d87b2130f2b2dff1d3f8d?s=96&r=g","contentUrl":"https:\/\/secure.gravatar.com\/avatar\/0645bd32f23d87b2130f2b2dff1d3f8d?s=96&r=g","caption":"Poliana Santos"},"description":"Rep\u00f3rter no Suno Not\u00edcias, com cobertura em mercado financeiro, economia, finan\u00e7as pessoais, renda fixa e varejo. Jornalista formada pela Faculdade C\u00e1sper L\u00edbero e possui passagem na R\u00e1dio Gazeta AM com a produ\u00e7\u00e3o de conte\u00fado sobre economia, pol\u00edtica, sa\u00fade, moda e m\u00fasica. Possui certificado de conclus\u00e3o do curso de An\u00e1lise de Balan\u00e7os pela Funda\u00e7\u00e3o Bradesco, Agenda Brasil pela FAAP, Educa\u00e7\u00e3o Pol\u00edtica por Alexandre Garcia e do Tesouro Direto e Mercado de A\u00e7\u00f5es pela B3.","url":"https:\/\/www.suno.com.br\/noticias\/author\/poliana-santos\/"}]}},"default_loop_html":"<div class=\"cardsPage__listCard__boxs\"><div class=\"cardsPage__listCard__boxs__img\"><a href=\"https:\/\/www.suno.com.br\/noticias\/boletim-focus-pib-queda-projecao-melhora\/\"><img class=\"mask\" src=\"https:\/\/www.suno.com.br\/noticias\/wp-content\/themes\/suno\/resources\/images\/spotlight\/spotlight1img\/bg-mask.png\" alt=\"Image Mask\"\/><img src=\"https:\/\/files.sunoresearch.com.br\/n\/uploads\/2020\/03\/4841b894-economia-400x200.webp\" alt=\"Boletim Focus: Proje\u00e7\u00e3o para PIB passa de queda de 4,81% para 4,80%\"\/><\/a><span class=\"spotlightCategory\"><a href=\"https:\/\/www.suno.com.br\/noticias\/economia\/\">Economia<\/a><\/span><\/div><div class=\"cardsPage__listCard__boxs__content\"><a href=\"https:\/\/www.suno.com.br\/noticias\/boletim-focus-pib-queda-projecao-melhora\/\"><h2 class=\"content__title\">Boletim Focus: Proje\u00e7\u00e3o para PIB passa de queda de 4,81% para 4,80%<\/h2><\/a><div class=\"newsContent__article__meta\"><div class=\"newsContent__article__meta__authorBox\"><a href=\"https:\/\/www.suno.com.br\/noticias\/author\/poliana-santos\/\" class=\"authorBox__avatar noMobi\"><img src=\"https:\/\/files.sunoresearch.com.br\/n\/uploads\/2020\/08\/7ef34026-whatsapp-image-2020-08-03-at-12.37.57-150x150.webp\" alt=\"Poliana Santos\"><\/a><div class=\"authorBox__name\"><span>por\n\t\t\t<a href=\"https:\/\/www.suno.com.br\/noticias\/author\/poliana-santos\/\"><span itemprop=\"author\">Poliana Santos<\/span><\/a><\/span><time datetime=\"2020-11-09T08:51:26-03:00\" itemprop=\"datePublished\">09\/11\/2020 08:51<\/time><\/div><\/div><\/div><\/div><\/div>","single_layout":"posts","amp_enabled":true,"_links":{"self":[{"href":"https:\/\/www.suno.com.br\/noticias\/wp-json\/wp\/v2\/posts\/98508"}],"collection":[{"href":"https:\/\/www.suno.com.br\/noticias\/wp-json\/wp\/v2\/posts"}],"about":[{"href":"https:\/\/www.suno.com.br\/noticias\/wp-json\/wp\/v2\/types\/post"}],"author":[{"embeddable":true,"href":"https:\/\/www.suno.com.br\/noticias\/wp-json\/wp\/v2\/users\/15"}],"replies":[{"embeddable":true,"href":"https:\/\/www.suno.com.br\/noticias\/wp-json\/wp\/v2\/comments?post=98508"}],"version-history":[{"count":0,"href":"https:\/\/www.suno.com.br\/noticias\/wp-json\/wp\/v2\/posts\/98508\/revisions"}],"wp:featuredmedia":[{"embeddable":true,"href":"https:\/\/www.suno.com.br\/noticias\/wp-json\/wp\/v2\/media\/54595"}],"wp:attachment":[{"href":"https:\/\/www.suno.com.br\/noticias\/wp-json\/wp\/v2\/media?parent=98508"}],"wp:term":[{"taxonomy":"category","embeddable":true,"href":"https:\/\/www.suno.com.br\/noticias\/wp-json\/wp\/v2\/categories?post=98508"},{"taxonomy":"post_tag","embeddable":true,"href":"https:\/\/www.suno.com.br\/noticias\/wp-json\/wp\/v2\/tags?post=98508"},{"taxonomy":"suno_strategy","embeddable":true,"href":"https:\/\/www.suno.com.br\/noticias\/wp-json\/wp\/v2\/suno_strategy?post=98508"}],"curies":[{"name":"wp","href":"https:\/\/api.w.org\/{rel}","templated":true}]}}