{"id":98488,"date":"2020-11-09T07:56:08","date_gmt":"2020-11-09T10:56:08","guid":{"rendered":"https:\/\/www.suno.com.br\/noticias\/?p=98488"},"modified":"2020-11-09T07:56:08","modified_gmt":"2020-11-09T10:56:08","slug":"hapvida-compra-premium-saude-por-150-milhoes","status":"publish","type":"post","link":"https:\/\/www.suno.com.br\/noticias\/hapvida-compra-premium-saude-por-150-milhoes\/","title":{"rendered":"Hapvida (HAPV3) compra Premium Sa\u00fade por R$ 150 milh\u00f5es"},"content":{"rendered":"<p>A <strong>Hapvida<\/strong> (<a href=\"https:\/\/www.suno.com.br\/acoes\/hapv3\/\" target=\"_blank\" rel=\"noopener noreferrer\">HAPV3<\/a>) anunciou a compra da operadora de planos de sa\u00fade Premium Sa\u00fade por R$ 150 milh\u00f5es.\u00a0A opera\u00e7\u00e3o, feita por meio da subsidi\u00e1ria integral Hapvida Assist\u00eancia M\u00e9dica, tem como objetivo a expans\u00e3o e consolida\u00e7\u00e3o nacional dos neg\u00f3cios.<\/p>\t<div class=\"wrapper-featured-image\">\n\t\t<figure class=\"spotlightImg\">\n\n\t\t\t<picture>\n\t\t\t\t<source media=\"(max-width: 768px)\" srcset=\"https:\/\/files.sunoresearch.com.br\/n\/uploads\/2019\/06\/88b4afc3-29570692_1770338736321211_6492773938567174737_n-e1560165712553-400x200.webp\">\n\t\t\t\t<img loading=\"lazy\" decoding=\"async\" class=\"newsContent__article__imgCapa lazyloadDisabled \" src=\"https:\/\/files.sunoresearch.com.br\/n\/uploads\/2019\/06\/88b4afc3-29570692_1770338736321211_6492773938567174737_n-e1560165712553-png.webp\" width=\"800\" height=\"450\" alt=\"Hapvida (HAPV3) compra Premium Sa\u00fade por R$ 150 milh\u00f5es\" fetchpriority=high \/>\n\t\t\t<\/picture>\n\n\t\t\t<figcaption class=\"wp-caption-text wp-caption-text--show\">Hapvida (HAPV3) anuncia aquisi\u00e7\u00e3o<\/figcaption>\n\t\t<\/figure>\n\t<\/div>\n\n\n<p><span style=\"font-weight: 400;\">\t<p>\n\t\t<a href=\"\" target=\"_blank\" data-element=\"shortcode-suno-banner\" title=\"Banner SUNO, clique e saiba mais\">\n\t\t\t<picture>\n\t\t\t\t<source media=\"(max-width: 500px)\" srcset=\"\">\n\t\t\t\t<img class=\"newsContent__article__imgCapa newsContent__article__imgCapa--banner\"\n\t\t\t\t\tsrc=\"\"\n\t\t\t\t\tdata-promo-id=\"97204\"\t\t\t\t\t\t\t\t\t\t\t\t\t\t\talt=\"\"\n\t\t\t\t>\n\t\t\t<\/picture>\n\t\t<\/a>\n\t<\/p>\n\n <\/span><\/p>\n<p>Segundo fato relevante enviado \u00e0 Comiss\u00e3o de Valores Mobili\u00e1rios (CVM), ser\u00e1 deduzido do valor da<a href=\"https:\/\/www.suno.com.br\/artigos\/fusoes-aquisicoes\/\" target=\"_blank\" rel=\"noopener noreferrer\"><strong> aquisi\u00e7\u00e3o<\/strong><\/a> o montante referente a varia\u00e7\u00f5es da d\u00edvida l\u00edquida e do capital de giro da Premium Sa\u00fade na data de fechamento. Al\u00e9m disso, o valor da opera\u00e7\u00e3o pode ser reduzido devido a altera\u00e7\u00f5es na carteira de benefici\u00e1rios na data de conclus\u00e3o da transa\u00e7\u00e3o.<\/p>\n<p>A Premium Sa\u00fade tem uma carteira de 125 mil <strong>benefici\u00e1rios<\/strong> de <strong>planos de sa\u00fade,<\/strong> situados majoritariamente nas regi\u00f5es metropolitanas de Belo Horizonte (MG), Bras\u00edlia (DF), Montes Claros (MG) e na regi\u00e3o do Tri\u00e2ngulo Mineiro. A empresa tem cerca de 3% de participa\u00e7\u00e3o de mercado na capital mineira.<\/p>\n<p><a href=\"https:\/\/lp.suno.com.br\/suno-one\/\"><span style=\"font-weight: 400;\">Suno One: acesse gratuitamente eBooks, Minicursos, Artigos e Video Aulas sobre investimentos com um \u00fanico cadastro. Clique para saber mais!<\/span><\/a><\/p>\n<p>De acordo com a Hapvida, 93% dos benefici\u00e1rios da empresa est\u00e3o em planos coletivos, com ticket m\u00e9dio de R$ 130. O restante est\u00e1 em planos individuais, com ticket m\u00e9dio de R$ 200.<\/p>\n<p>A <strong>Premium Sa\u00fade<\/strong> registrou receita total de R$ 143 milh\u00f5es nos \u00faltimos 12 meses. A sinistralidade consolidada \u00e9 de 78%.<\/p>\n<p>Al\u00e9m disso, a empresa comprada pela Hapvida conta com 10 mil benefici\u00e1rios de <strong>planos odontol\u00f3gicos<\/strong>, sendo 5 mil na regi\u00e3o metropolitana de Belo Horizonte e 4 mil em Bras\u00edlia.<\/p>\n<p><span style=\"font-weight: 400;\"><div class=\"hubspot-form-wrapper\">\n\t<div id=\"single-form-target\"><\/div>\n<\/div>\n<\/span><\/p>\n<h2>Avan\u00e7o da Hapvida em Minas Gerais<\/h2>\n<p>Depois da compra da Premium Sa\u00fade e da Promed &#8211; anunciada em setembro &#8211; a Hapvida ter\u00e1 3% de market share em Belo Horizonte e 14,3% na regi\u00e3o metropolitana. Isso equivale a um market share total de 8,2% no estado de<strong> Minas Gerais<\/strong>, com cerca de 420 mil benefici\u00e1rios de planos de sa\u00fade.<\/p>\n<p>As duas opera\u00e7\u00f5es ainda est\u00e3o sujeitas a aprova\u00e7\u00f5es regulat\u00f3rias, incluindo aval da Ag\u00eancia Nacional de Sa\u00fade\u00a0Suplementar (ANS) e do Conselho Administrativo de Defesa Econ\u00f4mica (Cade).<\/p>\n<p>A rede pr\u00f3pria no estado de Minas Gerais contar\u00e1 com quatro hospitais e sete cl\u00ednicas de atendimento prim\u00e1rio oriundas da aquisi\u00e7\u00e3o do Grupo <strong>Promed<\/strong>, al\u00e9m do Hospital M\u00e1rio Palm\u00e9rio em Uberaba (MG). H\u00e1, ainda, um <strong>hospital<\/strong> em fase de constru\u00e7\u00e3o em Uberl\u00e2ndia\/MG, cuja inaugura\u00e7\u00e3o est\u00e1 prevista para o segundo semestre de 2021 .<\/p>\n<p>&#8220;A robusta infraestrutura assistencial permitir\u00e1 que a Companhia consiga verticalizar o atendimento dos benefici\u00e1rios da Premium Sa\u00fade, acelerando a captura de sinergias projetadas. A Transa\u00e7\u00e3o, nesse sentido, \u00e9 absolutamente sin\u00e9rgica&#8221;, declarou a <strong>Hapvida<\/strong> em comunicado.<\/p>\n<p><span style=\"font-weight: 400;\">\t<p>\n\t\t<a href=\"https:\/\/lp.suno.com.br\/planilha-de-controle-de-investimentos\/\" target=\"_blank\" data-element=\"shortcode-suno-banner\" title=\"Banner SUNO, clique e saiba mais\">\n\t\t\t<picture>\n\t\t\t\t<source media=\"(max-width: 500px)\" srcset=\"https:\/\/files.sunoresearch.com.br\/n\/uploads\/2023\/03\/400x300-Controle-de-Investimentos.png\">\n\t\t\t\t<img class=\"newsContent__article__imgCapa newsContent__article__imgCapa--banner\"\n\t\t\t\t\tsrc=\"https:\/\/files.sunoresearch.com.br\/n\/uploads\/2023\/03\/1420x240-Controle-de-Investimentos.png\"\n\t\t\t\t\tdata-promo-id=\"75934\"\t\t\t\t\t\t\t\t\t\twidth='1420' height='240'\t\t\t\t\talt=\"https:\/\/files.sunoresearch.com.br\/n\/uploads\/2023\/03\/1420x240-Controle-de-Investimentos.png\"\n\t\t\t\t>\n\t\t\t<\/picture>\n\t\t<\/a>\n\t<\/p>\n\n<\/span><\/p>\n","protected":false},"excerpt":{"rendered":"<p>A Hapvida (HAPV3) anunciou a compra da operadora de planos de sa\u00fade Premium Sa\u00fade por R$ 150 milh\u00f5es.\u00a0A opera\u00e7\u00e3o, feita por meio da subsidi\u00e1ria integral Hapvida Assist\u00eancia M\u00e9dica, tem como objetivo a expans\u00e3o e consolida\u00e7\u00e3o nacional dos neg\u00f3cios. Hapvida (HAPV3) anuncia aquisi\u00e7\u00e3o Segundo fato relevante enviado \u00e0 Comiss\u00e3o de Valores Mobili\u00e1rios (CVM), ser\u00e1 deduzido do [&hellip;]<\/p>\n","protected":false},"author":60,"featured_media":27719,"comment_status":"closed","ping_status":"closed","sticky":false,"template":"","format":"standard","meta":[],"categories":[64],"tags":[497,921],"suno_strategy":[],"class_list":["post-98488","post","type-post","status-publish","format-standard","has-post-thumbnail","hentry","category-negocios","tag-hapvida-hapv3","tag-minas-gerais"],"yoast_head":"<!-- This site is optimized with the Yoast SEO plugin v24.4 - https:\/\/yoast.com\/wordpress\/plugins\/seo\/ -->\n<title>Hapvida (HAPV3) compra Premium Sa\u00fade por R$ 150 milh\u00f5es<\/title>\n<meta name=\"description\" content=\"A Hapvida (HAPV3) anunciou a compra da operadora de planos de sa\u00fade Premium Sa\u00fade por R$ 150 milh\u00f5es.\u00a0Clique para saber mais.\" \/>\n<meta name=\"robots\" content=\"index, follow, max-snippet:-1, max-image-preview:large, max-video-preview:-1\" \/>\n<link rel=\"canonical\" href=\"https:\/\/www.suno.com.br\/noticias\/hapvida-compra-premium-saude-por-150-milhoes\/\" \/>\n<meta property=\"og:locale\" content=\"pt_BR\" \/>\n<meta property=\"og:type\" content=\"article\" \/>\n<meta property=\"og:title\" content=\"Hapvida (HAPV3) compra Premium Sa\u00fade por R$ 150 milh\u00f5es\" \/>\n<meta property=\"og:description\" content=\"A Hapvida (HAPV3) anunciou a compra da operadora de planos de sa\u00fade Premium Sa\u00fade por R$ 150 milh\u00f5es.\u00a0Clique para saber mais.\" \/>\n<meta property=\"og:url\" content=\"https:\/\/www.suno.com.br\/noticias\/hapvida-compra-premium-saude-por-150-milhoes\/\" \/>\n<meta property=\"og:site_name\" content=\"Suno Not\u00edcias\" \/>\n<meta property=\"article:publisher\" content=\"https:\/\/facebook.com\/sunoresearch\" \/>\n<meta property=\"og:image\" content=\"https:\/\/files.sunoresearch.com.br\/n\/uploads\/2019\/06\/88b4afc3-29570692_1770338736321211_6492773938567174737_n-e1560165712553.png\" \/>\n\t<meta property=\"og:image:width\" content=\"583\" \/>\n\t<meta property=\"og:image:height\" content=\"432\" \/>\n\t<meta property=\"og:image:type\" content=\"image\/png\" \/>\n<meta name=\"author\" content=\"Natalia G\u00f3mez\" \/>\n<meta name=\"twitter:card\" content=\"summary_large_image\" \/>\n<meta name=\"twitter:creator\" content=\"@sunoresearch\" \/>\n<meta name=\"twitter:site\" content=\"@sunoresearch\" \/>\n<meta name=\"twitter:label1\" content=\"Escrito por\" \/>\n\t<meta name=\"twitter:data1\" content=\"Natalia G\u00f3mez\" \/>\n\t<meta name=\"twitter:label2\" content=\"Est. tempo de leitura\" \/>\n\t<meta name=\"twitter:data2\" content=\"2 minutos\" \/>\n<script type=\"application\/ld+json\" class=\"yoast-schema-graph\">{\"@context\":\"https:\/\/schema.org\",\"@graph\":[{\"@type\":\"NewsArticle\",\"@id\":\"https:\/\/www.suno.com.br\/noticias\/hapvida-compra-premium-saude-por-150-milhoes\/#article\",\"isPartOf\":{\"@id\":\"https:\/\/www.suno.com.br\/noticias\/hapvida-compra-premium-saude-por-150-milhoes\/\"},\"author\":{\"name\":\"Natalia G\u00f3mez\",\"@id\":\"https:\/\/www.suno.com.br\/noticias\/#\/schema\/person\/1b24d67c140a42e864ef414497edb164\"},\"headline\":\"Hapvida (HAPV3) compra Premium Sa\u00fade por R$ 150 milh\u00f5es\",\"datePublished\":\"2020-11-09T10:56:08+00:00\",\"mainEntityOfPage\":{\"@id\":\"https:\/\/www.suno.com.br\/noticias\/hapvida-compra-premium-saude-por-150-milhoes\/\"},\"wordCount\":495,\"publisher\":{\"@id\":\"https:\/\/www.suno.com.br\/noticias\/#organization\"},\"image\":{\"@id\":\"https:\/\/www.suno.com.br\/noticias\/hapvida-compra-premium-saude-por-150-milhoes\/#primaryimage\"},\"thumbnailUrl\":\"https:\/\/files.sunoresearch.com.br\/n\/uploads\/2019\/06\/88b4afc3-29570692_1770338736321211_6492773938567174737_n-e1560165712553-png.webp\",\"keywords\":[\"Hapvida (HAPV3)\",\"Minas Gerais\"],\"articleSection\":[\"Neg\u00f3cios\"],\"inLanguage\":\"pt-BR\"},{\"@type\":\"WebPage\",\"@id\":\"https:\/\/www.suno.com.br\/noticias\/hapvida-compra-premium-saude-por-150-milhoes\/\",\"url\":\"https:\/\/www.suno.com.br\/noticias\/hapvida-compra-premium-saude-por-150-milhoes\/\",\"name\":\"Hapvida (HAPV3) compra Premium Sa\u00fade por R$ 150 milh\u00f5es\",\"isPartOf\":{\"@id\":\"https:\/\/www.suno.com.br\/noticias\/#website\"},\"primaryImageOfPage\":{\"@id\":\"https:\/\/www.suno.com.br\/noticias\/hapvida-compra-premium-saude-por-150-milhoes\/#primaryimage\"},\"image\":{\"@id\":\"https:\/\/www.suno.com.br\/noticias\/hapvida-compra-premium-saude-por-150-milhoes\/#primaryimage\"},\"thumbnailUrl\":\"https:\/\/files.sunoresearch.com.br\/n\/uploads\/2019\/06\/88b4afc3-29570692_1770338736321211_6492773938567174737_n-e1560165712553-png.webp\",\"datePublished\":\"2020-11-09T10:56:08+00:00\",\"description\":\"A Hapvida (HAPV3) anunciou a compra da operadora de planos de sa\u00fade Premium Sa\u00fade por R$ 150 milh\u00f5es.\u00a0Clique para saber mais.\",\"breadcrumb\":{\"@id\":\"https:\/\/www.suno.com.br\/noticias\/hapvida-compra-premium-saude-por-150-milhoes\/#breadcrumb\"},\"inLanguage\":\"pt-BR\",\"potentialAction\":[{\"@type\":\"ReadAction\",\"target\":[\"https:\/\/www.suno.com.br\/noticias\/hapvida-compra-premium-saude-por-150-milhoes\/\"]}]},{\"@type\":\"ImageObject\",\"inLanguage\":\"pt-BR\",\"@id\":\"https:\/\/www.suno.com.br\/noticias\/hapvida-compra-premium-saude-por-150-milhoes\/#primaryimage\",\"url\":\"https:\/\/files.sunoresearch.com.br\/n\/uploads\/2019\/06\/88b4afc3-29570692_1770338736321211_6492773938567174737_n-e1560165712553-png.webp\",\"contentUrl\":\"https:\/\/files.sunoresearch.com.br\/n\/uploads\/2019\/06\/88b4afc3-29570692_1770338736321211_6492773938567174737_n-e1560165712553-png.webp\",\"width\":583,\"height\":432,\"caption\":\"Hapvida (HAPV3) anuncia aquisi\u00e7\u00e3o\"},{\"@type\":\"BreadcrumbList\",\"@id\":\"https:\/\/www.suno.com.br\/noticias\/hapvida-compra-premium-saude-por-150-milhoes\/#breadcrumb\",\"itemListElement\":[{\"@type\":\"ListItem\",\"position\":1,\"name\":\"Not\u00edcias\",\"item\":\"https:\/\/www.suno.com.br\/noticias\/\"},{\"@type\":\"ListItem\",\"position\":2,\"name\":\"Neg\u00f3cios\",\"item\":\"https:\/\/www.suno.com.br\/noticias\/negocios\/\"},{\"@type\":\"ListItem\",\"position\":3,\"name\":\"Hapvida (HAPV3) compra Premium Sa\u00fade por R$ 150 milh\u00f5es\"}]},{\"@type\":\"WebSite\",\"@id\":\"https:\/\/www.suno.com.br\/noticias\/#website\",\"url\":\"https:\/\/www.suno.com.br\/noticias\/\",\"name\":\"Suno Not\u00edcias\",\"description\":\"Seu portal de informa\u00e7\u00e3o sobre o mundo dos investimentos\",\"publisher\":{\"@id\":\"https:\/\/www.suno.com.br\/noticias\/#organization\"},\"potentialAction\":[{\"@type\":\"SearchAction\",\"target\":{\"@type\":\"EntryPoint\",\"urlTemplate\":\"https:\/\/www.suno.com.br\/noticias\/?s={search_term_string}\"},\"query-input\":{\"@type\":\"PropertyValueSpecification\",\"valueRequired\":true,\"valueName\":\"search_term_string\"}}],\"inLanguage\":\"pt-BR\"},{\"@type\":\"Organization\",\"@id\":\"https:\/\/www.suno.com.br\/noticias\/#organization\",\"name\":\"Suno Not\u00edcias\",\"url\":\"https:\/\/www.suno.com.br\/noticias\/\",\"logo\":{\"@type\":\"ImageObject\",\"inLanguage\":\"pt-BR\",\"@id\":\"https:\/\/www.suno.com.br\/noticias\/#\/schema\/logo\/image\/\",\"url\":\"https:\/\/files.sunoresearch.com.br\/n\/uploads\/2021\/09\/suno-logo.png\",\"contentUrl\":\"https:\/\/files.sunoresearch.com.br\/n\/uploads\/2021\/09\/suno-logo.png\",\"width\":180,\"height\":180,\"caption\":\"Suno Not\u00edcias\"},\"image\":{\"@id\":\"https:\/\/www.suno.com.br\/noticias\/#\/schema\/logo\/image\/\"},\"sameAs\":[\"https:\/\/facebook.com\/sunoresearch\",\"https:\/\/x.com\/sunoresearch\",\"https:\/\/www.instagram.com\/suno\",\"https:\/\/www.linkedin.com\/company\/suno-research\/\",\"https:\/\/www.youtube.com\/c\/sunoresearch\"]},{\"@type\":\"Person\",\"@id\":\"https:\/\/www.suno.com.br\/noticias\/#\/schema\/person\/1b24d67c140a42e864ef414497edb164\",\"name\":\"Natalia G\u00f3mez\",\"image\":{\"@type\":\"ImageObject\",\"inLanguage\":\"pt-BR\",\"@id\":\"https:\/\/www.suno.com.br\/noticias\/#\/schema\/person\/image\/\",\"url\":\"https:\/\/secure.gravatar.com\/avatar\/9e957e0b2b485c2d42c3f4145c16d940?s=96&r=g\",\"contentUrl\":\"https:\/\/secure.gravatar.com\/avatar\/9e957e0b2b485c2d42c3f4145c16d940?s=96&r=g\",\"caption\":\"Natalia G\u00f3mez\"},\"description\":\"Editora do Suno Not\u00edcias desde outubro de 2020, \u00e9 jornalista formada pela PUC-SP, com p\u00f3s-gradua\u00e7\u00e3o em jornalismo liter\u00e1rio. Atua no mercado financeiro desde 2003, quando iniciou a carreira no jornal econ\u00f4mico DCI, cobrindo o setor de alimentos no caderno de Ind\u00fastria. Foi trainee do jornal Valor Econ\u00f4mico, onde atuou no Caderno de Empresas por quase tr\u00eas anos. L\u00e1, cobriu o setor de ind\u00fastria, com foco em siderurgia, embalagens e aeroespacial. Fez coberturas setoriais em viagens para S\u00e3o Jos\u00e9 dos Campos e Franca (SP), al\u00e9m de coberturas internacionais na Alemanha e na Su\u00e9cia. Trabalhou por cinco anos na Ag\u00eancia Estado\/Broadcast, do Grupo Estado, onde foi rep\u00f3rter dos setores de minera\u00e7\u00e3o e siderurgia, alimentos e bebidas e finan\u00e7as. Foi premiada como o pr\u00eamio Destaque de Reportagem da AE em 2007 e 2008. Al\u00e9m de atuar no servi\u00e7o de not\u00edcias em tempo real, fez participa\u00e7\u00f5es no caderno de Economia do jornal Estado de S.Paulo e na R\u00e1dio Eldorado. Ainda no Grupo Estado, foi editora assistente da editoria Empresas e Setores, atuando com edi\u00e7\u00e3o e pauta, al\u00e9m de cobrir mercados diariamente com o cen\u00e1rio de bolsa e fazer reportagens especiais com foco em governan\u00e7a corporativa. Trabalhou tamb\u00e9m como correspondente de finan\u00e7as no servi\u00e7o da Thomson Reuters em portugu\u00eas por quase um ano. Atuou por cerca de oito anos como jornalista independente, contribuindo para ve\u00edculos como UOL Economia, Infomoney e Revista Voc\u00ea SA, al\u00e9m de ter trabalhado em projetos na \u00e1rea de conte\u00fado e comunica\u00e7\u00e3o de institui\u00e7\u00f5es financeiras como Anbima, Banco BS2, Banco Pine, Ita\u00fa BBA e EQI.\",\"url\":\"https:\/\/www.suno.com.br\/noticias\/author\/natalia-gomez\/\"}]}<\/script>\n<!-- \/ Yoast SEO plugin. -->","yoast_head_json":{"title":"Hapvida (HAPV3) compra Premium Sa\u00fade por R$ 150 milh\u00f5es","description":"A Hapvida (HAPV3) anunciou a compra da operadora de planos de sa\u00fade Premium Sa\u00fade por R$ 150 milh\u00f5es.\u00a0Clique para saber mais.","robots":{"index":"index","follow":"follow","max-snippet":"max-snippet:-1","max-image-preview":"max-image-preview:large","max-video-preview":"max-video-preview:-1"},"canonical":"https:\/\/www.suno.com.br\/noticias\/hapvida-compra-premium-saude-por-150-milhoes\/","og_locale":"pt_BR","og_type":"article","og_title":"Hapvida (HAPV3) compra Premium Sa\u00fade por R$ 150 milh\u00f5es","og_description":"A Hapvida (HAPV3) anunciou a compra da operadora de planos de sa\u00fade Premium Sa\u00fade por R$ 150 milh\u00f5es.\u00a0Clique para saber mais.","og_url":"https:\/\/www.suno.com.br\/noticias\/hapvida-compra-premium-saude-por-150-milhoes\/","og_site_name":"Suno Not\u00edcias","article_publisher":"https:\/\/facebook.com\/sunoresearch","og_image":[{"width":583,"height":432,"url":"https:\/\/files.sunoresearch.com.br\/n\/uploads\/2019\/06\/88b4afc3-29570692_1770338736321211_6492773938567174737_n-e1560165712553.png","type":"image\/png"}],"author":"Natalia G\u00f3mez","twitter_card":"summary_large_image","twitter_creator":"@sunoresearch","twitter_site":"@sunoresearch","twitter_misc":{"Escrito por":"Natalia G\u00f3mez","Est. tempo de leitura":"2 minutos"},"schema":{"@context":"https:\/\/schema.org","@graph":[{"@type":"NewsArticle","@id":"https:\/\/www.suno.com.br\/noticias\/hapvida-compra-premium-saude-por-150-milhoes\/#article","isPartOf":{"@id":"https:\/\/www.suno.com.br\/noticias\/hapvida-compra-premium-saude-por-150-milhoes\/"},"author":{"name":"Natalia G\u00f3mez","@id":"https:\/\/www.suno.com.br\/noticias\/#\/schema\/person\/1b24d67c140a42e864ef414497edb164"},"headline":"Hapvida (HAPV3) compra Premium Sa\u00fade por R$ 150 milh\u00f5es","datePublished":"2020-11-09T10:56:08+00:00","mainEntityOfPage":{"@id":"https:\/\/www.suno.com.br\/noticias\/hapvida-compra-premium-saude-por-150-milhoes\/"},"wordCount":495,"publisher":{"@id":"https:\/\/www.suno.com.br\/noticias\/#organization"},"image":{"@id":"https:\/\/www.suno.com.br\/noticias\/hapvida-compra-premium-saude-por-150-milhoes\/#primaryimage"},"thumbnailUrl":"https:\/\/files.sunoresearch.com.br\/n\/uploads\/2019\/06\/88b4afc3-29570692_1770338736321211_6492773938567174737_n-e1560165712553-png.webp","keywords":["Hapvida (HAPV3)","Minas Gerais"],"articleSection":["Neg\u00f3cios"],"inLanguage":"pt-BR"},{"@type":"WebPage","@id":"https:\/\/www.suno.com.br\/noticias\/hapvida-compra-premium-saude-por-150-milhoes\/","url":"https:\/\/www.suno.com.br\/noticias\/hapvida-compra-premium-saude-por-150-milhoes\/","name":"Hapvida (HAPV3) compra Premium Sa\u00fade por R$ 150 milh\u00f5es","isPartOf":{"@id":"https:\/\/www.suno.com.br\/noticias\/#website"},"primaryImageOfPage":{"@id":"https:\/\/www.suno.com.br\/noticias\/hapvida-compra-premium-saude-por-150-milhoes\/#primaryimage"},"image":{"@id":"https:\/\/www.suno.com.br\/noticias\/hapvida-compra-premium-saude-por-150-milhoes\/#primaryimage"},"thumbnailUrl":"https:\/\/files.sunoresearch.com.br\/n\/uploads\/2019\/06\/88b4afc3-29570692_1770338736321211_6492773938567174737_n-e1560165712553-png.webp","datePublished":"2020-11-09T10:56:08+00:00","description":"A Hapvida (HAPV3) anunciou a compra da operadora de planos de sa\u00fade Premium Sa\u00fade por R$ 150 milh\u00f5es.\u00a0Clique para saber mais.","breadcrumb":{"@id":"https:\/\/www.suno.com.br\/noticias\/hapvida-compra-premium-saude-por-150-milhoes\/#breadcrumb"},"inLanguage":"pt-BR","potentialAction":[{"@type":"ReadAction","target":["https:\/\/www.suno.com.br\/noticias\/hapvida-compra-premium-saude-por-150-milhoes\/"]}]},{"@type":"ImageObject","inLanguage":"pt-BR","@id":"https:\/\/www.suno.com.br\/noticias\/hapvida-compra-premium-saude-por-150-milhoes\/#primaryimage","url":"https:\/\/files.sunoresearch.com.br\/n\/uploads\/2019\/06\/88b4afc3-29570692_1770338736321211_6492773938567174737_n-e1560165712553-png.webp","contentUrl":"https:\/\/files.sunoresearch.com.br\/n\/uploads\/2019\/06\/88b4afc3-29570692_1770338736321211_6492773938567174737_n-e1560165712553-png.webp","width":583,"height":432,"caption":"Hapvida (HAPV3) anuncia aquisi\u00e7\u00e3o"},{"@type":"BreadcrumbList","@id":"https:\/\/www.suno.com.br\/noticias\/hapvida-compra-premium-saude-por-150-milhoes\/#breadcrumb","itemListElement":[{"@type":"ListItem","position":1,"name":"Not\u00edcias","item":"https:\/\/www.suno.com.br\/noticias\/"},{"@type":"ListItem","position":2,"name":"Neg\u00f3cios","item":"https:\/\/www.suno.com.br\/noticias\/negocios\/"},{"@type":"ListItem","position":3,"name":"Hapvida (HAPV3) compra Premium Sa\u00fade por R$ 150 milh\u00f5es"}]},{"@type":"WebSite","@id":"https:\/\/www.suno.com.br\/noticias\/#website","url":"https:\/\/www.suno.com.br\/noticias\/","name":"Suno Not\u00edcias","description":"Seu portal de informa\u00e7\u00e3o sobre o mundo dos investimentos","publisher":{"@id":"https:\/\/www.suno.com.br\/noticias\/#organization"},"potentialAction":[{"@type":"SearchAction","target":{"@type":"EntryPoint","urlTemplate":"https:\/\/www.suno.com.br\/noticias\/?s={search_term_string}"},"query-input":{"@type":"PropertyValueSpecification","valueRequired":true,"valueName":"search_term_string"}}],"inLanguage":"pt-BR"},{"@type":"Organization","@id":"https:\/\/www.suno.com.br\/noticias\/#organization","name":"Suno Not\u00edcias","url":"https:\/\/www.suno.com.br\/noticias\/","logo":{"@type":"ImageObject","inLanguage":"pt-BR","@id":"https:\/\/www.suno.com.br\/noticias\/#\/schema\/logo\/image\/","url":"https:\/\/files.sunoresearch.com.br\/n\/uploads\/2021\/09\/suno-logo.png","contentUrl":"https:\/\/files.sunoresearch.com.br\/n\/uploads\/2021\/09\/suno-logo.png","width":180,"height":180,"caption":"Suno Not\u00edcias"},"image":{"@id":"https:\/\/www.suno.com.br\/noticias\/#\/schema\/logo\/image\/"},"sameAs":["https:\/\/facebook.com\/sunoresearch","https:\/\/x.com\/sunoresearch","https:\/\/www.instagram.com\/suno","https:\/\/www.linkedin.com\/company\/suno-research\/","https:\/\/www.youtube.com\/c\/sunoresearch"]},{"@type":"Person","@id":"https:\/\/www.suno.com.br\/noticias\/#\/schema\/person\/1b24d67c140a42e864ef414497edb164","name":"Natalia G\u00f3mez","image":{"@type":"ImageObject","inLanguage":"pt-BR","@id":"https:\/\/www.suno.com.br\/noticias\/#\/schema\/person\/image\/","url":"https:\/\/secure.gravatar.com\/avatar\/9e957e0b2b485c2d42c3f4145c16d940?s=96&r=g","contentUrl":"https:\/\/secure.gravatar.com\/avatar\/9e957e0b2b485c2d42c3f4145c16d940?s=96&r=g","caption":"Natalia G\u00f3mez"},"description":"Editora do Suno Not\u00edcias desde outubro de 2020, \u00e9 jornalista formada pela PUC-SP, com p\u00f3s-gradua\u00e7\u00e3o em jornalismo liter\u00e1rio. Atua no mercado financeiro desde 2003, quando iniciou a carreira no jornal econ\u00f4mico DCI, cobrindo o setor de alimentos no caderno de Ind\u00fastria. Foi trainee do jornal Valor Econ\u00f4mico, onde atuou no Caderno de Empresas por quase tr\u00eas anos. L\u00e1, cobriu o setor de ind\u00fastria, com foco em siderurgia, embalagens e aeroespacial. Fez coberturas setoriais em viagens para S\u00e3o Jos\u00e9 dos Campos e Franca (SP), al\u00e9m de coberturas internacionais na Alemanha e na Su\u00e9cia. Trabalhou por cinco anos na Ag\u00eancia Estado\/Broadcast, do Grupo Estado, onde foi rep\u00f3rter dos setores de minera\u00e7\u00e3o e siderurgia, alimentos e bebidas e finan\u00e7as. Foi premiada como o pr\u00eamio Destaque de Reportagem da AE em 2007 e 2008. Al\u00e9m de atuar no servi\u00e7o de not\u00edcias em tempo real, fez participa\u00e7\u00f5es no caderno de Economia do jornal Estado de S.Paulo e na R\u00e1dio Eldorado. Ainda no Grupo Estado, foi editora assistente da editoria Empresas e Setores, atuando com edi\u00e7\u00e3o e pauta, al\u00e9m de cobrir mercados diariamente com o cen\u00e1rio de bolsa e fazer reportagens especiais com foco em governan\u00e7a corporativa. Trabalhou tamb\u00e9m como correspondente de finan\u00e7as no servi\u00e7o da Thomson Reuters em portugu\u00eas por quase um ano. Atuou por cerca de oito anos como jornalista independente, contribuindo para ve\u00edculos como UOL Economia, Infomoney e Revista Voc\u00ea SA, al\u00e9m de ter trabalhado em projetos na \u00e1rea de conte\u00fado e comunica\u00e7\u00e3o de institui\u00e7\u00f5es financeiras como Anbima, Banco BS2, Banco Pine, Ita\u00fa BBA e EQI.","url":"https:\/\/www.suno.com.br\/noticias\/author\/natalia-gomez\/"}]}},"default_loop_html":"<div class=\"cardsPage__listCard__boxs\"><div class=\"cardsPage__listCard__boxs__img\"><a href=\"https:\/\/www.suno.com.br\/noticias\/hapvida-compra-premium-saude-por-150-milhoes\/\"><img class=\"mask\" src=\"https:\/\/www.suno.com.br\/noticias\/wp-content\/themes\/suno\/resources\/images\/spotlight\/spotlight1img\/bg-mask.png\" alt=\"Image Mask\"\/><img src=\"https:\/\/files.sunoresearch.com.br\/n\/uploads\/2019\/06\/88b4afc3-29570692_1770338736321211_6492773938567174737_n-e1560165712553-400x200.webp\" alt=\"Hapvida (HAPV3) compra Premium Sa\u00fade por R$ 150 milh\u00f5es\"\/><\/a><span class=\"spotlightCategory\"><a href=\"https:\/\/www.suno.com.br\/noticias\/negocios\/\">Neg\u00f3cios<\/a><\/span><\/div><div class=\"cardsPage__listCard__boxs__content\"><a href=\"https:\/\/www.suno.com.br\/noticias\/hapvida-compra-premium-saude-por-150-milhoes\/\"><h2 class=\"content__title\">Hapvida (HAPV3) compra Premium Sa\u00fade por R$ 150 milh\u00f5es<\/h2><\/a><div class=\"newsContent__article__meta\"><div class=\"newsContent__article__meta__authorBox\"><a href=\"https:\/\/www.suno.com.br\/noticias\/author\/natalia-gomez\/\" class=\"authorBox__avatar noMobi\"><img src=\"https:\/\/secure.gravatar.com\/avatar\/9e957e0b2b485c2d42c3f4145c16d940?s=96&#038;r=g\" alt=\"Natalia G\u00f3mez\"><\/a><div class=\"authorBox__name\"><span>por\n\t\t\t<a href=\"https:\/\/www.suno.com.br\/noticias\/author\/natalia-gomez\/\"><span itemprop=\"author\">Natalia G\u00f3mez<\/span><\/a><\/span><time datetime=\"2020-11-09T07:56:08-03:00\" itemprop=\"datePublished\">09\/11\/2020 07:56<\/time><\/div><\/div><\/div><\/div><\/div>","single_layout":"posts","amp_enabled":true,"_links":{"self":[{"href":"https:\/\/www.suno.com.br\/noticias\/wp-json\/wp\/v2\/posts\/98488"}],"collection":[{"href":"https:\/\/www.suno.com.br\/noticias\/wp-json\/wp\/v2\/posts"}],"about":[{"href":"https:\/\/www.suno.com.br\/noticias\/wp-json\/wp\/v2\/types\/post"}],"author":[{"embeddable":true,"href":"https:\/\/www.suno.com.br\/noticias\/wp-json\/wp\/v2\/users\/60"}],"replies":[{"embeddable":true,"href":"https:\/\/www.suno.com.br\/noticias\/wp-json\/wp\/v2\/comments?post=98488"}],"version-history":[{"count":0,"href":"https:\/\/www.suno.com.br\/noticias\/wp-json\/wp\/v2\/posts\/98488\/revisions"}],"wp:featuredmedia":[{"embeddable":true,"href":"https:\/\/www.suno.com.br\/noticias\/wp-json\/wp\/v2\/media\/27719"}],"wp:attachment":[{"href":"https:\/\/www.suno.com.br\/noticias\/wp-json\/wp\/v2\/media?parent=98488"}],"wp:term":[{"taxonomy":"category","embeddable":true,"href":"https:\/\/www.suno.com.br\/noticias\/wp-json\/wp\/v2\/categories?post=98488"},{"taxonomy":"post_tag","embeddable":true,"href":"https:\/\/www.suno.com.br\/noticias\/wp-json\/wp\/v2\/tags?post=98488"},{"taxonomy":"suno_strategy","embeddable":true,"href":"https:\/\/www.suno.com.br\/noticias\/wp-json\/wp\/v2\/suno_strategy?post=98488"}],"curies":[{"name":"wp","href":"https:\/\/api.w.org\/{rel}","templated":true}]}}