{"id":98463,"date":"2020-11-08T14:37:03","date_gmt":"2020-11-08T17:37:03","guid":{"rendered":"https:\/\/www.suno.com.br\/noticias\/?p=98463"},"modified":"2021-06-13T23:29:58","modified_gmt":"2021-06-14T02:29:58","slug":"sem-provas-trump-fala-em-fraude-vitoria-biden","status":"publish","type":"post","link":"https:\/\/www.suno.com.br\/noticias\/sem-provas-trump-fala-em-fraude-vitoria-biden\/","title":{"rendered":"Sem provas, Trump volta a falar em fraude ap\u00f3s vit\u00f3ria de Biden"},"content":{"rendered":"<p>Cerca de 24 horas ap\u00f3s Joe Biden ser declarado o presidente eleito nos Estados Unidos por ag\u00eancias e ve\u00edculos de imprensa, <a href=\"https:\/\/www.suno.com.br\/tudo-sobre\/donald-trump\/\"><strong>Donald Trump<\/strong><\/a> voltou a alegar fraudes no processo eleitoral. O mandat\u00e1rio, no entanto, ainda n\u00e3o apresentou provas.<\/p>\t<div class=\"wrapper-featured-image\">\n\t\t<figure class=\"spotlightImg\">\n\n\t\t\t<picture>\n\t\t\t\t<source media=\"(max-width: 768px)\" srcset=\"https:\/\/files.sunoresearch.com.br\/n\/uploads\/2020\/11\/f606baf7-donald-trump-triste-por-venezuela-400x200.webp\">\n\t\t\t\t<img loading=\"lazy\" decoding=\"async\" class=\"newsContent__article__imgCapa lazyloadDisabled \" src=\"https:\/\/files.sunoresearch.com.br\/n\/uploads\/2020\/11\/f606baf7-donald-trump-triste-por-venezuela-800x450.webp\" width=\"800\" height=\"450\" alt=\"Sem provas, Trump volta a falar em fraude ap\u00f3s vit\u00f3ria de Biden\" fetchpriority=high \/>\n\t\t\t<\/picture>\n\n\t\t\t<figcaption class=\"wp-caption-text wp-caption-text--show\">O presidente dos Estados Unidos, Donald Trump, teve suas contas do Facebook e Instagram, que fazem parte do mesmo grupo, banidas.<\/figcaption>\n\t\t<\/figure>\n\t<\/div>\n\n\n<p><span style=\"font-weight: 400;\">\t<p>\n\t\t<a href=\"\" target=\"_blank\" data-element=\"shortcode-suno-banner\" title=\"Banner SUNO, clique e saiba mais\">\n\t\t\t<picture>\n\t\t\t\t<source media=\"(max-width: 500px)\" srcset=\"\">\n\t\t\t\t<img class=\"newsContent__article__imgCapa newsContent__article__imgCapa--banner\"\n\t\t\t\t\tsrc=\"\"\n\t\t\t\t\tdata-promo-id=\"97204\"\t\t\t\t\t\t\t\t\t\t\t\t\t\t\talt=\"\"\n\t\t\t\t>\n\t\t\t<\/picture>\n\t\t<\/a>\n\t<\/p>\n\n<\/span><\/p>\n<p>Em uma s\u00e9rie de publica\u00e7\u00f5es em sua conta pessoal no Twitter, Trump cita o analista da George Washington University, <strong>Jonathan Turley<\/strong>, e o ex-presidente da C\u00e2mara dos Representantes, <strong>Newt Gingrich<\/strong>, para falar em &#8220;roubo&#8221; nas elei\u00e7\u00f5es da \u00faltima semana.<\/p>\n<p>&#8220;N\u00f3s devemos olhar para todos os votos. Estamos s\u00f3 no come\u00e7o do est\u00e1gio de tabula\u00e7\u00e3o. N\u00f3s devemos olhar para essas alega\u00e7\u00f5es. Estamos vendo um n\u00famero de declara\u00e7\u00f5es juramentadas de que houve fraude no voto. N\u00f3s temos um hist\u00f3rico nesse pa\u00eds de problemas nas elei\u00e7\u00f5es&#8221;, diz Trump, em reprodu\u00e7\u00e3o de um post de Turley.<\/p>\n<p><a href=\"https:\/\/lp.suno.com.br\/suno-one\/\"><span style=\"font-weight: 400;\">Suno One: acesse gratuitamente eBooks, Minicursos, Artigos e Video Aulas sobre investimentos com um \u00fanico cadastro. Clique para saber mais!<\/span><\/a><\/p>\n<p>O analista norte-americano, reafirma que se posiciona a favor de uma revis\u00e3o dos votos, mas que &#8220;n\u00e3o h\u00e1 atualmente nenhuma evid\u00eancia de fraude&#8221;. &#8220;Essas alega\u00e7\u00f5es iniciais podem ou n\u00e3o ser indicativas de um problema mais sist\u00eamico. Vamos descobrir&#8221;, diz Turley em uma sequ\u00eancia de publica\u00e7\u00f5es.<\/p>\n<p><span style=\"font-weight: 400;\">\u00a0<div class=\"hubspot-form-wrapper\">\n\t<div id=\"single-form-target\"><\/div>\n<\/div>\n<\/span><\/p>\n<h2>Esta foi uma elei\u00e7\u00e3o roubada, diz Trump<\/h2>\n<p>Logo depois, Trump escreveu frases atribu\u00eddas a seu parceiro do Partido Republicano, Newt Gingrich. &#8220;Esta foi uma elei\u00e7\u00e3o roubada. Eles roubaram tudo o que tinham para roubar&#8221;. Neste momento, nem Trump tampouco o ex-presidente da C\u00e2mara trouxeram comprova\u00e7\u00f5es.<\/p>\n<blockquote class=\"twitter-tweet\">\n<p dir=\"ltr\" lang=\"en\">\u201cWe believe these people are thieves. The big city machines are corrupt. This was a stolen election. Best pollster in Britain wrote this morning that this clearly was a stolen election, that it\u2019s impossible to imagine that Biden outran Obama in some of these states.<\/p>\n<p>\u2014 Donald J. Trump (@realDonaldTrump) <a href=\"https:\/\/twitter.com\/realDonaldTrump\/status\/1325442336957018112?ref_src=twsrc%5Etfw\">November 8, 2020<\/a><\/p><\/blockquote>\n<p><script async src=\"https:\/\/platform.twitter.com\/widgets.js\" charset=\"utf-8\"><\/script><\/p>\n<p>Gingrich, que \u00e9 jurista, tamb\u00e9m mostrou seu receio com &#8220;cem milh\u00f5es de c\u00e9dulas por correio em cidades como Filad\u00e9lfia e Detroit&#8221; que, segundo ele, t\u00eam &#8220;uma longa s\u00e9rie de problemas eleitorais (para dizer o m\u00ednimo)&#8221;.<\/p>\n<p>As cidades citadas pelo apoiador de Trump s\u00e3o, respectivamente, as mais relevantes da <strong>Pensilv\u00e2nia<\/strong> e de <strong>Michigan<\/strong>, estados considerados decisivos que, no in\u00edcio da contagem dos votos, Trump estava \u00e0 frente mas que foi ultrapassado por <strong>Biden<\/strong>, que venceu nas cidades e assegurou a vit\u00f3ria.<\/p>\n<p><span style=\"font-weight: 400;\">\t<div data-element=\"shortcode-read-more\" class=\"knowMore\">\n\t\t\t\t<span class=\"knowMore__title\">Saiba mais<\/span>\n\t\t\t\t<a class=\"knowMore__link\" href=\"https:\/\/www.suno.com.br\/noticias\/trumpconomia-gestao-economica-donald-trump\/\">\n\t\t\tTrumpconomia: como foi a gest\u00e3o econ\u00f4mica de Donald Trump\t\t<\/a>\n\t<\/div>\n\n<\/span><\/p>\n<p>Como tem feito nos \u00faltimos dias, o Twitter colocou alertas embaixo dos tu\u00edtes de <strong>Trump<\/strong>, dizendo que &#8220;essas alega\u00e7\u00f5es sobre fraude na elei\u00e7\u00e3o s\u00e3o contestadas&#8221;. Em meados deste ano, as contas do filho do mandat\u00e1rio, Donald Trump Jr., e do ex-estrategista de Trump, Steve Bannon, j\u00e1 haviam sido suspensas da rede social por viola\u00e7\u00e3o das regras de uso.<\/p>\n<p><span style=\"font-weight: 400;\">\t<p>\n\t\t<a href=\"https:\/\/lp.suno.com.br\/planilha-de-controle-de-investimentos\/\" target=\"_blank\" data-element=\"shortcode-suno-banner\" title=\"Banner SUNO, clique e saiba mais\">\n\t\t\t<picture>\n\t\t\t\t<source media=\"(max-width: 500px)\" srcset=\"https:\/\/files.sunoresearch.com.br\/n\/uploads\/2023\/03\/400x300-Controle-de-Investimentos.png\">\n\t\t\t\t<img class=\"newsContent__article__imgCapa newsContent__article__imgCapa--banner\"\n\t\t\t\t\tsrc=\"https:\/\/files.sunoresearch.com.br\/n\/uploads\/2023\/03\/1420x240-Controle-de-Investimentos.png\"\n\t\t\t\t\tdata-promo-id=\"75934\"\t\t\t\t\t\t\t\t\t\twidth='1420' height='240'\t\t\t\t\talt=\"https:\/\/files.sunoresearch.com.br\/n\/uploads\/2023\/03\/1420x240-Controle-de-Investimentos.png\"\n\t\t\t\t>\n\t\t\t<\/picture>\n\t\t<\/a>\n\t<\/p>\n\n<\/span><\/p>\n","protected":false},"excerpt":{"rendered":"<p>Cerca de 24 horas ap\u00f3s Joe Biden ser declarado o presidente eleito nos Estados Unidos por ag\u00eancias e ve\u00edculos de imprensa, Donald Trump voltou a alegar fraudes no processo eleitoral. O mandat\u00e1rio, no entanto, ainda n\u00e3o apresentou provas. O presidente dos Estados Unidos, Donald Trump, teve suas contas do Facebook e Instagram, que fazem parte [&hellip;]<\/p>\n","protected":false},"author":24,"featured_media":98464,"comment_status":"closed","ping_status":"closed","sticky":false,"template":"","format":"standard","meta":[],"categories":[63],"tags":[724,104868,793,73481],"suno_strategy":[],"class_list":["post-98463","post","type-post","status-publish","format-standard","has-post-thumbnail","hentry","category-internacional","tag-donald-trump","tag-eleicoes-americanas","tag-estados-unidos-eua","tag-joe-biden"],"yoast_head":"<!-- This site is optimized with the Yoast SEO plugin v24.4 - https:\/\/yoast.com\/wordpress\/plugins\/seo\/ -->\n<title>Sem provas, Trump volta a falar em fraude ap\u00f3s vit\u00f3ria de Biden<\/title>\n<meta name=\"description\" content=\"Cerca de 24 horas ap\u00f3s Joe Biden ser declarado o presidente eleito, Donald Trump voltou a alegar fraudes no processo eleitoral. Saiba mais.\" \/>\n<meta name=\"robots\" content=\"index, follow, max-snippet:-1, max-image-preview:large, max-video-preview:-1\" \/>\n<link rel=\"canonical\" href=\"https:\/\/www.suno.com.br\/noticias\/sem-provas-trump-fala-em-fraude-vitoria-biden\/\" \/>\n<meta property=\"og:locale\" content=\"pt_BR\" \/>\n<meta property=\"og:type\" content=\"article\" \/>\n<meta property=\"og:title\" content=\"Sem provas, Trump volta a falar em fraude ap\u00f3s vit\u00f3ria de Biden\" \/>\n<meta property=\"og:description\" content=\"Cerca de 24 horas ap\u00f3s Joe Biden ser declarado o presidente eleito, Donald Trump voltou a alegar fraudes no processo eleitoral. Saiba mais.\" \/>\n<meta property=\"og:url\" content=\"https:\/\/www.suno.com.br\/noticias\/sem-provas-trump-fala-em-fraude-vitoria-biden\/\" \/>\n<meta property=\"og:site_name\" content=\"Suno Not\u00edcias\" \/>\n<meta property=\"article:publisher\" content=\"https:\/\/facebook.com\/sunoresearch\" \/>\n<meta property=\"og:image\" content=\"https:\/\/files.sunoresearch.com.br\/n\/uploads\/2020\/11\/f606baf7-donald-trump-triste-por-venezuela.jpg\" \/>\n\t<meta property=\"og:image:width\" content=\"1200\" \/>\n\t<meta property=\"og:image:height\" content=\"900\" \/>\n\t<meta property=\"og:image:type\" content=\"image\/jpeg\" \/>\n<meta name=\"author\" content=\"Jader Lazarini\" \/>\n<meta name=\"twitter:card\" content=\"summary_large_image\" \/>\n<meta name=\"twitter:creator\" content=\"@sunoresearch\" \/>\n<meta name=\"twitter:site\" content=\"@sunoresearch\" \/>\n<meta name=\"twitter:label1\" content=\"Escrito por\" \/>\n\t<meta name=\"twitter:data1\" content=\"Jader Lazarini\" \/>\n\t<meta name=\"twitter:label2\" content=\"Est. tempo de leitura\" \/>\n\t<meta name=\"twitter:data2\" content=\"3 minutos\" \/>\n<script type=\"application\/ld+json\" class=\"yoast-schema-graph\">{\"@context\":\"https:\/\/schema.org\",\"@graph\":[{\"@type\":\"NewsArticle\",\"@id\":\"https:\/\/www.suno.com.br\/noticias\/sem-provas-trump-fala-em-fraude-vitoria-biden\/#article\",\"isPartOf\":{\"@id\":\"https:\/\/www.suno.com.br\/noticias\/sem-provas-trump-fala-em-fraude-vitoria-biden\/\"},\"author\":{\"name\":\"Jader Lazarini\",\"@id\":\"https:\/\/www.suno.com.br\/noticias\/#\/schema\/person\/918d79de1f0281f01599b93f9ea6e23f\"},\"headline\":\"Sem provas, Trump volta a falar em fraude ap\u00f3s vit\u00f3ria de Biden\",\"datePublished\":\"2020-11-08T17:37:03+00:00\",\"dateModified\":\"2021-06-14T02:29:58+00:00\",\"mainEntityOfPage\":{\"@id\":\"https:\/\/www.suno.com.br\/noticias\/sem-provas-trump-fala-em-fraude-vitoria-biden\/\"},\"wordCount\":518,\"publisher\":{\"@id\":\"https:\/\/www.suno.com.br\/noticias\/#organization\"},\"image\":{\"@id\":\"https:\/\/www.suno.com.br\/noticias\/sem-provas-trump-fala-em-fraude-vitoria-biden\/#primaryimage\"},\"thumbnailUrl\":\"https:\/\/files.sunoresearch.com.br\/n\/uploads\/2020\/11\/f606baf7-donald-trump-triste-por-venezuela-jpg.webp\",\"keywords\":[\"Donald Trump\",\"Elei\u00e7\u00f5es americanas\",\"Estados Unidos (EUA)\",\"Joe Biden\"],\"articleSection\":[\"Internacional\"],\"inLanguage\":\"pt-BR\"},{\"@type\":\"WebPage\",\"@id\":\"https:\/\/www.suno.com.br\/noticias\/sem-provas-trump-fala-em-fraude-vitoria-biden\/\",\"url\":\"https:\/\/www.suno.com.br\/noticias\/sem-provas-trump-fala-em-fraude-vitoria-biden\/\",\"name\":\"Sem provas, Trump volta a falar em fraude ap\u00f3s vit\u00f3ria de Biden\",\"isPartOf\":{\"@id\":\"https:\/\/www.suno.com.br\/noticias\/#website\"},\"primaryImageOfPage\":{\"@id\":\"https:\/\/www.suno.com.br\/noticias\/sem-provas-trump-fala-em-fraude-vitoria-biden\/#primaryimage\"},\"image\":{\"@id\":\"https:\/\/www.suno.com.br\/noticias\/sem-provas-trump-fala-em-fraude-vitoria-biden\/#primaryimage\"},\"thumbnailUrl\":\"https:\/\/files.sunoresearch.com.br\/n\/uploads\/2020\/11\/f606baf7-donald-trump-triste-por-venezuela-jpg.webp\",\"datePublished\":\"2020-11-08T17:37:03+00:00\",\"dateModified\":\"2021-06-14T02:29:58+00:00\",\"description\":\"Cerca de 24 horas ap\u00f3s Joe Biden ser declarado o presidente eleito, Donald Trump voltou a alegar fraudes no processo eleitoral. Saiba mais.\",\"breadcrumb\":{\"@id\":\"https:\/\/www.suno.com.br\/noticias\/sem-provas-trump-fala-em-fraude-vitoria-biden\/#breadcrumb\"},\"inLanguage\":\"pt-BR\",\"potentialAction\":[{\"@type\":\"ReadAction\",\"target\":[\"https:\/\/www.suno.com.br\/noticias\/sem-provas-trump-fala-em-fraude-vitoria-biden\/\"]}]},{\"@type\":\"ImageObject\",\"inLanguage\":\"pt-BR\",\"@id\":\"https:\/\/www.suno.com.br\/noticias\/sem-provas-trump-fala-em-fraude-vitoria-biden\/#primaryimage\",\"url\":\"https:\/\/files.sunoresearch.com.br\/n\/uploads\/2020\/11\/f606baf7-donald-trump-triste-por-venezuela-jpg.webp\",\"contentUrl\":\"https:\/\/files.sunoresearch.com.br\/n\/uploads\/2020\/11\/f606baf7-donald-trump-triste-por-venezuela-jpg.webp\",\"width\":1200,\"height\":900,\"caption\":\"O presidente dos Estados Unidos, Donald Trump, teve suas contas do Facebook e Instagram, que fazem parte do mesmo grupo, banidas.\"},{\"@type\":\"BreadcrumbList\",\"@id\":\"https:\/\/www.suno.com.br\/noticias\/sem-provas-trump-fala-em-fraude-vitoria-biden\/#breadcrumb\",\"itemListElement\":[{\"@type\":\"ListItem\",\"position\":1,\"name\":\"Not\u00edcias\",\"item\":\"https:\/\/www.suno.com.br\/noticias\/\"},{\"@type\":\"ListItem\",\"position\":2,\"name\":\"Internacional\",\"item\":\"https:\/\/www.suno.com.br\/noticias\/internacional\/\"},{\"@type\":\"ListItem\",\"position\":3,\"name\":\"Sem provas, Trump volta a falar em fraude ap\u00f3s vit\u00f3ria de Biden\"}]},{\"@type\":\"WebSite\",\"@id\":\"https:\/\/www.suno.com.br\/noticias\/#website\",\"url\":\"https:\/\/www.suno.com.br\/noticias\/\",\"name\":\"Suno Not\u00edcias\",\"description\":\"Seu portal de informa\u00e7\u00e3o sobre o mundo dos investimentos\",\"publisher\":{\"@id\":\"https:\/\/www.suno.com.br\/noticias\/#organization\"},\"potentialAction\":[{\"@type\":\"SearchAction\",\"target\":{\"@type\":\"EntryPoint\",\"urlTemplate\":\"https:\/\/www.suno.com.br\/noticias\/?s={search_term_string}\"},\"query-input\":{\"@type\":\"PropertyValueSpecification\",\"valueRequired\":true,\"valueName\":\"search_term_string\"}}],\"inLanguage\":\"pt-BR\"},{\"@type\":\"Organization\",\"@id\":\"https:\/\/www.suno.com.br\/noticias\/#organization\",\"name\":\"Suno Not\u00edcias\",\"url\":\"https:\/\/www.suno.com.br\/noticias\/\",\"logo\":{\"@type\":\"ImageObject\",\"inLanguage\":\"pt-BR\",\"@id\":\"https:\/\/www.suno.com.br\/noticias\/#\/schema\/logo\/image\/\",\"url\":\"https:\/\/files.sunoresearch.com.br\/n\/uploads\/2021\/09\/suno-logo.png\",\"contentUrl\":\"https:\/\/files.sunoresearch.com.br\/n\/uploads\/2021\/09\/suno-logo.png\",\"width\":180,\"height\":180,\"caption\":\"Suno Not\u00edcias\"},\"image\":{\"@id\":\"https:\/\/www.suno.com.br\/noticias\/#\/schema\/logo\/image\/\"},\"sameAs\":[\"https:\/\/facebook.com\/sunoresearch\",\"https:\/\/x.com\/sunoresearch\",\"https:\/\/www.instagram.com\/suno\",\"https:\/\/www.linkedin.com\/company\/suno-research\/\",\"https:\/\/www.youtube.com\/c\/sunoresearch\"]},{\"@type\":\"Person\",\"@id\":\"https:\/\/www.suno.com.br\/noticias\/#\/schema\/person\/918d79de1f0281f01599b93f9ea6e23f\",\"name\":\"Jader Lazarini\",\"image\":{\"@type\":\"ImageObject\",\"inLanguage\":\"pt-BR\",\"@id\":\"https:\/\/www.suno.com.br\/noticias\/#\/schema\/person\/image\/\",\"url\":\"https:\/\/secure.gravatar.com\/avatar\/3c1ad8caa51589841baeb923fcddea97?s=96&r=g\",\"contentUrl\":\"https:\/\/secure.gravatar.com\/avatar\/3c1ad8caa51589841baeb923fcddea97?s=96&r=g\",\"caption\":\"Jader Lazarini\"},\"description\":\"Jader Lazarini escreve sobre investimentos, finan\u00e7as, economia e neg\u00f3cios. \u00c9 bacharel em Rela\u00e7\u00f5es Internacionais e analista CNPI (2619).\",\"url\":\"https:\/\/www.suno.com.br\/noticias\/author\/jader-lazarini\/\"}]}<\/script>\n<!-- \/ Yoast SEO plugin. -->","yoast_head_json":{"title":"Sem provas, Trump volta a falar em fraude ap\u00f3s vit\u00f3ria de Biden","description":"Cerca de 24 horas ap\u00f3s Joe Biden ser declarado o presidente eleito, Donald Trump voltou a alegar fraudes no processo eleitoral. Saiba mais.","robots":{"index":"index","follow":"follow","max-snippet":"max-snippet:-1","max-image-preview":"max-image-preview:large","max-video-preview":"max-video-preview:-1"},"canonical":"https:\/\/www.suno.com.br\/noticias\/sem-provas-trump-fala-em-fraude-vitoria-biden\/","og_locale":"pt_BR","og_type":"article","og_title":"Sem provas, Trump volta a falar em fraude ap\u00f3s vit\u00f3ria de Biden","og_description":"Cerca de 24 horas ap\u00f3s Joe Biden ser declarado o presidente eleito, Donald Trump voltou a alegar fraudes no processo eleitoral. Saiba mais.","og_url":"https:\/\/www.suno.com.br\/noticias\/sem-provas-trump-fala-em-fraude-vitoria-biden\/","og_site_name":"Suno Not\u00edcias","article_publisher":"https:\/\/facebook.com\/sunoresearch","og_image":[{"width":1200,"height":900,"url":"https:\/\/files.sunoresearch.com.br\/n\/uploads\/2020\/11\/f606baf7-donald-trump-triste-por-venezuela.jpg","type":"image\/jpeg"}],"author":"Jader Lazarini","twitter_card":"summary_large_image","twitter_creator":"@sunoresearch","twitter_site":"@sunoresearch","twitter_misc":{"Escrito por":"Jader Lazarini","Est. tempo de leitura":"3 minutos"},"schema":{"@context":"https:\/\/schema.org","@graph":[{"@type":"NewsArticle","@id":"https:\/\/www.suno.com.br\/noticias\/sem-provas-trump-fala-em-fraude-vitoria-biden\/#article","isPartOf":{"@id":"https:\/\/www.suno.com.br\/noticias\/sem-provas-trump-fala-em-fraude-vitoria-biden\/"},"author":{"name":"Jader Lazarini","@id":"https:\/\/www.suno.com.br\/noticias\/#\/schema\/person\/918d79de1f0281f01599b93f9ea6e23f"},"headline":"Sem provas, Trump volta a falar em fraude ap\u00f3s vit\u00f3ria de Biden","datePublished":"2020-11-08T17:37:03+00:00","dateModified":"2021-06-14T02:29:58+00:00","mainEntityOfPage":{"@id":"https:\/\/www.suno.com.br\/noticias\/sem-provas-trump-fala-em-fraude-vitoria-biden\/"},"wordCount":518,"publisher":{"@id":"https:\/\/www.suno.com.br\/noticias\/#organization"},"image":{"@id":"https:\/\/www.suno.com.br\/noticias\/sem-provas-trump-fala-em-fraude-vitoria-biden\/#primaryimage"},"thumbnailUrl":"https:\/\/files.sunoresearch.com.br\/n\/uploads\/2020\/11\/f606baf7-donald-trump-triste-por-venezuela-jpg.webp","keywords":["Donald Trump","Elei\u00e7\u00f5es americanas","Estados Unidos (EUA)","Joe Biden"],"articleSection":["Internacional"],"inLanguage":"pt-BR"},{"@type":"WebPage","@id":"https:\/\/www.suno.com.br\/noticias\/sem-provas-trump-fala-em-fraude-vitoria-biden\/","url":"https:\/\/www.suno.com.br\/noticias\/sem-provas-trump-fala-em-fraude-vitoria-biden\/","name":"Sem provas, Trump volta a falar em fraude ap\u00f3s vit\u00f3ria de Biden","isPartOf":{"@id":"https:\/\/www.suno.com.br\/noticias\/#website"},"primaryImageOfPage":{"@id":"https:\/\/www.suno.com.br\/noticias\/sem-provas-trump-fala-em-fraude-vitoria-biden\/#primaryimage"},"image":{"@id":"https:\/\/www.suno.com.br\/noticias\/sem-provas-trump-fala-em-fraude-vitoria-biden\/#primaryimage"},"thumbnailUrl":"https:\/\/files.sunoresearch.com.br\/n\/uploads\/2020\/11\/f606baf7-donald-trump-triste-por-venezuela-jpg.webp","datePublished":"2020-11-08T17:37:03+00:00","dateModified":"2021-06-14T02:29:58+00:00","description":"Cerca de 24 horas ap\u00f3s Joe Biden ser declarado o presidente eleito, Donald Trump voltou a alegar fraudes no processo eleitoral. Saiba mais.","breadcrumb":{"@id":"https:\/\/www.suno.com.br\/noticias\/sem-provas-trump-fala-em-fraude-vitoria-biden\/#breadcrumb"},"inLanguage":"pt-BR","potentialAction":[{"@type":"ReadAction","target":["https:\/\/www.suno.com.br\/noticias\/sem-provas-trump-fala-em-fraude-vitoria-biden\/"]}]},{"@type":"ImageObject","inLanguage":"pt-BR","@id":"https:\/\/www.suno.com.br\/noticias\/sem-provas-trump-fala-em-fraude-vitoria-biden\/#primaryimage","url":"https:\/\/files.sunoresearch.com.br\/n\/uploads\/2020\/11\/f606baf7-donald-trump-triste-por-venezuela-jpg.webp","contentUrl":"https:\/\/files.sunoresearch.com.br\/n\/uploads\/2020\/11\/f606baf7-donald-trump-triste-por-venezuela-jpg.webp","width":1200,"height":900,"caption":"O presidente dos Estados Unidos, Donald Trump, teve suas contas do Facebook e Instagram, que fazem parte do mesmo grupo, banidas."},{"@type":"BreadcrumbList","@id":"https:\/\/www.suno.com.br\/noticias\/sem-provas-trump-fala-em-fraude-vitoria-biden\/#breadcrumb","itemListElement":[{"@type":"ListItem","position":1,"name":"Not\u00edcias","item":"https:\/\/www.suno.com.br\/noticias\/"},{"@type":"ListItem","position":2,"name":"Internacional","item":"https:\/\/www.suno.com.br\/noticias\/internacional\/"},{"@type":"ListItem","position":3,"name":"Sem provas, Trump volta a falar em fraude ap\u00f3s vit\u00f3ria de Biden"}]},{"@type":"WebSite","@id":"https:\/\/www.suno.com.br\/noticias\/#website","url":"https:\/\/www.suno.com.br\/noticias\/","name":"Suno Not\u00edcias","description":"Seu portal de informa\u00e7\u00e3o sobre o mundo dos investimentos","publisher":{"@id":"https:\/\/www.suno.com.br\/noticias\/#organization"},"potentialAction":[{"@type":"SearchAction","target":{"@type":"EntryPoint","urlTemplate":"https:\/\/www.suno.com.br\/noticias\/?s={search_term_string}"},"query-input":{"@type":"PropertyValueSpecification","valueRequired":true,"valueName":"search_term_string"}}],"inLanguage":"pt-BR"},{"@type":"Organization","@id":"https:\/\/www.suno.com.br\/noticias\/#organization","name":"Suno Not\u00edcias","url":"https:\/\/www.suno.com.br\/noticias\/","logo":{"@type":"ImageObject","inLanguage":"pt-BR","@id":"https:\/\/www.suno.com.br\/noticias\/#\/schema\/logo\/image\/","url":"https:\/\/files.sunoresearch.com.br\/n\/uploads\/2021\/09\/suno-logo.png","contentUrl":"https:\/\/files.sunoresearch.com.br\/n\/uploads\/2021\/09\/suno-logo.png","width":180,"height":180,"caption":"Suno Not\u00edcias"},"image":{"@id":"https:\/\/www.suno.com.br\/noticias\/#\/schema\/logo\/image\/"},"sameAs":["https:\/\/facebook.com\/sunoresearch","https:\/\/x.com\/sunoresearch","https:\/\/www.instagram.com\/suno","https:\/\/www.linkedin.com\/company\/suno-research\/","https:\/\/www.youtube.com\/c\/sunoresearch"]},{"@type":"Person","@id":"https:\/\/www.suno.com.br\/noticias\/#\/schema\/person\/918d79de1f0281f01599b93f9ea6e23f","name":"Jader Lazarini","image":{"@type":"ImageObject","inLanguage":"pt-BR","@id":"https:\/\/www.suno.com.br\/noticias\/#\/schema\/person\/image\/","url":"https:\/\/secure.gravatar.com\/avatar\/3c1ad8caa51589841baeb923fcddea97?s=96&r=g","contentUrl":"https:\/\/secure.gravatar.com\/avatar\/3c1ad8caa51589841baeb923fcddea97?s=96&r=g","caption":"Jader Lazarini"},"description":"Jader Lazarini escreve sobre investimentos, finan\u00e7as, economia e neg\u00f3cios. \u00c9 bacharel em Rela\u00e7\u00f5es Internacionais e analista CNPI (2619).","url":"https:\/\/www.suno.com.br\/noticias\/author\/jader-lazarini\/"}]}},"default_loop_html":"<div class=\"cardsPage__listCard__boxs\"><div class=\"cardsPage__listCard__boxs__img\"><a href=\"https:\/\/www.suno.com.br\/noticias\/sem-provas-trump-fala-em-fraude-vitoria-biden\/\"><img class=\"mask\" src=\"https:\/\/www.suno.com.br\/noticias\/wp-content\/themes\/suno\/resources\/images\/spotlight\/spotlight1img\/bg-mask.png\" alt=\"Image Mask\"\/><img src=\"https:\/\/files.sunoresearch.com.br\/n\/uploads\/2020\/11\/f606baf7-donald-trump-triste-por-venezuela-400x200.webp\" alt=\"Sem provas, Trump volta a falar em fraude ap\u00f3s vit\u00f3ria de Biden\"\/><\/a><span class=\"spotlightCategory\"><a href=\"https:\/\/www.suno.com.br\/noticias\/internacional\/\">Internacional<\/a><\/span><\/div><div class=\"cardsPage__listCard__boxs__content\"><a href=\"https:\/\/www.suno.com.br\/noticias\/sem-provas-trump-fala-em-fraude-vitoria-biden\/\"><h2 class=\"content__title\">Sem provas, Trump volta a falar em fraude ap\u00f3s vit\u00f3ria de Biden<\/h2><\/a><div class=\"newsContent__article__meta\"><div class=\"newsContent__article__meta__authorBox\"><a href=\"https:\/\/www.suno.com.br\/noticias\/author\/jader-lazarini\/\" class=\"authorBox__avatar noMobi\"><img src=\"https:\/\/files.sunoresearch.com.br\/n\/uploads\/2021\/01\/178e6598-foto-perfil-2-150x150.jpg\" alt=\"Jader Lazarini\"><\/a><div class=\"authorBox__name\"><span>por\n\t\t\t<a href=\"https:\/\/www.suno.com.br\/noticias\/author\/jader-lazarini\/\"><span itemprop=\"author\">Jader Lazarini<\/span><\/a><\/span><time datetime=\"2020-11-08T14:37:03-03:00\" itemprop=\"datePublished\">08\/11\/2020 14:37<\/time><\/div><\/div><\/div><\/div><\/div>","single_layout":"posts","amp_enabled":true,"_links":{"self":[{"href":"https:\/\/www.suno.com.br\/noticias\/wp-json\/wp\/v2\/posts\/98463"}],"collection":[{"href":"https:\/\/www.suno.com.br\/noticias\/wp-json\/wp\/v2\/posts"}],"about":[{"href":"https:\/\/www.suno.com.br\/noticias\/wp-json\/wp\/v2\/types\/post"}],"author":[{"embeddable":true,"href":"https:\/\/www.suno.com.br\/noticias\/wp-json\/wp\/v2\/users\/24"}],"replies":[{"embeddable":true,"href":"https:\/\/www.suno.com.br\/noticias\/wp-json\/wp\/v2\/comments?post=98463"}],"version-history":[{"count":1,"href":"https:\/\/www.suno.com.br\/noticias\/wp-json\/wp\/v2\/posts\/98463\/revisions"}],"predecessor-version":[{"id":156812,"href":"https:\/\/www.suno.com.br\/noticias\/wp-json\/wp\/v2\/posts\/98463\/revisions\/156812"}],"wp:featuredmedia":[{"embeddable":true,"href":"https:\/\/www.suno.com.br\/noticias\/wp-json\/wp\/v2\/media\/98464"}],"wp:attachment":[{"href":"https:\/\/www.suno.com.br\/noticias\/wp-json\/wp\/v2\/media?parent=98463"}],"wp:term":[{"taxonomy":"category","embeddable":true,"href":"https:\/\/www.suno.com.br\/noticias\/wp-json\/wp\/v2\/categories?post=98463"},{"taxonomy":"post_tag","embeddable":true,"href":"https:\/\/www.suno.com.br\/noticias\/wp-json\/wp\/v2\/tags?post=98463"},{"taxonomy":"suno_strategy","embeddable":true,"href":"https:\/\/www.suno.com.br\/noticias\/wp-json\/wp\/v2\/suno_strategy?post=98463"}],"curies":[{"name":"wp","href":"https:\/\/api.w.org\/{rel}","templated":true}]}}