{"id":98440,"date":"2020-11-08T10:19:37","date_gmt":"2020-11-08T13:19:37","guid":{"rendered":"https:\/\/www.suno.com.br\/noticias\/?p=98440"},"modified":"2021-06-13T23:30:01","modified_gmt":"2021-06-14T02:30:01","slug":"joe-biden-diz-precisam-resgatar-alma-america","status":"publish","type":"post","link":"https:\/\/www.suno.com.br\/noticias\/joe-biden-diz-precisam-resgatar-alma-america\/","title":{"rendered":"Joe Biden diz que EUA precisam &#8220;resgatar a alma da Am\u00e9rica&#8221;"},"content":{"rendered":"<p>Ap\u00f3s ser declarado presidente eleito nos Estados Unidos, <strong>Joe Biden<\/strong> fez seu primeiro discurso na noite do \u00faltimo s\u00e1bado (7). No estado de Delaware &#8212; onde assumiu seu primeiro cargo no mundo pol\u00edtico h\u00e1 50 anos &#8211;, o democrata disse que o pa\u00eds precisa &#8220;resgatar a alma da Am\u00e9rica&#8221;.<\/p>\t<div class=\"wrapper-featured-image\">\n\t\t<figure class=\"spotlightImg\">\n\n\t\t\t<picture>\n\t\t\t\t<source media=\"(max-width: 768px)\" srcset=\"https:\/\/files.sunoresearch.com.br\/n\/uploads\/2020\/10\/8260f0c5-biden-400x200.webp\">\n\t\t\t\t<img loading=\"lazy\" decoding=\"async\" class=\"newsContent__article__imgCapa lazyloadDisabled \" src=\"https:\/\/files.sunoresearch.com.br\/n\/uploads\/2020\/10\/8260f0c5-biden-jpg.webp\" width=\"800\" height=\"450\" alt=\"Joe Biden diz que EUA precisam &#8220;resgatar a alma da Am\u00e9rica&#8221;\" fetchpriority=high \/>\n\t\t\t<\/picture>\n\n\t\t\t<figcaption class=\"wp-caption-text wp-caption-text--show\">Ap\u00f3s ser declarado presidente eleito nos Estados Unidos, Joe Biden fez seu primeiro discurso na noite do \u00faltimo s\u00e1bado (7). <\/figcaption>\n\t\t<\/figure>\n\t<\/div>\n\n\n<p><span style=\"font-weight: 400;\">\t<p>\n\t\t<a href=\"\" target=\"_blank\" data-element=\"shortcode-suno-banner\" title=\"Banner SUNO, clique e saiba mais\">\n\t\t\t<picture>\n\t\t\t\t<source media=\"(max-width: 500px)\" srcset=\"\">\n\t\t\t\t<img class=\"newsContent__article__imgCapa newsContent__article__imgCapa--banner\"\n\t\t\t\t\tsrc=\"\"\n\t\t\t\t\tdata-promo-id=\"97204\"\t\t\t\t\t\t\t\t\t\t\t\t\t\t\talt=\"\"\n\t\t\t\t>\n\t\t\t<\/picture>\n\t\t<\/a>\n\t<\/p>\n\n<\/span><\/p>\n<p>Assim como <a href=\"https:\/\/www.suno.com.br\/tudo-sobre\/donald-trump\/\"><strong>Donald Trump<\/strong><\/a> h\u00e1 quatro anos, o primeiro discurso de Joe Biden foi conciliat\u00f3rio. &#8220;Vou trabalhar com todo meu cora\u00e7\u00e3o para conquistar a confian\u00e7a de todos. Acredito que a Am\u00e9rica deve ser assim. Ir com o povo e com as pessoas e \u00e9 isso que minha administra\u00e7\u00e3o ter\u00e1 como base. Busquei esse cargo para restaurar a f\u00e9 da Am\u00e9rica&#8221;, disse.<\/p>\n<p>&#8220;Sou um democrata orgulhoso, mas vou governar como um presidente americano. Vamos acabar com essa demoniza\u00e7\u00e3o da Am\u00e9rica&#8221;, afirmou o novo presidente. &#8220;Essa recusa entre <strong>democratas<\/strong> e <strong>republicanos<\/strong> de n\u00e3o cooperarem n\u00e3o \u00e9 uma for\u00e7a misteriosa fora do controle. \u00c9 uma escolha que fazemos.&#8221;<\/p>\n<p><a href=\"https:\/\/lp.suno.com.br\/suno-one\/\"><span style=\"font-weight: 400;\">Suno One: acesse gratuitamente eBooks, Minicursos, Artigos e Video Aulas sobre investimentos com um \u00fanico cadastro. Clique para saber mais!<\/span><\/a><\/p>\n<p>O democrata disse que n\u00e3o existem estados azuis ou vermelhos nos <strong>Estados Unidos<\/strong>, fazendo alus\u00e3o \u00e0s cores que representam os partidos Democrata e Republicano. \u201cPara quem votou no presidente [Donald] Trump, entendo a frustra\u00e7\u00e3o, j\u00e1 perdi algumas vezes na minha vida. Mas para avan\u00e7ar temos de n\u00e3o tratar nossos oponentes como inimigos. Vamos dar uns aos outros uma chance.\u201d<\/p>\n<p>Biden lembrou o fato de ter recebido &#8220;mais votos do que qualquer presidente desta na\u00e7\u00e3o&#8221;. De acordo com a apura\u00e7\u00e3o das urnas, ele j\u00e1 contabiliza mais de <strong>74 milh\u00f5es de votos<\/strong>, maior marca de um mandat\u00e1rio eleito. &#8220;O povo lhe concedeu uma vit\u00f3ria convincente&#8221;, disse.<\/p>\n<p>\u201cTemos de fazer as promessas para todos. N\u00e3o importa ra\u00e7a, identidade. Vou governar como um presidente americano, n\u00e3o um democrata.\u201d<\/p>\n<h2>Combate ao coronav\u00edrus<\/h2>\n<p>Em sua fala, o ex-vice-presidente disse que &#8220;s\u00f3 conseguiremos recuperar a economia quando tivermos isso [<a href=\"https:\/\/www.suno.com.br\/noticias\/?s=coronav%C3%ADrus\">coronav\u00edrus<\/a>] sob controle. &#8220;N\u00e3o podemos ter a economia restaurada com a doen\u00e7a que vai tirando vidas&#8221;.<\/p>\n<p>\u201cNa segunda-feira (9) vou nomear cientistas e conselheiros para come\u00e7ar em 21 de janeiro [in\u00edcio de seu mandato] um plano contra a<strong> Covid-19<\/strong> para reconstruir a base de nossa ci\u00eancia.\u201d \u201cN\u00e3o vou economizar nenhum esfor\u00e7o para conseguir dar a volta por cima e derrotar essa pandemia&#8221;, afirmou o presidente eleito.<\/p>\n<p><span style=\"font-weight: 400;\">\t<div data-element=\"shortcode-read-more\" class=\"knowMore\">\n\t\t\t\t<span class=\"knowMore__title\">Saiba mais<\/span>\n\t\t\t\t<a class=\"knowMore__link\" href=\"https:\/\/www.suno.com.br\/noticias\/joe-biden-conheca-o-novo-presidente-dos-estados-unidos\/\">\n\t\t\tJoe Biden: Conhe\u00e7a o novo presidente dos Estados Unidos\t\t<\/a>\n\t<\/div>\n\n<\/span><\/p>\n<p>Sem uma pol\u00edtica unificada no combate \u00e0 pandemia, os Estados Unidos j\u00e1 registram mais de 9 milh\u00f5es de casos da doen\u00e7a, com cerca de 237 mil mortes. Na \u00faltima sexta-feira (6), o pa\u00eds bateu o novo recorde mundial de infec\u00e7\u00f5es di\u00e1rias pelo coronav\u00edrus, com 123 mil em 24 horas.<\/p>\n<h2>Vit\u00f3ria de Joe Biden<\/h2>\n<p>A vit\u00f3ria de Biden foi confirmada, na tarde do \u00faltimo s\u00e1bado, ap\u00f3s ag\u00eancias e ve\u00edculos de imprensa declararem que ele conquistou os 20 votos eleitorais da <strong>Pensilv\u00e2nia<\/strong>.<\/p>\n<p><span style=\"font-weight: 400;\">\u00a0<div class=\"hubspot-form-wrapper\">\n\t<div id=\"single-form-target\"><\/div>\n<\/div>\n<\/span><\/p>\n<p>Pela caracter\u00edstica dos votos que ainda precisam ser contabilizados &#8212; de \u00e1reas controladas pelos democratas e enviados pelo correio &#8212; o ex-vice-presidente n\u00e3o pode mais ser alcan\u00e7ado por Trump, de acordo com as proje\u00e7\u00f5es. \u00c9 matematicamente imposs\u00edvel que Trump seja reeleito sem vencer na Pensilv\u00e2nia, necess\u00e1ria para que o mandat\u00e1rio atinja o m\u00ednimo de 270 votos no <strong>col\u00e9gio eleitoral<\/strong>.<\/p>\n<p>Trump, no entanto, salientou que n\u00e3o aceita a vit\u00f3ria de <strong>Joe Biden<\/strong>. Em comunicado oficial divulgado por sua campanha, o mandat\u00e1rio disse que o processo eleitoral deste ano &#8220;est\u00e1 longe de acabar&#8221;. Vale lembrar que o estado da Georgia (16 votos) ter\u00e1 a recontagem de votos devido a uma pequena diferen\u00e7a entre os candidatos. Biden lidera no estado, assim como em Arizona (11 votos).<\/p>\n<p><span style=\"font-weight: 400;\">\t<p>\n\t\t<a href=\"https:\/\/lp.suno.com.br\/planilha-de-controle-de-investimentos\/\" target=\"_blank\" data-element=\"shortcode-suno-banner\" title=\"Banner SUNO, clique e saiba mais\">\n\t\t\t<picture>\n\t\t\t\t<source media=\"(max-width: 500px)\" srcset=\"https:\/\/files.sunoresearch.com.br\/n\/uploads\/2023\/03\/400x300-Controle-de-Investimentos.png\">\n\t\t\t\t<img class=\"newsContent__article__imgCapa newsContent__article__imgCapa--banner\"\n\t\t\t\t\tsrc=\"https:\/\/files.sunoresearch.com.br\/n\/uploads\/2023\/03\/1420x240-Controle-de-Investimentos.png\"\n\t\t\t\t\tdata-promo-id=\"75934\"\t\t\t\t\t\t\t\t\t\twidth='1420' height='240'\t\t\t\t\talt=\"https:\/\/files.sunoresearch.com.br\/n\/uploads\/2023\/03\/1420x240-Controle-de-Investimentos.png\"\n\t\t\t\t>\n\t\t\t<\/picture>\n\t\t<\/a>\n\t<\/p>\n\n<\/span><\/p>\n","protected":false},"excerpt":{"rendered":"<p>Ap\u00f3s ser declarado presidente eleito nos Estados Unidos, Joe Biden fez seu primeiro discurso na noite do \u00faltimo s\u00e1bado (7). No estado de Delaware &#8212; onde assumiu seu primeiro cargo no mundo pol\u00edtico h\u00e1 50 anos &#8211;, o democrata disse que o pa\u00eds precisa &#8220;resgatar a alma da Am\u00e9rica&#8221;. Ap\u00f3s ser declarado presidente eleito nos [&hellip;]<\/p>\n","protected":false},"author":24,"featured_media":96439,"comment_status":"closed","ping_status":"closed","sticky":false,"template":"","format":"standard","meta":[],"categories":[63],"tags":[724,104868,793,73481],"suno_strategy":[],"class_list":["post-98440","post","type-post","status-publish","format-standard","has-post-thumbnail","hentry","category-internacional","tag-donald-trump","tag-eleicoes-americanas","tag-estados-unidos-eua","tag-joe-biden"],"yoast_head":"<!-- This site is optimized with the Yoast SEO plugin v24.4 - https:\/\/yoast.com\/wordpress\/plugins\/seo\/ -->\n<title>Joe Biden diz que EUA precisam &quot;resgatar a alma da Am\u00e9rica&quot;<\/title>\n<meta name=\"description\" content=\"Ap\u00f3s ser declarado presidente eleito nos Estados Unidos, Joe Biden fez seu primeiro discurso na noite do \u00faltimo s\u00e1bado (7). Saiba mais.\" \/>\n<meta name=\"robots\" content=\"index, follow, max-snippet:-1, max-image-preview:large, max-video-preview:-1\" \/>\n<link rel=\"canonical\" href=\"https:\/\/www.suno.com.br\/noticias\/joe-biden-diz-precisam-resgatar-alma-america\/\" \/>\n<meta property=\"og:locale\" content=\"pt_BR\" \/>\n<meta property=\"og:type\" content=\"article\" \/>\n<meta property=\"og:title\" content=\"Joe Biden diz que EUA precisam &quot;resgatar a alma da Am\u00e9rica&quot;\" \/>\n<meta property=\"og:description\" content=\"Ap\u00f3s ser declarado presidente eleito nos Estados Unidos, Joe Biden fez seu primeiro discurso na noite do \u00faltimo s\u00e1bado (7). Saiba mais.\" \/>\n<meta property=\"og:url\" content=\"https:\/\/www.suno.com.br\/noticias\/joe-biden-diz-precisam-resgatar-alma-america\/\" \/>\n<meta property=\"og:site_name\" content=\"Suno Not\u00edcias\" \/>\n<meta property=\"article:publisher\" content=\"https:\/\/facebook.com\/sunoresearch\" \/>\n<meta property=\"og:image\" content=\"https:\/\/files.sunoresearch.com.br\/n\/uploads\/2020\/10\/8260f0c5-biden.jpg\" \/>\n\t<meta property=\"og:image:width\" content=\"800\" \/>\n\t<meta property=\"og:image:height\" content=\"450\" \/>\n\t<meta property=\"og:image:type\" content=\"image\/jpeg\" \/>\n<meta name=\"author\" content=\"Jader Lazarini\" \/>\n<meta name=\"twitter:card\" content=\"summary_large_image\" \/>\n<meta name=\"twitter:creator\" content=\"@sunoresearch\" \/>\n<meta name=\"twitter:site\" content=\"@sunoresearch\" \/>\n<meta name=\"twitter:label1\" content=\"Escrito por\" \/>\n\t<meta name=\"twitter:data1\" content=\"Jader Lazarini\" \/>\n\t<meta name=\"twitter:label2\" content=\"Est. tempo de leitura\" \/>\n\t<meta name=\"twitter:data2\" content=\"3 minutos\" \/>\n<script type=\"application\/ld+json\" class=\"yoast-schema-graph\">{\"@context\":\"https:\/\/schema.org\",\"@graph\":[{\"@type\":\"NewsArticle\",\"@id\":\"https:\/\/www.suno.com.br\/noticias\/joe-biden-diz-precisam-resgatar-alma-america\/#article\",\"isPartOf\":{\"@id\":\"https:\/\/www.suno.com.br\/noticias\/joe-biden-diz-precisam-resgatar-alma-america\/\"},\"author\":{\"name\":\"Jader Lazarini\",\"@id\":\"https:\/\/www.suno.com.br\/noticias\/#\/schema\/person\/918d79de1f0281f01599b93f9ea6e23f\"},\"headline\":\"Joe Biden diz que EUA precisam &#8220;resgatar a alma da Am\u00e9rica&#8221;\",\"datePublished\":\"2020-11-08T13:19:37+00:00\",\"dateModified\":\"2021-06-14T02:30:01+00:00\",\"mainEntityOfPage\":{\"@id\":\"https:\/\/www.suno.com.br\/noticias\/joe-biden-diz-precisam-resgatar-alma-america\/\"},\"wordCount\":670,\"publisher\":{\"@id\":\"https:\/\/www.suno.com.br\/noticias\/#organization\"},\"image\":{\"@id\":\"https:\/\/www.suno.com.br\/noticias\/joe-biden-diz-precisam-resgatar-alma-america\/#primaryimage\"},\"thumbnailUrl\":\"https:\/\/files.sunoresearch.com.br\/n\/uploads\/2020\/10\/8260f0c5-biden-jpg.webp\",\"keywords\":[\"Donald Trump\",\"Elei\u00e7\u00f5es americanas\",\"Estados Unidos (EUA)\",\"Joe Biden\"],\"articleSection\":[\"Internacional\"],\"inLanguage\":\"pt-BR\"},{\"@type\":\"WebPage\",\"@id\":\"https:\/\/www.suno.com.br\/noticias\/joe-biden-diz-precisam-resgatar-alma-america\/\",\"url\":\"https:\/\/www.suno.com.br\/noticias\/joe-biden-diz-precisam-resgatar-alma-america\/\",\"name\":\"Joe Biden diz que EUA precisam \\\"resgatar a alma da Am\u00e9rica\\\"\",\"isPartOf\":{\"@id\":\"https:\/\/www.suno.com.br\/noticias\/#website\"},\"primaryImageOfPage\":{\"@id\":\"https:\/\/www.suno.com.br\/noticias\/joe-biden-diz-precisam-resgatar-alma-america\/#primaryimage\"},\"image\":{\"@id\":\"https:\/\/www.suno.com.br\/noticias\/joe-biden-diz-precisam-resgatar-alma-america\/#primaryimage\"},\"thumbnailUrl\":\"https:\/\/files.sunoresearch.com.br\/n\/uploads\/2020\/10\/8260f0c5-biden-jpg.webp\",\"datePublished\":\"2020-11-08T13:19:37+00:00\",\"dateModified\":\"2021-06-14T02:30:01+00:00\",\"description\":\"Ap\u00f3s ser declarado presidente eleito nos Estados Unidos, Joe Biden fez seu primeiro discurso na noite do \u00faltimo s\u00e1bado (7). Saiba mais.\",\"breadcrumb\":{\"@id\":\"https:\/\/www.suno.com.br\/noticias\/joe-biden-diz-precisam-resgatar-alma-america\/#breadcrumb\"},\"inLanguage\":\"pt-BR\",\"potentialAction\":[{\"@type\":\"ReadAction\",\"target\":[\"https:\/\/www.suno.com.br\/noticias\/joe-biden-diz-precisam-resgatar-alma-america\/\"]}]},{\"@type\":\"ImageObject\",\"inLanguage\":\"pt-BR\",\"@id\":\"https:\/\/www.suno.com.br\/noticias\/joe-biden-diz-precisam-resgatar-alma-america\/#primaryimage\",\"url\":\"https:\/\/files.sunoresearch.com.br\/n\/uploads\/2020\/10\/8260f0c5-biden-jpg.webp\",\"contentUrl\":\"https:\/\/files.sunoresearch.com.br\/n\/uploads\/2020\/10\/8260f0c5-biden-jpg.webp\",\"width\":800,\"height\":450,\"caption\":\"Ap\u00f3s ser declarado presidente eleito nos Estados Unidos, Joe Biden fez seu primeiro discurso na noite do \u00faltimo s\u00e1bado (7).\"},{\"@type\":\"BreadcrumbList\",\"@id\":\"https:\/\/www.suno.com.br\/noticias\/joe-biden-diz-precisam-resgatar-alma-america\/#breadcrumb\",\"itemListElement\":[{\"@type\":\"ListItem\",\"position\":1,\"name\":\"Not\u00edcias\",\"item\":\"https:\/\/www.suno.com.br\/noticias\/\"},{\"@type\":\"ListItem\",\"position\":2,\"name\":\"Internacional\",\"item\":\"https:\/\/www.suno.com.br\/noticias\/internacional\/\"},{\"@type\":\"ListItem\",\"position\":3,\"name\":\"Joe Biden diz que EUA precisam &#8220;resgatar a alma da Am\u00e9rica&#8221;\"}]},{\"@type\":\"WebSite\",\"@id\":\"https:\/\/www.suno.com.br\/noticias\/#website\",\"url\":\"https:\/\/www.suno.com.br\/noticias\/\",\"name\":\"Suno Not\u00edcias\",\"description\":\"Seu portal de informa\u00e7\u00e3o sobre o mundo dos investimentos\",\"publisher\":{\"@id\":\"https:\/\/www.suno.com.br\/noticias\/#organization\"},\"potentialAction\":[{\"@type\":\"SearchAction\",\"target\":{\"@type\":\"EntryPoint\",\"urlTemplate\":\"https:\/\/www.suno.com.br\/noticias\/?s={search_term_string}\"},\"query-input\":{\"@type\":\"PropertyValueSpecification\",\"valueRequired\":true,\"valueName\":\"search_term_string\"}}],\"inLanguage\":\"pt-BR\"},{\"@type\":\"Organization\",\"@id\":\"https:\/\/www.suno.com.br\/noticias\/#organization\",\"name\":\"Suno Not\u00edcias\",\"url\":\"https:\/\/www.suno.com.br\/noticias\/\",\"logo\":{\"@type\":\"ImageObject\",\"inLanguage\":\"pt-BR\",\"@id\":\"https:\/\/www.suno.com.br\/noticias\/#\/schema\/logo\/image\/\",\"url\":\"https:\/\/files.sunoresearch.com.br\/n\/uploads\/2021\/09\/suno-logo.png\",\"contentUrl\":\"https:\/\/files.sunoresearch.com.br\/n\/uploads\/2021\/09\/suno-logo.png\",\"width\":180,\"height\":180,\"caption\":\"Suno Not\u00edcias\"},\"image\":{\"@id\":\"https:\/\/www.suno.com.br\/noticias\/#\/schema\/logo\/image\/\"},\"sameAs\":[\"https:\/\/facebook.com\/sunoresearch\",\"https:\/\/x.com\/sunoresearch\",\"https:\/\/www.instagram.com\/suno\",\"https:\/\/www.linkedin.com\/company\/suno-research\/\",\"https:\/\/www.youtube.com\/c\/sunoresearch\"]},{\"@type\":\"Person\",\"@id\":\"https:\/\/www.suno.com.br\/noticias\/#\/schema\/person\/918d79de1f0281f01599b93f9ea6e23f\",\"name\":\"Jader Lazarini\",\"image\":{\"@type\":\"ImageObject\",\"inLanguage\":\"pt-BR\",\"@id\":\"https:\/\/www.suno.com.br\/noticias\/#\/schema\/person\/image\/\",\"url\":\"https:\/\/secure.gravatar.com\/avatar\/3c1ad8caa51589841baeb923fcddea97?s=96&r=g\",\"contentUrl\":\"https:\/\/secure.gravatar.com\/avatar\/3c1ad8caa51589841baeb923fcddea97?s=96&r=g\",\"caption\":\"Jader Lazarini\"},\"description\":\"Jader Lazarini escreve sobre investimentos, finan\u00e7as, economia e neg\u00f3cios. \u00c9 bacharel em Rela\u00e7\u00f5es Internacionais e analista CNPI (2619).\",\"url\":\"https:\/\/www.suno.com.br\/noticias\/author\/jader-lazarini\/\"}]}<\/script>\n<!-- \/ Yoast SEO plugin. -->","yoast_head_json":{"title":"Joe Biden diz que EUA precisam \"resgatar a alma da Am\u00e9rica\"","description":"Ap\u00f3s ser declarado presidente eleito nos Estados Unidos, Joe Biden fez seu primeiro discurso na noite do \u00faltimo s\u00e1bado (7). Saiba mais.","robots":{"index":"index","follow":"follow","max-snippet":"max-snippet:-1","max-image-preview":"max-image-preview:large","max-video-preview":"max-video-preview:-1"},"canonical":"https:\/\/www.suno.com.br\/noticias\/joe-biden-diz-precisam-resgatar-alma-america\/","og_locale":"pt_BR","og_type":"article","og_title":"Joe Biden diz que EUA precisam \"resgatar a alma da Am\u00e9rica\"","og_description":"Ap\u00f3s ser declarado presidente eleito nos Estados Unidos, Joe Biden fez seu primeiro discurso na noite do \u00faltimo s\u00e1bado (7). Saiba mais.","og_url":"https:\/\/www.suno.com.br\/noticias\/joe-biden-diz-precisam-resgatar-alma-america\/","og_site_name":"Suno Not\u00edcias","article_publisher":"https:\/\/facebook.com\/sunoresearch","og_image":[{"width":800,"height":450,"url":"https:\/\/files.sunoresearch.com.br\/n\/uploads\/2020\/10\/8260f0c5-biden.jpg","type":"image\/jpeg"}],"author":"Jader Lazarini","twitter_card":"summary_large_image","twitter_creator":"@sunoresearch","twitter_site":"@sunoresearch","twitter_misc":{"Escrito por":"Jader Lazarini","Est. tempo de leitura":"3 minutos"},"schema":{"@context":"https:\/\/schema.org","@graph":[{"@type":"NewsArticle","@id":"https:\/\/www.suno.com.br\/noticias\/joe-biden-diz-precisam-resgatar-alma-america\/#article","isPartOf":{"@id":"https:\/\/www.suno.com.br\/noticias\/joe-biden-diz-precisam-resgatar-alma-america\/"},"author":{"name":"Jader Lazarini","@id":"https:\/\/www.suno.com.br\/noticias\/#\/schema\/person\/918d79de1f0281f01599b93f9ea6e23f"},"headline":"Joe Biden diz que EUA precisam &#8220;resgatar a alma da Am\u00e9rica&#8221;","datePublished":"2020-11-08T13:19:37+00:00","dateModified":"2021-06-14T02:30:01+00:00","mainEntityOfPage":{"@id":"https:\/\/www.suno.com.br\/noticias\/joe-biden-diz-precisam-resgatar-alma-america\/"},"wordCount":670,"publisher":{"@id":"https:\/\/www.suno.com.br\/noticias\/#organization"},"image":{"@id":"https:\/\/www.suno.com.br\/noticias\/joe-biden-diz-precisam-resgatar-alma-america\/#primaryimage"},"thumbnailUrl":"https:\/\/files.sunoresearch.com.br\/n\/uploads\/2020\/10\/8260f0c5-biden-jpg.webp","keywords":["Donald Trump","Elei\u00e7\u00f5es americanas","Estados Unidos (EUA)","Joe Biden"],"articleSection":["Internacional"],"inLanguage":"pt-BR"},{"@type":"WebPage","@id":"https:\/\/www.suno.com.br\/noticias\/joe-biden-diz-precisam-resgatar-alma-america\/","url":"https:\/\/www.suno.com.br\/noticias\/joe-biden-diz-precisam-resgatar-alma-america\/","name":"Joe Biden diz que EUA precisam \"resgatar a alma da Am\u00e9rica\"","isPartOf":{"@id":"https:\/\/www.suno.com.br\/noticias\/#website"},"primaryImageOfPage":{"@id":"https:\/\/www.suno.com.br\/noticias\/joe-biden-diz-precisam-resgatar-alma-america\/#primaryimage"},"image":{"@id":"https:\/\/www.suno.com.br\/noticias\/joe-biden-diz-precisam-resgatar-alma-america\/#primaryimage"},"thumbnailUrl":"https:\/\/files.sunoresearch.com.br\/n\/uploads\/2020\/10\/8260f0c5-biden-jpg.webp","datePublished":"2020-11-08T13:19:37+00:00","dateModified":"2021-06-14T02:30:01+00:00","description":"Ap\u00f3s ser declarado presidente eleito nos Estados Unidos, Joe Biden fez seu primeiro discurso na noite do \u00faltimo s\u00e1bado (7). Saiba mais.","breadcrumb":{"@id":"https:\/\/www.suno.com.br\/noticias\/joe-biden-diz-precisam-resgatar-alma-america\/#breadcrumb"},"inLanguage":"pt-BR","potentialAction":[{"@type":"ReadAction","target":["https:\/\/www.suno.com.br\/noticias\/joe-biden-diz-precisam-resgatar-alma-america\/"]}]},{"@type":"ImageObject","inLanguage":"pt-BR","@id":"https:\/\/www.suno.com.br\/noticias\/joe-biden-diz-precisam-resgatar-alma-america\/#primaryimage","url":"https:\/\/files.sunoresearch.com.br\/n\/uploads\/2020\/10\/8260f0c5-biden-jpg.webp","contentUrl":"https:\/\/files.sunoresearch.com.br\/n\/uploads\/2020\/10\/8260f0c5-biden-jpg.webp","width":800,"height":450,"caption":"Ap\u00f3s ser declarado presidente eleito nos Estados Unidos, Joe Biden fez seu primeiro discurso na noite do \u00faltimo s\u00e1bado (7)."},{"@type":"BreadcrumbList","@id":"https:\/\/www.suno.com.br\/noticias\/joe-biden-diz-precisam-resgatar-alma-america\/#breadcrumb","itemListElement":[{"@type":"ListItem","position":1,"name":"Not\u00edcias","item":"https:\/\/www.suno.com.br\/noticias\/"},{"@type":"ListItem","position":2,"name":"Internacional","item":"https:\/\/www.suno.com.br\/noticias\/internacional\/"},{"@type":"ListItem","position":3,"name":"Joe Biden diz que EUA precisam &#8220;resgatar a alma da Am\u00e9rica&#8221;"}]},{"@type":"WebSite","@id":"https:\/\/www.suno.com.br\/noticias\/#website","url":"https:\/\/www.suno.com.br\/noticias\/","name":"Suno Not\u00edcias","description":"Seu portal de informa\u00e7\u00e3o sobre o mundo dos investimentos","publisher":{"@id":"https:\/\/www.suno.com.br\/noticias\/#organization"},"potentialAction":[{"@type":"SearchAction","target":{"@type":"EntryPoint","urlTemplate":"https:\/\/www.suno.com.br\/noticias\/?s={search_term_string}"},"query-input":{"@type":"PropertyValueSpecification","valueRequired":true,"valueName":"search_term_string"}}],"inLanguage":"pt-BR"},{"@type":"Organization","@id":"https:\/\/www.suno.com.br\/noticias\/#organization","name":"Suno Not\u00edcias","url":"https:\/\/www.suno.com.br\/noticias\/","logo":{"@type":"ImageObject","inLanguage":"pt-BR","@id":"https:\/\/www.suno.com.br\/noticias\/#\/schema\/logo\/image\/","url":"https:\/\/files.sunoresearch.com.br\/n\/uploads\/2021\/09\/suno-logo.png","contentUrl":"https:\/\/files.sunoresearch.com.br\/n\/uploads\/2021\/09\/suno-logo.png","width":180,"height":180,"caption":"Suno Not\u00edcias"},"image":{"@id":"https:\/\/www.suno.com.br\/noticias\/#\/schema\/logo\/image\/"},"sameAs":["https:\/\/facebook.com\/sunoresearch","https:\/\/x.com\/sunoresearch","https:\/\/www.instagram.com\/suno","https:\/\/www.linkedin.com\/company\/suno-research\/","https:\/\/www.youtube.com\/c\/sunoresearch"]},{"@type":"Person","@id":"https:\/\/www.suno.com.br\/noticias\/#\/schema\/person\/918d79de1f0281f01599b93f9ea6e23f","name":"Jader Lazarini","image":{"@type":"ImageObject","inLanguage":"pt-BR","@id":"https:\/\/www.suno.com.br\/noticias\/#\/schema\/person\/image\/","url":"https:\/\/secure.gravatar.com\/avatar\/3c1ad8caa51589841baeb923fcddea97?s=96&r=g","contentUrl":"https:\/\/secure.gravatar.com\/avatar\/3c1ad8caa51589841baeb923fcddea97?s=96&r=g","caption":"Jader Lazarini"},"description":"Jader Lazarini escreve sobre investimentos, finan\u00e7as, economia e neg\u00f3cios. \u00c9 bacharel em Rela\u00e7\u00f5es Internacionais e analista CNPI (2619).","url":"https:\/\/www.suno.com.br\/noticias\/author\/jader-lazarini\/"}]}},"default_loop_html":"<div class=\"cardsPage__listCard__boxs\"><div class=\"cardsPage__listCard__boxs__img\"><a href=\"https:\/\/www.suno.com.br\/noticias\/joe-biden-diz-precisam-resgatar-alma-america\/\"><img class=\"mask\" src=\"https:\/\/www.suno.com.br\/noticias\/wp-content\/themes\/suno\/resources\/images\/spotlight\/spotlight1img\/bg-mask.png\" alt=\"Image Mask\"\/><img src=\"https:\/\/files.sunoresearch.com.br\/n\/uploads\/2020\/10\/8260f0c5-biden-400x200.webp\" alt=\"Joe Biden diz que EUA precisam &#8220;resgatar a alma da Am\u00e9rica&#8221;\"\/><\/a><span class=\"spotlightCategory\"><a href=\"https:\/\/www.suno.com.br\/noticias\/internacional\/\">Internacional<\/a><\/span><\/div><div class=\"cardsPage__listCard__boxs__content\"><a href=\"https:\/\/www.suno.com.br\/noticias\/joe-biden-diz-precisam-resgatar-alma-america\/\"><h2 class=\"content__title\">Joe Biden diz que EUA precisam &#8220;resgatar a alma da Am\u00e9rica&#8221;<\/h2><\/a><div class=\"newsContent__article__meta\"><div class=\"newsContent__article__meta__authorBox\"><a href=\"https:\/\/www.suno.com.br\/noticias\/author\/jader-lazarini\/\" class=\"authorBox__avatar noMobi\"><img src=\"https:\/\/files.sunoresearch.com.br\/n\/uploads\/2021\/01\/178e6598-foto-perfil-2-150x150.jpg\" alt=\"Jader Lazarini\"><\/a><div class=\"authorBox__name\"><span>por\n\t\t\t<a href=\"https:\/\/www.suno.com.br\/noticias\/author\/jader-lazarini\/\"><span itemprop=\"author\">Jader Lazarini<\/span><\/a><\/span><time datetime=\"2020-11-08T10:19:37-03:00\" itemprop=\"datePublished\">08\/11\/2020 10:19<\/time><\/div><\/div><\/div><\/div><\/div>","single_layout":"posts","amp_enabled":true,"_links":{"self":[{"href":"https:\/\/www.suno.com.br\/noticias\/wp-json\/wp\/v2\/posts\/98440"}],"collection":[{"href":"https:\/\/www.suno.com.br\/noticias\/wp-json\/wp\/v2\/posts"}],"about":[{"href":"https:\/\/www.suno.com.br\/noticias\/wp-json\/wp\/v2\/types\/post"}],"author":[{"embeddable":true,"href":"https:\/\/www.suno.com.br\/noticias\/wp-json\/wp\/v2\/users\/24"}],"replies":[{"embeddable":true,"href":"https:\/\/www.suno.com.br\/noticias\/wp-json\/wp\/v2\/comments?post=98440"}],"version-history":[{"count":1,"href":"https:\/\/www.suno.com.br\/noticias\/wp-json\/wp\/v2\/posts\/98440\/revisions"}],"predecessor-version":[{"id":156814,"href":"https:\/\/www.suno.com.br\/noticias\/wp-json\/wp\/v2\/posts\/98440\/revisions\/156814"}],"wp:featuredmedia":[{"embeddable":true,"href":"https:\/\/www.suno.com.br\/noticias\/wp-json\/wp\/v2\/media\/96439"}],"wp:attachment":[{"href":"https:\/\/www.suno.com.br\/noticias\/wp-json\/wp\/v2\/media?parent=98440"}],"wp:term":[{"taxonomy":"category","embeddable":true,"href":"https:\/\/www.suno.com.br\/noticias\/wp-json\/wp\/v2\/categories?post=98440"},{"taxonomy":"post_tag","embeddable":true,"href":"https:\/\/www.suno.com.br\/noticias\/wp-json\/wp\/v2\/tags?post=98440"},{"taxonomy":"suno_strategy","embeddable":true,"href":"https:\/\/www.suno.com.br\/noticias\/wp-json\/wp\/v2\/suno_strategy?post=98440"}],"curies":[{"name":"wp","href":"https:\/\/api.w.org\/{rel}","templated":true}]}}