{"id":9841,"date":"2018-12-26T10:35:10","date_gmt":"2018-12-26T12:35:10","guid":{"rendered":"https:\/\/www.suno.com.br\/noticias\/?p=9841"},"modified":"2018-12-26T13:26:49","modified_gmt":"2018-12-26T15:26:49","slug":"ibovespa-abre-em-queda-nesta-quarta-feira","status":"publish","type":"post","link":"https:\/\/www.suno.com.br\/noticias\/ibovespa-abre-em-queda-nesta-quarta-feira\/","title":{"rendered":"Ibovespa abre em queda nesta quarta-feira"},"content":{"rendered":"<p>O Ibovespa apresentava queda na primeira hora de abertura desta quarta-feira (26). \u00c0s 10h30, a queda era de 0,89% a 84.934,12 pontos.<\/p>\t<div class=\"wrapper-featured-image\">\n\t\t<figure class=\"spotlightImg\">\n\n\t\t\t<picture>\n\t\t\t\t<source media=\"(max-width: 768px)\" srcset=\"https:\/\/files.sunoresearch.com.br\/n\/uploads\/2018\/12\/835b2d22-ibovespa-400x200.webp\">\n\t\t\t\t<img loading=\"lazy\" decoding=\"async\" class=\"newsContent__article__imgCapa lazyloadDisabled newsContent__article__imgCapa--noCaption\" src=\"https:\/\/files.sunoresearch.com.br\/n\/uploads\/2018\/12\/835b2d22-ibovespa-800x450.webp\" width=\"800\" height=\"450\" alt=\"Ibovespa abre em queda nesta quarta-feira\" fetchpriority=high \/>\n\t\t\t<\/picture>\n\n\t\t\t<figcaption class=\"wp-caption-text wp-caption-text--hide\">O Ibovespa ampliou os ganhos dos \u00faltimas dias e fechou em alta, puxado pelos bancos<\/figcaption>\n\t\t<\/figure>\n\t<\/div>\n\n\n<p>Entre os destaques de alta, Gol subia acima de 1% e a Embraer subia 0,5%.<\/p>\n<p>O <strong>Ibovespa<\/strong>\u00a0de registrou uma alta de 0,05\u00a0<label class=\"percent\">%<\/label>\u00a0na \u00faltima sexta-feira (21), totalizando 85.697,15 pontos.<\/p>\n<p><a href=\"https:\/\/www.suno.com.br\/noticias\/dolar-abre-esta-quarta-feira-em-alta-de-0049\/\">Saiba mais: D\u00f3lar abre esta quarta-feira em alta<\/a><\/p>\n<h2>Cen\u00e1rio Interno<\/h2>\n<ul>\n<li><strong>Boletim Focus:<\/strong>\u00a0Em relat\u00f3rio divulgado na \u00faltima segunda (24), os economistas do mercado financeiro diminu\u00edram a infla\u00e7\u00e3o e as expectativas de crescimento do Produto Interno Bruto (PIB) de 2019. Segundo o boletim, a infla\u00e7\u00e3o para o pr\u00f3ximo ano dever\u00e1 ser de 4,03% ante os 4,07% previstos anteriormente. A meta da infla\u00e7\u00e3o para o ano que vem \u00e9 de 4,25%. J\u00e1 o PIB teve seu crescimento reduzido de 2,55% para 2,53%.<\/li>\n<li><strong>Taxa de desemprego:<\/strong> Na pr\u00f3xima sexta (28) ser\u00e1 divulgada a taxa de desemprego. A expectativa \u00e9 de que a taxa caia para 11,5%. Atualmente, est\u00e1 em 11,7%.<\/li>\n<\/ul>\n<h2>Cen\u00e1rio Externo<\/h2>\n<ul>\n<li><strong style=\"font-size: 1.21429rem;\">Shutdown:\u00a0<\/strong>o governo americano segue parcialmente paralisado. S\u00e1bado (22) era o \u00faltimo dia para o presidente Donald Trump assinar a libera\u00e7\u00e3o de verba extra para a manuten\u00e7\u00e3o do governo. O financiamento para um quarto dos programas federais, incluindo o Departamento de Seguran\u00e7a Nacional, expirou \u00e0 meia-noite da \u00faltima sexta-feira (21). O presidente norte-americano pressiona o Congresso para libera\u00e7\u00e3o de verbas para a constru\u00e7\u00e3o do muro na fronteira com o M\u00e9xico.<\/li>\n<li><strong>FED: <\/strong>Donald\u00a0Trump cogita uma poss\u00edvel demiss\u00e3o de Jerome Powell, presidente do Banco Central americano (Fed). Trump estaria insatisfeito com a decis\u00e3o de Powell de aumentar a taxa de juros.<\/li>\n<\/ul>\n<p><a href=\"https:\/\/www.suno.com.br\/noticias\/fed-aumenta-taxas-juros\/\">Saiba mais: Fed aumenta pela quarta vez neste ano a taxa b\u00e1sica de juros<\/a><\/p>\n<p>O <strong>d\u00f3lar<\/strong> abriu em alta na <strong>Bolsa de Valores<\/strong> (<a href=\"https:\/\/www.suno.com.br\/artigos\/bovespa-precedente-b3\/\">BM&amp;F Bovespa<\/a>) nesta quarta-feira (26). \u00c0s 9h29, a moeda subia 0,359% a R$ 3,9105.<\/p>\n","protected":false},"excerpt":{"rendered":"<p>O Ibovespa apresentava queda na primeira hora de abertura desta quarta-feira (26). \u00c0s 10h30, a queda era de 0,89% a 84.934,12 pontos. O Ibovespa ampliou os ganhos dos \u00faltimas dias e fechou em alta, puxado pelos bancos Entre os destaques de alta, Gol subia acima de 1% e a Embraer subia 0,5%. O Ibovespa\u00a0de registrou [&hellip;]<\/p>\n","protected":false},"author":14,"featured_media":7981,"comment_status":"closed","ping_status":"closed","sticky":false,"template":"","format":"standard","meta":[],"categories":[60],"tags":[834,776,721],"suno_strategy":[],"class_list":["post-9841","post","type-post","status-publish","format-standard","has-post-thumbnail","hentry","category-mercado","tag-boletim-focus","tag-federal-reseve-fed","tag-ibovespa"],"yoast_head":"<!-- This site is optimized with the Yoast SEO plugin v24.4 - https:\/\/yoast.com\/wordpress\/plugins\/seo\/ -->\n<title>Ibovespa abre em queda nesta quarta-feira<\/title>\n<meta name=\"description\" content=\"A paraliza\u00e7\u00e3o no governo americano segue preocupando o mercado. Um quarto do governou est\u00e1 paralizado. Clique para saber mais.\" \/>\n<meta name=\"robots\" content=\"index, follow, max-snippet:-1, max-image-preview:large, max-video-preview:-1\" \/>\n<link rel=\"canonical\" href=\"https:\/\/www.suno.com.br\/noticias\/ibovespa-abre-em-queda-nesta-quarta-feira\/\" \/>\n<meta property=\"og:locale\" content=\"pt_BR\" \/>\n<meta property=\"og:type\" content=\"article\" \/>\n<meta property=\"og:title\" content=\"Ibovespa abre em queda nesta quarta-feira\" \/>\n<meta property=\"og:description\" content=\"A paraliza\u00e7\u00e3o no governo americano segue preocupando o mercado. Um quarto do governou est\u00e1 paralizado. Clique para saber mais.\" \/>\n<meta property=\"og:url\" content=\"https:\/\/www.suno.com.br\/noticias\/ibovespa-abre-em-queda-nesta-quarta-feira\/\" \/>\n<meta property=\"og:site_name\" content=\"Suno Not\u00edcias\" \/>\n<meta property=\"article:publisher\" content=\"https:\/\/facebook.com\/sunoresearch\" \/>\n<meta property=\"og:image\" content=\"https:\/\/files.sunoresearch.com.br\/n\/uploads\/2018\/12\/835b2d22-ibovespa.jpg\" \/>\n\t<meta property=\"og:image:width\" content=\"960\" \/>\n\t<meta property=\"og:image:height\" content=\"678\" \/>\n\t<meta property=\"og:image:type\" content=\"image\/jpeg\" \/>\n<meta name=\"author\" content=\"Renan Dantas\" \/>\n<meta name=\"twitter:card\" content=\"summary_large_image\" \/>\n<meta name=\"twitter:creator\" content=\"@sunoresearch\" \/>\n<meta name=\"twitter:site\" content=\"@sunoresearch\" \/>\n<meta name=\"twitter:label1\" content=\"Escrito por\" \/>\n\t<meta name=\"twitter:data1\" content=\"Renan Dantas\" \/>\n\t<meta name=\"twitter:label2\" content=\"Est. tempo de leitura\" \/>\n\t<meta name=\"twitter:data2\" content=\"1 minuto\" \/>\n<script type=\"application\/ld+json\" class=\"yoast-schema-graph\">{\"@context\":\"https:\/\/schema.org\",\"@graph\":[{\"@type\":\"NewsArticle\",\"@id\":\"https:\/\/www.suno.com.br\/noticias\/ibovespa-abre-em-queda-nesta-quarta-feira\/#article\",\"isPartOf\":{\"@id\":\"https:\/\/www.suno.com.br\/noticias\/ibovespa-abre-em-queda-nesta-quarta-feira\/\"},\"author\":{\"name\":\"Renan Dantas\",\"@id\":\"https:\/\/www.suno.com.br\/noticias\/#\/schema\/person\/3f7693d5795a3f6d5ce15309ee785699\"},\"headline\":\"Ibovespa abre em queda nesta quarta-feira\",\"datePublished\":\"2018-12-26T12:35:10+00:00\",\"dateModified\":\"2018-12-26T15:26:49+00:00\",\"mainEntityOfPage\":{\"@id\":\"https:\/\/www.suno.com.br\/noticias\/ibovespa-abre-em-queda-nesta-quarta-feira\/\"},\"wordCount\":302,\"publisher\":{\"@id\":\"https:\/\/www.suno.com.br\/noticias\/#organization\"},\"image\":{\"@id\":\"https:\/\/www.suno.com.br\/noticias\/ibovespa-abre-em-queda-nesta-quarta-feira\/#primaryimage\"},\"thumbnailUrl\":\"https:\/\/files.sunoresearch.com.br\/n\/uploads\/2018\/12\/835b2d22-ibovespa-jpg.webp\",\"keywords\":[\"Boletim Focus\",\"Federal Reserve (FED)\",\"Ibovespa\"],\"articleSection\":[\"Mercado\"],\"inLanguage\":\"pt-BR\"},{\"@type\":\"WebPage\",\"@id\":\"https:\/\/www.suno.com.br\/noticias\/ibovespa-abre-em-queda-nesta-quarta-feira\/\",\"url\":\"https:\/\/www.suno.com.br\/noticias\/ibovespa-abre-em-queda-nesta-quarta-feira\/\",\"name\":\"Ibovespa abre em queda nesta quarta-feira\",\"isPartOf\":{\"@id\":\"https:\/\/www.suno.com.br\/noticias\/#website\"},\"primaryImageOfPage\":{\"@id\":\"https:\/\/www.suno.com.br\/noticias\/ibovespa-abre-em-queda-nesta-quarta-feira\/#primaryimage\"},\"image\":{\"@id\":\"https:\/\/www.suno.com.br\/noticias\/ibovespa-abre-em-queda-nesta-quarta-feira\/#primaryimage\"},\"thumbnailUrl\":\"https:\/\/files.sunoresearch.com.br\/n\/uploads\/2018\/12\/835b2d22-ibovespa-jpg.webp\",\"datePublished\":\"2018-12-26T12:35:10+00:00\",\"dateModified\":\"2018-12-26T15:26:49+00:00\",\"description\":\"A paraliza\u00e7\u00e3o no governo americano segue preocupando o mercado. Um quarto do governou est\u00e1 paralizado. Clique para saber mais.\",\"breadcrumb\":{\"@id\":\"https:\/\/www.suno.com.br\/noticias\/ibovespa-abre-em-queda-nesta-quarta-feira\/#breadcrumb\"},\"inLanguage\":\"pt-BR\",\"potentialAction\":[{\"@type\":\"ReadAction\",\"target\":[\"https:\/\/www.suno.com.br\/noticias\/ibovespa-abre-em-queda-nesta-quarta-feira\/\"]}]},{\"@type\":\"ImageObject\",\"inLanguage\":\"pt-BR\",\"@id\":\"https:\/\/www.suno.com.br\/noticias\/ibovespa-abre-em-queda-nesta-quarta-feira\/#primaryimage\",\"url\":\"https:\/\/files.sunoresearch.com.br\/n\/uploads\/2018\/12\/835b2d22-ibovespa-jpg.webp\",\"contentUrl\":\"https:\/\/files.sunoresearch.com.br\/n\/uploads\/2018\/12\/835b2d22-ibovespa-jpg.webp\",\"width\":960,\"height\":678,\"caption\":\"O Ibovespa ampliou os ganhos dos \u00faltimas dias e fechou em alta, puxado pelos bancos\"},{\"@type\":\"BreadcrumbList\",\"@id\":\"https:\/\/www.suno.com.br\/noticias\/ibovespa-abre-em-queda-nesta-quarta-feira\/#breadcrumb\",\"itemListElement\":[{\"@type\":\"ListItem\",\"position\":1,\"name\":\"Not\u00edcias\",\"item\":\"https:\/\/www.suno.com.br\/noticias\/\"},{\"@type\":\"ListItem\",\"position\":2,\"name\":\"Mercado\",\"item\":\"https:\/\/www.suno.com.br\/noticias\/mercado\/\"},{\"@type\":\"ListItem\",\"position\":3,\"name\":\"Ibovespa abre em queda nesta quarta-feira\"}]},{\"@type\":\"WebSite\",\"@id\":\"https:\/\/www.suno.com.br\/noticias\/#website\",\"url\":\"https:\/\/www.suno.com.br\/noticias\/\",\"name\":\"Suno Not\u00edcias\",\"description\":\"Seu portal de informa\u00e7\u00e3o sobre o mundo dos investimentos\",\"publisher\":{\"@id\":\"https:\/\/www.suno.com.br\/noticias\/#organization\"},\"potentialAction\":[{\"@type\":\"SearchAction\",\"target\":{\"@type\":\"EntryPoint\",\"urlTemplate\":\"https:\/\/www.suno.com.br\/noticias\/?s={search_term_string}\"},\"query-input\":{\"@type\":\"PropertyValueSpecification\",\"valueRequired\":true,\"valueName\":\"search_term_string\"}}],\"inLanguage\":\"pt-BR\"},{\"@type\":\"Organization\",\"@id\":\"https:\/\/www.suno.com.br\/noticias\/#organization\",\"name\":\"Suno Not\u00edcias\",\"url\":\"https:\/\/www.suno.com.br\/noticias\/\",\"logo\":{\"@type\":\"ImageObject\",\"inLanguage\":\"pt-BR\",\"@id\":\"https:\/\/www.suno.com.br\/noticias\/#\/schema\/logo\/image\/\",\"url\":\"https:\/\/files.sunoresearch.com.br\/n\/uploads\/2021\/09\/suno-logo.png\",\"contentUrl\":\"https:\/\/files.sunoresearch.com.br\/n\/uploads\/2021\/09\/suno-logo.png\",\"width\":180,\"height\":180,\"caption\":\"Suno Not\u00edcias\"},\"image\":{\"@id\":\"https:\/\/www.suno.com.br\/noticias\/#\/schema\/logo\/image\/\"},\"sameAs\":[\"https:\/\/facebook.com\/sunoresearch\",\"https:\/\/x.com\/sunoresearch\",\"https:\/\/www.instagram.com\/suno\",\"https:\/\/www.linkedin.com\/company\/suno-research\/\",\"https:\/\/www.youtube.com\/c\/sunoresearch\"]},{\"@type\":\"Person\",\"@id\":\"https:\/\/www.suno.com.br\/noticias\/#\/schema\/person\/3f7693d5795a3f6d5ce15309ee785699\",\"name\":\"Renan Dantas\",\"image\":{\"@type\":\"ImageObject\",\"inLanguage\":\"pt-BR\",\"@id\":\"https:\/\/www.suno.com.br\/noticias\/#\/schema\/person\/image\/\",\"url\":\"https:\/\/secure.gravatar.com\/avatar\/1787b83e7484a08e51d62ac8b41c8396?s=96&r=g\",\"contentUrl\":\"https:\/\/secure.gravatar.com\/avatar\/1787b83e7484a08e51d62ac8b41c8396?s=96&r=g\",\"caption\":\"Renan Dantas\"},\"description\":\"Escreve sobre pol\u00edtica e mercado financeiro para o portal Suno Not\u00edcias. Antes, atuou na assessoria de comunica\u00e7\u00e3o do Minist\u00e9rio P\u00fablico do Trabalho e na R\u00e1dio Mackenzie, onde apresentava e produzia um programa sobre artistas da m\u00fasica brasileira. \u00c9 estudante na Universidade Presbiteriana Mackenzie.\",\"url\":\"https:\/\/www.suno.com.br\/noticias\/author\/renan-dantas\/\"}]}<\/script>\n<!-- \/ Yoast SEO plugin. -->","yoast_head_json":{"title":"Ibovespa abre em queda nesta quarta-feira","description":"A paraliza\u00e7\u00e3o no governo americano segue preocupando o mercado. Um quarto do governou est\u00e1 paralizado. Clique para saber mais.","robots":{"index":"index","follow":"follow","max-snippet":"max-snippet:-1","max-image-preview":"max-image-preview:large","max-video-preview":"max-video-preview:-1"},"canonical":"https:\/\/www.suno.com.br\/noticias\/ibovespa-abre-em-queda-nesta-quarta-feira\/","og_locale":"pt_BR","og_type":"article","og_title":"Ibovespa abre em queda nesta quarta-feira","og_description":"A paraliza\u00e7\u00e3o no governo americano segue preocupando o mercado. Um quarto do governou est\u00e1 paralizado. Clique para saber mais.","og_url":"https:\/\/www.suno.com.br\/noticias\/ibovespa-abre-em-queda-nesta-quarta-feira\/","og_site_name":"Suno Not\u00edcias","article_publisher":"https:\/\/facebook.com\/sunoresearch","og_image":[{"width":960,"height":678,"url":"https:\/\/files.sunoresearch.com.br\/n\/uploads\/2018\/12\/835b2d22-ibovespa.jpg","type":"image\/jpeg"}],"author":"Renan Dantas","twitter_card":"summary_large_image","twitter_creator":"@sunoresearch","twitter_site":"@sunoresearch","twitter_misc":{"Escrito por":"Renan Dantas","Est. tempo de leitura":"1 minuto"},"schema":{"@context":"https:\/\/schema.org","@graph":[{"@type":"NewsArticle","@id":"https:\/\/www.suno.com.br\/noticias\/ibovespa-abre-em-queda-nesta-quarta-feira\/#article","isPartOf":{"@id":"https:\/\/www.suno.com.br\/noticias\/ibovespa-abre-em-queda-nesta-quarta-feira\/"},"author":{"name":"Renan Dantas","@id":"https:\/\/www.suno.com.br\/noticias\/#\/schema\/person\/3f7693d5795a3f6d5ce15309ee785699"},"headline":"Ibovespa abre em queda nesta quarta-feira","datePublished":"2018-12-26T12:35:10+00:00","dateModified":"2018-12-26T15:26:49+00:00","mainEntityOfPage":{"@id":"https:\/\/www.suno.com.br\/noticias\/ibovespa-abre-em-queda-nesta-quarta-feira\/"},"wordCount":302,"publisher":{"@id":"https:\/\/www.suno.com.br\/noticias\/#organization"},"image":{"@id":"https:\/\/www.suno.com.br\/noticias\/ibovespa-abre-em-queda-nesta-quarta-feira\/#primaryimage"},"thumbnailUrl":"https:\/\/files.sunoresearch.com.br\/n\/uploads\/2018\/12\/835b2d22-ibovespa-jpg.webp","keywords":["Boletim Focus","Federal Reserve (FED)","Ibovespa"],"articleSection":["Mercado"],"inLanguage":"pt-BR"},{"@type":"WebPage","@id":"https:\/\/www.suno.com.br\/noticias\/ibovespa-abre-em-queda-nesta-quarta-feira\/","url":"https:\/\/www.suno.com.br\/noticias\/ibovespa-abre-em-queda-nesta-quarta-feira\/","name":"Ibovespa abre em queda nesta quarta-feira","isPartOf":{"@id":"https:\/\/www.suno.com.br\/noticias\/#website"},"primaryImageOfPage":{"@id":"https:\/\/www.suno.com.br\/noticias\/ibovespa-abre-em-queda-nesta-quarta-feira\/#primaryimage"},"image":{"@id":"https:\/\/www.suno.com.br\/noticias\/ibovespa-abre-em-queda-nesta-quarta-feira\/#primaryimage"},"thumbnailUrl":"https:\/\/files.sunoresearch.com.br\/n\/uploads\/2018\/12\/835b2d22-ibovespa-jpg.webp","datePublished":"2018-12-26T12:35:10+00:00","dateModified":"2018-12-26T15:26:49+00:00","description":"A paraliza\u00e7\u00e3o no governo americano segue preocupando o mercado. Um quarto do governou est\u00e1 paralizado. Clique para saber mais.","breadcrumb":{"@id":"https:\/\/www.suno.com.br\/noticias\/ibovespa-abre-em-queda-nesta-quarta-feira\/#breadcrumb"},"inLanguage":"pt-BR","potentialAction":[{"@type":"ReadAction","target":["https:\/\/www.suno.com.br\/noticias\/ibovespa-abre-em-queda-nesta-quarta-feira\/"]}]},{"@type":"ImageObject","inLanguage":"pt-BR","@id":"https:\/\/www.suno.com.br\/noticias\/ibovespa-abre-em-queda-nesta-quarta-feira\/#primaryimage","url":"https:\/\/files.sunoresearch.com.br\/n\/uploads\/2018\/12\/835b2d22-ibovespa-jpg.webp","contentUrl":"https:\/\/files.sunoresearch.com.br\/n\/uploads\/2018\/12\/835b2d22-ibovespa-jpg.webp","width":960,"height":678,"caption":"O Ibovespa ampliou os ganhos dos \u00faltimas dias e fechou em alta, puxado pelos bancos"},{"@type":"BreadcrumbList","@id":"https:\/\/www.suno.com.br\/noticias\/ibovespa-abre-em-queda-nesta-quarta-feira\/#breadcrumb","itemListElement":[{"@type":"ListItem","position":1,"name":"Not\u00edcias","item":"https:\/\/www.suno.com.br\/noticias\/"},{"@type":"ListItem","position":2,"name":"Mercado","item":"https:\/\/www.suno.com.br\/noticias\/mercado\/"},{"@type":"ListItem","position":3,"name":"Ibovespa abre em queda nesta quarta-feira"}]},{"@type":"WebSite","@id":"https:\/\/www.suno.com.br\/noticias\/#website","url":"https:\/\/www.suno.com.br\/noticias\/","name":"Suno Not\u00edcias","description":"Seu portal de informa\u00e7\u00e3o sobre o mundo dos investimentos","publisher":{"@id":"https:\/\/www.suno.com.br\/noticias\/#organization"},"potentialAction":[{"@type":"SearchAction","target":{"@type":"EntryPoint","urlTemplate":"https:\/\/www.suno.com.br\/noticias\/?s={search_term_string}"},"query-input":{"@type":"PropertyValueSpecification","valueRequired":true,"valueName":"search_term_string"}}],"inLanguage":"pt-BR"},{"@type":"Organization","@id":"https:\/\/www.suno.com.br\/noticias\/#organization","name":"Suno Not\u00edcias","url":"https:\/\/www.suno.com.br\/noticias\/","logo":{"@type":"ImageObject","inLanguage":"pt-BR","@id":"https:\/\/www.suno.com.br\/noticias\/#\/schema\/logo\/image\/","url":"https:\/\/files.sunoresearch.com.br\/n\/uploads\/2021\/09\/suno-logo.png","contentUrl":"https:\/\/files.sunoresearch.com.br\/n\/uploads\/2021\/09\/suno-logo.png","width":180,"height":180,"caption":"Suno Not\u00edcias"},"image":{"@id":"https:\/\/www.suno.com.br\/noticias\/#\/schema\/logo\/image\/"},"sameAs":["https:\/\/facebook.com\/sunoresearch","https:\/\/x.com\/sunoresearch","https:\/\/www.instagram.com\/suno","https:\/\/www.linkedin.com\/company\/suno-research\/","https:\/\/www.youtube.com\/c\/sunoresearch"]},{"@type":"Person","@id":"https:\/\/www.suno.com.br\/noticias\/#\/schema\/person\/3f7693d5795a3f6d5ce15309ee785699","name":"Renan Dantas","image":{"@type":"ImageObject","inLanguage":"pt-BR","@id":"https:\/\/www.suno.com.br\/noticias\/#\/schema\/person\/image\/","url":"https:\/\/secure.gravatar.com\/avatar\/1787b83e7484a08e51d62ac8b41c8396?s=96&r=g","contentUrl":"https:\/\/secure.gravatar.com\/avatar\/1787b83e7484a08e51d62ac8b41c8396?s=96&r=g","caption":"Renan Dantas"},"description":"Escreve sobre pol\u00edtica e mercado financeiro para o portal Suno Not\u00edcias. Antes, atuou na assessoria de comunica\u00e7\u00e3o do Minist\u00e9rio P\u00fablico do Trabalho e na R\u00e1dio Mackenzie, onde apresentava e produzia um programa sobre artistas da m\u00fasica brasileira. \u00c9 estudante na Universidade Presbiteriana Mackenzie.","url":"https:\/\/www.suno.com.br\/noticias\/author\/renan-dantas\/"}]}},"default_loop_html":"<div class=\"cardsPage__listCard__boxs\"><div class=\"cardsPage__listCard__boxs__img\"><a href=\"https:\/\/www.suno.com.br\/noticias\/ibovespa-abre-em-queda-nesta-quarta-feira\/\"><img class=\"mask\" src=\"https:\/\/www.suno.com.br\/noticias\/wp-content\/themes\/suno\/resources\/images\/spotlight\/spotlight1img\/bg-mask.png\" alt=\"Image Mask\"\/><img src=\"https:\/\/files.sunoresearch.com.br\/n\/uploads\/2018\/12\/835b2d22-ibovespa-400x200.webp\" alt=\"Ibovespa abre em queda nesta quarta-feira\"\/><\/a><span class=\"spotlightCategory\"><a href=\"https:\/\/www.suno.com.br\/noticias\/mercado\/\">Mercado<\/a><\/span><\/div><div class=\"cardsPage__listCard__boxs__content\"><a href=\"https:\/\/www.suno.com.br\/noticias\/ibovespa-abre-em-queda-nesta-quarta-feira\/\"><h2 class=\"content__title\">Ibovespa abre em queda nesta quarta-feira<\/h2><\/a><div class=\"newsContent__article__meta\"><div class=\"newsContent__article__meta__authorBox\"><a href=\"https:\/\/www.suno.com.br\/noticias\/author\/renan-dantas\/\" class=\"authorBox__avatar noMobi\"><img src=\"https:\/\/secure.gravatar.com\/avatar\/1787b83e7484a08e51d62ac8b41c8396?s=96&#038;r=g\" alt=\"Renan Dantas\"><\/a><div class=\"authorBox__name\"><span>por\n\t\t\t<a href=\"https:\/\/www.suno.com.br\/noticias\/author\/renan-dantas\/\"><span itemprop=\"author\">Renan Dantas<\/span><\/a><\/span><time datetime=\"2018-12-26T10:35:10-02:00\" itemprop=\"datePublished\">26\/12\/2018 10:35<\/time><\/div><\/div><\/div><\/div><\/div>","single_layout":"posts","amp_enabled":true,"_links":{"self":[{"href":"https:\/\/www.suno.com.br\/noticias\/wp-json\/wp\/v2\/posts\/9841"}],"collection":[{"href":"https:\/\/www.suno.com.br\/noticias\/wp-json\/wp\/v2\/posts"}],"about":[{"href":"https:\/\/www.suno.com.br\/noticias\/wp-json\/wp\/v2\/types\/post"}],"author":[{"embeddable":true,"href":"https:\/\/www.suno.com.br\/noticias\/wp-json\/wp\/v2\/users\/14"}],"replies":[{"embeddable":true,"href":"https:\/\/www.suno.com.br\/noticias\/wp-json\/wp\/v2\/comments?post=9841"}],"version-history":[{"count":0,"href":"https:\/\/www.suno.com.br\/noticias\/wp-json\/wp\/v2\/posts\/9841\/revisions"}],"wp:featuredmedia":[{"embeddable":true,"href":"https:\/\/www.suno.com.br\/noticias\/wp-json\/wp\/v2\/media\/7981"}],"wp:attachment":[{"href":"https:\/\/www.suno.com.br\/noticias\/wp-json\/wp\/v2\/media?parent=9841"}],"wp:term":[{"taxonomy":"category","embeddable":true,"href":"https:\/\/www.suno.com.br\/noticias\/wp-json\/wp\/v2\/categories?post=9841"},{"taxonomy":"post_tag","embeddable":true,"href":"https:\/\/www.suno.com.br\/noticias\/wp-json\/wp\/v2\/tags?post=9841"},{"taxonomy":"suno_strategy","embeddable":true,"href":"https:\/\/www.suno.com.br\/noticias\/wp-json\/wp\/v2\/suno_strategy?post=9841"}],"curies":[{"name":"wp","href":"https:\/\/api.w.org\/{rel}","templated":true}]}}