{"id":98212,"date":"2020-11-06T18:13:24","date_gmt":"2020-11-06T21:13:24","guid":{"rendered":"https:\/\/www.suno.com.br\/noticias\/?p=98212"},"modified":"2021-02-17T21:52:24","modified_gmt":"2021-02-18T00:52:24","slug":"paulo-guedes-dolar-brasil-reservas-internacionais","status":"publish","type":"post","link":"https:\/\/www.suno.com.br\/noticias\/paulo-guedes-dolar-brasil-reservas-internacionais\/","title":{"rendered":"Guedes: com d\u00f3lar a R$ 5,50, n\u00e3o precisamos de tantas reservas internacionais"},"content":{"rendered":"<p>O atual ministro da Economia, <a href=\"https:\/\/www.suno.com.br\/tudo-sobre\/paulo-guedes\/#:~:text=Paulo%20Roberto%20Nunes%20Guedes%2C%20mais,fundos%20de%20investimentos%20e%20empresas.\">Paulo Guedes,<\/a> afirmou que com o <a href=\"https:\/\/www.suno.com.br\/artigos\/dolar\/\">d\u00f3lar<\/a> pr\u00f3ximo a R$ 5,50, o Brasil n\u00e3o precisa de tantas<a href=\"https:\/\/www.suno.com.br\/artigos\/reservas-internacionais\/\"> <strong>reservas internacionais.<\/strong> <\/a>A declara\u00e7\u00e3o foi feita nessa sexta-feira (6), enquanto o economista participava do evento Ita\u00fa MacroVision.<\/p>\t<div class=\"wrapper-featured-image\">\n\t\t<figure class=\"spotlightImg\">\n\n\t\t\t<picture>\n\t\t\t\t<source media=\"(max-width: 768px)\" srcset=\"https:\/\/files.sunoresearch.com.br\/n\/uploads\/2020\/03\/8fec58f0-20c19e60-paulo-guedes-400x200.webp\">\n\t\t\t\t<img loading=\"lazy\" decoding=\"async\" class=\"newsContent__article__imgCapa lazyloadDisabled \" src=\"https:\/\/files.sunoresearch.com.br\/n\/uploads\/2020\/03\/8fec58f0-20c19e60-paulo-guedes-800x450.webp\" width=\"800\" height=\"450\" alt=\"Guedes: com d\u00f3lar a R$ 5,50, n\u00e3o precisamos de tantas reservas internacionais\" fetchpriority=high \/>\n\t\t\t<\/picture>\n\n\t\t\t<figcaption class=\"wp-caption-text wp-caption-text--show\">Guedes afirmou que com o d\u00f3lar pr\u00f3ximo a R$ 5,50, o Brasil n\u00e3o precisa de tantas reservas internacionais.<\/figcaption>\n\t\t<\/figure>\n\t<\/div>\n\n\n\t<p>\n\t\t<a href=\"\" target=\"_blank\" data-element=\"shortcode-suno-banner\" title=\"Banner SUNO, clique e saiba mais\">\n\t\t\t<picture>\n\t\t\t\t<source media=\"(max-width: 500px)\" srcset=\"\">\n\t\t\t\t<img class=\"newsContent__article__imgCapa newsContent__article__imgCapa--banner\"\n\t\t\t\t\tsrc=\"\"\n\t\t\t\t\tdata-promo-id=\"97204\"\t\t\t\t\t\t\t\t\t\t\t\t\t\t\talt=\"\"\n\t\t\t\t>\n\t\t\t<\/picture>\n\t\t<\/a>\n\t<\/p>\n\n\n<p>No entanto, <strong>Guedes<\/strong> destacou que o governo n\u00e3o quer ter &#8220;muito menos&#8221; reservas internacionais. &#8220;Queremos ser credor l\u00edquido, n\u00e3o vamos queimar reservas&#8221;, disse o ministro.<\/p>\n<p>Al\u00e9m disso, o economista comentou sobre a <a href=\"https:\/\/www.suno.com.br\/noticias\/tags\/coronavirus\/\">pandemia do novo <strong>coronav\u00edrus<\/strong> (Covid-19).<\/a> Ele apontou que o mundo est\u00e1 passando por um momento dif\u00edcil e lembrou que &#8220;ainda tem desdobramentos pol\u00edticos acontecendo&#8221;.<\/p>\n<p><a href=\"https:\/\/lp.suno.com.br\/suno-one\/\">Suno One: o primeiro passo para alcan\u00e7ar a sua independ\u00eancia financeira. Acesse agora, \u00e9 gratuito!<\/a><\/p>\n<p>Contudo, disse que &#8220;\u00e9 inequ\u00edvoco que a economia est\u00e1 subindo e a pandemia descendo&#8221;.<\/p>\n<p>Sobre a retomada da economia, Guedes destacou que est\u00e1 voltando e &#8216;V&#8217;, comentando sobre a gera\u00e7\u00e3o de emprego, consumo de energia el\u00e9trica e diesel e sobre a arrecada\u00e7\u00e3o do<a href=\"https:\/\/www.suno.com.br\/artigos\/icms\/\"> Imposto sobre Circula\u00e7\u00e3o de Mercadorias e Servi\u00e7os (ICMS).<\/a><\/p>\n<div class=\"hubspot-form-wrapper\">\n\t<div id=\"single-form-target\"><\/div>\n<\/div>\n\n<p>Em rela\u00e7\u00e3o a aprova\u00e7\u00e3o do projeto de lei que d\u00e1 autonomia ao<a href=\"https:\/\/www.suno.com.br\/artigos\/bacen\/\"><strong> Banco Central (BC),<\/strong><\/a> o ministro disse que &#8220;\u00e9 um sinal positivo, mostra que h\u00e1 apoio \u00e0s reformas estruturantes&#8221; e voltou a agradecer ao Senado.<\/p>\n<p>&#8220;H\u00e1 40 anos defendemos <strong>BC independente<\/strong> e conseguimos isso&#8221;. &#8220;Estamos em momento onde o BC vai mostrar sua import\u00e2ncia, por isso o timing \u00e9 bom&#8221;.<\/p>\n<h2>Al\u00e9m de reservas internacionais, Guedes fala sobre privatiza\u00e7\u00f5es<\/h2>\n<p>Falando sobre o avan\u00e7o da agenda de reformas, o ministro destacou que &#8220;o plano \u00e9 conhecido: vamos abrir a economia, avan\u00e7ar com as <a href=\"https:\/\/www.suno.com.br\/artigos\/privatizacao\/\">privatiza\u00e7\u00f5es<\/a>&#8220;.<\/p>\n<p>&#8220;Tivemos muita ajuda at\u00e9 aqui, temos interlocutores que j\u00e1 nos ajudaram e v\u00e3o continuar ajudando&#8221;, completou.<\/p>\n\t<div data-element=\"shortcode-read-more\" class=\"knowMore\">\n\t\t\t\t<span class=\"knowMore__title\">Veja tamb\u00e9m<\/span>\n\t\t\t\t<a class=\"knowMore__link\" href=\"https:\/\/www.suno.com.br\/noticias\/real-digital-paulo-guedes-confirma-moeda-eletronica\/\">\n\t\t\tReal digital: Paulo Guedes confirma que Brasil ter\u00e1 moeda eletr\u00f4nica\t\t<\/a>\n\t<\/div>\n\n\n<p>Al\u00e9m disso, o economista apontou que &#8220;baixou bastante o barulho institucional e reformas est\u00e3o voltando&#8221;. &#8220;O Brasil est\u00e1 finalmente dando uma respirada e mostrando que retomou a agenda&#8221;.<\/p>\n<p>Em rela\u00e7\u00e3o aos est\u00edmulos adotados frente a pandemia de <strong>coronav\u00edrus<\/strong>, o ministro afirmou que alguns poder\u00e3o ser mantidos, mas n\u00e3o deu muitos detalhes.<\/p>\n<p>&#8220;Podemos acelerar as <strong>privatiza\u00e7\u00f5es<\/strong> e transformar em pol\u00edticas sociais? \u00c9 o nosso sonho, estamos perseguindo isso&#8221;, salientou o ministro durante o evento no qual tamb\u00e9m destacou as <strong>reservas internacionais<\/strong>.<\/p>\n\t<p>\n\t\t<a href=\"https:\/\/lp.suno.com.br\/planilha-de-controle-de-investimentos\/\" target=\"_blank\" data-element=\"shortcode-suno-banner\" title=\"Banner SUNO, clique e saiba mais\">\n\t\t\t<picture>\n\t\t\t\t<source media=\"(max-width: 500px)\" srcset=\"https:\/\/files.sunoresearch.com.br\/n\/uploads\/2023\/03\/400x300-Controle-de-Investimentos.png\">\n\t\t\t\t<img class=\"newsContent__article__imgCapa newsContent__article__imgCapa--banner\"\n\t\t\t\t\tsrc=\"https:\/\/files.sunoresearch.com.br\/n\/uploads\/2023\/03\/1420x240-Controle-de-Investimentos.png\"\n\t\t\t\t\tdata-promo-id=\"75934\"\t\t\t\t\t\t\t\t\t\twidth='1420' height='240'\t\t\t\t\talt=\"https:\/\/files.sunoresearch.com.br\/n\/uploads\/2023\/03\/1420x240-Controle-de-Investimentos.png\"\n\t\t\t\t>\n\t\t\t<\/picture>\n\t\t<\/a>\n\t<\/p>\n\n\n","protected":false},"excerpt":{"rendered":"<p>O atual ministro da Economia, Paulo Guedes, afirmou que com o d\u00f3lar pr\u00f3ximo a R$ 5,50, o Brasil n\u00e3o precisa de tantas reservas internacionais. A declara\u00e7\u00e3o foi feita nessa sexta-feira (6), enquanto o economista participava do evento Ita\u00fa MacroVision. Guedes afirmou que com o d\u00f3lar pr\u00f3ximo a R$ 5,50, o Brasil n\u00e3o precisa de tantas [&hellip;]<\/p>\n","protected":false},"author":39,"featured_media":57053,"comment_status":"closed","ping_status":"closed","sticky":false,"template":"","format":"standard","meta":[],"categories":[62],"tags":[796,927],"suno_strategy":[],"class_list":["post-98212","post","type-post","status-publish","format-standard","has-post-thumbnail","hentry","category-economia","tag-paulo-guedes","tag-reservas-internacionais"],"yoast_head":"<!-- This site is optimized with the Yoast SEO plugin v24.4 - https:\/\/yoast.com\/wordpress\/plugins\/seo\/ -->\n<title>Guedes: com d\u00f3lar a R$ 5,50, n\u00e3o precisamos de tantas reservas internacionais<\/title>\n<meta name=\"description\" content=\"Guedes afirmou que com o d\u00f3lar pr\u00f3ximo a R$ 5,50, o Brasil n\u00e3o precisa de tantas reservas internacionais. Clique aqui para saber mais.\" \/>\n<meta name=\"robots\" content=\"index, follow, max-snippet:-1, max-image-preview:large, max-video-preview:-1\" \/>\n<link rel=\"canonical\" href=\"https:\/\/www.suno.com.br\/noticias\/paulo-guedes-dolar-brasil-reservas-internacionais\/\" \/>\n<meta property=\"og:locale\" content=\"pt_BR\" \/>\n<meta property=\"og:type\" content=\"article\" \/>\n<meta property=\"og:title\" content=\"Guedes: com d\u00f3lar a R$ 5,50, n\u00e3o precisamos de tantas reservas internacionais\" \/>\n<meta property=\"og:description\" content=\"Guedes afirmou que com o d\u00f3lar pr\u00f3ximo a R$ 5,50, o Brasil n\u00e3o precisa de tantas reservas internacionais. Clique aqui para saber mais.\" \/>\n<meta property=\"og:url\" content=\"https:\/\/www.suno.com.br\/noticias\/paulo-guedes-dolar-brasil-reservas-internacionais\/\" \/>\n<meta property=\"og:site_name\" content=\"Suno Not\u00edcias\" \/>\n<meta property=\"article:publisher\" content=\"https:\/\/facebook.com\/sunoresearch\" \/>\n<meta property=\"og:image\" content=\"https:\/\/files.sunoresearch.com.br\/n\/uploads\/2020\/03\/8fec58f0-20c19e60-paulo-guedes.jpg\" \/>\n\t<meta property=\"og:image:width\" content=\"2400\" \/>\n\t<meta property=\"og:image:height\" content=\"1600\" \/>\n\t<meta property=\"og:image:type\" content=\"image\/jpeg\" \/>\n<meta name=\"author\" content=\"Laura Moutinho\" \/>\n<meta name=\"twitter:card\" content=\"summary_large_image\" \/>\n<meta name=\"twitter:creator\" content=\"@sunoresearch\" \/>\n<meta name=\"twitter:site\" content=\"@sunoresearch\" \/>\n<meta name=\"twitter:label1\" content=\"Escrito por\" \/>\n\t<meta name=\"twitter:data1\" content=\"Laura Moutinho\" \/>\n\t<meta name=\"twitter:label2\" content=\"Est. tempo de leitura\" \/>\n\t<meta name=\"twitter:data2\" content=\"2 minutos\" \/>\n<script type=\"application\/ld+json\" class=\"yoast-schema-graph\">{\"@context\":\"https:\/\/schema.org\",\"@graph\":[{\"@type\":\"NewsArticle\",\"@id\":\"https:\/\/www.suno.com.br\/noticias\/paulo-guedes-dolar-brasil-reservas-internacionais\/#article\",\"isPartOf\":{\"@id\":\"https:\/\/www.suno.com.br\/noticias\/paulo-guedes-dolar-brasil-reservas-internacionais\/\"},\"author\":{\"name\":\"Laura Moutinho\",\"@id\":\"https:\/\/www.suno.com.br\/noticias\/#\/schema\/person\/3df0d2808748b74496efe5dbeaef2c72\"},\"headline\":\"Guedes: com d\u00f3lar a R$ 5,50, n\u00e3o precisamos de tantas reservas internacionais\",\"datePublished\":\"2020-11-06T21:13:24+00:00\",\"dateModified\":\"2021-02-18T00:52:24+00:00\",\"mainEntityOfPage\":{\"@id\":\"https:\/\/www.suno.com.br\/noticias\/paulo-guedes-dolar-brasil-reservas-internacionais\/\"},\"wordCount\":419,\"publisher\":{\"@id\":\"https:\/\/www.suno.com.br\/noticias\/#organization\"},\"image\":{\"@id\":\"https:\/\/www.suno.com.br\/noticias\/paulo-guedes-dolar-brasil-reservas-internacionais\/#primaryimage\"},\"thumbnailUrl\":\"https:\/\/files.sunoresearch.com.br\/n\/uploads\/2020\/03\/8fec58f0-20c19e60-paulo-guedes-jpg.webp\",\"keywords\":[\"Paulo Guedes\",\"reservas internacionais\"],\"articleSection\":[\"Economia\"],\"inLanguage\":\"pt-BR\"},{\"@type\":\"WebPage\",\"@id\":\"https:\/\/www.suno.com.br\/noticias\/paulo-guedes-dolar-brasil-reservas-internacionais\/\",\"url\":\"https:\/\/www.suno.com.br\/noticias\/paulo-guedes-dolar-brasil-reservas-internacionais\/\",\"name\":\"Guedes: com d\u00f3lar a R$ 5,50, n\u00e3o precisamos de tantas reservas internacionais\",\"isPartOf\":{\"@id\":\"https:\/\/www.suno.com.br\/noticias\/#website\"},\"primaryImageOfPage\":{\"@id\":\"https:\/\/www.suno.com.br\/noticias\/paulo-guedes-dolar-brasil-reservas-internacionais\/#primaryimage\"},\"image\":{\"@id\":\"https:\/\/www.suno.com.br\/noticias\/paulo-guedes-dolar-brasil-reservas-internacionais\/#primaryimage\"},\"thumbnailUrl\":\"https:\/\/files.sunoresearch.com.br\/n\/uploads\/2020\/03\/8fec58f0-20c19e60-paulo-guedes-jpg.webp\",\"datePublished\":\"2020-11-06T21:13:24+00:00\",\"dateModified\":\"2021-02-18T00:52:24+00:00\",\"description\":\"Guedes afirmou que com o d\u00f3lar pr\u00f3ximo a R$ 5,50, o Brasil n\u00e3o precisa de tantas reservas internacionais. Clique aqui para saber mais.\",\"breadcrumb\":{\"@id\":\"https:\/\/www.suno.com.br\/noticias\/paulo-guedes-dolar-brasil-reservas-internacionais\/#breadcrumb\"},\"inLanguage\":\"pt-BR\",\"potentialAction\":[{\"@type\":\"ReadAction\",\"target\":[\"https:\/\/www.suno.com.br\/noticias\/paulo-guedes-dolar-brasil-reservas-internacionais\/\"]}]},{\"@type\":\"ImageObject\",\"inLanguage\":\"pt-BR\",\"@id\":\"https:\/\/www.suno.com.br\/noticias\/paulo-guedes-dolar-brasil-reservas-internacionais\/#primaryimage\",\"url\":\"https:\/\/files.sunoresearch.com.br\/n\/uploads\/2020\/03\/8fec58f0-20c19e60-paulo-guedes-jpg.webp\",\"contentUrl\":\"https:\/\/files.sunoresearch.com.br\/n\/uploads\/2020\/03\/8fec58f0-20c19e60-paulo-guedes-jpg.webp\",\"width\":2400,\"height\":1600,\"caption\":\"Guedes afirmou que com o d\u00f3lar pr\u00f3ximo a R$ 5,50, o Brasil n\u00e3o precisa de tantas reservas internacionais.\"},{\"@type\":\"BreadcrumbList\",\"@id\":\"https:\/\/www.suno.com.br\/noticias\/paulo-guedes-dolar-brasil-reservas-internacionais\/#breadcrumb\",\"itemListElement\":[{\"@type\":\"ListItem\",\"position\":1,\"name\":\"Not\u00edcias\",\"item\":\"https:\/\/www.suno.com.br\/noticias\/\"},{\"@type\":\"ListItem\",\"position\":2,\"name\":\"Economia\",\"item\":\"https:\/\/www.suno.com.br\/noticias\/economia\/\"},{\"@type\":\"ListItem\",\"position\":3,\"name\":\"Guedes: com d\u00f3lar a R$ 5,50, n\u00e3o precisamos de tantas reservas internacionais\"}]},{\"@type\":\"WebSite\",\"@id\":\"https:\/\/www.suno.com.br\/noticias\/#website\",\"url\":\"https:\/\/www.suno.com.br\/noticias\/\",\"name\":\"Suno Not\u00edcias\",\"description\":\"Seu portal de informa\u00e7\u00e3o sobre o mundo dos investimentos\",\"publisher\":{\"@id\":\"https:\/\/www.suno.com.br\/noticias\/#organization\"},\"potentialAction\":[{\"@type\":\"SearchAction\",\"target\":{\"@type\":\"EntryPoint\",\"urlTemplate\":\"https:\/\/www.suno.com.br\/noticias\/?s={search_term_string}\"},\"query-input\":{\"@type\":\"PropertyValueSpecification\",\"valueRequired\":true,\"valueName\":\"search_term_string\"}}],\"inLanguage\":\"pt-BR\"},{\"@type\":\"Organization\",\"@id\":\"https:\/\/www.suno.com.br\/noticias\/#organization\",\"name\":\"Suno Not\u00edcias\",\"url\":\"https:\/\/www.suno.com.br\/noticias\/\",\"logo\":{\"@type\":\"ImageObject\",\"inLanguage\":\"pt-BR\",\"@id\":\"https:\/\/www.suno.com.br\/noticias\/#\/schema\/logo\/image\/\",\"url\":\"https:\/\/files.sunoresearch.com.br\/n\/uploads\/2021\/09\/suno-logo.png\",\"contentUrl\":\"https:\/\/files.sunoresearch.com.br\/n\/uploads\/2021\/09\/suno-logo.png\",\"width\":180,\"height\":180,\"caption\":\"Suno Not\u00edcias\"},\"image\":{\"@id\":\"https:\/\/www.suno.com.br\/noticias\/#\/schema\/logo\/image\/\"},\"sameAs\":[\"https:\/\/facebook.com\/sunoresearch\",\"https:\/\/x.com\/sunoresearch\",\"https:\/\/www.instagram.com\/suno\",\"https:\/\/www.linkedin.com\/company\/suno-research\/\",\"https:\/\/www.youtube.com\/c\/sunoresearch\"]},{\"@type\":\"Person\",\"@id\":\"https:\/\/www.suno.com.br\/noticias\/#\/schema\/person\/3df0d2808748b74496efe5dbeaef2c72\",\"name\":\"Laura Moutinho\",\"image\":{\"@type\":\"ImageObject\",\"inLanguage\":\"pt-BR\",\"@id\":\"https:\/\/www.suno.com.br\/noticias\/#\/schema\/person\/image\/\",\"url\":\"https:\/\/secure.gravatar.com\/avatar\/7571c7c8ca3a6fca5e41384ece5557ff?s=96&r=g\",\"contentUrl\":\"https:\/\/secure.gravatar.com\/avatar\/7571c7c8ca3a6fca5e41384ece5557ff?s=96&r=g\",\"caption\":\"Laura Moutinho\"},\"description\":\"Estagi\u00e1ria na Suno Not\u00edcias, escreve not\u00edcias que afetam o mercado financeiro. Estuda administra\u00e7\u00e3o na Universidade Presbiteriana Mackenzie.\",\"url\":\"https:\/\/www.suno.com.br\/noticias\/author\/laura-moutinho\/\"}]}<\/script>\n<!-- \/ Yoast SEO plugin. -->","yoast_head_json":{"title":"Guedes: com d\u00f3lar a R$ 5,50, n\u00e3o precisamos de tantas reservas internacionais","description":"Guedes afirmou que com o d\u00f3lar pr\u00f3ximo a R$ 5,50, o Brasil n\u00e3o precisa de tantas reservas internacionais. Clique aqui para saber mais.","robots":{"index":"index","follow":"follow","max-snippet":"max-snippet:-1","max-image-preview":"max-image-preview:large","max-video-preview":"max-video-preview:-1"},"canonical":"https:\/\/www.suno.com.br\/noticias\/paulo-guedes-dolar-brasil-reservas-internacionais\/","og_locale":"pt_BR","og_type":"article","og_title":"Guedes: com d\u00f3lar a R$ 5,50, n\u00e3o precisamos de tantas reservas internacionais","og_description":"Guedes afirmou que com o d\u00f3lar pr\u00f3ximo a R$ 5,50, o Brasil n\u00e3o precisa de tantas reservas internacionais. Clique aqui para saber mais.","og_url":"https:\/\/www.suno.com.br\/noticias\/paulo-guedes-dolar-brasil-reservas-internacionais\/","og_site_name":"Suno Not\u00edcias","article_publisher":"https:\/\/facebook.com\/sunoresearch","og_image":[{"width":2400,"height":1600,"url":"https:\/\/files.sunoresearch.com.br\/n\/uploads\/2020\/03\/8fec58f0-20c19e60-paulo-guedes.jpg","type":"image\/jpeg"}],"author":"Laura Moutinho","twitter_card":"summary_large_image","twitter_creator":"@sunoresearch","twitter_site":"@sunoresearch","twitter_misc":{"Escrito por":"Laura Moutinho","Est. tempo de leitura":"2 minutos"},"schema":{"@context":"https:\/\/schema.org","@graph":[{"@type":"NewsArticle","@id":"https:\/\/www.suno.com.br\/noticias\/paulo-guedes-dolar-brasil-reservas-internacionais\/#article","isPartOf":{"@id":"https:\/\/www.suno.com.br\/noticias\/paulo-guedes-dolar-brasil-reservas-internacionais\/"},"author":{"name":"Laura Moutinho","@id":"https:\/\/www.suno.com.br\/noticias\/#\/schema\/person\/3df0d2808748b74496efe5dbeaef2c72"},"headline":"Guedes: com d\u00f3lar a R$ 5,50, n\u00e3o precisamos de tantas reservas internacionais","datePublished":"2020-11-06T21:13:24+00:00","dateModified":"2021-02-18T00:52:24+00:00","mainEntityOfPage":{"@id":"https:\/\/www.suno.com.br\/noticias\/paulo-guedes-dolar-brasil-reservas-internacionais\/"},"wordCount":419,"publisher":{"@id":"https:\/\/www.suno.com.br\/noticias\/#organization"},"image":{"@id":"https:\/\/www.suno.com.br\/noticias\/paulo-guedes-dolar-brasil-reservas-internacionais\/#primaryimage"},"thumbnailUrl":"https:\/\/files.sunoresearch.com.br\/n\/uploads\/2020\/03\/8fec58f0-20c19e60-paulo-guedes-jpg.webp","keywords":["Paulo Guedes","reservas internacionais"],"articleSection":["Economia"],"inLanguage":"pt-BR"},{"@type":"WebPage","@id":"https:\/\/www.suno.com.br\/noticias\/paulo-guedes-dolar-brasil-reservas-internacionais\/","url":"https:\/\/www.suno.com.br\/noticias\/paulo-guedes-dolar-brasil-reservas-internacionais\/","name":"Guedes: com d\u00f3lar a R$ 5,50, n\u00e3o precisamos de tantas reservas internacionais","isPartOf":{"@id":"https:\/\/www.suno.com.br\/noticias\/#website"},"primaryImageOfPage":{"@id":"https:\/\/www.suno.com.br\/noticias\/paulo-guedes-dolar-brasil-reservas-internacionais\/#primaryimage"},"image":{"@id":"https:\/\/www.suno.com.br\/noticias\/paulo-guedes-dolar-brasil-reservas-internacionais\/#primaryimage"},"thumbnailUrl":"https:\/\/files.sunoresearch.com.br\/n\/uploads\/2020\/03\/8fec58f0-20c19e60-paulo-guedes-jpg.webp","datePublished":"2020-11-06T21:13:24+00:00","dateModified":"2021-02-18T00:52:24+00:00","description":"Guedes afirmou que com o d\u00f3lar pr\u00f3ximo a R$ 5,50, o Brasil n\u00e3o precisa de tantas reservas internacionais. Clique aqui para saber mais.","breadcrumb":{"@id":"https:\/\/www.suno.com.br\/noticias\/paulo-guedes-dolar-brasil-reservas-internacionais\/#breadcrumb"},"inLanguage":"pt-BR","potentialAction":[{"@type":"ReadAction","target":["https:\/\/www.suno.com.br\/noticias\/paulo-guedes-dolar-brasil-reservas-internacionais\/"]}]},{"@type":"ImageObject","inLanguage":"pt-BR","@id":"https:\/\/www.suno.com.br\/noticias\/paulo-guedes-dolar-brasil-reservas-internacionais\/#primaryimage","url":"https:\/\/files.sunoresearch.com.br\/n\/uploads\/2020\/03\/8fec58f0-20c19e60-paulo-guedes-jpg.webp","contentUrl":"https:\/\/files.sunoresearch.com.br\/n\/uploads\/2020\/03\/8fec58f0-20c19e60-paulo-guedes-jpg.webp","width":2400,"height":1600,"caption":"Guedes afirmou que com o d\u00f3lar pr\u00f3ximo a R$ 5,50, o Brasil n\u00e3o precisa de tantas reservas internacionais."},{"@type":"BreadcrumbList","@id":"https:\/\/www.suno.com.br\/noticias\/paulo-guedes-dolar-brasil-reservas-internacionais\/#breadcrumb","itemListElement":[{"@type":"ListItem","position":1,"name":"Not\u00edcias","item":"https:\/\/www.suno.com.br\/noticias\/"},{"@type":"ListItem","position":2,"name":"Economia","item":"https:\/\/www.suno.com.br\/noticias\/economia\/"},{"@type":"ListItem","position":3,"name":"Guedes: com d\u00f3lar a R$ 5,50, n\u00e3o precisamos de tantas reservas internacionais"}]},{"@type":"WebSite","@id":"https:\/\/www.suno.com.br\/noticias\/#website","url":"https:\/\/www.suno.com.br\/noticias\/","name":"Suno Not\u00edcias","description":"Seu portal de informa\u00e7\u00e3o sobre o mundo dos investimentos","publisher":{"@id":"https:\/\/www.suno.com.br\/noticias\/#organization"},"potentialAction":[{"@type":"SearchAction","target":{"@type":"EntryPoint","urlTemplate":"https:\/\/www.suno.com.br\/noticias\/?s={search_term_string}"},"query-input":{"@type":"PropertyValueSpecification","valueRequired":true,"valueName":"search_term_string"}}],"inLanguage":"pt-BR"},{"@type":"Organization","@id":"https:\/\/www.suno.com.br\/noticias\/#organization","name":"Suno Not\u00edcias","url":"https:\/\/www.suno.com.br\/noticias\/","logo":{"@type":"ImageObject","inLanguage":"pt-BR","@id":"https:\/\/www.suno.com.br\/noticias\/#\/schema\/logo\/image\/","url":"https:\/\/files.sunoresearch.com.br\/n\/uploads\/2021\/09\/suno-logo.png","contentUrl":"https:\/\/files.sunoresearch.com.br\/n\/uploads\/2021\/09\/suno-logo.png","width":180,"height":180,"caption":"Suno Not\u00edcias"},"image":{"@id":"https:\/\/www.suno.com.br\/noticias\/#\/schema\/logo\/image\/"},"sameAs":["https:\/\/facebook.com\/sunoresearch","https:\/\/x.com\/sunoresearch","https:\/\/www.instagram.com\/suno","https:\/\/www.linkedin.com\/company\/suno-research\/","https:\/\/www.youtube.com\/c\/sunoresearch"]},{"@type":"Person","@id":"https:\/\/www.suno.com.br\/noticias\/#\/schema\/person\/3df0d2808748b74496efe5dbeaef2c72","name":"Laura Moutinho","image":{"@type":"ImageObject","inLanguage":"pt-BR","@id":"https:\/\/www.suno.com.br\/noticias\/#\/schema\/person\/image\/","url":"https:\/\/secure.gravatar.com\/avatar\/7571c7c8ca3a6fca5e41384ece5557ff?s=96&r=g","contentUrl":"https:\/\/secure.gravatar.com\/avatar\/7571c7c8ca3a6fca5e41384ece5557ff?s=96&r=g","caption":"Laura Moutinho"},"description":"Estagi\u00e1ria na Suno Not\u00edcias, escreve not\u00edcias que afetam o mercado financeiro. Estuda administra\u00e7\u00e3o na Universidade Presbiteriana Mackenzie.","url":"https:\/\/www.suno.com.br\/noticias\/author\/laura-moutinho\/"}]}},"default_loop_html":"<div class=\"cardsPage__listCard__boxs\"><div class=\"cardsPage__listCard__boxs__img\"><a href=\"https:\/\/www.suno.com.br\/noticias\/paulo-guedes-dolar-brasil-reservas-internacionais\/\"><img class=\"mask\" src=\"https:\/\/www.suno.com.br\/noticias\/wp-content\/themes\/suno\/resources\/images\/spotlight\/spotlight1img\/bg-mask.png\" alt=\"Image Mask\"\/><img src=\"https:\/\/files.sunoresearch.com.br\/n\/uploads\/2020\/03\/8fec58f0-20c19e60-paulo-guedes-400x200.webp\" alt=\"Guedes: com d\u00f3lar a R$ 5,50, n\u00e3o precisamos de tantas reservas internacionais\"\/><\/a><span class=\"spotlightCategory\"><a href=\"https:\/\/www.suno.com.br\/noticias\/economia\/\">Economia<\/a><\/span><\/div><div class=\"cardsPage__listCard__boxs__content\"><a href=\"https:\/\/www.suno.com.br\/noticias\/paulo-guedes-dolar-brasil-reservas-internacionais\/\"><h2 class=\"content__title\">Guedes: com d\u00f3lar a R$ 5,50, n\u00e3o precisamos de tantas reservas internacionais<\/h2><\/a><div class=\"newsContent__article__meta\"><div class=\"newsContent__article__meta__authorBox\"><a href=\"https:\/\/www.suno.com.br\/noticias\/author\/laura-moutinho\/\" class=\"authorBox__avatar noMobi\"><img src=\"https:\/\/files.sunoresearch.com.br\/n\/uploads\/2020\/08\/531ff69d-whatsapp-image-2020-08-03-at-14.54.38-150x150.webp\" alt=\"Laura Moutinho\"><\/a><div class=\"authorBox__name\"><span>por\n\t\t\t<a href=\"https:\/\/www.suno.com.br\/noticias\/author\/laura-moutinho\/\"><span itemprop=\"author\">Laura Moutinho<\/span><\/a><\/span><time datetime=\"2020-11-06T18:13:24-03:00\" itemprop=\"datePublished\">06\/11\/2020 18:13<\/time><\/div><\/div><\/div><\/div><\/div>","single_layout":"posts","amp_enabled":true,"_links":{"self":[{"href":"https:\/\/www.suno.com.br\/noticias\/wp-json\/wp\/v2\/posts\/98212"}],"collection":[{"href":"https:\/\/www.suno.com.br\/noticias\/wp-json\/wp\/v2\/posts"}],"about":[{"href":"https:\/\/www.suno.com.br\/noticias\/wp-json\/wp\/v2\/types\/post"}],"author":[{"embeddable":true,"href":"https:\/\/www.suno.com.br\/noticias\/wp-json\/wp\/v2\/users\/39"}],"replies":[{"embeddable":true,"href":"https:\/\/www.suno.com.br\/noticias\/wp-json\/wp\/v2\/comments?post=98212"}],"version-history":[{"count":0,"href":"https:\/\/www.suno.com.br\/noticias\/wp-json\/wp\/v2\/posts\/98212\/revisions"}],"wp:featuredmedia":[{"embeddable":true,"href":"https:\/\/www.suno.com.br\/noticias\/wp-json\/wp\/v2\/media\/57053"}],"wp:attachment":[{"href":"https:\/\/www.suno.com.br\/noticias\/wp-json\/wp\/v2\/media?parent=98212"}],"wp:term":[{"taxonomy":"category","embeddable":true,"href":"https:\/\/www.suno.com.br\/noticias\/wp-json\/wp\/v2\/categories?post=98212"},{"taxonomy":"post_tag","embeddable":true,"href":"https:\/\/www.suno.com.br\/noticias\/wp-json\/wp\/v2\/tags?post=98212"},{"taxonomy":"suno_strategy","embeddable":true,"href":"https:\/\/www.suno.com.br\/noticias\/wp-json\/wp\/v2\/suno_strategy?post=98212"}],"curies":[{"name":"wp","href":"https:\/\/api.w.org\/{rel}","templated":true}]}}