{"id":9814,"date":"2018-12-23T12:02:53","date_gmt":"2018-12-23T14:02:53","guid":{"rendered":"https:\/\/www.suno.com.br\/noticias\/?p=9814"},"modified":"2022-05-13T11:09:55","modified_gmt":"2022-05-13T14:09:55","slug":"a-seguir-paralizacao-do-governo-americano-e-desemprego-no-brasil","status":"publish","type":"post","link":"https:\/\/www.suno.com.br\/noticias\/a-seguir-paralizacao-do-governo-americano-e-desemprego-no-brasil\/","title":{"rendered":"A Seguir: Paralisa\u00e7\u00e3o do Governo Americano e Desemprego no Brasil"},"content":{"rendered":"<h2>O que deve movimentar a semana no Brasil<\/h2>\n<p>Com uma semana mais curta devida a feriados de fim de ano, e o in\u00edcio do recesso parlamentar e judici\u00e1rio o Brasil deve ter uma semana com menos movimentos de grande repercuss\u00e3o.<\/p>\t<div class=\"wrapper-featured-image\">\n\t\t<figure class=\"spotlightImg\">\n\n\t\t\t<picture>\n\t\t\t\t<source media=\"(max-width: 768px)\" srcset=\"https:\/\/files.sunoresearch.com.br\/n\/uploads\/2018\/12\/19b8acc5-mundo-eua-governo-trump-paralisado-shutdown-20180120-004-copy-400x200.webp\">\n\t\t\t\t<img loading=\"lazy\" decoding=\"async\" class=\"newsContent__article__imgCapa lazyloadDisabled newsContent__article__imgCapa--noCaption\" src=\"https:\/\/files.sunoresearch.com.br\/n\/uploads\/2018\/12\/19b8acc5-mundo-eua-governo-trump-paralisado-shutdown-20180120-004-copy-800x450.webp\" width=\"800\" height=\"450\" alt=\"A Seguir: Paralisa\u00e7\u00e3o do Governo Americano e Desemprego no Brasil\" fetchpriority=high \/>\n\t\t\t<\/picture>\n\n\t\t\t<figcaption class=\"wp-caption-text wp-caption-text--hide\"><\/figcaption>\n\t\t<\/figure>\n\t<\/div>\n\n<h2>O que deve movimentar a semana no Brasil<\/h2>\n\n<p><strong>Taxa de Desemprego<\/strong><\/p>\n<p>O grande destaque ficar para a libera\u00e7\u00e3o da taxa de desemprego oficial na sexta-feira (28).<\/p>\n<p>A taxa atual est\u00e1 em 11,7%, enquanto que a expectativa \u00e9 de que a mesma caia para 11,5%.<\/p>\n<hr \/>\n<p><strong>Posi\u00e7\u00e3o especulativa em futuros do Real<\/strong><\/p>\n<p>Al\u00e9m disso, na sexta-feira tamb\u00e9m teremos a libera\u00e7\u00e3o de dados sobre a posi\u00e7\u00e3o l\u00edquida de investidores nos futuros do Real (BRL).<\/p>\n<p>Os dados indicam se a posi\u00e7\u00e3o l\u00edquida dos investidores se encontra \u201ccomprada\u201d (apostam na alta do real) ou \u201cvendida\u201d (apostam na queda).<\/p>\n<p>Apesar desse tipo de opera\u00e7\u00e3o ser normalmente associada a <em>traders<\/em> e operadores de curto prazo, os dados da CFTC podem tamb\u00e9m servir como um term\u00f4metro a respeito do sentimento do mercado.<\/p>\n<p>Uma posi\u00e7\u00e3o vendida alta indica que o mercado possui perspectivas negativas, enquanto que uma posi\u00e7\u00e3o comprada indica perspectivas positivas.<\/p>\n<hr \/>\n<h2>O que deve movimentar o mundo essa semana<\/h2>\n<p>Assim como no Brasil grande parte das bolsas e mercados ao redor do mundo v\u00e3o ter uma grande redu\u00e7\u00e3o em seus movimentos devido as festividades de fim de ano.<\/p>\n<p>Por\u00e9m, apesar de novidades n\u00e3o serem esperadas nos pr\u00f3ximos dias, alguns fatos que aconteceram na \u00faltima semana continuam a se desenrolar.<\/p>\n<p><strong>Paralisa\u00e7\u00e3o do Governo Americano<\/strong><\/p>\n<p>O primeiro deles \u00e9 o \u201cShutdown\u201d do Governo Americano.<\/p>\n<p>Ontem (s\u00e1bado) era o \u00faltimo dia para que o atual presidente americano Donald Trump assinasse uma libera\u00e7\u00e3o de verba extra para manuten\u00e7\u00e3o do funcionamento do governo americano.<\/p>\n<p><a href=\"https:\/\/www.suno.com.br\/noticias\/dois-motivos-derrubaram-wall-street\/\">Confira mais sobre o Shutdown do governo americano clicando aqui<\/a><\/p>\n<p>Devido a falta de acordo sobre a libera\u00e7\u00e3o de verba tamb\u00e9m incluir recursos para a constru\u00e7\u00e3o do muro com o M\u00e9xico, o presidente n\u00e3o assinou a libera\u00e7\u00e3o causando assim uma paralisa\u00e7\u00e3o parcial do governo americano.<\/p>\n<p>Outro fator a ser destacado \u00e9 a resigna\u00e7\u00e3o do secret\u00e1rio de defesa James Mattis, que escolheu por deixar o cargo ap\u00f3s o Presidente Trump decidir retirar as tropas americanas da Syria.<\/p>\n<hr \/>\n<p><strong>Trump cogita demitir Jerome Powell\u00a0<\/strong><\/p>\n<p>Ainda nos EUA, fontes dizem que o Presidente Trump est\u00e1 tendo conversas sobre a poss\u00edvel destitui\u00e7\u00e3o de Jerome Powell da presid\u00eancia do FED.<\/p>\n<p>Esse movimento seria motivado pela escolha de Powell em aumentar a taxa de juros a despeito do presidente ter indicado de que n\u00e3o gostaria de que isso fosse feito.<\/p>\n<p><a href=\"https:\/\/www.suno.com.br\/noticias\/fed-aumenta-taxas-juros\/\">Leia mais sobre o aumento da taxa de juros americana clicando aqui<\/a><\/p>\n<p>Esse movimento poderia adicionar ainda mais volatilidade ao mercado, que j\u00e1 se encontra em um n\u00edvel de estresse elevado.<\/p>\n","protected":false},"excerpt":{"rendered":"<p>O que deve movimentar a semana no Brasil Com uma semana mais curta devida a feriados de fim de ano, e o in\u00edcio do recesso parlamentar e judici\u00e1rio o Brasil deve ter uma semana com menos movimentos de grande repercuss\u00e3o. O que deve movimentar a semana no Brasil Taxa de Desemprego O grande destaque ficar [&hellip;]<\/p>\n","protected":false},"author":2,"featured_media":9816,"comment_status":"closed","ping_status":"closed","sticky":false,"template":"","format":"standard","meta":[],"categories":[60],"tags":[309,724,793],"suno_strategy":[],"class_list":["post-9814","post","type-post","status-publish","format-standard","has-post-thumbnail","hentry","category-mercado","tag-bolsa-de-valores","tag-donald-trump","tag-estados-unidos-eua"],"yoast_head":"<!-- This site is optimized with the Yoast SEO plugin v24.4 - https:\/\/yoast.com\/wordpress\/plugins\/seo\/ -->\n<title>A Seguir: Paralisa\u00e7\u00e3o do Governo Americano e Desemprego no Brasil<\/title>\n<meta name=\"robots\" content=\"index, follow, max-snippet:-1, max-image-preview:large, max-video-preview:-1\" \/>\n<link rel=\"canonical\" href=\"https:\/\/www.suno.com.br\/noticias\/a-seguir-paralizacao-do-governo-americano-e-desemprego-no-brasil\/\" \/>\n<meta property=\"og:locale\" content=\"pt_BR\" \/>\n<meta property=\"og:type\" content=\"article\" \/>\n<meta property=\"og:title\" content=\"A Seguir: Paralisa\u00e7\u00e3o do Governo Americano e Desemprego no Brasil\" \/>\n<meta property=\"og:description\" content=\"O que deve movimentar a semana no Brasil Com uma semana mais curta devida a feriados de fim de ano, e o in\u00edcio do recesso parlamentar e judici\u00e1rio o Brasil deve ter uma semana com menos movimentos de grande repercuss\u00e3o. O que deve movimentar a semana no Brasil Taxa de Desemprego O grande destaque ficar [&hellip;]\" \/>\n<meta property=\"og:url\" content=\"https:\/\/www.suno.com.br\/noticias\/a-seguir-paralizacao-do-governo-americano-e-desemprego-no-brasil\/\" \/>\n<meta property=\"og:site_name\" content=\"Suno Not\u00edcias\" \/>\n<meta property=\"article:publisher\" content=\"https:\/\/facebook.com\/sunoresearch\" \/>\n<meta property=\"article:author\" content=\"https:\/\/www.facebook.com\/joaovitor2763\" \/>\n<meta property=\"og:image\" content=\"https:\/\/files.sunoresearch.com.br\/n\/uploads\/2018\/12\/19b8acc5-mundo-eua-governo-trump-paralisado-shutdown-20180120-004-copy.jpg\" \/>\n\t<meta property=\"og:image:width\" content=\"1500\" \/>\n\t<meta property=\"og:image:height\" content=\"1000\" \/>\n\t<meta property=\"og:image:type\" content=\"image\/jpeg\" \/>\n<meta name=\"author\" content=\"Jo\u00e3o Vitor Chaves Silva\" \/>\n<meta name=\"twitter:card\" content=\"summary_large_image\" \/>\n<meta name=\"twitter:creator\" content=\"@https:\/\/twitter.com\/joaovitor2763\" \/>\n<meta name=\"twitter:site\" content=\"@sunoresearch\" \/>\n<meta name=\"twitter:label1\" content=\"Escrito por\" \/>\n\t<meta name=\"twitter:data1\" content=\"Jo\u00e3o Vitor Chaves Silva\" \/>\n\t<meta name=\"twitter:label2\" content=\"Est. tempo de leitura\" \/>\n\t<meta name=\"twitter:data2\" content=\"2 minutos\" \/>\n<script type=\"application\/ld+json\" class=\"yoast-schema-graph\">{\"@context\":\"https:\/\/schema.org\",\"@graph\":[{\"@type\":\"NewsArticle\",\"@id\":\"https:\/\/www.suno.com.br\/noticias\/a-seguir-paralizacao-do-governo-americano-e-desemprego-no-brasil\/#article\",\"isPartOf\":{\"@id\":\"https:\/\/www.suno.com.br\/noticias\/a-seguir-paralizacao-do-governo-americano-e-desemprego-no-brasil\/\"},\"author\":{\"name\":\"Jo\u00e3o Vitor Chaves Silva\",\"@id\":\"https:\/\/www.suno.com.br\/noticias\/#\/schema\/person\/962c5e214a16b408badbd2e3e889decc\"},\"headline\":\"A Seguir: Paralisa\u00e7\u00e3o do Governo Americano e Desemprego no Brasil\",\"datePublished\":\"2018-12-23T14:02:53+00:00\",\"dateModified\":\"2022-05-13T14:09:55+00:00\",\"mainEntityOfPage\":{\"@id\":\"https:\/\/www.suno.com.br\/noticias\/a-seguir-paralizacao-do-governo-americano-e-desemprego-no-brasil\/\"},\"wordCount\":483,\"publisher\":{\"@id\":\"https:\/\/www.suno.com.br\/noticias\/#organization\"},\"image\":{\"@id\":\"https:\/\/www.suno.com.br\/noticias\/a-seguir-paralizacao-do-governo-americano-e-desemprego-no-brasil\/#primaryimage\"},\"thumbnailUrl\":\"https:\/\/files.sunoresearch.com.br\/n\/uploads\/2018\/12\/19b8acc5-mundo-eua-governo-trump-paralisado-shutdown-20180120-004-copy-jpg.webp\",\"keywords\":[\"Bolsa de Valores\",\"Donald Trump\",\"Estados Unidos (EUA)\"],\"articleSection\":[\"Mercado\"],\"inLanguage\":\"pt-BR\"},{\"@type\":\"WebPage\",\"@id\":\"https:\/\/www.suno.com.br\/noticias\/a-seguir-paralizacao-do-governo-americano-e-desemprego-no-brasil\/\",\"url\":\"https:\/\/www.suno.com.br\/noticias\/a-seguir-paralizacao-do-governo-americano-e-desemprego-no-brasil\/\",\"name\":\"A Seguir: Paralisa\u00e7\u00e3o do Governo Americano e Desemprego no Brasil\",\"isPartOf\":{\"@id\":\"https:\/\/www.suno.com.br\/noticias\/#website\"},\"primaryImageOfPage\":{\"@id\":\"https:\/\/www.suno.com.br\/noticias\/a-seguir-paralizacao-do-governo-americano-e-desemprego-no-brasil\/#primaryimage\"},\"image\":{\"@id\":\"https:\/\/www.suno.com.br\/noticias\/a-seguir-paralizacao-do-governo-americano-e-desemprego-no-brasil\/#primaryimage\"},\"thumbnailUrl\":\"https:\/\/files.sunoresearch.com.br\/n\/uploads\/2018\/12\/19b8acc5-mundo-eua-governo-trump-paralisado-shutdown-20180120-004-copy-jpg.webp\",\"datePublished\":\"2018-12-23T14:02:53+00:00\",\"dateModified\":\"2022-05-13T14:09:55+00:00\",\"breadcrumb\":{\"@id\":\"https:\/\/www.suno.com.br\/noticias\/a-seguir-paralizacao-do-governo-americano-e-desemprego-no-brasil\/#breadcrumb\"},\"inLanguage\":\"pt-BR\",\"potentialAction\":[{\"@type\":\"ReadAction\",\"target\":[\"https:\/\/www.suno.com.br\/noticias\/a-seguir-paralizacao-do-governo-americano-e-desemprego-no-brasil\/\"]}]},{\"@type\":\"ImageObject\",\"inLanguage\":\"pt-BR\",\"@id\":\"https:\/\/www.suno.com.br\/noticias\/a-seguir-paralizacao-do-governo-americano-e-desemprego-no-brasil\/#primaryimage\",\"url\":\"https:\/\/files.sunoresearch.com.br\/n\/uploads\/2018\/12\/19b8acc5-mundo-eua-governo-trump-paralisado-shutdown-20180120-004-copy-jpg.webp\",\"contentUrl\":\"https:\/\/files.sunoresearch.com.br\/n\/uploads\/2018\/12\/19b8acc5-mundo-eua-governo-trump-paralisado-shutdown-20180120-004-copy-jpg.webp\",\"width\":1500,\"height\":1000,\"caption\":\"A Seguir Shutdown e Desemprego\"},{\"@type\":\"BreadcrumbList\",\"@id\":\"https:\/\/www.suno.com.br\/noticias\/a-seguir-paralizacao-do-governo-americano-e-desemprego-no-brasil\/#breadcrumb\",\"itemListElement\":[{\"@type\":\"ListItem\",\"position\":1,\"name\":\"Not\u00edcias\",\"item\":\"https:\/\/www.suno.com.br\/noticias\/\"},{\"@type\":\"ListItem\",\"position\":2,\"name\":\"Mercado\",\"item\":\"https:\/\/www.suno.com.br\/noticias\/mercado\/\"},{\"@type\":\"ListItem\",\"position\":3,\"name\":\"A Seguir: Paralisa\u00e7\u00e3o do Governo Americano e Desemprego no Brasil\"}]},{\"@type\":\"WebSite\",\"@id\":\"https:\/\/www.suno.com.br\/noticias\/#website\",\"url\":\"https:\/\/www.suno.com.br\/noticias\/\",\"name\":\"Suno Not\u00edcias\",\"description\":\"Seu portal de informa\u00e7\u00e3o sobre o mundo dos investimentos\",\"publisher\":{\"@id\":\"https:\/\/www.suno.com.br\/noticias\/#organization\"},\"potentialAction\":[{\"@type\":\"SearchAction\",\"target\":{\"@type\":\"EntryPoint\",\"urlTemplate\":\"https:\/\/www.suno.com.br\/noticias\/?s={search_term_string}\"},\"query-input\":{\"@type\":\"PropertyValueSpecification\",\"valueRequired\":true,\"valueName\":\"search_term_string\"}}],\"inLanguage\":\"pt-BR\"},{\"@type\":\"Organization\",\"@id\":\"https:\/\/www.suno.com.br\/noticias\/#organization\",\"name\":\"Suno Not\u00edcias\",\"url\":\"https:\/\/www.suno.com.br\/noticias\/\",\"logo\":{\"@type\":\"ImageObject\",\"inLanguage\":\"pt-BR\",\"@id\":\"https:\/\/www.suno.com.br\/noticias\/#\/schema\/logo\/image\/\",\"url\":\"https:\/\/files.sunoresearch.com.br\/n\/uploads\/2021\/09\/suno-logo.png\",\"contentUrl\":\"https:\/\/files.sunoresearch.com.br\/n\/uploads\/2021\/09\/suno-logo.png\",\"width\":180,\"height\":180,\"caption\":\"Suno Not\u00edcias\"},\"image\":{\"@id\":\"https:\/\/www.suno.com.br\/noticias\/#\/schema\/logo\/image\/\"},\"sameAs\":[\"https:\/\/facebook.com\/sunoresearch\",\"https:\/\/x.com\/sunoresearch\",\"https:\/\/www.instagram.com\/suno\",\"https:\/\/www.linkedin.com\/company\/suno-research\/\",\"https:\/\/www.youtube.com\/c\/sunoresearch\"]},{\"@type\":\"Person\",\"@id\":\"https:\/\/www.suno.com.br\/noticias\/#\/schema\/person\/962c5e214a16b408badbd2e3e889decc\",\"name\":\"Jo\u00e3o Vitor Chaves Silva\",\"image\":{\"@type\":\"ImageObject\",\"inLanguage\":\"pt-BR\",\"@id\":\"https:\/\/www.suno.com.br\/noticias\/#\/schema\/person\/image\/\",\"url\":\"https:\/\/secure.gravatar.com\/avatar\/e2e62d3d83007a9c98150149e35d1c78?s=96&r=g\",\"contentUrl\":\"https:\/\/secure.gravatar.com\/avatar\/e2e62d3d83007a9c98150149e35d1c78?s=96&r=g\",\"caption\":\"Jo\u00e3o Vitor Chaves Silva\"},\"description\":\"Fundador do Empreenda Junto, 2\u00ba\u00a0Maior comunidade online de empreendedores do Brasil, 1\u00ba\u00a0Brasileiro e Pessoa mais jovem a receber o t\u00edtulo de Teacher Of New Ventures And Leadership pelo MIT GEB, COO da Suno Research.\",\"sameAs\":[\"https:\/\/www.suno.com.br\",\"https:\/\/www.facebook.com\/joaovitor2763\",\"https:\/\/x.com\/https:\/\/twitter.com\/joaovitor2763\"],\"url\":\"https:\/\/www.suno.com.br\/noticias\/author\/joao-vitor\/\"}]}<\/script>\n<!-- \/ Yoast SEO plugin. -->","yoast_head_json":{"title":"A Seguir: Paralisa\u00e7\u00e3o do Governo Americano e Desemprego no Brasil","robots":{"index":"index","follow":"follow","max-snippet":"max-snippet:-1","max-image-preview":"max-image-preview:large","max-video-preview":"max-video-preview:-1"},"canonical":"https:\/\/www.suno.com.br\/noticias\/a-seguir-paralizacao-do-governo-americano-e-desemprego-no-brasil\/","og_locale":"pt_BR","og_type":"article","og_title":"A Seguir: Paralisa\u00e7\u00e3o do Governo Americano e Desemprego no Brasil","og_description":"O que deve movimentar a semana no Brasil Com uma semana mais curta devida a feriados de fim de ano, e o in\u00edcio do recesso parlamentar e judici\u00e1rio o Brasil deve ter uma semana com menos movimentos de grande repercuss\u00e3o. O que deve movimentar a semana no Brasil Taxa de Desemprego O grande destaque ficar [&hellip;]","og_url":"https:\/\/www.suno.com.br\/noticias\/a-seguir-paralizacao-do-governo-americano-e-desemprego-no-brasil\/","og_site_name":"Suno Not\u00edcias","article_publisher":"https:\/\/facebook.com\/sunoresearch","article_author":"https:\/\/www.facebook.com\/joaovitor2763","og_image":[{"width":1500,"height":1000,"url":"https:\/\/files.sunoresearch.com.br\/n\/uploads\/2018\/12\/19b8acc5-mundo-eua-governo-trump-paralisado-shutdown-20180120-004-copy.jpg","type":"image\/jpeg"}],"author":"Jo\u00e3o Vitor Chaves Silva","twitter_card":"summary_large_image","twitter_creator":"@https:\/\/twitter.com\/joaovitor2763","twitter_site":"@sunoresearch","twitter_misc":{"Escrito por":"Jo\u00e3o Vitor Chaves Silva","Est. tempo de leitura":"2 minutos"},"schema":{"@context":"https:\/\/schema.org","@graph":[{"@type":"NewsArticle","@id":"https:\/\/www.suno.com.br\/noticias\/a-seguir-paralizacao-do-governo-americano-e-desemprego-no-brasil\/#article","isPartOf":{"@id":"https:\/\/www.suno.com.br\/noticias\/a-seguir-paralizacao-do-governo-americano-e-desemprego-no-brasil\/"},"author":{"name":"Jo\u00e3o Vitor Chaves Silva","@id":"https:\/\/www.suno.com.br\/noticias\/#\/schema\/person\/962c5e214a16b408badbd2e3e889decc"},"headline":"A Seguir: Paralisa\u00e7\u00e3o do Governo Americano e Desemprego no Brasil","datePublished":"2018-12-23T14:02:53+00:00","dateModified":"2022-05-13T14:09:55+00:00","mainEntityOfPage":{"@id":"https:\/\/www.suno.com.br\/noticias\/a-seguir-paralizacao-do-governo-americano-e-desemprego-no-brasil\/"},"wordCount":483,"publisher":{"@id":"https:\/\/www.suno.com.br\/noticias\/#organization"},"image":{"@id":"https:\/\/www.suno.com.br\/noticias\/a-seguir-paralizacao-do-governo-americano-e-desemprego-no-brasil\/#primaryimage"},"thumbnailUrl":"https:\/\/files.sunoresearch.com.br\/n\/uploads\/2018\/12\/19b8acc5-mundo-eua-governo-trump-paralisado-shutdown-20180120-004-copy-jpg.webp","keywords":["Bolsa de Valores","Donald Trump","Estados Unidos (EUA)"],"articleSection":["Mercado"],"inLanguage":"pt-BR"},{"@type":"WebPage","@id":"https:\/\/www.suno.com.br\/noticias\/a-seguir-paralizacao-do-governo-americano-e-desemprego-no-brasil\/","url":"https:\/\/www.suno.com.br\/noticias\/a-seguir-paralizacao-do-governo-americano-e-desemprego-no-brasil\/","name":"A Seguir: Paralisa\u00e7\u00e3o do Governo Americano e Desemprego no Brasil","isPartOf":{"@id":"https:\/\/www.suno.com.br\/noticias\/#website"},"primaryImageOfPage":{"@id":"https:\/\/www.suno.com.br\/noticias\/a-seguir-paralizacao-do-governo-americano-e-desemprego-no-brasil\/#primaryimage"},"image":{"@id":"https:\/\/www.suno.com.br\/noticias\/a-seguir-paralizacao-do-governo-americano-e-desemprego-no-brasil\/#primaryimage"},"thumbnailUrl":"https:\/\/files.sunoresearch.com.br\/n\/uploads\/2018\/12\/19b8acc5-mundo-eua-governo-trump-paralisado-shutdown-20180120-004-copy-jpg.webp","datePublished":"2018-12-23T14:02:53+00:00","dateModified":"2022-05-13T14:09:55+00:00","breadcrumb":{"@id":"https:\/\/www.suno.com.br\/noticias\/a-seguir-paralizacao-do-governo-americano-e-desemprego-no-brasil\/#breadcrumb"},"inLanguage":"pt-BR","potentialAction":[{"@type":"ReadAction","target":["https:\/\/www.suno.com.br\/noticias\/a-seguir-paralizacao-do-governo-americano-e-desemprego-no-brasil\/"]}]},{"@type":"ImageObject","inLanguage":"pt-BR","@id":"https:\/\/www.suno.com.br\/noticias\/a-seguir-paralizacao-do-governo-americano-e-desemprego-no-brasil\/#primaryimage","url":"https:\/\/files.sunoresearch.com.br\/n\/uploads\/2018\/12\/19b8acc5-mundo-eua-governo-trump-paralisado-shutdown-20180120-004-copy-jpg.webp","contentUrl":"https:\/\/files.sunoresearch.com.br\/n\/uploads\/2018\/12\/19b8acc5-mundo-eua-governo-trump-paralisado-shutdown-20180120-004-copy-jpg.webp","width":1500,"height":1000,"caption":"A Seguir Shutdown e Desemprego"},{"@type":"BreadcrumbList","@id":"https:\/\/www.suno.com.br\/noticias\/a-seguir-paralizacao-do-governo-americano-e-desemprego-no-brasil\/#breadcrumb","itemListElement":[{"@type":"ListItem","position":1,"name":"Not\u00edcias","item":"https:\/\/www.suno.com.br\/noticias\/"},{"@type":"ListItem","position":2,"name":"Mercado","item":"https:\/\/www.suno.com.br\/noticias\/mercado\/"},{"@type":"ListItem","position":3,"name":"A Seguir: Paralisa\u00e7\u00e3o do Governo Americano e Desemprego no Brasil"}]},{"@type":"WebSite","@id":"https:\/\/www.suno.com.br\/noticias\/#website","url":"https:\/\/www.suno.com.br\/noticias\/","name":"Suno Not\u00edcias","description":"Seu portal de informa\u00e7\u00e3o sobre o mundo dos investimentos","publisher":{"@id":"https:\/\/www.suno.com.br\/noticias\/#organization"},"potentialAction":[{"@type":"SearchAction","target":{"@type":"EntryPoint","urlTemplate":"https:\/\/www.suno.com.br\/noticias\/?s={search_term_string}"},"query-input":{"@type":"PropertyValueSpecification","valueRequired":true,"valueName":"search_term_string"}}],"inLanguage":"pt-BR"},{"@type":"Organization","@id":"https:\/\/www.suno.com.br\/noticias\/#organization","name":"Suno Not\u00edcias","url":"https:\/\/www.suno.com.br\/noticias\/","logo":{"@type":"ImageObject","inLanguage":"pt-BR","@id":"https:\/\/www.suno.com.br\/noticias\/#\/schema\/logo\/image\/","url":"https:\/\/files.sunoresearch.com.br\/n\/uploads\/2021\/09\/suno-logo.png","contentUrl":"https:\/\/files.sunoresearch.com.br\/n\/uploads\/2021\/09\/suno-logo.png","width":180,"height":180,"caption":"Suno Not\u00edcias"},"image":{"@id":"https:\/\/www.suno.com.br\/noticias\/#\/schema\/logo\/image\/"},"sameAs":["https:\/\/facebook.com\/sunoresearch","https:\/\/x.com\/sunoresearch","https:\/\/www.instagram.com\/suno","https:\/\/www.linkedin.com\/company\/suno-research\/","https:\/\/www.youtube.com\/c\/sunoresearch"]},{"@type":"Person","@id":"https:\/\/www.suno.com.br\/noticias\/#\/schema\/person\/962c5e214a16b408badbd2e3e889decc","name":"Jo\u00e3o Vitor Chaves Silva","image":{"@type":"ImageObject","inLanguage":"pt-BR","@id":"https:\/\/www.suno.com.br\/noticias\/#\/schema\/person\/image\/","url":"https:\/\/secure.gravatar.com\/avatar\/e2e62d3d83007a9c98150149e35d1c78?s=96&r=g","contentUrl":"https:\/\/secure.gravatar.com\/avatar\/e2e62d3d83007a9c98150149e35d1c78?s=96&r=g","caption":"Jo\u00e3o Vitor Chaves Silva"},"description":"Fundador do Empreenda Junto, 2\u00ba\u00a0Maior comunidade online de empreendedores do Brasil, 1\u00ba\u00a0Brasileiro e Pessoa mais jovem a receber o t\u00edtulo de Teacher Of New Ventures And Leadership pelo MIT GEB, COO da Suno Research.","sameAs":["https:\/\/www.suno.com.br","https:\/\/www.facebook.com\/joaovitor2763","https:\/\/x.com\/https:\/\/twitter.com\/joaovitor2763"],"url":"https:\/\/www.suno.com.br\/noticias\/author\/joao-vitor\/"}]}},"default_loop_html":"<div class=\"cardsPage__listCard__boxs\"><div class=\"cardsPage__listCard__boxs__img\"><a href=\"https:\/\/www.suno.com.br\/noticias\/a-seguir-paralizacao-do-governo-americano-e-desemprego-no-brasil\/\"><img class=\"mask\" src=\"https:\/\/www.suno.com.br\/noticias\/wp-content\/themes\/suno\/resources\/images\/spotlight\/spotlight1img\/bg-mask.png\" alt=\"Image Mask\"\/><img src=\"https:\/\/files.sunoresearch.com.br\/n\/uploads\/2018\/12\/19b8acc5-mundo-eua-governo-trump-paralisado-shutdown-20180120-004-copy-400x200.webp\" alt=\"A Seguir: Paralisa\u00e7\u00e3o do Governo Americano e Desemprego no Brasil\"\/><\/a><span class=\"spotlightCategory\"><a href=\"https:\/\/www.suno.com.br\/noticias\/mercado\/\">Mercado<\/a><\/span><\/div><div class=\"cardsPage__listCard__boxs__content\"><a href=\"https:\/\/www.suno.com.br\/noticias\/a-seguir-paralizacao-do-governo-americano-e-desemprego-no-brasil\/\"><h2 class=\"content__title\">A Seguir: Paralisa\u00e7\u00e3o do Governo Americano e Desemprego no Brasil<\/h2><\/a><div class=\"newsContent__article__meta\"><div class=\"newsContent__article__meta__authorBox\"><a href=\"https:\/\/www.suno.com.br\/noticias\/author\/joao-vitor\/\" class=\"authorBox__avatar noMobi\"><img src=\"https:\/\/secure.gravatar.com\/avatar\/e2e62d3d83007a9c98150149e35d1c78?s=96&#038;r=g\" alt=\"Jo\u00e3o Vitor Chaves Silva\"><\/a><div class=\"authorBox__name\"><span>por\n\t\t\t<a href=\"https:\/\/www.suno.com.br\/noticias\/author\/joao-vitor\/\"><span itemprop=\"author\">Jo\u00e3o Vitor Chaves Silva<\/span><\/a><\/span><time datetime=\"2018-12-23T12:02:53-02:00\" itemprop=\"datePublished\">23\/12\/2018 12:02<\/time><\/div><\/div><\/div><\/div><\/div>","single_layout":"posts","amp_enabled":true,"_links":{"self":[{"href":"https:\/\/www.suno.com.br\/noticias\/wp-json\/wp\/v2\/posts\/9814"}],"collection":[{"href":"https:\/\/www.suno.com.br\/noticias\/wp-json\/wp\/v2\/posts"}],"about":[{"href":"https:\/\/www.suno.com.br\/noticias\/wp-json\/wp\/v2\/types\/post"}],"author":[{"embeddable":true,"href":"https:\/\/www.suno.com.br\/noticias\/wp-json\/wp\/v2\/users\/2"}],"replies":[{"embeddable":true,"href":"https:\/\/www.suno.com.br\/noticias\/wp-json\/wp\/v2\/comments?post=9814"}],"version-history":[{"count":2,"href":"https:\/\/www.suno.com.br\/noticias\/wp-json\/wp\/v2\/posts\/9814\/revisions"}],"predecessor-version":[{"id":258595,"href":"https:\/\/www.suno.com.br\/noticias\/wp-json\/wp\/v2\/posts\/9814\/revisions\/258595"}],"wp:featuredmedia":[{"embeddable":true,"href":"https:\/\/www.suno.com.br\/noticias\/wp-json\/wp\/v2\/media\/9816"}],"wp:attachment":[{"href":"https:\/\/www.suno.com.br\/noticias\/wp-json\/wp\/v2\/media?parent=9814"}],"wp:term":[{"taxonomy":"category","embeddable":true,"href":"https:\/\/www.suno.com.br\/noticias\/wp-json\/wp\/v2\/categories?post=9814"},{"taxonomy":"post_tag","embeddable":true,"href":"https:\/\/www.suno.com.br\/noticias\/wp-json\/wp\/v2\/tags?post=9814"},{"taxonomy":"suno_strategy","embeddable":true,"href":"https:\/\/www.suno.com.br\/noticias\/wp-json\/wp\/v2\/suno_strategy?post=9814"}],"curies":[{"name":"wp","href":"https:\/\/api.w.org\/{rel}","templated":true}]}}