{"id":98002,"date":"2020-11-06T10:37:29","date_gmt":"2020-11-06T13:37:29","guid":{"rendered":"https:\/\/www.suno.com.br\/noticias\/?p=98002"},"modified":"2021-06-13T23:30:09","modified_gmt":"2021-06-14T02:30:09","slug":"ibovespa-eleicoes-eua-coronavirus-ipca-coronavoucher-06112020","status":"publish","type":"post","link":"https:\/\/www.suno.com.br\/noticias\/ibovespa-eleicoes-eua-coronavirus-ipca-coronavoucher-06112020\/","title":{"rendered":"Ibovespa abre em leve queda, acima de 100 mil pontos e de olho no exterior"},"content":{"rendered":"<p>O <a href=\"https:\/\/www.suno.com.br\/artigos\/ibovespa\/\"><strong>Ibovespa<\/strong><\/a> abriu em baixa nesta sexta-feira (6), com os mercados internacionais corrigindo parte do forte rali desta semana. O maior \u00edndice da <a href=\"https:\/\/www.suno.com.br\/artigos\/b3\/\">Bolsa de Valores de S\u00e3o Paulo (B3)<\/a> subiu mais de 7% em tr\u00eas preg\u00f5es nesta semana, iniciando novembro com o p\u00e9 direito.<\/p>\t<div class=\"wrapper-featured-image\">\n\t\t<figure class=\"spotlightImg\">\n\n\t\t\t<picture>\n\t\t\t\t<source media=\"(max-width: 768px)\" srcset=\"https:\/\/files.sunoresearch.com.br\/n\/uploads\/2020\/06\/8b3c2ea1-ibovespa-400x200.webp\">\n\t\t\t\t<img loading=\"lazy\" decoding=\"async\" class=\"newsContent__article__imgCapa lazyloadDisabled \" src=\"https:\/\/files.sunoresearch.com.br\/n\/uploads\/2020\/06\/8b3c2ea1-ibovespa-800x450.webp\" width=\"800\" height=\"450\" alt=\"Ibovespa abre em leve queda, acima de 100 mil pontos e de olho no exterior\" fetchpriority=high \/>\n\t\t\t<\/picture>\n\n\t\t\t<figcaption class=\"wp-caption-text wp-caption-text--show\">O Ibovespa fechou em queda<\/figcaption>\n\t\t<\/figure>\n\t<\/div>\n\n\n\t<p>\n\t\t<a href=\"\" target=\"_blank\" data-element=\"shortcode-suno-banner\" title=\"Banner SUNO, clique e saiba mais\">\n\t\t\t<picture>\n\t\t\t\t<source media=\"(max-width: 500px)\" srcset=\"\">\n\t\t\t\t<img class=\"newsContent__article__imgCapa newsContent__article__imgCapa--banner\"\n\t\t\t\t\tsrc=\"\"\n\t\t\t\t\tdata-promo-id=\"97204\"\t\t\t\t\t\t\t\t\t\t\t\t\t\t\talt=\"\"\n\t\t\t\t>\n\t\t\t<\/picture>\n\t\t<\/a>\n\t<\/p>\n\n\n<p>A <strong>cota\u00e7\u00e3o do Ibovespa<\/strong>, por volta das 10h35, recuava 0,46%, para 100.287 pontos. As <a href=\"https:\/\/www.suno.com.br\/noticias\/bolsas-mundiais-ny-europa-asia-06112020\/\">bolsas mundias operam no vermelho nesta sexta-feira<\/a>, com a proximidade do encerramento das elei\u00e7\u00f5es presidenciais nos <strong>Estados Unidos<\/strong>. O mercado teve um al\u00edvio nesta semana com a indica\u00e7\u00e3o de que o Congresso norte-americano permanecer\u00e1 dividido entre os partidos Democrata e Republicano.<\/p>\n<p>A <em>blue wave<\/em>, ou &#8220;onda azul&#8221; dos democratas, que viria com a vit\u00f3ria do candidato <strong>Joe Biden<\/strong> junto ao dom\u00ednio do Senado e da C\u00e2mara, n\u00e3o se concretizou. Isso animou os investidores com as big techs, j\u00e1 que o aumento de impostos sobre grandes companhias, proposto pelo democrata, pode ser bloqueado no Congresso. A <a href=\"https:\/\/www.suno.com.br\/artigos\/nasdaq\/\"><strong>Nasdaq<\/strong><\/a>, bolsa de tecnologia norte-americana, subiu quase 10% nesta semana.<\/p>\n<p><a href=\"https:\/\/lp.suno.com.br\/suno-one\/\">Suno One: acesse gratuitamente eBooks, Minicursos, Artigos e Video Aulas sobre investimentos com um \u00fanico cadastro. Clique para saber mais!<\/a><\/p>\n<p>No in\u00edcio da manh\u00e3 desta sexta-feira, Biden ultrapassou o presidente <a href=\"https:\/\/www.suno.com.br\/tudo-sobre\/donald-trump\/\"><strong>Donald Trump<\/strong><\/a> na contagem de votos no estado da <strong>Georgia<\/strong>, que contempla 16 votos eleitorais. A diferen\u00e7a \u00e9 de aproximadamente 1 mil votos. A diferen\u00e7a entre os candidatos tamb\u00e9m foi encurtada na <strong>Pensilv\u00e2nia<\/strong>, com Biden se aproximando do primeiro lugar.<\/p>\n<p>O democrata possui 264 votos eleitorais, enquanto Trump permanece com 214 &#8212; s\u00e3o necess\u00e1rios 270 para vencer a disputa. O mercado tamb\u00e9m segue no aguardo do resultado das vota\u00e7\u00f5es em Nevada, estado que conta com 6 votos eleitorais, onde Biden lidera. Caso a vit\u00f3ria seja confirmada em <strong>Nevada<\/strong>, ele ser\u00e1 eleito o 46\u00ba presidente dos Estados Unidos, mesmo que perca nos demais estados ainda em aberto.<\/p>\n<p>O avan\u00e7o da pandemia do <a href=\"https:\/\/www.suno.com.br\/noticias\/?s=coronav%C3%ADrus\">novo <strong>coronav\u00edrus<\/strong> (Covid-19)<\/a> continua a preocupar no Hemisf\u00e9rio Norte. Os Estados Unidos se tornaram o primeiro pa\u00eds a superar 100 mil infec\u00e7\u00f5es em apenas um dia. O presidente do <a href=\"https:\/\/www.suno.com.br\/artigos\/fed\/\">Federal Reserve (<strong>Fed<\/strong>)<\/a>, Jerome Powell, disse que o avan\u00e7o da pandemia \u00e9 um risco para a recupera\u00e7\u00e3o econ\u00f4mica do pa\u00eds. Na \u00faltima quinta-feira, a autoridade monet\u00e1ria estadunidense manteve a pol\u00edtica monet\u00e1ria, e aguarda novos est\u00edmulos fiscais.<\/p>\n<div class=\"hubspot-form-wrapper\">\n\t<div id=\"single-form-target\"><\/div>\n<\/div>\n\n<p>Por aqui, chama aten\u00e7\u00e3o a divulga\u00e7\u00e3o do <a href=\"https:\/\/www.suno.com.br\/artigos\/ipca\/\">\u00cdndice de Pre\u00e7os ao Consumidor Amplo (<strong>IPCA<\/strong>)<\/a> pelo Instituto Brasileiro de Geografia e Estat\u00edstica (<strong>IBGE<\/strong>) nesta manh\u00e3. O indicador subiu 0,86% em outubro, ap\u00f3s ter avan\u00e7ado 0,64% em setembro. Trata-se do maior resultado para o m\u00eas desde 2002, quando o indicador foi de 1,31%.<\/p>\n<p>No ano, a <strong>infla\u00e7\u00e3o<\/strong> acumula alta de 2,22% e em 12 meses atingiu 3,92%, acima dos 3,14%. O aumento de pre\u00e7os permanece em constante acelera\u00e7\u00e3o, ap\u00f3s as altas de agosto (+0,24%) e setembro. <a href=\"https:\/\/www.suno.com.br\/noticias\/ibovespa-futuro-eleicoes-eua-ipca-juros-futuros-06112020\/\">As taxas de juros futuras operam em alta<\/a>.<\/p>\n\n\t<div data-element=\"shortcode-read-more\" class=\"readToo\">\n\t\t\t\t<span class=\"readToo__title\">Saiba mais<\/span>\n\t\t\t\t<ul class=\"readToo__list\">\n\t\t\t<li><a href=\"https:\/\/www.suno.com.br\/noticias\/ibovespa-dispara-retoma-100-mil-pontos\/\">Ibovespa dispara 2,95% e retoma os 100 mil pontos<\/a><\/li><li><a href=\"https:\/\/www.suno.com.br\/noticias\/restricoes-por-covid-devem-pesar-menos-sobre-economia-diz-bce\/\">Restri\u00e7\u00f5es por covid devem pesar menos sobre economia, diz BCE<\/a><\/li>\t\t<\/ul>\n\t<\/div>\n\n\n<p>No Congresso brasileiro, tem sido discutido o status do aux\u00edlio emergencial, conhecido como <strong>coronavoucher<\/strong>. De acordo com <em>O Estado de S.Paulo<\/em>, uma das propostas defendidas entre os parlamentares \u00e9 a concess\u00e3o de mais duas parcelas do aux\u00edlio por meio de uma Medida Provis\u00f3ria (MP).<\/p>\n<p>O Congresso e o governo v\u00eam estudando a possibilidade de levantar um programa de transfer\u00eancia de renda mais amplo do que o Bolsa Fam\u00edlia. No entanto, ainda n\u00e3o foi encontrada uma solu\u00e7\u00e3o para viabilizar o programa sem furar o <strong>teto de gastos<\/strong>.<\/p>\n<h2>Mercados internacionais<\/h2>\n<p>Confira o desempenho dos principais \u00edndices acion\u00e1rios no exterior, al\u00e9m do <strong>Ibovespa agora<\/strong>:<\/p>\n<ul>\n<li>Nova York (<a href=\"https:\/\/www.suno.com.br\/artigos\/sp-500\/\">S&amp;P 500<\/a>) futuro: -0,57%<\/li>\n<li>Londres (<a href=\"https:\/\/www.suno.com.br\/artigos\/ftse-100\/\">FTSE 100<\/a>): +0,10%<\/li>\n<li>Frankfurt (<a href=\"https:\/\/www.suno.com.br\/artigos\/dax-30\/\">DAX 30)<\/a>: -1,02%<\/li>\n<li>Paris (<a href=\"https:\/\/www.suno.com.br\/artigos\/cac-40\/\">CAC 40<\/a>): -0,92%<\/li>\n<li>Mil\u00e3o (FTSE\/MIB): -0,37%<\/li>\n<li>Hong Kong (<a href=\"https:\/\/www.suno.com.br\/artigos\/hang-seng\/\">Hang Seng<\/a>): +0,06% (fechada)<\/li>\n<li>Xangai (SSE Composite): -0,24% (fechada)<\/li>\n<li>T\u00f3quio (<a href=\"https:\/\/www.suno.com.br\/artigos\/nikkei-225\/\">Nikkei 225<\/a>): +0,91% (fechada)<\/li>\n<\/ul>\n<h2>\u00daltima cota\u00e7\u00e3o do Ibovespa<\/h2>\n<p>De forma distinta ao<strong>\u00a0Ibovespa hoje<\/strong>, o \u00edndice acion\u00e1rio encerrou as negocia\u00e7\u00f5es na \u00faltima quinta-feira com uma alta de 2,95%, a 100.750,859 pontos.<\/p>\n\t<p>\n\t\t<a href=\"https:\/\/lp.suno.com.br\/planilha-de-controle-de-investimentos\/\" target=\"_blank\" data-element=\"shortcode-suno-banner\" title=\"Banner SUNO, clique e saiba mais\">\n\t\t\t<picture>\n\t\t\t\t<source media=\"(max-width: 500px)\" srcset=\"https:\/\/files.sunoresearch.com.br\/n\/uploads\/2023\/03\/400x300-Controle-de-Investimentos.png\">\n\t\t\t\t<img class=\"newsContent__article__imgCapa newsContent__article__imgCapa--banner\"\n\t\t\t\t\tsrc=\"https:\/\/files.sunoresearch.com.br\/n\/uploads\/2023\/03\/1420x240-Controle-de-Investimentos.png\"\n\t\t\t\t\tdata-promo-id=\"75934\"\t\t\t\t\t\t\t\t\t\twidth='1420' height='240'\t\t\t\t\talt=\"https:\/\/files.sunoresearch.com.br\/n\/uploads\/2023\/03\/1420x240-Controle-de-Investimentos.png\"\n\t\t\t\t>\n\t\t\t<\/picture>\n\t\t<\/a>\n\t<\/p>\n\n\n","protected":false},"excerpt":{"rendered":"<p>O Ibovespa abriu em baixa nesta sexta-feira (6), com os mercados internacionais corrigindo parte do forte rali desta semana. O maior \u00edndice da Bolsa de Valores de S\u00e3o Paulo (B3) subiu mais de 7% em tr\u00eas preg\u00f5es nesta semana, iniciando novembro com o p\u00e9 direito. Restri\u00e7\u00f5es por covid devem pesar menos agora sobre atividade, diz [&hellip;]<\/p>\n","protected":false},"author":24,"featured_media":70486,"comment_status":"closed","ping_status":"closed","sticky":false,"template":"","format":"standard","meta":[],"categories":[60],"tags":[2487,12737,104868,793,721,966,73481],"suno_strategy":[],"class_list":["post-98002","post","type-post","status-publish","format-standard","has-post-thumbnail","hentry","category-mercado","tag-coronavirus","tag-coronavoucher","tag-eleicoes-americanas","tag-estados-unidos-eua","tag-ibovespa","tag-ipca","tag-joe-biden"],"yoast_head":"<!-- This site is optimized with the Yoast SEO plugin v24.4 - https:\/\/yoast.com\/wordpress\/plugins\/seo\/ -->\n<title>Ibovespa abre em leve queda, acima de 100 mil pontos<\/title>\n<meta name=\"description\" content=\"O Ibovespa abriu em baixa nesta sexta-feira (6), com os mercados internacionais corrigindo parte do forte rali desta semana. Saiba mais.\" \/>\n<meta name=\"robots\" content=\"index, follow, max-snippet:-1, max-image-preview:large, max-video-preview:-1\" \/>\n<link rel=\"canonical\" href=\"https:\/\/www.suno.com.br\/noticias\/ibovespa-eleicoes-eua-coronavirus-ipca-coronavoucher-06112020\/\" \/>\n<meta property=\"og:locale\" content=\"pt_BR\" \/>\n<meta property=\"og:type\" content=\"article\" \/>\n<meta property=\"og:title\" content=\"Ibovespa abre em leve queda, acima de 100 mil pontos\" \/>\n<meta property=\"og:description\" content=\"O Ibovespa abriu em baixa nesta sexta-feira (6), com os mercados internacionais corrigindo parte do forte rali desta semana. Saiba mais.\" \/>\n<meta property=\"og:url\" content=\"https:\/\/www.suno.com.br\/noticias\/ibovespa-eleicoes-eua-coronavirus-ipca-coronavoucher-06112020\/\" \/>\n<meta property=\"og:site_name\" content=\"Suno Not\u00edcias\" \/>\n<meta property=\"article:publisher\" content=\"https:\/\/facebook.com\/sunoresearch\" \/>\n<meta property=\"og:image\" content=\"https:\/\/files.sunoresearch.com.br\/n\/uploads\/2020\/06\/8b3c2ea1-ibovespa.jpg\" \/>\n\t<meta property=\"og:image:width\" content=\"1500\" \/>\n\t<meta property=\"og:image:height\" content=\"1000\" \/>\n\t<meta property=\"og:image:type\" content=\"image\/jpeg\" \/>\n<meta name=\"author\" content=\"Jader Lazarini\" \/>\n<meta name=\"twitter:card\" content=\"summary_large_image\" \/>\n<meta name=\"twitter:creator\" content=\"@sunoresearch\" \/>\n<meta name=\"twitter:site\" content=\"@sunoresearch\" \/>\n<meta name=\"twitter:label1\" content=\"Escrito por\" \/>\n\t<meta name=\"twitter:data1\" content=\"Jader Lazarini\" \/>\n\t<meta name=\"twitter:label2\" content=\"Est. tempo de leitura\" \/>\n\t<meta name=\"twitter:data2\" content=\"3 minutos\" \/>\n<script type=\"application\/ld+json\" class=\"yoast-schema-graph\">{\"@context\":\"https:\/\/schema.org\",\"@graph\":[{\"@type\":\"NewsArticle\",\"@id\":\"https:\/\/www.suno.com.br\/noticias\/ibovespa-eleicoes-eua-coronavirus-ipca-coronavoucher-06112020\/#article\",\"isPartOf\":{\"@id\":\"https:\/\/www.suno.com.br\/noticias\/ibovespa-eleicoes-eua-coronavirus-ipca-coronavoucher-06112020\/\"},\"author\":{\"name\":\"Jader Lazarini\",\"@id\":\"https:\/\/www.suno.com.br\/noticias\/#\/schema\/person\/918d79de1f0281f01599b93f9ea6e23f\"},\"headline\":\"Ibovespa abre em leve queda, acima de 100 mil pontos e de olho no exterior\",\"datePublished\":\"2020-11-06T13:37:29+00:00\",\"dateModified\":\"2021-06-14T02:30:09+00:00\",\"mainEntityOfPage\":{\"@id\":\"https:\/\/www.suno.com.br\/noticias\/ibovespa-eleicoes-eua-coronavirus-ipca-coronavoucher-06112020\/\"},\"wordCount\":697,\"publisher\":{\"@id\":\"https:\/\/www.suno.com.br\/noticias\/#organization\"},\"image\":{\"@id\":\"https:\/\/www.suno.com.br\/noticias\/ibovespa-eleicoes-eua-coronavirus-ipca-coronavoucher-06112020\/#primaryimage\"},\"thumbnailUrl\":\"https:\/\/files.sunoresearch.com.br\/n\/uploads\/2020\/06\/8b3c2ea1-ibovespa-jpg.webp\",\"keywords\":[\"coronav\u00edrus\",\"coronavoucher\",\"Elei\u00e7\u00f5es americanas\",\"Estados Unidos (EUA)\",\"Ibovespa\",\"IPCA\",\"Joe Biden\"],\"articleSection\":[\"Mercado\"],\"inLanguage\":\"pt-BR\"},{\"@type\":\"WebPage\",\"@id\":\"https:\/\/www.suno.com.br\/noticias\/ibovespa-eleicoes-eua-coronavirus-ipca-coronavoucher-06112020\/\",\"url\":\"https:\/\/www.suno.com.br\/noticias\/ibovespa-eleicoes-eua-coronavirus-ipca-coronavoucher-06112020\/\",\"name\":\"Ibovespa abre em leve queda, acima de 100 mil pontos\",\"isPartOf\":{\"@id\":\"https:\/\/www.suno.com.br\/noticias\/#website\"},\"primaryImageOfPage\":{\"@id\":\"https:\/\/www.suno.com.br\/noticias\/ibovespa-eleicoes-eua-coronavirus-ipca-coronavoucher-06112020\/#primaryimage\"},\"image\":{\"@id\":\"https:\/\/www.suno.com.br\/noticias\/ibovespa-eleicoes-eua-coronavirus-ipca-coronavoucher-06112020\/#primaryimage\"},\"thumbnailUrl\":\"https:\/\/files.sunoresearch.com.br\/n\/uploads\/2020\/06\/8b3c2ea1-ibovespa-jpg.webp\",\"datePublished\":\"2020-11-06T13:37:29+00:00\",\"dateModified\":\"2021-06-14T02:30:09+00:00\",\"description\":\"O Ibovespa abriu em baixa nesta sexta-feira (6), com os mercados internacionais corrigindo parte do forte rali desta semana. Saiba mais.\",\"breadcrumb\":{\"@id\":\"https:\/\/www.suno.com.br\/noticias\/ibovespa-eleicoes-eua-coronavirus-ipca-coronavoucher-06112020\/#breadcrumb\"},\"inLanguage\":\"pt-BR\",\"potentialAction\":[{\"@type\":\"ReadAction\",\"target\":[\"https:\/\/www.suno.com.br\/noticias\/ibovespa-eleicoes-eua-coronavirus-ipca-coronavoucher-06112020\/\"]}]},{\"@type\":\"ImageObject\",\"inLanguage\":\"pt-BR\",\"@id\":\"https:\/\/www.suno.com.br\/noticias\/ibovespa-eleicoes-eua-coronavirus-ipca-coronavoucher-06112020\/#primaryimage\",\"url\":\"https:\/\/files.sunoresearch.com.br\/n\/uploads\/2020\/06\/8b3c2ea1-ibovespa-jpg.webp\",\"contentUrl\":\"https:\/\/files.sunoresearch.com.br\/n\/uploads\/2020\/06\/8b3c2ea1-ibovespa-jpg.webp\",\"width\":1500,\"height\":1000,\"caption\":\"O Ibovespa fechou em queda\"},{\"@type\":\"BreadcrumbList\",\"@id\":\"https:\/\/www.suno.com.br\/noticias\/ibovespa-eleicoes-eua-coronavirus-ipca-coronavoucher-06112020\/#breadcrumb\",\"itemListElement\":[{\"@type\":\"ListItem\",\"position\":1,\"name\":\"Not\u00edcias\",\"item\":\"https:\/\/www.suno.com.br\/noticias\/\"},{\"@type\":\"ListItem\",\"position\":2,\"name\":\"Mercado\",\"item\":\"https:\/\/www.suno.com.br\/noticias\/mercado\/\"},{\"@type\":\"ListItem\",\"position\":3,\"name\":\"Ibovespa abre em leve queda, acima de 100 mil pontos e de olho no exterior\"}]},{\"@type\":\"WebSite\",\"@id\":\"https:\/\/www.suno.com.br\/noticias\/#website\",\"url\":\"https:\/\/www.suno.com.br\/noticias\/\",\"name\":\"Suno Not\u00edcias\",\"description\":\"Seu portal de informa\u00e7\u00e3o sobre o mundo dos investimentos\",\"publisher\":{\"@id\":\"https:\/\/www.suno.com.br\/noticias\/#organization\"},\"potentialAction\":[{\"@type\":\"SearchAction\",\"target\":{\"@type\":\"EntryPoint\",\"urlTemplate\":\"https:\/\/www.suno.com.br\/noticias\/?s={search_term_string}\"},\"query-input\":{\"@type\":\"PropertyValueSpecification\",\"valueRequired\":true,\"valueName\":\"search_term_string\"}}],\"inLanguage\":\"pt-BR\"},{\"@type\":\"Organization\",\"@id\":\"https:\/\/www.suno.com.br\/noticias\/#organization\",\"name\":\"Suno Not\u00edcias\",\"url\":\"https:\/\/www.suno.com.br\/noticias\/\",\"logo\":{\"@type\":\"ImageObject\",\"inLanguage\":\"pt-BR\",\"@id\":\"https:\/\/www.suno.com.br\/noticias\/#\/schema\/logo\/image\/\",\"url\":\"https:\/\/files.sunoresearch.com.br\/n\/uploads\/2021\/09\/suno-logo.png\",\"contentUrl\":\"https:\/\/files.sunoresearch.com.br\/n\/uploads\/2021\/09\/suno-logo.png\",\"width\":180,\"height\":180,\"caption\":\"Suno Not\u00edcias\"},\"image\":{\"@id\":\"https:\/\/www.suno.com.br\/noticias\/#\/schema\/logo\/image\/\"},\"sameAs\":[\"https:\/\/facebook.com\/sunoresearch\",\"https:\/\/x.com\/sunoresearch\",\"https:\/\/www.instagram.com\/suno\",\"https:\/\/www.linkedin.com\/company\/suno-research\/\",\"https:\/\/www.youtube.com\/c\/sunoresearch\"]},{\"@type\":\"Person\",\"@id\":\"https:\/\/www.suno.com.br\/noticias\/#\/schema\/person\/918d79de1f0281f01599b93f9ea6e23f\",\"name\":\"Jader Lazarini\",\"image\":{\"@type\":\"ImageObject\",\"inLanguage\":\"pt-BR\",\"@id\":\"https:\/\/www.suno.com.br\/noticias\/#\/schema\/person\/image\/\",\"url\":\"https:\/\/secure.gravatar.com\/avatar\/3c1ad8caa51589841baeb923fcddea97?s=96&r=g\",\"contentUrl\":\"https:\/\/secure.gravatar.com\/avatar\/3c1ad8caa51589841baeb923fcddea97?s=96&r=g\",\"caption\":\"Jader Lazarini\"},\"description\":\"Jader Lazarini escreve sobre investimentos, finan\u00e7as, economia e neg\u00f3cios. \u00c9 bacharel em Rela\u00e7\u00f5es Internacionais e analista CNPI (2619).\",\"url\":\"https:\/\/www.suno.com.br\/noticias\/author\/jader-lazarini\/\"}]}<\/script>\n<!-- \/ Yoast SEO plugin. -->","yoast_head_json":{"title":"Ibovespa abre em leve queda, acima de 100 mil pontos","description":"O Ibovespa abriu em baixa nesta sexta-feira (6), com os mercados internacionais corrigindo parte do forte rali desta semana. Saiba mais.","robots":{"index":"index","follow":"follow","max-snippet":"max-snippet:-1","max-image-preview":"max-image-preview:large","max-video-preview":"max-video-preview:-1"},"canonical":"https:\/\/www.suno.com.br\/noticias\/ibovespa-eleicoes-eua-coronavirus-ipca-coronavoucher-06112020\/","og_locale":"pt_BR","og_type":"article","og_title":"Ibovespa abre em leve queda, acima de 100 mil pontos","og_description":"O Ibovespa abriu em baixa nesta sexta-feira (6), com os mercados internacionais corrigindo parte do forte rali desta semana. Saiba mais.","og_url":"https:\/\/www.suno.com.br\/noticias\/ibovespa-eleicoes-eua-coronavirus-ipca-coronavoucher-06112020\/","og_site_name":"Suno Not\u00edcias","article_publisher":"https:\/\/facebook.com\/sunoresearch","og_image":[{"width":1500,"height":1000,"url":"https:\/\/files.sunoresearch.com.br\/n\/uploads\/2020\/06\/8b3c2ea1-ibovespa.jpg","type":"image\/jpeg"}],"author":"Jader Lazarini","twitter_card":"summary_large_image","twitter_creator":"@sunoresearch","twitter_site":"@sunoresearch","twitter_misc":{"Escrito por":"Jader Lazarini","Est. tempo de leitura":"3 minutos"},"schema":{"@context":"https:\/\/schema.org","@graph":[{"@type":"NewsArticle","@id":"https:\/\/www.suno.com.br\/noticias\/ibovespa-eleicoes-eua-coronavirus-ipca-coronavoucher-06112020\/#article","isPartOf":{"@id":"https:\/\/www.suno.com.br\/noticias\/ibovespa-eleicoes-eua-coronavirus-ipca-coronavoucher-06112020\/"},"author":{"name":"Jader Lazarini","@id":"https:\/\/www.suno.com.br\/noticias\/#\/schema\/person\/918d79de1f0281f01599b93f9ea6e23f"},"headline":"Ibovespa abre em leve queda, acima de 100 mil pontos e de olho no exterior","datePublished":"2020-11-06T13:37:29+00:00","dateModified":"2021-06-14T02:30:09+00:00","mainEntityOfPage":{"@id":"https:\/\/www.suno.com.br\/noticias\/ibovespa-eleicoes-eua-coronavirus-ipca-coronavoucher-06112020\/"},"wordCount":697,"publisher":{"@id":"https:\/\/www.suno.com.br\/noticias\/#organization"},"image":{"@id":"https:\/\/www.suno.com.br\/noticias\/ibovespa-eleicoes-eua-coronavirus-ipca-coronavoucher-06112020\/#primaryimage"},"thumbnailUrl":"https:\/\/files.sunoresearch.com.br\/n\/uploads\/2020\/06\/8b3c2ea1-ibovespa-jpg.webp","keywords":["coronav\u00edrus","coronavoucher","Elei\u00e7\u00f5es americanas","Estados Unidos (EUA)","Ibovespa","IPCA","Joe Biden"],"articleSection":["Mercado"],"inLanguage":"pt-BR"},{"@type":"WebPage","@id":"https:\/\/www.suno.com.br\/noticias\/ibovespa-eleicoes-eua-coronavirus-ipca-coronavoucher-06112020\/","url":"https:\/\/www.suno.com.br\/noticias\/ibovespa-eleicoes-eua-coronavirus-ipca-coronavoucher-06112020\/","name":"Ibovespa abre em leve queda, acima de 100 mil pontos","isPartOf":{"@id":"https:\/\/www.suno.com.br\/noticias\/#website"},"primaryImageOfPage":{"@id":"https:\/\/www.suno.com.br\/noticias\/ibovespa-eleicoes-eua-coronavirus-ipca-coronavoucher-06112020\/#primaryimage"},"image":{"@id":"https:\/\/www.suno.com.br\/noticias\/ibovespa-eleicoes-eua-coronavirus-ipca-coronavoucher-06112020\/#primaryimage"},"thumbnailUrl":"https:\/\/files.sunoresearch.com.br\/n\/uploads\/2020\/06\/8b3c2ea1-ibovespa-jpg.webp","datePublished":"2020-11-06T13:37:29+00:00","dateModified":"2021-06-14T02:30:09+00:00","description":"O Ibovespa abriu em baixa nesta sexta-feira (6), com os mercados internacionais corrigindo parte do forte rali desta semana. Saiba mais.","breadcrumb":{"@id":"https:\/\/www.suno.com.br\/noticias\/ibovespa-eleicoes-eua-coronavirus-ipca-coronavoucher-06112020\/#breadcrumb"},"inLanguage":"pt-BR","potentialAction":[{"@type":"ReadAction","target":["https:\/\/www.suno.com.br\/noticias\/ibovespa-eleicoes-eua-coronavirus-ipca-coronavoucher-06112020\/"]}]},{"@type":"ImageObject","inLanguage":"pt-BR","@id":"https:\/\/www.suno.com.br\/noticias\/ibovespa-eleicoes-eua-coronavirus-ipca-coronavoucher-06112020\/#primaryimage","url":"https:\/\/files.sunoresearch.com.br\/n\/uploads\/2020\/06\/8b3c2ea1-ibovespa-jpg.webp","contentUrl":"https:\/\/files.sunoresearch.com.br\/n\/uploads\/2020\/06\/8b3c2ea1-ibovespa-jpg.webp","width":1500,"height":1000,"caption":"O Ibovespa fechou em queda"},{"@type":"BreadcrumbList","@id":"https:\/\/www.suno.com.br\/noticias\/ibovespa-eleicoes-eua-coronavirus-ipca-coronavoucher-06112020\/#breadcrumb","itemListElement":[{"@type":"ListItem","position":1,"name":"Not\u00edcias","item":"https:\/\/www.suno.com.br\/noticias\/"},{"@type":"ListItem","position":2,"name":"Mercado","item":"https:\/\/www.suno.com.br\/noticias\/mercado\/"},{"@type":"ListItem","position":3,"name":"Ibovespa abre em leve queda, acima de 100 mil pontos e de olho no exterior"}]},{"@type":"WebSite","@id":"https:\/\/www.suno.com.br\/noticias\/#website","url":"https:\/\/www.suno.com.br\/noticias\/","name":"Suno Not\u00edcias","description":"Seu portal de informa\u00e7\u00e3o sobre o mundo dos investimentos","publisher":{"@id":"https:\/\/www.suno.com.br\/noticias\/#organization"},"potentialAction":[{"@type":"SearchAction","target":{"@type":"EntryPoint","urlTemplate":"https:\/\/www.suno.com.br\/noticias\/?s={search_term_string}"},"query-input":{"@type":"PropertyValueSpecification","valueRequired":true,"valueName":"search_term_string"}}],"inLanguage":"pt-BR"},{"@type":"Organization","@id":"https:\/\/www.suno.com.br\/noticias\/#organization","name":"Suno Not\u00edcias","url":"https:\/\/www.suno.com.br\/noticias\/","logo":{"@type":"ImageObject","inLanguage":"pt-BR","@id":"https:\/\/www.suno.com.br\/noticias\/#\/schema\/logo\/image\/","url":"https:\/\/files.sunoresearch.com.br\/n\/uploads\/2021\/09\/suno-logo.png","contentUrl":"https:\/\/files.sunoresearch.com.br\/n\/uploads\/2021\/09\/suno-logo.png","width":180,"height":180,"caption":"Suno Not\u00edcias"},"image":{"@id":"https:\/\/www.suno.com.br\/noticias\/#\/schema\/logo\/image\/"},"sameAs":["https:\/\/facebook.com\/sunoresearch","https:\/\/x.com\/sunoresearch","https:\/\/www.instagram.com\/suno","https:\/\/www.linkedin.com\/company\/suno-research\/","https:\/\/www.youtube.com\/c\/sunoresearch"]},{"@type":"Person","@id":"https:\/\/www.suno.com.br\/noticias\/#\/schema\/person\/918d79de1f0281f01599b93f9ea6e23f","name":"Jader Lazarini","image":{"@type":"ImageObject","inLanguage":"pt-BR","@id":"https:\/\/www.suno.com.br\/noticias\/#\/schema\/person\/image\/","url":"https:\/\/secure.gravatar.com\/avatar\/3c1ad8caa51589841baeb923fcddea97?s=96&r=g","contentUrl":"https:\/\/secure.gravatar.com\/avatar\/3c1ad8caa51589841baeb923fcddea97?s=96&r=g","caption":"Jader Lazarini"},"description":"Jader Lazarini escreve sobre investimentos, finan\u00e7as, economia e neg\u00f3cios. \u00c9 bacharel em Rela\u00e7\u00f5es Internacionais e analista CNPI (2619).","url":"https:\/\/www.suno.com.br\/noticias\/author\/jader-lazarini\/"}]}},"default_loop_html":"<div class=\"cardsPage__listCard__boxs\"><div class=\"cardsPage__listCard__boxs__img\"><a href=\"https:\/\/www.suno.com.br\/noticias\/restricoes-por-covid-devem-pesar-menos-sobre-economia-diz-bce\/\"><img class=\"mask\" src=\"https:\/\/www.suno.com.br\/noticias\/wp-content\/themes\/suno\/resources\/images\/spotlight\/spotlight1img\/bg-mask.png\" alt=\"Image Mask\"\/><img src=\"https:\/\/files.sunoresearch.com.br\/n\/uploads\/2020\/11\/a2fc781f-bce-400x200.webp\" alt=\"Restri\u00e7\u00f5es por covid devem pesar menos sobre economia, diz BCE\"\/><\/a><span class=\"spotlightCategory\"><a href=\"https:\/\/www.suno.com.br\/noticias\/internacional\/\">Internacional<\/a><\/span><\/div><div class=\"cardsPage__listCard__boxs__content\"><a href=\"https:\/\/www.suno.com.br\/noticias\/restricoes-por-covid-devem-pesar-menos-sobre-economia-diz-bce\/\"><h2 class=\"content__title\">Restri\u00e7\u00f5es por covid devem pesar menos sobre economia, diz BCE<\/h2><\/a><div class=\"newsContent__article__meta\"><div class=\"newsContent__article__meta__authorBox\"><a href=\"https:\/\/www.suno.com.br\/noticias\/author\/rafaela-la-regina\/\" class=\"authorBox__avatar noMobi\"><img src=\"https:\/\/secure.gravatar.com\/avatar\/d2c75a52d243deb93d0465fdcb21bd37?s=96&#038;r=g\" alt=\"Rafaela La Regina\"><\/a><div class=\"authorBox__name\"><span>por\n\t\t\t<a href=\"https:\/\/www.suno.com.br\/noticias\/author\/rafaela-la-regina\/\"><span itemprop=\"author\">Rafaela La Regina<\/span><\/a><\/span><time datetime=\"2020-11-05T17:04:53-03:00\" itemprop=\"datePublished\">05\/11\/2020 17:04<\/time><\/div><\/div><\/div><\/div><\/div>","single_layout":"posts","amp_enabled":true,"_links":{"self":[{"href":"https:\/\/www.suno.com.br\/noticias\/wp-json\/wp\/v2\/posts\/98002"}],"collection":[{"href":"https:\/\/www.suno.com.br\/noticias\/wp-json\/wp\/v2\/posts"}],"about":[{"href":"https:\/\/www.suno.com.br\/noticias\/wp-json\/wp\/v2\/types\/post"}],"author":[{"embeddable":true,"href":"https:\/\/www.suno.com.br\/noticias\/wp-json\/wp\/v2\/users\/24"}],"replies":[{"embeddable":true,"href":"https:\/\/www.suno.com.br\/noticias\/wp-json\/wp\/v2\/comments?post=98002"}],"version-history":[{"count":1,"href":"https:\/\/www.suno.com.br\/noticias\/wp-json\/wp\/v2\/posts\/98002\/revisions"}],"predecessor-version":[{"id":156816,"href":"https:\/\/www.suno.com.br\/noticias\/wp-json\/wp\/v2\/posts\/98002\/revisions\/156816"}],"wp:featuredmedia":[{"embeddable":true,"href":"https:\/\/www.suno.com.br\/noticias\/wp-json\/wp\/v2\/media\/70486"}],"wp:attachment":[{"href":"https:\/\/www.suno.com.br\/noticias\/wp-json\/wp\/v2\/media?parent=98002"}],"wp:term":[{"taxonomy":"category","embeddable":true,"href":"https:\/\/www.suno.com.br\/noticias\/wp-json\/wp\/v2\/categories?post=98002"},{"taxonomy":"post_tag","embeddable":true,"href":"https:\/\/www.suno.com.br\/noticias\/wp-json\/wp\/v2\/tags?post=98002"},{"taxonomy":"suno_strategy","embeddable":true,"href":"https:\/\/www.suno.com.br\/noticias\/wp-json\/wp\/v2\/suno_strategy?post=98002"}],"curies":[{"name":"wp","href":"https:\/\/api.w.org\/{rel}","templated":true}]}}