{"id":97993,"date":"2020-11-06T09:43:04","date_gmt":"2020-11-06T12:43:04","guid":{"rendered":"https:\/\/www.suno.com.br\/noticias\/?p=97993"},"modified":"2020-11-06T10:03:15","modified_gmt":"2020-11-06T13:03:15","slug":"ibovespa-futuro-eleicoes-eua-ipca-juros-futuros-06112020","status":"publish","type":"post","link":"https:\/\/www.suno.com.br\/noticias\/ibovespa-futuro-eleicoes-eua-ipca-juros-futuros-06112020\/","title":{"rendered":"Ibovespa futuro recua, de olho nos mercados mundiais e avan\u00e7o da Covid-19"},"content":{"rendered":"<p>O <strong>Ibovespa futuro<\/strong> abriu em queda nesta sexta-feira (6), indicando que o preg\u00e3o do \u00faltimo dia desta semana deve ser de leve corre\u00e7\u00e3o. O mercado futuro do maior \u00edndice acion\u00e1rio da <a href=\"https:\/\/www.suno.com.br\/artigos\/b3\/\">Bolsa de Valores de S\u00e3o Paulo (B3)<\/a>, por volta das 9h18, recuava 0,62%.<\/p>\t<div class=\"wrapper-featured-image\">\n\t\t<figure class=\"spotlightImg\">\n\n\t\t\t<picture>\n\t\t\t\t<source media=\"(max-width: 768px)\" srcset=\"https:\/\/files.sunoresearch.com.br\/n\/uploads\/2020\/04\/940e80a4-ibovespa-4-400x200.webp\">\n\t\t\t\t<img loading=\"lazy\" decoding=\"async\" class=\"newsContent__article__imgCapa lazyloadDisabled \" src=\"https:\/\/files.sunoresearch.com.br\/n\/uploads\/2020\/04\/940e80a4-ibovespa-4-800x450.webp\" width=\"800\" height=\"450\" alt=\"Ibovespa futuro recua, de olho nos mercados mundiais e avan\u00e7o da Covid-19\" fetchpriority=high \/>\n\t\t\t<\/picture>\n\n\t\t\t<figcaption class=\"wp-caption-text wp-caption-text--show\">Bolsas da \u00c1sia caem, ap\u00f3s rebaixamento dos EUA pela Fitch<\/figcaption>\n\t\t<\/figure>\n\t<\/div>\n\n\n\t<p>\n\t\t<a href=\"\" target=\"_blank\" data-element=\"shortcode-suno-banner\" title=\"Banner SUNO, clique e saiba mais\">\n\t\t\t<picture>\n\t\t\t\t<source media=\"(max-width: 500px)\" srcset=\"\">\n\t\t\t\t<img class=\"newsContent__article__imgCapa newsContent__article__imgCapa--banner\"\n\t\t\t\t\tsrc=\"\"\n\t\t\t\t\tdata-promo-id=\"97204\"\t\t\t\t\t\t\t\t\t\t\t\t\t\t\talt=\"\"\n\t\t\t\t>\n\t\t\t<\/picture>\n\t\t<\/a>\n\t<\/p>\n\n\n<p>A cota\u00e7\u00e3o do Ibovespa futuro \u00e9 puxada pelas <a href=\"https:\/\/www.suno.com.br\/noticias\/bolsas-mundiais-ny-europa-asia-06112020\/\">bolsas mundiais, que arrefeceram a tend\u00eancia de alta nesta sexta-feira<\/a>, com as elei\u00e7\u00f5es presidenciais nos Estados Unidos ficando mais pr\u00f3ximas de uma defini\u00e7\u00e3o. O democrata <strong>Joe Biden<\/strong>, que lidera as vota\u00e7\u00f5es, assumiu a frente no estado de Georgia. <strong><a href=\"https:\/\/www.suno.com.br\/tudo-sobre\/donald-trump\/\">Donald Trump<\/a><\/strong>, agora com vantagem somente na Pensilv\u00e2nia<strong>,<\/strong> continua com 214 votos eleitorais, contra 264 de Biden.<\/p>\n<p>O mercado tamb\u00e9m segue no aguardo do resultado das vota\u00e7\u00f5es em Nevada, estado que conta com 6 votos eleitorais, onde Biden lidera. Caso a vit\u00f3ria seja confirmada em <strong>Nevada<\/strong>, ele ser\u00e1 eleito o 46\u00ba presidente dos Estados Unidos, mesmo que perca nos demais estados ainda em aberto.<\/p>\n<p><a href=\"https:\/\/lp.suno.com.br\/suno-one\/\">Suno One: acesse gratuitamente eBooks, Minicursos, Artigos e Video Aulas sobre investimentos com um \u00fanico cadastro. Clique para saber mais!<\/a><\/p>\n<p>O processo eleitoral, todavia, voltou a ser questionado por Trump em coletiva na tarde da \u00faltima quinta-feira. O mandat\u00e1rio disse que venceria se considerados apenas os &#8220;votos legais&#8221;. Trump n\u00e3o trouxe comprova\u00e7\u00f5es das fraudes que alega.<\/p>\n<p>No \u00e2mbito interno, chama aten\u00e7\u00e3o a divulga\u00e7\u00e3o do <a href=\"https:\/\/www.suno.com.br\/artigos\/ipca\/\">\u00cdndice de Pre\u00e7os ao Consumidor Amplo (<strong>IPCA<\/strong>)<\/a> pelo Instituto Brasileiro de Geografia e Estat\u00edstica (<strong>IBGE<\/strong>) nesta manh\u00e3. O indicador subiu 0,86% em outubro, ap\u00f3s ter avan\u00e7ado 0,64% em setembro. Trata-se do maior resultado para o m\u00eas desde 2002, quando o indicador foi de 1,31%.<\/p>\n<p>No ano, a <strong>infla\u00e7\u00e3o<\/strong> acumula alta de 2,22% e em 12 meses atingiu 3,92%, acima dos 3,14%. O aumento de pre\u00e7os permanece em constante acelera\u00e7\u00e3o, ap\u00f3s as altas de agosto (+0,24%) e setembro.<\/p>\n<div class=\"hubspot-form-wrapper\">\n\t<div id=\"single-form-target\"><\/div>\n<\/div>\n\n<p>As <strong>taxas de juros<\/strong> futuras, no entanto, operam com uma leve alta. Por volta das 9h28, os contratos de <strong>juros futuros<\/strong> baseados no <a href=\"https:\/\/www.suno.com.br\/artigos\/taxa-di\/\">Dep\u00f3sito Interfinanceiro (DI)<\/a> negociados na <strong>B3<\/strong> para janeiro de 2022 apresentavam um avan\u00e7o de 0,29%, para 3,46%. Os pap\u00e9is para janeiro de 2023 sobem 0,40%, para 5%; para janeiro de 2025 tem alta de 0,30%, para 6,68%; para janeiro de 2027, operam com um aumento de 0,27%, para 7,44%.<\/p>\n<p>No <em>front<\/em> exterior, os investidores aguardam o relat\u00f3rio de emprego norte-americano de outubro, que apresentar\u00e1 a taxa de desemprego do m\u00eas, \u00e0s 10h30 (hor\u00e1rio de Bras\u00edlia). \u00c9 esperado que a taxa de desemprego caia de 7,9% para 7,6%, com a cria\u00e7\u00e3o de 593 mil vagas, segundo dados compilados pela Bloomberg.<br \/>\n\t<p>\n\t\t<a href=\"\" target=\"_blank\" data-element=\"shortcode-suno-banner\" title=\"Banner SUNO, clique e saiba mais\">\n\t\t\t<picture>\n\t\t\t\t<source media=\"(max-width: 500px)\" srcset=\"\">\n\t\t\t\t<img class=\"newsContent__article__imgCapa newsContent__article__imgCapa--banner\"\n\t\t\t\t\tsrc=\"\"\n\t\t\t\t\tdata-promo-id=\"98007\"\t\t\t\t\t\t\t\t\t\t\t\t\t\t\talt=\"\"\n\t\t\t\t>\n\t\t\t<\/picture>\n\t\t<\/a>\n\t<\/p>\n\n<br \/>\nO mercado teme pelo avan\u00e7o da pandemia do <a href=\"https:\/\/www.suno.com.br\/noticias\/?s=coronav%C3%ADrus\">novo <strong>coronav\u00edrus<\/strong> (Covid-19)<\/a> e seus impactos na recupera\u00e7\u00e3o econ\u00f4mica. Os <strong>Estados Unidos<\/strong> foram o primeiro pa\u00eds a registrar mais de 100 mil casos do doen\u00e7a em apenas um dia.<\/p>\n\n\t<div data-element=\"shortcode-read-more\" class=\"readToo\">\n\t\t\t\t<span class=\"readToo__title\">Confira<\/span>\n\t\t\t\t<ul class=\"readToo__list\">\n\t\t\t<li><a href=\"https:\/\/www.suno.com.br\/noticias\/ibovespa-dispara-retoma-100-mil-pontos\/\">Ibovespa dispara 2,95% e retoma os 100 mil pontos<\/a><\/li><li><a href=\"https:\/\/www.suno.com.br\/noticias\/restricoes-por-covid-devem-pesar-menos-sobre-economia-diz-bce\/\">Restri\u00e7\u00f5es por covid devem pesar menos sobre economia, diz BCE<\/a><\/li>\t\t<\/ul>\n\t<\/div>\n\n\n<p>Por volta do mesmo hor\u00e1rio, o <strong>d\u00f3lar<\/strong> norte-americano era negociado na venda a R$ 5,535, com uma queda de 0,18%.<\/p>\n<p>O <strong>Ibovespa futuro<\/strong> \u00e9 um contrato derivativo do mercado financeiro negociado sobre a expectativa do valor, em pontos, que o mercado \u00e0 vista ter\u00e1 em uma data posterior. Al\u00e9m de indicar o poss\u00edvel destino do \u00edndice quando o sino de abertura do mercado tocar, os negociadores podem comprar ou vender esse contrato em determinada pontua\u00e7\u00e3o para o \u00edndice em uma data futura.<\/p>\n\t<p>\n\t\t<a href=\"https:\/\/lp.suno.com.br\/planilha-de-controle-de-investimentos\/\" target=\"_blank\" data-element=\"shortcode-suno-banner\" title=\"Banner SUNO, clique e saiba mais\">\n\t\t\t<picture>\n\t\t\t\t<source media=\"(max-width: 500px)\" srcset=\"https:\/\/files.sunoresearch.com.br\/n\/uploads\/2023\/03\/400x300-Controle-de-Investimentos.png\">\n\t\t\t\t<img class=\"newsContent__article__imgCapa newsContent__article__imgCapa--banner\"\n\t\t\t\t\tsrc=\"https:\/\/files.sunoresearch.com.br\/n\/uploads\/2023\/03\/1420x240-Controle-de-Investimentos.png\"\n\t\t\t\t\tdata-promo-id=\"75934\"\t\t\t\t\t\t\t\t\t\twidth='1420' height='240'\t\t\t\t\talt=\"https:\/\/files.sunoresearch.com.br\/n\/uploads\/2023\/03\/1420x240-Controle-de-Investimentos.png\"\n\t\t\t\t>\n\t\t\t<\/picture>\n\t\t<\/a>\n\t<\/p>\n\n\n","protected":false},"excerpt":{"rendered":"<p>O Ibovespa futuro abriu em queda nesta sexta-feira (6), indicando que o preg\u00e3o do \u00faltimo dia desta semana deve ser de leve corre\u00e7\u00e3o. O mercado futuro do maior \u00edndice acion\u00e1rio da Bolsa de Valores de S\u00e3o Paulo (B3), por volta das 9h18, recuava 0,62%. Restri\u00e7\u00f5es por covid devem pesar menos agora sobre atividade, diz BCE [&hellip;]<\/p>\n","protected":false},"author":24,"featured_media":63055,"comment_status":"closed","ping_status":"closed","sticky":false,"template":"","format":"standard","meta":[],"categories":[60],"tags":[104703,2487,104868,104690],"suno_strategy":[],"class_list":["post-97993","post","type-post","status-publish","format-standard","has-post-thumbnail","hentry","category-mercado","tag-bolsas-mundiais","tag-coronavirus","tag-eleicoes-americanas","tag-ibovespa-futuro"],"yoast_head":"<!-- This site is optimized with the Yoast SEO plugin v24.4 - https:\/\/yoast.com\/wordpress\/plugins\/seo\/ -->\n<title>Ibovespa futuro recua, de olho nos mercados mundiais e Covid-19<\/title>\n<meta name=\"description\" content=\"O Ibovespa futuro abriu em queda nesta sexta-feira, indicando que o preg\u00e3o do \u00faltimo dia desta semana deve ser de leve corre\u00e7\u00e3o. Saiba mais.\" \/>\n<meta name=\"robots\" content=\"index, follow, max-snippet:-1, max-image-preview:large, max-video-preview:-1\" \/>\n<link rel=\"canonical\" href=\"https:\/\/www.suno.com.br\/noticias\/ibovespa-futuro-eleicoes-eua-ipca-juros-futuros-06112020\/\" \/>\n<meta property=\"og:locale\" content=\"pt_BR\" \/>\n<meta property=\"og:type\" content=\"article\" \/>\n<meta property=\"og:title\" content=\"Ibovespa futuro recua, de olho nos mercados mundiais e Covid-19\" \/>\n<meta property=\"og:description\" content=\"O Ibovespa futuro abriu em queda nesta sexta-feira, indicando que o preg\u00e3o do \u00faltimo dia desta semana deve ser de leve corre\u00e7\u00e3o. Saiba mais.\" \/>\n<meta property=\"og:url\" content=\"https:\/\/www.suno.com.br\/noticias\/ibovespa-futuro-eleicoes-eua-ipca-juros-futuros-06112020\/\" \/>\n<meta property=\"og:site_name\" content=\"Suno Not\u00edcias\" \/>\n<meta property=\"article:publisher\" content=\"https:\/\/facebook.com\/sunoresearch\" \/>\n<meta property=\"og:image\" content=\"https:\/\/files.sunoresearch.com.br\/n\/uploads\/2020\/04\/940e80a4-ibovespa-4.jpg\" \/>\n\t<meta property=\"og:image:width\" content=\"1935\" \/>\n\t<meta property=\"og:image:height\" content=\"1039\" \/>\n\t<meta property=\"og:image:type\" content=\"image\/jpeg\" \/>\n<meta name=\"author\" content=\"Jader Lazarini\" \/>\n<meta name=\"twitter:card\" content=\"summary_large_image\" \/>\n<meta name=\"twitter:creator\" content=\"@sunoresearch\" \/>\n<meta name=\"twitter:site\" content=\"@sunoresearch\" \/>\n<meta name=\"twitter:label1\" content=\"Escrito por\" \/>\n\t<meta name=\"twitter:data1\" content=\"Jader Lazarini\" \/>\n\t<meta name=\"twitter:label2\" content=\"Est. tempo de leitura\" \/>\n\t<meta name=\"twitter:data2\" content=\"3 minutos\" \/>\n<script type=\"application\/ld+json\" class=\"yoast-schema-graph\">{\"@context\":\"https:\/\/schema.org\",\"@graph\":[{\"@type\":\"NewsArticle\",\"@id\":\"https:\/\/www.suno.com.br\/noticias\/ibovespa-futuro-eleicoes-eua-ipca-juros-futuros-06112020\/#article\",\"isPartOf\":{\"@id\":\"https:\/\/www.suno.com.br\/noticias\/ibovespa-futuro-eleicoes-eua-ipca-juros-futuros-06112020\/\"},\"author\":{\"name\":\"Jader Lazarini\",\"@id\":\"https:\/\/www.suno.com.br\/noticias\/#\/schema\/person\/918d79de1f0281f01599b93f9ea6e23f\"},\"headline\":\"Ibovespa futuro recua, de olho nos mercados mundiais e avan\u00e7o da Covid-19\",\"datePublished\":\"2020-11-06T12:43:04+00:00\",\"dateModified\":\"2020-11-06T13:03:15+00:00\",\"mainEntityOfPage\":{\"@id\":\"https:\/\/www.suno.com.br\/noticias\/ibovespa-futuro-eleicoes-eua-ipca-juros-futuros-06112020\/\"},\"wordCount\":587,\"publisher\":{\"@id\":\"https:\/\/www.suno.com.br\/noticias\/#organization\"},\"image\":{\"@id\":\"https:\/\/www.suno.com.br\/noticias\/ibovespa-futuro-eleicoes-eua-ipca-juros-futuros-06112020\/#primaryimage\"},\"thumbnailUrl\":\"https:\/\/files.sunoresearch.com.br\/n\/uploads\/2020\/04\/940e80a4-ibovespa-4-jpg.webp\",\"keywords\":[\"Bolsas mundiais\",\"coronav\u00edrus\",\"Elei\u00e7\u00f5es americanas\",\"Ibovespa futuro\"],\"articleSection\":[\"Mercado\"],\"inLanguage\":\"pt-BR\"},{\"@type\":\"WebPage\",\"@id\":\"https:\/\/www.suno.com.br\/noticias\/ibovespa-futuro-eleicoes-eua-ipca-juros-futuros-06112020\/\",\"url\":\"https:\/\/www.suno.com.br\/noticias\/ibovespa-futuro-eleicoes-eua-ipca-juros-futuros-06112020\/\",\"name\":\"Ibovespa futuro recua, de olho nos mercados mundiais e Covid-19\",\"isPartOf\":{\"@id\":\"https:\/\/www.suno.com.br\/noticias\/#website\"},\"primaryImageOfPage\":{\"@id\":\"https:\/\/www.suno.com.br\/noticias\/ibovespa-futuro-eleicoes-eua-ipca-juros-futuros-06112020\/#primaryimage\"},\"image\":{\"@id\":\"https:\/\/www.suno.com.br\/noticias\/ibovespa-futuro-eleicoes-eua-ipca-juros-futuros-06112020\/#primaryimage\"},\"thumbnailUrl\":\"https:\/\/files.sunoresearch.com.br\/n\/uploads\/2020\/04\/940e80a4-ibovespa-4-jpg.webp\",\"datePublished\":\"2020-11-06T12:43:04+00:00\",\"dateModified\":\"2020-11-06T13:03:15+00:00\",\"description\":\"O Ibovespa futuro abriu em queda nesta sexta-feira, indicando que o preg\u00e3o do \u00faltimo dia desta semana deve ser de leve corre\u00e7\u00e3o. Saiba mais.\",\"breadcrumb\":{\"@id\":\"https:\/\/www.suno.com.br\/noticias\/ibovespa-futuro-eleicoes-eua-ipca-juros-futuros-06112020\/#breadcrumb\"},\"inLanguage\":\"pt-BR\",\"potentialAction\":[{\"@type\":\"ReadAction\",\"target\":[\"https:\/\/www.suno.com.br\/noticias\/ibovespa-futuro-eleicoes-eua-ipca-juros-futuros-06112020\/\"]}]},{\"@type\":\"ImageObject\",\"inLanguage\":\"pt-BR\",\"@id\":\"https:\/\/www.suno.com.br\/noticias\/ibovespa-futuro-eleicoes-eua-ipca-juros-futuros-06112020\/#primaryimage\",\"url\":\"https:\/\/files.sunoresearch.com.br\/n\/uploads\/2020\/04\/940e80a4-ibovespa-4-jpg.webp\",\"contentUrl\":\"https:\/\/files.sunoresearch.com.br\/n\/uploads\/2020\/04\/940e80a4-ibovespa-4-jpg.webp\",\"width\":1935,\"height\":1039,\"caption\":\"Bolsas da \u00c1sia caem, ap\u00f3s rebaixamento dos EUA pela Fitch\"},{\"@type\":\"BreadcrumbList\",\"@id\":\"https:\/\/www.suno.com.br\/noticias\/ibovespa-futuro-eleicoes-eua-ipca-juros-futuros-06112020\/#breadcrumb\",\"itemListElement\":[{\"@type\":\"ListItem\",\"position\":1,\"name\":\"Not\u00edcias\",\"item\":\"https:\/\/www.suno.com.br\/noticias\/\"},{\"@type\":\"ListItem\",\"position\":2,\"name\":\"Mercado\",\"item\":\"https:\/\/www.suno.com.br\/noticias\/mercado\/\"},{\"@type\":\"ListItem\",\"position\":3,\"name\":\"Ibovespa futuro recua, de olho nos mercados mundiais e avan\u00e7o da Covid-19\"}]},{\"@type\":\"WebSite\",\"@id\":\"https:\/\/www.suno.com.br\/noticias\/#website\",\"url\":\"https:\/\/www.suno.com.br\/noticias\/\",\"name\":\"Suno Not\u00edcias\",\"description\":\"Seu portal de informa\u00e7\u00e3o sobre o mundo dos investimentos\",\"publisher\":{\"@id\":\"https:\/\/www.suno.com.br\/noticias\/#organization\"},\"potentialAction\":[{\"@type\":\"SearchAction\",\"target\":{\"@type\":\"EntryPoint\",\"urlTemplate\":\"https:\/\/www.suno.com.br\/noticias\/?s={search_term_string}\"},\"query-input\":{\"@type\":\"PropertyValueSpecification\",\"valueRequired\":true,\"valueName\":\"search_term_string\"}}],\"inLanguage\":\"pt-BR\"},{\"@type\":\"Organization\",\"@id\":\"https:\/\/www.suno.com.br\/noticias\/#organization\",\"name\":\"Suno Not\u00edcias\",\"url\":\"https:\/\/www.suno.com.br\/noticias\/\",\"logo\":{\"@type\":\"ImageObject\",\"inLanguage\":\"pt-BR\",\"@id\":\"https:\/\/www.suno.com.br\/noticias\/#\/schema\/logo\/image\/\",\"url\":\"https:\/\/files.sunoresearch.com.br\/n\/uploads\/2021\/09\/suno-logo.png\",\"contentUrl\":\"https:\/\/files.sunoresearch.com.br\/n\/uploads\/2021\/09\/suno-logo.png\",\"width\":180,\"height\":180,\"caption\":\"Suno Not\u00edcias\"},\"image\":{\"@id\":\"https:\/\/www.suno.com.br\/noticias\/#\/schema\/logo\/image\/\"},\"sameAs\":[\"https:\/\/facebook.com\/sunoresearch\",\"https:\/\/x.com\/sunoresearch\",\"https:\/\/www.instagram.com\/suno\",\"https:\/\/www.linkedin.com\/company\/suno-research\/\",\"https:\/\/www.youtube.com\/c\/sunoresearch\"]},{\"@type\":\"Person\",\"@id\":\"https:\/\/www.suno.com.br\/noticias\/#\/schema\/person\/918d79de1f0281f01599b93f9ea6e23f\",\"name\":\"Jader Lazarini\",\"image\":{\"@type\":\"ImageObject\",\"inLanguage\":\"pt-BR\",\"@id\":\"https:\/\/www.suno.com.br\/noticias\/#\/schema\/person\/image\/\",\"url\":\"https:\/\/secure.gravatar.com\/avatar\/3c1ad8caa51589841baeb923fcddea97?s=96&r=g\",\"contentUrl\":\"https:\/\/secure.gravatar.com\/avatar\/3c1ad8caa51589841baeb923fcddea97?s=96&r=g\",\"caption\":\"Jader Lazarini\"},\"description\":\"Jader Lazarini escreve sobre investimentos, finan\u00e7as, economia e neg\u00f3cios. \u00c9 bacharel em Rela\u00e7\u00f5es Internacionais e analista CNPI (2619).\",\"url\":\"https:\/\/www.suno.com.br\/noticias\/author\/jader-lazarini\/\"}]}<\/script>\n<!-- \/ Yoast SEO plugin. -->","yoast_head_json":{"title":"Ibovespa futuro recua, de olho nos mercados mundiais e Covid-19","description":"O Ibovespa futuro abriu em queda nesta sexta-feira, indicando que o preg\u00e3o do \u00faltimo dia desta semana deve ser de leve corre\u00e7\u00e3o. Saiba mais.","robots":{"index":"index","follow":"follow","max-snippet":"max-snippet:-1","max-image-preview":"max-image-preview:large","max-video-preview":"max-video-preview:-1"},"canonical":"https:\/\/www.suno.com.br\/noticias\/ibovespa-futuro-eleicoes-eua-ipca-juros-futuros-06112020\/","og_locale":"pt_BR","og_type":"article","og_title":"Ibovespa futuro recua, de olho nos mercados mundiais e Covid-19","og_description":"O Ibovespa futuro abriu em queda nesta sexta-feira, indicando que o preg\u00e3o do \u00faltimo dia desta semana deve ser de leve corre\u00e7\u00e3o. Saiba mais.","og_url":"https:\/\/www.suno.com.br\/noticias\/ibovespa-futuro-eleicoes-eua-ipca-juros-futuros-06112020\/","og_site_name":"Suno Not\u00edcias","article_publisher":"https:\/\/facebook.com\/sunoresearch","og_image":[{"width":1935,"height":1039,"url":"https:\/\/files.sunoresearch.com.br\/n\/uploads\/2020\/04\/940e80a4-ibovespa-4.jpg","type":"image\/jpeg"}],"author":"Jader Lazarini","twitter_card":"summary_large_image","twitter_creator":"@sunoresearch","twitter_site":"@sunoresearch","twitter_misc":{"Escrito por":"Jader Lazarini","Est. tempo de leitura":"3 minutos"},"schema":{"@context":"https:\/\/schema.org","@graph":[{"@type":"NewsArticle","@id":"https:\/\/www.suno.com.br\/noticias\/ibovespa-futuro-eleicoes-eua-ipca-juros-futuros-06112020\/#article","isPartOf":{"@id":"https:\/\/www.suno.com.br\/noticias\/ibovespa-futuro-eleicoes-eua-ipca-juros-futuros-06112020\/"},"author":{"name":"Jader Lazarini","@id":"https:\/\/www.suno.com.br\/noticias\/#\/schema\/person\/918d79de1f0281f01599b93f9ea6e23f"},"headline":"Ibovespa futuro recua, de olho nos mercados mundiais e avan\u00e7o da Covid-19","datePublished":"2020-11-06T12:43:04+00:00","dateModified":"2020-11-06T13:03:15+00:00","mainEntityOfPage":{"@id":"https:\/\/www.suno.com.br\/noticias\/ibovespa-futuro-eleicoes-eua-ipca-juros-futuros-06112020\/"},"wordCount":587,"publisher":{"@id":"https:\/\/www.suno.com.br\/noticias\/#organization"},"image":{"@id":"https:\/\/www.suno.com.br\/noticias\/ibovespa-futuro-eleicoes-eua-ipca-juros-futuros-06112020\/#primaryimage"},"thumbnailUrl":"https:\/\/files.sunoresearch.com.br\/n\/uploads\/2020\/04\/940e80a4-ibovespa-4-jpg.webp","keywords":["Bolsas mundiais","coronav\u00edrus","Elei\u00e7\u00f5es americanas","Ibovespa futuro"],"articleSection":["Mercado"],"inLanguage":"pt-BR"},{"@type":"WebPage","@id":"https:\/\/www.suno.com.br\/noticias\/ibovespa-futuro-eleicoes-eua-ipca-juros-futuros-06112020\/","url":"https:\/\/www.suno.com.br\/noticias\/ibovespa-futuro-eleicoes-eua-ipca-juros-futuros-06112020\/","name":"Ibovespa futuro recua, de olho nos mercados mundiais e Covid-19","isPartOf":{"@id":"https:\/\/www.suno.com.br\/noticias\/#website"},"primaryImageOfPage":{"@id":"https:\/\/www.suno.com.br\/noticias\/ibovespa-futuro-eleicoes-eua-ipca-juros-futuros-06112020\/#primaryimage"},"image":{"@id":"https:\/\/www.suno.com.br\/noticias\/ibovespa-futuro-eleicoes-eua-ipca-juros-futuros-06112020\/#primaryimage"},"thumbnailUrl":"https:\/\/files.sunoresearch.com.br\/n\/uploads\/2020\/04\/940e80a4-ibovespa-4-jpg.webp","datePublished":"2020-11-06T12:43:04+00:00","dateModified":"2020-11-06T13:03:15+00:00","description":"O Ibovespa futuro abriu em queda nesta sexta-feira, indicando que o preg\u00e3o do \u00faltimo dia desta semana deve ser de leve corre\u00e7\u00e3o. Saiba mais.","breadcrumb":{"@id":"https:\/\/www.suno.com.br\/noticias\/ibovespa-futuro-eleicoes-eua-ipca-juros-futuros-06112020\/#breadcrumb"},"inLanguage":"pt-BR","potentialAction":[{"@type":"ReadAction","target":["https:\/\/www.suno.com.br\/noticias\/ibovespa-futuro-eleicoes-eua-ipca-juros-futuros-06112020\/"]}]},{"@type":"ImageObject","inLanguage":"pt-BR","@id":"https:\/\/www.suno.com.br\/noticias\/ibovespa-futuro-eleicoes-eua-ipca-juros-futuros-06112020\/#primaryimage","url":"https:\/\/files.sunoresearch.com.br\/n\/uploads\/2020\/04\/940e80a4-ibovespa-4-jpg.webp","contentUrl":"https:\/\/files.sunoresearch.com.br\/n\/uploads\/2020\/04\/940e80a4-ibovespa-4-jpg.webp","width":1935,"height":1039,"caption":"Bolsas da \u00c1sia caem, ap\u00f3s rebaixamento dos EUA pela Fitch"},{"@type":"BreadcrumbList","@id":"https:\/\/www.suno.com.br\/noticias\/ibovespa-futuro-eleicoes-eua-ipca-juros-futuros-06112020\/#breadcrumb","itemListElement":[{"@type":"ListItem","position":1,"name":"Not\u00edcias","item":"https:\/\/www.suno.com.br\/noticias\/"},{"@type":"ListItem","position":2,"name":"Mercado","item":"https:\/\/www.suno.com.br\/noticias\/mercado\/"},{"@type":"ListItem","position":3,"name":"Ibovespa futuro recua, de olho nos mercados mundiais e avan\u00e7o da Covid-19"}]},{"@type":"WebSite","@id":"https:\/\/www.suno.com.br\/noticias\/#website","url":"https:\/\/www.suno.com.br\/noticias\/","name":"Suno Not\u00edcias","description":"Seu portal de informa\u00e7\u00e3o sobre o mundo dos investimentos","publisher":{"@id":"https:\/\/www.suno.com.br\/noticias\/#organization"},"potentialAction":[{"@type":"SearchAction","target":{"@type":"EntryPoint","urlTemplate":"https:\/\/www.suno.com.br\/noticias\/?s={search_term_string}"},"query-input":{"@type":"PropertyValueSpecification","valueRequired":true,"valueName":"search_term_string"}}],"inLanguage":"pt-BR"},{"@type":"Organization","@id":"https:\/\/www.suno.com.br\/noticias\/#organization","name":"Suno Not\u00edcias","url":"https:\/\/www.suno.com.br\/noticias\/","logo":{"@type":"ImageObject","inLanguage":"pt-BR","@id":"https:\/\/www.suno.com.br\/noticias\/#\/schema\/logo\/image\/","url":"https:\/\/files.sunoresearch.com.br\/n\/uploads\/2021\/09\/suno-logo.png","contentUrl":"https:\/\/files.sunoresearch.com.br\/n\/uploads\/2021\/09\/suno-logo.png","width":180,"height":180,"caption":"Suno Not\u00edcias"},"image":{"@id":"https:\/\/www.suno.com.br\/noticias\/#\/schema\/logo\/image\/"},"sameAs":["https:\/\/facebook.com\/sunoresearch","https:\/\/x.com\/sunoresearch","https:\/\/www.instagram.com\/suno","https:\/\/www.linkedin.com\/company\/suno-research\/","https:\/\/www.youtube.com\/c\/sunoresearch"]},{"@type":"Person","@id":"https:\/\/www.suno.com.br\/noticias\/#\/schema\/person\/918d79de1f0281f01599b93f9ea6e23f","name":"Jader Lazarini","image":{"@type":"ImageObject","inLanguage":"pt-BR","@id":"https:\/\/www.suno.com.br\/noticias\/#\/schema\/person\/image\/","url":"https:\/\/secure.gravatar.com\/avatar\/3c1ad8caa51589841baeb923fcddea97?s=96&r=g","contentUrl":"https:\/\/secure.gravatar.com\/avatar\/3c1ad8caa51589841baeb923fcddea97?s=96&r=g","caption":"Jader Lazarini"},"description":"Jader Lazarini escreve sobre investimentos, finan\u00e7as, economia e neg\u00f3cios. \u00c9 bacharel em Rela\u00e7\u00f5es Internacionais e analista CNPI (2619).","url":"https:\/\/www.suno.com.br\/noticias\/author\/jader-lazarini\/"}]}},"default_loop_html":"<div class=\"cardsPage__listCard__boxs\"><div class=\"cardsPage__listCard__boxs__img\"><a href=\"https:\/\/www.suno.com.br\/noticias\/restricoes-por-covid-devem-pesar-menos-sobre-economia-diz-bce\/\"><img class=\"mask\" src=\"https:\/\/www.suno.com.br\/noticias\/wp-content\/themes\/suno\/resources\/images\/spotlight\/spotlight1img\/bg-mask.png\" alt=\"Image Mask\"\/><img src=\"https:\/\/files.sunoresearch.com.br\/n\/uploads\/2020\/11\/a2fc781f-bce-400x200.webp\" alt=\"Restri\u00e7\u00f5es por covid devem pesar menos sobre economia, diz BCE\"\/><\/a><span class=\"spotlightCategory\"><a href=\"https:\/\/www.suno.com.br\/noticias\/internacional\/\">Internacional<\/a><\/span><\/div><div class=\"cardsPage__listCard__boxs__content\"><a href=\"https:\/\/www.suno.com.br\/noticias\/restricoes-por-covid-devem-pesar-menos-sobre-economia-diz-bce\/\"><h2 class=\"content__title\">Restri\u00e7\u00f5es por covid devem pesar menos sobre economia, diz BCE<\/h2><\/a><div class=\"newsContent__article__meta\"><div class=\"newsContent__article__meta__authorBox\"><a href=\"https:\/\/www.suno.com.br\/noticias\/author\/rafaela-la-regina\/\" class=\"authorBox__avatar noMobi\"><img src=\"https:\/\/secure.gravatar.com\/avatar\/d2c75a52d243deb93d0465fdcb21bd37?s=96&#038;r=g\" alt=\"Rafaela La Regina\"><\/a><div class=\"authorBox__name\"><span>por\n\t\t\t<a href=\"https:\/\/www.suno.com.br\/noticias\/author\/rafaela-la-regina\/\"><span itemprop=\"author\">Rafaela La Regina<\/span><\/a><\/span><time datetime=\"2020-11-05T17:04:53-03:00\" itemprop=\"datePublished\">05\/11\/2020 17:04<\/time><\/div><\/div><\/div><\/div><\/div>","single_layout":"posts","amp_enabled":true,"_links":{"self":[{"href":"https:\/\/www.suno.com.br\/noticias\/wp-json\/wp\/v2\/posts\/97993"}],"collection":[{"href":"https:\/\/www.suno.com.br\/noticias\/wp-json\/wp\/v2\/posts"}],"about":[{"href":"https:\/\/www.suno.com.br\/noticias\/wp-json\/wp\/v2\/types\/post"}],"author":[{"embeddable":true,"href":"https:\/\/www.suno.com.br\/noticias\/wp-json\/wp\/v2\/users\/24"}],"replies":[{"embeddable":true,"href":"https:\/\/www.suno.com.br\/noticias\/wp-json\/wp\/v2\/comments?post=97993"}],"version-history":[{"count":0,"href":"https:\/\/www.suno.com.br\/noticias\/wp-json\/wp\/v2\/posts\/97993\/revisions"}],"wp:featuredmedia":[{"embeddable":true,"href":"https:\/\/www.suno.com.br\/noticias\/wp-json\/wp\/v2\/media\/63055"}],"wp:attachment":[{"href":"https:\/\/www.suno.com.br\/noticias\/wp-json\/wp\/v2\/media?parent=97993"}],"wp:term":[{"taxonomy":"category","embeddable":true,"href":"https:\/\/www.suno.com.br\/noticias\/wp-json\/wp\/v2\/categories?post=97993"},{"taxonomy":"post_tag","embeddable":true,"href":"https:\/\/www.suno.com.br\/noticias\/wp-json\/wp\/v2\/tags?post=97993"},{"taxonomy":"suno_strategy","embeddable":true,"href":"https:\/\/www.suno.com.br\/noticias\/wp-json\/wp\/v2\/suno_strategy?post=97993"}],"curies":[{"name":"wp","href":"https:\/\/api.w.org\/{rel}","templated":true}]}}