{"id":97845,"date":"2020-11-05T18:40:50","date_gmt":"2020-11-05T21:40:50","guid":{"rendered":"https:\/\/www.suno.com.br\/noticias\/?p=97845"},"modified":"2021-02-18T17:27:50","modified_gmt":"2021-02-18T20:27:50","slug":"lojas-renner-lren3-reverte-lucro-e-apresenta-prejuizo-de-r-829-mi-no-3t20","status":"publish","type":"post","link":"https:\/\/www.suno.com.br\/noticias\/lojas-renner-lren3-reverte-lucro-e-apresenta-prejuizo-de-r-829-mi-no-3t20\/","title":{"rendered":"Lojas Renner (LREN3) reverte lucro e apresenta preju\u00edzo de R$ 82,9 mi no 3T20"},"content":{"rendered":"<p>A <a href=\"https:\/\/www.suno.com.br\/acoes\/lren3\/\"><strong>Lojas Renner<\/strong> (LREN3)<\/a> divulgou nesta quarta-feira (5) os resultados do terceiro trimestre deste ano, no qual a varejista de moda registrou um preju\u00edzo de R$ 82,9 milh\u00f5es, revertendo o <a href=\"https:\/\/www.suno.com.br\/artigos\/lucro-liquido\/\">lucro l\u00edquido<\/a> de R$ 186,7 milh\u00f5es apurado no mesmo per\u00edodo de 2019.<\/p>\t<div class=\"wrapper-featured-image\">\n\t\t<figure class=\"spotlightImg\">\n\n\t\t\t<picture>\n\t\t\t\t<source media=\"(max-width: 768px)\" srcset=\"https:\/\/files.sunoresearch.com.br\/n\/uploads\/2020\/02\/f778ebe1-lojas-renner-400x200.webp\">\n\t\t\t\t<img loading=\"lazy\" decoding=\"async\" class=\"newsContent__article__imgCapa lazyloadDisabled \" src=\"https:\/\/files.sunoresearch.com.br\/n\/uploads\/2020\/02\/f778ebe1-lojas-renner-800x450.webp\" width=\"800\" height=\"450\" alt=\"Lojas Renner (LREN3) reverte lucro e apresenta preju\u00edzo de R$ 82,9 mi no 3T20\" fetchpriority=high \/>\n\t\t\t<\/picture>\n\n\t\t\t<figcaption class=\"wp-caption-text wp-caption-text--show\">Lojas Renner (Foto: Divulga\u00e7\u00e3o)<\/figcaption>\n\t\t<\/figure>\n\t<\/div>\n\n\n\t<p>\n\t\t<a href=\"\" target=\"_blank\" data-element=\"shortcode-suno-banner\" title=\"Banner SUNO, clique e saiba mais\">\n\t\t\t<picture>\n\t\t\t\t<source media=\"(max-width: 500px)\" srcset=\"\">\n\t\t\t\t<img class=\"newsContent__article__imgCapa newsContent__article__imgCapa--banner\"\n\t\t\t\t\tsrc=\"\"\n\t\t\t\t\tdata-promo-id=\"97204\"\t\t\t\t\t\t\t\t\t\t\t\t\t\t\talt=\"\"\n\t\t\t\t>\n\t\t\t<\/picture>\n\t\t<\/a>\n\t<\/p>\n\n\n<p>A contra\u00e7\u00e3o do resultado l\u00edquido foi fruto do menor <a href=\"https:\/\/www.suno.com.br\/artigos\/ebitda\/\">Ebitda (lucro antes de juros, impostos, deprecia\u00e7\u00e3o e amortiza\u00e7\u00e3o)<\/a> gerado entre os meses de julho e setembro de 2020, bem como do crescimento das <a href=\"https:\/\/www.suno.com.br\/artigos\/depreciacao\/\">despesas com deprecia\u00e7\u00f5es<\/a> devido aos ativos fixos e investimentos realizados em per\u00edodos anteriores, destacou a Lojas Renner.<\/p>\n<p>O Ebitda total da companhia atingiu R$ 71,7 no terceiro trimestre, uma baixa de 84,3% em compara\u00e7\u00e3o com os R$ 457,2 milh\u00f5es registrados em igual per\u00edodo do ano passado.<\/p>\n<p><a href=\"https:\/\/lp.suno.com.br\/suno-one\/\">No Suno One voc\u00ea aprende a fazer seu dinheiro para trabalhar para voc\u00ea. Cadastre-se gratuitamente agora!<\/a><\/p>\n<p>A Lojas Renner reportou uma queda de 19,6% na <a href=\"https:\/\/www.suno.com.br\/artigos\/receita-liquida-operacional\/\">receita operacional l\u00edquida<\/a> do trimestre encerrado em setembro, para R$ 1,790 bilh\u00e3o. A receita l\u00edquida das vendas de mercadorias, por sua vez, caiu 14,5% na base anualizada, saindo de 1,931 bilh\u00e3o para R$ 1,651,2 bilh\u00e3o; enquanto a receita l\u00edquida de produtos financeiros registrou uma contra\u00e7\u00e3o de 52,7%, chegando a R$ 138,842 milh\u00f5es.<\/p>\n<p>A varejista informou que 31% de suas lojas estavam temporariamente fechadas no in\u00edcio de julho, em fun\u00e7\u00e3o dos desdobramentos da <strong>pandemia<\/strong> no Pa\u00eds. Em agosto, no entanto, 100% das unidades j\u00e1 estavam operando, ainda que com restri\u00e7\u00f5es de funcionamento.<\/p>\n<div class=\"hubspot-form-wrapper\">\n\t<div id=\"single-form-target\"><\/div>\n<\/div>\n\n<p>As restri\u00e7\u00f5es, &#8220;combinadas ao comportamento do consumidor, ainda inseguro quanto \u00e0 circula\u00e7\u00e3o em espa\u00e7os p\u00fablicos, resultou em um fluxo abaixo do normal, por\u00e9m com convers\u00e3o e n\u00famero de pe\u00e7as por sacola mais elevados&#8221;, salientou a empresa. Nesse sentido, a performance das vendas foi impactada negativamente, com uma redu\u00e7\u00e3o de 17,2% das <strong>vendas em mesmas lojas<\/strong>, ante um crescimento de 8,3% no indicador de 2019.<\/p>\n<h2>\u00daltima cota\u00e7\u00e3o da Lojas Renner<\/h2>\n<p>No preg\u00e3o desta quinta-feira, antes da divulga\u00e7\u00e3o dos n\u00fameros do terceiro trimestre, as a\u00e7\u00f5es da Lojas Renner encerram em alta de 4,55%, a R$ 42,55.<\/p>\n\t<p>\n\t\t<a href=\"https:\/\/lp.suno.com.br\/planilha-de-controle-de-investimentos\/\" target=\"_blank\" data-element=\"shortcode-suno-banner\" title=\"Banner SUNO, clique e saiba mais\">\n\t\t\t<picture>\n\t\t\t\t<source media=\"(max-width: 500px)\" srcset=\"https:\/\/files.sunoresearch.com.br\/n\/uploads\/2023\/03\/400x300-Controle-de-Investimentos.png\">\n\t\t\t\t<img class=\"newsContent__article__imgCapa newsContent__article__imgCapa--banner\"\n\t\t\t\t\tsrc=\"https:\/\/files.sunoresearch.com.br\/n\/uploads\/2023\/03\/1420x240-Controle-de-Investimentos.png\"\n\t\t\t\t\tdata-promo-id=\"75934\"\t\t\t\t\t\t\t\t\t\twidth='1420' height='240'\t\t\t\t\talt=\"https:\/\/files.sunoresearch.com.br\/n\/uploads\/2023\/03\/1420x240-Controle-de-Investimentos.png\"\n\t\t\t\t>\n\t\t\t<\/picture>\n\t\t<\/a>\n\t<\/p>\n\n\n","protected":false},"excerpt":{"rendered":"<p>A Lojas Renner (LREN3) divulgou nesta quarta-feira (5) os resultados do terceiro trimestre deste ano, no qual a varejista de moda registrou um preju\u00edzo de R$ 82,9 milh\u00f5es, revertendo o lucro l\u00edquido de R$ 186,7 milh\u00f5es apurado no mesmo per\u00edodo de 2019. Lojas Renner (Foto: Divulga\u00e7\u00e3o) A contra\u00e7\u00e3o do resultado l\u00edquido foi fruto do menor [&hellip;]<\/p>\n","protected":false},"author":35,"featured_media":52295,"comment_status":"closed","ping_status":"closed","sticky":false,"template":"","format":"standard","meta":[],"categories":[64],"tags":[1029,542],"suno_strategy":[],"class_list":["post-97845","post","type-post","status-publish","format-standard","has-post-thumbnail","hentry","category-negocios","tag-balancos-trimestrais","tag-lojas-renner-lren3"],"yoast_head":"<!-- This site is optimized with the Yoast SEO plugin v24.4 - https:\/\/yoast.com\/wordpress\/plugins\/seo\/ -->\n<title>Lojas Renner (LREN3) reverte lucro e apresenta preju\u00edzo de R$ 82,9 mi<\/title>\n<meta name=\"description\" content=\"A Lojas Renner (LREN3) reportou um preju\u00edzo de R$ 82,9 milh\u00f5es, revertendo o lucro l\u00edquido de R$ 186,7 milh\u00f5es. Clique para saber mais\" \/>\n<meta name=\"robots\" content=\"index, follow, max-snippet:-1, max-image-preview:large, max-video-preview:-1\" \/>\n<link rel=\"canonical\" href=\"https:\/\/www.suno.com.br\/noticias\/lojas-renner-lren3-reverte-lucro-e-apresenta-prejuizo-de-r-829-mi-no-3t20\/\" \/>\n<meta property=\"og:locale\" content=\"pt_BR\" \/>\n<meta property=\"og:type\" content=\"article\" \/>\n<meta property=\"og:title\" content=\"Lojas Renner (LREN3) reverte lucro e apresenta preju\u00edzo de R$ 82,9 mi\" \/>\n<meta property=\"og:description\" content=\"A Lojas Renner (LREN3) reportou um preju\u00edzo de R$ 82,9 milh\u00f5es, revertendo o lucro l\u00edquido de R$ 186,7 milh\u00f5es. Clique para saber mais\" \/>\n<meta property=\"og:url\" content=\"https:\/\/www.suno.com.br\/noticias\/lojas-renner-lren3-reverte-lucro-e-apresenta-prejuizo-de-r-829-mi-no-3t20\/\" \/>\n<meta property=\"og:site_name\" content=\"Suno Not\u00edcias\" \/>\n<meta property=\"article:publisher\" content=\"https:\/\/facebook.com\/sunoresearch\" \/>\n<meta property=\"og:image\" content=\"https:\/\/files.sunoresearch.com.br\/n\/uploads\/2020\/02\/f778ebe1-lojas-renner.jpg\" \/>\n\t<meta property=\"og:image:width\" content=\"1380\" \/>\n\t<meta property=\"og:image:height\" content=\"920\" \/>\n\t<meta property=\"og:image:type\" content=\"image\/jpeg\" \/>\n<meta name=\"author\" content=\"Arthur Guimar\u00e3es\" \/>\n<meta name=\"twitter:card\" content=\"summary_large_image\" \/>\n<meta name=\"twitter:creator\" content=\"@sunoresearch\" \/>\n<meta name=\"twitter:site\" content=\"@sunoresearch\" \/>\n<meta name=\"twitter:label1\" content=\"Escrito por\" \/>\n\t<meta name=\"twitter:data1\" content=\"Arthur Guimar\u00e3es\" \/>\n\t<meta name=\"twitter:label2\" content=\"Est. tempo de leitura\" \/>\n\t<meta name=\"twitter:data2\" content=\"2 minutos\" \/>\n<script type=\"application\/ld+json\" class=\"yoast-schema-graph\">{\"@context\":\"https:\/\/schema.org\",\"@graph\":[{\"@type\":\"NewsArticle\",\"@id\":\"https:\/\/www.suno.com.br\/noticias\/lojas-renner-lren3-reverte-lucro-e-apresenta-prejuizo-de-r-829-mi-no-3t20\/#article\",\"isPartOf\":{\"@id\":\"https:\/\/www.suno.com.br\/noticias\/lojas-renner-lren3-reverte-lucro-e-apresenta-prejuizo-de-r-829-mi-no-3t20\/\"},\"author\":{\"name\":\"Arthur Guimar\u00e3es\",\"@id\":\"https:\/\/www.suno.com.br\/noticias\/#\/schema\/person\/053a750a709a263919a20f976caae91c\"},\"headline\":\"Lojas Renner (LREN3) reverte lucro e apresenta preju\u00edzo de R$ 82,9 mi no 3T20\",\"datePublished\":\"2020-11-05T21:40:50+00:00\",\"dateModified\":\"2021-02-18T20:27:50+00:00\",\"mainEntityOfPage\":{\"@id\":\"https:\/\/www.suno.com.br\/noticias\/lojas-renner-lren3-reverte-lucro-e-apresenta-prejuizo-de-r-829-mi-no-3t20\/\"},\"wordCount\":381,\"publisher\":{\"@id\":\"https:\/\/www.suno.com.br\/noticias\/#organization\"},\"image\":{\"@id\":\"https:\/\/www.suno.com.br\/noticias\/lojas-renner-lren3-reverte-lucro-e-apresenta-prejuizo-de-r-829-mi-no-3t20\/#primaryimage\"},\"thumbnailUrl\":\"https:\/\/files.sunoresearch.com.br\/n\/uploads\/2020\/02\/f778ebe1-lojas-renner-jpg.webp\",\"keywords\":[\"balan\u00e7os trimestrais\",\"Lojas Renner (LREN3)\"],\"articleSection\":[\"Neg\u00f3cios\"],\"inLanguage\":\"pt-BR\"},{\"@type\":\"WebPage\",\"@id\":\"https:\/\/www.suno.com.br\/noticias\/lojas-renner-lren3-reverte-lucro-e-apresenta-prejuizo-de-r-829-mi-no-3t20\/\",\"url\":\"https:\/\/www.suno.com.br\/noticias\/lojas-renner-lren3-reverte-lucro-e-apresenta-prejuizo-de-r-829-mi-no-3t20\/\",\"name\":\"Lojas Renner (LREN3) reverte lucro e apresenta preju\u00edzo de R$ 82,9 mi\",\"isPartOf\":{\"@id\":\"https:\/\/www.suno.com.br\/noticias\/#website\"},\"primaryImageOfPage\":{\"@id\":\"https:\/\/www.suno.com.br\/noticias\/lojas-renner-lren3-reverte-lucro-e-apresenta-prejuizo-de-r-829-mi-no-3t20\/#primaryimage\"},\"image\":{\"@id\":\"https:\/\/www.suno.com.br\/noticias\/lojas-renner-lren3-reverte-lucro-e-apresenta-prejuizo-de-r-829-mi-no-3t20\/#primaryimage\"},\"thumbnailUrl\":\"https:\/\/files.sunoresearch.com.br\/n\/uploads\/2020\/02\/f778ebe1-lojas-renner-jpg.webp\",\"datePublished\":\"2020-11-05T21:40:50+00:00\",\"dateModified\":\"2021-02-18T20:27:50+00:00\",\"description\":\"A Lojas Renner (LREN3) reportou um preju\u00edzo de R$ 82,9 milh\u00f5es, revertendo o lucro l\u00edquido de R$ 186,7 milh\u00f5es. Clique para saber mais\",\"breadcrumb\":{\"@id\":\"https:\/\/www.suno.com.br\/noticias\/lojas-renner-lren3-reverte-lucro-e-apresenta-prejuizo-de-r-829-mi-no-3t20\/#breadcrumb\"},\"inLanguage\":\"pt-BR\",\"potentialAction\":[{\"@type\":\"ReadAction\",\"target\":[\"https:\/\/www.suno.com.br\/noticias\/lojas-renner-lren3-reverte-lucro-e-apresenta-prejuizo-de-r-829-mi-no-3t20\/\"]}]},{\"@type\":\"ImageObject\",\"inLanguage\":\"pt-BR\",\"@id\":\"https:\/\/www.suno.com.br\/noticias\/lojas-renner-lren3-reverte-lucro-e-apresenta-prejuizo-de-r-829-mi-no-3t20\/#primaryimage\",\"url\":\"https:\/\/files.sunoresearch.com.br\/n\/uploads\/2020\/02\/f778ebe1-lojas-renner-jpg.webp\",\"contentUrl\":\"https:\/\/files.sunoresearch.com.br\/n\/uploads\/2020\/02\/f778ebe1-lojas-renner-jpg.webp\",\"width\":1380,\"height\":920,\"caption\":\"Lojas Renner (Foto: Divulga\u00e7\u00e3o)\"},{\"@type\":\"BreadcrumbList\",\"@id\":\"https:\/\/www.suno.com.br\/noticias\/lojas-renner-lren3-reverte-lucro-e-apresenta-prejuizo-de-r-829-mi-no-3t20\/#breadcrumb\",\"itemListElement\":[{\"@type\":\"ListItem\",\"position\":1,\"name\":\"Not\u00edcias\",\"item\":\"https:\/\/www.suno.com.br\/noticias\/\"},{\"@type\":\"ListItem\",\"position\":2,\"name\":\"Neg\u00f3cios\",\"item\":\"https:\/\/www.suno.com.br\/noticias\/negocios\/\"},{\"@type\":\"ListItem\",\"position\":3,\"name\":\"Lojas Renner (LREN3) reverte lucro e apresenta preju\u00edzo de R$ 82,9 mi no 3T20\"}]},{\"@type\":\"WebSite\",\"@id\":\"https:\/\/www.suno.com.br\/noticias\/#website\",\"url\":\"https:\/\/www.suno.com.br\/noticias\/\",\"name\":\"Suno Not\u00edcias\",\"description\":\"Seu portal de informa\u00e7\u00e3o sobre o mundo dos investimentos\",\"publisher\":{\"@id\":\"https:\/\/www.suno.com.br\/noticias\/#organization\"},\"potentialAction\":[{\"@type\":\"SearchAction\",\"target\":{\"@type\":\"EntryPoint\",\"urlTemplate\":\"https:\/\/www.suno.com.br\/noticias\/?s={search_term_string}\"},\"query-input\":{\"@type\":\"PropertyValueSpecification\",\"valueRequired\":true,\"valueName\":\"search_term_string\"}}],\"inLanguage\":\"pt-BR\"},{\"@type\":\"Organization\",\"@id\":\"https:\/\/www.suno.com.br\/noticias\/#organization\",\"name\":\"Suno Not\u00edcias\",\"url\":\"https:\/\/www.suno.com.br\/noticias\/\",\"logo\":{\"@type\":\"ImageObject\",\"inLanguage\":\"pt-BR\",\"@id\":\"https:\/\/www.suno.com.br\/noticias\/#\/schema\/logo\/image\/\",\"url\":\"https:\/\/files.sunoresearch.com.br\/n\/uploads\/2021\/09\/suno-logo.png\",\"contentUrl\":\"https:\/\/files.sunoresearch.com.br\/n\/uploads\/2021\/09\/suno-logo.png\",\"width\":180,\"height\":180,\"caption\":\"Suno Not\u00edcias\"},\"image\":{\"@id\":\"https:\/\/www.suno.com.br\/noticias\/#\/schema\/logo\/image\/\"},\"sameAs\":[\"https:\/\/facebook.com\/sunoresearch\",\"https:\/\/x.com\/sunoresearch\",\"https:\/\/www.instagram.com\/suno\",\"https:\/\/www.linkedin.com\/company\/suno-research\/\",\"https:\/\/www.youtube.com\/c\/sunoresearch\"]},{\"@type\":\"Person\",\"@id\":\"https:\/\/www.suno.com.br\/noticias\/#\/schema\/person\/053a750a709a263919a20f976caae91c\",\"name\":\"Arthur Guimar\u00e3es\",\"image\":{\"@type\":\"ImageObject\",\"inLanguage\":\"pt-BR\",\"@id\":\"https:\/\/www.suno.com.br\/noticias\/#\/schema\/person\/image\/\",\"url\":\"https:\/\/secure.gravatar.com\/avatar\/1affd86a11209ae09eb6dd3bcad3e96c?s=96&r=g\",\"contentUrl\":\"https:\/\/secure.gravatar.com\/avatar\/1affd86a11209ae09eb6dd3bcad3e96c?s=96&r=g\",\"caption\":\"Arthur Guimar\u00e3es\"},\"description\":\"Arthur Guimar\u00e3es escreve sobre pol\u00edtica, economia e neg\u00f3cios para o portal de not\u00edcias da Suno Research. Atualmente, \u00e9 estudante de jornalismo pela Faculdade C\u00e1sper L\u00edbero.\",\"url\":\"https:\/\/www.suno.com.br\/noticias\/author\/arthur-guimaraes\/\"}]}<\/script>\n<!-- \/ Yoast SEO plugin. -->","yoast_head_json":{"title":"Lojas Renner (LREN3) reverte lucro e apresenta preju\u00edzo de R$ 82,9 mi","description":"A Lojas Renner (LREN3) reportou um preju\u00edzo de R$ 82,9 milh\u00f5es, revertendo o lucro l\u00edquido de R$ 186,7 milh\u00f5es. Clique para saber mais","robots":{"index":"index","follow":"follow","max-snippet":"max-snippet:-1","max-image-preview":"max-image-preview:large","max-video-preview":"max-video-preview:-1"},"canonical":"https:\/\/www.suno.com.br\/noticias\/lojas-renner-lren3-reverte-lucro-e-apresenta-prejuizo-de-r-829-mi-no-3t20\/","og_locale":"pt_BR","og_type":"article","og_title":"Lojas Renner (LREN3) reverte lucro e apresenta preju\u00edzo de R$ 82,9 mi","og_description":"A Lojas Renner (LREN3) reportou um preju\u00edzo de R$ 82,9 milh\u00f5es, revertendo o lucro l\u00edquido de R$ 186,7 milh\u00f5es. Clique para saber mais","og_url":"https:\/\/www.suno.com.br\/noticias\/lojas-renner-lren3-reverte-lucro-e-apresenta-prejuizo-de-r-829-mi-no-3t20\/","og_site_name":"Suno Not\u00edcias","article_publisher":"https:\/\/facebook.com\/sunoresearch","og_image":[{"width":1380,"height":920,"url":"https:\/\/files.sunoresearch.com.br\/n\/uploads\/2020\/02\/f778ebe1-lojas-renner.jpg","type":"image\/jpeg"}],"author":"Arthur Guimar\u00e3es","twitter_card":"summary_large_image","twitter_creator":"@sunoresearch","twitter_site":"@sunoresearch","twitter_misc":{"Escrito por":"Arthur Guimar\u00e3es","Est. tempo de leitura":"2 minutos"},"schema":{"@context":"https:\/\/schema.org","@graph":[{"@type":"NewsArticle","@id":"https:\/\/www.suno.com.br\/noticias\/lojas-renner-lren3-reverte-lucro-e-apresenta-prejuizo-de-r-829-mi-no-3t20\/#article","isPartOf":{"@id":"https:\/\/www.suno.com.br\/noticias\/lojas-renner-lren3-reverte-lucro-e-apresenta-prejuizo-de-r-829-mi-no-3t20\/"},"author":{"name":"Arthur Guimar\u00e3es","@id":"https:\/\/www.suno.com.br\/noticias\/#\/schema\/person\/053a750a709a263919a20f976caae91c"},"headline":"Lojas Renner (LREN3) reverte lucro e apresenta preju\u00edzo de R$ 82,9 mi no 3T20","datePublished":"2020-11-05T21:40:50+00:00","dateModified":"2021-02-18T20:27:50+00:00","mainEntityOfPage":{"@id":"https:\/\/www.suno.com.br\/noticias\/lojas-renner-lren3-reverte-lucro-e-apresenta-prejuizo-de-r-829-mi-no-3t20\/"},"wordCount":381,"publisher":{"@id":"https:\/\/www.suno.com.br\/noticias\/#organization"},"image":{"@id":"https:\/\/www.suno.com.br\/noticias\/lojas-renner-lren3-reverte-lucro-e-apresenta-prejuizo-de-r-829-mi-no-3t20\/#primaryimage"},"thumbnailUrl":"https:\/\/files.sunoresearch.com.br\/n\/uploads\/2020\/02\/f778ebe1-lojas-renner-jpg.webp","keywords":["balan\u00e7os trimestrais","Lojas Renner (LREN3)"],"articleSection":["Neg\u00f3cios"],"inLanguage":"pt-BR"},{"@type":"WebPage","@id":"https:\/\/www.suno.com.br\/noticias\/lojas-renner-lren3-reverte-lucro-e-apresenta-prejuizo-de-r-829-mi-no-3t20\/","url":"https:\/\/www.suno.com.br\/noticias\/lojas-renner-lren3-reverte-lucro-e-apresenta-prejuizo-de-r-829-mi-no-3t20\/","name":"Lojas Renner (LREN3) reverte lucro e apresenta preju\u00edzo de R$ 82,9 mi","isPartOf":{"@id":"https:\/\/www.suno.com.br\/noticias\/#website"},"primaryImageOfPage":{"@id":"https:\/\/www.suno.com.br\/noticias\/lojas-renner-lren3-reverte-lucro-e-apresenta-prejuizo-de-r-829-mi-no-3t20\/#primaryimage"},"image":{"@id":"https:\/\/www.suno.com.br\/noticias\/lojas-renner-lren3-reverte-lucro-e-apresenta-prejuizo-de-r-829-mi-no-3t20\/#primaryimage"},"thumbnailUrl":"https:\/\/files.sunoresearch.com.br\/n\/uploads\/2020\/02\/f778ebe1-lojas-renner-jpg.webp","datePublished":"2020-11-05T21:40:50+00:00","dateModified":"2021-02-18T20:27:50+00:00","description":"A Lojas Renner (LREN3) reportou um preju\u00edzo de R$ 82,9 milh\u00f5es, revertendo o lucro l\u00edquido de R$ 186,7 milh\u00f5es. Clique para saber mais","breadcrumb":{"@id":"https:\/\/www.suno.com.br\/noticias\/lojas-renner-lren3-reverte-lucro-e-apresenta-prejuizo-de-r-829-mi-no-3t20\/#breadcrumb"},"inLanguage":"pt-BR","potentialAction":[{"@type":"ReadAction","target":["https:\/\/www.suno.com.br\/noticias\/lojas-renner-lren3-reverte-lucro-e-apresenta-prejuizo-de-r-829-mi-no-3t20\/"]}]},{"@type":"ImageObject","inLanguage":"pt-BR","@id":"https:\/\/www.suno.com.br\/noticias\/lojas-renner-lren3-reverte-lucro-e-apresenta-prejuizo-de-r-829-mi-no-3t20\/#primaryimage","url":"https:\/\/files.sunoresearch.com.br\/n\/uploads\/2020\/02\/f778ebe1-lojas-renner-jpg.webp","contentUrl":"https:\/\/files.sunoresearch.com.br\/n\/uploads\/2020\/02\/f778ebe1-lojas-renner-jpg.webp","width":1380,"height":920,"caption":"Lojas Renner (Foto: Divulga\u00e7\u00e3o)"},{"@type":"BreadcrumbList","@id":"https:\/\/www.suno.com.br\/noticias\/lojas-renner-lren3-reverte-lucro-e-apresenta-prejuizo-de-r-829-mi-no-3t20\/#breadcrumb","itemListElement":[{"@type":"ListItem","position":1,"name":"Not\u00edcias","item":"https:\/\/www.suno.com.br\/noticias\/"},{"@type":"ListItem","position":2,"name":"Neg\u00f3cios","item":"https:\/\/www.suno.com.br\/noticias\/negocios\/"},{"@type":"ListItem","position":3,"name":"Lojas Renner (LREN3) reverte lucro e apresenta preju\u00edzo de R$ 82,9 mi no 3T20"}]},{"@type":"WebSite","@id":"https:\/\/www.suno.com.br\/noticias\/#website","url":"https:\/\/www.suno.com.br\/noticias\/","name":"Suno Not\u00edcias","description":"Seu portal de informa\u00e7\u00e3o sobre o mundo dos investimentos","publisher":{"@id":"https:\/\/www.suno.com.br\/noticias\/#organization"},"potentialAction":[{"@type":"SearchAction","target":{"@type":"EntryPoint","urlTemplate":"https:\/\/www.suno.com.br\/noticias\/?s={search_term_string}"},"query-input":{"@type":"PropertyValueSpecification","valueRequired":true,"valueName":"search_term_string"}}],"inLanguage":"pt-BR"},{"@type":"Organization","@id":"https:\/\/www.suno.com.br\/noticias\/#organization","name":"Suno Not\u00edcias","url":"https:\/\/www.suno.com.br\/noticias\/","logo":{"@type":"ImageObject","inLanguage":"pt-BR","@id":"https:\/\/www.suno.com.br\/noticias\/#\/schema\/logo\/image\/","url":"https:\/\/files.sunoresearch.com.br\/n\/uploads\/2021\/09\/suno-logo.png","contentUrl":"https:\/\/files.sunoresearch.com.br\/n\/uploads\/2021\/09\/suno-logo.png","width":180,"height":180,"caption":"Suno Not\u00edcias"},"image":{"@id":"https:\/\/www.suno.com.br\/noticias\/#\/schema\/logo\/image\/"},"sameAs":["https:\/\/facebook.com\/sunoresearch","https:\/\/x.com\/sunoresearch","https:\/\/www.instagram.com\/suno","https:\/\/www.linkedin.com\/company\/suno-research\/","https:\/\/www.youtube.com\/c\/sunoresearch"]},{"@type":"Person","@id":"https:\/\/www.suno.com.br\/noticias\/#\/schema\/person\/053a750a709a263919a20f976caae91c","name":"Arthur Guimar\u00e3es","image":{"@type":"ImageObject","inLanguage":"pt-BR","@id":"https:\/\/www.suno.com.br\/noticias\/#\/schema\/person\/image\/","url":"https:\/\/secure.gravatar.com\/avatar\/1affd86a11209ae09eb6dd3bcad3e96c?s=96&r=g","contentUrl":"https:\/\/secure.gravatar.com\/avatar\/1affd86a11209ae09eb6dd3bcad3e96c?s=96&r=g","caption":"Arthur Guimar\u00e3es"},"description":"Arthur Guimar\u00e3es escreve sobre pol\u00edtica, economia e neg\u00f3cios para o portal de not\u00edcias da Suno Research. Atualmente, \u00e9 estudante de jornalismo pela Faculdade C\u00e1sper L\u00edbero.","url":"https:\/\/www.suno.com.br\/noticias\/author\/arthur-guimaraes\/"}]}},"default_loop_html":"<div class=\"cardsPage__listCard__boxs\"><div class=\"cardsPage__listCard__boxs__img\"><a href=\"https:\/\/www.suno.com.br\/noticias\/lojas-renner-lren3-reverte-lucro-e-apresenta-prejuizo-de-r-829-mi-no-3t20\/\"><img class=\"mask\" src=\"https:\/\/www.suno.com.br\/noticias\/wp-content\/themes\/suno\/resources\/images\/spotlight\/spotlight1img\/bg-mask.png\" alt=\"Image Mask\"\/><img src=\"https:\/\/files.sunoresearch.com.br\/n\/uploads\/2020\/02\/f778ebe1-lojas-renner-400x200.webp\" alt=\"Lojas Renner (LREN3) reverte lucro e apresenta preju\u00edzo de R$ 82,9 mi no 3T20\"\/><\/a><span class=\"spotlightCategory\"><a href=\"https:\/\/www.suno.com.br\/noticias\/negocios\/\">Neg\u00f3cios<\/a><\/span><\/div><div class=\"cardsPage__listCard__boxs__content\"><a href=\"https:\/\/www.suno.com.br\/noticias\/lojas-renner-lren3-reverte-lucro-e-apresenta-prejuizo-de-r-829-mi-no-3t20\/\"><h2 class=\"content__title\">Lojas Renner (LREN3) reverte lucro e apresenta preju\u00edzo de R$ 82,9 mi no 3T20<\/h2><\/a><div class=\"newsContent__article__meta\"><div class=\"newsContent__article__meta__authorBox\"><a href=\"https:\/\/www.suno.com.br\/noticias\/author\/arthur-guimaraes\/\" class=\"authorBox__avatar noMobi\"><img src=\"https:\/\/files.sunoresearch.com.br\/n\/uploads\/2020\/02\/dfb40897-eu-150x150.webp\" alt=\"Arthur Guimar\u00e3es\"><\/a><div class=\"authorBox__name\"><span>por\n\t\t\t<a href=\"https:\/\/www.suno.com.br\/noticias\/author\/arthur-guimaraes\/\"><span itemprop=\"author\">Arthur Guimar\u00e3es<\/span><\/a><\/span><time datetime=\"2020-11-05T18:40:50-03:00\" itemprop=\"datePublished\">05\/11\/2020 18:40<\/time><\/div><\/div><\/div><\/div><\/div>","single_layout":"posts","amp_enabled":true,"_links":{"self":[{"href":"https:\/\/www.suno.com.br\/noticias\/wp-json\/wp\/v2\/posts\/97845"}],"collection":[{"href":"https:\/\/www.suno.com.br\/noticias\/wp-json\/wp\/v2\/posts"}],"about":[{"href":"https:\/\/www.suno.com.br\/noticias\/wp-json\/wp\/v2\/types\/post"}],"author":[{"embeddable":true,"href":"https:\/\/www.suno.com.br\/noticias\/wp-json\/wp\/v2\/users\/35"}],"replies":[{"embeddable":true,"href":"https:\/\/www.suno.com.br\/noticias\/wp-json\/wp\/v2\/comments?post=97845"}],"version-history":[{"count":0,"href":"https:\/\/www.suno.com.br\/noticias\/wp-json\/wp\/v2\/posts\/97845\/revisions"}],"wp:featuredmedia":[{"embeddable":true,"href":"https:\/\/www.suno.com.br\/noticias\/wp-json\/wp\/v2\/media\/52295"}],"wp:attachment":[{"href":"https:\/\/www.suno.com.br\/noticias\/wp-json\/wp\/v2\/media?parent=97845"}],"wp:term":[{"taxonomy":"category","embeddable":true,"href":"https:\/\/www.suno.com.br\/noticias\/wp-json\/wp\/v2\/categories?post=97845"},{"taxonomy":"post_tag","embeddable":true,"href":"https:\/\/www.suno.com.br\/noticias\/wp-json\/wp\/v2\/tags?post=97845"},{"taxonomy":"suno_strategy","embeddable":true,"href":"https:\/\/www.suno.com.br\/noticias\/wp-json\/wp\/v2\/suno_strategy?post=97845"}],"curies":[{"name":"wp","href":"https:\/\/api.w.org\/{rel}","templated":true}]}}