{"id":97833,"date":"2020-11-05T20:07:11","date_gmt":"2020-11-05T23:07:11","guid":{"rendered":"https:\/\/www.suno.com.br\/noticias\/?p=97833"},"modified":"2021-06-13T23:30:11","modified_gmt":"2021-06-14T02:30:11","slug":"eua-fed-tem-municao-e-espera-mais-apoio-fiscal-diz-powell","status":"publish","type":"post","link":"https:\/\/www.suno.com.br\/noticias\/eua-fed-tem-municao-e-espera-mais-apoio-fiscal-diz-powell\/","title":{"rendered":"EUA: Fed tem muni\u00e7\u00e3o e espera mais apoio fiscal, diz Powell"},"content":{"rendered":"<p>O presidente do <strong><a href=\"https:\/\/www.suno.com.br\/artigos\/fed\/\">Federal Reserve (Fed)<\/a><\/strong>, Jerome Powell, enfatizou nesta quinta-feira (5) que a economia dos Estados Unidos precisa de mais apoio fiscal e monet\u00e1rio diante da crise causada pela <a href=\"https:\/\/www.suno.com.br\/noticias\/tags\/coronavirus\/\">pandemia do novo coronav\u00edrus (Covid-19).<\/a><\/p>\t<div class=\"wrapper-featured-image\">\n\t\t<figure class=\"spotlightImg\">\n\n\t\t\t<picture>\n\t\t\t\t<source media=\"(max-width: 768px)\" srcset=\"https:\/\/files.sunoresearch.com.br\/n\/uploads\/2020\/11\/0ce317a3-fed-400x200.webp\">\n\t\t\t\t<img loading=\"lazy\" decoding=\"async\" class=\"newsContent__article__imgCapa lazyloadDisabled \" src=\"https:\/\/files.sunoresearch.com.br\/n\/uploads\/2020\/11\/0ce317a3-fed-800x450.webp\" width=\"800\" height=\"450\" alt=\"EUA: Fed tem muni\u00e7\u00e3o e espera mais apoio fiscal, diz Powell\" fetchpriority=high \/>\n\t\t\t<\/picture>\n\n\t\t\t<figcaption class=\"wp-caption-text wp-caption-text--show\">EUA: Fed tem muni\u00e7\u00e3o e espera mais apoio fiscal, diz Powell<\/figcaption>\n\t\t<\/figure>\n\t<\/div>\n\n\n\t<p>\n\t\t<a href=\"\" target=\"_blank\" data-element=\"shortcode-suno-banner\" title=\"Banner SUNO, clique e saiba mais\">\n\t\t\t<picture>\n\t\t\t\t<source media=\"(max-width: 500px)\" srcset=\"\">\n\t\t\t\t<img class=\"newsContent__article__imgCapa newsContent__article__imgCapa--banner\"\n\t\t\t\t\tsrc=\"\"\n\t\t\t\t\tdata-promo-id=\"97204\"\t\t\t\t\t\t\t\t\t\t\t\t\t\t\talt=\"\"\n\t\t\t\t>\n\t\t\t<\/picture>\n\t\t<\/a>\n\t<\/p>\n\n\n<p>De acordo com Powell, \u201co Fed est\u00e1 preocupado com a propaga\u00e7\u00e3o da doen\u00e7a, com a queda dos gastos das fam\u00edlias\u201d, desta forma, \u201cmanter o v\u00edrus sob controle \u00e9 crucial para a economia\u201d do pa\u00eds, declarou.<\/p>\n<p>O destaque \u00e0 pandemia foi feito tamb\u00e9m no comunicado da decis\u00e3o desta quinta-feira, ao revelar que \u201ca crise de sa\u00fade p\u00fablica em curso continuar\u00e1 a pesar sobre a atividade econ\u00f4mica, o emprego e a infla\u00e7\u00e3o no curto prazo e apresenta riscos consider\u00e1veis para a perspectiva econ\u00f4mica no m\u00e9dio prazo\u201d.<\/p>\n<p><a href=\"https:\/\/lp.suno.com.br\/suno-one\/\">No Suno One voc\u00ea aprende a fazer seu dinheiro trabalhar para voc\u00ea. Cadastre-se gratuitamente agora!<\/a><\/p>\n<h2>Fed confirma taxas de juros inalteradas entre 0% e 0,25%<\/h2>\n<p>Al\u00e9m disso, o<strong> Federal Reserve (Fed)<\/strong>, o banco central do Estados Unidos, decidiu manter a taxa de juros o intervalo entre 0% e 0,25%. A decis\u00e3o foi tomada nesta quinta-feira (5) pelo Comit\u00ea Federal de Mercado Aberto (FOMC) em unanimidade.<\/p>\n<p>O consenso do mercado sobre o n\u00edvel das taxas de juros estava entre 0% e 0,25%. As <a href=\"https:\/\/www.suno.com.br\/artigos\/taxa-de-juros\/\"><strong>taxas de<\/strong>\u00a0<strong>juros<\/strong><\/a> est\u00e3o inalteradas nesse patamar desde o dia 15 de mar\u00e7o. O Fed tomou essa medida como resposta emergencial devido a crise gerada pela pandemia do novo coronav\u00edrus (covid-19).<\/p>\n<div class=\"hubspot-form-wrapper\">\n\t<div id=\"single-form-target\"><\/div>\n<\/div>\n\n<p>No mesmo dia, a autoridade central monet\u00e1ria norte-americana tinha anunciado um pacote de est\u00edmulos (<strong><a href=\"https:\/\/www.suno.com.br\/artigos\/quantitative-easing\/\">Quantitative Easing (QE)<\/a><\/strong>) \u00e0 economia por conta do avan\u00e7o da pandemia.<\/p>\n<p>No in\u00edcio deste m\u00eas, a diretora do Federal Reserve, Lael Brainard, disse que o banco central norte-americano deveria realizar novos est\u00edmulos para ajudar na recupera\u00e7\u00e3o da economia e do avan\u00e7o dos n\u00edveis de emprego, que foi fortemente impactado pela pandemia.<\/p>\n\t<div data-element=\"shortcode-read-more\" class=\"knowMore\">\n\t\t\t\t<span class=\"knowMore__title\">Veja tamb\u00e9m<\/span>\n\t\t\t\t<a class=\"knowMore__link\" href=\"https:\/\/www.suno.com.br\/noticias\/fed-confirma-taxas-juros-inalteradas-05112020\/\">\n\t\t\tFed confirma taxas de juros inalteradas entre 0% e 0,25%\t\t<\/a>\n\t<\/div>\n\n\n<p>O Fed informou tamb\u00e9m que vai manter inalterado o ritmo de compra de ativos pelo menos no atual n\u00edvel nos pr\u00f3ximos meses.<\/p>\n<p>Para a institui\u00e7\u00e3o liderada por <a href=\"https:\/\/www.suno.com.br\/tudo-sobre\/jerome-powell\/\"><strong>Jerome Powell<\/strong><\/a>, as condi\u00e7\u00f5es da pol\u00edtica monet\u00e1ria dos EUA permanecem acomodat\u00edcias.<\/p>\n<p>Segundo o <strong>Fed<\/strong>,\u00a0a crise de sa\u00fade provocada pelo <strong>coronav\u00edrus<\/strong> apresenta riscos consider\u00e1veis para perspectivas de m\u00e9dio prazo.<\/p>\n\t<p>\n\t\t<a href=\"https:\/\/lp.suno.com.br\/planilha-de-controle-de-investimentos\/\" target=\"_blank\" data-element=\"shortcode-suno-banner\" title=\"Banner SUNO, clique e saiba mais\">\n\t\t\t<picture>\n\t\t\t\t<source media=\"(max-width: 500px)\" srcset=\"https:\/\/files.sunoresearch.com.br\/n\/uploads\/2023\/03\/400x300-Controle-de-Investimentos.png\">\n\t\t\t\t<img class=\"newsContent__article__imgCapa newsContent__article__imgCapa--banner\"\n\t\t\t\t\tsrc=\"https:\/\/files.sunoresearch.com.br\/n\/uploads\/2023\/03\/1420x240-Controle-de-Investimentos.png\"\n\t\t\t\t\tdata-promo-id=\"75934\"\t\t\t\t\t\t\t\t\t\twidth='1420' height='240'\t\t\t\t\talt=\"https:\/\/files.sunoresearch.com.br\/n\/uploads\/2023\/03\/1420x240-Controle-de-Investimentos.png\"\n\t\t\t\t>\n\t\t\t<\/picture>\n\t\t<\/a>\n\t<\/p>\n\n\n","protected":false},"excerpt":{"rendered":"<p>O presidente do Federal Reserve (Fed), Jerome Powell, enfatizou nesta quinta-feira (5) que a economia dos Estados Unidos precisa de mais apoio fiscal e monet\u00e1rio diante da crise causada pela pandemia do novo coronav\u00edrus (Covid-19). EUA: Fed tem muni\u00e7\u00e3o e espera mais apoio fiscal, diz Powell De acordo com Powell, \u201co Fed est\u00e1 preocupado com [&hellip;]<\/p>\n","protected":false},"author":56,"featured_media":97910,"comment_status":"closed","ping_status":"closed","sticky":false,"template":"","format":"standard","meta":[],"categories":[63],"tags":[793,776,1899,91142],"suno_strategy":[],"class_list":["post-97833","post","type-post","status-publish","format-standard","has-post-thumbnail","hentry","category-internacional","tag-estados-unidos-eua","tag-federal-reseve-fed","tag-jerome-powell","tag-lael-brainard"],"yoast_head":"<!-- This site is optimized with the Yoast SEO plugin v24.4 - https:\/\/yoast.com\/wordpress\/plugins\/seo\/ -->\n<title>EUA: Fed tem muni\u00e7\u00e3o e espera mais apoio fiscal, diz Powell<\/title>\n<meta name=\"description\" content=\"De acordo com Powell, \u201co Fed est\u00e1 preocupado com a propaga\u00e7\u00e3o da doen\u00e7a, com a queda dos gastos das fam\u00edlias\u201d. Clique aqui para saber mais.\" \/>\n<meta name=\"robots\" content=\"index, follow, max-snippet:-1, max-image-preview:large, max-video-preview:-1\" \/>\n<link rel=\"canonical\" href=\"https:\/\/www.suno.com.br\/noticias\/eua-fed-tem-municao-e-espera-mais-apoio-fiscal-diz-powell\/\" \/>\n<meta property=\"og:locale\" content=\"pt_BR\" \/>\n<meta property=\"og:type\" content=\"article\" \/>\n<meta property=\"og:title\" content=\"EUA: Fed tem muni\u00e7\u00e3o e espera mais apoio fiscal, diz Powell\" \/>\n<meta property=\"og:description\" content=\"De acordo com Powell, \u201co Fed est\u00e1 preocupado com a propaga\u00e7\u00e3o da doen\u00e7a, com a queda dos gastos das fam\u00edlias\u201d. Clique aqui para saber mais.\" \/>\n<meta property=\"og:url\" content=\"https:\/\/www.suno.com.br\/noticias\/eua-fed-tem-municao-e-espera-mais-apoio-fiscal-diz-powell\/\" \/>\n<meta property=\"og:site_name\" content=\"Suno Not\u00edcias\" \/>\n<meta property=\"article:publisher\" content=\"https:\/\/facebook.com\/sunoresearch\" \/>\n<meta property=\"og:image\" content=\"https:\/\/files.sunoresearch.com.br\/n\/uploads\/2020\/11\/0ce317a3-fed.jpg\" \/>\n\t<meta property=\"og:image:width\" content=\"1024\" \/>\n\t<meta property=\"og:image:height\" content=\"656\" \/>\n\t<meta property=\"og:image:type\" content=\"image\/jpeg\" \/>\n<meta name=\"author\" content=\"Rafaela La Regina\" \/>\n<meta name=\"twitter:card\" content=\"summary_large_image\" \/>\n<meta name=\"twitter:creator\" content=\"@sunoresearch\" \/>\n<meta name=\"twitter:site\" content=\"@sunoresearch\" \/>\n<meta name=\"twitter:label1\" content=\"Escrito por\" \/>\n\t<meta name=\"twitter:data1\" content=\"Rafaela La Regina\" \/>\n\t<meta name=\"twitter:label2\" content=\"Est. tempo de leitura\" \/>\n\t<meta name=\"twitter:data2\" content=\"2 minutos\" \/>\n<script type=\"application\/ld+json\" class=\"yoast-schema-graph\">{\"@context\":\"https:\/\/schema.org\",\"@graph\":[{\"@type\":\"NewsArticle\",\"@id\":\"https:\/\/www.suno.com.br\/noticias\/eua-fed-tem-municao-e-espera-mais-apoio-fiscal-diz-powell\/#article\",\"isPartOf\":{\"@id\":\"https:\/\/www.suno.com.br\/noticias\/eua-fed-tem-municao-e-espera-mais-apoio-fiscal-diz-powell\/\"},\"author\":{\"name\":\"Rafaela La Regina\",\"@id\":\"https:\/\/www.suno.com.br\/noticias\/#\/schema\/person\/e672ca8cea627fe715fa29bca7da95e0\"},\"headline\":\"EUA: Fed tem muni\u00e7\u00e3o e espera mais apoio fiscal, diz Powell\",\"datePublished\":\"2020-11-05T23:07:11+00:00\",\"dateModified\":\"2021-06-14T02:30:11+00:00\",\"mainEntityOfPage\":{\"@id\":\"https:\/\/www.suno.com.br\/noticias\/eua-fed-tem-municao-e-espera-mais-apoio-fiscal-diz-powell\/\"},\"wordCount\":423,\"publisher\":{\"@id\":\"https:\/\/www.suno.com.br\/noticias\/#organization\"},\"image\":{\"@id\":\"https:\/\/www.suno.com.br\/noticias\/eua-fed-tem-municao-e-espera-mais-apoio-fiscal-diz-powell\/#primaryimage\"},\"thumbnailUrl\":\"https:\/\/files.sunoresearch.com.br\/n\/uploads\/2020\/11\/0ce317a3-fed-jpg.webp\",\"keywords\":[\"Estados Unidos (EUA)\",\"Federal Reserve (FED)\",\"Jerome Powell\",\"Lael Brainard\"],\"articleSection\":[\"Internacional\"],\"inLanguage\":\"pt-BR\"},{\"@type\":\"WebPage\",\"@id\":\"https:\/\/www.suno.com.br\/noticias\/eua-fed-tem-municao-e-espera-mais-apoio-fiscal-diz-powell\/\",\"url\":\"https:\/\/www.suno.com.br\/noticias\/eua-fed-tem-municao-e-espera-mais-apoio-fiscal-diz-powell\/\",\"name\":\"EUA: Fed tem muni\u00e7\u00e3o e espera mais apoio fiscal, diz Powell\",\"isPartOf\":{\"@id\":\"https:\/\/www.suno.com.br\/noticias\/#website\"},\"primaryImageOfPage\":{\"@id\":\"https:\/\/www.suno.com.br\/noticias\/eua-fed-tem-municao-e-espera-mais-apoio-fiscal-diz-powell\/#primaryimage\"},\"image\":{\"@id\":\"https:\/\/www.suno.com.br\/noticias\/eua-fed-tem-municao-e-espera-mais-apoio-fiscal-diz-powell\/#primaryimage\"},\"thumbnailUrl\":\"https:\/\/files.sunoresearch.com.br\/n\/uploads\/2020\/11\/0ce317a3-fed-jpg.webp\",\"datePublished\":\"2020-11-05T23:07:11+00:00\",\"dateModified\":\"2021-06-14T02:30:11+00:00\",\"description\":\"De acordo com Powell, \u201co Fed est\u00e1 preocupado com a propaga\u00e7\u00e3o da doen\u00e7a, com a queda dos gastos das fam\u00edlias\u201d. Clique aqui para saber mais.\",\"breadcrumb\":{\"@id\":\"https:\/\/www.suno.com.br\/noticias\/eua-fed-tem-municao-e-espera-mais-apoio-fiscal-diz-powell\/#breadcrumb\"},\"inLanguage\":\"pt-BR\",\"potentialAction\":[{\"@type\":\"ReadAction\",\"target\":[\"https:\/\/www.suno.com.br\/noticias\/eua-fed-tem-municao-e-espera-mais-apoio-fiscal-diz-powell\/\"]}]},{\"@type\":\"ImageObject\",\"inLanguage\":\"pt-BR\",\"@id\":\"https:\/\/www.suno.com.br\/noticias\/eua-fed-tem-municao-e-espera-mais-apoio-fiscal-diz-powell\/#primaryimage\",\"url\":\"https:\/\/files.sunoresearch.com.br\/n\/uploads\/2020\/11\/0ce317a3-fed-jpg.webp\",\"contentUrl\":\"https:\/\/files.sunoresearch.com.br\/n\/uploads\/2020\/11\/0ce317a3-fed-jpg.webp\",\"width\":1024,\"height\":656,\"caption\":\"EUA: Fed tem muni\u00e7\u00e3o e espera mais apoio fiscal, diz Powell\"},{\"@type\":\"BreadcrumbList\",\"@id\":\"https:\/\/www.suno.com.br\/noticias\/eua-fed-tem-municao-e-espera-mais-apoio-fiscal-diz-powell\/#breadcrumb\",\"itemListElement\":[{\"@type\":\"ListItem\",\"position\":1,\"name\":\"Not\u00edcias\",\"item\":\"https:\/\/www.suno.com.br\/noticias\/\"},{\"@type\":\"ListItem\",\"position\":2,\"name\":\"Internacional\",\"item\":\"https:\/\/www.suno.com.br\/noticias\/internacional\/\"},{\"@type\":\"ListItem\",\"position\":3,\"name\":\"EUA: Fed tem muni\u00e7\u00e3o e espera mais apoio fiscal, diz Powell\"}]},{\"@type\":\"WebSite\",\"@id\":\"https:\/\/www.suno.com.br\/noticias\/#website\",\"url\":\"https:\/\/www.suno.com.br\/noticias\/\",\"name\":\"Suno Not\u00edcias\",\"description\":\"Seu portal de informa\u00e7\u00e3o sobre o mundo dos investimentos\",\"publisher\":{\"@id\":\"https:\/\/www.suno.com.br\/noticias\/#organization\"},\"potentialAction\":[{\"@type\":\"SearchAction\",\"target\":{\"@type\":\"EntryPoint\",\"urlTemplate\":\"https:\/\/www.suno.com.br\/noticias\/?s={search_term_string}\"},\"query-input\":{\"@type\":\"PropertyValueSpecification\",\"valueRequired\":true,\"valueName\":\"search_term_string\"}}],\"inLanguage\":\"pt-BR\"},{\"@type\":\"Organization\",\"@id\":\"https:\/\/www.suno.com.br\/noticias\/#organization\",\"name\":\"Suno Not\u00edcias\",\"url\":\"https:\/\/www.suno.com.br\/noticias\/\",\"logo\":{\"@type\":\"ImageObject\",\"inLanguage\":\"pt-BR\",\"@id\":\"https:\/\/www.suno.com.br\/noticias\/#\/schema\/logo\/image\/\",\"url\":\"https:\/\/files.sunoresearch.com.br\/n\/uploads\/2021\/09\/suno-logo.png\",\"contentUrl\":\"https:\/\/files.sunoresearch.com.br\/n\/uploads\/2021\/09\/suno-logo.png\",\"width\":180,\"height\":180,\"caption\":\"Suno Not\u00edcias\"},\"image\":{\"@id\":\"https:\/\/www.suno.com.br\/noticias\/#\/schema\/logo\/image\/\"},\"sameAs\":[\"https:\/\/facebook.com\/sunoresearch\",\"https:\/\/x.com\/sunoresearch\",\"https:\/\/www.instagram.com\/suno\",\"https:\/\/www.linkedin.com\/company\/suno-research\/\",\"https:\/\/www.youtube.com\/c\/sunoresearch\"]},{\"@type\":\"Person\",\"@id\":\"https:\/\/www.suno.com.br\/noticias\/#\/schema\/person\/e672ca8cea627fe715fa29bca7da95e0\",\"name\":\"Rafaela La Regina\",\"image\":{\"@type\":\"ImageObject\",\"inLanguage\":\"pt-BR\",\"@id\":\"https:\/\/www.suno.com.br\/noticias\/#\/schema\/person\/image\/\",\"url\":\"https:\/\/secure.gravatar.com\/avatar\/d2c75a52d243deb93d0465fdcb21bd37?s=96&r=g\",\"contentUrl\":\"https:\/\/secure.gravatar.com\/avatar\/d2c75a52d243deb93d0465fdcb21bd37?s=96&r=g\",\"caption\":\"Rafaela La Regina\"},\"description\":\"Estagi\u00e1ria no Suno Not\u00edcias. Escreve sobre economia, pol\u00edtica e neg\u00f3cios. Estuda Rela\u00e7\u00f5es Internacionais no IBMEC-SP.\",\"url\":\"https:\/\/www.suno.com.br\/noticias\/author\/rafaela-la-regina\/\"}]}<\/script>\n<!-- \/ Yoast SEO plugin. -->","yoast_head_json":{"title":"EUA: Fed tem muni\u00e7\u00e3o e espera mais apoio fiscal, diz Powell","description":"De acordo com Powell, \u201co Fed est\u00e1 preocupado com a propaga\u00e7\u00e3o da doen\u00e7a, com a queda dos gastos das fam\u00edlias\u201d. Clique aqui para saber mais.","robots":{"index":"index","follow":"follow","max-snippet":"max-snippet:-1","max-image-preview":"max-image-preview:large","max-video-preview":"max-video-preview:-1"},"canonical":"https:\/\/www.suno.com.br\/noticias\/eua-fed-tem-municao-e-espera-mais-apoio-fiscal-diz-powell\/","og_locale":"pt_BR","og_type":"article","og_title":"EUA: Fed tem muni\u00e7\u00e3o e espera mais apoio fiscal, diz Powell","og_description":"De acordo com Powell, \u201co Fed est\u00e1 preocupado com a propaga\u00e7\u00e3o da doen\u00e7a, com a queda dos gastos das fam\u00edlias\u201d. Clique aqui para saber mais.","og_url":"https:\/\/www.suno.com.br\/noticias\/eua-fed-tem-municao-e-espera-mais-apoio-fiscal-diz-powell\/","og_site_name":"Suno Not\u00edcias","article_publisher":"https:\/\/facebook.com\/sunoresearch","og_image":[{"width":1024,"height":656,"url":"https:\/\/files.sunoresearch.com.br\/n\/uploads\/2020\/11\/0ce317a3-fed.jpg","type":"image\/jpeg"}],"author":"Rafaela La Regina","twitter_card":"summary_large_image","twitter_creator":"@sunoresearch","twitter_site":"@sunoresearch","twitter_misc":{"Escrito por":"Rafaela La Regina","Est. tempo de leitura":"2 minutos"},"schema":{"@context":"https:\/\/schema.org","@graph":[{"@type":"NewsArticle","@id":"https:\/\/www.suno.com.br\/noticias\/eua-fed-tem-municao-e-espera-mais-apoio-fiscal-diz-powell\/#article","isPartOf":{"@id":"https:\/\/www.suno.com.br\/noticias\/eua-fed-tem-municao-e-espera-mais-apoio-fiscal-diz-powell\/"},"author":{"name":"Rafaela La Regina","@id":"https:\/\/www.suno.com.br\/noticias\/#\/schema\/person\/e672ca8cea627fe715fa29bca7da95e0"},"headline":"EUA: Fed tem muni\u00e7\u00e3o e espera mais apoio fiscal, diz Powell","datePublished":"2020-11-05T23:07:11+00:00","dateModified":"2021-06-14T02:30:11+00:00","mainEntityOfPage":{"@id":"https:\/\/www.suno.com.br\/noticias\/eua-fed-tem-municao-e-espera-mais-apoio-fiscal-diz-powell\/"},"wordCount":423,"publisher":{"@id":"https:\/\/www.suno.com.br\/noticias\/#organization"},"image":{"@id":"https:\/\/www.suno.com.br\/noticias\/eua-fed-tem-municao-e-espera-mais-apoio-fiscal-diz-powell\/#primaryimage"},"thumbnailUrl":"https:\/\/files.sunoresearch.com.br\/n\/uploads\/2020\/11\/0ce317a3-fed-jpg.webp","keywords":["Estados Unidos (EUA)","Federal Reserve (FED)","Jerome Powell","Lael Brainard"],"articleSection":["Internacional"],"inLanguage":"pt-BR"},{"@type":"WebPage","@id":"https:\/\/www.suno.com.br\/noticias\/eua-fed-tem-municao-e-espera-mais-apoio-fiscal-diz-powell\/","url":"https:\/\/www.suno.com.br\/noticias\/eua-fed-tem-municao-e-espera-mais-apoio-fiscal-diz-powell\/","name":"EUA: Fed tem muni\u00e7\u00e3o e espera mais apoio fiscal, diz Powell","isPartOf":{"@id":"https:\/\/www.suno.com.br\/noticias\/#website"},"primaryImageOfPage":{"@id":"https:\/\/www.suno.com.br\/noticias\/eua-fed-tem-municao-e-espera-mais-apoio-fiscal-diz-powell\/#primaryimage"},"image":{"@id":"https:\/\/www.suno.com.br\/noticias\/eua-fed-tem-municao-e-espera-mais-apoio-fiscal-diz-powell\/#primaryimage"},"thumbnailUrl":"https:\/\/files.sunoresearch.com.br\/n\/uploads\/2020\/11\/0ce317a3-fed-jpg.webp","datePublished":"2020-11-05T23:07:11+00:00","dateModified":"2021-06-14T02:30:11+00:00","description":"De acordo com Powell, \u201co Fed est\u00e1 preocupado com a propaga\u00e7\u00e3o da doen\u00e7a, com a queda dos gastos das fam\u00edlias\u201d. Clique aqui para saber mais.","breadcrumb":{"@id":"https:\/\/www.suno.com.br\/noticias\/eua-fed-tem-municao-e-espera-mais-apoio-fiscal-diz-powell\/#breadcrumb"},"inLanguage":"pt-BR","potentialAction":[{"@type":"ReadAction","target":["https:\/\/www.suno.com.br\/noticias\/eua-fed-tem-municao-e-espera-mais-apoio-fiscal-diz-powell\/"]}]},{"@type":"ImageObject","inLanguage":"pt-BR","@id":"https:\/\/www.suno.com.br\/noticias\/eua-fed-tem-municao-e-espera-mais-apoio-fiscal-diz-powell\/#primaryimage","url":"https:\/\/files.sunoresearch.com.br\/n\/uploads\/2020\/11\/0ce317a3-fed-jpg.webp","contentUrl":"https:\/\/files.sunoresearch.com.br\/n\/uploads\/2020\/11\/0ce317a3-fed-jpg.webp","width":1024,"height":656,"caption":"EUA: Fed tem muni\u00e7\u00e3o e espera mais apoio fiscal, diz Powell"},{"@type":"BreadcrumbList","@id":"https:\/\/www.suno.com.br\/noticias\/eua-fed-tem-municao-e-espera-mais-apoio-fiscal-diz-powell\/#breadcrumb","itemListElement":[{"@type":"ListItem","position":1,"name":"Not\u00edcias","item":"https:\/\/www.suno.com.br\/noticias\/"},{"@type":"ListItem","position":2,"name":"Internacional","item":"https:\/\/www.suno.com.br\/noticias\/internacional\/"},{"@type":"ListItem","position":3,"name":"EUA: Fed tem muni\u00e7\u00e3o e espera mais apoio fiscal, diz Powell"}]},{"@type":"WebSite","@id":"https:\/\/www.suno.com.br\/noticias\/#website","url":"https:\/\/www.suno.com.br\/noticias\/","name":"Suno Not\u00edcias","description":"Seu portal de informa\u00e7\u00e3o sobre o mundo dos investimentos","publisher":{"@id":"https:\/\/www.suno.com.br\/noticias\/#organization"},"potentialAction":[{"@type":"SearchAction","target":{"@type":"EntryPoint","urlTemplate":"https:\/\/www.suno.com.br\/noticias\/?s={search_term_string}"},"query-input":{"@type":"PropertyValueSpecification","valueRequired":true,"valueName":"search_term_string"}}],"inLanguage":"pt-BR"},{"@type":"Organization","@id":"https:\/\/www.suno.com.br\/noticias\/#organization","name":"Suno Not\u00edcias","url":"https:\/\/www.suno.com.br\/noticias\/","logo":{"@type":"ImageObject","inLanguage":"pt-BR","@id":"https:\/\/www.suno.com.br\/noticias\/#\/schema\/logo\/image\/","url":"https:\/\/files.sunoresearch.com.br\/n\/uploads\/2021\/09\/suno-logo.png","contentUrl":"https:\/\/files.sunoresearch.com.br\/n\/uploads\/2021\/09\/suno-logo.png","width":180,"height":180,"caption":"Suno Not\u00edcias"},"image":{"@id":"https:\/\/www.suno.com.br\/noticias\/#\/schema\/logo\/image\/"},"sameAs":["https:\/\/facebook.com\/sunoresearch","https:\/\/x.com\/sunoresearch","https:\/\/www.instagram.com\/suno","https:\/\/www.linkedin.com\/company\/suno-research\/","https:\/\/www.youtube.com\/c\/sunoresearch"]},{"@type":"Person","@id":"https:\/\/www.suno.com.br\/noticias\/#\/schema\/person\/e672ca8cea627fe715fa29bca7da95e0","name":"Rafaela La Regina","image":{"@type":"ImageObject","inLanguage":"pt-BR","@id":"https:\/\/www.suno.com.br\/noticias\/#\/schema\/person\/image\/","url":"https:\/\/secure.gravatar.com\/avatar\/d2c75a52d243deb93d0465fdcb21bd37?s=96&r=g","contentUrl":"https:\/\/secure.gravatar.com\/avatar\/d2c75a52d243deb93d0465fdcb21bd37?s=96&r=g","caption":"Rafaela La Regina"},"description":"Estagi\u00e1ria no Suno Not\u00edcias. Escreve sobre economia, pol\u00edtica e neg\u00f3cios. Estuda Rela\u00e7\u00f5es Internacionais no IBMEC-SP.","url":"https:\/\/www.suno.com.br\/noticias\/author\/rafaela-la-regina\/"}]}},"default_loop_html":"<div class=\"cardsPage__listCard__boxs\"><div class=\"cardsPage__listCard__boxs__img\"><a href=\"https:\/\/www.suno.com.br\/noticias\/eua-fed-tem-municao-e-espera-mais-apoio-fiscal-diz-powell\/\"><img class=\"mask\" src=\"https:\/\/www.suno.com.br\/noticias\/wp-content\/themes\/suno\/resources\/images\/spotlight\/spotlight1img\/bg-mask.png\" alt=\"Image Mask\"\/><img src=\"https:\/\/files.sunoresearch.com.br\/n\/uploads\/2020\/11\/0ce317a3-fed-400x200.webp\" alt=\"EUA: Fed tem muni\u00e7\u00e3o e espera mais apoio fiscal, diz Powell\"\/><\/a><span class=\"spotlightCategory\"><a href=\"https:\/\/www.suno.com.br\/noticias\/internacional\/\">Internacional<\/a><\/span><\/div><div class=\"cardsPage__listCard__boxs__content\"><a href=\"https:\/\/www.suno.com.br\/noticias\/eua-fed-tem-municao-e-espera-mais-apoio-fiscal-diz-powell\/\"><h2 class=\"content__title\">EUA: Fed tem muni\u00e7\u00e3o e espera mais apoio fiscal, diz Powell<\/h2><\/a><div class=\"newsContent__article__meta\"><div class=\"newsContent__article__meta__authorBox\"><a href=\"https:\/\/www.suno.com.br\/noticias\/author\/rafaela-la-regina\/\" class=\"authorBox__avatar noMobi\"><img src=\"https:\/\/secure.gravatar.com\/avatar\/d2c75a52d243deb93d0465fdcb21bd37?s=96&#038;r=g\" alt=\"Rafaela La Regina\"><\/a><div class=\"authorBox__name\"><span>por\n\t\t\t<a href=\"https:\/\/www.suno.com.br\/noticias\/author\/rafaela-la-regina\/\"><span itemprop=\"author\">Rafaela La Regina<\/span><\/a><\/span><time datetime=\"2020-11-05T20:07:11-03:00\" itemprop=\"datePublished\">05\/11\/2020 20:07<\/time><\/div><\/div><\/div><\/div><\/div>","single_layout":"posts","amp_enabled":true,"_links":{"self":[{"href":"https:\/\/www.suno.com.br\/noticias\/wp-json\/wp\/v2\/posts\/97833"}],"collection":[{"href":"https:\/\/www.suno.com.br\/noticias\/wp-json\/wp\/v2\/posts"}],"about":[{"href":"https:\/\/www.suno.com.br\/noticias\/wp-json\/wp\/v2\/types\/post"}],"author":[{"embeddable":true,"href":"https:\/\/www.suno.com.br\/noticias\/wp-json\/wp\/v2\/users\/56"}],"replies":[{"embeddable":true,"href":"https:\/\/www.suno.com.br\/noticias\/wp-json\/wp\/v2\/comments?post=97833"}],"version-history":[{"count":1,"href":"https:\/\/www.suno.com.br\/noticias\/wp-json\/wp\/v2\/posts\/97833\/revisions"}],"predecessor-version":[{"id":156817,"href":"https:\/\/www.suno.com.br\/noticias\/wp-json\/wp\/v2\/posts\/97833\/revisions\/156817"}],"wp:featuredmedia":[{"embeddable":true,"href":"https:\/\/www.suno.com.br\/noticias\/wp-json\/wp\/v2\/media\/97910"}],"wp:attachment":[{"href":"https:\/\/www.suno.com.br\/noticias\/wp-json\/wp\/v2\/media?parent=97833"}],"wp:term":[{"taxonomy":"category","embeddable":true,"href":"https:\/\/www.suno.com.br\/noticias\/wp-json\/wp\/v2\/categories?post=97833"},{"taxonomy":"post_tag","embeddable":true,"href":"https:\/\/www.suno.com.br\/noticias\/wp-json\/wp\/v2\/tags?post=97833"},{"taxonomy":"suno_strategy","embeddable":true,"href":"https:\/\/www.suno.com.br\/noticias\/wp-json\/wp\/v2\/suno_strategy?post=97833"}],"curies":[{"name":"wp","href":"https:\/\/api.w.org\/{rel}","templated":true}]}}