{"id":97752,"date":"2020-11-05T17:04:53","date_gmt":"2020-11-05T20:04:53","guid":{"rendered":"https:\/\/www.suno.com.br\/noticias\/?p=97752"},"modified":"2021-02-17T22:43:17","modified_gmt":"2021-02-18T01:43:17","slug":"restricoes-por-covid-devem-pesar-menos-sobre-economia-diz-bce","status":"publish","type":"post","link":"https:\/\/www.suno.com.br\/noticias\/restricoes-por-covid-devem-pesar-menos-sobre-economia-diz-bce\/","title":{"rendered":"Restri\u00e7\u00f5es por covid devem pesar menos sobre economia, diz BCE"},"content":{"rendered":"<p>Integrante do conselho do <a href=\"https:\/\/www.suno.com.br\/artigos\/bce\/\"><strong>Banco Central Europeu (BCE)<\/strong><\/a>, Jens Weidmann, declarou nesta quinta-feira (5) que as medidas adotadas por pa\u00edses europeus para conter a segunda onda da pandemia do coronav\u00edrus (Covid-19) influenciar\u00e3o na economia deste trimestre, entretanto, esse impacto agora deve ser &#8220;menos severo&#8221; do que no in\u00edcio da crise, j\u00e1 que as medidas para conter o problema s\u00e3o mais direcionadas e as empresas ganharam experi\u00eancia em lidar com o contexto, explicou.<\/p>\t<div class=\"wrapper-featured-image\">\n\t\t<figure class=\"spotlightImg\">\n\n\t\t\t<picture>\n\t\t\t\t<source media=\"(max-width: 768px)\" srcset=\"https:\/\/files.sunoresearch.com.br\/n\/uploads\/2020\/11\/a2fc781f-bce-400x200.webp\">\n\t\t\t\t<img loading=\"lazy\" decoding=\"async\" class=\"newsContent__article__imgCapa lazyloadDisabled \" src=\"https:\/\/files.sunoresearch.com.br\/n\/uploads\/2020\/11\/a2fc781f-bce-jpg.webp\" width=\"800\" height=\"450\" alt=\"Restri\u00e7\u00f5es por covid devem pesar menos sobre economia, diz BCE\" fetchpriority=high \/>\n\t\t\t<\/picture>\n\n\t\t\t<figcaption class=\"wp-caption-text wp-caption-text--show\">Restri\u00e7\u00f5es por covid devem pesar menos agora sobre atividade, diz BCE<\/figcaption>\n\t\t<\/figure>\n\t<\/div>\n\n\n\t<p>\n\t\t<a href=\"\" target=\"_blank\" data-element=\"shortcode-suno-banner\" title=\"Banner SUNO, clique e saiba mais\">\n\t\t\t<picture>\n\t\t\t\t<source media=\"(max-width: 500px)\" srcset=\"\">\n\t\t\t\t<img class=\"newsContent__article__imgCapa newsContent__article__imgCapa--banner\"\n\t\t\t\t\tsrc=\"\"\n\t\t\t\t\tdata-promo-id=\"97204\"\t\t\t\t\t\t\t\t\t\t\t\t\t\t\talt=\"\"\n\t\t\t\t>\n\t\t\t<\/picture>\n\t\t<\/a>\n\t<\/p>\n\n\n<p>Segundo o integrante do conselho do BCE, a retomada econ\u00f4mica na zona do euro diante da pandemia foi &#8220;significativamente mais forte do que o esperado&#8221;, por\u00e9m, pode levar tempo para que o novo coronav\u00edrus seja contido &#8220;de uma maneira sustent\u00e1vel&#8221;, revelou.<\/p>\n<p>&#8220;Do ponto de vista de hoje uma sucess\u00e3o de lockdowns e novas ondas subsequentes n\u00e3o podem ser descartadas&#8221;, alertou Weidmann.<\/p>\n<p><a href=\"https:\/\/lp.suno.com.br\/suno-one\/\">Suno One: acesse gratuitamente eBooks, Minicursos, Artigos e Video Aulas sobre investimentos com um \u00fanico cadastro. Clique para saber mais!<\/a><\/p>\n<p>Tamb\u00e9m presidente do Banco Central da Alemanha (Bundesbank), Weidmann ressaltou a import\u00e2ncia de se controlar a crise de sa\u00fade para mitigar os efeitos na economia. Al\u00e9m disso, destacou a import\u00e2ncia dos gastos fiscais, a fim de apoiar o quadro.<\/p>\n<p>O dirigente citou o aumento do gasto fiscal na zona do euro, com avan\u00e7os tamb\u00e9m dos d\u00e9ficits e das d\u00edvidas dos pa\u00edses, recomendando que os formuladores de pol\u00edticas tenham em vista os desafios de curto prazo, mas sem perder do radar aqueles de mais longo prazo, como o endividamento e seu peso sobre gera\u00e7\u00f5es futuras.<\/p>\n<div class=\"hubspot-form-wrapper\">\n\t<div id=\"single-form-target\"><\/div>\n<\/div>\n\n<h2>Pol\u00edtica monet\u00e1ria dar\u00e1 mais apoio ante segunda onda da covid-19, diz BCE<\/h2>\n<p>Integrante do conselho do Banco Central Europeu, Isabel Schnabel, declarou na \u00faltima quarta-feira (4) que a segunda onda de casos do <a href=\"https:\/\/www.suno.com.br\/noticias\/tags\/coronavirus\/\">coronav\u00edrus (Covid-19)<\/a> prejudica a atividade econ\u00f4mica dos pa\u00edses da zona do euro, desta forma, &#8220;mais apoio da pol\u00edtica monet\u00e1ria \u00e9 necess\u00e1rio&#8221;, informou. A declara\u00e7\u00e3o foi feita durante evento virtual, a confer\u00eancia &#8220;Europe and the Covid-19 Crisis &#8211; Looking back and looking forward&#8221;.<\/p>\n<p>A integrante do conselho do BCE ressaltou ainda que ser\u00e1 poss\u00edvel apoiar as condi\u00e7\u00f5es financeiras e tamb\u00e9m a atividade econ\u00f4mica, &#8220;diante de uma deteriora\u00e7\u00e3o da perspectiva de crescimento&#8221;.<\/p>\n<p><a href=\"https:\/\/www.suno.com.br\/noticias\/politica-monetaria-dara-mais-apoio-ante-segunda-onda-da-covid-19-diz-bce\/\">Saiba Mais: Pol\u00edtica monet\u00e1ria dar\u00e1 mais apoio ante segunda onda da covid-19, diz BCE<\/a><\/p>\n<p>Segundo Schnabel, nas pr\u00f3ximas semanas o conselho do Banco Central Europeu avaliar\u00e1 como poder\u00e1 apoiar melhor a economia ao longo do pr\u00f3ximo ano e para al\u00e9m disso, baseando-se na perspectiva para a infla\u00e7\u00e3o no m\u00e9dio prazo.<\/p>\n<p>Al\u00e9m disso, a dirigente do <strong>BCE<\/strong> revelou que as condi\u00e7\u00f5es t\u00eam mudado, entretanto, deve haver uma resposta proporcional aos riscos enfrentados, dando &#8220;apoio vital \u00e0 economia&#8221; e para que a infla\u00e7\u00e3o caminhe rumo \u00e0 meta do banco, informou.<\/p>\n<p>Com informa\u00e7\u00f5es do Estad\u00e3o Conte\u00fado<\/p>\n\t<p>\n\t\t<a href=\"https:\/\/lp.suno.com.br\/planilha-de-controle-de-investimentos\/\" target=\"_blank\" data-element=\"shortcode-suno-banner\" title=\"Banner SUNO, clique e saiba mais\">\n\t\t\t<picture>\n\t\t\t\t<source media=\"(max-width: 500px)\" srcset=\"https:\/\/files.sunoresearch.com.br\/n\/uploads\/2023\/03\/400x300-Controle-de-Investimentos.png\">\n\t\t\t\t<img class=\"newsContent__article__imgCapa newsContent__article__imgCapa--banner\"\n\t\t\t\t\tsrc=\"https:\/\/files.sunoresearch.com.br\/n\/uploads\/2023\/03\/1420x240-Controle-de-Investimentos.png\"\n\t\t\t\t\tdata-promo-id=\"75934\"\t\t\t\t\t\t\t\t\t\twidth='1420' height='240'\t\t\t\t\talt=\"https:\/\/files.sunoresearch.com.br\/n\/uploads\/2023\/03\/1420x240-Controle-de-Investimentos.png\"\n\t\t\t\t>\n\t\t\t<\/picture>\n\t\t<\/a>\n\t<\/p>\n\n\n","protected":false},"excerpt":{"rendered":"<p>Integrante do conselho do Banco Central Europeu (BCE), Jens Weidmann, declarou nesta quinta-feira (5) que as medidas adotadas por pa\u00edses europeus para conter a segunda onda da pandemia do coronav\u00edrus (Covid-19) influenciar\u00e3o na economia deste trimestre, entretanto, esse impacto agora deve ser &#8220;menos severo&#8221; do que no in\u00edcio da crise, j\u00e1 que as medidas para [&hellip;]<\/p>\n","protected":false},"author":56,"featured_media":97786,"comment_status":"closed","ping_status":"closed","sticky":false,"template":"","format":"standard","meta":[],"categories":[63],"tags":[863],"suno_strategy":[],"class_list":["post-97752","post","type-post","status-publish","format-standard","has-post-thumbnail","hentry","category-internacional","tag-banco-central-europeu-bce"],"yoast_head":"<!-- This site is optimized with the Yoast SEO plugin v24.4 - https:\/\/yoast.com\/wordpress\/plugins\/seo\/ -->\n<title>Restri\u00e7\u00f5es por covid devem pesar menos agora sobre atividade, diz BCE<\/title>\n<meta name=\"description\" content=\"Segundo o BCE, a retomada econ\u00f4mica na Europa foi &quot;significativamente mais forte do que o esperado&quot;. Clique aqui para saber mais.\" \/>\n<meta name=\"robots\" content=\"index, follow, max-snippet:-1, max-image-preview:large, max-video-preview:-1\" \/>\n<link rel=\"canonical\" href=\"https:\/\/www.suno.com.br\/noticias\/restricoes-por-covid-devem-pesar-menos-sobre-economia-diz-bce\/\" \/>\n<meta property=\"og:locale\" content=\"pt_BR\" \/>\n<meta property=\"og:type\" content=\"article\" \/>\n<meta property=\"og:title\" content=\"Restri\u00e7\u00f5es por covid devem pesar menos agora sobre atividade, diz BCE\" \/>\n<meta property=\"og:description\" content=\"Segundo o BCE, a retomada econ\u00f4mica na Europa foi &quot;significativamente mais forte do que o esperado&quot;. Clique aqui para saber mais.\" \/>\n<meta property=\"og:url\" content=\"https:\/\/www.suno.com.br\/noticias\/restricoes-por-covid-devem-pesar-menos-sobre-economia-diz-bce\/\" \/>\n<meta property=\"og:site_name\" content=\"Suno Not\u00edcias\" \/>\n<meta property=\"article:publisher\" content=\"https:\/\/facebook.com\/sunoresearch\" \/>\n<meta property=\"og:image\" content=\"https:\/\/files.sunoresearch.com.br\/n\/uploads\/2020\/11\/a2fc781f-bce.jpg\" \/>\n\t<meta property=\"og:image:width\" content=\"770\" \/>\n\t<meta property=\"og:image:height\" content=\"433\" \/>\n\t<meta property=\"og:image:type\" content=\"image\/jpeg\" \/>\n<meta name=\"author\" content=\"Rafaela La Regina\" \/>\n<meta name=\"twitter:card\" content=\"summary_large_image\" \/>\n<meta name=\"twitter:creator\" content=\"@sunoresearch\" \/>\n<meta name=\"twitter:site\" content=\"@sunoresearch\" \/>\n<meta name=\"twitter:label1\" content=\"Escrito por\" \/>\n\t<meta name=\"twitter:data1\" content=\"Rafaela La Regina\" \/>\n\t<meta name=\"twitter:label2\" content=\"Est. tempo de leitura\" \/>\n\t<meta name=\"twitter:data2\" content=\"3 minutos\" \/>\n<script type=\"application\/ld+json\" class=\"yoast-schema-graph\">{\"@context\":\"https:\/\/schema.org\",\"@graph\":[{\"@type\":\"NewsArticle\",\"@id\":\"https:\/\/www.suno.com.br\/noticias\/restricoes-por-covid-devem-pesar-menos-sobre-economia-diz-bce\/#article\",\"isPartOf\":{\"@id\":\"https:\/\/www.suno.com.br\/noticias\/restricoes-por-covid-devem-pesar-menos-sobre-economia-diz-bce\/\"},\"author\":{\"name\":\"Rafaela La Regina\",\"@id\":\"https:\/\/www.suno.com.br\/noticias\/#\/schema\/person\/e672ca8cea627fe715fa29bca7da95e0\"},\"headline\":\"Restri\u00e7\u00f5es por covid devem pesar menos sobre economia, diz BCE\",\"datePublished\":\"2020-11-05T20:04:53+00:00\",\"dateModified\":\"2021-02-18T01:43:17+00:00\",\"mainEntityOfPage\":{\"@id\":\"https:\/\/www.suno.com.br\/noticias\/restricoes-por-covid-devem-pesar-menos-sobre-economia-diz-bce\/\"},\"wordCount\":521,\"publisher\":{\"@id\":\"https:\/\/www.suno.com.br\/noticias\/#organization\"},\"image\":{\"@id\":\"https:\/\/www.suno.com.br\/noticias\/restricoes-por-covid-devem-pesar-menos-sobre-economia-diz-bce\/#primaryimage\"},\"thumbnailUrl\":\"https:\/\/files.sunoresearch.com.br\/n\/uploads\/2020\/11\/a2fc781f-bce-jpg.webp\",\"keywords\":[\"Banco Central Europeu (BCE)\"],\"articleSection\":[\"Internacional\"],\"inLanguage\":\"pt-BR\"},{\"@type\":\"WebPage\",\"@id\":\"https:\/\/www.suno.com.br\/noticias\/restricoes-por-covid-devem-pesar-menos-sobre-economia-diz-bce\/\",\"url\":\"https:\/\/www.suno.com.br\/noticias\/restricoes-por-covid-devem-pesar-menos-sobre-economia-diz-bce\/\",\"name\":\"Restri\u00e7\u00f5es por covid devem pesar menos agora sobre atividade, diz BCE\",\"isPartOf\":{\"@id\":\"https:\/\/www.suno.com.br\/noticias\/#website\"},\"primaryImageOfPage\":{\"@id\":\"https:\/\/www.suno.com.br\/noticias\/restricoes-por-covid-devem-pesar-menos-sobre-economia-diz-bce\/#primaryimage\"},\"image\":{\"@id\":\"https:\/\/www.suno.com.br\/noticias\/restricoes-por-covid-devem-pesar-menos-sobre-economia-diz-bce\/#primaryimage\"},\"thumbnailUrl\":\"https:\/\/files.sunoresearch.com.br\/n\/uploads\/2020\/11\/a2fc781f-bce-jpg.webp\",\"datePublished\":\"2020-11-05T20:04:53+00:00\",\"dateModified\":\"2021-02-18T01:43:17+00:00\",\"description\":\"Segundo o BCE, a retomada econ\u00f4mica na Europa foi \\\"significativamente mais forte do que o esperado\\\". Clique aqui para saber mais.\",\"breadcrumb\":{\"@id\":\"https:\/\/www.suno.com.br\/noticias\/restricoes-por-covid-devem-pesar-menos-sobre-economia-diz-bce\/#breadcrumb\"},\"inLanguage\":\"pt-BR\",\"potentialAction\":[{\"@type\":\"ReadAction\",\"target\":[\"https:\/\/www.suno.com.br\/noticias\/restricoes-por-covid-devem-pesar-menos-sobre-economia-diz-bce\/\"]}]},{\"@type\":\"ImageObject\",\"inLanguage\":\"pt-BR\",\"@id\":\"https:\/\/www.suno.com.br\/noticias\/restricoes-por-covid-devem-pesar-menos-sobre-economia-diz-bce\/#primaryimage\",\"url\":\"https:\/\/files.sunoresearch.com.br\/n\/uploads\/2020\/11\/a2fc781f-bce-jpg.webp\",\"contentUrl\":\"https:\/\/files.sunoresearch.com.br\/n\/uploads\/2020\/11\/a2fc781f-bce-jpg.webp\",\"width\":770,\"height\":433,\"caption\":\"Restri\u00e7\u00f5es por covid devem pesar menos agora sobre atividade, diz BCE\"},{\"@type\":\"BreadcrumbList\",\"@id\":\"https:\/\/www.suno.com.br\/noticias\/restricoes-por-covid-devem-pesar-menos-sobre-economia-diz-bce\/#breadcrumb\",\"itemListElement\":[{\"@type\":\"ListItem\",\"position\":1,\"name\":\"Not\u00edcias\",\"item\":\"https:\/\/www.suno.com.br\/noticias\/\"},{\"@type\":\"ListItem\",\"position\":2,\"name\":\"Internacional\",\"item\":\"https:\/\/www.suno.com.br\/noticias\/internacional\/\"},{\"@type\":\"ListItem\",\"position\":3,\"name\":\"Restri\u00e7\u00f5es por covid devem pesar menos sobre economia, diz BCE\"}]},{\"@type\":\"WebSite\",\"@id\":\"https:\/\/www.suno.com.br\/noticias\/#website\",\"url\":\"https:\/\/www.suno.com.br\/noticias\/\",\"name\":\"Suno Not\u00edcias\",\"description\":\"Seu portal de informa\u00e7\u00e3o sobre o mundo dos investimentos\",\"publisher\":{\"@id\":\"https:\/\/www.suno.com.br\/noticias\/#organization\"},\"potentialAction\":[{\"@type\":\"SearchAction\",\"target\":{\"@type\":\"EntryPoint\",\"urlTemplate\":\"https:\/\/www.suno.com.br\/noticias\/?s={search_term_string}\"},\"query-input\":{\"@type\":\"PropertyValueSpecification\",\"valueRequired\":true,\"valueName\":\"search_term_string\"}}],\"inLanguage\":\"pt-BR\"},{\"@type\":\"Organization\",\"@id\":\"https:\/\/www.suno.com.br\/noticias\/#organization\",\"name\":\"Suno Not\u00edcias\",\"url\":\"https:\/\/www.suno.com.br\/noticias\/\",\"logo\":{\"@type\":\"ImageObject\",\"inLanguage\":\"pt-BR\",\"@id\":\"https:\/\/www.suno.com.br\/noticias\/#\/schema\/logo\/image\/\",\"url\":\"https:\/\/files.sunoresearch.com.br\/n\/uploads\/2021\/09\/suno-logo.png\",\"contentUrl\":\"https:\/\/files.sunoresearch.com.br\/n\/uploads\/2021\/09\/suno-logo.png\",\"width\":180,\"height\":180,\"caption\":\"Suno Not\u00edcias\"},\"image\":{\"@id\":\"https:\/\/www.suno.com.br\/noticias\/#\/schema\/logo\/image\/\"},\"sameAs\":[\"https:\/\/facebook.com\/sunoresearch\",\"https:\/\/x.com\/sunoresearch\",\"https:\/\/www.instagram.com\/suno\",\"https:\/\/www.linkedin.com\/company\/suno-research\/\",\"https:\/\/www.youtube.com\/c\/sunoresearch\"]},{\"@type\":\"Person\",\"@id\":\"https:\/\/www.suno.com.br\/noticias\/#\/schema\/person\/e672ca8cea627fe715fa29bca7da95e0\",\"name\":\"Rafaela La Regina\",\"image\":{\"@type\":\"ImageObject\",\"inLanguage\":\"pt-BR\",\"@id\":\"https:\/\/www.suno.com.br\/noticias\/#\/schema\/person\/image\/\",\"url\":\"https:\/\/secure.gravatar.com\/avatar\/d2c75a52d243deb93d0465fdcb21bd37?s=96&r=g\",\"contentUrl\":\"https:\/\/secure.gravatar.com\/avatar\/d2c75a52d243deb93d0465fdcb21bd37?s=96&r=g\",\"caption\":\"Rafaela La Regina\"},\"description\":\"Estagi\u00e1ria no Suno Not\u00edcias. Escreve sobre economia, pol\u00edtica e neg\u00f3cios. Estuda Rela\u00e7\u00f5es Internacionais no IBMEC-SP.\",\"url\":\"https:\/\/www.suno.com.br\/noticias\/author\/rafaela-la-regina\/\"}]}<\/script>\n<!-- \/ Yoast SEO plugin. -->","yoast_head_json":{"title":"Restri\u00e7\u00f5es por covid devem pesar menos agora sobre atividade, diz BCE","description":"Segundo o BCE, a retomada econ\u00f4mica na Europa foi \"significativamente mais forte do que o esperado\". Clique aqui para saber mais.","robots":{"index":"index","follow":"follow","max-snippet":"max-snippet:-1","max-image-preview":"max-image-preview:large","max-video-preview":"max-video-preview:-1"},"canonical":"https:\/\/www.suno.com.br\/noticias\/restricoes-por-covid-devem-pesar-menos-sobre-economia-diz-bce\/","og_locale":"pt_BR","og_type":"article","og_title":"Restri\u00e7\u00f5es por covid devem pesar menos agora sobre atividade, diz BCE","og_description":"Segundo o BCE, a retomada econ\u00f4mica na Europa foi \"significativamente mais forte do que o esperado\". Clique aqui para saber mais.","og_url":"https:\/\/www.suno.com.br\/noticias\/restricoes-por-covid-devem-pesar-menos-sobre-economia-diz-bce\/","og_site_name":"Suno Not\u00edcias","article_publisher":"https:\/\/facebook.com\/sunoresearch","og_image":[{"width":770,"height":433,"url":"https:\/\/files.sunoresearch.com.br\/n\/uploads\/2020\/11\/a2fc781f-bce.jpg","type":"image\/jpeg"}],"author":"Rafaela La Regina","twitter_card":"summary_large_image","twitter_creator":"@sunoresearch","twitter_site":"@sunoresearch","twitter_misc":{"Escrito por":"Rafaela La Regina","Est. tempo de leitura":"3 minutos"},"schema":{"@context":"https:\/\/schema.org","@graph":[{"@type":"NewsArticle","@id":"https:\/\/www.suno.com.br\/noticias\/restricoes-por-covid-devem-pesar-menos-sobre-economia-diz-bce\/#article","isPartOf":{"@id":"https:\/\/www.suno.com.br\/noticias\/restricoes-por-covid-devem-pesar-menos-sobre-economia-diz-bce\/"},"author":{"name":"Rafaela La Regina","@id":"https:\/\/www.suno.com.br\/noticias\/#\/schema\/person\/e672ca8cea627fe715fa29bca7da95e0"},"headline":"Restri\u00e7\u00f5es por covid devem pesar menos sobre economia, diz BCE","datePublished":"2020-11-05T20:04:53+00:00","dateModified":"2021-02-18T01:43:17+00:00","mainEntityOfPage":{"@id":"https:\/\/www.suno.com.br\/noticias\/restricoes-por-covid-devem-pesar-menos-sobre-economia-diz-bce\/"},"wordCount":521,"publisher":{"@id":"https:\/\/www.suno.com.br\/noticias\/#organization"},"image":{"@id":"https:\/\/www.suno.com.br\/noticias\/restricoes-por-covid-devem-pesar-menos-sobre-economia-diz-bce\/#primaryimage"},"thumbnailUrl":"https:\/\/files.sunoresearch.com.br\/n\/uploads\/2020\/11\/a2fc781f-bce-jpg.webp","keywords":["Banco Central Europeu (BCE)"],"articleSection":["Internacional"],"inLanguage":"pt-BR"},{"@type":"WebPage","@id":"https:\/\/www.suno.com.br\/noticias\/restricoes-por-covid-devem-pesar-menos-sobre-economia-diz-bce\/","url":"https:\/\/www.suno.com.br\/noticias\/restricoes-por-covid-devem-pesar-menos-sobre-economia-diz-bce\/","name":"Restri\u00e7\u00f5es por covid devem pesar menos agora sobre atividade, diz BCE","isPartOf":{"@id":"https:\/\/www.suno.com.br\/noticias\/#website"},"primaryImageOfPage":{"@id":"https:\/\/www.suno.com.br\/noticias\/restricoes-por-covid-devem-pesar-menos-sobre-economia-diz-bce\/#primaryimage"},"image":{"@id":"https:\/\/www.suno.com.br\/noticias\/restricoes-por-covid-devem-pesar-menos-sobre-economia-diz-bce\/#primaryimage"},"thumbnailUrl":"https:\/\/files.sunoresearch.com.br\/n\/uploads\/2020\/11\/a2fc781f-bce-jpg.webp","datePublished":"2020-11-05T20:04:53+00:00","dateModified":"2021-02-18T01:43:17+00:00","description":"Segundo o BCE, a retomada econ\u00f4mica na Europa foi \"significativamente mais forte do que o esperado\". Clique aqui para saber mais.","breadcrumb":{"@id":"https:\/\/www.suno.com.br\/noticias\/restricoes-por-covid-devem-pesar-menos-sobre-economia-diz-bce\/#breadcrumb"},"inLanguage":"pt-BR","potentialAction":[{"@type":"ReadAction","target":["https:\/\/www.suno.com.br\/noticias\/restricoes-por-covid-devem-pesar-menos-sobre-economia-diz-bce\/"]}]},{"@type":"ImageObject","inLanguage":"pt-BR","@id":"https:\/\/www.suno.com.br\/noticias\/restricoes-por-covid-devem-pesar-menos-sobre-economia-diz-bce\/#primaryimage","url":"https:\/\/files.sunoresearch.com.br\/n\/uploads\/2020\/11\/a2fc781f-bce-jpg.webp","contentUrl":"https:\/\/files.sunoresearch.com.br\/n\/uploads\/2020\/11\/a2fc781f-bce-jpg.webp","width":770,"height":433,"caption":"Restri\u00e7\u00f5es por covid devem pesar menos agora sobre atividade, diz BCE"},{"@type":"BreadcrumbList","@id":"https:\/\/www.suno.com.br\/noticias\/restricoes-por-covid-devem-pesar-menos-sobre-economia-diz-bce\/#breadcrumb","itemListElement":[{"@type":"ListItem","position":1,"name":"Not\u00edcias","item":"https:\/\/www.suno.com.br\/noticias\/"},{"@type":"ListItem","position":2,"name":"Internacional","item":"https:\/\/www.suno.com.br\/noticias\/internacional\/"},{"@type":"ListItem","position":3,"name":"Restri\u00e7\u00f5es por covid devem pesar menos sobre economia, diz BCE"}]},{"@type":"WebSite","@id":"https:\/\/www.suno.com.br\/noticias\/#website","url":"https:\/\/www.suno.com.br\/noticias\/","name":"Suno Not\u00edcias","description":"Seu portal de informa\u00e7\u00e3o sobre o mundo dos investimentos","publisher":{"@id":"https:\/\/www.suno.com.br\/noticias\/#organization"},"potentialAction":[{"@type":"SearchAction","target":{"@type":"EntryPoint","urlTemplate":"https:\/\/www.suno.com.br\/noticias\/?s={search_term_string}"},"query-input":{"@type":"PropertyValueSpecification","valueRequired":true,"valueName":"search_term_string"}}],"inLanguage":"pt-BR"},{"@type":"Organization","@id":"https:\/\/www.suno.com.br\/noticias\/#organization","name":"Suno Not\u00edcias","url":"https:\/\/www.suno.com.br\/noticias\/","logo":{"@type":"ImageObject","inLanguage":"pt-BR","@id":"https:\/\/www.suno.com.br\/noticias\/#\/schema\/logo\/image\/","url":"https:\/\/files.sunoresearch.com.br\/n\/uploads\/2021\/09\/suno-logo.png","contentUrl":"https:\/\/files.sunoresearch.com.br\/n\/uploads\/2021\/09\/suno-logo.png","width":180,"height":180,"caption":"Suno Not\u00edcias"},"image":{"@id":"https:\/\/www.suno.com.br\/noticias\/#\/schema\/logo\/image\/"},"sameAs":["https:\/\/facebook.com\/sunoresearch","https:\/\/x.com\/sunoresearch","https:\/\/www.instagram.com\/suno","https:\/\/www.linkedin.com\/company\/suno-research\/","https:\/\/www.youtube.com\/c\/sunoresearch"]},{"@type":"Person","@id":"https:\/\/www.suno.com.br\/noticias\/#\/schema\/person\/e672ca8cea627fe715fa29bca7da95e0","name":"Rafaela La Regina","image":{"@type":"ImageObject","inLanguage":"pt-BR","@id":"https:\/\/www.suno.com.br\/noticias\/#\/schema\/person\/image\/","url":"https:\/\/secure.gravatar.com\/avatar\/d2c75a52d243deb93d0465fdcb21bd37?s=96&r=g","contentUrl":"https:\/\/secure.gravatar.com\/avatar\/d2c75a52d243deb93d0465fdcb21bd37?s=96&r=g","caption":"Rafaela La Regina"},"description":"Estagi\u00e1ria no Suno Not\u00edcias. Escreve sobre economia, pol\u00edtica e neg\u00f3cios. Estuda Rela\u00e7\u00f5es Internacionais no IBMEC-SP.","url":"https:\/\/www.suno.com.br\/noticias\/author\/rafaela-la-regina\/"}]}},"default_loop_html":"<div class=\"cardsPage__listCard__boxs\"><div class=\"cardsPage__listCard__boxs__img\"><a href=\"https:\/\/www.suno.com.br\/noticias\/restricoes-por-covid-devem-pesar-menos-sobre-economia-diz-bce\/\"><img class=\"mask\" src=\"https:\/\/www.suno.com.br\/noticias\/wp-content\/themes\/suno\/resources\/images\/spotlight\/spotlight1img\/bg-mask.png\" alt=\"Image Mask\"\/><img src=\"https:\/\/files.sunoresearch.com.br\/n\/uploads\/2020\/11\/a2fc781f-bce-400x200.webp\" alt=\"Restri\u00e7\u00f5es por covid devem pesar menos sobre economia, diz BCE\"\/><\/a><span class=\"spotlightCategory\"><a href=\"https:\/\/www.suno.com.br\/noticias\/internacional\/\">Internacional<\/a><\/span><\/div><div class=\"cardsPage__listCard__boxs__content\"><a href=\"https:\/\/www.suno.com.br\/noticias\/restricoes-por-covid-devem-pesar-menos-sobre-economia-diz-bce\/\"><h2 class=\"content__title\">Restri\u00e7\u00f5es por covid devem pesar menos sobre economia, diz BCE<\/h2><\/a><div class=\"newsContent__article__meta\"><div class=\"newsContent__article__meta__authorBox\"><a href=\"https:\/\/www.suno.com.br\/noticias\/author\/rafaela-la-regina\/\" class=\"authorBox__avatar noMobi\"><img src=\"https:\/\/secure.gravatar.com\/avatar\/d2c75a52d243deb93d0465fdcb21bd37?s=96&#038;r=g\" alt=\"Rafaela La Regina\"><\/a><div class=\"authorBox__name\"><span>por\n\t\t\t<a href=\"https:\/\/www.suno.com.br\/noticias\/author\/rafaela-la-regina\/\"><span itemprop=\"author\">Rafaela La Regina<\/span><\/a><\/span><time datetime=\"2020-11-05T17:04:53-03:00\" itemprop=\"datePublished\">05\/11\/2020 17:04<\/time><\/div><\/div><\/div><\/div><\/div>","single_layout":"posts","amp_enabled":true,"_links":{"self":[{"href":"https:\/\/www.suno.com.br\/noticias\/wp-json\/wp\/v2\/posts\/97752"}],"collection":[{"href":"https:\/\/www.suno.com.br\/noticias\/wp-json\/wp\/v2\/posts"}],"about":[{"href":"https:\/\/www.suno.com.br\/noticias\/wp-json\/wp\/v2\/types\/post"}],"author":[{"embeddable":true,"href":"https:\/\/www.suno.com.br\/noticias\/wp-json\/wp\/v2\/users\/56"}],"replies":[{"embeddable":true,"href":"https:\/\/www.suno.com.br\/noticias\/wp-json\/wp\/v2\/comments?post=97752"}],"version-history":[{"count":0,"href":"https:\/\/www.suno.com.br\/noticias\/wp-json\/wp\/v2\/posts\/97752\/revisions"}],"wp:featuredmedia":[{"embeddable":true,"href":"https:\/\/www.suno.com.br\/noticias\/wp-json\/wp\/v2\/media\/97786"}],"wp:attachment":[{"href":"https:\/\/www.suno.com.br\/noticias\/wp-json\/wp\/v2\/media?parent=97752"}],"wp:term":[{"taxonomy":"category","embeddable":true,"href":"https:\/\/www.suno.com.br\/noticias\/wp-json\/wp\/v2\/categories?post=97752"},{"taxonomy":"post_tag","embeddable":true,"href":"https:\/\/www.suno.com.br\/noticias\/wp-json\/wp\/v2\/tags?post=97752"},{"taxonomy":"suno_strategy","embeddable":true,"href":"https:\/\/www.suno.com.br\/noticias\/wp-json\/wp\/v2\/suno_strategy?post=97752"}],"curies":[{"name":"wp","href":"https:\/\/api.w.org\/{rel}","templated":true}]}}