{"id":97710,"date":"2020-11-05T13:01:38","date_gmt":"2020-11-05T16:01:38","guid":{"rendered":"https:\/\/www.suno.com.br\/noticias\/?p=97710"},"modified":"2021-02-17T22:45:31","modified_gmt":"2021-02-18T01:45:31","slug":"real-digital-paulo-guedes-confirma-moeda-eletronica","status":"publish","type":"post","link":"https:\/\/www.suno.com.br\/noticias\/real-digital-paulo-guedes-confirma-moeda-eletronica\/","title":{"rendered":"Real digital: Paulo Guedes confirma que Brasil ter\u00e1 moeda eletr\u00f4nica"},"content":{"rendered":"<p>O ministro da Economia, <a href=\"https:\/\/www.suno.com.br\/tudo-sobre\/paulo-guedes\/\">Paulo Guedes<\/a>, disse, na noite da \u00faltima quarta-feira (4), que o Brasil ter\u00e1 uma moeda digital. O <strong>real digital<\/strong> tem sido estudado pelo Banco Central desde agosto, mas n\u00e3o haviam sido divulgadas novas informa\u00e7\u00f5es.<\/p>\t<div class=\"wrapper-featured-image\">\n\t\t<figure class=\"spotlightImg\">\n\n\t\t\t<picture>\n\t\t\t\t<source media=\"(max-width: 768px)\" srcset=\"https:\/\/files.sunoresearch.com.br\/n\/uploads\/2020\/11\/f4e4ea07-jairbolsonaro-auxilioemergencial-pauloguedes-covid19-cironogueira-eduardogomes-arthurlira-palaciodaalvorada-134-scaled-1-400x200.webp\">\n\t\t\t\t<img loading=\"lazy\" decoding=\"async\" class=\"newsContent__article__imgCapa lazyloadDisabled \" src=\"https:\/\/files.sunoresearch.com.br\/n\/uploads\/2020\/11\/f4e4ea07-jairbolsonaro-auxilioemergencial-pauloguedes-covid19-cironogueira-eduardogomes-arthurlira-palaciodaalvorada-134-scaled-1-800x450.webp\" width=\"800\" height=\"450\" alt=\"Real digital: Paulo Guedes confirma que Brasil ter\u00e1 moeda eletr\u00f4nica\" fetchpriority=high \/>\n\t\t\t<\/picture>\n\n\t\t\t<figcaption class=\"wp-caption-text wp-caption-text--show\">Paulo Guedes afirmou que o Produto Interno Bruto (PIB) poder\u00e1 crescer de &quot;3%, 3,5%, at\u00e9 4% no ano que vem&quot;. <\/figcaption>\n\t\t<\/figure>\n\t<\/div>\n\n\n\t<p>\n\t\t<a href=\"\" target=\"_blank\" data-element=\"shortcode-suno-banner\" title=\"Banner SUNO, clique e saiba mais\">\n\t\t\t<picture>\n\t\t\t\t<source media=\"(max-width: 500px)\" srcset=\"\">\n\t\t\t\t<img class=\"newsContent__article__imgCapa newsContent__article__imgCapa--banner\"\n\t\t\t\t\tsrc=\"\"\n\t\t\t\t\tdata-promo-id=\"97204\"\t\t\t\t\t\t\t\t\t\t\t\t\t\t\talt=\"\"\n\t\t\t\t>\n\t\t\t<\/picture>\n\t\t<\/a>\n\t<\/p>\n\n\n<p>Em um evento da Caixa Econ\u00f4mica Federal, em cerim\u00f4nia \u00e0 marca de 100 milh\u00f5es de Poupan\u00e7as Digitais do banco estatal, <strong>Guedes<\/strong> disse que \u201ccom o Banco Central aut\u00f4nomo novamente, ent\u00e3o isso \u00e9 algo extraordin\u00e1rio, tamb\u00e9m na dimens\u00e3o digital. O <strong>Pix<\/strong>, o <a href=\"https:\/\/www.suno.com.br\/noticias\/entenda-como-vai-funcionar-a-proposta-de-open-banking\/\">open banking<\/a>, as <em>fintechs<\/em> e a moeda digital. O Brasil ter\u00e1 a moeda digital&#8221;, referindo-se ao real digital.<\/p>\n<p>Essa foi a primeira ocasi\u00e3o em que o ministro falou sobre o tema. Por mais que n\u00e3o tenha dado mais informa\u00e7\u00f5es sobre os estudos do <strong>BC<\/strong>, ele disse que o Brasil est\u00e1 \u00e0 frente de muitos pa\u00edses. Guedes comentou que o Pa\u00eds tem o quarto maior mercado digital do mundo &#8212; fato que j\u00e1 foi utilizado por ele na defesa de um imposto sobre transa\u00e7\u00f5es digitais.<\/p>\n<p><a href=\"https:\/\/lp.suno.com.br\/suno-one\/\">Suno One: acesse gratuitamente eBooks, Minicursos, Artigos e Video Aulas sobre investimentos com um \u00fanico cadastro. Clique para saber mais!<\/a><\/p>\n<h2>Banco Central estuda o real digital<\/h2>\n<p>A autoridade monet\u00e1ria central do Pa\u00eds informou, em agosto, <a href=\"https:\/\/www.suno.com.br\/noticias\/bc-grupo-avaliar-emissao-moeda-digital-brasil\/\">que havia levantado um grupo de estudo para uma poss\u00edvel emiss\u00e3o de uma moeda digital<\/a> equivalente ao <strong>real<\/strong>. O presidente da autarquia, Roberto Campos Neto, j\u00e1 chegou a dizer que o Brasil precisa de um &#8220;aperfei\u00e7oamento na moeda e que isso se dar\u00e1 no \u00e2mbito do Pix.<\/p>\n<div class=\"hubspot-form-wrapper\">\n\t<div id=\"single-form-target\"><\/div>\n<\/div>\n\n<p>\u201cNo nosso caso, \u00e9 muito importante o Pix, porque vemos daqui para a frente a uni\u00e3o de uma forma de pagamento instant\u00e2neo, aberto e interoper\u00e1vel, com um sistema de dados aberto. Onde eles se encontram em algum momento l\u00e1 na frente junto com uma moeda que tem que ser aperfei\u00e7oada\u201d, disse Campos Neto em um evento do Pix.<\/p>\n<p>O grupo de estudo criado pelo BC tem um prazo de 180 dias, prorrog\u00e1vel para mais 180 dias, com o intuito de elaborar um relat\u00f3rio final sobre o tema. Campos Neto j\u00e1 indicou que a cria\u00e7\u00e3o da <strong>moeda digital<\/strong> no Brasil pode ocorrer em 2022.<\/p>\n\t<div data-element=\"shortcode-read-more\" class=\"knowMore\">\n\t\t\t\t<span class=\"knowMore__title\">Saiba mais<\/span>\n\t\t\t\t<a class=\"knowMore__link\" href=\"https:\/\/www.suno.com.br\/noticias\/bc-grupo-avaliar-emissao-moeda-digital-brasil\/\">\n\t\t\tBC monta grupo para avaliar emiss\u00e3o de moeda digital no Brasil\t\t<\/a>\n\t<\/div>\n\n\n<p>Os estudos t\u00eam sido realizados no \u00e2mbito da CBDC, sigla para <em>Central Bank Digital Currencies<\/em>, ou Moeda Digital de Bancos Centrais, em tradu\u00e7\u00e3o livre. No m\u00eas passado, a China distribuiu US$ 1,5 milh\u00e3o para testar sua moeda digital. O <strong>Banco Popular da China<\/strong> utilizou a ferramenta para testar a tecnologia e fomentar a economia em meio \u00e0 pandemia.<\/p>\n<p>O pr\u00f3prio <a href=\"https:\/\/www.suno.com.br\/artigos\/fed\/\">Federal Reseve (<strong>Fed<\/strong>)<\/a>, Banco Central dos Estados Unidos, se rendeu \u00e0 moeda digital. Embora tenha dito que &#8220;<a href=\"https:\/\/www.suno.com.br\/noticias\/fed-ha-grande-trabalho-a-fazer-antes-de-decisao-sobre-moedas-digitais-diz-powell\/\">h\u00e1 um grande trabalho a fazer antes da decis\u00e3o sobre moedas digitais<\/a>&#8220;, Jerome Powell, presidente da institui\u00e7\u00e3o, afirmou em outubro que estuda uma vers\u00e3o virtual do d\u00f3lar para melhorar o sistema de pagamentos do pa\u00eds.<\/p>\n<p>A declara\u00e7\u00e3o sobre o avan\u00e7o do <strong>real digital<\/strong> vem logo ap\u00f3s Guedes dizer que o governo federal avalia a <a href=\"https:\/\/www.suno.com.br\/artigos\/ipo\/\">oferta p\u00fablica inicial de a\u00e7\u00f5es (IPO<\/a>, na sigla em ingl\u00eas) do bra\u00e7o digital da Caixa para os pr\u00f3ximos seis meses. &#8220;<a href=\"https:\/\/www.suno.com.br\/noticias\/governo-planeja-ipo-braco-digital-caixa\/\">Quanto vale um banco com 64 milh\u00f5es de pessoas?<\/a>&#8220;, alegou o ministro.<\/p>\n\t<p>\n\t\t<a href=\"https:\/\/lp.suno.com.br\/planilha-de-controle-de-investimentos\/\" target=\"_blank\" data-element=\"shortcode-suno-banner\" title=\"Banner SUNO, clique e saiba mais\">\n\t\t\t<picture>\n\t\t\t\t<source media=\"(max-width: 500px)\" srcset=\"https:\/\/files.sunoresearch.com.br\/n\/uploads\/2023\/03\/400x300-Controle-de-Investimentos.png\">\n\t\t\t\t<img class=\"newsContent__article__imgCapa newsContent__article__imgCapa--banner\"\n\t\t\t\t\tsrc=\"https:\/\/files.sunoresearch.com.br\/n\/uploads\/2023\/03\/1420x240-Controle-de-Investimentos.png\"\n\t\t\t\t\tdata-promo-id=\"75934\"\t\t\t\t\t\t\t\t\t\twidth='1420' height='240'\t\t\t\t\talt=\"https:\/\/files.sunoresearch.com.br\/n\/uploads\/2023\/03\/1420x240-Controle-de-Investimentos.png\"\n\t\t\t\t>\n\t\t\t<\/picture>\n\t\t<\/a>\n\t<\/p>\n\n\n","protected":false},"excerpt":{"rendered":"<p>O ministro da Economia, Paulo Guedes, disse, na noite da \u00faltima quarta-feira (4), que o Brasil ter\u00e1 uma moeda digital. O real digital tem sido estudado pelo Banco Central desde agosto, mas n\u00e3o haviam sido divulgadas novas informa\u00e7\u00f5es. Paulo Guedes afirmou que o Produto Interno Bruto (PIB) poder\u00e1 crescer de &quot;3%, 3,5%, at\u00e9 4% no [&hellip;]<\/p>\n","protected":false},"author":24,"featured_media":97711,"comment_status":"closed","ping_status":"closed","sticky":false,"template":"","format":"standard","meta":[],"categories":[62],"tags":[1842,96163,796,104906],"suno_strategy":[],"class_list":["post-97710","post","type-post","status-publish","format-standard","has-post-thumbnail","hentry","category-economia","tag-banco-central-bc","tag-moeda-digital","tag-paulo-guedes","tag-real-digital"],"yoast_head":"<!-- This site is optimized with the Yoast SEO plugin v24.4 - https:\/\/yoast.com\/wordpress\/plugins\/seo\/ -->\n<title>Real digital: Paulo Guedes confirma que Brasil ter\u00e1 moeda eletr\u00f4nica<\/title>\n<meta name=\"description\" content=\"O ministro Paulo Guedes disse que o Brasil ter\u00e1 uma moeda digital. O real digital tem sido estudado pelo BC deste agosto. Saiba mais.\" \/>\n<meta name=\"robots\" content=\"index, follow, max-snippet:-1, max-image-preview:large, max-video-preview:-1\" \/>\n<link rel=\"canonical\" href=\"https:\/\/www.suno.com.br\/noticias\/real-digital-paulo-guedes-confirma-moeda-eletronica\/\" \/>\n<meta property=\"og:locale\" content=\"pt_BR\" \/>\n<meta property=\"og:type\" content=\"article\" \/>\n<meta property=\"og:title\" content=\"Real digital: Paulo Guedes confirma que Brasil ter\u00e1 moeda eletr\u00f4nica\" \/>\n<meta property=\"og:description\" content=\"O ministro Paulo Guedes disse que o Brasil ter\u00e1 uma moeda digital. O real digital tem sido estudado pelo BC deste agosto. Saiba mais.\" \/>\n<meta property=\"og:url\" content=\"https:\/\/www.suno.com.br\/noticias\/real-digital-paulo-guedes-confirma-moeda-eletronica\/\" \/>\n<meta property=\"og:site_name\" content=\"Suno Not\u00edcias\" \/>\n<meta property=\"article:publisher\" content=\"https:\/\/facebook.com\/sunoresearch\" \/>\n<meta property=\"og:image\" content=\"https:\/\/files.sunoresearch.com.br\/n\/uploads\/2020\/11\/f4e4ea07-jairbolsonaro-auxilioemergencial-pauloguedes-covid19-cironogueira-eduardogomes-arthurlira-palaciodaalvorada-134-scaled-1.jpg\" \/>\n\t<meta property=\"og:image:width\" content=\"2560\" \/>\n\t<meta property=\"og:image:height\" content=\"1706\" \/>\n\t<meta property=\"og:image:type\" content=\"image\/jpeg\" \/>\n<meta name=\"author\" content=\"Jader Lazarini\" \/>\n<meta name=\"twitter:card\" content=\"summary_large_image\" \/>\n<meta name=\"twitter:creator\" content=\"@sunoresearch\" \/>\n<meta name=\"twitter:site\" content=\"@sunoresearch\" \/>\n<meta name=\"twitter:label1\" content=\"Escrito por\" \/>\n\t<meta name=\"twitter:data1\" content=\"Jader Lazarini\" \/>\n\t<meta name=\"twitter:label2\" content=\"Est. tempo de leitura\" \/>\n\t<meta name=\"twitter:data2\" content=\"3 minutos\" \/>\n<script type=\"application\/ld+json\" class=\"yoast-schema-graph\">{\"@context\":\"https:\/\/schema.org\",\"@graph\":[{\"@type\":\"NewsArticle\",\"@id\":\"https:\/\/www.suno.com.br\/noticias\/real-digital-paulo-guedes-confirma-moeda-eletronica\/#article\",\"isPartOf\":{\"@id\":\"https:\/\/www.suno.com.br\/noticias\/real-digital-paulo-guedes-confirma-moeda-eletronica\/\"},\"author\":{\"name\":\"Jader Lazarini\",\"@id\":\"https:\/\/www.suno.com.br\/noticias\/#\/schema\/person\/918d79de1f0281f01599b93f9ea6e23f\"},\"headline\":\"Real digital: Paulo Guedes confirma que Brasil ter\u00e1 moeda eletr\u00f4nica\",\"datePublished\":\"2020-11-05T16:01:38+00:00\",\"dateModified\":\"2021-02-18T01:45:31+00:00\",\"mainEntityOfPage\":{\"@id\":\"https:\/\/www.suno.com.br\/noticias\/real-digital-paulo-guedes-confirma-moeda-eletronica\/\"},\"wordCount\":583,\"publisher\":{\"@id\":\"https:\/\/www.suno.com.br\/noticias\/#organization\"},\"image\":{\"@id\":\"https:\/\/www.suno.com.br\/noticias\/real-digital-paulo-guedes-confirma-moeda-eletronica\/#primaryimage\"},\"thumbnailUrl\":\"https:\/\/files.sunoresearch.com.br\/n\/uploads\/2020\/11\/f4e4ea07-jairbolsonaro-auxilioemergencial-pauloguedes-covid19-cironogueira-eduardogomes-arthurlira-palaciodaalvorada-134-scaled-1-jpg.webp\",\"keywords\":[\"Banco Central (BC)\",\"moeda digital\",\"Paulo Guedes\",\"Real digital\"],\"articleSection\":[\"Economia\"],\"inLanguage\":\"pt-BR\"},{\"@type\":\"WebPage\",\"@id\":\"https:\/\/www.suno.com.br\/noticias\/real-digital-paulo-guedes-confirma-moeda-eletronica\/\",\"url\":\"https:\/\/www.suno.com.br\/noticias\/real-digital-paulo-guedes-confirma-moeda-eletronica\/\",\"name\":\"Real digital: Paulo Guedes confirma que Brasil ter\u00e1 moeda eletr\u00f4nica\",\"isPartOf\":{\"@id\":\"https:\/\/www.suno.com.br\/noticias\/#website\"},\"primaryImageOfPage\":{\"@id\":\"https:\/\/www.suno.com.br\/noticias\/real-digital-paulo-guedes-confirma-moeda-eletronica\/#primaryimage\"},\"image\":{\"@id\":\"https:\/\/www.suno.com.br\/noticias\/real-digital-paulo-guedes-confirma-moeda-eletronica\/#primaryimage\"},\"thumbnailUrl\":\"https:\/\/files.sunoresearch.com.br\/n\/uploads\/2020\/11\/f4e4ea07-jairbolsonaro-auxilioemergencial-pauloguedes-covid19-cironogueira-eduardogomes-arthurlira-palaciodaalvorada-134-scaled-1-jpg.webp\",\"datePublished\":\"2020-11-05T16:01:38+00:00\",\"dateModified\":\"2021-02-18T01:45:31+00:00\",\"description\":\"O ministro Paulo Guedes disse que o Brasil ter\u00e1 uma moeda digital. O real digital tem sido estudado pelo BC deste agosto. Saiba mais.\",\"breadcrumb\":{\"@id\":\"https:\/\/www.suno.com.br\/noticias\/real-digital-paulo-guedes-confirma-moeda-eletronica\/#breadcrumb\"},\"inLanguage\":\"pt-BR\",\"potentialAction\":[{\"@type\":\"ReadAction\",\"target\":[\"https:\/\/www.suno.com.br\/noticias\/real-digital-paulo-guedes-confirma-moeda-eletronica\/\"]}]},{\"@type\":\"ImageObject\",\"inLanguage\":\"pt-BR\",\"@id\":\"https:\/\/www.suno.com.br\/noticias\/real-digital-paulo-guedes-confirma-moeda-eletronica\/#primaryimage\",\"url\":\"https:\/\/files.sunoresearch.com.br\/n\/uploads\/2020\/11\/f4e4ea07-jairbolsonaro-auxilioemergencial-pauloguedes-covid19-cironogueira-eduardogomes-arthurlira-palaciodaalvorada-134-scaled-1-jpg.webp\",\"contentUrl\":\"https:\/\/files.sunoresearch.com.br\/n\/uploads\/2020\/11\/f4e4ea07-jairbolsonaro-auxilioemergencial-pauloguedes-covid19-cironogueira-eduardogomes-arthurlira-palaciodaalvorada-134-scaled-1-jpg.webp\",\"width\":2560,\"height\":1706,\"caption\":\"Paulo Guedes afirmou que o Produto Interno Bruto (PIB) poder\u00e1 crescer de \\\"3%, 3,5%, at\u00e9 4% no ano que vem\\\".\"},{\"@type\":\"BreadcrumbList\",\"@id\":\"https:\/\/www.suno.com.br\/noticias\/real-digital-paulo-guedes-confirma-moeda-eletronica\/#breadcrumb\",\"itemListElement\":[{\"@type\":\"ListItem\",\"position\":1,\"name\":\"Not\u00edcias\",\"item\":\"https:\/\/www.suno.com.br\/noticias\/\"},{\"@type\":\"ListItem\",\"position\":2,\"name\":\"Economia\",\"item\":\"https:\/\/www.suno.com.br\/noticias\/economia\/\"},{\"@type\":\"ListItem\",\"position\":3,\"name\":\"Real digital: Paulo Guedes confirma que Brasil ter\u00e1 moeda eletr\u00f4nica\"}]},{\"@type\":\"WebSite\",\"@id\":\"https:\/\/www.suno.com.br\/noticias\/#website\",\"url\":\"https:\/\/www.suno.com.br\/noticias\/\",\"name\":\"Suno Not\u00edcias\",\"description\":\"Seu portal de informa\u00e7\u00e3o sobre o mundo dos investimentos\",\"publisher\":{\"@id\":\"https:\/\/www.suno.com.br\/noticias\/#organization\"},\"potentialAction\":[{\"@type\":\"SearchAction\",\"target\":{\"@type\":\"EntryPoint\",\"urlTemplate\":\"https:\/\/www.suno.com.br\/noticias\/?s={search_term_string}\"},\"query-input\":{\"@type\":\"PropertyValueSpecification\",\"valueRequired\":true,\"valueName\":\"search_term_string\"}}],\"inLanguage\":\"pt-BR\"},{\"@type\":\"Organization\",\"@id\":\"https:\/\/www.suno.com.br\/noticias\/#organization\",\"name\":\"Suno Not\u00edcias\",\"url\":\"https:\/\/www.suno.com.br\/noticias\/\",\"logo\":{\"@type\":\"ImageObject\",\"inLanguage\":\"pt-BR\",\"@id\":\"https:\/\/www.suno.com.br\/noticias\/#\/schema\/logo\/image\/\",\"url\":\"https:\/\/files.sunoresearch.com.br\/n\/uploads\/2021\/09\/suno-logo.png\",\"contentUrl\":\"https:\/\/files.sunoresearch.com.br\/n\/uploads\/2021\/09\/suno-logo.png\",\"width\":180,\"height\":180,\"caption\":\"Suno Not\u00edcias\"},\"image\":{\"@id\":\"https:\/\/www.suno.com.br\/noticias\/#\/schema\/logo\/image\/\"},\"sameAs\":[\"https:\/\/facebook.com\/sunoresearch\",\"https:\/\/x.com\/sunoresearch\",\"https:\/\/www.instagram.com\/suno\",\"https:\/\/www.linkedin.com\/company\/suno-research\/\",\"https:\/\/www.youtube.com\/c\/sunoresearch\"]},{\"@type\":\"Person\",\"@id\":\"https:\/\/www.suno.com.br\/noticias\/#\/schema\/person\/918d79de1f0281f01599b93f9ea6e23f\",\"name\":\"Jader Lazarini\",\"image\":{\"@type\":\"ImageObject\",\"inLanguage\":\"pt-BR\",\"@id\":\"https:\/\/www.suno.com.br\/noticias\/#\/schema\/person\/image\/\",\"url\":\"https:\/\/secure.gravatar.com\/avatar\/3c1ad8caa51589841baeb923fcddea97?s=96&r=g\",\"contentUrl\":\"https:\/\/secure.gravatar.com\/avatar\/3c1ad8caa51589841baeb923fcddea97?s=96&r=g\",\"caption\":\"Jader Lazarini\"},\"description\":\"Jader Lazarini escreve sobre investimentos, finan\u00e7as, economia e neg\u00f3cios. \u00c9 bacharel em Rela\u00e7\u00f5es Internacionais e analista CNPI (2619).\",\"url\":\"https:\/\/www.suno.com.br\/noticias\/author\/jader-lazarini\/\"}]}<\/script>\n<!-- \/ Yoast SEO plugin. -->","yoast_head_json":{"title":"Real digital: Paulo Guedes confirma que Brasil ter\u00e1 moeda eletr\u00f4nica","description":"O ministro Paulo Guedes disse que o Brasil ter\u00e1 uma moeda digital. O real digital tem sido estudado pelo BC deste agosto. Saiba mais.","robots":{"index":"index","follow":"follow","max-snippet":"max-snippet:-1","max-image-preview":"max-image-preview:large","max-video-preview":"max-video-preview:-1"},"canonical":"https:\/\/www.suno.com.br\/noticias\/real-digital-paulo-guedes-confirma-moeda-eletronica\/","og_locale":"pt_BR","og_type":"article","og_title":"Real digital: Paulo Guedes confirma que Brasil ter\u00e1 moeda eletr\u00f4nica","og_description":"O ministro Paulo Guedes disse que o Brasil ter\u00e1 uma moeda digital. O real digital tem sido estudado pelo BC deste agosto. Saiba mais.","og_url":"https:\/\/www.suno.com.br\/noticias\/real-digital-paulo-guedes-confirma-moeda-eletronica\/","og_site_name":"Suno Not\u00edcias","article_publisher":"https:\/\/facebook.com\/sunoresearch","og_image":[{"width":2560,"height":1706,"url":"https:\/\/files.sunoresearch.com.br\/n\/uploads\/2020\/11\/f4e4ea07-jairbolsonaro-auxilioemergencial-pauloguedes-covid19-cironogueira-eduardogomes-arthurlira-palaciodaalvorada-134-scaled-1.jpg","type":"image\/jpeg"}],"author":"Jader Lazarini","twitter_card":"summary_large_image","twitter_creator":"@sunoresearch","twitter_site":"@sunoresearch","twitter_misc":{"Escrito por":"Jader Lazarini","Est. tempo de leitura":"3 minutos"},"schema":{"@context":"https:\/\/schema.org","@graph":[{"@type":"NewsArticle","@id":"https:\/\/www.suno.com.br\/noticias\/real-digital-paulo-guedes-confirma-moeda-eletronica\/#article","isPartOf":{"@id":"https:\/\/www.suno.com.br\/noticias\/real-digital-paulo-guedes-confirma-moeda-eletronica\/"},"author":{"name":"Jader Lazarini","@id":"https:\/\/www.suno.com.br\/noticias\/#\/schema\/person\/918d79de1f0281f01599b93f9ea6e23f"},"headline":"Real digital: Paulo Guedes confirma que Brasil ter\u00e1 moeda eletr\u00f4nica","datePublished":"2020-11-05T16:01:38+00:00","dateModified":"2021-02-18T01:45:31+00:00","mainEntityOfPage":{"@id":"https:\/\/www.suno.com.br\/noticias\/real-digital-paulo-guedes-confirma-moeda-eletronica\/"},"wordCount":583,"publisher":{"@id":"https:\/\/www.suno.com.br\/noticias\/#organization"},"image":{"@id":"https:\/\/www.suno.com.br\/noticias\/real-digital-paulo-guedes-confirma-moeda-eletronica\/#primaryimage"},"thumbnailUrl":"https:\/\/files.sunoresearch.com.br\/n\/uploads\/2020\/11\/f4e4ea07-jairbolsonaro-auxilioemergencial-pauloguedes-covid19-cironogueira-eduardogomes-arthurlira-palaciodaalvorada-134-scaled-1-jpg.webp","keywords":["Banco Central (BC)","moeda digital","Paulo Guedes","Real digital"],"articleSection":["Economia"],"inLanguage":"pt-BR"},{"@type":"WebPage","@id":"https:\/\/www.suno.com.br\/noticias\/real-digital-paulo-guedes-confirma-moeda-eletronica\/","url":"https:\/\/www.suno.com.br\/noticias\/real-digital-paulo-guedes-confirma-moeda-eletronica\/","name":"Real digital: Paulo Guedes confirma que Brasil ter\u00e1 moeda eletr\u00f4nica","isPartOf":{"@id":"https:\/\/www.suno.com.br\/noticias\/#website"},"primaryImageOfPage":{"@id":"https:\/\/www.suno.com.br\/noticias\/real-digital-paulo-guedes-confirma-moeda-eletronica\/#primaryimage"},"image":{"@id":"https:\/\/www.suno.com.br\/noticias\/real-digital-paulo-guedes-confirma-moeda-eletronica\/#primaryimage"},"thumbnailUrl":"https:\/\/files.sunoresearch.com.br\/n\/uploads\/2020\/11\/f4e4ea07-jairbolsonaro-auxilioemergencial-pauloguedes-covid19-cironogueira-eduardogomes-arthurlira-palaciodaalvorada-134-scaled-1-jpg.webp","datePublished":"2020-11-05T16:01:38+00:00","dateModified":"2021-02-18T01:45:31+00:00","description":"O ministro Paulo Guedes disse que o Brasil ter\u00e1 uma moeda digital. O real digital tem sido estudado pelo BC deste agosto. Saiba mais.","breadcrumb":{"@id":"https:\/\/www.suno.com.br\/noticias\/real-digital-paulo-guedes-confirma-moeda-eletronica\/#breadcrumb"},"inLanguage":"pt-BR","potentialAction":[{"@type":"ReadAction","target":["https:\/\/www.suno.com.br\/noticias\/real-digital-paulo-guedes-confirma-moeda-eletronica\/"]}]},{"@type":"ImageObject","inLanguage":"pt-BR","@id":"https:\/\/www.suno.com.br\/noticias\/real-digital-paulo-guedes-confirma-moeda-eletronica\/#primaryimage","url":"https:\/\/files.sunoresearch.com.br\/n\/uploads\/2020\/11\/f4e4ea07-jairbolsonaro-auxilioemergencial-pauloguedes-covid19-cironogueira-eduardogomes-arthurlira-palaciodaalvorada-134-scaled-1-jpg.webp","contentUrl":"https:\/\/files.sunoresearch.com.br\/n\/uploads\/2020\/11\/f4e4ea07-jairbolsonaro-auxilioemergencial-pauloguedes-covid19-cironogueira-eduardogomes-arthurlira-palaciodaalvorada-134-scaled-1-jpg.webp","width":2560,"height":1706,"caption":"Paulo Guedes afirmou que o Produto Interno Bruto (PIB) poder\u00e1 crescer de \"3%, 3,5%, at\u00e9 4% no ano que vem\"."},{"@type":"BreadcrumbList","@id":"https:\/\/www.suno.com.br\/noticias\/real-digital-paulo-guedes-confirma-moeda-eletronica\/#breadcrumb","itemListElement":[{"@type":"ListItem","position":1,"name":"Not\u00edcias","item":"https:\/\/www.suno.com.br\/noticias\/"},{"@type":"ListItem","position":2,"name":"Economia","item":"https:\/\/www.suno.com.br\/noticias\/economia\/"},{"@type":"ListItem","position":3,"name":"Real digital: Paulo Guedes confirma que Brasil ter\u00e1 moeda eletr\u00f4nica"}]},{"@type":"WebSite","@id":"https:\/\/www.suno.com.br\/noticias\/#website","url":"https:\/\/www.suno.com.br\/noticias\/","name":"Suno Not\u00edcias","description":"Seu portal de informa\u00e7\u00e3o sobre o mundo dos investimentos","publisher":{"@id":"https:\/\/www.suno.com.br\/noticias\/#organization"},"potentialAction":[{"@type":"SearchAction","target":{"@type":"EntryPoint","urlTemplate":"https:\/\/www.suno.com.br\/noticias\/?s={search_term_string}"},"query-input":{"@type":"PropertyValueSpecification","valueRequired":true,"valueName":"search_term_string"}}],"inLanguage":"pt-BR"},{"@type":"Organization","@id":"https:\/\/www.suno.com.br\/noticias\/#organization","name":"Suno Not\u00edcias","url":"https:\/\/www.suno.com.br\/noticias\/","logo":{"@type":"ImageObject","inLanguage":"pt-BR","@id":"https:\/\/www.suno.com.br\/noticias\/#\/schema\/logo\/image\/","url":"https:\/\/files.sunoresearch.com.br\/n\/uploads\/2021\/09\/suno-logo.png","contentUrl":"https:\/\/files.sunoresearch.com.br\/n\/uploads\/2021\/09\/suno-logo.png","width":180,"height":180,"caption":"Suno Not\u00edcias"},"image":{"@id":"https:\/\/www.suno.com.br\/noticias\/#\/schema\/logo\/image\/"},"sameAs":["https:\/\/facebook.com\/sunoresearch","https:\/\/x.com\/sunoresearch","https:\/\/www.instagram.com\/suno","https:\/\/www.linkedin.com\/company\/suno-research\/","https:\/\/www.youtube.com\/c\/sunoresearch"]},{"@type":"Person","@id":"https:\/\/www.suno.com.br\/noticias\/#\/schema\/person\/918d79de1f0281f01599b93f9ea6e23f","name":"Jader Lazarini","image":{"@type":"ImageObject","inLanguage":"pt-BR","@id":"https:\/\/www.suno.com.br\/noticias\/#\/schema\/person\/image\/","url":"https:\/\/secure.gravatar.com\/avatar\/3c1ad8caa51589841baeb923fcddea97?s=96&r=g","contentUrl":"https:\/\/secure.gravatar.com\/avatar\/3c1ad8caa51589841baeb923fcddea97?s=96&r=g","caption":"Jader Lazarini"},"description":"Jader Lazarini escreve sobre investimentos, finan\u00e7as, economia e neg\u00f3cios. \u00c9 bacharel em Rela\u00e7\u00f5es Internacionais e analista CNPI (2619).","url":"https:\/\/www.suno.com.br\/noticias\/author\/jader-lazarini\/"}]}},"default_loop_html":"<div class=\"cardsPage__listCard__boxs\"><div class=\"cardsPage__listCard__boxs__img\"><a href=\"https:\/\/www.suno.com.br\/noticias\/real-digital-paulo-guedes-confirma-moeda-eletronica\/\"><img class=\"mask\" src=\"https:\/\/www.suno.com.br\/noticias\/wp-content\/themes\/suno\/resources\/images\/spotlight\/spotlight1img\/bg-mask.png\" alt=\"Image Mask\"\/><img src=\"https:\/\/files.sunoresearch.com.br\/n\/uploads\/2020\/11\/f4e4ea07-jairbolsonaro-auxilioemergencial-pauloguedes-covid19-cironogueira-eduardogomes-arthurlira-palaciodaalvorada-134-scaled-1-400x200.webp\" alt=\"Real digital: Paulo Guedes confirma que Brasil ter\u00e1 moeda eletr\u00f4nica\"\/><\/a><span class=\"spotlightCategory\"><a href=\"https:\/\/www.suno.com.br\/noticias\/economia\/\">Economia<\/a><\/span><\/div><div class=\"cardsPage__listCard__boxs__content\"><a href=\"https:\/\/www.suno.com.br\/noticias\/real-digital-paulo-guedes-confirma-moeda-eletronica\/\"><h2 class=\"content__title\">Real digital: Paulo Guedes confirma que Brasil ter\u00e1 moeda eletr\u00f4nica<\/h2><\/a><div class=\"newsContent__article__meta\"><div class=\"newsContent__article__meta__authorBox\"><a href=\"https:\/\/www.suno.com.br\/noticias\/author\/jader-lazarini\/\" class=\"authorBox__avatar noMobi\"><img src=\"https:\/\/files.sunoresearch.com.br\/n\/uploads\/2021\/01\/178e6598-foto-perfil-2-150x150.jpg\" alt=\"Jader Lazarini\"><\/a><div class=\"authorBox__name\"><span>por\n\t\t\t<a href=\"https:\/\/www.suno.com.br\/noticias\/author\/jader-lazarini\/\"><span itemprop=\"author\">Jader Lazarini<\/span><\/a><\/span><time datetime=\"2020-11-05T13:01:38-03:00\" itemprop=\"datePublished\">05\/11\/2020 13:01<\/time><\/div><\/div><\/div><\/div><\/div>","single_layout":"posts","amp_enabled":true,"_links":{"self":[{"href":"https:\/\/www.suno.com.br\/noticias\/wp-json\/wp\/v2\/posts\/97710"}],"collection":[{"href":"https:\/\/www.suno.com.br\/noticias\/wp-json\/wp\/v2\/posts"}],"about":[{"href":"https:\/\/www.suno.com.br\/noticias\/wp-json\/wp\/v2\/types\/post"}],"author":[{"embeddable":true,"href":"https:\/\/www.suno.com.br\/noticias\/wp-json\/wp\/v2\/users\/24"}],"replies":[{"embeddable":true,"href":"https:\/\/www.suno.com.br\/noticias\/wp-json\/wp\/v2\/comments?post=97710"}],"version-history":[{"count":0,"href":"https:\/\/www.suno.com.br\/noticias\/wp-json\/wp\/v2\/posts\/97710\/revisions"}],"wp:featuredmedia":[{"embeddable":true,"href":"https:\/\/www.suno.com.br\/noticias\/wp-json\/wp\/v2\/media\/97711"}],"wp:attachment":[{"href":"https:\/\/www.suno.com.br\/noticias\/wp-json\/wp\/v2\/media?parent=97710"}],"wp:term":[{"taxonomy":"category","embeddable":true,"href":"https:\/\/www.suno.com.br\/noticias\/wp-json\/wp\/v2\/categories?post=97710"},{"taxonomy":"post_tag","embeddable":true,"href":"https:\/\/www.suno.com.br\/noticias\/wp-json\/wp\/v2\/tags?post=97710"},{"taxonomy":"suno_strategy","embeddable":true,"href":"https:\/\/www.suno.com.br\/noticias\/wp-json\/wp\/v2\/suno_strategy?post=97710"}],"curies":[{"name":"wp","href":"https:\/\/api.w.org\/{rel}","templated":true}]}}