{"id":97615,"date":"2020-11-05T09:37:51","date_gmt":"2020-11-05T12:37:51","guid":{"rendered":"https:\/\/www.suno.com.br\/noticias\/?p=97615"},"modified":"2021-02-17T22:45:31","modified_gmt":"2021-02-18T01:45:31","slug":"ibovespa-futuro-eleicoes-eua-tecnologia-banco-central-05112020","status":"publish","type":"post","link":"https:\/\/www.suno.com.br\/noticias\/ibovespa-futuro-eleicoes-eua-tecnologia-banco-central-05112020\/","title":{"rendered":"Ibovespa futuro opera em alta, de olho nos mercados internacionais"},"content":{"rendered":"<p>O <strong>Ibovespa futuro<\/strong> abriu em alta nesta quinta-feira (5), indicando que o mercado \u00e0 vista pode registrar mais um forte avan\u00e7o, estendendo o rali desta semana &#8212; j\u00e1 s\u00e3o quase 5% de avan\u00e7o em dois preg\u00f5es. As bolsas mundiais, sobretudo dos mercados emergentes, mostram-se mais otimistas com a tend\u00eancia de vit\u00f3ria do democrata Joe Biden nas elei\u00e7\u00f5es presidenciais dos Estados Unidos.<\/p>\t<div class=\"wrapper-featured-image\">\n\t\t<figure class=\"spotlightImg\">\n\n\t\t\t<picture>\n\t\t\t\t<source media=\"(max-width: 768px)\" srcset=\"https:\/\/files.sunoresearch.com.br\/n\/uploads\/2020\/08\/6a119b2f-ibovespa-0-400x200.webp\">\n\t\t\t\t<img loading=\"lazy\" decoding=\"async\" class=\"newsContent__article__imgCapa lazyloadDisabled \" src=\"https:\/\/files.sunoresearch.com.br\/n\/uploads\/2020\/08\/6a119b2f-ibovespa-0-800x450.webp\" width=\"800\" height=\"450\" alt=\"Ibovespa futuro opera em alta, de olho nos mercados internacionais\" fetchpriority=high \/>\n\t\t\t<\/picture>\n\n\t\t\t<figcaption class=\"wp-caption-text wp-caption-text--show\">As bolsas mundiais operam em alta na manh\u00e3 desta segunda-feira (1), com os investidores de olho na alta do pre\u00e7o da prata.<\/figcaption>\n\t\t<\/figure>\n\t<\/div>\n\n\n<div class=\"hubspot-form-wrapper\">\n\t<div id=\"single-form-target\"><\/div>\n<\/div>\n\n<p>Por volta das 9h20, o Ibovespa futuro subia 1,46%. A guinada dos mercados nesta semana \u00e9 puxada pelas a\u00e7\u00f5es de tecnologia no exterior. Com um Congresso dos <strong>Estados Unidos<\/strong> dividido, o poss\u00edvel vencedor das elei\u00e7\u00f5es, <strong>Biden<\/strong>, fica limitado \u00e0 implementa\u00e7\u00e3o de amplas regula\u00e7\u00f5es sobre as empresas de tecnologia, sobretudo.<\/p>\n<p>A <em>blue wave<\/em> democrata, ou seja, &#8220;onda azul&#8221;, como era esperada, acabou n\u00e3o acontecendo, por ora. Por isso, as a\u00e7\u00f5es de empresas do setor lideram o rali. A <a href=\"https:\/\/www.suno.com.br\/artigos\/nasdaq\/\"><strong>Nasdaq<\/strong><\/a> sobe 6% nesta semana.<\/p>\n<p><a href=\"https:\/\/lp.suno.com.br\/suno-one\/\">Suno One: acesse gratuitamente eBooks, Minicursos, Artigos e Video Aulas sobre investimentos com um \u00fanico cadastro. Clique para saber mais!<\/a><\/p>\n<p>Nesta manh\u00e3, o democrata possu\u00eda 264 votos eleitorais, enquanto <strong>Trump<\/strong> vencia 214 &#8212; s\u00e3o necess\u00e1rios 270 para ser decretada a vit\u00f3ria. Ainda faltam cinco estados a encerrarem a contabiliza\u00e7\u00e3o dos votos, mas caso o democrata ven\u00e7a em Nevada, onde lidera por menos de 1% (cerca de 8 mil votos a mais), ser\u00e1 o suficiente para a vit\u00f3ria.<\/p>\n<p>Ainda no <em>front<\/em> exterior, a farmac\u00eautica AstraZeneca anunciou nesta quinta, junto ao seu balan\u00e7o, que espera apresentar ainda em 2020 informa\u00e7\u00f5es sobre a vacina contra o coronav\u00edrus que vem desenvolvendo em parceria com a Universidade de Oxford. O medicamento est\u00e1 sendo testado no Brasil, e deve fazer parte da estrat\u00e9gia do Pa\u00eds no combate \u00e0 doen\u00e7a.<\/p>\n<p>Por aqui, continua a ser repercutida a aprova\u00e7\u00e3o do Senado para a autonomia do <a href=\"https:\/\/www.suno.com.br\/artigos\/bacen\/\"><strong>Banco Central<\/strong> (BC)<\/a>. O objetivo do projeto \u00e9 fazer com que a autoridade monet\u00e1ria central do Pa\u00eds opere sem interven\u00e7\u00f5es pol\u00edticas<strong>.<\/strong>\u00a0&#8220;Trata-se de uma quest\u00e3o importante, particularmente em anos eleitorais e quando h\u00e1, no poder, governos com vi\u00e9s populista, seja ele de direita ou de esquerda&#8221;, disse o relator da proposta, o senador Telm\u00e1rio Mota.<\/p>\n<p>A vota\u00e7\u00e3o no Senado foi vencida por 56 votos \u00e0 favor e 12 contr\u00e1rios na noite da \u00faltima ter\u00e7a-feira (3). Agora, o texto ir\u00e1 para a C\u00e2mara dos Deputados, para, ent\u00e3o, ser sancionada pelo presidente Jair Bolsonaro.<\/p>\n\n\t<div data-element=\"shortcode-read-more\" class=\"readToo\">\n\t\t\t\t<span class=\"readToo__title\">Saiba mais<\/span>\n\t\t\t\t<ul class=\"readToo__list\">\n\t\t\t<li><a href=\"https:\/\/www.suno.com.br\/noticias\/itau-unibanco-aumento-xp-cisao\/\">Ita\u00fa Unibanco (ITUB4): venda de 5% da XP abre espa\u00e7o para um excelente neg\u00f3cio<\/a><\/li><li><a href=\"https:\/\/www.suno.com.br\/noticias\/huawei-fabrica-xangai-vencer-sancoes-eua\/\">Huawei levantar\u00e1 f\u00e1brica em Xangai para vencer san\u00e7\u00f5es dos EUA, diz jornal<\/a><\/li>\t\t<\/ul>\n\t<\/div>\n\n\n<p>Por volta das 9h34, os contratos de <strong>juros futuros<\/strong> baseados no <a href=\"https:\/\/www.suno.com.br\/artigos\/taxa-di\/\">Dep\u00f3sito Interfinanceiro (DI)<\/a> negociados na <strong>B3<\/strong> para janeiro de 2022 apresentavam uma queda de 1,45%, para 3,41%. Os pap\u00e9is para janeiro de 2023 caem 1,38%, para 4,99%; para janeiro de 2025 recuam 1,04%, para 6,68%; para janeiro de 2027, operam com baixa de 1,06%, para 7,46%.<\/p>\n<p>Por volta do mesmo hor\u00e1rio, o <strong>d\u00f3lar<\/strong> norte-americano era negociado na venda a R$ 5,606, com uma queda de 0,83%.<\/p>\n<p>O <strong>Ibovespa futuro<\/strong> \u00e9 um contrato derivativo do mercado financeiro negociado sobre a expectativa do valor, em pontos, que o mercado \u00e0 vista ter\u00e1 em uma data posterior. Al\u00e9m de indicar o poss\u00edvel destino do \u00edndice quando o sino de abertura do mercado tocar, os negociadores podem comprar ou vender esse contrato em determinada pontua\u00e7\u00e3o para o \u00edndice em uma data futura.<\/p>\n\t<p>\n\t\t<a href=\"https:\/\/lp.suno.com.br\/planilha-de-controle-de-investimentos\/\" target=\"_blank\" data-element=\"shortcode-suno-banner\" title=\"Banner SUNO, clique e saiba mais\">\n\t\t\t<picture>\n\t\t\t\t<source media=\"(max-width: 500px)\" srcset=\"https:\/\/files.sunoresearch.com.br\/n\/uploads\/2023\/03\/400x300-Controle-de-Investimentos.png\">\n\t\t\t\t<img class=\"newsContent__article__imgCapa newsContent__article__imgCapa--banner\"\n\t\t\t\t\tsrc=\"https:\/\/files.sunoresearch.com.br\/n\/uploads\/2023\/03\/1420x240-Controle-de-Investimentos.png\"\n\t\t\t\t\tdata-promo-id=\"75934\"\t\t\t\t\t\t\t\t\t\twidth='1420' height='240'\t\t\t\t\talt=\"https:\/\/files.sunoresearch.com.br\/n\/uploads\/2023\/03\/1420x240-Controle-de-Investimentos.png\"\n\t\t\t\t>\n\t\t\t<\/picture>\n\t\t<\/a>\n\t<\/p>\n\n\n","protected":false},"excerpt":{"rendered":"<p>O Ibovespa futuro abriu em alta nesta quinta-feira (5), indicando que o mercado \u00e0 vista pode registrar mais um forte avan\u00e7o, estendendo o rali desta semana &#8212; j\u00e1 s\u00e3o quase 5% de avan\u00e7o em dois preg\u00f5es. As bolsas mundiais, sobretudo dos mercados emergentes, mostram-se mais otimistas com a tend\u00eancia de vit\u00f3ria do democrata Joe Biden [&hellip;]<\/p>\n","protected":false},"author":24,"featured_media":77703,"comment_status":"closed","ping_status":"closed","sticky":false,"template":"","format":"standard","meta":[],"categories":[60],"tags":[1842,2487,724,104868,104690,25002],"suno_strategy":[],"class_list":["post-97615","post","type-post","status-publish","format-standard","has-post-thumbnail","hentry","category-mercado","tag-banco-central-bc","tag-coronavirus","tag-donald-trump","tag-eleicoes-americanas","tag-ibovespa-futuro","tag-vacina"],"yoast_head":"<!-- This site is optimized with the Yoast SEO plugin v24.4 - https:\/\/yoast.com\/wordpress\/plugins\/seo\/ -->\n<title>Ibovespa futuro opera em alta, de olho nos mercados internacionais<\/title>\n<meta name=\"description\" content=\"O Ibovespa futuro abriu em alta nesta quinta-feira (5), indicando que o mercado \u00e0 vista pode registrar mais um forte avan\u00e7o. Saiba mais.\" \/>\n<meta name=\"robots\" content=\"index, follow, max-snippet:-1, max-image-preview:large, max-video-preview:-1\" \/>\n<link rel=\"canonical\" href=\"https:\/\/www.suno.com.br\/noticias\/ibovespa-futuro-eleicoes-eua-tecnologia-banco-central-05112020\/\" \/>\n<meta property=\"og:locale\" content=\"pt_BR\" \/>\n<meta property=\"og:type\" content=\"article\" \/>\n<meta property=\"og:title\" content=\"Ibovespa futuro opera em alta, de olho nos mercados internacionais\" \/>\n<meta property=\"og:description\" content=\"O Ibovespa futuro abriu em alta nesta quinta-feira (5), indicando que o mercado \u00e0 vista pode registrar mais um forte avan\u00e7o. Saiba mais.\" \/>\n<meta property=\"og:url\" content=\"https:\/\/www.suno.com.br\/noticias\/ibovespa-futuro-eleicoes-eua-tecnologia-banco-central-05112020\/\" \/>\n<meta property=\"og:site_name\" content=\"Suno Not\u00edcias\" \/>\n<meta property=\"article:publisher\" content=\"https:\/\/facebook.com\/sunoresearch\" \/>\n<meta property=\"og:image\" content=\"https:\/\/files.sunoresearch.com.br\/n\/uploads\/2020\/08\/6a119b2f-ibovespa-0.jpg\" \/>\n\t<meta property=\"og:image:width\" content=\"1024\" \/>\n\t<meta property=\"og:image:height\" content=\"683\" \/>\n\t<meta property=\"og:image:type\" content=\"image\/jpeg\" \/>\n<meta name=\"author\" content=\"Jader Lazarini\" \/>\n<meta name=\"twitter:card\" content=\"summary_large_image\" \/>\n<meta name=\"twitter:creator\" content=\"@sunoresearch\" \/>\n<meta name=\"twitter:site\" content=\"@sunoresearch\" \/>\n<meta name=\"twitter:label1\" content=\"Escrito por\" \/>\n\t<meta name=\"twitter:data1\" content=\"Jader Lazarini\" \/>\n\t<meta name=\"twitter:label2\" content=\"Est. tempo de leitura\" \/>\n\t<meta name=\"twitter:data2\" content=\"3 minutos\" \/>\n<script type=\"application\/ld+json\" class=\"yoast-schema-graph\">{\"@context\":\"https:\/\/schema.org\",\"@graph\":[{\"@type\":\"NewsArticle\",\"@id\":\"https:\/\/www.suno.com.br\/noticias\/ibovespa-futuro-eleicoes-eua-tecnologia-banco-central-05112020\/#article\",\"isPartOf\":{\"@id\":\"https:\/\/www.suno.com.br\/noticias\/ibovespa-futuro-eleicoes-eua-tecnologia-banco-central-05112020\/\"},\"author\":{\"name\":\"Jader Lazarini\",\"@id\":\"https:\/\/www.suno.com.br\/noticias\/#\/schema\/person\/918d79de1f0281f01599b93f9ea6e23f\"},\"headline\":\"Ibovespa futuro opera em alta, de olho nos mercados internacionais\",\"datePublished\":\"2020-11-05T12:37:51+00:00\",\"dateModified\":\"2021-02-18T01:45:31+00:00\",\"mainEntityOfPage\":{\"@id\":\"https:\/\/www.suno.com.br\/noticias\/ibovespa-futuro-eleicoes-eua-tecnologia-banco-central-05112020\/\"},\"wordCount\":567,\"publisher\":{\"@id\":\"https:\/\/www.suno.com.br\/noticias\/#organization\"},\"image\":{\"@id\":\"https:\/\/www.suno.com.br\/noticias\/ibovespa-futuro-eleicoes-eua-tecnologia-banco-central-05112020\/#primaryimage\"},\"thumbnailUrl\":\"https:\/\/files.sunoresearch.com.br\/n\/uploads\/2020\/08\/6a119b2f-ibovespa-0-jpg.webp\",\"keywords\":[\"Banco Central (BC)\",\"coronav\u00edrus\",\"Donald Trump\",\"Elei\u00e7\u00f5es americanas\",\"Ibovespa futuro\",\"vacina\"],\"articleSection\":[\"Mercado\"],\"inLanguage\":\"pt-BR\"},{\"@type\":\"WebPage\",\"@id\":\"https:\/\/www.suno.com.br\/noticias\/ibovespa-futuro-eleicoes-eua-tecnologia-banco-central-05112020\/\",\"url\":\"https:\/\/www.suno.com.br\/noticias\/ibovespa-futuro-eleicoes-eua-tecnologia-banco-central-05112020\/\",\"name\":\"Ibovespa futuro opera em alta, de olho nos mercados internacionais\",\"isPartOf\":{\"@id\":\"https:\/\/www.suno.com.br\/noticias\/#website\"},\"primaryImageOfPage\":{\"@id\":\"https:\/\/www.suno.com.br\/noticias\/ibovespa-futuro-eleicoes-eua-tecnologia-banco-central-05112020\/#primaryimage\"},\"image\":{\"@id\":\"https:\/\/www.suno.com.br\/noticias\/ibovespa-futuro-eleicoes-eua-tecnologia-banco-central-05112020\/#primaryimage\"},\"thumbnailUrl\":\"https:\/\/files.sunoresearch.com.br\/n\/uploads\/2020\/08\/6a119b2f-ibovespa-0-jpg.webp\",\"datePublished\":\"2020-11-05T12:37:51+00:00\",\"dateModified\":\"2021-02-18T01:45:31+00:00\",\"description\":\"O Ibovespa futuro abriu em alta nesta quinta-feira (5), indicando que o mercado \u00e0 vista pode registrar mais um forte avan\u00e7o. Saiba mais.\",\"breadcrumb\":{\"@id\":\"https:\/\/www.suno.com.br\/noticias\/ibovespa-futuro-eleicoes-eua-tecnologia-banco-central-05112020\/#breadcrumb\"},\"inLanguage\":\"pt-BR\",\"potentialAction\":[{\"@type\":\"ReadAction\",\"target\":[\"https:\/\/www.suno.com.br\/noticias\/ibovespa-futuro-eleicoes-eua-tecnologia-banco-central-05112020\/\"]}]},{\"@type\":\"ImageObject\",\"inLanguage\":\"pt-BR\",\"@id\":\"https:\/\/www.suno.com.br\/noticias\/ibovespa-futuro-eleicoes-eua-tecnologia-banco-central-05112020\/#primaryimage\",\"url\":\"https:\/\/files.sunoresearch.com.br\/n\/uploads\/2020\/08\/6a119b2f-ibovespa-0-jpg.webp\",\"contentUrl\":\"https:\/\/files.sunoresearch.com.br\/n\/uploads\/2020\/08\/6a119b2f-ibovespa-0-jpg.webp\",\"width\":1024,\"height\":683,\"caption\":\"As bolsas mundiais operam em alta na manh\u00e3 desta segunda-feira (1), com os investidores de olho na alta do pre\u00e7o da prata.\"},{\"@type\":\"BreadcrumbList\",\"@id\":\"https:\/\/www.suno.com.br\/noticias\/ibovespa-futuro-eleicoes-eua-tecnologia-banco-central-05112020\/#breadcrumb\",\"itemListElement\":[{\"@type\":\"ListItem\",\"position\":1,\"name\":\"Not\u00edcias\",\"item\":\"https:\/\/www.suno.com.br\/noticias\/\"},{\"@type\":\"ListItem\",\"position\":2,\"name\":\"Mercado\",\"item\":\"https:\/\/www.suno.com.br\/noticias\/mercado\/\"},{\"@type\":\"ListItem\",\"position\":3,\"name\":\"Ibovespa futuro opera em alta, de olho nos mercados internacionais\"}]},{\"@type\":\"WebSite\",\"@id\":\"https:\/\/www.suno.com.br\/noticias\/#website\",\"url\":\"https:\/\/www.suno.com.br\/noticias\/\",\"name\":\"Suno Not\u00edcias\",\"description\":\"Seu portal de informa\u00e7\u00e3o sobre o mundo dos investimentos\",\"publisher\":{\"@id\":\"https:\/\/www.suno.com.br\/noticias\/#organization\"},\"potentialAction\":[{\"@type\":\"SearchAction\",\"target\":{\"@type\":\"EntryPoint\",\"urlTemplate\":\"https:\/\/www.suno.com.br\/noticias\/?s={search_term_string}\"},\"query-input\":{\"@type\":\"PropertyValueSpecification\",\"valueRequired\":true,\"valueName\":\"search_term_string\"}}],\"inLanguage\":\"pt-BR\"},{\"@type\":\"Organization\",\"@id\":\"https:\/\/www.suno.com.br\/noticias\/#organization\",\"name\":\"Suno Not\u00edcias\",\"url\":\"https:\/\/www.suno.com.br\/noticias\/\",\"logo\":{\"@type\":\"ImageObject\",\"inLanguage\":\"pt-BR\",\"@id\":\"https:\/\/www.suno.com.br\/noticias\/#\/schema\/logo\/image\/\",\"url\":\"https:\/\/files.sunoresearch.com.br\/n\/uploads\/2021\/09\/suno-logo.png\",\"contentUrl\":\"https:\/\/files.sunoresearch.com.br\/n\/uploads\/2021\/09\/suno-logo.png\",\"width\":180,\"height\":180,\"caption\":\"Suno Not\u00edcias\"},\"image\":{\"@id\":\"https:\/\/www.suno.com.br\/noticias\/#\/schema\/logo\/image\/\"},\"sameAs\":[\"https:\/\/facebook.com\/sunoresearch\",\"https:\/\/x.com\/sunoresearch\",\"https:\/\/www.instagram.com\/suno\",\"https:\/\/www.linkedin.com\/company\/suno-research\/\",\"https:\/\/www.youtube.com\/c\/sunoresearch\"]},{\"@type\":\"Person\",\"@id\":\"https:\/\/www.suno.com.br\/noticias\/#\/schema\/person\/918d79de1f0281f01599b93f9ea6e23f\",\"name\":\"Jader Lazarini\",\"image\":{\"@type\":\"ImageObject\",\"inLanguage\":\"pt-BR\",\"@id\":\"https:\/\/www.suno.com.br\/noticias\/#\/schema\/person\/image\/\",\"url\":\"https:\/\/secure.gravatar.com\/avatar\/3c1ad8caa51589841baeb923fcddea97?s=96&r=g\",\"contentUrl\":\"https:\/\/secure.gravatar.com\/avatar\/3c1ad8caa51589841baeb923fcddea97?s=96&r=g\",\"caption\":\"Jader Lazarini\"},\"description\":\"Jader Lazarini escreve sobre investimentos, finan\u00e7as, economia e neg\u00f3cios. \u00c9 bacharel em Rela\u00e7\u00f5es Internacionais e analista CNPI (2619).\",\"url\":\"https:\/\/www.suno.com.br\/noticias\/author\/jader-lazarini\/\"}]}<\/script>\n<!-- \/ Yoast SEO plugin. -->","yoast_head_json":{"title":"Ibovespa futuro opera em alta, de olho nos mercados internacionais","description":"O Ibovespa futuro abriu em alta nesta quinta-feira (5), indicando que o mercado \u00e0 vista pode registrar mais um forte avan\u00e7o. Saiba mais.","robots":{"index":"index","follow":"follow","max-snippet":"max-snippet:-1","max-image-preview":"max-image-preview:large","max-video-preview":"max-video-preview:-1"},"canonical":"https:\/\/www.suno.com.br\/noticias\/ibovespa-futuro-eleicoes-eua-tecnologia-banco-central-05112020\/","og_locale":"pt_BR","og_type":"article","og_title":"Ibovespa futuro opera em alta, de olho nos mercados internacionais","og_description":"O Ibovespa futuro abriu em alta nesta quinta-feira (5), indicando que o mercado \u00e0 vista pode registrar mais um forte avan\u00e7o. Saiba mais.","og_url":"https:\/\/www.suno.com.br\/noticias\/ibovespa-futuro-eleicoes-eua-tecnologia-banco-central-05112020\/","og_site_name":"Suno Not\u00edcias","article_publisher":"https:\/\/facebook.com\/sunoresearch","og_image":[{"width":1024,"height":683,"url":"https:\/\/files.sunoresearch.com.br\/n\/uploads\/2020\/08\/6a119b2f-ibovespa-0.jpg","type":"image\/jpeg"}],"author":"Jader Lazarini","twitter_card":"summary_large_image","twitter_creator":"@sunoresearch","twitter_site":"@sunoresearch","twitter_misc":{"Escrito por":"Jader Lazarini","Est. tempo de leitura":"3 minutos"},"schema":{"@context":"https:\/\/schema.org","@graph":[{"@type":"NewsArticle","@id":"https:\/\/www.suno.com.br\/noticias\/ibovespa-futuro-eleicoes-eua-tecnologia-banco-central-05112020\/#article","isPartOf":{"@id":"https:\/\/www.suno.com.br\/noticias\/ibovespa-futuro-eleicoes-eua-tecnologia-banco-central-05112020\/"},"author":{"name":"Jader Lazarini","@id":"https:\/\/www.suno.com.br\/noticias\/#\/schema\/person\/918d79de1f0281f01599b93f9ea6e23f"},"headline":"Ibovespa futuro opera em alta, de olho nos mercados internacionais","datePublished":"2020-11-05T12:37:51+00:00","dateModified":"2021-02-18T01:45:31+00:00","mainEntityOfPage":{"@id":"https:\/\/www.suno.com.br\/noticias\/ibovespa-futuro-eleicoes-eua-tecnologia-banco-central-05112020\/"},"wordCount":567,"publisher":{"@id":"https:\/\/www.suno.com.br\/noticias\/#organization"},"image":{"@id":"https:\/\/www.suno.com.br\/noticias\/ibovespa-futuro-eleicoes-eua-tecnologia-banco-central-05112020\/#primaryimage"},"thumbnailUrl":"https:\/\/files.sunoresearch.com.br\/n\/uploads\/2020\/08\/6a119b2f-ibovespa-0-jpg.webp","keywords":["Banco Central (BC)","coronav\u00edrus","Donald Trump","Elei\u00e7\u00f5es americanas","Ibovespa futuro","vacina"],"articleSection":["Mercado"],"inLanguage":"pt-BR"},{"@type":"WebPage","@id":"https:\/\/www.suno.com.br\/noticias\/ibovespa-futuro-eleicoes-eua-tecnologia-banco-central-05112020\/","url":"https:\/\/www.suno.com.br\/noticias\/ibovespa-futuro-eleicoes-eua-tecnologia-banco-central-05112020\/","name":"Ibovespa futuro opera em alta, de olho nos mercados internacionais","isPartOf":{"@id":"https:\/\/www.suno.com.br\/noticias\/#website"},"primaryImageOfPage":{"@id":"https:\/\/www.suno.com.br\/noticias\/ibovespa-futuro-eleicoes-eua-tecnologia-banco-central-05112020\/#primaryimage"},"image":{"@id":"https:\/\/www.suno.com.br\/noticias\/ibovespa-futuro-eleicoes-eua-tecnologia-banco-central-05112020\/#primaryimage"},"thumbnailUrl":"https:\/\/files.sunoresearch.com.br\/n\/uploads\/2020\/08\/6a119b2f-ibovespa-0-jpg.webp","datePublished":"2020-11-05T12:37:51+00:00","dateModified":"2021-02-18T01:45:31+00:00","description":"O Ibovespa futuro abriu em alta nesta quinta-feira (5), indicando que o mercado \u00e0 vista pode registrar mais um forte avan\u00e7o. Saiba mais.","breadcrumb":{"@id":"https:\/\/www.suno.com.br\/noticias\/ibovespa-futuro-eleicoes-eua-tecnologia-banco-central-05112020\/#breadcrumb"},"inLanguage":"pt-BR","potentialAction":[{"@type":"ReadAction","target":["https:\/\/www.suno.com.br\/noticias\/ibovespa-futuro-eleicoes-eua-tecnologia-banco-central-05112020\/"]}]},{"@type":"ImageObject","inLanguage":"pt-BR","@id":"https:\/\/www.suno.com.br\/noticias\/ibovespa-futuro-eleicoes-eua-tecnologia-banco-central-05112020\/#primaryimage","url":"https:\/\/files.sunoresearch.com.br\/n\/uploads\/2020\/08\/6a119b2f-ibovespa-0-jpg.webp","contentUrl":"https:\/\/files.sunoresearch.com.br\/n\/uploads\/2020\/08\/6a119b2f-ibovespa-0-jpg.webp","width":1024,"height":683,"caption":"As bolsas mundiais operam em alta na manh\u00e3 desta segunda-feira (1), com os investidores de olho na alta do pre\u00e7o da prata."},{"@type":"BreadcrumbList","@id":"https:\/\/www.suno.com.br\/noticias\/ibovespa-futuro-eleicoes-eua-tecnologia-banco-central-05112020\/#breadcrumb","itemListElement":[{"@type":"ListItem","position":1,"name":"Not\u00edcias","item":"https:\/\/www.suno.com.br\/noticias\/"},{"@type":"ListItem","position":2,"name":"Mercado","item":"https:\/\/www.suno.com.br\/noticias\/mercado\/"},{"@type":"ListItem","position":3,"name":"Ibovespa futuro opera em alta, de olho nos mercados internacionais"}]},{"@type":"WebSite","@id":"https:\/\/www.suno.com.br\/noticias\/#website","url":"https:\/\/www.suno.com.br\/noticias\/","name":"Suno Not\u00edcias","description":"Seu portal de informa\u00e7\u00e3o sobre o mundo dos investimentos","publisher":{"@id":"https:\/\/www.suno.com.br\/noticias\/#organization"},"potentialAction":[{"@type":"SearchAction","target":{"@type":"EntryPoint","urlTemplate":"https:\/\/www.suno.com.br\/noticias\/?s={search_term_string}"},"query-input":{"@type":"PropertyValueSpecification","valueRequired":true,"valueName":"search_term_string"}}],"inLanguage":"pt-BR"},{"@type":"Organization","@id":"https:\/\/www.suno.com.br\/noticias\/#organization","name":"Suno Not\u00edcias","url":"https:\/\/www.suno.com.br\/noticias\/","logo":{"@type":"ImageObject","inLanguage":"pt-BR","@id":"https:\/\/www.suno.com.br\/noticias\/#\/schema\/logo\/image\/","url":"https:\/\/files.sunoresearch.com.br\/n\/uploads\/2021\/09\/suno-logo.png","contentUrl":"https:\/\/files.sunoresearch.com.br\/n\/uploads\/2021\/09\/suno-logo.png","width":180,"height":180,"caption":"Suno Not\u00edcias"},"image":{"@id":"https:\/\/www.suno.com.br\/noticias\/#\/schema\/logo\/image\/"},"sameAs":["https:\/\/facebook.com\/sunoresearch","https:\/\/x.com\/sunoresearch","https:\/\/www.instagram.com\/suno","https:\/\/www.linkedin.com\/company\/suno-research\/","https:\/\/www.youtube.com\/c\/sunoresearch"]},{"@type":"Person","@id":"https:\/\/www.suno.com.br\/noticias\/#\/schema\/person\/918d79de1f0281f01599b93f9ea6e23f","name":"Jader Lazarini","image":{"@type":"ImageObject","inLanguage":"pt-BR","@id":"https:\/\/www.suno.com.br\/noticias\/#\/schema\/person\/image\/","url":"https:\/\/secure.gravatar.com\/avatar\/3c1ad8caa51589841baeb923fcddea97?s=96&r=g","contentUrl":"https:\/\/secure.gravatar.com\/avatar\/3c1ad8caa51589841baeb923fcddea97?s=96&r=g","caption":"Jader Lazarini"},"description":"Jader Lazarini escreve sobre investimentos, finan\u00e7as, economia e neg\u00f3cios. \u00c9 bacharel em Rela\u00e7\u00f5es Internacionais e analista CNPI (2619).","url":"https:\/\/www.suno.com.br\/noticias\/author\/jader-lazarini\/"}]}},"default_loop_html":"<div class=\"cardsPage__listCard__boxs\"><div class=\"cardsPage__listCard__boxs__img\"><a href=\"https:\/\/www.suno.com.br\/noticias\/huawei-fabrica-xangai-vencer-sancoes-eua\/\"><img class=\"mask\" src=\"https:\/\/www.suno.com.br\/noticias\/wp-content\/themes\/suno\/resources\/images\/spotlight\/spotlight1img\/bg-mask.png\" alt=\"Image Mask\"\/><img src=\"https:\/\/files.sunoresearch.com.br\/n\/uploads\/2020\/11\/cbab555d-huawei-logo-400x200.webp\" alt=\"Huawei levantar\u00e1 f\u00e1brica em Xangai para vencer san\u00e7\u00f5es dos EUA, diz jornal\"\/><\/a><span class=\"spotlightCategory\"><a href=\"https:\/\/www.suno.com.br\/noticias\/negocios\/\">Neg\u00f3cios<\/a><\/span><\/div><div class=\"cardsPage__listCard__boxs__content\"><a href=\"https:\/\/www.suno.com.br\/noticias\/huawei-fabrica-xangai-vencer-sancoes-eua\/\"><h2 class=\"content__title\">Huawei levantar\u00e1 f\u00e1brica em Xangai para vencer san\u00e7\u00f5es dos EUA, diz jornal<\/h2><\/a><div class=\"newsContent__article__meta\"><div class=\"newsContent__article__meta__authorBox\"><a href=\"https:\/\/www.suno.com.br\/noticias\/author\/jader-lazarini\/\" class=\"authorBox__avatar noMobi\"><img src=\"https:\/\/files.sunoresearch.com.br\/n\/uploads\/2021\/01\/178e6598-foto-perfil-2-150x150.jpg\" alt=\"Jader Lazarini\"><\/a><div class=\"authorBox__name\"><span>por\n\t\t\t<a href=\"https:\/\/www.suno.com.br\/noticias\/author\/jader-lazarini\/\"><span itemprop=\"author\">Jader Lazarini<\/span><\/a><\/span><time datetime=\"2020-11-01T12:25:05-03:00\" itemprop=\"datePublished\">01\/11\/2020 12:25<\/time><\/div><\/div><\/div><\/div><\/div>","single_layout":"posts","amp_enabled":true,"_links":{"self":[{"href":"https:\/\/www.suno.com.br\/noticias\/wp-json\/wp\/v2\/posts\/97615"}],"collection":[{"href":"https:\/\/www.suno.com.br\/noticias\/wp-json\/wp\/v2\/posts"}],"about":[{"href":"https:\/\/www.suno.com.br\/noticias\/wp-json\/wp\/v2\/types\/post"}],"author":[{"embeddable":true,"href":"https:\/\/www.suno.com.br\/noticias\/wp-json\/wp\/v2\/users\/24"}],"replies":[{"embeddable":true,"href":"https:\/\/www.suno.com.br\/noticias\/wp-json\/wp\/v2\/comments?post=97615"}],"version-history":[{"count":0,"href":"https:\/\/www.suno.com.br\/noticias\/wp-json\/wp\/v2\/posts\/97615\/revisions"}],"wp:featuredmedia":[{"embeddable":true,"href":"https:\/\/www.suno.com.br\/noticias\/wp-json\/wp\/v2\/media\/77703"}],"wp:attachment":[{"href":"https:\/\/www.suno.com.br\/noticias\/wp-json\/wp\/v2\/media?parent=97615"}],"wp:term":[{"taxonomy":"category","embeddable":true,"href":"https:\/\/www.suno.com.br\/noticias\/wp-json\/wp\/v2\/categories?post=97615"},{"taxonomy":"post_tag","embeddable":true,"href":"https:\/\/www.suno.com.br\/noticias\/wp-json\/wp\/v2\/tags?post=97615"},{"taxonomy":"suno_strategy","embeddable":true,"href":"https:\/\/www.suno.com.br\/noticias\/wp-json\/wp\/v2\/suno_strategy?post=97615"}],"curies":[{"name":"wp","href":"https:\/\/api.w.org\/{rel}","templated":true}]}}