{"id":9761,"date":"2018-12-21T17:17:43","date_gmt":"2018-12-21T19:17:43","guid":{"rendered":"https:\/\/www.suno.com.br\/noticias\/?p=9761"},"modified":"2018-12-21T17:17:43","modified_gmt":"2018-12-21T19:17:43","slug":"araujo-criacao-departamento-agronegocio-itamaraty","status":"publish","type":"post","link":"https:\/\/www.suno.com.br\/noticias\/araujo-criacao-departamento-agronegocio-itamaraty\/","title":{"rendered":"Ara\u00fajo anuncia cria\u00e7\u00e3o de Departamento do Agroneg\u00f3cio no Itamaraty"},"content":{"rendered":"<p>O futuro ministro de Rela\u00e7\u00f5es Exteriores, Ernesto Ara\u00fajo, anunciou a cria\u00e7\u00e3o de um Departamento do Agroneg\u00f3cio dentro do <strong>Itamaraty<\/strong>. A informa\u00e7\u00e3o foi dada nesta sexta (21) em sua conta oficial no Twitter.<\/p>\t<div class=\"wrapper-featured-image\">\n\t\t<figure class=\"spotlightImg\">\n\n\t\t\t<picture>\n\t\t\t\t<source media=\"(max-width: 768px)\" srcset=\"https:\/\/files.sunoresearch.com.br\/n\/uploads\/2018\/12\/171b7ffd-ernesto-araujo-400x200.webp\">\n\t\t\t\t<img loading=\"lazy\" decoding=\"async\" class=\"newsContent__article__imgCapa lazyloadDisabled newsContent__article__imgCapa--noCaption\" src=\"https:\/\/files.sunoresearch.com.br\/n\/uploads\/2018\/12\/171b7ffd-ernesto-araujo-800x450.webp\" width=\"800\" height=\"450\" alt=\"Ara\u00fajo anuncia cria\u00e7\u00e3o de Departamento do Agroneg\u00f3cio no Itamaraty\" fetchpriority=high \/>\n\t\t\t<\/picture>\n\n\t\t\t<figcaption class=\"wp-caption-text wp-caption-text--hide\">Segundo chanceler, sa\u00edda do Mercosul \u00e9 uma possibilidade para o Brasil<\/figcaption>\n\t\t<\/figure>\n\t<\/div>\n\n\n<p>&#8220;Querem jogar a agricultura contra os ideais do povo brasileiro? N\u00e3o conseguir\u00e3o. O trabalho incans\u00e1vel, a f\u00e9, a inventividade, o patriotismo dos agricultores s\u00e3o a pr\u00f3pria ess\u00eancia da brasilidade&#8221;, tuitou <strong>Ernesto Ara\u00fajo<\/strong>. &#8220;Reconhecendo isso, estamos criando no Itamaraty um <strong>Departamento do Agroneg\u00f3cio<\/strong> para trabalhar junto com o Minist\u00e9rio da Agricultura na conquista de mercados internacionais. Daremos ao agro a aten\u00e7\u00e3o que no MRE ele nunca teve&#8221;.<\/p>\n<p><a href=\"https:\/\/www.suno.com.br\/noticias\/bolsonaro-conferencia-onu\/\">Saiba mais: Bolsonaro afirma que Brasil n\u00e3o sediar\u00e1 confer\u00eancia clim\u00e1tica da ONU<\/a><\/p>\n<p>Conforme dito pelo ministro do presidente eleito <strong>Jair Bolsonaro<\/strong>, o novo departamento vai orientar algumas negocia\u00e7\u00f5es comerciais em prol dos agricultores nacionais. &#8220;Orientaremos as embaixadas a promoverem os produtos agr\u00edcolas brasileiros ativa e sistematicamente. A Apex ser\u00e1 orientada no mesmo sentido&#8221;, disse.<\/p>\n<p>Ele afirmou que algumas negocia\u00e7\u00f5es comerciais em curso &#8220;s\u00e3o ruins para a agricultura&#8221;. Disse tamb\u00e9m que o minist\u00e9rio vai defender o produtor brasileiro da &#8220;pecha completamente falsa de ser agressor do meio ambiente&#8221;.<\/p>\n<p>Al\u00e9m disso, n\u00e3o faltou cr\u00edtica ao PT. Ara\u00fajo declarou que o Itamaraty foi a casa do Movimento dos Sem Terra (MST) nos governos petistas, e que agora estar\u00e1 &#8220;\u00e0 disposi\u00e7\u00e3o do agricultor&#8221;.<\/p>\n","protected":false},"excerpt":{"rendered":"<p>O futuro ministro de Rela\u00e7\u00f5es Exteriores, Ernesto Ara\u00fajo, anunciou a cria\u00e7\u00e3o de um Departamento do Agroneg\u00f3cio dentro do Itamaraty. A informa\u00e7\u00e3o foi dada nesta sexta (21) em sua conta oficial no Twitter. Segundo chanceler, sa\u00edda do Mercosul \u00e9 uma possibilidade para o Brasil &#8220;Querem jogar a agricultura contra os ideais do povo brasileiro? N\u00e3o conseguir\u00e3o. [&hellip;]<\/p>\n","protected":false},"author":13,"featured_media":9764,"comment_status":"closed","ping_status":"closed","sticky":false,"template":"","format":"standard","meta":[],"categories":[61],"tags":[904,719],"suno_strategy":[],"class_list":["post-9761","post","type-post","status-publish","format-standard","has-post-thumbnail","hentry","category-politica","tag-itamaraty","tag-jair-bolsonaro"],"yoast_head":"<!-- This site is optimized with the Yoast SEO plugin v24.4 - https:\/\/yoast.com\/wordpress\/plugins\/seo\/ -->\n<title>Ara\u00fajo anuncia cria\u00e7\u00e3o de Departamento do Agroneg\u00f3cio no Itamaraty<\/title>\n<meta name=\"description\" content=\"O futuro ministro de Rela\u00e7\u00f5es Exteriores, Renato Ara\u00fajo, vai criar um Departamento do Agroneg\u00f3cio no Itamaraty. Clique e saiba mais.\" \/>\n<meta name=\"robots\" content=\"index, follow, max-snippet:-1, max-image-preview:large, max-video-preview:-1\" \/>\n<link rel=\"canonical\" href=\"https:\/\/www.suno.com.br\/noticias\/araujo-criacao-departamento-agronegocio-itamaraty\/\" \/>\n<meta property=\"og:locale\" content=\"pt_BR\" \/>\n<meta property=\"og:type\" content=\"article\" \/>\n<meta property=\"og:title\" content=\"Ara\u00fajo anuncia cria\u00e7\u00e3o de Departamento do Agroneg\u00f3cio no Itamaraty\" \/>\n<meta property=\"og:description\" content=\"O futuro ministro de Rela\u00e7\u00f5es Exteriores, Renato Ara\u00fajo, vai criar um Departamento do Agroneg\u00f3cio no Itamaraty. Clique e saiba mais.\" \/>\n<meta property=\"og:url\" content=\"https:\/\/www.suno.com.br\/noticias\/araujo-criacao-departamento-agronegocio-itamaraty\/\" \/>\n<meta property=\"og:site_name\" content=\"Suno Not\u00edcias\" \/>\n<meta property=\"article:publisher\" content=\"https:\/\/facebook.com\/sunoresearch\" \/>\n<meta property=\"og:image\" content=\"https:\/\/files.sunoresearch.com.br\/n\/uploads\/2018\/12\/171b7ffd-ernesto-araujo.jpg\" \/>\n\t<meta property=\"og:image:width\" content=\"1140\" \/>\n\t<meta property=\"og:image:height\" content=\"760\" \/>\n\t<meta property=\"og:image:type\" content=\"image\/jpeg\" \/>\n<meta name=\"author\" content=\"Guilherme Caetano\" \/>\n<meta name=\"twitter:card\" content=\"summary_large_image\" \/>\n<meta name=\"twitter:creator\" content=\"@sunoresearch\" \/>\n<meta name=\"twitter:site\" content=\"@sunoresearch\" \/>\n<meta name=\"twitter:label1\" content=\"Escrito por\" \/>\n\t<meta name=\"twitter:data1\" content=\"Guilherme Caetano\" \/>\n\t<meta name=\"twitter:label2\" content=\"Est. tempo de leitura\" \/>\n\t<meta name=\"twitter:data2\" content=\"1 minuto\" \/>\n<script type=\"application\/ld+json\" class=\"yoast-schema-graph\">{\"@context\":\"https:\/\/schema.org\",\"@graph\":[{\"@type\":\"NewsArticle\",\"@id\":\"https:\/\/www.suno.com.br\/noticias\/araujo-criacao-departamento-agronegocio-itamaraty\/#article\",\"isPartOf\":{\"@id\":\"https:\/\/www.suno.com.br\/noticias\/araujo-criacao-departamento-agronegocio-itamaraty\/\"},\"author\":{\"name\":\"Guilherme Caetano\",\"@id\":\"https:\/\/www.suno.com.br\/noticias\/#\/schema\/person\/0d0c9687cd2f600c564f25980c140de9\"},\"headline\":\"Ara\u00fajo anuncia cria\u00e7\u00e3o de Departamento do Agroneg\u00f3cio no Itamaraty\",\"datePublished\":\"2018-12-21T19:17:43+00:00\",\"mainEntityOfPage\":{\"@id\":\"https:\/\/www.suno.com.br\/noticias\/araujo-criacao-departamento-agronegocio-itamaraty\/\"},\"wordCount\":256,\"publisher\":{\"@id\":\"https:\/\/www.suno.com.br\/noticias\/#organization\"},\"image\":{\"@id\":\"https:\/\/www.suno.com.br\/noticias\/araujo-criacao-departamento-agronegocio-itamaraty\/#primaryimage\"},\"thumbnailUrl\":\"https:\/\/files.sunoresearch.com.br\/n\/uploads\/2018\/12\/171b7ffd-ernesto-araujo-jpg.webp\",\"keywords\":[\"Itamaraty\",\"Jair Bolsonaro\"],\"articleSection\":[\"Pol\u00edtica\"],\"inLanguage\":\"pt-BR\"},{\"@type\":\"WebPage\",\"@id\":\"https:\/\/www.suno.com.br\/noticias\/araujo-criacao-departamento-agronegocio-itamaraty\/\",\"url\":\"https:\/\/www.suno.com.br\/noticias\/araujo-criacao-departamento-agronegocio-itamaraty\/\",\"name\":\"Ara\u00fajo anuncia cria\u00e7\u00e3o de Departamento do Agroneg\u00f3cio no Itamaraty\",\"isPartOf\":{\"@id\":\"https:\/\/www.suno.com.br\/noticias\/#website\"},\"primaryImageOfPage\":{\"@id\":\"https:\/\/www.suno.com.br\/noticias\/araujo-criacao-departamento-agronegocio-itamaraty\/#primaryimage\"},\"image\":{\"@id\":\"https:\/\/www.suno.com.br\/noticias\/araujo-criacao-departamento-agronegocio-itamaraty\/#primaryimage\"},\"thumbnailUrl\":\"https:\/\/files.sunoresearch.com.br\/n\/uploads\/2018\/12\/171b7ffd-ernesto-araujo-jpg.webp\",\"datePublished\":\"2018-12-21T19:17:43+00:00\",\"description\":\"O futuro ministro de Rela\u00e7\u00f5es Exteriores, Renato Ara\u00fajo, vai criar um Departamento do Agroneg\u00f3cio no Itamaraty. Clique e saiba mais.\",\"breadcrumb\":{\"@id\":\"https:\/\/www.suno.com.br\/noticias\/araujo-criacao-departamento-agronegocio-itamaraty\/#breadcrumb\"},\"inLanguage\":\"pt-BR\",\"potentialAction\":[{\"@type\":\"ReadAction\",\"target\":[\"https:\/\/www.suno.com.br\/noticias\/araujo-criacao-departamento-agronegocio-itamaraty\/\"]}]},{\"@type\":\"ImageObject\",\"inLanguage\":\"pt-BR\",\"@id\":\"https:\/\/www.suno.com.br\/noticias\/araujo-criacao-departamento-agronegocio-itamaraty\/#primaryimage\",\"url\":\"https:\/\/files.sunoresearch.com.br\/n\/uploads\/2018\/12\/171b7ffd-ernesto-araujo-jpg.webp\",\"contentUrl\":\"https:\/\/files.sunoresearch.com.br\/n\/uploads\/2018\/12\/171b7ffd-ernesto-araujo-jpg.webp\",\"width\":1140,\"height\":760,\"caption\":\"Segundo chanceler, sa\u00edda do Mercosul \u00e9 uma possibilidade para o Brasil\"},{\"@type\":\"BreadcrumbList\",\"@id\":\"https:\/\/www.suno.com.br\/noticias\/araujo-criacao-departamento-agronegocio-itamaraty\/#breadcrumb\",\"itemListElement\":[{\"@type\":\"ListItem\",\"position\":1,\"name\":\"Not\u00edcias\",\"item\":\"https:\/\/www.suno.com.br\/noticias\/\"},{\"@type\":\"ListItem\",\"position\":2,\"name\":\"Pol\u00edtica\",\"item\":\"https:\/\/www.suno.com.br\/noticias\/politica\/\"},{\"@type\":\"ListItem\",\"position\":3,\"name\":\"Ara\u00fajo anuncia cria\u00e7\u00e3o de Departamento do Agroneg\u00f3cio no Itamaraty\"}]},{\"@type\":\"WebSite\",\"@id\":\"https:\/\/www.suno.com.br\/noticias\/#website\",\"url\":\"https:\/\/www.suno.com.br\/noticias\/\",\"name\":\"Suno Not\u00edcias\",\"description\":\"Seu portal de informa\u00e7\u00e3o sobre o mundo dos investimentos\",\"publisher\":{\"@id\":\"https:\/\/www.suno.com.br\/noticias\/#organization\"},\"potentialAction\":[{\"@type\":\"SearchAction\",\"target\":{\"@type\":\"EntryPoint\",\"urlTemplate\":\"https:\/\/www.suno.com.br\/noticias\/?s={search_term_string}\"},\"query-input\":{\"@type\":\"PropertyValueSpecification\",\"valueRequired\":true,\"valueName\":\"search_term_string\"}}],\"inLanguage\":\"pt-BR\"},{\"@type\":\"Organization\",\"@id\":\"https:\/\/www.suno.com.br\/noticias\/#organization\",\"name\":\"Suno Not\u00edcias\",\"url\":\"https:\/\/www.suno.com.br\/noticias\/\",\"logo\":{\"@type\":\"ImageObject\",\"inLanguage\":\"pt-BR\",\"@id\":\"https:\/\/www.suno.com.br\/noticias\/#\/schema\/logo\/image\/\",\"url\":\"https:\/\/files.sunoresearch.com.br\/n\/uploads\/2021\/09\/suno-logo.png\",\"contentUrl\":\"https:\/\/files.sunoresearch.com.br\/n\/uploads\/2021\/09\/suno-logo.png\",\"width\":180,\"height\":180,\"caption\":\"Suno Not\u00edcias\"},\"image\":{\"@id\":\"https:\/\/www.suno.com.br\/noticias\/#\/schema\/logo\/image\/\"},\"sameAs\":[\"https:\/\/facebook.com\/sunoresearch\",\"https:\/\/x.com\/sunoresearch\",\"https:\/\/www.instagram.com\/suno\",\"https:\/\/www.linkedin.com\/company\/suno-research\/\",\"https:\/\/www.youtube.com\/c\/sunoresearch\"]},{\"@type\":\"Person\",\"@id\":\"https:\/\/www.suno.com.br\/noticias\/#\/schema\/person\/0d0c9687cd2f600c564f25980c140de9\",\"name\":\"Guilherme Caetano\",\"image\":{\"@type\":\"ImageObject\",\"inLanguage\":\"pt-BR\",\"@id\":\"https:\/\/www.suno.com.br\/noticias\/#\/schema\/person\/image\/\",\"url\":\"https:\/\/secure.gravatar.com\/avatar\/e48357351a01702a0d19307070e081bf?s=96&r=g\",\"contentUrl\":\"https:\/\/secure.gravatar.com\/avatar\/e48357351a01702a0d19307070e081bf?s=96&r=g\",\"caption\":\"Guilherme Caetano\"},\"description\":\"Formado em jornalismo pela Escola de Comunica\u00e7\u00f5es e Artes da USP, Guilherme Caetano escreve para o portal de not\u00edcias da Suno Research. Passou pelas reda\u00e7\u00f5es da Folha de S.Paulo e da revista \u00c9poca.\",\"url\":\"https:\/\/www.suno.com.br\/noticias\/author\/guilherme-caetano\/\"}]}<\/script>\n<!-- \/ Yoast SEO plugin. -->","yoast_head_json":{"title":"Ara\u00fajo anuncia cria\u00e7\u00e3o de Departamento do Agroneg\u00f3cio no Itamaraty","description":"O futuro ministro de Rela\u00e7\u00f5es Exteriores, Renato Ara\u00fajo, vai criar um Departamento do Agroneg\u00f3cio no Itamaraty. Clique e saiba mais.","robots":{"index":"index","follow":"follow","max-snippet":"max-snippet:-1","max-image-preview":"max-image-preview:large","max-video-preview":"max-video-preview:-1"},"canonical":"https:\/\/www.suno.com.br\/noticias\/araujo-criacao-departamento-agronegocio-itamaraty\/","og_locale":"pt_BR","og_type":"article","og_title":"Ara\u00fajo anuncia cria\u00e7\u00e3o de Departamento do Agroneg\u00f3cio no Itamaraty","og_description":"O futuro ministro de Rela\u00e7\u00f5es Exteriores, Renato Ara\u00fajo, vai criar um Departamento do Agroneg\u00f3cio no Itamaraty. Clique e saiba mais.","og_url":"https:\/\/www.suno.com.br\/noticias\/araujo-criacao-departamento-agronegocio-itamaraty\/","og_site_name":"Suno Not\u00edcias","article_publisher":"https:\/\/facebook.com\/sunoresearch","og_image":[{"width":1140,"height":760,"url":"https:\/\/files.sunoresearch.com.br\/n\/uploads\/2018\/12\/171b7ffd-ernesto-araujo.jpg","type":"image\/jpeg"}],"author":"Guilherme Caetano","twitter_card":"summary_large_image","twitter_creator":"@sunoresearch","twitter_site":"@sunoresearch","twitter_misc":{"Escrito por":"Guilherme Caetano","Est. tempo de leitura":"1 minuto"},"schema":{"@context":"https:\/\/schema.org","@graph":[{"@type":"NewsArticle","@id":"https:\/\/www.suno.com.br\/noticias\/araujo-criacao-departamento-agronegocio-itamaraty\/#article","isPartOf":{"@id":"https:\/\/www.suno.com.br\/noticias\/araujo-criacao-departamento-agronegocio-itamaraty\/"},"author":{"name":"Guilherme Caetano","@id":"https:\/\/www.suno.com.br\/noticias\/#\/schema\/person\/0d0c9687cd2f600c564f25980c140de9"},"headline":"Ara\u00fajo anuncia cria\u00e7\u00e3o de Departamento do Agroneg\u00f3cio no Itamaraty","datePublished":"2018-12-21T19:17:43+00:00","mainEntityOfPage":{"@id":"https:\/\/www.suno.com.br\/noticias\/araujo-criacao-departamento-agronegocio-itamaraty\/"},"wordCount":256,"publisher":{"@id":"https:\/\/www.suno.com.br\/noticias\/#organization"},"image":{"@id":"https:\/\/www.suno.com.br\/noticias\/araujo-criacao-departamento-agronegocio-itamaraty\/#primaryimage"},"thumbnailUrl":"https:\/\/files.sunoresearch.com.br\/n\/uploads\/2018\/12\/171b7ffd-ernesto-araujo-jpg.webp","keywords":["Itamaraty","Jair Bolsonaro"],"articleSection":["Pol\u00edtica"],"inLanguage":"pt-BR"},{"@type":"WebPage","@id":"https:\/\/www.suno.com.br\/noticias\/araujo-criacao-departamento-agronegocio-itamaraty\/","url":"https:\/\/www.suno.com.br\/noticias\/araujo-criacao-departamento-agronegocio-itamaraty\/","name":"Ara\u00fajo anuncia cria\u00e7\u00e3o de Departamento do Agroneg\u00f3cio no Itamaraty","isPartOf":{"@id":"https:\/\/www.suno.com.br\/noticias\/#website"},"primaryImageOfPage":{"@id":"https:\/\/www.suno.com.br\/noticias\/araujo-criacao-departamento-agronegocio-itamaraty\/#primaryimage"},"image":{"@id":"https:\/\/www.suno.com.br\/noticias\/araujo-criacao-departamento-agronegocio-itamaraty\/#primaryimage"},"thumbnailUrl":"https:\/\/files.sunoresearch.com.br\/n\/uploads\/2018\/12\/171b7ffd-ernesto-araujo-jpg.webp","datePublished":"2018-12-21T19:17:43+00:00","description":"O futuro ministro de Rela\u00e7\u00f5es Exteriores, Renato Ara\u00fajo, vai criar um Departamento do Agroneg\u00f3cio no Itamaraty. Clique e saiba mais.","breadcrumb":{"@id":"https:\/\/www.suno.com.br\/noticias\/araujo-criacao-departamento-agronegocio-itamaraty\/#breadcrumb"},"inLanguage":"pt-BR","potentialAction":[{"@type":"ReadAction","target":["https:\/\/www.suno.com.br\/noticias\/araujo-criacao-departamento-agronegocio-itamaraty\/"]}]},{"@type":"ImageObject","inLanguage":"pt-BR","@id":"https:\/\/www.suno.com.br\/noticias\/araujo-criacao-departamento-agronegocio-itamaraty\/#primaryimage","url":"https:\/\/files.sunoresearch.com.br\/n\/uploads\/2018\/12\/171b7ffd-ernesto-araujo-jpg.webp","contentUrl":"https:\/\/files.sunoresearch.com.br\/n\/uploads\/2018\/12\/171b7ffd-ernesto-araujo-jpg.webp","width":1140,"height":760,"caption":"Segundo chanceler, sa\u00edda do Mercosul \u00e9 uma possibilidade para o Brasil"},{"@type":"BreadcrumbList","@id":"https:\/\/www.suno.com.br\/noticias\/araujo-criacao-departamento-agronegocio-itamaraty\/#breadcrumb","itemListElement":[{"@type":"ListItem","position":1,"name":"Not\u00edcias","item":"https:\/\/www.suno.com.br\/noticias\/"},{"@type":"ListItem","position":2,"name":"Pol\u00edtica","item":"https:\/\/www.suno.com.br\/noticias\/politica\/"},{"@type":"ListItem","position":3,"name":"Ara\u00fajo anuncia cria\u00e7\u00e3o de Departamento do Agroneg\u00f3cio no Itamaraty"}]},{"@type":"WebSite","@id":"https:\/\/www.suno.com.br\/noticias\/#website","url":"https:\/\/www.suno.com.br\/noticias\/","name":"Suno Not\u00edcias","description":"Seu portal de informa\u00e7\u00e3o sobre o mundo dos investimentos","publisher":{"@id":"https:\/\/www.suno.com.br\/noticias\/#organization"},"potentialAction":[{"@type":"SearchAction","target":{"@type":"EntryPoint","urlTemplate":"https:\/\/www.suno.com.br\/noticias\/?s={search_term_string}"},"query-input":{"@type":"PropertyValueSpecification","valueRequired":true,"valueName":"search_term_string"}}],"inLanguage":"pt-BR"},{"@type":"Organization","@id":"https:\/\/www.suno.com.br\/noticias\/#organization","name":"Suno Not\u00edcias","url":"https:\/\/www.suno.com.br\/noticias\/","logo":{"@type":"ImageObject","inLanguage":"pt-BR","@id":"https:\/\/www.suno.com.br\/noticias\/#\/schema\/logo\/image\/","url":"https:\/\/files.sunoresearch.com.br\/n\/uploads\/2021\/09\/suno-logo.png","contentUrl":"https:\/\/files.sunoresearch.com.br\/n\/uploads\/2021\/09\/suno-logo.png","width":180,"height":180,"caption":"Suno Not\u00edcias"},"image":{"@id":"https:\/\/www.suno.com.br\/noticias\/#\/schema\/logo\/image\/"},"sameAs":["https:\/\/facebook.com\/sunoresearch","https:\/\/x.com\/sunoresearch","https:\/\/www.instagram.com\/suno","https:\/\/www.linkedin.com\/company\/suno-research\/","https:\/\/www.youtube.com\/c\/sunoresearch"]},{"@type":"Person","@id":"https:\/\/www.suno.com.br\/noticias\/#\/schema\/person\/0d0c9687cd2f600c564f25980c140de9","name":"Guilherme Caetano","image":{"@type":"ImageObject","inLanguage":"pt-BR","@id":"https:\/\/www.suno.com.br\/noticias\/#\/schema\/person\/image\/","url":"https:\/\/secure.gravatar.com\/avatar\/e48357351a01702a0d19307070e081bf?s=96&r=g","contentUrl":"https:\/\/secure.gravatar.com\/avatar\/e48357351a01702a0d19307070e081bf?s=96&r=g","caption":"Guilherme Caetano"},"description":"Formado em jornalismo pela Escola de Comunica\u00e7\u00f5es e Artes da USP, Guilherme Caetano escreve para o portal de not\u00edcias da Suno Research. Passou pelas reda\u00e7\u00f5es da Folha de S.Paulo e da revista \u00c9poca.","url":"https:\/\/www.suno.com.br\/noticias\/author\/guilherme-caetano\/"}]}},"default_loop_html":"<div class=\"cardsPage__listCard__boxs\"><div class=\"cardsPage__listCard__boxs__img\"><a href=\"https:\/\/www.suno.com.br\/noticias\/araujo-criacao-departamento-agronegocio-itamaraty\/\"><img class=\"mask\" src=\"https:\/\/www.suno.com.br\/noticias\/wp-content\/themes\/suno\/resources\/images\/spotlight\/spotlight1img\/bg-mask.png\" alt=\"Image Mask\"\/><img src=\"https:\/\/files.sunoresearch.com.br\/n\/uploads\/2018\/12\/171b7ffd-ernesto-araujo-400x200.webp\" alt=\"Ara\u00fajo anuncia cria\u00e7\u00e3o de Departamento do Agroneg\u00f3cio no Itamaraty\"\/><\/a><span class=\"spotlightCategory\"><a href=\"https:\/\/www.suno.com.br\/noticias\/politica\/\">Pol\u00edtica<\/a><\/span><\/div><div class=\"cardsPage__listCard__boxs__content\"><a href=\"https:\/\/www.suno.com.br\/noticias\/araujo-criacao-departamento-agronegocio-itamaraty\/\"><h2 class=\"content__title\">Ara\u00fajo anuncia cria\u00e7\u00e3o de Departamento do Agroneg\u00f3cio no Itamaraty<\/h2><\/a><div class=\"newsContent__article__meta\"><div class=\"newsContent__article__meta__authorBox\"><a href=\"https:\/\/www.suno.com.br\/noticias\/author\/guilherme-caetano\/\" class=\"authorBox__avatar noMobi\"><img src=\"https:\/\/secure.gravatar.com\/avatar\/e48357351a01702a0d19307070e081bf?s=96&#038;r=g\" alt=\"Guilherme Caetano\"><\/a><div class=\"authorBox__name\"><span>por\n\t\t\t<a href=\"https:\/\/www.suno.com.br\/noticias\/author\/guilherme-caetano\/\"><span itemprop=\"author\">Guilherme Caetano<\/span><\/a><\/span><time datetime=\"2018-12-21T17:17:43-02:00\" itemprop=\"datePublished\">21\/12\/2018 17:17<\/time><\/div><\/div><\/div><\/div><\/div>","single_layout":"posts","amp_enabled":true,"_links":{"self":[{"href":"https:\/\/www.suno.com.br\/noticias\/wp-json\/wp\/v2\/posts\/9761"}],"collection":[{"href":"https:\/\/www.suno.com.br\/noticias\/wp-json\/wp\/v2\/posts"}],"about":[{"href":"https:\/\/www.suno.com.br\/noticias\/wp-json\/wp\/v2\/types\/post"}],"author":[{"embeddable":true,"href":"https:\/\/www.suno.com.br\/noticias\/wp-json\/wp\/v2\/users\/13"}],"replies":[{"embeddable":true,"href":"https:\/\/www.suno.com.br\/noticias\/wp-json\/wp\/v2\/comments?post=9761"}],"version-history":[{"count":0,"href":"https:\/\/www.suno.com.br\/noticias\/wp-json\/wp\/v2\/posts\/9761\/revisions"}],"wp:featuredmedia":[{"embeddable":true,"href":"https:\/\/www.suno.com.br\/noticias\/wp-json\/wp\/v2\/media\/9764"}],"wp:attachment":[{"href":"https:\/\/www.suno.com.br\/noticias\/wp-json\/wp\/v2\/media?parent=9761"}],"wp:term":[{"taxonomy":"category","embeddable":true,"href":"https:\/\/www.suno.com.br\/noticias\/wp-json\/wp\/v2\/categories?post=9761"},{"taxonomy":"post_tag","embeddable":true,"href":"https:\/\/www.suno.com.br\/noticias\/wp-json\/wp\/v2\/tags?post=9761"},{"taxonomy":"suno_strategy","embeddable":true,"href":"https:\/\/www.suno.com.br\/noticias\/wp-json\/wp\/v2\/suno_strategy?post=9761"}],"curies":[{"name":"wp","href":"https:\/\/api.w.org\/{rel}","templated":true}]}}