{"id":9750,"date":"2018-12-21T16:36:44","date_gmt":"2018-12-21T18:36:44","guid":{"rendered":"https:\/\/www.suno.com.br\/noticias\/?p=9750"},"modified":"2018-12-21T16:36:44","modified_gmt":"2018-12-21T18:36:44","slug":"arrecadacao-cai-027-em-novembro-soma","status":"publish","type":"post","link":"https:\/\/www.suno.com.br\/noticias\/arrecadacao-cai-027-em-novembro-soma\/","title":{"rendered":"Arrecada\u00e7\u00e3o federal cai 0,27% em novembro e soma R$ 119,4 bi"},"content":{"rendered":"<p>A Receita Federal divulgou nesta sexta-feira (21) dados sobre a arrecada\u00e7\u00e3o do governo de novembro.<\/p>\t<div class=\"wrapper-featured-image\">\n\t\t<figure class=\"spotlightImg\">\n\n\t\t\t<picture>\n\t\t\t\t<source media=\"(max-width: 768px)\" srcset=\"https:\/\/files.sunoresearch.com.br\/n\/uploads\/2018\/12\/e577d616-arrecada\u00e7\u00e3o-400x200.webp\">\n\t\t\t\t<img loading=\"lazy\" decoding=\"async\" class=\"newsContent__article__imgCapa lazyloadDisabled newsContent__article__imgCapa--noCaption\" src=\"https:\/\/files.sunoresearch.com.br\/n\/uploads\/2018\/12\/e577d616-arrecada\u00e7\u00e3o-800x450.webp\" width=\"800\" height=\"450\" alt=\"Arrecada\u00e7\u00e3o federal cai 0,27% em novembro e soma R$ 119,4 bi\" fetchpriority=high \/>\n\t\t\t<\/picture>\n\n\t\t\t<figcaption class=\"wp-caption-text wp-caption-text--hide\">Arrecada\u00e7\u00e3o. Foto: Pixabay<\/figcaption>\n\t\t<\/figure>\n\t<\/div>\n\n\n<p>De acordo com o \u00f3rg\u00e3o, a <strong>arrecada\u00e7\u00e3o <\/strong>federal caiu 0,27% em compara\u00e7\u00e3o com novembro de 2017.<\/p>\n<p><a href=\"https:\/\/www.suno.com.br\/noticias\/gastos-exterior-brasileiros-caem-novembro\/\">Saiba mais: Gastos no exterior de brasileiros caem 13,2% em novembro, diz BC \u00a0<\/a><\/p>\n<p>O \u00cdndice Nacional de Pre\u00e7os ao Consumidor Amplo (IPCA) n\u00e3o foi levado em considera\u00e7\u00e3o.<\/p>\n<p>Em 11 meses, a arrecada\u00e7\u00e3o federal acumula R$ 1,135 milh\u00e3o, 5,39% maior que 2017.<\/p>\n<p>A principal causa para a queda foi os chamados Refis, programas de refinanciamento de d\u00edvidas tribut\u00e1rias e previdenci\u00e1rias, ocorrida em novembro 2017.<\/p>\n<p>Al\u00e9m disso, tamb\u00e9m houve redu\u00e7\u00e3o de R$ 486 milh\u00f5es de arrecada\u00e7\u00e3o do Programa de Integra\u00e7\u00e3o Social\/Contribui\u00e7\u00e3o para o Financiamento da Seguridade Social (PIS\/COFINS)\u00a0quando comparado a novembro de 2017. A desonera\u00e7\u00e3o no \u00f3leo diesel puxou a contribui\u00e7\u00e3o para baixo.<\/p>\n<p><a href=\"https:\/\/www.suno.com.br\/noticias\/nota-fiscal-paulista-creditos-premio\/\">Saiba mais: Nota Fiscal Paulista libera cr\u00e9ditos e anuncia pr\u00eamio de Natal de R$ 2 mi<\/a><\/p>\n<p>Ademais, se forem considerados apenas os valores administrados pela Receita Federal (impostos e contribui\u00e7\u00f5es ) a arrecada\u00e7\u00e3o ficou em R$ 116,587 bilh\u00f5es, queda de 1,01% em rela\u00e7\u00e3o a novembro. No acumulado anual, o valor ficou em R$ 1,260 trilh\u00e3o, crescimento de 3,96% em compara\u00e7\u00e3o com o 2017.<\/p>\n<p>Houve crescimento na <strong>arrecada\u00e7\u00e3o\u00a0<\/strong>de outros \u00f3rg\u00e3os (principalmente de royalties do petr\u00f3leo). O aumento verificado chegou a 44,07 % em novembro e 53,71% no acumulado do ano at\u00e9 o m\u00eas passado.<\/p>\n","protected":false},"excerpt":{"rendered":"<p>A Receita Federal divulgou nesta sexta-feira (21) dados sobre a arrecada\u00e7\u00e3o do governo de novembro. Arrecada\u00e7\u00e3o. Foto: Pixabay De acordo com o \u00f3rg\u00e3o, a arrecada\u00e7\u00e3o federal caiu 0,27% em compara\u00e7\u00e3o com novembro de 2017. Saiba mais: Gastos no exterior de brasileiros caem 13,2% em novembro, diz BC \u00a0 O \u00cdndice Nacional de Pre\u00e7os ao Consumidor [&hellip;]<\/p>\n","protected":false},"author":14,"featured_media":9753,"comment_status":"closed","ping_status":"closed","sticky":false,"template":"","format":"standard","meta":[],"categories":[62],"tags":[],"suno_strategy":[],"class_list":["post-9750","post","type-post","status-publish","format-standard","has-post-thumbnail","hentry","category-economia"],"yoast_head":"<!-- This site is optimized with the Yoast SEO plugin v24.4 - https:\/\/yoast.com\/wordpress\/plugins\/seo\/ -->\n<title>Arrecada\u00e7\u00e3o federal cai 0,27% em novembro e soma R$ 119,4 bi<\/title>\n<meta name=\"description\" content=\"O principal fator para a queda foi os chamados Refis, ocorrida em novembro 2017 e a queda da contribui\u00e7a\u00f5 do PIS\/COFINS. Clique para ler mais\" \/>\n<meta name=\"robots\" content=\"index, follow, max-snippet:-1, max-image-preview:large, max-video-preview:-1\" \/>\n<link rel=\"canonical\" href=\"https:\/\/www.suno.com.br\/noticias\/arrecadacao-cai-027-em-novembro-soma\/\" \/>\n<meta property=\"og:locale\" content=\"pt_BR\" \/>\n<meta property=\"og:type\" content=\"article\" \/>\n<meta property=\"og:title\" content=\"Arrecada\u00e7\u00e3o federal cai 0,27% em novembro e soma R$ 119,4 bi\" \/>\n<meta property=\"og:description\" content=\"O principal fator para a queda foi os chamados Refis, ocorrida em novembro 2017 e a queda da contribui\u00e7a\u00f5 do PIS\/COFINS. Clique para ler mais\" \/>\n<meta property=\"og:url\" content=\"https:\/\/www.suno.com.br\/noticias\/arrecadacao-cai-027-em-novembro-soma\/\" \/>\n<meta property=\"og:site_name\" content=\"Suno Not\u00edcias\" \/>\n<meta property=\"article:publisher\" content=\"https:\/\/facebook.com\/sunoresearch\" \/>\n<meta property=\"og:image\" content=\"https:\/\/files.sunoresearch.com.br\/n\/uploads\/2018\/12\/e577d616-arrecada\u00e7\u00e3o.jpg\" \/>\n\t<meta property=\"og:image:width\" content=\"1280\" \/>\n\t<meta property=\"og:image:height\" content=\"752\" \/>\n\t<meta property=\"og:image:type\" content=\"image\/jpeg\" \/>\n<meta name=\"author\" content=\"Renan Dantas\" \/>\n<meta name=\"twitter:card\" content=\"summary_large_image\" \/>\n<meta name=\"twitter:creator\" content=\"@sunoresearch\" \/>\n<meta name=\"twitter:site\" content=\"@sunoresearch\" \/>\n<meta name=\"twitter:label1\" content=\"Escrito por\" \/>\n\t<meta name=\"twitter:data1\" content=\"Renan Dantas\" \/>\n\t<meta name=\"twitter:label2\" content=\"Est. tempo de leitura\" \/>\n\t<meta name=\"twitter:data2\" content=\"1 minuto\" \/>\n<script type=\"application\/ld+json\" class=\"yoast-schema-graph\">{\"@context\":\"https:\/\/schema.org\",\"@graph\":[{\"@type\":\"NewsArticle\",\"@id\":\"https:\/\/www.suno.com.br\/noticias\/arrecadacao-cai-027-em-novembro-soma\/#article\",\"isPartOf\":{\"@id\":\"https:\/\/www.suno.com.br\/noticias\/arrecadacao-cai-027-em-novembro-soma\/\"},\"author\":{\"name\":\"Renan Dantas\",\"@id\":\"https:\/\/www.suno.com.br\/noticias\/#\/schema\/person\/3f7693d5795a3f6d5ce15309ee785699\"},\"headline\":\"Arrecada\u00e7\u00e3o federal cai 0,27% em novembro e soma R$ 119,4 bi\",\"datePublished\":\"2018-12-21T18:36:44+00:00\",\"mainEntityOfPage\":{\"@id\":\"https:\/\/www.suno.com.br\/noticias\/arrecadacao-cai-027-em-novembro-soma\/\"},\"wordCount\":251,\"publisher\":{\"@id\":\"https:\/\/www.suno.com.br\/noticias\/#organization\"},\"image\":{\"@id\":\"https:\/\/www.suno.com.br\/noticias\/arrecadacao-cai-027-em-novembro-soma\/#primaryimage\"},\"thumbnailUrl\":\"https:\/\/files.sunoresearch.com.br\/n\/uploads\/2018\/12\/e577d616-arrecada\u00e7\u00e3o-jpg.webp\",\"articleSection\":[\"Economia\"],\"inLanguage\":\"pt-BR\"},{\"@type\":\"WebPage\",\"@id\":\"https:\/\/www.suno.com.br\/noticias\/arrecadacao-cai-027-em-novembro-soma\/\",\"url\":\"https:\/\/www.suno.com.br\/noticias\/arrecadacao-cai-027-em-novembro-soma\/\",\"name\":\"Arrecada\u00e7\u00e3o federal cai 0,27% em novembro e soma R$ 119,4 bi\",\"isPartOf\":{\"@id\":\"https:\/\/www.suno.com.br\/noticias\/#website\"},\"primaryImageOfPage\":{\"@id\":\"https:\/\/www.suno.com.br\/noticias\/arrecadacao-cai-027-em-novembro-soma\/#primaryimage\"},\"image\":{\"@id\":\"https:\/\/www.suno.com.br\/noticias\/arrecadacao-cai-027-em-novembro-soma\/#primaryimage\"},\"thumbnailUrl\":\"https:\/\/files.sunoresearch.com.br\/n\/uploads\/2018\/12\/e577d616-arrecada\u00e7\u00e3o-jpg.webp\",\"datePublished\":\"2018-12-21T18:36:44+00:00\",\"description\":\"O principal fator para a queda foi os chamados Refis, ocorrida em novembro 2017 e a queda da contribui\u00e7a\u00f5 do PIS\/COFINS. Clique para ler mais\",\"breadcrumb\":{\"@id\":\"https:\/\/www.suno.com.br\/noticias\/arrecadacao-cai-027-em-novembro-soma\/#breadcrumb\"},\"inLanguage\":\"pt-BR\",\"potentialAction\":[{\"@type\":\"ReadAction\",\"target\":[\"https:\/\/www.suno.com.br\/noticias\/arrecadacao-cai-027-em-novembro-soma\/\"]}]},{\"@type\":\"ImageObject\",\"inLanguage\":\"pt-BR\",\"@id\":\"https:\/\/www.suno.com.br\/noticias\/arrecadacao-cai-027-em-novembro-soma\/#primaryimage\",\"url\":\"https:\/\/files.sunoresearch.com.br\/n\/uploads\/2018\/12\/e577d616-arrecada\u00e7\u00e3o-jpg.webp\",\"contentUrl\":\"https:\/\/files.sunoresearch.com.br\/n\/uploads\/2018\/12\/e577d616-arrecada\u00e7\u00e3o-jpg.webp\",\"width\":1280,\"height\":752,\"caption\":\"Arrecada\u00e7\u00e3o. Foto: Pixabay\"},{\"@type\":\"BreadcrumbList\",\"@id\":\"https:\/\/www.suno.com.br\/noticias\/arrecadacao-cai-027-em-novembro-soma\/#breadcrumb\",\"itemListElement\":[{\"@type\":\"ListItem\",\"position\":1,\"name\":\"Not\u00edcias\",\"item\":\"https:\/\/www.suno.com.br\/noticias\/\"},{\"@type\":\"ListItem\",\"position\":2,\"name\":\"Economia\",\"item\":\"https:\/\/www.suno.com.br\/noticias\/economia\/\"},{\"@type\":\"ListItem\",\"position\":3,\"name\":\"Arrecada\u00e7\u00e3o federal cai 0,27% em novembro e soma R$ 119,4 bi\"}]},{\"@type\":\"WebSite\",\"@id\":\"https:\/\/www.suno.com.br\/noticias\/#website\",\"url\":\"https:\/\/www.suno.com.br\/noticias\/\",\"name\":\"Suno Not\u00edcias\",\"description\":\"Seu portal de informa\u00e7\u00e3o sobre o mundo dos investimentos\",\"publisher\":{\"@id\":\"https:\/\/www.suno.com.br\/noticias\/#organization\"},\"potentialAction\":[{\"@type\":\"SearchAction\",\"target\":{\"@type\":\"EntryPoint\",\"urlTemplate\":\"https:\/\/www.suno.com.br\/noticias\/?s={search_term_string}\"},\"query-input\":{\"@type\":\"PropertyValueSpecification\",\"valueRequired\":true,\"valueName\":\"search_term_string\"}}],\"inLanguage\":\"pt-BR\"},{\"@type\":\"Organization\",\"@id\":\"https:\/\/www.suno.com.br\/noticias\/#organization\",\"name\":\"Suno Not\u00edcias\",\"url\":\"https:\/\/www.suno.com.br\/noticias\/\",\"logo\":{\"@type\":\"ImageObject\",\"inLanguage\":\"pt-BR\",\"@id\":\"https:\/\/www.suno.com.br\/noticias\/#\/schema\/logo\/image\/\",\"url\":\"https:\/\/files.sunoresearch.com.br\/n\/uploads\/2021\/09\/suno-logo.png\",\"contentUrl\":\"https:\/\/files.sunoresearch.com.br\/n\/uploads\/2021\/09\/suno-logo.png\",\"width\":180,\"height\":180,\"caption\":\"Suno Not\u00edcias\"},\"image\":{\"@id\":\"https:\/\/www.suno.com.br\/noticias\/#\/schema\/logo\/image\/\"},\"sameAs\":[\"https:\/\/facebook.com\/sunoresearch\",\"https:\/\/x.com\/sunoresearch\",\"https:\/\/www.instagram.com\/suno\",\"https:\/\/www.linkedin.com\/company\/suno-research\/\",\"https:\/\/www.youtube.com\/c\/sunoresearch\"]},{\"@type\":\"Person\",\"@id\":\"https:\/\/www.suno.com.br\/noticias\/#\/schema\/person\/3f7693d5795a3f6d5ce15309ee785699\",\"name\":\"Renan Dantas\",\"image\":{\"@type\":\"ImageObject\",\"inLanguage\":\"pt-BR\",\"@id\":\"https:\/\/www.suno.com.br\/noticias\/#\/schema\/person\/image\/\",\"url\":\"https:\/\/secure.gravatar.com\/avatar\/1787b83e7484a08e51d62ac8b41c8396?s=96&r=g\",\"contentUrl\":\"https:\/\/secure.gravatar.com\/avatar\/1787b83e7484a08e51d62ac8b41c8396?s=96&r=g\",\"caption\":\"Renan Dantas\"},\"description\":\"Escreve sobre pol\u00edtica e mercado financeiro para o portal Suno Not\u00edcias. Antes, atuou na assessoria de comunica\u00e7\u00e3o do Minist\u00e9rio P\u00fablico do Trabalho e na R\u00e1dio Mackenzie, onde apresentava e produzia um programa sobre artistas da m\u00fasica brasileira. \u00c9 estudante na Universidade Presbiteriana Mackenzie.\",\"url\":\"https:\/\/www.suno.com.br\/noticias\/author\/renan-dantas\/\"}]}<\/script>\n<!-- \/ Yoast SEO plugin. -->","yoast_head_json":{"title":"Arrecada\u00e7\u00e3o federal cai 0,27% em novembro e soma R$ 119,4 bi","description":"O principal fator para a queda foi os chamados Refis, ocorrida em novembro 2017 e a queda da contribui\u00e7a\u00f5 do PIS\/COFINS. Clique para ler mais","robots":{"index":"index","follow":"follow","max-snippet":"max-snippet:-1","max-image-preview":"max-image-preview:large","max-video-preview":"max-video-preview:-1"},"canonical":"https:\/\/www.suno.com.br\/noticias\/arrecadacao-cai-027-em-novembro-soma\/","og_locale":"pt_BR","og_type":"article","og_title":"Arrecada\u00e7\u00e3o federal cai 0,27% em novembro e soma R$ 119,4 bi","og_description":"O principal fator para a queda foi os chamados Refis, ocorrida em novembro 2017 e a queda da contribui\u00e7a\u00f5 do PIS\/COFINS. Clique para ler mais","og_url":"https:\/\/www.suno.com.br\/noticias\/arrecadacao-cai-027-em-novembro-soma\/","og_site_name":"Suno Not\u00edcias","article_publisher":"https:\/\/facebook.com\/sunoresearch","og_image":[{"width":1280,"height":752,"url":"https:\/\/files.sunoresearch.com.br\/n\/uploads\/2018\/12\/e577d616-arrecada\u00e7\u00e3o.jpg","type":"image\/jpeg"}],"author":"Renan Dantas","twitter_card":"summary_large_image","twitter_creator":"@sunoresearch","twitter_site":"@sunoresearch","twitter_misc":{"Escrito por":"Renan Dantas","Est. tempo de leitura":"1 minuto"},"schema":{"@context":"https:\/\/schema.org","@graph":[{"@type":"NewsArticle","@id":"https:\/\/www.suno.com.br\/noticias\/arrecadacao-cai-027-em-novembro-soma\/#article","isPartOf":{"@id":"https:\/\/www.suno.com.br\/noticias\/arrecadacao-cai-027-em-novembro-soma\/"},"author":{"name":"Renan Dantas","@id":"https:\/\/www.suno.com.br\/noticias\/#\/schema\/person\/3f7693d5795a3f6d5ce15309ee785699"},"headline":"Arrecada\u00e7\u00e3o federal cai 0,27% em novembro e soma R$ 119,4 bi","datePublished":"2018-12-21T18:36:44+00:00","mainEntityOfPage":{"@id":"https:\/\/www.suno.com.br\/noticias\/arrecadacao-cai-027-em-novembro-soma\/"},"wordCount":251,"publisher":{"@id":"https:\/\/www.suno.com.br\/noticias\/#organization"},"image":{"@id":"https:\/\/www.suno.com.br\/noticias\/arrecadacao-cai-027-em-novembro-soma\/#primaryimage"},"thumbnailUrl":"https:\/\/files.sunoresearch.com.br\/n\/uploads\/2018\/12\/e577d616-arrecada\u00e7\u00e3o-jpg.webp","articleSection":["Economia"],"inLanguage":"pt-BR"},{"@type":"WebPage","@id":"https:\/\/www.suno.com.br\/noticias\/arrecadacao-cai-027-em-novembro-soma\/","url":"https:\/\/www.suno.com.br\/noticias\/arrecadacao-cai-027-em-novembro-soma\/","name":"Arrecada\u00e7\u00e3o federal cai 0,27% em novembro e soma R$ 119,4 bi","isPartOf":{"@id":"https:\/\/www.suno.com.br\/noticias\/#website"},"primaryImageOfPage":{"@id":"https:\/\/www.suno.com.br\/noticias\/arrecadacao-cai-027-em-novembro-soma\/#primaryimage"},"image":{"@id":"https:\/\/www.suno.com.br\/noticias\/arrecadacao-cai-027-em-novembro-soma\/#primaryimage"},"thumbnailUrl":"https:\/\/files.sunoresearch.com.br\/n\/uploads\/2018\/12\/e577d616-arrecada\u00e7\u00e3o-jpg.webp","datePublished":"2018-12-21T18:36:44+00:00","description":"O principal fator para a queda foi os chamados Refis, ocorrida em novembro 2017 e a queda da contribui\u00e7a\u00f5 do PIS\/COFINS. Clique para ler mais","breadcrumb":{"@id":"https:\/\/www.suno.com.br\/noticias\/arrecadacao-cai-027-em-novembro-soma\/#breadcrumb"},"inLanguage":"pt-BR","potentialAction":[{"@type":"ReadAction","target":["https:\/\/www.suno.com.br\/noticias\/arrecadacao-cai-027-em-novembro-soma\/"]}]},{"@type":"ImageObject","inLanguage":"pt-BR","@id":"https:\/\/www.suno.com.br\/noticias\/arrecadacao-cai-027-em-novembro-soma\/#primaryimage","url":"https:\/\/files.sunoresearch.com.br\/n\/uploads\/2018\/12\/e577d616-arrecada\u00e7\u00e3o-jpg.webp","contentUrl":"https:\/\/files.sunoresearch.com.br\/n\/uploads\/2018\/12\/e577d616-arrecada\u00e7\u00e3o-jpg.webp","width":1280,"height":752,"caption":"Arrecada\u00e7\u00e3o. Foto: Pixabay"},{"@type":"BreadcrumbList","@id":"https:\/\/www.suno.com.br\/noticias\/arrecadacao-cai-027-em-novembro-soma\/#breadcrumb","itemListElement":[{"@type":"ListItem","position":1,"name":"Not\u00edcias","item":"https:\/\/www.suno.com.br\/noticias\/"},{"@type":"ListItem","position":2,"name":"Economia","item":"https:\/\/www.suno.com.br\/noticias\/economia\/"},{"@type":"ListItem","position":3,"name":"Arrecada\u00e7\u00e3o federal cai 0,27% em novembro e soma R$ 119,4 bi"}]},{"@type":"WebSite","@id":"https:\/\/www.suno.com.br\/noticias\/#website","url":"https:\/\/www.suno.com.br\/noticias\/","name":"Suno Not\u00edcias","description":"Seu portal de informa\u00e7\u00e3o sobre o mundo dos investimentos","publisher":{"@id":"https:\/\/www.suno.com.br\/noticias\/#organization"},"potentialAction":[{"@type":"SearchAction","target":{"@type":"EntryPoint","urlTemplate":"https:\/\/www.suno.com.br\/noticias\/?s={search_term_string}"},"query-input":{"@type":"PropertyValueSpecification","valueRequired":true,"valueName":"search_term_string"}}],"inLanguage":"pt-BR"},{"@type":"Organization","@id":"https:\/\/www.suno.com.br\/noticias\/#organization","name":"Suno Not\u00edcias","url":"https:\/\/www.suno.com.br\/noticias\/","logo":{"@type":"ImageObject","inLanguage":"pt-BR","@id":"https:\/\/www.suno.com.br\/noticias\/#\/schema\/logo\/image\/","url":"https:\/\/files.sunoresearch.com.br\/n\/uploads\/2021\/09\/suno-logo.png","contentUrl":"https:\/\/files.sunoresearch.com.br\/n\/uploads\/2021\/09\/suno-logo.png","width":180,"height":180,"caption":"Suno Not\u00edcias"},"image":{"@id":"https:\/\/www.suno.com.br\/noticias\/#\/schema\/logo\/image\/"},"sameAs":["https:\/\/facebook.com\/sunoresearch","https:\/\/x.com\/sunoresearch","https:\/\/www.instagram.com\/suno","https:\/\/www.linkedin.com\/company\/suno-research\/","https:\/\/www.youtube.com\/c\/sunoresearch"]},{"@type":"Person","@id":"https:\/\/www.suno.com.br\/noticias\/#\/schema\/person\/3f7693d5795a3f6d5ce15309ee785699","name":"Renan Dantas","image":{"@type":"ImageObject","inLanguage":"pt-BR","@id":"https:\/\/www.suno.com.br\/noticias\/#\/schema\/person\/image\/","url":"https:\/\/secure.gravatar.com\/avatar\/1787b83e7484a08e51d62ac8b41c8396?s=96&r=g","contentUrl":"https:\/\/secure.gravatar.com\/avatar\/1787b83e7484a08e51d62ac8b41c8396?s=96&r=g","caption":"Renan Dantas"},"description":"Escreve sobre pol\u00edtica e mercado financeiro para o portal Suno Not\u00edcias. Antes, atuou na assessoria de comunica\u00e7\u00e3o do Minist\u00e9rio P\u00fablico do Trabalho e na R\u00e1dio Mackenzie, onde apresentava e produzia um programa sobre artistas da m\u00fasica brasileira. \u00c9 estudante na Universidade Presbiteriana Mackenzie.","url":"https:\/\/www.suno.com.br\/noticias\/author\/renan-dantas\/"}]}},"default_loop_html":"<div class=\"cardsPage__listCard__boxs\"><div class=\"cardsPage__listCard__boxs__img\"><a href=\"https:\/\/www.suno.com.br\/noticias\/arrecadacao-cai-027-em-novembro-soma\/\"><img class=\"mask\" src=\"https:\/\/www.suno.com.br\/noticias\/wp-content\/themes\/suno\/resources\/images\/spotlight\/spotlight1img\/bg-mask.png\" alt=\"Image Mask\"\/><img src=\"https:\/\/files.sunoresearch.com.br\/n\/uploads\/2018\/12\/e577d616-arrecada\u00e7\u00e3o-400x200.webp\" alt=\"Arrecada\u00e7\u00e3o federal cai 0,27% em novembro e soma R$ 119,4 bi\"\/><\/a><span class=\"spotlightCategory\"><a href=\"https:\/\/www.suno.com.br\/noticias\/economia\/\">Economia<\/a><\/span><\/div><div class=\"cardsPage__listCard__boxs__content\"><a href=\"https:\/\/www.suno.com.br\/noticias\/arrecadacao-cai-027-em-novembro-soma\/\"><h2 class=\"content__title\">Arrecada\u00e7\u00e3o federal cai 0,27% em novembro e soma R$ 119,4 bi<\/h2><\/a><div class=\"newsContent__article__meta\"><div class=\"newsContent__article__meta__authorBox\"><a href=\"https:\/\/www.suno.com.br\/noticias\/author\/renan-dantas\/\" class=\"authorBox__avatar noMobi\"><img src=\"https:\/\/secure.gravatar.com\/avatar\/1787b83e7484a08e51d62ac8b41c8396?s=96&#038;r=g\" alt=\"Renan Dantas\"><\/a><div class=\"authorBox__name\"><span>por\n\t\t\t<a href=\"https:\/\/www.suno.com.br\/noticias\/author\/renan-dantas\/\"><span itemprop=\"author\">Renan Dantas<\/span><\/a><\/span><time datetime=\"2018-12-21T16:36:44-02:00\" itemprop=\"datePublished\">21\/12\/2018 16:36<\/time><\/div><\/div><\/div><\/div><\/div>","single_layout":"posts","amp_enabled":true,"_links":{"self":[{"href":"https:\/\/www.suno.com.br\/noticias\/wp-json\/wp\/v2\/posts\/9750"}],"collection":[{"href":"https:\/\/www.suno.com.br\/noticias\/wp-json\/wp\/v2\/posts"}],"about":[{"href":"https:\/\/www.suno.com.br\/noticias\/wp-json\/wp\/v2\/types\/post"}],"author":[{"embeddable":true,"href":"https:\/\/www.suno.com.br\/noticias\/wp-json\/wp\/v2\/users\/14"}],"replies":[{"embeddable":true,"href":"https:\/\/www.suno.com.br\/noticias\/wp-json\/wp\/v2\/comments?post=9750"}],"version-history":[{"count":0,"href":"https:\/\/www.suno.com.br\/noticias\/wp-json\/wp\/v2\/posts\/9750\/revisions"}],"wp:featuredmedia":[{"embeddable":true,"href":"https:\/\/www.suno.com.br\/noticias\/wp-json\/wp\/v2\/media\/9753"}],"wp:attachment":[{"href":"https:\/\/www.suno.com.br\/noticias\/wp-json\/wp\/v2\/media?parent=9750"}],"wp:term":[{"taxonomy":"category","embeddable":true,"href":"https:\/\/www.suno.com.br\/noticias\/wp-json\/wp\/v2\/categories?post=9750"},{"taxonomy":"post_tag","embeddable":true,"href":"https:\/\/www.suno.com.br\/noticias\/wp-json\/wp\/v2\/tags?post=9750"},{"taxonomy":"suno_strategy","embeddable":true,"href":"https:\/\/www.suno.com.br\/noticias\/wp-json\/wp\/v2\/suno_strategy?post=9750"}],"curies":[{"name":"wp","href":"https:\/\/api.w.org\/{rel}","templated":true}]}}