{"id":9742,"date":"2018-12-24T10:10:03","date_gmt":"2018-12-24T12:10:03","guid":{"rendered":"https:\/\/www.suno.com.br\/noticias\/?p=9742"},"modified":"2021-02-18T17:55:53","modified_gmt":"2021-02-18T20:55:53","slug":"retrospectiva-principais-impactos-economia-nacional","status":"publish","type":"post","link":"https:\/\/www.suno.com.br\/noticias\/retrospectiva-principais-impactos-economia-nacional\/","title":{"rendered":"Retrospectiva 2018: Principais fatos que impactaram a economia do Brasil"},"content":{"rendered":"<p>Em 2018, a evolu\u00e7\u00e3o do d\u00f3lar, o andamento do Ibovespa, o pre\u00e7o dos combust\u00edveis, as varia\u00e7\u00f5es do Produto Interno Bruto (PIB), o n\u00edvel de desemprego e a greve dos caminhoneiros, marcaram a economia do pa\u00eds.<\/p>\t<div class=\"wrapper-featured-image\">\n\t\t<figure class=\"spotlightImg\">\n\n\t\t\t<picture>\n\t\t\t\t<source media=\"(max-width: 768px)\" srcset=\"https:\/\/files.sunoresearch.com.br\/n\/uploads\/2018\/12\/19ec7bf1-economia-400x200.webp\">\n\t\t\t\t<img loading=\"lazy\" decoding=\"async\" class=\"newsContent__article__imgCapa lazyloadDisabled newsContent__article__imgCapa--noCaption\" src=\"https:\/\/files.sunoresearch.com.br\/n\/uploads\/2018\/12\/19ec7bf1-economia-jpg.webp\" width=\"800\" height=\"450\" alt=\"Retrospectiva 2018: Principais fatos que impactaram a economia do Brasil\" fetchpriority=high \/>\n\t\t\t<\/picture>\n\n\t\t\t<figcaption class=\"wp-caption-text wp-caption-text--hide\">retrospectiva 2018: principais fatores que influenciaram a economia nacional<\/figcaption>\n\t\t<\/figure>\n\t<\/div>\n\n\n<div class=\"content__signa-share\">\n<div class=\"content__signature\">\n<div class=\"content-publication-data\">\n<div class=\"content-publication-data__text\">\n<p>Iniciamos um ano com 77.891,04 pontos no <strong>Ibovespa<\/strong>. O\u00a0<strong>PIB<\/strong> do pa\u00eds estava com crescimento previsto em 2,69% e o <a href=\"https:\/\/www.suno.com.br\/artigos\/dolar-comercial\/\">d\u00f3lar cotado<\/a> a R$ 3,29. Entretanto, durante o ano, a retomada da <strong>economia<\/strong> brasileira foi mais lenta do previsto, principalmente pelo desemprego elevado. Por sua vez, o desemprego continuou em n\u00edveis elevados, tamb\u00e9m por causa do crescimento do trabalho informal.<\/p>\n<p>De acordo com o professor Alexandre Borbely, economista da Universidade Metodista de S\u00e3o Paulo, embora a informalidade diminua o n\u00famero de desempregados, ela n\u00e3o gera renda para estimular a economia. &#8220;O emprego precisa ser formal, e n\u00e3o informal como est\u00e3o sendo criados atualmente. A informalidade gera empregos, mas n\u00e3o gera a renda necess\u00e1ria para impulsionar a economia do pa\u00eds&#8221;, explicou Borbely, &#8220;A cria\u00e7\u00e3o de empregos formais d\u00e1 maior renda \u00e0s pessoas e acaba estimulando o consumo&#8221;.<\/p>\n<h2>Infla\u00e7\u00e3o<\/h2>\n<p><span style=\"font-size: 1.21429rem;\">De acordo com o Instituto Brasileiro de Geografia e Estat\u00edstica (<strong>IBGE<\/strong>), a <a href=\"https:\/\/www.suno.com.br\/artigos\/inflacao\/\">estimativa de infla\u00e7\u00e3o<\/a> era de 3,93% para 2018. No \u00faltimo apontamento do instituto, ela chegou a 3,59% na parcial do ano.<\/span><\/p>\n<ol>\n<li>Janeiro: alta de 0,29% (em rela\u00e7\u00e3o a dez\/17);<\/li>\n<li>Fevereiro: alta de 0,32% (em rela\u00e7\u00e3o a jan\/18);<\/li>\n<li>Mar\u00e7o: alta de 0,09%\u00a0(em rela\u00e7\u00e3o a fev\/18);<\/li>\n<li>Abril: alta de 0,22%\u00a0(em rela\u00e7\u00e3o a mar\/18);<\/li>\n<li>Maio: alta de 0,40%\u00a0(em rela\u00e7\u00e3o a abr\/18);<\/li>\n<li>Junho: alta de 1,26%\u00a0(em rela\u00e7\u00e3o a mai\/18);<\/li>\n<li>Julho: alta de 0,33%\u00a0(em rela\u00e7\u00e3o a jun\/18);<\/li>\n<li>Agosto: queda de -0,09%\u00a0(em rela\u00e7\u00e3o a jul\/18);<\/li>\n<li>Setembro: alta de 0,48%\u00a0(em rela\u00e7\u00e3o a ago\/18);<\/li>\n<li>Outubro: alta de 0,45%\u00a0(em rela\u00e7\u00e3o a set\/18);<\/li>\n<li>Novembro: queda de -0,21%\u00a0(em rela\u00e7\u00e3o a out\/18).<\/li>\n<\/ol>\n<p>A infla\u00e7\u00e3o ficou controlada durante o ano, mas o amento dos pre\u00e7os dos combust\u00edveis acabou pesando no bolso do consumidor. A disparada dos pre\u00e7os da gasolina e do diesel no primeiro semestre foi um dos principais fatores que provocaram a greve dos caminhoneiros.<\/p>\n<p>A paralisa\u00e7\u00e3o que come\u00e7ou no final de maio, com 11 dias de dura\u00e7\u00e3o, e que acabou afetando todos os outros setores da economia nacional. A greve dos caminhoneiro levou a uma redu\u00e7\u00e3o das previs\u00f5es do PIB.<\/p>\n<h2>Produto Interno Bruto<\/h2>\n<p>O PIB brasileiro n\u00e3o registrou um desempenho positivo em 2018. Al\u00e9m da greve dos caminhoneiros,\u00a0outros fatores prejudicaram o PIB. Entre eles, a incerteza sobre o futuro pol\u00edtico do pa\u00eds. As elei\u00e7\u00f5es de outubro, e agenda econ\u00f4mica que poderia ser adotada por um eventual novo governo, frearam o crescimento do Pa\u00eds.<\/p>\n<p>De acordo com o Boletim Focus do Banco Central, no in\u00edcio do ano a previs\u00e3o de aumento do\u00a0<a href=\"https:\/\/www.suno.com.br\/artigos\/pib-produto-interno-bruto\/\">PIB nacional<\/a>\u00a0era de quase 3%. A partir de junho, p\u00f3s a greve dos caminhoneiros, o Boletim Focus come\u00e7ou a indicar uma alta do PIB de apenas 1,94%. Uma redu\u00e7\u00e3o que continuou ao longo do segundo semestre, chegando no final do ano com uma proje\u00e7\u00e3o de crescimento reduzida, de apenas 1,3%.<\/p>\n<p>De acordo com o professor Ramon Barazal, economista do Centro Universit\u00e1rio Funda\u00e7\u00e3o Santo Andr\u00e9, os principais setores econ\u00f4micos que poderiam ter uma influ\u00eancia positiva sobre o PIB s\u00e3o os de constru\u00e7\u00e3o civil e da \u00e1rea industrial. &#8220;<span style=\"font-size: 1.21429rem;\">Realiza\u00e7\u00e3o de obras, investimentos em novos maquin\u00e1rios e a entrada de novas empresas no Pa\u00eds aumentam o n\u00famero de empregos. Com isso, a economia come\u00e7a a crescer, porque todo mundo passa a ter capital&#8221;, explicou Barazal.<\/span><\/p>\n<p><a href=\"https:\/\/www.suno.com.br\/noticias\/pib-crescer-inflacao-ipea\/\">Saiba mais:\u00a0PIB ir\u00e1 crescer 2,7% e infla\u00e7\u00e3o ficar\u00e1 em 4,1% em 2019, prev\u00ea Ipea<\/a><\/p>\n<\/div>\n<div class=\"content-publication-data__text\">\n<h2>D\u00f3lar<\/h2>\n<p>Este ano ser\u00e1 lembrado por uma cota\u00e7\u00e3o muito elevada do d\u00f3lar. O ano come\u00e7ou com o Boletim Focus prevendo uma cota\u00e7\u00e3o do <strong>d\u00f3lar<\/strong>\u00a0de R$ 3,29. A cota\u00e7\u00e3o m\u00ednima da moeda norte-americana foi apontada pelo Boletim Focus no final de janeiro, quando ficou em R$ 3,13. Entretanto, j\u00e1 em setembro de 2018, o mesmo Boletim indicou o recorde hist\u00f3rico do d\u00f3lar, com a moeda dos EUA cotada a R$ 4,1952. Um resultado gerado pelas incertezas das elei\u00e7\u00f5es.<\/p>\n<p>Para conter a alta do d\u00f3lar, o\u00a0<a href=\"https:\/\/www.suno.com.br\/artigos\/bacen\/\"><strong>Banco Central<\/strong> (BC)<\/a>, realizou uma s\u00e9rie de leil\u00f5es de\u00a0swaps cambiais tradicionais ao longo do ano. Foram\u00a013,835 mil papeis ofertados equivalentes a US$ 10,373 bilh\u00f5es. Al\u00e9m disso, o BC vendeu parte das reservas de d\u00f3lares internacionais, com compromisso de recompra.<\/p>\n<p>Entretanto, as medidas n\u00e3o foram suficientes, e a moeda dos EUA deve fechar o ano pr\u00f3xima dos R$ 3,90.<\/p>\n<p>Para o fundador e CEO da Suno Research, Tiago Reis, n\u00e3o s\u00e3o necess\u00e1rias a\u00e7\u00f5es para conter a alta do d\u00f3lar. Segundo ele, a moeda dos EUA acaba se estabilizando autonomamente. &#8220;N\u00e3o acredito que sejam necess\u00e1rias medidas para conter a alta do d\u00f3lar. Tem que deixar o mercado flutuar e com o mercado livre, o valor se equilibra em algum momento&#8221;, explicou Reis, &#8220;Al\u00e9m disso, n\u00e3o acredito que o d\u00f3lar esteja sofrendo uma grande volatilidade ultimamente. Algo que justifique qualquer tipo de medida&#8221;.<\/p>\n<\/div>\n<h2>Desemprego<\/h2>\n<p>O ano de 2018 foi tamb\u00e9m marcado por um desemprego elevado e persistente. Mesmo se a taxa de <strong>desemprego<\/strong> caiu no Brasil para 11,7% no trimestre finalizado em outubro, de acordo com o IBGE, o desemprego ainda atinge 12,4 milh\u00f5es de brasileiros.<\/p>\n<p>No acumulado do ano, o n\u00famero de pessoas que procuram um emprego registrou sete queda seguidas. Juntas, essas redu\u00e7\u00f5es levaram ao menor percentual de desempregados desde 2016.<\/p>\n<p>Entretanto, a porcentagem de desempregados ainda continua muito elevada: mais do que o dobro do quanto registrado em 2012, quando era 5,5%. Al\u00e9m disso, o IBGE calcula que 4,78 milh\u00f5es de brasileiros sejam desalentados. Pessoas que desistiram de procurar emprego.<\/p>\n<\/div>\n<p>N\u00famero de desempregados por m\u00eas em 2018:<\/p>\n<ol>\n<li>Janeiro &#8211; 12,69 milh\u00f5es de pessoas;<\/li>\n<li>Fevereiro &#8211; 13,12 milh\u00f5es de pessoas;<\/li>\n<li>Mar\u00e7o &#8211; 13,69 milh\u00f5es de pessoas;<\/li>\n<li>Abril &#8211; 13,41 milh\u00f5es de pessoas;<\/li>\n<li>Maio &#8211; 13,24 milh\u00f5es de pessoas;<\/li>\n<li>Junho &#8211; 12,97 milh\u00f5es de pessoas;<\/li>\n<li>Julho &#8211; 12,87 milh\u00f5es de pessoas;<\/li>\n<li>Agosto &#8211; 12,71 milh\u00f5es de pessoas;<\/li>\n<li>Setembro &#8211; 12,49 milh\u00f5es de pessoas;<\/li>\n<li>Outubro &#8211; 12,35 milh\u00f5es de pessoas;<\/li>\n<\/ol>\n<p>De acordo com o IBGE, o Nordeste \u00e9 a regi\u00e3o brasileira que concentra o maior n\u00famero de estados com alto \u00edndice de desemprego:<\/p>\n<ul>\n<li>Sergipe &#8211; 17,5%;<\/li>\n<li>Alagoas &#8211; 17,1%;<\/li>\n<li>Pernambuco &#8211; 16,7%;<\/li>\n<li>Bahia &#8211; 16,2%;<\/li>\n<\/ul>\n<p>Entretanto, o Amap\u00e1, que fica na regi\u00e3o Norte, tem o maior percentual de desempregados: 18,3%.<\/p>\n<p><a href=\"https:\/\/www.suno.com.br\/noticias\/brasil-58-vagas-carteira-novembro\/\">Saiba mais: Brasil cria mais de 58 mil vagas com carteira assinada em novembro<\/a><\/p>\n<h2>Ibovespa<\/h2>\n<p><a href=\"https:\/\/www.suno.com.br\/artigos\/ibovespa\/\">O Ibovespa<\/a>, que \u00e9 o principal \u00edndice da Bolsa de Valores do <strong>Brasil<\/strong>, teve um 2018 com um movimento ondulat\u00f3rio. O mercado acion\u00e1rio brasileiro iniciou o ano em baixa (77.891,04 pontos). Um resultado negativo gerado pelos \u00faltimos dois anos de grave crise econ\u00f4mica. Entretanto, 2018 come\u00e7ou com as opera\u00e7\u00f5es em alta, at\u00e9 a greve dos caminhoneiros. A paralisa\u00e7\u00e3o afetou a economia nacional de tal forma que o \u00edndice acabou despencando. Na segunda metade de junho o \u00edndice chegou ao seu menor n\u00edvel: 69.814 pontos. Mas logo depois das elei\u00e7\u00f5es de outubro, com a vit\u00f3ria do candidato do Partido Social Liberal (PSL) Jair Bolsonaro, a bolsa brasileira come\u00e7ou uma trajet\u00f3ria crescente at\u00e9 bater o recorde hist\u00f3rico no in\u00edcio de dezembro.<\/p>\n<p>Mas mesmo com este pico, o \u00edndice teve sua alta freada por conta da desacelera\u00e7\u00e3o da economia mundial. Os temores est\u00e3o relacionados principalmente a guerra comercial entre <strong>Estados Unidos<\/strong> e <strong>China<\/strong>. Um confronto entre as duas maiores economias do planeta que poderia acabar afetando negativamente o Brasil, que \u00e9 um parceiro comercial importante de ambos os pa\u00edses.<\/p>\n<\/div>\n<\/div>\n<p>Os principais momentos do Ibovespa em 2018 foram:<\/p>\n<ol>\n<li>08 de mar\u00e7o &#8211; EUA imp\u00f5e sobretaxa ao a\u00e7o (84.984 pontos);<\/li>\n<li>21 de maio &#8211; Inicio da <strong>greve dos caminhoneiros<\/strong> (81.815 pontos);<\/li>\n<li>28 de maio &#8211; Governo anuncia subs\u00eddio ao diesel (75.355 pontos);<\/li>\n<li>18 de junho &#8211; Ibovespa registra a m\u00ednima do ano por conta dos temores da guerra comercial (69.814 pontos);<\/li>\n<li>16 de agosto &#8211; In\u00edcio das campanhas eleitorais (76.818 pontos);<\/li>\n<li>29 de outubro &#8211; <strong>Jair Bolsonaro<\/strong> \u00e9 eleito presidente do pa\u00eds (83.796 pontos);<\/li>\n<li>03 de dezembro &#8211; M\u00e1xima do ano (89.820 pontos).<\/li>\n<\/ol>\n<p>No acumulado do ano at\u00e9 o momento, o Ibovespa teve aproximadamente 12% de valoriza\u00e7\u00e3o. Em dezembro, pela primeira vez o \u00edndice passou dos 90 mil pontos.<\/p>\n<p>Entretanto, o otimismo dos operadores do mercado financeiro, que levou para essa valoriza\u00e7\u00e3o acion\u00e1ria, ainda n\u00e3o conseguiu influenciar de forma substancial a\u00a0\u00a0<strong>economia<\/strong> nacional. O\u00a0<strong>PIB<\/strong>\u00a0brasileiro fechar\u00e1 o ano com um crescimento t\u00edmido, muito menor dos resultados obtidos pelas <a href=\"https:\/\/www.suno.com.br\/artigos\/como-investir-em-acoes-na-bolsa-de-valores\/\">negocia\u00e7\u00f5es da Bolsa de Valores<\/a>.<\/p>\n","protected":false},"excerpt":{"rendered":"<p>Em 2018, a evolu\u00e7\u00e3o do d\u00f3lar, o andamento do Ibovespa, o pre\u00e7o dos combust\u00edveis, as varia\u00e7\u00f5es do Produto Interno Bruto (PIB), o n\u00edvel de desemprego e a greve dos caminhoneiros, marcaram a economia do pa\u00eds. retrospectiva 2018: principais fatores que influenciaram a economia nacional Iniciamos um ano com 77.891,04 pontos no Ibovespa. O\u00a0PIB do pa\u00eds [&hellip;]<\/p>\n","protected":false},"author":11,"featured_media":9762,"comment_status":"closed","ping_status":"closed","sticky":false,"template":"","format":"standard","meta":[],"categories":[62],"tags":[711,326,740,793,833,821,721,850,807],"suno_strategy":[],"class_list":["post-9742","post","type-post","status-publish","format-standard","has-post-thumbnail","hentry","category-economia","tag-china","tag-dolar","tag-economia","tag-estados-unidos-eua","tag-greve-dos-caminhoneiros","tag-ibge","tag-ibovespa","tag-inflacao","tag-produto-interno-bruto-pib"],"yoast_head":"<!-- This site is optimized with the Yoast SEO plugin v24.4 - https:\/\/yoast.com\/wordpress\/plugins\/seo\/ -->\n<title>Retrospectiva 2018: Principais fatos que impactaram a economia do Brasil<\/title>\n<meta name=\"description\" content=\"No in\u00edcio do ano a economia nacional tinha estimativa de 2,69% de crescimento; Entretanto uma s\u00e9rie de fatores frearam a alta. Clique para saber mais.\" \/>\n<meta name=\"robots\" content=\"index, follow, max-snippet:-1, max-image-preview:large, max-video-preview:-1\" \/>\n<link rel=\"canonical\" href=\"https:\/\/www.suno.com.br\/noticias\/retrospectiva-principais-impactos-economia-nacional\/\" \/>\n<meta property=\"og:locale\" content=\"pt_BR\" \/>\n<meta property=\"og:type\" content=\"article\" \/>\n<meta property=\"og:title\" content=\"Retrospectiva 2018: Principais fatos que impactaram a economia do Brasil\" \/>\n<meta property=\"og:description\" content=\"No in\u00edcio do ano a economia nacional tinha estimativa de 2,69% de crescimento; Entretanto uma s\u00e9rie de fatores frearam a alta. Clique para saber mais.\" \/>\n<meta property=\"og:url\" content=\"https:\/\/www.suno.com.br\/noticias\/retrospectiva-principais-impactos-economia-nacional\/\" \/>\n<meta property=\"og:site_name\" content=\"Suno Not\u00edcias\" \/>\n<meta property=\"article:publisher\" content=\"https:\/\/facebook.com\/sunoresearch\" \/>\n<meta property=\"og:image\" content=\"https:\/\/files.sunoresearch.com.br\/n\/uploads\/2018\/12\/19ec7bf1-economia.jpg\" \/>\n\t<meta property=\"og:image:width\" content=\"1100\" \/>\n\t<meta property=\"og:image:height\" content=\"370\" \/>\n\t<meta property=\"og:image:type\" content=\"image\/jpeg\" \/>\n<meta name=\"author\" content=\"Renan Bandeira\" \/>\n<meta name=\"twitter:card\" content=\"summary_large_image\" \/>\n<meta name=\"twitter:creator\" content=\"@sunoresearch\" \/>\n<meta name=\"twitter:site\" content=\"@sunoresearch\" \/>\n<meta name=\"twitter:label1\" content=\"Escrito por\" \/>\n\t<meta name=\"twitter:data1\" content=\"Renan Bandeira\" \/>\n\t<meta name=\"twitter:label2\" content=\"Est. tempo de leitura\" \/>\n\t<meta name=\"twitter:data2\" content=\"7 minutos\" \/>\n<script type=\"application\/ld+json\" class=\"yoast-schema-graph\">{\"@context\":\"https:\/\/schema.org\",\"@graph\":[{\"@type\":\"NewsArticle\",\"@id\":\"https:\/\/www.suno.com.br\/noticias\/retrospectiva-principais-impactos-economia-nacional\/#article\",\"isPartOf\":{\"@id\":\"https:\/\/www.suno.com.br\/noticias\/retrospectiva-principais-impactos-economia-nacional\/\"},\"author\":{\"name\":\"Renan Bandeira\",\"@id\":\"https:\/\/www.suno.com.br\/noticias\/#\/schema\/person\/fc144a1c6108bd1dcd43784e88a3c138\"},\"headline\":\"Retrospectiva 2018: Principais fatos que impactaram a economia do Brasil\",\"datePublished\":\"2018-12-24T12:10:03+00:00\",\"dateModified\":\"2021-02-18T20:55:53+00:00\",\"mainEntityOfPage\":{\"@id\":\"https:\/\/www.suno.com.br\/noticias\/retrospectiva-principais-impactos-economia-nacional\/\"},\"wordCount\":1470,\"publisher\":{\"@id\":\"https:\/\/www.suno.com.br\/noticias\/#organization\"},\"image\":{\"@id\":\"https:\/\/www.suno.com.br\/noticias\/retrospectiva-principais-impactos-economia-nacional\/#primaryimage\"},\"thumbnailUrl\":\"https:\/\/files.sunoresearch.com.br\/n\/uploads\/2018\/12\/19ec7bf1-economia-jpg.webp\",\"keywords\":[\"China\",\"d\u00f3lar\",\"Economia\",\"Estados Unidos (EUA)\",\"greve dos caminhoneiros\",\"IBGE\",\"Ibovespa\",\"infla\u00e7\u00e3o\",\"Produto Interno Bruto (PIB)\"],\"articleSection\":[\"Economia\"],\"inLanguage\":\"pt-BR\"},{\"@type\":\"WebPage\",\"@id\":\"https:\/\/www.suno.com.br\/noticias\/retrospectiva-principais-impactos-economia-nacional\/\",\"url\":\"https:\/\/www.suno.com.br\/noticias\/retrospectiva-principais-impactos-economia-nacional\/\",\"name\":\"Retrospectiva 2018: Principais fatos que impactaram a economia do Brasil\",\"isPartOf\":{\"@id\":\"https:\/\/www.suno.com.br\/noticias\/#website\"},\"primaryImageOfPage\":{\"@id\":\"https:\/\/www.suno.com.br\/noticias\/retrospectiva-principais-impactos-economia-nacional\/#primaryimage\"},\"image\":{\"@id\":\"https:\/\/www.suno.com.br\/noticias\/retrospectiva-principais-impactos-economia-nacional\/#primaryimage\"},\"thumbnailUrl\":\"https:\/\/files.sunoresearch.com.br\/n\/uploads\/2018\/12\/19ec7bf1-economia-jpg.webp\",\"datePublished\":\"2018-12-24T12:10:03+00:00\",\"dateModified\":\"2021-02-18T20:55:53+00:00\",\"description\":\"No in\u00edcio do ano a economia nacional tinha estimativa de 2,69% de crescimento; Entretanto uma s\u00e9rie de fatores frearam a alta. Clique para saber mais.\",\"breadcrumb\":{\"@id\":\"https:\/\/www.suno.com.br\/noticias\/retrospectiva-principais-impactos-economia-nacional\/#breadcrumb\"},\"inLanguage\":\"pt-BR\",\"potentialAction\":[{\"@type\":\"ReadAction\",\"target\":[\"https:\/\/www.suno.com.br\/noticias\/retrospectiva-principais-impactos-economia-nacional\/\"]}]},{\"@type\":\"ImageObject\",\"inLanguage\":\"pt-BR\",\"@id\":\"https:\/\/www.suno.com.br\/noticias\/retrospectiva-principais-impactos-economia-nacional\/#primaryimage\",\"url\":\"https:\/\/files.sunoresearch.com.br\/n\/uploads\/2018\/12\/19ec7bf1-economia-jpg.webp\",\"contentUrl\":\"https:\/\/files.sunoresearch.com.br\/n\/uploads\/2018\/12\/19ec7bf1-economia-jpg.webp\",\"width\":1100,\"height\":370,\"caption\":\"retrospectiva 2018: principais fatores que influenciaram a economia nacional\"},{\"@type\":\"BreadcrumbList\",\"@id\":\"https:\/\/www.suno.com.br\/noticias\/retrospectiva-principais-impactos-economia-nacional\/#breadcrumb\",\"itemListElement\":[{\"@type\":\"ListItem\",\"position\":1,\"name\":\"Not\u00edcias\",\"item\":\"https:\/\/www.suno.com.br\/noticias\/\"},{\"@type\":\"ListItem\",\"position\":2,\"name\":\"Economia\",\"item\":\"https:\/\/www.suno.com.br\/noticias\/economia\/\"},{\"@type\":\"ListItem\",\"position\":3,\"name\":\"Retrospectiva 2018: Principais fatos que impactaram a economia do Brasil\"}]},{\"@type\":\"WebSite\",\"@id\":\"https:\/\/www.suno.com.br\/noticias\/#website\",\"url\":\"https:\/\/www.suno.com.br\/noticias\/\",\"name\":\"Suno Not\u00edcias\",\"description\":\"Seu portal de informa\u00e7\u00e3o sobre o mundo dos investimentos\",\"publisher\":{\"@id\":\"https:\/\/www.suno.com.br\/noticias\/#organization\"},\"potentialAction\":[{\"@type\":\"SearchAction\",\"target\":{\"@type\":\"EntryPoint\",\"urlTemplate\":\"https:\/\/www.suno.com.br\/noticias\/?s={search_term_string}\"},\"query-input\":{\"@type\":\"PropertyValueSpecification\",\"valueRequired\":true,\"valueName\":\"search_term_string\"}}],\"inLanguage\":\"pt-BR\"},{\"@type\":\"Organization\",\"@id\":\"https:\/\/www.suno.com.br\/noticias\/#organization\",\"name\":\"Suno Not\u00edcias\",\"url\":\"https:\/\/www.suno.com.br\/noticias\/\",\"logo\":{\"@type\":\"ImageObject\",\"inLanguage\":\"pt-BR\",\"@id\":\"https:\/\/www.suno.com.br\/noticias\/#\/schema\/logo\/image\/\",\"url\":\"https:\/\/files.sunoresearch.com.br\/n\/uploads\/2021\/09\/suno-logo.png\",\"contentUrl\":\"https:\/\/files.sunoresearch.com.br\/n\/uploads\/2021\/09\/suno-logo.png\",\"width\":180,\"height\":180,\"caption\":\"Suno Not\u00edcias\"},\"image\":{\"@id\":\"https:\/\/www.suno.com.br\/noticias\/#\/schema\/logo\/image\/\"},\"sameAs\":[\"https:\/\/facebook.com\/sunoresearch\",\"https:\/\/x.com\/sunoresearch\",\"https:\/\/www.instagram.com\/suno\",\"https:\/\/www.linkedin.com\/company\/suno-research\/\",\"https:\/\/www.youtube.com\/c\/sunoresearch\"]},{\"@type\":\"Person\",\"@id\":\"https:\/\/www.suno.com.br\/noticias\/#\/schema\/person\/fc144a1c6108bd1dcd43784e88a3c138\",\"name\":\"Renan Bandeira\",\"image\":{\"@type\":\"ImageObject\",\"inLanguage\":\"pt-BR\",\"@id\":\"https:\/\/www.suno.com.br\/noticias\/#\/schema\/person\/image\/\",\"url\":\"https:\/\/secure.gravatar.com\/avatar\/68359cdb608f14f11bbefcb78f3fc747?s=96&r=g\",\"contentUrl\":\"https:\/\/secure.gravatar.com\/avatar\/68359cdb608f14f11bbefcb78f3fc747?s=96&r=g\",\"caption\":\"Renan Bandeira\"},\"description\":\"Renan Bandeira escreve sobre pol\u00edtica e economia para o portal da Suno Research. Antes da Suno, trabalhou em uma rede de televis\u00e3o, onde fazia reportagens sobre os mesmos temas. Estuda na Universidade Metodista de S\u00e3o Paulo.\",\"url\":\"https:\/\/www.suno.com.br\/noticias\/author\/renan-bandeira\/\"}]}<\/script>\n<!-- \/ Yoast SEO plugin. -->","yoast_head_json":{"title":"Retrospectiva 2018: Principais fatos que impactaram a economia do Brasil","description":"No in\u00edcio do ano a economia nacional tinha estimativa de 2,69% de crescimento; Entretanto uma s\u00e9rie de fatores frearam a alta. Clique para saber mais.","robots":{"index":"index","follow":"follow","max-snippet":"max-snippet:-1","max-image-preview":"max-image-preview:large","max-video-preview":"max-video-preview:-1"},"canonical":"https:\/\/www.suno.com.br\/noticias\/retrospectiva-principais-impactos-economia-nacional\/","og_locale":"pt_BR","og_type":"article","og_title":"Retrospectiva 2018: Principais fatos que impactaram a economia do Brasil","og_description":"No in\u00edcio do ano a economia nacional tinha estimativa de 2,69% de crescimento; Entretanto uma s\u00e9rie de fatores frearam a alta. Clique para saber mais.","og_url":"https:\/\/www.suno.com.br\/noticias\/retrospectiva-principais-impactos-economia-nacional\/","og_site_name":"Suno Not\u00edcias","article_publisher":"https:\/\/facebook.com\/sunoresearch","og_image":[{"width":1100,"height":370,"url":"https:\/\/files.sunoresearch.com.br\/n\/uploads\/2018\/12\/19ec7bf1-economia.jpg","type":"image\/jpeg"}],"author":"Renan Bandeira","twitter_card":"summary_large_image","twitter_creator":"@sunoresearch","twitter_site":"@sunoresearch","twitter_misc":{"Escrito por":"Renan Bandeira","Est. tempo de leitura":"7 minutos"},"schema":{"@context":"https:\/\/schema.org","@graph":[{"@type":"NewsArticle","@id":"https:\/\/www.suno.com.br\/noticias\/retrospectiva-principais-impactos-economia-nacional\/#article","isPartOf":{"@id":"https:\/\/www.suno.com.br\/noticias\/retrospectiva-principais-impactos-economia-nacional\/"},"author":{"name":"Renan Bandeira","@id":"https:\/\/www.suno.com.br\/noticias\/#\/schema\/person\/fc144a1c6108bd1dcd43784e88a3c138"},"headline":"Retrospectiva 2018: Principais fatos que impactaram a economia do Brasil","datePublished":"2018-12-24T12:10:03+00:00","dateModified":"2021-02-18T20:55:53+00:00","mainEntityOfPage":{"@id":"https:\/\/www.suno.com.br\/noticias\/retrospectiva-principais-impactos-economia-nacional\/"},"wordCount":1470,"publisher":{"@id":"https:\/\/www.suno.com.br\/noticias\/#organization"},"image":{"@id":"https:\/\/www.suno.com.br\/noticias\/retrospectiva-principais-impactos-economia-nacional\/#primaryimage"},"thumbnailUrl":"https:\/\/files.sunoresearch.com.br\/n\/uploads\/2018\/12\/19ec7bf1-economia-jpg.webp","keywords":["China","d\u00f3lar","Economia","Estados Unidos (EUA)","greve dos caminhoneiros","IBGE","Ibovespa","infla\u00e7\u00e3o","Produto Interno Bruto (PIB)"],"articleSection":["Economia"],"inLanguage":"pt-BR"},{"@type":"WebPage","@id":"https:\/\/www.suno.com.br\/noticias\/retrospectiva-principais-impactos-economia-nacional\/","url":"https:\/\/www.suno.com.br\/noticias\/retrospectiva-principais-impactos-economia-nacional\/","name":"Retrospectiva 2018: Principais fatos que impactaram a economia do Brasil","isPartOf":{"@id":"https:\/\/www.suno.com.br\/noticias\/#website"},"primaryImageOfPage":{"@id":"https:\/\/www.suno.com.br\/noticias\/retrospectiva-principais-impactos-economia-nacional\/#primaryimage"},"image":{"@id":"https:\/\/www.suno.com.br\/noticias\/retrospectiva-principais-impactos-economia-nacional\/#primaryimage"},"thumbnailUrl":"https:\/\/files.sunoresearch.com.br\/n\/uploads\/2018\/12\/19ec7bf1-economia-jpg.webp","datePublished":"2018-12-24T12:10:03+00:00","dateModified":"2021-02-18T20:55:53+00:00","description":"No in\u00edcio do ano a economia nacional tinha estimativa de 2,69% de crescimento; Entretanto uma s\u00e9rie de fatores frearam a alta. Clique para saber mais.","breadcrumb":{"@id":"https:\/\/www.suno.com.br\/noticias\/retrospectiva-principais-impactos-economia-nacional\/#breadcrumb"},"inLanguage":"pt-BR","potentialAction":[{"@type":"ReadAction","target":["https:\/\/www.suno.com.br\/noticias\/retrospectiva-principais-impactos-economia-nacional\/"]}]},{"@type":"ImageObject","inLanguage":"pt-BR","@id":"https:\/\/www.suno.com.br\/noticias\/retrospectiva-principais-impactos-economia-nacional\/#primaryimage","url":"https:\/\/files.sunoresearch.com.br\/n\/uploads\/2018\/12\/19ec7bf1-economia-jpg.webp","contentUrl":"https:\/\/files.sunoresearch.com.br\/n\/uploads\/2018\/12\/19ec7bf1-economia-jpg.webp","width":1100,"height":370,"caption":"retrospectiva 2018: principais fatores que influenciaram a economia nacional"},{"@type":"BreadcrumbList","@id":"https:\/\/www.suno.com.br\/noticias\/retrospectiva-principais-impactos-economia-nacional\/#breadcrumb","itemListElement":[{"@type":"ListItem","position":1,"name":"Not\u00edcias","item":"https:\/\/www.suno.com.br\/noticias\/"},{"@type":"ListItem","position":2,"name":"Economia","item":"https:\/\/www.suno.com.br\/noticias\/economia\/"},{"@type":"ListItem","position":3,"name":"Retrospectiva 2018: Principais fatos que impactaram a economia do Brasil"}]},{"@type":"WebSite","@id":"https:\/\/www.suno.com.br\/noticias\/#website","url":"https:\/\/www.suno.com.br\/noticias\/","name":"Suno Not\u00edcias","description":"Seu portal de informa\u00e7\u00e3o sobre o mundo dos investimentos","publisher":{"@id":"https:\/\/www.suno.com.br\/noticias\/#organization"},"potentialAction":[{"@type":"SearchAction","target":{"@type":"EntryPoint","urlTemplate":"https:\/\/www.suno.com.br\/noticias\/?s={search_term_string}"},"query-input":{"@type":"PropertyValueSpecification","valueRequired":true,"valueName":"search_term_string"}}],"inLanguage":"pt-BR"},{"@type":"Organization","@id":"https:\/\/www.suno.com.br\/noticias\/#organization","name":"Suno Not\u00edcias","url":"https:\/\/www.suno.com.br\/noticias\/","logo":{"@type":"ImageObject","inLanguage":"pt-BR","@id":"https:\/\/www.suno.com.br\/noticias\/#\/schema\/logo\/image\/","url":"https:\/\/files.sunoresearch.com.br\/n\/uploads\/2021\/09\/suno-logo.png","contentUrl":"https:\/\/files.sunoresearch.com.br\/n\/uploads\/2021\/09\/suno-logo.png","width":180,"height":180,"caption":"Suno Not\u00edcias"},"image":{"@id":"https:\/\/www.suno.com.br\/noticias\/#\/schema\/logo\/image\/"},"sameAs":["https:\/\/facebook.com\/sunoresearch","https:\/\/x.com\/sunoresearch","https:\/\/www.instagram.com\/suno","https:\/\/www.linkedin.com\/company\/suno-research\/","https:\/\/www.youtube.com\/c\/sunoresearch"]},{"@type":"Person","@id":"https:\/\/www.suno.com.br\/noticias\/#\/schema\/person\/fc144a1c6108bd1dcd43784e88a3c138","name":"Renan Bandeira","image":{"@type":"ImageObject","inLanguage":"pt-BR","@id":"https:\/\/www.suno.com.br\/noticias\/#\/schema\/person\/image\/","url":"https:\/\/secure.gravatar.com\/avatar\/68359cdb608f14f11bbefcb78f3fc747?s=96&r=g","contentUrl":"https:\/\/secure.gravatar.com\/avatar\/68359cdb608f14f11bbefcb78f3fc747?s=96&r=g","caption":"Renan Bandeira"},"description":"Renan Bandeira escreve sobre pol\u00edtica e economia para o portal da Suno Research. Antes da Suno, trabalhou em uma rede de televis\u00e3o, onde fazia reportagens sobre os mesmos temas. Estuda na Universidade Metodista de S\u00e3o Paulo.","url":"https:\/\/www.suno.com.br\/noticias\/author\/renan-bandeira\/"}]}},"default_loop_html":"<div class=\"cardsPage__listCard__boxs\"><div class=\"cardsPage__listCard__boxs__img\"><a href=\"https:\/\/www.suno.com.br\/noticias\/retrospectiva-principais-impactos-economia-nacional\/\"><img class=\"mask\" src=\"https:\/\/www.suno.com.br\/noticias\/wp-content\/themes\/suno\/resources\/images\/spotlight\/spotlight1img\/bg-mask.png\" alt=\"Image Mask\"\/><img src=\"https:\/\/files.sunoresearch.com.br\/n\/uploads\/2018\/12\/19ec7bf1-economia-400x200.webp\" alt=\"Retrospectiva 2018: Principais fatos que impactaram a economia do Brasil\"\/><\/a><span class=\"spotlightCategory\"><a href=\"https:\/\/www.suno.com.br\/noticias\/economia\/\">Economia<\/a><\/span><\/div><div class=\"cardsPage__listCard__boxs__content\"><a href=\"https:\/\/www.suno.com.br\/noticias\/retrospectiva-principais-impactos-economia-nacional\/\"><h2 class=\"content__title\">Retrospectiva 2018: Principais fatos que impactaram a economia do Brasil<\/h2><\/a><div class=\"newsContent__article__meta\"><div class=\"newsContent__article__meta__authorBox\"><a href=\"https:\/\/www.suno.com.br\/noticias\/author\/renan-bandeira\/\" class=\"authorBox__avatar noMobi\"><img src=\"https:\/\/secure.gravatar.com\/avatar\/68359cdb608f14f11bbefcb78f3fc747?s=96&#038;r=g\" alt=\"Renan Bandeira\"><\/a><div class=\"authorBox__name\"><span>por\n\t\t\t<a href=\"https:\/\/www.suno.com.br\/noticias\/author\/renan-bandeira\/\"><span itemprop=\"author\">Renan Bandeira<\/span><\/a><\/span><time datetime=\"2018-12-24T10:10:03-02:00\" itemprop=\"datePublished\">24\/12\/2018 10:10<\/time><\/div><\/div><\/div><\/div><\/div>","single_layout":"posts","amp_enabled":true,"_links":{"self":[{"href":"https:\/\/www.suno.com.br\/noticias\/wp-json\/wp\/v2\/posts\/9742"}],"collection":[{"href":"https:\/\/www.suno.com.br\/noticias\/wp-json\/wp\/v2\/posts"}],"about":[{"href":"https:\/\/www.suno.com.br\/noticias\/wp-json\/wp\/v2\/types\/post"}],"author":[{"embeddable":true,"href":"https:\/\/www.suno.com.br\/noticias\/wp-json\/wp\/v2\/users\/11"}],"replies":[{"embeddable":true,"href":"https:\/\/www.suno.com.br\/noticias\/wp-json\/wp\/v2\/comments?post=9742"}],"version-history":[{"count":0,"href":"https:\/\/www.suno.com.br\/noticias\/wp-json\/wp\/v2\/posts\/9742\/revisions"}],"wp:featuredmedia":[{"embeddable":true,"href":"https:\/\/www.suno.com.br\/noticias\/wp-json\/wp\/v2\/media\/9762"}],"wp:attachment":[{"href":"https:\/\/www.suno.com.br\/noticias\/wp-json\/wp\/v2\/media?parent=9742"}],"wp:term":[{"taxonomy":"category","embeddable":true,"href":"https:\/\/www.suno.com.br\/noticias\/wp-json\/wp\/v2\/categories?post=9742"},{"taxonomy":"post_tag","embeddable":true,"href":"https:\/\/www.suno.com.br\/noticias\/wp-json\/wp\/v2\/tags?post=9742"},{"taxonomy":"suno_strategy","embeddable":true,"href":"https:\/\/www.suno.com.br\/noticias\/wp-json\/wp\/v2\/suno_strategy?post=9742"}],"curies":[{"name":"wp","href":"https:\/\/api.w.org\/{rel}","templated":true}]}}