{"id":97392,"date":"2020-11-04T16:35:58","date_gmt":"2020-11-04T19:35:58","guid":{"rendered":"https:\/\/www.suno.com.br\/noticias\/?p=97392"},"modified":"2021-02-18T14:19:33","modified_gmt":"2021-02-18T17:19:33","slug":"rosa-weber-homologa-delacao-eike-batista","status":"publish","type":"post","link":"https:\/\/www.suno.com.br\/noticias\/rosa-weber-homologa-delacao-eike-batista\/","title":{"rendered":"Rosa Weber homologa acordo de dela\u00e7\u00e3o premiada de Eike Batista\u00a0"},"content":{"rendered":"<p>A ministra Rosa Weber, do Supremo Tribunal Federal (STF), homologou a dela\u00e7\u00e3o premiada do empres\u00e1rio <a href=\"https:\/\/www.suno.com.br\/tudo-sobre\/eike-batista\/\"><strong>Eike Batista<\/strong><\/a> com a Procuradoria Procuradoria-Geral da Rep\u00fablica (PGR). A decis\u00e3o, proferida na \u00faltima ter\u00e7a-feira (3), prev\u00ea a devolu\u00e7\u00e3o de R$ 800 milh\u00f5es aos cofres p\u00fablicos como parte da compensa\u00e7\u00e3o pelos crimes confessados. As informa\u00e7\u00f5es s\u00e3o do jornal &#8220;O Globo&#8221;.<\/p>\t<div class=\"wrapper-featured-image\">\n\t\t<figure class=\"spotlightImg\">\n\n\t\t\t<picture>\n\t\t\t\t<source media=\"(max-width: 768px)\" srcset=\"https:\/\/files.sunoresearch.com.br\/n\/uploads\/2020\/11\/587343b3-eike-batista-1-400x200.webp\">\n\t\t\t\t<img loading=\"lazy\" decoding=\"async\" class=\"newsContent__article__imgCapa lazyloadDisabled \" src=\"https:\/\/files.sunoresearch.com.br\/n\/uploads\/2020\/11\/587343b3-eike-batista-1-jpg.webp\" width=\"800\" height=\"450\" alt=\"Rosa Weber homologa acordo de dela\u00e7\u00e3o premiada de Eike Batista\u00a0\" fetchpriority=high \/>\n\t\t\t<\/picture>\n\n\t\t\t<figcaption class=\"wp-caption-text wp-caption-text--show\">Eike Batista busca recomprar Porto do A\u00e7u, diz jornal<\/figcaption>\n\t\t<\/figure>\n\t<\/div>\n\n\n<div class=\"hubspot-form-wrapper\">\n\t<div id=\"single-form-target\"><\/div>\n<\/div>\n\n<p>O acordo possui 32 cl\u00e1usulas e 18 anexos, que incluem documentos e depoimentos entregues pelo empres\u00e1rio nos quais o Eike Batista menciona pessoas que t\u00eam foro privilegiado, isto \u00e9, apenas podem ser julgadas com com autoriza\u00e7\u00e3o da Suprema Corte. Com a decis\u00e3o da ministra <strong>Rosa Weber<\/strong>, a dela\u00e7\u00e3o do ex-executivo obt\u00e9m valor jur\u00eddico e poder\u00e1 ser utilizada para abrir novas investiga\u00e7\u00f5es.<\/p>\n<p>O <strong>valor total<\/strong> de R$ 800 milh\u00f5es ser\u00e1 pago de forma parcelada ao longo dos pr\u00f3ximos anos. Al\u00e9m disso, parte do montante ser\u00e1 destinada ao combate da pandemia, em linha com as cl\u00e1usulas estabelecidas pelo procurador-geral da Rep\u00fablica Augusto Aras.<\/p>\n<p><a href=\"https:\/\/lp.suno.com.br\/suno-one\/\">Suno One: acesse gratuitamente eBooks, Minicursos, Artigos e Video Aulas sobre investimentos com um \u00fanico cadastro. Clique para saber mais!<\/a><\/p>\n<p>No acordo de Eike Batista ainda ficou definido que o empres\u00e1rio dever\u00e1 cumprir <strong>pena<\/strong> de:<\/p>\n<ul>\n<li>um ano em regime fechado;<\/li>\n<li>um ano em regime fechado domiciliar;<\/li>\n<li>e dois anos em regime semiaberto.<\/li>\n<\/ul>\n<p>Essa \u00e9 a segunda maior dela\u00e7\u00e3o em termos de valor individual fechada pela PGR. A primeira posi\u00e7\u00e3o \u00e9 ocupada pelo acordo de R$ 1 bilh\u00e3o com o fundador da antiga Hypermarcas, Jo\u00e3o Alves de Queiroz Filho, que tamb\u00e9m j\u00e1 foi homologada pelo STF.<\/p>\n<h2>PGR retira defini\u00e7\u00e3o de onde Batista come\u00e7aria a cumprir pena<\/h2>\n<p>Para o aval ao acordo, a ministra Rosa Weber solicitou \u00e0 <strong>PGR<\/strong> que realizasse altera\u00e7\u00f5es nas cl\u00e1usulas do texto, sendo uma delas a retirada da defini\u00e7\u00e3o do estabelecimento prisional espec\u00edfico onde Eike Batista deveria come\u00e7ar a cumprir senten\u00e7a. A ministra considerou que essa decis\u00e3o cabe ao Poder Judici\u00e1rio.<\/p>\n<p>Al\u00e9m disso, a Procuradoria-Geral da Rep\u00fablica enviou documentos sobre o patrim\u00f4nio do empres\u00e1rio, que Rosa Weber havia indicado como pendentes.<\/p>\n\t<div data-element=\"shortcode-read-more\" class=\"knowMore\">\n\t\t\t\t<span class=\"knowMore__title\">Saiba mais<\/span>\n\t\t\t\t<a class=\"knowMore__link\" href=\"https:\/\/www.suno.com.br\/noticias\/eike-batista-condenado-manipulacao-mercado\/\">\n\t\t\tEike Batista \u00e9 condenado por manipula\u00e7\u00e3o de mercado\t\t<\/a>\n\t<\/div>\n\n\n<p>Atualmente, <strong>Eike Batista<\/strong> \u00e9 investigado pela Opera\u00e7\u00e3o Lava-Jato do Rio de Janeiro e chegou a ser preso em duas ocasi\u00f5es, por suspeitas de corrup\u00e7\u00e3o e lavagem de dinheiro. O ex-executivo, no entanto, foi solto por decis\u00e3o do Tribunal Regional Federal da 2\u00aa Regi\u00e3o em agosto de 2019. O acordo de dela\u00e7\u00e3o premiada est\u00e1 sob sigilo.<\/p>\n\t<p>\n\t\t<a href=\"https:\/\/lp.suno.com.br\/planilha-de-controle-de-investimentos\/\" target=\"_blank\" data-element=\"shortcode-suno-banner\" title=\"Banner SUNO, clique e saiba mais\">\n\t\t\t<picture>\n\t\t\t\t<source media=\"(max-width: 500px)\" srcset=\"https:\/\/files.sunoresearch.com.br\/n\/uploads\/2023\/03\/400x300-Controle-de-Investimentos.png\">\n\t\t\t\t<img class=\"newsContent__article__imgCapa newsContent__article__imgCapa--banner\"\n\t\t\t\t\tsrc=\"https:\/\/files.sunoresearch.com.br\/n\/uploads\/2023\/03\/1420x240-Controle-de-Investimentos.png\"\n\t\t\t\t\tdata-promo-id=\"75934\"\t\t\t\t\t\t\t\t\t\twidth='1420' height='240'\t\t\t\t\talt=\"https:\/\/files.sunoresearch.com.br\/n\/uploads\/2023\/03\/1420x240-Controle-de-Investimentos.png\"\n\t\t\t\t>\n\t\t\t<\/picture>\n\t\t<\/a>\n\t<\/p>\n\n\n","protected":false},"excerpt":{"rendered":"<p>A ministra Rosa Weber, do Supremo Tribunal Federal (STF), homologou a dela\u00e7\u00e3o premiada do empres\u00e1rio Eike Batista com a Procuradoria Procuradoria-Geral da Rep\u00fablica (PGR). A decis\u00e3o, proferida na \u00faltima ter\u00e7a-feira (3), prev\u00ea a devolu\u00e7\u00e3o de R$ 800 milh\u00f5es aos cofres p\u00fablicos como parte da compensa\u00e7\u00e3o pelos crimes confessados. As informa\u00e7\u00f5es s\u00e3o do jornal &#8220;O Globo&#8221;. [&hellip;]<\/p>\n","protected":false},"author":35,"featured_media":97396,"comment_status":"closed","ping_status":"closed","sticky":false,"template":"","format":"standard","meta":[],"categories":[61],"tags":[1415,785],"suno_strategy":[],"class_list":["post-97392","post","type-post","status-publish","format-standard","has-post-thumbnail","hentry","category-politica","tag-eike-batista","tag-supremo-tribunal-federal-stf"],"yoast_head":"<!-- This site is optimized with the Yoast SEO plugin v24.4 - https:\/\/yoast.com\/wordpress\/plugins\/seo\/ -->\n<title>Rosa Weber homologa acordo de dela\u00e7\u00e3o premiada de Eike Batista<\/title>\n<meta name=\"description\" content=\"A ministra do STF Rosa Weber homologou nesta quarta-feira (4) a dela\u00e7\u00e3o premiada do empres\u00e1rio Eike Batista com a PGR. Clique para saber mais\" \/>\n<meta name=\"robots\" content=\"index, follow, max-snippet:-1, max-image-preview:large, max-video-preview:-1\" \/>\n<link rel=\"canonical\" href=\"https:\/\/www.suno.com.br\/noticias\/rosa-weber-homologa-delacao-eike-batista\/\" \/>\n<meta property=\"og:locale\" content=\"pt_BR\" \/>\n<meta property=\"og:type\" content=\"article\" \/>\n<meta property=\"og:title\" content=\"Rosa Weber homologa acordo de dela\u00e7\u00e3o premiada de Eike Batista\" \/>\n<meta property=\"og:description\" content=\"A ministra do STF Rosa Weber homologou nesta quarta-feira (4) a dela\u00e7\u00e3o premiada do empres\u00e1rio Eike Batista com a PGR. Clique para saber mais\" \/>\n<meta property=\"og:url\" content=\"https:\/\/www.suno.com.br\/noticias\/rosa-weber-homologa-delacao-eike-batista\/\" \/>\n<meta property=\"og:site_name\" content=\"Suno Not\u00edcias\" \/>\n<meta property=\"article:publisher\" content=\"https:\/\/facebook.com\/sunoresearch\" \/>\n<meta property=\"og:image\" content=\"https:\/\/files.sunoresearch.com.br\/n\/uploads\/2020\/11\/587343b3-eike-batista-1.jpg\" \/>\n\t<meta property=\"og:image:width\" content=\"651\" \/>\n\t<meta property=\"og:image:height\" content=\"380\" \/>\n\t<meta property=\"og:image:type\" content=\"image\/jpeg\" \/>\n<meta name=\"author\" content=\"Arthur Guimar\u00e3es\" \/>\n<meta name=\"twitter:card\" content=\"summary_large_image\" \/>\n<meta name=\"twitter:creator\" content=\"@sunoresearch\" \/>\n<meta name=\"twitter:site\" content=\"@sunoresearch\" \/>\n<meta name=\"twitter:label1\" content=\"Escrito por\" \/>\n\t<meta name=\"twitter:data1\" content=\"Arthur Guimar\u00e3es\" \/>\n\t<meta name=\"twitter:label2\" content=\"Est. tempo de leitura\" \/>\n\t<meta name=\"twitter:data2\" content=\"2 minutos\" \/>\n<script type=\"application\/ld+json\" class=\"yoast-schema-graph\">{\"@context\":\"https:\/\/schema.org\",\"@graph\":[{\"@type\":\"NewsArticle\",\"@id\":\"https:\/\/www.suno.com.br\/noticias\/rosa-weber-homologa-delacao-eike-batista\/#article\",\"isPartOf\":{\"@id\":\"https:\/\/www.suno.com.br\/noticias\/rosa-weber-homologa-delacao-eike-batista\/\"},\"author\":{\"name\":\"Arthur Guimar\u00e3es\",\"@id\":\"https:\/\/www.suno.com.br\/noticias\/#\/schema\/person\/053a750a709a263919a20f976caae91c\"},\"headline\":\"Rosa Weber homologa acordo de dela\u00e7\u00e3o premiada de Eike Batista\u00a0\",\"datePublished\":\"2020-11-04T19:35:58+00:00\",\"dateModified\":\"2021-02-18T17:19:33+00:00\",\"mainEntityOfPage\":{\"@id\":\"https:\/\/www.suno.com.br\/noticias\/rosa-weber-homologa-delacao-eike-batista\/\"},\"wordCount\":456,\"publisher\":{\"@id\":\"https:\/\/www.suno.com.br\/noticias\/#organization\"},\"image\":{\"@id\":\"https:\/\/www.suno.com.br\/noticias\/rosa-weber-homologa-delacao-eike-batista\/#primaryimage\"},\"thumbnailUrl\":\"https:\/\/files.sunoresearch.com.br\/n\/uploads\/2020\/11\/587343b3-eike-batista-1-jpg.webp\",\"keywords\":[\"Eike Batista\",\"Supremo Tribunal Federal (STF)\"],\"articleSection\":[\"Pol\u00edtica\"],\"inLanguage\":\"pt-BR\"},{\"@type\":\"WebPage\",\"@id\":\"https:\/\/www.suno.com.br\/noticias\/rosa-weber-homologa-delacao-eike-batista\/\",\"url\":\"https:\/\/www.suno.com.br\/noticias\/rosa-weber-homologa-delacao-eike-batista\/\",\"name\":\"Rosa Weber homologa acordo de dela\u00e7\u00e3o premiada de Eike Batista\",\"isPartOf\":{\"@id\":\"https:\/\/www.suno.com.br\/noticias\/#website\"},\"primaryImageOfPage\":{\"@id\":\"https:\/\/www.suno.com.br\/noticias\/rosa-weber-homologa-delacao-eike-batista\/#primaryimage\"},\"image\":{\"@id\":\"https:\/\/www.suno.com.br\/noticias\/rosa-weber-homologa-delacao-eike-batista\/#primaryimage\"},\"thumbnailUrl\":\"https:\/\/files.sunoresearch.com.br\/n\/uploads\/2020\/11\/587343b3-eike-batista-1-jpg.webp\",\"datePublished\":\"2020-11-04T19:35:58+00:00\",\"dateModified\":\"2021-02-18T17:19:33+00:00\",\"description\":\"A ministra do STF Rosa Weber homologou nesta quarta-feira (4) a dela\u00e7\u00e3o premiada do empres\u00e1rio Eike Batista com a PGR. Clique para saber mais\",\"breadcrumb\":{\"@id\":\"https:\/\/www.suno.com.br\/noticias\/rosa-weber-homologa-delacao-eike-batista\/#breadcrumb\"},\"inLanguage\":\"pt-BR\",\"potentialAction\":[{\"@type\":\"ReadAction\",\"target\":[\"https:\/\/www.suno.com.br\/noticias\/rosa-weber-homologa-delacao-eike-batista\/\"]}]},{\"@type\":\"ImageObject\",\"inLanguage\":\"pt-BR\",\"@id\":\"https:\/\/www.suno.com.br\/noticias\/rosa-weber-homologa-delacao-eike-batista\/#primaryimage\",\"url\":\"https:\/\/files.sunoresearch.com.br\/n\/uploads\/2020\/11\/587343b3-eike-batista-1-jpg.webp\",\"contentUrl\":\"https:\/\/files.sunoresearch.com.br\/n\/uploads\/2020\/11\/587343b3-eike-batista-1-jpg.webp\",\"width\":651,\"height\":380,\"caption\":\"Eike Batista busca recomprar Porto do A\u00e7u, diz jornal\"},{\"@type\":\"BreadcrumbList\",\"@id\":\"https:\/\/www.suno.com.br\/noticias\/rosa-weber-homologa-delacao-eike-batista\/#breadcrumb\",\"itemListElement\":[{\"@type\":\"ListItem\",\"position\":1,\"name\":\"Not\u00edcias\",\"item\":\"https:\/\/www.suno.com.br\/noticias\/\"},{\"@type\":\"ListItem\",\"position\":2,\"name\":\"Pol\u00edtica\",\"item\":\"https:\/\/www.suno.com.br\/noticias\/politica\/\"},{\"@type\":\"ListItem\",\"position\":3,\"name\":\"Rosa Weber homologa acordo de dela\u00e7\u00e3o premiada de Eike Batista\u00a0\"}]},{\"@type\":\"WebSite\",\"@id\":\"https:\/\/www.suno.com.br\/noticias\/#website\",\"url\":\"https:\/\/www.suno.com.br\/noticias\/\",\"name\":\"Suno Not\u00edcias\",\"description\":\"Seu portal de informa\u00e7\u00e3o sobre o mundo dos investimentos\",\"publisher\":{\"@id\":\"https:\/\/www.suno.com.br\/noticias\/#organization\"},\"potentialAction\":[{\"@type\":\"SearchAction\",\"target\":{\"@type\":\"EntryPoint\",\"urlTemplate\":\"https:\/\/www.suno.com.br\/noticias\/?s={search_term_string}\"},\"query-input\":{\"@type\":\"PropertyValueSpecification\",\"valueRequired\":true,\"valueName\":\"search_term_string\"}}],\"inLanguage\":\"pt-BR\"},{\"@type\":\"Organization\",\"@id\":\"https:\/\/www.suno.com.br\/noticias\/#organization\",\"name\":\"Suno Not\u00edcias\",\"url\":\"https:\/\/www.suno.com.br\/noticias\/\",\"logo\":{\"@type\":\"ImageObject\",\"inLanguage\":\"pt-BR\",\"@id\":\"https:\/\/www.suno.com.br\/noticias\/#\/schema\/logo\/image\/\",\"url\":\"https:\/\/files.sunoresearch.com.br\/n\/uploads\/2021\/09\/suno-logo.png\",\"contentUrl\":\"https:\/\/files.sunoresearch.com.br\/n\/uploads\/2021\/09\/suno-logo.png\",\"width\":180,\"height\":180,\"caption\":\"Suno Not\u00edcias\"},\"image\":{\"@id\":\"https:\/\/www.suno.com.br\/noticias\/#\/schema\/logo\/image\/\"},\"sameAs\":[\"https:\/\/facebook.com\/sunoresearch\",\"https:\/\/x.com\/sunoresearch\",\"https:\/\/www.instagram.com\/suno\",\"https:\/\/www.linkedin.com\/company\/suno-research\/\",\"https:\/\/www.youtube.com\/c\/sunoresearch\"]},{\"@type\":\"Person\",\"@id\":\"https:\/\/www.suno.com.br\/noticias\/#\/schema\/person\/053a750a709a263919a20f976caae91c\",\"name\":\"Arthur Guimar\u00e3es\",\"image\":{\"@type\":\"ImageObject\",\"inLanguage\":\"pt-BR\",\"@id\":\"https:\/\/www.suno.com.br\/noticias\/#\/schema\/person\/image\/\",\"url\":\"https:\/\/secure.gravatar.com\/avatar\/1affd86a11209ae09eb6dd3bcad3e96c?s=96&r=g\",\"contentUrl\":\"https:\/\/secure.gravatar.com\/avatar\/1affd86a11209ae09eb6dd3bcad3e96c?s=96&r=g\",\"caption\":\"Arthur Guimar\u00e3es\"},\"description\":\"Arthur Guimar\u00e3es escreve sobre pol\u00edtica, economia e neg\u00f3cios para o portal de not\u00edcias da Suno Research. Atualmente, \u00e9 estudante de jornalismo pela Faculdade C\u00e1sper L\u00edbero.\",\"url\":\"https:\/\/www.suno.com.br\/noticias\/author\/arthur-guimaraes\/\"}]}<\/script>\n<!-- \/ Yoast SEO plugin. -->","yoast_head_json":{"title":"Rosa Weber homologa acordo de dela\u00e7\u00e3o premiada de Eike Batista","description":"A ministra do STF Rosa Weber homologou nesta quarta-feira (4) a dela\u00e7\u00e3o premiada do empres\u00e1rio Eike Batista com a PGR. Clique para saber mais","robots":{"index":"index","follow":"follow","max-snippet":"max-snippet:-1","max-image-preview":"max-image-preview:large","max-video-preview":"max-video-preview:-1"},"canonical":"https:\/\/www.suno.com.br\/noticias\/rosa-weber-homologa-delacao-eike-batista\/","og_locale":"pt_BR","og_type":"article","og_title":"Rosa Weber homologa acordo de dela\u00e7\u00e3o premiada de Eike Batista","og_description":"A ministra do STF Rosa Weber homologou nesta quarta-feira (4) a dela\u00e7\u00e3o premiada do empres\u00e1rio Eike Batista com a PGR. Clique para saber mais","og_url":"https:\/\/www.suno.com.br\/noticias\/rosa-weber-homologa-delacao-eike-batista\/","og_site_name":"Suno Not\u00edcias","article_publisher":"https:\/\/facebook.com\/sunoresearch","og_image":[{"width":651,"height":380,"url":"https:\/\/files.sunoresearch.com.br\/n\/uploads\/2020\/11\/587343b3-eike-batista-1.jpg","type":"image\/jpeg"}],"author":"Arthur Guimar\u00e3es","twitter_card":"summary_large_image","twitter_creator":"@sunoresearch","twitter_site":"@sunoresearch","twitter_misc":{"Escrito por":"Arthur Guimar\u00e3es","Est. tempo de leitura":"2 minutos"},"schema":{"@context":"https:\/\/schema.org","@graph":[{"@type":"NewsArticle","@id":"https:\/\/www.suno.com.br\/noticias\/rosa-weber-homologa-delacao-eike-batista\/#article","isPartOf":{"@id":"https:\/\/www.suno.com.br\/noticias\/rosa-weber-homologa-delacao-eike-batista\/"},"author":{"name":"Arthur Guimar\u00e3es","@id":"https:\/\/www.suno.com.br\/noticias\/#\/schema\/person\/053a750a709a263919a20f976caae91c"},"headline":"Rosa Weber homologa acordo de dela\u00e7\u00e3o premiada de Eike Batista\u00a0","datePublished":"2020-11-04T19:35:58+00:00","dateModified":"2021-02-18T17:19:33+00:00","mainEntityOfPage":{"@id":"https:\/\/www.suno.com.br\/noticias\/rosa-weber-homologa-delacao-eike-batista\/"},"wordCount":456,"publisher":{"@id":"https:\/\/www.suno.com.br\/noticias\/#organization"},"image":{"@id":"https:\/\/www.suno.com.br\/noticias\/rosa-weber-homologa-delacao-eike-batista\/#primaryimage"},"thumbnailUrl":"https:\/\/files.sunoresearch.com.br\/n\/uploads\/2020\/11\/587343b3-eike-batista-1-jpg.webp","keywords":["Eike Batista","Supremo Tribunal Federal (STF)"],"articleSection":["Pol\u00edtica"],"inLanguage":"pt-BR"},{"@type":"WebPage","@id":"https:\/\/www.suno.com.br\/noticias\/rosa-weber-homologa-delacao-eike-batista\/","url":"https:\/\/www.suno.com.br\/noticias\/rosa-weber-homologa-delacao-eike-batista\/","name":"Rosa Weber homologa acordo de dela\u00e7\u00e3o premiada de Eike Batista","isPartOf":{"@id":"https:\/\/www.suno.com.br\/noticias\/#website"},"primaryImageOfPage":{"@id":"https:\/\/www.suno.com.br\/noticias\/rosa-weber-homologa-delacao-eike-batista\/#primaryimage"},"image":{"@id":"https:\/\/www.suno.com.br\/noticias\/rosa-weber-homologa-delacao-eike-batista\/#primaryimage"},"thumbnailUrl":"https:\/\/files.sunoresearch.com.br\/n\/uploads\/2020\/11\/587343b3-eike-batista-1-jpg.webp","datePublished":"2020-11-04T19:35:58+00:00","dateModified":"2021-02-18T17:19:33+00:00","description":"A ministra do STF Rosa Weber homologou nesta quarta-feira (4) a dela\u00e7\u00e3o premiada do empres\u00e1rio Eike Batista com a PGR. Clique para saber mais","breadcrumb":{"@id":"https:\/\/www.suno.com.br\/noticias\/rosa-weber-homologa-delacao-eike-batista\/#breadcrumb"},"inLanguage":"pt-BR","potentialAction":[{"@type":"ReadAction","target":["https:\/\/www.suno.com.br\/noticias\/rosa-weber-homologa-delacao-eike-batista\/"]}]},{"@type":"ImageObject","inLanguage":"pt-BR","@id":"https:\/\/www.suno.com.br\/noticias\/rosa-weber-homologa-delacao-eike-batista\/#primaryimage","url":"https:\/\/files.sunoresearch.com.br\/n\/uploads\/2020\/11\/587343b3-eike-batista-1-jpg.webp","contentUrl":"https:\/\/files.sunoresearch.com.br\/n\/uploads\/2020\/11\/587343b3-eike-batista-1-jpg.webp","width":651,"height":380,"caption":"Eike Batista busca recomprar Porto do A\u00e7u, diz jornal"},{"@type":"BreadcrumbList","@id":"https:\/\/www.suno.com.br\/noticias\/rosa-weber-homologa-delacao-eike-batista\/#breadcrumb","itemListElement":[{"@type":"ListItem","position":1,"name":"Not\u00edcias","item":"https:\/\/www.suno.com.br\/noticias\/"},{"@type":"ListItem","position":2,"name":"Pol\u00edtica","item":"https:\/\/www.suno.com.br\/noticias\/politica\/"},{"@type":"ListItem","position":3,"name":"Rosa Weber homologa acordo de dela\u00e7\u00e3o premiada de Eike Batista\u00a0"}]},{"@type":"WebSite","@id":"https:\/\/www.suno.com.br\/noticias\/#website","url":"https:\/\/www.suno.com.br\/noticias\/","name":"Suno Not\u00edcias","description":"Seu portal de informa\u00e7\u00e3o sobre o mundo dos investimentos","publisher":{"@id":"https:\/\/www.suno.com.br\/noticias\/#organization"},"potentialAction":[{"@type":"SearchAction","target":{"@type":"EntryPoint","urlTemplate":"https:\/\/www.suno.com.br\/noticias\/?s={search_term_string}"},"query-input":{"@type":"PropertyValueSpecification","valueRequired":true,"valueName":"search_term_string"}}],"inLanguage":"pt-BR"},{"@type":"Organization","@id":"https:\/\/www.suno.com.br\/noticias\/#organization","name":"Suno Not\u00edcias","url":"https:\/\/www.suno.com.br\/noticias\/","logo":{"@type":"ImageObject","inLanguage":"pt-BR","@id":"https:\/\/www.suno.com.br\/noticias\/#\/schema\/logo\/image\/","url":"https:\/\/files.sunoresearch.com.br\/n\/uploads\/2021\/09\/suno-logo.png","contentUrl":"https:\/\/files.sunoresearch.com.br\/n\/uploads\/2021\/09\/suno-logo.png","width":180,"height":180,"caption":"Suno Not\u00edcias"},"image":{"@id":"https:\/\/www.suno.com.br\/noticias\/#\/schema\/logo\/image\/"},"sameAs":["https:\/\/facebook.com\/sunoresearch","https:\/\/x.com\/sunoresearch","https:\/\/www.instagram.com\/suno","https:\/\/www.linkedin.com\/company\/suno-research\/","https:\/\/www.youtube.com\/c\/sunoresearch"]},{"@type":"Person","@id":"https:\/\/www.suno.com.br\/noticias\/#\/schema\/person\/053a750a709a263919a20f976caae91c","name":"Arthur Guimar\u00e3es","image":{"@type":"ImageObject","inLanguage":"pt-BR","@id":"https:\/\/www.suno.com.br\/noticias\/#\/schema\/person\/image\/","url":"https:\/\/secure.gravatar.com\/avatar\/1affd86a11209ae09eb6dd3bcad3e96c?s=96&r=g","contentUrl":"https:\/\/secure.gravatar.com\/avatar\/1affd86a11209ae09eb6dd3bcad3e96c?s=96&r=g","caption":"Arthur Guimar\u00e3es"},"description":"Arthur Guimar\u00e3es escreve sobre pol\u00edtica, economia e neg\u00f3cios para o portal de not\u00edcias da Suno Research. Atualmente, \u00e9 estudante de jornalismo pela Faculdade C\u00e1sper L\u00edbero.","url":"https:\/\/www.suno.com.br\/noticias\/author\/arthur-guimaraes\/"}]}},"default_loop_html":"<div class=\"cardsPage__listCard__boxs\"><div class=\"cardsPage__listCard__boxs__img\"><a href=\"https:\/\/www.suno.com.br\/noticias\/rosa-weber-homologa-delacao-eike-batista\/\"><img class=\"mask\" src=\"https:\/\/www.suno.com.br\/noticias\/wp-content\/themes\/suno\/resources\/images\/spotlight\/spotlight1img\/bg-mask.png\" alt=\"Image Mask\"\/><img src=\"https:\/\/files.sunoresearch.com.br\/n\/uploads\/2020\/11\/587343b3-eike-batista-1-400x200.webp\" alt=\"Rosa Weber homologa acordo de dela\u00e7\u00e3o premiada de Eike Batista\u00a0\"\/><\/a><span class=\"spotlightCategory\"><a href=\"https:\/\/www.suno.com.br\/noticias\/politica\/\">Pol\u00edtica<\/a><\/span><\/div><div class=\"cardsPage__listCard__boxs__content\"><a href=\"https:\/\/www.suno.com.br\/noticias\/rosa-weber-homologa-delacao-eike-batista\/\"><h2 class=\"content__title\">Rosa Weber homologa acordo de dela\u00e7\u00e3o premiada de Eike Batista\u00a0<\/h2><\/a><div class=\"newsContent__article__meta\"><div class=\"newsContent__article__meta__authorBox\"><a href=\"https:\/\/www.suno.com.br\/noticias\/author\/arthur-guimaraes\/\" class=\"authorBox__avatar noMobi\"><img src=\"https:\/\/files.sunoresearch.com.br\/n\/uploads\/2020\/02\/dfb40897-eu-150x150.webp\" alt=\"Arthur Guimar\u00e3es\"><\/a><div class=\"authorBox__name\"><span>por\n\t\t\t<a href=\"https:\/\/www.suno.com.br\/noticias\/author\/arthur-guimaraes\/\"><span itemprop=\"author\">Arthur Guimar\u00e3es<\/span><\/a><\/span><time datetime=\"2020-11-04T16:35:58-03:00\" itemprop=\"datePublished\">04\/11\/2020 16:35<\/time><\/div><\/div><\/div><\/div><\/div>","single_layout":"posts","amp_enabled":true,"_links":{"self":[{"href":"https:\/\/www.suno.com.br\/noticias\/wp-json\/wp\/v2\/posts\/97392"}],"collection":[{"href":"https:\/\/www.suno.com.br\/noticias\/wp-json\/wp\/v2\/posts"}],"about":[{"href":"https:\/\/www.suno.com.br\/noticias\/wp-json\/wp\/v2\/types\/post"}],"author":[{"embeddable":true,"href":"https:\/\/www.suno.com.br\/noticias\/wp-json\/wp\/v2\/users\/35"}],"replies":[{"embeddable":true,"href":"https:\/\/www.suno.com.br\/noticias\/wp-json\/wp\/v2\/comments?post=97392"}],"version-history":[{"count":0,"href":"https:\/\/www.suno.com.br\/noticias\/wp-json\/wp\/v2\/posts\/97392\/revisions"}],"wp:featuredmedia":[{"embeddable":true,"href":"https:\/\/www.suno.com.br\/noticias\/wp-json\/wp\/v2\/media\/97396"}],"wp:attachment":[{"href":"https:\/\/www.suno.com.br\/noticias\/wp-json\/wp\/v2\/media?parent=97392"}],"wp:term":[{"taxonomy":"category","embeddable":true,"href":"https:\/\/www.suno.com.br\/noticias\/wp-json\/wp\/v2\/categories?post=97392"},{"taxonomy":"post_tag","embeddable":true,"href":"https:\/\/www.suno.com.br\/noticias\/wp-json\/wp\/v2\/tags?post=97392"},{"taxonomy":"suno_strategy","embeddable":true,"href":"https:\/\/www.suno.com.br\/noticias\/wp-json\/wp\/v2\/suno_strategy?post=97392"}],"curies":[{"name":"wp","href":"https:\/\/api.w.org\/{rel}","templated":true}]}}