{"id":97372,"date":"2020-11-07T12:18:06","date_gmt":"2020-11-07T15:18:06","guid":{"rendered":"https:\/\/www.suno.com.br\/noticias\/?p=97372"},"modified":"2021-05-29T20:50:36","modified_gmt":"2021-05-29T23:50:36","slug":"black-friday-quanto-ganhar-investindo-5-anos","status":"publish","type":"post","link":"https:\/\/www.suno.com.br\/noticias\/black-friday-quanto-ganhar-investindo-5-anos\/","title":{"rendered":"Black Friday: veja quanto ganhar em 5 anos investindo o que gastaria"},"content":{"rendered":"<p>A <strong>Black Friday<\/strong> se tornou um dos grandes eventos de fim de ano no Brasil. A cultura importada dos Estados Unidos no in\u00edcio da \u00faltima d\u00e9cada movimenta bilh\u00f5es de reais todos os anos, fazendo com que os consumidores brasileiros aguardem ansiosamente por essa \u00e9poca. Entretanto, os gastos podem se reverter em mais dinheiro no futuro caso os consumidores consigam resistir \u00e0 tenta\u00e7\u00e3o de consumir nesta data.<\/p>\t<div class=\"wrapper-featured-image\">\n\t\t<figure class=\"spotlightImg\">\n\n\t\t\t<picture>\n\t\t\t\t<source media=\"(max-width: 768px)\" srcset=\"https:\/\/files.sunoresearch.com.br\/n\/uploads\/2020\/09\/2b7ff000-endividamento-07-03-400x200.webp\">\n\t\t\t\t<img loading=\"lazy\" decoding=\"async\" class=\"newsContent__article__imgCapa lazyloadDisabled \" src=\"https:\/\/files.sunoresearch.com.br\/n\/uploads\/2020\/09\/2b7ff000-endividamento-07-03-800x450.webp\" width=\"800\" height=\"450\" alt=\"Black Friday: veja quanto ganhar em 5 anos investindo o que gastaria\" fetchpriority=high \/>\n\t\t\t<\/picture>\n\n\t\t\t<figcaption class=\"wp-caption-text wp-caption-text--show\">A Black Friday j\u00e1 est\u00e1 enraizada no nosso calend\u00e1rio. No entanto, \u00e9 preciso considerar o custo de oportunidade desse gasto.<\/figcaption>\n\t\t<\/figure>\n\t<\/div>\n\n\n\t<p>\n\t\t<a href=\"\" target=\"_blank\" data-element=\"shortcode-suno-banner\" title=\"Banner SUNO, clique e saiba mais\">\n\t\t\t<picture>\n\t\t\t\t<source media=\"(max-width: 500px)\" srcset=\"\">\n\t\t\t\t<img class=\"newsContent__article__imgCapa newsContent__article__imgCapa--banner\"\n\t\t\t\t\tsrc=\"\"\n\t\t\t\t\tdata-promo-id=\"97204\"\t\t\t\t\t\t\t\t\t\t\t\t\t\t\talt=\"\"\n\t\t\t\t>\n\t\t\t<\/picture>\n\t\t<\/a>\n\t<\/p>\n\n\n<p>Segundo um levantamento da <strong>Ebit Nielsen<\/strong>, o gasto m\u00e9dio por consumidor na Black Friday do ano passado foi de R$ 602 (mais do que meio sal\u00e1rio m\u00ednimo), uma leve queda de 1,1% sobre o registrado um ano antes, embora o <strong>com\u00e9rcio eletr\u00f4nico<\/strong> tenha movimentado R$ 3,2 bilh\u00f5es contra R$ 2,6 bilh\u00f5es na mesma compara\u00e7\u00e3o. Segundo o site, o evento &#8220;j\u00e1 faz parte do calend\u00e1rio de compras do brasileiro, com acrescimo de ano a ano&#8221;.<\/p>\n<p>Embora o per\u00edodo seja aparentemente mais convidativo para ir \u00e0s<strong> compras<\/strong> em compara\u00e7\u00e3o ao restante do ano, a Black Friday brasileira n\u00e3o possui os descontos agressivos dos <strong>Estados Unidos<\/strong>. Al\u00e9m disso, ainda existe o &#8220;pague pela metade do dobro&#8221; &#8212; quando lojas, pouco antes do fim de semana do evento, elevam os pre\u00e7os justamente para baix\u00e1-los quando a demanda foi maior &#8211;, al\u00e9m de outros riscos.<\/p>\n<p><a href=\"https:\/\/lp.suno.com.br\/suno-one\/\">Suno One: acesse gratuitamente eBooks, Minicursos, Artigos e Video Aulas sobre investimentos com um \u00fanico cadastro. Clique para saber mais!<\/a><\/p>\n<p>Antes dos consumidores se deixarem levar pelos banners de &#8220;OFF&#8221;, &#8220;desconto&#8221; e &#8220;oportunidade imperd\u00edvel&#8221;, devem considerar a real necessidade das compras e o custo de oportunidade dos recursos dispostos.<\/p>\n<p>Com isso, o <strong>SUNO Not\u00edcias<\/strong> compilou dicas de <strong>Andr\u00e9 Massaro<\/strong>, planejador financeiro, especializado em finan\u00e7as, investimentos e economia, para esse per\u00edodo de Black Friday, e quanto os consumidores poderiam ganhar aplicando o <em>ticket<\/em> m\u00e9dio de R$ 602 em cinco anos, em diferentes modalidades de investimento.<\/p>\n<h2>Onde investir por 5 anos?<\/h2>\n<p>Massaro apontou tr\u00eas possibilidades de investimento, e os respectivos retornos ap\u00f3s cinco anos. Confira:<\/p>\n<h3>Renda vari\u00e1vel<\/h3>\n<ul>\n<li>Montante total em cinco anos: <strong>R$ 884,54<\/strong>.<\/li>\n<\/ul>\n<p><a href=\"https:\/\/www.suno.com.br\/artigos\/renda-variavel-7-dicas\/\"><strong>Renda vari\u00e1vel<\/strong><\/a> \u00e9 uma forma de investimento cuja rentabilidade \u00e9 desconhecida antes da aplica\u00e7\u00e3o. Dessa manieira, o investidor poder\u00e1 ter preju\u00edzo ou lucro ao fim da opera\u00e7\u00e3o &#8212; como o nome diz, o resultado pode oscilar, sobretudo no curto prazo. Em outras palavras, investimentos dessa categoria levam consigo uma incerteza intr\u00ednseca relacionada \u00e0 valoriza\u00e7\u00e3o de sua aplica\u00e7\u00e3o.<\/p>\n<p>Aqui, o especialista em educa\u00e7\u00e3o financeira considerou um retorno m\u00e9dio anual de 8% (l\u00edquido de IR), pr\u00f3ximo da m\u00e9dia do <a href=\"https:\/\/www.suno.com.br\/noticias\/ibovespa-reformulacao-indice-brasileiro\/\"><strong>Ibovespa<\/strong><\/a> nas \u00faltimas d\u00e9cadas, em cada um dos cinco anos.<\/p>\n<p>Vale destacar a convexidade no investimento em renda vari\u00e1vel. Quando o investidor compra o ETF <strong>BOVA11<\/strong>, que replica o Ibovespa, por exemplo, a perda m\u00e1xima poss\u00edvel, na maioria dos casos, \u00e9 de 100%. No entanto, o ganho m\u00e1ximo \u00e9 ilimitado (ainda mais considerando o poder dos <a href=\"https:\/\/www.suno.com.br\/artigos\/juros-compostos-magia\/#:~:text=Os%20juros%20compostos%20s%C3%A3o%20uma,n%C3%A3o%20apenas%20sobre%20o%20principal.&amp;text=Quanto%20maior%20a%20rentabilidade%20e,quais%20s%C3%A3o%2C%20inclusive%2C%20exponenciais.\"><strong>juros compostos<\/strong><\/a> ao longo do tempo).<\/p>\n<p>Exemplos de investimento em renda vari\u00e1vel s\u00e3o: <strong>a\u00e7\u00f5es<\/strong>, <strong>fundos imobili\u00e1rios<\/strong>, <strong>fundos de investimento<\/strong>, <strong>ETFs<\/strong>, <strong>mercado futuro<\/strong> e <strong>derivativos<\/strong>.<\/p>\n<h3>Tesouro IPCA+ 2026<\/h3>\n<ul>\n<li>Montante total em cinco anos: <strong>R$ 785,50<\/strong>.<\/li>\n<\/ul>\n<p>Como citou Massaro, alguns setores da economia brasileira est\u00e3o apresentando picos inflacion\u00e1rios. Segundo o Boletim Focus da \u00faltima ter\u00e7a-feira (3), a expectativa do mercado para a infla\u00e7\u00e3o deste ano \u00e9 de 3,02%, com a meta para este ano em 4%. A estimativa do relat\u00f3rio do <a href=\"https:\/\/www.suno.com.br\/artigos\/bacen\/\"><strong>Banco Central<\/strong> (BC)<\/a> para o <a href=\"https:\/\/www.suno.com.br\/artigos\/ipca\/\">\u00cdndice de Pre\u00e7os ao Consumidor Amplo (<strong>IPCA<\/strong>)<\/a> de 2020 chegou a ser de menos de 2%.<\/p>\n<p>Portanto, para o investidor \u00e9 importante proteger seu capital da infla\u00e7\u00e3o, que corr\u00f3i o <strong>poder de compra<\/strong> ao longo do tempo. E isso pode ser feito de uma forma simples e democr\u00e1tica: t\u00edtulos p\u00fablicos indexados ao IPCA.<\/p>\n<p>Ao investir em um t\u00edtulo p\u00fablico voc\u00ea est\u00e1, na pr\u00e1tica, emprestando dinheiro ao governo. A\u00ed que mora o risco desse investimento: risco de cr\u00e9dito do governo. No entanto, supondo que o governo n\u00e3o ir\u00e1 falir, uma vez que no limite ele det\u00e9m o monop\u00f3lio da impress\u00e3o de moeda, o risco \u00e9 pequeno.<\/p>\n\t<div data-element=\"shortcode-read-more\" class=\"knowMore\">\n\t\t\t\t<span class=\"knowMore__title\">Saiba mais<\/span>\n\t\t\t\t<a class=\"knowMore__link\" href=\"https:\/\/www.suno.com.br\/noticias\/black-friday-5-acoes-confira-valor-marcopolo-aestiete\/\">\n\t\t\tBlack Friday: 5 a\u00e7\u00f5es para investir com o valor das compras\t\t<\/a>\n\t<\/div>\n\n\n<p>Nessa hip\u00f3tese, a cria\u00e7\u00e3o de mais reais pode causar a infla\u00e7\u00e3o, e com a <strong>NTN-B<\/strong> o investidor estar\u00e1 protegido. O t\u00edtulo agrega a <strong>infla\u00e7\u00e3o<\/strong> junto a uma taxa anual. No caso do <a href=\"https:\/\/www.tesourodireto.com.br\/titulos\/precos-e-taxas.htm?xpromo=XE-ME-WE-VL23-ADVT-X-X-X-X-WECONT\">IPCA+ 2026, \u00e9 de 2,93% ao ano<\/a>.<\/p>\n<p>A conta realizada por Massaro considera a meta de infla\u00e7\u00e3o de 3,5%, estipulada pelo <a href=\"https:\/\/www.suno.com.br\/artigos\/cmn-conselho-monetario-nacional\/\">Conselho Monet\u00e1rio Nacional (<strong>CMN<\/strong>)<\/a> para 2023, para todo o per\u00edodo, mais 2,93% do t\u00edtulo, j\u00e1 abatendo o IR.<\/p>\n<h3>Tesouro Selic<\/h3>\n<ul>\n<li>Montante total em cinco anos: <strong>R$ 654,94<\/strong>.<\/li>\n<\/ul>\n<p>O <strong>Tesouro Selic<\/strong>, tamb\u00e9m chamado de <strong>LFT<\/strong> (Letra Financeira do Tesouro), \u00e9 um investimento de renda fixa remunerado pela taxa b\u00e1sica de juros do pa\u00eds. Al\u00e9m de ter um rendimento maior do que a poupan\u00e7a, o capital \u00e9 assegurado pelo Tesouro Nacional.<\/p>\n<p>\u00c9 considerado o investimento mais seguro do <strong>Brasil<\/strong>, uma vez que o fiador \u00e9 o pr\u00f3prio governo e \u00e9 uma taxa p\u00f3s-fixada. Ou seja, o rendimento caminha conforme a determina\u00e7\u00e3o das autoridades monet\u00e1rias, e n\u00e3o tem um rendimento negativo, <a href=\"https:\/\/www.suno.com.br\/noticias\/tesouro-selic-setembro-investimento-baixo-risco\/#:~:text=O%20Tesouro%20Selic%20%C3%A9%20o,dinheiro%20pode%20ser%20feito%20facilmente.\">salvo algumas exce\u00e7\u00f5es<\/a>. Vale ressaltar que, com isso, a taxa anual tamb\u00e9m pode variar ao longo da vig\u00eancia do papel.<\/p>\n<div class=\"hubspot-form-wrapper\">\n\t<div id=\"single-form-target\"><\/div>\n<\/div>\n\n<p>Atualmente a Selic est\u00e1 em seu menor patamar na s\u00e9rie hist\u00f3rica, n\u00e3o sendo o destino preferido dos investidores para o ac\u00famulo de capital. No entanto, \u00e9 uma \u00f3tima op\u00e7\u00e3o para a reserva de emerg\u00eancia ou reserva de <strong>liquidez<\/strong>, uma vez que a liquidez do t\u00edtulo \u00e9 di\u00e1ria. Para aqueles que est\u00e3o em processo de forma\u00e7\u00e3o do patrim\u00f4nio e quita\u00e7\u00e3o de d\u00edvidas, o Tesouro Selic mostra-se ser uma boa op\u00e7\u00e3o.<\/p>\n<p>Por mais que a Black Friday seja um momento prop\u00edcio para aproveitar descontos e realizar alguma t\u00e3o sonhada aquisi\u00e7\u00e3o, investimentos s\u00e3o sempre um caminho alternativo que beneficia os investidores de longo prazo. Em cinco anos o investidor ter\u00e1 mais dinheiro do que antes para usufruir como bem entender. Como pontuou Massaro, \u201cos investidores de sucesso n\u00e3o s\u00e3o necessariamente aqueles que acertam em suas an\u00e1lises, mas s\u00e3o os investidores que s\u00e3o consistentes&#8221;.<\/p>\n<h2>Como consumir na Black Friday<\/h2>\n<p>A maior preocupa\u00e7\u00e3o que os consumidores devem ter durante a Black Friday \u00e9 n\u00e3o se <a href=\"https:\/\/www.suno.com.br\/artigos\/como-sair-do-vermelho\/\">endividarem<\/a>, por mais que encontrem boas oportunidades de compra. Antes mesmo de conferir as ofertas, \u00e9 preciso pensar se existe a necessidade de compra.<\/p>\n<p>A Black Friday pode ser extremamente \u00fatil para quem for organizado e seletivo. Para isso, uma das dicas \u00e9 manter o controle de todos as contas, fixas e vari\u00e1veis. Isso pode ser feito com uma <strong>planilha financeira<\/strong> ou de qualquer forma que for mais c\u00f4moda.<\/p>\n<p>Segundo Massaro, o ano conturbado que passamos refor\u00e7a ainda mais essa ideia. Al\u00e9m disso, ele salienta a import\u00e2ncia da <a href=\"https:\/\/www.suno.com.br\/artigos\/reserva-de-emergencia\/\"><strong>reserva de emerg\u00eancia<\/strong><\/a> antes de sair \u00e0s compras.<\/p>\n\t<div data-element=\"shortcode-read-more\" class=\"knowMore\">\n\t\t\t\t<span class=\"knowMore__title\">Confira<\/span>\n\t\t\t\t<a class=\"knowMore__link\" href=\"https:\/\/www.suno.com.br\/noticias\/black-friday-sera-mais-digital-do-que-nunca-devido-a-mudancas-de-habitos\/\">\n\t\t\tBlack Friday ser\u00e1 mais digital do que nunca devido a mudan\u00e7as de h\u00e1bitos\t\t<\/a>\n\t<\/div>\n\n\n<p>\u201cN\u00f3s estamos em um ano at\u00edpico, de <strong>pandemia<\/strong>, que trouxe uma s\u00e9rie de reflexos, como perda de emprego e com\u00e9rcios que fecharam&#8221;, disse o especialista. &#8220;Por isso, \u00e9 importante adotar uma postura mais defensiva, de refor\u00e7o da reserva de emerg\u00eancia, e colocar um p\u00e9 no freio nos gastos.<\/p>\n<p>&#8220;Por mais que muitas pessoas estejam frustradas com a <a href=\"https:\/\/www.suno.com.br\/artigos\/taxa-selic\/\">taxa b\u00e1sica de juros da economia (<strong>Selic<\/strong>)<\/a> a 2%, esse fundo serve apenas para emerg\u00eancias propriamente ditas, n\u00e3o rendimento. O importante \u00e9 ter o recursos l\u00edquidos em eventualidades para ter folego financeiro\u201d.<\/p>\n<blockquote><p>\u201cA maior parte dos brasileiros n\u00e3o s\u00f3 n\u00e3o tem dinheiro guardado, como fazem d\u00edvidas. Ou seja, possuem um patrim\u00f4nio negativo&#8221;, diz Massaro.<\/p><\/blockquote>\n<h3>Paci\u00eancia pode ser recompensadora<\/h3>\n<p>Massaro tamb\u00e9m lembra que &#8220;ap\u00f3s o Natal, costumamos ver mais uma &#8216;nova Black Friday&#8217; com os sald\u00f5es de janeiro&#8221;. As <strong>varejistas<\/strong> podem realizar provis\u00f5es agressivas para o evento, e as vendas n\u00e3o corresponderem. Com isso, o estoque excedente \u00e9 vendido no in\u00edcio do ano, usualmente com pre\u00e7os ainda mais acess\u00edveis.<\/p>\n<p>&#8220;Caso o consumidor possa adiar os gastos, talvez consiga condi\u00e7\u00f5es mais vantajosas do que agora&#8221;.<\/p>\n<h3>Celebre 2020, mas se prepare para 2021<\/h3>\n<p>O <a href=\"https:\/\/www.suno.com.br\/artigos\/educacao-financeira\/\">educador financeiro<\/a> lembra que sempre \u00e9 questionado sobre como chegar ao fim do ano com dinheiro para aproveitar as <strong>f\u00e9rias<\/strong> e o per\u00edodo festivo. Massaro sempre d\u00e1 um alerta: &#8220;A melhor forma de voc\u00ea chegar no final do ano com as contas em ordem, \u00e9 come\u00e7ar o ano com as contas em ordem. \u00c9 importante que, para quem chegou nos meses finais do ano de forma conturbada, tome cuidado para n\u00e3o comprometer 2021 com as contas deste ano&#8221;.<\/p>\n<p>Tradicionalmente, o in\u00edcio de cada ano \u00e9 estressante financeiramente. Para quem tem filhos, trata-se da rematr\u00edcula e material escolar, al\u00e9m de impostos como <strong>IPVA<\/strong> e <strong>IPTU<\/strong> (que podem ser pagos \u00e0 vista com desconto).<\/p>\n<p>Portanto, o especialista ressalta que &#8220;\u00e9 fundamental para uma situa\u00e7\u00e3o desafiadora, como este ano, que a pessoa mantenha-se preparada para imprevistos&#8221;, n\u00e3o dando um passo maior que a perna na<strong> Black Friday<\/strong>.<\/p>\n\t<p>\n\t\t<a href=\"https:\/\/lp.suno.com.br\/planilha-de-controle-de-investimentos\/\" target=\"_blank\" data-element=\"shortcode-suno-banner\" title=\"Banner SUNO, clique e saiba mais\">\n\t\t\t<picture>\n\t\t\t\t<source media=\"(max-width: 500px)\" srcset=\"https:\/\/files.sunoresearch.com.br\/n\/uploads\/2023\/03\/400x300-Controle-de-Investimentos.png\">\n\t\t\t\t<img class=\"newsContent__article__imgCapa newsContent__article__imgCapa--banner\"\n\t\t\t\t\tsrc=\"https:\/\/files.sunoresearch.com.br\/n\/uploads\/2023\/03\/1420x240-Controle-de-Investimentos.png\"\n\t\t\t\t\tdata-promo-id=\"75934\"\t\t\t\t\t\t\t\t\t\twidth='1420' height='240'\t\t\t\t\talt=\"https:\/\/files.sunoresearch.com.br\/n\/uploads\/2023\/03\/1420x240-Controle-de-Investimentos.png\"\n\t\t\t\t>\n\t\t\t<\/picture>\n\t\t<\/a>\n\t<\/p>\n\n\n","protected":false},"excerpt":{"rendered":"<p>A Black Friday se tornou um dos grandes eventos de fim de ano no Brasil. A cultura importada dos Estados Unidos no in\u00edcio da \u00faltima d\u00e9cada movimenta bilh\u00f5es de reais todos os anos, fazendo com que os consumidores brasileiros aguardem ansiosamente por essa \u00e9poca. Entretanto, os gastos podem se reverter em mais dinheiro no futuro [&hellip;]<\/p>\n","protected":false},"author":24,"featured_media":82358,"comment_status":"closed","ping_status":"closed","sticky":false,"template":"","format":"standard","meta":[],"categories":[65],"tags":[768,1937,329,966,290],"suno_strategy":[],"class_list":["post-97372","post","type-post","status-publish","format-standard","has-post-thumbnail","hentry","category-financas-pessoais","tag-black-friday","tag-bolsa-de-valores-de-sao-paulo-b3","tag-financas-pessoais","tag-ipca","tag-taxa-selic"],"yoast_head":"<!-- This site is optimized with the Yoast SEO plugin v24.4 - https:\/\/yoast.com\/wordpress\/plugins\/seo\/ -->\n<title>Black Friday: veja quanto ganhar em 5 anos investindo o que gastaria<\/title>\n<meta name=\"description\" content=\"A Black Friday j\u00e1 est\u00e1 enraizada no nosso calend\u00e1rio. No entanto, \u00e9 preciso considerar o custo de oportunidade desse gasto. Saiba mais!\" \/>\n<meta name=\"robots\" content=\"index, follow, max-snippet:-1, max-image-preview:large, max-video-preview:-1\" \/>\n<link rel=\"canonical\" href=\"https:\/\/www.suno.com.br\/noticias\/black-friday-quanto-ganhar-investindo-5-anos\/\" \/>\n<meta property=\"og:locale\" content=\"pt_BR\" \/>\n<meta property=\"og:type\" content=\"article\" \/>\n<meta property=\"og:title\" content=\"Black Friday: veja quanto ganhar em 5 anos investindo o que gastaria\" \/>\n<meta property=\"og:description\" content=\"A Black Friday j\u00e1 est\u00e1 enraizada no nosso calend\u00e1rio. No entanto, \u00e9 preciso considerar o custo de oportunidade desse gasto. Saiba mais!\" \/>\n<meta property=\"og:url\" content=\"https:\/\/www.suno.com.br\/noticias\/black-friday-quanto-ganhar-investindo-5-anos\/\" \/>\n<meta property=\"og:site_name\" content=\"Suno Not\u00edcias\" \/>\n<meta property=\"article:publisher\" content=\"https:\/\/facebook.com\/sunoresearch\" \/>\n<meta property=\"og:image\" content=\"https:\/\/files.sunoresearch.com.br\/n\/uploads\/2020\/09\/2b7ff000-endividamento-07-03.jpg\" \/>\n\t<meta property=\"og:image:width\" content=\"1094\" \/>\n\t<meta property=\"og:image:height\" content=\"757\" \/>\n\t<meta property=\"og:image:type\" content=\"image\/jpeg\" \/>\n<meta name=\"author\" content=\"Jader Lazarini\" \/>\n<meta name=\"twitter:card\" content=\"summary_large_image\" \/>\n<meta name=\"twitter:creator\" content=\"@sunoresearch\" \/>\n<meta name=\"twitter:site\" content=\"@sunoresearch\" \/>\n<meta name=\"twitter:label1\" content=\"Escrito por\" \/>\n\t<meta name=\"twitter:data1\" content=\"Jader Lazarini\" \/>\n\t<meta name=\"twitter:label2\" content=\"Est. tempo de leitura\" \/>\n\t<meta name=\"twitter:data2\" content=\"8 minutos\" \/>\n<script type=\"application\/ld+json\" class=\"yoast-schema-graph\">{\"@context\":\"https:\/\/schema.org\",\"@graph\":[{\"@type\":\"NewsArticle\",\"@id\":\"https:\/\/www.suno.com.br\/noticias\/black-friday-quanto-ganhar-investindo-5-anos\/#article\",\"isPartOf\":{\"@id\":\"https:\/\/www.suno.com.br\/noticias\/black-friday-quanto-ganhar-investindo-5-anos\/\"},\"author\":{\"name\":\"Jader Lazarini\",\"@id\":\"https:\/\/www.suno.com.br\/noticias\/#\/schema\/person\/918d79de1f0281f01599b93f9ea6e23f\"},\"headline\":\"Black Friday: veja quanto ganhar em 5 anos investindo o que gastaria\",\"datePublished\":\"2020-11-07T15:18:06+00:00\",\"dateModified\":\"2021-05-29T23:50:36+00:00\",\"mainEntityOfPage\":{\"@id\":\"https:\/\/www.suno.com.br\/noticias\/black-friday-quanto-ganhar-investindo-5-anos\/\"},\"wordCount\":1561,\"publisher\":{\"@id\":\"https:\/\/www.suno.com.br\/noticias\/#organization\"},\"image\":{\"@id\":\"https:\/\/www.suno.com.br\/noticias\/black-friday-quanto-ganhar-investindo-5-anos\/#primaryimage\"},\"thumbnailUrl\":\"https:\/\/files.sunoresearch.com.br\/n\/uploads\/2020\/09\/2b7ff000-endividamento-07-03-jpg.webp\",\"keywords\":[\"Black Friday\",\"Bolsa de Valores de S\u00e3o Paulo (B3)\",\"finan\u00e7as pessoais\",\"IPCA\",\"Taxa Selic\"],\"articleSection\":[\"Finan\u00e7as Pessoais\"],\"inLanguage\":\"pt-BR\"},{\"@type\":\"WebPage\",\"@id\":\"https:\/\/www.suno.com.br\/noticias\/black-friday-quanto-ganhar-investindo-5-anos\/\",\"url\":\"https:\/\/www.suno.com.br\/noticias\/black-friday-quanto-ganhar-investindo-5-anos\/\",\"name\":\"Black Friday: veja quanto ganhar em 5 anos investindo o que gastaria\",\"isPartOf\":{\"@id\":\"https:\/\/www.suno.com.br\/noticias\/#website\"},\"primaryImageOfPage\":{\"@id\":\"https:\/\/www.suno.com.br\/noticias\/black-friday-quanto-ganhar-investindo-5-anos\/#primaryimage\"},\"image\":{\"@id\":\"https:\/\/www.suno.com.br\/noticias\/black-friday-quanto-ganhar-investindo-5-anos\/#primaryimage\"},\"thumbnailUrl\":\"https:\/\/files.sunoresearch.com.br\/n\/uploads\/2020\/09\/2b7ff000-endividamento-07-03-jpg.webp\",\"datePublished\":\"2020-11-07T15:18:06+00:00\",\"dateModified\":\"2021-05-29T23:50:36+00:00\",\"description\":\"A Black Friday j\u00e1 est\u00e1 enraizada no nosso calend\u00e1rio. No entanto, \u00e9 preciso considerar o custo de oportunidade desse gasto. Saiba mais!\",\"breadcrumb\":{\"@id\":\"https:\/\/www.suno.com.br\/noticias\/black-friday-quanto-ganhar-investindo-5-anos\/#breadcrumb\"},\"inLanguage\":\"pt-BR\",\"potentialAction\":[{\"@type\":\"ReadAction\",\"target\":[\"https:\/\/www.suno.com.br\/noticias\/black-friday-quanto-ganhar-investindo-5-anos\/\"]}]},{\"@type\":\"ImageObject\",\"inLanguage\":\"pt-BR\",\"@id\":\"https:\/\/www.suno.com.br\/noticias\/black-friday-quanto-ganhar-investindo-5-anos\/#primaryimage\",\"url\":\"https:\/\/files.sunoresearch.com.br\/n\/uploads\/2020\/09\/2b7ff000-endividamento-07-03-jpg.webp\",\"contentUrl\":\"https:\/\/files.sunoresearch.com.br\/n\/uploads\/2020\/09\/2b7ff000-endividamento-07-03-jpg.webp\",\"width\":1094,\"height\":757,\"caption\":\"A Black Friday j\u00e1 est\u00e1 enraizada no nosso calend\u00e1rio. No entanto, \u00e9 preciso considerar o custo de oportunidade desse gasto.\"},{\"@type\":\"BreadcrumbList\",\"@id\":\"https:\/\/www.suno.com.br\/noticias\/black-friday-quanto-ganhar-investindo-5-anos\/#breadcrumb\",\"itemListElement\":[{\"@type\":\"ListItem\",\"position\":1,\"name\":\"Not\u00edcias\",\"item\":\"https:\/\/www.suno.com.br\/noticias\/\"},{\"@type\":\"ListItem\",\"position\":2,\"name\":\"Finan\u00e7as Pessoais\",\"item\":\"https:\/\/www.suno.com.br\/noticias\/financas-pessoais\/\"},{\"@type\":\"ListItem\",\"position\":3,\"name\":\"Black Friday: veja quanto ganhar em 5 anos investindo o que gastaria\"}]},{\"@type\":\"WebSite\",\"@id\":\"https:\/\/www.suno.com.br\/noticias\/#website\",\"url\":\"https:\/\/www.suno.com.br\/noticias\/\",\"name\":\"Suno Not\u00edcias\",\"description\":\"Seu portal de informa\u00e7\u00e3o sobre o mundo dos investimentos\",\"publisher\":{\"@id\":\"https:\/\/www.suno.com.br\/noticias\/#organization\"},\"potentialAction\":[{\"@type\":\"SearchAction\",\"target\":{\"@type\":\"EntryPoint\",\"urlTemplate\":\"https:\/\/www.suno.com.br\/noticias\/?s={search_term_string}\"},\"query-input\":{\"@type\":\"PropertyValueSpecification\",\"valueRequired\":true,\"valueName\":\"search_term_string\"}}],\"inLanguage\":\"pt-BR\"},{\"@type\":\"Organization\",\"@id\":\"https:\/\/www.suno.com.br\/noticias\/#organization\",\"name\":\"Suno Not\u00edcias\",\"url\":\"https:\/\/www.suno.com.br\/noticias\/\",\"logo\":{\"@type\":\"ImageObject\",\"inLanguage\":\"pt-BR\",\"@id\":\"https:\/\/www.suno.com.br\/noticias\/#\/schema\/logo\/image\/\",\"url\":\"https:\/\/files.sunoresearch.com.br\/n\/uploads\/2021\/09\/suno-logo.png\",\"contentUrl\":\"https:\/\/files.sunoresearch.com.br\/n\/uploads\/2021\/09\/suno-logo.png\",\"width\":180,\"height\":180,\"caption\":\"Suno Not\u00edcias\"},\"image\":{\"@id\":\"https:\/\/www.suno.com.br\/noticias\/#\/schema\/logo\/image\/\"},\"sameAs\":[\"https:\/\/facebook.com\/sunoresearch\",\"https:\/\/x.com\/sunoresearch\",\"https:\/\/www.instagram.com\/suno\",\"https:\/\/www.linkedin.com\/company\/suno-research\/\",\"https:\/\/www.youtube.com\/c\/sunoresearch\"]},{\"@type\":\"Person\",\"@id\":\"https:\/\/www.suno.com.br\/noticias\/#\/schema\/person\/918d79de1f0281f01599b93f9ea6e23f\",\"name\":\"Jader Lazarini\",\"image\":{\"@type\":\"ImageObject\",\"inLanguage\":\"pt-BR\",\"@id\":\"https:\/\/www.suno.com.br\/noticias\/#\/schema\/person\/image\/\",\"url\":\"https:\/\/secure.gravatar.com\/avatar\/3c1ad8caa51589841baeb923fcddea97?s=96&r=g\",\"contentUrl\":\"https:\/\/secure.gravatar.com\/avatar\/3c1ad8caa51589841baeb923fcddea97?s=96&r=g\",\"caption\":\"Jader Lazarini\"},\"description\":\"Jader Lazarini escreve sobre investimentos, finan\u00e7as, economia e neg\u00f3cios. \u00c9 bacharel em Rela\u00e7\u00f5es Internacionais e analista CNPI (2619).\",\"url\":\"https:\/\/www.suno.com.br\/noticias\/author\/jader-lazarini\/\"}]}<\/script>\n<!-- \/ Yoast SEO plugin. -->","yoast_head_json":{"title":"Black Friday: veja quanto ganhar em 5 anos investindo o que gastaria","description":"A Black Friday j\u00e1 est\u00e1 enraizada no nosso calend\u00e1rio. No entanto, \u00e9 preciso considerar o custo de oportunidade desse gasto. Saiba mais!","robots":{"index":"index","follow":"follow","max-snippet":"max-snippet:-1","max-image-preview":"max-image-preview:large","max-video-preview":"max-video-preview:-1"},"canonical":"https:\/\/www.suno.com.br\/noticias\/black-friday-quanto-ganhar-investindo-5-anos\/","og_locale":"pt_BR","og_type":"article","og_title":"Black Friday: veja quanto ganhar em 5 anos investindo o que gastaria","og_description":"A Black Friday j\u00e1 est\u00e1 enraizada no nosso calend\u00e1rio. No entanto, \u00e9 preciso considerar o custo de oportunidade desse gasto. Saiba mais!","og_url":"https:\/\/www.suno.com.br\/noticias\/black-friday-quanto-ganhar-investindo-5-anos\/","og_site_name":"Suno Not\u00edcias","article_publisher":"https:\/\/facebook.com\/sunoresearch","og_image":[{"width":1094,"height":757,"url":"https:\/\/files.sunoresearch.com.br\/n\/uploads\/2020\/09\/2b7ff000-endividamento-07-03.jpg","type":"image\/jpeg"}],"author":"Jader Lazarini","twitter_card":"summary_large_image","twitter_creator":"@sunoresearch","twitter_site":"@sunoresearch","twitter_misc":{"Escrito por":"Jader Lazarini","Est. tempo de leitura":"8 minutos"},"schema":{"@context":"https:\/\/schema.org","@graph":[{"@type":"NewsArticle","@id":"https:\/\/www.suno.com.br\/noticias\/black-friday-quanto-ganhar-investindo-5-anos\/#article","isPartOf":{"@id":"https:\/\/www.suno.com.br\/noticias\/black-friday-quanto-ganhar-investindo-5-anos\/"},"author":{"name":"Jader Lazarini","@id":"https:\/\/www.suno.com.br\/noticias\/#\/schema\/person\/918d79de1f0281f01599b93f9ea6e23f"},"headline":"Black Friday: veja quanto ganhar em 5 anos investindo o que gastaria","datePublished":"2020-11-07T15:18:06+00:00","dateModified":"2021-05-29T23:50:36+00:00","mainEntityOfPage":{"@id":"https:\/\/www.suno.com.br\/noticias\/black-friday-quanto-ganhar-investindo-5-anos\/"},"wordCount":1561,"publisher":{"@id":"https:\/\/www.suno.com.br\/noticias\/#organization"},"image":{"@id":"https:\/\/www.suno.com.br\/noticias\/black-friday-quanto-ganhar-investindo-5-anos\/#primaryimage"},"thumbnailUrl":"https:\/\/files.sunoresearch.com.br\/n\/uploads\/2020\/09\/2b7ff000-endividamento-07-03-jpg.webp","keywords":["Black Friday","Bolsa de Valores de S\u00e3o Paulo (B3)","finan\u00e7as pessoais","IPCA","Taxa Selic"],"articleSection":["Finan\u00e7as Pessoais"],"inLanguage":"pt-BR"},{"@type":"WebPage","@id":"https:\/\/www.suno.com.br\/noticias\/black-friday-quanto-ganhar-investindo-5-anos\/","url":"https:\/\/www.suno.com.br\/noticias\/black-friday-quanto-ganhar-investindo-5-anos\/","name":"Black Friday: veja quanto ganhar em 5 anos investindo o que gastaria","isPartOf":{"@id":"https:\/\/www.suno.com.br\/noticias\/#website"},"primaryImageOfPage":{"@id":"https:\/\/www.suno.com.br\/noticias\/black-friday-quanto-ganhar-investindo-5-anos\/#primaryimage"},"image":{"@id":"https:\/\/www.suno.com.br\/noticias\/black-friday-quanto-ganhar-investindo-5-anos\/#primaryimage"},"thumbnailUrl":"https:\/\/files.sunoresearch.com.br\/n\/uploads\/2020\/09\/2b7ff000-endividamento-07-03-jpg.webp","datePublished":"2020-11-07T15:18:06+00:00","dateModified":"2021-05-29T23:50:36+00:00","description":"A Black Friday j\u00e1 est\u00e1 enraizada no nosso calend\u00e1rio. No entanto, \u00e9 preciso considerar o custo de oportunidade desse gasto. Saiba mais!","breadcrumb":{"@id":"https:\/\/www.suno.com.br\/noticias\/black-friday-quanto-ganhar-investindo-5-anos\/#breadcrumb"},"inLanguage":"pt-BR","potentialAction":[{"@type":"ReadAction","target":["https:\/\/www.suno.com.br\/noticias\/black-friday-quanto-ganhar-investindo-5-anos\/"]}]},{"@type":"ImageObject","inLanguage":"pt-BR","@id":"https:\/\/www.suno.com.br\/noticias\/black-friday-quanto-ganhar-investindo-5-anos\/#primaryimage","url":"https:\/\/files.sunoresearch.com.br\/n\/uploads\/2020\/09\/2b7ff000-endividamento-07-03-jpg.webp","contentUrl":"https:\/\/files.sunoresearch.com.br\/n\/uploads\/2020\/09\/2b7ff000-endividamento-07-03-jpg.webp","width":1094,"height":757,"caption":"A Black Friday j\u00e1 est\u00e1 enraizada no nosso calend\u00e1rio. No entanto, \u00e9 preciso considerar o custo de oportunidade desse gasto."},{"@type":"BreadcrumbList","@id":"https:\/\/www.suno.com.br\/noticias\/black-friday-quanto-ganhar-investindo-5-anos\/#breadcrumb","itemListElement":[{"@type":"ListItem","position":1,"name":"Not\u00edcias","item":"https:\/\/www.suno.com.br\/noticias\/"},{"@type":"ListItem","position":2,"name":"Finan\u00e7as Pessoais","item":"https:\/\/www.suno.com.br\/noticias\/financas-pessoais\/"},{"@type":"ListItem","position":3,"name":"Black Friday: veja quanto ganhar em 5 anos investindo o que gastaria"}]},{"@type":"WebSite","@id":"https:\/\/www.suno.com.br\/noticias\/#website","url":"https:\/\/www.suno.com.br\/noticias\/","name":"Suno Not\u00edcias","description":"Seu portal de informa\u00e7\u00e3o sobre o mundo dos investimentos","publisher":{"@id":"https:\/\/www.suno.com.br\/noticias\/#organization"},"potentialAction":[{"@type":"SearchAction","target":{"@type":"EntryPoint","urlTemplate":"https:\/\/www.suno.com.br\/noticias\/?s={search_term_string}"},"query-input":{"@type":"PropertyValueSpecification","valueRequired":true,"valueName":"search_term_string"}}],"inLanguage":"pt-BR"},{"@type":"Organization","@id":"https:\/\/www.suno.com.br\/noticias\/#organization","name":"Suno Not\u00edcias","url":"https:\/\/www.suno.com.br\/noticias\/","logo":{"@type":"ImageObject","inLanguage":"pt-BR","@id":"https:\/\/www.suno.com.br\/noticias\/#\/schema\/logo\/image\/","url":"https:\/\/files.sunoresearch.com.br\/n\/uploads\/2021\/09\/suno-logo.png","contentUrl":"https:\/\/files.sunoresearch.com.br\/n\/uploads\/2021\/09\/suno-logo.png","width":180,"height":180,"caption":"Suno Not\u00edcias"},"image":{"@id":"https:\/\/www.suno.com.br\/noticias\/#\/schema\/logo\/image\/"},"sameAs":["https:\/\/facebook.com\/sunoresearch","https:\/\/x.com\/sunoresearch","https:\/\/www.instagram.com\/suno","https:\/\/www.linkedin.com\/company\/suno-research\/","https:\/\/www.youtube.com\/c\/sunoresearch"]},{"@type":"Person","@id":"https:\/\/www.suno.com.br\/noticias\/#\/schema\/person\/918d79de1f0281f01599b93f9ea6e23f","name":"Jader Lazarini","image":{"@type":"ImageObject","inLanguage":"pt-BR","@id":"https:\/\/www.suno.com.br\/noticias\/#\/schema\/person\/image\/","url":"https:\/\/secure.gravatar.com\/avatar\/3c1ad8caa51589841baeb923fcddea97?s=96&r=g","contentUrl":"https:\/\/secure.gravatar.com\/avatar\/3c1ad8caa51589841baeb923fcddea97?s=96&r=g","caption":"Jader Lazarini"},"description":"Jader Lazarini escreve sobre investimentos, finan\u00e7as, economia e neg\u00f3cios. \u00c9 bacharel em Rela\u00e7\u00f5es Internacionais e analista CNPI (2619).","url":"https:\/\/www.suno.com.br\/noticias\/author\/jader-lazarini\/"}]}},"default_loop_html":"<div class=\"cardsPage__listCard__boxs\"><div class=\"cardsPage__listCard__boxs__img\"><a href=\"https:\/\/www.suno.com.br\/noticias\/black-friday-quanto-ganhar-investindo-5-anos\/\"><img class=\"mask\" src=\"https:\/\/www.suno.com.br\/noticias\/wp-content\/themes\/suno\/resources\/images\/spotlight\/spotlight1img\/bg-mask.png\" alt=\"Image Mask\"\/><img src=\"https:\/\/files.sunoresearch.com.br\/n\/uploads\/2020\/09\/2b7ff000-endividamento-07-03-400x200.webp\" alt=\"Black Friday: veja quanto ganhar em 5 anos investindo o que gastaria\"\/><\/a><span class=\"spotlightCategory\"><a href=\"https:\/\/www.suno.com.br\/noticias\/financas-pessoais\/\">Finan\u00e7as Pessoais<\/a><\/span><\/div><div class=\"cardsPage__listCard__boxs__content\"><a href=\"https:\/\/www.suno.com.br\/noticias\/black-friday-quanto-ganhar-investindo-5-anos\/\"><h2 class=\"content__title\">Black Friday: veja quanto ganhar em 5 anos investindo o que gastaria<\/h2><\/a><div class=\"newsContent__article__meta\"><div class=\"newsContent__article__meta__authorBox\"><a href=\"https:\/\/www.suno.com.br\/noticias\/author\/jader-lazarini\/\" class=\"authorBox__avatar noMobi\"><img src=\"https:\/\/files.sunoresearch.com.br\/n\/uploads\/2021\/01\/178e6598-foto-perfil-2-150x150.jpg\" alt=\"Jader Lazarini\"><\/a><div class=\"authorBox__name\"><span>por\n\t\t\t<a href=\"https:\/\/www.suno.com.br\/noticias\/author\/jader-lazarini\/\"><span itemprop=\"author\">Jader Lazarini<\/span><\/a><\/span><time datetime=\"2020-11-07T12:18:06-03:00\" itemprop=\"datePublished\">07\/11\/2020 12:18<\/time><\/div><\/div><\/div><\/div><\/div>","single_layout":"posts","amp_enabled":true,"_links":{"self":[{"href":"https:\/\/www.suno.com.br\/noticias\/wp-json\/wp\/v2\/posts\/97372"}],"collection":[{"href":"https:\/\/www.suno.com.br\/noticias\/wp-json\/wp\/v2\/posts"}],"about":[{"href":"https:\/\/www.suno.com.br\/noticias\/wp-json\/wp\/v2\/types\/post"}],"author":[{"embeddable":true,"href":"https:\/\/www.suno.com.br\/noticias\/wp-json\/wp\/v2\/users\/24"}],"replies":[{"embeddable":true,"href":"https:\/\/www.suno.com.br\/noticias\/wp-json\/wp\/v2\/comments?post=97372"}],"version-history":[{"count":1,"href":"https:\/\/www.suno.com.br\/noticias\/wp-json\/wp\/v2\/posts\/97372\/revisions"}],"predecessor-version":[{"id":152271,"href":"https:\/\/www.suno.com.br\/noticias\/wp-json\/wp\/v2\/posts\/97372\/revisions\/152271"}],"wp:featuredmedia":[{"embeddable":true,"href":"https:\/\/www.suno.com.br\/noticias\/wp-json\/wp\/v2\/media\/82358"}],"wp:attachment":[{"href":"https:\/\/www.suno.com.br\/noticias\/wp-json\/wp\/v2\/media?parent=97372"}],"wp:term":[{"taxonomy":"category","embeddable":true,"href":"https:\/\/www.suno.com.br\/noticias\/wp-json\/wp\/v2\/categories?post=97372"},{"taxonomy":"post_tag","embeddable":true,"href":"https:\/\/www.suno.com.br\/noticias\/wp-json\/wp\/v2\/tags?post=97372"},{"taxonomy":"suno_strategy","embeddable":true,"href":"https:\/\/www.suno.com.br\/noticias\/wp-json\/wp\/v2\/suno_strategy?post=97372"}],"curies":[{"name":"wp","href":"https:\/\/api.w.org\/{rel}","templated":true}]}}