{"id":9728,"date":"2018-12-21T12:47:03","date_gmt":"2018-12-21T14:47:03","guid":{"rendered":"https:\/\/www.suno.com.br\/noticias\/?p=9728"},"modified":"2018-12-21T13:16:38","modified_gmt":"2018-12-21T15:16:38","slug":"bolsonaro-perdoar-divida-rural-17-bilhoes","status":"publish","type":"post","link":"https:\/\/www.suno.com.br\/noticias\/bolsonaro-perdoar-divida-rural-17-bilhoes\/","title":{"rendered":"Jair Bolsonaro considera perdoar d\u00edvida rural de R$ 17 bilh\u00f5es"},"content":{"rendered":"<p>O <a href=\"https:\/\/www.suno.com.br\/noticias\/posse-bolsonaro-500-mil\/\">presidente eleito<\/a> Jair Bolsonaro sinalizou a interlocutores que considera perdoar d\u00edvida de produtores rurais. O rombo seria de R$ 17 bilh\u00f5es aos cofres p\u00fablicos.<\/p>\t<div class=\"wrapper-featured-image\">\n\t\t<figure class=\"spotlightImg\">\n\n\t\t\t<picture>\n\t\t\t\t<source media=\"(max-width: 768px)\" srcset=\"https:\/\/files.sunoresearch.com.br\/n\/uploads\/2018\/12\/65a5c02e-bolsonaro-400x200.webp\">\n\t\t\t\t<img loading=\"lazy\" decoding=\"async\" class=\"newsContent__article__imgCapa lazyloadDisabled newsContent__article__imgCapa--noCaption\" src=\"https:\/\/files.sunoresearch.com.br\/n\/uploads\/2018\/12\/65a5c02e-bolsonaro-800x450.webp\" width=\"800\" height=\"450\" alt=\"Jair Bolsonaro considera perdoar d\u00edvida rural de R$ 17 bilh\u00f5es\" fetchpriority=high \/>\n\t\t\t<\/picture>\n\n\t\t\t<figcaption class=\"wp-caption-text wp-caption-text--hide\"> Jair Bolsonaro afirma que seu filho \u00e9 adequado para cargo de embaixador<\/figcaption>\n\t\t<\/figure>\n\t<\/div>\n\n\n<p><strong>Jair Bolsonaro<\/strong> apoia a aprova\u00e7\u00e3o do projeto de lei 9.252\/2017, que concede perd\u00e3o total das <strong>d\u00edvidas<\/strong> acumuladas por produtores rurais e agroindustriais com o Fundo de Assist\u00eancia ao Trabalhador Rural (Funrural). Ele sofre forte press\u00e3o de setores do <a href=\"https:\/\/www.suno.com.br\/noticias\/valor-producao-agropecuaria-deve-subir\/\"><strong>agroneg\u00f3cio<\/strong><\/a>, que o apoiaram na campanha eleitoral.<\/p>\n<p><a href=\"https:\/\/www.suno.com.br\/noticias\/equipe-bolsonaro-estuda-acabar-simples\/\">Saiba mais: Estudo coordenado por equipe de Bolsonaro prop\u00f5e acabar com o Simples<\/a><\/p>\n<p>Mas h\u00e1 entraves na aprova\u00e7\u00e3o desse projeto de lei. A proposta n\u00e3o especifica gera\u00e7\u00e3o de receitas para contrabalancear as despesas criadas para o Or\u00e7amento. Portanto, fere a Lei de Responsabilidade Fiscal (LRF).<\/p>\n<p>Ainda que sancionada por Bolsonaro, a eventual lei pode enfrentar resist\u00eancia no Supremo Tribunal Federal (STF). Em 2017, a Corte julgou constitucional a cobran\u00e7a do passivo do Funrural.<\/p>\n<p>A aprova\u00e7\u00e3o desse projeto, no entanto, n\u00e3o ser\u00e1 f\u00e1cil nem mesmo no Congresso. A bancada ruralista, antes numerosa, encolheu pela metade com as elei\u00e7\u00f5es. O futuro ministro da Economia, Paulo Guedes, teve que intervir junto ao Delegado Waldir (PSL-GO), l\u00edder do partido na C\u00e2mara, para barrar a vota\u00e7\u00e3o do projeto no plen\u00e1rio da Casa. Isto porque os ruralistas haviam conseguido aprov\u00e1-lo com urg\u00eancia, mas concordaram em adiar a vota\u00e7\u00e3o.<\/p>\n<p>A cobran\u00e7a do Funfural \u00e9 uma contribui\u00e7\u00e3o previdenci\u00e1ria que deixou de ser paga por milhares de produtores. Eles conseguiram liminares na Justi\u00e7a os livrando da cobran\u00e7a ap\u00f3s um entendimento no STF em 2010.<\/p>\n<p>Jair Bolsonaro chegou a gravar v\u00eddeos durante a campanha defendendo o projeto de anistia aos d\u00e9bitos da contribui\u00e7\u00e3o previdenci\u00e1ria. Em suas v\u00e1rias visitas a feiras agropecu\u00e1rias, estava rodeado de eleitores vestindo camisetas com os dizeres &#8220;Funfural n\u00e3o!&#8221;. A Andaterra (Associa\u00e7\u00e3o Nacional de Defesa dos Agricultores, Pecuaristas e Produtores da Terra) voltou a circular esses v\u00eddeos nos \u00faltimos dias.<\/p>\n<p>&nbsp;<\/p>\n","protected":false},"excerpt":{"rendered":"<p>O presidente eleito Jair Bolsonaro sinalizou a interlocutores que considera perdoar d\u00edvida de produtores rurais. O rombo seria de R$ 17 bilh\u00f5es aos cofres p\u00fablicos. Jair Bolsonaro afirma que seu filho \u00e9 adequado para cargo de embaixador Jair Bolsonaro apoia a aprova\u00e7\u00e3o do projeto de lei 9.252\/2017, que concede perd\u00e3o total das d\u00edvidas acumuladas por [&hellip;]<\/p>\n","protected":false},"author":13,"featured_media":8708,"comment_status":"closed","ping_status":"closed","sticky":false,"template":"","format":"standard","meta":[],"categories":[61],"tags":[719,785],"suno_strategy":[],"class_list":["post-9728","post","type-post","status-publish","format-standard","has-post-thumbnail","hentry","category-politica","tag-jair-bolsonaro","tag-supremo-tribunal-federal-stf"],"yoast_head":"<!-- This site is optimized with the Yoast SEO plugin v24.4 - https:\/\/yoast.com\/wordpress\/plugins\/seo\/ -->\n<title>Jair Bolsonaro considera perdoar d\u00edvida rural de R$ 17 bilh\u00f5es<\/title>\n<meta name=\"description\" content=\"Jair Bolsonaro sinalizou que considera perdoar d\u00edvida de produtores rurais, um rombo de R$ 17 bi aos cofres p\u00fablicos. Clique e saiba mais.\" \/>\n<meta name=\"robots\" content=\"index, follow, max-snippet:-1, max-image-preview:large, max-video-preview:-1\" \/>\n<link rel=\"canonical\" href=\"https:\/\/www.suno.com.br\/noticias\/bolsonaro-perdoar-divida-rural-17-bilhoes\/\" \/>\n<meta property=\"og:locale\" content=\"pt_BR\" \/>\n<meta property=\"og:type\" content=\"article\" \/>\n<meta property=\"og:title\" content=\"Jair Bolsonaro considera perdoar d\u00edvida rural de R$ 17 bilh\u00f5es\" \/>\n<meta property=\"og:description\" content=\"Jair Bolsonaro sinalizou que considera perdoar d\u00edvida de produtores rurais, um rombo de R$ 17 bi aos cofres p\u00fablicos. Clique e saiba mais.\" \/>\n<meta property=\"og:url\" content=\"https:\/\/www.suno.com.br\/noticias\/bolsonaro-perdoar-divida-rural-17-bilhoes\/\" \/>\n<meta property=\"og:site_name\" content=\"Suno Not\u00edcias\" \/>\n<meta property=\"article:publisher\" content=\"https:\/\/facebook.com\/sunoresearch\" \/>\n<meta property=\"og:image\" content=\"https:\/\/files.sunoresearch.com.br\/n\/uploads\/2018\/12\/65a5c02e-bolsonaro.jpg\" \/>\n\t<meta property=\"og:image:width\" content=\"980\" \/>\n\t<meta property=\"og:image:height\" content=\"549\" \/>\n\t<meta property=\"og:image:type\" content=\"image\/jpeg\" \/>\n<meta name=\"author\" content=\"Guilherme Caetano\" \/>\n<meta name=\"twitter:card\" content=\"summary_large_image\" \/>\n<meta name=\"twitter:creator\" content=\"@sunoresearch\" \/>\n<meta name=\"twitter:site\" content=\"@sunoresearch\" \/>\n<meta name=\"twitter:label1\" content=\"Escrito por\" \/>\n\t<meta name=\"twitter:data1\" content=\"Guilherme Caetano\" \/>\n\t<meta name=\"twitter:label2\" content=\"Est. tempo de leitura\" \/>\n\t<meta name=\"twitter:data2\" content=\"2 minutos\" \/>\n<script type=\"application\/ld+json\" class=\"yoast-schema-graph\">{\"@context\":\"https:\/\/schema.org\",\"@graph\":[{\"@type\":\"NewsArticle\",\"@id\":\"https:\/\/www.suno.com.br\/noticias\/bolsonaro-perdoar-divida-rural-17-bilhoes\/#article\",\"isPartOf\":{\"@id\":\"https:\/\/www.suno.com.br\/noticias\/bolsonaro-perdoar-divida-rural-17-bilhoes\/\"},\"author\":{\"name\":\"Guilherme Caetano\",\"@id\":\"https:\/\/www.suno.com.br\/noticias\/#\/schema\/person\/0d0c9687cd2f600c564f25980c140de9\"},\"headline\":\"Jair Bolsonaro considera perdoar d\u00edvida rural de R$ 17 bilh\u00f5es\",\"datePublished\":\"2018-12-21T14:47:03+00:00\",\"dateModified\":\"2018-12-21T15:16:38+00:00\",\"mainEntityOfPage\":{\"@id\":\"https:\/\/www.suno.com.br\/noticias\/bolsonaro-perdoar-divida-rural-17-bilhoes\/\"},\"wordCount\":352,\"publisher\":{\"@id\":\"https:\/\/www.suno.com.br\/noticias\/#organization\"},\"image\":{\"@id\":\"https:\/\/www.suno.com.br\/noticias\/bolsonaro-perdoar-divida-rural-17-bilhoes\/#primaryimage\"},\"thumbnailUrl\":\"https:\/\/files.sunoresearch.com.br\/n\/uploads\/2018\/12\/65a5c02e-bolsonaro-jpg.webp\",\"keywords\":[\"Jair Bolsonaro\",\"Supremo Tribunal Federal (STF)\"],\"articleSection\":[\"Pol\u00edtica\"],\"inLanguage\":\"pt-BR\"},{\"@type\":\"WebPage\",\"@id\":\"https:\/\/www.suno.com.br\/noticias\/bolsonaro-perdoar-divida-rural-17-bilhoes\/\",\"url\":\"https:\/\/www.suno.com.br\/noticias\/bolsonaro-perdoar-divida-rural-17-bilhoes\/\",\"name\":\"Jair Bolsonaro considera perdoar d\u00edvida rural de R$ 17 bilh\u00f5es\",\"isPartOf\":{\"@id\":\"https:\/\/www.suno.com.br\/noticias\/#website\"},\"primaryImageOfPage\":{\"@id\":\"https:\/\/www.suno.com.br\/noticias\/bolsonaro-perdoar-divida-rural-17-bilhoes\/#primaryimage\"},\"image\":{\"@id\":\"https:\/\/www.suno.com.br\/noticias\/bolsonaro-perdoar-divida-rural-17-bilhoes\/#primaryimage\"},\"thumbnailUrl\":\"https:\/\/files.sunoresearch.com.br\/n\/uploads\/2018\/12\/65a5c02e-bolsonaro-jpg.webp\",\"datePublished\":\"2018-12-21T14:47:03+00:00\",\"dateModified\":\"2018-12-21T15:16:38+00:00\",\"description\":\"Jair Bolsonaro sinalizou que considera perdoar d\u00edvida de produtores rurais, um rombo de R$ 17 bi aos cofres p\u00fablicos. Clique e saiba mais.\",\"breadcrumb\":{\"@id\":\"https:\/\/www.suno.com.br\/noticias\/bolsonaro-perdoar-divida-rural-17-bilhoes\/#breadcrumb\"},\"inLanguage\":\"pt-BR\",\"potentialAction\":[{\"@type\":\"ReadAction\",\"target\":[\"https:\/\/www.suno.com.br\/noticias\/bolsonaro-perdoar-divida-rural-17-bilhoes\/\"]}]},{\"@type\":\"ImageObject\",\"inLanguage\":\"pt-BR\",\"@id\":\"https:\/\/www.suno.com.br\/noticias\/bolsonaro-perdoar-divida-rural-17-bilhoes\/#primaryimage\",\"url\":\"https:\/\/files.sunoresearch.com.br\/n\/uploads\/2018\/12\/65a5c02e-bolsonaro-jpg.webp\",\"contentUrl\":\"https:\/\/files.sunoresearch.com.br\/n\/uploads\/2018\/12\/65a5c02e-bolsonaro-jpg.webp\",\"width\":980,\"height\":549,\"caption\":\"Jair Bolsonaro afirma que seu filho \u00e9 adequado para cargo de embaixador\"},{\"@type\":\"BreadcrumbList\",\"@id\":\"https:\/\/www.suno.com.br\/noticias\/bolsonaro-perdoar-divida-rural-17-bilhoes\/#breadcrumb\",\"itemListElement\":[{\"@type\":\"ListItem\",\"position\":1,\"name\":\"Not\u00edcias\",\"item\":\"https:\/\/www.suno.com.br\/noticias\/\"},{\"@type\":\"ListItem\",\"position\":2,\"name\":\"Pol\u00edtica\",\"item\":\"https:\/\/www.suno.com.br\/noticias\/politica\/\"},{\"@type\":\"ListItem\",\"position\":3,\"name\":\"Jair Bolsonaro considera perdoar d\u00edvida rural de R$ 17 bilh\u00f5es\"}]},{\"@type\":\"WebSite\",\"@id\":\"https:\/\/www.suno.com.br\/noticias\/#website\",\"url\":\"https:\/\/www.suno.com.br\/noticias\/\",\"name\":\"Suno Not\u00edcias\",\"description\":\"Seu portal de informa\u00e7\u00e3o sobre o mundo dos investimentos\",\"publisher\":{\"@id\":\"https:\/\/www.suno.com.br\/noticias\/#organization\"},\"potentialAction\":[{\"@type\":\"SearchAction\",\"target\":{\"@type\":\"EntryPoint\",\"urlTemplate\":\"https:\/\/www.suno.com.br\/noticias\/?s={search_term_string}\"},\"query-input\":{\"@type\":\"PropertyValueSpecification\",\"valueRequired\":true,\"valueName\":\"search_term_string\"}}],\"inLanguage\":\"pt-BR\"},{\"@type\":\"Organization\",\"@id\":\"https:\/\/www.suno.com.br\/noticias\/#organization\",\"name\":\"Suno Not\u00edcias\",\"url\":\"https:\/\/www.suno.com.br\/noticias\/\",\"logo\":{\"@type\":\"ImageObject\",\"inLanguage\":\"pt-BR\",\"@id\":\"https:\/\/www.suno.com.br\/noticias\/#\/schema\/logo\/image\/\",\"url\":\"https:\/\/files.sunoresearch.com.br\/n\/uploads\/2021\/09\/suno-logo.png\",\"contentUrl\":\"https:\/\/files.sunoresearch.com.br\/n\/uploads\/2021\/09\/suno-logo.png\",\"width\":180,\"height\":180,\"caption\":\"Suno Not\u00edcias\"},\"image\":{\"@id\":\"https:\/\/www.suno.com.br\/noticias\/#\/schema\/logo\/image\/\"},\"sameAs\":[\"https:\/\/facebook.com\/sunoresearch\",\"https:\/\/x.com\/sunoresearch\",\"https:\/\/www.instagram.com\/suno\",\"https:\/\/www.linkedin.com\/company\/suno-research\/\",\"https:\/\/www.youtube.com\/c\/sunoresearch\"]},{\"@type\":\"Person\",\"@id\":\"https:\/\/www.suno.com.br\/noticias\/#\/schema\/person\/0d0c9687cd2f600c564f25980c140de9\",\"name\":\"Guilherme Caetano\",\"image\":{\"@type\":\"ImageObject\",\"inLanguage\":\"pt-BR\",\"@id\":\"https:\/\/www.suno.com.br\/noticias\/#\/schema\/person\/image\/\",\"url\":\"https:\/\/secure.gravatar.com\/avatar\/e48357351a01702a0d19307070e081bf?s=96&r=g\",\"contentUrl\":\"https:\/\/secure.gravatar.com\/avatar\/e48357351a01702a0d19307070e081bf?s=96&r=g\",\"caption\":\"Guilherme Caetano\"},\"description\":\"Formado em jornalismo pela Escola de Comunica\u00e7\u00f5es e Artes da USP, Guilherme Caetano escreve para o portal de not\u00edcias da Suno Research. Passou pelas reda\u00e7\u00f5es da Folha de S.Paulo e da revista \u00c9poca.\",\"url\":\"https:\/\/www.suno.com.br\/noticias\/author\/guilherme-caetano\/\"}]}<\/script>\n<!-- \/ Yoast SEO plugin. -->","yoast_head_json":{"title":"Jair Bolsonaro considera perdoar d\u00edvida rural de R$ 17 bilh\u00f5es","description":"Jair Bolsonaro sinalizou que considera perdoar d\u00edvida de produtores rurais, um rombo de R$ 17 bi aos cofres p\u00fablicos. Clique e saiba mais.","robots":{"index":"index","follow":"follow","max-snippet":"max-snippet:-1","max-image-preview":"max-image-preview:large","max-video-preview":"max-video-preview:-1"},"canonical":"https:\/\/www.suno.com.br\/noticias\/bolsonaro-perdoar-divida-rural-17-bilhoes\/","og_locale":"pt_BR","og_type":"article","og_title":"Jair Bolsonaro considera perdoar d\u00edvida rural de R$ 17 bilh\u00f5es","og_description":"Jair Bolsonaro sinalizou que considera perdoar d\u00edvida de produtores rurais, um rombo de R$ 17 bi aos cofres p\u00fablicos. Clique e saiba mais.","og_url":"https:\/\/www.suno.com.br\/noticias\/bolsonaro-perdoar-divida-rural-17-bilhoes\/","og_site_name":"Suno Not\u00edcias","article_publisher":"https:\/\/facebook.com\/sunoresearch","og_image":[{"width":980,"height":549,"url":"https:\/\/files.sunoresearch.com.br\/n\/uploads\/2018\/12\/65a5c02e-bolsonaro.jpg","type":"image\/jpeg"}],"author":"Guilherme Caetano","twitter_card":"summary_large_image","twitter_creator":"@sunoresearch","twitter_site":"@sunoresearch","twitter_misc":{"Escrito por":"Guilherme Caetano","Est. tempo de leitura":"2 minutos"},"schema":{"@context":"https:\/\/schema.org","@graph":[{"@type":"NewsArticle","@id":"https:\/\/www.suno.com.br\/noticias\/bolsonaro-perdoar-divida-rural-17-bilhoes\/#article","isPartOf":{"@id":"https:\/\/www.suno.com.br\/noticias\/bolsonaro-perdoar-divida-rural-17-bilhoes\/"},"author":{"name":"Guilherme Caetano","@id":"https:\/\/www.suno.com.br\/noticias\/#\/schema\/person\/0d0c9687cd2f600c564f25980c140de9"},"headline":"Jair Bolsonaro considera perdoar d\u00edvida rural de R$ 17 bilh\u00f5es","datePublished":"2018-12-21T14:47:03+00:00","dateModified":"2018-12-21T15:16:38+00:00","mainEntityOfPage":{"@id":"https:\/\/www.suno.com.br\/noticias\/bolsonaro-perdoar-divida-rural-17-bilhoes\/"},"wordCount":352,"publisher":{"@id":"https:\/\/www.suno.com.br\/noticias\/#organization"},"image":{"@id":"https:\/\/www.suno.com.br\/noticias\/bolsonaro-perdoar-divida-rural-17-bilhoes\/#primaryimage"},"thumbnailUrl":"https:\/\/files.sunoresearch.com.br\/n\/uploads\/2018\/12\/65a5c02e-bolsonaro-jpg.webp","keywords":["Jair Bolsonaro","Supremo Tribunal Federal (STF)"],"articleSection":["Pol\u00edtica"],"inLanguage":"pt-BR"},{"@type":"WebPage","@id":"https:\/\/www.suno.com.br\/noticias\/bolsonaro-perdoar-divida-rural-17-bilhoes\/","url":"https:\/\/www.suno.com.br\/noticias\/bolsonaro-perdoar-divida-rural-17-bilhoes\/","name":"Jair Bolsonaro considera perdoar d\u00edvida rural de R$ 17 bilh\u00f5es","isPartOf":{"@id":"https:\/\/www.suno.com.br\/noticias\/#website"},"primaryImageOfPage":{"@id":"https:\/\/www.suno.com.br\/noticias\/bolsonaro-perdoar-divida-rural-17-bilhoes\/#primaryimage"},"image":{"@id":"https:\/\/www.suno.com.br\/noticias\/bolsonaro-perdoar-divida-rural-17-bilhoes\/#primaryimage"},"thumbnailUrl":"https:\/\/files.sunoresearch.com.br\/n\/uploads\/2018\/12\/65a5c02e-bolsonaro-jpg.webp","datePublished":"2018-12-21T14:47:03+00:00","dateModified":"2018-12-21T15:16:38+00:00","description":"Jair Bolsonaro sinalizou que considera perdoar d\u00edvida de produtores rurais, um rombo de R$ 17 bi aos cofres p\u00fablicos. Clique e saiba mais.","breadcrumb":{"@id":"https:\/\/www.suno.com.br\/noticias\/bolsonaro-perdoar-divida-rural-17-bilhoes\/#breadcrumb"},"inLanguage":"pt-BR","potentialAction":[{"@type":"ReadAction","target":["https:\/\/www.suno.com.br\/noticias\/bolsonaro-perdoar-divida-rural-17-bilhoes\/"]}]},{"@type":"ImageObject","inLanguage":"pt-BR","@id":"https:\/\/www.suno.com.br\/noticias\/bolsonaro-perdoar-divida-rural-17-bilhoes\/#primaryimage","url":"https:\/\/files.sunoresearch.com.br\/n\/uploads\/2018\/12\/65a5c02e-bolsonaro-jpg.webp","contentUrl":"https:\/\/files.sunoresearch.com.br\/n\/uploads\/2018\/12\/65a5c02e-bolsonaro-jpg.webp","width":980,"height":549,"caption":"Jair Bolsonaro afirma que seu filho \u00e9 adequado para cargo de embaixador"},{"@type":"BreadcrumbList","@id":"https:\/\/www.suno.com.br\/noticias\/bolsonaro-perdoar-divida-rural-17-bilhoes\/#breadcrumb","itemListElement":[{"@type":"ListItem","position":1,"name":"Not\u00edcias","item":"https:\/\/www.suno.com.br\/noticias\/"},{"@type":"ListItem","position":2,"name":"Pol\u00edtica","item":"https:\/\/www.suno.com.br\/noticias\/politica\/"},{"@type":"ListItem","position":3,"name":"Jair Bolsonaro considera perdoar d\u00edvida rural de R$ 17 bilh\u00f5es"}]},{"@type":"WebSite","@id":"https:\/\/www.suno.com.br\/noticias\/#website","url":"https:\/\/www.suno.com.br\/noticias\/","name":"Suno Not\u00edcias","description":"Seu portal de informa\u00e7\u00e3o sobre o mundo dos investimentos","publisher":{"@id":"https:\/\/www.suno.com.br\/noticias\/#organization"},"potentialAction":[{"@type":"SearchAction","target":{"@type":"EntryPoint","urlTemplate":"https:\/\/www.suno.com.br\/noticias\/?s={search_term_string}"},"query-input":{"@type":"PropertyValueSpecification","valueRequired":true,"valueName":"search_term_string"}}],"inLanguage":"pt-BR"},{"@type":"Organization","@id":"https:\/\/www.suno.com.br\/noticias\/#organization","name":"Suno Not\u00edcias","url":"https:\/\/www.suno.com.br\/noticias\/","logo":{"@type":"ImageObject","inLanguage":"pt-BR","@id":"https:\/\/www.suno.com.br\/noticias\/#\/schema\/logo\/image\/","url":"https:\/\/files.sunoresearch.com.br\/n\/uploads\/2021\/09\/suno-logo.png","contentUrl":"https:\/\/files.sunoresearch.com.br\/n\/uploads\/2021\/09\/suno-logo.png","width":180,"height":180,"caption":"Suno Not\u00edcias"},"image":{"@id":"https:\/\/www.suno.com.br\/noticias\/#\/schema\/logo\/image\/"},"sameAs":["https:\/\/facebook.com\/sunoresearch","https:\/\/x.com\/sunoresearch","https:\/\/www.instagram.com\/suno","https:\/\/www.linkedin.com\/company\/suno-research\/","https:\/\/www.youtube.com\/c\/sunoresearch"]},{"@type":"Person","@id":"https:\/\/www.suno.com.br\/noticias\/#\/schema\/person\/0d0c9687cd2f600c564f25980c140de9","name":"Guilherme Caetano","image":{"@type":"ImageObject","inLanguage":"pt-BR","@id":"https:\/\/www.suno.com.br\/noticias\/#\/schema\/person\/image\/","url":"https:\/\/secure.gravatar.com\/avatar\/e48357351a01702a0d19307070e081bf?s=96&r=g","contentUrl":"https:\/\/secure.gravatar.com\/avatar\/e48357351a01702a0d19307070e081bf?s=96&r=g","caption":"Guilherme Caetano"},"description":"Formado em jornalismo pela Escola de Comunica\u00e7\u00f5es e Artes da USP, Guilherme Caetano escreve para o portal de not\u00edcias da Suno Research. Passou pelas reda\u00e7\u00f5es da Folha de S.Paulo e da revista \u00c9poca.","url":"https:\/\/www.suno.com.br\/noticias\/author\/guilherme-caetano\/"}]}},"default_loop_html":"<div class=\"cardsPage__listCard__boxs\"><div class=\"cardsPage__listCard__boxs__img\"><a href=\"https:\/\/www.suno.com.br\/noticias\/bolsonaro-perdoar-divida-rural-17-bilhoes\/\"><img class=\"mask\" src=\"https:\/\/www.suno.com.br\/noticias\/wp-content\/themes\/suno\/resources\/images\/spotlight\/spotlight1img\/bg-mask.png\" alt=\"Image Mask\"\/><img src=\"https:\/\/files.sunoresearch.com.br\/n\/uploads\/2018\/12\/65a5c02e-bolsonaro-400x200.webp\" alt=\"Jair Bolsonaro considera perdoar d\u00edvida rural de R$ 17 bilh\u00f5es\"\/><\/a><span class=\"spotlightCategory\"><a href=\"https:\/\/www.suno.com.br\/noticias\/politica\/\">Pol\u00edtica<\/a><\/span><\/div><div class=\"cardsPage__listCard__boxs__content\"><a href=\"https:\/\/www.suno.com.br\/noticias\/bolsonaro-perdoar-divida-rural-17-bilhoes\/\"><h2 class=\"content__title\">Jair Bolsonaro considera perdoar d\u00edvida rural de R$ 17 bilh\u00f5es<\/h2><\/a><div class=\"newsContent__article__meta\"><div class=\"newsContent__article__meta__authorBox\"><a href=\"https:\/\/www.suno.com.br\/noticias\/author\/guilherme-caetano\/\" class=\"authorBox__avatar noMobi\"><img src=\"https:\/\/secure.gravatar.com\/avatar\/e48357351a01702a0d19307070e081bf?s=96&#038;r=g\" alt=\"Guilherme Caetano\"><\/a><div class=\"authorBox__name\"><span>por\n\t\t\t<a href=\"https:\/\/www.suno.com.br\/noticias\/author\/guilherme-caetano\/\"><span itemprop=\"author\">Guilherme Caetano<\/span><\/a><\/span><time datetime=\"2018-12-21T12:47:03-02:00\" itemprop=\"datePublished\">21\/12\/2018 12:47<\/time><\/div><\/div><\/div><\/div><\/div>","single_layout":"posts","amp_enabled":true,"_links":{"self":[{"href":"https:\/\/www.suno.com.br\/noticias\/wp-json\/wp\/v2\/posts\/9728"}],"collection":[{"href":"https:\/\/www.suno.com.br\/noticias\/wp-json\/wp\/v2\/posts"}],"about":[{"href":"https:\/\/www.suno.com.br\/noticias\/wp-json\/wp\/v2\/types\/post"}],"author":[{"embeddable":true,"href":"https:\/\/www.suno.com.br\/noticias\/wp-json\/wp\/v2\/users\/13"}],"replies":[{"embeddable":true,"href":"https:\/\/www.suno.com.br\/noticias\/wp-json\/wp\/v2\/comments?post=9728"}],"version-history":[{"count":0,"href":"https:\/\/www.suno.com.br\/noticias\/wp-json\/wp\/v2\/posts\/9728\/revisions"}],"wp:featuredmedia":[{"embeddable":true,"href":"https:\/\/www.suno.com.br\/noticias\/wp-json\/wp\/v2\/media\/8708"}],"wp:attachment":[{"href":"https:\/\/www.suno.com.br\/noticias\/wp-json\/wp\/v2\/media?parent=9728"}],"wp:term":[{"taxonomy":"category","embeddable":true,"href":"https:\/\/www.suno.com.br\/noticias\/wp-json\/wp\/v2\/categories?post=9728"},{"taxonomy":"post_tag","embeddable":true,"href":"https:\/\/www.suno.com.br\/noticias\/wp-json\/wp\/v2\/tags?post=9728"},{"taxonomy":"suno_strategy","embeddable":true,"href":"https:\/\/www.suno.com.br\/noticias\/wp-json\/wp\/v2\/suno_strategy?post=9728"}],"curies":[{"name":"wp","href":"https:\/\/api.w.org\/{rel}","templated":true}]}}