{"id":97139,"date":"2020-11-14T09:04:22","date_gmt":"2020-11-14T12:04:22","guid":{"rendered":"https:\/\/www.suno.com.br\/noticias\/?p=97139"},"modified":"2020-11-14T09:05:31","modified_gmt":"2020-11-14T12:05:31","slug":"vitoria-biden-prejudicar-apple-amazon","status":"publish","type":"post","link":"https:\/\/www.suno.com.br\/noticias\/vitoria-biden-prejudicar-apple-amazon\/","title":{"rendered":"A vit\u00f3ria de Joe Biden vai prejudicar Apple e Amazon?"},"content":{"rendered":"<p>Com a vit\u00f3ria quase irrevers\u00edvel do democrata <strong>Joe Biden<\/strong> nas elei\u00e7\u00f5es presidenciais dos EUA uma inc\u00f3gnita financeira est\u00e1 preocupando gigantes como Apple (NASDAQ: AAPL) ou Amazon (<a href=\"https:\/\/www.suno.com.br\/artigos\/nasdaq\/\">NASDAQ<\/a>: AMZN): haver\u00e1 um aumentos dos impostos corporativos?<\/p>\t<div class=\"wrapper-featured-image\">\n\t\t<figure class=\"spotlightImg\">\n\n\t\t\t<picture>\n\t\t\t\t<source media=\"(max-width: 768px)\" srcset=\"https:\/\/files.sunoresearch.com.br\/n\/uploads\/2020\/08\/4c74e90d-joe_biden_kickoff_rally_may_2019-400x200.jpg\">\n\t\t\t\t<img loading=\"lazy\" decoding=\"async\" class=\"newsContent__article__imgCapa lazyloadDisabled \" src=\"https:\/\/files.sunoresearch.com.br\/n\/uploads\/2020\/08\/4c74e90d-joe_biden_kickoff_rally_may_2019-800x450.jpg\" width=\"800\" height=\"450\" alt=\"A vit\u00f3ria de Joe Biden vai prejudicar Apple e Amazon?\" fetchpriority=high \/>\n\t\t\t<\/picture>\n\n\t\t\t<figcaption class=\"wp-caption-text wp-caption-text--show\">A vit\u00f3ria de Joe Biden vai prejudicar Apple e Amazon?<\/figcaption>\n\t\t<\/figure>\n\t<\/div>\n\n\n\t<p>\n\t\t<a href=\"\" target=\"_blank\" data-element=\"shortcode-suno-banner\" title=\"Banner SUNO, clique e saiba mais\">\n\t\t\t<picture>\n\t\t\t\t<source media=\"(max-width: 500px)\" srcset=\"\">\n\t\t\t\t<img class=\"newsContent__article__imgCapa newsContent__article__imgCapa--banner\"\n\t\t\t\t\tsrc=\"\"\n\t\t\t\t\tdata-promo-id=\"97204\"\t\t\t\t\t\t\t\t\t\t\t\t\t\t\talt=\"\"\n\t\t\t\t>\n\t\t\t<\/picture>\n\t\t<\/a>\n\t<\/p>\n\n\n<p>A quest\u00e3o que est\u00e1 assolando <a href=\"https:\/\/www.suno.com.br\/artigos\/wall-street\/\"><strong>Wall Street<\/strong><\/a> \u00e9 se as <strong>Big Techs<\/strong> (Amazon, Apple, Google, Facebook, Netflix, Twitter, etc&#8230;) v\u00e3o acabar tendo uma piora de seus balan\u00e7os por causa das promessas eleitorais de mudan\u00e7as do sistema tribut\u00e1rio feitas pelo novo inquilino da Casa Branca.<\/p>\n<p>Um aumento da <a href=\"https:\/\/www.suno.com.br\/artigos\/carga-tributaria\/\"><strong>carga tribut\u00e1ria<\/strong><\/a> pesaria sobre os <strong>lucros<\/strong> corporativos, o que se traduziria em uma redu\u00e7\u00e3o dos <strong><a href=\"https:\/\/www.suno.com.br\/dividendos\/#:~:text=Os%20dividendos%20s%C3%A3o%20parcelas%20dos,suas%20a%C3%A7%C3%B5es%20listadas%20em%20bolsa.\">dividendos<\/a>,<\/strong> abalando o tradicional pilar do mercado de capitais dos EUA.<\/p>\n<p><a href=\"https:\/\/lp.suno.com.br\/suno-one\/\">Suno One: acesse gratuitamente eBooks, Minicursos, Artigos e Video Aulas sobre investimentos com um \u00fanico cadastro. Clique para saber mais!<\/a><\/p>\n<p>De acordo com a \u00faltima previs\u00e3o do Bank of America, um poss\u00edvel aumento na carga tribut\u00e1ria sobre os lucros retidos pelas empresas de tecnologia no exterior (caso t\u00edpico da Apple), corroeriam os lucros esperados pelas empresas cotadas no S&amp;P 500 em 9,2%.<\/p>\n<p>Segundo o <strong>Bank<\/strong>\u00a0<strong>of America<\/strong> metade do aumento de 23% nos lucros das empresas do S&amp;P 500 em 2018 foi gerado gra\u00e7as aos cortes de impostos levados adiante por <a href=\"https:\/\/www.suno.com.br\/tudo-sobre\/donald-trump\/\"><strong>Donald Trump<\/strong> <\/a>e pelo partido Republicano desde o come\u00e7o do mandato presidencial.<\/p>\n<p>Por sua vez, o programa de Biden prev\u00ea um aumento da al\u00edquota dos impostos corporativos de 21% para 28%. Um incremento consider\u00e1vel, embora ainda menos do 35% da carga tribut\u00e1ria que vigorava antes da reforma republicana.<\/p>\n<p>Haveria tamb\u00e9m um imposto m\u00ednimo para as empresas e um imposto sobre os lucros obtidos no exterior.<\/p>\n<p>As empresas do setor tecnol\u00f3gico, como <strong>Amazon<\/strong> ou <strong>Apple,<\/strong> que faturam apenas 43% de sua receita total do mercado dom\u00e9stico em compara\u00e7\u00e3o com 60% de todas as empresas do S&amp;P 500, seriam particularmente afetadas com um aumento dos impostos sobre seus lucros obtidos fora das fronteiras dos EUA.<\/p>\n<p>Segundo Goldman Sachs, caso Biden realize esse programa de aumento da carga tribut\u00e1ria poderia ocorrer uma queda de talvez 15% no lucro por a\u00e7\u00e3o das gigantes listadas nos EUA.<\/p>\n<p>Os maiores impactos seriam percebidos nos setores de tecnologia, telecomunica\u00e7\u00f5es e varejo. Ou seja, diretamente sobre as empresas que se tornaram protagonistas da alta da <a href=\"https:\/\/www.suno.com.br\/artigos\/nyse\/\"><strong>Bolsa de Valores de Nova York (NYSE)<\/strong>.<\/a><\/p>\n\t<div data-element=\"shortcode-read-more\" class=\"knowMore\">\n\t\t\t\t<span class=\"knowMore__title\">Veja tamb\u00e9m<\/span>\n\t\t\t\t<a class=\"knowMore__link\" href=\"https:\/\/www.suno.com.br\/noticias\/wall-street-escolheu-biden-derrotar-trump\/\">\n\t\t\tWall Street escolheu Biden, mas pode n\u00e3o ser suficiente para derrotar Trump\t\t<\/a>\n\t<\/div>\n\n\n<p>E isso ocorreria justamente no momento da retomada dos lucros ap\u00f3s o terremoto do novo <strong>coronav\u00edrus<\/strong> (covid-19), j\u00e1 que a recupera\u00e7\u00e3o que se espera para 2021 \u00e9 de 26%.<\/p>\n<h2>Pol\u00edtica de Biden poderia ser mais moderada<\/h2>\n<p>Entretanto, essas medidas n\u00e3o devem ser analisadas isoladamente, fora do contexto das estrat\u00e9gias econ\u00f4micas e pol\u00edticas que poderiam, pelo contr\u00e1rio, mitigar ou mesmo reverter tais preocupa\u00e7\u00f5es.<\/p>\n<p>Por exemplo, para o estrategista da campanha de Biden, David Kostin, uma contribui\u00e7\u00e3o modesta sobre os lucros poderia se transformar em um amplo sucesso pol\u00edtico dos democratas, pelo menos no m\u00e9dio prazo. E, ao mesmo tempo, financiaria gastos sociais significativos, bem como investimentos em infraestrutura e luta contra as mudan\u00e7as clim\u00e1ticas.<\/p>\n\t<div data-element=\"shortcode-read-more\" class=\"knowMore\">\n\t\t\t\t<span class=\"knowMore__title\">Veja tamb\u00e9m<\/span>\n\t\t\t\t<a class=\"knowMore__link\" href=\"https:\/\/www.suno.com.br\/noticias\/joe-biden-diz-precisam-resgatar-alma-america\/\">\n\t\t\tJoe Biden diz que EUA precisam &quot;resgatar a alma da Am\u00e9rica&quot;\t\t<\/a>\n\t<\/div>\n\n\n<p>Essa <strong><a href=\"https:\/\/www.suno.com.br\/artigos\/politica-fiscal-expansionista\/#:~:text=A%20pol%C3%ADtica%20fiscal%20expansionista%20busca,com%20o%20avan%C3%A7o%20da%20economia.&amp;text=Isto%20porque%2C%20se%20o%20pa%C3%ADs,pode%20agravar%20o%20d%C3%A9ficit%20p%C3%BAblico.\">pol\u00edtica fiscal expansionista<\/a>,<\/strong> financiada em parte pelos novos impostos, daria um impulso \u00e0 expans\u00e3o e compensaria as press\u00f5es sobre os lucros provocadas pela carga tribut\u00e1ria maior.<\/p>\n<p>Isso especialmente se as pol\u00edticas sociais beneficiar\u00e3o as fam\u00edlias, aumentando os consumos, que hoje representam o motor da economia americana, igual a dois ter\u00e7os do <a href=\"https:\/\/www.suno.com.br\/artigos\/pib-produto-interno-bruto\/\"><strong>Produto Interno Bruto (PIB)<\/strong><\/a> dos EUA.<\/p>\n<p>Al\u00e9m disso, muito da reforma tribut\u00e1ria depender\u00e1, em primeiro lugar, das mudan\u00e7as concretas que ser\u00e3o tiradas do papel por Biden e por seu governo.<\/p>\n<p>Muitos analistas apostam que o presidente poder\u00e1 moder\u00e1-las em rela\u00e7\u00e3o ao seu programa eleitoral.<\/p>\n<p>Isso pois elas dever\u00e3o passar de qualquer forma pelo Congresso, onde o partido Democrata n\u00e3o tem a maioria das duas c\u00e2maras.<\/p>\n<p>Por isso, JP Morgan j\u00e1 fez previs\u00f5es de um impacto neutro ou ligeiramente positivo de uma presid\u00eancia de <strong>Joe Biden.<\/strong> E isso poderia acabar beneficiando as Big Techs, como Apple, Amazon ou Google.<\/p>\n\t<p>\n\t\t<a href=\"https:\/\/lp.suno.com.br\/planilha-de-controle-de-investimentos\/\" target=\"_blank\" data-element=\"shortcode-suno-banner\" title=\"Banner SUNO, clique e saiba mais\">\n\t\t\t<picture>\n\t\t\t\t<source media=\"(max-width: 500px)\" srcset=\"https:\/\/files.sunoresearch.com.br\/n\/uploads\/2023\/03\/400x300-Controle-de-Investimentos.png\">\n\t\t\t\t<img class=\"newsContent__article__imgCapa newsContent__article__imgCapa--banner\"\n\t\t\t\t\tsrc=\"https:\/\/files.sunoresearch.com.br\/n\/uploads\/2023\/03\/1420x240-Controle-de-Investimentos.png\"\n\t\t\t\t\tdata-promo-id=\"75934\"\t\t\t\t\t\t\t\t\t\twidth='1420' height='240'\t\t\t\t\talt=\"https:\/\/files.sunoresearch.com.br\/n\/uploads\/2023\/03\/1420x240-Controle-de-Investimentos.png\"\n\t\t\t\t>\n\t\t\t<\/picture>\n\t\t<\/a>\n\t<\/p>\n\n\n","protected":false},"excerpt":{"rendered":"<p>Com a vit\u00f3ria quase irrevers\u00edvel do democrata Joe Biden nas elei\u00e7\u00f5es presidenciais dos EUA uma inc\u00f3gnita financeira est\u00e1 preocupando gigantes como Apple (NASDAQ: AAPL) ou Amazon (NASDAQ: AMZN): haver\u00e1 um aumentos dos impostos corporativos? A vit\u00f3ria de Joe Biden vai prejudicar Apple e Amazon? A quest\u00e3o que est\u00e1 assolando Wall Street \u00e9 se as Big [&hellip;]<\/p>\n","protected":false},"author":9,"featured_media":80118,"comment_status":"closed","ping_status":"closed","sticky":false,"template":"","format":"standard","meta":[],"categories":[63],"tags":[694,794,73481],"suno_strategy":[],"class_list":["post-97139","post","type-post","status-publish","format-standard","has-post-thumbnail","hentry","category-internacional","tag-amazon-amzo34","tag-apple-aapl34","tag-joe-biden"],"yoast_head":"<!-- This site is optimized with the Yoast SEO plugin v24.4 - https:\/\/yoast.com\/wordpress\/plugins\/seo\/ -->\n<title>A vit\u00f3ria de Joe Biden vai prejudicar Apple e Amazon?<\/title>\n<meta name=\"description\" content=\"A vit\u00f3ria do democrata Joe Biden est\u00e1 preocupando gigantes como Apple ou Amazon: haver\u00e1 um aumentos dos impostos? Clique aqui e saiba mais.\" \/>\n<meta name=\"robots\" content=\"index, follow, max-snippet:-1, max-image-preview:large, max-video-preview:-1\" \/>\n<link rel=\"canonical\" href=\"https:\/\/www.suno.com.br\/noticias\/vitoria-biden-prejudicar-apple-amazon\/\" \/>\n<meta property=\"og:locale\" content=\"pt_BR\" \/>\n<meta property=\"og:type\" content=\"article\" \/>\n<meta property=\"og:title\" content=\"A vit\u00f3ria de Joe Biden vai prejudicar Apple e Amazon?\" \/>\n<meta property=\"og:description\" content=\"A vit\u00f3ria do democrata Joe Biden est\u00e1 preocupando gigantes como Apple ou Amazon: haver\u00e1 um aumentos dos impostos? Clique aqui e saiba mais.\" \/>\n<meta property=\"og:url\" content=\"https:\/\/www.suno.com.br\/noticias\/vitoria-biden-prejudicar-apple-amazon\/\" \/>\n<meta property=\"og:site_name\" content=\"Suno Not\u00edcias\" \/>\n<meta property=\"article:publisher\" content=\"https:\/\/facebook.com\/sunoresearch\" \/>\n<meta property=\"og:image\" content=\"https:\/\/files.sunoresearch.com.br\/n\/uploads\/2020\/08\/4c74e90d-joe_biden_kickoff_rally_may_2019-scaled.jpg\" \/>\n\t<meta property=\"og:image:width\" content=\"2560\" \/>\n\t<meta property=\"og:image:height\" content=\"2281\" \/>\n\t<meta property=\"og:image:type\" content=\"image\/jpeg\" \/>\n<meta name=\"author\" content=\"Carlo Cauti\" \/>\n<meta name=\"twitter:card\" content=\"summary_large_image\" \/>\n<meta name=\"twitter:creator\" content=\"@sunoresearch\" \/>\n<meta name=\"twitter:site\" content=\"@sunoresearch\" \/>\n<meta name=\"twitter:label1\" content=\"Escrito por\" \/>\n\t<meta name=\"twitter:data1\" content=\"Carlo Cauti\" \/>\n\t<meta name=\"twitter:label2\" content=\"Est. tempo de leitura\" \/>\n\t<meta name=\"twitter:data2\" content=\"4 minutos\" \/>\n<script type=\"application\/ld+json\" class=\"yoast-schema-graph\">{\"@context\":\"https:\/\/schema.org\",\"@graph\":[{\"@type\":\"NewsArticle\",\"@id\":\"https:\/\/www.suno.com.br\/noticias\/vitoria-biden-prejudicar-apple-amazon\/#article\",\"isPartOf\":{\"@id\":\"https:\/\/www.suno.com.br\/noticias\/vitoria-biden-prejudicar-apple-amazon\/\"},\"author\":{\"name\":\"Carlo Cauti\",\"@id\":\"https:\/\/www.suno.com.br\/noticias\/#\/schema\/person\/e6e0f723cc177805027f4566c1d5e0c8\"},\"headline\":\"A vit\u00f3ria de Joe Biden vai prejudicar Apple e Amazon?\",\"datePublished\":\"2020-11-14T12:04:22+00:00\",\"dateModified\":\"2020-11-14T12:05:31+00:00\",\"mainEntityOfPage\":{\"@id\":\"https:\/\/www.suno.com.br\/noticias\/vitoria-biden-prejudicar-apple-amazon\/\"},\"wordCount\":719,\"publisher\":{\"@id\":\"https:\/\/www.suno.com.br\/noticias\/#organization\"},\"image\":{\"@id\":\"https:\/\/www.suno.com.br\/noticias\/vitoria-biden-prejudicar-apple-amazon\/#primaryimage\"},\"thumbnailUrl\":\"https:\/\/files.sunoresearch.com.br\/n\/uploads\/2020\/08\/4c74e90d-joe_biden_kickoff_rally_may_2019-scaled.jpg\",\"keywords\":[\"Amazon (AMZO34)\",\"Apple (AAPL34)\",\"Joe Biden\"],\"articleSection\":[\"Internacional\"],\"inLanguage\":\"pt-BR\"},{\"@type\":\"WebPage\",\"@id\":\"https:\/\/www.suno.com.br\/noticias\/vitoria-biden-prejudicar-apple-amazon\/\",\"url\":\"https:\/\/www.suno.com.br\/noticias\/vitoria-biden-prejudicar-apple-amazon\/\",\"name\":\"A vit\u00f3ria de Joe Biden vai prejudicar Apple e Amazon?\",\"isPartOf\":{\"@id\":\"https:\/\/www.suno.com.br\/noticias\/#website\"},\"primaryImageOfPage\":{\"@id\":\"https:\/\/www.suno.com.br\/noticias\/vitoria-biden-prejudicar-apple-amazon\/#primaryimage\"},\"image\":{\"@id\":\"https:\/\/www.suno.com.br\/noticias\/vitoria-biden-prejudicar-apple-amazon\/#primaryimage\"},\"thumbnailUrl\":\"https:\/\/files.sunoresearch.com.br\/n\/uploads\/2020\/08\/4c74e90d-joe_biden_kickoff_rally_may_2019-scaled.jpg\",\"datePublished\":\"2020-11-14T12:04:22+00:00\",\"dateModified\":\"2020-11-14T12:05:31+00:00\",\"description\":\"A vit\u00f3ria do democrata Joe Biden est\u00e1 preocupando gigantes como Apple ou Amazon: haver\u00e1 um aumentos dos impostos? Clique aqui e saiba mais.\",\"breadcrumb\":{\"@id\":\"https:\/\/www.suno.com.br\/noticias\/vitoria-biden-prejudicar-apple-amazon\/#breadcrumb\"},\"inLanguage\":\"pt-BR\",\"potentialAction\":[{\"@type\":\"ReadAction\",\"target\":[\"https:\/\/www.suno.com.br\/noticias\/vitoria-biden-prejudicar-apple-amazon\/\"]}]},{\"@type\":\"ImageObject\",\"inLanguage\":\"pt-BR\",\"@id\":\"https:\/\/www.suno.com.br\/noticias\/vitoria-biden-prejudicar-apple-amazon\/#primaryimage\",\"url\":\"https:\/\/files.sunoresearch.com.br\/n\/uploads\/2020\/08\/4c74e90d-joe_biden_kickoff_rally_may_2019-scaled.jpg\",\"contentUrl\":\"https:\/\/files.sunoresearch.com.br\/n\/uploads\/2020\/08\/4c74e90d-joe_biden_kickoff_rally_may_2019-scaled.jpg\",\"width\":2560,\"height\":2281,\"caption\":\"A vit\u00f3ria de Joe Biden vai prejudicar Apple e Amazon?\"},{\"@type\":\"BreadcrumbList\",\"@id\":\"https:\/\/www.suno.com.br\/noticias\/vitoria-biden-prejudicar-apple-amazon\/#breadcrumb\",\"itemListElement\":[{\"@type\":\"ListItem\",\"position\":1,\"name\":\"Not\u00edcias\",\"item\":\"https:\/\/www.suno.com.br\/noticias\/\"},{\"@type\":\"ListItem\",\"position\":2,\"name\":\"Internacional\",\"item\":\"https:\/\/www.suno.com.br\/noticias\/internacional\/\"},{\"@type\":\"ListItem\",\"position\":3,\"name\":\"A vit\u00f3ria de Joe Biden vai prejudicar Apple e Amazon?\"}]},{\"@type\":\"WebSite\",\"@id\":\"https:\/\/www.suno.com.br\/noticias\/#website\",\"url\":\"https:\/\/www.suno.com.br\/noticias\/\",\"name\":\"Suno Not\u00edcias\",\"description\":\"Seu portal de informa\u00e7\u00e3o sobre o mundo dos investimentos\",\"publisher\":{\"@id\":\"https:\/\/www.suno.com.br\/noticias\/#organization\"},\"potentialAction\":[{\"@type\":\"SearchAction\",\"target\":{\"@type\":\"EntryPoint\",\"urlTemplate\":\"https:\/\/www.suno.com.br\/noticias\/?s={search_term_string}\"},\"query-input\":{\"@type\":\"PropertyValueSpecification\",\"valueRequired\":true,\"valueName\":\"search_term_string\"}}],\"inLanguage\":\"pt-BR\"},{\"@type\":\"Organization\",\"@id\":\"https:\/\/www.suno.com.br\/noticias\/#organization\",\"name\":\"Suno Not\u00edcias\",\"url\":\"https:\/\/www.suno.com.br\/noticias\/\",\"logo\":{\"@type\":\"ImageObject\",\"inLanguage\":\"pt-BR\",\"@id\":\"https:\/\/www.suno.com.br\/noticias\/#\/schema\/logo\/image\/\",\"url\":\"https:\/\/files.sunoresearch.com.br\/n\/uploads\/2021\/09\/suno-logo.png\",\"contentUrl\":\"https:\/\/files.sunoresearch.com.br\/n\/uploads\/2021\/09\/suno-logo.png\",\"width\":180,\"height\":180,\"caption\":\"Suno Not\u00edcias\"},\"image\":{\"@id\":\"https:\/\/www.suno.com.br\/noticias\/#\/schema\/logo\/image\/\"},\"sameAs\":[\"https:\/\/facebook.com\/sunoresearch\",\"https:\/\/x.com\/sunoresearch\",\"https:\/\/www.instagram.com\/suno\",\"https:\/\/www.linkedin.com\/company\/suno-research\/\",\"https:\/\/www.youtube.com\/c\/sunoresearch\"]},{\"@type\":\"Person\",\"@id\":\"https:\/\/www.suno.com.br\/noticias\/#\/schema\/person\/e6e0f723cc177805027f4566c1d5e0c8\",\"name\":\"Carlo Cauti\",\"image\":{\"@type\":\"ImageObject\",\"inLanguage\":\"pt-BR\",\"@id\":\"https:\/\/www.suno.com.br\/noticias\/#\/schema\/person\/image\/\",\"url\":\"https:\/\/secure.gravatar.com\/avatar\/3ada9e0bd164c23abd4792a9606d583c?s=96&r=g\",\"contentUrl\":\"https:\/\/secure.gravatar.com\/avatar\/3ada9e0bd164c23abd4792a9606d583c?s=96&r=g\",\"caption\":\"Carlo Cauti\"},\"description\":\"Editor multim\u00eddia do SUNO Not\u00edcias. Italiano, formado em Ci\u00eancias Pol\u00edticas pela universidade LUISS G. Carli de Roma e mestre cum laude em Rela\u00e7\u00f5es Internacionais, Jornalismo Internacional e de Guerra e em Economia Internacional. Concluiu tamb\u00e9m um MBA em Finan\u00e7as na B3. No Brasil, teve passagem por ve\u00edculos como Estad\u00e3o, Globo, Veja e EXAME. e nas ag\u00eancias de not\u00edcias italianas ANSA e NOVA.\",\"url\":\"https:\/\/www.suno.com.br\/noticias\/author\/carlo-cauti\/\"}]}<\/script>\n<!-- \/ Yoast SEO plugin. -->","yoast_head_json":{"title":"A vit\u00f3ria de Joe Biden vai prejudicar Apple e Amazon?","description":"A vit\u00f3ria do democrata Joe Biden est\u00e1 preocupando gigantes como Apple ou Amazon: haver\u00e1 um aumentos dos impostos? Clique aqui e saiba mais.","robots":{"index":"index","follow":"follow","max-snippet":"max-snippet:-1","max-image-preview":"max-image-preview:large","max-video-preview":"max-video-preview:-1"},"canonical":"https:\/\/www.suno.com.br\/noticias\/vitoria-biden-prejudicar-apple-amazon\/","og_locale":"pt_BR","og_type":"article","og_title":"A vit\u00f3ria de Joe Biden vai prejudicar Apple e Amazon?","og_description":"A vit\u00f3ria do democrata Joe Biden est\u00e1 preocupando gigantes como Apple ou Amazon: haver\u00e1 um aumentos dos impostos? Clique aqui e saiba mais.","og_url":"https:\/\/www.suno.com.br\/noticias\/vitoria-biden-prejudicar-apple-amazon\/","og_site_name":"Suno Not\u00edcias","article_publisher":"https:\/\/facebook.com\/sunoresearch","og_image":[{"width":2560,"height":2281,"url":"https:\/\/files.sunoresearch.com.br\/n\/uploads\/2020\/08\/4c74e90d-joe_biden_kickoff_rally_may_2019-scaled.jpg","type":"image\/jpeg"}],"author":"Carlo Cauti","twitter_card":"summary_large_image","twitter_creator":"@sunoresearch","twitter_site":"@sunoresearch","twitter_misc":{"Escrito por":"Carlo Cauti","Est. tempo de leitura":"4 minutos"},"schema":{"@context":"https:\/\/schema.org","@graph":[{"@type":"NewsArticle","@id":"https:\/\/www.suno.com.br\/noticias\/vitoria-biden-prejudicar-apple-amazon\/#article","isPartOf":{"@id":"https:\/\/www.suno.com.br\/noticias\/vitoria-biden-prejudicar-apple-amazon\/"},"author":{"name":"Carlo Cauti","@id":"https:\/\/www.suno.com.br\/noticias\/#\/schema\/person\/e6e0f723cc177805027f4566c1d5e0c8"},"headline":"A vit\u00f3ria de Joe Biden vai prejudicar Apple e Amazon?","datePublished":"2020-11-14T12:04:22+00:00","dateModified":"2020-11-14T12:05:31+00:00","mainEntityOfPage":{"@id":"https:\/\/www.suno.com.br\/noticias\/vitoria-biden-prejudicar-apple-amazon\/"},"wordCount":719,"publisher":{"@id":"https:\/\/www.suno.com.br\/noticias\/#organization"},"image":{"@id":"https:\/\/www.suno.com.br\/noticias\/vitoria-biden-prejudicar-apple-amazon\/#primaryimage"},"thumbnailUrl":"https:\/\/files.sunoresearch.com.br\/n\/uploads\/2020\/08\/4c74e90d-joe_biden_kickoff_rally_may_2019-scaled.jpg","keywords":["Amazon (AMZO34)","Apple (AAPL34)","Joe Biden"],"articleSection":["Internacional"],"inLanguage":"pt-BR"},{"@type":"WebPage","@id":"https:\/\/www.suno.com.br\/noticias\/vitoria-biden-prejudicar-apple-amazon\/","url":"https:\/\/www.suno.com.br\/noticias\/vitoria-biden-prejudicar-apple-amazon\/","name":"A vit\u00f3ria de Joe Biden vai prejudicar Apple e Amazon?","isPartOf":{"@id":"https:\/\/www.suno.com.br\/noticias\/#website"},"primaryImageOfPage":{"@id":"https:\/\/www.suno.com.br\/noticias\/vitoria-biden-prejudicar-apple-amazon\/#primaryimage"},"image":{"@id":"https:\/\/www.suno.com.br\/noticias\/vitoria-biden-prejudicar-apple-amazon\/#primaryimage"},"thumbnailUrl":"https:\/\/files.sunoresearch.com.br\/n\/uploads\/2020\/08\/4c74e90d-joe_biden_kickoff_rally_may_2019-scaled.jpg","datePublished":"2020-11-14T12:04:22+00:00","dateModified":"2020-11-14T12:05:31+00:00","description":"A vit\u00f3ria do democrata Joe Biden est\u00e1 preocupando gigantes como Apple ou Amazon: haver\u00e1 um aumentos dos impostos? Clique aqui e saiba mais.","breadcrumb":{"@id":"https:\/\/www.suno.com.br\/noticias\/vitoria-biden-prejudicar-apple-amazon\/#breadcrumb"},"inLanguage":"pt-BR","potentialAction":[{"@type":"ReadAction","target":["https:\/\/www.suno.com.br\/noticias\/vitoria-biden-prejudicar-apple-amazon\/"]}]},{"@type":"ImageObject","inLanguage":"pt-BR","@id":"https:\/\/www.suno.com.br\/noticias\/vitoria-biden-prejudicar-apple-amazon\/#primaryimage","url":"https:\/\/files.sunoresearch.com.br\/n\/uploads\/2020\/08\/4c74e90d-joe_biden_kickoff_rally_may_2019-scaled.jpg","contentUrl":"https:\/\/files.sunoresearch.com.br\/n\/uploads\/2020\/08\/4c74e90d-joe_biden_kickoff_rally_may_2019-scaled.jpg","width":2560,"height":2281,"caption":"A vit\u00f3ria de Joe Biden vai prejudicar Apple e Amazon?"},{"@type":"BreadcrumbList","@id":"https:\/\/www.suno.com.br\/noticias\/vitoria-biden-prejudicar-apple-amazon\/#breadcrumb","itemListElement":[{"@type":"ListItem","position":1,"name":"Not\u00edcias","item":"https:\/\/www.suno.com.br\/noticias\/"},{"@type":"ListItem","position":2,"name":"Internacional","item":"https:\/\/www.suno.com.br\/noticias\/internacional\/"},{"@type":"ListItem","position":3,"name":"A vit\u00f3ria de Joe Biden vai prejudicar Apple e Amazon?"}]},{"@type":"WebSite","@id":"https:\/\/www.suno.com.br\/noticias\/#website","url":"https:\/\/www.suno.com.br\/noticias\/","name":"Suno Not\u00edcias","description":"Seu portal de informa\u00e7\u00e3o sobre o mundo dos investimentos","publisher":{"@id":"https:\/\/www.suno.com.br\/noticias\/#organization"},"potentialAction":[{"@type":"SearchAction","target":{"@type":"EntryPoint","urlTemplate":"https:\/\/www.suno.com.br\/noticias\/?s={search_term_string}"},"query-input":{"@type":"PropertyValueSpecification","valueRequired":true,"valueName":"search_term_string"}}],"inLanguage":"pt-BR"},{"@type":"Organization","@id":"https:\/\/www.suno.com.br\/noticias\/#organization","name":"Suno Not\u00edcias","url":"https:\/\/www.suno.com.br\/noticias\/","logo":{"@type":"ImageObject","inLanguage":"pt-BR","@id":"https:\/\/www.suno.com.br\/noticias\/#\/schema\/logo\/image\/","url":"https:\/\/files.sunoresearch.com.br\/n\/uploads\/2021\/09\/suno-logo.png","contentUrl":"https:\/\/files.sunoresearch.com.br\/n\/uploads\/2021\/09\/suno-logo.png","width":180,"height":180,"caption":"Suno Not\u00edcias"},"image":{"@id":"https:\/\/www.suno.com.br\/noticias\/#\/schema\/logo\/image\/"},"sameAs":["https:\/\/facebook.com\/sunoresearch","https:\/\/x.com\/sunoresearch","https:\/\/www.instagram.com\/suno","https:\/\/www.linkedin.com\/company\/suno-research\/","https:\/\/www.youtube.com\/c\/sunoresearch"]},{"@type":"Person","@id":"https:\/\/www.suno.com.br\/noticias\/#\/schema\/person\/e6e0f723cc177805027f4566c1d5e0c8","name":"Carlo Cauti","image":{"@type":"ImageObject","inLanguage":"pt-BR","@id":"https:\/\/www.suno.com.br\/noticias\/#\/schema\/person\/image\/","url":"https:\/\/secure.gravatar.com\/avatar\/3ada9e0bd164c23abd4792a9606d583c?s=96&r=g","contentUrl":"https:\/\/secure.gravatar.com\/avatar\/3ada9e0bd164c23abd4792a9606d583c?s=96&r=g","caption":"Carlo Cauti"},"description":"Editor multim\u00eddia do SUNO Not\u00edcias. Italiano, formado em Ci\u00eancias Pol\u00edticas pela universidade LUISS G. Carli de Roma e mestre cum laude em Rela\u00e7\u00f5es Internacionais, Jornalismo Internacional e de Guerra e em Economia Internacional. Concluiu tamb\u00e9m um MBA em Finan\u00e7as na B3. No Brasil, teve passagem por ve\u00edculos como Estad\u00e3o, Globo, Veja e EXAME. e nas ag\u00eancias de not\u00edcias italianas ANSA e NOVA.","url":"https:\/\/www.suno.com.br\/noticias\/author\/carlo-cauti\/"}]}},"default_loop_html":"<div class=\"cardsPage__listCard__boxs\"><div class=\"cardsPage__listCard__boxs__img\"><a href=\"https:\/\/www.suno.com.br\/noticias\/vitoria-biden-prejudicar-apple-amazon\/\"><img class=\"mask\" src=\"https:\/\/www.suno.com.br\/noticias\/wp-content\/themes\/suno\/resources\/images\/spotlight\/spotlight1img\/bg-mask.png\" alt=\"Image Mask\"\/><img src=\"https:\/\/files.sunoresearch.com.br\/n\/uploads\/2020\/08\/4c74e90d-joe_biden_kickoff_rally_may_2019-400x200.jpg\" alt=\"A vit\u00f3ria de Joe Biden vai prejudicar Apple e Amazon?\"\/><\/a><span class=\"spotlightCategory\"><a href=\"https:\/\/www.suno.com.br\/noticias\/internacional\/\">Internacional<\/a><\/span><\/div><div class=\"cardsPage__listCard__boxs__content\"><a href=\"https:\/\/www.suno.com.br\/noticias\/vitoria-biden-prejudicar-apple-amazon\/\"><h2 class=\"content__title\">A vit\u00f3ria de Joe Biden vai prejudicar Apple e Amazon?<\/h2><\/a><div class=\"newsContent__article__meta\"><div class=\"newsContent__article__meta__authorBox\"><a href=\"https:\/\/www.suno.com.br\/noticias\/author\/carlo-cauti\/\" class=\"authorBox__avatar noMobi\"><img src=\"https:\/\/files.sunoresearch.com.br\/n\/uploads\/2020\/08\/e3745f9a-perfil-carlo-cauti-150x150.webp\" alt=\"Carlo Cauti\"><\/a><div class=\"authorBox__name\"><span>por\n\t\t\t<a href=\"https:\/\/www.suno.com.br\/noticias\/author\/carlo-cauti\/\"><span itemprop=\"author\">Carlo Cauti<\/span><\/a><\/span><time datetime=\"2020-11-14T09:04:22-03:00\" itemprop=\"datePublished\">14\/11\/2020 09:04<\/time><\/div><\/div><\/div><\/div><\/div>","single_layout":"posts","amp_enabled":true,"_links":{"self":[{"href":"https:\/\/www.suno.com.br\/noticias\/wp-json\/wp\/v2\/posts\/97139"}],"collection":[{"href":"https:\/\/www.suno.com.br\/noticias\/wp-json\/wp\/v2\/posts"}],"about":[{"href":"https:\/\/www.suno.com.br\/noticias\/wp-json\/wp\/v2\/types\/post"}],"author":[{"embeddable":true,"href":"https:\/\/www.suno.com.br\/noticias\/wp-json\/wp\/v2\/users\/9"}],"replies":[{"embeddable":true,"href":"https:\/\/www.suno.com.br\/noticias\/wp-json\/wp\/v2\/comments?post=97139"}],"version-history":[{"count":0,"href":"https:\/\/www.suno.com.br\/noticias\/wp-json\/wp\/v2\/posts\/97139\/revisions"}],"wp:featuredmedia":[{"embeddable":true,"href":"https:\/\/www.suno.com.br\/noticias\/wp-json\/wp\/v2\/media\/80118"}],"wp:attachment":[{"href":"https:\/\/www.suno.com.br\/noticias\/wp-json\/wp\/v2\/media?parent=97139"}],"wp:term":[{"taxonomy":"category","embeddable":true,"href":"https:\/\/www.suno.com.br\/noticias\/wp-json\/wp\/v2\/categories?post=97139"},{"taxonomy":"post_tag","embeddable":true,"href":"https:\/\/www.suno.com.br\/noticias\/wp-json\/wp\/v2\/tags?post=97139"},{"taxonomy":"suno_strategy","embeddable":true,"href":"https:\/\/www.suno.com.br\/noticias\/wp-json\/wp\/v2\/suno_strategy?post=97139"}],"curies":[{"name":"wp","href":"https:\/\/api.w.org\/{rel}","templated":true}]}}