{"id":97002,"date":"2020-11-03T17:35:07","date_gmt":"2020-11-03T20:35:07","guid":{"rendered":"https:\/\/www.suno.com.br\/noticias\/?p=97002"},"modified":"2021-05-29T20:39:37","modified_gmt":"2021-05-29T23:39:37","slug":"dolar-encerra-em-alta-de-042-a-r-57620-com-eleicoes-nos-eua","status":"publish","type":"post","link":"https:\/\/www.suno.com.br\/noticias\/dolar-encerra-em-alta-de-042-a-r-57620-com-eleicoes-nos-eua\/","title":{"rendered":"D\u00f3lar encerra em alta de 0,42%, a R$ 5,76, com elei\u00e7\u00f5es nos EUA"},"content":{"rendered":"<p>O <a href=\"https:\/\/www.suno.com.br\/artigos\/dolar\/\"><strong>d\u00f3lar<\/strong> <\/a>encerrou nessa ter\u00e7a-feira (3) em alta de 0,42%, negociado a R$ 5,7620, na venda.<\/p>\t<div class=\"wrapper-featured-image\">\n\t\t<figure class=\"spotlightImg\">\n\n\t\t\t<picture>\n\t\t\t\t<source media=\"(max-width: 768px)\" srcset=\"https:\/\/files.sunoresearch.com.br\/n\/uploads\/2020\/11\/e1c128ff-dolarr-400x200.webp\">\n\t\t\t\t<img loading=\"lazy\" decoding=\"async\" class=\"newsContent__article__imgCapa lazyloadDisabled \" src=\"https:\/\/files.sunoresearch.com.br\/n\/uploads\/2020\/11\/e1c128ff-dolarr-jpg.webp\" width=\"800\" height=\"450\" alt=\"D\u00f3lar encerra em alta de 0,42%, a R$ 5,76, com elei\u00e7\u00f5es nos EUA\" fetchpriority=high \/>\n\t\t\t<\/picture>\n\n\t\t\t<figcaption class=\"wp-caption-text wp-caption-text--show\">D\u00f3lar encerra em alta de 0,42%, a R$ 5,7620, com elei\u00e7\u00f5es nos EUA<\/figcaption>\n\t\t<\/figure>\n\t<\/div>\n\n\n<div class=\"hubspot-form-wrapper\">\n\t<div id=\"single-form-target\"><\/div>\n<\/div>\n\n<p>De maneira distinta a seu encerramento, o d\u00f3lar iniciou em queda, com as elei\u00e7\u00f5es presidenciais dos Estados Unidos no radar. Por volta das 9h40, o d\u00f3lar operava em queda de 1%, negociado a R$ 5,6853. O mercado nacional e internacional acompanha o desdobramento das <strong>elei\u00e7\u00f5es<\/strong> da principal economia do mundo.<\/p>\n<p>Nesta ter\u00e7a-feira, milh\u00f5es de estadunidenses v\u00e3o \u00e0s urnas para decidirem se mant\u00eam o atual presidente republicano<a href=\"https:\/\/www.suno.com.br\/tudo-sobre\/donald-trump\/\"><strong> Donald Trump<\/strong><\/a> ou se escolhem o democrata <strong>Joe Biden<\/strong> para ocupar a<strong> Casa Branca<\/strong>.<\/p>\n<p><a href=\"https:\/\/lp.suno.com.br\/suno-one\/\">Suno One: acesse gratuitamente eBooks, Minicursos, Artigos e Video Aulas sobre investimentos com um \u00fanico cadastro. Clique para saber mais!<\/a><\/p>\n<p>Al\u00e9m disso, confira as principais not\u00edcias que movimentaram o mercado nesta ter\u00e7a-feira:<\/p>\n<ul>\n<li>Boletim Focus eleva proje\u00e7\u00e3o da infla\u00e7\u00e3o pela 12\u00aa semana consecutiva<\/li>\n<li>Balan\u00e7a comercial: outubro registra super\u00e1vit de US$ 5,473 bilh\u00f5es<\/li>\n<li>BC avalia infla\u00e7\u00e3o acima do esperado, mas diz que &#8220;choque&#8221; \u00e9 tempor\u00e1rio<\/li>\n<li>Bolsa de Valores de Xangai suspende IPO da Ant Group<\/li>\n<\/ul>\n<h2>Boletim Focus<\/h2>\n<p>O <a href=\"https:\/\/www.suno.com.br\/artigos\/boletim-focus\/\"><strong>Boletim Focus<\/strong><\/a>, divulgado nesta ter\u00e7a-feira (3), voltou a elevar a expectativa pela infla\u00e7\u00e3o deste ano, medida pelo <a href=\"https:\/\/www.suno.com.br\/artigos\/ipca\/\">\u00cdndice de Pre\u00e7os ao Consumidor Amplo (IPCA)<\/a>. De acordo com a publica\u00e7\u00e3o do <a href=\"https:\/\/www.suno.com.br\/artigos\/bacen\/\">Banco Central (BC)<\/a>, os especialistas do mercado esperam que a infla\u00e7\u00e3o de 2020 seja de 3,02%. Essa \u00e9 a 12\u00aa semana consecutiva de aumento nas expectativas.<\/p>\n\t<div data-element=\"shortcode-read-more\" class=\"knowMore\">\n\t\t\t\t<span class=\"knowMore__title\">Saiba mais<\/span>\n\t\t\t\t<a class=\"knowMore__link\" href=\"https:\/\/www.suno.com.br\/noticias\/boletim-focus-eleva-projecao-ipca-inflacao-12-semana-03112020\/\">\n\t\t\tBoletim Focus eleva proje\u00e7\u00e3o da infla\u00e7\u00e3o pela 12\u00aa semana consecutiva\t\t<\/a>\n\t<\/div>\n\n\n<p>Quatro semanas atr\u00e1s, a proje\u00e7\u00e3o dos analistas ouvidos pelo <strong>Banco Central<\/strong> era de um aumento nos pre\u00e7os na ordem de 2,12%, enquanto na semana passada, a estimativa estava em 2,99%. O Boletim <strong>Focus<\/strong> desta segunda-feira tamb\u00e9m marca a 16\u00aa semana consecutiva de aumento na proje\u00e7\u00e3o para o <a href=\"https:\/\/www.suno.com.br\/artigos\/igp-m\/\">\u00cdndice Geral de Pre\u00e7os de Mercado (<strong>IGP-M<\/strong>)<\/a>, para 20,23%.<\/p>\n<h2>Balan\u00e7a comercial<\/h2>\n<p>A Secretaria de Com\u00e9rcio Exterior (Secex) do <strong>Minist\u00e9rio da Economia<\/strong> divulgou nesta ter\u00e7a-feira (3) que a <a href=\"https:\/\/www.suno.com.br\/artigos\/balanca-comercial\/\"><strong>balan\u00e7a comercial<\/strong><\/a> brasileira registrou um <strong>super\u00e1vit<\/strong> em outubro. As exporta\u00e7\u00f5es superaram as importa\u00e7\u00f5es em US$ 5,473 bilh\u00f5es (cerca de R$ 31,46 bilh\u00f5es), o maior resultado para o m\u00eas desde 2018.<\/p>\n<p>O super\u00e1vit da balan\u00e7a comercial j\u00e1 soma, no acumulado do ano at\u00e9 o m\u00eas de outubro, US$ 47,662 bilh\u00f5es, ante US$ 38,524 bilh\u00f5es do mesmo per\u00edodo de 2019. Enquanto no m\u00eas passado, a Secex atualizou a proje\u00e7\u00e3o para o saldo comercial positivo deste ano de US$ 55 bilh\u00f5es.<\/p>\n\t<div data-element=\"shortcode-read-more\" class=\"knowMore\">\n\t\t\t\t<span class=\"knowMore__title\">Saiba mais<\/span>\n\t\t\t\t<a class=\"knowMore__link\" href=\"https:\/\/www.suno.com.br\/noticias\/balanca-comercial-outubro-registra-superavit-de-us-5473-bilhoes\/\">\n\t\t\tBalan\u00e7a comercial: outubro registra super\u00e1vit de US$ 5,473 bilh\u00f5es\t\t<\/a>\n\t<\/div>\n\n\n<p>De acordo com a Secretaria de Com\u00e9rcio Exterior, o super\u00e1vit do m\u00eas passado foi causado pela estabilidade das exporta\u00e7\u00f5es, enquanto as importa\u00e7\u00f5es voltaram a registrar forte queda na m\u00e9dia di\u00e1ria em compara\u00e7\u00e3o a outubro de 2019. Em valores absolutos, as exporta\u00e7\u00f5es somaram US$ 17,855 bilh\u00f5es em outubro, enquanto as importa\u00e7\u00f5es ficaram em US$ 12,383 bilh\u00f5es.<\/p>\n<h2>Banco Central<\/h2>\n<p>As \u00faltimas leituras de infla\u00e7\u00e3o foram acima do esperado mas esse &#8220;choque \u00e9 tempor\u00e1rio&#8221;, segundo a an\u00e1lise do <a href=\"https:\/\/www.suno.com.br\/artigos\/copom\/\">Comit\u00ea de Pol\u00edtica Monet\u00e1ria (Copom)<\/a> do<a href=\"https:\/\/www.suno.com.br\/artigos\/bacen\/\"> Banco Central (<strong>BC<\/strong>)<\/a> na ata divulgada nesta ter\u00e7a-feira (3).<\/p>\n<p>Os especialistas justificaram que o aumento progressivo observado na <strong>infla\u00e7\u00e3o<\/strong> \u00e9 devido \u00e0 alta nos pre\u00e7os dos alimentos e de bens industriais, consequ\u00eancia da deprecia\u00e7\u00e3o persistente do <a href=\"https:\/\/www.suno.com.br\/artigos\/taxa-de-juros-real\/\">real<\/a>, da eleva\u00e7\u00e3o de pre\u00e7os das <a href=\"https:\/\/www.suno.com.br\/noticias\/commodities-ouro-minerio-petroleo-19102020\/\">commodities<\/a> e dos programas de transfer\u00eancia de renda.<\/p>\n\t<div data-element=\"shortcode-read-more\" class=\"knowMore\">\n\t\t\t\t<span class=\"knowMore__title\">Saiba mais<\/span>\n\t\t\t\t<a class=\"knowMore__link\" href=\"https:\/\/www.suno.com.br\/noticias\/bc-analisa-inflacao-ata-copom-inflacao-acima-do-esperado\/\">\n\t\t\tBC avalia infla\u00e7\u00e3o acima do esperado, mas diz que &quot;choque&quot; \u00e9 tempor\u00e1rio\t\t<\/a>\n\t<\/div>\n\n\n<p>&#8220;Apesar de a<strong> press\u00e3o inflacion\u00e1ria<\/strong> ter sido mais forte que a esperada, o Comit\u00ea mant\u00e9m o diagn\u00f3stico de que esse choque \u00e9 tempor\u00e1rio, mas monitora sua evolu\u00e7\u00e3o com aten\u00e7\u00e3o&#8221;, informou o documento.<\/p>\n<h2>IPO da Ant Group<\/h2>\n<p>A China suspendeu a <a href=\"https:\/\/www.suno.com.br\/artigos\/ipo\/\">oferta p\u00fablica inicial de a\u00e7\u00f5es (IPO<\/a>, em ingl\u00eas) da <strong>Ant Group<\/strong>, em Xangai. A suspens\u00e3o pode prejudicar o maior IPO do mundo, com a oferta prevista em US$ 35 bilh\u00f5es (cerca de R$ 199,5 bilh\u00f5es).<\/p>\n<p>De acordo com a ag\u00eancia de not\u00edcias AFP, a suspens\u00e3o foi devido a preocupa\u00e7\u00f5es, por parte da <a href=\"https:\/\/www.suno.com.br\/artigos\/bolsa-de-valores\/\">Bolsa de Valores de Xangai<\/a>, que a Ant &#8220;n\u00e3o cumpra as condi\u00e7\u00f5es de emiss\u00e3o e cota\u00e7\u00e3o ou requisitos de divulga\u00e7\u00e3o de informa\u00e7\u00f5es&#8221;.<\/p>\n\t<div data-element=\"shortcode-read-more\" class=\"knowMore\">\n\t\t\t\t<span class=\"knowMore__title\">Saiba mais<\/span>\n\t\t\t\t<a class=\"knowMore__link\" href=\"https:\/\/www.suno.com.br\/noticias\/china-bolsa-de-valores-xangai-ipo-ant-group-maior-oferta-do-mundo\/\">\n\t\t\tBolsa de Valores de Xangai suspende IPO da Ant Group\t\t<\/a>\n\t<\/div>\n\n\n<p>A Ant Group est\u00e1 listada no <strong>STAR Market<\/strong> de Xangai e <a href=\"https:\/\/www.suno.com.br\/artigos\/hang-seng\/\">Hong Kong<\/a>, ou seja, possui listagem dupla. A oferta estava prevista para acontecer na pr\u00f3xima quinta-feira (5).<\/p>\n<h2>\u00daltima cota\u00e7\u00e3o do d\u00f3lar<\/h2>\n<p>Na \u00faltima sess\u00e3o, sexta-feira (30), em raz\u00e3o do feriado de finados na segunda-feira (2), a moeda norte-americana encerrou em queda de 0,47%, negociado a R$ 5,738. Portanto, o<strong> d\u00f3lar hoje<\/strong> tamb\u00e9m opera em baixa como seu \u00faltimo preg\u00e3o.<\/p>\n\t<p>\n\t\t<a href=\"https:\/\/lp.suno.com.br\/planilha-de-controle-de-investimentos\/\" target=\"_blank\" data-element=\"shortcode-suno-banner\" title=\"Banner SUNO, clique e saiba mais\">\n\t\t\t<picture>\n\t\t\t\t<source media=\"(max-width: 500px)\" srcset=\"https:\/\/files.sunoresearch.com.br\/n\/uploads\/2023\/03\/400x300-Controle-de-Investimentos.png\">\n\t\t\t\t<img class=\"newsContent__article__imgCapa newsContent__article__imgCapa--banner\"\n\t\t\t\t\tsrc=\"https:\/\/files.sunoresearch.com.br\/n\/uploads\/2023\/03\/1420x240-Controle-de-Investimentos.png\"\n\t\t\t\t\tdata-promo-id=\"75934\"\t\t\t\t\t\t\t\t\t\twidth='1420' height='240'\t\t\t\t\talt=\"https:\/\/files.sunoresearch.com.br\/n\/uploads\/2023\/03\/1420x240-Controle-de-Investimentos.png\"\n\t\t\t\t>\n\t\t\t<\/picture>\n\t\t<\/a>\n\t<\/p>\n\n\n","protected":false},"excerpt":{"rendered":"<p>O d\u00f3lar encerrou nessa ter\u00e7a-feira (3) em alta de 0,42%, negociado a R$ 5,7620, na venda. D\u00f3lar encerra em alta de 0,42%, a R$ 5,7620, com elei\u00e7\u00f5es nos EUA De maneira distinta a seu encerramento, o d\u00f3lar iniciou em queda, com as elei\u00e7\u00f5es presidenciais dos Estados Unidos no radar. Por volta das 9h40, o d\u00f3lar [&hellip;]<\/p>\n","protected":false},"author":56,"featured_media":97005,"comment_status":"closed","ping_status":"closed","sticky":false,"template":"","format":"standard","meta":[],"categories":[60],"tags":[914,1842,834,326,104868,793],"suno_strategy":[],"class_list":["post-97002","post","type-post","status-publish","format-standard","has-post-thumbnail","hentry","category-mercado","tag-balanca-comercial","tag-banco-central-bc","tag-boletim-focus","tag-dolar","tag-eleicoes-americanas","tag-estados-unidos-eua"],"yoast_head":"<!-- This site is optimized with the Yoast SEO plugin v24.4 - https:\/\/yoast.com\/wordpress\/plugins\/seo\/ -->\n<title>D\u00f3lar encerra em alta de 0,42%, a R$ 5,7620, com elei\u00e7\u00f5es nos EUA<\/title>\n<meta name=\"description\" content=\"De maneira distinta a seu encerramento, o d\u00f3lar iniciou em queda, com as elei\u00e7\u00f5es presidenciais dos EUA no radar. Clique aqui para saber mais.\" \/>\n<meta name=\"robots\" content=\"index, follow, max-snippet:-1, max-image-preview:large, max-video-preview:-1\" \/>\n<link rel=\"canonical\" href=\"https:\/\/www.suno.com.br\/noticias\/dolar-encerra-em-alta-de-042-a-r-57620-com-eleicoes-nos-eua\/\" \/>\n<meta property=\"og:locale\" content=\"pt_BR\" \/>\n<meta property=\"og:type\" content=\"article\" \/>\n<meta property=\"og:title\" content=\"D\u00f3lar encerra em alta de 0,42%, a R$ 5,7620, com elei\u00e7\u00f5es nos EUA\" \/>\n<meta property=\"og:description\" content=\"De maneira distinta a seu encerramento, o d\u00f3lar iniciou em queda, com as elei\u00e7\u00f5es presidenciais dos EUA no radar. Clique aqui para saber mais.\" \/>\n<meta property=\"og:url\" content=\"https:\/\/www.suno.com.br\/noticias\/dolar-encerra-em-alta-de-042-a-r-57620-com-eleicoes-nos-eua\/\" \/>\n<meta property=\"og:site_name\" content=\"Suno Not\u00edcias\" \/>\n<meta property=\"article:publisher\" content=\"https:\/\/facebook.com\/sunoresearch\" \/>\n<meta property=\"og:image\" content=\"https:\/\/files.sunoresearch.com.br\/n\/uploads\/2020\/11\/e1c128ff-dolarr.jpg\" \/>\n\t<meta property=\"og:image:width\" content=\"640\" \/>\n\t<meta property=\"og:image:height\" content=\"370\" \/>\n\t<meta property=\"og:image:type\" content=\"image\/jpeg\" \/>\n<meta name=\"author\" content=\"Rafaela La Regina\" \/>\n<meta name=\"twitter:card\" content=\"summary_large_image\" \/>\n<meta name=\"twitter:creator\" content=\"@sunoresearch\" \/>\n<meta name=\"twitter:site\" content=\"@sunoresearch\" \/>\n<meta name=\"twitter:label1\" content=\"Escrito por\" \/>\n\t<meta name=\"twitter:data1\" content=\"Rafaela La Regina\" \/>\n\t<meta name=\"twitter:label2\" content=\"Est. tempo de leitura\" \/>\n\t<meta name=\"twitter:data2\" content=\"4 minutos\" \/>\n<script type=\"application\/ld+json\" class=\"yoast-schema-graph\">{\"@context\":\"https:\/\/schema.org\",\"@graph\":[{\"@type\":\"NewsArticle\",\"@id\":\"https:\/\/www.suno.com.br\/noticias\/dolar-encerra-em-alta-de-042-a-r-57620-com-eleicoes-nos-eua\/#article\",\"isPartOf\":{\"@id\":\"https:\/\/www.suno.com.br\/noticias\/dolar-encerra-em-alta-de-042-a-r-57620-com-eleicoes-nos-eua\/\"},\"author\":{\"name\":\"Rafaela La Regina\",\"@id\":\"https:\/\/www.suno.com.br\/noticias\/#\/schema\/person\/e672ca8cea627fe715fa29bca7da95e0\"},\"headline\":\"D\u00f3lar encerra em alta de 0,42%, a R$ 5,76, com elei\u00e7\u00f5es nos EUA\",\"datePublished\":\"2020-11-03T20:35:07+00:00\",\"dateModified\":\"2021-05-29T23:39:37+00:00\",\"mainEntityOfPage\":{\"@id\":\"https:\/\/www.suno.com.br\/noticias\/dolar-encerra-em-alta-de-042-a-r-57620-com-eleicoes-nos-eua\/\"},\"wordCount\":819,\"publisher\":{\"@id\":\"https:\/\/www.suno.com.br\/noticias\/#organization\"},\"image\":{\"@id\":\"https:\/\/www.suno.com.br\/noticias\/dolar-encerra-em-alta-de-042-a-r-57620-com-eleicoes-nos-eua\/#primaryimage\"},\"thumbnailUrl\":\"https:\/\/files.sunoresearch.com.br\/n\/uploads\/2020\/11\/e1c128ff-dolarr-jpg.webp\",\"keywords\":[\"balan\u00e7a comercial\",\"Banco Central (BC)\",\"Boletim Focus\",\"d\u00f3lar\",\"Elei\u00e7\u00f5es americanas\",\"Estados Unidos (EUA)\"],\"articleSection\":[\"Mercado\"],\"inLanguage\":\"pt-BR\"},{\"@type\":\"WebPage\",\"@id\":\"https:\/\/www.suno.com.br\/noticias\/dolar-encerra-em-alta-de-042-a-r-57620-com-eleicoes-nos-eua\/\",\"url\":\"https:\/\/www.suno.com.br\/noticias\/dolar-encerra-em-alta-de-042-a-r-57620-com-eleicoes-nos-eua\/\",\"name\":\"D\u00f3lar encerra em alta de 0,42%, a R$ 5,7620, com elei\u00e7\u00f5es nos EUA\",\"isPartOf\":{\"@id\":\"https:\/\/www.suno.com.br\/noticias\/#website\"},\"primaryImageOfPage\":{\"@id\":\"https:\/\/www.suno.com.br\/noticias\/dolar-encerra-em-alta-de-042-a-r-57620-com-eleicoes-nos-eua\/#primaryimage\"},\"image\":{\"@id\":\"https:\/\/www.suno.com.br\/noticias\/dolar-encerra-em-alta-de-042-a-r-57620-com-eleicoes-nos-eua\/#primaryimage\"},\"thumbnailUrl\":\"https:\/\/files.sunoresearch.com.br\/n\/uploads\/2020\/11\/e1c128ff-dolarr-jpg.webp\",\"datePublished\":\"2020-11-03T20:35:07+00:00\",\"dateModified\":\"2021-05-29T23:39:37+00:00\",\"description\":\"De maneira distinta a seu encerramento, o d\u00f3lar iniciou em queda, com as elei\u00e7\u00f5es presidenciais dos EUA no radar. Clique aqui para saber mais.\",\"breadcrumb\":{\"@id\":\"https:\/\/www.suno.com.br\/noticias\/dolar-encerra-em-alta-de-042-a-r-57620-com-eleicoes-nos-eua\/#breadcrumb\"},\"inLanguage\":\"pt-BR\",\"potentialAction\":[{\"@type\":\"ReadAction\",\"target\":[\"https:\/\/www.suno.com.br\/noticias\/dolar-encerra-em-alta-de-042-a-r-57620-com-eleicoes-nos-eua\/\"]}]},{\"@type\":\"ImageObject\",\"inLanguage\":\"pt-BR\",\"@id\":\"https:\/\/www.suno.com.br\/noticias\/dolar-encerra-em-alta-de-042-a-r-57620-com-eleicoes-nos-eua\/#primaryimage\",\"url\":\"https:\/\/files.sunoresearch.com.br\/n\/uploads\/2020\/11\/e1c128ff-dolarr-jpg.webp\",\"contentUrl\":\"https:\/\/files.sunoresearch.com.br\/n\/uploads\/2020\/11\/e1c128ff-dolarr-jpg.webp\",\"width\":640,\"height\":370,\"caption\":\"D\u00f3lar encerra em alta de 0,42%, a R$ 5,7620, com elei\u00e7\u00f5es nos EUA\"},{\"@type\":\"BreadcrumbList\",\"@id\":\"https:\/\/www.suno.com.br\/noticias\/dolar-encerra-em-alta-de-042-a-r-57620-com-eleicoes-nos-eua\/#breadcrumb\",\"itemListElement\":[{\"@type\":\"ListItem\",\"position\":1,\"name\":\"Not\u00edcias\",\"item\":\"https:\/\/www.suno.com.br\/noticias\/\"},{\"@type\":\"ListItem\",\"position\":2,\"name\":\"Mercado\",\"item\":\"https:\/\/www.suno.com.br\/noticias\/mercado\/\"},{\"@type\":\"ListItem\",\"position\":3,\"name\":\"D\u00f3lar encerra em alta de 0,42%, a R$ 5,76, com elei\u00e7\u00f5es nos EUA\"}]},{\"@type\":\"WebSite\",\"@id\":\"https:\/\/www.suno.com.br\/noticias\/#website\",\"url\":\"https:\/\/www.suno.com.br\/noticias\/\",\"name\":\"Suno Not\u00edcias\",\"description\":\"Seu portal de informa\u00e7\u00e3o sobre o mundo dos investimentos\",\"publisher\":{\"@id\":\"https:\/\/www.suno.com.br\/noticias\/#organization\"},\"potentialAction\":[{\"@type\":\"SearchAction\",\"target\":{\"@type\":\"EntryPoint\",\"urlTemplate\":\"https:\/\/www.suno.com.br\/noticias\/?s={search_term_string}\"},\"query-input\":{\"@type\":\"PropertyValueSpecification\",\"valueRequired\":true,\"valueName\":\"search_term_string\"}}],\"inLanguage\":\"pt-BR\"},{\"@type\":\"Organization\",\"@id\":\"https:\/\/www.suno.com.br\/noticias\/#organization\",\"name\":\"Suno Not\u00edcias\",\"url\":\"https:\/\/www.suno.com.br\/noticias\/\",\"logo\":{\"@type\":\"ImageObject\",\"inLanguage\":\"pt-BR\",\"@id\":\"https:\/\/www.suno.com.br\/noticias\/#\/schema\/logo\/image\/\",\"url\":\"https:\/\/files.sunoresearch.com.br\/n\/uploads\/2021\/09\/suno-logo.png\",\"contentUrl\":\"https:\/\/files.sunoresearch.com.br\/n\/uploads\/2021\/09\/suno-logo.png\",\"width\":180,\"height\":180,\"caption\":\"Suno Not\u00edcias\"},\"image\":{\"@id\":\"https:\/\/www.suno.com.br\/noticias\/#\/schema\/logo\/image\/\"},\"sameAs\":[\"https:\/\/facebook.com\/sunoresearch\",\"https:\/\/x.com\/sunoresearch\",\"https:\/\/www.instagram.com\/suno\",\"https:\/\/www.linkedin.com\/company\/suno-research\/\",\"https:\/\/www.youtube.com\/c\/sunoresearch\"]},{\"@type\":\"Person\",\"@id\":\"https:\/\/www.suno.com.br\/noticias\/#\/schema\/person\/e672ca8cea627fe715fa29bca7da95e0\",\"name\":\"Rafaela La Regina\",\"image\":{\"@type\":\"ImageObject\",\"inLanguage\":\"pt-BR\",\"@id\":\"https:\/\/www.suno.com.br\/noticias\/#\/schema\/person\/image\/\",\"url\":\"https:\/\/secure.gravatar.com\/avatar\/d2c75a52d243deb93d0465fdcb21bd37?s=96&r=g\",\"contentUrl\":\"https:\/\/secure.gravatar.com\/avatar\/d2c75a52d243deb93d0465fdcb21bd37?s=96&r=g\",\"caption\":\"Rafaela La Regina\"},\"description\":\"Estagi\u00e1ria no Suno Not\u00edcias. Escreve sobre economia, pol\u00edtica e neg\u00f3cios. Estuda Rela\u00e7\u00f5es Internacionais no IBMEC-SP.\",\"url\":\"https:\/\/www.suno.com.br\/noticias\/author\/rafaela-la-regina\/\"}]}<\/script>\n<!-- \/ Yoast SEO plugin. -->","yoast_head_json":{"title":"D\u00f3lar encerra em alta de 0,42%, a R$ 5,7620, com elei\u00e7\u00f5es nos EUA","description":"De maneira distinta a seu encerramento, o d\u00f3lar iniciou em queda, com as elei\u00e7\u00f5es presidenciais dos EUA no radar. Clique aqui para saber mais.","robots":{"index":"index","follow":"follow","max-snippet":"max-snippet:-1","max-image-preview":"max-image-preview:large","max-video-preview":"max-video-preview:-1"},"canonical":"https:\/\/www.suno.com.br\/noticias\/dolar-encerra-em-alta-de-042-a-r-57620-com-eleicoes-nos-eua\/","og_locale":"pt_BR","og_type":"article","og_title":"D\u00f3lar encerra em alta de 0,42%, a R$ 5,7620, com elei\u00e7\u00f5es nos EUA","og_description":"De maneira distinta a seu encerramento, o d\u00f3lar iniciou em queda, com as elei\u00e7\u00f5es presidenciais dos EUA no radar. Clique aqui para saber mais.","og_url":"https:\/\/www.suno.com.br\/noticias\/dolar-encerra-em-alta-de-042-a-r-57620-com-eleicoes-nos-eua\/","og_site_name":"Suno Not\u00edcias","article_publisher":"https:\/\/facebook.com\/sunoresearch","og_image":[{"width":640,"height":370,"url":"https:\/\/files.sunoresearch.com.br\/n\/uploads\/2020\/11\/e1c128ff-dolarr.jpg","type":"image\/jpeg"}],"author":"Rafaela La Regina","twitter_card":"summary_large_image","twitter_creator":"@sunoresearch","twitter_site":"@sunoresearch","twitter_misc":{"Escrito por":"Rafaela La Regina","Est. tempo de leitura":"4 minutos"},"schema":{"@context":"https:\/\/schema.org","@graph":[{"@type":"NewsArticle","@id":"https:\/\/www.suno.com.br\/noticias\/dolar-encerra-em-alta-de-042-a-r-57620-com-eleicoes-nos-eua\/#article","isPartOf":{"@id":"https:\/\/www.suno.com.br\/noticias\/dolar-encerra-em-alta-de-042-a-r-57620-com-eleicoes-nos-eua\/"},"author":{"name":"Rafaela La Regina","@id":"https:\/\/www.suno.com.br\/noticias\/#\/schema\/person\/e672ca8cea627fe715fa29bca7da95e0"},"headline":"D\u00f3lar encerra em alta de 0,42%, a R$ 5,76, com elei\u00e7\u00f5es nos EUA","datePublished":"2020-11-03T20:35:07+00:00","dateModified":"2021-05-29T23:39:37+00:00","mainEntityOfPage":{"@id":"https:\/\/www.suno.com.br\/noticias\/dolar-encerra-em-alta-de-042-a-r-57620-com-eleicoes-nos-eua\/"},"wordCount":819,"publisher":{"@id":"https:\/\/www.suno.com.br\/noticias\/#organization"},"image":{"@id":"https:\/\/www.suno.com.br\/noticias\/dolar-encerra-em-alta-de-042-a-r-57620-com-eleicoes-nos-eua\/#primaryimage"},"thumbnailUrl":"https:\/\/files.sunoresearch.com.br\/n\/uploads\/2020\/11\/e1c128ff-dolarr-jpg.webp","keywords":["balan\u00e7a comercial","Banco Central (BC)","Boletim Focus","d\u00f3lar","Elei\u00e7\u00f5es americanas","Estados Unidos (EUA)"],"articleSection":["Mercado"],"inLanguage":"pt-BR"},{"@type":"WebPage","@id":"https:\/\/www.suno.com.br\/noticias\/dolar-encerra-em-alta-de-042-a-r-57620-com-eleicoes-nos-eua\/","url":"https:\/\/www.suno.com.br\/noticias\/dolar-encerra-em-alta-de-042-a-r-57620-com-eleicoes-nos-eua\/","name":"D\u00f3lar encerra em alta de 0,42%, a R$ 5,7620, com elei\u00e7\u00f5es nos EUA","isPartOf":{"@id":"https:\/\/www.suno.com.br\/noticias\/#website"},"primaryImageOfPage":{"@id":"https:\/\/www.suno.com.br\/noticias\/dolar-encerra-em-alta-de-042-a-r-57620-com-eleicoes-nos-eua\/#primaryimage"},"image":{"@id":"https:\/\/www.suno.com.br\/noticias\/dolar-encerra-em-alta-de-042-a-r-57620-com-eleicoes-nos-eua\/#primaryimage"},"thumbnailUrl":"https:\/\/files.sunoresearch.com.br\/n\/uploads\/2020\/11\/e1c128ff-dolarr-jpg.webp","datePublished":"2020-11-03T20:35:07+00:00","dateModified":"2021-05-29T23:39:37+00:00","description":"De maneira distinta a seu encerramento, o d\u00f3lar iniciou em queda, com as elei\u00e7\u00f5es presidenciais dos EUA no radar. Clique aqui para saber mais.","breadcrumb":{"@id":"https:\/\/www.suno.com.br\/noticias\/dolar-encerra-em-alta-de-042-a-r-57620-com-eleicoes-nos-eua\/#breadcrumb"},"inLanguage":"pt-BR","potentialAction":[{"@type":"ReadAction","target":["https:\/\/www.suno.com.br\/noticias\/dolar-encerra-em-alta-de-042-a-r-57620-com-eleicoes-nos-eua\/"]}]},{"@type":"ImageObject","inLanguage":"pt-BR","@id":"https:\/\/www.suno.com.br\/noticias\/dolar-encerra-em-alta-de-042-a-r-57620-com-eleicoes-nos-eua\/#primaryimage","url":"https:\/\/files.sunoresearch.com.br\/n\/uploads\/2020\/11\/e1c128ff-dolarr-jpg.webp","contentUrl":"https:\/\/files.sunoresearch.com.br\/n\/uploads\/2020\/11\/e1c128ff-dolarr-jpg.webp","width":640,"height":370,"caption":"D\u00f3lar encerra em alta de 0,42%, a R$ 5,7620, com elei\u00e7\u00f5es nos EUA"},{"@type":"BreadcrumbList","@id":"https:\/\/www.suno.com.br\/noticias\/dolar-encerra-em-alta-de-042-a-r-57620-com-eleicoes-nos-eua\/#breadcrumb","itemListElement":[{"@type":"ListItem","position":1,"name":"Not\u00edcias","item":"https:\/\/www.suno.com.br\/noticias\/"},{"@type":"ListItem","position":2,"name":"Mercado","item":"https:\/\/www.suno.com.br\/noticias\/mercado\/"},{"@type":"ListItem","position":3,"name":"D\u00f3lar encerra em alta de 0,42%, a R$ 5,76, com elei\u00e7\u00f5es nos EUA"}]},{"@type":"WebSite","@id":"https:\/\/www.suno.com.br\/noticias\/#website","url":"https:\/\/www.suno.com.br\/noticias\/","name":"Suno Not\u00edcias","description":"Seu portal de informa\u00e7\u00e3o sobre o mundo dos investimentos","publisher":{"@id":"https:\/\/www.suno.com.br\/noticias\/#organization"},"potentialAction":[{"@type":"SearchAction","target":{"@type":"EntryPoint","urlTemplate":"https:\/\/www.suno.com.br\/noticias\/?s={search_term_string}"},"query-input":{"@type":"PropertyValueSpecification","valueRequired":true,"valueName":"search_term_string"}}],"inLanguage":"pt-BR"},{"@type":"Organization","@id":"https:\/\/www.suno.com.br\/noticias\/#organization","name":"Suno Not\u00edcias","url":"https:\/\/www.suno.com.br\/noticias\/","logo":{"@type":"ImageObject","inLanguage":"pt-BR","@id":"https:\/\/www.suno.com.br\/noticias\/#\/schema\/logo\/image\/","url":"https:\/\/files.sunoresearch.com.br\/n\/uploads\/2021\/09\/suno-logo.png","contentUrl":"https:\/\/files.sunoresearch.com.br\/n\/uploads\/2021\/09\/suno-logo.png","width":180,"height":180,"caption":"Suno Not\u00edcias"},"image":{"@id":"https:\/\/www.suno.com.br\/noticias\/#\/schema\/logo\/image\/"},"sameAs":["https:\/\/facebook.com\/sunoresearch","https:\/\/x.com\/sunoresearch","https:\/\/www.instagram.com\/suno","https:\/\/www.linkedin.com\/company\/suno-research\/","https:\/\/www.youtube.com\/c\/sunoresearch"]},{"@type":"Person","@id":"https:\/\/www.suno.com.br\/noticias\/#\/schema\/person\/e672ca8cea627fe715fa29bca7da95e0","name":"Rafaela La Regina","image":{"@type":"ImageObject","inLanguage":"pt-BR","@id":"https:\/\/www.suno.com.br\/noticias\/#\/schema\/person\/image\/","url":"https:\/\/secure.gravatar.com\/avatar\/d2c75a52d243deb93d0465fdcb21bd37?s=96&r=g","contentUrl":"https:\/\/secure.gravatar.com\/avatar\/d2c75a52d243deb93d0465fdcb21bd37?s=96&r=g","caption":"Rafaela La Regina"},"description":"Estagi\u00e1ria no Suno Not\u00edcias. Escreve sobre economia, pol\u00edtica e neg\u00f3cios. Estuda Rela\u00e7\u00f5es Internacionais no IBMEC-SP.","url":"https:\/\/www.suno.com.br\/noticias\/author\/rafaela-la-regina\/"}]}},"default_loop_html":"<div class=\"cardsPage__listCard__boxs\"><div class=\"cardsPage__listCard__boxs__img\"><a href=\"https:\/\/www.suno.com.br\/noticias\/dolar-encerra-em-alta-de-042-a-r-57620-com-eleicoes-nos-eua\/\"><img class=\"mask\" src=\"https:\/\/www.suno.com.br\/noticias\/wp-content\/themes\/suno\/resources\/images\/spotlight\/spotlight1img\/bg-mask.png\" alt=\"Image Mask\"\/><img src=\"https:\/\/files.sunoresearch.com.br\/n\/uploads\/2020\/11\/e1c128ff-dolarr-400x200.webp\" alt=\"D\u00f3lar encerra em alta de 0,42%, a R$ 5,76, com elei\u00e7\u00f5es nos EUA\"\/><\/a><span class=\"spotlightCategory\"><a href=\"https:\/\/www.suno.com.br\/noticias\/mercado\/\">Mercado<\/a><\/span><\/div><div class=\"cardsPage__listCard__boxs__content\"><a href=\"https:\/\/www.suno.com.br\/noticias\/dolar-encerra-em-alta-de-042-a-r-57620-com-eleicoes-nos-eua\/\"><h2 class=\"content__title\">D\u00f3lar encerra em alta de 0,42%, a R$ 5,76, com elei\u00e7\u00f5es nos EUA<\/h2><\/a><div class=\"newsContent__article__meta\"><div class=\"newsContent__article__meta__authorBox\"><a href=\"https:\/\/www.suno.com.br\/noticias\/author\/rafaela-la-regina\/\" class=\"authorBox__avatar noMobi\"><img src=\"https:\/\/secure.gravatar.com\/avatar\/d2c75a52d243deb93d0465fdcb21bd37?s=96&#038;r=g\" alt=\"Rafaela La Regina\"><\/a><div class=\"authorBox__name\"><span>por\n\t\t\t<a href=\"https:\/\/www.suno.com.br\/noticias\/author\/rafaela-la-regina\/\"><span itemprop=\"author\">Rafaela La Regina<\/span><\/a><\/span><time datetime=\"2020-11-03T17:35:07-03:00\" itemprop=\"datePublished\">03\/11\/2020 17:35<\/time><\/div><\/div><\/div><\/div><\/div>","single_layout":"posts","amp_enabled":true,"_links":{"self":[{"href":"https:\/\/www.suno.com.br\/noticias\/wp-json\/wp\/v2\/posts\/97002"}],"collection":[{"href":"https:\/\/www.suno.com.br\/noticias\/wp-json\/wp\/v2\/posts"}],"about":[{"href":"https:\/\/www.suno.com.br\/noticias\/wp-json\/wp\/v2\/types\/post"}],"author":[{"embeddable":true,"href":"https:\/\/www.suno.com.br\/noticias\/wp-json\/wp\/v2\/users\/56"}],"replies":[{"embeddable":true,"href":"https:\/\/www.suno.com.br\/noticias\/wp-json\/wp\/v2\/comments?post=97002"}],"version-history":[{"count":1,"href":"https:\/\/www.suno.com.br\/noticias\/wp-json\/wp\/v2\/posts\/97002\/revisions"}],"predecessor-version":[{"id":152117,"href":"https:\/\/www.suno.com.br\/noticias\/wp-json\/wp\/v2\/posts\/97002\/revisions\/152117"}],"wp:featuredmedia":[{"embeddable":true,"href":"https:\/\/www.suno.com.br\/noticias\/wp-json\/wp\/v2\/media\/97005"}],"wp:attachment":[{"href":"https:\/\/www.suno.com.br\/noticias\/wp-json\/wp\/v2\/media?parent=97002"}],"wp:term":[{"taxonomy":"category","embeddable":true,"href":"https:\/\/www.suno.com.br\/noticias\/wp-json\/wp\/v2\/categories?post=97002"},{"taxonomy":"post_tag","embeddable":true,"href":"https:\/\/www.suno.com.br\/noticias\/wp-json\/wp\/v2\/tags?post=97002"},{"taxonomy":"suno_strategy","embeddable":true,"href":"https:\/\/www.suno.com.br\/noticias\/wp-json\/wp\/v2\/suno_strategy?post=97002"}],"curies":[{"name":"wp","href":"https:\/\/api.w.org\/{rel}","templated":true}]}}