{"id":96976,"date":"2020-11-03T16:12:25","date_gmt":"2020-11-03T19:12:25","guid":{"rendered":"https:\/\/www.suno.com.br\/noticias\/?p=96976"},"modified":"2020-11-03T16:12:25","modified_gmt":"2020-11-03T19:12:25","slug":"balanca-comercial-outubro-registra-superavit-de-us-5473-bilhoes","status":"publish","type":"post","link":"https:\/\/www.suno.com.br\/noticias\/balanca-comercial-outubro-registra-superavit-de-us-5473-bilhoes\/","title":{"rendered":"Balan\u00e7a comercial: outubro registra super\u00e1vit de US$ 5,473 bilh\u00f5es"},"content":{"rendered":"<p>A Secretaria de Com\u00e9rcio Exterior (Secex) do <strong>Minist\u00e9rio da Economia<\/strong> divulgou nesta ter\u00e7a-feira (3) que a <a href=\"https:\/\/www.suno.com.br\/artigos\/balanca-comercial\/\"><strong>balan\u00e7a comercial<\/strong><\/a> brasileira registrou um <strong>super\u00e1vit<\/strong> em outubro. As exporta\u00e7\u00f5es superaram as importa\u00e7\u00f5es em US$ 5,473 bilh\u00f5es (cerca de R$ 31,46 bilh\u00f5es), o maior resultado para o m\u00eas desde 2018.<\/p>\t<div class=\"wrapper-featured-image\">\n\t\t<figure class=\"spotlightImg\">\n\n\t\t\t<picture>\n\t\t\t\t<source media=\"(max-width: 768px)\" srcset=\"https:\/\/files.sunoresearch.com.br\/n\/uploads\/2020\/11\/fa35c039-exportacoes-importacoes-400x200.webp\">\n\t\t\t\t<img loading=\"lazy\" decoding=\"async\" class=\"newsContent__article__imgCapa lazyloadDisabled \" src=\"https:\/\/files.sunoresearch.com.br\/n\/uploads\/2020\/11\/fa35c039-exportacoes-importacoes-jpg.webp\" width=\"800\" height=\"450\" alt=\"Balan\u00e7a comercial: outubro registra super\u00e1vit de US$ 5,473 bilh\u00f5es\" fetchpriority=high \/>\n\t\t\t<\/picture>\n\n\t\t\t<figcaption class=\"wp-caption-text wp-caption-text--show\">Balan\u00e7a comercial: outubro registra super\u00e1vit de US$ 5,473 bilh\u00f5es<\/figcaption>\n\t\t<\/figure>\n\t<\/div>\n\n\n<div class=\"hubspot-form-wrapper\">\n\t<div id=\"single-form-target\"><\/div>\n<\/div>\n\n<p>O super\u00e1vit da balan\u00e7a comercial j\u00e1 soma, no acumulado do ano at\u00e9 o m\u00eas de outubro, US$ 47,662 bilh\u00f5es, ante US$ 38,524 bilh\u00f5es do mesmo per\u00edodo de 2019. Enquanto no m\u00eas passado, a Secex atualizou a proje\u00e7\u00e3o para o saldo comercial positivo deste ano de US$ 55 bilh\u00f5es.<\/p>\n<p>De acordo com a Secretaria de Com\u00e9rcio Exterior, o super\u00e1vit do m\u00eas passado foi causado pela estabilidade das exporta\u00e7\u00f5es, enquanto as importa\u00e7\u00f5es voltaram a registrar forte queda na m\u00e9dia di\u00e1ria em compara\u00e7\u00e3o a outubro de 2019. Em valores absolutos, as exporta\u00e7\u00f5es somaram US$ 17,855 bilh\u00f5es em outubro, enquanto as importa\u00e7\u00f5es ficaram em US$ 12,383 bilh\u00f5es.<\/p>\n<p><a href=\"https:\/\/lp.suno.com.br\/suno-one\/\">Suno One: acesse gratuitamente eBooks, Minicursos, Artigos e Video Aulas sobre investimentos com um \u00fanico cadastro. Clique para saber mais!<\/a><\/p>\n<p>A m\u00e9dia di\u00e1ria das importa\u00e7\u00f5es diminuiu 20,0% em rela\u00e7\u00e3o a outubro do ano passado, com tombo de 44,6% na ind\u00fastria extrativa e queda de 19,5% na ind\u00fastria de transforma\u00e7\u00e3o. Ao passo que a m\u00e9dia di\u00e1ria de importa\u00e7\u00f5es da agropecu\u00e1ria cresceu 3,0%, na compara\u00e7\u00e3o com outubro de 2019.<\/p>\n<p>J\u00e1 no caso das exporta\u00e7\u00f5es, houve um leve aumento de 0,3%, puxado pela ind\u00fastria extrativa, que teve alta de 7,2%, enquanto as vendas da ind\u00fastria de transforma\u00e7\u00e3o aumentaram 4,7%. Por outro lado, a agropecu\u00e1ria teve um recuo de 20,6% na m\u00e9dia di\u00e1ria.<\/p>\n<p>O Minist\u00e9rio da Economia divulgou ainda o super\u00e1vit de US$ 802 milh\u00f5es na quinta semana de outubro (26 a 31), com US$ 3,662 bilh\u00f5es em exporta\u00e7\u00f5es e US$ 2,860 bilh\u00f5es em importa\u00e7\u00f5es.<\/p>\n<h2>Balan\u00e7a comercial: setembro registra super\u00e1vit recorde de US$ 6,164 bi<\/h2>\n<p>A Secretaria de Com\u00e9rcio Exterior (Secex) do <strong>Minist\u00e9rio da Economia<\/strong> divulgou que a <strong>balan\u00e7a comercial<\/strong> brasileira registrou um <strong>super\u00e1vit<\/strong> recorde em setembro. As exporta\u00e7\u00f5es superaram as importa\u00e7\u00f5es em US$ 6,164 bilh\u00f5es (aproximadamente R$ 34,8 bilh\u00f5es), o maior resultado para o m\u00eas desde 1989. Al\u00e9m disso, o super\u00e1vit anual j\u00e1 soma US$ 42,445 bilh\u00f5es (aproximadamente R$ 239,66 bilh\u00f5es).<\/p>\n<p>Apesar do recorde, tanto as exporta\u00e7\u00f5es quanto as importa\u00e7\u00f5es registraram quedas na m\u00e9dia di\u00e1ria em compara\u00e7\u00e3o ao mesmo per\u00edodo do ano passado. Entretanto, as compras vindas do exterior sofreram redu\u00e7\u00f5es dr\u00e1sticas, o que consequentemente levou a balan\u00e7a comercial a ficar positiva.<\/p>\n<p>Em valores absolutos, as <strong>exporta\u00e7\u00f5es<\/strong> somaram US$ 18,459 bilh\u00f5es em setembro, ao passo que as <strong>importa\u00e7\u00f5es<\/strong> foram de US$ 12,296 bilh\u00f5es.<\/p>\n<p>A m\u00e9dia di\u00e1ria das importa\u00e7\u00f5es caiu 25,5% em rela\u00e7\u00e3o a setembro de 2019, registrando diminui\u00e7\u00f5es nos seguintes setores:<\/p>\n<ul>\n<li>\u00a0Ind\u00fastria extrativa: 50,0%<\/li>\n<li>\u00a0Ind\u00fastria de transforma\u00e7\u00e3o: 24,8%<\/li>\n<li>Agropecu\u00e1ria: 2,8%<\/li>\n<\/ul>\n<p><a href=\"https:\/\/www.suno.com.br\/noticias\/balanca-comercial-setembro-registra-superavit-de-us-6164-bilhoes\/\">Saiba Mais: Balan\u00e7a comercial: setembro registra super\u00e1vit recorde de US$ 6,164 bi<\/a><\/p>\n<p>Enquanto nas exporta\u00e7\u00f5es, a queda foi de 9,1%, registrando redu\u00e7\u00f5es no setor da ind\u00fastria de transforma\u00e7\u00e3o, de 18,7%, ao passo que a\u00a0agricultura teve alta de 3,2% na m\u00e9dia di\u00e1ria, enquanto a ind\u00fastria extrativa observou aumento de 9,2%.<\/p>\n<p>Em setembro de 2019, o saldo positivo da <strong>balan\u00e7a comercial<\/strong> havia ficado em US$ 3,803 bilh\u00f5es. O Minist\u00e9rio da Economia divulgou ainda os super\u00e1vits de US$ 977 milh\u00f5es na 4\u00aa semana de setembro (21 a 27) e de US$ 527 milh\u00f5es na 5\u00aa semana (28 a 30).<\/p>\n<p>Com informa\u00e7\u00f5es do Estad\u00e3o Conte\u00fado.<\/p>\n\t<p>\n\t\t<a href=\"https:\/\/lp.suno.com.br\/planilha-de-controle-de-investimentos\/\" target=\"_blank\" data-element=\"shortcode-suno-banner\" title=\"Banner SUNO, clique e saiba mais\">\n\t\t\t<picture>\n\t\t\t\t<source media=\"(max-width: 500px)\" srcset=\"https:\/\/files.sunoresearch.com.br\/n\/uploads\/2023\/03\/400x300-Controle-de-Investimentos.png\">\n\t\t\t\t<img class=\"newsContent__article__imgCapa newsContent__article__imgCapa--banner\"\n\t\t\t\t\tsrc=\"https:\/\/files.sunoresearch.com.br\/n\/uploads\/2023\/03\/1420x240-Controle-de-Investimentos.png\"\n\t\t\t\t\tdata-promo-id=\"75934\"\t\t\t\t\t\t\t\t\t\twidth='1420' height='240'\t\t\t\t\talt=\"https:\/\/files.sunoresearch.com.br\/n\/uploads\/2023\/03\/1420x240-Controle-de-Investimentos.png\"\n\t\t\t\t>\n\t\t\t<\/picture>\n\t\t<\/a>\n\t<\/p>\n\n\n","protected":false},"excerpt":{"rendered":"<p>A Secretaria de Com\u00e9rcio Exterior (Secex) do Minist\u00e9rio da Economia divulgou nesta ter\u00e7a-feira (3) que a balan\u00e7a comercial brasileira registrou um super\u00e1vit em outubro. As exporta\u00e7\u00f5es superaram as importa\u00e7\u00f5es em US$ 5,473 bilh\u00f5es (cerca de R$ 31,46 bilh\u00f5es), o maior resultado para o m\u00eas desde 2018. Balan\u00e7a comercial: outubro registra super\u00e1vit de US$ 5,473 bilh\u00f5es [&hellip;]<\/p>\n","protected":false},"author":56,"featured_media":96980,"comment_status":"closed","ping_status":"closed","sticky":false,"template":"","format":"standard","meta":[],"categories":[62],"tags":[914],"suno_strategy":[],"class_list":["post-96976","post","type-post","status-publish","format-standard","has-post-thumbnail","hentry","category-economia","tag-balanca-comercial"],"yoast_head":"<!-- This site is optimized with the Yoast SEO plugin v24.4 - https:\/\/yoast.com\/wordpress\/plugins\/seo\/ -->\n<title>Balan\u00e7a comercial: outubro registra super\u00e1vit de US$ 5,473 bilh\u00f5es<\/title>\n<meta name=\"description\" content=\"O super\u00e1vit da balan\u00e7a comercial j\u00e1 soma, no acumulado do ano at\u00e9 o m\u00eas de outubro, US$ 47,662 bi. Clique aqui para saber mais.\" \/>\n<meta name=\"robots\" content=\"index, follow, max-snippet:-1, max-image-preview:large, max-video-preview:-1\" \/>\n<link rel=\"canonical\" href=\"https:\/\/www.suno.com.br\/noticias\/balanca-comercial-outubro-registra-superavit-de-us-5473-bilhoes\/\" \/>\n<meta property=\"og:locale\" content=\"pt_BR\" \/>\n<meta property=\"og:type\" content=\"article\" \/>\n<meta property=\"og:title\" content=\"Balan\u00e7a comercial: outubro registra super\u00e1vit de US$ 5,473 bilh\u00f5es\" \/>\n<meta property=\"og:description\" content=\"O super\u00e1vit da balan\u00e7a comercial j\u00e1 soma, no acumulado do ano at\u00e9 o m\u00eas de outubro, US$ 47,662 bi. Clique aqui para saber mais.\" \/>\n<meta property=\"og:url\" content=\"https:\/\/www.suno.com.br\/noticias\/balanca-comercial-outubro-registra-superavit-de-us-5473-bilhoes\/\" \/>\n<meta property=\"og:site_name\" content=\"Suno Not\u00edcias\" \/>\n<meta property=\"article:publisher\" content=\"https:\/\/facebook.com\/sunoresearch\" \/>\n<meta property=\"og:image\" content=\"https:\/\/files.sunoresearch.com.br\/n\/uploads\/2020\/11\/fa35c039-exportacoes-importacoes.jpg\" \/>\n\t<meta property=\"og:image:width\" content=\"800\" \/>\n\t<meta property=\"og:image:height\" content=\"450\" \/>\n\t<meta property=\"og:image:type\" content=\"image\/jpeg\" \/>\n<meta name=\"author\" content=\"Rafaela La Regina\" \/>\n<meta name=\"twitter:card\" content=\"summary_large_image\" \/>\n<meta name=\"twitter:creator\" content=\"@sunoresearch\" \/>\n<meta name=\"twitter:site\" content=\"@sunoresearch\" \/>\n<meta name=\"twitter:label1\" content=\"Escrito por\" \/>\n\t<meta name=\"twitter:data1\" content=\"Rafaela La Regina\" \/>\n\t<meta name=\"twitter:label2\" content=\"Est. tempo de leitura\" \/>\n\t<meta name=\"twitter:data2\" content=\"3 minutos\" \/>\n<script type=\"application\/ld+json\" class=\"yoast-schema-graph\">{\"@context\":\"https:\/\/schema.org\",\"@graph\":[{\"@type\":\"NewsArticle\",\"@id\":\"https:\/\/www.suno.com.br\/noticias\/balanca-comercial-outubro-registra-superavit-de-us-5473-bilhoes\/#article\",\"isPartOf\":{\"@id\":\"https:\/\/www.suno.com.br\/noticias\/balanca-comercial-outubro-registra-superavit-de-us-5473-bilhoes\/\"},\"author\":{\"name\":\"Rafaela La Regina\",\"@id\":\"https:\/\/www.suno.com.br\/noticias\/#\/schema\/person\/e672ca8cea627fe715fa29bca7da95e0\"},\"headline\":\"Balan\u00e7a comercial: outubro registra super\u00e1vit de US$ 5,473 bilh\u00f5es\",\"datePublished\":\"2020-11-03T19:12:25+00:00\",\"mainEntityOfPage\":{\"@id\":\"https:\/\/www.suno.com.br\/noticias\/balanca-comercial-outubro-registra-superavit-de-us-5473-bilhoes\/\"},\"wordCount\":634,\"publisher\":{\"@id\":\"https:\/\/www.suno.com.br\/noticias\/#organization\"},\"image\":{\"@id\":\"https:\/\/www.suno.com.br\/noticias\/balanca-comercial-outubro-registra-superavit-de-us-5473-bilhoes\/#primaryimage\"},\"thumbnailUrl\":\"https:\/\/files.sunoresearch.com.br\/n\/uploads\/2020\/11\/fa35c039-exportacoes-importacoes-jpg.webp\",\"keywords\":[\"balan\u00e7a comercial\"],\"articleSection\":[\"Economia\"],\"inLanguage\":\"pt-BR\"},{\"@type\":\"WebPage\",\"@id\":\"https:\/\/www.suno.com.br\/noticias\/balanca-comercial-outubro-registra-superavit-de-us-5473-bilhoes\/\",\"url\":\"https:\/\/www.suno.com.br\/noticias\/balanca-comercial-outubro-registra-superavit-de-us-5473-bilhoes\/\",\"name\":\"Balan\u00e7a comercial: outubro registra super\u00e1vit de US$ 5,473 bilh\u00f5es\",\"isPartOf\":{\"@id\":\"https:\/\/www.suno.com.br\/noticias\/#website\"},\"primaryImageOfPage\":{\"@id\":\"https:\/\/www.suno.com.br\/noticias\/balanca-comercial-outubro-registra-superavit-de-us-5473-bilhoes\/#primaryimage\"},\"image\":{\"@id\":\"https:\/\/www.suno.com.br\/noticias\/balanca-comercial-outubro-registra-superavit-de-us-5473-bilhoes\/#primaryimage\"},\"thumbnailUrl\":\"https:\/\/files.sunoresearch.com.br\/n\/uploads\/2020\/11\/fa35c039-exportacoes-importacoes-jpg.webp\",\"datePublished\":\"2020-11-03T19:12:25+00:00\",\"description\":\"O super\u00e1vit da balan\u00e7a comercial j\u00e1 soma, no acumulado do ano at\u00e9 o m\u00eas de outubro, US$ 47,662 bi. Clique aqui para saber mais.\",\"breadcrumb\":{\"@id\":\"https:\/\/www.suno.com.br\/noticias\/balanca-comercial-outubro-registra-superavit-de-us-5473-bilhoes\/#breadcrumb\"},\"inLanguage\":\"pt-BR\",\"potentialAction\":[{\"@type\":\"ReadAction\",\"target\":[\"https:\/\/www.suno.com.br\/noticias\/balanca-comercial-outubro-registra-superavit-de-us-5473-bilhoes\/\"]}]},{\"@type\":\"ImageObject\",\"inLanguage\":\"pt-BR\",\"@id\":\"https:\/\/www.suno.com.br\/noticias\/balanca-comercial-outubro-registra-superavit-de-us-5473-bilhoes\/#primaryimage\",\"url\":\"https:\/\/files.sunoresearch.com.br\/n\/uploads\/2020\/11\/fa35c039-exportacoes-importacoes-jpg.webp\",\"contentUrl\":\"https:\/\/files.sunoresearch.com.br\/n\/uploads\/2020\/11\/fa35c039-exportacoes-importacoes-jpg.webp\",\"width\":800,\"height\":450,\"caption\":\"Balan\u00e7a comercial: outubro registra super\u00e1vit de US$ 5,473 bilh\u00f5es\"},{\"@type\":\"BreadcrumbList\",\"@id\":\"https:\/\/www.suno.com.br\/noticias\/balanca-comercial-outubro-registra-superavit-de-us-5473-bilhoes\/#breadcrumb\",\"itemListElement\":[{\"@type\":\"ListItem\",\"position\":1,\"name\":\"Not\u00edcias\",\"item\":\"https:\/\/www.suno.com.br\/noticias\/\"},{\"@type\":\"ListItem\",\"position\":2,\"name\":\"Economia\",\"item\":\"https:\/\/www.suno.com.br\/noticias\/economia\/\"},{\"@type\":\"ListItem\",\"position\":3,\"name\":\"Balan\u00e7a comercial: outubro registra super\u00e1vit de US$ 5,473 bilh\u00f5es\"}]},{\"@type\":\"WebSite\",\"@id\":\"https:\/\/www.suno.com.br\/noticias\/#website\",\"url\":\"https:\/\/www.suno.com.br\/noticias\/\",\"name\":\"Suno Not\u00edcias\",\"description\":\"Seu portal de informa\u00e7\u00e3o sobre o mundo dos investimentos\",\"publisher\":{\"@id\":\"https:\/\/www.suno.com.br\/noticias\/#organization\"},\"potentialAction\":[{\"@type\":\"SearchAction\",\"target\":{\"@type\":\"EntryPoint\",\"urlTemplate\":\"https:\/\/www.suno.com.br\/noticias\/?s={search_term_string}\"},\"query-input\":{\"@type\":\"PropertyValueSpecification\",\"valueRequired\":true,\"valueName\":\"search_term_string\"}}],\"inLanguage\":\"pt-BR\"},{\"@type\":\"Organization\",\"@id\":\"https:\/\/www.suno.com.br\/noticias\/#organization\",\"name\":\"Suno Not\u00edcias\",\"url\":\"https:\/\/www.suno.com.br\/noticias\/\",\"logo\":{\"@type\":\"ImageObject\",\"inLanguage\":\"pt-BR\",\"@id\":\"https:\/\/www.suno.com.br\/noticias\/#\/schema\/logo\/image\/\",\"url\":\"https:\/\/files.sunoresearch.com.br\/n\/uploads\/2021\/09\/suno-logo.png\",\"contentUrl\":\"https:\/\/files.sunoresearch.com.br\/n\/uploads\/2021\/09\/suno-logo.png\",\"width\":180,\"height\":180,\"caption\":\"Suno Not\u00edcias\"},\"image\":{\"@id\":\"https:\/\/www.suno.com.br\/noticias\/#\/schema\/logo\/image\/\"},\"sameAs\":[\"https:\/\/facebook.com\/sunoresearch\",\"https:\/\/x.com\/sunoresearch\",\"https:\/\/www.instagram.com\/suno\",\"https:\/\/www.linkedin.com\/company\/suno-research\/\",\"https:\/\/www.youtube.com\/c\/sunoresearch\"]},{\"@type\":\"Person\",\"@id\":\"https:\/\/www.suno.com.br\/noticias\/#\/schema\/person\/e672ca8cea627fe715fa29bca7da95e0\",\"name\":\"Rafaela La Regina\",\"image\":{\"@type\":\"ImageObject\",\"inLanguage\":\"pt-BR\",\"@id\":\"https:\/\/www.suno.com.br\/noticias\/#\/schema\/person\/image\/\",\"url\":\"https:\/\/secure.gravatar.com\/avatar\/d2c75a52d243deb93d0465fdcb21bd37?s=96&r=g\",\"contentUrl\":\"https:\/\/secure.gravatar.com\/avatar\/d2c75a52d243deb93d0465fdcb21bd37?s=96&r=g\",\"caption\":\"Rafaela La Regina\"},\"description\":\"Estagi\u00e1ria no Suno Not\u00edcias. Escreve sobre economia, pol\u00edtica e neg\u00f3cios. Estuda Rela\u00e7\u00f5es Internacionais no IBMEC-SP.\",\"url\":\"https:\/\/www.suno.com.br\/noticias\/author\/rafaela-la-regina\/\"}]}<\/script>\n<!-- \/ Yoast SEO plugin. -->","yoast_head_json":{"title":"Balan\u00e7a comercial: outubro registra super\u00e1vit de US$ 5,473 bilh\u00f5es","description":"O super\u00e1vit da balan\u00e7a comercial j\u00e1 soma, no acumulado do ano at\u00e9 o m\u00eas de outubro, US$ 47,662 bi. Clique aqui para saber mais.","robots":{"index":"index","follow":"follow","max-snippet":"max-snippet:-1","max-image-preview":"max-image-preview:large","max-video-preview":"max-video-preview:-1"},"canonical":"https:\/\/www.suno.com.br\/noticias\/balanca-comercial-outubro-registra-superavit-de-us-5473-bilhoes\/","og_locale":"pt_BR","og_type":"article","og_title":"Balan\u00e7a comercial: outubro registra super\u00e1vit de US$ 5,473 bilh\u00f5es","og_description":"O super\u00e1vit da balan\u00e7a comercial j\u00e1 soma, no acumulado do ano at\u00e9 o m\u00eas de outubro, US$ 47,662 bi. Clique aqui para saber mais.","og_url":"https:\/\/www.suno.com.br\/noticias\/balanca-comercial-outubro-registra-superavit-de-us-5473-bilhoes\/","og_site_name":"Suno Not\u00edcias","article_publisher":"https:\/\/facebook.com\/sunoresearch","og_image":[{"width":800,"height":450,"url":"https:\/\/files.sunoresearch.com.br\/n\/uploads\/2020\/11\/fa35c039-exportacoes-importacoes.jpg","type":"image\/jpeg"}],"author":"Rafaela La Regina","twitter_card":"summary_large_image","twitter_creator":"@sunoresearch","twitter_site":"@sunoresearch","twitter_misc":{"Escrito por":"Rafaela La Regina","Est. tempo de leitura":"3 minutos"},"schema":{"@context":"https:\/\/schema.org","@graph":[{"@type":"NewsArticle","@id":"https:\/\/www.suno.com.br\/noticias\/balanca-comercial-outubro-registra-superavit-de-us-5473-bilhoes\/#article","isPartOf":{"@id":"https:\/\/www.suno.com.br\/noticias\/balanca-comercial-outubro-registra-superavit-de-us-5473-bilhoes\/"},"author":{"name":"Rafaela La Regina","@id":"https:\/\/www.suno.com.br\/noticias\/#\/schema\/person\/e672ca8cea627fe715fa29bca7da95e0"},"headline":"Balan\u00e7a comercial: outubro registra super\u00e1vit de US$ 5,473 bilh\u00f5es","datePublished":"2020-11-03T19:12:25+00:00","mainEntityOfPage":{"@id":"https:\/\/www.suno.com.br\/noticias\/balanca-comercial-outubro-registra-superavit-de-us-5473-bilhoes\/"},"wordCount":634,"publisher":{"@id":"https:\/\/www.suno.com.br\/noticias\/#organization"},"image":{"@id":"https:\/\/www.suno.com.br\/noticias\/balanca-comercial-outubro-registra-superavit-de-us-5473-bilhoes\/#primaryimage"},"thumbnailUrl":"https:\/\/files.sunoresearch.com.br\/n\/uploads\/2020\/11\/fa35c039-exportacoes-importacoes-jpg.webp","keywords":["balan\u00e7a comercial"],"articleSection":["Economia"],"inLanguage":"pt-BR"},{"@type":"WebPage","@id":"https:\/\/www.suno.com.br\/noticias\/balanca-comercial-outubro-registra-superavit-de-us-5473-bilhoes\/","url":"https:\/\/www.suno.com.br\/noticias\/balanca-comercial-outubro-registra-superavit-de-us-5473-bilhoes\/","name":"Balan\u00e7a comercial: outubro registra super\u00e1vit de US$ 5,473 bilh\u00f5es","isPartOf":{"@id":"https:\/\/www.suno.com.br\/noticias\/#website"},"primaryImageOfPage":{"@id":"https:\/\/www.suno.com.br\/noticias\/balanca-comercial-outubro-registra-superavit-de-us-5473-bilhoes\/#primaryimage"},"image":{"@id":"https:\/\/www.suno.com.br\/noticias\/balanca-comercial-outubro-registra-superavit-de-us-5473-bilhoes\/#primaryimage"},"thumbnailUrl":"https:\/\/files.sunoresearch.com.br\/n\/uploads\/2020\/11\/fa35c039-exportacoes-importacoes-jpg.webp","datePublished":"2020-11-03T19:12:25+00:00","description":"O super\u00e1vit da balan\u00e7a comercial j\u00e1 soma, no acumulado do ano at\u00e9 o m\u00eas de outubro, US$ 47,662 bi. Clique aqui para saber mais.","breadcrumb":{"@id":"https:\/\/www.suno.com.br\/noticias\/balanca-comercial-outubro-registra-superavit-de-us-5473-bilhoes\/#breadcrumb"},"inLanguage":"pt-BR","potentialAction":[{"@type":"ReadAction","target":["https:\/\/www.suno.com.br\/noticias\/balanca-comercial-outubro-registra-superavit-de-us-5473-bilhoes\/"]}]},{"@type":"ImageObject","inLanguage":"pt-BR","@id":"https:\/\/www.suno.com.br\/noticias\/balanca-comercial-outubro-registra-superavit-de-us-5473-bilhoes\/#primaryimage","url":"https:\/\/files.sunoresearch.com.br\/n\/uploads\/2020\/11\/fa35c039-exportacoes-importacoes-jpg.webp","contentUrl":"https:\/\/files.sunoresearch.com.br\/n\/uploads\/2020\/11\/fa35c039-exportacoes-importacoes-jpg.webp","width":800,"height":450,"caption":"Balan\u00e7a comercial: outubro registra super\u00e1vit de US$ 5,473 bilh\u00f5es"},{"@type":"BreadcrumbList","@id":"https:\/\/www.suno.com.br\/noticias\/balanca-comercial-outubro-registra-superavit-de-us-5473-bilhoes\/#breadcrumb","itemListElement":[{"@type":"ListItem","position":1,"name":"Not\u00edcias","item":"https:\/\/www.suno.com.br\/noticias\/"},{"@type":"ListItem","position":2,"name":"Economia","item":"https:\/\/www.suno.com.br\/noticias\/economia\/"},{"@type":"ListItem","position":3,"name":"Balan\u00e7a comercial: outubro registra super\u00e1vit de US$ 5,473 bilh\u00f5es"}]},{"@type":"WebSite","@id":"https:\/\/www.suno.com.br\/noticias\/#website","url":"https:\/\/www.suno.com.br\/noticias\/","name":"Suno Not\u00edcias","description":"Seu portal de informa\u00e7\u00e3o sobre o mundo dos investimentos","publisher":{"@id":"https:\/\/www.suno.com.br\/noticias\/#organization"},"potentialAction":[{"@type":"SearchAction","target":{"@type":"EntryPoint","urlTemplate":"https:\/\/www.suno.com.br\/noticias\/?s={search_term_string}"},"query-input":{"@type":"PropertyValueSpecification","valueRequired":true,"valueName":"search_term_string"}}],"inLanguage":"pt-BR"},{"@type":"Organization","@id":"https:\/\/www.suno.com.br\/noticias\/#organization","name":"Suno Not\u00edcias","url":"https:\/\/www.suno.com.br\/noticias\/","logo":{"@type":"ImageObject","inLanguage":"pt-BR","@id":"https:\/\/www.suno.com.br\/noticias\/#\/schema\/logo\/image\/","url":"https:\/\/files.sunoresearch.com.br\/n\/uploads\/2021\/09\/suno-logo.png","contentUrl":"https:\/\/files.sunoresearch.com.br\/n\/uploads\/2021\/09\/suno-logo.png","width":180,"height":180,"caption":"Suno Not\u00edcias"},"image":{"@id":"https:\/\/www.suno.com.br\/noticias\/#\/schema\/logo\/image\/"},"sameAs":["https:\/\/facebook.com\/sunoresearch","https:\/\/x.com\/sunoresearch","https:\/\/www.instagram.com\/suno","https:\/\/www.linkedin.com\/company\/suno-research\/","https:\/\/www.youtube.com\/c\/sunoresearch"]},{"@type":"Person","@id":"https:\/\/www.suno.com.br\/noticias\/#\/schema\/person\/e672ca8cea627fe715fa29bca7da95e0","name":"Rafaela La Regina","image":{"@type":"ImageObject","inLanguage":"pt-BR","@id":"https:\/\/www.suno.com.br\/noticias\/#\/schema\/person\/image\/","url":"https:\/\/secure.gravatar.com\/avatar\/d2c75a52d243deb93d0465fdcb21bd37?s=96&r=g","contentUrl":"https:\/\/secure.gravatar.com\/avatar\/d2c75a52d243deb93d0465fdcb21bd37?s=96&r=g","caption":"Rafaela La Regina"},"description":"Estagi\u00e1ria no Suno Not\u00edcias. Escreve sobre economia, pol\u00edtica e neg\u00f3cios. Estuda Rela\u00e7\u00f5es Internacionais no IBMEC-SP.","url":"https:\/\/www.suno.com.br\/noticias\/author\/rafaela-la-regina\/"}]}},"default_loop_html":"<div class=\"cardsPage__listCard__boxs\"><div class=\"cardsPage__listCard__boxs__img\"><a href=\"https:\/\/www.suno.com.br\/noticias\/balanca-comercial-outubro-registra-superavit-de-us-5473-bilhoes\/\"><img class=\"mask\" src=\"https:\/\/www.suno.com.br\/noticias\/wp-content\/themes\/suno\/resources\/images\/spotlight\/spotlight1img\/bg-mask.png\" alt=\"Image Mask\"\/><img src=\"https:\/\/files.sunoresearch.com.br\/n\/uploads\/2020\/11\/fa35c039-exportacoes-importacoes-400x200.webp\" alt=\"Balan\u00e7a comercial: outubro registra super\u00e1vit de US$ 5,473 bilh\u00f5es\"\/><\/a><span class=\"spotlightCategory\"><a href=\"https:\/\/www.suno.com.br\/noticias\/economia\/\">Economia<\/a><\/span><\/div><div class=\"cardsPage__listCard__boxs__content\"><a href=\"https:\/\/www.suno.com.br\/noticias\/balanca-comercial-outubro-registra-superavit-de-us-5473-bilhoes\/\"><h2 class=\"content__title\">Balan\u00e7a comercial: outubro registra super\u00e1vit de US$ 5,473 bilh\u00f5es<\/h2><\/a><div class=\"newsContent__article__meta\"><div class=\"newsContent__article__meta__authorBox\"><a href=\"https:\/\/www.suno.com.br\/noticias\/author\/rafaela-la-regina\/\" class=\"authorBox__avatar noMobi\"><img src=\"https:\/\/secure.gravatar.com\/avatar\/d2c75a52d243deb93d0465fdcb21bd37?s=96&#038;r=g\" alt=\"Rafaela La Regina\"><\/a><div class=\"authorBox__name\"><span>por\n\t\t\t<a href=\"https:\/\/www.suno.com.br\/noticias\/author\/rafaela-la-regina\/\"><span itemprop=\"author\">Rafaela La Regina<\/span><\/a><\/span><time datetime=\"2020-11-03T16:12:25-03:00\" itemprop=\"datePublished\">03\/11\/2020 16:12<\/time><\/div><\/div><\/div><\/div><\/div>","single_layout":"posts","amp_enabled":true,"_links":{"self":[{"href":"https:\/\/www.suno.com.br\/noticias\/wp-json\/wp\/v2\/posts\/96976"}],"collection":[{"href":"https:\/\/www.suno.com.br\/noticias\/wp-json\/wp\/v2\/posts"}],"about":[{"href":"https:\/\/www.suno.com.br\/noticias\/wp-json\/wp\/v2\/types\/post"}],"author":[{"embeddable":true,"href":"https:\/\/www.suno.com.br\/noticias\/wp-json\/wp\/v2\/users\/56"}],"replies":[{"embeddable":true,"href":"https:\/\/www.suno.com.br\/noticias\/wp-json\/wp\/v2\/comments?post=96976"}],"version-history":[{"count":0,"href":"https:\/\/www.suno.com.br\/noticias\/wp-json\/wp\/v2\/posts\/96976\/revisions"}],"wp:featuredmedia":[{"embeddable":true,"href":"https:\/\/www.suno.com.br\/noticias\/wp-json\/wp\/v2\/media\/96980"}],"wp:attachment":[{"href":"https:\/\/www.suno.com.br\/noticias\/wp-json\/wp\/v2\/media?parent=96976"}],"wp:term":[{"taxonomy":"category","embeddable":true,"href":"https:\/\/www.suno.com.br\/noticias\/wp-json\/wp\/v2\/categories?post=96976"},{"taxonomy":"post_tag","embeddable":true,"href":"https:\/\/www.suno.com.br\/noticias\/wp-json\/wp\/v2\/tags?post=96976"},{"taxonomy":"suno_strategy","embeddable":true,"href":"https:\/\/www.suno.com.br\/noticias\/wp-json\/wp\/v2\/suno_strategy?post=96976"}],"curies":[{"name":"wp","href":"https:\/\/api.w.org\/{rel}","templated":true}]}}