{"id":96958,"date":"2020-11-03T14:35:08","date_gmt":"2020-11-03T17:35:08","guid":{"rendered":"https:\/\/www.suno.com.br\/noticias\/?p=96958"},"modified":"2021-02-18T17:27:57","modified_gmt":"2021-02-18T20:27:57","slug":"bayer-registra-prejuizo-de-274-bi-de-euros-no-3o-trimestre-de-2020","status":"publish","type":"post","link":"https:\/\/www.suno.com.br\/noticias\/bayer-registra-prejuizo-de-274-bi-de-euros-no-3o-trimestre-de-2020\/","title":{"rendered":"Bayer registra preju\u00edzo de 2,74 bi de euros no 3\u00ba trimestre de 2020"},"content":{"rendered":"<p>A empresa qu\u00edmica e farmac\u00eautica <strong>Bayer<\/strong> divulgou nessa ter\u00e7a-feira (3) seu balan\u00e7o referente ao terceiro trimestre de 2020. De acordo com o relat\u00f3rio, a companhia alem\u00e3 registrou <a href=\"https:\/\/www.suno.com.br\/artigos\/lucro-liquido\/\">preju\u00edzo<\/a>\u00a0de 2,74 bilh\u00f5es de euros (cerca de R$ 18,45 bilh\u00f5es), contra um lucro de 1,04 bilh\u00e3o de euros (cerca de R$ 7,01 bilh\u00f5es) no mesmo per\u00edodo do ano passado.<\/p>\t<div class=\"wrapper-featured-image\">\n\t\t<figure class=\"spotlightImg\">\n\n\t\t\t<picture>\n\t\t\t\t<source media=\"(max-width: 768px)\" srcset=\"https:\/\/files.sunoresearch.com.br\/n\/uploads\/2020\/11\/ee69ff92-bayer-400x200.webp\">\n\t\t\t\t<img loading=\"lazy\" decoding=\"async\" class=\"newsContent__article__imgCapa lazyloadDisabled \" src=\"https:\/\/files.sunoresearch.com.br\/n\/uploads\/2020\/11\/ee69ff92-bayer-jpg.webp\" width=\"800\" height=\"450\" alt=\"Bayer registra preju\u00edzo de 2,74 bi de euros no 3\u00ba trimestre de 2020\" fetchpriority=high \/>\n\t\t\t<\/picture>\n\n\t\t\t<figcaption class=\"wp-caption-text wp-caption-text--show\">Bayer <\/figcaption>\n\t\t<\/figure>\n\t<\/div>\n\n\n<div class=\"hubspot-form-wrapper\">\n\t<div id=\"single-form-target\"><\/div>\n<\/div>\n\n<p>O <a href=\"https:\/\/www.suno.com.br\/artigos\/ebitda-ajustado\/#:~:text=Ebitda%20ajustado%20corresponde%20ao%20acr%C3%B4nimo,Deprecia%C3%A7%C3%A3o%20e%20Amortiza%C3%A7%C3%A3o%20%E2%80%93%20Lajida).&amp;text=Dessa%20forma%2C%20o%20Ebitda%20ajustado,organiza%C3%A7%C3%A3o%20como%20um%20indicador%20financeiro.\"><strong>Ebitda<\/strong> (lucro antes de juros, impostos, deprecia\u00e7\u00e3o e amortiza\u00e7\u00e3o)<\/a>\u00a0da Bayer ficou em 1,80 bilh\u00e3o de euros, ante 2,29 bilh\u00f5es de euros do terceiro trimestre de 2019.<\/p>\n<p>Segundo a empresa, as vendas no trimestre chegaram a 8,51 bilh\u00f5es de euros (aproximadamente R$ 57,33 bilh\u00f5es), em compara\u00e7\u00e3o com a 9,83 bilh\u00f5es de euros (aproximadamente R$ 66,22 bilh\u00f5es) na compara\u00e7\u00e3o anual.<\/p>\n<p><a href=\"https:\/\/lp.suno.com.br\/suno-one\/\">Suno One: acesse gratuitamente eBooks, Minicursos, Artigos e Video Aulas sobre investimentos com um \u00fanico cadastro. Clique para saber mais!<\/a><\/p>\n<p>Al\u00e9m disso, a Bayer ajustou sua proje\u00e7\u00e3o para 2020, esperando um crescimento das vendas entre 43 bilh\u00f5es e 44 bilh\u00f5es de euros, com Ebitda 12,1 bilh\u00f5es de euros, ambos considerando o c\u00e2mbio.<\/p>\n<p>A companhia alem\u00e3 informou ainda que o resultado negativo veio principalmente de sua divis\u00e3o agr\u00edcola (Crop Science) e que a pandemia do novo <strong>coronav\u00edrus (Covid-19)<\/strong> prejudicou ainda mais a farmac\u00eautica, que j\u00e1 vinha enfrentando dificuldades desde a aquisi\u00e7\u00e3o da gigante norte-americana Monsanto, h\u00e1 pouco mais de dois anos.<\/p>\n<p>&#8220;O impacto da pandemia est\u00e1 colocando uma press\u00e3o adicional em nossa Divis\u00e3o de Crop Science&#8221;, declarou o chefe Financeiro Wolfgang Nickl em comunicado.<\/p>\n<h2>Bayer registra preju\u00edzo de 9,5 bilh\u00f5es de euros no 2T20<\/h2>\n<p>A empresa qu\u00edmica e farmac\u00eautica alem\u00e3 <strong>Bayer<\/strong> registrou um <strong>preju\u00edzo<\/strong> de \u20ac 9,5 bilh\u00f5es (cerca de R$ 58 bilh\u00f5es)\u00a0 no segundo trimestre de 2020, revertendo o resultado positivo de \u20ac 404 milh\u00f5es (cerca de R$ 2,5 bilh\u00f5es) registrado no mesmo trimestre em 2019.<\/p>\n<p>O <strong>Ebitda<\/strong> (lucro antes de juros, impostos, deprecia\u00e7\u00e3o e amortiza\u00e7\u00e3o) ajustado da Bayer passou de \u20ac 2,73 bilh\u00f5es entre abril e junho do ano passado, para \u20ac 2,88 bilh\u00f5es no per\u00edodo equivalente nesse ano, representando um crescimento de 5,6%.<\/p>\n<p>Por sua vez, as vendas da companhia alem\u00e3 passaram de \u20ac 10,71 bilh\u00f5es no segundo trimestre de 2019, para \u20ac 10,05 bilh\u00f5es, o que equivale a uma queda de 6,2%. O resultado rompeu uma sequ\u00eancia de 5 trimestres consecutivos de avan\u00e7o no faturamento.<\/p>\n<p>Segundo o documento, a Europa, o Oriente M\u00e9dio e a \u00c1frica foram as regi\u00f5es onde as vendas anotaram o maior recuo, de 11,3%, enquanto a Am\u00e9rica Latina ficou em segundo lugar, ao passo que as vendas ca\u00edram 6,4% na regi\u00e3o.<\/p>\n<p>O comunicado ainda salientou que a <a href=\"https:\/\/www.suno.com.br\/artigos\/receita-operacional\/\"><strong>receita<\/strong> <\/a>no segmento de atendimento ao consumidor caiu 16,7%, enquanto a queda foi de 9,7% no segmento de produtos farmac\u00eauticos.<\/p>\n<p>A empresa explicou que os resultados do trimestre finalizado em junho desse ano, foram impactados pelos efeitos da <a href=\"https:\/\/www.suno.com.br\/noticias\/tags\/coronavirus\/\">pandemia do novo <strong>coronav\u00edrus<\/strong> (Covid-19).<\/a><\/p>\n\t<div data-element=\"shortcode-read-more\" class=\"knowMore\">\n\t\t\t\t<span class=\"knowMore__title\">Veja tamb\u00e9m<\/span>\n\t\t\t\t<a class=\"knowMore__link\" href=\"https:\/\/www.suno.com.br\/noticias\/bayer-prejuizo-2t20\/\">\n\t\t\tBayer registra preju\u00edzo de 9,5 bilh\u00f5es de euros no 2T20\t\t<\/a>\n\t<\/div>\n\n\n<p>Al\u00e9m disso, destacou que os n\u00fameros foram reflexo do acordo judicial que foi assinado em meados de junho para finalizar processos nos EUA sobre contesta\u00e7\u00f5es de que o herbicida <strong>Roundup<\/strong> causaria c\u00e2ncer.<\/p>\n<p>Em rela\u00e7\u00e3o ao ano fiscal de 2020, a <strong>Bayer<\/strong> projeta que as vendas sem opera\u00e7\u00f5es descontinuadas somem \u20ac 44 bilh\u00f5es o acumulado do ano, com um crescimento de 1%. Vale destacar que a previs\u00e3o anterior era para um crescimento entre 3% e 4% nas vendas.<\/p>\n<p>Com informa\u00e7\u00f5es do Estad\u00e3o Conte\u00fado<\/p>\n\t<p>\n\t\t<a href=\"https:\/\/lp.suno.com.br\/planilha-de-controle-de-investimentos\/\" target=\"_blank\" data-element=\"shortcode-suno-banner\" title=\"Banner SUNO, clique e saiba mais\">\n\t\t\t<picture>\n\t\t\t\t<source media=\"(max-width: 500px)\" srcset=\"https:\/\/files.sunoresearch.com.br\/n\/uploads\/2023\/03\/400x300-Controle-de-Investimentos.png\">\n\t\t\t\t<img class=\"newsContent__article__imgCapa newsContent__article__imgCapa--banner\"\n\t\t\t\t\tsrc=\"https:\/\/files.sunoresearch.com.br\/n\/uploads\/2023\/03\/1420x240-Controle-de-Investimentos.png\"\n\t\t\t\t\tdata-promo-id=\"75934\"\t\t\t\t\t\t\t\t\t\twidth='1420' height='240'\t\t\t\t\talt=\"https:\/\/files.sunoresearch.com.br\/n\/uploads\/2023\/03\/1420x240-Controle-de-Investimentos.png\"\n\t\t\t\t>\n\t\t\t<\/picture>\n\t\t<\/a>\n\t<\/p>\n\n\n<p>&nbsp;<\/p>\n","protected":false},"excerpt":{"rendered":"<p>A empresa qu\u00edmica e farmac\u00eautica Bayer divulgou nessa ter\u00e7a-feira (3) seu balan\u00e7o referente ao terceiro trimestre de 2020. De acordo com o relat\u00f3rio, a companhia alem\u00e3 registrou preju\u00edzo\u00a0de 2,74 bilh\u00f5es de euros (cerca de R$ 18,45 bilh\u00f5es), contra um lucro de 1,04 bilh\u00e3o de euros (cerca de R$ 7,01 bilh\u00f5es) no mesmo per\u00edodo do ano [&hellip;]<\/p>\n","protected":false},"author":56,"featured_media":96963,"comment_status":"closed","ping_status":"closed","sticky":false,"template":"","format":"standard","meta":[],"categories":[64],"tags":[1029,1202,2487],"suno_strategy":[],"class_list":["post-96958","post","type-post","status-publish","format-standard","has-post-thumbnail","hentry","category-negocios","tag-balancos-trimestrais","tag-bayer","tag-coronavirus"],"yoast_head":"<!-- This site is optimized with the Yoast SEO plugin v24.4 - https:\/\/yoast.com\/wordpress\/plugins\/seo\/ -->\n<title>Bayer registra preju\u00edzo de 2,74 bi de euros no 3\u00ba trimestre de 2020<\/title>\n<meta name=\"description\" content=\"Segundo a Bayer, as vendas no trimestre chegaram a 8,51 bilh\u00f5es de euros (aproximadamente R$ 57,33 bi). Clique aqui para saber mais.\" \/>\n<meta name=\"robots\" content=\"index, follow, max-snippet:-1, max-image-preview:large, max-video-preview:-1\" \/>\n<link rel=\"canonical\" href=\"https:\/\/www.suno.com.br\/noticias\/bayer-registra-prejuizo-de-274-bi-de-euros-no-3o-trimestre-de-2020\/\" \/>\n<meta property=\"og:locale\" content=\"pt_BR\" \/>\n<meta property=\"og:type\" content=\"article\" \/>\n<meta property=\"og:title\" content=\"Bayer registra preju\u00edzo de 2,74 bi de euros no 3\u00ba trimestre de 2020\" \/>\n<meta property=\"og:description\" content=\"Segundo a Bayer, as vendas no trimestre chegaram a 8,51 bilh\u00f5es de euros (aproximadamente R$ 57,33 bi). Clique aqui para saber mais.\" \/>\n<meta property=\"og:url\" content=\"https:\/\/www.suno.com.br\/noticias\/bayer-registra-prejuizo-de-274-bi-de-euros-no-3o-trimestre-de-2020\/\" \/>\n<meta property=\"og:site_name\" content=\"Suno Not\u00edcias\" \/>\n<meta property=\"article:publisher\" content=\"https:\/\/facebook.com\/sunoresearch\" \/>\n<meta property=\"og:image\" content=\"https:\/\/files.sunoresearch.com.br\/n\/uploads\/2020\/11\/ee69ff92-bayer.jpg\" \/>\n\t<meta property=\"og:image:width\" content=\"600\" \/>\n\t<meta property=\"og:image:height\" content=\"400\" \/>\n\t<meta property=\"og:image:type\" content=\"image\/jpeg\" \/>\n<meta name=\"author\" content=\"Rafaela La Regina\" \/>\n<meta name=\"twitter:card\" content=\"summary_large_image\" \/>\n<meta name=\"twitter:creator\" content=\"@sunoresearch\" \/>\n<meta name=\"twitter:site\" content=\"@sunoresearch\" \/>\n<meta name=\"twitter:label1\" content=\"Escrito por\" \/>\n\t<meta name=\"twitter:data1\" content=\"Rafaela La Regina\" \/>\n\t<meta name=\"twitter:label2\" content=\"Est. tempo de leitura\" \/>\n\t<meta name=\"twitter:data2\" content=\"3 minutos\" \/>\n<script type=\"application\/ld+json\" class=\"yoast-schema-graph\">{\"@context\":\"https:\/\/schema.org\",\"@graph\":[{\"@type\":\"NewsArticle\",\"@id\":\"https:\/\/www.suno.com.br\/noticias\/bayer-registra-prejuizo-de-274-bi-de-euros-no-3o-trimestre-de-2020\/#article\",\"isPartOf\":{\"@id\":\"https:\/\/www.suno.com.br\/noticias\/bayer-registra-prejuizo-de-274-bi-de-euros-no-3o-trimestre-de-2020\/\"},\"author\":{\"name\":\"Rafaela La Regina\",\"@id\":\"https:\/\/www.suno.com.br\/noticias\/#\/schema\/person\/e672ca8cea627fe715fa29bca7da95e0\"},\"headline\":\"Bayer registra preju\u00edzo de 2,74 bi de euros no 3\u00ba trimestre de 2020\",\"datePublished\":\"2020-11-03T17:35:08+00:00\",\"dateModified\":\"2021-02-18T20:27:57+00:00\",\"mainEntityOfPage\":{\"@id\":\"https:\/\/www.suno.com.br\/noticias\/bayer-registra-prejuizo-de-274-bi-de-euros-no-3o-trimestre-de-2020\/\"},\"wordCount\":604,\"publisher\":{\"@id\":\"https:\/\/www.suno.com.br\/noticias\/#organization\"},\"image\":{\"@id\":\"https:\/\/www.suno.com.br\/noticias\/bayer-registra-prejuizo-de-274-bi-de-euros-no-3o-trimestre-de-2020\/#primaryimage\"},\"thumbnailUrl\":\"https:\/\/files.sunoresearch.com.br\/n\/uploads\/2020\/11\/ee69ff92-bayer-jpg.webp\",\"keywords\":[\"balan\u00e7os trimestrais\",\"Bayer\",\"coronav\u00edrus\"],\"articleSection\":[\"Neg\u00f3cios\"],\"inLanguage\":\"pt-BR\"},{\"@type\":\"WebPage\",\"@id\":\"https:\/\/www.suno.com.br\/noticias\/bayer-registra-prejuizo-de-274-bi-de-euros-no-3o-trimestre-de-2020\/\",\"url\":\"https:\/\/www.suno.com.br\/noticias\/bayer-registra-prejuizo-de-274-bi-de-euros-no-3o-trimestre-de-2020\/\",\"name\":\"Bayer registra preju\u00edzo de 2,74 bi de euros no 3\u00ba trimestre de 2020\",\"isPartOf\":{\"@id\":\"https:\/\/www.suno.com.br\/noticias\/#website\"},\"primaryImageOfPage\":{\"@id\":\"https:\/\/www.suno.com.br\/noticias\/bayer-registra-prejuizo-de-274-bi-de-euros-no-3o-trimestre-de-2020\/#primaryimage\"},\"image\":{\"@id\":\"https:\/\/www.suno.com.br\/noticias\/bayer-registra-prejuizo-de-274-bi-de-euros-no-3o-trimestre-de-2020\/#primaryimage\"},\"thumbnailUrl\":\"https:\/\/files.sunoresearch.com.br\/n\/uploads\/2020\/11\/ee69ff92-bayer-jpg.webp\",\"datePublished\":\"2020-11-03T17:35:08+00:00\",\"dateModified\":\"2021-02-18T20:27:57+00:00\",\"description\":\"Segundo a Bayer, as vendas no trimestre chegaram a 8,51 bilh\u00f5es de euros (aproximadamente R$ 57,33 bi). Clique aqui para saber mais.\",\"breadcrumb\":{\"@id\":\"https:\/\/www.suno.com.br\/noticias\/bayer-registra-prejuizo-de-274-bi-de-euros-no-3o-trimestre-de-2020\/#breadcrumb\"},\"inLanguage\":\"pt-BR\",\"potentialAction\":[{\"@type\":\"ReadAction\",\"target\":[\"https:\/\/www.suno.com.br\/noticias\/bayer-registra-prejuizo-de-274-bi-de-euros-no-3o-trimestre-de-2020\/\"]}]},{\"@type\":\"ImageObject\",\"inLanguage\":\"pt-BR\",\"@id\":\"https:\/\/www.suno.com.br\/noticias\/bayer-registra-prejuizo-de-274-bi-de-euros-no-3o-trimestre-de-2020\/#primaryimage\",\"url\":\"https:\/\/files.sunoresearch.com.br\/n\/uploads\/2020\/11\/ee69ff92-bayer-jpg.webp\",\"contentUrl\":\"https:\/\/files.sunoresearch.com.br\/n\/uploads\/2020\/11\/ee69ff92-bayer-jpg.webp\",\"width\":600,\"height\":400,\"caption\":\"Bayer\"},{\"@type\":\"BreadcrumbList\",\"@id\":\"https:\/\/www.suno.com.br\/noticias\/bayer-registra-prejuizo-de-274-bi-de-euros-no-3o-trimestre-de-2020\/#breadcrumb\",\"itemListElement\":[{\"@type\":\"ListItem\",\"position\":1,\"name\":\"Not\u00edcias\",\"item\":\"https:\/\/www.suno.com.br\/noticias\/\"},{\"@type\":\"ListItem\",\"position\":2,\"name\":\"Neg\u00f3cios\",\"item\":\"https:\/\/www.suno.com.br\/noticias\/negocios\/\"},{\"@type\":\"ListItem\",\"position\":3,\"name\":\"Bayer registra preju\u00edzo de 2,74 bi de euros no 3\u00ba trimestre de 2020\"}]},{\"@type\":\"WebSite\",\"@id\":\"https:\/\/www.suno.com.br\/noticias\/#website\",\"url\":\"https:\/\/www.suno.com.br\/noticias\/\",\"name\":\"Suno Not\u00edcias\",\"description\":\"Seu portal de informa\u00e7\u00e3o sobre o mundo dos investimentos\",\"publisher\":{\"@id\":\"https:\/\/www.suno.com.br\/noticias\/#organization\"},\"potentialAction\":[{\"@type\":\"SearchAction\",\"target\":{\"@type\":\"EntryPoint\",\"urlTemplate\":\"https:\/\/www.suno.com.br\/noticias\/?s={search_term_string}\"},\"query-input\":{\"@type\":\"PropertyValueSpecification\",\"valueRequired\":true,\"valueName\":\"search_term_string\"}}],\"inLanguage\":\"pt-BR\"},{\"@type\":\"Organization\",\"@id\":\"https:\/\/www.suno.com.br\/noticias\/#organization\",\"name\":\"Suno Not\u00edcias\",\"url\":\"https:\/\/www.suno.com.br\/noticias\/\",\"logo\":{\"@type\":\"ImageObject\",\"inLanguage\":\"pt-BR\",\"@id\":\"https:\/\/www.suno.com.br\/noticias\/#\/schema\/logo\/image\/\",\"url\":\"https:\/\/files.sunoresearch.com.br\/n\/uploads\/2021\/09\/suno-logo.png\",\"contentUrl\":\"https:\/\/files.sunoresearch.com.br\/n\/uploads\/2021\/09\/suno-logo.png\",\"width\":180,\"height\":180,\"caption\":\"Suno Not\u00edcias\"},\"image\":{\"@id\":\"https:\/\/www.suno.com.br\/noticias\/#\/schema\/logo\/image\/\"},\"sameAs\":[\"https:\/\/facebook.com\/sunoresearch\",\"https:\/\/x.com\/sunoresearch\",\"https:\/\/www.instagram.com\/suno\",\"https:\/\/www.linkedin.com\/company\/suno-research\/\",\"https:\/\/www.youtube.com\/c\/sunoresearch\"]},{\"@type\":\"Person\",\"@id\":\"https:\/\/www.suno.com.br\/noticias\/#\/schema\/person\/e672ca8cea627fe715fa29bca7da95e0\",\"name\":\"Rafaela La Regina\",\"image\":{\"@type\":\"ImageObject\",\"inLanguage\":\"pt-BR\",\"@id\":\"https:\/\/www.suno.com.br\/noticias\/#\/schema\/person\/image\/\",\"url\":\"https:\/\/secure.gravatar.com\/avatar\/d2c75a52d243deb93d0465fdcb21bd37?s=96&r=g\",\"contentUrl\":\"https:\/\/secure.gravatar.com\/avatar\/d2c75a52d243deb93d0465fdcb21bd37?s=96&r=g\",\"caption\":\"Rafaela La Regina\"},\"description\":\"Estagi\u00e1ria no Suno Not\u00edcias. Escreve sobre economia, pol\u00edtica e neg\u00f3cios. Estuda Rela\u00e7\u00f5es Internacionais no IBMEC-SP.\",\"url\":\"https:\/\/www.suno.com.br\/noticias\/author\/rafaela-la-regina\/\"}]}<\/script>\n<!-- \/ Yoast SEO plugin. -->","yoast_head_json":{"title":"Bayer registra preju\u00edzo de 2,74 bi de euros no 3\u00ba trimestre de 2020","description":"Segundo a Bayer, as vendas no trimestre chegaram a 8,51 bilh\u00f5es de euros (aproximadamente R$ 57,33 bi). Clique aqui para saber mais.","robots":{"index":"index","follow":"follow","max-snippet":"max-snippet:-1","max-image-preview":"max-image-preview:large","max-video-preview":"max-video-preview:-1"},"canonical":"https:\/\/www.suno.com.br\/noticias\/bayer-registra-prejuizo-de-274-bi-de-euros-no-3o-trimestre-de-2020\/","og_locale":"pt_BR","og_type":"article","og_title":"Bayer registra preju\u00edzo de 2,74 bi de euros no 3\u00ba trimestre de 2020","og_description":"Segundo a Bayer, as vendas no trimestre chegaram a 8,51 bilh\u00f5es de euros (aproximadamente R$ 57,33 bi). Clique aqui para saber mais.","og_url":"https:\/\/www.suno.com.br\/noticias\/bayer-registra-prejuizo-de-274-bi-de-euros-no-3o-trimestre-de-2020\/","og_site_name":"Suno Not\u00edcias","article_publisher":"https:\/\/facebook.com\/sunoresearch","og_image":[{"width":600,"height":400,"url":"https:\/\/files.sunoresearch.com.br\/n\/uploads\/2020\/11\/ee69ff92-bayer.jpg","type":"image\/jpeg"}],"author":"Rafaela La Regina","twitter_card":"summary_large_image","twitter_creator":"@sunoresearch","twitter_site":"@sunoresearch","twitter_misc":{"Escrito por":"Rafaela La Regina","Est. tempo de leitura":"3 minutos"},"schema":{"@context":"https:\/\/schema.org","@graph":[{"@type":"NewsArticle","@id":"https:\/\/www.suno.com.br\/noticias\/bayer-registra-prejuizo-de-274-bi-de-euros-no-3o-trimestre-de-2020\/#article","isPartOf":{"@id":"https:\/\/www.suno.com.br\/noticias\/bayer-registra-prejuizo-de-274-bi-de-euros-no-3o-trimestre-de-2020\/"},"author":{"name":"Rafaela La Regina","@id":"https:\/\/www.suno.com.br\/noticias\/#\/schema\/person\/e672ca8cea627fe715fa29bca7da95e0"},"headline":"Bayer registra preju\u00edzo de 2,74 bi de euros no 3\u00ba trimestre de 2020","datePublished":"2020-11-03T17:35:08+00:00","dateModified":"2021-02-18T20:27:57+00:00","mainEntityOfPage":{"@id":"https:\/\/www.suno.com.br\/noticias\/bayer-registra-prejuizo-de-274-bi-de-euros-no-3o-trimestre-de-2020\/"},"wordCount":604,"publisher":{"@id":"https:\/\/www.suno.com.br\/noticias\/#organization"},"image":{"@id":"https:\/\/www.suno.com.br\/noticias\/bayer-registra-prejuizo-de-274-bi-de-euros-no-3o-trimestre-de-2020\/#primaryimage"},"thumbnailUrl":"https:\/\/files.sunoresearch.com.br\/n\/uploads\/2020\/11\/ee69ff92-bayer-jpg.webp","keywords":["balan\u00e7os trimestrais","Bayer","coronav\u00edrus"],"articleSection":["Neg\u00f3cios"],"inLanguage":"pt-BR"},{"@type":"WebPage","@id":"https:\/\/www.suno.com.br\/noticias\/bayer-registra-prejuizo-de-274-bi-de-euros-no-3o-trimestre-de-2020\/","url":"https:\/\/www.suno.com.br\/noticias\/bayer-registra-prejuizo-de-274-bi-de-euros-no-3o-trimestre-de-2020\/","name":"Bayer registra preju\u00edzo de 2,74 bi de euros no 3\u00ba trimestre de 2020","isPartOf":{"@id":"https:\/\/www.suno.com.br\/noticias\/#website"},"primaryImageOfPage":{"@id":"https:\/\/www.suno.com.br\/noticias\/bayer-registra-prejuizo-de-274-bi-de-euros-no-3o-trimestre-de-2020\/#primaryimage"},"image":{"@id":"https:\/\/www.suno.com.br\/noticias\/bayer-registra-prejuizo-de-274-bi-de-euros-no-3o-trimestre-de-2020\/#primaryimage"},"thumbnailUrl":"https:\/\/files.sunoresearch.com.br\/n\/uploads\/2020\/11\/ee69ff92-bayer-jpg.webp","datePublished":"2020-11-03T17:35:08+00:00","dateModified":"2021-02-18T20:27:57+00:00","description":"Segundo a Bayer, as vendas no trimestre chegaram a 8,51 bilh\u00f5es de euros (aproximadamente R$ 57,33 bi). Clique aqui para saber mais.","breadcrumb":{"@id":"https:\/\/www.suno.com.br\/noticias\/bayer-registra-prejuizo-de-274-bi-de-euros-no-3o-trimestre-de-2020\/#breadcrumb"},"inLanguage":"pt-BR","potentialAction":[{"@type":"ReadAction","target":["https:\/\/www.suno.com.br\/noticias\/bayer-registra-prejuizo-de-274-bi-de-euros-no-3o-trimestre-de-2020\/"]}]},{"@type":"ImageObject","inLanguage":"pt-BR","@id":"https:\/\/www.suno.com.br\/noticias\/bayer-registra-prejuizo-de-274-bi-de-euros-no-3o-trimestre-de-2020\/#primaryimage","url":"https:\/\/files.sunoresearch.com.br\/n\/uploads\/2020\/11\/ee69ff92-bayer-jpg.webp","contentUrl":"https:\/\/files.sunoresearch.com.br\/n\/uploads\/2020\/11\/ee69ff92-bayer-jpg.webp","width":600,"height":400,"caption":"Bayer"},{"@type":"BreadcrumbList","@id":"https:\/\/www.suno.com.br\/noticias\/bayer-registra-prejuizo-de-274-bi-de-euros-no-3o-trimestre-de-2020\/#breadcrumb","itemListElement":[{"@type":"ListItem","position":1,"name":"Not\u00edcias","item":"https:\/\/www.suno.com.br\/noticias\/"},{"@type":"ListItem","position":2,"name":"Neg\u00f3cios","item":"https:\/\/www.suno.com.br\/noticias\/negocios\/"},{"@type":"ListItem","position":3,"name":"Bayer registra preju\u00edzo de 2,74 bi de euros no 3\u00ba trimestre de 2020"}]},{"@type":"WebSite","@id":"https:\/\/www.suno.com.br\/noticias\/#website","url":"https:\/\/www.suno.com.br\/noticias\/","name":"Suno Not\u00edcias","description":"Seu portal de informa\u00e7\u00e3o sobre o mundo dos investimentos","publisher":{"@id":"https:\/\/www.suno.com.br\/noticias\/#organization"},"potentialAction":[{"@type":"SearchAction","target":{"@type":"EntryPoint","urlTemplate":"https:\/\/www.suno.com.br\/noticias\/?s={search_term_string}"},"query-input":{"@type":"PropertyValueSpecification","valueRequired":true,"valueName":"search_term_string"}}],"inLanguage":"pt-BR"},{"@type":"Organization","@id":"https:\/\/www.suno.com.br\/noticias\/#organization","name":"Suno Not\u00edcias","url":"https:\/\/www.suno.com.br\/noticias\/","logo":{"@type":"ImageObject","inLanguage":"pt-BR","@id":"https:\/\/www.suno.com.br\/noticias\/#\/schema\/logo\/image\/","url":"https:\/\/files.sunoresearch.com.br\/n\/uploads\/2021\/09\/suno-logo.png","contentUrl":"https:\/\/files.sunoresearch.com.br\/n\/uploads\/2021\/09\/suno-logo.png","width":180,"height":180,"caption":"Suno Not\u00edcias"},"image":{"@id":"https:\/\/www.suno.com.br\/noticias\/#\/schema\/logo\/image\/"},"sameAs":["https:\/\/facebook.com\/sunoresearch","https:\/\/x.com\/sunoresearch","https:\/\/www.instagram.com\/suno","https:\/\/www.linkedin.com\/company\/suno-research\/","https:\/\/www.youtube.com\/c\/sunoresearch"]},{"@type":"Person","@id":"https:\/\/www.suno.com.br\/noticias\/#\/schema\/person\/e672ca8cea627fe715fa29bca7da95e0","name":"Rafaela La Regina","image":{"@type":"ImageObject","inLanguage":"pt-BR","@id":"https:\/\/www.suno.com.br\/noticias\/#\/schema\/person\/image\/","url":"https:\/\/secure.gravatar.com\/avatar\/d2c75a52d243deb93d0465fdcb21bd37?s=96&r=g","contentUrl":"https:\/\/secure.gravatar.com\/avatar\/d2c75a52d243deb93d0465fdcb21bd37?s=96&r=g","caption":"Rafaela La Regina"},"description":"Estagi\u00e1ria no Suno Not\u00edcias. Escreve sobre economia, pol\u00edtica e neg\u00f3cios. Estuda Rela\u00e7\u00f5es Internacionais no IBMEC-SP.","url":"https:\/\/www.suno.com.br\/noticias\/author\/rafaela-la-regina\/"}]}},"default_loop_html":"<div class=\"cardsPage__listCard__boxs\"><div class=\"cardsPage__listCard__boxs__img\"><a href=\"https:\/\/www.suno.com.br\/noticias\/bayer-registra-prejuizo-de-274-bi-de-euros-no-3o-trimestre-de-2020\/\"><img class=\"mask\" src=\"https:\/\/www.suno.com.br\/noticias\/wp-content\/themes\/suno\/resources\/images\/spotlight\/spotlight1img\/bg-mask.png\" alt=\"Image Mask\"\/><img src=\"https:\/\/files.sunoresearch.com.br\/n\/uploads\/2020\/11\/ee69ff92-bayer-400x200.webp\" alt=\"Bayer registra preju\u00edzo de 2,74 bi de euros no 3\u00ba trimestre de 2020\"\/><\/a><span class=\"spotlightCategory\"><a href=\"https:\/\/www.suno.com.br\/noticias\/negocios\/\">Neg\u00f3cios<\/a><\/span><\/div><div class=\"cardsPage__listCard__boxs__content\"><a href=\"https:\/\/www.suno.com.br\/noticias\/bayer-registra-prejuizo-de-274-bi-de-euros-no-3o-trimestre-de-2020\/\"><h2 class=\"content__title\">Bayer registra preju\u00edzo de 2,74 bi de euros no 3\u00ba trimestre de 2020<\/h2><\/a><div class=\"newsContent__article__meta\"><div class=\"newsContent__article__meta__authorBox\"><a href=\"https:\/\/www.suno.com.br\/noticias\/author\/rafaela-la-regina\/\" class=\"authorBox__avatar noMobi\"><img src=\"https:\/\/secure.gravatar.com\/avatar\/d2c75a52d243deb93d0465fdcb21bd37?s=96&#038;r=g\" alt=\"Rafaela La Regina\"><\/a><div class=\"authorBox__name\"><span>por\n\t\t\t<a href=\"https:\/\/www.suno.com.br\/noticias\/author\/rafaela-la-regina\/\"><span itemprop=\"author\">Rafaela La Regina<\/span><\/a><\/span><time datetime=\"2020-11-03T14:35:08-03:00\" itemprop=\"datePublished\">03\/11\/2020 14:35<\/time><\/div><\/div><\/div><\/div><\/div>","single_layout":"posts","amp_enabled":true,"_links":{"self":[{"href":"https:\/\/www.suno.com.br\/noticias\/wp-json\/wp\/v2\/posts\/96958"}],"collection":[{"href":"https:\/\/www.suno.com.br\/noticias\/wp-json\/wp\/v2\/posts"}],"about":[{"href":"https:\/\/www.suno.com.br\/noticias\/wp-json\/wp\/v2\/types\/post"}],"author":[{"embeddable":true,"href":"https:\/\/www.suno.com.br\/noticias\/wp-json\/wp\/v2\/users\/56"}],"replies":[{"embeddable":true,"href":"https:\/\/www.suno.com.br\/noticias\/wp-json\/wp\/v2\/comments?post=96958"}],"version-history":[{"count":0,"href":"https:\/\/www.suno.com.br\/noticias\/wp-json\/wp\/v2\/posts\/96958\/revisions"}],"wp:featuredmedia":[{"embeddable":true,"href":"https:\/\/www.suno.com.br\/noticias\/wp-json\/wp\/v2\/media\/96963"}],"wp:attachment":[{"href":"https:\/\/www.suno.com.br\/noticias\/wp-json\/wp\/v2\/media?parent=96958"}],"wp:term":[{"taxonomy":"category","embeddable":true,"href":"https:\/\/www.suno.com.br\/noticias\/wp-json\/wp\/v2\/categories?post=96958"},{"taxonomy":"post_tag","embeddable":true,"href":"https:\/\/www.suno.com.br\/noticias\/wp-json\/wp\/v2\/tags?post=96958"},{"taxonomy":"suno_strategy","embeddable":true,"href":"https:\/\/www.suno.com.br\/noticias\/wp-json\/wp\/v2\/suno_strategy?post=96958"}],"curies":[{"name":"wp","href":"https:\/\/api.w.org\/{rel}","templated":true}]}}